{"id":13484,"date":"2014-05-21T23:01:24","date_gmt":"2014-05-22T01:01:24","guid":{"rendered":"http:\/\/eldigitaldeasturias.com\/magazine365\/?p=13484"},"modified":"2014-05-21T23:01:24","modified_gmt":"2014-05-22T01:01:24","slug":"los-cronicos-suspenden-a-la-sanidad-los-valencianos-y-los-andaluces-los-mas-criticos","status":"publish","type":"post","link":"https:\/\/eldigitaldeasturias.com\/magazine365\/los-cronicos-suspenden-a-la-sanidad-los-valencianos-y-los-andaluces-los-mas-criticos\/","title":{"rendered":"Los cr\u00f3nicos suspenden a la sanidad, los valencianos y los andaluces los m\u00e1s cr\u00edticos"},"content":{"rendered":"<p><img fetchpriority=\"high\" decoding=\"async\" class=\"alignleft size-medium wp-image-13485\" alt=\"6283646w\" src=\"https:\/\/eldigitaldeasturias.com\/magazine365\/wp-content\/uploads\/2014\/05\/6283646w-360x239.jpg\" width=\"360\" height=\"239\" \/>Madrid, 21 may (EFE).- Los pacientes cr\u00f3nicos suspenden con un 4,9 a la calidad de la atenci\u00f3n sanitaria recibida por el Sistema Nacional de Salud, al que valoran como un pilar fundamental del Estado del bienestar, y son los valencianos y los andaluces los m\u00e1s cr\u00edticos en aspectos como el acceso a tratamientos y el copago.<\/p>\n<p>Estos son algunos de los principales datos del primer bar\u00f3metro de Ecr\u00f3nicos, promovido por veinte asociaciones de pacientes cr\u00f3nicos (ri\u00f1\u00f3n, alzheimer, c\u00e1ncer, parkinson, diabetes, etc) y que ha sido realizado por la Universidad Aut\u00f3noma de Madrid mediante 695 entrevistas, con el objetivo de medir la percepci\u00f3n de la calidad de la atenci\u00f3n sanitaria de los enfermos en los \u00faltimos 12 meses.<\/p>\n<p>Seg\u00fan el estudio, presentado hoy en rueda de prensa, un 45 por ciento de los encuestados considera que el Sistema Nacional de Salud (SNS) ha empeorado en el \u00faltimo a\u00f1o, aunque un 63 % considera que funciona bien pero necesita cambios.<\/p>\n<p>Como pilar fundamental del Estado del bienestar est\u00e1 bien valorado, pero los pacientes perciben que la atenci\u00f3n que est\u00e1n recibiendo en los \u00faltimos doce meses es negativa.<\/p>\n<p>El presidente de la Federaci\u00f3n de asociaciones para la lucha contra las enfermedades del ri\u00f1\u00f3n (ALCER), Jes\u00fas Molinuevo, ha destacado que los datos revelan una falta de confianza en el sistema sanitario y tambi\u00e9n en los profesionales y pone de relieve las desigualdades territoriales.<\/p>\n<p>Aunque valencianos y andaluces son los m\u00e1s cr\u00edticos con determinados aspectos, los \u00faltimos otorgan una nota por encima de la media (m\u00e1s de 4,9) al sistema sanitario, junto con extreme\u00f1os, catalanes, madrile\u00f1os, canarios, asturianos, vascos, c\u00e1ntabros, aragoneses, riojanos y navarros.<\/p>\n<p>Murcia se sit\u00faa en la nota media y, por debajo, est\u00e1n Baleares, Galicia, Castilla y Le\u00f3n, Castilla-La Mancha y Comunidad Valenciana.<\/p>\n<p>Molinuevo ha achacado estas diferencias a factores estructurales como el PIB regional, la prevalencia de enfermedades cr\u00f3nicas en la comunidad y la implementaci\u00f3n de las \u00faltimas medidas legislativas.<\/p>\n<p>Los pacientes creen que las recientes reformas han perjudicado especialmente a aspectos como el acceso gratuito (42 %) y el acceso al tratamiento m\u00e1s innovador y con menos efectos secundarios(39 %).<\/p>\n<p>El copago y las decisiones en materia de financiaci\u00f3n p\u00fablica son los que dificultan en mayor medida el acceso a los f\u00e1rmacos, seg\u00fan los enfermos.<\/p>\n<p>Entre los elementos a mejorar, los pacientes destacan la rapidez en la atenci\u00f3n (73 %), el acceso gratuito (62 %), la atenci\u00f3n por los m\u00e9dicos especialistas (61 %) y la informaci\u00f3n sobre las enfermedades (60 %).<\/p>\n<p>El presidente de la Confederaci\u00f3n Espa\u00f1ola de Asociaciones de familiares de personas con alzheimer y otras demencias (CEAFA), Koldo Aulestia, ha subrayado que la cronicidad se ha convertido en un problema para la pol\u00edtica, al que las administraciones p\u00fablicas tienen que hacer frente.<\/p>\n<p>La cronicidad se concentra en la poblaci\u00f3n en edad de trabajar. As\u00ed, seg\u00fan la Encuesta Europea de Salud 2009, el 45,6 % de los mayores de 16 a\u00f1os padece al menos una enfermedad cr\u00f3nica y el 22 %, dos o m\u00e1s; lo que genera unos costes indirectos importantes.<\/p>\n<p>Por ello, para Aulestia \u00abtodo lo que se invierta en atenci\u00f3n a enfermos cr\u00f3nicos ser\u00e1n gastos que evitaremos en el futuro\u00bb.<\/p>\n<p>El estudio revela tambi\u00e9n que las asociaciones de pacientes son un recurso muy valorado: representan la fuente de informaci\u00f3n para un 52 % de los pacientes.<\/p>\n<p>A este respecto, la presidenta de la Federaci\u00f3n Espa\u00f1ola de P\u00e1rkinson (FEP), Mar\u00eda Jes\u00fas Delgado, ha destacado que las asociaciones son un \u00abactor clave\u00bb en la atenci\u00f3n a las necesidades de los pacientes no cubiertas por el SNS.<\/p>\n<p>\u00abSomos un chollo para la administraci\u00f3n\u00bb, ha subrayado Delgado, quien ha lamentado la falta de sensibilidad hacia los enfermos cr\u00f3nicos.<\/p>\n<p>Entre las recomendaciones que las asociaciones proponen en virtud de las conclusiones del estudio, destacan la puesta en marcha de mecanismos de control para garantizar la equidad en todo el Estado y que la responsabilidad de su cumplimiento corresponda al Ministerio de Sanidad.<\/p>\n<p>Fomentar el papel de las asociaciones, integrar los servicios sanitarios y sociales y la creaci\u00f3n de una b\u00e1sica de servicios del sistema sanitario que incluya la autonom\u00eda del paciente, el acceso a tratamientos de calidad y la libertad de elecci\u00f3n entre varias opciones terap\u00e9uticas son otras de las medidas propuestas.<\/p>\n","protected":false},"excerpt":{"rendered":"<p>Madrid, 21 may (EFE).- Los pacientes cr\u00f3nicos suspenden con un 4,9 a la calidad de la atenci\u00f3n sanitaria recibida por el Sistema Nacional de Salud, al que valoran como un pilar fundamental del Estado del bienestar, y son los valencianos y los andaluces los m\u00e1s cr\u00edticos en aspectos como el acceso a tratamientos y el<\/p>\n","protected":false},"author":1,"featured_media":13485,"comment_status":"open","ping_status":"closed","sticky":false,"template":"","format":"standard","meta":{"footnotes":""},"categories":[224],"tags":[],"class_list":{"0":"post-13484","1":"post","2":"type-post","3":"status-publish","4":"format-standard","5":"has-post-thumbnail","7":"category-noticias-actualidad"},"aioseo_notices":[],"aioseo_head":"\n\t\t<!-- All in One SEO Pro 4.9.6.1 - aioseo.com -->\n\t<meta name=\"description\" content=\"Madrid, 21 may (EFE).- Los pacientes cr\u00f3nicos suspenden con un 4,9 a la calidad de la atenci\u00f3n sanitaria recibida por el Sistema Nacional de Salud, al que valoran como un pilar fundamental del Estado del bienestar, y son los valencianos y los andaluces los m\u00e1s cr\u00edticos en aspectos como el acceso a tratamientos y el\" \/>\n\t<meta name=\"robots\" content=\"max-image-preview:large\" \/>\n\t<meta name=\"author\" content=\"admin\"\/>\n\t<meta name=\"google-site-verification\" content=\"UA-38556648-1\" \/>\n\t<meta name=\"keywords\" content=\"noticias y actualidad\" \/>\n\t<link rel=\"canonical\" href=\"https:\/\/eldigitaldeasturias.com\/magazine365\/los-cronicos-suspenden-a-la-sanidad-los-valencianos-y-los-andaluces-los-mas-criticos\/\" \/>\n\t<meta name=\"generator\" content=\"All in One SEO Pro (AIOSEO) 4.9.6.1\" \/>\n\t\t<meta property=\"og:locale\" content=\"es_ES\" \/>\n\t\t<meta property=\"og:site_name\" content=\"El Digital de Asturias \u2013 Revista de ocio, turismo y estilo de vida\" \/>\n\t\t<meta property=\"og:type\" content=\"article\" \/>\n\t\t<meta property=\"og:title\" content=\"Los cr\u00f3nicos suspenden a la sanidad, los valencianos y los andaluces los m\u00e1s cr\u00edticos | El Digital de Asturias\" \/>\n\t\t<meta property=\"og:description\" content=\"Madrid, 21 may (EFE).- Los pacientes cr\u00f3nicos suspenden con un 4,9 a la calidad de la atenci\u00f3n sanitaria recibida por el Sistema Nacional de Salud, al que valoran como un pilar fundamental del Estado del bienestar, y son los valencianos y los andaluces los m\u00e1s cr\u00edticos en aspectos como el acceso a tratamientos y el\" \/>\n\t\t<meta property=\"og:url\" content=\"https:\/\/eldigitaldeasturias.com\/magazine365\/los-cronicos-suspenden-a-la-sanidad-los-valencianos-y-los-andaluces-los-mas-criticos\/\" \/>\n\t\t<meta property=\"og:image\" content=\"https:\/\/eldigitaldeasturias.com\/magazine365\/wp-content\/uploads\/2014\/05\/6283646w.jpg\" \/>\n\t\t<meta property=\"og:image:secure_url\" content=\"https:\/\/eldigitaldeasturias.com\/magazine365\/wp-content\/uploads\/2014\/05\/6283646w.jpg\" \/>\n\t\t<meta property=\"og:image:width\" content=\"800\" \/>\n\t\t<meta property=\"og:image:height\" content=\"533\" \/>\n\t\t<meta property=\"article:published_time\" content=\"2014-05-22T01:01:24+00:00\" \/>\n\t\t<meta property=\"article:modified_time\" content=\"2014-05-22T01:01:24+00:00\" \/>\n\t\t<meta name=\"twitter:card\" content=\"summary_large_image\" \/>\n\t\t<meta name=\"twitter:title\" content=\"Los cr\u00f3nicos suspenden a la sanidad, los valencianos y los andaluces los m\u00e1s cr\u00edticos | El Digital de Asturias\" \/>\n\t\t<meta name=\"twitter:description\" content=\"Madrid, 21 may (EFE).- Los pacientes cr\u00f3nicos suspenden con un 4,9 a la calidad de la atenci\u00f3n sanitaria recibida por el Sistema Nacional de Salud, al que valoran como un pilar fundamental del Estado del bienestar, y son los valencianos y los andaluces los m\u00e1s cr\u00edticos en aspectos como el acceso a tratamientos y el\" \/>\n\t\t<meta name=\"twitter:image\" content=\"https:\/\/eldigitaldeasturias.com\/magazine365\/wp-content\/uploads\/2014\/05\/6283646w.jpg\" \/>\n\t\t<script type=\"application\/ld+json\" class=\"aioseo-schema\">\n\t\t\t{\"@context\":\"https:\\\/\\\/schema.org\",\"@graph\":[{\"@type\":\"Article\",\"@id\":\"https:\\\/\\\/eldigitaldeasturias.com\\\/magazine365\\\/los-cronicos-suspenden-a-la-sanidad-los-valencianos-y-los-andaluces-los-mas-criticos\\\/#article\",\"name\":\"Los cr\\u00f3nicos suspenden a la sanidad, los valencianos y los andaluces los m\\u00e1s cr\\u00edticos | El Digital de Asturias\",\"headline\":\"Los cr\\u00f3nicos suspenden a la sanidad, los valencianos y los andaluces los m\\u00e1s cr\\u00edticos\",\"author\":{\"@id\":\"https:\\\/\\\/eldigitaldeasturias.com\\\/magazine365\\\/author\\\/admin\\\/#author\"},\"publisher\":{\"@id\":\"https:\\\/\\\/eldigitaldeasturias.com\\\/magazine365\\\/#organization\"},\"image\":{\"@type\":\"ImageObject\",\"url\":\"https:\\\/\\\/eldigitaldeasturias.com\\\/magazine365\\\/wp-content\\\/uploads\\\/2014\\\/05\\\/6283646w.jpg\",\"width\":800,\"height\":533},\"datePublished\":\"2014-05-21T23:01:24+02:00\",\"dateModified\":\"2014-05-21T23:01:24+02:00\",\"inLanguage\":\"es-ES\",\"mainEntityOfPage\":{\"@id\":\"https:\\\/\\\/eldigitaldeasturias.com\\\/magazine365\\\/los-cronicos-suspenden-a-la-sanidad-los-valencianos-y-los-andaluces-los-mas-criticos\\\/#webpage\"},\"isPartOf\":{\"@id\":\"https:\\\/\\\/eldigitaldeasturias.com\\\/magazine365\\\/los-cronicos-suspenden-a-la-sanidad-los-valencianos-y-los-andaluces-los-mas-criticos\\\/#webpage\"},\"articleSection\":\"Noticias y Actualidad\"},{\"@type\":\"BreadcrumbList\",\"@id\":\"https:\\\/\\\/eldigitaldeasturias.com\\\/magazine365\\\/los-cronicos-suspenden-a-la-sanidad-los-valencianos-y-los-andaluces-los-mas-criticos\\\/#breadcrumblist\",\"itemListElement\":[{\"@type\":\"ListItem\",\"@id\":\"https:\\\/\\\/eldigitaldeasturias.com\\\/magazine365#listItem\",\"position\":1,\"name\":\"Home\",\"item\":\"https:\\\/\\\/eldigitaldeasturias.com\\\/magazine365\",\"nextItem\":{\"@type\":\"ListItem\",\"@id\":\"https:\\\/\\\/eldigitaldeasturias.com\\\/magazine365\\\/category\\\/noticias-actualidad\\\/#listItem\",\"name\":\"Noticias y Actualidad\"}},{\"@type\":\"ListItem\",\"@id\":\"https:\\\/\\\/eldigitaldeasturias.com\\\/magazine365\\\/category\\\/noticias-actualidad\\\/#listItem\",\"position\":2,\"name\":\"Noticias y Actualidad\",\"item\":\"https:\\\/\\\/eldigitaldeasturias.com\\\/magazine365\\\/category\\\/noticias-actualidad\\\/\",\"nextItem\":{\"@type\":\"ListItem\",\"@id\":\"https:\\\/\\\/eldigitaldeasturias.com\\\/magazine365\\\/los-cronicos-suspenden-a-la-sanidad-los-valencianos-y-los-andaluces-los-mas-criticos\\\/#listItem\",\"name\":\"Los cr\\u00f3nicos suspenden a la sanidad, los valencianos y los andaluces los m\\u00e1s cr\\u00edticos\"},\"previousItem\":{\"@type\":\"ListItem\",\"@id\":\"https:\\\/\\\/eldigitaldeasturias.com\\\/magazine365#listItem\",\"name\":\"Home\"}},{\"@type\":\"ListItem\",\"@id\":\"https:\\\/\\\/eldigitaldeasturias.com\\\/magazine365\\\/los-cronicos-suspenden-a-la-sanidad-los-valencianos-y-los-andaluces-los-mas-criticos\\\/#listItem\",\"position\":3,\"name\":\"Los cr\\u00f3nicos suspenden a la sanidad, los valencianos y los andaluces los m\\u00e1s cr\\u00edticos\",\"previousItem\":{\"@type\":\"ListItem\",\"@id\":\"https:\\\/\\\/eldigitaldeasturias.com\\\/magazine365\\\/category\\\/noticias-actualidad\\\/#listItem\",\"name\":\"Noticias y Actualidad\"}}]},{\"@type\":\"Organization\",\"@id\":\"https:\\\/\\\/eldigitaldeasturias.com\\\/magazine365\\\/#organization\",\"name\":\"El digital de Asturias\",\"description\":\"Revista de ocio, turismo y estilo de vida\",\"url\":\"https:\\\/\\\/eldigitaldeasturias.com\\\/magazine365\\\/\",\"logo\":{\"@type\":\"ImageObject\",\"url\":\"https:\\\/\\\/www.eldigitaldeasturias.com\\\/noticias\\\/wp-content\\\/uploads\\\/2020\\\/12\\\/EDA.jpg\",\"@id\":\"https:\\\/\\\/eldigitaldeasturias.com\\\/magazine365\\\/los-cronicos-suspenden-a-la-sanidad-los-valencianos-y-los-andaluces-los-mas-criticos\\\/#organizationLogo\"},\"image\":{\"@id\":\"https:\\\/\\\/eldigitaldeasturias.com\\\/magazine365\\\/los-cronicos-suspenden-a-la-sanidad-los-valencianos-y-los-andaluces-los-mas-criticos\\\/#organizationLogo\"}},{\"@type\":\"Person\",\"@id\":\"https:\\\/\\\/eldigitaldeasturias.com\\\/magazine365\\\/author\\\/admin\\\/#author\",\"url\":\"https:\\\/\\\/eldigitaldeasturias.com\\\/magazine365\\\/author\\\/admin\\\/\",\"name\":\"admin\",\"image\":{\"@type\":\"ImageObject\",\"@id\":\"https:\\\/\\\/eldigitaldeasturias.com\\\/magazine365\\\/los-cronicos-suspenden-a-la-sanidad-los-valencianos-y-los-andaluces-los-mas-criticos\\\/#authorImage\",\"url\":\"https:\\\/\\\/eldigitaldeasturias.com\\\/magazine365\\\/wp-content\\\/litespeed\\\/avatar\\\/e571bcf59a0edd6fa6838245a470f2fe.jpg?ver=1776969259\",\"width\":96,\"height\":96,\"caption\":\"admin\"}},{\"@type\":\"WebPage\",\"@id\":\"https:\\\/\\\/eldigitaldeasturias.com\\\/magazine365\\\/los-cronicos-suspenden-a-la-sanidad-los-valencianos-y-los-andaluces-los-mas-criticos\\\/#webpage\",\"url\":\"https:\\\/\\\/eldigitaldeasturias.com\\\/magazine365\\\/los-cronicos-suspenden-a-la-sanidad-los-valencianos-y-los-andaluces-los-mas-criticos\\\/\",\"name\":\"Los cr\\u00f3nicos suspenden a la sanidad, los valencianos y los andaluces los m\\u00e1s cr\\u00edticos | El Digital de Asturias\",\"description\":\"Madrid, 21 may (EFE).- Los pacientes cr\\u00f3nicos suspenden con un 4,9 a la calidad de la atenci\\u00f3n sanitaria recibida por el Sistema Nacional de Salud, al que valoran como un pilar fundamental del Estado del bienestar, y son los valencianos y los andaluces los m\\u00e1s cr\\u00edticos en aspectos como el acceso a tratamientos y el\",\"inLanguage\":\"es-ES\",\"isPartOf\":{\"@id\":\"https:\\\/\\\/eldigitaldeasturias.com\\\/magazine365\\\/#website\"},\"breadcrumb\":{\"@id\":\"https:\\\/\\\/eldigitaldeasturias.com\\\/magazine365\\\/los-cronicos-suspenden-a-la-sanidad-los-valencianos-y-los-andaluces-los-mas-criticos\\\/#breadcrumblist\"},\"author\":{\"@id\":\"https:\\\/\\\/eldigitaldeasturias.com\\\/magazine365\\\/author\\\/admin\\\/#author\"},\"creator\":{\"@id\":\"https:\\\/\\\/eldigitaldeasturias.com\\\/magazine365\\\/author\\\/admin\\\/#author\"},\"image\":{\"@type\":\"ImageObject\",\"url\":\"https:\\\/\\\/eldigitaldeasturias.com\\\/magazine365\\\/wp-content\\\/uploads\\\/2014\\\/05\\\/6283646w.jpg\",\"@id\":\"https:\\\/\\\/eldigitaldeasturias.com\\\/magazine365\\\/los-cronicos-suspenden-a-la-sanidad-los-valencianos-y-los-andaluces-los-mas-criticos\\\/#mainImage\",\"width\":800,\"height\":533},\"primaryImageOfPage\":{\"@id\":\"https:\\\/\\\/eldigitaldeasturias.com\\\/magazine365\\\/los-cronicos-suspenden-a-la-sanidad-los-valencianos-y-los-andaluces-los-mas-criticos\\\/#mainImage\"},\"datePublished\":\"2014-05-21T23:01:24+02:00\",\"dateModified\":\"2014-05-21T23:01:24+02:00\"},{\"@type\":\"WebSite\",\"@id\":\"https:\\\/\\\/eldigitaldeasturias.com\\\/magazine365\\\/#website\",\"url\":\"https:\\\/\\\/eldigitaldeasturias.com\\\/magazine365\\\/\",\"name\":\"El Digital de Asturias\",\"description\":\"Revista de ocio, turismo y estilo de vida\",\"inLanguage\":\"es-ES\",\"publisher\":{\"@id\":\"https:\\\/\\\/eldigitaldeasturias.com\\\/magazine365\\\/#organization\"}}]}\n\t\t<\/script>\n\t\t<!-- All in One SEO Pro -->\r\n\t\t<title>Los cr\u00f3nicos suspenden a la sanidad, los valencianos y los andaluces los m\u00e1s cr\u00edticos | El Digital de Asturias<\/title>\n\n","aioseo_head_json":{"title":"Los cr\u00f3nicos suspenden a la sanidad, los valencianos y los andaluces los m\u00e1s cr\u00edticos | El Digital de Asturias","description":"Madrid, 21 may (EFE).- Los pacientes cr\u00f3nicos suspenden con un 4,9 a la calidad de la atenci\u00f3n sanitaria recibida por el Sistema Nacional de Salud, al que valoran como un pilar fundamental del Estado del bienestar, y son los valencianos y los andaluces los m\u00e1s cr\u00edticos en aspectos como el acceso a tratamientos y el","canonical_url":"https:\/\/eldigitaldeasturias.com\/magazine365\/los-cronicos-suspenden-a-la-sanidad-los-valencianos-y-los-andaluces-los-mas-criticos\/","robots":"max-image-preview:large","keywords":"noticias y actualidad","webmasterTools":{"google-site-verification":"UA-38556648-1","miscellaneous":""},"schema":{"@context":"https:\/\/schema.org","@graph":[{"@type":"Article","@id":"https:\/\/eldigitaldeasturias.com\/magazine365\/los-cronicos-suspenden-a-la-sanidad-los-valencianos-y-los-andaluces-los-mas-criticos\/#article","name":"Los cr\u00f3nicos suspenden a la sanidad, los valencianos y los andaluces los m\u00e1s cr\u00edticos | El Digital de Asturias","headline":"Los cr\u00f3nicos suspenden a la sanidad, los valencianos y los andaluces los m\u00e1s cr\u00edticos","author":{"@id":"https:\/\/eldigitaldeasturias.com\/magazine365\/author\/admin\/#author"},"publisher":{"@id":"https:\/\/eldigitaldeasturias.com\/magazine365\/#organization"},"image":{"@type":"ImageObject","url":"https:\/\/eldigitaldeasturias.com\/magazine365\/wp-content\/uploads\/2014\/05\/6283646w.jpg","width":800,"height":533},"datePublished":"2014-05-21T23:01:24+02:00","dateModified":"2014-05-21T23:01:24+02:00","inLanguage":"es-ES","mainEntityOfPage":{"@id":"https:\/\/eldigitaldeasturias.com\/magazine365\/los-cronicos-suspenden-a-la-sanidad-los-valencianos-y-los-andaluces-los-mas-criticos\/#webpage"},"isPartOf":{"@id":"https:\/\/eldigitaldeasturias.com\/magazine365\/los-cronicos-suspenden-a-la-sanidad-los-valencianos-y-los-andaluces-los-mas-criticos\/#webpage"},"articleSection":"Noticias y Actualidad"},{"@type":"BreadcrumbList","@id":"https:\/\/eldigitaldeasturias.com\/magazine365\/los-cronicos-suspenden-a-la-sanidad-los-valencianos-y-los-andaluces-los-mas-criticos\/#breadcrumblist","itemListElement":[{"@type":"ListItem","@id":"https:\/\/eldigitaldeasturias.com\/magazine365#listItem","position":1,"name":"Home","item":"https:\/\/eldigitaldeasturias.com\/magazine365","nextItem":{"@type":"ListItem","@id":"https:\/\/eldigitaldeasturias.com\/magazine365\/category\/noticias-actualidad\/#listItem","name":"Noticias y Actualidad"}},{"@type":"ListItem","@id":"https:\/\/eldigitaldeasturias.com\/magazine365\/category\/noticias-actualidad\/#listItem","position":2,"name":"Noticias y Actualidad","item":"https:\/\/eldigitaldeasturias.com\/magazine365\/category\/noticias-actualidad\/","nextItem":{"@type":"ListItem","@id":"https:\/\/eldigitaldeasturias.com\/magazine365\/los-cronicos-suspenden-a-la-sanidad-los-valencianos-y-los-andaluces-los-mas-criticos\/#listItem","name":"Los cr\u00f3nicos suspenden a la sanidad, los valencianos y los andaluces los m\u00e1s cr\u00edticos"},"previousItem":{"@type":"ListItem","@id":"https:\/\/eldigitaldeasturias.com\/magazine365#listItem","name":"Home"}},{"@type":"ListItem","@id":"https:\/\/eldigitaldeasturias.com\/magazine365\/los-cronicos-suspenden-a-la-sanidad-los-valencianos-y-los-andaluces-los-mas-criticos\/#listItem","position":3,"name":"Los cr\u00f3nicos suspenden a la sanidad, los valencianos y los andaluces los m\u00e1s cr\u00edticos","previousItem":{"@type":"ListItem","@id":"https:\/\/eldigitaldeasturias.com\/magazine365\/category\/noticias-actualidad\/#listItem","name":"Noticias y Actualidad"}}]},{"@type":"Organization","@id":"https:\/\/eldigitaldeasturias.com\/magazine365\/#organization","name":"El digital de Asturias","description":"Revista de ocio, turismo y estilo de vida","url":"https:\/\/eldigitaldeasturias.com\/magazine365\/","logo":{"@type":"ImageObject","url":"https:\/\/www.eldigitaldeasturias.com\/noticias\/wp-content\/uploads\/2020\/12\/EDA.jpg","@id":"https:\/\/eldigitaldeasturias.com\/magazine365\/los-cronicos-suspenden-a-la-sanidad-los-valencianos-y-los-andaluces-los-mas-criticos\/#organizationLogo"},"image":{"@id":"https:\/\/eldigitaldeasturias.com\/magazine365\/los-cronicos-suspenden-a-la-sanidad-los-valencianos-y-los-andaluces-los-mas-criticos\/#organizationLogo"}},{"@type":"Person","@id":"https:\/\/eldigitaldeasturias.com\/magazine365\/author\/admin\/#author","url":"https:\/\/eldigitaldeasturias.com\/magazine365\/author\/admin\/","name":"admin","image":{"@type":"ImageObject","@id":"https:\/\/eldigitaldeasturias.com\/magazine365\/los-cronicos-suspenden-a-la-sanidad-los-valencianos-y-los-andaluces-los-mas-criticos\/#authorImage","url":"https:\/\/eldigitaldeasturias.com\/magazine365\/wp-content\/litespeed\/avatar\/e571bcf59a0edd6fa6838245a470f2fe.jpg?ver=1776969259","width":96,"height":96,"caption":"admin"}},{"@type":"WebPage","@id":"https:\/\/eldigitaldeasturias.com\/magazine365\/los-cronicos-suspenden-a-la-sanidad-los-valencianos-y-los-andaluces-los-mas-criticos\/#webpage","url":"https:\/\/eldigitaldeasturias.com\/magazine365\/los-cronicos-suspenden-a-la-sanidad-los-valencianos-y-los-andaluces-los-mas-criticos\/","name":"Los cr\u00f3nicos suspenden a la sanidad, los valencianos y los andaluces los m\u00e1s cr\u00edticos | El Digital de Asturias","description":"Madrid, 21 may (EFE).- Los pacientes cr\u00f3nicos suspenden con un 4,9 a la calidad de la atenci\u00f3n sanitaria recibida por el Sistema Nacional de Salud, al que valoran como un pilar fundamental del Estado del bienestar, y son los valencianos y los andaluces los m\u00e1s cr\u00edticos en aspectos como el acceso a tratamientos y el","inLanguage":"es-ES","isPartOf":{"@id":"https:\/\/eldigitaldeasturias.com\/magazine365\/#website"},"breadcrumb":{"@id":"https:\/\/eldigitaldeasturias.com\/magazine365\/los-cronicos-suspenden-a-la-sanidad-los-valencianos-y-los-andaluces-los-mas-criticos\/#breadcrumblist"},"author":{"@id":"https:\/\/eldigitaldeasturias.com\/magazine365\/author\/admin\/#author"},"creator":{"@id":"https:\/\/eldigitaldeasturias.com\/magazine365\/author\/admin\/#author"},"image":{"@type":"ImageObject","url":"https:\/\/eldigitaldeasturias.com\/magazine365\/wp-content\/uploads\/2014\/05\/6283646w.jpg","@id":"https:\/\/eldigitaldeasturias.com\/magazine365\/los-cronicos-suspenden-a-la-sanidad-los-valencianos-y-los-andaluces-los-mas-criticos\/#mainImage","width":800,"height":533},"primaryImageOfPage":{"@id":"https:\/\/eldigitaldeasturias.com\/magazine365\/los-cronicos-suspenden-a-la-sanidad-los-valencianos-y-los-andaluces-los-mas-criticos\/#mainImage"},"datePublished":"2014-05-21T23:01:24+02:00","dateModified":"2014-05-21T23:01:24+02:00"},{"@type":"WebSite","@id":"https:\/\/eldigitaldeasturias.com\/magazine365\/#website","url":"https:\/\/eldigitaldeasturias.com\/magazine365\/","name":"El Digital de Asturias","description":"Revista de ocio, turismo y estilo de vida","inLanguage":"es-ES","publisher":{"@id":"https:\/\/eldigitaldeasturias.com\/magazine365\/#organization"}}]},"og:locale":"es_ES","og:site_name":"El Digital de Asturias \u2013 Revista de ocio, turismo y estilo de vida","og:type":"article","og:title":"Los cr\u00f3nicos suspenden a la sanidad, los valencianos y los andaluces los m\u00e1s cr\u00edticos | El Digital de Asturias","og:description":"Madrid, 21 may (EFE).- Los pacientes cr\u00f3nicos suspenden con un 4,9 a la calidad de la atenci\u00f3n sanitaria recibida por el Sistema Nacional de Salud, al que valoran como un pilar fundamental del Estado del bienestar, y son los valencianos y los andaluces los m\u00e1s cr\u00edticos en aspectos como el acceso a tratamientos y el","og:url":"https:\/\/eldigitaldeasturias.com\/magazine365\/los-cronicos-suspenden-a-la-sanidad-los-valencianos-y-los-andaluces-los-mas-criticos\/","og:image":"https:\/\/eldigitaldeasturias.com\/magazine365\/wp-content\/uploads\/2014\/05\/6283646w.jpg","og:image:secure_url":"https:\/\/eldigitaldeasturias.com\/magazine365\/wp-content\/uploads\/2014\/05\/6283646w.jpg","og:image:width":800,"og:image:height":533,"article:published_time":"2014-05-22T01:01:24+00:00","article:modified_time":"2014-05-22T01:01:24+00:00","twitter:card":"summary_large_image","twitter:title":"Los cr\u00f3nicos suspenden a la sanidad, los valencianos y los andaluces los m\u00e1s cr\u00edticos | El Digital de Asturias","twitter:description":"Madrid, 21 may (EFE).- Los pacientes cr\u00f3nicos suspenden con un 4,9 a la calidad de la atenci\u00f3n sanitaria recibida por el Sistema Nacional de Salud, al que valoran como un pilar fundamental del Estado del bienestar, y son los valencianos y los andaluces los m\u00e1s cr\u00edticos en aspectos como el acceso a tratamientos y el","twitter:image":"https:\/\/eldigitaldeasturias.com\/magazine365\/wp-content\/uploads\/2014\/05\/6283646w.jpg"},"aioseo_meta_data":{"post_id":"13484","title":null,"description":null,"keywords":null,"keyphrases":null,"primary_term":null,"canonical_url":null,"og_title":null,"og_description":null,"og_object_type":"default","og_image_type":"default","og_image_url":null,"og_image_width":null,"og_image_height":null,"og_image_custom_url":null,"og_image_custom_fields":null,"og_video":null,"og_custom_url":null,"og_article_section":null,"og_article_tags":null,"twitter_use_og":false,"twitter_card":"default","twitter_image_type":"default","twitter_image_url":null,"twitter_image_custom_url":null,"twitter_image_custom_fields":null,"twitter_title":null,"twitter_description":null,"schema":{"blockGraphs":[],"customGraphs":[],"default":{"data":{"Article":[],"Course":[],"Dataset":[],"FAQPage":[],"Movie":[],"Person":[],"Product":[],"ProductReview":[],"Car":[],"Recipe":[],"Service":[],"SoftwareApplication":[],"WebPage":[]},"graphName":"","isEnabled":true},"graphs":[],"defaultGraph":"","defaultPostTypeGraph":""},"schema_type":null,"schema_type_options":null,"pillar_content":false,"robots_default":true,"robots_noindex":false,"robots_noarchive":false,"robots_nosnippet":false,"robots_nofollow":false,"robots_noimageindex":false,"robots_noodp":false,"robots_notranslate":false,"robots_max_snippet":null,"robots_max_videopreview":null,"robots_max_imagepreview":"large","priority":null,"frequency":null,"location":null,"local_seo":null,"seo_analyzer_scan_date":"2025-09-17 08:21:13","breadcrumb_settings":null,"limit_modified_date":false,"open_ai":null,"ai":null,"created":"2021-03-09 08:27:55","updated":"2025-09-17 08:21:13"},"aioseo_breadcrumb":"<div class=\"aioseo-breadcrumbs\"><span class=\"aioseo-breadcrumb\">\n\t<a href=\"https:\/\/eldigitaldeasturias.com\/magazine365\" title=\"Home\">Home<\/a>\n<\/span><span class=\"aioseo-breadcrumb-separator\">\u2013<\/span><span class=\"aioseo-breadcrumb\">\n\t<a href=\"https:\/\/eldigitaldeasturias.com\/magazine365\/category\/noticias-actualidad\/\" title=\"Noticias y Actualidad\">Noticias y Actualidad<\/a>\n<\/span><span class=\"aioseo-breadcrumb-separator\">\u2013<\/span><span class=\"aioseo-breadcrumb\">\n\t<a href=\"https:\/\/eldigitaldeasturias.com\/magazine365\/los-cronicos-suspenden-a-la-sanidad-los-valencianos-y-los-andaluces-los-mas-criticos\/\" title=\"Los cr\u00f3nicos suspenden a la sanidad, los valencianos y los andaluces los m\u00e1s cr\u00edticos\">Los cr\u00f3nicos suspenden a la sanidad, los valencianos y los andaluces los m\u00e1s cr\u00edticos<\/a>\n<\/span><\/div>","aioseo_breadcrumb_json":[{"label":"Home","link":"https:\/\/eldigitaldeasturias.com\/magazine365"},{"label":"Noticias y Actualidad","link":"https:\/\/eldigitaldeasturias.com\/magazine365\/category\/noticias-actualidad\/"},{"label":"Los cr\u00f3nicos suspenden a la sanidad, los valencianos y los andaluces los m\u00e1s cr\u00edticos","link":"https:\/\/eldigitaldeasturias.com\/magazine365\/los-cronicos-suspenden-a-la-sanidad-los-valencianos-y-los-andaluces-los-mas-criticos\/"}],"_links":{"self":[{"href":"https:\/\/eldigitaldeasturias.com\/magazine365\/wp-json\/wp\/v2\/posts\/13484","targetHints":{"allow":["GET"]}}],"collection":[{"href":"https:\/\/eldigitaldeasturias.com\/magazine365\/wp-json\/wp\/v2\/posts"}],"about":[{"href":"https:\/\/eldigitaldeasturias.com\/magazine365\/wp-json\/wp\/v2\/types\/post"}],"author":[{"embeddable":true,"href":"https:\/\/eldigitaldeasturias.com\/magazine365\/wp-json\/wp\/v2\/users\/1"}],"replies":[{"embeddable":true,"href":"https:\/\/eldigitaldeasturias.com\/magazine365\/wp-json\/wp\/v2\/comments?post=13484"}],"version-history":[{"count":0,"href":"https:\/\/eldigitaldeasturias.com\/magazine365\/wp-json\/wp\/v2\/posts\/13484\/revisions"}],"wp:featuredmedia":[{"embeddable":true,"href":"https:\/\/eldigitaldeasturias.com\/magazine365\/wp-json\/wp\/v2\/media\/13485"}],"wp:attachment":[{"href":"https:\/\/eldigitaldeasturias.com\/magazine365\/wp-json\/wp\/v2\/media?parent=13484"}],"wp:term":[{"taxonomy":"category","embeddable":true,"href":"https:\/\/eldigitaldeasturias.com\/magazine365\/wp-json\/wp\/v2\/categories?post=13484"},{"taxonomy":"post_tag","embeddable":true,"href":"https:\/\/eldigitaldeasturias.com\/magazine365\/wp-json\/wp\/v2\/tags?post=13484"}],"curies":[{"name":"wp","href":"https:\/\/api.w.org\/{rel}","templated":true}]}}