{"id":13481,"date":"2014-05-21T22:59:51","date_gmt":"2014-05-22T00:59:51","guid":{"rendered":"http:\/\/eldigitaldeasturias.com\/magazine365\/?p=13481"},"modified":"2014-05-21T22:59:51","modified_gmt":"2014-05-22T00:59:51","slug":"cuentame-como-paso-acaba-en-tanger-el-rodaje-de-la-temporada","status":"publish","type":"post","link":"https:\/\/eldigitaldeasturias.com\/magazine365\/cuentame-como-paso-acaba-en-tanger-el-rodaje-de-la-temporada\/","title":{"rendered":"\u00abCu\u00e9ntame c\u00f3mo pas\u00f3\u00bb acaba en T\u00e1nger el rodaje de la temporada"},"content":{"rendered":"<p><img fetchpriority=\"high\" decoding=\"async\" class=\"alignleft size-medium wp-image-13482\" alt=\"6283602w\" src=\"https:\/\/eldigitaldeasturias.com\/magazine365\/wp-content\/uploads\/2014\/05\/6283602w-360x240.jpg\" width=\"360\" height=\"240\" \/>Madrid, 21 may (EFE).- La medina de T\u00e1nger, en Marruecos, fue el escenario del rodaje del cap\u00edtulo final de la actual temporada de \u00abCu\u00e9ntame c\u00f3mo pas\u00f3\u00bb, de la que quedan por emitir cuatro cap\u00edtulos en los que se esperan \u00abgiros inesperados hasta llegar a su sorprendente final\u00bb, ha avanzado hoy TVE.<\/p>\n<p>Con la participaci\u00f3n de m\u00e1s de 100 figurantes, adem\u00e1s de los actores principales, las estrechas y sinuosas calles de la medina de T\u00e1nger, una de las m\u00e1s grandes de Marruecos, sirvieron de escenario para las \u00faltimas tomas de una temporada caracterizada por la ruptura sentimental de los Alc\u00e1ntara, protagonizados Imanol Arias y Ana Duato.<\/p>\n<p>Para el rodaje fue necesario cortar el paso de numerosas calles y de cerca de 70 establecimientos de T\u00e1nger, donde Merche y Antonio Alc\u00e1ntara intentar\u00e1n resolver su ruptura sentimental, uno de los temas que ha hecho aumentar la audiencia de la serie en las \u00faltimas semanas.<\/p>\n<p>\u00abLa infidelidad nos ha permitido trabajar sentimientos y registros nuevos, todo un lujo\u00bb, ha explicado Ana Duato, seg\u00fan la nota de TVE.<\/p>\n<p>Para el guionista decano de la serie, Eduardo Ladr\u00f3n de Guevara, \u00abesta temporada se recordar\u00e1 sobre todo por la rotura de un matrimonio que parec\u00eda incombustible, por una causa tan vieja como el ser humano: la infidelidad\u00bb.<\/p>\n<p>En el cap\u00edtulo de ma\u00f1ana, titulado \u00ab57 a\u00f1os y un d\u00eda\u00bb, los espectadores ver\u00e1n c\u00f3mo Antonio llega a su 57 cumplea\u00f1os en su peor momento, tanto laboral como personalmente.<\/p>\n<p>Los 19 cap\u00edtulos que conforman la actual temporada se han grabado a lo largo de 34 semanas, con 70 jornadas de exteriores y m\u00e1s de 200 actores, que han grabado la serie en m\u00e1s de una decena de municipios de las provincias de Madrid, Toledo y Segovia, detalla TVE, y se\u00f1ala entre los decorados m\u00e1s complejos la reproducci\u00f3n de las aduanas y embarque de un aeropuerto en un pabell\u00f3n de la Casa de Campo de Madrid.<\/p>\n","protected":false},"excerpt":{"rendered":"<p>Madrid, 21 may (EFE).- La medina de T\u00e1nger, en Marruecos, fue el escenario del rodaje del cap\u00edtulo final de la actual temporada de \u00abCu\u00e9ntame c\u00f3mo pas\u00f3\u00bb, de la que quedan por emitir cuatro cap\u00edtulos en los que se esperan \u00abgiros inesperados hasta llegar a su sorprendente final\u00bb, ha avanzado hoy TVE. Con la participaci\u00f3n de<\/p>\n","protected":false},"author":1,"featured_media":13482,"comment_status":"open","ping_status":"closed","sticky":false,"template":"","format":"standard","meta":{"footnotes":""},"categories":[224],"tags":[],"class_list":{"0":"post-13481","1":"post","2":"type-post","3":"status-publish","4":"format-standard","5":"has-post-thumbnail","7":"category-noticias-actualidad"},"aioseo_notices":[],"aioseo_head":"\n\t\t<!-- All in One SEO Pro 4.9.6.1 - aioseo.com -->\n\t<meta name=\"description\" content=\"Madrid, 21 may (EFE).- La medina de T\u00e1nger, en Marruecos, fue el escenario del rodaje del cap\u00edtulo final de la actual temporada de &quot;Cu\u00e9ntame c\u00f3mo pas\u00f3&quot;, de la que quedan por emitir cuatro cap\u00edtulos en los que se esperan &quot;giros inesperados hasta llegar a su sorprendente final&quot;, ha avanzado hoy TVE. Con la participaci\u00f3n de\" \/>\n\t<meta name=\"robots\" content=\"max-image-preview:large\" \/>\n\t<meta name=\"author\" content=\"admin\"\/>\n\t<meta name=\"google-site-verification\" content=\"UA-38556648-1\" \/>\n\t<meta name=\"keywords\" content=\"noticias y actualidad\" \/>\n\t<link rel=\"canonical\" href=\"https:\/\/eldigitaldeasturias.com\/magazine365\/cuentame-como-paso-acaba-en-tanger-el-rodaje-de-la-temporada\/\" \/>\n\t<meta name=\"generator\" content=\"All in One SEO Pro (AIOSEO) 4.9.6.1\" \/>\n\t\t<meta property=\"og:locale\" content=\"es_ES\" \/>\n\t\t<meta property=\"og:site_name\" content=\"El Digital de Asturias \u2013 Revista de ocio, turismo y estilo de vida\" \/>\n\t\t<meta property=\"og:type\" content=\"article\" \/>\n\t\t<meta property=\"og:title\" content=\"\u00abCu\u00e9ntame c\u00f3mo pas\u00f3\u00bb acaba en T\u00e1nger el rodaje de la temporada | El Digital de Asturias\" \/>\n\t\t<meta property=\"og:description\" content=\"Madrid, 21 may (EFE).- La medina de T\u00e1nger, en Marruecos, fue el escenario del rodaje del cap\u00edtulo final de la actual temporada de &quot;Cu\u00e9ntame c\u00f3mo pas\u00f3&quot;, de la que quedan por emitir cuatro cap\u00edtulos en los que se esperan &quot;giros inesperados hasta llegar a su sorprendente final&quot;, ha avanzado hoy TVE. Con la participaci\u00f3n de\" \/>\n\t\t<meta property=\"og:url\" content=\"https:\/\/eldigitaldeasturias.com\/magazine365\/cuentame-como-paso-acaba-en-tanger-el-rodaje-de-la-temporada\/\" \/>\n\t\t<meta property=\"og:image\" content=\"https:\/\/eldigitaldeasturias.com\/magazine365\/wp-content\/uploads\/2014\/05\/6283602w.jpg\" \/>\n\t\t<meta property=\"og:image:secure_url\" content=\"https:\/\/eldigitaldeasturias.com\/magazine365\/wp-content\/uploads\/2014\/05\/6283602w.jpg\" \/>\n\t\t<meta property=\"og:image:width\" content=\"800\" \/>\n\t\t<meta property=\"og:image:height\" content=\"535\" \/>\n\t\t<meta property=\"article:published_time\" content=\"2014-05-22T00:59:51+00:00\" \/>\n\t\t<meta property=\"article:modified_time\" content=\"2014-05-22T00:59:51+00:00\" \/>\n\t\t<meta name=\"twitter:card\" content=\"summary_large_image\" \/>\n\t\t<meta name=\"twitter:title\" content=\"\u00abCu\u00e9ntame c\u00f3mo pas\u00f3\u00bb acaba en T\u00e1nger el rodaje de la temporada | El Digital de Asturias\" \/>\n\t\t<meta name=\"twitter:description\" content=\"Madrid, 21 may (EFE).- La medina de T\u00e1nger, en Marruecos, fue el escenario del rodaje del cap\u00edtulo final de la actual temporada de &quot;Cu\u00e9ntame c\u00f3mo pas\u00f3&quot;, de la que quedan por emitir cuatro cap\u00edtulos en los que se esperan &quot;giros inesperados hasta llegar a su sorprendente final&quot;, ha avanzado hoy TVE. Con la participaci\u00f3n de\" \/>\n\t\t<meta name=\"twitter:image\" content=\"https:\/\/eldigitaldeasturias.com\/magazine365\/wp-content\/uploads\/2014\/05\/6283602w.jpg\" \/>\n\t\t<script type=\"application\/ld+json\" class=\"aioseo-schema\">\n\t\t\t{\"@context\":\"https:\\\/\\\/schema.org\",\"@graph\":[{\"@type\":\"Article\",\"@id\":\"https:\\\/\\\/eldigitaldeasturias.com\\\/magazine365\\\/cuentame-como-paso-acaba-en-tanger-el-rodaje-de-la-temporada\\\/#article\",\"name\":\"\\u00abCu\\u00e9ntame c\\u00f3mo pas\\u00f3\\u00bb acaba en T\\u00e1nger el rodaje de la temporada | El Digital de Asturias\",\"headline\":\"\\u00abCu\\u00e9ntame c\\u00f3mo pas\\u00f3\\u00bb acaba en T\\u00e1nger el rodaje de la temporada\",\"author\":{\"@id\":\"https:\\\/\\\/eldigitaldeasturias.com\\\/magazine365\\\/author\\\/admin\\\/#author\"},\"publisher\":{\"@id\":\"https:\\\/\\\/eldigitaldeasturias.com\\\/magazine365\\\/#organization\"},\"image\":{\"@type\":\"ImageObject\",\"url\":\"https:\\\/\\\/eldigitaldeasturias.com\\\/magazine365\\\/wp-content\\\/uploads\\\/2014\\\/05\\\/6283602w.jpg\",\"width\":800,\"height\":535},\"datePublished\":\"2014-05-21T22:59:51+02:00\",\"dateModified\":\"2014-05-21T22:59:51+02:00\",\"inLanguage\":\"es-ES\",\"mainEntityOfPage\":{\"@id\":\"https:\\\/\\\/eldigitaldeasturias.com\\\/magazine365\\\/cuentame-como-paso-acaba-en-tanger-el-rodaje-de-la-temporada\\\/#webpage\"},\"isPartOf\":{\"@id\":\"https:\\\/\\\/eldigitaldeasturias.com\\\/magazine365\\\/cuentame-como-paso-acaba-en-tanger-el-rodaje-de-la-temporada\\\/#webpage\"},\"articleSection\":\"Noticias y Actualidad\"},{\"@type\":\"BreadcrumbList\",\"@id\":\"https:\\\/\\\/eldigitaldeasturias.com\\\/magazine365\\\/cuentame-como-paso-acaba-en-tanger-el-rodaje-de-la-temporada\\\/#breadcrumblist\",\"itemListElement\":[{\"@type\":\"ListItem\",\"@id\":\"https:\\\/\\\/eldigitaldeasturias.com\\\/magazine365#listItem\",\"position\":1,\"name\":\"Home\",\"item\":\"https:\\\/\\\/eldigitaldeasturias.com\\\/magazine365\",\"nextItem\":{\"@type\":\"ListItem\",\"@id\":\"https:\\\/\\\/eldigitaldeasturias.com\\\/magazine365\\\/category\\\/noticias-actualidad\\\/#listItem\",\"name\":\"Noticias y Actualidad\"}},{\"@type\":\"ListItem\",\"@id\":\"https:\\\/\\\/eldigitaldeasturias.com\\\/magazine365\\\/category\\\/noticias-actualidad\\\/#listItem\",\"position\":2,\"name\":\"Noticias y Actualidad\",\"item\":\"https:\\\/\\\/eldigitaldeasturias.com\\\/magazine365\\\/category\\\/noticias-actualidad\\\/\",\"nextItem\":{\"@type\":\"ListItem\",\"@id\":\"https:\\\/\\\/eldigitaldeasturias.com\\\/magazine365\\\/cuentame-como-paso-acaba-en-tanger-el-rodaje-de-la-temporada\\\/#listItem\",\"name\":\"\\u00abCu\\u00e9ntame c\\u00f3mo pas\\u00f3\\u00bb acaba en T\\u00e1nger el rodaje de la temporada\"},\"previousItem\":{\"@type\":\"ListItem\",\"@id\":\"https:\\\/\\\/eldigitaldeasturias.com\\\/magazine365#listItem\",\"name\":\"Home\"}},{\"@type\":\"ListItem\",\"@id\":\"https:\\\/\\\/eldigitaldeasturias.com\\\/magazine365\\\/cuentame-como-paso-acaba-en-tanger-el-rodaje-de-la-temporada\\\/#listItem\",\"position\":3,\"name\":\"\\u00abCu\\u00e9ntame c\\u00f3mo pas\\u00f3\\u00bb acaba en T\\u00e1nger el rodaje de la temporada\",\"previousItem\":{\"@type\":\"ListItem\",\"@id\":\"https:\\\/\\\/eldigitaldeasturias.com\\\/magazine365\\\/category\\\/noticias-actualidad\\\/#listItem\",\"name\":\"Noticias y Actualidad\"}}]},{\"@type\":\"Organization\",\"@id\":\"https:\\\/\\\/eldigitaldeasturias.com\\\/magazine365\\\/#organization\",\"name\":\"El digital de Asturias\",\"description\":\"Revista de ocio, turismo y estilo de vida\",\"url\":\"https:\\\/\\\/eldigitaldeasturias.com\\\/magazine365\\\/\",\"logo\":{\"@type\":\"ImageObject\",\"url\":\"https:\\\/\\\/www.eldigitaldeasturias.com\\\/noticias\\\/wp-content\\\/uploads\\\/2020\\\/12\\\/EDA.jpg\",\"@id\":\"https:\\\/\\\/eldigitaldeasturias.com\\\/magazine365\\\/cuentame-como-paso-acaba-en-tanger-el-rodaje-de-la-temporada\\\/#organizationLogo\"},\"image\":{\"@id\":\"https:\\\/\\\/eldigitaldeasturias.com\\\/magazine365\\\/cuentame-como-paso-acaba-en-tanger-el-rodaje-de-la-temporada\\\/#organizationLogo\"}},{\"@type\":\"Person\",\"@id\":\"https:\\\/\\\/eldigitaldeasturias.com\\\/magazine365\\\/author\\\/admin\\\/#author\",\"url\":\"https:\\\/\\\/eldigitaldeasturias.com\\\/magazine365\\\/author\\\/admin\\\/\",\"name\":\"admin\",\"image\":{\"@type\":\"ImageObject\",\"@id\":\"https:\\\/\\\/eldigitaldeasturias.com\\\/magazine365\\\/cuentame-como-paso-acaba-en-tanger-el-rodaje-de-la-temporada\\\/#authorImage\",\"url\":\"https:\\\/\\\/eldigitaldeasturias.com\\\/magazine365\\\/wp-content\\\/litespeed\\\/avatar\\\/e571bcf59a0edd6fa6838245a470f2fe.jpg?ver=1776969259\",\"width\":96,\"height\":96,\"caption\":\"admin\"}},{\"@type\":\"WebPage\",\"@id\":\"https:\\\/\\\/eldigitaldeasturias.com\\\/magazine365\\\/cuentame-como-paso-acaba-en-tanger-el-rodaje-de-la-temporada\\\/#webpage\",\"url\":\"https:\\\/\\\/eldigitaldeasturias.com\\\/magazine365\\\/cuentame-como-paso-acaba-en-tanger-el-rodaje-de-la-temporada\\\/\",\"name\":\"\\u00abCu\\u00e9ntame c\\u00f3mo pas\\u00f3\\u00bb acaba en T\\u00e1nger el rodaje de la temporada | El Digital de Asturias\",\"description\":\"Madrid, 21 may (EFE).- La medina de T\\u00e1nger, en Marruecos, fue el escenario del rodaje del cap\\u00edtulo final de la actual temporada de \\\"Cu\\u00e9ntame c\\u00f3mo pas\\u00f3\\\", de la que quedan por emitir cuatro cap\\u00edtulos en los que se esperan \\\"giros inesperados hasta llegar a su sorprendente final\\\", ha avanzado hoy TVE. Con la participaci\\u00f3n de\",\"inLanguage\":\"es-ES\",\"isPartOf\":{\"@id\":\"https:\\\/\\\/eldigitaldeasturias.com\\\/magazine365\\\/#website\"},\"breadcrumb\":{\"@id\":\"https:\\\/\\\/eldigitaldeasturias.com\\\/magazine365\\\/cuentame-como-paso-acaba-en-tanger-el-rodaje-de-la-temporada\\\/#breadcrumblist\"},\"author\":{\"@id\":\"https:\\\/\\\/eldigitaldeasturias.com\\\/magazine365\\\/author\\\/admin\\\/#author\"},\"creator\":{\"@id\":\"https:\\\/\\\/eldigitaldeasturias.com\\\/magazine365\\\/author\\\/admin\\\/#author\"},\"image\":{\"@type\":\"ImageObject\",\"url\":\"https:\\\/\\\/eldigitaldeasturias.com\\\/magazine365\\\/wp-content\\\/uploads\\\/2014\\\/05\\\/6283602w.jpg\",\"@id\":\"https:\\\/\\\/eldigitaldeasturias.com\\\/magazine365\\\/cuentame-como-paso-acaba-en-tanger-el-rodaje-de-la-temporada\\\/#mainImage\",\"width\":800,\"height\":535},\"primaryImageOfPage\":{\"@id\":\"https:\\\/\\\/eldigitaldeasturias.com\\\/magazine365\\\/cuentame-como-paso-acaba-en-tanger-el-rodaje-de-la-temporada\\\/#mainImage\"},\"datePublished\":\"2014-05-21T22:59:51+02:00\",\"dateModified\":\"2014-05-21T22:59:51+02:00\"},{\"@type\":\"WebSite\",\"@id\":\"https:\\\/\\\/eldigitaldeasturias.com\\\/magazine365\\\/#website\",\"url\":\"https:\\\/\\\/eldigitaldeasturias.com\\\/magazine365\\\/\",\"name\":\"El Digital de Asturias\",\"description\":\"Revista de ocio, turismo y estilo de vida\",\"inLanguage\":\"es-ES\",\"publisher\":{\"@id\":\"https:\\\/\\\/eldigitaldeasturias.com\\\/magazine365\\\/#organization\"}}]}\n\t\t<\/script>\n\t\t<!-- All in One SEO Pro -->\r\n\t\t<title>\u00abCu\u00e9ntame c\u00f3mo pas\u00f3\u00bb acaba en T\u00e1nger el rodaje de la temporada | El Digital de Asturias<\/title>\n\n","aioseo_head_json":{"title":"\u00abCu\u00e9ntame c\u00f3mo pas\u00f3\u00bb acaba en T\u00e1nger el rodaje de la temporada | El Digital de Asturias","description":"Madrid, 21 may (EFE).- La medina de T\u00e1nger, en Marruecos, fue el escenario del rodaje del cap\u00edtulo final de la actual temporada de \"Cu\u00e9ntame c\u00f3mo pas\u00f3\", de la que quedan por emitir cuatro cap\u00edtulos en los que se esperan \"giros inesperados hasta llegar a su sorprendente final\", ha avanzado hoy TVE. Con la participaci\u00f3n de","canonical_url":"https:\/\/eldigitaldeasturias.com\/magazine365\/cuentame-como-paso-acaba-en-tanger-el-rodaje-de-la-temporada\/","robots":"max-image-preview:large","keywords":"noticias y actualidad","webmasterTools":{"google-site-verification":"UA-38556648-1","miscellaneous":""},"schema":{"@context":"https:\/\/schema.org","@graph":[{"@type":"Article","@id":"https:\/\/eldigitaldeasturias.com\/magazine365\/cuentame-como-paso-acaba-en-tanger-el-rodaje-de-la-temporada\/#article","name":"\u00abCu\u00e9ntame c\u00f3mo pas\u00f3\u00bb acaba en T\u00e1nger el rodaje de la temporada | El Digital de Asturias","headline":"\u00abCu\u00e9ntame c\u00f3mo pas\u00f3\u00bb acaba en T\u00e1nger el rodaje de la temporada","author":{"@id":"https:\/\/eldigitaldeasturias.com\/magazine365\/author\/admin\/#author"},"publisher":{"@id":"https:\/\/eldigitaldeasturias.com\/magazine365\/#organization"},"image":{"@type":"ImageObject","url":"https:\/\/eldigitaldeasturias.com\/magazine365\/wp-content\/uploads\/2014\/05\/6283602w.jpg","width":800,"height":535},"datePublished":"2014-05-21T22:59:51+02:00","dateModified":"2014-05-21T22:59:51+02:00","inLanguage":"es-ES","mainEntityOfPage":{"@id":"https:\/\/eldigitaldeasturias.com\/magazine365\/cuentame-como-paso-acaba-en-tanger-el-rodaje-de-la-temporada\/#webpage"},"isPartOf":{"@id":"https:\/\/eldigitaldeasturias.com\/magazine365\/cuentame-como-paso-acaba-en-tanger-el-rodaje-de-la-temporada\/#webpage"},"articleSection":"Noticias y Actualidad"},{"@type":"BreadcrumbList","@id":"https:\/\/eldigitaldeasturias.com\/magazine365\/cuentame-como-paso-acaba-en-tanger-el-rodaje-de-la-temporada\/#breadcrumblist","itemListElement":[{"@type":"ListItem","@id":"https:\/\/eldigitaldeasturias.com\/magazine365#listItem","position":1,"name":"Home","item":"https:\/\/eldigitaldeasturias.com\/magazine365","nextItem":{"@type":"ListItem","@id":"https:\/\/eldigitaldeasturias.com\/magazine365\/category\/noticias-actualidad\/#listItem","name":"Noticias y Actualidad"}},{"@type":"ListItem","@id":"https:\/\/eldigitaldeasturias.com\/magazine365\/category\/noticias-actualidad\/#listItem","position":2,"name":"Noticias y Actualidad","item":"https:\/\/eldigitaldeasturias.com\/magazine365\/category\/noticias-actualidad\/","nextItem":{"@type":"ListItem","@id":"https:\/\/eldigitaldeasturias.com\/magazine365\/cuentame-como-paso-acaba-en-tanger-el-rodaje-de-la-temporada\/#listItem","name":"\u00abCu\u00e9ntame c\u00f3mo pas\u00f3\u00bb acaba en T\u00e1nger el rodaje de la temporada"},"previousItem":{"@type":"ListItem","@id":"https:\/\/eldigitaldeasturias.com\/magazine365#listItem","name":"Home"}},{"@type":"ListItem","@id":"https:\/\/eldigitaldeasturias.com\/magazine365\/cuentame-como-paso-acaba-en-tanger-el-rodaje-de-la-temporada\/#listItem","position":3,"name":"\u00abCu\u00e9ntame c\u00f3mo pas\u00f3\u00bb acaba en T\u00e1nger el rodaje de la temporada","previousItem":{"@type":"ListItem","@id":"https:\/\/eldigitaldeasturias.com\/magazine365\/category\/noticias-actualidad\/#listItem","name":"Noticias y Actualidad"}}]},{"@type":"Organization","@id":"https:\/\/eldigitaldeasturias.com\/magazine365\/#organization","name":"El digital de Asturias","description":"Revista de ocio, turismo y estilo de vida","url":"https:\/\/eldigitaldeasturias.com\/magazine365\/","logo":{"@type":"ImageObject","url":"https:\/\/www.eldigitaldeasturias.com\/noticias\/wp-content\/uploads\/2020\/12\/EDA.jpg","@id":"https:\/\/eldigitaldeasturias.com\/magazine365\/cuentame-como-paso-acaba-en-tanger-el-rodaje-de-la-temporada\/#organizationLogo"},"image":{"@id":"https:\/\/eldigitaldeasturias.com\/magazine365\/cuentame-como-paso-acaba-en-tanger-el-rodaje-de-la-temporada\/#organizationLogo"}},{"@type":"Person","@id":"https:\/\/eldigitaldeasturias.com\/magazine365\/author\/admin\/#author","url":"https:\/\/eldigitaldeasturias.com\/magazine365\/author\/admin\/","name":"admin","image":{"@type":"ImageObject","@id":"https:\/\/eldigitaldeasturias.com\/magazine365\/cuentame-como-paso-acaba-en-tanger-el-rodaje-de-la-temporada\/#authorImage","url":"https:\/\/eldigitaldeasturias.com\/magazine365\/wp-content\/litespeed\/avatar\/e571bcf59a0edd6fa6838245a470f2fe.jpg?ver=1776969259","width":96,"height":96,"caption":"admin"}},{"@type":"WebPage","@id":"https:\/\/eldigitaldeasturias.com\/magazine365\/cuentame-como-paso-acaba-en-tanger-el-rodaje-de-la-temporada\/#webpage","url":"https:\/\/eldigitaldeasturias.com\/magazine365\/cuentame-como-paso-acaba-en-tanger-el-rodaje-de-la-temporada\/","name":"\u00abCu\u00e9ntame c\u00f3mo pas\u00f3\u00bb acaba en T\u00e1nger el rodaje de la temporada | El Digital de Asturias","description":"Madrid, 21 may (EFE).- La medina de T\u00e1nger, en Marruecos, fue el escenario del rodaje del cap\u00edtulo final de la actual temporada de \"Cu\u00e9ntame c\u00f3mo pas\u00f3\", de la que quedan por emitir cuatro cap\u00edtulos en los que se esperan \"giros inesperados hasta llegar a su sorprendente final\", ha avanzado hoy TVE. Con la participaci\u00f3n de","inLanguage":"es-ES","isPartOf":{"@id":"https:\/\/eldigitaldeasturias.com\/magazine365\/#website"},"breadcrumb":{"@id":"https:\/\/eldigitaldeasturias.com\/magazine365\/cuentame-como-paso-acaba-en-tanger-el-rodaje-de-la-temporada\/#breadcrumblist"},"author":{"@id":"https:\/\/eldigitaldeasturias.com\/magazine365\/author\/admin\/#author"},"creator":{"@id":"https:\/\/eldigitaldeasturias.com\/magazine365\/author\/admin\/#author"},"image":{"@type":"ImageObject","url":"https:\/\/eldigitaldeasturias.com\/magazine365\/wp-content\/uploads\/2014\/05\/6283602w.jpg","@id":"https:\/\/eldigitaldeasturias.com\/magazine365\/cuentame-como-paso-acaba-en-tanger-el-rodaje-de-la-temporada\/#mainImage","width":800,"height":535},"primaryImageOfPage":{"@id":"https:\/\/eldigitaldeasturias.com\/magazine365\/cuentame-como-paso-acaba-en-tanger-el-rodaje-de-la-temporada\/#mainImage"},"datePublished":"2014-05-21T22:59:51+02:00","dateModified":"2014-05-21T22:59:51+02:00"},{"@type":"WebSite","@id":"https:\/\/eldigitaldeasturias.com\/magazine365\/#website","url":"https:\/\/eldigitaldeasturias.com\/magazine365\/","name":"El Digital de Asturias","description":"Revista de ocio, turismo y estilo de vida","inLanguage":"es-ES","publisher":{"@id":"https:\/\/eldigitaldeasturias.com\/magazine365\/#organization"}}]},"og:locale":"es_ES","og:site_name":"El Digital de Asturias \u2013 Revista de ocio, turismo y estilo de vida","og:type":"article","og:title":"\u00abCu\u00e9ntame c\u00f3mo pas\u00f3\u00bb acaba en T\u00e1nger el rodaje de la temporada | El Digital de Asturias","og:description":"Madrid, 21 may (EFE).- La medina de T\u00e1nger, en Marruecos, fue el escenario del rodaje del cap\u00edtulo final de la actual temporada de &quot;Cu\u00e9ntame c\u00f3mo pas\u00f3&quot;, de la que quedan por emitir cuatro cap\u00edtulos en los que se esperan &quot;giros inesperados hasta llegar a su sorprendente final&quot;, ha avanzado hoy TVE. Con la participaci\u00f3n de","og:url":"https:\/\/eldigitaldeasturias.com\/magazine365\/cuentame-como-paso-acaba-en-tanger-el-rodaje-de-la-temporada\/","og:image":"https:\/\/eldigitaldeasturias.com\/magazine365\/wp-content\/uploads\/2014\/05\/6283602w.jpg","og:image:secure_url":"https:\/\/eldigitaldeasturias.com\/magazine365\/wp-content\/uploads\/2014\/05\/6283602w.jpg","og:image:width":800,"og:image:height":535,"article:published_time":"2014-05-22T00:59:51+00:00","article:modified_time":"2014-05-22T00:59:51+00:00","twitter:card":"summary_large_image","twitter:title":"\u00abCu\u00e9ntame c\u00f3mo pas\u00f3\u00bb acaba en T\u00e1nger el rodaje de la temporada | El Digital de Asturias","twitter:description":"Madrid, 21 may (EFE).- La medina de T\u00e1nger, en Marruecos, fue el escenario del rodaje del cap\u00edtulo final de la actual temporada de &quot;Cu\u00e9ntame c\u00f3mo pas\u00f3&quot;, de la que quedan por emitir cuatro cap\u00edtulos en los que se esperan &quot;giros inesperados hasta llegar a su sorprendente final&quot;, ha avanzado hoy TVE. Con la participaci\u00f3n de","twitter:image":"https:\/\/eldigitaldeasturias.com\/magazine365\/wp-content\/uploads\/2014\/05\/6283602w.jpg"},"aioseo_meta_data":{"post_id":"13481","title":null,"description":null,"keywords":null,"keyphrases":null,"primary_term":null,"canonical_url":null,"og_title":null,"og_description":null,"og_object_type":"default","og_image_type":"default","og_image_url":null,"og_image_width":null,"og_image_height":null,"og_image_custom_url":null,"og_image_custom_fields":null,"og_video":null,"og_custom_url":null,"og_article_section":null,"og_article_tags":null,"twitter_use_og":false,"twitter_card":"default","twitter_image_type":"default","twitter_image_url":null,"twitter_image_custom_url":null,"twitter_image_custom_fields":null,"twitter_title":null,"twitter_description":null,"schema":{"blockGraphs":[],"customGraphs":[],"default":{"data":{"Article":[],"Course":[],"Dataset":[],"FAQPage":[],"Movie":[],"Person":[],"Product":[],"ProductReview":[],"Car":[],"Recipe":[],"Service":[],"SoftwareApplication":[],"WebPage":[]},"graphName":"","isEnabled":true},"graphs":[],"defaultGraph":"","defaultPostTypeGraph":""},"schema_type":null,"schema_type_options":null,"pillar_content":false,"robots_default":true,"robots_noindex":false,"robots_noarchive":false,"robots_nosnippet":false,"robots_nofollow":false,"robots_noimageindex":false,"robots_noodp":false,"robots_notranslate":false,"robots_max_snippet":null,"robots_max_videopreview":null,"robots_max_imagepreview":"large","priority":null,"frequency":null,"location":null,"local_seo":null,"seo_analyzer_scan_date":"2025-09-17 08:21:11","breadcrumb_settings":null,"limit_modified_date":false,"open_ai":null,"ai":null,"created":"2021-03-09 08:27:55","updated":"2025-09-17 08:21:11"},"aioseo_breadcrumb":"<div class=\"aioseo-breadcrumbs\"><span class=\"aioseo-breadcrumb\">\n\t<a href=\"https:\/\/eldigitaldeasturias.com\/magazine365\" title=\"Home\">Home<\/a>\n<\/span><span class=\"aioseo-breadcrumb-separator\">\u2013<\/span><span class=\"aioseo-breadcrumb\">\n\t<a href=\"https:\/\/eldigitaldeasturias.com\/magazine365\/category\/noticias-actualidad\/\" title=\"Noticias y Actualidad\">Noticias y Actualidad<\/a>\n<\/span><span class=\"aioseo-breadcrumb-separator\">\u2013<\/span><span class=\"aioseo-breadcrumb\">\n\t<a href=\"https:\/\/eldigitaldeasturias.com\/magazine365\/cuentame-como-paso-acaba-en-tanger-el-rodaje-de-la-temporada\/\" title=\"\u00abCu\u00e9ntame c\u00f3mo pas\u00f3\u00bb acaba en T\u00e1nger el rodaje de la temporada\">\u00abCu\u00e9ntame c\u00f3mo pas\u00f3\u00bb acaba en T\u00e1nger el rodaje de la temporada<\/a>\n<\/span><\/div>","aioseo_breadcrumb_json":[{"label":"Home","link":"https:\/\/eldigitaldeasturias.com\/magazine365"},{"label":"Noticias y Actualidad","link":"https:\/\/eldigitaldeasturias.com\/magazine365\/category\/noticias-actualidad\/"},{"label":"\u00abCu\u00e9ntame c\u00f3mo pas\u00f3\u00bb acaba en T\u00e1nger el rodaje de la temporada","link":"https:\/\/eldigitaldeasturias.com\/magazine365\/cuentame-como-paso-acaba-en-tanger-el-rodaje-de-la-temporada\/"}],"_links":{"self":[{"href":"https:\/\/eldigitaldeasturias.com\/magazine365\/wp-json\/wp\/v2\/posts\/13481","targetHints":{"allow":["GET"]}}],"collection":[{"href":"https:\/\/eldigitaldeasturias.com\/magazine365\/wp-json\/wp\/v2\/posts"}],"about":[{"href":"https:\/\/eldigitaldeasturias.com\/magazine365\/wp-json\/wp\/v2\/types\/post"}],"author":[{"embeddable":true,"href":"https:\/\/eldigitaldeasturias.com\/magazine365\/wp-json\/wp\/v2\/users\/1"}],"replies":[{"embeddable":true,"href":"https:\/\/eldigitaldeasturias.com\/magazine365\/wp-json\/wp\/v2\/comments?post=13481"}],"version-history":[{"count":0,"href":"https:\/\/eldigitaldeasturias.com\/magazine365\/wp-json\/wp\/v2\/posts\/13481\/revisions"}],"wp:featuredmedia":[{"embeddable":true,"href":"https:\/\/eldigitaldeasturias.com\/magazine365\/wp-json\/wp\/v2\/media\/13482"}],"wp:attachment":[{"href":"https:\/\/eldigitaldeasturias.com\/magazine365\/wp-json\/wp\/v2\/media?parent=13481"}],"wp:term":[{"taxonomy":"category","embeddable":true,"href":"https:\/\/eldigitaldeasturias.com\/magazine365\/wp-json\/wp\/v2\/categories?post=13481"},{"taxonomy":"post_tag","embeddable":true,"href":"https:\/\/eldigitaldeasturias.com\/magazine365\/wp-json\/wp\/v2\/tags?post=13481"}],"curies":[{"name":"wp","href":"https:\/\/api.w.org\/{rel}","templated":true}]}}