{"id":13478,"date":"2014-05-21T22:51:10","date_gmt":"2014-05-22T00:51:10","guid":{"rendered":"http:\/\/eldigitaldeasturias.com\/magazine365\/?p=13478"},"modified":"2014-05-21T22:51:10","modified_gmt":"2014-05-22T00:51:10","slug":"once-guitarristas-nipones-marcados-por-paco-de-lucia-homenajean-a-su-maestro","status":"publish","type":"post","link":"https:\/\/eldigitaldeasturias.com\/magazine365\/once-guitarristas-nipones-marcados-por-paco-de-lucia-homenajean-a-su-maestro\/","title":{"rendered":"Once guitarristas nipones marcados por Paco de Luc\u00eda homenajean a su maestro"},"content":{"rendered":"<p><img fetchpriority=\"high\" decoding=\"async\" class=\"alignleft size-medium wp-image-13479\" alt=\"6281861w\" src=\"https:\/\/eldigitaldeasturias.com\/magazine365\/wp-content\/uploads\/2014\/05\/6281861w-360x196.jpg\" width=\"360\" height=\"196\" \/>Tokio, 21 may (EFE).- Once guitarristas japoneses cuya trayectoria ha estado marcada por Paco de Luc\u00eda o que incluso le conocieron personalmente rinden hoy en Tokio un homenaje al genio del flamenco.<\/p>\n<p>Entre ellos est\u00e1 una prometedora guitarrista de 15 a\u00f1os, Naho Akutsu, que decidi\u00f3 estudiar toque flamenco inspirada por la m\u00fasica del artista gaditano, o el internacionalmente reconocido Eizo Tawara, el primer japon\u00e9s en actuar en la Bienal de Flamenco de Sevilla y en el festival Suma Flamenca de Madrid.<\/p>\n<p>El evento, un concierto-coloquio organizado por el Instituto Cervantes de Tokio, est\u00e1 dirigido por el guitarrista y cr\u00edtico musical nip\u00f3n especializado en flamenco Masami Takaba, y por el tambi\u00e9n guitarrista y consejero de la Asociaci\u00f3n Flamenca de Jap\u00f3n Hideo Suzuki, quienes conocieron personalmente a Paco de Luc\u00eda.<\/p>\n<p>Suzuki presenci\u00f3 el primer concierto de Paco de Luc\u00eda en Jap\u00f3n en 1972, en la ciudad de Osaka, y qued\u00f3 tan marcado por su actuaci\u00f3n que decidi\u00f3 viajar a Espa\u00f1a para perfeccionar su t\u00e9cnica y profundizar en la cultura flamenca, seg\u00fan explic\u00f3 en declaraciones telef\u00f3nicas a Efe.<\/p>\n<p>\u00abNunca hab\u00eda visto algo as\u00ed\u00bb, recuerda Suzuki, que se acerc\u00f3 al m\u00fasico y compositor tras su actuaci\u00f3n, qued\u00f3 sorprendido por su \u00absencillez\u00bb y le invit\u00f3 a visitar el tablao flamenco que regentaba en Kobe (sur de Tokio).<\/p>\n<p>Suzuki tambi\u00e9n pidi\u00f3 a Paco de Luc\u00eda que actuara en una velada flamenca organizada en su local, aunque para atraer a m\u00e1s p\u00fablico anunci\u00f3 como cabeza de cartel a una popular bailaora japonesa de la \u00e9poca, ya que el m\u00fasico andaluz a\u00fan no era a\u00fan conocido en Jap\u00f3n.<\/p>\n<p>\u00abLa gente se dio cuenta r\u00e1pidamente de que estaba ante un guitarrista \u00fanico\u00bb, relata Suzuki, quien ha mantenido el contacto con el artista durante las \u00faltimas tres d\u00e9cadas.<\/p>\n<p>Su desaparici\u00f3n \u00abes una gran p\u00e9rdida para el mundo de la m\u00fasica y del flamenco\u00bb, a\u00f1ade el guitarrista japon\u00e9s, quien comentar\u00e1 el legado art\u00edstico y otros \u00abrecuerdos y an\u00e9cdotas\u00bb que comparti\u00f3 con el virtuoso andaluz junto a los otros diez m\u00fasicos participantes, e interpretar\u00e1 una composici\u00f3n propia.<\/p>\n<p>\u00abPara m\u00ed ser\u00eda imposible tocar una pieza de Paco de Luc\u00eda, \u00e9l estaba a otro nivel\u00bb, admite entre risas Suzuki.<\/p>\n<p>La comunidad del flamenco en Jap\u00f3n -segundo pa\u00eds del mundo por detr\u00e1s de Espa\u00f1a, en n\u00famero de personas que aprenden y practican esta disciplina- lament\u00f3 la muerte del guitarrista y compositor espa\u00f1ol Paco de Luc\u00eda, al que consideran como el m\u00fasico de esta disciplina m\u00e1s influyente en el pa\u00eds asi\u00e1tico.<\/p>\n<p>Paco de Luc\u00eda muri\u00f3 el pasado febrero a los 66 a\u00f1os de edad, y su aportaci\u00f3n al flamenco ha sido reconocida de forma un\u00e1nime por cr\u00edticos y aficionados de todo el mundo.<\/p>\n","protected":false},"excerpt":{"rendered":"<p>Tokio, 21 may (EFE).- Once guitarristas japoneses cuya trayectoria ha estado marcada por Paco de Luc\u00eda o que incluso le conocieron personalmente rinden hoy en Tokio un homenaje al genio del flamenco. Entre ellos est\u00e1 una prometedora guitarrista de 15 a\u00f1os, Naho Akutsu, que decidi\u00f3 estudiar toque flamenco inspirada por la m\u00fasica del artista gaditano,<\/p>\n","protected":false},"author":1,"featured_media":13479,"comment_status":"open","ping_status":"closed","sticky":false,"template":"","format":"standard","meta":{"footnotes":""},"categories":[224],"tags":[],"class_list":{"0":"post-13478","1":"post","2":"type-post","3":"status-publish","4":"format-standard","5":"has-post-thumbnail","7":"category-noticias-actualidad"},"aioseo_notices":[],"aioseo_head":"\n\t\t<!-- All in One SEO Pro 4.9.6.1 - aioseo.com -->\n\t<meta name=\"description\" content=\"Tokio, 21 may (EFE).- Once guitarristas japoneses cuya trayectoria ha estado marcada por Paco de Luc\u00eda o que incluso le conocieron personalmente rinden hoy en Tokio un homenaje al genio del flamenco. Entre ellos est\u00e1 una prometedora guitarrista de 15 a\u00f1os, Naho Akutsu, que decidi\u00f3 estudiar toque flamenco inspirada por la m\u00fasica del artista gaditano,\" \/>\n\t<meta name=\"robots\" content=\"max-image-preview:large\" \/>\n\t<meta name=\"author\" content=\"admin\"\/>\n\t<meta name=\"google-site-verification\" content=\"UA-38556648-1\" \/>\n\t<meta name=\"keywords\" content=\"noticias y actualidad\" \/>\n\t<link rel=\"canonical\" href=\"https:\/\/eldigitaldeasturias.com\/magazine365\/once-guitarristas-nipones-marcados-por-paco-de-lucia-homenajean-a-su-maestro\/\" \/>\n\t<meta name=\"generator\" content=\"All in One SEO Pro (AIOSEO) 4.9.6.1\" \/>\n\t\t<meta property=\"og:locale\" content=\"es_ES\" \/>\n\t\t<meta property=\"og:site_name\" content=\"El Digital de Asturias \u2013 Revista de ocio, turismo y estilo de vida\" \/>\n\t\t<meta property=\"og:type\" content=\"article\" \/>\n\t\t<meta property=\"og:title\" content=\"Once guitarristas nipones marcados por Paco de Luc\u00eda homenajean a su maestro | El Digital de Asturias\" \/>\n\t\t<meta property=\"og:description\" content=\"Tokio, 21 may (EFE).- Once guitarristas japoneses cuya trayectoria ha estado marcada por Paco de Luc\u00eda o que incluso le conocieron personalmente rinden hoy en Tokio un homenaje al genio del flamenco. Entre ellos est\u00e1 una prometedora guitarrista de 15 a\u00f1os, Naho Akutsu, que decidi\u00f3 estudiar toque flamenco inspirada por la m\u00fasica del artista gaditano,\" \/>\n\t\t<meta property=\"og:url\" content=\"https:\/\/eldigitaldeasturias.com\/magazine365\/once-guitarristas-nipones-marcados-por-paco-de-lucia-homenajean-a-su-maestro\/\" \/>\n\t\t<meta property=\"og:image\" content=\"https:\/\/eldigitaldeasturias.com\/magazine365\/wp-content\/uploads\/2014\/05\/6281861w.jpg\" \/>\n\t\t<meta property=\"og:image:secure_url\" content=\"https:\/\/eldigitaldeasturias.com\/magazine365\/wp-content\/uploads\/2014\/05\/6281861w.jpg\" \/>\n\t\t<meta property=\"og:image:width\" content=\"800\" \/>\n\t\t<meta property=\"og:image:height\" content=\"437\" \/>\n\t\t<meta property=\"article:published_time\" content=\"2014-05-22T00:51:10+00:00\" \/>\n\t\t<meta property=\"article:modified_time\" content=\"2014-05-22T00:51:10+00:00\" \/>\n\t\t<meta name=\"twitter:card\" content=\"summary_large_image\" \/>\n\t\t<meta name=\"twitter:title\" content=\"Once guitarristas nipones marcados por Paco de Luc\u00eda homenajean a su maestro | El Digital de Asturias\" \/>\n\t\t<meta name=\"twitter:description\" content=\"Tokio, 21 may (EFE).- Once guitarristas japoneses cuya trayectoria ha estado marcada por Paco de Luc\u00eda o que incluso le conocieron personalmente rinden hoy en Tokio un homenaje al genio del flamenco. Entre ellos est\u00e1 una prometedora guitarrista de 15 a\u00f1os, Naho Akutsu, que decidi\u00f3 estudiar toque flamenco inspirada por la m\u00fasica del artista gaditano,\" \/>\n\t\t<meta name=\"twitter:image\" content=\"https:\/\/eldigitaldeasturias.com\/magazine365\/wp-content\/uploads\/2014\/05\/6281861w.jpg\" \/>\n\t\t<script type=\"application\/ld+json\" class=\"aioseo-schema\">\n\t\t\t{\"@context\":\"https:\\\/\\\/schema.org\",\"@graph\":[{\"@type\":\"Article\",\"@id\":\"https:\\\/\\\/eldigitaldeasturias.com\\\/magazine365\\\/once-guitarristas-nipones-marcados-por-paco-de-lucia-homenajean-a-su-maestro\\\/#article\",\"name\":\"Once guitarristas nipones marcados por Paco de Luc\\u00eda homenajean a su maestro | El Digital de Asturias\",\"headline\":\"Once guitarristas nipones marcados por Paco de Luc\\u00eda homenajean a su maestro\",\"author\":{\"@id\":\"https:\\\/\\\/eldigitaldeasturias.com\\\/magazine365\\\/author\\\/admin\\\/#author\"},\"publisher\":{\"@id\":\"https:\\\/\\\/eldigitaldeasturias.com\\\/magazine365\\\/#organization\"},\"image\":{\"@type\":\"ImageObject\",\"url\":\"https:\\\/\\\/eldigitaldeasturias.com\\\/magazine365\\\/wp-content\\\/uploads\\\/2014\\\/05\\\/6281861w.jpg\",\"width\":800,\"height\":437},\"datePublished\":\"2014-05-21T22:51:10+02:00\",\"dateModified\":\"2014-05-21T22:51:10+02:00\",\"inLanguage\":\"es-ES\",\"mainEntityOfPage\":{\"@id\":\"https:\\\/\\\/eldigitaldeasturias.com\\\/magazine365\\\/once-guitarristas-nipones-marcados-por-paco-de-lucia-homenajean-a-su-maestro\\\/#webpage\"},\"isPartOf\":{\"@id\":\"https:\\\/\\\/eldigitaldeasturias.com\\\/magazine365\\\/once-guitarristas-nipones-marcados-por-paco-de-lucia-homenajean-a-su-maestro\\\/#webpage\"},\"articleSection\":\"Noticias y Actualidad\"},{\"@type\":\"BreadcrumbList\",\"@id\":\"https:\\\/\\\/eldigitaldeasturias.com\\\/magazine365\\\/once-guitarristas-nipones-marcados-por-paco-de-lucia-homenajean-a-su-maestro\\\/#breadcrumblist\",\"itemListElement\":[{\"@type\":\"ListItem\",\"@id\":\"https:\\\/\\\/eldigitaldeasturias.com\\\/magazine365#listItem\",\"position\":1,\"name\":\"Home\",\"item\":\"https:\\\/\\\/eldigitaldeasturias.com\\\/magazine365\",\"nextItem\":{\"@type\":\"ListItem\",\"@id\":\"https:\\\/\\\/eldigitaldeasturias.com\\\/magazine365\\\/category\\\/noticias-actualidad\\\/#listItem\",\"name\":\"Noticias y Actualidad\"}},{\"@type\":\"ListItem\",\"@id\":\"https:\\\/\\\/eldigitaldeasturias.com\\\/magazine365\\\/category\\\/noticias-actualidad\\\/#listItem\",\"position\":2,\"name\":\"Noticias y Actualidad\",\"item\":\"https:\\\/\\\/eldigitaldeasturias.com\\\/magazine365\\\/category\\\/noticias-actualidad\\\/\",\"nextItem\":{\"@type\":\"ListItem\",\"@id\":\"https:\\\/\\\/eldigitaldeasturias.com\\\/magazine365\\\/once-guitarristas-nipones-marcados-por-paco-de-lucia-homenajean-a-su-maestro\\\/#listItem\",\"name\":\"Once guitarristas nipones marcados por Paco de Luc\\u00eda homenajean a su maestro\"},\"previousItem\":{\"@type\":\"ListItem\",\"@id\":\"https:\\\/\\\/eldigitaldeasturias.com\\\/magazine365#listItem\",\"name\":\"Home\"}},{\"@type\":\"ListItem\",\"@id\":\"https:\\\/\\\/eldigitaldeasturias.com\\\/magazine365\\\/once-guitarristas-nipones-marcados-por-paco-de-lucia-homenajean-a-su-maestro\\\/#listItem\",\"position\":3,\"name\":\"Once guitarristas nipones marcados por Paco de Luc\\u00eda homenajean a su maestro\",\"previousItem\":{\"@type\":\"ListItem\",\"@id\":\"https:\\\/\\\/eldigitaldeasturias.com\\\/magazine365\\\/category\\\/noticias-actualidad\\\/#listItem\",\"name\":\"Noticias y Actualidad\"}}]},{\"@type\":\"Organization\",\"@id\":\"https:\\\/\\\/eldigitaldeasturias.com\\\/magazine365\\\/#organization\",\"name\":\"El digital de Asturias\",\"description\":\"Revista de ocio, turismo y estilo de vida\",\"url\":\"https:\\\/\\\/eldigitaldeasturias.com\\\/magazine365\\\/\",\"logo\":{\"@type\":\"ImageObject\",\"url\":\"https:\\\/\\\/www.eldigitaldeasturias.com\\\/noticias\\\/wp-content\\\/uploads\\\/2020\\\/12\\\/EDA.jpg\",\"@id\":\"https:\\\/\\\/eldigitaldeasturias.com\\\/magazine365\\\/once-guitarristas-nipones-marcados-por-paco-de-lucia-homenajean-a-su-maestro\\\/#organizationLogo\"},\"image\":{\"@id\":\"https:\\\/\\\/eldigitaldeasturias.com\\\/magazine365\\\/once-guitarristas-nipones-marcados-por-paco-de-lucia-homenajean-a-su-maestro\\\/#organizationLogo\"}},{\"@type\":\"Person\",\"@id\":\"https:\\\/\\\/eldigitaldeasturias.com\\\/magazine365\\\/author\\\/admin\\\/#author\",\"url\":\"https:\\\/\\\/eldigitaldeasturias.com\\\/magazine365\\\/author\\\/admin\\\/\",\"name\":\"admin\",\"image\":{\"@type\":\"ImageObject\",\"@id\":\"https:\\\/\\\/eldigitaldeasturias.com\\\/magazine365\\\/once-guitarristas-nipones-marcados-por-paco-de-lucia-homenajean-a-su-maestro\\\/#authorImage\",\"url\":\"https:\\\/\\\/eldigitaldeasturias.com\\\/magazine365\\\/wp-content\\\/litespeed\\\/avatar\\\/e571bcf59a0edd6fa6838245a470f2fe.jpg?ver=1776969259\",\"width\":96,\"height\":96,\"caption\":\"admin\"}},{\"@type\":\"WebPage\",\"@id\":\"https:\\\/\\\/eldigitaldeasturias.com\\\/magazine365\\\/once-guitarristas-nipones-marcados-por-paco-de-lucia-homenajean-a-su-maestro\\\/#webpage\",\"url\":\"https:\\\/\\\/eldigitaldeasturias.com\\\/magazine365\\\/once-guitarristas-nipones-marcados-por-paco-de-lucia-homenajean-a-su-maestro\\\/\",\"name\":\"Once guitarristas nipones marcados por Paco de Luc\\u00eda homenajean a su maestro | El Digital de Asturias\",\"description\":\"Tokio, 21 may (EFE).- Once guitarristas japoneses cuya trayectoria ha estado marcada por Paco de Luc\\u00eda o que incluso le conocieron personalmente rinden hoy en Tokio un homenaje al genio del flamenco. Entre ellos est\\u00e1 una prometedora guitarrista de 15 a\\u00f1os, Naho Akutsu, que decidi\\u00f3 estudiar toque flamenco inspirada por la m\\u00fasica del artista gaditano,\",\"inLanguage\":\"es-ES\",\"isPartOf\":{\"@id\":\"https:\\\/\\\/eldigitaldeasturias.com\\\/magazine365\\\/#website\"},\"breadcrumb\":{\"@id\":\"https:\\\/\\\/eldigitaldeasturias.com\\\/magazine365\\\/once-guitarristas-nipones-marcados-por-paco-de-lucia-homenajean-a-su-maestro\\\/#breadcrumblist\"},\"author\":{\"@id\":\"https:\\\/\\\/eldigitaldeasturias.com\\\/magazine365\\\/author\\\/admin\\\/#author\"},\"creator\":{\"@id\":\"https:\\\/\\\/eldigitaldeasturias.com\\\/magazine365\\\/author\\\/admin\\\/#author\"},\"image\":{\"@type\":\"ImageObject\",\"url\":\"https:\\\/\\\/eldigitaldeasturias.com\\\/magazine365\\\/wp-content\\\/uploads\\\/2014\\\/05\\\/6281861w.jpg\",\"@id\":\"https:\\\/\\\/eldigitaldeasturias.com\\\/magazine365\\\/once-guitarristas-nipones-marcados-por-paco-de-lucia-homenajean-a-su-maestro\\\/#mainImage\",\"width\":800,\"height\":437},\"primaryImageOfPage\":{\"@id\":\"https:\\\/\\\/eldigitaldeasturias.com\\\/magazine365\\\/once-guitarristas-nipones-marcados-por-paco-de-lucia-homenajean-a-su-maestro\\\/#mainImage\"},\"datePublished\":\"2014-05-21T22:51:10+02:00\",\"dateModified\":\"2014-05-21T22:51:10+02:00\"},{\"@type\":\"WebSite\",\"@id\":\"https:\\\/\\\/eldigitaldeasturias.com\\\/magazine365\\\/#website\",\"url\":\"https:\\\/\\\/eldigitaldeasturias.com\\\/magazine365\\\/\",\"name\":\"El Digital de Asturias\",\"description\":\"Revista de ocio, turismo y estilo de vida\",\"inLanguage\":\"es-ES\",\"publisher\":{\"@id\":\"https:\\\/\\\/eldigitaldeasturias.com\\\/magazine365\\\/#organization\"}}]}\n\t\t<\/script>\n\t\t<!-- All in One SEO Pro -->\r\n\t\t<title>Once guitarristas nipones marcados por Paco de Luc\u00eda homenajean a su maestro | El Digital de Asturias<\/title>\n\n","aioseo_head_json":{"title":"Once guitarristas nipones marcados por Paco de Luc\u00eda homenajean a su maestro | El Digital de Asturias","description":"Tokio, 21 may (EFE).- Once guitarristas japoneses cuya trayectoria ha estado marcada por Paco de Luc\u00eda o que incluso le conocieron personalmente rinden hoy en Tokio un homenaje al genio del flamenco. Entre ellos est\u00e1 una prometedora guitarrista de 15 a\u00f1os, Naho Akutsu, que decidi\u00f3 estudiar toque flamenco inspirada por la m\u00fasica del artista gaditano,","canonical_url":"https:\/\/eldigitaldeasturias.com\/magazine365\/once-guitarristas-nipones-marcados-por-paco-de-lucia-homenajean-a-su-maestro\/","robots":"max-image-preview:large","keywords":"noticias y actualidad","webmasterTools":{"google-site-verification":"UA-38556648-1","miscellaneous":""},"schema":{"@context":"https:\/\/schema.org","@graph":[{"@type":"Article","@id":"https:\/\/eldigitaldeasturias.com\/magazine365\/once-guitarristas-nipones-marcados-por-paco-de-lucia-homenajean-a-su-maestro\/#article","name":"Once guitarristas nipones marcados por Paco de Luc\u00eda homenajean a su maestro | El Digital de Asturias","headline":"Once guitarristas nipones marcados por Paco de Luc\u00eda homenajean a su maestro","author":{"@id":"https:\/\/eldigitaldeasturias.com\/magazine365\/author\/admin\/#author"},"publisher":{"@id":"https:\/\/eldigitaldeasturias.com\/magazine365\/#organization"},"image":{"@type":"ImageObject","url":"https:\/\/eldigitaldeasturias.com\/magazine365\/wp-content\/uploads\/2014\/05\/6281861w.jpg","width":800,"height":437},"datePublished":"2014-05-21T22:51:10+02:00","dateModified":"2014-05-21T22:51:10+02:00","inLanguage":"es-ES","mainEntityOfPage":{"@id":"https:\/\/eldigitaldeasturias.com\/magazine365\/once-guitarristas-nipones-marcados-por-paco-de-lucia-homenajean-a-su-maestro\/#webpage"},"isPartOf":{"@id":"https:\/\/eldigitaldeasturias.com\/magazine365\/once-guitarristas-nipones-marcados-por-paco-de-lucia-homenajean-a-su-maestro\/#webpage"},"articleSection":"Noticias y Actualidad"},{"@type":"BreadcrumbList","@id":"https:\/\/eldigitaldeasturias.com\/magazine365\/once-guitarristas-nipones-marcados-por-paco-de-lucia-homenajean-a-su-maestro\/#breadcrumblist","itemListElement":[{"@type":"ListItem","@id":"https:\/\/eldigitaldeasturias.com\/magazine365#listItem","position":1,"name":"Home","item":"https:\/\/eldigitaldeasturias.com\/magazine365","nextItem":{"@type":"ListItem","@id":"https:\/\/eldigitaldeasturias.com\/magazine365\/category\/noticias-actualidad\/#listItem","name":"Noticias y Actualidad"}},{"@type":"ListItem","@id":"https:\/\/eldigitaldeasturias.com\/magazine365\/category\/noticias-actualidad\/#listItem","position":2,"name":"Noticias y Actualidad","item":"https:\/\/eldigitaldeasturias.com\/magazine365\/category\/noticias-actualidad\/","nextItem":{"@type":"ListItem","@id":"https:\/\/eldigitaldeasturias.com\/magazine365\/once-guitarristas-nipones-marcados-por-paco-de-lucia-homenajean-a-su-maestro\/#listItem","name":"Once guitarristas nipones marcados por Paco de Luc\u00eda homenajean a su maestro"},"previousItem":{"@type":"ListItem","@id":"https:\/\/eldigitaldeasturias.com\/magazine365#listItem","name":"Home"}},{"@type":"ListItem","@id":"https:\/\/eldigitaldeasturias.com\/magazine365\/once-guitarristas-nipones-marcados-por-paco-de-lucia-homenajean-a-su-maestro\/#listItem","position":3,"name":"Once guitarristas nipones marcados por Paco de Luc\u00eda homenajean a su maestro","previousItem":{"@type":"ListItem","@id":"https:\/\/eldigitaldeasturias.com\/magazine365\/category\/noticias-actualidad\/#listItem","name":"Noticias y Actualidad"}}]},{"@type":"Organization","@id":"https:\/\/eldigitaldeasturias.com\/magazine365\/#organization","name":"El digital de Asturias","description":"Revista de ocio, turismo y estilo de vida","url":"https:\/\/eldigitaldeasturias.com\/magazine365\/","logo":{"@type":"ImageObject","url":"https:\/\/www.eldigitaldeasturias.com\/noticias\/wp-content\/uploads\/2020\/12\/EDA.jpg","@id":"https:\/\/eldigitaldeasturias.com\/magazine365\/once-guitarristas-nipones-marcados-por-paco-de-lucia-homenajean-a-su-maestro\/#organizationLogo"},"image":{"@id":"https:\/\/eldigitaldeasturias.com\/magazine365\/once-guitarristas-nipones-marcados-por-paco-de-lucia-homenajean-a-su-maestro\/#organizationLogo"}},{"@type":"Person","@id":"https:\/\/eldigitaldeasturias.com\/magazine365\/author\/admin\/#author","url":"https:\/\/eldigitaldeasturias.com\/magazine365\/author\/admin\/","name":"admin","image":{"@type":"ImageObject","@id":"https:\/\/eldigitaldeasturias.com\/magazine365\/once-guitarristas-nipones-marcados-por-paco-de-lucia-homenajean-a-su-maestro\/#authorImage","url":"https:\/\/eldigitaldeasturias.com\/magazine365\/wp-content\/litespeed\/avatar\/e571bcf59a0edd6fa6838245a470f2fe.jpg?ver=1776969259","width":96,"height":96,"caption":"admin"}},{"@type":"WebPage","@id":"https:\/\/eldigitaldeasturias.com\/magazine365\/once-guitarristas-nipones-marcados-por-paco-de-lucia-homenajean-a-su-maestro\/#webpage","url":"https:\/\/eldigitaldeasturias.com\/magazine365\/once-guitarristas-nipones-marcados-por-paco-de-lucia-homenajean-a-su-maestro\/","name":"Once guitarristas nipones marcados por Paco de Luc\u00eda homenajean a su maestro | El Digital de Asturias","description":"Tokio, 21 may (EFE).- Once guitarristas japoneses cuya trayectoria ha estado marcada por Paco de Luc\u00eda o que incluso le conocieron personalmente rinden hoy en Tokio un homenaje al genio del flamenco. Entre ellos est\u00e1 una prometedora guitarrista de 15 a\u00f1os, Naho Akutsu, que decidi\u00f3 estudiar toque flamenco inspirada por la m\u00fasica del artista gaditano,","inLanguage":"es-ES","isPartOf":{"@id":"https:\/\/eldigitaldeasturias.com\/magazine365\/#website"},"breadcrumb":{"@id":"https:\/\/eldigitaldeasturias.com\/magazine365\/once-guitarristas-nipones-marcados-por-paco-de-lucia-homenajean-a-su-maestro\/#breadcrumblist"},"author":{"@id":"https:\/\/eldigitaldeasturias.com\/magazine365\/author\/admin\/#author"},"creator":{"@id":"https:\/\/eldigitaldeasturias.com\/magazine365\/author\/admin\/#author"},"image":{"@type":"ImageObject","url":"https:\/\/eldigitaldeasturias.com\/magazine365\/wp-content\/uploads\/2014\/05\/6281861w.jpg","@id":"https:\/\/eldigitaldeasturias.com\/magazine365\/once-guitarristas-nipones-marcados-por-paco-de-lucia-homenajean-a-su-maestro\/#mainImage","width":800,"height":437},"primaryImageOfPage":{"@id":"https:\/\/eldigitaldeasturias.com\/magazine365\/once-guitarristas-nipones-marcados-por-paco-de-lucia-homenajean-a-su-maestro\/#mainImage"},"datePublished":"2014-05-21T22:51:10+02:00","dateModified":"2014-05-21T22:51:10+02:00"},{"@type":"WebSite","@id":"https:\/\/eldigitaldeasturias.com\/magazine365\/#website","url":"https:\/\/eldigitaldeasturias.com\/magazine365\/","name":"El Digital de Asturias","description":"Revista de ocio, turismo y estilo de vida","inLanguage":"es-ES","publisher":{"@id":"https:\/\/eldigitaldeasturias.com\/magazine365\/#organization"}}]},"og:locale":"es_ES","og:site_name":"El Digital de Asturias \u2013 Revista de ocio, turismo y estilo de vida","og:type":"article","og:title":"Once guitarristas nipones marcados por Paco de Luc\u00eda homenajean a su maestro | El Digital de Asturias","og:description":"Tokio, 21 may (EFE).- Once guitarristas japoneses cuya trayectoria ha estado marcada por Paco de Luc\u00eda o que incluso le conocieron personalmente rinden hoy en Tokio un homenaje al genio del flamenco. Entre ellos est\u00e1 una prometedora guitarrista de 15 a\u00f1os, Naho Akutsu, que decidi\u00f3 estudiar toque flamenco inspirada por la m\u00fasica del artista gaditano,","og:url":"https:\/\/eldigitaldeasturias.com\/magazine365\/once-guitarristas-nipones-marcados-por-paco-de-lucia-homenajean-a-su-maestro\/","og:image":"https:\/\/eldigitaldeasturias.com\/magazine365\/wp-content\/uploads\/2014\/05\/6281861w.jpg","og:image:secure_url":"https:\/\/eldigitaldeasturias.com\/magazine365\/wp-content\/uploads\/2014\/05\/6281861w.jpg","og:image:width":800,"og:image:height":437,"article:published_time":"2014-05-22T00:51:10+00:00","article:modified_time":"2014-05-22T00:51:10+00:00","twitter:card":"summary_large_image","twitter:title":"Once guitarristas nipones marcados por Paco de Luc\u00eda homenajean a su maestro | El Digital de Asturias","twitter:description":"Tokio, 21 may (EFE).- Once guitarristas japoneses cuya trayectoria ha estado marcada por Paco de Luc\u00eda o que incluso le conocieron personalmente rinden hoy en Tokio un homenaje al genio del flamenco. Entre ellos est\u00e1 una prometedora guitarrista de 15 a\u00f1os, Naho Akutsu, que decidi\u00f3 estudiar toque flamenco inspirada por la m\u00fasica del artista gaditano,","twitter:image":"https:\/\/eldigitaldeasturias.com\/magazine365\/wp-content\/uploads\/2014\/05\/6281861w.jpg"},"aioseo_meta_data":{"post_id":"13478","title":null,"description":null,"keywords":null,"keyphrases":null,"primary_term":null,"canonical_url":null,"og_title":null,"og_description":null,"og_object_type":"default","og_image_type":"default","og_image_url":null,"og_image_width":null,"og_image_height":null,"og_image_custom_url":null,"og_image_custom_fields":null,"og_video":null,"og_custom_url":null,"og_article_section":null,"og_article_tags":null,"twitter_use_og":false,"twitter_card":"default","twitter_image_type":"default","twitter_image_url":null,"twitter_image_custom_url":null,"twitter_image_custom_fields":null,"twitter_title":null,"twitter_description":null,"schema":{"blockGraphs":[],"customGraphs":[],"default":{"data":{"Article":[],"Course":[],"Dataset":[],"FAQPage":[],"Movie":[],"Person":[],"Product":[],"ProductReview":[],"Car":[],"Recipe":[],"Service":[],"SoftwareApplication":[],"WebPage":[]},"graphName":"","isEnabled":true},"graphs":[],"defaultGraph":"","defaultPostTypeGraph":""},"schema_type":null,"schema_type_options":null,"pillar_content":false,"robots_default":true,"robots_noindex":false,"robots_noarchive":false,"robots_nosnippet":false,"robots_nofollow":false,"robots_noimageindex":false,"robots_noodp":false,"robots_notranslate":false,"robots_max_snippet":null,"robots_max_videopreview":null,"robots_max_imagepreview":"large","priority":null,"frequency":null,"location":null,"local_seo":null,"seo_analyzer_scan_date":"2025-09-17 08:21:09","breadcrumb_settings":null,"limit_modified_date":false,"open_ai":null,"ai":null,"created":"2021-03-09 08:27:55","updated":"2025-09-17 08:21:09"},"aioseo_breadcrumb":"<div class=\"aioseo-breadcrumbs\"><span class=\"aioseo-breadcrumb\">\n\t<a href=\"https:\/\/eldigitaldeasturias.com\/magazine365\" title=\"Home\">Home<\/a>\n<\/span><span class=\"aioseo-breadcrumb-separator\">\u2013<\/span><span class=\"aioseo-breadcrumb\">\n\t<a href=\"https:\/\/eldigitaldeasturias.com\/magazine365\/category\/noticias-actualidad\/\" title=\"Noticias y Actualidad\">Noticias y Actualidad<\/a>\n<\/span><span class=\"aioseo-breadcrumb-separator\">\u2013<\/span><span class=\"aioseo-breadcrumb\">\n\t<a href=\"https:\/\/eldigitaldeasturias.com\/magazine365\/once-guitarristas-nipones-marcados-por-paco-de-lucia-homenajean-a-su-maestro\/\" title=\"Once guitarristas nipones marcados por Paco de Luc\u00eda homenajean a su maestro\">Once guitarristas nipones marcados por Paco de Luc\u00eda homenajean a su maestro<\/a>\n<\/span><\/div>","aioseo_breadcrumb_json":[{"label":"Home","link":"https:\/\/eldigitaldeasturias.com\/magazine365"},{"label":"Noticias y Actualidad","link":"https:\/\/eldigitaldeasturias.com\/magazine365\/category\/noticias-actualidad\/"},{"label":"Once guitarristas nipones marcados por Paco de Luc\u00eda homenajean a su maestro","link":"https:\/\/eldigitaldeasturias.com\/magazine365\/once-guitarristas-nipones-marcados-por-paco-de-lucia-homenajean-a-su-maestro\/"}],"_links":{"self":[{"href":"https:\/\/eldigitaldeasturias.com\/magazine365\/wp-json\/wp\/v2\/posts\/13478","targetHints":{"allow":["GET"]}}],"collection":[{"href":"https:\/\/eldigitaldeasturias.com\/magazine365\/wp-json\/wp\/v2\/posts"}],"about":[{"href":"https:\/\/eldigitaldeasturias.com\/magazine365\/wp-json\/wp\/v2\/types\/post"}],"author":[{"embeddable":true,"href":"https:\/\/eldigitaldeasturias.com\/magazine365\/wp-json\/wp\/v2\/users\/1"}],"replies":[{"embeddable":true,"href":"https:\/\/eldigitaldeasturias.com\/magazine365\/wp-json\/wp\/v2\/comments?post=13478"}],"version-history":[{"count":0,"href":"https:\/\/eldigitaldeasturias.com\/magazine365\/wp-json\/wp\/v2\/posts\/13478\/revisions"}],"wp:featuredmedia":[{"embeddable":true,"href":"https:\/\/eldigitaldeasturias.com\/magazine365\/wp-json\/wp\/v2\/media\/13479"}],"wp:attachment":[{"href":"https:\/\/eldigitaldeasturias.com\/magazine365\/wp-json\/wp\/v2\/media?parent=13478"}],"wp:term":[{"taxonomy":"category","embeddable":true,"href":"https:\/\/eldigitaldeasturias.com\/magazine365\/wp-json\/wp\/v2\/categories?post=13478"},{"taxonomy":"post_tag","embeddable":true,"href":"https:\/\/eldigitaldeasturias.com\/magazine365\/wp-json\/wp\/v2\/tags?post=13478"}],"curies":[{"name":"wp","href":"https:\/\/api.w.org\/{rel}","templated":true}]}}