{"id":13475,"date":"2014-05-21T22:49:32","date_gmt":"2014-05-22T00:49:32","guid":{"rendered":"http:\/\/eldigitaldeasturias.com\/magazine365\/?p=13475"},"modified":"2014-05-21T22:49:32","modified_gmt":"2014-05-22T00:49:32","slug":"enrique-iglesias-recuerda-en-santiago-que-su-primera-novia-fue-chilena","status":"publish","type":"post","link":"https:\/\/eldigitaldeasturias.com\/magazine365\/enrique-iglesias-recuerda-en-santiago-que-su-primera-novia-fue-chilena\/","title":{"rendered":"Enrique Iglesias recuerda en Santiago que su primera novia fue chilena"},"content":{"rendered":"<p><img fetchpriority=\"high\" decoding=\"async\" class=\"alignleft size-medium wp-image-13476\" alt=\"6283475w\" src=\"https:\/\/eldigitaldeasturias.com\/magazine365\/wp-content\/uploads\/2014\/05\/6283475w-360x235.jpg\" width=\"360\" height=\"235\" srcset=\"https:\/\/eldigitaldeasturias.com\/magazine365\/wp-content\/uploads\/2014\/05\/6283475w-360x235.jpg 360w, https:\/\/eldigitaldeasturias.com\/magazine365\/wp-content\/uploads\/2014\/05\/6283475w-650x425.jpg 650w, https:\/\/eldigitaldeasturias.com\/magazine365\/wp-content\/uploads\/2014\/05\/6283475w-768x502.jpg 768w, https:\/\/eldigitaldeasturias.com\/magazine365\/wp-content\/uploads\/2014\/05\/6283475w-150x98.jpg 150w, https:\/\/eldigitaldeasturias.com\/magazine365\/wp-content\/uploads\/2014\/05\/6283475w-450x294.jpg 450w, https:\/\/eldigitaldeasturias.com\/magazine365\/wp-content\/uploads\/2014\/05\/6283475w-696x455.jpg 696w, https:\/\/eldigitaldeasturias.com\/magazine365\/wp-content\/uploads\/2014\/05\/6283475w-741x486.jpg 741w, https:\/\/eldigitaldeasturias.com\/magazine365\/wp-content\/uploads\/2014\/05\/6283475w-642x420.jpg 642w, https:\/\/eldigitaldeasturias.com\/magazine365\/wp-content\/uploads\/2014\/05\/6283475w-84x55.jpg 84w, https:\/\/eldigitaldeasturias.com\/magazine365\/wp-content\/uploads\/2014\/05\/6283475w.jpg 800w\" sizes=\"(max-width: 360px) 100vw, 360px\" \/>Santiago de Chile, 21 may (EFE).- Entre gritos, aplausos y alguna que otra l\u00e1grima, el cantante espa\u00f1ol Enrique Iglesias record\u00f3 anoche, que Santiago de Chile fue el escenario de su primer amor, una chilena a la que le dedic\u00f3 \u00abPor amarte\u00bb, despu\u00e9s de que ella le rompiera el coraz\u00f3n.<\/p>\n<p>Mucho tiempo y muchas novias han pasado por la vida del cantante, que desde el escenario del Movistar Arena en la capital chilena present\u00f3 \u00abSexo + Amor\u00bb, su \u00faltimo \u00e1lbum.<\/p>\n<p>Una canci\u00f3n que mezcla la versi\u00f3n limpia de \u00abTonight I&#8217;m fucking you\u00bb, y aquella en la que se atrev\u00eda a pronunciar la palabrota, present\u00f3 a este artista afincado en Miami, ante un p\u00fablico que llevaba seis a\u00f1os sediento de sus canciones.<\/p>\n<p>Y es que el hijo de Isabel Presley y Julio Iglesias no hab\u00eda pisado Chile desde el a\u00f1o 2008, y tras rescatar \u00abBailamos\u00bb del ba\u00fal de los recuerdos, prometi\u00f3 a sus fans que no tardar\u00eda tanto tiempo en volver.<\/p>\n<p>Afable, simp\u00e1tico, y dispuesto a firmar aut\u00f3grafos o a fotografiarse con tal de satisfacer a sus seguidores, Iglesias fue capaz de entonar \u00e9xitos de su \u00faltimo disco como \u00abLoco\u00bb o \u00abBailando\u00bb, a pesar de sus innumerables carreras por el pasillo central tras las que siempre volv\u00eda con alg\u00fan regalo nuevo.<\/p>\n<p>Ni el flato pudo frenarle. El cantante estaba bien abrigado por un selecto grupo de m\u00fasicos y coristas que sab\u00edan rescatarle cuando perd\u00eda una nota.<\/p>\n<p>El p\u00fablico tambi\u00e9n fue un buen colch\u00f3n para su voz, excepto una ni\u00f1ita llamada Daniela, que tras robarle el protagonismo sobre el escenario durante la interpretaci\u00f3n de \u00abH\u00e9roe\u00bb, se equivoc\u00f3 al acabar la \u00faltima frase: en vez de cantar \u00abpuede ser mi salvaci\u00f3n\u00bb decidi\u00f3 meter un \u00abh\u00e9roe\u00bb m\u00e1s.<\/p>\n<p>Humilde y sin miedo a dejar que sus m\u00fasicos se lucieran, Iglesias prepar\u00f3 un espect\u00e1culo en el que los solos de guitarra espa\u00f1ola, percusiones, e incluso del DJ, tuvieron su momento destacado.<\/p>\n<p>Ante todo ecl\u00e9ctico y capaz de mezclar baladas y electr\u00f3nica con su perfil m\u00e1s pop, Enrique Iglesias, cuyo lunar enloqueci\u00f3 a las mujeres en los a\u00f1os noventa, se perdi\u00f3 un poco en la letra de \u00abEscape\u00bb, y es que debe ser dif\u00edcil cantar con carteles indecentes a diez cent\u00edmetros de la cara.<\/p>\n<p>Diez discos de estudio a sus espaldas, aunque ninguno con tantas colaboraciones c\u00f3mo \u00abSex+Love\u00bb, entre el que se encuentran temas que compuso junto con otros artistas como \u00abLoco\u00bb, con la participaci\u00f3n de Romeo Santos, \u00abEl Perdedor\u00bb, a d\u00fao con el gran Marco Antonio Sol\u00eds, o \u00abI&#8217;m a Freak\u00bb junto al rapero Pitbull.<\/p>\n<p>Confeti, globos gigantes y un final ca\u00f1ero que coron\u00f3 \u00abI like it\u00bb, fueron la guinda del pastel de una noche m\u00e1gica para los miles de fans, que entre \u00e9xitos de ahora y siempre, por fin volv\u00edan a ver ese lunar que tanto echaban de menos.<\/p>\n","protected":false},"excerpt":{"rendered":"<p>Santiago de Chile, 21 may (EFE).- Entre gritos, aplausos y alguna que otra l\u00e1grima, el cantante espa\u00f1ol Enrique Iglesias record\u00f3 anoche, que Santiago de Chile fue el escenario de su primer amor, una chilena a la que le dedic\u00f3 \u00abPor amarte\u00bb, despu\u00e9s de que ella le rompiera el coraz\u00f3n. Mucho tiempo y muchas novias han<\/p>\n","protected":false},"author":1,"featured_media":13476,"comment_status":"open","ping_status":"closed","sticky":false,"template":"","format":"standard","meta":{"footnotes":""},"categories":[224],"tags":[],"class_list":{"0":"post-13475","1":"post","2":"type-post","3":"status-publish","4":"format-standard","5":"has-post-thumbnail","7":"category-noticias-actualidad"},"aioseo_notices":[],"aioseo_head":"\n\t\t<!-- All in One SEO Pro 4.9.6.1 - aioseo.com -->\n\t<meta name=\"description\" content=\"Santiago de Chile, 21 may (EFE).- Entre gritos, aplausos y alguna que otra l\u00e1grima, el cantante espa\u00f1ol Enrique Iglesias record\u00f3 anoche, que Santiago de Chile fue el escenario de su primer amor, una chilena a la que le dedic\u00f3 &quot;Por amarte&quot;, despu\u00e9s de que ella le rompiera el coraz\u00f3n. Mucho tiempo y muchas novias han\" \/>\n\t<meta name=\"robots\" content=\"max-image-preview:large\" \/>\n\t<meta name=\"author\" content=\"admin\"\/>\n\t<meta name=\"google-site-verification\" content=\"UA-38556648-1\" \/>\n\t<meta name=\"keywords\" content=\"noticias y actualidad\" \/>\n\t<link rel=\"canonical\" href=\"https:\/\/eldigitaldeasturias.com\/magazine365\/enrique-iglesias-recuerda-en-santiago-que-su-primera-novia-fue-chilena\/\" \/>\n\t<meta name=\"generator\" content=\"All in One SEO Pro (AIOSEO) 4.9.6.1\" \/>\n\t\t<meta property=\"og:locale\" content=\"es_ES\" \/>\n\t\t<meta property=\"og:site_name\" content=\"El Digital de Asturias \u2013 Revista de ocio, turismo y estilo de vida\" \/>\n\t\t<meta property=\"og:type\" content=\"article\" \/>\n\t\t<meta property=\"og:title\" content=\"Enrique Iglesias recuerda en Santiago que su primera novia fue chilena | El Digital de Asturias\" \/>\n\t\t<meta property=\"og:description\" content=\"Santiago de Chile, 21 may (EFE).- Entre gritos, aplausos y alguna que otra l\u00e1grima, el cantante espa\u00f1ol Enrique Iglesias record\u00f3 anoche, que Santiago de Chile fue el escenario de su primer amor, una chilena a la que le dedic\u00f3 &quot;Por amarte&quot;, despu\u00e9s de que ella le rompiera el coraz\u00f3n. Mucho tiempo y muchas novias han\" \/>\n\t\t<meta property=\"og:url\" content=\"https:\/\/eldigitaldeasturias.com\/magazine365\/enrique-iglesias-recuerda-en-santiago-que-su-primera-novia-fue-chilena\/\" \/>\n\t\t<meta property=\"og:image\" content=\"https:\/\/eldigitaldeasturias.com\/magazine365\/wp-content\/uploads\/2014\/05\/6283475w.jpg\" \/>\n\t\t<meta property=\"og:image:secure_url\" content=\"https:\/\/eldigitaldeasturias.com\/magazine365\/wp-content\/uploads\/2014\/05\/6283475w.jpg\" \/>\n\t\t<meta property=\"og:image:width\" content=\"800\" \/>\n\t\t<meta property=\"og:image:height\" content=\"523\" \/>\n\t\t<meta property=\"article:published_time\" content=\"2014-05-22T00:49:32+00:00\" \/>\n\t\t<meta property=\"article:modified_time\" content=\"2014-05-22T00:49:32+00:00\" \/>\n\t\t<meta name=\"twitter:card\" content=\"summary_large_image\" \/>\n\t\t<meta name=\"twitter:title\" content=\"Enrique Iglesias recuerda en Santiago que su primera novia fue chilena | El Digital de Asturias\" \/>\n\t\t<meta name=\"twitter:description\" content=\"Santiago de Chile, 21 may (EFE).- Entre gritos, aplausos y alguna que otra l\u00e1grima, el cantante espa\u00f1ol Enrique Iglesias record\u00f3 anoche, que Santiago de Chile fue el escenario de su primer amor, una chilena a la que le dedic\u00f3 &quot;Por amarte&quot;, despu\u00e9s de que ella le rompiera el coraz\u00f3n. Mucho tiempo y muchas novias han\" \/>\n\t\t<meta name=\"twitter:image\" content=\"https:\/\/eldigitaldeasturias.com\/magazine365\/wp-content\/uploads\/2014\/05\/6283475w.jpg\" \/>\n\t\t<script type=\"application\/ld+json\" class=\"aioseo-schema\">\n\t\t\t{\"@context\":\"https:\\\/\\\/schema.org\",\"@graph\":[{\"@type\":\"Article\",\"@id\":\"https:\\\/\\\/eldigitaldeasturias.com\\\/magazine365\\\/enrique-iglesias-recuerda-en-santiago-que-su-primera-novia-fue-chilena\\\/#article\",\"name\":\"Enrique Iglesias recuerda en Santiago que su primera novia fue chilena | El Digital de Asturias\",\"headline\":\"Enrique Iglesias recuerda en Santiago que su primera novia fue chilena\",\"author\":{\"@id\":\"https:\\\/\\\/eldigitaldeasturias.com\\\/magazine365\\\/author\\\/admin\\\/#author\"},\"publisher\":{\"@id\":\"https:\\\/\\\/eldigitaldeasturias.com\\\/magazine365\\\/#organization\"},\"image\":{\"@type\":\"ImageObject\",\"url\":\"https:\\\/\\\/eldigitaldeasturias.com\\\/magazine365\\\/wp-content\\\/uploads\\\/2014\\\/05\\\/6283475w.jpg\",\"width\":800,\"height\":523},\"datePublished\":\"2014-05-21T22:49:32+02:00\",\"dateModified\":\"2014-05-21T22:49:32+02:00\",\"inLanguage\":\"es-ES\",\"mainEntityOfPage\":{\"@id\":\"https:\\\/\\\/eldigitaldeasturias.com\\\/magazine365\\\/enrique-iglesias-recuerda-en-santiago-que-su-primera-novia-fue-chilena\\\/#webpage\"},\"isPartOf\":{\"@id\":\"https:\\\/\\\/eldigitaldeasturias.com\\\/magazine365\\\/enrique-iglesias-recuerda-en-santiago-que-su-primera-novia-fue-chilena\\\/#webpage\"},\"articleSection\":\"Noticias y Actualidad\"},{\"@type\":\"BreadcrumbList\",\"@id\":\"https:\\\/\\\/eldigitaldeasturias.com\\\/magazine365\\\/enrique-iglesias-recuerda-en-santiago-que-su-primera-novia-fue-chilena\\\/#breadcrumblist\",\"itemListElement\":[{\"@type\":\"ListItem\",\"@id\":\"https:\\\/\\\/eldigitaldeasturias.com\\\/magazine365#listItem\",\"position\":1,\"name\":\"Home\",\"item\":\"https:\\\/\\\/eldigitaldeasturias.com\\\/magazine365\",\"nextItem\":{\"@type\":\"ListItem\",\"@id\":\"https:\\\/\\\/eldigitaldeasturias.com\\\/magazine365\\\/category\\\/noticias-actualidad\\\/#listItem\",\"name\":\"Noticias y Actualidad\"}},{\"@type\":\"ListItem\",\"@id\":\"https:\\\/\\\/eldigitaldeasturias.com\\\/magazine365\\\/category\\\/noticias-actualidad\\\/#listItem\",\"position\":2,\"name\":\"Noticias y Actualidad\",\"item\":\"https:\\\/\\\/eldigitaldeasturias.com\\\/magazine365\\\/category\\\/noticias-actualidad\\\/\",\"nextItem\":{\"@type\":\"ListItem\",\"@id\":\"https:\\\/\\\/eldigitaldeasturias.com\\\/magazine365\\\/enrique-iglesias-recuerda-en-santiago-que-su-primera-novia-fue-chilena\\\/#listItem\",\"name\":\"Enrique Iglesias recuerda en Santiago que su primera novia fue chilena\"},\"previousItem\":{\"@type\":\"ListItem\",\"@id\":\"https:\\\/\\\/eldigitaldeasturias.com\\\/magazine365#listItem\",\"name\":\"Home\"}},{\"@type\":\"ListItem\",\"@id\":\"https:\\\/\\\/eldigitaldeasturias.com\\\/magazine365\\\/enrique-iglesias-recuerda-en-santiago-que-su-primera-novia-fue-chilena\\\/#listItem\",\"position\":3,\"name\":\"Enrique Iglesias recuerda en Santiago que su primera novia fue chilena\",\"previousItem\":{\"@type\":\"ListItem\",\"@id\":\"https:\\\/\\\/eldigitaldeasturias.com\\\/magazine365\\\/category\\\/noticias-actualidad\\\/#listItem\",\"name\":\"Noticias y Actualidad\"}}]},{\"@type\":\"Organization\",\"@id\":\"https:\\\/\\\/eldigitaldeasturias.com\\\/magazine365\\\/#organization\",\"name\":\"El digital de Asturias\",\"description\":\"Revista de ocio, turismo y estilo de vida\",\"url\":\"https:\\\/\\\/eldigitaldeasturias.com\\\/magazine365\\\/\",\"logo\":{\"@type\":\"ImageObject\",\"url\":\"https:\\\/\\\/www.eldigitaldeasturias.com\\\/noticias\\\/wp-content\\\/uploads\\\/2020\\\/12\\\/EDA.jpg\",\"@id\":\"https:\\\/\\\/eldigitaldeasturias.com\\\/magazine365\\\/enrique-iglesias-recuerda-en-santiago-que-su-primera-novia-fue-chilena\\\/#organizationLogo\"},\"image\":{\"@id\":\"https:\\\/\\\/eldigitaldeasturias.com\\\/magazine365\\\/enrique-iglesias-recuerda-en-santiago-que-su-primera-novia-fue-chilena\\\/#organizationLogo\"}},{\"@type\":\"Person\",\"@id\":\"https:\\\/\\\/eldigitaldeasturias.com\\\/magazine365\\\/author\\\/admin\\\/#author\",\"url\":\"https:\\\/\\\/eldigitaldeasturias.com\\\/magazine365\\\/author\\\/admin\\\/\",\"name\":\"admin\",\"image\":{\"@type\":\"ImageObject\",\"@id\":\"https:\\\/\\\/eldigitaldeasturias.com\\\/magazine365\\\/enrique-iglesias-recuerda-en-santiago-que-su-primera-novia-fue-chilena\\\/#authorImage\",\"url\":\"https:\\\/\\\/eldigitaldeasturias.com\\\/magazine365\\\/wp-content\\\/litespeed\\\/avatar\\\/e571bcf59a0edd6fa6838245a470f2fe.jpg?ver=1776969259\",\"width\":96,\"height\":96,\"caption\":\"admin\"}},{\"@type\":\"WebPage\",\"@id\":\"https:\\\/\\\/eldigitaldeasturias.com\\\/magazine365\\\/enrique-iglesias-recuerda-en-santiago-que-su-primera-novia-fue-chilena\\\/#webpage\",\"url\":\"https:\\\/\\\/eldigitaldeasturias.com\\\/magazine365\\\/enrique-iglesias-recuerda-en-santiago-que-su-primera-novia-fue-chilena\\\/\",\"name\":\"Enrique Iglesias recuerda en Santiago que su primera novia fue chilena | El Digital de Asturias\",\"description\":\"Santiago de Chile, 21 may (EFE).- Entre gritos, aplausos y alguna que otra l\\u00e1grima, el cantante espa\\u00f1ol Enrique Iglesias record\\u00f3 anoche, que Santiago de Chile fue el escenario de su primer amor, una chilena a la que le dedic\\u00f3 \\\"Por amarte\\\", despu\\u00e9s de que ella le rompiera el coraz\\u00f3n. Mucho tiempo y muchas novias han\",\"inLanguage\":\"es-ES\",\"isPartOf\":{\"@id\":\"https:\\\/\\\/eldigitaldeasturias.com\\\/magazine365\\\/#website\"},\"breadcrumb\":{\"@id\":\"https:\\\/\\\/eldigitaldeasturias.com\\\/magazine365\\\/enrique-iglesias-recuerda-en-santiago-que-su-primera-novia-fue-chilena\\\/#breadcrumblist\"},\"author\":{\"@id\":\"https:\\\/\\\/eldigitaldeasturias.com\\\/magazine365\\\/author\\\/admin\\\/#author\"},\"creator\":{\"@id\":\"https:\\\/\\\/eldigitaldeasturias.com\\\/magazine365\\\/author\\\/admin\\\/#author\"},\"image\":{\"@type\":\"ImageObject\",\"url\":\"https:\\\/\\\/eldigitaldeasturias.com\\\/magazine365\\\/wp-content\\\/uploads\\\/2014\\\/05\\\/6283475w.jpg\",\"@id\":\"https:\\\/\\\/eldigitaldeasturias.com\\\/magazine365\\\/enrique-iglesias-recuerda-en-santiago-que-su-primera-novia-fue-chilena\\\/#mainImage\",\"width\":800,\"height\":523},\"primaryImageOfPage\":{\"@id\":\"https:\\\/\\\/eldigitaldeasturias.com\\\/magazine365\\\/enrique-iglesias-recuerda-en-santiago-que-su-primera-novia-fue-chilena\\\/#mainImage\"},\"datePublished\":\"2014-05-21T22:49:32+02:00\",\"dateModified\":\"2014-05-21T22:49:32+02:00\"},{\"@type\":\"WebSite\",\"@id\":\"https:\\\/\\\/eldigitaldeasturias.com\\\/magazine365\\\/#website\",\"url\":\"https:\\\/\\\/eldigitaldeasturias.com\\\/magazine365\\\/\",\"name\":\"El Digital de Asturias\",\"description\":\"Revista de ocio, turismo y estilo de vida\",\"inLanguage\":\"es-ES\",\"publisher\":{\"@id\":\"https:\\\/\\\/eldigitaldeasturias.com\\\/magazine365\\\/#organization\"}}]}\n\t\t<\/script>\n\t\t<!-- All in One SEO Pro -->\r\n\t\t<title>Enrique Iglesias recuerda en Santiago que su primera novia fue chilena | El Digital de Asturias<\/title>\n\n","aioseo_head_json":{"title":"Enrique Iglesias recuerda en Santiago que su primera novia fue chilena | El Digital de Asturias","description":"Santiago de Chile, 21 may (EFE).- Entre gritos, aplausos y alguna que otra l\u00e1grima, el cantante espa\u00f1ol Enrique Iglesias record\u00f3 anoche, que Santiago de Chile fue el escenario de su primer amor, una chilena a la que le dedic\u00f3 \"Por amarte\", despu\u00e9s de que ella le rompiera el coraz\u00f3n. Mucho tiempo y muchas novias han","canonical_url":"https:\/\/eldigitaldeasturias.com\/magazine365\/enrique-iglesias-recuerda-en-santiago-que-su-primera-novia-fue-chilena\/","robots":"max-image-preview:large","keywords":"noticias y actualidad","webmasterTools":{"google-site-verification":"UA-38556648-1","miscellaneous":""},"schema":{"@context":"https:\/\/schema.org","@graph":[{"@type":"Article","@id":"https:\/\/eldigitaldeasturias.com\/magazine365\/enrique-iglesias-recuerda-en-santiago-que-su-primera-novia-fue-chilena\/#article","name":"Enrique Iglesias recuerda en Santiago que su primera novia fue chilena | El Digital de Asturias","headline":"Enrique Iglesias recuerda en Santiago que su primera novia fue chilena","author":{"@id":"https:\/\/eldigitaldeasturias.com\/magazine365\/author\/admin\/#author"},"publisher":{"@id":"https:\/\/eldigitaldeasturias.com\/magazine365\/#organization"},"image":{"@type":"ImageObject","url":"https:\/\/eldigitaldeasturias.com\/magazine365\/wp-content\/uploads\/2014\/05\/6283475w.jpg","width":800,"height":523},"datePublished":"2014-05-21T22:49:32+02:00","dateModified":"2014-05-21T22:49:32+02:00","inLanguage":"es-ES","mainEntityOfPage":{"@id":"https:\/\/eldigitaldeasturias.com\/magazine365\/enrique-iglesias-recuerda-en-santiago-que-su-primera-novia-fue-chilena\/#webpage"},"isPartOf":{"@id":"https:\/\/eldigitaldeasturias.com\/magazine365\/enrique-iglesias-recuerda-en-santiago-que-su-primera-novia-fue-chilena\/#webpage"},"articleSection":"Noticias y Actualidad"},{"@type":"BreadcrumbList","@id":"https:\/\/eldigitaldeasturias.com\/magazine365\/enrique-iglesias-recuerda-en-santiago-que-su-primera-novia-fue-chilena\/#breadcrumblist","itemListElement":[{"@type":"ListItem","@id":"https:\/\/eldigitaldeasturias.com\/magazine365#listItem","position":1,"name":"Home","item":"https:\/\/eldigitaldeasturias.com\/magazine365","nextItem":{"@type":"ListItem","@id":"https:\/\/eldigitaldeasturias.com\/magazine365\/category\/noticias-actualidad\/#listItem","name":"Noticias y Actualidad"}},{"@type":"ListItem","@id":"https:\/\/eldigitaldeasturias.com\/magazine365\/category\/noticias-actualidad\/#listItem","position":2,"name":"Noticias y Actualidad","item":"https:\/\/eldigitaldeasturias.com\/magazine365\/category\/noticias-actualidad\/","nextItem":{"@type":"ListItem","@id":"https:\/\/eldigitaldeasturias.com\/magazine365\/enrique-iglesias-recuerda-en-santiago-que-su-primera-novia-fue-chilena\/#listItem","name":"Enrique Iglesias recuerda en Santiago que su primera novia fue chilena"},"previousItem":{"@type":"ListItem","@id":"https:\/\/eldigitaldeasturias.com\/magazine365#listItem","name":"Home"}},{"@type":"ListItem","@id":"https:\/\/eldigitaldeasturias.com\/magazine365\/enrique-iglesias-recuerda-en-santiago-que-su-primera-novia-fue-chilena\/#listItem","position":3,"name":"Enrique Iglesias recuerda en Santiago que su primera novia fue chilena","previousItem":{"@type":"ListItem","@id":"https:\/\/eldigitaldeasturias.com\/magazine365\/category\/noticias-actualidad\/#listItem","name":"Noticias y Actualidad"}}]},{"@type":"Organization","@id":"https:\/\/eldigitaldeasturias.com\/magazine365\/#organization","name":"El digital de Asturias","description":"Revista de ocio, turismo y estilo de vida","url":"https:\/\/eldigitaldeasturias.com\/magazine365\/","logo":{"@type":"ImageObject","url":"https:\/\/www.eldigitaldeasturias.com\/noticias\/wp-content\/uploads\/2020\/12\/EDA.jpg","@id":"https:\/\/eldigitaldeasturias.com\/magazine365\/enrique-iglesias-recuerda-en-santiago-que-su-primera-novia-fue-chilena\/#organizationLogo"},"image":{"@id":"https:\/\/eldigitaldeasturias.com\/magazine365\/enrique-iglesias-recuerda-en-santiago-que-su-primera-novia-fue-chilena\/#organizationLogo"}},{"@type":"Person","@id":"https:\/\/eldigitaldeasturias.com\/magazine365\/author\/admin\/#author","url":"https:\/\/eldigitaldeasturias.com\/magazine365\/author\/admin\/","name":"admin","image":{"@type":"ImageObject","@id":"https:\/\/eldigitaldeasturias.com\/magazine365\/enrique-iglesias-recuerda-en-santiago-que-su-primera-novia-fue-chilena\/#authorImage","url":"https:\/\/eldigitaldeasturias.com\/magazine365\/wp-content\/litespeed\/avatar\/e571bcf59a0edd6fa6838245a470f2fe.jpg?ver=1776969259","width":96,"height":96,"caption":"admin"}},{"@type":"WebPage","@id":"https:\/\/eldigitaldeasturias.com\/magazine365\/enrique-iglesias-recuerda-en-santiago-que-su-primera-novia-fue-chilena\/#webpage","url":"https:\/\/eldigitaldeasturias.com\/magazine365\/enrique-iglesias-recuerda-en-santiago-que-su-primera-novia-fue-chilena\/","name":"Enrique Iglesias recuerda en Santiago que su primera novia fue chilena | El Digital de Asturias","description":"Santiago de Chile, 21 may (EFE).- Entre gritos, aplausos y alguna que otra l\u00e1grima, el cantante espa\u00f1ol Enrique Iglesias record\u00f3 anoche, que Santiago de Chile fue el escenario de su primer amor, una chilena a la que le dedic\u00f3 \"Por amarte\", despu\u00e9s de que ella le rompiera el coraz\u00f3n. Mucho tiempo y muchas novias han","inLanguage":"es-ES","isPartOf":{"@id":"https:\/\/eldigitaldeasturias.com\/magazine365\/#website"},"breadcrumb":{"@id":"https:\/\/eldigitaldeasturias.com\/magazine365\/enrique-iglesias-recuerda-en-santiago-que-su-primera-novia-fue-chilena\/#breadcrumblist"},"author":{"@id":"https:\/\/eldigitaldeasturias.com\/magazine365\/author\/admin\/#author"},"creator":{"@id":"https:\/\/eldigitaldeasturias.com\/magazine365\/author\/admin\/#author"},"image":{"@type":"ImageObject","url":"https:\/\/eldigitaldeasturias.com\/magazine365\/wp-content\/uploads\/2014\/05\/6283475w.jpg","@id":"https:\/\/eldigitaldeasturias.com\/magazine365\/enrique-iglesias-recuerda-en-santiago-que-su-primera-novia-fue-chilena\/#mainImage","width":800,"height":523},"primaryImageOfPage":{"@id":"https:\/\/eldigitaldeasturias.com\/magazine365\/enrique-iglesias-recuerda-en-santiago-que-su-primera-novia-fue-chilena\/#mainImage"},"datePublished":"2014-05-21T22:49:32+02:00","dateModified":"2014-05-21T22:49:32+02:00"},{"@type":"WebSite","@id":"https:\/\/eldigitaldeasturias.com\/magazine365\/#website","url":"https:\/\/eldigitaldeasturias.com\/magazine365\/","name":"El Digital de Asturias","description":"Revista de ocio, turismo y estilo de vida","inLanguage":"es-ES","publisher":{"@id":"https:\/\/eldigitaldeasturias.com\/magazine365\/#organization"}}]},"og:locale":"es_ES","og:site_name":"El Digital de Asturias \u2013 Revista de ocio, turismo y estilo de vida","og:type":"article","og:title":"Enrique Iglesias recuerda en Santiago que su primera novia fue chilena | El Digital de Asturias","og:description":"Santiago de Chile, 21 may (EFE).- Entre gritos, aplausos y alguna que otra l\u00e1grima, el cantante espa\u00f1ol Enrique Iglesias record\u00f3 anoche, que Santiago de Chile fue el escenario de su primer amor, una chilena a la que le dedic\u00f3 &quot;Por amarte&quot;, despu\u00e9s de que ella le rompiera el coraz\u00f3n. Mucho tiempo y muchas novias han","og:url":"https:\/\/eldigitaldeasturias.com\/magazine365\/enrique-iglesias-recuerda-en-santiago-que-su-primera-novia-fue-chilena\/","og:image":"https:\/\/eldigitaldeasturias.com\/magazine365\/wp-content\/uploads\/2014\/05\/6283475w.jpg","og:image:secure_url":"https:\/\/eldigitaldeasturias.com\/magazine365\/wp-content\/uploads\/2014\/05\/6283475w.jpg","og:image:width":800,"og:image:height":523,"article:published_time":"2014-05-22T00:49:32+00:00","article:modified_time":"2014-05-22T00:49:32+00:00","twitter:card":"summary_large_image","twitter:title":"Enrique Iglesias recuerda en Santiago que su primera novia fue chilena | El Digital de Asturias","twitter:description":"Santiago de Chile, 21 may (EFE).- Entre gritos, aplausos y alguna que otra l\u00e1grima, el cantante espa\u00f1ol Enrique Iglesias record\u00f3 anoche, que Santiago de Chile fue el escenario de su primer amor, una chilena a la que le dedic\u00f3 &quot;Por amarte&quot;, despu\u00e9s de que ella le rompiera el coraz\u00f3n. Mucho tiempo y muchas novias han","twitter:image":"https:\/\/eldigitaldeasturias.com\/magazine365\/wp-content\/uploads\/2014\/05\/6283475w.jpg"},"aioseo_meta_data":{"post_id":"13475","title":null,"description":null,"keywords":null,"keyphrases":null,"primary_term":null,"canonical_url":null,"og_title":null,"og_description":null,"og_object_type":"default","og_image_type":"default","og_image_url":null,"og_image_width":null,"og_image_height":null,"og_image_custom_url":null,"og_image_custom_fields":null,"og_video":null,"og_custom_url":null,"og_article_section":null,"og_article_tags":null,"twitter_use_og":false,"twitter_card":"default","twitter_image_type":"default","twitter_image_url":null,"twitter_image_custom_url":null,"twitter_image_custom_fields":null,"twitter_title":null,"twitter_description":null,"schema":{"blockGraphs":[],"customGraphs":[],"default":{"data":{"Article":[],"Course":[],"Dataset":[],"FAQPage":[],"Movie":[],"Person":[],"Product":[],"ProductReview":[],"Car":[],"Recipe":[],"Service":[],"SoftwareApplication":[],"WebPage":[]},"graphName":"","isEnabled":true},"graphs":[],"defaultGraph":"","defaultPostTypeGraph":""},"schema_type":null,"schema_type_options":null,"pillar_content":false,"robots_default":true,"robots_noindex":false,"robots_noarchive":false,"robots_nosnippet":false,"robots_nofollow":false,"robots_noimageindex":false,"robots_noodp":false,"robots_notranslate":false,"robots_max_snippet":null,"robots_max_videopreview":null,"robots_max_imagepreview":"large","priority":null,"frequency":null,"location":null,"local_seo":null,"seo_analyzer_scan_date":"2025-09-17 08:21:07","breadcrumb_settings":null,"limit_modified_date":false,"open_ai":null,"ai":null,"created":"2021-03-09 08:27:55","updated":"2025-09-17 08:21:07"},"aioseo_breadcrumb":"<div class=\"aioseo-breadcrumbs\"><span class=\"aioseo-breadcrumb\">\n\t<a href=\"https:\/\/eldigitaldeasturias.com\/magazine365\" title=\"Home\">Home<\/a>\n<\/span><span class=\"aioseo-breadcrumb-separator\">\u2013<\/span><span class=\"aioseo-breadcrumb\">\n\t<a href=\"https:\/\/eldigitaldeasturias.com\/magazine365\/category\/noticias-actualidad\/\" title=\"Noticias y Actualidad\">Noticias y Actualidad<\/a>\n<\/span><span class=\"aioseo-breadcrumb-separator\">\u2013<\/span><span class=\"aioseo-breadcrumb\">\n\t<a href=\"https:\/\/eldigitaldeasturias.com\/magazine365\/enrique-iglesias-recuerda-en-santiago-que-su-primera-novia-fue-chilena\/\" title=\"Enrique Iglesias recuerda en Santiago que su primera novia fue chilena\">Enrique Iglesias recuerda en Santiago que su primera novia fue chilena<\/a>\n<\/span><\/div>","aioseo_breadcrumb_json":[{"label":"Home","link":"https:\/\/eldigitaldeasturias.com\/magazine365"},{"label":"Noticias y Actualidad","link":"https:\/\/eldigitaldeasturias.com\/magazine365\/category\/noticias-actualidad\/"},{"label":"Enrique Iglesias recuerda en Santiago que su primera novia fue chilena","link":"https:\/\/eldigitaldeasturias.com\/magazine365\/enrique-iglesias-recuerda-en-santiago-que-su-primera-novia-fue-chilena\/"}],"_links":{"self":[{"href":"https:\/\/eldigitaldeasturias.com\/magazine365\/wp-json\/wp\/v2\/posts\/13475","targetHints":{"allow":["GET"]}}],"collection":[{"href":"https:\/\/eldigitaldeasturias.com\/magazine365\/wp-json\/wp\/v2\/posts"}],"about":[{"href":"https:\/\/eldigitaldeasturias.com\/magazine365\/wp-json\/wp\/v2\/types\/post"}],"author":[{"embeddable":true,"href":"https:\/\/eldigitaldeasturias.com\/magazine365\/wp-json\/wp\/v2\/users\/1"}],"replies":[{"embeddable":true,"href":"https:\/\/eldigitaldeasturias.com\/magazine365\/wp-json\/wp\/v2\/comments?post=13475"}],"version-history":[{"count":0,"href":"https:\/\/eldigitaldeasturias.com\/magazine365\/wp-json\/wp\/v2\/posts\/13475\/revisions"}],"wp:featuredmedia":[{"embeddable":true,"href":"https:\/\/eldigitaldeasturias.com\/magazine365\/wp-json\/wp\/v2\/media\/13476"}],"wp:attachment":[{"href":"https:\/\/eldigitaldeasturias.com\/magazine365\/wp-json\/wp\/v2\/media?parent=13475"}],"wp:term":[{"taxonomy":"category","embeddable":true,"href":"https:\/\/eldigitaldeasturias.com\/magazine365\/wp-json\/wp\/v2\/categories?post=13475"},{"taxonomy":"post_tag","embeddable":true,"href":"https:\/\/eldigitaldeasturias.com\/magazine365\/wp-json\/wp\/v2\/tags?post=13475"}],"curies":[{"name":"wp","href":"https:\/\/api.w.org\/{rel}","templated":true}]}}