{"id":13469,"date":"2014-05-21T22:45:46","date_gmt":"2014-05-22T00:45:46","guid":{"rendered":"http:\/\/eldigitaldeasturias.com\/magazine365\/?p=13469"},"modified":"2014-05-21T22:45:46","modified_gmt":"2014-05-22T00:45:46","slug":"mas-de-la-mitad-de-los-diabeticos-tipo-2-son-hipertensos","status":"publish","type":"post","link":"https:\/\/eldigitaldeasturias.com\/magazine365\/mas-de-la-mitad-de-los-diabeticos-tipo-2-son-hipertensos\/","title":{"rendered":"M\u00e1s de la mitad de los diab\u00e9ticos tipo 2 son hipertensos"},"content":{"rendered":"<p><img fetchpriority=\"high\" decoding=\"async\" class=\"alignleft size-medium wp-image-13470\" alt=\"6283103w\" src=\"https:\/\/eldigitaldeasturias.com\/magazine365\/wp-content\/uploads\/2014\/05\/6283103w-360x252.jpg\" width=\"360\" height=\"252\" \/>Madrid, 21 may (EFE).- Algo m\u00e1s de la mitad de las personas con diabetes tipo 2 (el 55 %) son hipertensos, ya que el desarrollo de ambas patolog\u00edas muchas veces va en paralelo, seg\u00fan advierten desde la Sociedad Espa\u00f1ola de Hipertensi\u00f3n (SEH).<\/p>\n<p>La diabetes es una enfermedad que suele presentar otros problemas asociados y se estima que entre el 80 y el 82 % de los diab\u00e9ticos espa\u00f1oles tienen sobrepeso y obesidad, seg\u00fan a\u00f1ade en una nota de prensa la doctora de la Sociedad Espa\u00f1ola de Hipertensi\u00f3n-Liga Espa\u00f1ola para la Lucha contra la Hipertensi\u00f3n Arterial (SEH-LELHA), Olga Gonz\u00e1lez.<\/p>\n<p>Por ello, los expertos recomiendan un seguimiento exhaustivo de esta enfermedad, ya que la causa de fallecimiento m\u00e1s frecuente en los pacientes diab\u00e9ticos son los eventos cardiovasculares.<\/p>\n<p>As\u00ed, la poblaci\u00f3n diab\u00e9tica tiene entre dos y tres veces m\u00e1s probabilidades de desarrollar un ictus, que la poblaci\u00f3n no diab\u00e9tica.<\/p>\n<p>La hipertensi\u00f3n arterial empeora y acelera el da\u00f1o que la diabetes ejerce sobre las arterias, lo que da lugar a que las personas que la padecen sufran con mayor frecuencia infarto de miocardio, insuficiencia renal, accidentes vasculares cerebrales (trombosis) o enfermedades vasculares perif\u00e9ricas.<\/p>\n<p>La diabetes es una enfermedad metab\u00f3lica que se caracteriza por una hiperglucemia cr\u00f3nica, pero que tiene consecuencias vasculares, ya que incrementa las complicaciones microvasculares como retinopat\u00eda diab\u00e9tica, neuropat\u00eda y neuropat\u00eda diab\u00e9tica.<\/p>\n<p>Adem\u00e1s, puede afectar a grandes arterias como las coronarias, lo que puede provocar una cardiopat\u00eda isqu\u00e9mica o a las arterias del sistema nervioso central, lo que da lugar a enfermedad cerebrovascular\u00bb.<\/p>\n<p>Los pacientes diab\u00e9ticos deben ser considerados de alto riesgo cardiovascular, advierten los expertos que aconsejan tener unas cifras de presi\u00f3n arterial m\u00e1s estrechamente controladas.<\/p>\n<p>Las gu\u00edas actuales recomiendan unos niveles de presi\u00f3n arterial de 130\/85-80 mmHg en personas diab\u00e9ticas.<\/p>\n<p>La dieta, a\u00f1aden los especialistas, es uno de los pilares b\u00e1sicos para la prevenci\u00f3n del riesgo cardiovascular por lo que recomiendan una dieta mediterr\u00e1nea rica en grasas de origen vegetal (aceite de oliva y frutos secos), legumbres, pescado y carne de ave y reducir el consumo en carnes rojas, dulces y l\u00e1cteos.<\/p>\n<p>Tambi\u00e9n recomiendan hacer ejercicio f\u00edsico para reducir grasas, disminuir la presi\u00f3n arterial y controlar el peso.<\/p>\n","protected":false},"excerpt":{"rendered":"<p>Madrid, 21 may (EFE).- Algo m\u00e1s de la mitad de las personas con diabetes tipo 2 (el 55 %) son hipertensos, ya que el desarrollo de ambas patolog\u00edas muchas veces va en paralelo, seg\u00fan advierten desde la Sociedad Espa\u00f1ola de Hipertensi\u00f3n (SEH). La diabetes es una enfermedad que suele presentar otros problemas asociados y se<\/p>\n","protected":false},"author":1,"featured_media":13470,"comment_status":"open","ping_status":"closed","sticky":false,"template":"","format":"standard","meta":{"footnotes":""},"categories":[224],"tags":[],"class_list":{"0":"post-13469","1":"post","2":"type-post","3":"status-publish","4":"format-standard","5":"has-post-thumbnail","7":"category-noticias-actualidad"},"aioseo_notices":[],"aioseo_head":"\n\t\t<!-- All in One SEO Pro 4.9.6.1 - aioseo.com -->\n\t<meta name=\"description\" content=\"Madrid, 21 may (EFE).- Algo m\u00e1s de la mitad de las personas con diabetes tipo 2 (el 55 %) son hipertensos, ya que el desarrollo de ambas patolog\u00edas muchas veces va en paralelo, seg\u00fan advierten desde la Sociedad Espa\u00f1ola de Hipertensi\u00f3n (SEH). La diabetes es una enfermedad que suele presentar otros problemas asociados y se\" \/>\n\t<meta name=\"robots\" content=\"max-image-preview:large\" \/>\n\t<meta name=\"author\" content=\"admin\"\/>\n\t<meta name=\"google-site-verification\" content=\"UA-38556648-1\" \/>\n\t<meta name=\"keywords\" content=\"noticias y actualidad\" \/>\n\t<link rel=\"canonical\" href=\"https:\/\/eldigitaldeasturias.com\/magazine365\/mas-de-la-mitad-de-los-diabeticos-tipo-2-son-hipertensos\/\" \/>\n\t<meta name=\"generator\" content=\"All in One SEO Pro (AIOSEO) 4.9.6.1\" \/>\n\t\t<meta property=\"og:locale\" content=\"es_ES\" \/>\n\t\t<meta property=\"og:site_name\" content=\"El Digital de Asturias \u2013 Revista de ocio, turismo y estilo de vida\" \/>\n\t\t<meta property=\"og:type\" content=\"article\" \/>\n\t\t<meta property=\"og:title\" content=\"M\u00e1s de la mitad de los diab\u00e9ticos tipo 2 son hipertensos | El Digital de Asturias\" \/>\n\t\t<meta property=\"og:description\" content=\"Madrid, 21 may (EFE).- Algo m\u00e1s de la mitad de las personas con diabetes tipo 2 (el 55 %) son hipertensos, ya que el desarrollo de ambas patolog\u00edas muchas veces va en paralelo, seg\u00fan advierten desde la Sociedad Espa\u00f1ola de Hipertensi\u00f3n (SEH). La diabetes es una enfermedad que suele presentar otros problemas asociados y se\" \/>\n\t\t<meta property=\"og:url\" content=\"https:\/\/eldigitaldeasturias.com\/magazine365\/mas-de-la-mitad-de-los-diabeticos-tipo-2-son-hipertensos\/\" \/>\n\t\t<meta property=\"og:image\" content=\"https:\/\/eldigitaldeasturias.com\/magazine365\/wp-content\/uploads\/2014\/05\/6283103w.jpg\" \/>\n\t\t<meta property=\"og:image:secure_url\" content=\"https:\/\/eldigitaldeasturias.com\/magazine365\/wp-content\/uploads\/2014\/05\/6283103w.jpg\" \/>\n\t\t<meta property=\"og:image:width\" content=\"800\" \/>\n\t\t<meta property=\"og:image:height\" content=\"562\" \/>\n\t\t<meta property=\"article:published_time\" content=\"2014-05-22T00:45:46+00:00\" \/>\n\t\t<meta property=\"article:modified_time\" content=\"2014-05-22T00:45:46+00:00\" \/>\n\t\t<meta name=\"twitter:card\" content=\"summary_large_image\" \/>\n\t\t<meta name=\"twitter:title\" content=\"M\u00e1s de la mitad de los diab\u00e9ticos tipo 2 son hipertensos | El Digital de Asturias\" \/>\n\t\t<meta name=\"twitter:description\" content=\"Madrid, 21 may (EFE).- Algo m\u00e1s de la mitad de las personas con diabetes tipo 2 (el 55 %) son hipertensos, ya que el desarrollo de ambas patolog\u00edas muchas veces va en paralelo, seg\u00fan advierten desde la Sociedad Espa\u00f1ola de Hipertensi\u00f3n (SEH). La diabetes es una enfermedad que suele presentar otros problemas asociados y se\" \/>\n\t\t<meta name=\"twitter:image\" content=\"https:\/\/eldigitaldeasturias.com\/magazine365\/wp-content\/uploads\/2014\/05\/6283103w.jpg\" \/>\n\t\t<script type=\"application\/ld+json\" class=\"aioseo-schema\">\n\t\t\t{\"@context\":\"https:\\\/\\\/schema.org\",\"@graph\":[{\"@type\":\"Article\",\"@id\":\"https:\\\/\\\/eldigitaldeasturias.com\\\/magazine365\\\/mas-de-la-mitad-de-los-diabeticos-tipo-2-son-hipertensos\\\/#article\",\"name\":\"M\\u00e1s de la mitad de los diab\\u00e9ticos tipo 2 son hipertensos | El Digital de Asturias\",\"headline\":\"M\\u00e1s de la mitad de los diab\\u00e9ticos tipo 2 son hipertensos\",\"author\":{\"@id\":\"https:\\\/\\\/eldigitaldeasturias.com\\\/magazine365\\\/author\\\/admin\\\/#author\"},\"publisher\":{\"@id\":\"https:\\\/\\\/eldigitaldeasturias.com\\\/magazine365\\\/#organization\"},\"image\":{\"@type\":\"ImageObject\",\"url\":\"https:\\\/\\\/eldigitaldeasturias.com\\\/magazine365\\\/wp-content\\\/uploads\\\/2014\\\/05\\\/6283103w.jpg\",\"width\":800,\"height\":562},\"datePublished\":\"2014-05-21T22:45:46+02:00\",\"dateModified\":\"2014-05-21T22:45:46+02:00\",\"inLanguage\":\"es-ES\",\"mainEntityOfPage\":{\"@id\":\"https:\\\/\\\/eldigitaldeasturias.com\\\/magazine365\\\/mas-de-la-mitad-de-los-diabeticos-tipo-2-son-hipertensos\\\/#webpage\"},\"isPartOf\":{\"@id\":\"https:\\\/\\\/eldigitaldeasturias.com\\\/magazine365\\\/mas-de-la-mitad-de-los-diabeticos-tipo-2-son-hipertensos\\\/#webpage\"},\"articleSection\":\"Noticias y Actualidad\"},{\"@type\":\"BreadcrumbList\",\"@id\":\"https:\\\/\\\/eldigitaldeasturias.com\\\/magazine365\\\/mas-de-la-mitad-de-los-diabeticos-tipo-2-son-hipertensos\\\/#breadcrumblist\",\"itemListElement\":[{\"@type\":\"ListItem\",\"@id\":\"https:\\\/\\\/eldigitaldeasturias.com\\\/magazine365#listItem\",\"position\":1,\"name\":\"Home\",\"item\":\"https:\\\/\\\/eldigitaldeasturias.com\\\/magazine365\",\"nextItem\":{\"@type\":\"ListItem\",\"@id\":\"https:\\\/\\\/eldigitaldeasturias.com\\\/magazine365\\\/category\\\/noticias-actualidad\\\/#listItem\",\"name\":\"Noticias y Actualidad\"}},{\"@type\":\"ListItem\",\"@id\":\"https:\\\/\\\/eldigitaldeasturias.com\\\/magazine365\\\/category\\\/noticias-actualidad\\\/#listItem\",\"position\":2,\"name\":\"Noticias y Actualidad\",\"item\":\"https:\\\/\\\/eldigitaldeasturias.com\\\/magazine365\\\/category\\\/noticias-actualidad\\\/\",\"nextItem\":{\"@type\":\"ListItem\",\"@id\":\"https:\\\/\\\/eldigitaldeasturias.com\\\/magazine365\\\/mas-de-la-mitad-de-los-diabeticos-tipo-2-son-hipertensos\\\/#listItem\",\"name\":\"M\\u00e1s de la mitad de los diab\\u00e9ticos tipo 2 son hipertensos\"},\"previousItem\":{\"@type\":\"ListItem\",\"@id\":\"https:\\\/\\\/eldigitaldeasturias.com\\\/magazine365#listItem\",\"name\":\"Home\"}},{\"@type\":\"ListItem\",\"@id\":\"https:\\\/\\\/eldigitaldeasturias.com\\\/magazine365\\\/mas-de-la-mitad-de-los-diabeticos-tipo-2-son-hipertensos\\\/#listItem\",\"position\":3,\"name\":\"M\\u00e1s de la mitad de los diab\\u00e9ticos tipo 2 son hipertensos\",\"previousItem\":{\"@type\":\"ListItem\",\"@id\":\"https:\\\/\\\/eldigitaldeasturias.com\\\/magazine365\\\/category\\\/noticias-actualidad\\\/#listItem\",\"name\":\"Noticias y Actualidad\"}}]},{\"@type\":\"Organization\",\"@id\":\"https:\\\/\\\/eldigitaldeasturias.com\\\/magazine365\\\/#organization\",\"name\":\"El digital de Asturias\",\"description\":\"Revista de ocio, turismo y estilo de vida\",\"url\":\"https:\\\/\\\/eldigitaldeasturias.com\\\/magazine365\\\/\",\"logo\":{\"@type\":\"ImageObject\",\"url\":\"https:\\\/\\\/www.eldigitaldeasturias.com\\\/noticias\\\/wp-content\\\/uploads\\\/2020\\\/12\\\/EDA.jpg\",\"@id\":\"https:\\\/\\\/eldigitaldeasturias.com\\\/magazine365\\\/mas-de-la-mitad-de-los-diabeticos-tipo-2-son-hipertensos\\\/#organizationLogo\"},\"image\":{\"@id\":\"https:\\\/\\\/eldigitaldeasturias.com\\\/magazine365\\\/mas-de-la-mitad-de-los-diabeticos-tipo-2-son-hipertensos\\\/#organizationLogo\"}},{\"@type\":\"Person\",\"@id\":\"https:\\\/\\\/eldigitaldeasturias.com\\\/magazine365\\\/author\\\/admin\\\/#author\",\"url\":\"https:\\\/\\\/eldigitaldeasturias.com\\\/magazine365\\\/author\\\/admin\\\/\",\"name\":\"admin\",\"image\":{\"@type\":\"ImageObject\",\"@id\":\"https:\\\/\\\/eldigitaldeasturias.com\\\/magazine365\\\/mas-de-la-mitad-de-los-diabeticos-tipo-2-son-hipertensos\\\/#authorImage\",\"url\":\"https:\\\/\\\/eldigitaldeasturias.com\\\/magazine365\\\/wp-content\\\/litespeed\\\/avatar\\\/e571bcf59a0edd6fa6838245a470f2fe.jpg?ver=1776969259\",\"width\":96,\"height\":96,\"caption\":\"admin\"}},{\"@type\":\"WebPage\",\"@id\":\"https:\\\/\\\/eldigitaldeasturias.com\\\/magazine365\\\/mas-de-la-mitad-de-los-diabeticos-tipo-2-son-hipertensos\\\/#webpage\",\"url\":\"https:\\\/\\\/eldigitaldeasturias.com\\\/magazine365\\\/mas-de-la-mitad-de-los-diabeticos-tipo-2-son-hipertensos\\\/\",\"name\":\"M\\u00e1s de la mitad de los diab\\u00e9ticos tipo 2 son hipertensos | El Digital de Asturias\",\"description\":\"Madrid, 21 may (EFE).- Algo m\\u00e1s de la mitad de las personas con diabetes tipo 2 (el 55 %) son hipertensos, ya que el desarrollo de ambas patolog\\u00edas muchas veces va en paralelo, seg\\u00fan advierten desde la Sociedad Espa\\u00f1ola de Hipertensi\\u00f3n (SEH). La diabetes es una enfermedad que suele presentar otros problemas asociados y se\",\"inLanguage\":\"es-ES\",\"isPartOf\":{\"@id\":\"https:\\\/\\\/eldigitaldeasturias.com\\\/magazine365\\\/#website\"},\"breadcrumb\":{\"@id\":\"https:\\\/\\\/eldigitaldeasturias.com\\\/magazine365\\\/mas-de-la-mitad-de-los-diabeticos-tipo-2-son-hipertensos\\\/#breadcrumblist\"},\"author\":{\"@id\":\"https:\\\/\\\/eldigitaldeasturias.com\\\/magazine365\\\/author\\\/admin\\\/#author\"},\"creator\":{\"@id\":\"https:\\\/\\\/eldigitaldeasturias.com\\\/magazine365\\\/author\\\/admin\\\/#author\"},\"image\":{\"@type\":\"ImageObject\",\"url\":\"https:\\\/\\\/eldigitaldeasturias.com\\\/magazine365\\\/wp-content\\\/uploads\\\/2014\\\/05\\\/6283103w.jpg\",\"@id\":\"https:\\\/\\\/eldigitaldeasturias.com\\\/magazine365\\\/mas-de-la-mitad-de-los-diabeticos-tipo-2-son-hipertensos\\\/#mainImage\",\"width\":800,\"height\":562},\"primaryImageOfPage\":{\"@id\":\"https:\\\/\\\/eldigitaldeasturias.com\\\/magazine365\\\/mas-de-la-mitad-de-los-diabeticos-tipo-2-son-hipertensos\\\/#mainImage\"},\"datePublished\":\"2014-05-21T22:45:46+02:00\",\"dateModified\":\"2014-05-21T22:45:46+02:00\"},{\"@type\":\"WebSite\",\"@id\":\"https:\\\/\\\/eldigitaldeasturias.com\\\/magazine365\\\/#website\",\"url\":\"https:\\\/\\\/eldigitaldeasturias.com\\\/magazine365\\\/\",\"name\":\"El Digital de Asturias\",\"description\":\"Revista de ocio, turismo y estilo de vida\",\"inLanguage\":\"es-ES\",\"publisher\":{\"@id\":\"https:\\\/\\\/eldigitaldeasturias.com\\\/magazine365\\\/#organization\"}}]}\n\t\t<\/script>\n\t\t<!-- All in One SEO Pro -->\r\n\t\t<title>M\u00e1s de la mitad de los diab\u00e9ticos tipo 2 son hipertensos | El Digital de Asturias<\/title>\n\n","aioseo_head_json":{"title":"M\u00e1s de la mitad de los diab\u00e9ticos tipo 2 son hipertensos | El Digital de Asturias","description":"Madrid, 21 may (EFE).- Algo m\u00e1s de la mitad de las personas con diabetes tipo 2 (el 55 %) son hipertensos, ya que el desarrollo de ambas patolog\u00edas muchas veces va en paralelo, seg\u00fan advierten desde la Sociedad Espa\u00f1ola de Hipertensi\u00f3n (SEH). La diabetes es una enfermedad que suele presentar otros problemas asociados y se","canonical_url":"https:\/\/eldigitaldeasturias.com\/magazine365\/mas-de-la-mitad-de-los-diabeticos-tipo-2-son-hipertensos\/","robots":"max-image-preview:large","keywords":"noticias y actualidad","webmasterTools":{"google-site-verification":"UA-38556648-1","miscellaneous":""},"schema":{"@context":"https:\/\/schema.org","@graph":[{"@type":"Article","@id":"https:\/\/eldigitaldeasturias.com\/magazine365\/mas-de-la-mitad-de-los-diabeticos-tipo-2-son-hipertensos\/#article","name":"M\u00e1s de la mitad de los diab\u00e9ticos tipo 2 son hipertensos | El Digital de Asturias","headline":"M\u00e1s de la mitad de los diab\u00e9ticos tipo 2 son hipertensos","author":{"@id":"https:\/\/eldigitaldeasturias.com\/magazine365\/author\/admin\/#author"},"publisher":{"@id":"https:\/\/eldigitaldeasturias.com\/magazine365\/#organization"},"image":{"@type":"ImageObject","url":"https:\/\/eldigitaldeasturias.com\/magazine365\/wp-content\/uploads\/2014\/05\/6283103w.jpg","width":800,"height":562},"datePublished":"2014-05-21T22:45:46+02:00","dateModified":"2014-05-21T22:45:46+02:00","inLanguage":"es-ES","mainEntityOfPage":{"@id":"https:\/\/eldigitaldeasturias.com\/magazine365\/mas-de-la-mitad-de-los-diabeticos-tipo-2-son-hipertensos\/#webpage"},"isPartOf":{"@id":"https:\/\/eldigitaldeasturias.com\/magazine365\/mas-de-la-mitad-de-los-diabeticos-tipo-2-son-hipertensos\/#webpage"},"articleSection":"Noticias y Actualidad"},{"@type":"BreadcrumbList","@id":"https:\/\/eldigitaldeasturias.com\/magazine365\/mas-de-la-mitad-de-los-diabeticos-tipo-2-son-hipertensos\/#breadcrumblist","itemListElement":[{"@type":"ListItem","@id":"https:\/\/eldigitaldeasturias.com\/magazine365#listItem","position":1,"name":"Home","item":"https:\/\/eldigitaldeasturias.com\/magazine365","nextItem":{"@type":"ListItem","@id":"https:\/\/eldigitaldeasturias.com\/magazine365\/category\/noticias-actualidad\/#listItem","name":"Noticias y Actualidad"}},{"@type":"ListItem","@id":"https:\/\/eldigitaldeasturias.com\/magazine365\/category\/noticias-actualidad\/#listItem","position":2,"name":"Noticias y Actualidad","item":"https:\/\/eldigitaldeasturias.com\/magazine365\/category\/noticias-actualidad\/","nextItem":{"@type":"ListItem","@id":"https:\/\/eldigitaldeasturias.com\/magazine365\/mas-de-la-mitad-de-los-diabeticos-tipo-2-son-hipertensos\/#listItem","name":"M\u00e1s de la mitad de los diab\u00e9ticos tipo 2 son hipertensos"},"previousItem":{"@type":"ListItem","@id":"https:\/\/eldigitaldeasturias.com\/magazine365#listItem","name":"Home"}},{"@type":"ListItem","@id":"https:\/\/eldigitaldeasturias.com\/magazine365\/mas-de-la-mitad-de-los-diabeticos-tipo-2-son-hipertensos\/#listItem","position":3,"name":"M\u00e1s de la mitad de los diab\u00e9ticos tipo 2 son hipertensos","previousItem":{"@type":"ListItem","@id":"https:\/\/eldigitaldeasturias.com\/magazine365\/category\/noticias-actualidad\/#listItem","name":"Noticias y Actualidad"}}]},{"@type":"Organization","@id":"https:\/\/eldigitaldeasturias.com\/magazine365\/#organization","name":"El digital de Asturias","description":"Revista de ocio, turismo y estilo de vida","url":"https:\/\/eldigitaldeasturias.com\/magazine365\/","logo":{"@type":"ImageObject","url":"https:\/\/www.eldigitaldeasturias.com\/noticias\/wp-content\/uploads\/2020\/12\/EDA.jpg","@id":"https:\/\/eldigitaldeasturias.com\/magazine365\/mas-de-la-mitad-de-los-diabeticos-tipo-2-son-hipertensos\/#organizationLogo"},"image":{"@id":"https:\/\/eldigitaldeasturias.com\/magazine365\/mas-de-la-mitad-de-los-diabeticos-tipo-2-son-hipertensos\/#organizationLogo"}},{"@type":"Person","@id":"https:\/\/eldigitaldeasturias.com\/magazine365\/author\/admin\/#author","url":"https:\/\/eldigitaldeasturias.com\/magazine365\/author\/admin\/","name":"admin","image":{"@type":"ImageObject","@id":"https:\/\/eldigitaldeasturias.com\/magazine365\/mas-de-la-mitad-de-los-diabeticos-tipo-2-son-hipertensos\/#authorImage","url":"https:\/\/eldigitaldeasturias.com\/magazine365\/wp-content\/litespeed\/avatar\/e571bcf59a0edd6fa6838245a470f2fe.jpg?ver=1776969259","width":96,"height":96,"caption":"admin"}},{"@type":"WebPage","@id":"https:\/\/eldigitaldeasturias.com\/magazine365\/mas-de-la-mitad-de-los-diabeticos-tipo-2-son-hipertensos\/#webpage","url":"https:\/\/eldigitaldeasturias.com\/magazine365\/mas-de-la-mitad-de-los-diabeticos-tipo-2-son-hipertensos\/","name":"M\u00e1s de la mitad de los diab\u00e9ticos tipo 2 son hipertensos | El Digital de Asturias","description":"Madrid, 21 may (EFE).- Algo m\u00e1s de la mitad de las personas con diabetes tipo 2 (el 55 %) son hipertensos, ya que el desarrollo de ambas patolog\u00edas muchas veces va en paralelo, seg\u00fan advierten desde la Sociedad Espa\u00f1ola de Hipertensi\u00f3n (SEH). La diabetes es una enfermedad que suele presentar otros problemas asociados y se","inLanguage":"es-ES","isPartOf":{"@id":"https:\/\/eldigitaldeasturias.com\/magazine365\/#website"},"breadcrumb":{"@id":"https:\/\/eldigitaldeasturias.com\/magazine365\/mas-de-la-mitad-de-los-diabeticos-tipo-2-son-hipertensos\/#breadcrumblist"},"author":{"@id":"https:\/\/eldigitaldeasturias.com\/magazine365\/author\/admin\/#author"},"creator":{"@id":"https:\/\/eldigitaldeasturias.com\/magazine365\/author\/admin\/#author"},"image":{"@type":"ImageObject","url":"https:\/\/eldigitaldeasturias.com\/magazine365\/wp-content\/uploads\/2014\/05\/6283103w.jpg","@id":"https:\/\/eldigitaldeasturias.com\/magazine365\/mas-de-la-mitad-de-los-diabeticos-tipo-2-son-hipertensos\/#mainImage","width":800,"height":562},"primaryImageOfPage":{"@id":"https:\/\/eldigitaldeasturias.com\/magazine365\/mas-de-la-mitad-de-los-diabeticos-tipo-2-son-hipertensos\/#mainImage"},"datePublished":"2014-05-21T22:45:46+02:00","dateModified":"2014-05-21T22:45:46+02:00"},{"@type":"WebSite","@id":"https:\/\/eldigitaldeasturias.com\/magazine365\/#website","url":"https:\/\/eldigitaldeasturias.com\/magazine365\/","name":"El Digital de Asturias","description":"Revista de ocio, turismo y estilo de vida","inLanguage":"es-ES","publisher":{"@id":"https:\/\/eldigitaldeasturias.com\/magazine365\/#organization"}}]},"og:locale":"es_ES","og:site_name":"El Digital de Asturias \u2013 Revista de ocio, turismo y estilo de vida","og:type":"article","og:title":"M\u00e1s de la mitad de los diab\u00e9ticos tipo 2 son hipertensos | El Digital de Asturias","og:description":"Madrid, 21 may (EFE).- Algo m\u00e1s de la mitad de las personas con diabetes tipo 2 (el 55 %) son hipertensos, ya que el desarrollo de ambas patolog\u00edas muchas veces va en paralelo, seg\u00fan advierten desde la Sociedad Espa\u00f1ola de Hipertensi\u00f3n (SEH). La diabetes es una enfermedad que suele presentar otros problemas asociados y se","og:url":"https:\/\/eldigitaldeasturias.com\/magazine365\/mas-de-la-mitad-de-los-diabeticos-tipo-2-son-hipertensos\/","og:image":"https:\/\/eldigitaldeasturias.com\/magazine365\/wp-content\/uploads\/2014\/05\/6283103w.jpg","og:image:secure_url":"https:\/\/eldigitaldeasturias.com\/magazine365\/wp-content\/uploads\/2014\/05\/6283103w.jpg","og:image:width":800,"og:image:height":562,"article:published_time":"2014-05-22T00:45:46+00:00","article:modified_time":"2014-05-22T00:45:46+00:00","twitter:card":"summary_large_image","twitter:title":"M\u00e1s de la mitad de los diab\u00e9ticos tipo 2 son hipertensos | El Digital de Asturias","twitter:description":"Madrid, 21 may (EFE).- Algo m\u00e1s de la mitad de las personas con diabetes tipo 2 (el 55 %) son hipertensos, ya que el desarrollo de ambas patolog\u00edas muchas veces va en paralelo, seg\u00fan advierten desde la Sociedad Espa\u00f1ola de Hipertensi\u00f3n (SEH). La diabetes es una enfermedad que suele presentar otros problemas asociados y se","twitter:image":"https:\/\/eldigitaldeasturias.com\/magazine365\/wp-content\/uploads\/2014\/05\/6283103w.jpg"},"aioseo_meta_data":{"post_id":"13469","title":null,"description":null,"keywords":null,"keyphrases":null,"primary_term":null,"canonical_url":null,"og_title":null,"og_description":null,"og_object_type":"default","og_image_type":"default","og_image_url":null,"og_image_width":null,"og_image_height":null,"og_image_custom_url":null,"og_image_custom_fields":null,"og_video":null,"og_custom_url":null,"og_article_section":null,"og_article_tags":null,"twitter_use_og":false,"twitter_card":"default","twitter_image_type":"default","twitter_image_url":null,"twitter_image_custom_url":null,"twitter_image_custom_fields":null,"twitter_title":null,"twitter_description":null,"schema":{"blockGraphs":[],"customGraphs":[],"default":{"data":{"Article":[],"Course":[],"Dataset":[],"FAQPage":[],"Movie":[],"Person":[],"Product":[],"ProductReview":[],"Car":[],"Recipe":[],"Service":[],"SoftwareApplication":[],"WebPage":[]},"graphName":"","isEnabled":true},"graphs":[],"defaultGraph":"","defaultPostTypeGraph":""},"schema_type":null,"schema_type_options":null,"pillar_content":false,"robots_default":true,"robots_noindex":false,"robots_noarchive":false,"robots_nosnippet":false,"robots_nofollow":false,"robots_noimageindex":false,"robots_noodp":false,"robots_notranslate":false,"robots_max_snippet":null,"robots_max_videopreview":null,"robots_max_imagepreview":"large","priority":null,"frequency":null,"location":null,"local_seo":null,"seo_analyzer_scan_date":"2025-09-17 08:18:57","breadcrumb_settings":null,"limit_modified_date":false,"open_ai":null,"ai":null,"created":"2021-03-09 08:27:55","updated":"2025-09-17 08:18:57"},"aioseo_breadcrumb":"<div class=\"aioseo-breadcrumbs\"><span class=\"aioseo-breadcrumb\">\n\t<a href=\"https:\/\/eldigitaldeasturias.com\/magazine365\" title=\"Home\">Home<\/a>\n<\/span><span class=\"aioseo-breadcrumb-separator\">\u2013<\/span><span class=\"aioseo-breadcrumb\">\n\t<a href=\"https:\/\/eldigitaldeasturias.com\/magazine365\/category\/noticias-actualidad\/\" title=\"Noticias y Actualidad\">Noticias y Actualidad<\/a>\n<\/span><span class=\"aioseo-breadcrumb-separator\">\u2013<\/span><span class=\"aioseo-breadcrumb\">\n\t<a href=\"https:\/\/eldigitaldeasturias.com\/magazine365\/mas-de-la-mitad-de-los-diabeticos-tipo-2-son-hipertensos\/\" title=\"M\u00e1s de la mitad de los diab\u00e9ticos tipo 2 son hipertensos\">M\u00e1s de la mitad de los diab\u00e9ticos tipo 2 son hipertensos<\/a>\n<\/span><\/div>","aioseo_breadcrumb_json":[{"label":"Home","link":"https:\/\/eldigitaldeasturias.com\/magazine365"},{"label":"Noticias y Actualidad","link":"https:\/\/eldigitaldeasturias.com\/magazine365\/category\/noticias-actualidad\/"},{"label":"M\u00e1s de la mitad de los diab\u00e9ticos tipo 2 son hipertensos","link":"https:\/\/eldigitaldeasturias.com\/magazine365\/mas-de-la-mitad-de-los-diabeticos-tipo-2-son-hipertensos\/"}],"_links":{"self":[{"href":"https:\/\/eldigitaldeasturias.com\/magazine365\/wp-json\/wp\/v2\/posts\/13469","targetHints":{"allow":["GET"]}}],"collection":[{"href":"https:\/\/eldigitaldeasturias.com\/magazine365\/wp-json\/wp\/v2\/posts"}],"about":[{"href":"https:\/\/eldigitaldeasturias.com\/magazine365\/wp-json\/wp\/v2\/types\/post"}],"author":[{"embeddable":true,"href":"https:\/\/eldigitaldeasturias.com\/magazine365\/wp-json\/wp\/v2\/users\/1"}],"replies":[{"embeddable":true,"href":"https:\/\/eldigitaldeasturias.com\/magazine365\/wp-json\/wp\/v2\/comments?post=13469"}],"version-history":[{"count":0,"href":"https:\/\/eldigitaldeasturias.com\/magazine365\/wp-json\/wp\/v2\/posts\/13469\/revisions"}],"wp:featuredmedia":[{"embeddable":true,"href":"https:\/\/eldigitaldeasturias.com\/magazine365\/wp-json\/wp\/v2\/media\/13470"}],"wp:attachment":[{"href":"https:\/\/eldigitaldeasturias.com\/magazine365\/wp-json\/wp\/v2\/media?parent=13469"}],"wp:term":[{"taxonomy":"category","embeddable":true,"href":"https:\/\/eldigitaldeasturias.com\/magazine365\/wp-json\/wp\/v2\/categories?post=13469"},{"taxonomy":"post_tag","embeddable":true,"href":"https:\/\/eldigitaldeasturias.com\/magazine365\/wp-json\/wp\/v2\/tags?post=13469"}],"curies":[{"name":"wp","href":"https:\/\/api.w.org\/{rel}","templated":true}]}}