{"id":13445,"date":"2014-05-21T22:29:02","date_gmt":"2014-05-22T00:29:02","guid":{"rendered":"http:\/\/eldigitaldeasturias.com\/magazine365\/?p=13445"},"modified":"2014-05-21T22:29:02","modified_gmt":"2014-05-22T00:29:02","slug":"paul-mccartney-tambien-cancela-su-concierto-en-seul-por-problemas-de-salud","status":"publish","type":"post","link":"https:\/\/eldigitaldeasturias.com\/magazine365\/paul-mccartney-tambien-cancela-su-concierto-en-seul-por-problemas-de-salud\/","title":{"rendered":"Paul McCartney tambi\u00e9n cancela su concierto en Se\u00fal por problemas de salud"},"content":{"rendered":"<p><img fetchpriority=\"high\" decoding=\"async\" class=\"alignleft size-medium wp-image-13446\" alt=\"6282676w\" src=\"https:\/\/eldigitaldeasturias.com\/magazine365\/wp-content\/uploads\/2014\/05\/6282676w-360x239.jpg\" width=\"360\" height=\"239\" \/>Se\u00fal, 21 may (EFE).- El cantante brit\u00e1nico Paul McCartney ha cancelado el que hubiera sido su primer concierto en Se\u00fal por problemas de salud, inform\u00f3 hoy la empresa surcoreana Hyundai Card encargada de la organizaci\u00f3n del evento programado para el 28 de junio.<\/p>\n<p>El exmiembro de los Beatles de 71 a\u00f1os ya cancel\u00f3 los pasados d\u00edas por su delicada salud los cuatro conciertos que ten\u00eda previstos en Jap\u00f3n entre los d\u00edas 17 y 24 de este mes como parte de su gira mundial.<\/p>\n<p>McCartney \u00abcancel\u00f3 su concierto previsto en Se\u00fal, ya que los m\u00e9dicos le ordenaron permanecer completamente en reposo\u00bb, inform\u00f3 hoy la firma organizadora en un comunicado.<\/p>\n<p>El concierto estaba previsto para el d\u00eda 28 de este mes en el Estadio Ol\u00edmpico de Jamsil, al este de la capital surcoreana.<\/p>\n<p>Hyundai Card y el equipo de Paul McCartney se plantear\u00e1n \u00abm\u00e1s adelante\u00bb la posibilidad reprogramar el espect\u00e1culo, agreg\u00f3 Hyundai Card, sin ofrecer una posible nueva fecha.<\/p>\n<p>Mientras, el propio cantante se disculp\u00f3 ante sus admiradores surcoreanos en el mismo comunicado y asegur\u00f3 sentirse \u00abdecepcionado\u00bb por no poder ofrecerles su m\u00fasica.<\/p>\n<p>El concierto de Se\u00fal, donde McCartney nunca antes ha actuado en solitario, formaba parte del programa de su gira mundial \u00abOut There\u00bb, que comenz\u00f3 en Brasil en mayo del a\u00f1o pasado y ya ha llevado al artista a m\u00e1s de una veintena de grandes ciudades de todo el mundo.<\/p>\n<p>La siguiente actuaci\u00f3n programada en la gira internacional \u00abOut There\u00bb de Paul McCartney es el d\u00eda 14 de junio en la localidad estadounidense de Lubbock (Texas).<\/p>\n","protected":false},"excerpt":{"rendered":"<p>Se\u00fal, 21 may (EFE).- El cantante brit\u00e1nico Paul McCartney ha cancelado el que hubiera sido su primer concierto en Se\u00fal por problemas de salud, inform\u00f3 hoy la empresa surcoreana Hyundai Card encargada de la organizaci\u00f3n del evento programado para el 28 de junio. El exmiembro de los Beatles de 71 a\u00f1os ya cancel\u00f3 los pasados<\/p>\n","protected":false},"author":1,"featured_media":13446,"comment_status":"open","ping_status":"closed","sticky":false,"template":"","format":"standard","meta":{"footnotes":""},"categories":[224],"tags":[],"class_list":{"0":"post-13445","1":"post","2":"type-post","3":"status-publish","4":"format-standard","5":"has-post-thumbnail","7":"category-noticias-actualidad"},"aioseo_notices":[],"aioseo_head":"\n\t\t<!-- All in One SEO Pro 4.9.6.1 - aioseo.com -->\n\t<meta name=\"description\" content=\"Se\u00fal, 21 may (EFE).- El cantante brit\u00e1nico Paul McCartney ha cancelado el que hubiera sido su primer concierto en Se\u00fal por problemas de salud, inform\u00f3 hoy la empresa surcoreana Hyundai Card encargada de la organizaci\u00f3n del evento programado para el 28 de junio. El exmiembro de los Beatles de 71 a\u00f1os ya cancel\u00f3 los pasados\" \/>\n\t<meta name=\"robots\" content=\"max-image-preview:large\" \/>\n\t<meta name=\"author\" content=\"admin\"\/>\n\t<meta name=\"google-site-verification\" content=\"UA-38556648-1\" \/>\n\t<meta name=\"keywords\" content=\"noticias y actualidad\" \/>\n\t<link rel=\"canonical\" href=\"https:\/\/eldigitaldeasturias.com\/magazine365\/paul-mccartney-tambien-cancela-su-concierto-en-seul-por-problemas-de-salud\/\" \/>\n\t<meta name=\"generator\" content=\"All in One SEO Pro (AIOSEO) 4.9.6.1\" \/>\n\t\t<meta property=\"og:locale\" content=\"es_ES\" \/>\n\t\t<meta property=\"og:site_name\" content=\"El Digital de Asturias \u2013 Revista de ocio, turismo y estilo de vida\" \/>\n\t\t<meta property=\"og:type\" content=\"article\" \/>\n\t\t<meta property=\"og:title\" content=\"Paul McCartney tambi\u00e9n cancela su concierto en Se\u00fal por problemas de salud | El Digital de Asturias\" \/>\n\t\t<meta property=\"og:description\" content=\"Se\u00fal, 21 may (EFE).- El cantante brit\u00e1nico Paul McCartney ha cancelado el que hubiera sido su primer concierto en Se\u00fal por problemas de salud, inform\u00f3 hoy la empresa surcoreana Hyundai Card encargada de la organizaci\u00f3n del evento programado para el 28 de junio. El exmiembro de los Beatles de 71 a\u00f1os ya cancel\u00f3 los pasados\" \/>\n\t\t<meta property=\"og:url\" content=\"https:\/\/eldigitaldeasturias.com\/magazine365\/paul-mccartney-tambien-cancela-su-concierto-en-seul-por-problemas-de-salud\/\" \/>\n\t\t<meta property=\"og:image\" content=\"https:\/\/eldigitaldeasturias.com\/magazine365\/wp-content\/uploads\/2014\/05\/6282676w.jpg\" \/>\n\t\t<meta property=\"og:image:secure_url\" content=\"https:\/\/eldigitaldeasturias.com\/magazine365\/wp-content\/uploads\/2014\/05\/6282676w.jpg\" \/>\n\t\t<meta property=\"og:image:width\" content=\"800\" \/>\n\t\t<meta property=\"og:image:height\" content=\"533\" \/>\n\t\t<meta property=\"article:published_time\" content=\"2014-05-22T00:29:02+00:00\" \/>\n\t\t<meta property=\"article:modified_time\" content=\"2014-05-22T00:29:02+00:00\" \/>\n\t\t<meta name=\"twitter:card\" content=\"summary_large_image\" \/>\n\t\t<meta name=\"twitter:title\" content=\"Paul McCartney tambi\u00e9n cancela su concierto en Se\u00fal por problemas de salud | El Digital de Asturias\" \/>\n\t\t<meta name=\"twitter:description\" content=\"Se\u00fal, 21 may (EFE).- El cantante brit\u00e1nico Paul McCartney ha cancelado el que hubiera sido su primer concierto en Se\u00fal por problemas de salud, inform\u00f3 hoy la empresa surcoreana Hyundai Card encargada de la organizaci\u00f3n del evento programado para el 28 de junio. El exmiembro de los Beatles de 71 a\u00f1os ya cancel\u00f3 los pasados\" \/>\n\t\t<meta name=\"twitter:image\" content=\"https:\/\/eldigitaldeasturias.com\/magazine365\/wp-content\/uploads\/2014\/05\/6282676w.jpg\" \/>\n\t\t<script type=\"application\/ld+json\" class=\"aioseo-schema\">\n\t\t\t{\"@context\":\"https:\\\/\\\/schema.org\",\"@graph\":[{\"@type\":\"Article\",\"@id\":\"https:\\\/\\\/eldigitaldeasturias.com\\\/magazine365\\\/paul-mccartney-tambien-cancela-su-concierto-en-seul-por-problemas-de-salud\\\/#article\",\"name\":\"Paul McCartney tambi\\u00e9n cancela su concierto en Se\\u00fal por problemas de salud | El Digital de Asturias\",\"headline\":\"Paul McCartney tambi\\u00e9n cancela su concierto en Se\\u00fal por problemas de salud\",\"author\":{\"@id\":\"https:\\\/\\\/eldigitaldeasturias.com\\\/magazine365\\\/author\\\/admin\\\/#author\"},\"publisher\":{\"@id\":\"https:\\\/\\\/eldigitaldeasturias.com\\\/magazine365\\\/#organization\"},\"image\":{\"@type\":\"ImageObject\",\"url\":\"https:\\\/\\\/eldigitaldeasturias.com\\\/magazine365\\\/wp-content\\\/uploads\\\/2014\\\/05\\\/6282676w.jpg\",\"width\":800,\"height\":533},\"datePublished\":\"2014-05-21T22:29:02+02:00\",\"dateModified\":\"2014-05-21T22:29:02+02:00\",\"inLanguage\":\"es-ES\",\"mainEntityOfPage\":{\"@id\":\"https:\\\/\\\/eldigitaldeasturias.com\\\/magazine365\\\/paul-mccartney-tambien-cancela-su-concierto-en-seul-por-problemas-de-salud\\\/#webpage\"},\"isPartOf\":{\"@id\":\"https:\\\/\\\/eldigitaldeasturias.com\\\/magazine365\\\/paul-mccartney-tambien-cancela-su-concierto-en-seul-por-problemas-de-salud\\\/#webpage\"},\"articleSection\":\"Noticias y Actualidad\"},{\"@type\":\"BreadcrumbList\",\"@id\":\"https:\\\/\\\/eldigitaldeasturias.com\\\/magazine365\\\/paul-mccartney-tambien-cancela-su-concierto-en-seul-por-problemas-de-salud\\\/#breadcrumblist\",\"itemListElement\":[{\"@type\":\"ListItem\",\"@id\":\"https:\\\/\\\/eldigitaldeasturias.com\\\/magazine365#listItem\",\"position\":1,\"name\":\"Home\",\"item\":\"https:\\\/\\\/eldigitaldeasturias.com\\\/magazine365\",\"nextItem\":{\"@type\":\"ListItem\",\"@id\":\"https:\\\/\\\/eldigitaldeasturias.com\\\/magazine365\\\/category\\\/noticias-actualidad\\\/#listItem\",\"name\":\"Noticias y Actualidad\"}},{\"@type\":\"ListItem\",\"@id\":\"https:\\\/\\\/eldigitaldeasturias.com\\\/magazine365\\\/category\\\/noticias-actualidad\\\/#listItem\",\"position\":2,\"name\":\"Noticias y Actualidad\",\"item\":\"https:\\\/\\\/eldigitaldeasturias.com\\\/magazine365\\\/category\\\/noticias-actualidad\\\/\",\"nextItem\":{\"@type\":\"ListItem\",\"@id\":\"https:\\\/\\\/eldigitaldeasturias.com\\\/magazine365\\\/paul-mccartney-tambien-cancela-su-concierto-en-seul-por-problemas-de-salud\\\/#listItem\",\"name\":\"Paul McCartney tambi\\u00e9n cancela su concierto en Se\\u00fal por problemas de salud\"},\"previousItem\":{\"@type\":\"ListItem\",\"@id\":\"https:\\\/\\\/eldigitaldeasturias.com\\\/magazine365#listItem\",\"name\":\"Home\"}},{\"@type\":\"ListItem\",\"@id\":\"https:\\\/\\\/eldigitaldeasturias.com\\\/magazine365\\\/paul-mccartney-tambien-cancela-su-concierto-en-seul-por-problemas-de-salud\\\/#listItem\",\"position\":3,\"name\":\"Paul McCartney tambi\\u00e9n cancela su concierto en Se\\u00fal por problemas de salud\",\"previousItem\":{\"@type\":\"ListItem\",\"@id\":\"https:\\\/\\\/eldigitaldeasturias.com\\\/magazine365\\\/category\\\/noticias-actualidad\\\/#listItem\",\"name\":\"Noticias y Actualidad\"}}]},{\"@type\":\"Organization\",\"@id\":\"https:\\\/\\\/eldigitaldeasturias.com\\\/magazine365\\\/#organization\",\"name\":\"El digital de Asturias\",\"description\":\"Revista de ocio, turismo y estilo de vida\",\"url\":\"https:\\\/\\\/eldigitaldeasturias.com\\\/magazine365\\\/\",\"logo\":{\"@type\":\"ImageObject\",\"url\":\"https:\\\/\\\/www.eldigitaldeasturias.com\\\/noticias\\\/wp-content\\\/uploads\\\/2020\\\/12\\\/EDA.jpg\",\"@id\":\"https:\\\/\\\/eldigitaldeasturias.com\\\/magazine365\\\/paul-mccartney-tambien-cancela-su-concierto-en-seul-por-problemas-de-salud\\\/#organizationLogo\"},\"image\":{\"@id\":\"https:\\\/\\\/eldigitaldeasturias.com\\\/magazine365\\\/paul-mccartney-tambien-cancela-su-concierto-en-seul-por-problemas-de-salud\\\/#organizationLogo\"}},{\"@type\":\"Person\",\"@id\":\"https:\\\/\\\/eldigitaldeasturias.com\\\/magazine365\\\/author\\\/admin\\\/#author\",\"url\":\"https:\\\/\\\/eldigitaldeasturias.com\\\/magazine365\\\/author\\\/admin\\\/\",\"name\":\"admin\",\"image\":{\"@type\":\"ImageObject\",\"@id\":\"https:\\\/\\\/eldigitaldeasturias.com\\\/magazine365\\\/paul-mccartney-tambien-cancela-su-concierto-en-seul-por-problemas-de-salud\\\/#authorImage\",\"url\":\"https:\\\/\\\/eldigitaldeasturias.com\\\/magazine365\\\/wp-content\\\/litespeed\\\/avatar\\\/e571bcf59a0edd6fa6838245a470f2fe.jpg?ver=1776969259\",\"width\":96,\"height\":96,\"caption\":\"admin\"}},{\"@type\":\"WebPage\",\"@id\":\"https:\\\/\\\/eldigitaldeasturias.com\\\/magazine365\\\/paul-mccartney-tambien-cancela-su-concierto-en-seul-por-problemas-de-salud\\\/#webpage\",\"url\":\"https:\\\/\\\/eldigitaldeasturias.com\\\/magazine365\\\/paul-mccartney-tambien-cancela-su-concierto-en-seul-por-problemas-de-salud\\\/\",\"name\":\"Paul McCartney tambi\\u00e9n cancela su concierto en Se\\u00fal por problemas de salud | El Digital de Asturias\",\"description\":\"Se\\u00fal, 21 may (EFE).- El cantante brit\\u00e1nico Paul McCartney ha cancelado el que hubiera sido su primer concierto en Se\\u00fal por problemas de salud, inform\\u00f3 hoy la empresa surcoreana Hyundai Card encargada de la organizaci\\u00f3n del evento programado para el 28 de junio. El exmiembro de los Beatles de 71 a\\u00f1os ya cancel\\u00f3 los pasados\",\"inLanguage\":\"es-ES\",\"isPartOf\":{\"@id\":\"https:\\\/\\\/eldigitaldeasturias.com\\\/magazine365\\\/#website\"},\"breadcrumb\":{\"@id\":\"https:\\\/\\\/eldigitaldeasturias.com\\\/magazine365\\\/paul-mccartney-tambien-cancela-su-concierto-en-seul-por-problemas-de-salud\\\/#breadcrumblist\"},\"author\":{\"@id\":\"https:\\\/\\\/eldigitaldeasturias.com\\\/magazine365\\\/author\\\/admin\\\/#author\"},\"creator\":{\"@id\":\"https:\\\/\\\/eldigitaldeasturias.com\\\/magazine365\\\/author\\\/admin\\\/#author\"},\"image\":{\"@type\":\"ImageObject\",\"url\":\"https:\\\/\\\/eldigitaldeasturias.com\\\/magazine365\\\/wp-content\\\/uploads\\\/2014\\\/05\\\/6282676w.jpg\",\"@id\":\"https:\\\/\\\/eldigitaldeasturias.com\\\/magazine365\\\/paul-mccartney-tambien-cancela-su-concierto-en-seul-por-problemas-de-salud\\\/#mainImage\",\"width\":800,\"height\":533},\"primaryImageOfPage\":{\"@id\":\"https:\\\/\\\/eldigitaldeasturias.com\\\/magazine365\\\/paul-mccartney-tambien-cancela-su-concierto-en-seul-por-problemas-de-salud\\\/#mainImage\"},\"datePublished\":\"2014-05-21T22:29:02+02:00\",\"dateModified\":\"2014-05-21T22:29:02+02:00\"},{\"@type\":\"WebSite\",\"@id\":\"https:\\\/\\\/eldigitaldeasturias.com\\\/magazine365\\\/#website\",\"url\":\"https:\\\/\\\/eldigitaldeasturias.com\\\/magazine365\\\/\",\"name\":\"El Digital de Asturias\",\"description\":\"Revista de ocio, turismo y estilo de vida\",\"inLanguage\":\"es-ES\",\"publisher\":{\"@id\":\"https:\\\/\\\/eldigitaldeasturias.com\\\/magazine365\\\/#organization\"}}]}\n\t\t<\/script>\n\t\t<!-- All in One SEO Pro -->\r\n\t\t<title>Paul McCartney tambi\u00e9n cancela su concierto en Se\u00fal por problemas de salud | El Digital de Asturias<\/title>\n\n","aioseo_head_json":{"title":"Paul McCartney tambi\u00e9n cancela su concierto en Se\u00fal por problemas de salud | El Digital de Asturias","description":"Se\u00fal, 21 may (EFE).- El cantante brit\u00e1nico Paul McCartney ha cancelado el que hubiera sido su primer concierto en Se\u00fal por problemas de salud, inform\u00f3 hoy la empresa surcoreana Hyundai Card encargada de la organizaci\u00f3n del evento programado para el 28 de junio. El exmiembro de los Beatles de 71 a\u00f1os ya cancel\u00f3 los pasados","canonical_url":"https:\/\/eldigitaldeasturias.com\/magazine365\/paul-mccartney-tambien-cancela-su-concierto-en-seul-por-problemas-de-salud\/","robots":"max-image-preview:large","keywords":"noticias y actualidad","webmasterTools":{"google-site-verification":"UA-38556648-1","miscellaneous":""},"schema":{"@context":"https:\/\/schema.org","@graph":[{"@type":"Article","@id":"https:\/\/eldigitaldeasturias.com\/magazine365\/paul-mccartney-tambien-cancela-su-concierto-en-seul-por-problemas-de-salud\/#article","name":"Paul McCartney tambi\u00e9n cancela su concierto en Se\u00fal por problemas de salud | El Digital de Asturias","headline":"Paul McCartney tambi\u00e9n cancela su concierto en Se\u00fal por problemas de salud","author":{"@id":"https:\/\/eldigitaldeasturias.com\/magazine365\/author\/admin\/#author"},"publisher":{"@id":"https:\/\/eldigitaldeasturias.com\/magazine365\/#organization"},"image":{"@type":"ImageObject","url":"https:\/\/eldigitaldeasturias.com\/magazine365\/wp-content\/uploads\/2014\/05\/6282676w.jpg","width":800,"height":533},"datePublished":"2014-05-21T22:29:02+02:00","dateModified":"2014-05-21T22:29:02+02:00","inLanguage":"es-ES","mainEntityOfPage":{"@id":"https:\/\/eldigitaldeasturias.com\/magazine365\/paul-mccartney-tambien-cancela-su-concierto-en-seul-por-problemas-de-salud\/#webpage"},"isPartOf":{"@id":"https:\/\/eldigitaldeasturias.com\/magazine365\/paul-mccartney-tambien-cancela-su-concierto-en-seul-por-problemas-de-salud\/#webpage"},"articleSection":"Noticias y Actualidad"},{"@type":"BreadcrumbList","@id":"https:\/\/eldigitaldeasturias.com\/magazine365\/paul-mccartney-tambien-cancela-su-concierto-en-seul-por-problemas-de-salud\/#breadcrumblist","itemListElement":[{"@type":"ListItem","@id":"https:\/\/eldigitaldeasturias.com\/magazine365#listItem","position":1,"name":"Home","item":"https:\/\/eldigitaldeasturias.com\/magazine365","nextItem":{"@type":"ListItem","@id":"https:\/\/eldigitaldeasturias.com\/magazine365\/category\/noticias-actualidad\/#listItem","name":"Noticias y Actualidad"}},{"@type":"ListItem","@id":"https:\/\/eldigitaldeasturias.com\/magazine365\/category\/noticias-actualidad\/#listItem","position":2,"name":"Noticias y Actualidad","item":"https:\/\/eldigitaldeasturias.com\/magazine365\/category\/noticias-actualidad\/","nextItem":{"@type":"ListItem","@id":"https:\/\/eldigitaldeasturias.com\/magazine365\/paul-mccartney-tambien-cancela-su-concierto-en-seul-por-problemas-de-salud\/#listItem","name":"Paul McCartney tambi\u00e9n cancela su concierto en Se\u00fal por problemas de salud"},"previousItem":{"@type":"ListItem","@id":"https:\/\/eldigitaldeasturias.com\/magazine365#listItem","name":"Home"}},{"@type":"ListItem","@id":"https:\/\/eldigitaldeasturias.com\/magazine365\/paul-mccartney-tambien-cancela-su-concierto-en-seul-por-problemas-de-salud\/#listItem","position":3,"name":"Paul McCartney tambi\u00e9n cancela su concierto en Se\u00fal por problemas de salud","previousItem":{"@type":"ListItem","@id":"https:\/\/eldigitaldeasturias.com\/magazine365\/category\/noticias-actualidad\/#listItem","name":"Noticias y Actualidad"}}]},{"@type":"Organization","@id":"https:\/\/eldigitaldeasturias.com\/magazine365\/#organization","name":"El digital de Asturias","description":"Revista de ocio, turismo y estilo de vida","url":"https:\/\/eldigitaldeasturias.com\/magazine365\/","logo":{"@type":"ImageObject","url":"https:\/\/www.eldigitaldeasturias.com\/noticias\/wp-content\/uploads\/2020\/12\/EDA.jpg","@id":"https:\/\/eldigitaldeasturias.com\/magazine365\/paul-mccartney-tambien-cancela-su-concierto-en-seul-por-problemas-de-salud\/#organizationLogo"},"image":{"@id":"https:\/\/eldigitaldeasturias.com\/magazine365\/paul-mccartney-tambien-cancela-su-concierto-en-seul-por-problemas-de-salud\/#organizationLogo"}},{"@type":"Person","@id":"https:\/\/eldigitaldeasturias.com\/magazine365\/author\/admin\/#author","url":"https:\/\/eldigitaldeasturias.com\/magazine365\/author\/admin\/","name":"admin","image":{"@type":"ImageObject","@id":"https:\/\/eldigitaldeasturias.com\/magazine365\/paul-mccartney-tambien-cancela-su-concierto-en-seul-por-problemas-de-salud\/#authorImage","url":"https:\/\/eldigitaldeasturias.com\/magazine365\/wp-content\/litespeed\/avatar\/e571bcf59a0edd6fa6838245a470f2fe.jpg?ver=1776969259","width":96,"height":96,"caption":"admin"}},{"@type":"WebPage","@id":"https:\/\/eldigitaldeasturias.com\/magazine365\/paul-mccartney-tambien-cancela-su-concierto-en-seul-por-problemas-de-salud\/#webpage","url":"https:\/\/eldigitaldeasturias.com\/magazine365\/paul-mccartney-tambien-cancela-su-concierto-en-seul-por-problemas-de-salud\/","name":"Paul McCartney tambi\u00e9n cancela su concierto en Se\u00fal por problemas de salud | El Digital de Asturias","description":"Se\u00fal, 21 may (EFE).- El cantante brit\u00e1nico Paul McCartney ha cancelado el que hubiera sido su primer concierto en Se\u00fal por problemas de salud, inform\u00f3 hoy la empresa surcoreana Hyundai Card encargada de la organizaci\u00f3n del evento programado para el 28 de junio. El exmiembro de los Beatles de 71 a\u00f1os ya cancel\u00f3 los pasados","inLanguage":"es-ES","isPartOf":{"@id":"https:\/\/eldigitaldeasturias.com\/magazine365\/#website"},"breadcrumb":{"@id":"https:\/\/eldigitaldeasturias.com\/magazine365\/paul-mccartney-tambien-cancela-su-concierto-en-seul-por-problemas-de-salud\/#breadcrumblist"},"author":{"@id":"https:\/\/eldigitaldeasturias.com\/magazine365\/author\/admin\/#author"},"creator":{"@id":"https:\/\/eldigitaldeasturias.com\/magazine365\/author\/admin\/#author"},"image":{"@type":"ImageObject","url":"https:\/\/eldigitaldeasturias.com\/magazine365\/wp-content\/uploads\/2014\/05\/6282676w.jpg","@id":"https:\/\/eldigitaldeasturias.com\/magazine365\/paul-mccartney-tambien-cancela-su-concierto-en-seul-por-problemas-de-salud\/#mainImage","width":800,"height":533},"primaryImageOfPage":{"@id":"https:\/\/eldigitaldeasturias.com\/magazine365\/paul-mccartney-tambien-cancela-su-concierto-en-seul-por-problemas-de-salud\/#mainImage"},"datePublished":"2014-05-21T22:29:02+02:00","dateModified":"2014-05-21T22:29:02+02:00"},{"@type":"WebSite","@id":"https:\/\/eldigitaldeasturias.com\/magazine365\/#website","url":"https:\/\/eldigitaldeasturias.com\/magazine365\/","name":"El Digital de Asturias","description":"Revista de ocio, turismo y estilo de vida","inLanguage":"es-ES","publisher":{"@id":"https:\/\/eldigitaldeasturias.com\/magazine365\/#organization"}}]},"og:locale":"es_ES","og:site_name":"El Digital de Asturias \u2013 Revista de ocio, turismo y estilo de vida","og:type":"article","og:title":"Paul McCartney tambi\u00e9n cancela su concierto en Se\u00fal por problemas de salud | El Digital de Asturias","og:description":"Se\u00fal, 21 may (EFE).- El cantante brit\u00e1nico Paul McCartney ha cancelado el que hubiera sido su primer concierto en Se\u00fal por problemas de salud, inform\u00f3 hoy la empresa surcoreana Hyundai Card encargada de la organizaci\u00f3n del evento programado para el 28 de junio. El exmiembro de los Beatles de 71 a\u00f1os ya cancel\u00f3 los pasados","og:url":"https:\/\/eldigitaldeasturias.com\/magazine365\/paul-mccartney-tambien-cancela-su-concierto-en-seul-por-problemas-de-salud\/","og:image":"https:\/\/eldigitaldeasturias.com\/magazine365\/wp-content\/uploads\/2014\/05\/6282676w.jpg","og:image:secure_url":"https:\/\/eldigitaldeasturias.com\/magazine365\/wp-content\/uploads\/2014\/05\/6282676w.jpg","og:image:width":800,"og:image:height":533,"article:published_time":"2014-05-22T00:29:02+00:00","article:modified_time":"2014-05-22T00:29:02+00:00","twitter:card":"summary_large_image","twitter:title":"Paul McCartney tambi\u00e9n cancela su concierto en Se\u00fal por problemas de salud | El Digital de Asturias","twitter:description":"Se\u00fal, 21 may (EFE).- El cantante brit\u00e1nico Paul McCartney ha cancelado el que hubiera sido su primer concierto en Se\u00fal por problemas de salud, inform\u00f3 hoy la empresa surcoreana Hyundai Card encargada de la organizaci\u00f3n del evento programado para el 28 de junio. El exmiembro de los Beatles de 71 a\u00f1os ya cancel\u00f3 los pasados","twitter:image":"https:\/\/eldigitaldeasturias.com\/magazine365\/wp-content\/uploads\/2014\/05\/6282676w.jpg"},"aioseo_meta_data":{"post_id":"13445","title":null,"description":null,"keywords":null,"keyphrases":null,"primary_term":null,"canonical_url":null,"og_title":null,"og_description":null,"og_object_type":"default","og_image_type":"default","og_image_url":null,"og_image_width":null,"og_image_height":null,"og_image_custom_url":null,"og_image_custom_fields":null,"og_video":null,"og_custom_url":null,"og_article_section":null,"og_article_tags":null,"twitter_use_og":false,"twitter_card":"default","twitter_image_type":"default","twitter_image_url":null,"twitter_image_custom_url":null,"twitter_image_custom_fields":null,"twitter_title":null,"twitter_description":null,"schema":{"blockGraphs":[],"customGraphs":[],"default":{"data":{"Article":[],"Course":[],"Dataset":[],"FAQPage":[],"Movie":[],"Person":[],"Product":[],"ProductReview":[],"Car":[],"Recipe":[],"Service":[],"SoftwareApplication":[],"WebPage":[]},"graphName":"","isEnabled":true},"graphs":[],"defaultGraph":"","defaultPostTypeGraph":""},"schema_type":null,"schema_type_options":null,"pillar_content":false,"robots_default":true,"robots_noindex":false,"robots_noarchive":false,"robots_nosnippet":false,"robots_nofollow":false,"robots_noimageindex":false,"robots_noodp":false,"robots_notranslate":false,"robots_max_snippet":null,"robots_max_videopreview":null,"robots_max_imagepreview":"large","priority":null,"frequency":null,"location":null,"local_seo":null,"seo_analyzer_scan_date":"2025-09-17 08:17:41","breadcrumb_settings":null,"limit_modified_date":false,"open_ai":null,"ai":null,"created":"2021-03-09 08:27:55","updated":"2025-09-17 08:17:41"},"aioseo_breadcrumb":"<div class=\"aioseo-breadcrumbs\"><span class=\"aioseo-breadcrumb\">\n\t<a href=\"https:\/\/eldigitaldeasturias.com\/magazine365\" title=\"Home\">Home<\/a>\n<\/span><span class=\"aioseo-breadcrumb-separator\">\u2013<\/span><span class=\"aioseo-breadcrumb\">\n\t<a href=\"https:\/\/eldigitaldeasturias.com\/magazine365\/category\/noticias-actualidad\/\" title=\"Noticias y Actualidad\">Noticias y Actualidad<\/a>\n<\/span><span class=\"aioseo-breadcrumb-separator\">\u2013<\/span><span class=\"aioseo-breadcrumb\">\n\t<a href=\"https:\/\/eldigitaldeasturias.com\/magazine365\/paul-mccartney-tambien-cancela-su-concierto-en-seul-por-problemas-de-salud\/\" title=\"Paul McCartney tambi\u00e9n cancela su concierto en Se\u00fal por problemas de salud\">Paul McCartney tambi\u00e9n cancela su concierto en Se\u00fal por problemas de salud<\/a>\n<\/span><\/div>","aioseo_breadcrumb_json":[{"label":"Home","link":"https:\/\/eldigitaldeasturias.com\/magazine365"},{"label":"Noticias y Actualidad","link":"https:\/\/eldigitaldeasturias.com\/magazine365\/category\/noticias-actualidad\/"},{"label":"Paul McCartney tambi\u00e9n cancela su concierto en Se\u00fal por problemas de salud","link":"https:\/\/eldigitaldeasturias.com\/magazine365\/paul-mccartney-tambien-cancela-su-concierto-en-seul-por-problemas-de-salud\/"}],"_links":{"self":[{"href":"https:\/\/eldigitaldeasturias.com\/magazine365\/wp-json\/wp\/v2\/posts\/13445","targetHints":{"allow":["GET"]}}],"collection":[{"href":"https:\/\/eldigitaldeasturias.com\/magazine365\/wp-json\/wp\/v2\/posts"}],"about":[{"href":"https:\/\/eldigitaldeasturias.com\/magazine365\/wp-json\/wp\/v2\/types\/post"}],"author":[{"embeddable":true,"href":"https:\/\/eldigitaldeasturias.com\/magazine365\/wp-json\/wp\/v2\/users\/1"}],"replies":[{"embeddable":true,"href":"https:\/\/eldigitaldeasturias.com\/magazine365\/wp-json\/wp\/v2\/comments?post=13445"}],"version-history":[{"count":0,"href":"https:\/\/eldigitaldeasturias.com\/magazine365\/wp-json\/wp\/v2\/posts\/13445\/revisions"}],"wp:featuredmedia":[{"embeddable":true,"href":"https:\/\/eldigitaldeasturias.com\/magazine365\/wp-json\/wp\/v2\/media\/13446"}],"wp:attachment":[{"href":"https:\/\/eldigitaldeasturias.com\/magazine365\/wp-json\/wp\/v2\/media?parent=13445"}],"wp:term":[{"taxonomy":"category","embeddable":true,"href":"https:\/\/eldigitaldeasturias.com\/magazine365\/wp-json\/wp\/v2\/categories?post=13445"},{"taxonomy":"post_tag","embeddable":true,"href":"https:\/\/eldigitaldeasturias.com\/magazine365\/wp-json\/wp\/v2\/tags?post=13445"}],"curies":[{"name":"wp","href":"https:\/\/api.w.org\/{rel}","templated":true}]}}