{"id":13442,"date":"2014-05-21T22:27:06","date_gmt":"2014-05-22T00:27:06","guid":{"rendered":"http:\/\/eldigitaldeasturias.com\/magazine365\/?p=13442"},"modified":"2014-05-21T22:27:06","modified_gmt":"2014-05-22T00:27:06","slug":"facebook-lanza-un-portal-en-espana-para-prevenir-y-hacer-frente-al-acoso","status":"publish","type":"post","link":"https:\/\/eldigitaldeasturias.com\/magazine365\/facebook-lanza-un-portal-en-espana-para-prevenir-y-hacer-frente-al-acoso\/","title":{"rendered":"Facebook lanza un portal en Espa\u00f1a para prevenir y hacer frente al acoso"},"content":{"rendered":"<p><img fetchpriority=\"high\" decoding=\"async\" class=\"alignleft size-medium wp-image-13443\" alt=\"6282260w\" src=\"https:\/\/eldigitaldeasturias.com\/magazine365\/wp-content\/uploads\/2014\/05\/6282260w-360x240.jpg\" width=\"360\" height=\"240\" srcset=\"https:\/\/eldigitaldeasturias.com\/magazine365\/wp-content\/uploads\/2014\/05\/6282260w-360x240.jpg 360w, https:\/\/eldigitaldeasturias.com\/magazine365\/wp-content\/uploads\/2014\/05\/6282260w-650x434.jpg 650w, https:\/\/eldigitaldeasturias.com\/magazine365\/wp-content\/uploads\/2014\/05\/6282260w-768x513.jpg 768w, https:\/\/eldigitaldeasturias.com\/magazine365\/wp-content\/uploads\/2014\/05\/6282260w-150x100.jpg 150w, https:\/\/eldigitaldeasturias.com\/magazine365\/wp-content\/uploads\/2014\/05\/6282260w-450x300.jpg 450w, https:\/\/eldigitaldeasturias.com\/magazine365\/wp-content\/uploads\/2014\/05\/6282260w-696x465.jpg 696w, https:\/\/eldigitaldeasturias.com\/magazine365\/wp-content\/uploads\/2014\/05\/6282260w-629x420.jpg 629w, https:\/\/eldigitaldeasturias.com\/magazine365\/wp-content\/uploads\/2014\/05\/6282260w-84x55.jpg 84w, https:\/\/eldigitaldeasturias.com\/magazine365\/wp-content\/uploads\/2014\/05\/6282260w.jpg 800w\" sizes=\"(max-width: 360px) 100vw, 360px\" \/>Madrid, 21 may (EFE).- La red social Facebook ha puesto hoy en marcha en Espa\u00f1a el Centro para la Prevenci\u00f3n del Acoso, un portal con recursos para ayudar a frenar y a gestionar los casos de ciberbullying.<\/p>\n<p>El portal ofrece consejos y gu\u00edas para que especialmente los m\u00e1s j\u00f3venes, pero tambi\u00e9n padres y educadores, est\u00e9n m\u00e1s informados sobre c\u00f3mo afrontar posibles conflictos y desencuentros en la red social.<\/p>\n<p>El Centro para la Prevenci\u00f3n del Acoso recopila herramientas de actuaci\u00f3n que van desde la sugerencia de solucionar los conflictos desde el di\u00e1logo, s\u00f3lo para situaciones en las que el afectado no tenga \u00abmiedo\u00bb ni se sienta amenazado, a mecanismos de denuncia y bloqueo de usuarios.<\/p>\n<p>Se trata de una iniciativa conjunta de Facebook y el Yale Center for Emotional Intelligence que cuenta con el apoyo y asesoramiento de organizaciones especializadas en combatir el acoso, como las espa\u00f1olas GSIA, Prot\u00e9geles y Alia2.<\/p>\n<p>Al portal se accede autom\u00e1ticamente cuando se denuncia un hecho en Facebook o desde la direcci\u00f3n www.facebook.com\/safety\/bullying.<\/p>\n<p>En todo momento se incide en el mensaje de que el acoso \u00abnunca es aceptable\u00bb y se trata de brindar unas l\u00edneas generales de actuaci\u00f3n tanto para la persona que se siente acosada, para sus amigos, familiares o profesores, as\u00ed como para el usuario que sea acusado de estar acosando a otros.<\/p>\n<p>Adem\u00e1s de recordar las herramientas existentes en la red social (configuraci\u00f3n de privacidad, posibilidad de reportar contenidos, bloquear o eliminar usuarios, etc\u00e9tera), sugiere formas de abordar conversaciones cara a cara con adolescentes que puedan sentirse atacados.<\/p>\n<p>Tambi\u00e9n cuenta con informaci\u00f3n sobre los pasos que se han de seguir si se piensa que un usuario se encuentra en riesgo de suicidio y ofrece enlaces a recursos externos de organizaciones especializadas en luchar contra el ciberacoso.<\/p>\n","protected":false},"excerpt":{"rendered":"<p>Madrid, 21 may (EFE).- La red social Facebook ha puesto hoy en marcha en Espa\u00f1a el Centro para la Prevenci\u00f3n del Acoso, un portal con recursos para ayudar a frenar y a gestionar los casos de ciberbullying. El portal ofrece consejos y gu\u00edas para que especialmente los m\u00e1s j\u00f3venes, pero tambi\u00e9n padres y educadores, est\u00e9n<\/p>\n","protected":false},"author":1,"featured_media":13443,"comment_status":"open","ping_status":"closed","sticky":false,"template":"","format":"standard","meta":{"footnotes":""},"categories":[224],"tags":[],"class_list":{"0":"post-13442","1":"post","2":"type-post","3":"status-publish","4":"format-standard","5":"has-post-thumbnail","7":"category-noticias-actualidad"},"aioseo_notices":[],"aioseo_head":"\n\t\t<!-- All in One SEO Pro 4.9.6.1 - aioseo.com -->\n\t<meta name=\"description\" content=\"Madrid, 21 may (EFE).- La red social Facebook ha puesto hoy en marcha en Espa\u00f1a el Centro para la Prevenci\u00f3n del Acoso, un portal con recursos para ayudar a frenar y a gestionar los casos de ciberbullying. El portal ofrece consejos y gu\u00edas para que especialmente los m\u00e1s j\u00f3venes, pero tambi\u00e9n padres y educadores, est\u00e9n\" \/>\n\t<meta name=\"robots\" content=\"max-image-preview:large\" \/>\n\t<meta name=\"author\" content=\"admin\"\/>\n\t<meta name=\"google-site-verification\" content=\"UA-38556648-1\" \/>\n\t<meta name=\"keywords\" content=\"noticias y actualidad\" \/>\n\t<link rel=\"canonical\" href=\"https:\/\/eldigitaldeasturias.com\/magazine365\/facebook-lanza-un-portal-en-espana-para-prevenir-y-hacer-frente-al-acoso\/\" \/>\n\t<meta name=\"generator\" content=\"All in One SEO Pro (AIOSEO) 4.9.6.1\" \/>\n\t\t<meta property=\"og:locale\" content=\"es_ES\" \/>\n\t\t<meta property=\"og:site_name\" content=\"El Digital de Asturias \u2013 Revista de ocio, turismo y estilo de vida\" \/>\n\t\t<meta property=\"og:type\" content=\"article\" \/>\n\t\t<meta property=\"og:title\" content=\"Facebook lanza un portal en Espa\u00f1a para prevenir y hacer frente al acoso | El Digital de Asturias\" \/>\n\t\t<meta property=\"og:description\" content=\"Madrid, 21 may (EFE).- La red social Facebook ha puesto hoy en marcha en Espa\u00f1a el Centro para la Prevenci\u00f3n del Acoso, un portal con recursos para ayudar a frenar y a gestionar los casos de ciberbullying. El portal ofrece consejos y gu\u00edas para que especialmente los m\u00e1s j\u00f3venes, pero tambi\u00e9n padres y educadores, est\u00e9n\" \/>\n\t\t<meta property=\"og:url\" content=\"https:\/\/eldigitaldeasturias.com\/magazine365\/facebook-lanza-un-portal-en-espana-para-prevenir-y-hacer-frente-al-acoso\/\" \/>\n\t\t<meta property=\"og:image\" content=\"https:\/\/eldigitaldeasturias.com\/magazine365\/wp-content\/uploads\/2014\/05\/6282260w.jpg\" \/>\n\t\t<meta property=\"og:image:secure_url\" content=\"https:\/\/eldigitaldeasturias.com\/magazine365\/wp-content\/uploads\/2014\/05\/6282260w.jpg\" \/>\n\t\t<meta property=\"og:image:width\" content=\"800\" \/>\n\t\t<meta property=\"og:image:height\" content=\"534\" \/>\n\t\t<meta property=\"article:published_time\" content=\"2014-05-22T00:27:06+00:00\" \/>\n\t\t<meta property=\"article:modified_time\" content=\"2014-05-22T00:27:06+00:00\" \/>\n\t\t<meta name=\"twitter:card\" content=\"summary_large_image\" \/>\n\t\t<meta name=\"twitter:title\" content=\"Facebook lanza un portal en Espa\u00f1a para prevenir y hacer frente al acoso | El Digital de Asturias\" \/>\n\t\t<meta name=\"twitter:description\" content=\"Madrid, 21 may (EFE).- La red social Facebook ha puesto hoy en marcha en Espa\u00f1a el Centro para la Prevenci\u00f3n del Acoso, un portal con recursos para ayudar a frenar y a gestionar los casos de ciberbullying. El portal ofrece consejos y gu\u00edas para que especialmente los m\u00e1s j\u00f3venes, pero tambi\u00e9n padres y educadores, est\u00e9n\" \/>\n\t\t<meta name=\"twitter:image\" content=\"https:\/\/eldigitaldeasturias.com\/magazine365\/wp-content\/uploads\/2014\/05\/6282260w.jpg\" \/>\n\t\t<script type=\"application\/ld+json\" class=\"aioseo-schema\">\n\t\t\t{\"@context\":\"https:\\\/\\\/schema.org\",\"@graph\":[{\"@type\":\"Article\",\"@id\":\"https:\\\/\\\/eldigitaldeasturias.com\\\/magazine365\\\/facebook-lanza-un-portal-en-espana-para-prevenir-y-hacer-frente-al-acoso\\\/#article\",\"name\":\"Facebook lanza un portal en Espa\\u00f1a para prevenir y hacer frente al acoso | El Digital de Asturias\",\"headline\":\"Facebook lanza un portal en Espa\\u00f1a para prevenir y hacer frente al acoso\",\"author\":{\"@id\":\"https:\\\/\\\/eldigitaldeasturias.com\\\/magazine365\\\/author\\\/admin\\\/#author\"},\"publisher\":{\"@id\":\"https:\\\/\\\/eldigitaldeasturias.com\\\/magazine365\\\/#organization\"},\"image\":{\"@type\":\"ImageObject\",\"url\":\"https:\\\/\\\/eldigitaldeasturias.com\\\/magazine365\\\/wp-content\\\/uploads\\\/2014\\\/05\\\/6282260w.jpg\",\"width\":800,\"height\":534},\"datePublished\":\"2014-05-21T22:27:06+02:00\",\"dateModified\":\"2014-05-21T22:27:06+02:00\",\"inLanguage\":\"es-ES\",\"mainEntityOfPage\":{\"@id\":\"https:\\\/\\\/eldigitaldeasturias.com\\\/magazine365\\\/facebook-lanza-un-portal-en-espana-para-prevenir-y-hacer-frente-al-acoso\\\/#webpage\"},\"isPartOf\":{\"@id\":\"https:\\\/\\\/eldigitaldeasturias.com\\\/magazine365\\\/facebook-lanza-un-portal-en-espana-para-prevenir-y-hacer-frente-al-acoso\\\/#webpage\"},\"articleSection\":\"Noticias y Actualidad\"},{\"@type\":\"BreadcrumbList\",\"@id\":\"https:\\\/\\\/eldigitaldeasturias.com\\\/magazine365\\\/facebook-lanza-un-portal-en-espana-para-prevenir-y-hacer-frente-al-acoso\\\/#breadcrumblist\",\"itemListElement\":[{\"@type\":\"ListItem\",\"@id\":\"https:\\\/\\\/eldigitaldeasturias.com\\\/magazine365#listItem\",\"position\":1,\"name\":\"Home\",\"item\":\"https:\\\/\\\/eldigitaldeasturias.com\\\/magazine365\",\"nextItem\":{\"@type\":\"ListItem\",\"@id\":\"https:\\\/\\\/eldigitaldeasturias.com\\\/magazine365\\\/category\\\/noticias-actualidad\\\/#listItem\",\"name\":\"Noticias y Actualidad\"}},{\"@type\":\"ListItem\",\"@id\":\"https:\\\/\\\/eldigitaldeasturias.com\\\/magazine365\\\/category\\\/noticias-actualidad\\\/#listItem\",\"position\":2,\"name\":\"Noticias y Actualidad\",\"item\":\"https:\\\/\\\/eldigitaldeasturias.com\\\/magazine365\\\/category\\\/noticias-actualidad\\\/\",\"nextItem\":{\"@type\":\"ListItem\",\"@id\":\"https:\\\/\\\/eldigitaldeasturias.com\\\/magazine365\\\/facebook-lanza-un-portal-en-espana-para-prevenir-y-hacer-frente-al-acoso\\\/#listItem\",\"name\":\"Facebook lanza un portal en Espa\\u00f1a para prevenir y hacer frente al acoso\"},\"previousItem\":{\"@type\":\"ListItem\",\"@id\":\"https:\\\/\\\/eldigitaldeasturias.com\\\/magazine365#listItem\",\"name\":\"Home\"}},{\"@type\":\"ListItem\",\"@id\":\"https:\\\/\\\/eldigitaldeasturias.com\\\/magazine365\\\/facebook-lanza-un-portal-en-espana-para-prevenir-y-hacer-frente-al-acoso\\\/#listItem\",\"position\":3,\"name\":\"Facebook lanza un portal en Espa\\u00f1a para prevenir y hacer frente al acoso\",\"previousItem\":{\"@type\":\"ListItem\",\"@id\":\"https:\\\/\\\/eldigitaldeasturias.com\\\/magazine365\\\/category\\\/noticias-actualidad\\\/#listItem\",\"name\":\"Noticias y Actualidad\"}}]},{\"@type\":\"Organization\",\"@id\":\"https:\\\/\\\/eldigitaldeasturias.com\\\/magazine365\\\/#organization\",\"name\":\"El digital de Asturias\",\"description\":\"Revista de ocio, turismo y estilo de vida\",\"url\":\"https:\\\/\\\/eldigitaldeasturias.com\\\/magazine365\\\/\",\"logo\":{\"@type\":\"ImageObject\",\"url\":\"https:\\\/\\\/www.eldigitaldeasturias.com\\\/noticias\\\/wp-content\\\/uploads\\\/2020\\\/12\\\/EDA.jpg\",\"@id\":\"https:\\\/\\\/eldigitaldeasturias.com\\\/magazine365\\\/facebook-lanza-un-portal-en-espana-para-prevenir-y-hacer-frente-al-acoso\\\/#organizationLogo\"},\"image\":{\"@id\":\"https:\\\/\\\/eldigitaldeasturias.com\\\/magazine365\\\/facebook-lanza-un-portal-en-espana-para-prevenir-y-hacer-frente-al-acoso\\\/#organizationLogo\"}},{\"@type\":\"Person\",\"@id\":\"https:\\\/\\\/eldigitaldeasturias.com\\\/magazine365\\\/author\\\/admin\\\/#author\",\"url\":\"https:\\\/\\\/eldigitaldeasturias.com\\\/magazine365\\\/author\\\/admin\\\/\",\"name\":\"admin\",\"image\":{\"@type\":\"ImageObject\",\"@id\":\"https:\\\/\\\/eldigitaldeasturias.com\\\/magazine365\\\/facebook-lanza-un-portal-en-espana-para-prevenir-y-hacer-frente-al-acoso\\\/#authorImage\",\"url\":\"https:\\\/\\\/eldigitaldeasturias.com\\\/magazine365\\\/wp-content\\\/litespeed\\\/avatar\\\/e571bcf59a0edd6fa6838245a470f2fe.jpg?ver=1776969259\",\"width\":96,\"height\":96,\"caption\":\"admin\"}},{\"@type\":\"WebPage\",\"@id\":\"https:\\\/\\\/eldigitaldeasturias.com\\\/magazine365\\\/facebook-lanza-un-portal-en-espana-para-prevenir-y-hacer-frente-al-acoso\\\/#webpage\",\"url\":\"https:\\\/\\\/eldigitaldeasturias.com\\\/magazine365\\\/facebook-lanza-un-portal-en-espana-para-prevenir-y-hacer-frente-al-acoso\\\/\",\"name\":\"Facebook lanza un portal en Espa\\u00f1a para prevenir y hacer frente al acoso | El Digital de Asturias\",\"description\":\"Madrid, 21 may (EFE).- La red social Facebook ha puesto hoy en marcha en Espa\\u00f1a el Centro para la Prevenci\\u00f3n del Acoso, un portal con recursos para ayudar a frenar y a gestionar los casos de ciberbullying. El portal ofrece consejos y gu\\u00edas para que especialmente los m\\u00e1s j\\u00f3venes, pero tambi\\u00e9n padres y educadores, est\\u00e9n\",\"inLanguage\":\"es-ES\",\"isPartOf\":{\"@id\":\"https:\\\/\\\/eldigitaldeasturias.com\\\/magazine365\\\/#website\"},\"breadcrumb\":{\"@id\":\"https:\\\/\\\/eldigitaldeasturias.com\\\/magazine365\\\/facebook-lanza-un-portal-en-espana-para-prevenir-y-hacer-frente-al-acoso\\\/#breadcrumblist\"},\"author\":{\"@id\":\"https:\\\/\\\/eldigitaldeasturias.com\\\/magazine365\\\/author\\\/admin\\\/#author\"},\"creator\":{\"@id\":\"https:\\\/\\\/eldigitaldeasturias.com\\\/magazine365\\\/author\\\/admin\\\/#author\"},\"image\":{\"@type\":\"ImageObject\",\"url\":\"https:\\\/\\\/eldigitaldeasturias.com\\\/magazine365\\\/wp-content\\\/uploads\\\/2014\\\/05\\\/6282260w.jpg\",\"@id\":\"https:\\\/\\\/eldigitaldeasturias.com\\\/magazine365\\\/facebook-lanza-un-portal-en-espana-para-prevenir-y-hacer-frente-al-acoso\\\/#mainImage\",\"width\":800,\"height\":534},\"primaryImageOfPage\":{\"@id\":\"https:\\\/\\\/eldigitaldeasturias.com\\\/magazine365\\\/facebook-lanza-un-portal-en-espana-para-prevenir-y-hacer-frente-al-acoso\\\/#mainImage\"},\"datePublished\":\"2014-05-21T22:27:06+02:00\",\"dateModified\":\"2014-05-21T22:27:06+02:00\"},{\"@type\":\"WebSite\",\"@id\":\"https:\\\/\\\/eldigitaldeasturias.com\\\/magazine365\\\/#website\",\"url\":\"https:\\\/\\\/eldigitaldeasturias.com\\\/magazine365\\\/\",\"name\":\"El Digital de Asturias\",\"description\":\"Revista de ocio, turismo y estilo de vida\",\"inLanguage\":\"es-ES\",\"publisher\":{\"@id\":\"https:\\\/\\\/eldigitaldeasturias.com\\\/magazine365\\\/#organization\"}}]}\n\t\t<\/script>\n\t\t<!-- All in One SEO Pro -->\r\n\t\t<title>Facebook lanza un portal en Espa\u00f1a para prevenir y hacer frente al acoso | El Digital de Asturias<\/title>\n\n","aioseo_head_json":{"title":"Facebook lanza un portal en Espa\u00f1a para prevenir y hacer frente al acoso | El Digital de Asturias","description":"Madrid, 21 may (EFE).- La red social Facebook ha puesto hoy en marcha en Espa\u00f1a el Centro para la Prevenci\u00f3n del Acoso, un portal con recursos para ayudar a frenar y a gestionar los casos de ciberbullying. El portal ofrece consejos y gu\u00edas para que especialmente los m\u00e1s j\u00f3venes, pero tambi\u00e9n padres y educadores, est\u00e9n","canonical_url":"https:\/\/eldigitaldeasturias.com\/magazine365\/facebook-lanza-un-portal-en-espana-para-prevenir-y-hacer-frente-al-acoso\/","robots":"max-image-preview:large","keywords":"noticias y actualidad","webmasterTools":{"google-site-verification":"UA-38556648-1","miscellaneous":""},"schema":{"@context":"https:\/\/schema.org","@graph":[{"@type":"Article","@id":"https:\/\/eldigitaldeasturias.com\/magazine365\/facebook-lanza-un-portal-en-espana-para-prevenir-y-hacer-frente-al-acoso\/#article","name":"Facebook lanza un portal en Espa\u00f1a para prevenir y hacer frente al acoso | El Digital de Asturias","headline":"Facebook lanza un portal en Espa\u00f1a para prevenir y hacer frente al acoso","author":{"@id":"https:\/\/eldigitaldeasturias.com\/magazine365\/author\/admin\/#author"},"publisher":{"@id":"https:\/\/eldigitaldeasturias.com\/magazine365\/#organization"},"image":{"@type":"ImageObject","url":"https:\/\/eldigitaldeasturias.com\/magazine365\/wp-content\/uploads\/2014\/05\/6282260w.jpg","width":800,"height":534},"datePublished":"2014-05-21T22:27:06+02:00","dateModified":"2014-05-21T22:27:06+02:00","inLanguage":"es-ES","mainEntityOfPage":{"@id":"https:\/\/eldigitaldeasturias.com\/magazine365\/facebook-lanza-un-portal-en-espana-para-prevenir-y-hacer-frente-al-acoso\/#webpage"},"isPartOf":{"@id":"https:\/\/eldigitaldeasturias.com\/magazine365\/facebook-lanza-un-portal-en-espana-para-prevenir-y-hacer-frente-al-acoso\/#webpage"},"articleSection":"Noticias y Actualidad"},{"@type":"BreadcrumbList","@id":"https:\/\/eldigitaldeasturias.com\/magazine365\/facebook-lanza-un-portal-en-espana-para-prevenir-y-hacer-frente-al-acoso\/#breadcrumblist","itemListElement":[{"@type":"ListItem","@id":"https:\/\/eldigitaldeasturias.com\/magazine365#listItem","position":1,"name":"Home","item":"https:\/\/eldigitaldeasturias.com\/magazine365","nextItem":{"@type":"ListItem","@id":"https:\/\/eldigitaldeasturias.com\/magazine365\/category\/noticias-actualidad\/#listItem","name":"Noticias y Actualidad"}},{"@type":"ListItem","@id":"https:\/\/eldigitaldeasturias.com\/magazine365\/category\/noticias-actualidad\/#listItem","position":2,"name":"Noticias y Actualidad","item":"https:\/\/eldigitaldeasturias.com\/magazine365\/category\/noticias-actualidad\/","nextItem":{"@type":"ListItem","@id":"https:\/\/eldigitaldeasturias.com\/magazine365\/facebook-lanza-un-portal-en-espana-para-prevenir-y-hacer-frente-al-acoso\/#listItem","name":"Facebook lanza un portal en Espa\u00f1a para prevenir y hacer frente al acoso"},"previousItem":{"@type":"ListItem","@id":"https:\/\/eldigitaldeasturias.com\/magazine365#listItem","name":"Home"}},{"@type":"ListItem","@id":"https:\/\/eldigitaldeasturias.com\/magazine365\/facebook-lanza-un-portal-en-espana-para-prevenir-y-hacer-frente-al-acoso\/#listItem","position":3,"name":"Facebook lanza un portal en Espa\u00f1a para prevenir y hacer frente al acoso","previousItem":{"@type":"ListItem","@id":"https:\/\/eldigitaldeasturias.com\/magazine365\/category\/noticias-actualidad\/#listItem","name":"Noticias y Actualidad"}}]},{"@type":"Organization","@id":"https:\/\/eldigitaldeasturias.com\/magazine365\/#organization","name":"El digital de Asturias","description":"Revista de ocio, turismo y estilo de vida","url":"https:\/\/eldigitaldeasturias.com\/magazine365\/","logo":{"@type":"ImageObject","url":"https:\/\/www.eldigitaldeasturias.com\/noticias\/wp-content\/uploads\/2020\/12\/EDA.jpg","@id":"https:\/\/eldigitaldeasturias.com\/magazine365\/facebook-lanza-un-portal-en-espana-para-prevenir-y-hacer-frente-al-acoso\/#organizationLogo"},"image":{"@id":"https:\/\/eldigitaldeasturias.com\/magazine365\/facebook-lanza-un-portal-en-espana-para-prevenir-y-hacer-frente-al-acoso\/#organizationLogo"}},{"@type":"Person","@id":"https:\/\/eldigitaldeasturias.com\/magazine365\/author\/admin\/#author","url":"https:\/\/eldigitaldeasturias.com\/magazine365\/author\/admin\/","name":"admin","image":{"@type":"ImageObject","@id":"https:\/\/eldigitaldeasturias.com\/magazine365\/facebook-lanza-un-portal-en-espana-para-prevenir-y-hacer-frente-al-acoso\/#authorImage","url":"https:\/\/eldigitaldeasturias.com\/magazine365\/wp-content\/litespeed\/avatar\/e571bcf59a0edd6fa6838245a470f2fe.jpg?ver=1776969259","width":96,"height":96,"caption":"admin"}},{"@type":"WebPage","@id":"https:\/\/eldigitaldeasturias.com\/magazine365\/facebook-lanza-un-portal-en-espana-para-prevenir-y-hacer-frente-al-acoso\/#webpage","url":"https:\/\/eldigitaldeasturias.com\/magazine365\/facebook-lanza-un-portal-en-espana-para-prevenir-y-hacer-frente-al-acoso\/","name":"Facebook lanza un portal en Espa\u00f1a para prevenir y hacer frente al acoso | El Digital de Asturias","description":"Madrid, 21 may (EFE).- La red social Facebook ha puesto hoy en marcha en Espa\u00f1a el Centro para la Prevenci\u00f3n del Acoso, un portal con recursos para ayudar a frenar y a gestionar los casos de ciberbullying. El portal ofrece consejos y gu\u00edas para que especialmente los m\u00e1s j\u00f3venes, pero tambi\u00e9n padres y educadores, est\u00e9n","inLanguage":"es-ES","isPartOf":{"@id":"https:\/\/eldigitaldeasturias.com\/magazine365\/#website"},"breadcrumb":{"@id":"https:\/\/eldigitaldeasturias.com\/magazine365\/facebook-lanza-un-portal-en-espana-para-prevenir-y-hacer-frente-al-acoso\/#breadcrumblist"},"author":{"@id":"https:\/\/eldigitaldeasturias.com\/magazine365\/author\/admin\/#author"},"creator":{"@id":"https:\/\/eldigitaldeasturias.com\/magazine365\/author\/admin\/#author"},"image":{"@type":"ImageObject","url":"https:\/\/eldigitaldeasturias.com\/magazine365\/wp-content\/uploads\/2014\/05\/6282260w.jpg","@id":"https:\/\/eldigitaldeasturias.com\/magazine365\/facebook-lanza-un-portal-en-espana-para-prevenir-y-hacer-frente-al-acoso\/#mainImage","width":800,"height":534},"primaryImageOfPage":{"@id":"https:\/\/eldigitaldeasturias.com\/magazine365\/facebook-lanza-un-portal-en-espana-para-prevenir-y-hacer-frente-al-acoso\/#mainImage"},"datePublished":"2014-05-21T22:27:06+02:00","dateModified":"2014-05-21T22:27:06+02:00"},{"@type":"WebSite","@id":"https:\/\/eldigitaldeasturias.com\/magazine365\/#website","url":"https:\/\/eldigitaldeasturias.com\/magazine365\/","name":"El Digital de Asturias","description":"Revista de ocio, turismo y estilo de vida","inLanguage":"es-ES","publisher":{"@id":"https:\/\/eldigitaldeasturias.com\/magazine365\/#organization"}}]},"og:locale":"es_ES","og:site_name":"El Digital de Asturias \u2013 Revista de ocio, turismo y estilo de vida","og:type":"article","og:title":"Facebook lanza un portal en Espa\u00f1a para prevenir y hacer frente al acoso | El Digital de Asturias","og:description":"Madrid, 21 may (EFE).- La red social Facebook ha puesto hoy en marcha en Espa\u00f1a el Centro para la Prevenci\u00f3n del Acoso, un portal con recursos para ayudar a frenar y a gestionar los casos de ciberbullying. El portal ofrece consejos y gu\u00edas para que especialmente los m\u00e1s j\u00f3venes, pero tambi\u00e9n padres y educadores, est\u00e9n","og:url":"https:\/\/eldigitaldeasturias.com\/magazine365\/facebook-lanza-un-portal-en-espana-para-prevenir-y-hacer-frente-al-acoso\/","og:image":"https:\/\/eldigitaldeasturias.com\/magazine365\/wp-content\/uploads\/2014\/05\/6282260w.jpg","og:image:secure_url":"https:\/\/eldigitaldeasturias.com\/magazine365\/wp-content\/uploads\/2014\/05\/6282260w.jpg","og:image:width":800,"og:image:height":534,"article:published_time":"2014-05-22T00:27:06+00:00","article:modified_time":"2014-05-22T00:27:06+00:00","twitter:card":"summary_large_image","twitter:title":"Facebook lanza un portal en Espa\u00f1a para prevenir y hacer frente al acoso | El Digital de Asturias","twitter:description":"Madrid, 21 may (EFE).- La red social Facebook ha puesto hoy en marcha en Espa\u00f1a el Centro para la Prevenci\u00f3n del Acoso, un portal con recursos para ayudar a frenar y a gestionar los casos de ciberbullying. El portal ofrece consejos y gu\u00edas para que especialmente los m\u00e1s j\u00f3venes, pero tambi\u00e9n padres y educadores, est\u00e9n","twitter:image":"https:\/\/eldigitaldeasturias.com\/magazine365\/wp-content\/uploads\/2014\/05\/6282260w.jpg"},"aioseo_meta_data":{"post_id":"13442","title":null,"description":null,"keywords":null,"keyphrases":null,"primary_term":null,"canonical_url":null,"og_title":null,"og_description":null,"og_object_type":"default","og_image_type":"default","og_image_url":null,"og_image_width":null,"og_image_height":null,"og_image_custom_url":null,"og_image_custom_fields":null,"og_video":null,"og_custom_url":null,"og_article_section":null,"og_article_tags":null,"twitter_use_og":false,"twitter_card":"default","twitter_image_type":"default","twitter_image_url":null,"twitter_image_custom_url":null,"twitter_image_custom_fields":null,"twitter_title":null,"twitter_description":null,"schema":{"blockGraphs":[],"customGraphs":[],"default":{"data":{"Article":[],"Course":[],"Dataset":[],"FAQPage":[],"Movie":[],"Person":[],"Product":[],"ProductReview":[],"Car":[],"Recipe":[],"Service":[],"SoftwareApplication":[],"WebPage":[]},"graphName":"","isEnabled":true},"graphs":[]},"schema_type":null,"schema_type_options":null,"pillar_content":false,"robots_default":true,"robots_noindex":false,"robots_noarchive":false,"robots_nosnippet":false,"robots_nofollow":false,"robots_noimageindex":false,"robots_noodp":false,"robots_notranslate":false,"robots_max_snippet":null,"robots_max_videopreview":null,"robots_max_imagepreview":"large","priority":null,"frequency":null,"location":null,"local_seo":null,"seo_analyzer_scan_date":"2025-09-17 08:16:15","breadcrumb_settings":null,"limit_modified_date":false,"open_ai":null,"ai":null,"created":"2021-03-09 08:28:54","updated":"2025-09-17 08:16:15"},"aioseo_breadcrumb":"<div class=\"aioseo-breadcrumbs\"><span class=\"aioseo-breadcrumb\">\n\t<a href=\"https:\/\/eldigitaldeasturias.com\/magazine365\" title=\"Home\">Home<\/a>\n<\/span><span class=\"aioseo-breadcrumb-separator\">\u2013<\/span><span class=\"aioseo-breadcrumb\">\n\t<a href=\"https:\/\/eldigitaldeasturias.com\/magazine365\/category\/noticias-actualidad\/\" title=\"Noticias y Actualidad\">Noticias y Actualidad<\/a>\n<\/span><span class=\"aioseo-breadcrumb-separator\">\u2013<\/span><span class=\"aioseo-breadcrumb\">\n\t<a href=\"https:\/\/eldigitaldeasturias.com\/magazine365\/facebook-lanza-un-portal-en-espana-para-prevenir-y-hacer-frente-al-acoso\/\" title=\"Facebook lanza un portal en Espa\u00f1a para prevenir y hacer frente al acoso\">Facebook lanza un portal en Espa\u00f1a para prevenir y hacer frente al acoso<\/a>\n<\/span><\/div>","aioseo_breadcrumb_json":[{"label":"Home","link":"https:\/\/eldigitaldeasturias.com\/magazine365"},{"label":"Noticias y Actualidad","link":"https:\/\/eldigitaldeasturias.com\/magazine365\/category\/noticias-actualidad\/"},{"label":"Facebook lanza un portal en Espa\u00f1a para prevenir y hacer frente al acoso","link":"https:\/\/eldigitaldeasturias.com\/magazine365\/facebook-lanza-un-portal-en-espana-para-prevenir-y-hacer-frente-al-acoso\/"}],"_links":{"self":[{"href":"https:\/\/eldigitaldeasturias.com\/magazine365\/wp-json\/wp\/v2\/posts\/13442","targetHints":{"allow":["GET"]}}],"collection":[{"href":"https:\/\/eldigitaldeasturias.com\/magazine365\/wp-json\/wp\/v2\/posts"}],"about":[{"href":"https:\/\/eldigitaldeasturias.com\/magazine365\/wp-json\/wp\/v2\/types\/post"}],"author":[{"embeddable":true,"href":"https:\/\/eldigitaldeasturias.com\/magazine365\/wp-json\/wp\/v2\/users\/1"}],"replies":[{"embeddable":true,"href":"https:\/\/eldigitaldeasturias.com\/magazine365\/wp-json\/wp\/v2\/comments?post=13442"}],"version-history":[{"count":0,"href":"https:\/\/eldigitaldeasturias.com\/magazine365\/wp-json\/wp\/v2\/posts\/13442\/revisions"}],"wp:featuredmedia":[{"embeddable":true,"href":"https:\/\/eldigitaldeasturias.com\/magazine365\/wp-json\/wp\/v2\/media\/13443"}],"wp:attachment":[{"href":"https:\/\/eldigitaldeasturias.com\/magazine365\/wp-json\/wp\/v2\/media?parent=13442"}],"wp:term":[{"taxonomy":"category","embeddable":true,"href":"https:\/\/eldigitaldeasturias.com\/magazine365\/wp-json\/wp\/v2\/categories?post=13442"},{"taxonomy":"post_tag","embeddable":true,"href":"https:\/\/eldigitaldeasturias.com\/magazine365\/wp-json\/wp\/v2\/tags?post=13442"}],"curies":[{"name":"wp","href":"https:\/\/api.w.org\/{rel}","templated":true}]}}