{"id":13436,"date":"2014-05-21T22:21:42","date_gmt":"2014-05-22T00:21:42","guid":{"rendered":"http:\/\/eldigitaldeasturias.com\/magazine365\/?p=13436"},"modified":"2014-05-21T22:21:42","modified_gmt":"2014-05-22T00:21:42","slug":"angelina-jolie-y-la-experiencia-de-trabajar-con-su-hija-en-malefica","status":"publish","type":"post","link":"https:\/\/eldigitaldeasturias.com\/magazine365\/angelina-jolie-y-la-experiencia-de-trabajar-con-su-hija-en-malefica\/","title":{"rendered":"Angelina Jolie y la experiencia de trabajar con su hija en \u00abMalefica\u00bb"},"content":{"rendered":"<p><img fetchpriority=\"high\" decoding=\"async\" class=\"alignleft size-medium wp-image-13437\" alt=\"6281811w\" src=\"https:\/\/eldigitaldeasturias.com\/magazine365\/wp-content\/uploads\/2014\/05\/6281811w-360x247.jpg\" width=\"360\" height=\"247\" srcset=\"https:\/\/eldigitaldeasturias.com\/magazine365\/wp-content\/uploads\/2014\/05\/6281811w-360x247.jpg 360w, https:\/\/eldigitaldeasturias.com\/magazine365\/wp-content\/uploads\/2014\/05\/6281811w-650x446.jpg 650w, https:\/\/eldigitaldeasturias.com\/magazine365\/wp-content\/uploads\/2014\/05\/6281811w-768x527.jpg 768w, https:\/\/eldigitaldeasturias.com\/magazine365\/wp-content\/uploads\/2014\/05\/6281811w-150x103.jpg 150w, https:\/\/eldigitaldeasturias.com\/magazine365\/wp-content\/uploads\/2014\/05\/6281811w-450x309.jpg 450w, https:\/\/eldigitaldeasturias.com\/magazine365\/wp-content\/uploads\/2014\/05\/6281811w-100x70.jpg 100w, https:\/\/eldigitaldeasturias.com\/magazine365\/wp-content\/uploads\/2014\/05\/6281811w-218x150.jpg 218w, https:\/\/eldigitaldeasturias.com\/magazine365\/wp-content\/uploads\/2014\/05\/6281811w-696x478.jpg 696w, https:\/\/eldigitaldeasturias.com\/magazine365\/wp-content\/uploads\/2014\/05\/6281811w-612x420.jpg 612w, https:\/\/eldigitaldeasturias.com\/magazine365\/wp-content\/uploads\/2014\/05\/6281811w.jpg 800w\" sizes=\"(max-width: 360px) 100vw, 360px\" \/>Los \u00c1ngeles (EE.UU.), 21 may (EFE).- Angelina Jolie asegur\u00f3 que le sorprendi\u00f3 positivamente la interpretaci\u00f3n de su hija Viviene en \u00abMaleficent\u00bb, primera pel\u00edcula en la que comparte escena con alguno de sus hijos, una experiencia que fue muy familiar pero que no persigue repetir.<\/p>\n<p>En \u00abMaleficent\u00bb, versi\u00f3n de Disney de su cl\u00e1sico de animaci\u00f3n \u00abLa bella durmiente\u00bb (1959) que se estrena el 30 de mayo, la actriz se viste del hada malvada causante del embrujo a la princesa Aurora, a la que da vida en su etapa m\u00e1s infantil Vivienne Jolie-Pitt.<\/p>\n<p>Jolie, de 38 a\u00f1os, y su pareja, Brad Pitt, de 50, se lo pensaron dos veces antes de dejar a su peque\u00f1a de 5 a\u00f1os dar el salto a la gran pantalla, \u00abpor el hecho de que sea el mundo del cine y todo eso\u00bb, indic\u00f3 a la prensa en Los \u00c1ngeles, a la que explic\u00f3 que su participaci\u00f3n en el filme sirvi\u00f3 para solucionar un problema de \u00abcasting\u00bb.<\/p>\n<p>\u00abEsto ocurri\u00f3 porque hab\u00eda ni\u00f1os que ven\u00edan al rodaje y me ve\u00edan. Me acercaba a saludarles y lloraban. Un ni\u00f1o se qued\u00f3 completamente paralizado, y luego rompi\u00f3 a llorar, y me sent\u00ed muy mal. Nos dimos cuenta de que no hab\u00eda forma de encontrar una ni\u00f1a de 4 o 5 a\u00f1os con la que pudiera ser dura, y que no me viera como un monstruo\u00bb, cont\u00f3 Jolie.<\/p>\n<p>En ese momento, Vivienne estaba alrededor y \u00abparec\u00eda como la peque\u00f1a Aurora. Todo el mundo pens\u00f3 que la respuesta estaba ah\u00ed, pero yo ten\u00eda que ir a casa y hablar con pap\u00e1 (Pitt) porque es nuestra ni\u00f1a\u00bb, dijo la actriz.<\/p>\n<p>La pareja, seg\u00fan dijo ella, siempre ha tenido claro que desean que sus hijos, tres biol\u00f3gicos -entre ellos Vivienne- y tres adoptados, sean parte de \u00abla vida de mam\u00e1 y pap\u00e1\u00bb y est\u00e9n alrededor de las pel\u00edculas, \u00abque no se queden al margen\u00bb y tengan una \u00abrelaci\u00f3n saludable\u00bb con esa realidad, sin ir m\u00e1s all\u00e1.<\/p>\n<p>\u00abBrad y yo nunca quisimos que nuestros hijos fueran actores\u00bb, reconoci\u00f3 Jolie que no rechaza la idea de que sus ni\u00f1os traten de ganarse la vida en Hollywood como sus padres, aunque pone condiciones.<\/p>\n<p>\u00abSi cuando se hacen mayores deciden ser actores, les pedir\u00e9 que eso no sea el centro de sus vidas, que sea un aspecto, pero que tambi\u00e9n hagan muchas otras cosas, porque no creo que sea sano que sea el centro de tu vida\u00bb, admiti\u00f3.<\/p>\n<p>\u00abMaleficent\u00bb fue, no obstante, una producci\u00f3n en la que los Jolie-Pitt estuvieron muy envueltos.<\/p>\n<p>La actriz, que adopta un semblante fr\u00edo y duro, va de negro y luce cuernos, practic\u00f3 con sus hijos las escenas en casa para buscar su reacci\u00f3n.<\/p>\n<p>\u00abAlgunas veces re\u00edan, otras lloraban. Incluso se escondieron en una esquina\u00bb, record\u00f3 Jolie a la que le llam\u00f3 la atenci\u00f3n c\u00f3mo su Vivienne trabaj\u00f3 la escena que tienen juntas, aunque el primer d\u00eda de rodaje no fuera muy prometedor.<\/p>\n<p>\u00abElla ten\u00eda que atrapar una mariposa y no le apetec\u00eda. Yo estaba sujetando una polea con una bola al final (que representaba la mariposa), el pap\u00e1 estaba al final de un precipicio poniendo caras y sus hermanos y hermanas la llevaban hac\u00eda all\u00e1. Lo hizo finalmente y no lo quiso hacer dos veces\u00bb, manifest\u00f3 la madre.<\/p>\n<p>Jolie asisti\u00f3 al d\u00eda de prensa en un hotel angelino con sus hijos, que esperaron pacientemente a que ella terminara con su agenda del d\u00eda.<\/p>\n<p>\u00abViajamos juntos a todas partes, est\u00e1n escolarizados en casa. Cuando siento que estoy haciendo demasiado, hago menos. Estoy en una posici\u00f3n en la que me puedo permitir no enlazar trabajos\u00bb, apunt\u00f3.<\/p>\n<p>Pitt y Jolie procuran encajar sus rodajes para que siempre uno de ellos est\u00e9 descansando mientras el otro est\u00e1 filmando, para no dejar a sus ni\u00f1os desatendidos y, aunque no siempre les resulte f\u00e1cil cumplir con ese calendario, le rest\u00f3 importancia a ese desaf\u00edo.<\/p>\n<p>\u00abYo no soy una madre soltera con dos trabajos tratando de sobrevivir cada d\u00eda. Tengo mucho apoyo, tengo los medios econ\u00f3micos. Mujeres en mi posici\u00f3n no deber\u00edamos quejarnos\u00bb, declar\u00f3.<\/p>\n<p>Para Jolie, \u00abMaleficent\u00bb fue un reto profesional porque sali\u00f3 fuera de su zona de confort para hacer un personaje conocido en una pel\u00edcula para ni\u00f1os.<\/p>\n<p>\u00abNo tengo una voz teatral, no hago cosas c\u00f3micas. Es una locura. Soy un hada\u00bb, indic\u00f3 al tiempo que confes\u00f3 que era una buena oportunidad hacer algo como actriz \u00abpor jugar\u00bb, por la diversi\u00f3n, sin tomarse a ella misma tan en serio.<\/p>\n<p>Angelina Jolie se involucr\u00f3 en el proyecto como protagonista, como productora ejecutiva y jug\u00f3 un papel fundamental en el dise\u00f1o de su vestuario y la est\u00e9tica de Maleficent.<\/p>\n<p>\u00abCon este personaje, no hay t\u00e9rmino medio, si lo vas a hacer tienes que meterte de lleno\u00bb, se\u00f1al\u00f3.<\/p>\n<p>&nbsp;<\/p>\n<p>Fernando Mex\u00eda<\/p>\n","protected":false},"excerpt":{"rendered":"<p>Los \u00c1ngeles (EE.UU.), 21 may (EFE).- Angelina Jolie asegur\u00f3 que le sorprendi\u00f3 positivamente la interpretaci\u00f3n de su hija Viviene en \u00abMaleficent\u00bb, primera pel\u00edcula en la que comparte escena con alguno de sus hijos, una experiencia que fue muy familiar pero que no persigue repetir. En \u00abMaleficent\u00bb, versi\u00f3n de Disney de su cl\u00e1sico de animaci\u00f3n \u00abLa<\/p>\n","protected":false},"author":1,"featured_media":13437,"comment_status":"open","ping_status":"closed","sticky":false,"template":"","format":"standard","meta":{"footnotes":""},"categories":[224],"tags":[],"class_list":{"0":"post-13436","1":"post","2":"type-post","3":"status-publish","4":"format-standard","5":"has-post-thumbnail","7":"category-noticias-actualidad"},"aioseo_notices":[],"aioseo_head":"\n\t\t<!-- All in One SEO Pro 4.9.6.1 - aioseo.com -->\n\t<meta name=\"description\" content=\"Los \u00c1ngeles (EE.UU.), 21 may (EFE).- Angelina Jolie asegur\u00f3 que le sorprendi\u00f3 positivamente la interpretaci\u00f3n de su hija Viviene en &quot;Maleficent&quot;, primera pel\u00edcula en la que comparte escena con alguno de sus hijos, una experiencia que fue muy familiar pero que no persigue repetir. En &quot;Maleficent&quot;, versi\u00f3n de Disney de su cl\u00e1sico de animaci\u00f3n &quot;La\" \/>\n\t<meta name=\"robots\" content=\"max-image-preview:large\" \/>\n\t<meta name=\"author\" content=\"admin\"\/>\n\t<meta name=\"google-site-verification\" content=\"UA-38556648-1\" \/>\n\t<meta name=\"keywords\" content=\"noticias y actualidad\" \/>\n\t<link rel=\"canonical\" href=\"https:\/\/eldigitaldeasturias.com\/magazine365\/angelina-jolie-y-la-experiencia-de-trabajar-con-su-hija-en-malefica\/\" \/>\n\t<meta name=\"generator\" content=\"All in One SEO Pro (AIOSEO) 4.9.6.1\" \/>\n\t\t<meta property=\"og:locale\" content=\"es_ES\" \/>\n\t\t<meta property=\"og:site_name\" content=\"El Digital de Asturias \u2013 Revista de ocio, turismo y estilo de vida\" \/>\n\t\t<meta property=\"og:type\" content=\"article\" \/>\n\t\t<meta property=\"og:title\" content=\"Angelina Jolie y la experiencia de trabajar con su hija en \u00abMalefica\u00bb | El Digital de Asturias\" \/>\n\t\t<meta property=\"og:description\" content=\"Los \u00c1ngeles (EE.UU.), 21 may (EFE).- Angelina Jolie asegur\u00f3 que le sorprendi\u00f3 positivamente la interpretaci\u00f3n de su hija Viviene en &quot;Maleficent&quot;, primera pel\u00edcula en la que comparte escena con alguno de sus hijos, una experiencia que fue muy familiar pero que no persigue repetir. En &quot;Maleficent&quot;, versi\u00f3n de Disney de su cl\u00e1sico de animaci\u00f3n &quot;La\" \/>\n\t\t<meta property=\"og:url\" content=\"https:\/\/eldigitaldeasturias.com\/magazine365\/angelina-jolie-y-la-experiencia-de-trabajar-con-su-hija-en-malefica\/\" \/>\n\t\t<meta property=\"og:image\" content=\"https:\/\/eldigitaldeasturias.com\/magazine365\/wp-content\/uploads\/2014\/05\/6281811w.jpg\" \/>\n\t\t<meta property=\"og:image:secure_url\" content=\"https:\/\/eldigitaldeasturias.com\/magazine365\/wp-content\/uploads\/2014\/05\/6281811w.jpg\" \/>\n\t\t<meta property=\"og:image:width\" content=\"800\" \/>\n\t\t<meta property=\"og:image:height\" content=\"549\" \/>\n\t\t<meta property=\"article:published_time\" content=\"2014-05-22T00:21:42+00:00\" \/>\n\t\t<meta property=\"article:modified_time\" content=\"2014-05-22T00:21:42+00:00\" \/>\n\t\t<meta name=\"twitter:card\" content=\"summary_large_image\" \/>\n\t\t<meta name=\"twitter:title\" content=\"Angelina Jolie y la experiencia de trabajar con su hija en \u00abMalefica\u00bb | El Digital de Asturias\" \/>\n\t\t<meta name=\"twitter:description\" content=\"Los \u00c1ngeles (EE.UU.), 21 may (EFE).- Angelina Jolie asegur\u00f3 que le sorprendi\u00f3 positivamente la interpretaci\u00f3n de su hija Viviene en &quot;Maleficent&quot;, primera pel\u00edcula en la que comparte escena con alguno de sus hijos, una experiencia que fue muy familiar pero que no persigue repetir. En &quot;Maleficent&quot;, versi\u00f3n de Disney de su cl\u00e1sico de animaci\u00f3n &quot;La\" \/>\n\t\t<meta name=\"twitter:image\" content=\"https:\/\/eldigitaldeasturias.com\/magazine365\/wp-content\/uploads\/2014\/05\/6281811w.jpg\" \/>\n\t\t<script type=\"application\/ld+json\" class=\"aioseo-schema\">\n\t\t\t{\"@context\":\"https:\\\/\\\/schema.org\",\"@graph\":[{\"@type\":\"Article\",\"@id\":\"https:\\\/\\\/eldigitaldeasturias.com\\\/magazine365\\\/angelina-jolie-y-la-experiencia-de-trabajar-con-su-hija-en-malefica\\\/#article\",\"name\":\"Angelina Jolie y la experiencia de trabajar con su hija en \\u00abMalefica\\u00bb | El Digital de Asturias\",\"headline\":\"Angelina Jolie y la experiencia de trabajar con su hija en \\u00abMalefica\\u00bb\",\"author\":{\"@id\":\"https:\\\/\\\/eldigitaldeasturias.com\\\/magazine365\\\/author\\\/admin\\\/#author\"},\"publisher\":{\"@id\":\"https:\\\/\\\/eldigitaldeasturias.com\\\/magazine365\\\/#organization\"},\"image\":{\"@type\":\"ImageObject\",\"url\":\"https:\\\/\\\/eldigitaldeasturias.com\\\/magazine365\\\/wp-content\\\/uploads\\\/2014\\\/05\\\/6281811w.jpg\",\"width\":800,\"height\":549},\"datePublished\":\"2014-05-21T22:21:42+02:00\",\"dateModified\":\"2014-05-21T22:21:42+02:00\",\"inLanguage\":\"es-ES\",\"mainEntityOfPage\":{\"@id\":\"https:\\\/\\\/eldigitaldeasturias.com\\\/magazine365\\\/angelina-jolie-y-la-experiencia-de-trabajar-con-su-hija-en-malefica\\\/#webpage\"},\"isPartOf\":{\"@id\":\"https:\\\/\\\/eldigitaldeasturias.com\\\/magazine365\\\/angelina-jolie-y-la-experiencia-de-trabajar-con-su-hija-en-malefica\\\/#webpage\"},\"articleSection\":\"Noticias y Actualidad\"},{\"@type\":\"BreadcrumbList\",\"@id\":\"https:\\\/\\\/eldigitaldeasturias.com\\\/magazine365\\\/angelina-jolie-y-la-experiencia-de-trabajar-con-su-hija-en-malefica\\\/#breadcrumblist\",\"itemListElement\":[{\"@type\":\"ListItem\",\"@id\":\"https:\\\/\\\/eldigitaldeasturias.com\\\/magazine365#listItem\",\"position\":1,\"name\":\"Home\",\"item\":\"https:\\\/\\\/eldigitaldeasturias.com\\\/magazine365\",\"nextItem\":{\"@type\":\"ListItem\",\"@id\":\"https:\\\/\\\/eldigitaldeasturias.com\\\/magazine365\\\/category\\\/noticias-actualidad\\\/#listItem\",\"name\":\"Noticias y Actualidad\"}},{\"@type\":\"ListItem\",\"@id\":\"https:\\\/\\\/eldigitaldeasturias.com\\\/magazine365\\\/category\\\/noticias-actualidad\\\/#listItem\",\"position\":2,\"name\":\"Noticias y Actualidad\",\"item\":\"https:\\\/\\\/eldigitaldeasturias.com\\\/magazine365\\\/category\\\/noticias-actualidad\\\/\",\"nextItem\":{\"@type\":\"ListItem\",\"@id\":\"https:\\\/\\\/eldigitaldeasturias.com\\\/magazine365\\\/angelina-jolie-y-la-experiencia-de-trabajar-con-su-hija-en-malefica\\\/#listItem\",\"name\":\"Angelina Jolie y la experiencia de trabajar con su hija en \\u00abMalefica\\u00bb\"},\"previousItem\":{\"@type\":\"ListItem\",\"@id\":\"https:\\\/\\\/eldigitaldeasturias.com\\\/magazine365#listItem\",\"name\":\"Home\"}},{\"@type\":\"ListItem\",\"@id\":\"https:\\\/\\\/eldigitaldeasturias.com\\\/magazine365\\\/angelina-jolie-y-la-experiencia-de-trabajar-con-su-hija-en-malefica\\\/#listItem\",\"position\":3,\"name\":\"Angelina Jolie y la experiencia de trabajar con su hija en \\u00abMalefica\\u00bb\",\"previousItem\":{\"@type\":\"ListItem\",\"@id\":\"https:\\\/\\\/eldigitaldeasturias.com\\\/magazine365\\\/category\\\/noticias-actualidad\\\/#listItem\",\"name\":\"Noticias y Actualidad\"}}]},{\"@type\":\"Organization\",\"@id\":\"https:\\\/\\\/eldigitaldeasturias.com\\\/magazine365\\\/#organization\",\"name\":\"El digital de Asturias\",\"description\":\"Revista de ocio, turismo y estilo de vida\",\"url\":\"https:\\\/\\\/eldigitaldeasturias.com\\\/magazine365\\\/\",\"logo\":{\"@type\":\"ImageObject\",\"url\":\"https:\\\/\\\/www.eldigitaldeasturias.com\\\/noticias\\\/wp-content\\\/uploads\\\/2020\\\/12\\\/EDA.jpg\",\"@id\":\"https:\\\/\\\/eldigitaldeasturias.com\\\/magazine365\\\/angelina-jolie-y-la-experiencia-de-trabajar-con-su-hija-en-malefica\\\/#organizationLogo\"},\"image\":{\"@id\":\"https:\\\/\\\/eldigitaldeasturias.com\\\/magazine365\\\/angelina-jolie-y-la-experiencia-de-trabajar-con-su-hija-en-malefica\\\/#organizationLogo\"}},{\"@type\":\"Person\",\"@id\":\"https:\\\/\\\/eldigitaldeasturias.com\\\/magazine365\\\/author\\\/admin\\\/#author\",\"url\":\"https:\\\/\\\/eldigitaldeasturias.com\\\/magazine365\\\/author\\\/admin\\\/\",\"name\":\"admin\",\"image\":{\"@type\":\"ImageObject\",\"@id\":\"https:\\\/\\\/eldigitaldeasturias.com\\\/magazine365\\\/angelina-jolie-y-la-experiencia-de-trabajar-con-su-hija-en-malefica\\\/#authorImage\",\"url\":\"https:\\\/\\\/eldigitaldeasturias.com\\\/magazine365\\\/wp-content\\\/litespeed\\\/avatar\\\/e571bcf59a0edd6fa6838245a470f2fe.jpg?ver=1776969259\",\"width\":96,\"height\":96,\"caption\":\"admin\"}},{\"@type\":\"WebPage\",\"@id\":\"https:\\\/\\\/eldigitaldeasturias.com\\\/magazine365\\\/angelina-jolie-y-la-experiencia-de-trabajar-con-su-hija-en-malefica\\\/#webpage\",\"url\":\"https:\\\/\\\/eldigitaldeasturias.com\\\/magazine365\\\/angelina-jolie-y-la-experiencia-de-trabajar-con-su-hija-en-malefica\\\/\",\"name\":\"Angelina Jolie y la experiencia de trabajar con su hija en \\u00abMalefica\\u00bb | El Digital de Asturias\",\"description\":\"Los \\u00c1ngeles (EE.UU.), 21 may (EFE).- Angelina Jolie asegur\\u00f3 que le sorprendi\\u00f3 positivamente la interpretaci\\u00f3n de su hija Viviene en \\\"Maleficent\\\", primera pel\\u00edcula en la que comparte escena con alguno de sus hijos, una experiencia que fue muy familiar pero que no persigue repetir. En \\\"Maleficent\\\", versi\\u00f3n de Disney de su cl\\u00e1sico de animaci\\u00f3n \\\"La\",\"inLanguage\":\"es-ES\",\"isPartOf\":{\"@id\":\"https:\\\/\\\/eldigitaldeasturias.com\\\/magazine365\\\/#website\"},\"breadcrumb\":{\"@id\":\"https:\\\/\\\/eldigitaldeasturias.com\\\/magazine365\\\/angelina-jolie-y-la-experiencia-de-trabajar-con-su-hija-en-malefica\\\/#breadcrumblist\"},\"author\":{\"@id\":\"https:\\\/\\\/eldigitaldeasturias.com\\\/magazine365\\\/author\\\/admin\\\/#author\"},\"creator\":{\"@id\":\"https:\\\/\\\/eldigitaldeasturias.com\\\/magazine365\\\/author\\\/admin\\\/#author\"},\"image\":{\"@type\":\"ImageObject\",\"url\":\"https:\\\/\\\/eldigitaldeasturias.com\\\/magazine365\\\/wp-content\\\/uploads\\\/2014\\\/05\\\/6281811w.jpg\",\"@id\":\"https:\\\/\\\/eldigitaldeasturias.com\\\/magazine365\\\/angelina-jolie-y-la-experiencia-de-trabajar-con-su-hija-en-malefica\\\/#mainImage\",\"width\":800,\"height\":549},\"primaryImageOfPage\":{\"@id\":\"https:\\\/\\\/eldigitaldeasturias.com\\\/magazine365\\\/angelina-jolie-y-la-experiencia-de-trabajar-con-su-hija-en-malefica\\\/#mainImage\"},\"datePublished\":\"2014-05-21T22:21:42+02:00\",\"dateModified\":\"2014-05-21T22:21:42+02:00\"},{\"@type\":\"WebSite\",\"@id\":\"https:\\\/\\\/eldigitaldeasturias.com\\\/magazine365\\\/#website\",\"url\":\"https:\\\/\\\/eldigitaldeasturias.com\\\/magazine365\\\/\",\"name\":\"El Digital de Asturias\",\"description\":\"Revista de ocio, turismo y estilo de vida\",\"inLanguage\":\"es-ES\",\"publisher\":{\"@id\":\"https:\\\/\\\/eldigitaldeasturias.com\\\/magazine365\\\/#organization\"}}]}\n\t\t<\/script>\n\t\t<!-- All in One SEO Pro -->\r\n\t\t<title>Angelina Jolie y la experiencia de trabajar con su hija en \u00abMalefica\u00bb | El Digital de Asturias<\/title>\n\n","aioseo_head_json":{"title":"Angelina Jolie y la experiencia de trabajar con su hija en \u00abMalefica\u00bb | El Digital de Asturias","description":"Los \u00c1ngeles (EE.UU.), 21 may (EFE).- Angelina Jolie asegur\u00f3 que le sorprendi\u00f3 positivamente la interpretaci\u00f3n de su hija Viviene en \"Maleficent\", primera pel\u00edcula en la que comparte escena con alguno de sus hijos, una experiencia que fue muy familiar pero que no persigue repetir. En \"Maleficent\", versi\u00f3n de Disney de su cl\u00e1sico de animaci\u00f3n \"La","canonical_url":"https:\/\/eldigitaldeasturias.com\/magazine365\/angelina-jolie-y-la-experiencia-de-trabajar-con-su-hija-en-malefica\/","robots":"max-image-preview:large","keywords":"noticias y actualidad","webmasterTools":{"google-site-verification":"UA-38556648-1","miscellaneous":""},"schema":{"@context":"https:\/\/schema.org","@graph":[{"@type":"Article","@id":"https:\/\/eldigitaldeasturias.com\/magazine365\/angelina-jolie-y-la-experiencia-de-trabajar-con-su-hija-en-malefica\/#article","name":"Angelina Jolie y la experiencia de trabajar con su hija en \u00abMalefica\u00bb | El Digital de Asturias","headline":"Angelina Jolie y la experiencia de trabajar con su hija en \u00abMalefica\u00bb","author":{"@id":"https:\/\/eldigitaldeasturias.com\/magazine365\/author\/admin\/#author"},"publisher":{"@id":"https:\/\/eldigitaldeasturias.com\/magazine365\/#organization"},"image":{"@type":"ImageObject","url":"https:\/\/eldigitaldeasturias.com\/magazine365\/wp-content\/uploads\/2014\/05\/6281811w.jpg","width":800,"height":549},"datePublished":"2014-05-21T22:21:42+02:00","dateModified":"2014-05-21T22:21:42+02:00","inLanguage":"es-ES","mainEntityOfPage":{"@id":"https:\/\/eldigitaldeasturias.com\/magazine365\/angelina-jolie-y-la-experiencia-de-trabajar-con-su-hija-en-malefica\/#webpage"},"isPartOf":{"@id":"https:\/\/eldigitaldeasturias.com\/magazine365\/angelina-jolie-y-la-experiencia-de-trabajar-con-su-hija-en-malefica\/#webpage"},"articleSection":"Noticias y Actualidad"},{"@type":"BreadcrumbList","@id":"https:\/\/eldigitaldeasturias.com\/magazine365\/angelina-jolie-y-la-experiencia-de-trabajar-con-su-hija-en-malefica\/#breadcrumblist","itemListElement":[{"@type":"ListItem","@id":"https:\/\/eldigitaldeasturias.com\/magazine365#listItem","position":1,"name":"Home","item":"https:\/\/eldigitaldeasturias.com\/magazine365","nextItem":{"@type":"ListItem","@id":"https:\/\/eldigitaldeasturias.com\/magazine365\/category\/noticias-actualidad\/#listItem","name":"Noticias y Actualidad"}},{"@type":"ListItem","@id":"https:\/\/eldigitaldeasturias.com\/magazine365\/category\/noticias-actualidad\/#listItem","position":2,"name":"Noticias y Actualidad","item":"https:\/\/eldigitaldeasturias.com\/magazine365\/category\/noticias-actualidad\/","nextItem":{"@type":"ListItem","@id":"https:\/\/eldigitaldeasturias.com\/magazine365\/angelina-jolie-y-la-experiencia-de-trabajar-con-su-hija-en-malefica\/#listItem","name":"Angelina Jolie y la experiencia de trabajar con su hija en \u00abMalefica\u00bb"},"previousItem":{"@type":"ListItem","@id":"https:\/\/eldigitaldeasturias.com\/magazine365#listItem","name":"Home"}},{"@type":"ListItem","@id":"https:\/\/eldigitaldeasturias.com\/magazine365\/angelina-jolie-y-la-experiencia-de-trabajar-con-su-hija-en-malefica\/#listItem","position":3,"name":"Angelina Jolie y la experiencia de trabajar con su hija en \u00abMalefica\u00bb","previousItem":{"@type":"ListItem","@id":"https:\/\/eldigitaldeasturias.com\/magazine365\/category\/noticias-actualidad\/#listItem","name":"Noticias y Actualidad"}}]},{"@type":"Organization","@id":"https:\/\/eldigitaldeasturias.com\/magazine365\/#organization","name":"El digital de Asturias","description":"Revista de ocio, turismo y estilo de vida","url":"https:\/\/eldigitaldeasturias.com\/magazine365\/","logo":{"@type":"ImageObject","url":"https:\/\/www.eldigitaldeasturias.com\/noticias\/wp-content\/uploads\/2020\/12\/EDA.jpg","@id":"https:\/\/eldigitaldeasturias.com\/magazine365\/angelina-jolie-y-la-experiencia-de-trabajar-con-su-hija-en-malefica\/#organizationLogo"},"image":{"@id":"https:\/\/eldigitaldeasturias.com\/magazine365\/angelina-jolie-y-la-experiencia-de-trabajar-con-su-hija-en-malefica\/#organizationLogo"}},{"@type":"Person","@id":"https:\/\/eldigitaldeasturias.com\/magazine365\/author\/admin\/#author","url":"https:\/\/eldigitaldeasturias.com\/magazine365\/author\/admin\/","name":"admin","image":{"@type":"ImageObject","@id":"https:\/\/eldigitaldeasturias.com\/magazine365\/angelina-jolie-y-la-experiencia-de-trabajar-con-su-hija-en-malefica\/#authorImage","url":"https:\/\/eldigitaldeasturias.com\/magazine365\/wp-content\/litespeed\/avatar\/e571bcf59a0edd6fa6838245a470f2fe.jpg?ver=1776969259","width":96,"height":96,"caption":"admin"}},{"@type":"WebPage","@id":"https:\/\/eldigitaldeasturias.com\/magazine365\/angelina-jolie-y-la-experiencia-de-trabajar-con-su-hija-en-malefica\/#webpage","url":"https:\/\/eldigitaldeasturias.com\/magazine365\/angelina-jolie-y-la-experiencia-de-trabajar-con-su-hija-en-malefica\/","name":"Angelina Jolie y la experiencia de trabajar con su hija en \u00abMalefica\u00bb | El Digital de Asturias","description":"Los \u00c1ngeles (EE.UU.), 21 may (EFE).- Angelina Jolie asegur\u00f3 que le sorprendi\u00f3 positivamente la interpretaci\u00f3n de su hija Viviene en \"Maleficent\", primera pel\u00edcula en la que comparte escena con alguno de sus hijos, una experiencia que fue muy familiar pero que no persigue repetir. En \"Maleficent\", versi\u00f3n de Disney de su cl\u00e1sico de animaci\u00f3n \"La","inLanguage":"es-ES","isPartOf":{"@id":"https:\/\/eldigitaldeasturias.com\/magazine365\/#website"},"breadcrumb":{"@id":"https:\/\/eldigitaldeasturias.com\/magazine365\/angelina-jolie-y-la-experiencia-de-trabajar-con-su-hija-en-malefica\/#breadcrumblist"},"author":{"@id":"https:\/\/eldigitaldeasturias.com\/magazine365\/author\/admin\/#author"},"creator":{"@id":"https:\/\/eldigitaldeasturias.com\/magazine365\/author\/admin\/#author"},"image":{"@type":"ImageObject","url":"https:\/\/eldigitaldeasturias.com\/magazine365\/wp-content\/uploads\/2014\/05\/6281811w.jpg","@id":"https:\/\/eldigitaldeasturias.com\/magazine365\/angelina-jolie-y-la-experiencia-de-trabajar-con-su-hija-en-malefica\/#mainImage","width":800,"height":549},"primaryImageOfPage":{"@id":"https:\/\/eldigitaldeasturias.com\/magazine365\/angelina-jolie-y-la-experiencia-de-trabajar-con-su-hija-en-malefica\/#mainImage"},"datePublished":"2014-05-21T22:21:42+02:00","dateModified":"2014-05-21T22:21:42+02:00"},{"@type":"WebSite","@id":"https:\/\/eldigitaldeasturias.com\/magazine365\/#website","url":"https:\/\/eldigitaldeasturias.com\/magazine365\/","name":"El Digital de Asturias","description":"Revista de ocio, turismo y estilo de vida","inLanguage":"es-ES","publisher":{"@id":"https:\/\/eldigitaldeasturias.com\/magazine365\/#organization"}}]},"og:locale":"es_ES","og:site_name":"El Digital de Asturias \u2013 Revista de ocio, turismo y estilo de vida","og:type":"article","og:title":"Angelina Jolie y la experiencia de trabajar con su hija en \u00abMalefica\u00bb | El Digital de Asturias","og:description":"Los \u00c1ngeles (EE.UU.), 21 may (EFE).- Angelina Jolie asegur\u00f3 que le sorprendi\u00f3 positivamente la interpretaci\u00f3n de su hija Viviene en &quot;Maleficent&quot;, primera pel\u00edcula en la que comparte escena con alguno de sus hijos, una experiencia que fue muy familiar pero que no persigue repetir. En &quot;Maleficent&quot;, versi\u00f3n de Disney de su cl\u00e1sico de animaci\u00f3n &quot;La","og:url":"https:\/\/eldigitaldeasturias.com\/magazine365\/angelina-jolie-y-la-experiencia-de-trabajar-con-su-hija-en-malefica\/","og:image":"https:\/\/eldigitaldeasturias.com\/magazine365\/wp-content\/uploads\/2014\/05\/6281811w.jpg","og:image:secure_url":"https:\/\/eldigitaldeasturias.com\/magazine365\/wp-content\/uploads\/2014\/05\/6281811w.jpg","og:image:width":800,"og:image:height":549,"article:published_time":"2014-05-22T00:21:42+00:00","article:modified_time":"2014-05-22T00:21:42+00:00","twitter:card":"summary_large_image","twitter:title":"Angelina Jolie y la experiencia de trabajar con su hija en \u00abMalefica\u00bb | El Digital de Asturias","twitter:description":"Los \u00c1ngeles (EE.UU.), 21 may (EFE).- Angelina Jolie asegur\u00f3 que le sorprendi\u00f3 positivamente la interpretaci\u00f3n de su hija Viviene en &quot;Maleficent&quot;, primera pel\u00edcula en la que comparte escena con alguno de sus hijos, una experiencia que fue muy familiar pero que no persigue repetir. En &quot;Maleficent&quot;, versi\u00f3n de Disney de su cl\u00e1sico de animaci\u00f3n &quot;La","twitter:image":"https:\/\/eldigitaldeasturias.com\/magazine365\/wp-content\/uploads\/2014\/05\/6281811w.jpg"},"aioseo_meta_data":{"post_id":"13436","title":null,"description":null,"keywords":null,"keyphrases":null,"primary_term":null,"canonical_url":null,"og_title":null,"og_description":null,"og_object_type":"default","og_image_type":"default","og_image_url":null,"og_image_width":null,"og_image_height":null,"og_image_custom_url":null,"og_image_custom_fields":null,"og_video":null,"og_custom_url":null,"og_article_section":null,"og_article_tags":null,"twitter_use_og":false,"twitter_card":"default","twitter_image_type":"default","twitter_image_url":null,"twitter_image_custom_url":null,"twitter_image_custom_fields":null,"twitter_title":null,"twitter_description":null,"schema":{"blockGraphs":[],"customGraphs":[],"default":{"data":{"Article":[],"Course":[],"Dataset":[],"FAQPage":[],"Movie":[],"Person":[],"Product":[],"ProductReview":[],"Car":[],"Recipe":[],"Service":[],"SoftwareApplication":[],"WebPage":[]},"graphName":"","isEnabled":true},"graphs":[],"defaultGraph":"","defaultPostTypeGraph":""},"schema_type":null,"schema_type_options":null,"pillar_content":false,"robots_default":true,"robots_noindex":false,"robots_noarchive":false,"robots_nosnippet":false,"robots_nofollow":false,"robots_noimageindex":false,"robots_noodp":false,"robots_notranslate":false,"robots_max_snippet":null,"robots_max_videopreview":null,"robots_max_imagepreview":"large","priority":null,"frequency":null,"location":null,"local_seo":null,"seo_analyzer_scan_date":"2025-09-17 08:16:12","breadcrumb_settings":null,"limit_modified_date":false,"open_ai":null,"ai":null,"created":"2021-03-09 08:28:54","updated":"2025-09-17 08:16:12"},"aioseo_breadcrumb":"<div class=\"aioseo-breadcrumbs\"><span class=\"aioseo-breadcrumb\">\n\t<a href=\"https:\/\/eldigitaldeasturias.com\/magazine365\" title=\"Home\">Home<\/a>\n<\/span><span class=\"aioseo-breadcrumb-separator\">\u2013<\/span><span class=\"aioseo-breadcrumb\">\n\t<a href=\"https:\/\/eldigitaldeasturias.com\/magazine365\/category\/noticias-actualidad\/\" title=\"Noticias y Actualidad\">Noticias y Actualidad<\/a>\n<\/span><span class=\"aioseo-breadcrumb-separator\">\u2013<\/span><span class=\"aioseo-breadcrumb\">\n\t<a href=\"https:\/\/eldigitaldeasturias.com\/magazine365\/angelina-jolie-y-la-experiencia-de-trabajar-con-su-hija-en-malefica\/\" title=\"Angelina Jolie y la experiencia de trabajar con su hija en \u00abMalefica\u00bb\">Angelina Jolie y la experiencia de trabajar con su hija en \u00abMalefica\u00bb<\/a>\n<\/span><\/div>","aioseo_breadcrumb_json":[{"label":"Home","link":"https:\/\/eldigitaldeasturias.com\/magazine365"},{"label":"Noticias y Actualidad","link":"https:\/\/eldigitaldeasturias.com\/magazine365\/category\/noticias-actualidad\/"},{"label":"Angelina Jolie y la experiencia de trabajar con su hija en \u00abMalefica\u00bb","link":"https:\/\/eldigitaldeasturias.com\/magazine365\/angelina-jolie-y-la-experiencia-de-trabajar-con-su-hija-en-malefica\/"}],"_links":{"self":[{"href":"https:\/\/eldigitaldeasturias.com\/magazine365\/wp-json\/wp\/v2\/posts\/13436","targetHints":{"allow":["GET"]}}],"collection":[{"href":"https:\/\/eldigitaldeasturias.com\/magazine365\/wp-json\/wp\/v2\/posts"}],"about":[{"href":"https:\/\/eldigitaldeasturias.com\/magazine365\/wp-json\/wp\/v2\/types\/post"}],"author":[{"embeddable":true,"href":"https:\/\/eldigitaldeasturias.com\/magazine365\/wp-json\/wp\/v2\/users\/1"}],"replies":[{"embeddable":true,"href":"https:\/\/eldigitaldeasturias.com\/magazine365\/wp-json\/wp\/v2\/comments?post=13436"}],"version-history":[{"count":0,"href":"https:\/\/eldigitaldeasturias.com\/magazine365\/wp-json\/wp\/v2\/posts\/13436\/revisions"}],"wp:featuredmedia":[{"embeddable":true,"href":"https:\/\/eldigitaldeasturias.com\/magazine365\/wp-json\/wp\/v2\/media\/13437"}],"wp:attachment":[{"href":"https:\/\/eldigitaldeasturias.com\/magazine365\/wp-json\/wp\/v2\/media?parent=13436"}],"wp:term":[{"taxonomy":"category","embeddable":true,"href":"https:\/\/eldigitaldeasturias.com\/magazine365\/wp-json\/wp\/v2\/categories?post=13436"},{"taxonomy":"post_tag","embeddable":true,"href":"https:\/\/eldigitaldeasturias.com\/magazine365\/wp-json\/wp\/v2\/tags?post=13436"}],"curies":[{"name":"wp","href":"https:\/\/api.w.org\/{rel}","templated":true}]}}