{"id":13424,"date":"2014-05-21T00:33:01","date_gmt":"2014-05-21T02:33:01","guid":{"rendered":"http:\/\/eldigitaldeasturias.com\/magazine365\/?p=13424"},"modified":"2014-05-21T00:33:01","modified_gmt":"2014-05-21T02:33:01","slug":"el-americano-primera-coproduccion-animada-de-ee-uu-y-mexico-llegara-en-2015","status":"publish","type":"post","link":"https:\/\/eldigitaldeasturias.com\/magazine365\/el-americano-primera-coproduccion-animada-de-ee-uu-y-mexico-llegara-en-2015\/","title":{"rendered":"El Americano, primera coproducci\u00f3n animada de EE.UU. y M\u00e9xico, llegar\u00e1 en 2015"},"content":{"rendered":"<p><img fetchpriority=\"high\" decoding=\"async\" class=\"alignleft size-medium wp-image-13425\" alt=\"6281127w\" src=\"https:\/\/eldigitaldeasturias.com\/magazine365\/wp-content\/uploads\/2014\/05\/6281127w-279x300.jpg\" width=\"279\" height=\"300\" srcset=\"https:\/\/eldigitaldeasturias.com\/magazine365\/wp-content\/uploads\/2014\/05\/6281127w-279x300.jpg 279w, https:\/\/eldigitaldeasturias.com\/magazine365\/wp-content\/uploads\/2014\/05\/6281127w-596x640.jpg 596w, https:\/\/eldigitaldeasturias.com\/magazine365\/wp-content\/uploads\/2014\/05\/6281127w-150x161.jpg 150w, https:\/\/eldigitaldeasturias.com\/magazine365\/wp-content\/uploads\/2014\/05\/6281127w-450x483.jpg 450w, https:\/\/eldigitaldeasturias.com\/magazine365\/wp-content\/uploads\/2014\/05\/6281127w-696x748.jpg 696w, https:\/\/eldigitaldeasturias.com\/magazine365\/wp-content\/uploads\/2014\/05\/6281127w-391x420.jpg 391w, https:\/\/eldigitaldeasturias.com\/magazine365\/wp-content\/uploads\/2014\/05\/6281127w.jpg 700w\" sizes=\"(max-width: 279px) 100vw, 279px\" \/>Los \u00c1ngeles (EE.UU.), 20 may (EFE).- \u00abEl Americano\u00bb, considerada la primera gran coproducci\u00f3n de animaci\u00f3n entre Estados Unidos y M\u00e9xico, llegar\u00e1 a los cines en los primeros meses de 2015, inform\u00f3 hoy la revista Variety.<\/p>\n<p>La cinta, producida entre otros por Edward James Olmos, acaba de cerrar en el Festival de Cine de Cannes algunos de los primeros acuerdos para su distribuci\u00f3n internacional en territorios como Rusia y Asia.<\/p>\n<p>Lisa Kudrow, conocida por su trabajo en la serie \u00abFriends\u00bb, lidera el reparto de voces de la cinta, donde tambi\u00e9n intervienen Rico Rodriguez (\u00abModern Family\u00bb), Cheech Marin (\u00abSpy Kids\u00bb), Kate del Castillo (\u00abLa reina del sur\u00bb), Erik Estrada (\u00abCHiPS\u00bb) y el propio James Olmos.<\/p>\n<p>\u00abEl Americano\u00bb es la cuarta pel\u00edcula -y la primera de animaci\u00f3n- del estudio Animex, con sede en Puebla (M\u00e9xico). La compa\u00f1\u00eda estadounidense que tambi\u00e9n participa en la producci\u00f3n es Olmos Productions, con sede en Burbank (California).<\/p>\n<p>El filme se ha asegurado un estreno en alrededor de 1.200 salas en Estados Unidos y su llegada a M\u00e9xico tambi\u00e9n tendr\u00e1 lugar en los primeros meses de 2015.<\/p>\n<p>La historia est\u00e1 enfocada como un relato revisionista cuyos personajes funcionar\u00e1n como modelos a seguir para los j\u00f3venes mexicanos, indic\u00f3 la publicaci\u00f3n.<\/p>\n<p>\u00abLa pel\u00edcula ayudar\u00e1 a darnos cuenta que las respuestas a nuestras dificultades se encuentran en nuestros propios corazones\u00bb, indic\u00f3 Olmos a la revista.<\/p>\n<p>El protagonista es Cuco, un joven loro mexicano que se embarca en una \u00e9pica aventura para convencer a una celebridad de la televisi\u00f3n estadounidense -especializada en la lucha contra el crimen- de que le ayude a defender a su familia de quienes tratan de abusar de ella.<\/p>\n<p>Sin embargo, Cuco se dar\u00e1 cuenta de que es capaz de convertirse en un h\u00e9roe sin ayuda de nadie.<\/p>\n","protected":false},"excerpt":{"rendered":"<p>Los \u00c1ngeles (EE.UU.), 20 may (EFE).- \u00abEl Americano\u00bb, considerada la primera gran coproducci\u00f3n de animaci\u00f3n entre Estados Unidos y M\u00e9xico, llegar\u00e1 a los cines en los primeros meses de 2015, inform\u00f3 hoy la revista Variety. La cinta, producida entre otros por Edward James Olmos, acaba de cerrar en el Festival de Cine de Cannes algunos<\/p>\n","protected":false},"author":1,"featured_media":13425,"comment_status":"open","ping_status":"closed","sticky":false,"template":"","format":"standard","meta":{"footnotes":""},"categories":[224],"tags":[],"class_list":{"0":"post-13424","1":"post","2":"type-post","3":"status-publish","4":"format-standard","5":"has-post-thumbnail","7":"category-noticias-actualidad"},"aioseo_notices":[],"aioseo_head":"\n\t\t<!-- All in One SEO Pro 4.9.6.1 - aioseo.com -->\n\t<meta name=\"description\" content=\"Los \u00c1ngeles (EE.UU.), 20 may (EFE).- &quot;El Americano&quot;, considerada la primera gran coproducci\u00f3n de animaci\u00f3n entre Estados Unidos y M\u00e9xico, llegar\u00e1 a los cines en los primeros meses de 2015, inform\u00f3 hoy la revista Variety. La cinta, producida entre otros por Edward James Olmos, acaba de cerrar en el Festival de Cine de Cannes algunos\" \/>\n\t<meta name=\"robots\" content=\"max-image-preview:large\" \/>\n\t<meta name=\"author\" content=\"admin\"\/>\n\t<meta name=\"google-site-verification\" content=\"UA-38556648-1\" \/>\n\t<meta name=\"keywords\" content=\"noticias y actualidad\" \/>\n\t<link rel=\"canonical\" href=\"https:\/\/eldigitaldeasturias.com\/magazine365\/el-americano-primera-coproduccion-animada-de-ee-uu-y-mexico-llegara-en-2015\/\" \/>\n\t<meta name=\"generator\" content=\"All in One SEO Pro (AIOSEO) 4.9.6.1\" \/>\n\t\t<meta property=\"og:locale\" content=\"es_ES\" \/>\n\t\t<meta property=\"og:site_name\" content=\"El Digital de Asturias \u2013 Revista de ocio, turismo y estilo de vida\" \/>\n\t\t<meta property=\"og:type\" content=\"article\" \/>\n\t\t<meta property=\"og:title\" content=\"El Americano, primera coproducci\u00f3n animada de EE.UU. y M\u00e9xico, llegar\u00e1 en 2015 | El Digital de Asturias\" \/>\n\t\t<meta property=\"og:description\" content=\"Los \u00c1ngeles (EE.UU.), 20 may (EFE).- &quot;El Americano&quot;, considerada la primera gran coproducci\u00f3n de animaci\u00f3n entre Estados Unidos y M\u00e9xico, llegar\u00e1 a los cines en los primeros meses de 2015, inform\u00f3 hoy la revista Variety. La cinta, producida entre otros por Edward James Olmos, acaba de cerrar en el Festival de Cine de Cannes algunos\" \/>\n\t\t<meta property=\"og:url\" content=\"https:\/\/eldigitaldeasturias.com\/magazine365\/el-americano-primera-coproduccion-animada-de-ee-uu-y-mexico-llegara-en-2015\/\" \/>\n\t\t<meta property=\"og:image\" content=\"https:\/\/eldigitaldeasturias.com\/magazine365\/wp-content\/uploads\/2014\/05\/6281127w.jpg\" \/>\n\t\t<meta property=\"og:image:secure_url\" content=\"https:\/\/eldigitaldeasturias.com\/magazine365\/wp-content\/uploads\/2014\/05\/6281127w.jpg\" \/>\n\t\t<meta property=\"og:image:width\" content=\"700\" \/>\n\t\t<meta property=\"og:image:height\" content=\"752\" \/>\n\t\t<meta property=\"article:published_time\" content=\"2014-05-21T02:33:01+00:00\" \/>\n\t\t<meta property=\"article:modified_time\" content=\"2014-05-21T02:33:01+00:00\" \/>\n\t\t<meta name=\"twitter:card\" content=\"summary_large_image\" \/>\n\t\t<meta name=\"twitter:title\" content=\"El Americano, primera coproducci\u00f3n animada de EE.UU. y M\u00e9xico, llegar\u00e1 en 2015 | El Digital de Asturias\" \/>\n\t\t<meta name=\"twitter:description\" content=\"Los \u00c1ngeles (EE.UU.), 20 may (EFE).- &quot;El Americano&quot;, considerada la primera gran coproducci\u00f3n de animaci\u00f3n entre Estados Unidos y M\u00e9xico, llegar\u00e1 a los cines en los primeros meses de 2015, inform\u00f3 hoy la revista Variety. La cinta, producida entre otros por Edward James Olmos, acaba de cerrar en el Festival de Cine de Cannes algunos\" \/>\n\t\t<meta name=\"twitter:image\" content=\"https:\/\/eldigitaldeasturias.com\/magazine365\/wp-content\/uploads\/2014\/05\/6281127w.jpg\" \/>\n\t\t<script type=\"application\/ld+json\" class=\"aioseo-schema\">\n\t\t\t{\"@context\":\"https:\\\/\\\/schema.org\",\"@graph\":[{\"@type\":\"Article\",\"@id\":\"https:\\\/\\\/eldigitaldeasturias.com\\\/magazine365\\\/el-americano-primera-coproduccion-animada-de-ee-uu-y-mexico-llegara-en-2015\\\/#article\",\"name\":\"El Americano, primera coproducci\\u00f3n animada de EE.UU. y M\\u00e9xico, llegar\\u00e1 en 2015 | El Digital de Asturias\",\"headline\":\"El Americano, primera coproducci\\u00f3n animada de EE.UU. y M\\u00e9xico, llegar\\u00e1 en 2015\",\"author\":{\"@id\":\"https:\\\/\\\/eldigitaldeasturias.com\\\/magazine365\\\/author\\\/admin\\\/#author\"},\"publisher\":{\"@id\":\"https:\\\/\\\/eldigitaldeasturias.com\\\/magazine365\\\/#organization\"},\"image\":{\"@type\":\"ImageObject\",\"url\":\"https:\\\/\\\/eldigitaldeasturias.com\\\/magazine365\\\/wp-content\\\/uploads\\\/2014\\\/05\\\/6281127w.jpg\",\"width\":700,\"height\":752},\"datePublished\":\"2014-05-21T00:33:01+02:00\",\"dateModified\":\"2014-05-21T00:33:01+02:00\",\"inLanguage\":\"es-ES\",\"mainEntityOfPage\":{\"@id\":\"https:\\\/\\\/eldigitaldeasturias.com\\\/magazine365\\\/el-americano-primera-coproduccion-animada-de-ee-uu-y-mexico-llegara-en-2015\\\/#webpage\"},\"isPartOf\":{\"@id\":\"https:\\\/\\\/eldigitaldeasturias.com\\\/magazine365\\\/el-americano-primera-coproduccion-animada-de-ee-uu-y-mexico-llegara-en-2015\\\/#webpage\"},\"articleSection\":\"Noticias y Actualidad\"},{\"@type\":\"BreadcrumbList\",\"@id\":\"https:\\\/\\\/eldigitaldeasturias.com\\\/magazine365\\\/el-americano-primera-coproduccion-animada-de-ee-uu-y-mexico-llegara-en-2015\\\/#breadcrumblist\",\"itemListElement\":[{\"@type\":\"ListItem\",\"@id\":\"https:\\\/\\\/eldigitaldeasturias.com\\\/magazine365#listItem\",\"position\":1,\"name\":\"Home\",\"item\":\"https:\\\/\\\/eldigitaldeasturias.com\\\/magazine365\",\"nextItem\":{\"@type\":\"ListItem\",\"@id\":\"https:\\\/\\\/eldigitaldeasturias.com\\\/magazine365\\\/category\\\/noticias-actualidad\\\/#listItem\",\"name\":\"Noticias y Actualidad\"}},{\"@type\":\"ListItem\",\"@id\":\"https:\\\/\\\/eldigitaldeasturias.com\\\/magazine365\\\/category\\\/noticias-actualidad\\\/#listItem\",\"position\":2,\"name\":\"Noticias y Actualidad\",\"item\":\"https:\\\/\\\/eldigitaldeasturias.com\\\/magazine365\\\/category\\\/noticias-actualidad\\\/\",\"nextItem\":{\"@type\":\"ListItem\",\"@id\":\"https:\\\/\\\/eldigitaldeasturias.com\\\/magazine365\\\/el-americano-primera-coproduccion-animada-de-ee-uu-y-mexico-llegara-en-2015\\\/#listItem\",\"name\":\"El Americano, primera coproducci\\u00f3n animada de EE.UU. y M\\u00e9xico, llegar\\u00e1 en 2015\"},\"previousItem\":{\"@type\":\"ListItem\",\"@id\":\"https:\\\/\\\/eldigitaldeasturias.com\\\/magazine365#listItem\",\"name\":\"Home\"}},{\"@type\":\"ListItem\",\"@id\":\"https:\\\/\\\/eldigitaldeasturias.com\\\/magazine365\\\/el-americano-primera-coproduccion-animada-de-ee-uu-y-mexico-llegara-en-2015\\\/#listItem\",\"position\":3,\"name\":\"El Americano, primera coproducci\\u00f3n animada de EE.UU. y M\\u00e9xico, llegar\\u00e1 en 2015\",\"previousItem\":{\"@type\":\"ListItem\",\"@id\":\"https:\\\/\\\/eldigitaldeasturias.com\\\/magazine365\\\/category\\\/noticias-actualidad\\\/#listItem\",\"name\":\"Noticias y Actualidad\"}}]},{\"@type\":\"Organization\",\"@id\":\"https:\\\/\\\/eldigitaldeasturias.com\\\/magazine365\\\/#organization\",\"name\":\"El digital de Asturias\",\"description\":\"Revista de ocio, turismo y estilo de vida\",\"url\":\"https:\\\/\\\/eldigitaldeasturias.com\\\/magazine365\\\/\",\"logo\":{\"@type\":\"ImageObject\",\"url\":\"https:\\\/\\\/www.eldigitaldeasturias.com\\\/noticias\\\/wp-content\\\/uploads\\\/2020\\\/12\\\/EDA.jpg\",\"@id\":\"https:\\\/\\\/eldigitaldeasturias.com\\\/magazine365\\\/el-americano-primera-coproduccion-animada-de-ee-uu-y-mexico-llegara-en-2015\\\/#organizationLogo\"},\"image\":{\"@id\":\"https:\\\/\\\/eldigitaldeasturias.com\\\/magazine365\\\/el-americano-primera-coproduccion-animada-de-ee-uu-y-mexico-llegara-en-2015\\\/#organizationLogo\"}},{\"@type\":\"Person\",\"@id\":\"https:\\\/\\\/eldigitaldeasturias.com\\\/magazine365\\\/author\\\/admin\\\/#author\",\"url\":\"https:\\\/\\\/eldigitaldeasturias.com\\\/magazine365\\\/author\\\/admin\\\/\",\"name\":\"admin\",\"image\":{\"@type\":\"ImageObject\",\"@id\":\"https:\\\/\\\/eldigitaldeasturias.com\\\/magazine365\\\/el-americano-primera-coproduccion-animada-de-ee-uu-y-mexico-llegara-en-2015\\\/#authorImage\",\"url\":\"https:\\\/\\\/eldigitaldeasturias.com\\\/magazine365\\\/wp-content\\\/litespeed\\\/avatar\\\/e571bcf59a0edd6fa6838245a470f2fe.jpg?ver=1776969259\",\"width\":96,\"height\":96,\"caption\":\"admin\"}},{\"@type\":\"WebPage\",\"@id\":\"https:\\\/\\\/eldigitaldeasturias.com\\\/magazine365\\\/el-americano-primera-coproduccion-animada-de-ee-uu-y-mexico-llegara-en-2015\\\/#webpage\",\"url\":\"https:\\\/\\\/eldigitaldeasturias.com\\\/magazine365\\\/el-americano-primera-coproduccion-animada-de-ee-uu-y-mexico-llegara-en-2015\\\/\",\"name\":\"El Americano, primera coproducci\\u00f3n animada de EE.UU. y M\\u00e9xico, llegar\\u00e1 en 2015 | El Digital de Asturias\",\"description\":\"Los \\u00c1ngeles (EE.UU.), 20 may (EFE).- \\\"El Americano\\\", considerada la primera gran coproducci\\u00f3n de animaci\\u00f3n entre Estados Unidos y M\\u00e9xico, llegar\\u00e1 a los cines en los primeros meses de 2015, inform\\u00f3 hoy la revista Variety. La cinta, producida entre otros por Edward James Olmos, acaba de cerrar en el Festival de Cine de Cannes algunos\",\"inLanguage\":\"es-ES\",\"isPartOf\":{\"@id\":\"https:\\\/\\\/eldigitaldeasturias.com\\\/magazine365\\\/#website\"},\"breadcrumb\":{\"@id\":\"https:\\\/\\\/eldigitaldeasturias.com\\\/magazine365\\\/el-americano-primera-coproduccion-animada-de-ee-uu-y-mexico-llegara-en-2015\\\/#breadcrumblist\"},\"author\":{\"@id\":\"https:\\\/\\\/eldigitaldeasturias.com\\\/magazine365\\\/author\\\/admin\\\/#author\"},\"creator\":{\"@id\":\"https:\\\/\\\/eldigitaldeasturias.com\\\/magazine365\\\/author\\\/admin\\\/#author\"},\"image\":{\"@type\":\"ImageObject\",\"url\":\"https:\\\/\\\/eldigitaldeasturias.com\\\/magazine365\\\/wp-content\\\/uploads\\\/2014\\\/05\\\/6281127w.jpg\",\"@id\":\"https:\\\/\\\/eldigitaldeasturias.com\\\/magazine365\\\/el-americano-primera-coproduccion-animada-de-ee-uu-y-mexico-llegara-en-2015\\\/#mainImage\",\"width\":700,\"height\":752},\"primaryImageOfPage\":{\"@id\":\"https:\\\/\\\/eldigitaldeasturias.com\\\/magazine365\\\/el-americano-primera-coproduccion-animada-de-ee-uu-y-mexico-llegara-en-2015\\\/#mainImage\"},\"datePublished\":\"2014-05-21T00:33:01+02:00\",\"dateModified\":\"2014-05-21T00:33:01+02:00\"},{\"@type\":\"WebSite\",\"@id\":\"https:\\\/\\\/eldigitaldeasturias.com\\\/magazine365\\\/#website\",\"url\":\"https:\\\/\\\/eldigitaldeasturias.com\\\/magazine365\\\/\",\"name\":\"El Digital de Asturias\",\"description\":\"Revista de ocio, turismo y estilo de vida\",\"inLanguage\":\"es-ES\",\"publisher\":{\"@id\":\"https:\\\/\\\/eldigitaldeasturias.com\\\/magazine365\\\/#organization\"}}]}\n\t\t<\/script>\n\t\t<!-- All in One SEO Pro -->\r\n\t\t<title>El Americano, primera coproducci\u00f3n animada de EE.UU. y M\u00e9xico, llegar\u00e1 en 2015 | El Digital de Asturias<\/title>\n\n","aioseo_head_json":{"title":"El Americano, primera coproducci\u00f3n animada de EE.UU. y M\u00e9xico, llegar\u00e1 en 2015 | El Digital de Asturias","description":"Los \u00c1ngeles (EE.UU.), 20 may (EFE).- \"El Americano\", considerada la primera gran coproducci\u00f3n de animaci\u00f3n entre Estados Unidos y M\u00e9xico, llegar\u00e1 a los cines en los primeros meses de 2015, inform\u00f3 hoy la revista Variety. La cinta, producida entre otros por Edward James Olmos, acaba de cerrar en el Festival de Cine de Cannes algunos","canonical_url":"https:\/\/eldigitaldeasturias.com\/magazine365\/el-americano-primera-coproduccion-animada-de-ee-uu-y-mexico-llegara-en-2015\/","robots":"max-image-preview:large","keywords":"noticias y actualidad","webmasterTools":{"google-site-verification":"UA-38556648-1","miscellaneous":""},"schema":{"@context":"https:\/\/schema.org","@graph":[{"@type":"Article","@id":"https:\/\/eldigitaldeasturias.com\/magazine365\/el-americano-primera-coproduccion-animada-de-ee-uu-y-mexico-llegara-en-2015\/#article","name":"El Americano, primera coproducci\u00f3n animada de EE.UU. y M\u00e9xico, llegar\u00e1 en 2015 | El Digital de Asturias","headline":"El Americano, primera coproducci\u00f3n animada de EE.UU. y M\u00e9xico, llegar\u00e1 en 2015","author":{"@id":"https:\/\/eldigitaldeasturias.com\/magazine365\/author\/admin\/#author"},"publisher":{"@id":"https:\/\/eldigitaldeasturias.com\/magazine365\/#organization"},"image":{"@type":"ImageObject","url":"https:\/\/eldigitaldeasturias.com\/magazine365\/wp-content\/uploads\/2014\/05\/6281127w.jpg","width":700,"height":752},"datePublished":"2014-05-21T00:33:01+02:00","dateModified":"2014-05-21T00:33:01+02:00","inLanguage":"es-ES","mainEntityOfPage":{"@id":"https:\/\/eldigitaldeasturias.com\/magazine365\/el-americano-primera-coproduccion-animada-de-ee-uu-y-mexico-llegara-en-2015\/#webpage"},"isPartOf":{"@id":"https:\/\/eldigitaldeasturias.com\/magazine365\/el-americano-primera-coproduccion-animada-de-ee-uu-y-mexico-llegara-en-2015\/#webpage"},"articleSection":"Noticias y Actualidad"},{"@type":"BreadcrumbList","@id":"https:\/\/eldigitaldeasturias.com\/magazine365\/el-americano-primera-coproduccion-animada-de-ee-uu-y-mexico-llegara-en-2015\/#breadcrumblist","itemListElement":[{"@type":"ListItem","@id":"https:\/\/eldigitaldeasturias.com\/magazine365#listItem","position":1,"name":"Home","item":"https:\/\/eldigitaldeasturias.com\/magazine365","nextItem":{"@type":"ListItem","@id":"https:\/\/eldigitaldeasturias.com\/magazine365\/category\/noticias-actualidad\/#listItem","name":"Noticias y Actualidad"}},{"@type":"ListItem","@id":"https:\/\/eldigitaldeasturias.com\/magazine365\/category\/noticias-actualidad\/#listItem","position":2,"name":"Noticias y Actualidad","item":"https:\/\/eldigitaldeasturias.com\/magazine365\/category\/noticias-actualidad\/","nextItem":{"@type":"ListItem","@id":"https:\/\/eldigitaldeasturias.com\/magazine365\/el-americano-primera-coproduccion-animada-de-ee-uu-y-mexico-llegara-en-2015\/#listItem","name":"El Americano, primera coproducci\u00f3n animada de EE.UU. y M\u00e9xico, llegar\u00e1 en 2015"},"previousItem":{"@type":"ListItem","@id":"https:\/\/eldigitaldeasturias.com\/magazine365#listItem","name":"Home"}},{"@type":"ListItem","@id":"https:\/\/eldigitaldeasturias.com\/magazine365\/el-americano-primera-coproduccion-animada-de-ee-uu-y-mexico-llegara-en-2015\/#listItem","position":3,"name":"El Americano, primera coproducci\u00f3n animada de EE.UU. y M\u00e9xico, llegar\u00e1 en 2015","previousItem":{"@type":"ListItem","@id":"https:\/\/eldigitaldeasturias.com\/magazine365\/category\/noticias-actualidad\/#listItem","name":"Noticias y Actualidad"}}]},{"@type":"Organization","@id":"https:\/\/eldigitaldeasturias.com\/magazine365\/#organization","name":"El digital de Asturias","description":"Revista de ocio, turismo y estilo de vida","url":"https:\/\/eldigitaldeasturias.com\/magazine365\/","logo":{"@type":"ImageObject","url":"https:\/\/www.eldigitaldeasturias.com\/noticias\/wp-content\/uploads\/2020\/12\/EDA.jpg","@id":"https:\/\/eldigitaldeasturias.com\/magazine365\/el-americano-primera-coproduccion-animada-de-ee-uu-y-mexico-llegara-en-2015\/#organizationLogo"},"image":{"@id":"https:\/\/eldigitaldeasturias.com\/magazine365\/el-americano-primera-coproduccion-animada-de-ee-uu-y-mexico-llegara-en-2015\/#organizationLogo"}},{"@type":"Person","@id":"https:\/\/eldigitaldeasturias.com\/magazine365\/author\/admin\/#author","url":"https:\/\/eldigitaldeasturias.com\/magazine365\/author\/admin\/","name":"admin","image":{"@type":"ImageObject","@id":"https:\/\/eldigitaldeasturias.com\/magazine365\/el-americano-primera-coproduccion-animada-de-ee-uu-y-mexico-llegara-en-2015\/#authorImage","url":"https:\/\/eldigitaldeasturias.com\/magazine365\/wp-content\/litespeed\/avatar\/e571bcf59a0edd6fa6838245a470f2fe.jpg?ver=1776969259","width":96,"height":96,"caption":"admin"}},{"@type":"WebPage","@id":"https:\/\/eldigitaldeasturias.com\/magazine365\/el-americano-primera-coproduccion-animada-de-ee-uu-y-mexico-llegara-en-2015\/#webpage","url":"https:\/\/eldigitaldeasturias.com\/magazine365\/el-americano-primera-coproduccion-animada-de-ee-uu-y-mexico-llegara-en-2015\/","name":"El Americano, primera coproducci\u00f3n animada de EE.UU. y M\u00e9xico, llegar\u00e1 en 2015 | El Digital de Asturias","description":"Los \u00c1ngeles (EE.UU.), 20 may (EFE).- \"El Americano\", considerada la primera gran coproducci\u00f3n de animaci\u00f3n entre Estados Unidos y M\u00e9xico, llegar\u00e1 a los cines en los primeros meses de 2015, inform\u00f3 hoy la revista Variety. La cinta, producida entre otros por Edward James Olmos, acaba de cerrar en el Festival de Cine de Cannes algunos","inLanguage":"es-ES","isPartOf":{"@id":"https:\/\/eldigitaldeasturias.com\/magazine365\/#website"},"breadcrumb":{"@id":"https:\/\/eldigitaldeasturias.com\/magazine365\/el-americano-primera-coproduccion-animada-de-ee-uu-y-mexico-llegara-en-2015\/#breadcrumblist"},"author":{"@id":"https:\/\/eldigitaldeasturias.com\/magazine365\/author\/admin\/#author"},"creator":{"@id":"https:\/\/eldigitaldeasturias.com\/magazine365\/author\/admin\/#author"},"image":{"@type":"ImageObject","url":"https:\/\/eldigitaldeasturias.com\/magazine365\/wp-content\/uploads\/2014\/05\/6281127w.jpg","@id":"https:\/\/eldigitaldeasturias.com\/magazine365\/el-americano-primera-coproduccion-animada-de-ee-uu-y-mexico-llegara-en-2015\/#mainImage","width":700,"height":752},"primaryImageOfPage":{"@id":"https:\/\/eldigitaldeasturias.com\/magazine365\/el-americano-primera-coproduccion-animada-de-ee-uu-y-mexico-llegara-en-2015\/#mainImage"},"datePublished":"2014-05-21T00:33:01+02:00","dateModified":"2014-05-21T00:33:01+02:00"},{"@type":"WebSite","@id":"https:\/\/eldigitaldeasturias.com\/magazine365\/#website","url":"https:\/\/eldigitaldeasturias.com\/magazine365\/","name":"El Digital de Asturias","description":"Revista de ocio, turismo y estilo de vida","inLanguage":"es-ES","publisher":{"@id":"https:\/\/eldigitaldeasturias.com\/magazine365\/#organization"}}]},"og:locale":"es_ES","og:site_name":"El Digital de Asturias \u2013 Revista de ocio, turismo y estilo de vida","og:type":"article","og:title":"El Americano, primera coproducci\u00f3n animada de EE.UU. y M\u00e9xico, llegar\u00e1 en 2015 | El Digital de Asturias","og:description":"Los \u00c1ngeles (EE.UU.), 20 may (EFE).- &quot;El Americano&quot;, considerada la primera gran coproducci\u00f3n de animaci\u00f3n entre Estados Unidos y M\u00e9xico, llegar\u00e1 a los cines en los primeros meses de 2015, inform\u00f3 hoy la revista Variety. La cinta, producida entre otros por Edward James Olmos, acaba de cerrar en el Festival de Cine de Cannes algunos","og:url":"https:\/\/eldigitaldeasturias.com\/magazine365\/el-americano-primera-coproduccion-animada-de-ee-uu-y-mexico-llegara-en-2015\/","og:image":"https:\/\/eldigitaldeasturias.com\/magazine365\/wp-content\/uploads\/2014\/05\/6281127w.jpg","og:image:secure_url":"https:\/\/eldigitaldeasturias.com\/magazine365\/wp-content\/uploads\/2014\/05\/6281127w.jpg","og:image:width":700,"og:image:height":752,"article:published_time":"2014-05-21T02:33:01+00:00","article:modified_time":"2014-05-21T02:33:01+00:00","twitter:card":"summary_large_image","twitter:title":"El Americano, primera coproducci\u00f3n animada de EE.UU. y M\u00e9xico, llegar\u00e1 en 2015 | El Digital de Asturias","twitter:description":"Los \u00c1ngeles (EE.UU.), 20 may (EFE).- &quot;El Americano&quot;, considerada la primera gran coproducci\u00f3n de animaci\u00f3n entre Estados Unidos y M\u00e9xico, llegar\u00e1 a los cines en los primeros meses de 2015, inform\u00f3 hoy la revista Variety. La cinta, producida entre otros por Edward James Olmos, acaba de cerrar en el Festival de Cine de Cannes algunos","twitter:image":"https:\/\/eldigitaldeasturias.com\/magazine365\/wp-content\/uploads\/2014\/05\/6281127w.jpg"},"aioseo_meta_data":{"post_id":"13424","title":null,"description":null,"keywords":null,"keyphrases":null,"primary_term":null,"canonical_url":null,"og_title":null,"og_description":null,"og_object_type":"default","og_image_type":"default","og_image_url":null,"og_image_width":null,"og_image_height":null,"og_image_custom_url":null,"og_image_custom_fields":null,"og_video":null,"og_custom_url":null,"og_article_section":null,"og_article_tags":null,"twitter_use_og":false,"twitter_card":"default","twitter_image_type":"default","twitter_image_url":null,"twitter_image_custom_url":null,"twitter_image_custom_fields":null,"twitter_title":null,"twitter_description":null,"schema":{"blockGraphs":[],"customGraphs":[],"default":{"data":{"Article":[],"Course":[],"Dataset":[],"FAQPage":[],"Movie":[],"Person":[],"Product":[],"ProductReview":[],"Car":[],"Recipe":[],"Service":[],"SoftwareApplication":[],"WebPage":[]},"graphName":"","isEnabled":true},"graphs":[],"defaultGraph":"","defaultPostTypeGraph":""},"schema_type":null,"schema_type_options":null,"pillar_content":false,"robots_default":true,"robots_noindex":false,"robots_noarchive":false,"robots_nosnippet":false,"robots_nofollow":false,"robots_noimageindex":false,"robots_noodp":false,"robots_notranslate":false,"robots_max_snippet":null,"robots_max_videopreview":null,"robots_max_imagepreview":"large","priority":null,"frequency":null,"location":null,"local_seo":null,"seo_analyzer_scan_date":"2025-09-17 08:14:04","breadcrumb_settings":null,"limit_modified_date":false,"open_ai":null,"ai":null,"created":"2021-03-09 08:28:54","updated":"2025-09-17 08:14:04"},"aioseo_breadcrumb":"<div class=\"aioseo-breadcrumbs\"><span class=\"aioseo-breadcrumb\">\n\t<a href=\"https:\/\/eldigitaldeasturias.com\/magazine365\" title=\"Home\">Home<\/a>\n<\/span><span class=\"aioseo-breadcrumb-separator\">\u2013<\/span><span class=\"aioseo-breadcrumb\">\n\t<a href=\"https:\/\/eldigitaldeasturias.com\/magazine365\/category\/noticias-actualidad\/\" title=\"Noticias y Actualidad\">Noticias y Actualidad<\/a>\n<\/span><span class=\"aioseo-breadcrumb-separator\">\u2013<\/span><span class=\"aioseo-breadcrumb\">\n\t<a href=\"https:\/\/eldigitaldeasturias.com\/magazine365\/el-americano-primera-coproduccion-animada-de-ee-uu-y-mexico-llegara-en-2015\/\" title=\"El Americano, primera coproducci\u00f3n animada de EE.UU. y M\u00e9xico, llegar\u00e1 en 2015\">El Americano, primera coproducci\u00f3n animada de EE.UU. y M\u00e9xico, llegar\u00e1 en 2015<\/a>\n<\/span><\/div>","aioseo_breadcrumb_json":[{"label":"Home","link":"https:\/\/eldigitaldeasturias.com\/magazine365"},{"label":"Noticias y Actualidad","link":"https:\/\/eldigitaldeasturias.com\/magazine365\/category\/noticias-actualidad\/"},{"label":"El Americano, primera coproducci\u00f3n animada de EE.UU. y M\u00e9xico, llegar\u00e1 en 2015","link":"https:\/\/eldigitaldeasturias.com\/magazine365\/el-americano-primera-coproduccion-animada-de-ee-uu-y-mexico-llegara-en-2015\/"}],"_links":{"self":[{"href":"https:\/\/eldigitaldeasturias.com\/magazine365\/wp-json\/wp\/v2\/posts\/13424","targetHints":{"allow":["GET"]}}],"collection":[{"href":"https:\/\/eldigitaldeasturias.com\/magazine365\/wp-json\/wp\/v2\/posts"}],"about":[{"href":"https:\/\/eldigitaldeasturias.com\/magazine365\/wp-json\/wp\/v2\/types\/post"}],"author":[{"embeddable":true,"href":"https:\/\/eldigitaldeasturias.com\/magazine365\/wp-json\/wp\/v2\/users\/1"}],"replies":[{"embeddable":true,"href":"https:\/\/eldigitaldeasturias.com\/magazine365\/wp-json\/wp\/v2\/comments?post=13424"}],"version-history":[{"count":0,"href":"https:\/\/eldigitaldeasturias.com\/magazine365\/wp-json\/wp\/v2\/posts\/13424\/revisions"}],"wp:featuredmedia":[{"embeddable":true,"href":"https:\/\/eldigitaldeasturias.com\/magazine365\/wp-json\/wp\/v2\/media\/13425"}],"wp:attachment":[{"href":"https:\/\/eldigitaldeasturias.com\/magazine365\/wp-json\/wp\/v2\/media?parent=13424"}],"wp:term":[{"taxonomy":"category","embeddable":true,"href":"https:\/\/eldigitaldeasturias.com\/magazine365\/wp-json\/wp\/v2\/categories?post=13424"},{"taxonomy":"post_tag","embeddable":true,"href":"https:\/\/eldigitaldeasturias.com\/magazine365\/wp-json\/wp\/v2\/tags?post=13424"}],"curies":[{"name":"wp","href":"https:\/\/api.w.org\/{rel}","templated":true}]}}