{"id":13415,"date":"2014-05-21T00:27:43","date_gmt":"2014-05-21T02:27:43","guid":{"rendered":"http:\/\/eldigitaldeasturias.com\/magazine365\/?p=13415"},"modified":"2014-05-21T00:27:43","modified_gmt":"2014-05-21T02:27:43","slug":"win-wenders-lleva-al-cine-de-cannes-la-fotografia-de-sebastiao-salgado","status":"publish","type":"post","link":"https:\/\/eldigitaldeasturias.com\/magazine365\/win-wenders-lleva-al-cine-de-cannes-la-fotografia-de-sebastiao-salgado\/","title":{"rendered":"Win Wenders lleva al cine de Cannes la fotograf\u00eda de Sebastiao Salgado"},"content":{"rendered":"<p><img fetchpriority=\"high\" decoding=\"async\" class=\"alignleft size-medium wp-image-13416\" alt=\"6280925w\" src=\"https:\/\/eldigitaldeasturias.com\/magazine365\/wp-content\/uploads\/2014\/05\/6280925w-360x249.jpg\" width=\"360\" height=\"249\" srcset=\"https:\/\/eldigitaldeasturias.com\/magazine365\/wp-content\/uploads\/2014\/05\/6280925w-360x249.jpg 360w, https:\/\/eldigitaldeasturias.com\/magazine365\/wp-content\/uploads\/2014\/05\/6280925w-650x450.jpg 650w, https:\/\/eldigitaldeasturias.com\/magazine365\/wp-content\/uploads\/2014\/05\/6280925w-768x532.jpg 768w, https:\/\/eldigitaldeasturias.com\/magazine365\/wp-content\/uploads\/2014\/05\/6280925w-150x104.jpg 150w, https:\/\/eldigitaldeasturias.com\/magazine365\/wp-content\/uploads\/2014\/05\/6280925w-450x312.jpg 450w, https:\/\/eldigitaldeasturias.com\/magazine365\/wp-content\/uploads\/2014\/05\/6280925w-100x70.jpg 100w, https:\/\/eldigitaldeasturias.com\/magazine365\/wp-content\/uploads\/2014\/05\/6280925w-218x150.jpg 218w, https:\/\/eldigitaldeasturias.com\/magazine365\/wp-content\/uploads\/2014\/05\/6280925w-696x482.jpg 696w, https:\/\/eldigitaldeasturias.com\/magazine365\/wp-content\/uploads\/2014\/05\/6280925w-606x420.jpg 606w, https:\/\/eldigitaldeasturias.com\/magazine365\/wp-content\/uploads\/2014\/05\/6280925w.jpg 800w\" sizes=\"(max-width: 360px) 100vw, 360px\" \/>Cannes (Francia), 20 may (EFE).- El alem\u00e1n Wim Wenders proyect\u00f3 hoy en la secci\u00f3n oficial alternativa del Festival de Cannes, Una Cierta Mirada, un retrato documental sobre el trabajo del fot\u00f3grafo brasile\u00f1o Sebastiao Salgado, codirigido tambi\u00e9n por su hijo, Juliano Ribeiro Salgado.<\/p>\n<p>\u00abThe Salt of the Earth\u00bb -firmado por un director que hace dos d\u00e9cadas gan\u00f3 la Palma de Oro con \u00abParis, Texas\u00bb- es un viaje al pasado y al presente de nuestro planeta de la mano de una de las miradas que mejor lo han capturado, la de Salgado (Aymor\u00e9s, Minas Gerais, 1944), el economista brasile\u00f1o que cambi\u00f3 la oferta y la demanda por una c\u00e1mara de fotos.<\/p>\n<p>Su formaci\u00f3n acad\u00e9mica le hab\u00eda ofrecido s\u00f3lidos conocimientos en mercados globales, comercio e industria, por eso Salgado \u00absab\u00eda lo que mov\u00eda el mundo\u00bb cuando en 1973 cambi\u00f3 un acomodado puesto en el gremio cafetero en Londres para dedicarse a la fotograf\u00eda.<\/p>\n<p>Regres\u00f3 entonces a Par\u00eds con su esposa L\u00e9lia e iniciar una carrera celebrada desde hace d\u00e9cadas.<\/p>\n<p>El documental, de 1 hora y 49 minutos, es una pel\u00edcula \u00abmodesta\u00bb dedicada a las \u00abgrandes im\u00e1genes\u00bb del trabajo de \u00abun gran fot\u00f3grafo\u00bb, dijo al presentar la cinta Wenders (Dusseldorf, 1945).<\/p>\n<p>Arranca mostrando im\u00e1genes de los buscadores de oro de Brasil y luego se detiene en la fotograf\u00eda de una mujer tuareg ciega que conmocion\u00f3 a Wenders, que a\u00fan la tiene colgada en su despacho.<\/p>\n<p>A partir de ah\u00ed, la cinta avanza por la biograf\u00eda del fot\u00f3grafo de la prestigiosa Agencia Magnum, un maestro del blanco y negro que ha capturado con humanismo la realidad que atraviesa sus ojos en el Amazonas, Siberia, el Shahel, Etiop\u00eda, Nigeria&#8230; donde ha encontrado hambre, destajo y pobreza.<\/p>\n<p>Pero tambi\u00e9n vida, miradas, familias y sue\u00f1os de todos los colores y culturas y una naturaleza amplia y poderosa que qued\u00f3 parcialmente archivada en su reciente libro y la exposici\u00f3n itinerante \u00abG\u00e9nesis\u00bb, el tributo de Salgado a la tierra virgen.<\/p>\n<p>El documental de Wenders compite en una secci\u00f3n destinada a se\u00f1alar un cine at\u00edpico y que este a\u00f1o tambi\u00e9n proyecta la cinta \u00abJauja\u00bb, del argentino Lisandro Alonso; \u00abPary Girl\u00bb, de Marie Amachoukeli, Claire Burger y Samuel Theis; \u00abHermosa juventud\u00bb, del espa\u00f1ol Jaime Rosales o \u00abThe Disappearance of Eleanor Rigby\u00bb, firmad por Ned Benson y protagonizada por Jessica Chastain.<\/p>\n","protected":false},"excerpt":{"rendered":"<p>Cannes (Francia), 20 may (EFE).- El alem\u00e1n Wim Wenders proyect\u00f3 hoy en la secci\u00f3n oficial alternativa del Festival de Cannes, Una Cierta Mirada, un retrato documental sobre el trabajo del fot\u00f3grafo brasile\u00f1o Sebastiao Salgado, codirigido tambi\u00e9n por su hijo, Juliano Ribeiro Salgado. \u00abThe Salt of the Earth\u00bb -firmado por un director que hace dos d\u00e9cadas<\/p>\n","protected":false},"author":1,"featured_media":13416,"comment_status":"open","ping_status":"closed","sticky":false,"template":"","format":"standard","meta":{"footnotes":""},"categories":[224],"tags":[],"class_list":{"0":"post-13415","1":"post","2":"type-post","3":"status-publish","4":"format-standard","5":"has-post-thumbnail","7":"category-noticias-actualidad"},"aioseo_notices":[],"aioseo_head":"\n\t\t<!-- All in One SEO Pro 4.9.6.1 - aioseo.com -->\n\t<meta name=\"description\" content=\"Cannes (Francia), 20 may (EFE).- El alem\u00e1n Wim Wenders proyect\u00f3 hoy en la secci\u00f3n oficial alternativa del Festival de Cannes, Una Cierta Mirada, un retrato documental sobre el trabajo del fot\u00f3grafo brasile\u00f1o Sebastiao Salgado, codirigido tambi\u00e9n por su hijo, Juliano Ribeiro Salgado. &quot;The Salt of the Earth&quot; -firmado por un director que hace dos d\u00e9cadas\" \/>\n\t<meta name=\"robots\" content=\"max-image-preview:large\" \/>\n\t<meta name=\"author\" content=\"admin\"\/>\n\t<meta name=\"google-site-verification\" content=\"UA-38556648-1\" \/>\n\t<meta name=\"keywords\" content=\"noticias y actualidad\" \/>\n\t<link rel=\"canonical\" href=\"https:\/\/eldigitaldeasturias.com\/magazine365\/win-wenders-lleva-al-cine-de-cannes-la-fotografia-de-sebastiao-salgado\/\" \/>\n\t<meta name=\"generator\" content=\"All in One SEO Pro (AIOSEO) 4.9.6.1\" \/>\n\t\t<meta property=\"og:locale\" content=\"es_ES\" \/>\n\t\t<meta property=\"og:site_name\" content=\"El Digital de Asturias \u2013 Revista de ocio, turismo y estilo de vida\" \/>\n\t\t<meta property=\"og:type\" content=\"article\" \/>\n\t\t<meta property=\"og:title\" content=\"Win Wenders lleva al cine de Cannes la fotograf\u00eda de Sebastiao Salgado | El Digital de Asturias\" \/>\n\t\t<meta property=\"og:description\" content=\"Cannes (Francia), 20 may (EFE).- El alem\u00e1n Wim Wenders proyect\u00f3 hoy en la secci\u00f3n oficial alternativa del Festival de Cannes, Una Cierta Mirada, un retrato documental sobre el trabajo del fot\u00f3grafo brasile\u00f1o Sebastiao Salgado, codirigido tambi\u00e9n por su hijo, Juliano Ribeiro Salgado. &quot;The Salt of the Earth&quot; -firmado por un director que hace dos d\u00e9cadas\" \/>\n\t\t<meta property=\"og:url\" content=\"https:\/\/eldigitaldeasturias.com\/magazine365\/win-wenders-lleva-al-cine-de-cannes-la-fotografia-de-sebastiao-salgado\/\" \/>\n\t\t<meta property=\"og:image\" content=\"https:\/\/eldigitaldeasturias.com\/magazine365\/wp-content\/uploads\/2014\/05\/6280925w.jpg\" \/>\n\t\t<meta property=\"og:image:secure_url\" content=\"https:\/\/eldigitaldeasturias.com\/magazine365\/wp-content\/uploads\/2014\/05\/6280925w.jpg\" \/>\n\t\t<meta property=\"og:image:width\" content=\"800\" \/>\n\t\t<meta property=\"og:image:height\" content=\"554\" \/>\n\t\t<meta property=\"article:published_time\" content=\"2014-05-21T02:27:43+00:00\" \/>\n\t\t<meta property=\"article:modified_time\" content=\"2014-05-21T02:27:43+00:00\" \/>\n\t\t<meta name=\"twitter:card\" content=\"summary_large_image\" \/>\n\t\t<meta name=\"twitter:title\" content=\"Win Wenders lleva al cine de Cannes la fotograf\u00eda de Sebastiao Salgado | El Digital de Asturias\" \/>\n\t\t<meta name=\"twitter:description\" content=\"Cannes (Francia), 20 may (EFE).- El alem\u00e1n Wim Wenders proyect\u00f3 hoy en la secci\u00f3n oficial alternativa del Festival de Cannes, Una Cierta Mirada, un retrato documental sobre el trabajo del fot\u00f3grafo brasile\u00f1o Sebastiao Salgado, codirigido tambi\u00e9n por su hijo, Juliano Ribeiro Salgado. &quot;The Salt of the Earth&quot; -firmado por un director que hace dos d\u00e9cadas\" \/>\n\t\t<meta name=\"twitter:image\" content=\"https:\/\/eldigitaldeasturias.com\/magazine365\/wp-content\/uploads\/2014\/05\/6280925w.jpg\" \/>\n\t\t<script type=\"application\/ld+json\" class=\"aioseo-schema\">\n\t\t\t{\"@context\":\"https:\\\/\\\/schema.org\",\"@graph\":[{\"@type\":\"Article\",\"@id\":\"https:\\\/\\\/eldigitaldeasturias.com\\\/magazine365\\\/win-wenders-lleva-al-cine-de-cannes-la-fotografia-de-sebastiao-salgado\\\/#article\",\"name\":\"Win Wenders lleva al cine de Cannes la fotograf\\u00eda de Sebastiao Salgado | El Digital de Asturias\",\"headline\":\"Win Wenders lleva al cine de Cannes la fotograf\\u00eda de Sebastiao Salgado\",\"author\":{\"@id\":\"https:\\\/\\\/eldigitaldeasturias.com\\\/magazine365\\\/author\\\/admin\\\/#author\"},\"publisher\":{\"@id\":\"https:\\\/\\\/eldigitaldeasturias.com\\\/magazine365\\\/#organization\"},\"image\":{\"@type\":\"ImageObject\",\"url\":\"https:\\\/\\\/eldigitaldeasturias.com\\\/magazine365\\\/wp-content\\\/uploads\\\/2014\\\/05\\\/6280925w.jpg\",\"width\":800,\"height\":554},\"datePublished\":\"2014-05-21T00:27:43+02:00\",\"dateModified\":\"2014-05-21T00:27:43+02:00\",\"inLanguage\":\"es-ES\",\"mainEntityOfPage\":{\"@id\":\"https:\\\/\\\/eldigitaldeasturias.com\\\/magazine365\\\/win-wenders-lleva-al-cine-de-cannes-la-fotografia-de-sebastiao-salgado\\\/#webpage\"},\"isPartOf\":{\"@id\":\"https:\\\/\\\/eldigitaldeasturias.com\\\/magazine365\\\/win-wenders-lleva-al-cine-de-cannes-la-fotografia-de-sebastiao-salgado\\\/#webpage\"},\"articleSection\":\"Noticias y Actualidad\"},{\"@type\":\"BreadcrumbList\",\"@id\":\"https:\\\/\\\/eldigitaldeasturias.com\\\/magazine365\\\/win-wenders-lleva-al-cine-de-cannes-la-fotografia-de-sebastiao-salgado\\\/#breadcrumblist\",\"itemListElement\":[{\"@type\":\"ListItem\",\"@id\":\"https:\\\/\\\/eldigitaldeasturias.com\\\/magazine365#listItem\",\"position\":1,\"name\":\"Home\",\"item\":\"https:\\\/\\\/eldigitaldeasturias.com\\\/magazine365\",\"nextItem\":{\"@type\":\"ListItem\",\"@id\":\"https:\\\/\\\/eldigitaldeasturias.com\\\/magazine365\\\/category\\\/noticias-actualidad\\\/#listItem\",\"name\":\"Noticias y Actualidad\"}},{\"@type\":\"ListItem\",\"@id\":\"https:\\\/\\\/eldigitaldeasturias.com\\\/magazine365\\\/category\\\/noticias-actualidad\\\/#listItem\",\"position\":2,\"name\":\"Noticias y Actualidad\",\"item\":\"https:\\\/\\\/eldigitaldeasturias.com\\\/magazine365\\\/category\\\/noticias-actualidad\\\/\",\"nextItem\":{\"@type\":\"ListItem\",\"@id\":\"https:\\\/\\\/eldigitaldeasturias.com\\\/magazine365\\\/win-wenders-lleva-al-cine-de-cannes-la-fotografia-de-sebastiao-salgado\\\/#listItem\",\"name\":\"Win Wenders lleva al cine de Cannes la fotograf\\u00eda de Sebastiao Salgado\"},\"previousItem\":{\"@type\":\"ListItem\",\"@id\":\"https:\\\/\\\/eldigitaldeasturias.com\\\/magazine365#listItem\",\"name\":\"Home\"}},{\"@type\":\"ListItem\",\"@id\":\"https:\\\/\\\/eldigitaldeasturias.com\\\/magazine365\\\/win-wenders-lleva-al-cine-de-cannes-la-fotografia-de-sebastiao-salgado\\\/#listItem\",\"position\":3,\"name\":\"Win Wenders lleva al cine de Cannes la fotograf\\u00eda de Sebastiao Salgado\",\"previousItem\":{\"@type\":\"ListItem\",\"@id\":\"https:\\\/\\\/eldigitaldeasturias.com\\\/magazine365\\\/category\\\/noticias-actualidad\\\/#listItem\",\"name\":\"Noticias y Actualidad\"}}]},{\"@type\":\"Organization\",\"@id\":\"https:\\\/\\\/eldigitaldeasturias.com\\\/magazine365\\\/#organization\",\"name\":\"El digital de Asturias\",\"description\":\"Revista de ocio, turismo y estilo de vida\",\"url\":\"https:\\\/\\\/eldigitaldeasturias.com\\\/magazine365\\\/\",\"logo\":{\"@type\":\"ImageObject\",\"url\":\"https:\\\/\\\/www.eldigitaldeasturias.com\\\/noticias\\\/wp-content\\\/uploads\\\/2020\\\/12\\\/EDA.jpg\",\"@id\":\"https:\\\/\\\/eldigitaldeasturias.com\\\/magazine365\\\/win-wenders-lleva-al-cine-de-cannes-la-fotografia-de-sebastiao-salgado\\\/#organizationLogo\"},\"image\":{\"@id\":\"https:\\\/\\\/eldigitaldeasturias.com\\\/magazine365\\\/win-wenders-lleva-al-cine-de-cannes-la-fotografia-de-sebastiao-salgado\\\/#organizationLogo\"}},{\"@type\":\"Person\",\"@id\":\"https:\\\/\\\/eldigitaldeasturias.com\\\/magazine365\\\/author\\\/admin\\\/#author\",\"url\":\"https:\\\/\\\/eldigitaldeasturias.com\\\/magazine365\\\/author\\\/admin\\\/\",\"name\":\"admin\",\"image\":{\"@type\":\"ImageObject\",\"@id\":\"https:\\\/\\\/eldigitaldeasturias.com\\\/magazine365\\\/win-wenders-lleva-al-cine-de-cannes-la-fotografia-de-sebastiao-salgado\\\/#authorImage\",\"url\":\"https:\\\/\\\/eldigitaldeasturias.com\\\/magazine365\\\/wp-content\\\/litespeed\\\/avatar\\\/e571bcf59a0edd6fa6838245a470f2fe.jpg?ver=1776969259\",\"width\":96,\"height\":96,\"caption\":\"admin\"}},{\"@type\":\"WebPage\",\"@id\":\"https:\\\/\\\/eldigitaldeasturias.com\\\/magazine365\\\/win-wenders-lleva-al-cine-de-cannes-la-fotografia-de-sebastiao-salgado\\\/#webpage\",\"url\":\"https:\\\/\\\/eldigitaldeasturias.com\\\/magazine365\\\/win-wenders-lleva-al-cine-de-cannes-la-fotografia-de-sebastiao-salgado\\\/\",\"name\":\"Win Wenders lleva al cine de Cannes la fotograf\\u00eda de Sebastiao Salgado | El Digital de Asturias\",\"description\":\"Cannes (Francia), 20 may (EFE).- El alem\\u00e1n Wim Wenders proyect\\u00f3 hoy en la secci\\u00f3n oficial alternativa del Festival de Cannes, Una Cierta Mirada, un retrato documental sobre el trabajo del fot\\u00f3grafo brasile\\u00f1o Sebastiao Salgado, codirigido tambi\\u00e9n por su hijo, Juliano Ribeiro Salgado. \\\"The Salt of the Earth\\\" -firmado por un director que hace dos d\\u00e9cadas\",\"inLanguage\":\"es-ES\",\"isPartOf\":{\"@id\":\"https:\\\/\\\/eldigitaldeasturias.com\\\/magazine365\\\/#website\"},\"breadcrumb\":{\"@id\":\"https:\\\/\\\/eldigitaldeasturias.com\\\/magazine365\\\/win-wenders-lleva-al-cine-de-cannes-la-fotografia-de-sebastiao-salgado\\\/#breadcrumblist\"},\"author\":{\"@id\":\"https:\\\/\\\/eldigitaldeasturias.com\\\/magazine365\\\/author\\\/admin\\\/#author\"},\"creator\":{\"@id\":\"https:\\\/\\\/eldigitaldeasturias.com\\\/magazine365\\\/author\\\/admin\\\/#author\"},\"image\":{\"@type\":\"ImageObject\",\"url\":\"https:\\\/\\\/eldigitaldeasturias.com\\\/magazine365\\\/wp-content\\\/uploads\\\/2014\\\/05\\\/6280925w.jpg\",\"@id\":\"https:\\\/\\\/eldigitaldeasturias.com\\\/magazine365\\\/win-wenders-lleva-al-cine-de-cannes-la-fotografia-de-sebastiao-salgado\\\/#mainImage\",\"width\":800,\"height\":554},\"primaryImageOfPage\":{\"@id\":\"https:\\\/\\\/eldigitaldeasturias.com\\\/magazine365\\\/win-wenders-lleva-al-cine-de-cannes-la-fotografia-de-sebastiao-salgado\\\/#mainImage\"},\"datePublished\":\"2014-05-21T00:27:43+02:00\",\"dateModified\":\"2014-05-21T00:27:43+02:00\"},{\"@type\":\"WebSite\",\"@id\":\"https:\\\/\\\/eldigitaldeasturias.com\\\/magazine365\\\/#website\",\"url\":\"https:\\\/\\\/eldigitaldeasturias.com\\\/magazine365\\\/\",\"name\":\"El Digital de Asturias\",\"description\":\"Revista de ocio, turismo y estilo de vida\",\"inLanguage\":\"es-ES\",\"publisher\":{\"@id\":\"https:\\\/\\\/eldigitaldeasturias.com\\\/magazine365\\\/#organization\"}}]}\n\t\t<\/script>\n\t\t<!-- All in One SEO Pro -->\r\n\t\t<title>Win Wenders lleva al cine de Cannes la fotograf\u00eda de Sebastiao Salgado | El Digital de Asturias<\/title>\n\n","aioseo_head_json":{"title":"Win Wenders lleva al cine de Cannes la fotograf\u00eda de Sebastiao Salgado | El Digital de Asturias","description":"Cannes (Francia), 20 may (EFE).- El alem\u00e1n Wim Wenders proyect\u00f3 hoy en la secci\u00f3n oficial alternativa del Festival de Cannes, Una Cierta Mirada, un retrato documental sobre el trabajo del fot\u00f3grafo brasile\u00f1o Sebastiao Salgado, codirigido tambi\u00e9n por su hijo, Juliano Ribeiro Salgado. \"The Salt of the Earth\" -firmado por un director que hace dos d\u00e9cadas","canonical_url":"https:\/\/eldigitaldeasturias.com\/magazine365\/win-wenders-lleva-al-cine-de-cannes-la-fotografia-de-sebastiao-salgado\/","robots":"max-image-preview:large","keywords":"noticias y actualidad","webmasterTools":{"google-site-verification":"UA-38556648-1","miscellaneous":""},"schema":{"@context":"https:\/\/schema.org","@graph":[{"@type":"Article","@id":"https:\/\/eldigitaldeasturias.com\/magazine365\/win-wenders-lleva-al-cine-de-cannes-la-fotografia-de-sebastiao-salgado\/#article","name":"Win Wenders lleva al cine de Cannes la fotograf\u00eda de Sebastiao Salgado | El Digital de Asturias","headline":"Win Wenders lleva al cine de Cannes la fotograf\u00eda de Sebastiao Salgado","author":{"@id":"https:\/\/eldigitaldeasturias.com\/magazine365\/author\/admin\/#author"},"publisher":{"@id":"https:\/\/eldigitaldeasturias.com\/magazine365\/#organization"},"image":{"@type":"ImageObject","url":"https:\/\/eldigitaldeasturias.com\/magazine365\/wp-content\/uploads\/2014\/05\/6280925w.jpg","width":800,"height":554},"datePublished":"2014-05-21T00:27:43+02:00","dateModified":"2014-05-21T00:27:43+02:00","inLanguage":"es-ES","mainEntityOfPage":{"@id":"https:\/\/eldigitaldeasturias.com\/magazine365\/win-wenders-lleva-al-cine-de-cannes-la-fotografia-de-sebastiao-salgado\/#webpage"},"isPartOf":{"@id":"https:\/\/eldigitaldeasturias.com\/magazine365\/win-wenders-lleva-al-cine-de-cannes-la-fotografia-de-sebastiao-salgado\/#webpage"},"articleSection":"Noticias y Actualidad"},{"@type":"BreadcrumbList","@id":"https:\/\/eldigitaldeasturias.com\/magazine365\/win-wenders-lleva-al-cine-de-cannes-la-fotografia-de-sebastiao-salgado\/#breadcrumblist","itemListElement":[{"@type":"ListItem","@id":"https:\/\/eldigitaldeasturias.com\/magazine365#listItem","position":1,"name":"Home","item":"https:\/\/eldigitaldeasturias.com\/magazine365","nextItem":{"@type":"ListItem","@id":"https:\/\/eldigitaldeasturias.com\/magazine365\/category\/noticias-actualidad\/#listItem","name":"Noticias y Actualidad"}},{"@type":"ListItem","@id":"https:\/\/eldigitaldeasturias.com\/magazine365\/category\/noticias-actualidad\/#listItem","position":2,"name":"Noticias y Actualidad","item":"https:\/\/eldigitaldeasturias.com\/magazine365\/category\/noticias-actualidad\/","nextItem":{"@type":"ListItem","@id":"https:\/\/eldigitaldeasturias.com\/magazine365\/win-wenders-lleva-al-cine-de-cannes-la-fotografia-de-sebastiao-salgado\/#listItem","name":"Win Wenders lleva al cine de Cannes la fotograf\u00eda de Sebastiao Salgado"},"previousItem":{"@type":"ListItem","@id":"https:\/\/eldigitaldeasturias.com\/magazine365#listItem","name":"Home"}},{"@type":"ListItem","@id":"https:\/\/eldigitaldeasturias.com\/magazine365\/win-wenders-lleva-al-cine-de-cannes-la-fotografia-de-sebastiao-salgado\/#listItem","position":3,"name":"Win Wenders lleva al cine de Cannes la fotograf\u00eda de Sebastiao Salgado","previousItem":{"@type":"ListItem","@id":"https:\/\/eldigitaldeasturias.com\/magazine365\/category\/noticias-actualidad\/#listItem","name":"Noticias y Actualidad"}}]},{"@type":"Organization","@id":"https:\/\/eldigitaldeasturias.com\/magazine365\/#organization","name":"El digital de Asturias","description":"Revista de ocio, turismo y estilo de vida","url":"https:\/\/eldigitaldeasturias.com\/magazine365\/","logo":{"@type":"ImageObject","url":"https:\/\/www.eldigitaldeasturias.com\/noticias\/wp-content\/uploads\/2020\/12\/EDA.jpg","@id":"https:\/\/eldigitaldeasturias.com\/magazine365\/win-wenders-lleva-al-cine-de-cannes-la-fotografia-de-sebastiao-salgado\/#organizationLogo"},"image":{"@id":"https:\/\/eldigitaldeasturias.com\/magazine365\/win-wenders-lleva-al-cine-de-cannes-la-fotografia-de-sebastiao-salgado\/#organizationLogo"}},{"@type":"Person","@id":"https:\/\/eldigitaldeasturias.com\/magazine365\/author\/admin\/#author","url":"https:\/\/eldigitaldeasturias.com\/magazine365\/author\/admin\/","name":"admin","image":{"@type":"ImageObject","@id":"https:\/\/eldigitaldeasturias.com\/magazine365\/win-wenders-lleva-al-cine-de-cannes-la-fotografia-de-sebastiao-salgado\/#authorImage","url":"https:\/\/eldigitaldeasturias.com\/magazine365\/wp-content\/litespeed\/avatar\/e571bcf59a0edd6fa6838245a470f2fe.jpg?ver=1776969259","width":96,"height":96,"caption":"admin"}},{"@type":"WebPage","@id":"https:\/\/eldigitaldeasturias.com\/magazine365\/win-wenders-lleva-al-cine-de-cannes-la-fotografia-de-sebastiao-salgado\/#webpage","url":"https:\/\/eldigitaldeasturias.com\/magazine365\/win-wenders-lleva-al-cine-de-cannes-la-fotografia-de-sebastiao-salgado\/","name":"Win Wenders lleva al cine de Cannes la fotograf\u00eda de Sebastiao Salgado | El Digital de Asturias","description":"Cannes (Francia), 20 may (EFE).- El alem\u00e1n Wim Wenders proyect\u00f3 hoy en la secci\u00f3n oficial alternativa del Festival de Cannes, Una Cierta Mirada, un retrato documental sobre el trabajo del fot\u00f3grafo brasile\u00f1o Sebastiao Salgado, codirigido tambi\u00e9n por su hijo, Juliano Ribeiro Salgado. \"The Salt of the Earth\" -firmado por un director que hace dos d\u00e9cadas","inLanguage":"es-ES","isPartOf":{"@id":"https:\/\/eldigitaldeasturias.com\/magazine365\/#website"},"breadcrumb":{"@id":"https:\/\/eldigitaldeasturias.com\/magazine365\/win-wenders-lleva-al-cine-de-cannes-la-fotografia-de-sebastiao-salgado\/#breadcrumblist"},"author":{"@id":"https:\/\/eldigitaldeasturias.com\/magazine365\/author\/admin\/#author"},"creator":{"@id":"https:\/\/eldigitaldeasturias.com\/magazine365\/author\/admin\/#author"},"image":{"@type":"ImageObject","url":"https:\/\/eldigitaldeasturias.com\/magazine365\/wp-content\/uploads\/2014\/05\/6280925w.jpg","@id":"https:\/\/eldigitaldeasturias.com\/magazine365\/win-wenders-lleva-al-cine-de-cannes-la-fotografia-de-sebastiao-salgado\/#mainImage","width":800,"height":554},"primaryImageOfPage":{"@id":"https:\/\/eldigitaldeasturias.com\/magazine365\/win-wenders-lleva-al-cine-de-cannes-la-fotografia-de-sebastiao-salgado\/#mainImage"},"datePublished":"2014-05-21T00:27:43+02:00","dateModified":"2014-05-21T00:27:43+02:00"},{"@type":"WebSite","@id":"https:\/\/eldigitaldeasturias.com\/magazine365\/#website","url":"https:\/\/eldigitaldeasturias.com\/magazine365\/","name":"El Digital de Asturias","description":"Revista de ocio, turismo y estilo de vida","inLanguage":"es-ES","publisher":{"@id":"https:\/\/eldigitaldeasturias.com\/magazine365\/#organization"}}]},"og:locale":"es_ES","og:site_name":"El Digital de Asturias \u2013 Revista de ocio, turismo y estilo de vida","og:type":"article","og:title":"Win Wenders lleva al cine de Cannes la fotograf\u00eda de Sebastiao Salgado | El Digital de Asturias","og:description":"Cannes (Francia), 20 may (EFE).- El alem\u00e1n Wim Wenders proyect\u00f3 hoy en la secci\u00f3n oficial alternativa del Festival de Cannes, Una Cierta Mirada, un retrato documental sobre el trabajo del fot\u00f3grafo brasile\u00f1o Sebastiao Salgado, codirigido tambi\u00e9n por su hijo, Juliano Ribeiro Salgado. &quot;The Salt of the Earth&quot; -firmado por un director que hace dos d\u00e9cadas","og:url":"https:\/\/eldigitaldeasturias.com\/magazine365\/win-wenders-lleva-al-cine-de-cannes-la-fotografia-de-sebastiao-salgado\/","og:image":"https:\/\/eldigitaldeasturias.com\/magazine365\/wp-content\/uploads\/2014\/05\/6280925w.jpg","og:image:secure_url":"https:\/\/eldigitaldeasturias.com\/magazine365\/wp-content\/uploads\/2014\/05\/6280925w.jpg","og:image:width":800,"og:image:height":554,"article:published_time":"2014-05-21T02:27:43+00:00","article:modified_time":"2014-05-21T02:27:43+00:00","twitter:card":"summary_large_image","twitter:title":"Win Wenders lleva al cine de Cannes la fotograf\u00eda de Sebastiao Salgado | El Digital de Asturias","twitter:description":"Cannes (Francia), 20 may (EFE).- El alem\u00e1n Wim Wenders proyect\u00f3 hoy en la secci\u00f3n oficial alternativa del Festival de Cannes, Una Cierta Mirada, un retrato documental sobre el trabajo del fot\u00f3grafo brasile\u00f1o Sebastiao Salgado, codirigido tambi\u00e9n por su hijo, Juliano Ribeiro Salgado. &quot;The Salt of the Earth&quot; -firmado por un director que hace dos d\u00e9cadas","twitter:image":"https:\/\/eldigitaldeasturias.com\/magazine365\/wp-content\/uploads\/2014\/05\/6280925w.jpg"},"aioseo_meta_data":{"post_id":"13415","title":null,"description":null,"keywords":null,"keyphrases":null,"primary_term":null,"canonical_url":null,"og_title":null,"og_description":null,"og_object_type":"default","og_image_type":"default","og_image_url":null,"og_image_width":null,"og_image_height":null,"og_image_custom_url":null,"og_image_custom_fields":null,"og_video":null,"og_custom_url":null,"og_article_section":null,"og_article_tags":null,"twitter_use_og":false,"twitter_card":"default","twitter_image_type":"default","twitter_image_url":null,"twitter_image_custom_url":null,"twitter_image_custom_fields":null,"twitter_title":null,"twitter_description":null,"schema":{"blockGraphs":[],"customGraphs":[],"default":{"data":{"Article":[],"Course":[],"Dataset":[],"FAQPage":[],"Movie":[],"Person":[],"Product":[],"ProductReview":[],"Car":[],"Recipe":[],"Service":[],"SoftwareApplication":[],"WebPage":[]},"graphName":"","isEnabled":true},"graphs":[],"defaultGraph":"","defaultPostTypeGraph":""},"schema_type":null,"schema_type_options":null,"pillar_content":false,"robots_default":true,"robots_noindex":false,"robots_noarchive":false,"robots_nosnippet":false,"robots_nofollow":false,"robots_noimageindex":false,"robots_noodp":false,"robots_notranslate":false,"robots_max_snippet":null,"robots_max_videopreview":null,"robots_max_imagepreview":"large","priority":null,"frequency":null,"location":null,"local_seo":null,"seo_analyzer_scan_date":"2025-09-17 08:14:00","breadcrumb_settings":null,"limit_modified_date":false,"open_ai":null,"ai":null,"created":"2021-03-09 08:28:54","updated":"2025-09-17 08:14:00"},"aioseo_breadcrumb":"<div class=\"aioseo-breadcrumbs\"><span class=\"aioseo-breadcrumb\">\n\t<a href=\"https:\/\/eldigitaldeasturias.com\/magazine365\" title=\"Home\">Home<\/a>\n<\/span><span class=\"aioseo-breadcrumb-separator\">\u2013<\/span><span class=\"aioseo-breadcrumb\">\n\t<a href=\"https:\/\/eldigitaldeasturias.com\/magazine365\/category\/noticias-actualidad\/\" title=\"Noticias y Actualidad\">Noticias y Actualidad<\/a>\n<\/span><span class=\"aioseo-breadcrumb-separator\">\u2013<\/span><span class=\"aioseo-breadcrumb\">\n\t<a href=\"https:\/\/eldigitaldeasturias.com\/magazine365\/win-wenders-lleva-al-cine-de-cannes-la-fotografia-de-sebastiao-salgado\/\" title=\"Win Wenders lleva al cine de Cannes la fotograf\u00eda de Sebastiao Salgado\">Win Wenders lleva al cine de Cannes la fotograf\u00eda de Sebastiao Salgado<\/a>\n<\/span><\/div>","aioseo_breadcrumb_json":[{"label":"Home","link":"https:\/\/eldigitaldeasturias.com\/magazine365"},{"label":"Noticias y Actualidad","link":"https:\/\/eldigitaldeasturias.com\/magazine365\/category\/noticias-actualidad\/"},{"label":"Win Wenders lleva al cine de Cannes la fotograf\u00eda de Sebastiao Salgado","link":"https:\/\/eldigitaldeasturias.com\/magazine365\/win-wenders-lleva-al-cine-de-cannes-la-fotografia-de-sebastiao-salgado\/"}],"_links":{"self":[{"href":"https:\/\/eldigitaldeasturias.com\/magazine365\/wp-json\/wp\/v2\/posts\/13415","targetHints":{"allow":["GET"]}}],"collection":[{"href":"https:\/\/eldigitaldeasturias.com\/magazine365\/wp-json\/wp\/v2\/posts"}],"about":[{"href":"https:\/\/eldigitaldeasturias.com\/magazine365\/wp-json\/wp\/v2\/types\/post"}],"author":[{"embeddable":true,"href":"https:\/\/eldigitaldeasturias.com\/magazine365\/wp-json\/wp\/v2\/users\/1"}],"replies":[{"embeddable":true,"href":"https:\/\/eldigitaldeasturias.com\/magazine365\/wp-json\/wp\/v2\/comments?post=13415"}],"version-history":[{"count":0,"href":"https:\/\/eldigitaldeasturias.com\/magazine365\/wp-json\/wp\/v2\/posts\/13415\/revisions"}],"wp:featuredmedia":[{"embeddable":true,"href":"https:\/\/eldigitaldeasturias.com\/magazine365\/wp-json\/wp\/v2\/media\/13416"}],"wp:attachment":[{"href":"https:\/\/eldigitaldeasturias.com\/magazine365\/wp-json\/wp\/v2\/media?parent=13415"}],"wp:term":[{"taxonomy":"category","embeddable":true,"href":"https:\/\/eldigitaldeasturias.com\/magazine365\/wp-json\/wp\/v2\/categories?post=13415"},{"taxonomy":"post_tag","embeddable":true,"href":"https:\/\/eldigitaldeasturias.com\/magazine365\/wp-json\/wp\/v2\/tags?post=13415"}],"curies":[{"name":"wp","href":"https:\/\/api.w.org\/{rel}","templated":true}]}}