{"id":13408,"date":"2014-05-21T00:01:02","date_gmt":"2014-05-21T02:01:02","guid":{"rendered":"http:\/\/eldigitaldeasturias.com\/magazine365\/?p=13408"},"modified":"2014-05-21T00:01:02","modified_gmt":"2014-05-21T02:01:02","slug":"anastacia-actuara-en-concierto-en-madrid-a-favor-de-la-lucha-contra-el-cancer","status":"publish","type":"post","link":"https:\/\/eldigitaldeasturias.com\/magazine365\/anastacia-actuara-en-concierto-en-madrid-a-favor-de-la-lucha-contra-el-cancer\/","title":{"rendered":"Anastacia actuar\u00e1 en concierto en Madrid a favor de la lucha contra el c\u00e1ncer"},"content":{"rendered":"<p><img fetchpriority=\"high\" decoding=\"async\" class=\"alignleft size-medium wp-image-13409\" alt=\"6279781w\" src=\"https:\/\/eldigitaldeasturias.com\/magazine365\/wp-content\/uploads\/2014\/05\/6279781w-212x300.jpg\" width=\"212\" height=\"300\" srcset=\"https:\/\/eldigitaldeasturias.com\/magazine365\/wp-content\/uploads\/2014\/05\/6279781w-212x300.jpg 212w, https:\/\/eldigitaldeasturias.com\/magazine365\/wp-content\/uploads\/2014\/05\/6279781w-453x640.jpg 453w, https:\/\/eldigitaldeasturias.com\/magazine365\/wp-content\/uploads\/2014\/05\/6279781w-150x212.jpg 150w, https:\/\/eldigitaldeasturias.com\/magazine365\/wp-content\/uploads\/2014\/05\/6279781w-450x636.jpg 450w, https:\/\/eldigitaldeasturias.com\/magazine365\/wp-content\/uploads\/2014\/05\/6279781w-696x983.jpg 696w, https:\/\/eldigitaldeasturias.com\/magazine365\/wp-content\/uploads\/2014\/05\/6279781w-297x420.jpg 297w, https:\/\/eldigitaldeasturias.com\/magazine365\/wp-content\/uploads\/2014\/05\/6279781w.jpg 700w\" sizes=\"(max-width: 212px) 100vw, 212px\" \/>Madrid, 20 may (EFE).- La cantante estadounidense Anastacia ha anunciado hoy que actuar\u00e1 en el concierto \u00abPor ellas\u00bb que celebrar\u00e1 Cadena 100 el 7 de noviembre en el Palacio de los Deportes de Madrid a beneficio de la Asociaci\u00f3n Espa\u00f1ola Contra el C\u00e1ncer (AECC).<\/p>\n<p>La noticia se ha dado a conocer en una rueda de prensa celebrada a su paso por la capital espa\u00f1ola para promocionar su nuevo disco, \u00abResurrection\u00bb, el sexto de su carrera, que publica tras someterse a una doble mastectom\u00eda y superar por segunda vez un c\u00e1ncer, enfermedad que ya padeci\u00f3 en 2003.<\/p>\n<p>\u00ab&#8216;Stupid Little Things&#8217;, el primer single, trata del hecho de no pensar demasiado en todo y hacer las cosas m\u00e1s grandes de lo que en realidad son\u00bb, ha explicado Anastacia, que tambi\u00e9n ha dicho que \u00absometerse a una mastectom\u00eda no es algo maravilloso, pero si tienes que hacerlo no es el fin del mundo\u00bb.<\/p>\n<p>Grabado en Los \u00c1ngeles, \u00abResurrection\u00bb cuenta con 10 temas en la versi\u00f3n est\u00e1ndar y 14 en la \u00abdeluxe\u00bb, centrados en \u00abel tipo de m\u00fasica que la hizo famosa\u00bb y que le ha permitido vender hasta la fecha m\u00e1s de 30 millones de discos, entre otros, de su debut \u00abNot That Kind\u00bb (2000) y de singles de \u00e9xito como \u00abI&#8217;m Outta Love\u00bb, que fue la canci\u00f3n m\u00e1s vendida de ese a\u00f1o.<\/p>\n<p>\u00abPara nosotros, contar con la presencia de una artista como Anastacia es un lujo, no solo por su dimensi\u00f3n internacional sino porque como mujer que ha superado un c\u00e1ncer de mama sabe en primera persona lo que significa la enfermedad y por lo que pasan m\u00e1s de 22.000 mujeres en Espa\u00f1a cada a\u00f1o\u00bb, ha destacado la presidenta de la AECC, Isabel Oriol.<\/p>\n","protected":false},"excerpt":{"rendered":"<p>Madrid, 20 may (EFE).- La cantante estadounidense Anastacia ha anunciado hoy que actuar\u00e1 en el concierto \u00abPor ellas\u00bb que celebrar\u00e1 Cadena 100 el 7 de noviembre en el Palacio de los Deportes de Madrid a beneficio de la Asociaci\u00f3n Espa\u00f1ola Contra el C\u00e1ncer (AECC). La noticia se ha dado a conocer en una rueda de<\/p>\n","protected":false},"author":1,"featured_media":13409,"comment_status":"open","ping_status":"closed","sticky":false,"template":"","format":"standard","meta":{"footnotes":""},"categories":[224],"tags":[],"class_list":{"0":"post-13408","1":"post","2":"type-post","3":"status-publish","4":"format-standard","5":"has-post-thumbnail","7":"category-noticias-actualidad"},"aioseo_notices":[],"aioseo_head":"\n\t\t<!-- All in One SEO Pro 4.9.6.1 - aioseo.com -->\n\t<meta name=\"description\" content=\"Madrid, 20 may (EFE).- La cantante estadounidense Anastacia ha anunciado hoy que actuar\u00e1 en el concierto &quot;Por ellas&quot; que celebrar\u00e1 Cadena 100 el 7 de noviembre en el Palacio de los Deportes de Madrid a beneficio de la Asociaci\u00f3n Espa\u00f1ola Contra el C\u00e1ncer (AECC). La noticia se ha dado a conocer en una rueda de\" \/>\n\t<meta name=\"robots\" content=\"max-image-preview:large\" \/>\n\t<meta name=\"author\" content=\"admin\"\/>\n\t<meta name=\"google-site-verification\" content=\"UA-38556648-1\" \/>\n\t<meta name=\"keywords\" content=\"noticias y actualidad\" \/>\n\t<link rel=\"canonical\" href=\"https:\/\/eldigitaldeasturias.com\/magazine365\/anastacia-actuara-en-concierto-en-madrid-a-favor-de-la-lucha-contra-el-cancer\/\" \/>\n\t<meta name=\"generator\" content=\"All in One SEO Pro (AIOSEO) 4.9.6.1\" \/>\n\t\t<meta property=\"og:locale\" content=\"es_ES\" \/>\n\t\t<meta property=\"og:site_name\" content=\"El Digital de Asturias \u2013 Revista de ocio, turismo y estilo de vida\" \/>\n\t\t<meta property=\"og:type\" content=\"article\" \/>\n\t\t<meta property=\"og:title\" content=\"Anastacia actuar\u00e1 en concierto en Madrid a favor de la lucha contra el c\u00e1ncer | El Digital de Asturias\" \/>\n\t\t<meta property=\"og:description\" content=\"Madrid, 20 may (EFE).- La cantante estadounidense Anastacia ha anunciado hoy que actuar\u00e1 en el concierto &quot;Por ellas&quot; que celebrar\u00e1 Cadena 100 el 7 de noviembre en el Palacio de los Deportes de Madrid a beneficio de la Asociaci\u00f3n Espa\u00f1ola Contra el C\u00e1ncer (AECC). La noticia se ha dado a conocer en una rueda de\" \/>\n\t\t<meta property=\"og:url\" content=\"https:\/\/eldigitaldeasturias.com\/magazine365\/anastacia-actuara-en-concierto-en-madrid-a-favor-de-la-lucha-contra-el-cancer\/\" \/>\n\t\t<meta property=\"og:image\" content=\"https:\/\/eldigitaldeasturias.com\/magazine365\/wp-content\/uploads\/2014\/05\/6279781w.jpg\" \/>\n\t\t<meta property=\"og:image:secure_url\" content=\"https:\/\/eldigitaldeasturias.com\/magazine365\/wp-content\/uploads\/2014\/05\/6279781w.jpg\" \/>\n\t\t<meta property=\"og:image:width\" content=\"700\" \/>\n\t\t<meta property=\"og:image:height\" content=\"989\" \/>\n\t\t<meta property=\"article:published_time\" content=\"2014-05-21T02:01:02+00:00\" \/>\n\t\t<meta property=\"article:modified_time\" content=\"2014-05-21T02:01:02+00:00\" \/>\n\t\t<meta name=\"twitter:card\" content=\"summary_large_image\" \/>\n\t\t<meta name=\"twitter:title\" content=\"Anastacia actuar\u00e1 en concierto en Madrid a favor de la lucha contra el c\u00e1ncer | El Digital de Asturias\" \/>\n\t\t<meta name=\"twitter:description\" content=\"Madrid, 20 may (EFE).- La cantante estadounidense Anastacia ha anunciado hoy que actuar\u00e1 en el concierto &quot;Por ellas&quot; que celebrar\u00e1 Cadena 100 el 7 de noviembre en el Palacio de los Deportes de Madrid a beneficio de la Asociaci\u00f3n Espa\u00f1ola Contra el C\u00e1ncer (AECC). La noticia se ha dado a conocer en una rueda de\" \/>\n\t\t<meta name=\"twitter:image\" content=\"https:\/\/eldigitaldeasturias.com\/magazine365\/wp-content\/uploads\/2014\/05\/6279781w.jpg\" \/>\n\t\t<script type=\"application\/ld+json\" class=\"aioseo-schema\">\n\t\t\t{\"@context\":\"https:\\\/\\\/schema.org\",\"@graph\":[{\"@type\":\"Article\",\"@id\":\"https:\\\/\\\/eldigitaldeasturias.com\\\/magazine365\\\/anastacia-actuara-en-concierto-en-madrid-a-favor-de-la-lucha-contra-el-cancer\\\/#article\",\"name\":\"Anastacia actuar\\u00e1 en concierto en Madrid a favor de la lucha contra el c\\u00e1ncer | El Digital de Asturias\",\"headline\":\"Anastacia actuar\\u00e1 en concierto en Madrid a favor de la lucha contra el c\\u00e1ncer\",\"author\":{\"@id\":\"https:\\\/\\\/eldigitaldeasturias.com\\\/magazine365\\\/author\\\/admin\\\/#author\"},\"publisher\":{\"@id\":\"https:\\\/\\\/eldigitaldeasturias.com\\\/magazine365\\\/#organization\"},\"image\":{\"@type\":\"ImageObject\",\"url\":\"https:\\\/\\\/eldigitaldeasturias.com\\\/magazine365\\\/wp-content\\\/uploads\\\/2014\\\/05\\\/6279781w.jpg\",\"width\":700,\"height\":989},\"datePublished\":\"2014-05-21T00:01:02+02:00\",\"dateModified\":\"2014-05-21T00:01:02+02:00\",\"inLanguage\":\"es-ES\",\"mainEntityOfPage\":{\"@id\":\"https:\\\/\\\/eldigitaldeasturias.com\\\/magazine365\\\/anastacia-actuara-en-concierto-en-madrid-a-favor-de-la-lucha-contra-el-cancer\\\/#webpage\"},\"isPartOf\":{\"@id\":\"https:\\\/\\\/eldigitaldeasturias.com\\\/magazine365\\\/anastacia-actuara-en-concierto-en-madrid-a-favor-de-la-lucha-contra-el-cancer\\\/#webpage\"},\"articleSection\":\"Noticias y Actualidad\"},{\"@type\":\"BreadcrumbList\",\"@id\":\"https:\\\/\\\/eldigitaldeasturias.com\\\/magazine365\\\/anastacia-actuara-en-concierto-en-madrid-a-favor-de-la-lucha-contra-el-cancer\\\/#breadcrumblist\",\"itemListElement\":[{\"@type\":\"ListItem\",\"@id\":\"https:\\\/\\\/eldigitaldeasturias.com\\\/magazine365#listItem\",\"position\":1,\"name\":\"Home\",\"item\":\"https:\\\/\\\/eldigitaldeasturias.com\\\/magazine365\",\"nextItem\":{\"@type\":\"ListItem\",\"@id\":\"https:\\\/\\\/eldigitaldeasturias.com\\\/magazine365\\\/category\\\/noticias-actualidad\\\/#listItem\",\"name\":\"Noticias y Actualidad\"}},{\"@type\":\"ListItem\",\"@id\":\"https:\\\/\\\/eldigitaldeasturias.com\\\/magazine365\\\/category\\\/noticias-actualidad\\\/#listItem\",\"position\":2,\"name\":\"Noticias y Actualidad\",\"item\":\"https:\\\/\\\/eldigitaldeasturias.com\\\/magazine365\\\/category\\\/noticias-actualidad\\\/\",\"nextItem\":{\"@type\":\"ListItem\",\"@id\":\"https:\\\/\\\/eldigitaldeasturias.com\\\/magazine365\\\/anastacia-actuara-en-concierto-en-madrid-a-favor-de-la-lucha-contra-el-cancer\\\/#listItem\",\"name\":\"Anastacia actuar\\u00e1 en concierto en Madrid a favor de la lucha contra el c\\u00e1ncer\"},\"previousItem\":{\"@type\":\"ListItem\",\"@id\":\"https:\\\/\\\/eldigitaldeasturias.com\\\/magazine365#listItem\",\"name\":\"Home\"}},{\"@type\":\"ListItem\",\"@id\":\"https:\\\/\\\/eldigitaldeasturias.com\\\/magazine365\\\/anastacia-actuara-en-concierto-en-madrid-a-favor-de-la-lucha-contra-el-cancer\\\/#listItem\",\"position\":3,\"name\":\"Anastacia actuar\\u00e1 en concierto en Madrid a favor de la lucha contra el c\\u00e1ncer\",\"previousItem\":{\"@type\":\"ListItem\",\"@id\":\"https:\\\/\\\/eldigitaldeasturias.com\\\/magazine365\\\/category\\\/noticias-actualidad\\\/#listItem\",\"name\":\"Noticias y Actualidad\"}}]},{\"@type\":\"Organization\",\"@id\":\"https:\\\/\\\/eldigitaldeasturias.com\\\/magazine365\\\/#organization\",\"name\":\"El digital de Asturias\",\"description\":\"Revista de ocio, turismo y estilo de vida\",\"url\":\"https:\\\/\\\/eldigitaldeasturias.com\\\/magazine365\\\/\",\"logo\":{\"@type\":\"ImageObject\",\"url\":\"https:\\\/\\\/www.eldigitaldeasturias.com\\\/noticias\\\/wp-content\\\/uploads\\\/2020\\\/12\\\/EDA.jpg\",\"@id\":\"https:\\\/\\\/eldigitaldeasturias.com\\\/magazine365\\\/anastacia-actuara-en-concierto-en-madrid-a-favor-de-la-lucha-contra-el-cancer\\\/#organizationLogo\"},\"image\":{\"@id\":\"https:\\\/\\\/eldigitaldeasturias.com\\\/magazine365\\\/anastacia-actuara-en-concierto-en-madrid-a-favor-de-la-lucha-contra-el-cancer\\\/#organizationLogo\"}},{\"@type\":\"Person\",\"@id\":\"https:\\\/\\\/eldigitaldeasturias.com\\\/magazine365\\\/author\\\/admin\\\/#author\",\"url\":\"https:\\\/\\\/eldigitaldeasturias.com\\\/magazine365\\\/author\\\/admin\\\/\",\"name\":\"admin\",\"image\":{\"@type\":\"ImageObject\",\"@id\":\"https:\\\/\\\/eldigitaldeasturias.com\\\/magazine365\\\/anastacia-actuara-en-concierto-en-madrid-a-favor-de-la-lucha-contra-el-cancer\\\/#authorImage\",\"url\":\"https:\\\/\\\/eldigitaldeasturias.com\\\/magazine365\\\/wp-content\\\/litespeed\\\/avatar\\\/e571bcf59a0edd6fa6838245a470f2fe.jpg?ver=1776969259\",\"width\":96,\"height\":96,\"caption\":\"admin\"}},{\"@type\":\"WebPage\",\"@id\":\"https:\\\/\\\/eldigitaldeasturias.com\\\/magazine365\\\/anastacia-actuara-en-concierto-en-madrid-a-favor-de-la-lucha-contra-el-cancer\\\/#webpage\",\"url\":\"https:\\\/\\\/eldigitaldeasturias.com\\\/magazine365\\\/anastacia-actuara-en-concierto-en-madrid-a-favor-de-la-lucha-contra-el-cancer\\\/\",\"name\":\"Anastacia actuar\\u00e1 en concierto en Madrid a favor de la lucha contra el c\\u00e1ncer | El Digital de Asturias\",\"description\":\"Madrid, 20 may (EFE).- La cantante estadounidense Anastacia ha anunciado hoy que actuar\\u00e1 en el concierto \\\"Por ellas\\\" que celebrar\\u00e1 Cadena 100 el 7 de noviembre en el Palacio de los Deportes de Madrid a beneficio de la Asociaci\\u00f3n Espa\\u00f1ola Contra el C\\u00e1ncer (AECC). La noticia se ha dado a conocer en una rueda de\",\"inLanguage\":\"es-ES\",\"isPartOf\":{\"@id\":\"https:\\\/\\\/eldigitaldeasturias.com\\\/magazine365\\\/#website\"},\"breadcrumb\":{\"@id\":\"https:\\\/\\\/eldigitaldeasturias.com\\\/magazine365\\\/anastacia-actuara-en-concierto-en-madrid-a-favor-de-la-lucha-contra-el-cancer\\\/#breadcrumblist\"},\"author\":{\"@id\":\"https:\\\/\\\/eldigitaldeasturias.com\\\/magazine365\\\/author\\\/admin\\\/#author\"},\"creator\":{\"@id\":\"https:\\\/\\\/eldigitaldeasturias.com\\\/magazine365\\\/author\\\/admin\\\/#author\"},\"image\":{\"@type\":\"ImageObject\",\"url\":\"https:\\\/\\\/eldigitaldeasturias.com\\\/magazine365\\\/wp-content\\\/uploads\\\/2014\\\/05\\\/6279781w.jpg\",\"@id\":\"https:\\\/\\\/eldigitaldeasturias.com\\\/magazine365\\\/anastacia-actuara-en-concierto-en-madrid-a-favor-de-la-lucha-contra-el-cancer\\\/#mainImage\",\"width\":700,\"height\":989},\"primaryImageOfPage\":{\"@id\":\"https:\\\/\\\/eldigitaldeasturias.com\\\/magazine365\\\/anastacia-actuara-en-concierto-en-madrid-a-favor-de-la-lucha-contra-el-cancer\\\/#mainImage\"},\"datePublished\":\"2014-05-21T00:01:02+02:00\",\"dateModified\":\"2014-05-21T00:01:02+02:00\"},{\"@type\":\"WebSite\",\"@id\":\"https:\\\/\\\/eldigitaldeasturias.com\\\/magazine365\\\/#website\",\"url\":\"https:\\\/\\\/eldigitaldeasturias.com\\\/magazine365\\\/\",\"name\":\"El Digital de Asturias\",\"description\":\"Revista de ocio, turismo y estilo de vida\",\"inLanguage\":\"es-ES\",\"publisher\":{\"@id\":\"https:\\\/\\\/eldigitaldeasturias.com\\\/magazine365\\\/#organization\"}}]}\n\t\t<\/script>\n\t\t<!-- All in One SEO Pro -->\r\n\t\t<title>Anastacia actuar\u00e1 en concierto en Madrid a favor de la lucha contra el c\u00e1ncer | El Digital de Asturias<\/title>\n\n","aioseo_head_json":{"title":"Anastacia actuar\u00e1 en concierto en Madrid a favor de la lucha contra el c\u00e1ncer | El Digital de Asturias","description":"Madrid, 20 may (EFE).- La cantante estadounidense Anastacia ha anunciado hoy que actuar\u00e1 en el concierto \"Por ellas\" que celebrar\u00e1 Cadena 100 el 7 de noviembre en el Palacio de los Deportes de Madrid a beneficio de la Asociaci\u00f3n Espa\u00f1ola Contra el C\u00e1ncer (AECC). La noticia se ha dado a conocer en una rueda de","canonical_url":"https:\/\/eldigitaldeasturias.com\/magazine365\/anastacia-actuara-en-concierto-en-madrid-a-favor-de-la-lucha-contra-el-cancer\/","robots":"max-image-preview:large","keywords":"noticias y actualidad","webmasterTools":{"google-site-verification":"UA-38556648-1","miscellaneous":""},"schema":{"@context":"https:\/\/schema.org","@graph":[{"@type":"Article","@id":"https:\/\/eldigitaldeasturias.com\/magazine365\/anastacia-actuara-en-concierto-en-madrid-a-favor-de-la-lucha-contra-el-cancer\/#article","name":"Anastacia actuar\u00e1 en concierto en Madrid a favor de la lucha contra el c\u00e1ncer | El Digital de Asturias","headline":"Anastacia actuar\u00e1 en concierto en Madrid a favor de la lucha contra el c\u00e1ncer","author":{"@id":"https:\/\/eldigitaldeasturias.com\/magazine365\/author\/admin\/#author"},"publisher":{"@id":"https:\/\/eldigitaldeasturias.com\/magazine365\/#organization"},"image":{"@type":"ImageObject","url":"https:\/\/eldigitaldeasturias.com\/magazine365\/wp-content\/uploads\/2014\/05\/6279781w.jpg","width":700,"height":989},"datePublished":"2014-05-21T00:01:02+02:00","dateModified":"2014-05-21T00:01:02+02:00","inLanguage":"es-ES","mainEntityOfPage":{"@id":"https:\/\/eldigitaldeasturias.com\/magazine365\/anastacia-actuara-en-concierto-en-madrid-a-favor-de-la-lucha-contra-el-cancer\/#webpage"},"isPartOf":{"@id":"https:\/\/eldigitaldeasturias.com\/magazine365\/anastacia-actuara-en-concierto-en-madrid-a-favor-de-la-lucha-contra-el-cancer\/#webpage"},"articleSection":"Noticias y Actualidad"},{"@type":"BreadcrumbList","@id":"https:\/\/eldigitaldeasturias.com\/magazine365\/anastacia-actuara-en-concierto-en-madrid-a-favor-de-la-lucha-contra-el-cancer\/#breadcrumblist","itemListElement":[{"@type":"ListItem","@id":"https:\/\/eldigitaldeasturias.com\/magazine365#listItem","position":1,"name":"Home","item":"https:\/\/eldigitaldeasturias.com\/magazine365","nextItem":{"@type":"ListItem","@id":"https:\/\/eldigitaldeasturias.com\/magazine365\/category\/noticias-actualidad\/#listItem","name":"Noticias y Actualidad"}},{"@type":"ListItem","@id":"https:\/\/eldigitaldeasturias.com\/magazine365\/category\/noticias-actualidad\/#listItem","position":2,"name":"Noticias y Actualidad","item":"https:\/\/eldigitaldeasturias.com\/magazine365\/category\/noticias-actualidad\/","nextItem":{"@type":"ListItem","@id":"https:\/\/eldigitaldeasturias.com\/magazine365\/anastacia-actuara-en-concierto-en-madrid-a-favor-de-la-lucha-contra-el-cancer\/#listItem","name":"Anastacia actuar\u00e1 en concierto en Madrid a favor de la lucha contra el c\u00e1ncer"},"previousItem":{"@type":"ListItem","@id":"https:\/\/eldigitaldeasturias.com\/magazine365#listItem","name":"Home"}},{"@type":"ListItem","@id":"https:\/\/eldigitaldeasturias.com\/magazine365\/anastacia-actuara-en-concierto-en-madrid-a-favor-de-la-lucha-contra-el-cancer\/#listItem","position":3,"name":"Anastacia actuar\u00e1 en concierto en Madrid a favor de la lucha contra el c\u00e1ncer","previousItem":{"@type":"ListItem","@id":"https:\/\/eldigitaldeasturias.com\/magazine365\/category\/noticias-actualidad\/#listItem","name":"Noticias y Actualidad"}}]},{"@type":"Organization","@id":"https:\/\/eldigitaldeasturias.com\/magazine365\/#organization","name":"El digital de Asturias","description":"Revista de ocio, turismo y estilo de vida","url":"https:\/\/eldigitaldeasturias.com\/magazine365\/","logo":{"@type":"ImageObject","url":"https:\/\/www.eldigitaldeasturias.com\/noticias\/wp-content\/uploads\/2020\/12\/EDA.jpg","@id":"https:\/\/eldigitaldeasturias.com\/magazine365\/anastacia-actuara-en-concierto-en-madrid-a-favor-de-la-lucha-contra-el-cancer\/#organizationLogo"},"image":{"@id":"https:\/\/eldigitaldeasturias.com\/magazine365\/anastacia-actuara-en-concierto-en-madrid-a-favor-de-la-lucha-contra-el-cancer\/#organizationLogo"}},{"@type":"Person","@id":"https:\/\/eldigitaldeasturias.com\/magazine365\/author\/admin\/#author","url":"https:\/\/eldigitaldeasturias.com\/magazine365\/author\/admin\/","name":"admin","image":{"@type":"ImageObject","@id":"https:\/\/eldigitaldeasturias.com\/magazine365\/anastacia-actuara-en-concierto-en-madrid-a-favor-de-la-lucha-contra-el-cancer\/#authorImage","url":"https:\/\/eldigitaldeasturias.com\/magazine365\/wp-content\/litespeed\/avatar\/e571bcf59a0edd6fa6838245a470f2fe.jpg?ver=1776969259","width":96,"height":96,"caption":"admin"}},{"@type":"WebPage","@id":"https:\/\/eldigitaldeasturias.com\/magazine365\/anastacia-actuara-en-concierto-en-madrid-a-favor-de-la-lucha-contra-el-cancer\/#webpage","url":"https:\/\/eldigitaldeasturias.com\/magazine365\/anastacia-actuara-en-concierto-en-madrid-a-favor-de-la-lucha-contra-el-cancer\/","name":"Anastacia actuar\u00e1 en concierto en Madrid a favor de la lucha contra el c\u00e1ncer | El Digital de Asturias","description":"Madrid, 20 may (EFE).- La cantante estadounidense Anastacia ha anunciado hoy que actuar\u00e1 en el concierto \"Por ellas\" que celebrar\u00e1 Cadena 100 el 7 de noviembre en el Palacio de los Deportes de Madrid a beneficio de la Asociaci\u00f3n Espa\u00f1ola Contra el C\u00e1ncer (AECC). La noticia se ha dado a conocer en una rueda de","inLanguage":"es-ES","isPartOf":{"@id":"https:\/\/eldigitaldeasturias.com\/magazine365\/#website"},"breadcrumb":{"@id":"https:\/\/eldigitaldeasturias.com\/magazine365\/anastacia-actuara-en-concierto-en-madrid-a-favor-de-la-lucha-contra-el-cancer\/#breadcrumblist"},"author":{"@id":"https:\/\/eldigitaldeasturias.com\/magazine365\/author\/admin\/#author"},"creator":{"@id":"https:\/\/eldigitaldeasturias.com\/magazine365\/author\/admin\/#author"},"image":{"@type":"ImageObject","url":"https:\/\/eldigitaldeasturias.com\/magazine365\/wp-content\/uploads\/2014\/05\/6279781w.jpg","@id":"https:\/\/eldigitaldeasturias.com\/magazine365\/anastacia-actuara-en-concierto-en-madrid-a-favor-de-la-lucha-contra-el-cancer\/#mainImage","width":700,"height":989},"primaryImageOfPage":{"@id":"https:\/\/eldigitaldeasturias.com\/magazine365\/anastacia-actuara-en-concierto-en-madrid-a-favor-de-la-lucha-contra-el-cancer\/#mainImage"},"datePublished":"2014-05-21T00:01:02+02:00","dateModified":"2014-05-21T00:01:02+02:00"},{"@type":"WebSite","@id":"https:\/\/eldigitaldeasturias.com\/magazine365\/#website","url":"https:\/\/eldigitaldeasturias.com\/magazine365\/","name":"El Digital de Asturias","description":"Revista de ocio, turismo y estilo de vida","inLanguage":"es-ES","publisher":{"@id":"https:\/\/eldigitaldeasturias.com\/magazine365\/#organization"}}]},"og:locale":"es_ES","og:site_name":"El Digital de Asturias \u2013 Revista de ocio, turismo y estilo de vida","og:type":"article","og:title":"Anastacia actuar\u00e1 en concierto en Madrid a favor de la lucha contra el c\u00e1ncer | El Digital de Asturias","og:description":"Madrid, 20 may (EFE).- La cantante estadounidense Anastacia ha anunciado hoy que actuar\u00e1 en el concierto &quot;Por ellas&quot; que celebrar\u00e1 Cadena 100 el 7 de noviembre en el Palacio de los Deportes de Madrid a beneficio de la Asociaci\u00f3n Espa\u00f1ola Contra el C\u00e1ncer (AECC). La noticia se ha dado a conocer en una rueda de","og:url":"https:\/\/eldigitaldeasturias.com\/magazine365\/anastacia-actuara-en-concierto-en-madrid-a-favor-de-la-lucha-contra-el-cancer\/","og:image":"https:\/\/eldigitaldeasturias.com\/magazine365\/wp-content\/uploads\/2014\/05\/6279781w.jpg","og:image:secure_url":"https:\/\/eldigitaldeasturias.com\/magazine365\/wp-content\/uploads\/2014\/05\/6279781w.jpg","og:image:width":700,"og:image:height":989,"article:published_time":"2014-05-21T02:01:02+00:00","article:modified_time":"2014-05-21T02:01:02+00:00","twitter:card":"summary_large_image","twitter:title":"Anastacia actuar\u00e1 en concierto en Madrid a favor de la lucha contra el c\u00e1ncer | El Digital de Asturias","twitter:description":"Madrid, 20 may (EFE).- La cantante estadounidense Anastacia ha anunciado hoy que actuar\u00e1 en el concierto &quot;Por ellas&quot; que celebrar\u00e1 Cadena 100 el 7 de noviembre en el Palacio de los Deportes de Madrid a beneficio de la Asociaci\u00f3n Espa\u00f1ola Contra el C\u00e1ncer (AECC). La noticia se ha dado a conocer en una rueda de","twitter:image":"https:\/\/eldigitaldeasturias.com\/magazine365\/wp-content\/uploads\/2014\/05\/6279781w.jpg"},"aioseo_meta_data":{"post_id":"13408","title":null,"description":null,"keywords":null,"keyphrases":null,"primary_term":null,"canonical_url":null,"og_title":null,"og_description":null,"og_object_type":"default","og_image_type":"default","og_image_url":null,"og_image_width":null,"og_image_height":null,"og_image_custom_url":null,"og_image_custom_fields":null,"og_video":null,"og_custom_url":null,"og_article_section":null,"og_article_tags":null,"twitter_use_og":false,"twitter_card":"default","twitter_image_type":"default","twitter_image_url":null,"twitter_image_custom_url":null,"twitter_image_custom_fields":null,"twitter_title":null,"twitter_description":null,"schema":{"blockGraphs":[],"customGraphs":[],"default":{"data":{"Article":[],"Course":[],"Dataset":[],"FAQPage":[],"Movie":[],"Person":[],"Product":[],"ProductReview":[],"Car":[],"Recipe":[],"Service":[],"SoftwareApplication":[],"WebPage":[]},"graphName":"","isEnabled":true},"graphs":[],"defaultGraph":"","defaultPostTypeGraph":""},"schema_type":null,"schema_type_options":null,"pillar_content":false,"robots_default":true,"robots_noindex":false,"robots_noarchive":false,"robots_nosnippet":false,"robots_nofollow":false,"robots_noimageindex":false,"robots_noodp":false,"robots_notranslate":false,"robots_max_snippet":null,"robots_max_videopreview":null,"robots_max_imagepreview":"large","priority":null,"frequency":null,"location":null,"local_seo":null,"seo_analyzer_scan_date":"2025-09-17 08:12:05","breadcrumb_settings":null,"limit_modified_date":false,"open_ai":null,"ai":null,"created":"2021-03-09 08:28:54","updated":"2025-09-17 08:12:05"},"aioseo_breadcrumb":"<div class=\"aioseo-breadcrumbs\"><span class=\"aioseo-breadcrumb\">\n\t<a href=\"https:\/\/eldigitaldeasturias.com\/magazine365\" title=\"Home\">Home<\/a>\n<\/span><span class=\"aioseo-breadcrumb-separator\">\u2013<\/span><span class=\"aioseo-breadcrumb\">\n\t<a href=\"https:\/\/eldigitaldeasturias.com\/magazine365\/category\/noticias-actualidad\/\" title=\"Noticias y Actualidad\">Noticias y Actualidad<\/a>\n<\/span><span class=\"aioseo-breadcrumb-separator\">\u2013<\/span><span class=\"aioseo-breadcrumb\">\n\t<a href=\"https:\/\/eldigitaldeasturias.com\/magazine365\/anastacia-actuara-en-concierto-en-madrid-a-favor-de-la-lucha-contra-el-cancer\/\" title=\"Anastacia actuar\u00e1 en concierto en Madrid a favor de la lucha contra el c\u00e1ncer\">Anastacia actuar\u00e1 en concierto en Madrid a favor de la lucha contra el c\u00e1ncer<\/a>\n<\/span><\/div>","aioseo_breadcrumb_json":[{"label":"Home","link":"https:\/\/eldigitaldeasturias.com\/magazine365"},{"label":"Noticias y Actualidad","link":"https:\/\/eldigitaldeasturias.com\/magazine365\/category\/noticias-actualidad\/"},{"label":"Anastacia actuar\u00e1 en concierto en Madrid a favor de la lucha contra el c\u00e1ncer","link":"https:\/\/eldigitaldeasturias.com\/magazine365\/anastacia-actuara-en-concierto-en-madrid-a-favor-de-la-lucha-contra-el-cancer\/"}],"_links":{"self":[{"href":"https:\/\/eldigitaldeasturias.com\/magazine365\/wp-json\/wp\/v2\/posts\/13408","targetHints":{"allow":["GET"]}}],"collection":[{"href":"https:\/\/eldigitaldeasturias.com\/magazine365\/wp-json\/wp\/v2\/posts"}],"about":[{"href":"https:\/\/eldigitaldeasturias.com\/magazine365\/wp-json\/wp\/v2\/types\/post"}],"author":[{"embeddable":true,"href":"https:\/\/eldigitaldeasturias.com\/magazine365\/wp-json\/wp\/v2\/users\/1"}],"replies":[{"embeddable":true,"href":"https:\/\/eldigitaldeasturias.com\/magazine365\/wp-json\/wp\/v2\/comments?post=13408"}],"version-history":[{"count":0,"href":"https:\/\/eldigitaldeasturias.com\/magazine365\/wp-json\/wp\/v2\/posts\/13408\/revisions"}],"wp:featuredmedia":[{"embeddable":true,"href":"https:\/\/eldigitaldeasturias.com\/magazine365\/wp-json\/wp\/v2\/media\/13409"}],"wp:attachment":[{"href":"https:\/\/eldigitaldeasturias.com\/magazine365\/wp-json\/wp\/v2\/media?parent=13408"}],"wp:term":[{"taxonomy":"category","embeddable":true,"href":"https:\/\/eldigitaldeasturias.com\/magazine365\/wp-json\/wp\/v2\/categories?post=13408"},{"taxonomy":"post_tag","embeddable":true,"href":"https:\/\/eldigitaldeasturias.com\/magazine365\/wp-json\/wp\/v2\/tags?post=13408"}],"curies":[{"name":"wp","href":"https:\/\/api.w.org\/{rel}","templated":true}]}}