{"id":13402,"date":"2014-05-20T23:49:27","date_gmt":"2014-05-21T01:49:27","guid":{"rendered":"http:\/\/eldigitaldeasturias.com\/magazine365\/?p=13402"},"modified":"2014-07-11T06:16:51","modified_gmt":"2014-07-11T08:16:51","slug":"vargas-llosa-ensalza-la-labor-de-las-jornadas-digitisation-days","status":"publish","type":"post","link":"https:\/\/eldigitaldeasturias.com\/magazine365\/vargas-llosa-ensalza-la-labor-de-las-jornadas-digitisation-days\/","title":{"rendered":"Vargas Llosa ensalza la labor de las jornadas Digitisation Days"},"content":{"rendered":"<p><img fetchpriority=\"high\" decoding=\"async\" class=\"alignleft size-medium wp-image-13403\" alt=\"6280651w\" src=\"https:\/\/eldigitaldeasturias.com\/magazine365\/wp-content\/uploads\/2014\/05\/6280651w-360x280.jpg\" width=\"360\" height=\"280\" srcset=\"https:\/\/eldigitaldeasturias.com\/magazine365\/wp-content\/uploads\/2014\/05\/6280651w-360x280.jpg 360w, https:\/\/eldigitaldeasturias.com\/magazine365\/wp-content\/uploads\/2014\/05\/6280651w-650x506.jpg 650w, https:\/\/eldigitaldeasturias.com\/magazine365\/wp-content\/uploads\/2014\/05\/6280651w-768x598.jpg 768w, https:\/\/eldigitaldeasturias.com\/magazine365\/wp-content\/uploads\/2014\/05\/6280651w-150x117.jpg 150w, https:\/\/eldigitaldeasturias.com\/magazine365\/wp-content\/uploads\/2014\/05\/6280651w-450x350.jpg 450w, https:\/\/eldigitaldeasturias.com\/magazine365\/wp-content\/uploads\/2014\/05\/6280651w-696x542.jpg 696w, https:\/\/eldigitaldeasturias.com\/magazine365\/wp-content\/uploads\/2014\/05\/6280651w-539x420.jpg 539w, https:\/\/eldigitaldeasturias.com\/magazine365\/wp-content\/uploads\/2014\/05\/6280651w.jpg 800w\" sizes=\"(max-width: 360px) 100vw, 360px\" \/>Madrid, 20 may (EFE).- El escritor peruano Mario Vargas Llosa ha elogiado que la \u00abciencia y la tecnolog\u00eda\u00bb se hayan puesto \u00abal servicio\u00bb de la historia, la literatura o el arte durante el encuentro \u00abDigitisation Days\u00bb, que se ha clausurado hoy en la Biblioteca Nacional de Espa\u00f1a.<\/p>\n<p>\u00abLa ciencia y la tecnolog\u00eda, gracias al talento y al esfuerzo de muchos de los presentes en las jornadas, se han puesto al servicio de la historia, de la literatura, de la poes\u00eda, del arte, de las ideas con el encomiable empe\u00f1o de recuperar patrimonios inmensos, tesoros inconmensurables que, con frecuencia, yac\u00edan ocultos en anaqueles de bibliotecas y archivos\u00bb, ha dicho Vargas Llosa.<\/p>\n<p>Con estas palabras, el premio nobel de literatura ha dado fin a los dos d\u00edas de celebraci\u00f3n de estas jornadas, organizadas por el proyecto \u00abSucceed\u00bb y el Centro de Competencia en Digitalizaci\u00f3n Impact, con el apoyo de la Comisi\u00f3n Europea; que han abordado asuntos sobre la digitalizaci\u00f3n del patrimonio cultural.<\/p>\n<p>Por su parte, el secretario de Estado de Cultura, Jos\u00e9 Mar\u00eda Lassalle, tambi\u00e9n presente en este \u00faltimo d\u00eda de celebraci\u00f3n, ha expresado que la digitalizaci\u00f3n \u00abes un instrumento\u00bb que nos permite traspasar fronteras y \u00abparticipar en grandes proyectos de difusi\u00f3n con otros pa\u00edses\u00bb.<\/p>\n<p>En este sentido, ha apostado por la \u00abcolaboraci\u00f3n p\u00fablico-privada\u00bb para hacer frente a las dificultades econ\u00f3micas, tecnol\u00f3gicas y de gesti\u00f3n, y ha asegurado que \u00abno tiene sentido trabajar de forma aislada e individual\u00bb.<\/p>\n<p>El encuentro \u00abDigitisation Days\u00bb, celebrado ayer y hoy en la BNE, ha acabado con la entrega de los premios \u00abSucceed\u00bb, galardones que reconocen la puesta en marcha de programas punteros e innovadores de digitalizaci\u00f3n.<\/p>\n<p>Los premiados han sido la \u00abHill Museum &amp; Manuscript Library\u00bb (con sede en la Universidad de Saint John&#8217;s, Collegeville, EE. UU.) y el Centro de Estudios Superiores del Renacimiento (Tours, Francia).<\/p>\n","protected":false},"excerpt":{"rendered":"<p>Madrid, 20 may (EFE).- El escritor peruano Mario Vargas Llosa ha elogiado que la \u00abciencia y la tecnolog\u00eda\u00bb se hayan puesto \u00abal servicio\u00bb de la historia, la literatura o el arte durante el encuentro \u00abDigitisation Days\u00bb, que se ha clausurado hoy en la Biblioteca Nacional de Espa\u00f1a. \u00abLa ciencia y la tecnolog\u00eda, gracias al talento<\/p>\n","protected":false},"author":1,"featured_media":13403,"comment_status":"open","ping_status":"closed","sticky":false,"template":"","format":"standard","meta":{"footnotes":""},"categories":[224],"tags":[],"class_list":{"0":"post-13402","1":"post","2":"type-post","3":"status-publish","4":"format-standard","5":"has-post-thumbnail","7":"category-noticias-actualidad"},"aioseo_notices":[],"aioseo_head":"\n\t\t<!-- All in One SEO Pro 4.9.6.1 - aioseo.com -->\n\t<meta name=\"description\" content=\"Madrid, 20 may (EFE).- El escritor peruano Mario Vargas Llosa ha elogiado que la &quot;ciencia y la tecnolog\u00eda&quot; se hayan puesto &quot;al servicio&quot; de la historia, la literatura o el arte durante el encuentro &quot;Digitisation Days&quot;, que se ha clausurado hoy en la Biblioteca Nacional de Espa\u00f1a. &quot;La ciencia y la tecnolog\u00eda, gracias al talento\" \/>\n\t<meta name=\"robots\" content=\"max-image-preview:large\" \/>\n\t<meta name=\"author\" content=\"admin\"\/>\n\t<meta name=\"google-site-verification\" content=\"UA-38556648-1\" \/>\n\t<meta name=\"keywords\" content=\"noticias y actualidad\" \/>\n\t<link rel=\"canonical\" href=\"https:\/\/eldigitaldeasturias.com\/magazine365\/vargas-llosa-ensalza-la-labor-de-las-jornadas-digitisation-days\/\" \/>\n\t<meta name=\"generator\" content=\"All in One SEO Pro (AIOSEO) 4.9.6.1\" \/>\n\t\t<meta property=\"og:locale\" content=\"es_ES\" \/>\n\t\t<meta property=\"og:site_name\" content=\"El Digital de Asturias \u2013 Revista de ocio, turismo y estilo de vida\" \/>\n\t\t<meta property=\"og:type\" content=\"article\" \/>\n\t\t<meta property=\"og:title\" content=\"Vargas Llosa ensalza la labor de las jornadas Digitisation Days | El Digital de Asturias\" \/>\n\t\t<meta property=\"og:description\" content=\"Madrid, 20 may (EFE).- El escritor peruano Mario Vargas Llosa ha elogiado que la &quot;ciencia y la tecnolog\u00eda&quot; se hayan puesto &quot;al servicio&quot; de la historia, la literatura o el arte durante el encuentro &quot;Digitisation Days&quot;, que se ha clausurado hoy en la Biblioteca Nacional de Espa\u00f1a. &quot;La ciencia y la tecnolog\u00eda, gracias al talento\" \/>\n\t\t<meta property=\"og:url\" content=\"https:\/\/eldigitaldeasturias.com\/magazine365\/vargas-llosa-ensalza-la-labor-de-las-jornadas-digitisation-days\/\" \/>\n\t\t<meta property=\"og:image\" content=\"https:\/\/eldigitaldeasturias.com\/magazine365\/wp-content\/uploads\/2014\/05\/6280651w.jpg\" \/>\n\t\t<meta property=\"og:image:secure_url\" content=\"https:\/\/eldigitaldeasturias.com\/magazine365\/wp-content\/uploads\/2014\/05\/6280651w.jpg\" \/>\n\t\t<meta property=\"og:image:width\" content=\"800\" \/>\n\t\t<meta property=\"og:image:height\" content=\"623\" \/>\n\t\t<meta property=\"article:published_time\" content=\"2014-05-21T01:49:27+00:00\" \/>\n\t\t<meta property=\"article:modified_time\" content=\"2014-07-11T08:16:51+00:00\" \/>\n\t\t<meta name=\"twitter:card\" content=\"summary_large_image\" \/>\n\t\t<meta name=\"twitter:title\" content=\"Vargas Llosa ensalza la labor de las jornadas Digitisation Days | El Digital de Asturias\" \/>\n\t\t<meta name=\"twitter:description\" content=\"Madrid, 20 may (EFE).- El escritor peruano Mario Vargas Llosa ha elogiado que la &quot;ciencia y la tecnolog\u00eda&quot; se hayan puesto &quot;al servicio&quot; de la historia, la literatura o el arte durante el encuentro &quot;Digitisation Days&quot;, que se ha clausurado hoy en la Biblioteca Nacional de Espa\u00f1a. &quot;La ciencia y la tecnolog\u00eda, gracias al talento\" \/>\n\t\t<meta name=\"twitter:image\" content=\"https:\/\/eldigitaldeasturias.com\/magazine365\/wp-content\/uploads\/2014\/05\/6280651w.jpg\" \/>\n\t\t<script type=\"application\/ld+json\" class=\"aioseo-schema\">\n\t\t\t{\"@context\":\"https:\\\/\\\/schema.org\",\"@graph\":[{\"@type\":\"Article\",\"@id\":\"https:\\\/\\\/eldigitaldeasturias.com\\\/magazine365\\\/vargas-llosa-ensalza-la-labor-de-las-jornadas-digitisation-days\\\/#article\",\"name\":\"Vargas Llosa ensalza la labor de las jornadas Digitisation Days | El Digital de Asturias\",\"headline\":\"Vargas Llosa ensalza la labor de las jornadas Digitisation Days\",\"author\":{\"@id\":\"https:\\\/\\\/eldigitaldeasturias.com\\\/magazine365\\\/author\\\/admin\\\/#author\"},\"publisher\":{\"@id\":\"https:\\\/\\\/eldigitaldeasturias.com\\\/magazine365\\\/#organization\"},\"image\":{\"@type\":\"ImageObject\",\"url\":\"https:\\\/\\\/eldigitaldeasturias.com\\\/magazine365\\\/wp-content\\\/uploads\\\/2014\\\/05\\\/6280651w.jpg\",\"width\":800,\"height\":623},\"datePublished\":\"2014-05-20T23:49:27+02:00\",\"dateModified\":\"2014-07-11T06:16:51+02:00\",\"inLanguage\":\"es-ES\",\"mainEntityOfPage\":{\"@id\":\"https:\\\/\\\/eldigitaldeasturias.com\\\/magazine365\\\/vargas-llosa-ensalza-la-labor-de-las-jornadas-digitisation-days\\\/#webpage\"},\"isPartOf\":{\"@id\":\"https:\\\/\\\/eldigitaldeasturias.com\\\/magazine365\\\/vargas-llosa-ensalza-la-labor-de-las-jornadas-digitisation-days\\\/#webpage\"},\"articleSection\":\"Noticias y Actualidad\"},{\"@type\":\"BreadcrumbList\",\"@id\":\"https:\\\/\\\/eldigitaldeasturias.com\\\/magazine365\\\/vargas-llosa-ensalza-la-labor-de-las-jornadas-digitisation-days\\\/#breadcrumblist\",\"itemListElement\":[{\"@type\":\"ListItem\",\"@id\":\"https:\\\/\\\/eldigitaldeasturias.com\\\/magazine365#listItem\",\"position\":1,\"name\":\"Home\",\"item\":\"https:\\\/\\\/eldigitaldeasturias.com\\\/magazine365\",\"nextItem\":{\"@type\":\"ListItem\",\"@id\":\"https:\\\/\\\/eldigitaldeasturias.com\\\/magazine365\\\/category\\\/noticias-actualidad\\\/#listItem\",\"name\":\"Noticias y Actualidad\"}},{\"@type\":\"ListItem\",\"@id\":\"https:\\\/\\\/eldigitaldeasturias.com\\\/magazine365\\\/category\\\/noticias-actualidad\\\/#listItem\",\"position\":2,\"name\":\"Noticias y Actualidad\",\"item\":\"https:\\\/\\\/eldigitaldeasturias.com\\\/magazine365\\\/category\\\/noticias-actualidad\\\/\",\"nextItem\":{\"@type\":\"ListItem\",\"@id\":\"https:\\\/\\\/eldigitaldeasturias.com\\\/magazine365\\\/vargas-llosa-ensalza-la-labor-de-las-jornadas-digitisation-days\\\/#listItem\",\"name\":\"Vargas Llosa ensalza la labor de las jornadas Digitisation Days\"},\"previousItem\":{\"@type\":\"ListItem\",\"@id\":\"https:\\\/\\\/eldigitaldeasturias.com\\\/magazine365#listItem\",\"name\":\"Home\"}},{\"@type\":\"ListItem\",\"@id\":\"https:\\\/\\\/eldigitaldeasturias.com\\\/magazine365\\\/vargas-llosa-ensalza-la-labor-de-las-jornadas-digitisation-days\\\/#listItem\",\"position\":3,\"name\":\"Vargas Llosa ensalza la labor de las jornadas Digitisation Days\",\"previousItem\":{\"@type\":\"ListItem\",\"@id\":\"https:\\\/\\\/eldigitaldeasturias.com\\\/magazine365\\\/category\\\/noticias-actualidad\\\/#listItem\",\"name\":\"Noticias y Actualidad\"}}]},{\"@type\":\"Organization\",\"@id\":\"https:\\\/\\\/eldigitaldeasturias.com\\\/magazine365\\\/#organization\",\"name\":\"El digital de Asturias\",\"description\":\"Revista de ocio, turismo y estilo de vida\",\"url\":\"https:\\\/\\\/eldigitaldeasturias.com\\\/magazine365\\\/\",\"logo\":{\"@type\":\"ImageObject\",\"url\":\"https:\\\/\\\/www.eldigitaldeasturias.com\\\/noticias\\\/wp-content\\\/uploads\\\/2020\\\/12\\\/EDA.jpg\",\"@id\":\"https:\\\/\\\/eldigitaldeasturias.com\\\/magazine365\\\/vargas-llosa-ensalza-la-labor-de-las-jornadas-digitisation-days\\\/#organizationLogo\"},\"image\":{\"@id\":\"https:\\\/\\\/eldigitaldeasturias.com\\\/magazine365\\\/vargas-llosa-ensalza-la-labor-de-las-jornadas-digitisation-days\\\/#organizationLogo\"}},{\"@type\":\"Person\",\"@id\":\"https:\\\/\\\/eldigitaldeasturias.com\\\/magazine365\\\/author\\\/admin\\\/#author\",\"url\":\"https:\\\/\\\/eldigitaldeasturias.com\\\/magazine365\\\/author\\\/admin\\\/\",\"name\":\"admin\",\"image\":{\"@type\":\"ImageObject\",\"@id\":\"https:\\\/\\\/eldigitaldeasturias.com\\\/magazine365\\\/vargas-llosa-ensalza-la-labor-de-las-jornadas-digitisation-days\\\/#authorImage\",\"url\":\"https:\\\/\\\/eldigitaldeasturias.com\\\/magazine365\\\/wp-content\\\/litespeed\\\/avatar\\\/e571bcf59a0edd6fa6838245a470f2fe.jpg?ver=1776969259\",\"width\":96,\"height\":96,\"caption\":\"admin\"}},{\"@type\":\"WebPage\",\"@id\":\"https:\\\/\\\/eldigitaldeasturias.com\\\/magazine365\\\/vargas-llosa-ensalza-la-labor-de-las-jornadas-digitisation-days\\\/#webpage\",\"url\":\"https:\\\/\\\/eldigitaldeasturias.com\\\/magazine365\\\/vargas-llosa-ensalza-la-labor-de-las-jornadas-digitisation-days\\\/\",\"name\":\"Vargas Llosa ensalza la labor de las jornadas Digitisation Days | El Digital de Asturias\",\"description\":\"Madrid, 20 may (EFE).- El escritor peruano Mario Vargas Llosa ha elogiado que la \\\"ciencia y la tecnolog\\u00eda\\\" se hayan puesto \\\"al servicio\\\" de la historia, la literatura o el arte durante el encuentro \\\"Digitisation Days\\\", que se ha clausurado hoy en la Biblioteca Nacional de Espa\\u00f1a. \\\"La ciencia y la tecnolog\\u00eda, gracias al talento\",\"inLanguage\":\"es-ES\",\"isPartOf\":{\"@id\":\"https:\\\/\\\/eldigitaldeasturias.com\\\/magazine365\\\/#website\"},\"breadcrumb\":{\"@id\":\"https:\\\/\\\/eldigitaldeasturias.com\\\/magazine365\\\/vargas-llosa-ensalza-la-labor-de-las-jornadas-digitisation-days\\\/#breadcrumblist\"},\"author\":{\"@id\":\"https:\\\/\\\/eldigitaldeasturias.com\\\/magazine365\\\/author\\\/admin\\\/#author\"},\"creator\":{\"@id\":\"https:\\\/\\\/eldigitaldeasturias.com\\\/magazine365\\\/author\\\/admin\\\/#author\"},\"image\":{\"@type\":\"ImageObject\",\"url\":\"https:\\\/\\\/eldigitaldeasturias.com\\\/magazine365\\\/wp-content\\\/uploads\\\/2014\\\/05\\\/6280651w.jpg\",\"@id\":\"https:\\\/\\\/eldigitaldeasturias.com\\\/magazine365\\\/vargas-llosa-ensalza-la-labor-de-las-jornadas-digitisation-days\\\/#mainImage\",\"width\":800,\"height\":623},\"primaryImageOfPage\":{\"@id\":\"https:\\\/\\\/eldigitaldeasturias.com\\\/magazine365\\\/vargas-llosa-ensalza-la-labor-de-las-jornadas-digitisation-days\\\/#mainImage\"},\"datePublished\":\"2014-05-20T23:49:27+02:00\",\"dateModified\":\"2014-07-11T06:16:51+02:00\"},{\"@type\":\"WebSite\",\"@id\":\"https:\\\/\\\/eldigitaldeasturias.com\\\/magazine365\\\/#website\",\"url\":\"https:\\\/\\\/eldigitaldeasturias.com\\\/magazine365\\\/\",\"name\":\"El Digital de Asturias\",\"description\":\"Revista de ocio, turismo y estilo de vida\",\"inLanguage\":\"es-ES\",\"publisher\":{\"@id\":\"https:\\\/\\\/eldigitaldeasturias.com\\\/magazine365\\\/#organization\"}}]}\n\t\t<\/script>\n\t\t<!-- All in One SEO Pro -->\r\n\t\t<title>Vargas Llosa ensalza la labor de las jornadas Digitisation Days | El Digital de Asturias<\/title>\n\n","aioseo_head_json":{"title":"Vargas Llosa ensalza la labor de las jornadas Digitisation Days | El Digital de Asturias","description":"Madrid, 20 may (EFE).- El escritor peruano Mario Vargas Llosa ha elogiado que la \"ciencia y la tecnolog\u00eda\" se hayan puesto \"al servicio\" de la historia, la literatura o el arte durante el encuentro \"Digitisation Days\", que se ha clausurado hoy en la Biblioteca Nacional de Espa\u00f1a. \"La ciencia y la tecnolog\u00eda, gracias al talento","canonical_url":"https:\/\/eldigitaldeasturias.com\/magazine365\/vargas-llosa-ensalza-la-labor-de-las-jornadas-digitisation-days\/","robots":"max-image-preview:large","keywords":"noticias y actualidad","webmasterTools":{"google-site-verification":"UA-38556648-1","miscellaneous":""},"schema":{"@context":"https:\/\/schema.org","@graph":[{"@type":"Article","@id":"https:\/\/eldigitaldeasturias.com\/magazine365\/vargas-llosa-ensalza-la-labor-de-las-jornadas-digitisation-days\/#article","name":"Vargas Llosa ensalza la labor de las jornadas Digitisation Days | El Digital de Asturias","headline":"Vargas Llosa ensalza la labor de las jornadas Digitisation Days","author":{"@id":"https:\/\/eldigitaldeasturias.com\/magazine365\/author\/admin\/#author"},"publisher":{"@id":"https:\/\/eldigitaldeasturias.com\/magazine365\/#organization"},"image":{"@type":"ImageObject","url":"https:\/\/eldigitaldeasturias.com\/magazine365\/wp-content\/uploads\/2014\/05\/6280651w.jpg","width":800,"height":623},"datePublished":"2014-05-20T23:49:27+02:00","dateModified":"2014-07-11T06:16:51+02:00","inLanguage":"es-ES","mainEntityOfPage":{"@id":"https:\/\/eldigitaldeasturias.com\/magazine365\/vargas-llosa-ensalza-la-labor-de-las-jornadas-digitisation-days\/#webpage"},"isPartOf":{"@id":"https:\/\/eldigitaldeasturias.com\/magazine365\/vargas-llosa-ensalza-la-labor-de-las-jornadas-digitisation-days\/#webpage"},"articleSection":"Noticias y Actualidad"},{"@type":"BreadcrumbList","@id":"https:\/\/eldigitaldeasturias.com\/magazine365\/vargas-llosa-ensalza-la-labor-de-las-jornadas-digitisation-days\/#breadcrumblist","itemListElement":[{"@type":"ListItem","@id":"https:\/\/eldigitaldeasturias.com\/magazine365#listItem","position":1,"name":"Home","item":"https:\/\/eldigitaldeasturias.com\/magazine365","nextItem":{"@type":"ListItem","@id":"https:\/\/eldigitaldeasturias.com\/magazine365\/category\/noticias-actualidad\/#listItem","name":"Noticias y Actualidad"}},{"@type":"ListItem","@id":"https:\/\/eldigitaldeasturias.com\/magazine365\/category\/noticias-actualidad\/#listItem","position":2,"name":"Noticias y Actualidad","item":"https:\/\/eldigitaldeasturias.com\/magazine365\/category\/noticias-actualidad\/","nextItem":{"@type":"ListItem","@id":"https:\/\/eldigitaldeasturias.com\/magazine365\/vargas-llosa-ensalza-la-labor-de-las-jornadas-digitisation-days\/#listItem","name":"Vargas Llosa ensalza la labor de las jornadas Digitisation Days"},"previousItem":{"@type":"ListItem","@id":"https:\/\/eldigitaldeasturias.com\/magazine365#listItem","name":"Home"}},{"@type":"ListItem","@id":"https:\/\/eldigitaldeasturias.com\/magazine365\/vargas-llosa-ensalza-la-labor-de-las-jornadas-digitisation-days\/#listItem","position":3,"name":"Vargas Llosa ensalza la labor de las jornadas Digitisation Days","previousItem":{"@type":"ListItem","@id":"https:\/\/eldigitaldeasturias.com\/magazine365\/category\/noticias-actualidad\/#listItem","name":"Noticias y Actualidad"}}]},{"@type":"Organization","@id":"https:\/\/eldigitaldeasturias.com\/magazine365\/#organization","name":"El digital de Asturias","description":"Revista de ocio, turismo y estilo de vida","url":"https:\/\/eldigitaldeasturias.com\/magazine365\/","logo":{"@type":"ImageObject","url":"https:\/\/www.eldigitaldeasturias.com\/noticias\/wp-content\/uploads\/2020\/12\/EDA.jpg","@id":"https:\/\/eldigitaldeasturias.com\/magazine365\/vargas-llosa-ensalza-la-labor-de-las-jornadas-digitisation-days\/#organizationLogo"},"image":{"@id":"https:\/\/eldigitaldeasturias.com\/magazine365\/vargas-llosa-ensalza-la-labor-de-las-jornadas-digitisation-days\/#organizationLogo"}},{"@type":"Person","@id":"https:\/\/eldigitaldeasturias.com\/magazine365\/author\/admin\/#author","url":"https:\/\/eldigitaldeasturias.com\/magazine365\/author\/admin\/","name":"admin","image":{"@type":"ImageObject","@id":"https:\/\/eldigitaldeasturias.com\/magazine365\/vargas-llosa-ensalza-la-labor-de-las-jornadas-digitisation-days\/#authorImage","url":"https:\/\/eldigitaldeasturias.com\/magazine365\/wp-content\/litespeed\/avatar\/e571bcf59a0edd6fa6838245a470f2fe.jpg?ver=1776969259","width":96,"height":96,"caption":"admin"}},{"@type":"WebPage","@id":"https:\/\/eldigitaldeasturias.com\/magazine365\/vargas-llosa-ensalza-la-labor-de-las-jornadas-digitisation-days\/#webpage","url":"https:\/\/eldigitaldeasturias.com\/magazine365\/vargas-llosa-ensalza-la-labor-de-las-jornadas-digitisation-days\/","name":"Vargas Llosa ensalza la labor de las jornadas Digitisation Days | El Digital de Asturias","description":"Madrid, 20 may (EFE).- El escritor peruano Mario Vargas Llosa ha elogiado que la \"ciencia y la tecnolog\u00eda\" se hayan puesto \"al servicio\" de la historia, la literatura o el arte durante el encuentro \"Digitisation Days\", que se ha clausurado hoy en la Biblioteca Nacional de Espa\u00f1a. \"La ciencia y la tecnolog\u00eda, gracias al talento","inLanguage":"es-ES","isPartOf":{"@id":"https:\/\/eldigitaldeasturias.com\/magazine365\/#website"},"breadcrumb":{"@id":"https:\/\/eldigitaldeasturias.com\/magazine365\/vargas-llosa-ensalza-la-labor-de-las-jornadas-digitisation-days\/#breadcrumblist"},"author":{"@id":"https:\/\/eldigitaldeasturias.com\/magazine365\/author\/admin\/#author"},"creator":{"@id":"https:\/\/eldigitaldeasturias.com\/magazine365\/author\/admin\/#author"},"image":{"@type":"ImageObject","url":"https:\/\/eldigitaldeasturias.com\/magazine365\/wp-content\/uploads\/2014\/05\/6280651w.jpg","@id":"https:\/\/eldigitaldeasturias.com\/magazine365\/vargas-llosa-ensalza-la-labor-de-las-jornadas-digitisation-days\/#mainImage","width":800,"height":623},"primaryImageOfPage":{"@id":"https:\/\/eldigitaldeasturias.com\/magazine365\/vargas-llosa-ensalza-la-labor-de-las-jornadas-digitisation-days\/#mainImage"},"datePublished":"2014-05-20T23:49:27+02:00","dateModified":"2014-07-11T06:16:51+02:00"},{"@type":"WebSite","@id":"https:\/\/eldigitaldeasturias.com\/magazine365\/#website","url":"https:\/\/eldigitaldeasturias.com\/magazine365\/","name":"El Digital de Asturias","description":"Revista de ocio, turismo y estilo de vida","inLanguage":"es-ES","publisher":{"@id":"https:\/\/eldigitaldeasturias.com\/magazine365\/#organization"}}]},"og:locale":"es_ES","og:site_name":"El Digital de Asturias \u2013 Revista de ocio, turismo y estilo de vida","og:type":"article","og:title":"Vargas Llosa ensalza la labor de las jornadas Digitisation Days | El Digital de Asturias","og:description":"Madrid, 20 may (EFE).- El escritor peruano Mario Vargas Llosa ha elogiado que la &quot;ciencia y la tecnolog\u00eda&quot; se hayan puesto &quot;al servicio&quot; de la historia, la literatura o el arte durante el encuentro &quot;Digitisation Days&quot;, que se ha clausurado hoy en la Biblioteca Nacional de Espa\u00f1a. &quot;La ciencia y la tecnolog\u00eda, gracias al talento","og:url":"https:\/\/eldigitaldeasturias.com\/magazine365\/vargas-llosa-ensalza-la-labor-de-las-jornadas-digitisation-days\/","og:image":"https:\/\/eldigitaldeasturias.com\/magazine365\/wp-content\/uploads\/2014\/05\/6280651w.jpg","og:image:secure_url":"https:\/\/eldigitaldeasturias.com\/magazine365\/wp-content\/uploads\/2014\/05\/6280651w.jpg","og:image:width":800,"og:image:height":623,"article:published_time":"2014-05-21T01:49:27+00:00","article:modified_time":"2014-07-11T08:16:51+00:00","twitter:card":"summary_large_image","twitter:title":"Vargas Llosa ensalza la labor de las jornadas Digitisation Days | El Digital de Asturias","twitter:description":"Madrid, 20 may (EFE).- El escritor peruano Mario Vargas Llosa ha elogiado que la &quot;ciencia y la tecnolog\u00eda&quot; se hayan puesto &quot;al servicio&quot; de la historia, la literatura o el arte durante el encuentro &quot;Digitisation Days&quot;, que se ha clausurado hoy en la Biblioteca Nacional de Espa\u00f1a. &quot;La ciencia y la tecnolog\u00eda, gracias al talento","twitter:image":"https:\/\/eldigitaldeasturias.com\/magazine365\/wp-content\/uploads\/2014\/05\/6280651w.jpg"},"aioseo_meta_data":{"post_id":"13402","title":null,"description":null,"keywords":null,"keyphrases":null,"primary_term":null,"canonical_url":null,"og_title":null,"og_description":null,"og_object_type":"default","og_image_type":"default","og_image_url":null,"og_image_width":null,"og_image_height":null,"og_image_custom_url":null,"og_image_custom_fields":null,"og_video":null,"og_custom_url":null,"og_article_section":null,"og_article_tags":null,"twitter_use_og":false,"twitter_card":"default","twitter_image_type":"default","twitter_image_url":null,"twitter_image_custom_url":null,"twitter_image_custom_fields":null,"twitter_title":null,"twitter_description":null,"schema":{"blockGraphs":[],"customGraphs":[],"default":{"data":{"Article":[],"Course":[],"Dataset":[],"FAQPage":[],"Movie":[],"Person":[],"Product":[],"ProductReview":[],"Car":[],"Recipe":[],"Service":[],"SoftwareApplication":[],"WebPage":[]},"graphName":"","isEnabled":true},"graphs":[],"defaultGraph":"","defaultPostTypeGraph":""},"schema_type":null,"schema_type_options":null,"pillar_content":false,"robots_default":true,"robots_noindex":false,"robots_noarchive":false,"robots_nosnippet":false,"robots_nofollow":false,"robots_noimageindex":false,"robots_noodp":false,"robots_notranslate":false,"robots_max_snippet":null,"robots_max_videopreview":null,"robots_max_imagepreview":"large","priority":null,"frequency":null,"location":null,"local_seo":null,"seo_analyzer_scan_date":"2025-09-17 08:12:01","breadcrumb_settings":null,"limit_modified_date":false,"open_ai":null,"ai":null,"created":"2021-03-09 08:28:54","updated":"2025-09-17 08:12:01"},"aioseo_breadcrumb":"<div class=\"aioseo-breadcrumbs\"><span class=\"aioseo-breadcrumb\">\n\t<a href=\"https:\/\/eldigitaldeasturias.com\/magazine365\" title=\"Home\">Home<\/a>\n<\/span><span class=\"aioseo-breadcrumb-separator\">\u2013<\/span><span class=\"aioseo-breadcrumb\">\n\t<a href=\"https:\/\/eldigitaldeasturias.com\/magazine365\/category\/noticias-actualidad\/\" title=\"Noticias y Actualidad\">Noticias y Actualidad<\/a>\n<\/span><span class=\"aioseo-breadcrumb-separator\">\u2013<\/span><span class=\"aioseo-breadcrumb\">\n\t<a href=\"https:\/\/eldigitaldeasturias.com\/magazine365\/vargas-llosa-ensalza-la-labor-de-las-jornadas-digitisation-days\/\" title=\"Vargas Llosa ensalza la labor de las jornadas Digitisation Days\">Vargas Llosa ensalza la labor de las jornadas Digitisation Days<\/a>\n<\/span><\/div>","aioseo_breadcrumb_json":[{"label":"Home","link":"https:\/\/eldigitaldeasturias.com\/magazine365"},{"label":"Noticias y Actualidad","link":"https:\/\/eldigitaldeasturias.com\/magazine365\/category\/noticias-actualidad\/"},{"label":"Vargas Llosa ensalza la labor de las jornadas Digitisation Days","link":"https:\/\/eldigitaldeasturias.com\/magazine365\/vargas-llosa-ensalza-la-labor-de-las-jornadas-digitisation-days\/"}],"_links":{"self":[{"href":"https:\/\/eldigitaldeasturias.com\/magazine365\/wp-json\/wp\/v2\/posts\/13402","targetHints":{"allow":["GET"]}}],"collection":[{"href":"https:\/\/eldigitaldeasturias.com\/magazine365\/wp-json\/wp\/v2\/posts"}],"about":[{"href":"https:\/\/eldigitaldeasturias.com\/magazine365\/wp-json\/wp\/v2\/types\/post"}],"author":[{"embeddable":true,"href":"https:\/\/eldigitaldeasturias.com\/magazine365\/wp-json\/wp\/v2\/users\/1"}],"replies":[{"embeddable":true,"href":"https:\/\/eldigitaldeasturias.com\/magazine365\/wp-json\/wp\/v2\/comments?post=13402"}],"version-history":[{"count":0,"href":"https:\/\/eldigitaldeasturias.com\/magazine365\/wp-json\/wp\/v2\/posts\/13402\/revisions"}],"wp:featuredmedia":[{"embeddable":true,"href":"https:\/\/eldigitaldeasturias.com\/magazine365\/wp-json\/wp\/v2\/media\/13403"}],"wp:attachment":[{"href":"https:\/\/eldigitaldeasturias.com\/magazine365\/wp-json\/wp\/v2\/media?parent=13402"}],"wp:term":[{"taxonomy":"category","embeddable":true,"href":"https:\/\/eldigitaldeasturias.com\/magazine365\/wp-json\/wp\/v2\/categories?post=13402"},{"taxonomy":"post_tag","embeddable":true,"href":"https:\/\/eldigitaldeasturias.com\/magazine365\/wp-json\/wp\/v2\/tags?post=13402"}],"curies":[{"name":"wp","href":"https:\/\/api.w.org\/{rel}","templated":true}]}}