{"id":13399,"date":"2014-05-20T23:42:38","date_gmt":"2014-05-21T01:42:38","guid":{"rendered":"http:\/\/eldigitaldeasturias.com\/magazine365\/?p=13399"},"modified":"2014-05-20T23:42:38","modified_gmt":"2014-05-21T01:42:38","slug":"espana-destino-favorito-entre-los-profesionales-europeos","status":"publish","type":"post","link":"https:\/\/eldigitaldeasturias.com\/magazine365\/espana-destino-favorito-entre-los-profesionales-europeos\/","title":{"rendered":"Espa\u00f1a, destino favorito entre los profesionales europeos"},"content":{"rendered":"<p><img fetchpriority=\"high\" decoding=\"async\" class=\"alignleft size-medium wp-image-13400\" alt=\"6279770w\" src=\"https:\/\/eldigitaldeasturias.com\/magazine365\/wp-content\/uploads\/2014\/05\/6279770w-360x209.jpg\" width=\"360\" height=\"209\" srcset=\"https:\/\/eldigitaldeasturias.com\/magazine365\/wp-content\/uploads\/2014\/05\/6279770w-360x209.jpg 360w, https:\/\/eldigitaldeasturias.com\/magazine365\/wp-content\/uploads\/2014\/05\/6279770w-650x378.jpg 650w, https:\/\/eldigitaldeasturias.com\/magazine365\/wp-content\/uploads\/2014\/05\/6279770w-768x446.jpg 768w, https:\/\/eldigitaldeasturias.com\/magazine365\/wp-content\/uploads\/2014\/05\/6279770w-150x87.jpg 150w, https:\/\/eldigitaldeasturias.com\/magazine365\/wp-content\/uploads\/2014\/05\/6279770w-450x262.jpg 450w, https:\/\/eldigitaldeasturias.com\/magazine365\/wp-content\/uploads\/2014\/05\/6279770w-696x405.jpg 696w, https:\/\/eldigitaldeasturias.com\/magazine365\/wp-content\/uploads\/2014\/05\/6279770w-723x420.jpg 723w, https:\/\/eldigitaldeasturias.com\/magazine365\/wp-content\/uploads\/2014\/05\/6279770w-172x100.jpg 172w, https:\/\/eldigitaldeasturias.com\/magazine365\/wp-content\/uploads\/2014\/05\/6279770w.jpg 800w\" sizes=\"(max-width: 360px) 100vw, 360px\" \/>Fr\u00e1ncfort (Alemania), 20 may (EFE).- Espa\u00f1a es el destino favorito entre los profesionales europeos para viajes de trabajo con una cuota de mercado del 54 %, seguido de Alemania con un 41 %, dijo hoy la directora de la Oficina de la Oficina Espa\u00f1ola de Turismo en Fr\u00e1ncfort, Ana Cristina Gozalo.<\/p>\n<p>En la Feria de Reuniones, Viajes de Incentivo y Eventos (IMEX), Gozalo se\u00f1al\u00f3 que el gasto de los turistas de negocios subi\u00f3 en Espa\u00f1a el a\u00f1o pasado un 7,3 %, hasta 4.240 millones de euros.<\/p>\n<p>El n\u00famero de turistas internacionales que viaj\u00f3 en 2013 por motivos de trabajo o negocios a Espa\u00f1a cay\u00f3 a 4,06 millones de visitantes, un 1 % menos respecto el a\u00f1o anterior.<\/p>\n<p>El gasto medio diario de cada visitante ascendi\u00f3 el pasado a\u00f1o a 164 euros (158 euros en 2012).<\/p>\n<p>El a\u00f1o pasado viajaron a Espa\u00f1a 9,8 millones de turistas alemanes, de ellos 455.697 visitantes alemanes fueron por negocios.<\/p>\n<p>Las regiones preferidas para los turistas de negocios alemanes son Catalu\u00f1a, Islas Baleares, Madrid, Andaluc\u00eda y Pa\u00eds Vasco.<\/p>\n<p>Las ventajas de Espa\u00f1a en el caso de los viajes de incentivo son la variedad de actividades al aire libre y los programas a medida como por ejemplo la vida nocturna o un rally de tapas en Palma de Mallorca, viajes de Formula 1 en el Circuito de Catalu\u00f1a y un rally en descapotable por los volcanes de Lanzarote.<\/p>\n<p>El gasto total medio diario de turistas alemanes de negocios fue en 2013 de 152 euros, seg\u00fan cifras de Turespa\u00f1a.<\/p>\n<p>Espa\u00f1a ocup\u00f3 el a\u00f1o pasado la tercera posici\u00f3n en el r\u00e1nking mundial de pa\u00edses en los que se organizaron congresos.<\/p>\n<p>Gozalo se\u00f1al\u00f3 que aumenta la demanda de hoteles de tres y cuatro estrellas y disminuye la de cinco estrellas.<\/p>\n<p>Asimismo ganan peso las plataformas en internet de reservas de hoteles y aumenta la incertidumbre porque aumenta la preferencia por reservar con poco tiempo de antelaci\u00f3n, seg\u00fan la directora de la Oficina de la Oficina Espa\u00f1ola de Turismo en Fr\u00e1ncfort.<\/p>\n<p>Los clientes solicitan cumplimiento normativo, seguridad y sostenibilidad en un momentos de ajustes en los gastos empresariales.<\/p>\n<p>El expositor de Turespa\u00f1a en IMEX 2014 cuenta con 140 coexpositores que, durante los tres d\u00edas de la feria, atender\u00e1n m\u00e1s de 1.000 citas con compradores internacionales.<\/p>\n","protected":false},"excerpt":{"rendered":"<p>Fr\u00e1ncfort (Alemania), 20 may (EFE).- Espa\u00f1a es el destino favorito entre los profesionales europeos para viajes de trabajo con una cuota de mercado del 54 %, seguido de Alemania con un 41 %, dijo hoy la directora de la Oficina de la Oficina Espa\u00f1ola de Turismo en Fr\u00e1ncfort, Ana Cristina Gozalo. En la Feria de<\/p>\n","protected":false},"author":1,"featured_media":13400,"comment_status":"open","ping_status":"closed","sticky":false,"template":"","format":"standard","meta":{"footnotes":""},"categories":[224],"tags":[],"class_list":{"0":"post-13399","1":"post","2":"type-post","3":"status-publish","4":"format-standard","5":"has-post-thumbnail","7":"category-noticias-actualidad"},"aioseo_notices":[],"aioseo_head":"\n\t\t<!-- All in One SEO Pro 4.9.6.1 - aioseo.com -->\n\t<meta name=\"description\" content=\"Fr\u00e1ncfort (Alemania), 20 may (EFE).- Espa\u00f1a es el destino favorito entre los profesionales europeos para viajes de trabajo con una cuota de mercado del 54 %, seguido de Alemania con un 41 %, dijo hoy la directora de la Oficina de la Oficina Espa\u00f1ola de Turismo en Fr\u00e1ncfort, Ana Cristina Gozalo. En la Feria de\" \/>\n\t<meta name=\"robots\" content=\"max-image-preview:large\" \/>\n\t<meta name=\"author\" content=\"admin\"\/>\n\t<meta name=\"google-site-verification\" content=\"UA-38556648-1\" \/>\n\t<meta name=\"keywords\" content=\"noticias y actualidad\" \/>\n\t<link rel=\"canonical\" href=\"https:\/\/eldigitaldeasturias.com\/magazine365\/espana-destino-favorito-entre-los-profesionales-europeos\/\" \/>\n\t<meta name=\"generator\" content=\"All in One SEO Pro (AIOSEO) 4.9.6.1\" \/>\n\t\t<meta property=\"og:locale\" content=\"es_ES\" \/>\n\t\t<meta property=\"og:site_name\" content=\"El Digital de Asturias \u2013 Revista de ocio, turismo y estilo de vida\" \/>\n\t\t<meta property=\"og:type\" content=\"article\" \/>\n\t\t<meta property=\"og:title\" content=\"Espa\u00f1a, destino favorito entre los profesionales europeos | El Digital de Asturias\" \/>\n\t\t<meta property=\"og:description\" content=\"Fr\u00e1ncfort (Alemania), 20 may (EFE).- Espa\u00f1a es el destino favorito entre los profesionales europeos para viajes de trabajo con una cuota de mercado del 54 %, seguido de Alemania con un 41 %, dijo hoy la directora de la Oficina de la Oficina Espa\u00f1ola de Turismo en Fr\u00e1ncfort, Ana Cristina Gozalo. En la Feria de\" \/>\n\t\t<meta property=\"og:url\" content=\"https:\/\/eldigitaldeasturias.com\/magazine365\/espana-destino-favorito-entre-los-profesionales-europeos\/\" \/>\n\t\t<meta property=\"og:image\" content=\"https:\/\/eldigitaldeasturias.com\/magazine365\/wp-content\/uploads\/2014\/05\/6279770w.jpg\" \/>\n\t\t<meta property=\"og:image:secure_url\" content=\"https:\/\/eldigitaldeasturias.com\/magazine365\/wp-content\/uploads\/2014\/05\/6279770w.jpg\" \/>\n\t\t<meta property=\"og:image:width\" content=\"800\" \/>\n\t\t<meta property=\"og:image:height\" content=\"465\" \/>\n\t\t<meta property=\"article:published_time\" content=\"2014-05-21T01:42:38+00:00\" \/>\n\t\t<meta property=\"article:modified_time\" content=\"2014-05-21T01:42:38+00:00\" \/>\n\t\t<meta name=\"twitter:card\" content=\"summary_large_image\" \/>\n\t\t<meta name=\"twitter:title\" content=\"Espa\u00f1a, destino favorito entre los profesionales europeos | El Digital de Asturias\" \/>\n\t\t<meta name=\"twitter:description\" content=\"Fr\u00e1ncfort (Alemania), 20 may (EFE).- Espa\u00f1a es el destino favorito entre los profesionales europeos para viajes de trabajo con una cuota de mercado del 54 %, seguido de Alemania con un 41 %, dijo hoy la directora de la Oficina de la Oficina Espa\u00f1ola de Turismo en Fr\u00e1ncfort, Ana Cristina Gozalo. En la Feria de\" \/>\n\t\t<meta name=\"twitter:image\" content=\"https:\/\/eldigitaldeasturias.com\/magazine365\/wp-content\/uploads\/2014\/05\/6279770w.jpg\" \/>\n\t\t<script type=\"application\/ld+json\" class=\"aioseo-schema\">\n\t\t\t{\"@context\":\"https:\\\/\\\/schema.org\",\"@graph\":[{\"@type\":\"Article\",\"@id\":\"https:\\\/\\\/eldigitaldeasturias.com\\\/magazine365\\\/espana-destino-favorito-entre-los-profesionales-europeos\\\/#article\",\"name\":\"Espa\\u00f1a, destino favorito entre los profesionales europeos | El Digital de Asturias\",\"headline\":\"Espa\\u00f1a, destino favorito entre los profesionales europeos\",\"author\":{\"@id\":\"https:\\\/\\\/eldigitaldeasturias.com\\\/magazine365\\\/author\\\/admin\\\/#author\"},\"publisher\":{\"@id\":\"https:\\\/\\\/eldigitaldeasturias.com\\\/magazine365\\\/#organization\"},\"image\":{\"@type\":\"ImageObject\",\"url\":\"https:\\\/\\\/eldigitaldeasturias.com\\\/magazine365\\\/wp-content\\\/uploads\\\/2014\\\/05\\\/6279770w.jpg\",\"width\":800,\"height\":465},\"datePublished\":\"2014-05-20T23:42:38+02:00\",\"dateModified\":\"2014-05-20T23:42:38+02:00\",\"inLanguage\":\"es-ES\",\"mainEntityOfPage\":{\"@id\":\"https:\\\/\\\/eldigitaldeasturias.com\\\/magazine365\\\/espana-destino-favorito-entre-los-profesionales-europeos\\\/#webpage\"},\"isPartOf\":{\"@id\":\"https:\\\/\\\/eldigitaldeasturias.com\\\/magazine365\\\/espana-destino-favorito-entre-los-profesionales-europeos\\\/#webpage\"},\"articleSection\":\"Noticias y Actualidad\"},{\"@type\":\"BreadcrumbList\",\"@id\":\"https:\\\/\\\/eldigitaldeasturias.com\\\/magazine365\\\/espana-destino-favorito-entre-los-profesionales-europeos\\\/#breadcrumblist\",\"itemListElement\":[{\"@type\":\"ListItem\",\"@id\":\"https:\\\/\\\/eldigitaldeasturias.com\\\/magazine365#listItem\",\"position\":1,\"name\":\"Home\",\"item\":\"https:\\\/\\\/eldigitaldeasturias.com\\\/magazine365\",\"nextItem\":{\"@type\":\"ListItem\",\"@id\":\"https:\\\/\\\/eldigitaldeasturias.com\\\/magazine365\\\/category\\\/noticias-actualidad\\\/#listItem\",\"name\":\"Noticias y Actualidad\"}},{\"@type\":\"ListItem\",\"@id\":\"https:\\\/\\\/eldigitaldeasturias.com\\\/magazine365\\\/category\\\/noticias-actualidad\\\/#listItem\",\"position\":2,\"name\":\"Noticias y Actualidad\",\"item\":\"https:\\\/\\\/eldigitaldeasturias.com\\\/magazine365\\\/category\\\/noticias-actualidad\\\/\",\"nextItem\":{\"@type\":\"ListItem\",\"@id\":\"https:\\\/\\\/eldigitaldeasturias.com\\\/magazine365\\\/espana-destino-favorito-entre-los-profesionales-europeos\\\/#listItem\",\"name\":\"Espa\\u00f1a, destino favorito entre los profesionales europeos\"},\"previousItem\":{\"@type\":\"ListItem\",\"@id\":\"https:\\\/\\\/eldigitaldeasturias.com\\\/magazine365#listItem\",\"name\":\"Home\"}},{\"@type\":\"ListItem\",\"@id\":\"https:\\\/\\\/eldigitaldeasturias.com\\\/magazine365\\\/espana-destino-favorito-entre-los-profesionales-europeos\\\/#listItem\",\"position\":3,\"name\":\"Espa\\u00f1a, destino favorito entre los profesionales europeos\",\"previousItem\":{\"@type\":\"ListItem\",\"@id\":\"https:\\\/\\\/eldigitaldeasturias.com\\\/magazine365\\\/category\\\/noticias-actualidad\\\/#listItem\",\"name\":\"Noticias y Actualidad\"}}]},{\"@type\":\"Organization\",\"@id\":\"https:\\\/\\\/eldigitaldeasturias.com\\\/magazine365\\\/#organization\",\"name\":\"El digital de Asturias\",\"description\":\"Revista de ocio, turismo y estilo de vida\",\"url\":\"https:\\\/\\\/eldigitaldeasturias.com\\\/magazine365\\\/\",\"logo\":{\"@type\":\"ImageObject\",\"url\":\"https:\\\/\\\/www.eldigitaldeasturias.com\\\/noticias\\\/wp-content\\\/uploads\\\/2020\\\/12\\\/EDA.jpg\",\"@id\":\"https:\\\/\\\/eldigitaldeasturias.com\\\/magazine365\\\/espana-destino-favorito-entre-los-profesionales-europeos\\\/#organizationLogo\"},\"image\":{\"@id\":\"https:\\\/\\\/eldigitaldeasturias.com\\\/magazine365\\\/espana-destino-favorito-entre-los-profesionales-europeos\\\/#organizationLogo\"}},{\"@type\":\"Person\",\"@id\":\"https:\\\/\\\/eldigitaldeasturias.com\\\/magazine365\\\/author\\\/admin\\\/#author\",\"url\":\"https:\\\/\\\/eldigitaldeasturias.com\\\/magazine365\\\/author\\\/admin\\\/\",\"name\":\"admin\",\"image\":{\"@type\":\"ImageObject\",\"@id\":\"https:\\\/\\\/eldigitaldeasturias.com\\\/magazine365\\\/espana-destino-favorito-entre-los-profesionales-europeos\\\/#authorImage\",\"url\":\"https:\\\/\\\/eldigitaldeasturias.com\\\/magazine365\\\/wp-content\\\/litespeed\\\/avatar\\\/e571bcf59a0edd6fa6838245a470f2fe.jpg?ver=1776969259\",\"width\":96,\"height\":96,\"caption\":\"admin\"}},{\"@type\":\"WebPage\",\"@id\":\"https:\\\/\\\/eldigitaldeasturias.com\\\/magazine365\\\/espana-destino-favorito-entre-los-profesionales-europeos\\\/#webpage\",\"url\":\"https:\\\/\\\/eldigitaldeasturias.com\\\/magazine365\\\/espana-destino-favorito-entre-los-profesionales-europeos\\\/\",\"name\":\"Espa\\u00f1a, destino favorito entre los profesionales europeos | El Digital de Asturias\",\"description\":\"Fr\\u00e1ncfort (Alemania), 20 may (EFE).- Espa\\u00f1a es el destino favorito entre los profesionales europeos para viajes de trabajo con una cuota de mercado del 54 %, seguido de Alemania con un 41 %, dijo hoy la directora de la Oficina de la Oficina Espa\\u00f1ola de Turismo en Fr\\u00e1ncfort, Ana Cristina Gozalo. En la Feria de\",\"inLanguage\":\"es-ES\",\"isPartOf\":{\"@id\":\"https:\\\/\\\/eldigitaldeasturias.com\\\/magazine365\\\/#website\"},\"breadcrumb\":{\"@id\":\"https:\\\/\\\/eldigitaldeasturias.com\\\/magazine365\\\/espana-destino-favorito-entre-los-profesionales-europeos\\\/#breadcrumblist\"},\"author\":{\"@id\":\"https:\\\/\\\/eldigitaldeasturias.com\\\/magazine365\\\/author\\\/admin\\\/#author\"},\"creator\":{\"@id\":\"https:\\\/\\\/eldigitaldeasturias.com\\\/magazine365\\\/author\\\/admin\\\/#author\"},\"image\":{\"@type\":\"ImageObject\",\"url\":\"https:\\\/\\\/eldigitaldeasturias.com\\\/magazine365\\\/wp-content\\\/uploads\\\/2014\\\/05\\\/6279770w.jpg\",\"@id\":\"https:\\\/\\\/eldigitaldeasturias.com\\\/magazine365\\\/espana-destino-favorito-entre-los-profesionales-europeos\\\/#mainImage\",\"width\":800,\"height\":465},\"primaryImageOfPage\":{\"@id\":\"https:\\\/\\\/eldigitaldeasturias.com\\\/magazine365\\\/espana-destino-favorito-entre-los-profesionales-europeos\\\/#mainImage\"},\"datePublished\":\"2014-05-20T23:42:38+02:00\",\"dateModified\":\"2014-05-20T23:42:38+02:00\"},{\"@type\":\"WebSite\",\"@id\":\"https:\\\/\\\/eldigitaldeasturias.com\\\/magazine365\\\/#website\",\"url\":\"https:\\\/\\\/eldigitaldeasturias.com\\\/magazine365\\\/\",\"name\":\"El Digital de Asturias\",\"description\":\"Revista de ocio, turismo y estilo de vida\",\"inLanguage\":\"es-ES\",\"publisher\":{\"@id\":\"https:\\\/\\\/eldigitaldeasturias.com\\\/magazine365\\\/#organization\"}}]}\n\t\t<\/script>\n\t\t<!-- All in One SEO Pro -->\r\n\t\t<title>Espa\u00f1a, destino favorito entre los profesionales europeos | El Digital de Asturias<\/title>\n\n","aioseo_head_json":{"title":"Espa\u00f1a, destino favorito entre los profesionales europeos | El Digital de Asturias","description":"Fr\u00e1ncfort (Alemania), 20 may (EFE).- Espa\u00f1a es el destino favorito entre los profesionales europeos para viajes de trabajo con una cuota de mercado del 54 %, seguido de Alemania con un 41 %, dijo hoy la directora de la Oficina de la Oficina Espa\u00f1ola de Turismo en Fr\u00e1ncfort, Ana Cristina Gozalo. En la Feria de","canonical_url":"https:\/\/eldigitaldeasturias.com\/magazine365\/espana-destino-favorito-entre-los-profesionales-europeos\/","robots":"max-image-preview:large","keywords":"noticias y actualidad","webmasterTools":{"google-site-verification":"UA-38556648-1","miscellaneous":""},"schema":{"@context":"https:\/\/schema.org","@graph":[{"@type":"Article","@id":"https:\/\/eldigitaldeasturias.com\/magazine365\/espana-destino-favorito-entre-los-profesionales-europeos\/#article","name":"Espa\u00f1a, destino favorito entre los profesionales europeos | El Digital de Asturias","headline":"Espa\u00f1a, destino favorito entre los profesionales europeos","author":{"@id":"https:\/\/eldigitaldeasturias.com\/magazine365\/author\/admin\/#author"},"publisher":{"@id":"https:\/\/eldigitaldeasturias.com\/magazine365\/#organization"},"image":{"@type":"ImageObject","url":"https:\/\/eldigitaldeasturias.com\/magazine365\/wp-content\/uploads\/2014\/05\/6279770w.jpg","width":800,"height":465},"datePublished":"2014-05-20T23:42:38+02:00","dateModified":"2014-05-20T23:42:38+02:00","inLanguage":"es-ES","mainEntityOfPage":{"@id":"https:\/\/eldigitaldeasturias.com\/magazine365\/espana-destino-favorito-entre-los-profesionales-europeos\/#webpage"},"isPartOf":{"@id":"https:\/\/eldigitaldeasturias.com\/magazine365\/espana-destino-favorito-entre-los-profesionales-europeos\/#webpage"},"articleSection":"Noticias y Actualidad"},{"@type":"BreadcrumbList","@id":"https:\/\/eldigitaldeasturias.com\/magazine365\/espana-destino-favorito-entre-los-profesionales-europeos\/#breadcrumblist","itemListElement":[{"@type":"ListItem","@id":"https:\/\/eldigitaldeasturias.com\/magazine365#listItem","position":1,"name":"Home","item":"https:\/\/eldigitaldeasturias.com\/magazine365","nextItem":{"@type":"ListItem","@id":"https:\/\/eldigitaldeasturias.com\/magazine365\/category\/noticias-actualidad\/#listItem","name":"Noticias y Actualidad"}},{"@type":"ListItem","@id":"https:\/\/eldigitaldeasturias.com\/magazine365\/category\/noticias-actualidad\/#listItem","position":2,"name":"Noticias y Actualidad","item":"https:\/\/eldigitaldeasturias.com\/magazine365\/category\/noticias-actualidad\/","nextItem":{"@type":"ListItem","@id":"https:\/\/eldigitaldeasturias.com\/magazine365\/espana-destino-favorito-entre-los-profesionales-europeos\/#listItem","name":"Espa\u00f1a, destino favorito entre los profesionales europeos"},"previousItem":{"@type":"ListItem","@id":"https:\/\/eldigitaldeasturias.com\/magazine365#listItem","name":"Home"}},{"@type":"ListItem","@id":"https:\/\/eldigitaldeasturias.com\/magazine365\/espana-destino-favorito-entre-los-profesionales-europeos\/#listItem","position":3,"name":"Espa\u00f1a, destino favorito entre los profesionales europeos","previousItem":{"@type":"ListItem","@id":"https:\/\/eldigitaldeasturias.com\/magazine365\/category\/noticias-actualidad\/#listItem","name":"Noticias y Actualidad"}}]},{"@type":"Organization","@id":"https:\/\/eldigitaldeasturias.com\/magazine365\/#organization","name":"El digital de Asturias","description":"Revista de ocio, turismo y estilo de vida","url":"https:\/\/eldigitaldeasturias.com\/magazine365\/","logo":{"@type":"ImageObject","url":"https:\/\/www.eldigitaldeasturias.com\/noticias\/wp-content\/uploads\/2020\/12\/EDA.jpg","@id":"https:\/\/eldigitaldeasturias.com\/magazine365\/espana-destino-favorito-entre-los-profesionales-europeos\/#organizationLogo"},"image":{"@id":"https:\/\/eldigitaldeasturias.com\/magazine365\/espana-destino-favorito-entre-los-profesionales-europeos\/#organizationLogo"}},{"@type":"Person","@id":"https:\/\/eldigitaldeasturias.com\/magazine365\/author\/admin\/#author","url":"https:\/\/eldigitaldeasturias.com\/magazine365\/author\/admin\/","name":"admin","image":{"@type":"ImageObject","@id":"https:\/\/eldigitaldeasturias.com\/magazine365\/espana-destino-favorito-entre-los-profesionales-europeos\/#authorImage","url":"https:\/\/eldigitaldeasturias.com\/magazine365\/wp-content\/litespeed\/avatar\/e571bcf59a0edd6fa6838245a470f2fe.jpg?ver=1776969259","width":96,"height":96,"caption":"admin"}},{"@type":"WebPage","@id":"https:\/\/eldigitaldeasturias.com\/magazine365\/espana-destino-favorito-entre-los-profesionales-europeos\/#webpage","url":"https:\/\/eldigitaldeasturias.com\/magazine365\/espana-destino-favorito-entre-los-profesionales-europeos\/","name":"Espa\u00f1a, destino favorito entre los profesionales europeos | El Digital de Asturias","description":"Fr\u00e1ncfort (Alemania), 20 may (EFE).- Espa\u00f1a es el destino favorito entre los profesionales europeos para viajes de trabajo con una cuota de mercado del 54 %, seguido de Alemania con un 41 %, dijo hoy la directora de la Oficina de la Oficina Espa\u00f1ola de Turismo en Fr\u00e1ncfort, Ana Cristina Gozalo. En la Feria de","inLanguage":"es-ES","isPartOf":{"@id":"https:\/\/eldigitaldeasturias.com\/magazine365\/#website"},"breadcrumb":{"@id":"https:\/\/eldigitaldeasturias.com\/magazine365\/espana-destino-favorito-entre-los-profesionales-europeos\/#breadcrumblist"},"author":{"@id":"https:\/\/eldigitaldeasturias.com\/magazine365\/author\/admin\/#author"},"creator":{"@id":"https:\/\/eldigitaldeasturias.com\/magazine365\/author\/admin\/#author"},"image":{"@type":"ImageObject","url":"https:\/\/eldigitaldeasturias.com\/magazine365\/wp-content\/uploads\/2014\/05\/6279770w.jpg","@id":"https:\/\/eldigitaldeasturias.com\/magazine365\/espana-destino-favorito-entre-los-profesionales-europeos\/#mainImage","width":800,"height":465},"primaryImageOfPage":{"@id":"https:\/\/eldigitaldeasturias.com\/magazine365\/espana-destino-favorito-entre-los-profesionales-europeos\/#mainImage"},"datePublished":"2014-05-20T23:42:38+02:00","dateModified":"2014-05-20T23:42:38+02:00"},{"@type":"WebSite","@id":"https:\/\/eldigitaldeasturias.com\/magazine365\/#website","url":"https:\/\/eldigitaldeasturias.com\/magazine365\/","name":"El Digital de Asturias","description":"Revista de ocio, turismo y estilo de vida","inLanguage":"es-ES","publisher":{"@id":"https:\/\/eldigitaldeasturias.com\/magazine365\/#organization"}}]},"og:locale":"es_ES","og:site_name":"El Digital de Asturias \u2013 Revista de ocio, turismo y estilo de vida","og:type":"article","og:title":"Espa\u00f1a, destino favorito entre los profesionales europeos | El Digital de Asturias","og:description":"Fr\u00e1ncfort (Alemania), 20 may (EFE).- Espa\u00f1a es el destino favorito entre los profesionales europeos para viajes de trabajo con una cuota de mercado del 54 %, seguido de Alemania con un 41 %, dijo hoy la directora de la Oficina de la Oficina Espa\u00f1ola de Turismo en Fr\u00e1ncfort, Ana Cristina Gozalo. En la Feria de","og:url":"https:\/\/eldigitaldeasturias.com\/magazine365\/espana-destino-favorito-entre-los-profesionales-europeos\/","og:image":"https:\/\/eldigitaldeasturias.com\/magazine365\/wp-content\/uploads\/2014\/05\/6279770w.jpg","og:image:secure_url":"https:\/\/eldigitaldeasturias.com\/magazine365\/wp-content\/uploads\/2014\/05\/6279770w.jpg","og:image:width":800,"og:image:height":465,"article:published_time":"2014-05-21T01:42:38+00:00","article:modified_time":"2014-05-21T01:42:38+00:00","twitter:card":"summary_large_image","twitter:title":"Espa\u00f1a, destino favorito entre los profesionales europeos | El Digital de Asturias","twitter:description":"Fr\u00e1ncfort (Alemania), 20 may (EFE).- Espa\u00f1a es el destino favorito entre los profesionales europeos para viajes de trabajo con una cuota de mercado del 54 %, seguido de Alemania con un 41 %, dijo hoy la directora de la Oficina de la Oficina Espa\u00f1ola de Turismo en Fr\u00e1ncfort, Ana Cristina Gozalo. En la Feria de","twitter:image":"https:\/\/eldigitaldeasturias.com\/magazine365\/wp-content\/uploads\/2014\/05\/6279770w.jpg"},"aioseo_meta_data":{"post_id":"13399","title":null,"description":null,"keywords":null,"keyphrases":null,"primary_term":null,"canonical_url":null,"og_title":null,"og_description":null,"og_object_type":"default","og_image_type":"default","og_image_url":null,"og_image_width":null,"og_image_height":null,"og_image_custom_url":null,"og_image_custom_fields":null,"og_video":null,"og_custom_url":null,"og_article_section":null,"og_article_tags":null,"twitter_use_og":false,"twitter_card":"default","twitter_image_type":"default","twitter_image_url":null,"twitter_image_custom_url":null,"twitter_image_custom_fields":null,"twitter_title":null,"twitter_description":null,"schema":{"blockGraphs":[],"customGraphs":[],"default":{"data":{"Article":[],"Course":[],"Dataset":[],"FAQPage":[],"Movie":[],"Person":[],"Product":[],"ProductReview":[],"Car":[],"Recipe":[],"Service":[],"SoftwareApplication":[],"WebPage":[]},"graphName":"","isEnabled":true},"graphs":[],"defaultGraph":"","defaultPostTypeGraph":""},"schema_type":null,"schema_type_options":null,"pillar_content":false,"robots_default":true,"robots_noindex":false,"robots_noarchive":false,"robots_nosnippet":false,"robots_nofollow":false,"robots_noimageindex":false,"robots_noodp":false,"robots_notranslate":false,"robots_max_snippet":null,"robots_max_videopreview":null,"robots_max_imagepreview":"large","priority":null,"frequency":null,"location":null,"local_seo":null,"seo_analyzer_scan_date":"2025-09-17 08:11:58","breadcrumb_settings":null,"limit_modified_date":false,"open_ai":null,"ai":null,"created":"2021-03-09 08:28:54","updated":"2025-09-17 08:11:58"},"aioseo_breadcrumb":"<div class=\"aioseo-breadcrumbs\"><span class=\"aioseo-breadcrumb\">\n\t<a href=\"https:\/\/eldigitaldeasturias.com\/magazine365\" title=\"Home\">Home<\/a>\n<\/span><span class=\"aioseo-breadcrumb-separator\">\u2013<\/span><span class=\"aioseo-breadcrumb\">\n\t<a href=\"https:\/\/eldigitaldeasturias.com\/magazine365\/category\/noticias-actualidad\/\" title=\"Noticias y Actualidad\">Noticias y Actualidad<\/a>\n<\/span><span class=\"aioseo-breadcrumb-separator\">\u2013<\/span><span class=\"aioseo-breadcrumb\">\n\t<a href=\"https:\/\/eldigitaldeasturias.com\/magazine365\/espana-destino-favorito-entre-los-profesionales-europeos\/\" title=\"Espa\u00f1a, destino favorito entre los profesionales europeos\">Espa\u00f1a, destino favorito entre los profesionales europeos<\/a>\n<\/span><\/div>","aioseo_breadcrumb_json":[{"label":"Home","link":"https:\/\/eldigitaldeasturias.com\/magazine365"},{"label":"Noticias y Actualidad","link":"https:\/\/eldigitaldeasturias.com\/magazine365\/category\/noticias-actualidad\/"},{"label":"Espa\u00f1a, destino favorito entre los profesionales europeos","link":"https:\/\/eldigitaldeasturias.com\/magazine365\/espana-destino-favorito-entre-los-profesionales-europeos\/"}],"_links":{"self":[{"href":"https:\/\/eldigitaldeasturias.com\/magazine365\/wp-json\/wp\/v2\/posts\/13399","targetHints":{"allow":["GET"]}}],"collection":[{"href":"https:\/\/eldigitaldeasturias.com\/magazine365\/wp-json\/wp\/v2\/posts"}],"about":[{"href":"https:\/\/eldigitaldeasturias.com\/magazine365\/wp-json\/wp\/v2\/types\/post"}],"author":[{"embeddable":true,"href":"https:\/\/eldigitaldeasturias.com\/magazine365\/wp-json\/wp\/v2\/users\/1"}],"replies":[{"embeddable":true,"href":"https:\/\/eldigitaldeasturias.com\/magazine365\/wp-json\/wp\/v2\/comments?post=13399"}],"version-history":[{"count":0,"href":"https:\/\/eldigitaldeasturias.com\/magazine365\/wp-json\/wp\/v2\/posts\/13399\/revisions"}],"wp:featuredmedia":[{"embeddable":true,"href":"https:\/\/eldigitaldeasturias.com\/magazine365\/wp-json\/wp\/v2\/media\/13400"}],"wp:attachment":[{"href":"https:\/\/eldigitaldeasturias.com\/magazine365\/wp-json\/wp\/v2\/media?parent=13399"}],"wp:term":[{"taxonomy":"category","embeddable":true,"href":"https:\/\/eldigitaldeasturias.com\/magazine365\/wp-json\/wp\/v2\/categories?post=13399"},{"taxonomy":"post_tag","embeddable":true,"href":"https:\/\/eldigitaldeasturias.com\/magazine365\/wp-json\/wp\/v2\/tags?post=13399"}],"curies":[{"name":"wp","href":"https:\/\/api.w.org\/{rel}","templated":true}]}}