{"id":13387,"date":"2014-05-20T23:27:33","date_gmt":"2014-05-21T01:27:33","guid":{"rendered":"http:\/\/eldigitaldeasturias.com\/magazine365\/?p=13387"},"modified":"2014-05-20T23:27:33","modified_gmt":"2014-05-21T01:27:33","slug":"una-cria-de-mamut-de-solo-un-mes-se-expone-por-primera-vez-en-europa","status":"publish","type":"post","link":"https:\/\/eldigitaldeasturias.com\/magazine365\/una-cria-de-mamut-de-solo-un-mes-se-expone-por-primera-vez-en-europa\/","title":{"rendered":"Una cr\u00eda de mamut de s\u00f3lo un mes se expone por primera vez en Europa"},"content":{"rendered":"<p><img fetchpriority=\"high\" decoding=\"async\" class=\"alignleft size-medium wp-image-13388\" alt=\"6280310w\" src=\"https:\/\/eldigitaldeasturias.com\/magazine365\/wp-content\/uploads\/2014\/05\/6280310w-301x300.jpg\" width=\"301\" height=\"300\" \/>Londres, 20 may (EFE).- Una cr\u00eda de mamut de la Edad de Hielo, que muri\u00f3 hace 42.000 a\u00f1os en Siberia cuando ten\u00eda s\u00f3lo un mes, ser\u00e1 expuesta en el Museo de Historia Natural de Londres por primera vez en Europa, inform\u00f3 hoy este centro.<\/p>\n<p>La cr\u00eda de mamut, una hembra a la que llamaron Lyuba (\u00abamor\u00bb en ruso), fue descubierta por un pastor de renos en 2007 y est\u00e1 considerada como el ejemplar de esta especie m\u00e1s completo y mejor conservado.<\/p>\n<p>De un tama\u00f1o un poco m\u00e1s grande que un perro, con 1,3 metros de alto y 50 kilos de peso, Lyuba formar\u00e1 parte de la exposici\u00f3n \u00abMamuts: Gigantes de la Edad de Hielo\u00bb, que se inaugura este viernes en el museo londinense.<\/p>\n<p>Es la primera vez que sale de Rusia, tras viajar a la capital brit\u00e1nica en una caja debidamente acondicionada desde el museo de Shemanovsky (norte de Rusia), donde ha permanecido expuesta desde su descubrimiento.<\/p>\n<p>La cr\u00eda de piel lanuda, que conserva peque\u00f1os colmillos de leche apenas visibles, mantiene sus \u00f3rganos internos intactos y s\u00f3lo presenta un defecto en la cola, que habr\u00eda sido mordida por unos animales.<\/p>\n<p>Los expertos creen que Lyuba se ahog\u00f3 mientras intentaba conseguir agua y que cay\u00f3 en el barro, que despu\u00e9s se habr\u00eda solidificado, permitiendo as\u00ed su buena conservaci\u00f3n hasta que el pastor siberiano Yuri Khudi y sus hijos la encontraron mientras buscaban le\u00f1a en la orilla del r\u00edo Yuribei (cerca del mar de Kara).<\/p>\n<p>El paleont\u00f3logo Adrian Lister, experto en mamuts del Museo de Historia Natural de Londres, dijo que su aspecto es tan \u00abreal\u00bb que parece como si \u00aben cualquier momento pudiera echar a andar\u00bb.<\/p>\n<p>Este ejemplar, parecido a sus lejanos parientes los elefantes, pertenece a un grupo de mamuts que han sido encontrados en la zona noroeste de Siberia.<\/p>\n<p>La muestra del Museo de Historia Natural de Londres exhibir\u00e1 f\u00f3siles y recreaciones de los mamuts, que aparecieron por primera vez hace unos 4,8 millones de a\u00f1os, e intentar\u00e1 ahondar en las causas de su extinci\u00f3n hace 5.000 a\u00f1os.<\/p>\n","protected":false},"excerpt":{"rendered":"<p>Londres, 20 may (EFE).- Una cr\u00eda de mamut de la Edad de Hielo, que muri\u00f3 hace 42.000 a\u00f1os en Siberia cuando ten\u00eda s\u00f3lo un mes, ser\u00e1 expuesta en el Museo de Historia Natural de Londres por primera vez en Europa, inform\u00f3 hoy este centro. La cr\u00eda de mamut, una hembra a la que llamaron Lyuba<\/p>\n","protected":false},"author":1,"featured_media":13388,"comment_status":"open","ping_status":"closed","sticky":false,"template":"","format":"standard","meta":{"footnotes":""},"categories":[224],"tags":[],"class_list":{"0":"post-13387","1":"post","2":"type-post","3":"status-publish","4":"format-standard","5":"has-post-thumbnail","7":"category-noticias-actualidad"},"aioseo_notices":[],"aioseo_head":"\n\t\t<!-- All in One SEO Pro 4.9.6.1 - aioseo.com -->\n\t<meta name=\"description\" content=\"Londres, 20 may (EFE).- Una cr\u00eda de mamut de la Edad de Hielo, que muri\u00f3 hace 42.000 a\u00f1os en Siberia cuando ten\u00eda s\u00f3lo un mes, ser\u00e1 expuesta en el Museo de Historia Natural de Londres por primera vez en Europa, inform\u00f3 hoy este centro. La cr\u00eda de mamut, una hembra a la que llamaron Lyuba\" \/>\n\t<meta name=\"robots\" content=\"max-image-preview:large\" \/>\n\t<meta name=\"author\" content=\"admin\"\/>\n\t<meta name=\"google-site-verification\" content=\"UA-38556648-1\" \/>\n\t<meta name=\"keywords\" content=\"noticias y actualidad\" \/>\n\t<link rel=\"canonical\" href=\"https:\/\/eldigitaldeasturias.com\/magazine365\/una-cria-de-mamut-de-solo-un-mes-se-expone-por-primera-vez-en-europa\/\" \/>\n\t<meta name=\"generator\" content=\"All in One SEO Pro (AIOSEO) 4.9.6.1\" \/>\n\t\t<meta property=\"og:locale\" content=\"es_ES\" \/>\n\t\t<meta property=\"og:site_name\" content=\"El Digital de Asturias \u2013 Revista de ocio, turismo y estilo de vida\" \/>\n\t\t<meta property=\"og:type\" content=\"article\" \/>\n\t\t<meta property=\"og:title\" content=\"Una cr\u00eda de mamut de s\u00f3lo un mes se expone por primera vez en Europa | El Digital de Asturias\" \/>\n\t\t<meta property=\"og:description\" content=\"Londres, 20 may (EFE).- Una cr\u00eda de mamut de la Edad de Hielo, que muri\u00f3 hace 42.000 a\u00f1os en Siberia cuando ten\u00eda s\u00f3lo un mes, ser\u00e1 expuesta en el Museo de Historia Natural de Londres por primera vez en Europa, inform\u00f3 hoy este centro. La cr\u00eda de mamut, una hembra a la que llamaron Lyuba\" \/>\n\t\t<meta property=\"og:url\" content=\"https:\/\/eldigitaldeasturias.com\/magazine365\/una-cria-de-mamut-de-solo-un-mes-se-expone-por-primera-vez-en-europa\/\" \/>\n\t\t<meta property=\"og:image\" content=\"https:\/\/eldigitaldeasturias.com\/magazine365\/wp-content\/uploads\/2014\/05\/6280310w.jpg\" \/>\n\t\t<meta property=\"og:image:secure_url\" content=\"https:\/\/eldigitaldeasturias.com\/magazine365\/wp-content\/uploads\/2014\/05\/6280310w.jpg\" \/>\n\t\t<meta property=\"og:image:width\" content=\"800\" \/>\n\t\t<meta property=\"og:image:height\" content=\"796\" \/>\n\t\t<meta property=\"article:published_time\" content=\"2014-05-21T01:27:33+00:00\" \/>\n\t\t<meta property=\"article:modified_time\" content=\"2014-05-21T01:27:33+00:00\" \/>\n\t\t<meta name=\"twitter:card\" content=\"summary_large_image\" \/>\n\t\t<meta name=\"twitter:title\" content=\"Una cr\u00eda de mamut de s\u00f3lo un mes se expone por primera vez en Europa | El Digital de Asturias\" \/>\n\t\t<meta name=\"twitter:description\" content=\"Londres, 20 may (EFE).- Una cr\u00eda de mamut de la Edad de Hielo, que muri\u00f3 hace 42.000 a\u00f1os en Siberia cuando ten\u00eda s\u00f3lo un mes, ser\u00e1 expuesta en el Museo de Historia Natural de Londres por primera vez en Europa, inform\u00f3 hoy este centro. La cr\u00eda de mamut, una hembra a la que llamaron Lyuba\" \/>\n\t\t<meta name=\"twitter:image\" content=\"https:\/\/eldigitaldeasturias.com\/magazine365\/wp-content\/uploads\/2014\/05\/6280310w.jpg\" \/>\n\t\t<script type=\"application\/ld+json\" class=\"aioseo-schema\">\n\t\t\t{\"@context\":\"https:\\\/\\\/schema.org\",\"@graph\":[{\"@type\":\"Article\",\"@id\":\"https:\\\/\\\/eldigitaldeasturias.com\\\/magazine365\\\/una-cria-de-mamut-de-solo-un-mes-se-expone-por-primera-vez-en-europa\\\/#article\",\"name\":\"Una cr\\u00eda de mamut de s\\u00f3lo un mes se expone por primera vez en Europa | El Digital de Asturias\",\"headline\":\"Una cr\\u00eda de mamut de s\\u00f3lo un mes se expone por primera vez en Europa\",\"author\":{\"@id\":\"https:\\\/\\\/eldigitaldeasturias.com\\\/magazine365\\\/author\\\/admin\\\/#author\"},\"publisher\":{\"@id\":\"https:\\\/\\\/eldigitaldeasturias.com\\\/magazine365\\\/#organization\"},\"image\":{\"@type\":\"ImageObject\",\"url\":\"https:\\\/\\\/eldigitaldeasturias.com\\\/magazine365\\\/wp-content\\\/uploads\\\/2014\\\/05\\\/6280310w.jpg\",\"width\":800,\"height\":796},\"datePublished\":\"2014-05-20T23:27:33+02:00\",\"dateModified\":\"2014-05-20T23:27:33+02:00\",\"inLanguage\":\"es-ES\",\"mainEntityOfPage\":{\"@id\":\"https:\\\/\\\/eldigitaldeasturias.com\\\/magazine365\\\/una-cria-de-mamut-de-solo-un-mes-se-expone-por-primera-vez-en-europa\\\/#webpage\"},\"isPartOf\":{\"@id\":\"https:\\\/\\\/eldigitaldeasturias.com\\\/magazine365\\\/una-cria-de-mamut-de-solo-un-mes-se-expone-por-primera-vez-en-europa\\\/#webpage\"},\"articleSection\":\"Noticias y Actualidad\"},{\"@type\":\"BreadcrumbList\",\"@id\":\"https:\\\/\\\/eldigitaldeasturias.com\\\/magazine365\\\/una-cria-de-mamut-de-solo-un-mes-se-expone-por-primera-vez-en-europa\\\/#breadcrumblist\",\"itemListElement\":[{\"@type\":\"ListItem\",\"@id\":\"https:\\\/\\\/eldigitaldeasturias.com\\\/magazine365#listItem\",\"position\":1,\"name\":\"Home\",\"item\":\"https:\\\/\\\/eldigitaldeasturias.com\\\/magazine365\",\"nextItem\":{\"@type\":\"ListItem\",\"@id\":\"https:\\\/\\\/eldigitaldeasturias.com\\\/magazine365\\\/category\\\/noticias-actualidad\\\/#listItem\",\"name\":\"Noticias y Actualidad\"}},{\"@type\":\"ListItem\",\"@id\":\"https:\\\/\\\/eldigitaldeasturias.com\\\/magazine365\\\/category\\\/noticias-actualidad\\\/#listItem\",\"position\":2,\"name\":\"Noticias y Actualidad\",\"item\":\"https:\\\/\\\/eldigitaldeasturias.com\\\/magazine365\\\/category\\\/noticias-actualidad\\\/\",\"nextItem\":{\"@type\":\"ListItem\",\"@id\":\"https:\\\/\\\/eldigitaldeasturias.com\\\/magazine365\\\/una-cria-de-mamut-de-solo-un-mes-se-expone-por-primera-vez-en-europa\\\/#listItem\",\"name\":\"Una cr\\u00eda de mamut de s\\u00f3lo un mes se expone por primera vez en Europa\"},\"previousItem\":{\"@type\":\"ListItem\",\"@id\":\"https:\\\/\\\/eldigitaldeasturias.com\\\/magazine365#listItem\",\"name\":\"Home\"}},{\"@type\":\"ListItem\",\"@id\":\"https:\\\/\\\/eldigitaldeasturias.com\\\/magazine365\\\/una-cria-de-mamut-de-solo-un-mes-se-expone-por-primera-vez-en-europa\\\/#listItem\",\"position\":3,\"name\":\"Una cr\\u00eda de mamut de s\\u00f3lo un mes se expone por primera vez en Europa\",\"previousItem\":{\"@type\":\"ListItem\",\"@id\":\"https:\\\/\\\/eldigitaldeasturias.com\\\/magazine365\\\/category\\\/noticias-actualidad\\\/#listItem\",\"name\":\"Noticias y Actualidad\"}}]},{\"@type\":\"Organization\",\"@id\":\"https:\\\/\\\/eldigitaldeasturias.com\\\/magazine365\\\/#organization\",\"name\":\"El digital de Asturias\",\"description\":\"Revista de ocio, turismo y estilo de vida\",\"url\":\"https:\\\/\\\/eldigitaldeasturias.com\\\/magazine365\\\/\",\"logo\":{\"@type\":\"ImageObject\",\"url\":\"https:\\\/\\\/www.eldigitaldeasturias.com\\\/noticias\\\/wp-content\\\/uploads\\\/2020\\\/12\\\/EDA.jpg\",\"@id\":\"https:\\\/\\\/eldigitaldeasturias.com\\\/magazine365\\\/una-cria-de-mamut-de-solo-un-mes-se-expone-por-primera-vez-en-europa\\\/#organizationLogo\"},\"image\":{\"@id\":\"https:\\\/\\\/eldigitaldeasturias.com\\\/magazine365\\\/una-cria-de-mamut-de-solo-un-mes-se-expone-por-primera-vez-en-europa\\\/#organizationLogo\"}},{\"@type\":\"Person\",\"@id\":\"https:\\\/\\\/eldigitaldeasturias.com\\\/magazine365\\\/author\\\/admin\\\/#author\",\"url\":\"https:\\\/\\\/eldigitaldeasturias.com\\\/magazine365\\\/author\\\/admin\\\/\",\"name\":\"admin\",\"image\":{\"@type\":\"ImageObject\",\"@id\":\"https:\\\/\\\/eldigitaldeasturias.com\\\/magazine365\\\/una-cria-de-mamut-de-solo-un-mes-se-expone-por-primera-vez-en-europa\\\/#authorImage\",\"url\":\"https:\\\/\\\/eldigitaldeasturias.com\\\/magazine365\\\/wp-content\\\/litespeed\\\/avatar\\\/e571bcf59a0edd6fa6838245a470f2fe.jpg?ver=1776969259\",\"width\":96,\"height\":96,\"caption\":\"admin\"}},{\"@type\":\"WebPage\",\"@id\":\"https:\\\/\\\/eldigitaldeasturias.com\\\/magazine365\\\/una-cria-de-mamut-de-solo-un-mes-se-expone-por-primera-vez-en-europa\\\/#webpage\",\"url\":\"https:\\\/\\\/eldigitaldeasturias.com\\\/magazine365\\\/una-cria-de-mamut-de-solo-un-mes-se-expone-por-primera-vez-en-europa\\\/\",\"name\":\"Una cr\\u00eda de mamut de s\\u00f3lo un mes se expone por primera vez en Europa | El Digital de Asturias\",\"description\":\"Londres, 20 may (EFE).- Una cr\\u00eda de mamut de la Edad de Hielo, que muri\\u00f3 hace 42.000 a\\u00f1os en Siberia cuando ten\\u00eda s\\u00f3lo un mes, ser\\u00e1 expuesta en el Museo de Historia Natural de Londres por primera vez en Europa, inform\\u00f3 hoy este centro. La cr\\u00eda de mamut, una hembra a la que llamaron Lyuba\",\"inLanguage\":\"es-ES\",\"isPartOf\":{\"@id\":\"https:\\\/\\\/eldigitaldeasturias.com\\\/magazine365\\\/#website\"},\"breadcrumb\":{\"@id\":\"https:\\\/\\\/eldigitaldeasturias.com\\\/magazine365\\\/una-cria-de-mamut-de-solo-un-mes-se-expone-por-primera-vez-en-europa\\\/#breadcrumblist\"},\"author\":{\"@id\":\"https:\\\/\\\/eldigitaldeasturias.com\\\/magazine365\\\/author\\\/admin\\\/#author\"},\"creator\":{\"@id\":\"https:\\\/\\\/eldigitaldeasturias.com\\\/magazine365\\\/author\\\/admin\\\/#author\"},\"image\":{\"@type\":\"ImageObject\",\"url\":\"https:\\\/\\\/eldigitaldeasturias.com\\\/magazine365\\\/wp-content\\\/uploads\\\/2014\\\/05\\\/6280310w.jpg\",\"@id\":\"https:\\\/\\\/eldigitaldeasturias.com\\\/magazine365\\\/una-cria-de-mamut-de-solo-un-mes-se-expone-por-primera-vez-en-europa\\\/#mainImage\",\"width\":800,\"height\":796},\"primaryImageOfPage\":{\"@id\":\"https:\\\/\\\/eldigitaldeasturias.com\\\/magazine365\\\/una-cria-de-mamut-de-solo-un-mes-se-expone-por-primera-vez-en-europa\\\/#mainImage\"},\"datePublished\":\"2014-05-20T23:27:33+02:00\",\"dateModified\":\"2014-05-20T23:27:33+02:00\"},{\"@type\":\"WebSite\",\"@id\":\"https:\\\/\\\/eldigitaldeasturias.com\\\/magazine365\\\/#website\",\"url\":\"https:\\\/\\\/eldigitaldeasturias.com\\\/magazine365\\\/\",\"name\":\"El Digital de Asturias\",\"description\":\"Revista de ocio, turismo y estilo de vida\",\"inLanguage\":\"es-ES\",\"publisher\":{\"@id\":\"https:\\\/\\\/eldigitaldeasturias.com\\\/magazine365\\\/#organization\"}}]}\n\t\t<\/script>\n\t\t<!-- All in One SEO Pro -->\r\n\t\t<title>Una cr\u00eda de mamut de s\u00f3lo un mes se expone por primera vez en Europa | El Digital de Asturias<\/title>\n\n","aioseo_head_json":{"title":"Una cr\u00eda de mamut de s\u00f3lo un mes se expone por primera vez en Europa | El Digital de Asturias","description":"Londres, 20 may (EFE).- Una cr\u00eda de mamut de la Edad de Hielo, que muri\u00f3 hace 42.000 a\u00f1os en Siberia cuando ten\u00eda s\u00f3lo un mes, ser\u00e1 expuesta en el Museo de Historia Natural de Londres por primera vez en Europa, inform\u00f3 hoy este centro. La cr\u00eda de mamut, una hembra a la que llamaron Lyuba","canonical_url":"https:\/\/eldigitaldeasturias.com\/magazine365\/una-cria-de-mamut-de-solo-un-mes-se-expone-por-primera-vez-en-europa\/","robots":"max-image-preview:large","keywords":"noticias y actualidad","webmasterTools":{"google-site-verification":"UA-38556648-1","miscellaneous":""},"schema":{"@context":"https:\/\/schema.org","@graph":[{"@type":"Article","@id":"https:\/\/eldigitaldeasturias.com\/magazine365\/una-cria-de-mamut-de-solo-un-mes-se-expone-por-primera-vez-en-europa\/#article","name":"Una cr\u00eda de mamut de s\u00f3lo un mes se expone por primera vez en Europa | El Digital de Asturias","headline":"Una cr\u00eda de mamut de s\u00f3lo un mes se expone por primera vez en Europa","author":{"@id":"https:\/\/eldigitaldeasturias.com\/magazine365\/author\/admin\/#author"},"publisher":{"@id":"https:\/\/eldigitaldeasturias.com\/magazine365\/#organization"},"image":{"@type":"ImageObject","url":"https:\/\/eldigitaldeasturias.com\/magazine365\/wp-content\/uploads\/2014\/05\/6280310w.jpg","width":800,"height":796},"datePublished":"2014-05-20T23:27:33+02:00","dateModified":"2014-05-20T23:27:33+02:00","inLanguage":"es-ES","mainEntityOfPage":{"@id":"https:\/\/eldigitaldeasturias.com\/magazine365\/una-cria-de-mamut-de-solo-un-mes-se-expone-por-primera-vez-en-europa\/#webpage"},"isPartOf":{"@id":"https:\/\/eldigitaldeasturias.com\/magazine365\/una-cria-de-mamut-de-solo-un-mes-se-expone-por-primera-vez-en-europa\/#webpage"},"articleSection":"Noticias y Actualidad"},{"@type":"BreadcrumbList","@id":"https:\/\/eldigitaldeasturias.com\/magazine365\/una-cria-de-mamut-de-solo-un-mes-se-expone-por-primera-vez-en-europa\/#breadcrumblist","itemListElement":[{"@type":"ListItem","@id":"https:\/\/eldigitaldeasturias.com\/magazine365#listItem","position":1,"name":"Home","item":"https:\/\/eldigitaldeasturias.com\/magazine365","nextItem":{"@type":"ListItem","@id":"https:\/\/eldigitaldeasturias.com\/magazine365\/category\/noticias-actualidad\/#listItem","name":"Noticias y Actualidad"}},{"@type":"ListItem","@id":"https:\/\/eldigitaldeasturias.com\/magazine365\/category\/noticias-actualidad\/#listItem","position":2,"name":"Noticias y Actualidad","item":"https:\/\/eldigitaldeasturias.com\/magazine365\/category\/noticias-actualidad\/","nextItem":{"@type":"ListItem","@id":"https:\/\/eldigitaldeasturias.com\/magazine365\/una-cria-de-mamut-de-solo-un-mes-se-expone-por-primera-vez-en-europa\/#listItem","name":"Una cr\u00eda de mamut de s\u00f3lo un mes se expone por primera vez en Europa"},"previousItem":{"@type":"ListItem","@id":"https:\/\/eldigitaldeasturias.com\/magazine365#listItem","name":"Home"}},{"@type":"ListItem","@id":"https:\/\/eldigitaldeasturias.com\/magazine365\/una-cria-de-mamut-de-solo-un-mes-se-expone-por-primera-vez-en-europa\/#listItem","position":3,"name":"Una cr\u00eda de mamut de s\u00f3lo un mes se expone por primera vez en Europa","previousItem":{"@type":"ListItem","@id":"https:\/\/eldigitaldeasturias.com\/magazine365\/category\/noticias-actualidad\/#listItem","name":"Noticias y Actualidad"}}]},{"@type":"Organization","@id":"https:\/\/eldigitaldeasturias.com\/magazine365\/#organization","name":"El digital de Asturias","description":"Revista de ocio, turismo y estilo de vida","url":"https:\/\/eldigitaldeasturias.com\/magazine365\/","logo":{"@type":"ImageObject","url":"https:\/\/www.eldigitaldeasturias.com\/noticias\/wp-content\/uploads\/2020\/12\/EDA.jpg","@id":"https:\/\/eldigitaldeasturias.com\/magazine365\/una-cria-de-mamut-de-solo-un-mes-se-expone-por-primera-vez-en-europa\/#organizationLogo"},"image":{"@id":"https:\/\/eldigitaldeasturias.com\/magazine365\/una-cria-de-mamut-de-solo-un-mes-se-expone-por-primera-vez-en-europa\/#organizationLogo"}},{"@type":"Person","@id":"https:\/\/eldigitaldeasturias.com\/magazine365\/author\/admin\/#author","url":"https:\/\/eldigitaldeasturias.com\/magazine365\/author\/admin\/","name":"admin","image":{"@type":"ImageObject","@id":"https:\/\/eldigitaldeasturias.com\/magazine365\/una-cria-de-mamut-de-solo-un-mes-se-expone-por-primera-vez-en-europa\/#authorImage","url":"https:\/\/eldigitaldeasturias.com\/magazine365\/wp-content\/litespeed\/avatar\/e571bcf59a0edd6fa6838245a470f2fe.jpg?ver=1776969259","width":96,"height":96,"caption":"admin"}},{"@type":"WebPage","@id":"https:\/\/eldigitaldeasturias.com\/magazine365\/una-cria-de-mamut-de-solo-un-mes-se-expone-por-primera-vez-en-europa\/#webpage","url":"https:\/\/eldigitaldeasturias.com\/magazine365\/una-cria-de-mamut-de-solo-un-mes-se-expone-por-primera-vez-en-europa\/","name":"Una cr\u00eda de mamut de s\u00f3lo un mes se expone por primera vez en Europa | El Digital de Asturias","description":"Londres, 20 may (EFE).- Una cr\u00eda de mamut de la Edad de Hielo, que muri\u00f3 hace 42.000 a\u00f1os en Siberia cuando ten\u00eda s\u00f3lo un mes, ser\u00e1 expuesta en el Museo de Historia Natural de Londres por primera vez en Europa, inform\u00f3 hoy este centro. La cr\u00eda de mamut, una hembra a la que llamaron Lyuba","inLanguage":"es-ES","isPartOf":{"@id":"https:\/\/eldigitaldeasturias.com\/magazine365\/#website"},"breadcrumb":{"@id":"https:\/\/eldigitaldeasturias.com\/magazine365\/una-cria-de-mamut-de-solo-un-mes-se-expone-por-primera-vez-en-europa\/#breadcrumblist"},"author":{"@id":"https:\/\/eldigitaldeasturias.com\/magazine365\/author\/admin\/#author"},"creator":{"@id":"https:\/\/eldigitaldeasturias.com\/magazine365\/author\/admin\/#author"},"image":{"@type":"ImageObject","url":"https:\/\/eldigitaldeasturias.com\/magazine365\/wp-content\/uploads\/2014\/05\/6280310w.jpg","@id":"https:\/\/eldigitaldeasturias.com\/magazine365\/una-cria-de-mamut-de-solo-un-mes-se-expone-por-primera-vez-en-europa\/#mainImage","width":800,"height":796},"primaryImageOfPage":{"@id":"https:\/\/eldigitaldeasturias.com\/magazine365\/una-cria-de-mamut-de-solo-un-mes-se-expone-por-primera-vez-en-europa\/#mainImage"},"datePublished":"2014-05-20T23:27:33+02:00","dateModified":"2014-05-20T23:27:33+02:00"},{"@type":"WebSite","@id":"https:\/\/eldigitaldeasturias.com\/magazine365\/#website","url":"https:\/\/eldigitaldeasturias.com\/magazine365\/","name":"El Digital de Asturias","description":"Revista de ocio, turismo y estilo de vida","inLanguage":"es-ES","publisher":{"@id":"https:\/\/eldigitaldeasturias.com\/magazine365\/#organization"}}]},"og:locale":"es_ES","og:site_name":"El Digital de Asturias \u2013 Revista de ocio, turismo y estilo de vida","og:type":"article","og:title":"Una cr\u00eda de mamut de s\u00f3lo un mes se expone por primera vez en Europa | El Digital de Asturias","og:description":"Londres, 20 may (EFE).- Una cr\u00eda de mamut de la Edad de Hielo, que muri\u00f3 hace 42.000 a\u00f1os en Siberia cuando ten\u00eda s\u00f3lo un mes, ser\u00e1 expuesta en el Museo de Historia Natural de Londres por primera vez en Europa, inform\u00f3 hoy este centro. La cr\u00eda de mamut, una hembra a la que llamaron Lyuba","og:url":"https:\/\/eldigitaldeasturias.com\/magazine365\/una-cria-de-mamut-de-solo-un-mes-se-expone-por-primera-vez-en-europa\/","og:image":"https:\/\/eldigitaldeasturias.com\/magazine365\/wp-content\/uploads\/2014\/05\/6280310w.jpg","og:image:secure_url":"https:\/\/eldigitaldeasturias.com\/magazine365\/wp-content\/uploads\/2014\/05\/6280310w.jpg","og:image:width":800,"og:image:height":796,"article:published_time":"2014-05-21T01:27:33+00:00","article:modified_time":"2014-05-21T01:27:33+00:00","twitter:card":"summary_large_image","twitter:title":"Una cr\u00eda de mamut de s\u00f3lo un mes se expone por primera vez en Europa | El Digital de Asturias","twitter:description":"Londres, 20 may (EFE).- Una cr\u00eda de mamut de la Edad de Hielo, que muri\u00f3 hace 42.000 a\u00f1os en Siberia cuando ten\u00eda s\u00f3lo un mes, ser\u00e1 expuesta en el Museo de Historia Natural de Londres por primera vez en Europa, inform\u00f3 hoy este centro. La cr\u00eda de mamut, una hembra a la que llamaron Lyuba","twitter:image":"https:\/\/eldigitaldeasturias.com\/magazine365\/wp-content\/uploads\/2014\/05\/6280310w.jpg"},"aioseo_meta_data":{"post_id":"13387","title":null,"description":null,"keywords":null,"keyphrases":null,"primary_term":null,"canonical_url":null,"og_title":null,"og_description":null,"og_object_type":"default","og_image_type":"default","og_image_url":null,"og_image_width":null,"og_image_height":null,"og_image_custom_url":null,"og_image_custom_fields":null,"og_video":null,"og_custom_url":null,"og_article_section":null,"og_article_tags":null,"twitter_use_og":false,"twitter_card":"default","twitter_image_type":"default","twitter_image_url":null,"twitter_image_custom_url":null,"twitter_image_custom_fields":null,"twitter_title":null,"twitter_description":null,"schema":{"blockGraphs":[],"customGraphs":[],"default":{"data":{"Article":[],"Course":[],"Dataset":[],"FAQPage":[],"Movie":[],"Person":[],"Product":[],"ProductReview":[],"Car":[],"Recipe":[],"Service":[],"SoftwareApplication":[],"WebPage":[]},"graphName":"","isEnabled":true},"graphs":[],"defaultGraph":"","defaultPostTypeGraph":""},"schema_type":null,"schema_type_options":null,"pillar_content":false,"robots_default":true,"robots_noindex":false,"robots_noarchive":false,"robots_nosnippet":false,"robots_nofollow":false,"robots_noimageindex":false,"robots_noodp":false,"robots_notranslate":false,"robots_max_snippet":null,"robots_max_videopreview":null,"robots_max_imagepreview":"large","priority":null,"frequency":null,"location":null,"local_seo":null,"seo_analyzer_scan_date":"2025-09-17 08:10:16","breadcrumb_settings":null,"limit_modified_date":false,"open_ai":null,"ai":null,"created":"2021-03-09 08:28:54","updated":"2025-09-17 08:10:16"},"aioseo_breadcrumb":"<div class=\"aioseo-breadcrumbs\"><span class=\"aioseo-breadcrumb\">\n\t<a href=\"https:\/\/eldigitaldeasturias.com\/magazine365\" title=\"Home\">Home<\/a>\n<\/span><span class=\"aioseo-breadcrumb-separator\">\u2013<\/span><span class=\"aioseo-breadcrumb\">\n\t<a href=\"https:\/\/eldigitaldeasturias.com\/magazine365\/category\/noticias-actualidad\/\" title=\"Noticias y Actualidad\">Noticias y Actualidad<\/a>\n<\/span><span class=\"aioseo-breadcrumb-separator\">\u2013<\/span><span class=\"aioseo-breadcrumb\">\n\t<a href=\"https:\/\/eldigitaldeasturias.com\/magazine365\/una-cria-de-mamut-de-solo-un-mes-se-expone-por-primera-vez-en-europa\/\" title=\"Una cr\u00eda de mamut de s\u00f3lo un mes se expone por primera vez en Europa\">Una cr\u00eda de mamut de s\u00f3lo un mes se expone por primera vez en Europa<\/a>\n<\/span><\/div>","aioseo_breadcrumb_json":[{"label":"Home","link":"https:\/\/eldigitaldeasturias.com\/magazine365"},{"label":"Noticias y Actualidad","link":"https:\/\/eldigitaldeasturias.com\/magazine365\/category\/noticias-actualidad\/"},{"label":"Una cr\u00eda de mamut de s\u00f3lo un mes se expone por primera vez en Europa","link":"https:\/\/eldigitaldeasturias.com\/magazine365\/una-cria-de-mamut-de-solo-un-mes-se-expone-por-primera-vez-en-europa\/"}],"_links":{"self":[{"href":"https:\/\/eldigitaldeasturias.com\/magazine365\/wp-json\/wp\/v2\/posts\/13387","targetHints":{"allow":["GET"]}}],"collection":[{"href":"https:\/\/eldigitaldeasturias.com\/magazine365\/wp-json\/wp\/v2\/posts"}],"about":[{"href":"https:\/\/eldigitaldeasturias.com\/magazine365\/wp-json\/wp\/v2\/types\/post"}],"author":[{"embeddable":true,"href":"https:\/\/eldigitaldeasturias.com\/magazine365\/wp-json\/wp\/v2\/users\/1"}],"replies":[{"embeddable":true,"href":"https:\/\/eldigitaldeasturias.com\/magazine365\/wp-json\/wp\/v2\/comments?post=13387"}],"version-history":[{"count":0,"href":"https:\/\/eldigitaldeasturias.com\/magazine365\/wp-json\/wp\/v2\/posts\/13387\/revisions"}],"wp:featuredmedia":[{"embeddable":true,"href":"https:\/\/eldigitaldeasturias.com\/magazine365\/wp-json\/wp\/v2\/media\/13388"}],"wp:attachment":[{"href":"https:\/\/eldigitaldeasturias.com\/magazine365\/wp-json\/wp\/v2\/media?parent=13387"}],"wp:term":[{"taxonomy":"category","embeddable":true,"href":"https:\/\/eldigitaldeasturias.com\/magazine365\/wp-json\/wp\/v2\/categories?post=13387"},{"taxonomy":"post_tag","embeddable":true,"href":"https:\/\/eldigitaldeasturias.com\/magazine365\/wp-json\/wp\/v2\/tags?post=13387"}],"curies":[{"name":"wp","href":"https:\/\/api.w.org\/{rel}","templated":true}]}}