{"id":13384,"date":"2014-05-20T23:21:29","date_gmt":"2014-05-21T01:21:29","guid":{"rendered":"http:\/\/eldigitaldeasturias.com\/magazine365\/?p=13384"},"modified":"2014-05-20T23:21:29","modified_gmt":"2014-05-21T01:21:29","slug":"el-cordobes-vuelve-a-colgar-el-no-hay-billetes-en-madrid-50-anos-despues","status":"publish","type":"post","link":"https:\/\/eldigitaldeasturias.com\/magazine365\/el-cordobes-vuelve-a-colgar-el-no-hay-billetes-en-madrid-50-anos-despues\/","title":{"rendered":"El Cordob\u00e9s vuelve a colgar el \u00abno hay billetes\u00bb en Madrid 50 a\u00f1os despu\u00e9s"},"content":{"rendered":"<p><img fetchpriority=\"high\" decoding=\"async\" class=\"alignleft size-medium wp-image-13385\" alt=\"6279976w\" src=\"https:\/\/eldigitaldeasturias.com\/magazine365\/wp-content\/uploads\/2014\/05\/6279976w-194x300.jpg\" width=\"194\" height=\"300\" \/>Madrid, 20 may (EFE).- Con el potente magnetismo de siempre, con su risa lobuna de jefe de la manada, El Cordob\u00e9s, el mismo Manuel Ben\u00edtez que movi\u00f3 a las masas durante sus a\u00f1os en el ruedo, volvi\u00f3 a poner el simb\u00f3lico cartel de \u00abno hay billetes\u00bb en el homenaje que se le tribut\u00f3 hoy en la plaza de toros de Las Ventas.<\/p>\n<p>Se cumpl\u00edan exactamente cincuenta a\u00f1os de su confirmaci\u00f3n de alternativa en la primera plaza del mundo, de la hist\u00f3rica efem\u00e9ride de aquella tarde de mayo del 64 cuande toda Espa\u00f1a se paraliz\u00f3 ante las pantallas de televisi\u00f3n, las de casa y las de las tiendas, para presenciar una retransmisi\u00f3n cuya audiencia se calcul\u00f3 en torno a los veinte millones de personas.<\/p>\n<p>Y el Centro de Asuntos Taurinos de la Comunidad de Madrid, atendiendo la solicitud de la Asociaci\u00f3n Juvenil Taurina, quiso rendir homenaje a aquel fen\u00f3meno social de la Espa\u00f1a del desarrollismo desvelando un azulejo en recuerdo de la efem\u00e9ride en los pasillo de Las Ventas, la \u00abc\u00e1tedra\u00bb que vio salir a hombros hasta en ocho ocasiones a aquel que fue para muchos un hereje de la tauromaquia.<\/p>\n<p>El Cordob\u00e9s lleg\u00f3 el primero, acompa\u00f1ado de Martina, su mujer, y de su hijo Julio, tambi\u00e9n matador de toros. Y mientras esperaba a los pol\u00edticos, se dedic\u00f3 a repartir por doquier risotadas, palmadas y abrazos ante los cientos de personas que se le volvieron a acercar imantadas por su desbordante personalidad y que gastaron las bater\u00eda de sus m\u00f3viles haci\u00e9ndose fotograf\u00edas con el mito.<\/p>\n<p>A sus casi ochenta a\u00f1os, con las gre\u00f1as en blanco y con una corbata negra aflojada alrededor de su cuello de eterno jornalero, \u00abel Ben\u00edtez\u00bb se hizo el amo de una reuni\u00f3n que dej\u00f3 peque\u00f1a la abarrotada Sala Bienvenida de Las Ventas, hasta el punto de que varios cientos de curiosos tuvieron que seguir el homenaje a trav\u00e9s de las pantallas instaladas en el exterior.<\/p>\n<p>Antes de los discursos, El Cordob\u00e9s descubri\u00f3 la placa conmemorativa y, exultante de felicidad, con la misma naturalidad expansiva e irreverente de siempre, se dedic\u00f3 a palmear la cer\u00e1mica en la que figura el lema del homenaje.<\/p>\n<p>\u00abLa Comunidad de Madrid a Manuel Ben\u00edtez \u00abEl Cordob\u00e9s\u00bb en el 50 aniversario de su confirmaci\u00f3n de alternativa, acontecimiento de la historia del toreo y de la Espa\u00f1a de los a\u00f1os sesenta\u00bb.<\/p>\n<p>El d\u00eda hab\u00eda amanecido nublado en Madrid, como aquel 20 de mayo de hace cinco d\u00e9cadas, cuando Ben\u00edtez, que actuaba por primera vez en Las Ventas, cay\u00f3 sobre el barrizal herido de gravedad por \u00abImpulsivo\u00bb, el toro de Ben\u00edtez Cubero del que se le concedi\u00f3 una oreja sin que llegara siquiera a entrarle a matar.<\/p>\n<p>Pero la luz ambiental la puso la radiante personalidad de un personaje singular, ic\u00f3no de una d\u00e9cada que, cincuenta a\u00f1os despu\u00e9s volvi\u00f3 a abrazarse, ya sin ritual, sino con una profunda y melanc\u00f3lica emoci\u00f3n, a otro h\u00e9roe octogeniario: Pedro Mart\u00ednez \u00abPedr\u00e9s\u00bb, el padrino torero de aquella ceremonia de confirmaci\u00f3n que marc\u00f3 la historia del toreo moderno.<\/p>\n<p>El calor humano que rode\u00f3 a Manuel Ben\u00edtez durante todo el acto se reflej\u00f3 tambi\u00e9n en las palabras de quienes subieron al estrado, como Gonzalo, nieto del gran Antonio Bienvenida y de quien parti\u00f3 la iniciativa de la celebraci\u00f3n del homenaje.<\/p>\n<p>Habl\u00f3 tambi\u00e9n Ignacio Gonz\u00e1lez, el presidente de la Comunidad de Madrid, que dijo que El Cordob\u00e9s -\u00abuna de las m\u00e1s grandes leyendas que ha dado Espa\u00f1a\u00bb- es \u00abel m\u00e1ximo exponente\u00bb de ese dicho de \u00abgenio y figura hasta la sepultura\u00bb.<\/p>\n<p>\u00abNos vendr\u00eda bien tener varios Cordobeses en estos momentos de crisis, porque es un gran ejemplo de superaci\u00f3n\u00bb\u00bb, consider\u00f3 Gonz\u00e1lez.<\/p>\n<p>Y, rodeado de compa\u00f1eros de su \u00e9poca -como Andr\u00e9s Hernando o Manolo Lozano- y de taurinos y aficionados de todas las edades, por fin habl\u00f3 Ben\u00edtez, con su acento cerrado de astuto campesino cordob\u00e9s, con su expresiva gestualidad de mimo febril, para recordar unas cuantas an\u00e9cdotas desordenadas y varios pasajes de su azarosa huida de la miseria.<\/p>\n<p>Se acord\u00f3 El Cordob\u00e9s de sus duros d\u00edas de trabajo en los andamios de Madrid y de sus g\u00e9lidas estancias en varias c\u00e1rceles por tirarse de espont\u00e1neo -\u00aby eso que no robaba como ahora hacen otros\u00bb-. Y por todo eso, por que ahora es \u00abun hombre feliz\u00bb, dio las gracias \u00aba todos los madrile\u00f1os, a la prensa, a los matadores, a los banderilleros, los picadores, los ganaderos&#8230;\u00bb<\/p>\n<p>\u00abPorque esta placa es de todos y la comparto con todos, hasta con los pol\u00edticos y los polic\u00edas -a\u00f1adi\u00f3- porque todos est\u00e1n dentro de la plaza, y en la plaza somos una familia\u00bb.<\/p>\n<p>Y despu\u00e9s de gozar frente al micr\u00f3fono y de desear \u00abque Dios os de a todos mucha salud\u00bb, a\u00fan quiso El Cordon\u00e9s hacer alarde de la suya y de su eterna flexibilidad con una forzada postura gimn\u00e1stica que nunca podr\u00eda so\u00f1ar cualquier otro octogenario. Genio y figura, as\u00ed pasen cincuenta a\u00f1os.<\/p>\n<p>Paco Aguado<\/p>\n","protected":false},"excerpt":{"rendered":"<p>Madrid, 20 may (EFE).- Con el potente magnetismo de siempre, con su risa lobuna de jefe de la manada, El Cordob\u00e9s, el mismo Manuel Ben\u00edtez que movi\u00f3 a las masas durante sus a\u00f1os en el ruedo, volvi\u00f3 a poner el simb\u00f3lico cartel de \u00abno hay billetes\u00bb en el homenaje que se le tribut\u00f3 hoy en<\/p>\n","protected":false},"author":1,"featured_media":13385,"comment_status":"open","ping_status":"closed","sticky":false,"template":"","format":"standard","meta":{"footnotes":""},"categories":[224],"tags":[],"class_list":{"0":"post-13384","1":"post","2":"type-post","3":"status-publish","4":"format-standard","5":"has-post-thumbnail","7":"category-noticias-actualidad"},"aioseo_notices":[],"aioseo_head":"\n\t\t<!-- All in One SEO Pro 4.9.6.1 - aioseo.com -->\n\t<meta name=\"description\" content=\"Madrid, 20 may (EFE).- Con el potente magnetismo de siempre, con su risa lobuna de jefe de la manada, El Cordob\u00e9s, el mismo Manuel Ben\u00edtez que movi\u00f3 a las masas durante sus a\u00f1os en el ruedo, volvi\u00f3 a poner el simb\u00f3lico cartel de &quot;no hay billetes&quot; en el homenaje que se le tribut\u00f3 hoy en\" \/>\n\t<meta name=\"robots\" content=\"max-image-preview:large\" \/>\n\t<meta name=\"author\" content=\"admin\"\/>\n\t<meta name=\"google-site-verification\" content=\"UA-38556648-1\" \/>\n\t<meta name=\"keywords\" content=\"noticias y actualidad\" \/>\n\t<link rel=\"canonical\" href=\"https:\/\/eldigitaldeasturias.com\/magazine365\/el-cordobes-vuelve-a-colgar-el-no-hay-billetes-en-madrid-50-anos-despues\/\" \/>\n\t<meta name=\"generator\" content=\"All in One SEO Pro (AIOSEO) 4.9.6.1\" \/>\n\t\t<meta property=\"og:locale\" content=\"es_ES\" \/>\n\t\t<meta property=\"og:site_name\" content=\"El Digital de Asturias \u2013 Revista de ocio, turismo y estilo de vida\" \/>\n\t\t<meta property=\"og:type\" content=\"article\" \/>\n\t\t<meta property=\"og:title\" content=\"El Cordob\u00e9s vuelve a colgar el \u00abno hay billetes\u00bb en Madrid 50 a\u00f1os despu\u00e9s | El Digital de Asturias\" \/>\n\t\t<meta property=\"og:description\" content=\"Madrid, 20 may (EFE).- Con el potente magnetismo de siempre, con su risa lobuna de jefe de la manada, El Cordob\u00e9s, el mismo Manuel Ben\u00edtez que movi\u00f3 a las masas durante sus a\u00f1os en el ruedo, volvi\u00f3 a poner el simb\u00f3lico cartel de &quot;no hay billetes&quot; en el homenaje que se le tribut\u00f3 hoy en\" \/>\n\t\t<meta property=\"og:url\" content=\"https:\/\/eldigitaldeasturias.com\/magazine365\/el-cordobes-vuelve-a-colgar-el-no-hay-billetes-en-madrid-50-anos-despues\/\" \/>\n\t\t<meta property=\"og:image\" content=\"https:\/\/eldigitaldeasturias.com\/magazine365\/wp-content\/uploads\/2014\/05\/6279976w.jpg\" \/>\n\t\t<meta property=\"og:image:secure_url\" content=\"https:\/\/eldigitaldeasturias.com\/magazine365\/wp-content\/uploads\/2014\/05\/6279976w.jpg\" \/>\n\t\t<meta property=\"og:image:width\" content=\"700\" \/>\n\t\t<meta property=\"og:image:height\" content=\"1078\" \/>\n\t\t<meta property=\"article:published_time\" content=\"2014-05-21T01:21:29+00:00\" \/>\n\t\t<meta property=\"article:modified_time\" content=\"2014-05-21T01:21:29+00:00\" \/>\n\t\t<meta name=\"twitter:card\" content=\"summary_large_image\" \/>\n\t\t<meta name=\"twitter:title\" content=\"El Cordob\u00e9s vuelve a colgar el \u00abno hay billetes\u00bb en Madrid 50 a\u00f1os despu\u00e9s | El Digital de Asturias\" \/>\n\t\t<meta name=\"twitter:description\" content=\"Madrid, 20 may (EFE).- Con el potente magnetismo de siempre, con su risa lobuna de jefe de la manada, El Cordob\u00e9s, el mismo Manuel Ben\u00edtez que movi\u00f3 a las masas durante sus a\u00f1os en el ruedo, volvi\u00f3 a poner el simb\u00f3lico cartel de &quot;no hay billetes&quot; en el homenaje que se le tribut\u00f3 hoy en\" \/>\n\t\t<meta name=\"twitter:image\" content=\"https:\/\/eldigitaldeasturias.com\/magazine365\/wp-content\/uploads\/2014\/05\/6279976w.jpg\" \/>\n\t\t<script type=\"application\/ld+json\" class=\"aioseo-schema\">\n\t\t\t{\"@context\":\"https:\\\/\\\/schema.org\",\"@graph\":[{\"@type\":\"Article\",\"@id\":\"https:\\\/\\\/eldigitaldeasturias.com\\\/magazine365\\\/el-cordobes-vuelve-a-colgar-el-no-hay-billetes-en-madrid-50-anos-despues\\\/#article\",\"name\":\"El Cordob\\u00e9s vuelve a colgar el \\u00abno hay billetes\\u00bb en Madrid 50 a\\u00f1os despu\\u00e9s | El Digital de Asturias\",\"headline\":\"El Cordob\\u00e9s vuelve a colgar el \\u00abno hay billetes\\u00bb en Madrid 50 a\\u00f1os despu\\u00e9s\",\"author\":{\"@id\":\"https:\\\/\\\/eldigitaldeasturias.com\\\/magazine365\\\/author\\\/admin\\\/#author\"},\"publisher\":{\"@id\":\"https:\\\/\\\/eldigitaldeasturias.com\\\/magazine365\\\/#organization\"},\"image\":{\"@type\":\"ImageObject\",\"url\":\"https:\\\/\\\/eldigitaldeasturias.com\\\/magazine365\\\/wp-content\\\/uploads\\\/2014\\\/05\\\/6279976w.jpg\",\"width\":700,\"height\":1078},\"datePublished\":\"2014-05-20T23:21:29+02:00\",\"dateModified\":\"2014-05-20T23:21:29+02:00\",\"inLanguage\":\"es-ES\",\"mainEntityOfPage\":{\"@id\":\"https:\\\/\\\/eldigitaldeasturias.com\\\/magazine365\\\/el-cordobes-vuelve-a-colgar-el-no-hay-billetes-en-madrid-50-anos-despues\\\/#webpage\"},\"isPartOf\":{\"@id\":\"https:\\\/\\\/eldigitaldeasturias.com\\\/magazine365\\\/el-cordobes-vuelve-a-colgar-el-no-hay-billetes-en-madrid-50-anos-despues\\\/#webpage\"},\"articleSection\":\"Noticias y Actualidad\"},{\"@type\":\"BreadcrumbList\",\"@id\":\"https:\\\/\\\/eldigitaldeasturias.com\\\/magazine365\\\/el-cordobes-vuelve-a-colgar-el-no-hay-billetes-en-madrid-50-anos-despues\\\/#breadcrumblist\",\"itemListElement\":[{\"@type\":\"ListItem\",\"@id\":\"https:\\\/\\\/eldigitaldeasturias.com\\\/magazine365#listItem\",\"position\":1,\"name\":\"Home\",\"item\":\"https:\\\/\\\/eldigitaldeasturias.com\\\/magazine365\",\"nextItem\":{\"@type\":\"ListItem\",\"@id\":\"https:\\\/\\\/eldigitaldeasturias.com\\\/magazine365\\\/category\\\/noticias-actualidad\\\/#listItem\",\"name\":\"Noticias y Actualidad\"}},{\"@type\":\"ListItem\",\"@id\":\"https:\\\/\\\/eldigitaldeasturias.com\\\/magazine365\\\/category\\\/noticias-actualidad\\\/#listItem\",\"position\":2,\"name\":\"Noticias y Actualidad\",\"item\":\"https:\\\/\\\/eldigitaldeasturias.com\\\/magazine365\\\/category\\\/noticias-actualidad\\\/\",\"nextItem\":{\"@type\":\"ListItem\",\"@id\":\"https:\\\/\\\/eldigitaldeasturias.com\\\/magazine365\\\/el-cordobes-vuelve-a-colgar-el-no-hay-billetes-en-madrid-50-anos-despues\\\/#listItem\",\"name\":\"El Cordob\\u00e9s vuelve a colgar el \\u00abno hay billetes\\u00bb en Madrid 50 a\\u00f1os despu\\u00e9s\"},\"previousItem\":{\"@type\":\"ListItem\",\"@id\":\"https:\\\/\\\/eldigitaldeasturias.com\\\/magazine365#listItem\",\"name\":\"Home\"}},{\"@type\":\"ListItem\",\"@id\":\"https:\\\/\\\/eldigitaldeasturias.com\\\/magazine365\\\/el-cordobes-vuelve-a-colgar-el-no-hay-billetes-en-madrid-50-anos-despues\\\/#listItem\",\"position\":3,\"name\":\"El Cordob\\u00e9s vuelve a colgar el \\u00abno hay billetes\\u00bb en Madrid 50 a\\u00f1os despu\\u00e9s\",\"previousItem\":{\"@type\":\"ListItem\",\"@id\":\"https:\\\/\\\/eldigitaldeasturias.com\\\/magazine365\\\/category\\\/noticias-actualidad\\\/#listItem\",\"name\":\"Noticias y Actualidad\"}}]},{\"@type\":\"Organization\",\"@id\":\"https:\\\/\\\/eldigitaldeasturias.com\\\/magazine365\\\/#organization\",\"name\":\"El digital de Asturias\",\"description\":\"Revista de ocio, turismo y estilo de vida\",\"url\":\"https:\\\/\\\/eldigitaldeasturias.com\\\/magazine365\\\/\",\"logo\":{\"@type\":\"ImageObject\",\"url\":\"https:\\\/\\\/www.eldigitaldeasturias.com\\\/noticias\\\/wp-content\\\/uploads\\\/2020\\\/12\\\/EDA.jpg\",\"@id\":\"https:\\\/\\\/eldigitaldeasturias.com\\\/magazine365\\\/el-cordobes-vuelve-a-colgar-el-no-hay-billetes-en-madrid-50-anos-despues\\\/#organizationLogo\"},\"image\":{\"@id\":\"https:\\\/\\\/eldigitaldeasturias.com\\\/magazine365\\\/el-cordobes-vuelve-a-colgar-el-no-hay-billetes-en-madrid-50-anos-despues\\\/#organizationLogo\"}},{\"@type\":\"Person\",\"@id\":\"https:\\\/\\\/eldigitaldeasturias.com\\\/magazine365\\\/author\\\/admin\\\/#author\",\"url\":\"https:\\\/\\\/eldigitaldeasturias.com\\\/magazine365\\\/author\\\/admin\\\/\",\"name\":\"admin\",\"image\":{\"@type\":\"ImageObject\",\"@id\":\"https:\\\/\\\/eldigitaldeasturias.com\\\/magazine365\\\/el-cordobes-vuelve-a-colgar-el-no-hay-billetes-en-madrid-50-anos-despues\\\/#authorImage\",\"url\":\"https:\\\/\\\/eldigitaldeasturias.com\\\/magazine365\\\/wp-content\\\/litespeed\\\/avatar\\\/e571bcf59a0edd6fa6838245a470f2fe.jpg?ver=1776969259\",\"width\":96,\"height\":96,\"caption\":\"admin\"}},{\"@type\":\"WebPage\",\"@id\":\"https:\\\/\\\/eldigitaldeasturias.com\\\/magazine365\\\/el-cordobes-vuelve-a-colgar-el-no-hay-billetes-en-madrid-50-anos-despues\\\/#webpage\",\"url\":\"https:\\\/\\\/eldigitaldeasturias.com\\\/magazine365\\\/el-cordobes-vuelve-a-colgar-el-no-hay-billetes-en-madrid-50-anos-despues\\\/\",\"name\":\"El Cordob\\u00e9s vuelve a colgar el \\u00abno hay billetes\\u00bb en Madrid 50 a\\u00f1os despu\\u00e9s | El Digital de Asturias\",\"description\":\"Madrid, 20 may (EFE).- Con el potente magnetismo de siempre, con su risa lobuna de jefe de la manada, El Cordob\\u00e9s, el mismo Manuel Ben\\u00edtez que movi\\u00f3 a las masas durante sus a\\u00f1os en el ruedo, volvi\\u00f3 a poner el simb\\u00f3lico cartel de \\\"no hay billetes\\\" en el homenaje que se le tribut\\u00f3 hoy en\",\"inLanguage\":\"es-ES\",\"isPartOf\":{\"@id\":\"https:\\\/\\\/eldigitaldeasturias.com\\\/magazine365\\\/#website\"},\"breadcrumb\":{\"@id\":\"https:\\\/\\\/eldigitaldeasturias.com\\\/magazine365\\\/el-cordobes-vuelve-a-colgar-el-no-hay-billetes-en-madrid-50-anos-despues\\\/#breadcrumblist\"},\"author\":{\"@id\":\"https:\\\/\\\/eldigitaldeasturias.com\\\/magazine365\\\/author\\\/admin\\\/#author\"},\"creator\":{\"@id\":\"https:\\\/\\\/eldigitaldeasturias.com\\\/magazine365\\\/author\\\/admin\\\/#author\"},\"image\":{\"@type\":\"ImageObject\",\"url\":\"https:\\\/\\\/eldigitaldeasturias.com\\\/magazine365\\\/wp-content\\\/uploads\\\/2014\\\/05\\\/6279976w.jpg\",\"@id\":\"https:\\\/\\\/eldigitaldeasturias.com\\\/magazine365\\\/el-cordobes-vuelve-a-colgar-el-no-hay-billetes-en-madrid-50-anos-despues\\\/#mainImage\",\"width\":700,\"height\":1078},\"primaryImageOfPage\":{\"@id\":\"https:\\\/\\\/eldigitaldeasturias.com\\\/magazine365\\\/el-cordobes-vuelve-a-colgar-el-no-hay-billetes-en-madrid-50-anos-despues\\\/#mainImage\"},\"datePublished\":\"2014-05-20T23:21:29+02:00\",\"dateModified\":\"2014-05-20T23:21:29+02:00\"},{\"@type\":\"WebSite\",\"@id\":\"https:\\\/\\\/eldigitaldeasturias.com\\\/magazine365\\\/#website\",\"url\":\"https:\\\/\\\/eldigitaldeasturias.com\\\/magazine365\\\/\",\"name\":\"El Digital de Asturias\",\"description\":\"Revista de ocio, turismo y estilo de vida\",\"inLanguage\":\"es-ES\",\"publisher\":{\"@id\":\"https:\\\/\\\/eldigitaldeasturias.com\\\/magazine365\\\/#organization\"}}]}\n\t\t<\/script>\n\t\t<!-- All in One SEO Pro -->\r\n\t\t<title>El Cordob\u00e9s vuelve a colgar el \u00abno hay billetes\u00bb en Madrid 50 a\u00f1os despu\u00e9s | El Digital de Asturias<\/title>\n\n","aioseo_head_json":{"title":"El Cordob\u00e9s vuelve a colgar el \u00abno hay billetes\u00bb en Madrid 50 a\u00f1os despu\u00e9s | El Digital de Asturias","description":"Madrid, 20 may (EFE).- Con el potente magnetismo de siempre, con su risa lobuna de jefe de la manada, El Cordob\u00e9s, el mismo Manuel Ben\u00edtez que movi\u00f3 a las masas durante sus a\u00f1os en el ruedo, volvi\u00f3 a poner el simb\u00f3lico cartel de \"no hay billetes\" en el homenaje que se le tribut\u00f3 hoy en","canonical_url":"https:\/\/eldigitaldeasturias.com\/magazine365\/el-cordobes-vuelve-a-colgar-el-no-hay-billetes-en-madrid-50-anos-despues\/","robots":"max-image-preview:large","keywords":"noticias y actualidad","webmasterTools":{"google-site-verification":"UA-38556648-1","miscellaneous":""},"schema":{"@context":"https:\/\/schema.org","@graph":[{"@type":"Article","@id":"https:\/\/eldigitaldeasturias.com\/magazine365\/el-cordobes-vuelve-a-colgar-el-no-hay-billetes-en-madrid-50-anos-despues\/#article","name":"El Cordob\u00e9s vuelve a colgar el \u00abno hay billetes\u00bb en Madrid 50 a\u00f1os despu\u00e9s | El Digital de Asturias","headline":"El Cordob\u00e9s vuelve a colgar el \u00abno hay billetes\u00bb en Madrid 50 a\u00f1os despu\u00e9s","author":{"@id":"https:\/\/eldigitaldeasturias.com\/magazine365\/author\/admin\/#author"},"publisher":{"@id":"https:\/\/eldigitaldeasturias.com\/magazine365\/#organization"},"image":{"@type":"ImageObject","url":"https:\/\/eldigitaldeasturias.com\/magazine365\/wp-content\/uploads\/2014\/05\/6279976w.jpg","width":700,"height":1078},"datePublished":"2014-05-20T23:21:29+02:00","dateModified":"2014-05-20T23:21:29+02:00","inLanguage":"es-ES","mainEntityOfPage":{"@id":"https:\/\/eldigitaldeasturias.com\/magazine365\/el-cordobes-vuelve-a-colgar-el-no-hay-billetes-en-madrid-50-anos-despues\/#webpage"},"isPartOf":{"@id":"https:\/\/eldigitaldeasturias.com\/magazine365\/el-cordobes-vuelve-a-colgar-el-no-hay-billetes-en-madrid-50-anos-despues\/#webpage"},"articleSection":"Noticias y Actualidad"},{"@type":"BreadcrumbList","@id":"https:\/\/eldigitaldeasturias.com\/magazine365\/el-cordobes-vuelve-a-colgar-el-no-hay-billetes-en-madrid-50-anos-despues\/#breadcrumblist","itemListElement":[{"@type":"ListItem","@id":"https:\/\/eldigitaldeasturias.com\/magazine365#listItem","position":1,"name":"Home","item":"https:\/\/eldigitaldeasturias.com\/magazine365","nextItem":{"@type":"ListItem","@id":"https:\/\/eldigitaldeasturias.com\/magazine365\/category\/noticias-actualidad\/#listItem","name":"Noticias y Actualidad"}},{"@type":"ListItem","@id":"https:\/\/eldigitaldeasturias.com\/magazine365\/category\/noticias-actualidad\/#listItem","position":2,"name":"Noticias y Actualidad","item":"https:\/\/eldigitaldeasturias.com\/magazine365\/category\/noticias-actualidad\/","nextItem":{"@type":"ListItem","@id":"https:\/\/eldigitaldeasturias.com\/magazine365\/el-cordobes-vuelve-a-colgar-el-no-hay-billetes-en-madrid-50-anos-despues\/#listItem","name":"El Cordob\u00e9s vuelve a colgar el \u00abno hay billetes\u00bb en Madrid 50 a\u00f1os despu\u00e9s"},"previousItem":{"@type":"ListItem","@id":"https:\/\/eldigitaldeasturias.com\/magazine365#listItem","name":"Home"}},{"@type":"ListItem","@id":"https:\/\/eldigitaldeasturias.com\/magazine365\/el-cordobes-vuelve-a-colgar-el-no-hay-billetes-en-madrid-50-anos-despues\/#listItem","position":3,"name":"El Cordob\u00e9s vuelve a colgar el \u00abno hay billetes\u00bb en Madrid 50 a\u00f1os despu\u00e9s","previousItem":{"@type":"ListItem","@id":"https:\/\/eldigitaldeasturias.com\/magazine365\/category\/noticias-actualidad\/#listItem","name":"Noticias y Actualidad"}}]},{"@type":"Organization","@id":"https:\/\/eldigitaldeasturias.com\/magazine365\/#organization","name":"El digital de Asturias","description":"Revista de ocio, turismo y estilo de vida","url":"https:\/\/eldigitaldeasturias.com\/magazine365\/","logo":{"@type":"ImageObject","url":"https:\/\/www.eldigitaldeasturias.com\/noticias\/wp-content\/uploads\/2020\/12\/EDA.jpg","@id":"https:\/\/eldigitaldeasturias.com\/magazine365\/el-cordobes-vuelve-a-colgar-el-no-hay-billetes-en-madrid-50-anos-despues\/#organizationLogo"},"image":{"@id":"https:\/\/eldigitaldeasturias.com\/magazine365\/el-cordobes-vuelve-a-colgar-el-no-hay-billetes-en-madrid-50-anos-despues\/#organizationLogo"}},{"@type":"Person","@id":"https:\/\/eldigitaldeasturias.com\/magazine365\/author\/admin\/#author","url":"https:\/\/eldigitaldeasturias.com\/magazine365\/author\/admin\/","name":"admin","image":{"@type":"ImageObject","@id":"https:\/\/eldigitaldeasturias.com\/magazine365\/el-cordobes-vuelve-a-colgar-el-no-hay-billetes-en-madrid-50-anos-despues\/#authorImage","url":"https:\/\/eldigitaldeasturias.com\/magazine365\/wp-content\/litespeed\/avatar\/e571bcf59a0edd6fa6838245a470f2fe.jpg?ver=1776969259","width":96,"height":96,"caption":"admin"}},{"@type":"WebPage","@id":"https:\/\/eldigitaldeasturias.com\/magazine365\/el-cordobes-vuelve-a-colgar-el-no-hay-billetes-en-madrid-50-anos-despues\/#webpage","url":"https:\/\/eldigitaldeasturias.com\/magazine365\/el-cordobes-vuelve-a-colgar-el-no-hay-billetes-en-madrid-50-anos-despues\/","name":"El Cordob\u00e9s vuelve a colgar el \u00abno hay billetes\u00bb en Madrid 50 a\u00f1os despu\u00e9s | El Digital de Asturias","description":"Madrid, 20 may (EFE).- Con el potente magnetismo de siempre, con su risa lobuna de jefe de la manada, El Cordob\u00e9s, el mismo Manuel Ben\u00edtez que movi\u00f3 a las masas durante sus a\u00f1os en el ruedo, volvi\u00f3 a poner el simb\u00f3lico cartel de \"no hay billetes\" en el homenaje que se le tribut\u00f3 hoy en","inLanguage":"es-ES","isPartOf":{"@id":"https:\/\/eldigitaldeasturias.com\/magazine365\/#website"},"breadcrumb":{"@id":"https:\/\/eldigitaldeasturias.com\/magazine365\/el-cordobes-vuelve-a-colgar-el-no-hay-billetes-en-madrid-50-anos-despues\/#breadcrumblist"},"author":{"@id":"https:\/\/eldigitaldeasturias.com\/magazine365\/author\/admin\/#author"},"creator":{"@id":"https:\/\/eldigitaldeasturias.com\/magazine365\/author\/admin\/#author"},"image":{"@type":"ImageObject","url":"https:\/\/eldigitaldeasturias.com\/magazine365\/wp-content\/uploads\/2014\/05\/6279976w.jpg","@id":"https:\/\/eldigitaldeasturias.com\/magazine365\/el-cordobes-vuelve-a-colgar-el-no-hay-billetes-en-madrid-50-anos-despues\/#mainImage","width":700,"height":1078},"primaryImageOfPage":{"@id":"https:\/\/eldigitaldeasturias.com\/magazine365\/el-cordobes-vuelve-a-colgar-el-no-hay-billetes-en-madrid-50-anos-despues\/#mainImage"},"datePublished":"2014-05-20T23:21:29+02:00","dateModified":"2014-05-20T23:21:29+02:00"},{"@type":"WebSite","@id":"https:\/\/eldigitaldeasturias.com\/magazine365\/#website","url":"https:\/\/eldigitaldeasturias.com\/magazine365\/","name":"El Digital de Asturias","description":"Revista de ocio, turismo y estilo de vida","inLanguage":"es-ES","publisher":{"@id":"https:\/\/eldigitaldeasturias.com\/magazine365\/#organization"}}]},"og:locale":"es_ES","og:site_name":"El Digital de Asturias \u2013 Revista de ocio, turismo y estilo de vida","og:type":"article","og:title":"El Cordob\u00e9s vuelve a colgar el \u00abno hay billetes\u00bb en Madrid 50 a\u00f1os despu\u00e9s | El Digital de Asturias","og:description":"Madrid, 20 may (EFE).- Con el potente magnetismo de siempre, con su risa lobuna de jefe de la manada, El Cordob\u00e9s, el mismo Manuel Ben\u00edtez que movi\u00f3 a las masas durante sus a\u00f1os en el ruedo, volvi\u00f3 a poner el simb\u00f3lico cartel de &quot;no hay billetes&quot; en el homenaje que se le tribut\u00f3 hoy en","og:url":"https:\/\/eldigitaldeasturias.com\/magazine365\/el-cordobes-vuelve-a-colgar-el-no-hay-billetes-en-madrid-50-anos-despues\/","og:image":"https:\/\/eldigitaldeasturias.com\/magazine365\/wp-content\/uploads\/2014\/05\/6279976w.jpg","og:image:secure_url":"https:\/\/eldigitaldeasturias.com\/magazine365\/wp-content\/uploads\/2014\/05\/6279976w.jpg","og:image:width":700,"og:image:height":1078,"article:published_time":"2014-05-21T01:21:29+00:00","article:modified_time":"2014-05-21T01:21:29+00:00","twitter:card":"summary_large_image","twitter:title":"El Cordob\u00e9s vuelve a colgar el \u00abno hay billetes\u00bb en Madrid 50 a\u00f1os despu\u00e9s | El Digital de Asturias","twitter:description":"Madrid, 20 may (EFE).- Con el potente magnetismo de siempre, con su risa lobuna de jefe de la manada, El Cordob\u00e9s, el mismo Manuel Ben\u00edtez que movi\u00f3 a las masas durante sus a\u00f1os en el ruedo, volvi\u00f3 a poner el simb\u00f3lico cartel de &quot;no hay billetes&quot; en el homenaje que se le tribut\u00f3 hoy en","twitter:image":"https:\/\/eldigitaldeasturias.com\/magazine365\/wp-content\/uploads\/2014\/05\/6279976w.jpg"},"aioseo_meta_data":{"post_id":"13384","title":null,"description":null,"keywords":null,"keyphrases":null,"primary_term":null,"canonical_url":null,"og_title":null,"og_description":null,"og_object_type":"default","og_image_type":"default","og_image_url":null,"og_image_width":null,"og_image_height":null,"og_image_custom_url":null,"og_image_custom_fields":null,"og_video":null,"og_custom_url":null,"og_article_section":null,"og_article_tags":null,"twitter_use_og":false,"twitter_card":"default","twitter_image_type":"default","twitter_image_url":null,"twitter_image_custom_url":null,"twitter_image_custom_fields":null,"twitter_title":null,"twitter_description":null,"schema":{"blockGraphs":[],"customGraphs":[],"default":{"data":{"Article":[],"Course":[],"Dataset":[],"FAQPage":[],"Movie":[],"Person":[],"Product":[],"ProductReview":[],"Car":[],"Recipe":[],"Service":[],"SoftwareApplication":[],"WebPage":[]},"graphName":"","isEnabled":true},"graphs":[]},"schema_type":null,"schema_type_options":null,"pillar_content":false,"robots_default":true,"robots_noindex":false,"robots_noarchive":false,"robots_nosnippet":false,"robots_nofollow":false,"robots_noimageindex":false,"robots_noodp":false,"robots_notranslate":false,"robots_max_snippet":null,"robots_max_videopreview":null,"robots_max_imagepreview":"large","priority":null,"frequency":null,"location":null,"local_seo":null,"seo_analyzer_scan_date":"2025-09-17 08:10:15","breadcrumb_settings":null,"limit_modified_date":false,"open_ai":null,"ai":null,"created":"2021-03-09 08:28:54","updated":"2025-09-17 08:10:15"},"aioseo_breadcrumb":"<div class=\"aioseo-breadcrumbs\"><span class=\"aioseo-breadcrumb\">\n\t<a href=\"https:\/\/eldigitaldeasturias.com\/magazine365\" title=\"Home\">Home<\/a>\n<\/span><span class=\"aioseo-breadcrumb-separator\">\u2013<\/span><span class=\"aioseo-breadcrumb\">\n\t<a href=\"https:\/\/eldigitaldeasturias.com\/magazine365\/category\/noticias-actualidad\/\" title=\"Noticias y Actualidad\">Noticias y Actualidad<\/a>\n<\/span><span class=\"aioseo-breadcrumb-separator\">\u2013<\/span><span class=\"aioseo-breadcrumb\">\n\t<a href=\"https:\/\/eldigitaldeasturias.com\/magazine365\/el-cordobes-vuelve-a-colgar-el-no-hay-billetes-en-madrid-50-anos-despues\/\" title=\"El Cordob\u00e9s vuelve a colgar el \u00abno hay billetes\u00bb en Madrid 50 a\u00f1os despu\u00e9s\">El Cordob\u00e9s vuelve a colgar el \u00abno hay billetes\u00bb en Madrid 50 a\u00f1os despu\u00e9s<\/a>\n<\/span><\/div>","aioseo_breadcrumb_json":[{"label":"Home","link":"https:\/\/eldigitaldeasturias.com\/magazine365"},{"label":"Noticias y Actualidad","link":"https:\/\/eldigitaldeasturias.com\/magazine365\/category\/noticias-actualidad\/"},{"label":"El Cordob\u00e9s vuelve a colgar el \u00abno hay billetes\u00bb en Madrid 50 a\u00f1os despu\u00e9s","link":"https:\/\/eldigitaldeasturias.com\/magazine365\/el-cordobes-vuelve-a-colgar-el-no-hay-billetes-en-madrid-50-anos-despues\/"}],"_links":{"self":[{"href":"https:\/\/eldigitaldeasturias.com\/magazine365\/wp-json\/wp\/v2\/posts\/13384","targetHints":{"allow":["GET"]}}],"collection":[{"href":"https:\/\/eldigitaldeasturias.com\/magazine365\/wp-json\/wp\/v2\/posts"}],"about":[{"href":"https:\/\/eldigitaldeasturias.com\/magazine365\/wp-json\/wp\/v2\/types\/post"}],"author":[{"embeddable":true,"href":"https:\/\/eldigitaldeasturias.com\/magazine365\/wp-json\/wp\/v2\/users\/1"}],"replies":[{"embeddable":true,"href":"https:\/\/eldigitaldeasturias.com\/magazine365\/wp-json\/wp\/v2\/comments?post=13384"}],"version-history":[{"count":0,"href":"https:\/\/eldigitaldeasturias.com\/magazine365\/wp-json\/wp\/v2\/posts\/13384\/revisions"}],"wp:featuredmedia":[{"embeddable":true,"href":"https:\/\/eldigitaldeasturias.com\/magazine365\/wp-json\/wp\/v2\/media\/13385"}],"wp:attachment":[{"href":"https:\/\/eldigitaldeasturias.com\/magazine365\/wp-json\/wp\/v2\/media?parent=13384"}],"wp:term":[{"taxonomy":"category","embeddable":true,"href":"https:\/\/eldigitaldeasturias.com\/magazine365\/wp-json\/wp\/v2\/categories?post=13384"},{"taxonomy":"post_tag","embeddable":true,"href":"https:\/\/eldigitaldeasturias.com\/magazine365\/wp-json\/wp\/v2\/tags?post=13384"}],"curies":[{"name":"wp","href":"https:\/\/api.w.org\/{rel}","templated":true}]}}