{"id":13372,"date":"2014-05-20T23:01:18","date_gmt":"2014-05-21T01:01:18","guid":{"rendered":"http:\/\/eldigitaldeasturias.com\/magazine365\/?p=13372"},"modified":"2014-05-20T23:01:18","modified_gmt":"2014-05-21T01:01:18","slug":"kawase-aporta-la-sensibilidad-y-la-trascendencia-al-festival-de-cannes","status":"publish","type":"post","link":"https:\/\/eldigitaldeasturias.com\/magazine365\/kawase-aporta-la-sensibilidad-y-la-trascendencia-al-festival-de-cannes\/","title":{"rendered":"Kawase aporta la sensibilidad y la trascendencia al Festival de Cannes"},"content":{"rendered":"<p><img fetchpriority=\"high\" decoding=\"async\" class=\"alignleft size-medium wp-image-13373\" alt=\"6279807w\" src=\"https:\/\/eldigitaldeasturias.com\/magazine365\/wp-content\/uploads\/2014\/05\/6279807w-360x239.jpg\" width=\"360\" height=\"239\" \/>Cannes (Francia), 20 may (EFE).- La japonesa Naomi Kawase lleg\u00f3 hoy al Festival de Cannes con \u00abStill the water\u00bb, una propuesta sensible y de gran belleza formal que trata temas tan b\u00e1sicos y trascendentales como la vida y la muerte desde una \u00f3ptica fr\u00eda que resalta a\u00fan m\u00e1s su contenido emocional.<\/p>\n<p>\u00abSabemos que a partir del momento en que nacemos debemos morir alg\u00fan d\u00eda y sabemos muy bien que todas las personas que nos han precedido est\u00e1n muertas y que despu\u00e9s de lo que han vivido y nos han transmitido, no hace falta ver la muerte con miedo\u00bb, afirm\u00f3 hoy la realizadora japonesa al presentar su pel\u00edcula en la competici\u00f3n oficial de Cannes.<\/p>\n<p>En \u00abStill the water\u00bb, una coproducci\u00f3n de Jap\u00f3n, Francia y el espa\u00f1ol Luis Mi\u00f1arro, la realizadora cuenta la historia de dos adolescentes, Kyoko, cuya madre est\u00e1 muriendo, y Kaito, un chico callado y solitario que no asume la separaci\u00f3n de sus padres.<\/p>\n<p>Una pel\u00edcula que se desarrolla en la isla de Amami, al sur de Jap\u00f3n, y de donde proceden los ancestros de Kawase, seg\u00fan ha descubierto la directora hace poco tiempo.<\/p>\n<p>\u00abFue durante un viaje con mi madre biol\u00f3gica, mi madre adoptiva y mi abuela cuando lo descubr\u00ed. La sangre que corre por mis venas tiene su origen en esa isla. Durante nuestra estancia, al contemplar a esas tres mujeres que se lavaban mutuamente la espalda me ha entrado un sentimiento que hasta entonces no hab\u00eda sentido\u00bb.<\/p>\n<p>Y a trav\u00e9s de ese sentimiento construy\u00f3 una historia sobre la muerte como elemento que nos une a la vida porque los habitantes de la isla creen que es a trav\u00e9s de la muerte que podemos establecer un v\u00ednculo con la vida, seg\u00fan explic\u00f3 Kawase.<\/p>\n<p>\u00abEn el mundo moderno estamos pensando siempre en el futuro y no en el pasado y por eso tenemos miedo al dolor\u00bb, se\u00f1al\u00f3 la realizadora, quien resalt\u00f3 que al morir se vuelve al lugar donde uno naci\u00f3.<\/p>\n<p>As\u00ed que, junto a la experiencia de la muerte que sufre Kyoko quiso situar la de la soledad que afecta a Kaito y que ella misma experiment\u00f3 al ser adoptada.<\/p>\n<p>Dos historias que confronta con la naturaleza desbordante de la isla, que domina la vida de sus habitantes, que lo asumen con la certeza de saber imposible un enfrentamiento.<\/p>\n<p>\u00abIntent\u00e9 crear un estilo entre documental y ficci\u00f3n\u00bb, que tuviera el aspecto m\u00e1s real posible para que el espectador se vea golpeado por la naturaleza, una naturaleza que puede ser peligrosa y a la que se teme, pero que no impide que los protagonistas de la historia sigan viviendo en ella.<\/p>\n<p>Los habitantes de Amami \u00abveneran la naturaleza como un dios. Dicen que m\u00e1s all\u00e1 del mar hay un pa\u00eds que llaman Neriyakanaya, fuente de la abundancia y es ah\u00ed donde vuelve el alma despu\u00e9s de la muerte\u00bb.<\/p>\n<p>Por eso, la realizadora ha querido mostrar no solo la belleza, sino el miedo que se puede sentir delante de la formidable fuerza de la naturaleza.<\/p>\n<p>\u00abNo podemos mostrar la belleza sino mostramos la dimensi\u00f3n del miedo que puede provocar\u00bb, precis\u00f3 la directora, una habitual en Cannes, donde su cine es muy apreciado y donde consigui\u00f3 la C\u00e1mara de Oro a la mejor \u00f3pera prima en 1997 por \u00abSuzaku\u00bb y el Gran Premio del Festival en 2007 por \u00abEl bosque del luto\u00bb.<\/p>\n<p>Con \u00abStill the water\u00bb se vuelve a posicionar bien para lograr un premio con una historia que fue recibida incluso por l\u00e1grimas en algunos casos y que ha subyugado por su belleza y por la falta de dramatismo o sensibler\u00eda a la hora de mostrar la muerte.<\/p>\n<p>Un realismo al que han contribuido, y mucho, los dos actores protagonistas, los j\u00f3venes Jun Yoshinaga (Kyoko) y Nijiro Murakami (Kaito), que realizan unas fant\u00e1sticas interpretaciones.<\/p>\n<p>Los actores fueron elegidos por la realizadora para que no fueran vencidos por la belleza impactante de la isla, por lo que necesitaba que fueran tan guapos como fuertes, coment\u00f3 Kawase divertida.<\/p>\n<p>Alicia Garc\u00eda de Francisco<\/p>\n","protected":false},"excerpt":{"rendered":"<p>Cannes (Francia), 20 may (EFE).- La japonesa Naomi Kawase lleg\u00f3 hoy al Festival de Cannes con \u00abStill the water\u00bb, una propuesta sensible y de gran belleza formal que trata temas tan b\u00e1sicos y trascendentales como la vida y la muerte desde una \u00f3ptica fr\u00eda que resalta a\u00fan m\u00e1s su contenido emocional. \u00abSabemos que a partir<\/p>\n","protected":false},"author":1,"featured_media":13373,"comment_status":"open","ping_status":"closed","sticky":false,"template":"","format":"standard","meta":{"footnotes":""},"categories":[224],"tags":[],"class_list":{"0":"post-13372","1":"post","2":"type-post","3":"status-publish","4":"format-standard","5":"has-post-thumbnail","7":"category-noticias-actualidad"},"aioseo_notices":[],"aioseo_head":"\n\t\t<!-- All in One SEO Pro 4.9.6.1 - aioseo.com -->\n\t<meta name=\"description\" content=\"Cannes (Francia), 20 may (EFE).- La japonesa Naomi Kawase lleg\u00f3 hoy al Festival de Cannes con &quot;Still the water&quot;, una propuesta sensible y de gran belleza formal que trata temas tan b\u00e1sicos y trascendentales como la vida y la muerte desde una \u00f3ptica fr\u00eda que resalta a\u00fan m\u00e1s su contenido emocional. &quot;Sabemos que a partir\" \/>\n\t<meta name=\"robots\" content=\"max-image-preview:large\" \/>\n\t<meta name=\"author\" content=\"admin\"\/>\n\t<meta name=\"google-site-verification\" content=\"UA-38556648-1\" \/>\n\t<meta name=\"keywords\" content=\"noticias y actualidad\" \/>\n\t<link rel=\"canonical\" href=\"https:\/\/eldigitaldeasturias.com\/magazine365\/kawase-aporta-la-sensibilidad-y-la-trascendencia-al-festival-de-cannes\/\" \/>\n\t<meta name=\"generator\" content=\"All in One SEO Pro (AIOSEO) 4.9.6.1\" \/>\n\t\t<meta property=\"og:locale\" content=\"es_ES\" \/>\n\t\t<meta property=\"og:site_name\" content=\"El Digital de Asturias \u2013 Revista de ocio, turismo y estilo de vida\" \/>\n\t\t<meta property=\"og:type\" content=\"article\" \/>\n\t\t<meta property=\"og:title\" content=\"Kawase aporta la sensibilidad y la trascendencia al Festival de Cannes | El Digital de Asturias\" \/>\n\t\t<meta property=\"og:description\" content=\"Cannes (Francia), 20 may (EFE).- La japonesa Naomi Kawase lleg\u00f3 hoy al Festival de Cannes con &quot;Still the water&quot;, una propuesta sensible y de gran belleza formal que trata temas tan b\u00e1sicos y trascendentales como la vida y la muerte desde una \u00f3ptica fr\u00eda que resalta a\u00fan m\u00e1s su contenido emocional. &quot;Sabemos que a partir\" \/>\n\t\t<meta property=\"og:url\" content=\"https:\/\/eldigitaldeasturias.com\/magazine365\/kawase-aporta-la-sensibilidad-y-la-trascendencia-al-festival-de-cannes\/\" \/>\n\t\t<meta property=\"og:image\" content=\"https:\/\/eldigitaldeasturias.com\/magazine365\/wp-content\/uploads\/2014\/05\/6279807w.jpg\" \/>\n\t\t<meta property=\"og:image:secure_url\" content=\"https:\/\/eldigitaldeasturias.com\/magazine365\/wp-content\/uploads\/2014\/05\/6279807w.jpg\" \/>\n\t\t<meta property=\"og:image:width\" content=\"800\" \/>\n\t\t<meta property=\"og:image:height\" content=\"533\" \/>\n\t\t<meta property=\"article:published_time\" content=\"2014-05-21T01:01:18+00:00\" \/>\n\t\t<meta property=\"article:modified_time\" content=\"2014-05-21T01:01:18+00:00\" \/>\n\t\t<meta name=\"twitter:card\" content=\"summary_large_image\" \/>\n\t\t<meta name=\"twitter:title\" content=\"Kawase aporta la sensibilidad y la trascendencia al Festival de Cannes | El Digital de Asturias\" \/>\n\t\t<meta name=\"twitter:description\" content=\"Cannes (Francia), 20 may (EFE).- La japonesa Naomi Kawase lleg\u00f3 hoy al Festival de Cannes con &quot;Still the water&quot;, una propuesta sensible y de gran belleza formal que trata temas tan b\u00e1sicos y trascendentales como la vida y la muerte desde una \u00f3ptica fr\u00eda que resalta a\u00fan m\u00e1s su contenido emocional. &quot;Sabemos que a partir\" \/>\n\t\t<meta name=\"twitter:image\" content=\"https:\/\/eldigitaldeasturias.com\/magazine365\/wp-content\/uploads\/2014\/05\/6279807w.jpg\" \/>\n\t\t<script type=\"application\/ld+json\" class=\"aioseo-schema\">\n\t\t\t{\"@context\":\"https:\\\/\\\/schema.org\",\"@graph\":[{\"@type\":\"Article\",\"@id\":\"https:\\\/\\\/eldigitaldeasturias.com\\\/magazine365\\\/kawase-aporta-la-sensibilidad-y-la-trascendencia-al-festival-de-cannes\\\/#article\",\"name\":\"Kawase aporta la sensibilidad y la trascendencia al Festival de Cannes | El Digital de Asturias\",\"headline\":\"Kawase aporta la sensibilidad y la trascendencia al Festival de Cannes\",\"author\":{\"@id\":\"https:\\\/\\\/eldigitaldeasturias.com\\\/magazine365\\\/author\\\/admin\\\/#author\"},\"publisher\":{\"@id\":\"https:\\\/\\\/eldigitaldeasturias.com\\\/magazine365\\\/#organization\"},\"image\":{\"@type\":\"ImageObject\",\"url\":\"https:\\\/\\\/eldigitaldeasturias.com\\\/magazine365\\\/wp-content\\\/uploads\\\/2014\\\/05\\\/6279807w.jpg\",\"width\":800,\"height\":533},\"datePublished\":\"2014-05-20T23:01:18+02:00\",\"dateModified\":\"2014-05-20T23:01:18+02:00\",\"inLanguage\":\"es-ES\",\"mainEntityOfPage\":{\"@id\":\"https:\\\/\\\/eldigitaldeasturias.com\\\/magazine365\\\/kawase-aporta-la-sensibilidad-y-la-trascendencia-al-festival-de-cannes\\\/#webpage\"},\"isPartOf\":{\"@id\":\"https:\\\/\\\/eldigitaldeasturias.com\\\/magazine365\\\/kawase-aporta-la-sensibilidad-y-la-trascendencia-al-festival-de-cannes\\\/#webpage\"},\"articleSection\":\"Noticias y Actualidad\"},{\"@type\":\"BreadcrumbList\",\"@id\":\"https:\\\/\\\/eldigitaldeasturias.com\\\/magazine365\\\/kawase-aporta-la-sensibilidad-y-la-trascendencia-al-festival-de-cannes\\\/#breadcrumblist\",\"itemListElement\":[{\"@type\":\"ListItem\",\"@id\":\"https:\\\/\\\/eldigitaldeasturias.com\\\/magazine365#listItem\",\"position\":1,\"name\":\"Home\",\"item\":\"https:\\\/\\\/eldigitaldeasturias.com\\\/magazine365\",\"nextItem\":{\"@type\":\"ListItem\",\"@id\":\"https:\\\/\\\/eldigitaldeasturias.com\\\/magazine365\\\/category\\\/noticias-actualidad\\\/#listItem\",\"name\":\"Noticias y Actualidad\"}},{\"@type\":\"ListItem\",\"@id\":\"https:\\\/\\\/eldigitaldeasturias.com\\\/magazine365\\\/category\\\/noticias-actualidad\\\/#listItem\",\"position\":2,\"name\":\"Noticias y Actualidad\",\"item\":\"https:\\\/\\\/eldigitaldeasturias.com\\\/magazine365\\\/category\\\/noticias-actualidad\\\/\",\"nextItem\":{\"@type\":\"ListItem\",\"@id\":\"https:\\\/\\\/eldigitaldeasturias.com\\\/magazine365\\\/kawase-aporta-la-sensibilidad-y-la-trascendencia-al-festival-de-cannes\\\/#listItem\",\"name\":\"Kawase aporta la sensibilidad y la trascendencia al Festival de Cannes\"},\"previousItem\":{\"@type\":\"ListItem\",\"@id\":\"https:\\\/\\\/eldigitaldeasturias.com\\\/magazine365#listItem\",\"name\":\"Home\"}},{\"@type\":\"ListItem\",\"@id\":\"https:\\\/\\\/eldigitaldeasturias.com\\\/magazine365\\\/kawase-aporta-la-sensibilidad-y-la-trascendencia-al-festival-de-cannes\\\/#listItem\",\"position\":3,\"name\":\"Kawase aporta la sensibilidad y la trascendencia al Festival de Cannes\",\"previousItem\":{\"@type\":\"ListItem\",\"@id\":\"https:\\\/\\\/eldigitaldeasturias.com\\\/magazine365\\\/category\\\/noticias-actualidad\\\/#listItem\",\"name\":\"Noticias y Actualidad\"}}]},{\"@type\":\"Organization\",\"@id\":\"https:\\\/\\\/eldigitaldeasturias.com\\\/magazine365\\\/#organization\",\"name\":\"El digital de Asturias\",\"description\":\"Revista de ocio, turismo y estilo de vida\",\"url\":\"https:\\\/\\\/eldigitaldeasturias.com\\\/magazine365\\\/\",\"logo\":{\"@type\":\"ImageObject\",\"url\":\"https:\\\/\\\/www.eldigitaldeasturias.com\\\/noticias\\\/wp-content\\\/uploads\\\/2020\\\/12\\\/EDA.jpg\",\"@id\":\"https:\\\/\\\/eldigitaldeasturias.com\\\/magazine365\\\/kawase-aporta-la-sensibilidad-y-la-trascendencia-al-festival-de-cannes\\\/#organizationLogo\"},\"image\":{\"@id\":\"https:\\\/\\\/eldigitaldeasturias.com\\\/magazine365\\\/kawase-aporta-la-sensibilidad-y-la-trascendencia-al-festival-de-cannes\\\/#organizationLogo\"}},{\"@type\":\"Person\",\"@id\":\"https:\\\/\\\/eldigitaldeasturias.com\\\/magazine365\\\/author\\\/admin\\\/#author\",\"url\":\"https:\\\/\\\/eldigitaldeasturias.com\\\/magazine365\\\/author\\\/admin\\\/\",\"name\":\"admin\",\"image\":{\"@type\":\"ImageObject\",\"@id\":\"https:\\\/\\\/eldigitaldeasturias.com\\\/magazine365\\\/kawase-aporta-la-sensibilidad-y-la-trascendencia-al-festival-de-cannes\\\/#authorImage\",\"url\":\"https:\\\/\\\/eldigitaldeasturias.com\\\/magazine365\\\/wp-content\\\/litespeed\\\/avatar\\\/e571bcf59a0edd6fa6838245a470f2fe.jpg?ver=1776969259\",\"width\":96,\"height\":96,\"caption\":\"admin\"}},{\"@type\":\"WebPage\",\"@id\":\"https:\\\/\\\/eldigitaldeasturias.com\\\/magazine365\\\/kawase-aporta-la-sensibilidad-y-la-trascendencia-al-festival-de-cannes\\\/#webpage\",\"url\":\"https:\\\/\\\/eldigitaldeasturias.com\\\/magazine365\\\/kawase-aporta-la-sensibilidad-y-la-trascendencia-al-festival-de-cannes\\\/\",\"name\":\"Kawase aporta la sensibilidad y la trascendencia al Festival de Cannes | El Digital de Asturias\",\"description\":\"Cannes (Francia), 20 may (EFE).- La japonesa Naomi Kawase lleg\\u00f3 hoy al Festival de Cannes con \\\"Still the water\\\", una propuesta sensible y de gran belleza formal que trata temas tan b\\u00e1sicos y trascendentales como la vida y la muerte desde una \\u00f3ptica fr\\u00eda que resalta a\\u00fan m\\u00e1s su contenido emocional. \\\"Sabemos que a partir\",\"inLanguage\":\"es-ES\",\"isPartOf\":{\"@id\":\"https:\\\/\\\/eldigitaldeasturias.com\\\/magazine365\\\/#website\"},\"breadcrumb\":{\"@id\":\"https:\\\/\\\/eldigitaldeasturias.com\\\/magazine365\\\/kawase-aporta-la-sensibilidad-y-la-trascendencia-al-festival-de-cannes\\\/#breadcrumblist\"},\"author\":{\"@id\":\"https:\\\/\\\/eldigitaldeasturias.com\\\/magazine365\\\/author\\\/admin\\\/#author\"},\"creator\":{\"@id\":\"https:\\\/\\\/eldigitaldeasturias.com\\\/magazine365\\\/author\\\/admin\\\/#author\"},\"image\":{\"@type\":\"ImageObject\",\"url\":\"https:\\\/\\\/eldigitaldeasturias.com\\\/magazine365\\\/wp-content\\\/uploads\\\/2014\\\/05\\\/6279807w.jpg\",\"@id\":\"https:\\\/\\\/eldigitaldeasturias.com\\\/magazine365\\\/kawase-aporta-la-sensibilidad-y-la-trascendencia-al-festival-de-cannes\\\/#mainImage\",\"width\":800,\"height\":533},\"primaryImageOfPage\":{\"@id\":\"https:\\\/\\\/eldigitaldeasturias.com\\\/magazine365\\\/kawase-aporta-la-sensibilidad-y-la-trascendencia-al-festival-de-cannes\\\/#mainImage\"},\"datePublished\":\"2014-05-20T23:01:18+02:00\",\"dateModified\":\"2014-05-20T23:01:18+02:00\"},{\"@type\":\"WebSite\",\"@id\":\"https:\\\/\\\/eldigitaldeasturias.com\\\/magazine365\\\/#website\",\"url\":\"https:\\\/\\\/eldigitaldeasturias.com\\\/magazine365\\\/\",\"name\":\"El Digital de Asturias\",\"description\":\"Revista de ocio, turismo y estilo de vida\",\"inLanguage\":\"es-ES\",\"publisher\":{\"@id\":\"https:\\\/\\\/eldigitaldeasturias.com\\\/magazine365\\\/#organization\"}}]}\n\t\t<\/script>\n\t\t<!-- All in One SEO Pro -->\r\n\t\t<title>Kawase aporta la sensibilidad y la trascendencia al Festival de Cannes | El Digital de Asturias<\/title>\n\n","aioseo_head_json":{"title":"Kawase aporta la sensibilidad y la trascendencia al Festival de Cannes | El Digital de Asturias","description":"Cannes (Francia), 20 may (EFE).- La japonesa Naomi Kawase lleg\u00f3 hoy al Festival de Cannes con \"Still the water\", una propuesta sensible y de gran belleza formal que trata temas tan b\u00e1sicos y trascendentales como la vida y la muerte desde una \u00f3ptica fr\u00eda que resalta a\u00fan m\u00e1s su contenido emocional. \"Sabemos que a partir","canonical_url":"https:\/\/eldigitaldeasturias.com\/magazine365\/kawase-aporta-la-sensibilidad-y-la-trascendencia-al-festival-de-cannes\/","robots":"max-image-preview:large","keywords":"noticias y actualidad","webmasterTools":{"google-site-verification":"UA-38556648-1","miscellaneous":""},"schema":{"@context":"https:\/\/schema.org","@graph":[{"@type":"Article","@id":"https:\/\/eldigitaldeasturias.com\/magazine365\/kawase-aporta-la-sensibilidad-y-la-trascendencia-al-festival-de-cannes\/#article","name":"Kawase aporta la sensibilidad y la trascendencia al Festival de Cannes | El Digital de Asturias","headline":"Kawase aporta la sensibilidad y la trascendencia al Festival de Cannes","author":{"@id":"https:\/\/eldigitaldeasturias.com\/magazine365\/author\/admin\/#author"},"publisher":{"@id":"https:\/\/eldigitaldeasturias.com\/magazine365\/#organization"},"image":{"@type":"ImageObject","url":"https:\/\/eldigitaldeasturias.com\/magazine365\/wp-content\/uploads\/2014\/05\/6279807w.jpg","width":800,"height":533},"datePublished":"2014-05-20T23:01:18+02:00","dateModified":"2014-05-20T23:01:18+02:00","inLanguage":"es-ES","mainEntityOfPage":{"@id":"https:\/\/eldigitaldeasturias.com\/magazine365\/kawase-aporta-la-sensibilidad-y-la-trascendencia-al-festival-de-cannes\/#webpage"},"isPartOf":{"@id":"https:\/\/eldigitaldeasturias.com\/magazine365\/kawase-aporta-la-sensibilidad-y-la-trascendencia-al-festival-de-cannes\/#webpage"},"articleSection":"Noticias y Actualidad"},{"@type":"BreadcrumbList","@id":"https:\/\/eldigitaldeasturias.com\/magazine365\/kawase-aporta-la-sensibilidad-y-la-trascendencia-al-festival-de-cannes\/#breadcrumblist","itemListElement":[{"@type":"ListItem","@id":"https:\/\/eldigitaldeasturias.com\/magazine365#listItem","position":1,"name":"Home","item":"https:\/\/eldigitaldeasturias.com\/magazine365","nextItem":{"@type":"ListItem","@id":"https:\/\/eldigitaldeasturias.com\/magazine365\/category\/noticias-actualidad\/#listItem","name":"Noticias y Actualidad"}},{"@type":"ListItem","@id":"https:\/\/eldigitaldeasturias.com\/magazine365\/category\/noticias-actualidad\/#listItem","position":2,"name":"Noticias y Actualidad","item":"https:\/\/eldigitaldeasturias.com\/magazine365\/category\/noticias-actualidad\/","nextItem":{"@type":"ListItem","@id":"https:\/\/eldigitaldeasturias.com\/magazine365\/kawase-aporta-la-sensibilidad-y-la-trascendencia-al-festival-de-cannes\/#listItem","name":"Kawase aporta la sensibilidad y la trascendencia al Festival de Cannes"},"previousItem":{"@type":"ListItem","@id":"https:\/\/eldigitaldeasturias.com\/magazine365#listItem","name":"Home"}},{"@type":"ListItem","@id":"https:\/\/eldigitaldeasturias.com\/magazine365\/kawase-aporta-la-sensibilidad-y-la-trascendencia-al-festival-de-cannes\/#listItem","position":3,"name":"Kawase aporta la sensibilidad y la trascendencia al Festival de Cannes","previousItem":{"@type":"ListItem","@id":"https:\/\/eldigitaldeasturias.com\/magazine365\/category\/noticias-actualidad\/#listItem","name":"Noticias y Actualidad"}}]},{"@type":"Organization","@id":"https:\/\/eldigitaldeasturias.com\/magazine365\/#organization","name":"El digital de Asturias","description":"Revista de ocio, turismo y estilo de vida","url":"https:\/\/eldigitaldeasturias.com\/magazine365\/","logo":{"@type":"ImageObject","url":"https:\/\/www.eldigitaldeasturias.com\/noticias\/wp-content\/uploads\/2020\/12\/EDA.jpg","@id":"https:\/\/eldigitaldeasturias.com\/magazine365\/kawase-aporta-la-sensibilidad-y-la-trascendencia-al-festival-de-cannes\/#organizationLogo"},"image":{"@id":"https:\/\/eldigitaldeasturias.com\/magazine365\/kawase-aporta-la-sensibilidad-y-la-trascendencia-al-festival-de-cannes\/#organizationLogo"}},{"@type":"Person","@id":"https:\/\/eldigitaldeasturias.com\/magazine365\/author\/admin\/#author","url":"https:\/\/eldigitaldeasturias.com\/magazine365\/author\/admin\/","name":"admin","image":{"@type":"ImageObject","@id":"https:\/\/eldigitaldeasturias.com\/magazine365\/kawase-aporta-la-sensibilidad-y-la-trascendencia-al-festival-de-cannes\/#authorImage","url":"https:\/\/eldigitaldeasturias.com\/magazine365\/wp-content\/litespeed\/avatar\/e571bcf59a0edd6fa6838245a470f2fe.jpg?ver=1776969259","width":96,"height":96,"caption":"admin"}},{"@type":"WebPage","@id":"https:\/\/eldigitaldeasturias.com\/magazine365\/kawase-aporta-la-sensibilidad-y-la-trascendencia-al-festival-de-cannes\/#webpage","url":"https:\/\/eldigitaldeasturias.com\/magazine365\/kawase-aporta-la-sensibilidad-y-la-trascendencia-al-festival-de-cannes\/","name":"Kawase aporta la sensibilidad y la trascendencia al Festival de Cannes | El Digital de Asturias","description":"Cannes (Francia), 20 may (EFE).- La japonesa Naomi Kawase lleg\u00f3 hoy al Festival de Cannes con \"Still the water\", una propuesta sensible y de gran belleza formal que trata temas tan b\u00e1sicos y trascendentales como la vida y la muerte desde una \u00f3ptica fr\u00eda que resalta a\u00fan m\u00e1s su contenido emocional. \"Sabemos que a partir","inLanguage":"es-ES","isPartOf":{"@id":"https:\/\/eldigitaldeasturias.com\/magazine365\/#website"},"breadcrumb":{"@id":"https:\/\/eldigitaldeasturias.com\/magazine365\/kawase-aporta-la-sensibilidad-y-la-trascendencia-al-festival-de-cannes\/#breadcrumblist"},"author":{"@id":"https:\/\/eldigitaldeasturias.com\/magazine365\/author\/admin\/#author"},"creator":{"@id":"https:\/\/eldigitaldeasturias.com\/magazine365\/author\/admin\/#author"},"image":{"@type":"ImageObject","url":"https:\/\/eldigitaldeasturias.com\/magazine365\/wp-content\/uploads\/2014\/05\/6279807w.jpg","@id":"https:\/\/eldigitaldeasturias.com\/magazine365\/kawase-aporta-la-sensibilidad-y-la-trascendencia-al-festival-de-cannes\/#mainImage","width":800,"height":533},"primaryImageOfPage":{"@id":"https:\/\/eldigitaldeasturias.com\/magazine365\/kawase-aporta-la-sensibilidad-y-la-trascendencia-al-festival-de-cannes\/#mainImage"},"datePublished":"2014-05-20T23:01:18+02:00","dateModified":"2014-05-20T23:01:18+02:00"},{"@type":"WebSite","@id":"https:\/\/eldigitaldeasturias.com\/magazine365\/#website","url":"https:\/\/eldigitaldeasturias.com\/magazine365\/","name":"El Digital de Asturias","description":"Revista de ocio, turismo y estilo de vida","inLanguage":"es-ES","publisher":{"@id":"https:\/\/eldigitaldeasturias.com\/magazine365\/#organization"}}]},"og:locale":"es_ES","og:site_name":"El Digital de Asturias \u2013 Revista de ocio, turismo y estilo de vida","og:type":"article","og:title":"Kawase aporta la sensibilidad y la trascendencia al Festival de Cannes | El Digital de Asturias","og:description":"Cannes (Francia), 20 may (EFE).- La japonesa Naomi Kawase lleg\u00f3 hoy al Festival de Cannes con &quot;Still the water&quot;, una propuesta sensible y de gran belleza formal que trata temas tan b\u00e1sicos y trascendentales como la vida y la muerte desde una \u00f3ptica fr\u00eda que resalta a\u00fan m\u00e1s su contenido emocional. &quot;Sabemos que a partir","og:url":"https:\/\/eldigitaldeasturias.com\/magazine365\/kawase-aporta-la-sensibilidad-y-la-trascendencia-al-festival-de-cannes\/","og:image":"https:\/\/eldigitaldeasturias.com\/magazine365\/wp-content\/uploads\/2014\/05\/6279807w.jpg","og:image:secure_url":"https:\/\/eldigitaldeasturias.com\/magazine365\/wp-content\/uploads\/2014\/05\/6279807w.jpg","og:image:width":800,"og:image:height":533,"article:published_time":"2014-05-21T01:01:18+00:00","article:modified_time":"2014-05-21T01:01:18+00:00","twitter:card":"summary_large_image","twitter:title":"Kawase aporta la sensibilidad y la trascendencia al Festival de Cannes | El Digital de Asturias","twitter:description":"Cannes (Francia), 20 may (EFE).- La japonesa Naomi Kawase lleg\u00f3 hoy al Festival de Cannes con &quot;Still the water&quot;, una propuesta sensible y de gran belleza formal que trata temas tan b\u00e1sicos y trascendentales como la vida y la muerte desde una \u00f3ptica fr\u00eda que resalta a\u00fan m\u00e1s su contenido emocional. &quot;Sabemos que a partir","twitter:image":"https:\/\/eldigitaldeasturias.com\/magazine365\/wp-content\/uploads\/2014\/05\/6279807w.jpg"},"aioseo_meta_data":{"post_id":"13372","title":null,"description":null,"keywords":null,"keyphrases":null,"primary_term":null,"canonical_url":null,"og_title":null,"og_description":null,"og_object_type":"default","og_image_type":"default","og_image_url":null,"og_image_width":null,"og_image_height":null,"og_image_custom_url":null,"og_image_custom_fields":null,"og_video":null,"og_custom_url":null,"og_article_section":null,"og_article_tags":null,"twitter_use_og":false,"twitter_card":"default","twitter_image_type":"default","twitter_image_url":null,"twitter_image_custom_url":null,"twitter_image_custom_fields":null,"twitter_title":null,"twitter_description":null,"schema":{"blockGraphs":[],"customGraphs":[],"default":{"data":{"Article":[],"Course":[],"Dataset":[],"FAQPage":[],"Movie":[],"Person":[],"Product":[],"ProductReview":[],"Car":[],"Recipe":[],"Service":[],"SoftwareApplication":[],"WebPage":[]},"graphName":"","isEnabled":true},"graphs":[]},"schema_type":null,"schema_type_options":null,"pillar_content":false,"robots_default":true,"robots_noindex":false,"robots_noarchive":false,"robots_nosnippet":false,"robots_nofollow":false,"robots_noimageindex":false,"robots_noodp":false,"robots_notranslate":false,"robots_max_snippet":null,"robots_max_videopreview":null,"robots_max_imagepreview":"large","priority":null,"frequency":null,"location":null,"local_seo":null,"seo_analyzer_scan_date":"2025-09-17 08:08:12","breadcrumb_settings":null,"limit_modified_date":false,"open_ai":null,"ai":null,"created":"2021-03-09 08:28:54","updated":"2025-09-17 08:08:12"},"aioseo_breadcrumb":"<div class=\"aioseo-breadcrumbs\"><span class=\"aioseo-breadcrumb\">\n\t<a href=\"https:\/\/eldigitaldeasturias.com\/magazine365\" title=\"Home\">Home<\/a>\n<\/span><span class=\"aioseo-breadcrumb-separator\">\u2013<\/span><span class=\"aioseo-breadcrumb\">\n\t<a href=\"https:\/\/eldigitaldeasturias.com\/magazine365\/category\/noticias-actualidad\/\" title=\"Noticias y Actualidad\">Noticias y Actualidad<\/a>\n<\/span><span class=\"aioseo-breadcrumb-separator\">\u2013<\/span><span class=\"aioseo-breadcrumb\">\n\t<a href=\"https:\/\/eldigitaldeasturias.com\/magazine365\/kawase-aporta-la-sensibilidad-y-la-trascendencia-al-festival-de-cannes\/\" title=\"Kawase aporta la sensibilidad y la trascendencia al Festival de Cannes\">Kawase aporta la sensibilidad y la trascendencia al Festival de Cannes<\/a>\n<\/span><\/div>","aioseo_breadcrumb_json":[{"label":"Home","link":"https:\/\/eldigitaldeasturias.com\/magazine365"},{"label":"Noticias y Actualidad","link":"https:\/\/eldigitaldeasturias.com\/magazine365\/category\/noticias-actualidad\/"},{"label":"Kawase aporta la sensibilidad y la trascendencia al Festival de Cannes","link":"https:\/\/eldigitaldeasturias.com\/magazine365\/kawase-aporta-la-sensibilidad-y-la-trascendencia-al-festival-de-cannes\/"}],"_links":{"self":[{"href":"https:\/\/eldigitaldeasturias.com\/magazine365\/wp-json\/wp\/v2\/posts\/13372","targetHints":{"allow":["GET"]}}],"collection":[{"href":"https:\/\/eldigitaldeasturias.com\/magazine365\/wp-json\/wp\/v2\/posts"}],"about":[{"href":"https:\/\/eldigitaldeasturias.com\/magazine365\/wp-json\/wp\/v2\/types\/post"}],"author":[{"embeddable":true,"href":"https:\/\/eldigitaldeasturias.com\/magazine365\/wp-json\/wp\/v2\/users\/1"}],"replies":[{"embeddable":true,"href":"https:\/\/eldigitaldeasturias.com\/magazine365\/wp-json\/wp\/v2\/comments?post=13372"}],"version-history":[{"count":0,"href":"https:\/\/eldigitaldeasturias.com\/magazine365\/wp-json\/wp\/v2\/posts\/13372\/revisions"}],"wp:featuredmedia":[{"embeddable":true,"href":"https:\/\/eldigitaldeasturias.com\/magazine365\/wp-json\/wp\/v2\/media\/13373"}],"wp:attachment":[{"href":"https:\/\/eldigitaldeasturias.com\/magazine365\/wp-json\/wp\/v2\/media?parent=13372"}],"wp:term":[{"taxonomy":"category","embeddable":true,"href":"https:\/\/eldigitaldeasturias.com\/magazine365\/wp-json\/wp\/v2\/categories?post=13372"},{"taxonomy":"post_tag","embeddable":true,"href":"https:\/\/eldigitaldeasturias.com\/magazine365\/wp-json\/wp\/v2\/tags?post=13372"}],"curies":[{"name":"wp","href":"https:\/\/api.w.org\/{rel}","templated":true}]}}