{"id":13366,"date":"2014-05-20T20:59:43","date_gmt":"2014-05-20T22:59:43","guid":{"rendered":"http:\/\/eldigitaldeasturias.com\/magazine365\/?p=13366"},"modified":"2014-05-20T20:59:43","modified_gmt":"2014-05-20T22:59:43","slug":"juan-diego-premio-a-toda-una-vida-del-festival-de-cine-de-alicante","status":"publish","type":"post","link":"https:\/\/eldigitaldeasturias.com\/magazine365\/juan-diego-premio-a-toda-una-vida-del-festival-de-cine-de-alicante\/","title":{"rendered":"Juan Diego, premio \u00abA toda una vida\u00bb del Festival de Cine de Alicante"},"content":{"rendered":"<p><img fetchpriority=\"high\" decoding=\"async\" class=\"alignleft size-medium wp-image-13367\" alt=\"6279787w\" src=\"https:\/\/eldigitaldeasturias.com\/magazine365\/wp-content\/uploads\/2014\/05\/6279787w-360x265.jpg\" width=\"360\" height=\"265\" \/>Alicante, 20 may (EFE).- El actor Juan Diego, que cumple casi 50 a\u00f1os en el mundo de la interpretaci\u00f3n, recibir\u00e1 el premio \u00abA toda una vida\u00bb en la und\u00e9cima edici\u00f3n del Festival de Cine de Alicante como homenaje a su trayectoria profesional, en una ceremonia que tendr\u00e1 lugar el pr\u00f3ximo d\u00eda 31 en el Teatro Arniches.<\/p>\n<p>El realizador Carlos Saura, que dirigi\u00f3 al int\u00e9rprete sevillano en las pel\u00edculas \u00abEl s\u00e9ptimo d\u00eda\u00bb (2004) y \u00abLa noche oscura\u00bb (1989), ser\u00e1 el encargado de entregarle el galard\u00f3n coincidiendo con la gala de clausura del certamen, han informado hoy fuentes de la organizaci\u00f3n.<\/p>\n<p>Seg\u00fan el director del certamen, Vicente Seva, \u00abes un premio merecid\u00edsimo, ya que Juan Diego demuestra en cada personaje su talento, profesionalidad y la experiencia que su dilatada carrera interpretativa le confiere\u00bb.<\/p>\n<p>Nacido el 14 de diciembre de 1942 en la localidad sevillana de Borbujos de Aljarafe, la larga trayectoria de Juan Diego ha sido reconocida con el Premio Max de las Artes Esc\u00e9nicas al mejor actor (2000), tres Premios Goya (dos como actor de reparto y uno de protagonista) o el Premio ACE de la cr\u00edtica cinematogr\u00e1fica de Nueva York al mejor actor de habla hispana (1991), entre otros.<\/p>\n<p>Paralelamente al anuncio del premio que recibir\u00e1 Juan Diego en el Festival de Cine de Alicante, se ha presentado tambi\u00e9n hoy la exposici\u00f3n itinerante \u00abCarteles de cine\u00bb, del prol\u00edfico cartelista y grafista valenciano Rafael Raga Montesinos.<\/p>\n<p>La muestra, que acoge el Casino Mediterr\u00e1neo hasta el pr\u00f3ximo 23 de junio, re\u00fane 21 carteles, todos ellos reproducciones originales.<\/p>\n<p>La selecci\u00f3n de la exposici\u00f3n, organizada por el Festival de Cine de Alicante junto a Enrique Perales, profesor en la Escuela de Arte y Superior de Dise\u00f1o de Alicante y comisario de la muestra, incluye gran parte de sus dise\u00f1os m\u00e1s emblem\u00e1ticos.<\/p>\n<p>La exposici\u00f3n recoge obras de la d\u00e9cada de 1930, anteriores a la Guerra Civil Espa\u00f1ola y donde aparece la firma de Raga, y trabajos posteriores, entre los a\u00f1os 1940 y 1950, en los que el autor firma bajo el seud\u00f3nimo \u00abRam\u00f3n\u00bb (compuesto por la uni\u00f3n de la primera s\u00edlaba de sus dos apellidos).<\/p>\n<p>Esencialmente, se trata de carteles encargados por Cifesa (Compa\u00f1\u00eda Industrial Film Espa\u00f1ol, S.A.), empresa espa\u00f1ola dedicada a la producci\u00f3n y distribuci\u00f3n de pel\u00edculas que tuvo su \u00e9poca de mayor esplendor en las d\u00e9cadas de los cuarenta y cincuenta.<\/p>\n","protected":false},"excerpt":{"rendered":"<p>Alicante, 20 may (EFE).- El actor Juan Diego, que cumple casi 50 a\u00f1os en el mundo de la interpretaci\u00f3n, recibir\u00e1 el premio \u00abA toda una vida\u00bb en la und\u00e9cima edici\u00f3n del Festival de Cine de Alicante como homenaje a su trayectoria profesional, en una ceremonia que tendr\u00e1 lugar el pr\u00f3ximo d\u00eda 31 en el Teatro<\/p>\n","protected":false},"author":1,"featured_media":13367,"comment_status":"open","ping_status":"closed","sticky":false,"template":"","format":"standard","meta":{"footnotes":""},"categories":[224],"tags":[],"class_list":{"0":"post-13366","1":"post","2":"type-post","3":"status-publish","4":"format-standard","5":"has-post-thumbnail","7":"category-noticias-actualidad"},"aioseo_notices":[],"aioseo_head":"\n\t\t<!-- All in One SEO Pro 4.9.6.1 - aioseo.com -->\n\t<meta name=\"description\" content=\"Alicante, 20 may (EFE).- El actor Juan Diego, que cumple casi 50 a\u00f1os en el mundo de la interpretaci\u00f3n, recibir\u00e1 el premio &quot;A toda una vida&quot; en la und\u00e9cima edici\u00f3n del Festival de Cine de Alicante como homenaje a su trayectoria profesional, en una ceremonia que tendr\u00e1 lugar el pr\u00f3ximo d\u00eda 31 en el Teatro\" \/>\n\t<meta name=\"robots\" content=\"max-image-preview:large\" \/>\n\t<meta name=\"author\" content=\"admin\"\/>\n\t<meta name=\"google-site-verification\" content=\"UA-38556648-1\" \/>\n\t<meta name=\"keywords\" content=\"noticias y actualidad\" \/>\n\t<link rel=\"canonical\" href=\"https:\/\/eldigitaldeasturias.com\/magazine365\/juan-diego-premio-a-toda-una-vida-del-festival-de-cine-de-alicante\/\" \/>\n\t<meta name=\"generator\" content=\"All in One SEO Pro (AIOSEO) 4.9.6.1\" \/>\n\t\t<meta property=\"og:locale\" content=\"es_ES\" \/>\n\t\t<meta property=\"og:site_name\" content=\"El Digital de Asturias \u2013 Revista de ocio, turismo y estilo de vida\" \/>\n\t\t<meta property=\"og:type\" content=\"article\" \/>\n\t\t<meta property=\"og:title\" content=\"Juan Diego, premio \u00abA toda una vida\u00bb del Festival de Cine de Alicante | El Digital de Asturias\" \/>\n\t\t<meta property=\"og:description\" content=\"Alicante, 20 may (EFE).- El actor Juan Diego, que cumple casi 50 a\u00f1os en el mundo de la interpretaci\u00f3n, recibir\u00e1 el premio &quot;A toda una vida&quot; en la und\u00e9cima edici\u00f3n del Festival de Cine de Alicante como homenaje a su trayectoria profesional, en una ceremonia que tendr\u00e1 lugar el pr\u00f3ximo d\u00eda 31 en el Teatro\" \/>\n\t\t<meta property=\"og:url\" content=\"https:\/\/eldigitaldeasturias.com\/magazine365\/juan-diego-premio-a-toda-una-vida-del-festival-de-cine-de-alicante\/\" \/>\n\t\t<meta property=\"og:image\" content=\"https:\/\/eldigitaldeasturias.com\/magazine365\/wp-content\/uploads\/2014\/05\/6279787w.jpg\" \/>\n\t\t<meta property=\"og:image:secure_url\" content=\"https:\/\/eldigitaldeasturias.com\/magazine365\/wp-content\/uploads\/2014\/05\/6279787w.jpg\" \/>\n\t\t<meta property=\"og:image:width\" content=\"800\" \/>\n\t\t<meta property=\"og:image:height\" content=\"591\" \/>\n\t\t<meta property=\"article:published_time\" content=\"2014-05-20T22:59:43+00:00\" \/>\n\t\t<meta property=\"article:modified_time\" content=\"2014-05-20T22:59:43+00:00\" \/>\n\t\t<meta name=\"twitter:card\" content=\"summary_large_image\" \/>\n\t\t<meta name=\"twitter:title\" content=\"Juan Diego, premio \u00abA toda una vida\u00bb del Festival de Cine de Alicante | El Digital de Asturias\" \/>\n\t\t<meta name=\"twitter:description\" content=\"Alicante, 20 may (EFE).- El actor Juan Diego, que cumple casi 50 a\u00f1os en el mundo de la interpretaci\u00f3n, recibir\u00e1 el premio &quot;A toda una vida&quot; en la und\u00e9cima edici\u00f3n del Festival de Cine de Alicante como homenaje a su trayectoria profesional, en una ceremonia que tendr\u00e1 lugar el pr\u00f3ximo d\u00eda 31 en el Teatro\" \/>\n\t\t<meta name=\"twitter:image\" content=\"https:\/\/eldigitaldeasturias.com\/magazine365\/wp-content\/uploads\/2014\/05\/6279787w.jpg\" \/>\n\t\t<script type=\"application\/ld+json\" class=\"aioseo-schema\">\n\t\t\t{\"@context\":\"https:\\\/\\\/schema.org\",\"@graph\":[{\"@type\":\"Article\",\"@id\":\"https:\\\/\\\/eldigitaldeasturias.com\\\/magazine365\\\/juan-diego-premio-a-toda-una-vida-del-festival-de-cine-de-alicante\\\/#article\",\"name\":\"Juan Diego, premio \\u00abA toda una vida\\u00bb del Festival de Cine de Alicante | El Digital de Asturias\",\"headline\":\"Juan Diego, premio \\u00abA toda una vida\\u00bb del Festival de Cine de Alicante\",\"author\":{\"@id\":\"https:\\\/\\\/eldigitaldeasturias.com\\\/magazine365\\\/author\\\/admin\\\/#author\"},\"publisher\":{\"@id\":\"https:\\\/\\\/eldigitaldeasturias.com\\\/magazine365\\\/#organization\"},\"image\":{\"@type\":\"ImageObject\",\"url\":\"https:\\\/\\\/eldigitaldeasturias.com\\\/magazine365\\\/wp-content\\\/uploads\\\/2014\\\/05\\\/6279787w.jpg\",\"width\":800,\"height\":591},\"datePublished\":\"2014-05-20T20:59:43+02:00\",\"dateModified\":\"2014-05-20T20:59:43+02:00\",\"inLanguage\":\"es-ES\",\"mainEntityOfPage\":{\"@id\":\"https:\\\/\\\/eldigitaldeasturias.com\\\/magazine365\\\/juan-diego-premio-a-toda-una-vida-del-festival-de-cine-de-alicante\\\/#webpage\"},\"isPartOf\":{\"@id\":\"https:\\\/\\\/eldigitaldeasturias.com\\\/magazine365\\\/juan-diego-premio-a-toda-una-vida-del-festival-de-cine-de-alicante\\\/#webpage\"},\"articleSection\":\"Noticias y Actualidad\"},{\"@type\":\"BreadcrumbList\",\"@id\":\"https:\\\/\\\/eldigitaldeasturias.com\\\/magazine365\\\/juan-diego-premio-a-toda-una-vida-del-festival-de-cine-de-alicante\\\/#breadcrumblist\",\"itemListElement\":[{\"@type\":\"ListItem\",\"@id\":\"https:\\\/\\\/eldigitaldeasturias.com\\\/magazine365#listItem\",\"position\":1,\"name\":\"Home\",\"item\":\"https:\\\/\\\/eldigitaldeasturias.com\\\/magazine365\",\"nextItem\":{\"@type\":\"ListItem\",\"@id\":\"https:\\\/\\\/eldigitaldeasturias.com\\\/magazine365\\\/category\\\/noticias-actualidad\\\/#listItem\",\"name\":\"Noticias y Actualidad\"}},{\"@type\":\"ListItem\",\"@id\":\"https:\\\/\\\/eldigitaldeasturias.com\\\/magazine365\\\/category\\\/noticias-actualidad\\\/#listItem\",\"position\":2,\"name\":\"Noticias y Actualidad\",\"item\":\"https:\\\/\\\/eldigitaldeasturias.com\\\/magazine365\\\/category\\\/noticias-actualidad\\\/\",\"nextItem\":{\"@type\":\"ListItem\",\"@id\":\"https:\\\/\\\/eldigitaldeasturias.com\\\/magazine365\\\/juan-diego-premio-a-toda-una-vida-del-festival-de-cine-de-alicante\\\/#listItem\",\"name\":\"Juan Diego, premio \\u00abA toda una vida\\u00bb del Festival de Cine de Alicante\"},\"previousItem\":{\"@type\":\"ListItem\",\"@id\":\"https:\\\/\\\/eldigitaldeasturias.com\\\/magazine365#listItem\",\"name\":\"Home\"}},{\"@type\":\"ListItem\",\"@id\":\"https:\\\/\\\/eldigitaldeasturias.com\\\/magazine365\\\/juan-diego-premio-a-toda-una-vida-del-festival-de-cine-de-alicante\\\/#listItem\",\"position\":3,\"name\":\"Juan Diego, premio \\u00abA toda una vida\\u00bb del Festival de Cine de Alicante\",\"previousItem\":{\"@type\":\"ListItem\",\"@id\":\"https:\\\/\\\/eldigitaldeasturias.com\\\/magazine365\\\/category\\\/noticias-actualidad\\\/#listItem\",\"name\":\"Noticias y Actualidad\"}}]},{\"@type\":\"Organization\",\"@id\":\"https:\\\/\\\/eldigitaldeasturias.com\\\/magazine365\\\/#organization\",\"name\":\"El digital de Asturias\",\"description\":\"Revista de ocio, turismo y estilo de vida\",\"url\":\"https:\\\/\\\/eldigitaldeasturias.com\\\/magazine365\\\/\",\"logo\":{\"@type\":\"ImageObject\",\"url\":\"https:\\\/\\\/www.eldigitaldeasturias.com\\\/noticias\\\/wp-content\\\/uploads\\\/2020\\\/12\\\/EDA.jpg\",\"@id\":\"https:\\\/\\\/eldigitaldeasturias.com\\\/magazine365\\\/juan-diego-premio-a-toda-una-vida-del-festival-de-cine-de-alicante\\\/#organizationLogo\"},\"image\":{\"@id\":\"https:\\\/\\\/eldigitaldeasturias.com\\\/magazine365\\\/juan-diego-premio-a-toda-una-vida-del-festival-de-cine-de-alicante\\\/#organizationLogo\"}},{\"@type\":\"Person\",\"@id\":\"https:\\\/\\\/eldigitaldeasturias.com\\\/magazine365\\\/author\\\/admin\\\/#author\",\"url\":\"https:\\\/\\\/eldigitaldeasturias.com\\\/magazine365\\\/author\\\/admin\\\/\",\"name\":\"admin\",\"image\":{\"@type\":\"ImageObject\",\"@id\":\"https:\\\/\\\/eldigitaldeasturias.com\\\/magazine365\\\/juan-diego-premio-a-toda-una-vida-del-festival-de-cine-de-alicante\\\/#authorImage\",\"url\":\"https:\\\/\\\/eldigitaldeasturias.com\\\/magazine365\\\/wp-content\\\/litespeed\\\/avatar\\\/e571bcf59a0edd6fa6838245a470f2fe.jpg?ver=1776969259\",\"width\":96,\"height\":96,\"caption\":\"admin\"}},{\"@type\":\"WebPage\",\"@id\":\"https:\\\/\\\/eldigitaldeasturias.com\\\/magazine365\\\/juan-diego-premio-a-toda-una-vida-del-festival-de-cine-de-alicante\\\/#webpage\",\"url\":\"https:\\\/\\\/eldigitaldeasturias.com\\\/magazine365\\\/juan-diego-premio-a-toda-una-vida-del-festival-de-cine-de-alicante\\\/\",\"name\":\"Juan Diego, premio \\u00abA toda una vida\\u00bb del Festival de Cine de Alicante | El Digital de Asturias\",\"description\":\"Alicante, 20 may (EFE).- El actor Juan Diego, que cumple casi 50 a\\u00f1os en el mundo de la interpretaci\\u00f3n, recibir\\u00e1 el premio \\\"A toda una vida\\\" en la und\\u00e9cima edici\\u00f3n del Festival de Cine de Alicante como homenaje a su trayectoria profesional, en una ceremonia que tendr\\u00e1 lugar el pr\\u00f3ximo d\\u00eda 31 en el Teatro\",\"inLanguage\":\"es-ES\",\"isPartOf\":{\"@id\":\"https:\\\/\\\/eldigitaldeasturias.com\\\/magazine365\\\/#website\"},\"breadcrumb\":{\"@id\":\"https:\\\/\\\/eldigitaldeasturias.com\\\/magazine365\\\/juan-diego-premio-a-toda-una-vida-del-festival-de-cine-de-alicante\\\/#breadcrumblist\"},\"author\":{\"@id\":\"https:\\\/\\\/eldigitaldeasturias.com\\\/magazine365\\\/author\\\/admin\\\/#author\"},\"creator\":{\"@id\":\"https:\\\/\\\/eldigitaldeasturias.com\\\/magazine365\\\/author\\\/admin\\\/#author\"},\"image\":{\"@type\":\"ImageObject\",\"url\":\"https:\\\/\\\/eldigitaldeasturias.com\\\/magazine365\\\/wp-content\\\/uploads\\\/2014\\\/05\\\/6279787w.jpg\",\"@id\":\"https:\\\/\\\/eldigitaldeasturias.com\\\/magazine365\\\/juan-diego-premio-a-toda-una-vida-del-festival-de-cine-de-alicante\\\/#mainImage\",\"width\":800,\"height\":591},\"primaryImageOfPage\":{\"@id\":\"https:\\\/\\\/eldigitaldeasturias.com\\\/magazine365\\\/juan-diego-premio-a-toda-una-vida-del-festival-de-cine-de-alicante\\\/#mainImage\"},\"datePublished\":\"2014-05-20T20:59:43+02:00\",\"dateModified\":\"2014-05-20T20:59:43+02:00\"},{\"@type\":\"WebSite\",\"@id\":\"https:\\\/\\\/eldigitaldeasturias.com\\\/magazine365\\\/#website\",\"url\":\"https:\\\/\\\/eldigitaldeasturias.com\\\/magazine365\\\/\",\"name\":\"El Digital de Asturias\",\"description\":\"Revista de ocio, turismo y estilo de vida\",\"inLanguage\":\"es-ES\",\"publisher\":{\"@id\":\"https:\\\/\\\/eldigitaldeasturias.com\\\/magazine365\\\/#organization\"}}]}\n\t\t<\/script>\n\t\t<!-- All in One SEO Pro -->\r\n\t\t<title>Juan Diego, premio \u00abA toda una vida\u00bb del Festival de Cine de Alicante | El Digital de Asturias<\/title>\n\n","aioseo_head_json":{"title":"Juan Diego, premio \u00abA toda una vida\u00bb del Festival de Cine de Alicante | El Digital de Asturias","description":"Alicante, 20 may (EFE).- El actor Juan Diego, que cumple casi 50 a\u00f1os en el mundo de la interpretaci\u00f3n, recibir\u00e1 el premio \"A toda una vida\" en la und\u00e9cima edici\u00f3n del Festival de Cine de Alicante como homenaje a su trayectoria profesional, en una ceremonia que tendr\u00e1 lugar el pr\u00f3ximo d\u00eda 31 en el Teatro","canonical_url":"https:\/\/eldigitaldeasturias.com\/magazine365\/juan-diego-premio-a-toda-una-vida-del-festival-de-cine-de-alicante\/","robots":"max-image-preview:large","keywords":"noticias y actualidad","webmasterTools":{"google-site-verification":"UA-38556648-1","miscellaneous":""},"schema":{"@context":"https:\/\/schema.org","@graph":[{"@type":"Article","@id":"https:\/\/eldigitaldeasturias.com\/magazine365\/juan-diego-premio-a-toda-una-vida-del-festival-de-cine-de-alicante\/#article","name":"Juan Diego, premio \u00abA toda una vida\u00bb del Festival de Cine de Alicante | El Digital de Asturias","headline":"Juan Diego, premio \u00abA toda una vida\u00bb del Festival de Cine de Alicante","author":{"@id":"https:\/\/eldigitaldeasturias.com\/magazine365\/author\/admin\/#author"},"publisher":{"@id":"https:\/\/eldigitaldeasturias.com\/magazine365\/#organization"},"image":{"@type":"ImageObject","url":"https:\/\/eldigitaldeasturias.com\/magazine365\/wp-content\/uploads\/2014\/05\/6279787w.jpg","width":800,"height":591},"datePublished":"2014-05-20T20:59:43+02:00","dateModified":"2014-05-20T20:59:43+02:00","inLanguage":"es-ES","mainEntityOfPage":{"@id":"https:\/\/eldigitaldeasturias.com\/magazine365\/juan-diego-premio-a-toda-una-vida-del-festival-de-cine-de-alicante\/#webpage"},"isPartOf":{"@id":"https:\/\/eldigitaldeasturias.com\/magazine365\/juan-diego-premio-a-toda-una-vida-del-festival-de-cine-de-alicante\/#webpage"},"articleSection":"Noticias y Actualidad"},{"@type":"BreadcrumbList","@id":"https:\/\/eldigitaldeasturias.com\/magazine365\/juan-diego-premio-a-toda-una-vida-del-festival-de-cine-de-alicante\/#breadcrumblist","itemListElement":[{"@type":"ListItem","@id":"https:\/\/eldigitaldeasturias.com\/magazine365#listItem","position":1,"name":"Home","item":"https:\/\/eldigitaldeasturias.com\/magazine365","nextItem":{"@type":"ListItem","@id":"https:\/\/eldigitaldeasturias.com\/magazine365\/category\/noticias-actualidad\/#listItem","name":"Noticias y Actualidad"}},{"@type":"ListItem","@id":"https:\/\/eldigitaldeasturias.com\/magazine365\/category\/noticias-actualidad\/#listItem","position":2,"name":"Noticias y Actualidad","item":"https:\/\/eldigitaldeasturias.com\/magazine365\/category\/noticias-actualidad\/","nextItem":{"@type":"ListItem","@id":"https:\/\/eldigitaldeasturias.com\/magazine365\/juan-diego-premio-a-toda-una-vida-del-festival-de-cine-de-alicante\/#listItem","name":"Juan Diego, premio \u00abA toda una vida\u00bb del Festival de Cine de Alicante"},"previousItem":{"@type":"ListItem","@id":"https:\/\/eldigitaldeasturias.com\/magazine365#listItem","name":"Home"}},{"@type":"ListItem","@id":"https:\/\/eldigitaldeasturias.com\/magazine365\/juan-diego-premio-a-toda-una-vida-del-festival-de-cine-de-alicante\/#listItem","position":3,"name":"Juan Diego, premio \u00abA toda una vida\u00bb del Festival de Cine de Alicante","previousItem":{"@type":"ListItem","@id":"https:\/\/eldigitaldeasturias.com\/magazine365\/category\/noticias-actualidad\/#listItem","name":"Noticias y Actualidad"}}]},{"@type":"Organization","@id":"https:\/\/eldigitaldeasturias.com\/magazine365\/#organization","name":"El digital de Asturias","description":"Revista de ocio, turismo y estilo de vida","url":"https:\/\/eldigitaldeasturias.com\/magazine365\/","logo":{"@type":"ImageObject","url":"https:\/\/www.eldigitaldeasturias.com\/noticias\/wp-content\/uploads\/2020\/12\/EDA.jpg","@id":"https:\/\/eldigitaldeasturias.com\/magazine365\/juan-diego-premio-a-toda-una-vida-del-festival-de-cine-de-alicante\/#organizationLogo"},"image":{"@id":"https:\/\/eldigitaldeasturias.com\/magazine365\/juan-diego-premio-a-toda-una-vida-del-festival-de-cine-de-alicante\/#organizationLogo"}},{"@type":"Person","@id":"https:\/\/eldigitaldeasturias.com\/magazine365\/author\/admin\/#author","url":"https:\/\/eldigitaldeasturias.com\/magazine365\/author\/admin\/","name":"admin","image":{"@type":"ImageObject","@id":"https:\/\/eldigitaldeasturias.com\/magazine365\/juan-diego-premio-a-toda-una-vida-del-festival-de-cine-de-alicante\/#authorImage","url":"https:\/\/eldigitaldeasturias.com\/magazine365\/wp-content\/litespeed\/avatar\/e571bcf59a0edd6fa6838245a470f2fe.jpg?ver=1776969259","width":96,"height":96,"caption":"admin"}},{"@type":"WebPage","@id":"https:\/\/eldigitaldeasturias.com\/magazine365\/juan-diego-premio-a-toda-una-vida-del-festival-de-cine-de-alicante\/#webpage","url":"https:\/\/eldigitaldeasturias.com\/magazine365\/juan-diego-premio-a-toda-una-vida-del-festival-de-cine-de-alicante\/","name":"Juan Diego, premio \u00abA toda una vida\u00bb del Festival de Cine de Alicante | El Digital de Asturias","description":"Alicante, 20 may (EFE).- El actor Juan Diego, que cumple casi 50 a\u00f1os en el mundo de la interpretaci\u00f3n, recibir\u00e1 el premio \"A toda una vida\" en la und\u00e9cima edici\u00f3n del Festival de Cine de Alicante como homenaje a su trayectoria profesional, en una ceremonia que tendr\u00e1 lugar el pr\u00f3ximo d\u00eda 31 en el Teatro","inLanguage":"es-ES","isPartOf":{"@id":"https:\/\/eldigitaldeasturias.com\/magazine365\/#website"},"breadcrumb":{"@id":"https:\/\/eldigitaldeasturias.com\/magazine365\/juan-diego-premio-a-toda-una-vida-del-festival-de-cine-de-alicante\/#breadcrumblist"},"author":{"@id":"https:\/\/eldigitaldeasturias.com\/magazine365\/author\/admin\/#author"},"creator":{"@id":"https:\/\/eldigitaldeasturias.com\/magazine365\/author\/admin\/#author"},"image":{"@type":"ImageObject","url":"https:\/\/eldigitaldeasturias.com\/magazine365\/wp-content\/uploads\/2014\/05\/6279787w.jpg","@id":"https:\/\/eldigitaldeasturias.com\/magazine365\/juan-diego-premio-a-toda-una-vida-del-festival-de-cine-de-alicante\/#mainImage","width":800,"height":591},"primaryImageOfPage":{"@id":"https:\/\/eldigitaldeasturias.com\/magazine365\/juan-diego-premio-a-toda-una-vida-del-festival-de-cine-de-alicante\/#mainImage"},"datePublished":"2014-05-20T20:59:43+02:00","dateModified":"2014-05-20T20:59:43+02:00"},{"@type":"WebSite","@id":"https:\/\/eldigitaldeasturias.com\/magazine365\/#website","url":"https:\/\/eldigitaldeasturias.com\/magazine365\/","name":"El Digital de Asturias","description":"Revista de ocio, turismo y estilo de vida","inLanguage":"es-ES","publisher":{"@id":"https:\/\/eldigitaldeasturias.com\/magazine365\/#organization"}}]},"og:locale":"es_ES","og:site_name":"El Digital de Asturias \u2013 Revista de ocio, turismo y estilo de vida","og:type":"article","og:title":"Juan Diego, premio \u00abA toda una vida\u00bb del Festival de Cine de Alicante | El Digital de Asturias","og:description":"Alicante, 20 may (EFE).- El actor Juan Diego, que cumple casi 50 a\u00f1os en el mundo de la interpretaci\u00f3n, recibir\u00e1 el premio &quot;A toda una vida&quot; en la und\u00e9cima edici\u00f3n del Festival de Cine de Alicante como homenaje a su trayectoria profesional, en una ceremonia que tendr\u00e1 lugar el pr\u00f3ximo d\u00eda 31 en el Teatro","og:url":"https:\/\/eldigitaldeasturias.com\/magazine365\/juan-diego-premio-a-toda-una-vida-del-festival-de-cine-de-alicante\/","og:image":"https:\/\/eldigitaldeasturias.com\/magazine365\/wp-content\/uploads\/2014\/05\/6279787w.jpg","og:image:secure_url":"https:\/\/eldigitaldeasturias.com\/magazine365\/wp-content\/uploads\/2014\/05\/6279787w.jpg","og:image:width":800,"og:image:height":591,"article:published_time":"2014-05-20T22:59:43+00:00","article:modified_time":"2014-05-20T22:59:43+00:00","twitter:card":"summary_large_image","twitter:title":"Juan Diego, premio \u00abA toda una vida\u00bb del Festival de Cine de Alicante | El Digital de Asturias","twitter:description":"Alicante, 20 may (EFE).- El actor Juan Diego, que cumple casi 50 a\u00f1os en el mundo de la interpretaci\u00f3n, recibir\u00e1 el premio &quot;A toda una vida&quot; en la und\u00e9cima edici\u00f3n del Festival de Cine de Alicante como homenaje a su trayectoria profesional, en una ceremonia que tendr\u00e1 lugar el pr\u00f3ximo d\u00eda 31 en el Teatro","twitter:image":"https:\/\/eldigitaldeasturias.com\/magazine365\/wp-content\/uploads\/2014\/05\/6279787w.jpg"},"aioseo_meta_data":{"post_id":"13366","title":null,"description":null,"keywords":null,"keyphrases":null,"primary_term":null,"canonical_url":null,"og_title":null,"og_description":null,"og_object_type":"default","og_image_type":"default","og_image_url":null,"og_image_width":null,"og_image_height":null,"og_image_custom_url":null,"og_image_custom_fields":null,"og_video":null,"og_custom_url":null,"og_article_section":null,"og_article_tags":null,"twitter_use_og":false,"twitter_card":"default","twitter_image_type":"default","twitter_image_url":null,"twitter_image_custom_url":null,"twitter_image_custom_fields":null,"twitter_title":null,"twitter_description":null,"schema":{"blockGraphs":[],"customGraphs":[],"default":{"data":{"Article":[],"Course":[],"Dataset":[],"FAQPage":[],"Movie":[],"Person":[],"Product":[],"ProductReview":[],"Car":[],"Recipe":[],"Service":[],"SoftwareApplication":[],"WebPage":[]},"graphName":"","isEnabled":true},"graphs":[],"defaultGraph":"","defaultPostTypeGraph":""},"schema_type":null,"schema_type_options":null,"pillar_content":false,"robots_default":true,"robots_noindex":false,"robots_noarchive":false,"robots_nosnippet":false,"robots_nofollow":false,"robots_noimageindex":false,"robots_noodp":false,"robots_notranslate":false,"robots_max_snippet":null,"robots_max_videopreview":null,"robots_max_imagepreview":"large","priority":null,"frequency":null,"location":null,"local_seo":null,"seo_analyzer_scan_date":"2025-09-17 08:07:08","breadcrumb_settings":null,"limit_modified_date":false,"open_ai":null,"ai":null,"created":"2021-03-09 08:29:41","updated":"2025-09-17 08:07:08"},"aioseo_breadcrumb":"<div class=\"aioseo-breadcrumbs\"><span class=\"aioseo-breadcrumb\">\n\t<a href=\"https:\/\/eldigitaldeasturias.com\/magazine365\" title=\"Home\">Home<\/a>\n<\/span><span class=\"aioseo-breadcrumb-separator\">\u2013<\/span><span class=\"aioseo-breadcrumb\">\n\t<a href=\"https:\/\/eldigitaldeasturias.com\/magazine365\/category\/noticias-actualidad\/\" title=\"Noticias y Actualidad\">Noticias y Actualidad<\/a>\n<\/span><span class=\"aioseo-breadcrumb-separator\">\u2013<\/span><span class=\"aioseo-breadcrumb\">\n\t<a href=\"https:\/\/eldigitaldeasturias.com\/magazine365\/juan-diego-premio-a-toda-una-vida-del-festival-de-cine-de-alicante\/\" title=\"Juan Diego, premio \u00abA toda una vida\u00bb del Festival de Cine de Alicante\">Juan Diego, premio \u00abA toda una vida\u00bb del Festival de Cine de Alicante<\/a>\n<\/span><\/div>","aioseo_breadcrumb_json":[{"label":"Home","link":"https:\/\/eldigitaldeasturias.com\/magazine365"},{"label":"Noticias y Actualidad","link":"https:\/\/eldigitaldeasturias.com\/magazine365\/category\/noticias-actualidad\/"},{"label":"Juan Diego, premio \u00abA toda una vida\u00bb del Festival de Cine de Alicante","link":"https:\/\/eldigitaldeasturias.com\/magazine365\/juan-diego-premio-a-toda-una-vida-del-festival-de-cine-de-alicante\/"}],"_links":{"self":[{"href":"https:\/\/eldigitaldeasturias.com\/magazine365\/wp-json\/wp\/v2\/posts\/13366","targetHints":{"allow":["GET"]}}],"collection":[{"href":"https:\/\/eldigitaldeasturias.com\/magazine365\/wp-json\/wp\/v2\/posts"}],"about":[{"href":"https:\/\/eldigitaldeasturias.com\/magazine365\/wp-json\/wp\/v2\/types\/post"}],"author":[{"embeddable":true,"href":"https:\/\/eldigitaldeasturias.com\/magazine365\/wp-json\/wp\/v2\/users\/1"}],"replies":[{"embeddable":true,"href":"https:\/\/eldigitaldeasturias.com\/magazine365\/wp-json\/wp\/v2\/comments?post=13366"}],"version-history":[{"count":0,"href":"https:\/\/eldigitaldeasturias.com\/magazine365\/wp-json\/wp\/v2\/posts\/13366\/revisions"}],"wp:featuredmedia":[{"embeddable":true,"href":"https:\/\/eldigitaldeasturias.com\/magazine365\/wp-json\/wp\/v2\/media\/13367"}],"wp:attachment":[{"href":"https:\/\/eldigitaldeasturias.com\/magazine365\/wp-json\/wp\/v2\/media?parent=13366"}],"wp:term":[{"taxonomy":"category","embeddable":true,"href":"https:\/\/eldigitaldeasturias.com\/magazine365\/wp-json\/wp\/v2\/categories?post=13366"},{"taxonomy":"post_tag","embeddable":true,"href":"https:\/\/eldigitaldeasturias.com\/magazine365\/wp-json\/wp\/v2\/tags?post=13366"}],"curies":[{"name":"wp","href":"https:\/\/api.w.org\/{rel}","templated":true}]}}