{"id":13363,"date":"2014-05-20T20:57:16","date_gmt":"2014-05-20T22:57:16","guid":{"rendered":"http:\/\/eldigitaldeasturias.com\/magazine365\/?p=13363"},"modified":"2014-05-20T20:57:56","modified_gmt":"2014-05-20T22:57:56","slug":"sol-pico-eva-yerbabuena-y-maruja-garrido-en-el-festival-ciudad-flamenco","status":"publish","type":"post","link":"https:\/\/eldigitaldeasturias.com\/magazine365\/sol-pico-eva-yerbabuena-y-maruja-garrido-en-el-festival-ciudad-flamenco\/","title":{"rendered":"Sol Pic\u00f3, Eva Yerbabuena y Maruja Garrido en el festival \u00abCiudad Flamenco\u00bb"},"content":{"rendered":"<p><img fetchpriority=\"high\" decoding=\"async\" class=\"alignleft size-medium wp-image-13364\" alt=\"6279769w\" src=\"https:\/\/eldigitaldeasturias.com\/magazine365\/wp-content\/uploads\/2014\/05\/6279769w-360x207.jpg\" width=\"360\" height=\"207\" \/>Barcelona, 20 may (EFE).- Un encuentro \u00fanico entre Sol Pic\u00f3, Candela Pe\u00f1a y La Shica; el estreno en Barcelona de \u00ab\u00a1Ay!\u00bb, de Eva Yerbabuena, y la reaparici\u00f3n de la cantaora Maruja Garrido, que se retir\u00f3 hace 18 a\u00f1os, forman parte de la programaci\u00f3n del festival \u00abCiudad Flamenco\u00bb, que abre el jueves en Barcelona.<\/p>\n<p>Una treintena de artistas participar\u00e1n del 22 al 25 de mayo en este evento, que se celebrar\u00e1 en el Mercat de les Flors, tutelado por El Taller de M\u00fasics, y que, bajo el t\u00edtulo de \u00abLas C\u00e1rmenes\u00bb, vuelve a estar dedicado a la figura de Carmen Amaya, cuyo A\u00f1o concluir\u00e1 este fin de semana.<\/p>\n<p>El director del Mercat de les Flors, Cesc Casades\u00fas, y el presidente del Taller de M\u00fasics, Llu\u00eds Cabrera, han presentado hoy la programaci\u00f3n y han destacado que para hacer m\u00e1s accesible el festival se ha creado \u00abSigno Flamenco\u00bb, un glosario de nuevos signos espec\u00edficos relativos al lenguaje del flamenco para que las personas sordas puedan disfrutar tambi\u00e9n de este arte.<\/p>\n<p>El estudio Avanti-Avanti, junto con Aptent (expertos en accesibilidad), Conjunto Vac\u00edo y el artista Juan Carlos L\u00e9rida, han creado cuatro nuevos signos espec\u00edficos como Ciudad Flamenco, cante, toque y baile.<\/p>\n<p>Respecto de los espect\u00e1culos que podr\u00e1n verse, Casades\u00fas y Cabrera han recordado que el festival se inicia con el estreno en Barcelona de \u00ab\u00a1Ay!\u00bb, de Eva Yerbabuena, que en Londres puso en pie al p\u00fablico en su estreno mundial, mientras que el viernes proseguir\u00e1 con \u00abXXI\u00bb, de Increpaci\u00f3n Danza, en el que Montse S\u00e1nchez y Ram\u00f3n Baeza unir\u00e1n flamenco y danza espa\u00f1ola.<\/p>\n<p>Un poco m\u00e1s tarde, en el vest\u00edbulo del Mercat, \u00abDr.Batonga!\u00bb representar\u00e1 \u00abHonor a quien honor merece\u00bb, con grabaciones y filmaciones de Carmen Amaya, y en la sala Maria Aur\u00e8lia Capmany se estrenar\u00e1 \u00abMi voz en tu palabra\u00bb, de la cantaora Esperanza Fern\u00e1ndez y con Pastora Galv\u00e1n en el baile.<\/p>\n<p>Uno de los principales platos del festival se podr\u00e1 degustar el s\u00e1bado, cuando ocupen la sala Pina Baush la bailarina Sol Pic\u00f3, la actriz Candela Pe\u00f1a y la cantante La Shica para ofrecer \u00abLa piel del huevo te lo da\u00bb.<\/p>\n<p>Sol Pic\u00f3 ha comentado que se trata \u00abde un encuentro \u00fanico e irrepetible\u00bb, que empezaron a perfilar en Madrid, \u00abque parte del movimiento desde la espontaneidad, siendo la piel lo m\u00e1s potente\u00bb.<\/p>\n<p>Para La Shica, que ha reconocido que es la primera vez que ha trabajado con este m\u00e9todo, el resultado es \u00abalucinante, por las cosas m\u00e1gicas que surgen del juego\u00bb.<\/p>\n<p>Marco Vargas &amp; Chlo\u00e9 Brul\u00e9 ofrecer\u00e1n \u00abPor casualidad\u00bb y la retirada Maruja Garrido, a quien el pintor Salvador Dal\u00ed adoraba, reaparecer\u00e1 prometiendo espect\u00e1culo, junto a Chicuelo y Peret Reyes en \u00abRumba surreal\u00bb.<\/p>\n<p>Como ha demostrado este mediod\u00eda, cuando se ha arrancado a cantar en medio de la rueda de prensa, contin\u00faa con mucha fuerza.<\/p>\n<p>El festival servir\u00e1, adem\u00e1s, para exhibir por primera vez en Catalu\u00f1a la colecci\u00f3n de cuadros y objetos del maestro vallisoletano Vicente Escudero, propiedad del bailaor sevillano Jos\u00e9 de la Vega.<\/p>\n","protected":false},"excerpt":{"rendered":"<p>Barcelona, 20 may (EFE).- Un encuentro \u00fanico entre Sol Pic\u00f3, Candela Pe\u00f1a y La Shica; el estreno en Barcelona de \u00ab\u00a1Ay!\u00bb, de Eva Yerbabuena, y la reaparici\u00f3n de la cantaora Maruja Garrido, que se retir\u00f3 hace 18 a\u00f1os, forman parte de la programaci\u00f3n del festival \u00abCiudad Flamenco\u00bb, que abre el jueves en Barcelona. Una treintena<\/p>\n","protected":false},"author":1,"featured_media":13364,"comment_status":"open","ping_status":"closed","sticky":false,"template":"","format":"standard","meta":{"footnotes":""},"categories":[224],"tags":[],"class_list":{"0":"post-13363","1":"post","2":"type-post","3":"status-publish","4":"format-standard","5":"has-post-thumbnail","7":"category-noticias-actualidad"},"aioseo_notices":[],"aioseo_head":"\n\t\t<!-- All in One SEO Pro 4.9.6.1 - aioseo.com -->\n\t<meta name=\"description\" content=\"Barcelona, 20 may (EFE).- Un encuentro \u00fanico entre Sol Pic\u00f3, Candela Pe\u00f1a y La Shica; el estreno en Barcelona de &quot;\u00a1Ay!&quot;, de Eva Yerbabuena, y la reaparici\u00f3n de la cantaora Maruja Garrido, que se retir\u00f3 hace 18 a\u00f1os, forman parte de la programaci\u00f3n del festival &quot;Ciudad Flamenco&quot;, que abre el jueves en Barcelona. Una treintena\" \/>\n\t<meta name=\"robots\" content=\"max-image-preview:large\" \/>\n\t<meta name=\"author\" content=\"admin\"\/>\n\t<meta name=\"google-site-verification\" content=\"UA-38556648-1\" \/>\n\t<meta name=\"keywords\" content=\"noticias y actualidad\" \/>\n\t<link rel=\"canonical\" href=\"https:\/\/eldigitaldeasturias.com\/magazine365\/sol-pico-eva-yerbabuena-y-maruja-garrido-en-el-festival-ciudad-flamenco\/\" \/>\n\t<meta name=\"generator\" content=\"All in One SEO Pro (AIOSEO) 4.9.6.1\" \/>\n\t\t<meta property=\"og:locale\" content=\"es_ES\" \/>\n\t\t<meta property=\"og:site_name\" content=\"El Digital de Asturias \u2013 Revista de ocio, turismo y estilo de vida\" \/>\n\t\t<meta property=\"og:type\" content=\"article\" \/>\n\t\t<meta property=\"og:title\" content=\"Sol Pic\u00f3, Eva Yerbabuena y Maruja Garrido en el festival \u00abCiudad Flamenco\u00bb | El Digital de Asturias\" \/>\n\t\t<meta property=\"og:description\" content=\"Barcelona, 20 may (EFE).- Un encuentro \u00fanico entre Sol Pic\u00f3, Candela Pe\u00f1a y La Shica; el estreno en Barcelona de &quot;\u00a1Ay!&quot;, de Eva Yerbabuena, y la reaparici\u00f3n de la cantaora Maruja Garrido, que se retir\u00f3 hace 18 a\u00f1os, forman parte de la programaci\u00f3n del festival &quot;Ciudad Flamenco&quot;, que abre el jueves en Barcelona. Una treintena\" \/>\n\t\t<meta property=\"og:url\" content=\"https:\/\/eldigitaldeasturias.com\/magazine365\/sol-pico-eva-yerbabuena-y-maruja-garrido-en-el-festival-ciudad-flamenco\/\" \/>\n\t\t<meta property=\"og:image\" content=\"https:\/\/eldigitaldeasturias.com\/magazine365\/wp-content\/uploads\/2014\/05\/6279769w.jpg\" \/>\n\t\t<meta property=\"og:image:secure_url\" content=\"https:\/\/eldigitaldeasturias.com\/magazine365\/wp-content\/uploads\/2014\/05\/6279769w.jpg\" \/>\n\t\t<meta property=\"og:image:width\" content=\"800\" \/>\n\t\t<meta property=\"og:image:height\" content=\"462\" \/>\n\t\t<meta property=\"article:published_time\" content=\"2014-05-20T22:57:16+00:00\" \/>\n\t\t<meta property=\"article:modified_time\" content=\"2014-05-20T22:57:56+00:00\" \/>\n\t\t<meta name=\"twitter:card\" content=\"summary_large_image\" \/>\n\t\t<meta name=\"twitter:title\" content=\"Sol Pic\u00f3, Eva Yerbabuena y Maruja Garrido en el festival \u00abCiudad Flamenco\u00bb | El Digital de Asturias\" \/>\n\t\t<meta name=\"twitter:description\" content=\"Barcelona, 20 may (EFE).- Un encuentro \u00fanico entre Sol Pic\u00f3, Candela Pe\u00f1a y La Shica; el estreno en Barcelona de &quot;\u00a1Ay!&quot;, de Eva Yerbabuena, y la reaparici\u00f3n de la cantaora Maruja Garrido, que se retir\u00f3 hace 18 a\u00f1os, forman parte de la programaci\u00f3n del festival &quot;Ciudad Flamenco&quot;, que abre el jueves en Barcelona. Una treintena\" \/>\n\t\t<meta name=\"twitter:image\" content=\"https:\/\/eldigitaldeasturias.com\/magazine365\/wp-content\/uploads\/2014\/05\/6279769w.jpg\" \/>\n\t\t<script type=\"application\/ld+json\" class=\"aioseo-schema\">\n\t\t\t{\"@context\":\"https:\\\/\\\/schema.org\",\"@graph\":[{\"@type\":\"Article\",\"@id\":\"https:\\\/\\\/eldigitaldeasturias.com\\\/magazine365\\\/sol-pico-eva-yerbabuena-y-maruja-garrido-en-el-festival-ciudad-flamenco\\\/#article\",\"name\":\"Sol Pic\\u00f3, Eva Yerbabuena y Maruja Garrido en el festival \\u00abCiudad Flamenco\\u00bb | El Digital de Asturias\",\"headline\":\"Sol Pic\\u00f3, Eva Yerbabuena y Maruja Garrido en el festival \\u00abCiudad Flamenco\\u00bb\",\"author\":{\"@id\":\"https:\\\/\\\/eldigitaldeasturias.com\\\/magazine365\\\/author\\\/admin\\\/#author\"},\"publisher\":{\"@id\":\"https:\\\/\\\/eldigitaldeasturias.com\\\/magazine365\\\/#organization\"},\"image\":{\"@type\":\"ImageObject\",\"url\":\"https:\\\/\\\/eldigitaldeasturias.com\\\/magazine365\\\/wp-content\\\/uploads\\\/2014\\\/05\\\/6279769w.jpg\",\"width\":800,\"height\":462},\"datePublished\":\"2014-05-20T20:57:16+02:00\",\"dateModified\":\"2014-05-20T20:57:56+02:00\",\"inLanguage\":\"es-ES\",\"mainEntityOfPage\":{\"@id\":\"https:\\\/\\\/eldigitaldeasturias.com\\\/magazine365\\\/sol-pico-eva-yerbabuena-y-maruja-garrido-en-el-festival-ciudad-flamenco\\\/#webpage\"},\"isPartOf\":{\"@id\":\"https:\\\/\\\/eldigitaldeasturias.com\\\/magazine365\\\/sol-pico-eva-yerbabuena-y-maruja-garrido-en-el-festival-ciudad-flamenco\\\/#webpage\"},\"articleSection\":\"Noticias y Actualidad\"},{\"@type\":\"BreadcrumbList\",\"@id\":\"https:\\\/\\\/eldigitaldeasturias.com\\\/magazine365\\\/sol-pico-eva-yerbabuena-y-maruja-garrido-en-el-festival-ciudad-flamenco\\\/#breadcrumblist\",\"itemListElement\":[{\"@type\":\"ListItem\",\"@id\":\"https:\\\/\\\/eldigitaldeasturias.com\\\/magazine365#listItem\",\"position\":1,\"name\":\"Home\",\"item\":\"https:\\\/\\\/eldigitaldeasturias.com\\\/magazine365\",\"nextItem\":{\"@type\":\"ListItem\",\"@id\":\"https:\\\/\\\/eldigitaldeasturias.com\\\/magazine365\\\/category\\\/noticias-actualidad\\\/#listItem\",\"name\":\"Noticias y Actualidad\"}},{\"@type\":\"ListItem\",\"@id\":\"https:\\\/\\\/eldigitaldeasturias.com\\\/magazine365\\\/category\\\/noticias-actualidad\\\/#listItem\",\"position\":2,\"name\":\"Noticias y Actualidad\",\"item\":\"https:\\\/\\\/eldigitaldeasturias.com\\\/magazine365\\\/category\\\/noticias-actualidad\\\/\",\"nextItem\":{\"@type\":\"ListItem\",\"@id\":\"https:\\\/\\\/eldigitaldeasturias.com\\\/magazine365\\\/sol-pico-eva-yerbabuena-y-maruja-garrido-en-el-festival-ciudad-flamenco\\\/#listItem\",\"name\":\"Sol Pic\\u00f3, Eva Yerbabuena y Maruja Garrido en el festival \\u00abCiudad Flamenco\\u00bb\"},\"previousItem\":{\"@type\":\"ListItem\",\"@id\":\"https:\\\/\\\/eldigitaldeasturias.com\\\/magazine365#listItem\",\"name\":\"Home\"}},{\"@type\":\"ListItem\",\"@id\":\"https:\\\/\\\/eldigitaldeasturias.com\\\/magazine365\\\/sol-pico-eva-yerbabuena-y-maruja-garrido-en-el-festival-ciudad-flamenco\\\/#listItem\",\"position\":3,\"name\":\"Sol Pic\\u00f3, Eva Yerbabuena y Maruja Garrido en el festival \\u00abCiudad Flamenco\\u00bb\",\"previousItem\":{\"@type\":\"ListItem\",\"@id\":\"https:\\\/\\\/eldigitaldeasturias.com\\\/magazine365\\\/category\\\/noticias-actualidad\\\/#listItem\",\"name\":\"Noticias y Actualidad\"}}]},{\"@type\":\"Organization\",\"@id\":\"https:\\\/\\\/eldigitaldeasturias.com\\\/magazine365\\\/#organization\",\"name\":\"El digital de Asturias\",\"description\":\"Revista de ocio, turismo y estilo de vida\",\"url\":\"https:\\\/\\\/eldigitaldeasturias.com\\\/magazine365\\\/\",\"logo\":{\"@type\":\"ImageObject\",\"url\":\"https:\\\/\\\/www.eldigitaldeasturias.com\\\/noticias\\\/wp-content\\\/uploads\\\/2020\\\/12\\\/EDA.jpg\",\"@id\":\"https:\\\/\\\/eldigitaldeasturias.com\\\/magazine365\\\/sol-pico-eva-yerbabuena-y-maruja-garrido-en-el-festival-ciudad-flamenco\\\/#organizationLogo\"},\"image\":{\"@id\":\"https:\\\/\\\/eldigitaldeasturias.com\\\/magazine365\\\/sol-pico-eva-yerbabuena-y-maruja-garrido-en-el-festival-ciudad-flamenco\\\/#organizationLogo\"}},{\"@type\":\"Person\",\"@id\":\"https:\\\/\\\/eldigitaldeasturias.com\\\/magazine365\\\/author\\\/admin\\\/#author\",\"url\":\"https:\\\/\\\/eldigitaldeasturias.com\\\/magazine365\\\/author\\\/admin\\\/\",\"name\":\"admin\",\"image\":{\"@type\":\"ImageObject\",\"@id\":\"https:\\\/\\\/eldigitaldeasturias.com\\\/magazine365\\\/sol-pico-eva-yerbabuena-y-maruja-garrido-en-el-festival-ciudad-flamenco\\\/#authorImage\",\"url\":\"https:\\\/\\\/eldigitaldeasturias.com\\\/magazine365\\\/wp-content\\\/litespeed\\\/avatar\\\/e571bcf59a0edd6fa6838245a470f2fe.jpg?ver=1776969259\",\"width\":96,\"height\":96,\"caption\":\"admin\"}},{\"@type\":\"WebPage\",\"@id\":\"https:\\\/\\\/eldigitaldeasturias.com\\\/magazine365\\\/sol-pico-eva-yerbabuena-y-maruja-garrido-en-el-festival-ciudad-flamenco\\\/#webpage\",\"url\":\"https:\\\/\\\/eldigitaldeasturias.com\\\/magazine365\\\/sol-pico-eva-yerbabuena-y-maruja-garrido-en-el-festival-ciudad-flamenco\\\/\",\"name\":\"Sol Pic\\u00f3, Eva Yerbabuena y Maruja Garrido en el festival \\u00abCiudad Flamenco\\u00bb | El Digital de Asturias\",\"description\":\"Barcelona, 20 may (EFE).- Un encuentro \\u00fanico entre Sol Pic\\u00f3, Candela Pe\\u00f1a y La Shica; el estreno en Barcelona de \\\"\\u00a1Ay!\\\", de Eva Yerbabuena, y la reaparici\\u00f3n de la cantaora Maruja Garrido, que se retir\\u00f3 hace 18 a\\u00f1os, forman parte de la programaci\\u00f3n del festival \\\"Ciudad Flamenco\\\", que abre el jueves en Barcelona. Una treintena\",\"inLanguage\":\"es-ES\",\"isPartOf\":{\"@id\":\"https:\\\/\\\/eldigitaldeasturias.com\\\/magazine365\\\/#website\"},\"breadcrumb\":{\"@id\":\"https:\\\/\\\/eldigitaldeasturias.com\\\/magazine365\\\/sol-pico-eva-yerbabuena-y-maruja-garrido-en-el-festival-ciudad-flamenco\\\/#breadcrumblist\"},\"author\":{\"@id\":\"https:\\\/\\\/eldigitaldeasturias.com\\\/magazine365\\\/author\\\/admin\\\/#author\"},\"creator\":{\"@id\":\"https:\\\/\\\/eldigitaldeasturias.com\\\/magazine365\\\/author\\\/admin\\\/#author\"},\"image\":{\"@type\":\"ImageObject\",\"url\":\"https:\\\/\\\/eldigitaldeasturias.com\\\/magazine365\\\/wp-content\\\/uploads\\\/2014\\\/05\\\/6279769w.jpg\",\"@id\":\"https:\\\/\\\/eldigitaldeasturias.com\\\/magazine365\\\/sol-pico-eva-yerbabuena-y-maruja-garrido-en-el-festival-ciudad-flamenco\\\/#mainImage\",\"width\":800,\"height\":462},\"primaryImageOfPage\":{\"@id\":\"https:\\\/\\\/eldigitaldeasturias.com\\\/magazine365\\\/sol-pico-eva-yerbabuena-y-maruja-garrido-en-el-festival-ciudad-flamenco\\\/#mainImage\"},\"datePublished\":\"2014-05-20T20:57:16+02:00\",\"dateModified\":\"2014-05-20T20:57:56+02:00\"},{\"@type\":\"WebSite\",\"@id\":\"https:\\\/\\\/eldigitaldeasturias.com\\\/magazine365\\\/#website\",\"url\":\"https:\\\/\\\/eldigitaldeasturias.com\\\/magazine365\\\/\",\"name\":\"El Digital de Asturias\",\"description\":\"Revista de ocio, turismo y estilo de vida\",\"inLanguage\":\"es-ES\",\"publisher\":{\"@id\":\"https:\\\/\\\/eldigitaldeasturias.com\\\/magazine365\\\/#organization\"}}]}\n\t\t<\/script>\n\t\t<!-- All in One SEO Pro -->\r\n\t\t<title>Sol Pic\u00f3, Eva Yerbabuena y Maruja Garrido en el festival \u00abCiudad Flamenco\u00bb | El Digital de Asturias<\/title>\n\n","aioseo_head_json":{"title":"Sol Pic\u00f3, Eva Yerbabuena y Maruja Garrido en el festival \u00abCiudad Flamenco\u00bb | El Digital de Asturias","description":"Barcelona, 20 may (EFE).- Un encuentro \u00fanico entre Sol Pic\u00f3, Candela Pe\u00f1a y La Shica; el estreno en Barcelona de \"\u00a1Ay!\", de Eva Yerbabuena, y la reaparici\u00f3n de la cantaora Maruja Garrido, que se retir\u00f3 hace 18 a\u00f1os, forman parte de la programaci\u00f3n del festival \"Ciudad Flamenco\", que abre el jueves en Barcelona. Una treintena","canonical_url":"https:\/\/eldigitaldeasturias.com\/magazine365\/sol-pico-eva-yerbabuena-y-maruja-garrido-en-el-festival-ciudad-flamenco\/","robots":"max-image-preview:large","keywords":"noticias y actualidad","webmasterTools":{"google-site-verification":"UA-38556648-1","miscellaneous":""},"schema":{"@context":"https:\/\/schema.org","@graph":[{"@type":"Article","@id":"https:\/\/eldigitaldeasturias.com\/magazine365\/sol-pico-eva-yerbabuena-y-maruja-garrido-en-el-festival-ciudad-flamenco\/#article","name":"Sol Pic\u00f3, Eva Yerbabuena y Maruja Garrido en el festival \u00abCiudad Flamenco\u00bb | El Digital de Asturias","headline":"Sol Pic\u00f3, Eva Yerbabuena y Maruja Garrido en el festival \u00abCiudad Flamenco\u00bb","author":{"@id":"https:\/\/eldigitaldeasturias.com\/magazine365\/author\/admin\/#author"},"publisher":{"@id":"https:\/\/eldigitaldeasturias.com\/magazine365\/#organization"},"image":{"@type":"ImageObject","url":"https:\/\/eldigitaldeasturias.com\/magazine365\/wp-content\/uploads\/2014\/05\/6279769w.jpg","width":800,"height":462},"datePublished":"2014-05-20T20:57:16+02:00","dateModified":"2014-05-20T20:57:56+02:00","inLanguage":"es-ES","mainEntityOfPage":{"@id":"https:\/\/eldigitaldeasturias.com\/magazine365\/sol-pico-eva-yerbabuena-y-maruja-garrido-en-el-festival-ciudad-flamenco\/#webpage"},"isPartOf":{"@id":"https:\/\/eldigitaldeasturias.com\/magazine365\/sol-pico-eva-yerbabuena-y-maruja-garrido-en-el-festival-ciudad-flamenco\/#webpage"},"articleSection":"Noticias y Actualidad"},{"@type":"BreadcrumbList","@id":"https:\/\/eldigitaldeasturias.com\/magazine365\/sol-pico-eva-yerbabuena-y-maruja-garrido-en-el-festival-ciudad-flamenco\/#breadcrumblist","itemListElement":[{"@type":"ListItem","@id":"https:\/\/eldigitaldeasturias.com\/magazine365#listItem","position":1,"name":"Home","item":"https:\/\/eldigitaldeasturias.com\/magazine365","nextItem":{"@type":"ListItem","@id":"https:\/\/eldigitaldeasturias.com\/magazine365\/category\/noticias-actualidad\/#listItem","name":"Noticias y Actualidad"}},{"@type":"ListItem","@id":"https:\/\/eldigitaldeasturias.com\/magazine365\/category\/noticias-actualidad\/#listItem","position":2,"name":"Noticias y Actualidad","item":"https:\/\/eldigitaldeasturias.com\/magazine365\/category\/noticias-actualidad\/","nextItem":{"@type":"ListItem","@id":"https:\/\/eldigitaldeasturias.com\/magazine365\/sol-pico-eva-yerbabuena-y-maruja-garrido-en-el-festival-ciudad-flamenco\/#listItem","name":"Sol Pic\u00f3, Eva Yerbabuena y Maruja Garrido en el festival \u00abCiudad Flamenco\u00bb"},"previousItem":{"@type":"ListItem","@id":"https:\/\/eldigitaldeasturias.com\/magazine365#listItem","name":"Home"}},{"@type":"ListItem","@id":"https:\/\/eldigitaldeasturias.com\/magazine365\/sol-pico-eva-yerbabuena-y-maruja-garrido-en-el-festival-ciudad-flamenco\/#listItem","position":3,"name":"Sol Pic\u00f3, Eva Yerbabuena y Maruja Garrido en el festival \u00abCiudad Flamenco\u00bb","previousItem":{"@type":"ListItem","@id":"https:\/\/eldigitaldeasturias.com\/magazine365\/category\/noticias-actualidad\/#listItem","name":"Noticias y Actualidad"}}]},{"@type":"Organization","@id":"https:\/\/eldigitaldeasturias.com\/magazine365\/#organization","name":"El digital de Asturias","description":"Revista de ocio, turismo y estilo de vida","url":"https:\/\/eldigitaldeasturias.com\/magazine365\/","logo":{"@type":"ImageObject","url":"https:\/\/www.eldigitaldeasturias.com\/noticias\/wp-content\/uploads\/2020\/12\/EDA.jpg","@id":"https:\/\/eldigitaldeasturias.com\/magazine365\/sol-pico-eva-yerbabuena-y-maruja-garrido-en-el-festival-ciudad-flamenco\/#organizationLogo"},"image":{"@id":"https:\/\/eldigitaldeasturias.com\/magazine365\/sol-pico-eva-yerbabuena-y-maruja-garrido-en-el-festival-ciudad-flamenco\/#organizationLogo"}},{"@type":"Person","@id":"https:\/\/eldigitaldeasturias.com\/magazine365\/author\/admin\/#author","url":"https:\/\/eldigitaldeasturias.com\/magazine365\/author\/admin\/","name":"admin","image":{"@type":"ImageObject","@id":"https:\/\/eldigitaldeasturias.com\/magazine365\/sol-pico-eva-yerbabuena-y-maruja-garrido-en-el-festival-ciudad-flamenco\/#authorImage","url":"https:\/\/eldigitaldeasturias.com\/magazine365\/wp-content\/litespeed\/avatar\/e571bcf59a0edd6fa6838245a470f2fe.jpg?ver=1776969259","width":96,"height":96,"caption":"admin"}},{"@type":"WebPage","@id":"https:\/\/eldigitaldeasturias.com\/magazine365\/sol-pico-eva-yerbabuena-y-maruja-garrido-en-el-festival-ciudad-flamenco\/#webpage","url":"https:\/\/eldigitaldeasturias.com\/magazine365\/sol-pico-eva-yerbabuena-y-maruja-garrido-en-el-festival-ciudad-flamenco\/","name":"Sol Pic\u00f3, Eva Yerbabuena y Maruja Garrido en el festival \u00abCiudad Flamenco\u00bb | El Digital de Asturias","description":"Barcelona, 20 may (EFE).- Un encuentro \u00fanico entre Sol Pic\u00f3, Candela Pe\u00f1a y La Shica; el estreno en Barcelona de \"\u00a1Ay!\", de Eva Yerbabuena, y la reaparici\u00f3n de la cantaora Maruja Garrido, que se retir\u00f3 hace 18 a\u00f1os, forman parte de la programaci\u00f3n del festival \"Ciudad Flamenco\", que abre el jueves en Barcelona. Una treintena","inLanguage":"es-ES","isPartOf":{"@id":"https:\/\/eldigitaldeasturias.com\/magazine365\/#website"},"breadcrumb":{"@id":"https:\/\/eldigitaldeasturias.com\/magazine365\/sol-pico-eva-yerbabuena-y-maruja-garrido-en-el-festival-ciudad-flamenco\/#breadcrumblist"},"author":{"@id":"https:\/\/eldigitaldeasturias.com\/magazine365\/author\/admin\/#author"},"creator":{"@id":"https:\/\/eldigitaldeasturias.com\/magazine365\/author\/admin\/#author"},"image":{"@type":"ImageObject","url":"https:\/\/eldigitaldeasturias.com\/magazine365\/wp-content\/uploads\/2014\/05\/6279769w.jpg","@id":"https:\/\/eldigitaldeasturias.com\/magazine365\/sol-pico-eva-yerbabuena-y-maruja-garrido-en-el-festival-ciudad-flamenco\/#mainImage","width":800,"height":462},"primaryImageOfPage":{"@id":"https:\/\/eldigitaldeasturias.com\/magazine365\/sol-pico-eva-yerbabuena-y-maruja-garrido-en-el-festival-ciudad-flamenco\/#mainImage"},"datePublished":"2014-05-20T20:57:16+02:00","dateModified":"2014-05-20T20:57:56+02:00"},{"@type":"WebSite","@id":"https:\/\/eldigitaldeasturias.com\/magazine365\/#website","url":"https:\/\/eldigitaldeasturias.com\/magazine365\/","name":"El Digital de Asturias","description":"Revista de ocio, turismo y estilo de vida","inLanguage":"es-ES","publisher":{"@id":"https:\/\/eldigitaldeasturias.com\/magazine365\/#organization"}}]},"og:locale":"es_ES","og:site_name":"El Digital de Asturias \u2013 Revista de ocio, turismo y estilo de vida","og:type":"article","og:title":"Sol Pic\u00f3, Eva Yerbabuena y Maruja Garrido en el festival \u00abCiudad Flamenco\u00bb | El Digital de Asturias","og:description":"Barcelona, 20 may (EFE).- Un encuentro \u00fanico entre Sol Pic\u00f3, Candela Pe\u00f1a y La Shica; el estreno en Barcelona de &quot;\u00a1Ay!&quot;, de Eva Yerbabuena, y la reaparici\u00f3n de la cantaora Maruja Garrido, que se retir\u00f3 hace 18 a\u00f1os, forman parte de la programaci\u00f3n del festival &quot;Ciudad Flamenco&quot;, que abre el jueves en Barcelona. Una treintena","og:url":"https:\/\/eldigitaldeasturias.com\/magazine365\/sol-pico-eva-yerbabuena-y-maruja-garrido-en-el-festival-ciudad-flamenco\/","og:image":"https:\/\/eldigitaldeasturias.com\/magazine365\/wp-content\/uploads\/2014\/05\/6279769w.jpg","og:image:secure_url":"https:\/\/eldigitaldeasturias.com\/magazine365\/wp-content\/uploads\/2014\/05\/6279769w.jpg","og:image:width":800,"og:image:height":462,"article:published_time":"2014-05-20T22:57:16+00:00","article:modified_time":"2014-05-20T22:57:56+00:00","twitter:card":"summary_large_image","twitter:title":"Sol Pic\u00f3, Eva Yerbabuena y Maruja Garrido en el festival \u00abCiudad Flamenco\u00bb | El Digital de Asturias","twitter:description":"Barcelona, 20 may (EFE).- Un encuentro \u00fanico entre Sol Pic\u00f3, Candela Pe\u00f1a y La Shica; el estreno en Barcelona de &quot;\u00a1Ay!&quot;, de Eva Yerbabuena, y la reaparici\u00f3n de la cantaora Maruja Garrido, que se retir\u00f3 hace 18 a\u00f1os, forman parte de la programaci\u00f3n del festival &quot;Ciudad Flamenco&quot;, que abre el jueves en Barcelona. Una treintena","twitter:image":"https:\/\/eldigitaldeasturias.com\/magazine365\/wp-content\/uploads\/2014\/05\/6279769w.jpg"},"aioseo_meta_data":{"post_id":"13363","title":null,"description":null,"keywords":null,"keyphrases":null,"primary_term":null,"canonical_url":null,"og_title":null,"og_description":null,"og_object_type":"default","og_image_type":"default","og_image_url":null,"og_image_width":null,"og_image_height":null,"og_image_custom_url":null,"og_image_custom_fields":null,"og_video":null,"og_custom_url":null,"og_article_section":null,"og_article_tags":null,"twitter_use_og":false,"twitter_card":"default","twitter_image_type":"default","twitter_image_url":null,"twitter_image_custom_url":null,"twitter_image_custom_fields":null,"twitter_title":null,"twitter_description":null,"schema":{"blockGraphs":[],"customGraphs":[],"default":{"data":{"Article":[],"Course":[],"Dataset":[],"FAQPage":[],"Movie":[],"Person":[],"Product":[],"ProductReview":[],"Car":[],"Recipe":[],"Service":[],"SoftwareApplication":[],"WebPage":[]},"graphName":"","isEnabled":true},"graphs":[],"defaultGraph":"","defaultPostTypeGraph":""},"schema_type":null,"schema_type_options":null,"pillar_content":false,"robots_default":true,"robots_noindex":false,"robots_noarchive":false,"robots_nosnippet":false,"robots_nofollow":false,"robots_noimageindex":false,"robots_noodp":false,"robots_notranslate":false,"robots_max_snippet":null,"robots_max_videopreview":null,"robots_max_imagepreview":"large","priority":null,"frequency":null,"location":null,"local_seo":null,"seo_analyzer_scan_date":"2025-09-17 08:07:07","breadcrumb_settings":null,"limit_modified_date":false,"open_ai":null,"ai":null,"created":"2021-03-09 08:29:41","updated":"2025-09-17 08:07:07"},"aioseo_breadcrumb":"<div class=\"aioseo-breadcrumbs\"><span class=\"aioseo-breadcrumb\">\n\t<a href=\"https:\/\/eldigitaldeasturias.com\/magazine365\" title=\"Home\">Home<\/a>\n<\/span><span class=\"aioseo-breadcrumb-separator\">\u2013<\/span><span class=\"aioseo-breadcrumb\">\n\t<a href=\"https:\/\/eldigitaldeasturias.com\/magazine365\/category\/noticias-actualidad\/\" title=\"Noticias y Actualidad\">Noticias y Actualidad<\/a>\n<\/span><span class=\"aioseo-breadcrumb-separator\">\u2013<\/span><span class=\"aioseo-breadcrumb\">\n\t<a href=\"https:\/\/eldigitaldeasturias.com\/magazine365\/sol-pico-eva-yerbabuena-y-maruja-garrido-en-el-festival-ciudad-flamenco\/\" title=\"Sol Pic\u00f3, Eva Yerbabuena y Maruja Garrido en el festival \u00abCiudad Flamenco\u00bb\">Sol Pic\u00f3, Eva Yerbabuena y Maruja Garrido en el festival \u00abCiudad Flamenco\u00bb<\/a>\n<\/span><\/div>","aioseo_breadcrumb_json":[{"label":"Home","link":"https:\/\/eldigitaldeasturias.com\/magazine365"},{"label":"Noticias y Actualidad","link":"https:\/\/eldigitaldeasturias.com\/magazine365\/category\/noticias-actualidad\/"},{"label":"Sol Pic\u00f3, Eva Yerbabuena y Maruja Garrido en el festival \u00abCiudad Flamenco\u00bb","link":"https:\/\/eldigitaldeasturias.com\/magazine365\/sol-pico-eva-yerbabuena-y-maruja-garrido-en-el-festival-ciudad-flamenco\/"}],"_links":{"self":[{"href":"https:\/\/eldigitaldeasturias.com\/magazine365\/wp-json\/wp\/v2\/posts\/13363","targetHints":{"allow":["GET"]}}],"collection":[{"href":"https:\/\/eldigitaldeasturias.com\/magazine365\/wp-json\/wp\/v2\/posts"}],"about":[{"href":"https:\/\/eldigitaldeasturias.com\/magazine365\/wp-json\/wp\/v2\/types\/post"}],"author":[{"embeddable":true,"href":"https:\/\/eldigitaldeasturias.com\/magazine365\/wp-json\/wp\/v2\/users\/1"}],"replies":[{"embeddable":true,"href":"https:\/\/eldigitaldeasturias.com\/magazine365\/wp-json\/wp\/v2\/comments?post=13363"}],"version-history":[{"count":0,"href":"https:\/\/eldigitaldeasturias.com\/magazine365\/wp-json\/wp\/v2\/posts\/13363\/revisions"}],"wp:featuredmedia":[{"embeddable":true,"href":"https:\/\/eldigitaldeasturias.com\/magazine365\/wp-json\/wp\/v2\/media\/13364"}],"wp:attachment":[{"href":"https:\/\/eldigitaldeasturias.com\/magazine365\/wp-json\/wp\/v2\/media?parent=13363"}],"wp:term":[{"taxonomy":"category","embeddable":true,"href":"https:\/\/eldigitaldeasturias.com\/magazine365\/wp-json\/wp\/v2\/categories?post=13363"},{"taxonomy":"post_tag","embeddable":true,"href":"https:\/\/eldigitaldeasturias.com\/magazine365\/wp-json\/wp\/v2\/tags?post=13363"}],"curies":[{"name":"wp","href":"https:\/\/api.w.org\/{rel}","templated":true}]}}