{"id":13360,"date":"2014-05-20T20:53:22","date_gmt":"2014-05-20T22:53:22","guid":{"rendered":"http:\/\/eldigitaldeasturias.com\/magazine365\/?p=13360"},"modified":"2014-05-20T20:53:22","modified_gmt":"2014-05-20T22:53:22","slug":"doce-soldados-de-la-democracia-se-infiltran-en-cannes-armados-con-lapices","status":"publish","type":"post","link":"https:\/\/eldigitaldeasturias.com\/magazine365\/doce-soldados-de-la-democracia-se-infiltran-en-cannes-armados-con-lapices\/","title":{"rendered":"Doce soldados de la democracia se infiltran en Cannes armados con l\u00e1pices"},"content":{"rendered":"<p><img fetchpriority=\"high\" decoding=\"async\" class=\"alignleft size-medium wp-image-13361\" alt=\"6279512w\" src=\"https:\/\/eldigitaldeasturias.com\/magazine365\/wp-content\/uploads\/2014\/05\/6279512w-360x239.jpg\" width=\"360\" height=\"239\" \/>Cannes (Francia), 20 may (EFE).- Doce l\u00e1pices, muchos idiomas y un mismo esp\u00edritu: dibujar todo lo que nadie se atreve a contar con palabras. El Festival de Cannes proyect\u00f3 hoy en sesi\u00f3n oficial y fuera de competici\u00f3n \u00abCaricaturistes &#8211; Fantassins de la d\u00e9mocratie\u00bb (Caricaturistas &#8211; Soldaditos de la democracia).<\/p>\n<p>Se trata de un documental sustentado en entrevistas con doce dibujantes de prensa del mundo entero que exhibe sus ilustraciones e im\u00e1genes de archivo y que lanza el aviso de que \u00abla democracia es un combate diario, nunca adquirido\u00bb.<\/p>\n<p>El cartel -ap\u00f3crifo- del filme muestra al presidente de Francia, Fran\u00e7ois Hollande, sujetando una vi\u00f1eta en la que aparece \u00e9l mismo. Lo firma Plantu, una instituci\u00f3n en la caricatura francesa y el impulsor de la pel\u00edcula. No podr\u00e1n colgarlo en Francia. El Palacio del El\u00edseo exige decoro.<\/p>\n<p>En una sesi\u00f3n de maquillaje durante el rodaje se ve a Plantu charlando con la chica que le peina, quien le pide un dibujo de Hollande. Plantu se lanza a pintarlo en el espejo fijado a la pared en el estudio y ella le ruega que lo haga en un papel, para poder conservarlo.<\/p>\n<p>\u00abPero luego te llevas el espejo, \u00bfno?\u00bb, le responde el caricaturista, que desde 1985 tiene reservado un espacio para su vi\u00f1eta en la portada del diario franc\u00e9s \u00abLe Monde\u00bb.<\/p>\n<p>\u00abEs una sola historia contada en muchas vidas\u00bb, explica a Efe la venezolana Rayma Suprani, que idea sus vi\u00f1etas en Caracas y las imprime en \u00abEl Universal\u00bb.<\/p>\n<p>\u00abLa situaci\u00f3n ahora en Venezuela es bastante &#8216;heavy&#8217;, dice la ilustradora, enumerando editoriales en bancarrota, cabeceras controladas por el Gobierno, censura y violencia callejera.<\/p>\n<p>Tras diecisiete a\u00f1os como dibujante de prensa, saca algunas conclusiones que comparte con el resto de l\u00e1pices congregados en el largometraje.<\/p>\n<p>\u00abCreemos en lo que hacemos pero no en los grandes pilares del poder, la izquierda, la derecha&#8230; creo en los valores del humanismo\u00bb, apunta la venezolana, que dice vivir en un Estado absolutista y sostiene que \u00ablas nuevas dictaduras son las que llegan con votos, cambian la Constituci\u00f3n y cambian todo para permanecer en el poder\u00bb.<\/p>\n<p>El cubano \u00c1ngel Boligan naci\u00f3 en San Antonio de los Ba\u00f1os, conocida como la \u00abvilla del humor\u00bb por su tradici\u00f3n de festivales de caricatura y sede de la prestigiosa Escuela de Cine.<\/p>\n<p>Ilustra la isla como un trozo de tierra flotando dentro de una botella cerrada. Se fue de Cuba en 1992, pero regresa habitualmente.<\/p>\n<p>Ese a\u00f1o lleg\u00f3 a M\u00e9xico mientras se desmoronaba el tel\u00f3n de acero. El primer d\u00eda le ofrecieron colaborar con El Universal mexicano, en tiempos de poder sempiterno del Partido Independiente Revolucionario (PRI), resume en una charla con Efe.<\/p>\n<p>En M\u00e9xico, la autocensura ten\u00eda otros totems, seg\u00fan entendi\u00f3 en el gremio local: el presidente de la Rep\u00fablica, el Ej\u00e9rcito y la Virgen de Guadalupe.<\/p>\n<p>\u00abEsa es mi agenda de trabajo\u00bb, razona en la cinta, una producci\u00f3n franco-belga-italiana.<\/p>\n<p>Ha conocido el socialismo caribe\u00f1o y el capitalismo \u00abf\u00e9rreo y bravo\u00bb mexicano. Ha comprendido que \u00abla censura est\u00e1 en todas partes\u00bb y ha entrenado una pupila independiente, que picotea ideol\u00f3gicamente de aqu\u00ed y all\u00e1 mientras pinta para las publicaciones Palante y DDT.<\/p>\n<p>\u00abNo me compro todo el bloque\u00bb, dice.<\/p>\n<p>Tambi\u00e9n ha conocido el contraste. El de M\u00e9xico, donde la prensa \u00abamarillista\u00bb desprestigia la imagen del pa\u00eds rebuscando entre los escombros para hablar de asesinatos y violaciones, con el de Cuba, donde \u00absi lees la prensa o escuchas la radio, est\u00e1s en el para\u00edso\u00bb.<\/p>\n<p>Familias que se ahogan en d\u00f3lares agujereados, osos militarizados que hacen bailar a gobiernos, empresarios echando monedas en m\u00e1quinas de lavar dinero, fan\u00e1ticos religiosos que matan en nombre de la paz y se\u00f1ores de la guerra.<\/p>\n<p>Todo se puede contar con respeto y con humor. Todo es criticable, o deber\u00eda de serlo. Y ese es el combate que ha llevado a estos doce caricaturistas a juntar sus l\u00e1pices, contar sus vidas y, sobre todo, que \u00abno existan los tab\u00faes\u00bb, comenta el cubano adoptado por el DF mexicano.<\/p>\n<p>En la pel\u00edcula tambi\u00e9n participan los l\u00e1pices y las reflexiones de Willis (T\u00fanez), Slim (Argelia), Zlatkokvsky (Rusia), Glez (Burkina Faso), Boukhari (Palestina), Kichka (Israel), Zohor\u00e9 (Costa de Marfil), Danziger (Estados Unidos) y Pisan (China), que avisa: \u00abNo hay nada peor que perder la libertad interior\u00bb.<\/p>\n<p>Por Javier Albisu<\/p>\n","protected":false},"excerpt":{"rendered":"<p>Cannes (Francia), 20 may (EFE).- Doce l\u00e1pices, muchos idiomas y un mismo esp\u00edritu: dibujar todo lo que nadie se atreve a contar con palabras. El Festival de Cannes proyect\u00f3 hoy en sesi\u00f3n oficial y fuera de competici\u00f3n \u00abCaricaturistes &#8211; Fantassins de la d\u00e9mocratie\u00bb (Caricaturistas &#8211; Soldaditos de la democracia). Se trata de un documental sustentado<\/p>\n","protected":false},"author":1,"featured_media":13361,"comment_status":"open","ping_status":"closed","sticky":false,"template":"","format":"standard","meta":{"footnotes":""},"categories":[224],"tags":[],"class_list":{"0":"post-13360","1":"post","2":"type-post","3":"status-publish","4":"format-standard","5":"has-post-thumbnail","7":"category-noticias-actualidad"},"aioseo_notices":[],"aioseo_head":"\n\t\t<!-- All in One SEO Pro 4.9.6.1 - aioseo.com -->\n\t<meta name=\"description\" content=\"Cannes (Francia), 20 may (EFE).- Doce l\u00e1pices, muchos idiomas y un mismo esp\u00edritu: dibujar todo lo que nadie se atreve a contar con palabras. El Festival de Cannes proyect\u00f3 hoy en sesi\u00f3n oficial y fuera de competici\u00f3n &quot;Caricaturistes - Fantassins de la d\u00e9mocratie&quot; (Caricaturistas - Soldaditos de la democracia). Se trata de un documental sustentado\" \/>\n\t<meta name=\"robots\" content=\"max-image-preview:large\" \/>\n\t<meta name=\"author\" content=\"admin\"\/>\n\t<meta name=\"google-site-verification\" content=\"UA-38556648-1\" \/>\n\t<meta name=\"keywords\" content=\"noticias y actualidad\" \/>\n\t<link rel=\"canonical\" href=\"https:\/\/eldigitaldeasturias.com\/magazine365\/doce-soldados-de-la-democracia-se-infiltran-en-cannes-armados-con-lapices\/\" \/>\n\t<meta name=\"generator\" content=\"All in One SEO Pro (AIOSEO) 4.9.6.1\" \/>\n\t\t<meta property=\"og:locale\" content=\"es_ES\" \/>\n\t\t<meta property=\"og:site_name\" content=\"El Digital de Asturias \u2013 Revista de ocio, turismo y estilo de vida\" \/>\n\t\t<meta property=\"og:type\" content=\"article\" \/>\n\t\t<meta property=\"og:title\" content=\"Doce soldados de la democracia se infiltran en Cannes armados con l\u00e1pices | El Digital de Asturias\" \/>\n\t\t<meta property=\"og:description\" content=\"Cannes (Francia), 20 may (EFE).- Doce l\u00e1pices, muchos idiomas y un mismo esp\u00edritu: dibujar todo lo que nadie se atreve a contar con palabras. El Festival de Cannes proyect\u00f3 hoy en sesi\u00f3n oficial y fuera de competici\u00f3n &quot;Caricaturistes - Fantassins de la d\u00e9mocratie&quot; (Caricaturistas - Soldaditos de la democracia). Se trata de un documental sustentado\" \/>\n\t\t<meta property=\"og:url\" content=\"https:\/\/eldigitaldeasturias.com\/magazine365\/doce-soldados-de-la-democracia-se-infiltran-en-cannes-armados-con-lapices\/\" \/>\n\t\t<meta property=\"og:image\" content=\"https:\/\/eldigitaldeasturias.com\/magazine365\/wp-content\/uploads\/2014\/05\/6279512w.jpg\" \/>\n\t\t<meta property=\"og:image:secure_url\" content=\"https:\/\/eldigitaldeasturias.com\/magazine365\/wp-content\/uploads\/2014\/05\/6279512w.jpg\" \/>\n\t\t<meta property=\"og:image:width\" content=\"800\" \/>\n\t\t<meta property=\"og:image:height\" content=\"533\" \/>\n\t\t<meta property=\"article:published_time\" content=\"2014-05-20T22:53:22+00:00\" \/>\n\t\t<meta property=\"article:modified_time\" content=\"2014-05-20T22:53:22+00:00\" \/>\n\t\t<meta name=\"twitter:card\" content=\"summary_large_image\" \/>\n\t\t<meta name=\"twitter:title\" content=\"Doce soldados de la democracia se infiltran en Cannes armados con l\u00e1pices | El Digital de Asturias\" \/>\n\t\t<meta name=\"twitter:description\" content=\"Cannes (Francia), 20 may (EFE).- Doce l\u00e1pices, muchos idiomas y un mismo esp\u00edritu: dibujar todo lo que nadie se atreve a contar con palabras. El Festival de Cannes proyect\u00f3 hoy en sesi\u00f3n oficial y fuera de competici\u00f3n &quot;Caricaturistes - Fantassins de la d\u00e9mocratie&quot; (Caricaturistas - Soldaditos de la democracia). Se trata de un documental sustentado\" \/>\n\t\t<meta name=\"twitter:image\" content=\"https:\/\/eldigitaldeasturias.com\/magazine365\/wp-content\/uploads\/2014\/05\/6279512w.jpg\" \/>\n\t\t<script type=\"application\/ld+json\" class=\"aioseo-schema\">\n\t\t\t{\"@context\":\"https:\\\/\\\/schema.org\",\"@graph\":[{\"@type\":\"Article\",\"@id\":\"https:\\\/\\\/eldigitaldeasturias.com\\\/magazine365\\\/doce-soldados-de-la-democracia-se-infiltran-en-cannes-armados-con-lapices\\\/#article\",\"name\":\"Doce soldados de la democracia se infiltran en Cannes armados con l\\u00e1pices | El Digital de Asturias\",\"headline\":\"Doce soldados de la democracia se infiltran en Cannes armados con l\\u00e1pices\",\"author\":{\"@id\":\"https:\\\/\\\/eldigitaldeasturias.com\\\/magazine365\\\/author\\\/admin\\\/#author\"},\"publisher\":{\"@id\":\"https:\\\/\\\/eldigitaldeasturias.com\\\/magazine365\\\/#organization\"},\"image\":{\"@type\":\"ImageObject\",\"url\":\"https:\\\/\\\/eldigitaldeasturias.com\\\/magazine365\\\/wp-content\\\/uploads\\\/2014\\\/05\\\/6279512w.jpg\",\"width\":800,\"height\":533},\"datePublished\":\"2014-05-20T20:53:22+02:00\",\"dateModified\":\"2014-05-20T20:53:22+02:00\",\"inLanguage\":\"es-ES\",\"mainEntityOfPage\":{\"@id\":\"https:\\\/\\\/eldigitaldeasturias.com\\\/magazine365\\\/doce-soldados-de-la-democracia-se-infiltran-en-cannes-armados-con-lapices\\\/#webpage\"},\"isPartOf\":{\"@id\":\"https:\\\/\\\/eldigitaldeasturias.com\\\/magazine365\\\/doce-soldados-de-la-democracia-se-infiltran-en-cannes-armados-con-lapices\\\/#webpage\"},\"articleSection\":\"Noticias y Actualidad\"},{\"@type\":\"BreadcrumbList\",\"@id\":\"https:\\\/\\\/eldigitaldeasturias.com\\\/magazine365\\\/doce-soldados-de-la-democracia-se-infiltran-en-cannes-armados-con-lapices\\\/#breadcrumblist\",\"itemListElement\":[{\"@type\":\"ListItem\",\"@id\":\"https:\\\/\\\/eldigitaldeasturias.com\\\/magazine365#listItem\",\"position\":1,\"name\":\"Home\",\"item\":\"https:\\\/\\\/eldigitaldeasturias.com\\\/magazine365\",\"nextItem\":{\"@type\":\"ListItem\",\"@id\":\"https:\\\/\\\/eldigitaldeasturias.com\\\/magazine365\\\/category\\\/noticias-actualidad\\\/#listItem\",\"name\":\"Noticias y Actualidad\"}},{\"@type\":\"ListItem\",\"@id\":\"https:\\\/\\\/eldigitaldeasturias.com\\\/magazine365\\\/category\\\/noticias-actualidad\\\/#listItem\",\"position\":2,\"name\":\"Noticias y Actualidad\",\"item\":\"https:\\\/\\\/eldigitaldeasturias.com\\\/magazine365\\\/category\\\/noticias-actualidad\\\/\",\"nextItem\":{\"@type\":\"ListItem\",\"@id\":\"https:\\\/\\\/eldigitaldeasturias.com\\\/magazine365\\\/doce-soldados-de-la-democracia-se-infiltran-en-cannes-armados-con-lapices\\\/#listItem\",\"name\":\"Doce soldados de la democracia se infiltran en Cannes armados con l\\u00e1pices\"},\"previousItem\":{\"@type\":\"ListItem\",\"@id\":\"https:\\\/\\\/eldigitaldeasturias.com\\\/magazine365#listItem\",\"name\":\"Home\"}},{\"@type\":\"ListItem\",\"@id\":\"https:\\\/\\\/eldigitaldeasturias.com\\\/magazine365\\\/doce-soldados-de-la-democracia-se-infiltran-en-cannes-armados-con-lapices\\\/#listItem\",\"position\":3,\"name\":\"Doce soldados de la democracia se infiltran en Cannes armados con l\\u00e1pices\",\"previousItem\":{\"@type\":\"ListItem\",\"@id\":\"https:\\\/\\\/eldigitaldeasturias.com\\\/magazine365\\\/category\\\/noticias-actualidad\\\/#listItem\",\"name\":\"Noticias y Actualidad\"}}]},{\"@type\":\"Organization\",\"@id\":\"https:\\\/\\\/eldigitaldeasturias.com\\\/magazine365\\\/#organization\",\"name\":\"El digital de Asturias\",\"description\":\"Revista de ocio, turismo y estilo de vida\",\"url\":\"https:\\\/\\\/eldigitaldeasturias.com\\\/magazine365\\\/\",\"logo\":{\"@type\":\"ImageObject\",\"url\":\"https:\\\/\\\/www.eldigitaldeasturias.com\\\/noticias\\\/wp-content\\\/uploads\\\/2020\\\/12\\\/EDA.jpg\",\"@id\":\"https:\\\/\\\/eldigitaldeasturias.com\\\/magazine365\\\/doce-soldados-de-la-democracia-se-infiltran-en-cannes-armados-con-lapices\\\/#organizationLogo\"},\"image\":{\"@id\":\"https:\\\/\\\/eldigitaldeasturias.com\\\/magazine365\\\/doce-soldados-de-la-democracia-se-infiltran-en-cannes-armados-con-lapices\\\/#organizationLogo\"}},{\"@type\":\"Person\",\"@id\":\"https:\\\/\\\/eldigitaldeasturias.com\\\/magazine365\\\/author\\\/admin\\\/#author\",\"url\":\"https:\\\/\\\/eldigitaldeasturias.com\\\/magazine365\\\/author\\\/admin\\\/\",\"name\":\"admin\",\"image\":{\"@type\":\"ImageObject\",\"@id\":\"https:\\\/\\\/eldigitaldeasturias.com\\\/magazine365\\\/doce-soldados-de-la-democracia-se-infiltran-en-cannes-armados-con-lapices\\\/#authorImage\",\"url\":\"https:\\\/\\\/eldigitaldeasturias.com\\\/magazine365\\\/wp-content\\\/litespeed\\\/avatar\\\/e571bcf59a0edd6fa6838245a470f2fe.jpg?ver=1776969259\",\"width\":96,\"height\":96,\"caption\":\"admin\"}},{\"@type\":\"WebPage\",\"@id\":\"https:\\\/\\\/eldigitaldeasturias.com\\\/magazine365\\\/doce-soldados-de-la-democracia-se-infiltran-en-cannes-armados-con-lapices\\\/#webpage\",\"url\":\"https:\\\/\\\/eldigitaldeasturias.com\\\/magazine365\\\/doce-soldados-de-la-democracia-se-infiltran-en-cannes-armados-con-lapices\\\/\",\"name\":\"Doce soldados de la democracia se infiltran en Cannes armados con l\\u00e1pices | El Digital de Asturias\",\"description\":\"Cannes (Francia), 20 may (EFE).- Doce l\\u00e1pices, muchos idiomas y un mismo esp\\u00edritu: dibujar todo lo que nadie se atreve a contar con palabras. El Festival de Cannes proyect\\u00f3 hoy en sesi\\u00f3n oficial y fuera de competici\\u00f3n \\\"Caricaturistes - Fantassins de la d\\u00e9mocratie\\\" (Caricaturistas - Soldaditos de la democracia). Se trata de un documental sustentado\",\"inLanguage\":\"es-ES\",\"isPartOf\":{\"@id\":\"https:\\\/\\\/eldigitaldeasturias.com\\\/magazine365\\\/#website\"},\"breadcrumb\":{\"@id\":\"https:\\\/\\\/eldigitaldeasturias.com\\\/magazine365\\\/doce-soldados-de-la-democracia-se-infiltran-en-cannes-armados-con-lapices\\\/#breadcrumblist\"},\"author\":{\"@id\":\"https:\\\/\\\/eldigitaldeasturias.com\\\/magazine365\\\/author\\\/admin\\\/#author\"},\"creator\":{\"@id\":\"https:\\\/\\\/eldigitaldeasturias.com\\\/magazine365\\\/author\\\/admin\\\/#author\"},\"image\":{\"@type\":\"ImageObject\",\"url\":\"https:\\\/\\\/eldigitaldeasturias.com\\\/magazine365\\\/wp-content\\\/uploads\\\/2014\\\/05\\\/6279512w.jpg\",\"@id\":\"https:\\\/\\\/eldigitaldeasturias.com\\\/magazine365\\\/doce-soldados-de-la-democracia-se-infiltran-en-cannes-armados-con-lapices\\\/#mainImage\",\"width\":800,\"height\":533},\"primaryImageOfPage\":{\"@id\":\"https:\\\/\\\/eldigitaldeasturias.com\\\/magazine365\\\/doce-soldados-de-la-democracia-se-infiltran-en-cannes-armados-con-lapices\\\/#mainImage\"},\"datePublished\":\"2014-05-20T20:53:22+02:00\",\"dateModified\":\"2014-05-20T20:53:22+02:00\"},{\"@type\":\"WebSite\",\"@id\":\"https:\\\/\\\/eldigitaldeasturias.com\\\/magazine365\\\/#website\",\"url\":\"https:\\\/\\\/eldigitaldeasturias.com\\\/magazine365\\\/\",\"name\":\"El Digital de Asturias\",\"description\":\"Revista de ocio, turismo y estilo de vida\",\"inLanguage\":\"es-ES\",\"publisher\":{\"@id\":\"https:\\\/\\\/eldigitaldeasturias.com\\\/magazine365\\\/#organization\"}}]}\n\t\t<\/script>\n\t\t<!-- All in One SEO Pro -->\r\n\t\t<title>Doce soldados de la democracia se infiltran en Cannes armados con l\u00e1pices | El Digital de Asturias<\/title>\n\n","aioseo_head_json":{"title":"Doce soldados de la democracia se infiltran en Cannes armados con l\u00e1pices | El Digital de Asturias","description":"Cannes (Francia), 20 may (EFE).- Doce l\u00e1pices, muchos idiomas y un mismo esp\u00edritu: dibujar todo lo que nadie se atreve a contar con palabras. El Festival de Cannes proyect\u00f3 hoy en sesi\u00f3n oficial y fuera de competici\u00f3n \"Caricaturistes - Fantassins de la d\u00e9mocratie\" (Caricaturistas - Soldaditos de la democracia). Se trata de un documental sustentado","canonical_url":"https:\/\/eldigitaldeasturias.com\/magazine365\/doce-soldados-de-la-democracia-se-infiltran-en-cannes-armados-con-lapices\/","robots":"max-image-preview:large","keywords":"noticias y actualidad","webmasterTools":{"google-site-verification":"UA-38556648-1","miscellaneous":""},"schema":{"@context":"https:\/\/schema.org","@graph":[{"@type":"Article","@id":"https:\/\/eldigitaldeasturias.com\/magazine365\/doce-soldados-de-la-democracia-se-infiltran-en-cannes-armados-con-lapices\/#article","name":"Doce soldados de la democracia se infiltran en Cannes armados con l\u00e1pices | El Digital de Asturias","headline":"Doce soldados de la democracia se infiltran en Cannes armados con l\u00e1pices","author":{"@id":"https:\/\/eldigitaldeasturias.com\/magazine365\/author\/admin\/#author"},"publisher":{"@id":"https:\/\/eldigitaldeasturias.com\/magazine365\/#organization"},"image":{"@type":"ImageObject","url":"https:\/\/eldigitaldeasturias.com\/magazine365\/wp-content\/uploads\/2014\/05\/6279512w.jpg","width":800,"height":533},"datePublished":"2014-05-20T20:53:22+02:00","dateModified":"2014-05-20T20:53:22+02:00","inLanguage":"es-ES","mainEntityOfPage":{"@id":"https:\/\/eldigitaldeasturias.com\/magazine365\/doce-soldados-de-la-democracia-se-infiltran-en-cannes-armados-con-lapices\/#webpage"},"isPartOf":{"@id":"https:\/\/eldigitaldeasturias.com\/magazine365\/doce-soldados-de-la-democracia-se-infiltran-en-cannes-armados-con-lapices\/#webpage"},"articleSection":"Noticias y Actualidad"},{"@type":"BreadcrumbList","@id":"https:\/\/eldigitaldeasturias.com\/magazine365\/doce-soldados-de-la-democracia-se-infiltran-en-cannes-armados-con-lapices\/#breadcrumblist","itemListElement":[{"@type":"ListItem","@id":"https:\/\/eldigitaldeasturias.com\/magazine365#listItem","position":1,"name":"Home","item":"https:\/\/eldigitaldeasturias.com\/magazine365","nextItem":{"@type":"ListItem","@id":"https:\/\/eldigitaldeasturias.com\/magazine365\/category\/noticias-actualidad\/#listItem","name":"Noticias y Actualidad"}},{"@type":"ListItem","@id":"https:\/\/eldigitaldeasturias.com\/magazine365\/category\/noticias-actualidad\/#listItem","position":2,"name":"Noticias y Actualidad","item":"https:\/\/eldigitaldeasturias.com\/magazine365\/category\/noticias-actualidad\/","nextItem":{"@type":"ListItem","@id":"https:\/\/eldigitaldeasturias.com\/magazine365\/doce-soldados-de-la-democracia-se-infiltran-en-cannes-armados-con-lapices\/#listItem","name":"Doce soldados de la democracia se infiltran en Cannes armados con l\u00e1pices"},"previousItem":{"@type":"ListItem","@id":"https:\/\/eldigitaldeasturias.com\/magazine365#listItem","name":"Home"}},{"@type":"ListItem","@id":"https:\/\/eldigitaldeasturias.com\/magazine365\/doce-soldados-de-la-democracia-se-infiltran-en-cannes-armados-con-lapices\/#listItem","position":3,"name":"Doce soldados de la democracia se infiltran en Cannes armados con l\u00e1pices","previousItem":{"@type":"ListItem","@id":"https:\/\/eldigitaldeasturias.com\/magazine365\/category\/noticias-actualidad\/#listItem","name":"Noticias y Actualidad"}}]},{"@type":"Organization","@id":"https:\/\/eldigitaldeasturias.com\/magazine365\/#organization","name":"El digital de Asturias","description":"Revista de ocio, turismo y estilo de vida","url":"https:\/\/eldigitaldeasturias.com\/magazine365\/","logo":{"@type":"ImageObject","url":"https:\/\/www.eldigitaldeasturias.com\/noticias\/wp-content\/uploads\/2020\/12\/EDA.jpg","@id":"https:\/\/eldigitaldeasturias.com\/magazine365\/doce-soldados-de-la-democracia-se-infiltran-en-cannes-armados-con-lapices\/#organizationLogo"},"image":{"@id":"https:\/\/eldigitaldeasturias.com\/magazine365\/doce-soldados-de-la-democracia-se-infiltran-en-cannes-armados-con-lapices\/#organizationLogo"}},{"@type":"Person","@id":"https:\/\/eldigitaldeasturias.com\/magazine365\/author\/admin\/#author","url":"https:\/\/eldigitaldeasturias.com\/magazine365\/author\/admin\/","name":"admin","image":{"@type":"ImageObject","@id":"https:\/\/eldigitaldeasturias.com\/magazine365\/doce-soldados-de-la-democracia-se-infiltran-en-cannes-armados-con-lapices\/#authorImage","url":"https:\/\/eldigitaldeasturias.com\/magazine365\/wp-content\/litespeed\/avatar\/e571bcf59a0edd6fa6838245a470f2fe.jpg?ver=1776969259","width":96,"height":96,"caption":"admin"}},{"@type":"WebPage","@id":"https:\/\/eldigitaldeasturias.com\/magazine365\/doce-soldados-de-la-democracia-se-infiltran-en-cannes-armados-con-lapices\/#webpage","url":"https:\/\/eldigitaldeasturias.com\/magazine365\/doce-soldados-de-la-democracia-se-infiltran-en-cannes-armados-con-lapices\/","name":"Doce soldados de la democracia se infiltran en Cannes armados con l\u00e1pices | El Digital de Asturias","description":"Cannes (Francia), 20 may (EFE).- Doce l\u00e1pices, muchos idiomas y un mismo esp\u00edritu: dibujar todo lo que nadie se atreve a contar con palabras. El Festival de Cannes proyect\u00f3 hoy en sesi\u00f3n oficial y fuera de competici\u00f3n \"Caricaturistes - Fantassins de la d\u00e9mocratie\" (Caricaturistas - Soldaditos de la democracia). Se trata de un documental sustentado","inLanguage":"es-ES","isPartOf":{"@id":"https:\/\/eldigitaldeasturias.com\/magazine365\/#website"},"breadcrumb":{"@id":"https:\/\/eldigitaldeasturias.com\/magazine365\/doce-soldados-de-la-democracia-se-infiltran-en-cannes-armados-con-lapices\/#breadcrumblist"},"author":{"@id":"https:\/\/eldigitaldeasturias.com\/magazine365\/author\/admin\/#author"},"creator":{"@id":"https:\/\/eldigitaldeasturias.com\/magazine365\/author\/admin\/#author"},"image":{"@type":"ImageObject","url":"https:\/\/eldigitaldeasturias.com\/magazine365\/wp-content\/uploads\/2014\/05\/6279512w.jpg","@id":"https:\/\/eldigitaldeasturias.com\/magazine365\/doce-soldados-de-la-democracia-se-infiltran-en-cannes-armados-con-lapices\/#mainImage","width":800,"height":533},"primaryImageOfPage":{"@id":"https:\/\/eldigitaldeasturias.com\/magazine365\/doce-soldados-de-la-democracia-se-infiltran-en-cannes-armados-con-lapices\/#mainImage"},"datePublished":"2014-05-20T20:53:22+02:00","dateModified":"2014-05-20T20:53:22+02:00"},{"@type":"WebSite","@id":"https:\/\/eldigitaldeasturias.com\/magazine365\/#website","url":"https:\/\/eldigitaldeasturias.com\/magazine365\/","name":"El Digital de Asturias","description":"Revista de ocio, turismo y estilo de vida","inLanguage":"es-ES","publisher":{"@id":"https:\/\/eldigitaldeasturias.com\/magazine365\/#organization"}}]},"og:locale":"es_ES","og:site_name":"El Digital de Asturias \u2013 Revista de ocio, turismo y estilo de vida","og:type":"article","og:title":"Doce soldados de la democracia se infiltran en Cannes armados con l\u00e1pices | El Digital de Asturias","og:description":"Cannes (Francia), 20 may (EFE).- Doce l\u00e1pices, muchos idiomas y un mismo esp\u00edritu: dibujar todo lo que nadie se atreve a contar con palabras. El Festival de Cannes proyect\u00f3 hoy en sesi\u00f3n oficial y fuera de competici\u00f3n &quot;Caricaturistes - Fantassins de la d\u00e9mocratie&quot; (Caricaturistas - Soldaditos de la democracia). Se trata de un documental sustentado","og:url":"https:\/\/eldigitaldeasturias.com\/magazine365\/doce-soldados-de-la-democracia-se-infiltran-en-cannes-armados-con-lapices\/","og:image":"https:\/\/eldigitaldeasturias.com\/magazine365\/wp-content\/uploads\/2014\/05\/6279512w.jpg","og:image:secure_url":"https:\/\/eldigitaldeasturias.com\/magazine365\/wp-content\/uploads\/2014\/05\/6279512w.jpg","og:image:width":800,"og:image:height":533,"article:published_time":"2014-05-20T22:53:22+00:00","article:modified_time":"2014-05-20T22:53:22+00:00","twitter:card":"summary_large_image","twitter:title":"Doce soldados de la democracia se infiltran en Cannes armados con l\u00e1pices | El Digital de Asturias","twitter:description":"Cannes (Francia), 20 may (EFE).- Doce l\u00e1pices, muchos idiomas y un mismo esp\u00edritu: dibujar todo lo que nadie se atreve a contar con palabras. El Festival de Cannes proyect\u00f3 hoy en sesi\u00f3n oficial y fuera de competici\u00f3n &quot;Caricaturistes - Fantassins de la d\u00e9mocratie&quot; (Caricaturistas - Soldaditos de la democracia). Se trata de un documental sustentado","twitter:image":"https:\/\/eldigitaldeasturias.com\/magazine365\/wp-content\/uploads\/2014\/05\/6279512w.jpg"},"aioseo_meta_data":{"post_id":"13360","title":null,"description":null,"keywords":null,"keyphrases":null,"primary_term":null,"canonical_url":null,"og_title":null,"og_description":null,"og_object_type":"default","og_image_type":"default","og_image_url":null,"og_image_width":null,"og_image_height":null,"og_image_custom_url":null,"og_image_custom_fields":null,"og_video":null,"og_custom_url":null,"og_article_section":null,"og_article_tags":null,"twitter_use_og":false,"twitter_card":"default","twitter_image_type":"default","twitter_image_url":null,"twitter_image_custom_url":null,"twitter_image_custom_fields":null,"twitter_title":null,"twitter_description":null,"schema":{"blockGraphs":[],"customGraphs":[],"default":{"data":{"Article":[],"Course":[],"Dataset":[],"FAQPage":[],"Movie":[],"Person":[],"Product":[],"ProductReview":[],"Car":[],"Recipe":[],"Service":[],"SoftwareApplication":[],"WebPage":[]},"graphName":"","isEnabled":true},"graphs":[],"defaultGraph":"","defaultPostTypeGraph":""},"schema_type":null,"schema_type_options":null,"pillar_content":false,"robots_default":true,"robots_noindex":false,"robots_noarchive":false,"robots_nosnippet":false,"robots_nofollow":false,"robots_noimageindex":false,"robots_noodp":false,"robots_notranslate":false,"robots_max_snippet":null,"robots_max_videopreview":null,"robots_max_imagepreview":"large","priority":null,"frequency":null,"location":null,"local_seo":null,"seo_analyzer_scan_date":"2025-09-17 08:07:04","breadcrumb_settings":null,"limit_modified_date":false,"open_ai":null,"ai":null,"created":"2021-03-09 08:29:41","updated":"2025-09-17 08:07:04"},"aioseo_breadcrumb":"<div class=\"aioseo-breadcrumbs\"><span class=\"aioseo-breadcrumb\">\n\t<a href=\"https:\/\/eldigitaldeasturias.com\/magazine365\" title=\"Home\">Home<\/a>\n<\/span><span class=\"aioseo-breadcrumb-separator\">\u2013<\/span><span class=\"aioseo-breadcrumb\">\n\t<a href=\"https:\/\/eldigitaldeasturias.com\/magazine365\/category\/noticias-actualidad\/\" title=\"Noticias y Actualidad\">Noticias y Actualidad<\/a>\n<\/span><span class=\"aioseo-breadcrumb-separator\">\u2013<\/span><span class=\"aioseo-breadcrumb\">\n\t<a href=\"https:\/\/eldigitaldeasturias.com\/magazine365\/doce-soldados-de-la-democracia-se-infiltran-en-cannes-armados-con-lapices\/\" title=\"Doce soldados de la democracia se infiltran en Cannes armados con l\u00e1pices\">Doce soldados de la democracia se infiltran en Cannes armados con l\u00e1pices<\/a>\n<\/span><\/div>","aioseo_breadcrumb_json":[{"label":"Home","link":"https:\/\/eldigitaldeasturias.com\/magazine365"},{"label":"Noticias y Actualidad","link":"https:\/\/eldigitaldeasturias.com\/magazine365\/category\/noticias-actualidad\/"},{"label":"Doce soldados de la democracia se infiltran en Cannes armados con l\u00e1pices","link":"https:\/\/eldigitaldeasturias.com\/magazine365\/doce-soldados-de-la-democracia-se-infiltran-en-cannes-armados-con-lapices\/"}],"_links":{"self":[{"href":"https:\/\/eldigitaldeasturias.com\/magazine365\/wp-json\/wp\/v2\/posts\/13360","targetHints":{"allow":["GET"]}}],"collection":[{"href":"https:\/\/eldigitaldeasturias.com\/magazine365\/wp-json\/wp\/v2\/posts"}],"about":[{"href":"https:\/\/eldigitaldeasturias.com\/magazine365\/wp-json\/wp\/v2\/types\/post"}],"author":[{"embeddable":true,"href":"https:\/\/eldigitaldeasturias.com\/magazine365\/wp-json\/wp\/v2\/users\/1"}],"replies":[{"embeddable":true,"href":"https:\/\/eldigitaldeasturias.com\/magazine365\/wp-json\/wp\/v2\/comments?post=13360"}],"version-history":[{"count":0,"href":"https:\/\/eldigitaldeasturias.com\/magazine365\/wp-json\/wp\/v2\/posts\/13360\/revisions"}],"wp:featuredmedia":[{"embeddable":true,"href":"https:\/\/eldigitaldeasturias.com\/magazine365\/wp-json\/wp\/v2\/media\/13361"}],"wp:attachment":[{"href":"https:\/\/eldigitaldeasturias.com\/magazine365\/wp-json\/wp\/v2\/media?parent=13360"}],"wp:term":[{"taxonomy":"category","embeddable":true,"href":"https:\/\/eldigitaldeasturias.com\/magazine365\/wp-json\/wp\/v2\/categories?post=13360"},{"taxonomy":"post_tag","embeddable":true,"href":"https:\/\/eldigitaldeasturias.com\/magazine365\/wp-json\/wp\/v2\/tags?post=13360"}],"curies":[{"name":"wp","href":"https:\/\/api.w.org\/{rel}","templated":true}]}}