{"id":13351,"date":"2014-05-20T20:39:38","date_gmt":"2014-05-20T22:39:38","guid":{"rendered":"http:\/\/eldigitaldeasturias.com\/magazine365\/?p=13351"},"modified":"2014-05-20T20:39:38","modified_gmt":"2014-05-20T22:39:38","slug":"un-documental-de-chus-gutierrez-rescata-la-historia-flamenca-del-sacromonte","status":"publish","type":"post","link":"https:\/\/eldigitaldeasturias.com\/magazine365\/un-documental-de-chus-gutierrez-rescata-la-historia-flamenca-del-sacromonte\/","title":{"rendered":"Un documental de Chus Guti\u00e9rrez rescata la historia flamenca del Sacromonte"},"content":{"rendered":"<p><img fetchpriority=\"high\" decoding=\"async\" class=\"alignleft size-medium wp-image-13352\" alt=\"6279287w\" src=\"https:\/\/eldigitaldeasturias.com\/magazine365\/wp-content\/uploads\/2014\/05\/6279287w-360x243.jpg\" width=\"360\" height=\"243\" srcset=\"https:\/\/eldigitaldeasturias.com\/magazine365\/wp-content\/uploads\/2014\/05\/6279287w-360x243.jpg 360w, https:\/\/eldigitaldeasturias.com\/magazine365\/wp-content\/uploads\/2014\/05\/6279287w-650x440.jpg 650w, https:\/\/eldigitaldeasturias.com\/magazine365\/wp-content\/uploads\/2014\/05\/6279287w-768x519.jpg 768w, https:\/\/eldigitaldeasturias.com\/magazine365\/wp-content\/uploads\/2014\/05\/6279287w-150x101.jpg 150w, https:\/\/eldigitaldeasturias.com\/magazine365\/wp-content\/uploads\/2014\/05\/6279287w-450x304.jpg 450w, https:\/\/eldigitaldeasturias.com\/magazine365\/wp-content\/uploads\/2014\/05\/6279287w-696x471.jpg 696w, https:\/\/eldigitaldeasturias.com\/magazine365\/wp-content\/uploads\/2014\/05\/6279287w-621x420.jpg 621w, https:\/\/eldigitaldeasturias.com\/magazine365\/wp-content\/uploads\/2014\/05\/6279287w.jpg 800w\" sizes=\"(max-width: 360px) 100vw, 360px\" \/>Granada, 20 may (EFE).- Un documental dirigido por la cineasta Chus Guti\u00e9rrez rescata la historia y la cultura del Sacromonte de Granada a trav\u00e9s de la voz de \u00ablos sabios de la tribu\u00bb, los \u00faltimos habitantes de este barrio que vivieron la \u00e9poca dorada del flamenco desde sus cuevas y rincones con vistas a la Alhambra.<\/p>\n<p>\u00abSacromonte. Los sabios de la tribu\u00bb es el nombre de este documental de hora y media de duraci\u00f3n, presentado hoy, que surgi\u00f3 de una conversaci\u00f3n entre la directora granadina y el bailaor Curro Albayc\u00edn, uno de los mejores conocedores del flamenco de Granada.<\/p>\n<p>\u00abHace tres a\u00f1os nos encontramos y \u00e9l me habl\u00f3 del Sacromonte, de su investigaci\u00f3n y del tiempo que llevaba buscando la historia, y le dije: vamos a contarlo\u00bb, ha relatado la cineasta en rueda de prensa.<\/p>\n<p>Se trata, en sus palabras, de un \u00abmusical gitano\u00bb sobre un barrio con una peculiar trayectoria hist\u00f3rica, cultural y vivencial.<\/p>\n<p>Dice Chus Guti\u00e9rrez que aunque el documental dura una hora y media, podr\u00eda haber realizado uno de cinco horas porque cuenta con material suficiente como para hacer \u00abuna enciclopedia\u00bb.<\/p>\n<p>Seg\u00fan Curro Albayc\u00edn, el documental cuenta la historia del Sacromonte relatada por los \u00faltimos vecinos del barrio: \u00abLas \u00faltimas momias que quedamos\u00bb, ha ironizado el bailaor.<\/p>\n<p>En su opini\u00f3n, el mundo del flamenco no le dio en su momento al Sacromonte la importancia que tuvo en este \u00e1mbito \u00abporque dec\u00edan que trabaj\u00e1bamos para el turismo\u00bb.<\/p>\n<p>\u00ab\u00bfPero qu\u00e9 turismo?\u00bb, se ha preguntado tras relatar c\u00f3mo desde 1840 historiadores franceses como Prosper M\u00e9rim\u00e9e o los compositores rusos hablaban en sus libros del flamenco del Sacromonte, donde llegaron a vivir 6.000 personas y fue el barrio m\u00e1s visitado junto a la Alhambra, seg\u00fan Curro Albayc\u00edn.<\/p>\n<p>\u00abEn el documental contamos historias de nuestras vivencias y fatigas, y del a\u00f1o 72, que fue nefasto para el barrio porque se hundieron las cuevas y nos echaron\u00bb, ha relatado tras reivindicar la val\u00eda de las nuevas generaciones flamencas del Sacromonte.<\/p>\n<p>Sebasti\u00e1n P\u00e9rez, presidente de la Diputaci\u00f3n de Granada, promotora de la iniciativa, ha abogado por mantener el esp\u00edritu y la tradici\u00f3n del flamenco a trav\u00e9s de iniciativas como esta, que aportan un testimonio oral de \u00ablos sabios de la tribu\u00bb.<\/p>\n","protected":false},"excerpt":{"rendered":"<p>Granada, 20 may (EFE).- Un documental dirigido por la cineasta Chus Guti\u00e9rrez rescata la historia y la cultura del Sacromonte de Granada a trav\u00e9s de la voz de \u00ablos sabios de la tribu\u00bb, los \u00faltimos habitantes de este barrio que vivieron la \u00e9poca dorada del flamenco desde sus cuevas y rincones con vistas a la<\/p>\n","protected":false},"author":1,"featured_media":13352,"comment_status":"open","ping_status":"closed","sticky":false,"template":"","format":"standard","meta":{"footnotes":""},"categories":[224],"tags":[],"class_list":{"0":"post-13351","1":"post","2":"type-post","3":"status-publish","4":"format-standard","5":"has-post-thumbnail","7":"category-noticias-actualidad"},"aioseo_notices":[],"aioseo_head":"\n\t\t<!-- All in One SEO Pro 4.9.6.1 - aioseo.com -->\n\t<meta name=\"description\" content=\"Granada, 20 may (EFE).- Un documental dirigido por la cineasta Chus Guti\u00e9rrez rescata la historia y la cultura del Sacromonte de Granada a trav\u00e9s de la voz de &quot;los sabios de la tribu&quot;, los \u00faltimos habitantes de este barrio que vivieron la \u00e9poca dorada del flamenco desde sus cuevas y rincones con vistas a la\" \/>\n\t<meta name=\"robots\" content=\"max-image-preview:large\" \/>\n\t<meta name=\"author\" content=\"admin\"\/>\n\t<meta name=\"google-site-verification\" content=\"UA-38556648-1\" \/>\n\t<meta name=\"keywords\" content=\"noticias y actualidad\" \/>\n\t<link rel=\"canonical\" href=\"https:\/\/eldigitaldeasturias.com\/magazine365\/un-documental-de-chus-gutierrez-rescata-la-historia-flamenca-del-sacromonte\/\" \/>\n\t<meta name=\"generator\" content=\"All in One SEO Pro (AIOSEO) 4.9.6.1\" \/>\n\t\t<meta property=\"og:locale\" content=\"es_ES\" \/>\n\t\t<meta property=\"og:site_name\" content=\"El Digital de Asturias \u2013 Revista de ocio, turismo y estilo de vida\" \/>\n\t\t<meta property=\"og:type\" content=\"article\" \/>\n\t\t<meta property=\"og:title\" content=\"Un documental de Chus Guti\u00e9rrez rescata la historia flamenca del Sacromonte | El Digital de Asturias\" \/>\n\t\t<meta property=\"og:description\" content=\"Granada, 20 may (EFE).- Un documental dirigido por la cineasta Chus Guti\u00e9rrez rescata la historia y la cultura del Sacromonte de Granada a trav\u00e9s de la voz de &quot;los sabios de la tribu&quot;, los \u00faltimos habitantes de este barrio que vivieron la \u00e9poca dorada del flamenco desde sus cuevas y rincones con vistas a la\" \/>\n\t\t<meta property=\"og:url\" content=\"https:\/\/eldigitaldeasturias.com\/magazine365\/un-documental-de-chus-gutierrez-rescata-la-historia-flamenca-del-sacromonte\/\" \/>\n\t\t<meta property=\"og:image\" content=\"https:\/\/eldigitaldeasturias.com\/magazine365\/wp-content\/uploads\/2014\/05\/6279287w.jpg\" \/>\n\t\t<meta property=\"og:image:secure_url\" content=\"https:\/\/eldigitaldeasturias.com\/magazine365\/wp-content\/uploads\/2014\/05\/6279287w.jpg\" \/>\n\t\t<meta property=\"og:image:width\" content=\"800\" \/>\n\t\t<meta property=\"og:image:height\" content=\"541\" \/>\n\t\t<meta property=\"article:published_time\" content=\"2014-05-20T22:39:38+00:00\" \/>\n\t\t<meta property=\"article:modified_time\" content=\"2014-05-20T22:39:38+00:00\" \/>\n\t\t<meta name=\"twitter:card\" content=\"summary_large_image\" \/>\n\t\t<meta name=\"twitter:title\" content=\"Un documental de Chus Guti\u00e9rrez rescata la historia flamenca del Sacromonte | El Digital de Asturias\" \/>\n\t\t<meta name=\"twitter:description\" content=\"Granada, 20 may (EFE).- Un documental dirigido por la cineasta Chus Guti\u00e9rrez rescata la historia y la cultura del Sacromonte de Granada a trav\u00e9s de la voz de &quot;los sabios de la tribu&quot;, los \u00faltimos habitantes de este barrio que vivieron la \u00e9poca dorada del flamenco desde sus cuevas y rincones con vistas a la\" \/>\n\t\t<meta name=\"twitter:image\" content=\"https:\/\/eldigitaldeasturias.com\/magazine365\/wp-content\/uploads\/2014\/05\/6279287w.jpg\" \/>\n\t\t<script type=\"application\/ld+json\" class=\"aioseo-schema\">\n\t\t\t{\"@context\":\"https:\\\/\\\/schema.org\",\"@graph\":[{\"@type\":\"Article\",\"@id\":\"https:\\\/\\\/eldigitaldeasturias.com\\\/magazine365\\\/un-documental-de-chus-gutierrez-rescata-la-historia-flamenca-del-sacromonte\\\/#article\",\"name\":\"Un documental de Chus Guti\\u00e9rrez rescata la historia flamenca del Sacromonte | El Digital de Asturias\",\"headline\":\"Un documental de Chus Guti\\u00e9rrez rescata la historia flamenca del Sacromonte\",\"author\":{\"@id\":\"https:\\\/\\\/eldigitaldeasturias.com\\\/magazine365\\\/author\\\/admin\\\/#author\"},\"publisher\":{\"@id\":\"https:\\\/\\\/eldigitaldeasturias.com\\\/magazine365\\\/#organization\"},\"image\":{\"@type\":\"ImageObject\",\"url\":\"https:\\\/\\\/eldigitaldeasturias.com\\\/magazine365\\\/wp-content\\\/uploads\\\/2014\\\/05\\\/6279287w.jpg\",\"width\":800,\"height\":541},\"datePublished\":\"2014-05-20T20:39:38+02:00\",\"dateModified\":\"2014-05-20T20:39:38+02:00\",\"inLanguage\":\"es-ES\",\"mainEntityOfPage\":{\"@id\":\"https:\\\/\\\/eldigitaldeasturias.com\\\/magazine365\\\/un-documental-de-chus-gutierrez-rescata-la-historia-flamenca-del-sacromonte\\\/#webpage\"},\"isPartOf\":{\"@id\":\"https:\\\/\\\/eldigitaldeasturias.com\\\/magazine365\\\/un-documental-de-chus-gutierrez-rescata-la-historia-flamenca-del-sacromonte\\\/#webpage\"},\"articleSection\":\"Noticias y Actualidad\"},{\"@type\":\"BreadcrumbList\",\"@id\":\"https:\\\/\\\/eldigitaldeasturias.com\\\/magazine365\\\/un-documental-de-chus-gutierrez-rescata-la-historia-flamenca-del-sacromonte\\\/#breadcrumblist\",\"itemListElement\":[{\"@type\":\"ListItem\",\"@id\":\"https:\\\/\\\/eldigitaldeasturias.com\\\/magazine365#listItem\",\"position\":1,\"name\":\"Home\",\"item\":\"https:\\\/\\\/eldigitaldeasturias.com\\\/magazine365\",\"nextItem\":{\"@type\":\"ListItem\",\"@id\":\"https:\\\/\\\/eldigitaldeasturias.com\\\/magazine365\\\/category\\\/noticias-actualidad\\\/#listItem\",\"name\":\"Noticias y Actualidad\"}},{\"@type\":\"ListItem\",\"@id\":\"https:\\\/\\\/eldigitaldeasturias.com\\\/magazine365\\\/category\\\/noticias-actualidad\\\/#listItem\",\"position\":2,\"name\":\"Noticias y Actualidad\",\"item\":\"https:\\\/\\\/eldigitaldeasturias.com\\\/magazine365\\\/category\\\/noticias-actualidad\\\/\",\"nextItem\":{\"@type\":\"ListItem\",\"@id\":\"https:\\\/\\\/eldigitaldeasturias.com\\\/magazine365\\\/un-documental-de-chus-gutierrez-rescata-la-historia-flamenca-del-sacromonte\\\/#listItem\",\"name\":\"Un documental de Chus Guti\\u00e9rrez rescata la historia flamenca del Sacromonte\"},\"previousItem\":{\"@type\":\"ListItem\",\"@id\":\"https:\\\/\\\/eldigitaldeasturias.com\\\/magazine365#listItem\",\"name\":\"Home\"}},{\"@type\":\"ListItem\",\"@id\":\"https:\\\/\\\/eldigitaldeasturias.com\\\/magazine365\\\/un-documental-de-chus-gutierrez-rescata-la-historia-flamenca-del-sacromonte\\\/#listItem\",\"position\":3,\"name\":\"Un documental de Chus Guti\\u00e9rrez rescata la historia flamenca del Sacromonte\",\"previousItem\":{\"@type\":\"ListItem\",\"@id\":\"https:\\\/\\\/eldigitaldeasturias.com\\\/magazine365\\\/category\\\/noticias-actualidad\\\/#listItem\",\"name\":\"Noticias y Actualidad\"}}]},{\"@type\":\"Organization\",\"@id\":\"https:\\\/\\\/eldigitaldeasturias.com\\\/magazine365\\\/#organization\",\"name\":\"El digital de Asturias\",\"description\":\"Revista de ocio, turismo y estilo de vida\",\"url\":\"https:\\\/\\\/eldigitaldeasturias.com\\\/magazine365\\\/\",\"logo\":{\"@type\":\"ImageObject\",\"url\":\"https:\\\/\\\/www.eldigitaldeasturias.com\\\/noticias\\\/wp-content\\\/uploads\\\/2020\\\/12\\\/EDA.jpg\",\"@id\":\"https:\\\/\\\/eldigitaldeasturias.com\\\/magazine365\\\/un-documental-de-chus-gutierrez-rescata-la-historia-flamenca-del-sacromonte\\\/#organizationLogo\"},\"image\":{\"@id\":\"https:\\\/\\\/eldigitaldeasturias.com\\\/magazine365\\\/un-documental-de-chus-gutierrez-rescata-la-historia-flamenca-del-sacromonte\\\/#organizationLogo\"}},{\"@type\":\"Person\",\"@id\":\"https:\\\/\\\/eldigitaldeasturias.com\\\/magazine365\\\/author\\\/admin\\\/#author\",\"url\":\"https:\\\/\\\/eldigitaldeasturias.com\\\/magazine365\\\/author\\\/admin\\\/\",\"name\":\"admin\",\"image\":{\"@type\":\"ImageObject\",\"@id\":\"https:\\\/\\\/eldigitaldeasturias.com\\\/magazine365\\\/un-documental-de-chus-gutierrez-rescata-la-historia-flamenca-del-sacromonte\\\/#authorImage\",\"url\":\"https:\\\/\\\/eldigitaldeasturias.com\\\/magazine365\\\/wp-content\\\/litespeed\\\/avatar\\\/e571bcf59a0edd6fa6838245a470f2fe.jpg?ver=1776969259\",\"width\":96,\"height\":96,\"caption\":\"admin\"}},{\"@type\":\"WebPage\",\"@id\":\"https:\\\/\\\/eldigitaldeasturias.com\\\/magazine365\\\/un-documental-de-chus-gutierrez-rescata-la-historia-flamenca-del-sacromonte\\\/#webpage\",\"url\":\"https:\\\/\\\/eldigitaldeasturias.com\\\/magazine365\\\/un-documental-de-chus-gutierrez-rescata-la-historia-flamenca-del-sacromonte\\\/\",\"name\":\"Un documental de Chus Guti\\u00e9rrez rescata la historia flamenca del Sacromonte | El Digital de Asturias\",\"description\":\"Granada, 20 may (EFE).- Un documental dirigido por la cineasta Chus Guti\\u00e9rrez rescata la historia y la cultura del Sacromonte de Granada a trav\\u00e9s de la voz de \\\"los sabios de la tribu\\\", los \\u00faltimos habitantes de este barrio que vivieron la \\u00e9poca dorada del flamenco desde sus cuevas y rincones con vistas a la\",\"inLanguage\":\"es-ES\",\"isPartOf\":{\"@id\":\"https:\\\/\\\/eldigitaldeasturias.com\\\/magazine365\\\/#website\"},\"breadcrumb\":{\"@id\":\"https:\\\/\\\/eldigitaldeasturias.com\\\/magazine365\\\/un-documental-de-chus-gutierrez-rescata-la-historia-flamenca-del-sacromonte\\\/#breadcrumblist\"},\"author\":{\"@id\":\"https:\\\/\\\/eldigitaldeasturias.com\\\/magazine365\\\/author\\\/admin\\\/#author\"},\"creator\":{\"@id\":\"https:\\\/\\\/eldigitaldeasturias.com\\\/magazine365\\\/author\\\/admin\\\/#author\"},\"image\":{\"@type\":\"ImageObject\",\"url\":\"https:\\\/\\\/eldigitaldeasturias.com\\\/magazine365\\\/wp-content\\\/uploads\\\/2014\\\/05\\\/6279287w.jpg\",\"@id\":\"https:\\\/\\\/eldigitaldeasturias.com\\\/magazine365\\\/un-documental-de-chus-gutierrez-rescata-la-historia-flamenca-del-sacromonte\\\/#mainImage\",\"width\":800,\"height\":541},\"primaryImageOfPage\":{\"@id\":\"https:\\\/\\\/eldigitaldeasturias.com\\\/magazine365\\\/un-documental-de-chus-gutierrez-rescata-la-historia-flamenca-del-sacromonte\\\/#mainImage\"},\"datePublished\":\"2014-05-20T20:39:38+02:00\",\"dateModified\":\"2014-05-20T20:39:38+02:00\"},{\"@type\":\"WebSite\",\"@id\":\"https:\\\/\\\/eldigitaldeasturias.com\\\/magazine365\\\/#website\",\"url\":\"https:\\\/\\\/eldigitaldeasturias.com\\\/magazine365\\\/\",\"name\":\"El Digital de Asturias\",\"description\":\"Revista de ocio, turismo y estilo de vida\",\"inLanguage\":\"es-ES\",\"publisher\":{\"@id\":\"https:\\\/\\\/eldigitaldeasturias.com\\\/magazine365\\\/#organization\"}}]}\n\t\t<\/script>\n\t\t<!-- All in One SEO Pro -->\r\n\t\t<title>Un documental de Chus Guti\u00e9rrez rescata la historia flamenca del Sacromonte | El Digital de Asturias<\/title>\n\n","aioseo_head_json":{"title":"Un documental de Chus Guti\u00e9rrez rescata la historia flamenca del Sacromonte | El Digital de Asturias","description":"Granada, 20 may (EFE).- Un documental dirigido por la cineasta Chus Guti\u00e9rrez rescata la historia y la cultura del Sacromonte de Granada a trav\u00e9s de la voz de \"los sabios de la tribu\", los \u00faltimos habitantes de este barrio que vivieron la \u00e9poca dorada del flamenco desde sus cuevas y rincones con vistas a la","canonical_url":"https:\/\/eldigitaldeasturias.com\/magazine365\/un-documental-de-chus-gutierrez-rescata-la-historia-flamenca-del-sacromonte\/","robots":"max-image-preview:large","keywords":"noticias y actualidad","webmasterTools":{"google-site-verification":"UA-38556648-1","miscellaneous":""},"schema":{"@context":"https:\/\/schema.org","@graph":[{"@type":"Article","@id":"https:\/\/eldigitaldeasturias.com\/magazine365\/un-documental-de-chus-gutierrez-rescata-la-historia-flamenca-del-sacromonte\/#article","name":"Un documental de Chus Guti\u00e9rrez rescata la historia flamenca del Sacromonte | El Digital de Asturias","headline":"Un documental de Chus Guti\u00e9rrez rescata la historia flamenca del Sacromonte","author":{"@id":"https:\/\/eldigitaldeasturias.com\/magazine365\/author\/admin\/#author"},"publisher":{"@id":"https:\/\/eldigitaldeasturias.com\/magazine365\/#organization"},"image":{"@type":"ImageObject","url":"https:\/\/eldigitaldeasturias.com\/magazine365\/wp-content\/uploads\/2014\/05\/6279287w.jpg","width":800,"height":541},"datePublished":"2014-05-20T20:39:38+02:00","dateModified":"2014-05-20T20:39:38+02:00","inLanguage":"es-ES","mainEntityOfPage":{"@id":"https:\/\/eldigitaldeasturias.com\/magazine365\/un-documental-de-chus-gutierrez-rescata-la-historia-flamenca-del-sacromonte\/#webpage"},"isPartOf":{"@id":"https:\/\/eldigitaldeasturias.com\/magazine365\/un-documental-de-chus-gutierrez-rescata-la-historia-flamenca-del-sacromonte\/#webpage"},"articleSection":"Noticias y Actualidad"},{"@type":"BreadcrumbList","@id":"https:\/\/eldigitaldeasturias.com\/magazine365\/un-documental-de-chus-gutierrez-rescata-la-historia-flamenca-del-sacromonte\/#breadcrumblist","itemListElement":[{"@type":"ListItem","@id":"https:\/\/eldigitaldeasturias.com\/magazine365#listItem","position":1,"name":"Home","item":"https:\/\/eldigitaldeasturias.com\/magazine365","nextItem":{"@type":"ListItem","@id":"https:\/\/eldigitaldeasturias.com\/magazine365\/category\/noticias-actualidad\/#listItem","name":"Noticias y Actualidad"}},{"@type":"ListItem","@id":"https:\/\/eldigitaldeasturias.com\/magazine365\/category\/noticias-actualidad\/#listItem","position":2,"name":"Noticias y Actualidad","item":"https:\/\/eldigitaldeasturias.com\/magazine365\/category\/noticias-actualidad\/","nextItem":{"@type":"ListItem","@id":"https:\/\/eldigitaldeasturias.com\/magazine365\/un-documental-de-chus-gutierrez-rescata-la-historia-flamenca-del-sacromonte\/#listItem","name":"Un documental de Chus Guti\u00e9rrez rescata la historia flamenca del Sacromonte"},"previousItem":{"@type":"ListItem","@id":"https:\/\/eldigitaldeasturias.com\/magazine365#listItem","name":"Home"}},{"@type":"ListItem","@id":"https:\/\/eldigitaldeasturias.com\/magazine365\/un-documental-de-chus-gutierrez-rescata-la-historia-flamenca-del-sacromonte\/#listItem","position":3,"name":"Un documental de Chus Guti\u00e9rrez rescata la historia flamenca del Sacromonte","previousItem":{"@type":"ListItem","@id":"https:\/\/eldigitaldeasturias.com\/magazine365\/category\/noticias-actualidad\/#listItem","name":"Noticias y Actualidad"}}]},{"@type":"Organization","@id":"https:\/\/eldigitaldeasturias.com\/magazine365\/#organization","name":"El digital de Asturias","description":"Revista de ocio, turismo y estilo de vida","url":"https:\/\/eldigitaldeasturias.com\/magazine365\/","logo":{"@type":"ImageObject","url":"https:\/\/www.eldigitaldeasturias.com\/noticias\/wp-content\/uploads\/2020\/12\/EDA.jpg","@id":"https:\/\/eldigitaldeasturias.com\/magazine365\/un-documental-de-chus-gutierrez-rescata-la-historia-flamenca-del-sacromonte\/#organizationLogo"},"image":{"@id":"https:\/\/eldigitaldeasturias.com\/magazine365\/un-documental-de-chus-gutierrez-rescata-la-historia-flamenca-del-sacromonte\/#organizationLogo"}},{"@type":"Person","@id":"https:\/\/eldigitaldeasturias.com\/magazine365\/author\/admin\/#author","url":"https:\/\/eldigitaldeasturias.com\/magazine365\/author\/admin\/","name":"admin","image":{"@type":"ImageObject","@id":"https:\/\/eldigitaldeasturias.com\/magazine365\/un-documental-de-chus-gutierrez-rescata-la-historia-flamenca-del-sacromonte\/#authorImage","url":"https:\/\/eldigitaldeasturias.com\/magazine365\/wp-content\/litespeed\/avatar\/e571bcf59a0edd6fa6838245a470f2fe.jpg?ver=1776969259","width":96,"height":96,"caption":"admin"}},{"@type":"WebPage","@id":"https:\/\/eldigitaldeasturias.com\/magazine365\/un-documental-de-chus-gutierrez-rescata-la-historia-flamenca-del-sacromonte\/#webpage","url":"https:\/\/eldigitaldeasturias.com\/magazine365\/un-documental-de-chus-gutierrez-rescata-la-historia-flamenca-del-sacromonte\/","name":"Un documental de Chus Guti\u00e9rrez rescata la historia flamenca del Sacromonte | El Digital de Asturias","description":"Granada, 20 may (EFE).- Un documental dirigido por la cineasta Chus Guti\u00e9rrez rescata la historia y la cultura del Sacromonte de Granada a trav\u00e9s de la voz de \"los sabios de la tribu\", los \u00faltimos habitantes de este barrio que vivieron la \u00e9poca dorada del flamenco desde sus cuevas y rincones con vistas a la","inLanguage":"es-ES","isPartOf":{"@id":"https:\/\/eldigitaldeasturias.com\/magazine365\/#website"},"breadcrumb":{"@id":"https:\/\/eldigitaldeasturias.com\/magazine365\/un-documental-de-chus-gutierrez-rescata-la-historia-flamenca-del-sacromonte\/#breadcrumblist"},"author":{"@id":"https:\/\/eldigitaldeasturias.com\/magazine365\/author\/admin\/#author"},"creator":{"@id":"https:\/\/eldigitaldeasturias.com\/magazine365\/author\/admin\/#author"},"image":{"@type":"ImageObject","url":"https:\/\/eldigitaldeasturias.com\/magazine365\/wp-content\/uploads\/2014\/05\/6279287w.jpg","@id":"https:\/\/eldigitaldeasturias.com\/magazine365\/un-documental-de-chus-gutierrez-rescata-la-historia-flamenca-del-sacromonte\/#mainImage","width":800,"height":541},"primaryImageOfPage":{"@id":"https:\/\/eldigitaldeasturias.com\/magazine365\/un-documental-de-chus-gutierrez-rescata-la-historia-flamenca-del-sacromonte\/#mainImage"},"datePublished":"2014-05-20T20:39:38+02:00","dateModified":"2014-05-20T20:39:38+02:00"},{"@type":"WebSite","@id":"https:\/\/eldigitaldeasturias.com\/magazine365\/#website","url":"https:\/\/eldigitaldeasturias.com\/magazine365\/","name":"El Digital de Asturias","description":"Revista de ocio, turismo y estilo de vida","inLanguage":"es-ES","publisher":{"@id":"https:\/\/eldigitaldeasturias.com\/magazine365\/#organization"}}]},"og:locale":"es_ES","og:site_name":"El Digital de Asturias \u2013 Revista de ocio, turismo y estilo de vida","og:type":"article","og:title":"Un documental de Chus Guti\u00e9rrez rescata la historia flamenca del Sacromonte | El Digital de Asturias","og:description":"Granada, 20 may (EFE).- Un documental dirigido por la cineasta Chus Guti\u00e9rrez rescata la historia y la cultura del Sacromonte de Granada a trav\u00e9s de la voz de &quot;los sabios de la tribu&quot;, los \u00faltimos habitantes de este barrio que vivieron la \u00e9poca dorada del flamenco desde sus cuevas y rincones con vistas a la","og:url":"https:\/\/eldigitaldeasturias.com\/magazine365\/un-documental-de-chus-gutierrez-rescata-la-historia-flamenca-del-sacromonte\/","og:image":"https:\/\/eldigitaldeasturias.com\/magazine365\/wp-content\/uploads\/2014\/05\/6279287w.jpg","og:image:secure_url":"https:\/\/eldigitaldeasturias.com\/magazine365\/wp-content\/uploads\/2014\/05\/6279287w.jpg","og:image:width":800,"og:image:height":541,"article:published_time":"2014-05-20T22:39:38+00:00","article:modified_time":"2014-05-20T22:39:38+00:00","twitter:card":"summary_large_image","twitter:title":"Un documental de Chus Guti\u00e9rrez rescata la historia flamenca del Sacromonte | El Digital de Asturias","twitter:description":"Granada, 20 may (EFE).- Un documental dirigido por la cineasta Chus Guti\u00e9rrez rescata la historia y la cultura del Sacromonte de Granada a trav\u00e9s de la voz de &quot;los sabios de la tribu&quot;, los \u00faltimos habitantes de este barrio que vivieron la \u00e9poca dorada del flamenco desde sus cuevas y rincones con vistas a la","twitter:image":"https:\/\/eldigitaldeasturias.com\/magazine365\/wp-content\/uploads\/2014\/05\/6279287w.jpg"},"aioseo_meta_data":{"post_id":"13351","title":null,"description":null,"keywords":null,"keyphrases":null,"primary_term":null,"canonical_url":null,"og_title":null,"og_description":null,"og_object_type":"default","og_image_type":"default","og_image_url":null,"og_image_width":null,"og_image_height":null,"og_image_custom_url":null,"og_image_custom_fields":null,"og_video":null,"og_custom_url":null,"og_article_section":null,"og_article_tags":null,"twitter_use_og":false,"twitter_card":"default","twitter_image_type":"default","twitter_image_url":null,"twitter_image_custom_url":null,"twitter_image_custom_fields":null,"twitter_title":null,"twitter_description":null,"schema":{"blockGraphs":[],"customGraphs":[],"default":{"data":{"Article":[],"Course":[],"Dataset":[],"FAQPage":[],"Movie":[],"Person":[],"Product":[],"ProductReview":[],"Car":[],"Recipe":[],"Service":[],"SoftwareApplication":[],"WebPage":[]},"graphName":"","isEnabled":true},"graphs":[]},"schema_type":null,"schema_type_options":null,"pillar_content":false,"robots_default":true,"robots_noindex":false,"robots_noarchive":false,"robots_nosnippet":false,"robots_nofollow":false,"robots_noimageindex":false,"robots_noodp":false,"robots_notranslate":false,"robots_max_snippet":null,"robots_max_videopreview":null,"robots_max_imagepreview":"large","priority":null,"frequency":null,"location":null,"local_seo":null,"seo_analyzer_scan_date":"2025-09-17 08:05:21","breadcrumb_settings":null,"limit_modified_date":false,"open_ai":null,"ai":null,"created":"2020-12-21 14:06:14","updated":"2025-09-17 08:05:21"},"aioseo_breadcrumb":"<div class=\"aioseo-breadcrumbs\"><span class=\"aioseo-breadcrumb\">\n\t<a href=\"https:\/\/eldigitaldeasturias.com\/magazine365\" title=\"Home\">Home<\/a>\n<\/span><span class=\"aioseo-breadcrumb-separator\">\u2013<\/span><span class=\"aioseo-breadcrumb\">\n\t<a href=\"https:\/\/eldigitaldeasturias.com\/magazine365\/category\/noticias-actualidad\/\" title=\"Noticias y Actualidad\">Noticias y Actualidad<\/a>\n<\/span><span class=\"aioseo-breadcrumb-separator\">\u2013<\/span><span class=\"aioseo-breadcrumb\">\n\t<a href=\"https:\/\/eldigitaldeasturias.com\/magazine365\/un-documental-de-chus-gutierrez-rescata-la-historia-flamenca-del-sacromonte\/\" title=\"Un documental de Chus Guti\u00e9rrez rescata la historia flamenca del Sacromonte\">Un documental de Chus Guti\u00e9rrez rescata la historia flamenca del Sacromonte<\/a>\n<\/span><\/div>","aioseo_breadcrumb_json":[{"label":"Home","link":"https:\/\/eldigitaldeasturias.com\/magazine365"},{"label":"Noticias y Actualidad","link":"https:\/\/eldigitaldeasturias.com\/magazine365\/category\/noticias-actualidad\/"},{"label":"Un documental de Chus Guti\u00e9rrez rescata la historia flamenca del Sacromonte","link":"https:\/\/eldigitaldeasturias.com\/magazine365\/un-documental-de-chus-gutierrez-rescata-la-historia-flamenca-del-sacromonte\/"}],"_links":{"self":[{"href":"https:\/\/eldigitaldeasturias.com\/magazine365\/wp-json\/wp\/v2\/posts\/13351","targetHints":{"allow":["GET"]}}],"collection":[{"href":"https:\/\/eldigitaldeasturias.com\/magazine365\/wp-json\/wp\/v2\/posts"}],"about":[{"href":"https:\/\/eldigitaldeasturias.com\/magazine365\/wp-json\/wp\/v2\/types\/post"}],"author":[{"embeddable":true,"href":"https:\/\/eldigitaldeasturias.com\/magazine365\/wp-json\/wp\/v2\/users\/1"}],"replies":[{"embeddable":true,"href":"https:\/\/eldigitaldeasturias.com\/magazine365\/wp-json\/wp\/v2\/comments?post=13351"}],"version-history":[{"count":0,"href":"https:\/\/eldigitaldeasturias.com\/magazine365\/wp-json\/wp\/v2\/posts\/13351\/revisions"}],"wp:featuredmedia":[{"embeddable":true,"href":"https:\/\/eldigitaldeasturias.com\/magazine365\/wp-json\/wp\/v2\/media\/13352"}],"wp:attachment":[{"href":"https:\/\/eldigitaldeasturias.com\/magazine365\/wp-json\/wp\/v2\/media?parent=13351"}],"wp:term":[{"taxonomy":"category","embeddable":true,"href":"https:\/\/eldigitaldeasturias.com\/magazine365\/wp-json\/wp\/v2\/categories?post=13351"},{"taxonomy":"post_tag","embeddable":true,"href":"https:\/\/eldigitaldeasturias.com\/magazine365\/wp-json\/wp\/v2\/tags?post=13351"}],"curies":[{"name":"wp","href":"https:\/\/api.w.org\/{rel}","templated":true}]}}