{"id":13342,"date":"2014-05-20T20:35:00","date_gmt":"2014-05-20T22:35:00","guid":{"rendered":"http:\/\/eldigitaldeasturias.com\/magazine365\/?p=13342"},"modified":"2014-05-20T20:35:00","modified_gmt":"2014-05-20T22:35:00","slug":"los-dardenne-logran-solidaridad-en-cannes-para-su-drama-laboral-con-cotillard","status":"publish","type":"post","link":"https:\/\/eldigitaldeasturias.com\/magazine365\/los-dardenne-logran-solidaridad-en-cannes-para-su-drama-laboral-con-cotillard\/","title":{"rendered":"Los Dardenne logran solidaridad en Cannes para su drama laboral con Cotillard"},"content":{"rendered":"<p><img fetchpriority=\"high\" decoding=\"async\" class=\"alignleft size-medium wp-image-13343\" alt=\"6279169w\" src=\"https:\/\/eldigitaldeasturias.com\/magazine365\/wp-content\/uploads\/2014\/05\/6279169w-360x245.jpg\" width=\"360\" height=\"245\" \/>Cannes (Francia), 20 may (EFE).- Los hermanos Dardenne lograron hoy en Cannes la solidaridad que no encuentra del todo la protagonista de su filme \u00abDeux jours, une nuit\u00bb (Dos d\u00eda, una noche), un drama laboral protagonizado por Marion Cotillard en una historia que toca de cerca a todo el mundo en la actual situaci\u00f3n de crisis econ\u00f3mica.<\/p>\n<p>\u00abLa crisis econ\u00f3mica no es favorable a la solidaridad\u00bb, afirm\u00f3 Luc Dardenne en la rueda de prensa de presentaci\u00f3n en Cannes de su filme, que compite por la que ser\u00eda su tercera Palma de Oro, y que fue recibido con una fuerte ovaci\u00f3n tras su primera proyecci\u00f3n en Cannes.<\/p>\n<p>La solidaridad, explic\u00f3, es algo que hay que construir, necesita de un acto moral, de una decisi\u00f3n. \u00abNo creo que la solidaridad haya bajado\u00bb en el mundo actual, y en su filme tratan de demostrar que es posible encontrarla aunque no sea en todas las personas.<\/p>\n<p>Un filme cuyo objetivo es \u00abcontar la historia de alguien que ha cambiado gracias a la solidaridad y al hecho de luchar\u00bb por lo que cree que se merece.<\/p>\n<p>Una especie de \u00abalegor\u00eda de c\u00f3mo la solidaridad que Sandra ha encontrado en esos dos d\u00edas y medio, van a transformarla\u00bb, precis\u00f3 Jean Pierre.<\/p>\n<p>Por lo que lucha Sandra, la protagonista, es por conseguir que sus compa\u00f1eros renuncien a esa prima y voten a favor de su mantenimiento en la empresa y para ello cuenta con solo un fin de semana.<\/p>\n<p>Una pel\u00edcula que Cotillard acept\u00f3 inmediatamente porque siempre busca trabajar con realizadores que la lleven a lo m\u00e1s profundo de una historia.<\/p>\n<p>\u00abSiempre he sentido que en su cine -de los hermanos Dardenne- hab\u00eda forzosamente un trabajo enorme para alcanzar lo que logran (&#8230;) He visto todas sus pel\u00edculas y me han gustado todas. Me he sentido embarcada en su mundo\u00bb, explic\u00f3.<\/p>\n<p>Cotillard destac\u00f3 adem\u00e1s el trabajo realizado durante las semanas de ensayos, en los que Jean Pierre y Luc Dardenne hablan mucho de los espectadores porque \u00abquieren hacerles vivir cosas\u00bb y sorprenderles.<\/p>\n<p>\u00abHay una gran riqueza en el interior de un cine que podemos llamar cine real, pero sus historias son al mismo tiempo muy cinematogr\u00e1ficas\u00bb y con ellos la actriz sent\u00eda que quer\u00eda \u00abhacer vivir algo excepcional al espectador\u00bb.<\/p>\n<p>Ha sido, agreg\u00f3, \u00abuna experiencia transformadora, enriquecedora y una de la m\u00e1s bellas experiencias cinematogr\u00e1ficas de mi vida, sino la m\u00e1s\u00bb.<\/p>\n<p>Por su parte los hermanos Dardenne explicaron que escribieron el personaje de Sandra especialmente para la actriz tras desechar un proyecto previo en el que tambi\u00e9n quer\u00edan contar con su participaci\u00f3n.<\/p>\n<p>Seg\u00fan explic\u00f3 Luc, no trabajaban con ella teniendo en cuenta que es una estrella y un icono para mucha gente. \u00abSab\u00edamos que quer\u00eda ser Sandra y ten\u00edamos el deseo de hacerla entrar en nuestro mundo\u00bb.<\/p>\n<p>Y en un personaje que no podr\u00eda haber sido un hombre. \u00abLas mujeres son muy fr\u00e1giles en el mundo laboral. Es m\u00e1s dif\u00edcil para ellas encontrar un empleo y hay m\u00e1s mujeres que hombres en el paro\u00bb.<\/p>\n<p>A eso se a\u00f1ad\u00eda en el caso del personaje, unos antecedentes de depresi\u00f3n y una mayor fragilidad personal que va desapareciendo seg\u00fan aumenta su lucha por mantener su trabajo en un recorrido f\u00edsico que la lleva a distintas localizaciones de la zona de Seraing, al sur de B\u00e9lgica, lugar habitual de las historias de los cineastas.<\/p>\n<p>Todo el peso de la acci\u00f3n recae en Cotillard, que se muestra extremadamente sensible durante toda la historia, soportando a duras penas la humillaci\u00f3n a la que le someten sus jefes al tener que pedir a sus compa\u00f1eros que renuncien a un dinero importante para ellos para que ella pueda mantener su empleo.<\/p>\n<p>La pel\u00edcula narra con realismo pero tambi\u00e9n con una delicada objetividad los diferentes encuentros de Sandra con sus compa\u00f1eros de trabajo, que en ocasiones son la causa de una explosi\u00f3n de violencia en sus vidas.<\/p>\n<p>Una historia en la que la mayor parte de los trabajadores del mundo occidental pueden sentirse identificados, lo que hace que el filme sea m\u00e1s abierto y cercano que otros de los hermanos Dardenne, pero al mismo tiempo, menos profundo.<\/p>\n<p>Para poner en pie este proyecto, al igual que en sus pel\u00edculas anteriores, los hermanos Dardenne se dividieron las tareas de preparaci\u00f3n del filme -Luc se centra en la escritura del gui\u00f3n aunque siempre contando con Jean Pierre- pero durante el rodaje se fundieron casi en una \u00fanica persona, como explicaron en la rueda de prensa.<\/p>\n<p>&nbsp;<\/p>\n<p>Por Alicia Garc\u00eda de Francisco<\/p>\n","protected":false},"excerpt":{"rendered":"<p>Cannes (Francia), 20 may (EFE).- Los hermanos Dardenne lograron hoy en Cannes la solidaridad que no encuentra del todo la protagonista de su filme \u00abDeux jours, une nuit\u00bb (Dos d\u00eda, una noche), un drama laboral protagonizado por Marion Cotillard en una historia que toca de cerca a todo el mundo en la actual situaci\u00f3n de<\/p>\n","protected":false},"author":1,"featured_media":13343,"comment_status":"open","ping_status":"closed","sticky":false,"template":"","format":"standard","meta":{"footnotes":""},"categories":[224],"tags":[],"class_list":{"0":"post-13342","1":"post","2":"type-post","3":"status-publish","4":"format-standard","5":"has-post-thumbnail","7":"category-noticias-actualidad"},"aioseo_notices":[],"aioseo_head":"\n\t\t<!-- All in One SEO Pro 4.9.6.1 - aioseo.com -->\n\t<meta name=\"description\" content=\"Cannes (Francia), 20 may (EFE).- Los hermanos Dardenne lograron hoy en Cannes la solidaridad que no encuentra del todo la protagonista de su filme &quot;Deux jours, une nuit&quot; (Dos d\u00eda, una noche), un drama laboral protagonizado por Marion Cotillard en una historia que toca de cerca a todo el mundo en la actual situaci\u00f3n de\" \/>\n\t<meta name=\"robots\" content=\"max-image-preview:large\" \/>\n\t<meta name=\"author\" content=\"admin\"\/>\n\t<meta name=\"google-site-verification\" content=\"UA-38556648-1\" \/>\n\t<meta name=\"keywords\" content=\"noticias y actualidad\" \/>\n\t<link rel=\"canonical\" href=\"https:\/\/eldigitaldeasturias.com\/magazine365\/los-dardenne-logran-solidaridad-en-cannes-para-su-drama-laboral-con-cotillard\/\" \/>\n\t<meta name=\"generator\" content=\"All in One SEO Pro (AIOSEO) 4.9.6.1\" \/>\n\t\t<meta property=\"og:locale\" content=\"es_ES\" \/>\n\t\t<meta property=\"og:site_name\" content=\"El Digital de Asturias \u2013 Revista de ocio, turismo y estilo de vida\" \/>\n\t\t<meta property=\"og:type\" content=\"article\" \/>\n\t\t<meta property=\"og:title\" content=\"Los Dardenne logran solidaridad en Cannes para su drama laboral con Cotillard | El Digital de Asturias\" \/>\n\t\t<meta property=\"og:description\" content=\"Cannes (Francia), 20 may (EFE).- Los hermanos Dardenne lograron hoy en Cannes la solidaridad que no encuentra del todo la protagonista de su filme &quot;Deux jours, une nuit&quot; (Dos d\u00eda, una noche), un drama laboral protagonizado por Marion Cotillard en una historia que toca de cerca a todo el mundo en la actual situaci\u00f3n de\" \/>\n\t\t<meta property=\"og:url\" content=\"https:\/\/eldigitaldeasturias.com\/magazine365\/los-dardenne-logran-solidaridad-en-cannes-para-su-drama-laboral-con-cotillard\/\" \/>\n\t\t<meta property=\"og:image\" content=\"https:\/\/eldigitaldeasturias.com\/magazine365\/wp-content\/uploads\/2014\/05\/6279169w.jpg\" \/>\n\t\t<meta property=\"og:image:secure_url\" content=\"https:\/\/eldigitaldeasturias.com\/magazine365\/wp-content\/uploads\/2014\/05\/6279169w.jpg\" \/>\n\t\t<meta property=\"og:image:width\" content=\"800\" \/>\n\t\t<meta property=\"og:image:height\" content=\"546\" \/>\n\t\t<meta property=\"article:published_time\" content=\"2014-05-20T22:35:00+00:00\" \/>\n\t\t<meta property=\"article:modified_time\" content=\"2014-05-20T22:35:00+00:00\" \/>\n\t\t<meta name=\"twitter:card\" content=\"summary_large_image\" \/>\n\t\t<meta name=\"twitter:title\" content=\"Los Dardenne logran solidaridad en Cannes para su drama laboral con Cotillard | El Digital de Asturias\" \/>\n\t\t<meta name=\"twitter:description\" content=\"Cannes (Francia), 20 may (EFE).- Los hermanos Dardenne lograron hoy en Cannes la solidaridad que no encuentra del todo la protagonista de su filme &quot;Deux jours, une nuit&quot; (Dos d\u00eda, una noche), un drama laboral protagonizado por Marion Cotillard en una historia que toca de cerca a todo el mundo en la actual situaci\u00f3n de\" \/>\n\t\t<meta name=\"twitter:image\" content=\"https:\/\/eldigitaldeasturias.com\/magazine365\/wp-content\/uploads\/2014\/05\/6279169w.jpg\" \/>\n\t\t<script type=\"application\/ld+json\" class=\"aioseo-schema\">\n\t\t\t{\"@context\":\"https:\\\/\\\/schema.org\",\"@graph\":[{\"@type\":\"Article\",\"@id\":\"https:\\\/\\\/eldigitaldeasturias.com\\\/magazine365\\\/los-dardenne-logran-solidaridad-en-cannes-para-su-drama-laboral-con-cotillard\\\/#article\",\"name\":\"Los Dardenne logran solidaridad en Cannes para su drama laboral con Cotillard | El Digital de Asturias\",\"headline\":\"Los Dardenne logran solidaridad en Cannes para su drama laboral con Cotillard\",\"author\":{\"@id\":\"https:\\\/\\\/eldigitaldeasturias.com\\\/magazine365\\\/author\\\/admin\\\/#author\"},\"publisher\":{\"@id\":\"https:\\\/\\\/eldigitaldeasturias.com\\\/magazine365\\\/#organization\"},\"image\":{\"@type\":\"ImageObject\",\"url\":\"https:\\\/\\\/eldigitaldeasturias.com\\\/magazine365\\\/wp-content\\\/uploads\\\/2014\\\/05\\\/6279169w.jpg\",\"width\":800,\"height\":546},\"datePublished\":\"2014-05-20T20:35:00+02:00\",\"dateModified\":\"2014-05-20T20:35:00+02:00\",\"inLanguage\":\"es-ES\",\"mainEntityOfPage\":{\"@id\":\"https:\\\/\\\/eldigitaldeasturias.com\\\/magazine365\\\/los-dardenne-logran-solidaridad-en-cannes-para-su-drama-laboral-con-cotillard\\\/#webpage\"},\"isPartOf\":{\"@id\":\"https:\\\/\\\/eldigitaldeasturias.com\\\/magazine365\\\/los-dardenne-logran-solidaridad-en-cannes-para-su-drama-laboral-con-cotillard\\\/#webpage\"},\"articleSection\":\"Noticias y Actualidad\"},{\"@type\":\"BreadcrumbList\",\"@id\":\"https:\\\/\\\/eldigitaldeasturias.com\\\/magazine365\\\/los-dardenne-logran-solidaridad-en-cannes-para-su-drama-laboral-con-cotillard\\\/#breadcrumblist\",\"itemListElement\":[{\"@type\":\"ListItem\",\"@id\":\"https:\\\/\\\/eldigitaldeasturias.com\\\/magazine365#listItem\",\"position\":1,\"name\":\"Home\",\"item\":\"https:\\\/\\\/eldigitaldeasturias.com\\\/magazine365\",\"nextItem\":{\"@type\":\"ListItem\",\"@id\":\"https:\\\/\\\/eldigitaldeasturias.com\\\/magazine365\\\/category\\\/noticias-actualidad\\\/#listItem\",\"name\":\"Noticias y Actualidad\"}},{\"@type\":\"ListItem\",\"@id\":\"https:\\\/\\\/eldigitaldeasturias.com\\\/magazine365\\\/category\\\/noticias-actualidad\\\/#listItem\",\"position\":2,\"name\":\"Noticias y Actualidad\",\"item\":\"https:\\\/\\\/eldigitaldeasturias.com\\\/magazine365\\\/category\\\/noticias-actualidad\\\/\",\"nextItem\":{\"@type\":\"ListItem\",\"@id\":\"https:\\\/\\\/eldigitaldeasturias.com\\\/magazine365\\\/los-dardenne-logran-solidaridad-en-cannes-para-su-drama-laboral-con-cotillard\\\/#listItem\",\"name\":\"Los Dardenne logran solidaridad en Cannes para su drama laboral con Cotillard\"},\"previousItem\":{\"@type\":\"ListItem\",\"@id\":\"https:\\\/\\\/eldigitaldeasturias.com\\\/magazine365#listItem\",\"name\":\"Home\"}},{\"@type\":\"ListItem\",\"@id\":\"https:\\\/\\\/eldigitaldeasturias.com\\\/magazine365\\\/los-dardenne-logran-solidaridad-en-cannes-para-su-drama-laboral-con-cotillard\\\/#listItem\",\"position\":3,\"name\":\"Los Dardenne logran solidaridad en Cannes para su drama laboral con Cotillard\",\"previousItem\":{\"@type\":\"ListItem\",\"@id\":\"https:\\\/\\\/eldigitaldeasturias.com\\\/magazine365\\\/category\\\/noticias-actualidad\\\/#listItem\",\"name\":\"Noticias y Actualidad\"}}]},{\"@type\":\"Organization\",\"@id\":\"https:\\\/\\\/eldigitaldeasturias.com\\\/magazine365\\\/#organization\",\"name\":\"El digital de Asturias\",\"description\":\"Revista de ocio, turismo y estilo de vida\",\"url\":\"https:\\\/\\\/eldigitaldeasturias.com\\\/magazine365\\\/\",\"logo\":{\"@type\":\"ImageObject\",\"url\":\"https:\\\/\\\/www.eldigitaldeasturias.com\\\/noticias\\\/wp-content\\\/uploads\\\/2020\\\/12\\\/EDA.jpg\",\"@id\":\"https:\\\/\\\/eldigitaldeasturias.com\\\/magazine365\\\/los-dardenne-logran-solidaridad-en-cannes-para-su-drama-laboral-con-cotillard\\\/#organizationLogo\"},\"image\":{\"@id\":\"https:\\\/\\\/eldigitaldeasturias.com\\\/magazine365\\\/los-dardenne-logran-solidaridad-en-cannes-para-su-drama-laboral-con-cotillard\\\/#organizationLogo\"}},{\"@type\":\"Person\",\"@id\":\"https:\\\/\\\/eldigitaldeasturias.com\\\/magazine365\\\/author\\\/admin\\\/#author\",\"url\":\"https:\\\/\\\/eldigitaldeasturias.com\\\/magazine365\\\/author\\\/admin\\\/\",\"name\":\"admin\",\"image\":{\"@type\":\"ImageObject\",\"@id\":\"https:\\\/\\\/eldigitaldeasturias.com\\\/magazine365\\\/los-dardenne-logran-solidaridad-en-cannes-para-su-drama-laboral-con-cotillard\\\/#authorImage\",\"url\":\"https:\\\/\\\/eldigitaldeasturias.com\\\/magazine365\\\/wp-content\\\/litespeed\\\/avatar\\\/e571bcf59a0edd6fa6838245a470f2fe.jpg?ver=1776969259\",\"width\":96,\"height\":96,\"caption\":\"admin\"}},{\"@type\":\"WebPage\",\"@id\":\"https:\\\/\\\/eldigitaldeasturias.com\\\/magazine365\\\/los-dardenne-logran-solidaridad-en-cannes-para-su-drama-laboral-con-cotillard\\\/#webpage\",\"url\":\"https:\\\/\\\/eldigitaldeasturias.com\\\/magazine365\\\/los-dardenne-logran-solidaridad-en-cannes-para-su-drama-laboral-con-cotillard\\\/\",\"name\":\"Los Dardenne logran solidaridad en Cannes para su drama laboral con Cotillard | El Digital de Asturias\",\"description\":\"Cannes (Francia), 20 may (EFE).- Los hermanos Dardenne lograron hoy en Cannes la solidaridad que no encuentra del todo la protagonista de su filme \\\"Deux jours, une nuit\\\" (Dos d\\u00eda, una noche), un drama laboral protagonizado por Marion Cotillard en una historia que toca de cerca a todo el mundo en la actual situaci\\u00f3n de\",\"inLanguage\":\"es-ES\",\"isPartOf\":{\"@id\":\"https:\\\/\\\/eldigitaldeasturias.com\\\/magazine365\\\/#website\"},\"breadcrumb\":{\"@id\":\"https:\\\/\\\/eldigitaldeasturias.com\\\/magazine365\\\/los-dardenne-logran-solidaridad-en-cannes-para-su-drama-laboral-con-cotillard\\\/#breadcrumblist\"},\"author\":{\"@id\":\"https:\\\/\\\/eldigitaldeasturias.com\\\/magazine365\\\/author\\\/admin\\\/#author\"},\"creator\":{\"@id\":\"https:\\\/\\\/eldigitaldeasturias.com\\\/magazine365\\\/author\\\/admin\\\/#author\"},\"image\":{\"@type\":\"ImageObject\",\"url\":\"https:\\\/\\\/eldigitaldeasturias.com\\\/magazine365\\\/wp-content\\\/uploads\\\/2014\\\/05\\\/6279169w.jpg\",\"@id\":\"https:\\\/\\\/eldigitaldeasturias.com\\\/magazine365\\\/los-dardenne-logran-solidaridad-en-cannes-para-su-drama-laboral-con-cotillard\\\/#mainImage\",\"width\":800,\"height\":546},\"primaryImageOfPage\":{\"@id\":\"https:\\\/\\\/eldigitaldeasturias.com\\\/magazine365\\\/los-dardenne-logran-solidaridad-en-cannes-para-su-drama-laboral-con-cotillard\\\/#mainImage\"},\"datePublished\":\"2014-05-20T20:35:00+02:00\",\"dateModified\":\"2014-05-20T20:35:00+02:00\"},{\"@type\":\"WebSite\",\"@id\":\"https:\\\/\\\/eldigitaldeasturias.com\\\/magazine365\\\/#website\",\"url\":\"https:\\\/\\\/eldigitaldeasturias.com\\\/magazine365\\\/\",\"name\":\"El Digital de Asturias\",\"description\":\"Revista de ocio, turismo y estilo de vida\",\"inLanguage\":\"es-ES\",\"publisher\":{\"@id\":\"https:\\\/\\\/eldigitaldeasturias.com\\\/magazine365\\\/#organization\"}}]}\n\t\t<\/script>\n\t\t<!-- All in One SEO Pro -->\r\n\t\t<title>Los Dardenne logran solidaridad en Cannes para su drama laboral con Cotillard | El Digital de Asturias<\/title>\n\n","aioseo_head_json":{"title":"Los Dardenne logran solidaridad en Cannes para su drama laboral con Cotillard | El Digital de Asturias","description":"Cannes (Francia), 20 may (EFE).- Los hermanos Dardenne lograron hoy en Cannes la solidaridad que no encuentra del todo la protagonista de su filme \"Deux jours, une nuit\" (Dos d\u00eda, una noche), un drama laboral protagonizado por Marion Cotillard en una historia que toca de cerca a todo el mundo en la actual situaci\u00f3n de","canonical_url":"https:\/\/eldigitaldeasturias.com\/magazine365\/los-dardenne-logran-solidaridad-en-cannes-para-su-drama-laboral-con-cotillard\/","robots":"max-image-preview:large","keywords":"noticias y actualidad","webmasterTools":{"google-site-verification":"UA-38556648-1","miscellaneous":""},"schema":{"@context":"https:\/\/schema.org","@graph":[{"@type":"Article","@id":"https:\/\/eldigitaldeasturias.com\/magazine365\/los-dardenne-logran-solidaridad-en-cannes-para-su-drama-laboral-con-cotillard\/#article","name":"Los Dardenne logran solidaridad en Cannes para su drama laboral con Cotillard | El Digital de Asturias","headline":"Los Dardenne logran solidaridad en Cannes para su drama laboral con Cotillard","author":{"@id":"https:\/\/eldigitaldeasturias.com\/magazine365\/author\/admin\/#author"},"publisher":{"@id":"https:\/\/eldigitaldeasturias.com\/magazine365\/#organization"},"image":{"@type":"ImageObject","url":"https:\/\/eldigitaldeasturias.com\/magazine365\/wp-content\/uploads\/2014\/05\/6279169w.jpg","width":800,"height":546},"datePublished":"2014-05-20T20:35:00+02:00","dateModified":"2014-05-20T20:35:00+02:00","inLanguage":"es-ES","mainEntityOfPage":{"@id":"https:\/\/eldigitaldeasturias.com\/magazine365\/los-dardenne-logran-solidaridad-en-cannes-para-su-drama-laboral-con-cotillard\/#webpage"},"isPartOf":{"@id":"https:\/\/eldigitaldeasturias.com\/magazine365\/los-dardenne-logran-solidaridad-en-cannes-para-su-drama-laboral-con-cotillard\/#webpage"},"articleSection":"Noticias y Actualidad"},{"@type":"BreadcrumbList","@id":"https:\/\/eldigitaldeasturias.com\/magazine365\/los-dardenne-logran-solidaridad-en-cannes-para-su-drama-laboral-con-cotillard\/#breadcrumblist","itemListElement":[{"@type":"ListItem","@id":"https:\/\/eldigitaldeasturias.com\/magazine365#listItem","position":1,"name":"Home","item":"https:\/\/eldigitaldeasturias.com\/magazine365","nextItem":{"@type":"ListItem","@id":"https:\/\/eldigitaldeasturias.com\/magazine365\/category\/noticias-actualidad\/#listItem","name":"Noticias y Actualidad"}},{"@type":"ListItem","@id":"https:\/\/eldigitaldeasturias.com\/magazine365\/category\/noticias-actualidad\/#listItem","position":2,"name":"Noticias y Actualidad","item":"https:\/\/eldigitaldeasturias.com\/magazine365\/category\/noticias-actualidad\/","nextItem":{"@type":"ListItem","@id":"https:\/\/eldigitaldeasturias.com\/magazine365\/los-dardenne-logran-solidaridad-en-cannes-para-su-drama-laboral-con-cotillard\/#listItem","name":"Los Dardenne logran solidaridad en Cannes para su drama laboral con Cotillard"},"previousItem":{"@type":"ListItem","@id":"https:\/\/eldigitaldeasturias.com\/magazine365#listItem","name":"Home"}},{"@type":"ListItem","@id":"https:\/\/eldigitaldeasturias.com\/magazine365\/los-dardenne-logran-solidaridad-en-cannes-para-su-drama-laboral-con-cotillard\/#listItem","position":3,"name":"Los Dardenne logran solidaridad en Cannes para su drama laboral con Cotillard","previousItem":{"@type":"ListItem","@id":"https:\/\/eldigitaldeasturias.com\/magazine365\/category\/noticias-actualidad\/#listItem","name":"Noticias y Actualidad"}}]},{"@type":"Organization","@id":"https:\/\/eldigitaldeasturias.com\/magazine365\/#organization","name":"El digital de Asturias","description":"Revista de ocio, turismo y estilo de vida","url":"https:\/\/eldigitaldeasturias.com\/magazine365\/","logo":{"@type":"ImageObject","url":"https:\/\/www.eldigitaldeasturias.com\/noticias\/wp-content\/uploads\/2020\/12\/EDA.jpg","@id":"https:\/\/eldigitaldeasturias.com\/magazine365\/los-dardenne-logran-solidaridad-en-cannes-para-su-drama-laboral-con-cotillard\/#organizationLogo"},"image":{"@id":"https:\/\/eldigitaldeasturias.com\/magazine365\/los-dardenne-logran-solidaridad-en-cannes-para-su-drama-laboral-con-cotillard\/#organizationLogo"}},{"@type":"Person","@id":"https:\/\/eldigitaldeasturias.com\/magazine365\/author\/admin\/#author","url":"https:\/\/eldigitaldeasturias.com\/magazine365\/author\/admin\/","name":"admin","image":{"@type":"ImageObject","@id":"https:\/\/eldigitaldeasturias.com\/magazine365\/los-dardenne-logran-solidaridad-en-cannes-para-su-drama-laboral-con-cotillard\/#authorImage","url":"https:\/\/eldigitaldeasturias.com\/magazine365\/wp-content\/litespeed\/avatar\/e571bcf59a0edd6fa6838245a470f2fe.jpg?ver=1776969259","width":96,"height":96,"caption":"admin"}},{"@type":"WebPage","@id":"https:\/\/eldigitaldeasturias.com\/magazine365\/los-dardenne-logran-solidaridad-en-cannes-para-su-drama-laboral-con-cotillard\/#webpage","url":"https:\/\/eldigitaldeasturias.com\/magazine365\/los-dardenne-logran-solidaridad-en-cannes-para-su-drama-laboral-con-cotillard\/","name":"Los Dardenne logran solidaridad en Cannes para su drama laboral con Cotillard | El Digital de Asturias","description":"Cannes (Francia), 20 may (EFE).- Los hermanos Dardenne lograron hoy en Cannes la solidaridad que no encuentra del todo la protagonista de su filme \"Deux jours, une nuit\" (Dos d\u00eda, una noche), un drama laboral protagonizado por Marion Cotillard en una historia que toca de cerca a todo el mundo en la actual situaci\u00f3n de","inLanguage":"es-ES","isPartOf":{"@id":"https:\/\/eldigitaldeasturias.com\/magazine365\/#website"},"breadcrumb":{"@id":"https:\/\/eldigitaldeasturias.com\/magazine365\/los-dardenne-logran-solidaridad-en-cannes-para-su-drama-laboral-con-cotillard\/#breadcrumblist"},"author":{"@id":"https:\/\/eldigitaldeasturias.com\/magazine365\/author\/admin\/#author"},"creator":{"@id":"https:\/\/eldigitaldeasturias.com\/magazine365\/author\/admin\/#author"},"image":{"@type":"ImageObject","url":"https:\/\/eldigitaldeasturias.com\/magazine365\/wp-content\/uploads\/2014\/05\/6279169w.jpg","@id":"https:\/\/eldigitaldeasturias.com\/magazine365\/los-dardenne-logran-solidaridad-en-cannes-para-su-drama-laboral-con-cotillard\/#mainImage","width":800,"height":546},"primaryImageOfPage":{"@id":"https:\/\/eldigitaldeasturias.com\/magazine365\/los-dardenne-logran-solidaridad-en-cannes-para-su-drama-laboral-con-cotillard\/#mainImage"},"datePublished":"2014-05-20T20:35:00+02:00","dateModified":"2014-05-20T20:35:00+02:00"},{"@type":"WebSite","@id":"https:\/\/eldigitaldeasturias.com\/magazine365\/#website","url":"https:\/\/eldigitaldeasturias.com\/magazine365\/","name":"El Digital de Asturias","description":"Revista de ocio, turismo y estilo de vida","inLanguage":"es-ES","publisher":{"@id":"https:\/\/eldigitaldeasturias.com\/magazine365\/#organization"}}]},"og:locale":"es_ES","og:site_name":"El Digital de Asturias \u2013 Revista de ocio, turismo y estilo de vida","og:type":"article","og:title":"Los Dardenne logran solidaridad en Cannes para su drama laboral con Cotillard | El Digital de Asturias","og:description":"Cannes (Francia), 20 may (EFE).- Los hermanos Dardenne lograron hoy en Cannes la solidaridad que no encuentra del todo la protagonista de su filme &quot;Deux jours, une nuit&quot; (Dos d\u00eda, una noche), un drama laboral protagonizado por Marion Cotillard en una historia que toca de cerca a todo el mundo en la actual situaci\u00f3n de","og:url":"https:\/\/eldigitaldeasturias.com\/magazine365\/los-dardenne-logran-solidaridad-en-cannes-para-su-drama-laboral-con-cotillard\/","og:image":"https:\/\/eldigitaldeasturias.com\/magazine365\/wp-content\/uploads\/2014\/05\/6279169w.jpg","og:image:secure_url":"https:\/\/eldigitaldeasturias.com\/magazine365\/wp-content\/uploads\/2014\/05\/6279169w.jpg","og:image:width":800,"og:image:height":546,"article:published_time":"2014-05-20T22:35:00+00:00","article:modified_time":"2014-05-20T22:35:00+00:00","twitter:card":"summary_large_image","twitter:title":"Los Dardenne logran solidaridad en Cannes para su drama laboral con Cotillard | El Digital de Asturias","twitter:description":"Cannes (Francia), 20 may (EFE).- Los hermanos Dardenne lograron hoy en Cannes la solidaridad que no encuentra del todo la protagonista de su filme &quot;Deux jours, une nuit&quot; (Dos d\u00eda, una noche), un drama laboral protagonizado por Marion Cotillard en una historia que toca de cerca a todo el mundo en la actual situaci\u00f3n de","twitter:image":"https:\/\/eldigitaldeasturias.com\/magazine365\/wp-content\/uploads\/2014\/05\/6279169w.jpg"},"aioseo_meta_data":{"post_id":"13342","title":null,"description":null,"keywords":null,"keyphrases":null,"primary_term":null,"canonical_url":null,"og_title":null,"og_description":null,"og_object_type":"default","og_image_type":"default","og_image_url":null,"og_image_width":null,"og_image_height":null,"og_image_custom_url":null,"og_image_custom_fields":null,"og_video":null,"og_custom_url":null,"og_article_section":null,"og_article_tags":null,"twitter_use_og":false,"twitter_card":"default","twitter_image_type":"default","twitter_image_url":null,"twitter_image_custom_url":null,"twitter_image_custom_fields":null,"twitter_title":null,"twitter_description":null,"schema":{"blockGraphs":[],"customGraphs":[],"default":{"data":{"Article":[],"Course":[],"Dataset":[],"FAQPage":[],"Movie":[],"Person":[],"Product":[],"ProductReview":[],"Car":[],"Recipe":[],"Service":[],"SoftwareApplication":[],"WebPage":[]},"graphName":"","isEnabled":true},"graphs":[]},"schema_type":null,"schema_type_options":null,"pillar_content":false,"robots_default":true,"robots_noindex":false,"robots_noarchive":false,"robots_nosnippet":false,"robots_nofollow":false,"robots_noimageindex":false,"robots_noodp":false,"robots_notranslate":false,"robots_max_snippet":null,"robots_max_videopreview":null,"robots_max_imagepreview":"large","priority":null,"frequency":null,"location":null,"local_seo":null,"seo_analyzer_scan_date":"2025-09-17 08:05:16","breadcrumb_settings":null,"limit_modified_date":false,"open_ai":null,"ai":null,"created":"2021-03-09 08:29:41","updated":"2025-09-17 08:05:16"},"aioseo_breadcrumb":"<div class=\"aioseo-breadcrumbs\"><span class=\"aioseo-breadcrumb\">\n\t<a href=\"https:\/\/eldigitaldeasturias.com\/magazine365\" title=\"Home\">Home<\/a>\n<\/span><span class=\"aioseo-breadcrumb-separator\">\u2013<\/span><span class=\"aioseo-breadcrumb\">\n\t<a href=\"https:\/\/eldigitaldeasturias.com\/magazine365\/category\/noticias-actualidad\/\" title=\"Noticias y Actualidad\">Noticias y Actualidad<\/a>\n<\/span><span class=\"aioseo-breadcrumb-separator\">\u2013<\/span><span class=\"aioseo-breadcrumb\">\n\t<a href=\"https:\/\/eldigitaldeasturias.com\/magazine365\/los-dardenne-logran-solidaridad-en-cannes-para-su-drama-laboral-con-cotillard\/\" title=\"Los Dardenne logran solidaridad en Cannes para su drama laboral con Cotillard\">Los Dardenne logran solidaridad en Cannes para su drama laboral con Cotillard<\/a>\n<\/span><\/div>","aioseo_breadcrumb_json":[{"label":"Home","link":"https:\/\/eldigitaldeasturias.com\/magazine365"},{"label":"Noticias y Actualidad","link":"https:\/\/eldigitaldeasturias.com\/magazine365\/category\/noticias-actualidad\/"},{"label":"Los Dardenne logran solidaridad en Cannes para su drama laboral con Cotillard","link":"https:\/\/eldigitaldeasturias.com\/magazine365\/los-dardenne-logran-solidaridad-en-cannes-para-su-drama-laboral-con-cotillard\/"}],"_links":{"self":[{"href":"https:\/\/eldigitaldeasturias.com\/magazine365\/wp-json\/wp\/v2\/posts\/13342","targetHints":{"allow":["GET"]}}],"collection":[{"href":"https:\/\/eldigitaldeasturias.com\/magazine365\/wp-json\/wp\/v2\/posts"}],"about":[{"href":"https:\/\/eldigitaldeasturias.com\/magazine365\/wp-json\/wp\/v2\/types\/post"}],"author":[{"embeddable":true,"href":"https:\/\/eldigitaldeasturias.com\/magazine365\/wp-json\/wp\/v2\/users\/1"}],"replies":[{"embeddable":true,"href":"https:\/\/eldigitaldeasturias.com\/magazine365\/wp-json\/wp\/v2\/comments?post=13342"}],"version-history":[{"count":0,"href":"https:\/\/eldigitaldeasturias.com\/magazine365\/wp-json\/wp\/v2\/posts\/13342\/revisions"}],"wp:featuredmedia":[{"embeddable":true,"href":"https:\/\/eldigitaldeasturias.com\/magazine365\/wp-json\/wp\/v2\/media\/13343"}],"wp:attachment":[{"href":"https:\/\/eldigitaldeasturias.com\/magazine365\/wp-json\/wp\/v2\/media?parent=13342"}],"wp:term":[{"taxonomy":"category","embeddable":true,"href":"https:\/\/eldigitaldeasturias.com\/magazine365\/wp-json\/wp\/v2\/categories?post=13342"},{"taxonomy":"post_tag","embeddable":true,"href":"https:\/\/eldigitaldeasturias.com\/magazine365\/wp-json\/wp\/v2\/tags?post=13342"}],"curies":[{"name":"wp","href":"https:\/\/api.w.org\/{rel}","templated":true}]}}