{"id":13339,"date":"2014-05-20T20:29:49","date_gmt":"2014-05-20T22:29:49","guid":{"rendered":"http:\/\/eldigitaldeasturias.com\/magazine365\/?p=13339"},"modified":"2014-05-20T20:29:49","modified_gmt":"2014-05-20T22:29:49","slug":"los-reyes-asistiran-el-sabado-en-lisboa-a-la-final-de-la-liga-de-campeones","status":"publish","type":"post","link":"https:\/\/eldigitaldeasturias.com\/magazine365\/los-reyes-asistiran-el-sabado-en-lisboa-a-la-final-de-la-liga-de-campeones\/","title":{"rendered":"Los Reyes asistir\u00e1n el s\u00e1bado en Lisboa a la final de la Liga de Campeones"},"content":{"rendered":"<p><img fetchpriority=\"high\" decoding=\"async\" class=\"alignleft size-medium wp-image-13340\" alt=\"6279067w\" src=\"https:\/\/eldigitaldeasturias.com\/magazine365\/wp-content\/uploads\/2014\/05\/6279067w-360x237.jpg\" width=\"360\" height=\"237\" \/>Madrid, 19 may (EFE).- Los Reyes viajar\u00e1n el pr\u00f3ximo s\u00e1bado 24 a Lisboa para asistir a la final de la Liga de Campeones que el Real Madrid y el Atl\u00e9tico de Madrid disputar\u00e1n ese d\u00eda en el estadio de La Luz, seg\u00fan han informado hoy fuentes de la Casa del Rey.<\/p>\n<p>A esta final, la primera en la historia de la Liga de Campeones que juegan dos equipos de la misma ciudad, llega el Real Madrid despu\u00e9s de haber eliminado al \u00faltimo ganador del campeonato, el alem\u00e1n Bayern M\u00fanich, y el Atl\u00e9tico tras superar al Chelsea ingl\u00e9s, vencedor hace dos a\u00f1os.<\/p>\n<p>El Real Madrid, que ha logrado el m\u00e1ximo t\u00edtulo continental en nueve ocasiones, regresa a una final despu\u00e9s de doce a\u00f1os, mientras que el Atl\u00e9tico de Madrid, que el pasado domingo se proclam\u00f3 campe\u00f3n de la Liga espa\u00f1ola, vuelve cuarenta a\u00f1os m\u00e1s tarde del encuentro que disput\u00f3 frente al Bayern en 1974 y que perdi\u00f3 en el desempate.<\/p>\n<p>El partido de Lisboa otorgar\u00e1 al f\u00fatbol espa\u00f1ol su decimocuarto t\u00edtulo en la m\u00e1xima competici\u00f3n continental, con lo que Espa\u00f1a aventajar\u00e1 en dos t\u00edtulos a Italia e Inglaterra.<\/p>\n<p>El \u00faltimo equipo espa\u00f1ol que jug\u00f3 una final de la Liga de Campeones fue el Barcelona, en 2011, cuando gan\u00f3 al Manchester United en el estadio londinense de Wembley por 3-1.<\/p>\n","protected":false},"excerpt":{"rendered":"<p>Madrid, 19 may (EFE).- Los Reyes viajar\u00e1n el pr\u00f3ximo s\u00e1bado 24 a Lisboa para asistir a la final de la Liga de Campeones que el Real Madrid y el Atl\u00e9tico de Madrid disputar\u00e1n ese d\u00eda en el estadio de La Luz, seg\u00fan han informado hoy fuentes de la Casa del Rey. A esta final, la<\/p>\n","protected":false},"author":1,"featured_media":13340,"comment_status":"open","ping_status":"closed","sticky":false,"template":"","format":"standard","meta":{"footnotes":""},"categories":[224],"tags":[],"class_list":{"0":"post-13339","1":"post","2":"type-post","3":"status-publish","4":"format-standard","5":"has-post-thumbnail","7":"category-noticias-actualidad"},"aioseo_notices":[],"aioseo_head":"\n\t\t<!-- All in One SEO Pro 4.9.6.1 - aioseo.com -->\n\t<meta name=\"description\" content=\"Madrid, 19 may (EFE).- Los Reyes viajar\u00e1n el pr\u00f3ximo s\u00e1bado 24 a Lisboa para asistir a la final de la Liga de Campeones que el Real Madrid y el Atl\u00e9tico de Madrid disputar\u00e1n ese d\u00eda en el estadio de La Luz, seg\u00fan han informado hoy fuentes de la Casa del Rey. A esta final, la\" \/>\n\t<meta name=\"robots\" content=\"max-image-preview:large\" \/>\n\t<meta name=\"author\" content=\"admin\"\/>\n\t<meta name=\"google-site-verification\" content=\"UA-38556648-1\" \/>\n\t<meta name=\"keywords\" content=\"noticias y actualidad\" \/>\n\t<link rel=\"canonical\" href=\"https:\/\/eldigitaldeasturias.com\/magazine365\/los-reyes-asistiran-el-sabado-en-lisboa-a-la-final-de-la-liga-de-campeones\/\" \/>\n\t<meta name=\"generator\" content=\"All in One SEO Pro (AIOSEO) 4.9.6.1\" \/>\n\t\t<meta property=\"og:locale\" content=\"es_ES\" \/>\n\t\t<meta property=\"og:site_name\" content=\"El Digital de Asturias \u2013 Revista de ocio, turismo y estilo de vida\" \/>\n\t\t<meta property=\"og:type\" content=\"article\" \/>\n\t\t<meta property=\"og:title\" content=\"Los Reyes asistir\u00e1n el s\u00e1bado en Lisboa a la final de la Liga de Campeones | El Digital de Asturias\" \/>\n\t\t<meta property=\"og:description\" content=\"Madrid, 19 may (EFE).- Los Reyes viajar\u00e1n el pr\u00f3ximo s\u00e1bado 24 a Lisboa para asistir a la final de la Liga de Campeones que el Real Madrid y el Atl\u00e9tico de Madrid disputar\u00e1n ese d\u00eda en el estadio de La Luz, seg\u00fan han informado hoy fuentes de la Casa del Rey. A esta final, la\" \/>\n\t\t<meta property=\"og:url\" content=\"https:\/\/eldigitaldeasturias.com\/magazine365\/los-reyes-asistiran-el-sabado-en-lisboa-a-la-final-de-la-liga-de-campeones\/\" \/>\n\t\t<meta property=\"og:image\" content=\"https:\/\/eldigitaldeasturias.com\/magazine365\/wp-content\/uploads\/2014\/05\/6279067w.jpg\" \/>\n\t\t<meta property=\"og:image:secure_url\" content=\"https:\/\/eldigitaldeasturias.com\/magazine365\/wp-content\/uploads\/2014\/05\/6279067w.jpg\" \/>\n\t\t<meta property=\"og:image:width\" content=\"800\" \/>\n\t\t<meta property=\"og:image:height\" content=\"528\" \/>\n\t\t<meta property=\"article:published_time\" content=\"2014-05-20T22:29:49+00:00\" \/>\n\t\t<meta property=\"article:modified_time\" content=\"2014-05-20T22:29:49+00:00\" \/>\n\t\t<meta name=\"twitter:card\" content=\"summary_large_image\" \/>\n\t\t<meta name=\"twitter:title\" content=\"Los Reyes asistir\u00e1n el s\u00e1bado en Lisboa a la final de la Liga de Campeones | El Digital de Asturias\" \/>\n\t\t<meta name=\"twitter:description\" content=\"Madrid, 19 may (EFE).- Los Reyes viajar\u00e1n el pr\u00f3ximo s\u00e1bado 24 a Lisboa para asistir a la final de la Liga de Campeones que el Real Madrid y el Atl\u00e9tico de Madrid disputar\u00e1n ese d\u00eda en el estadio de La Luz, seg\u00fan han informado hoy fuentes de la Casa del Rey. A esta final, la\" \/>\n\t\t<meta name=\"twitter:image\" content=\"https:\/\/eldigitaldeasturias.com\/magazine365\/wp-content\/uploads\/2014\/05\/6279067w.jpg\" \/>\n\t\t<script type=\"application\/ld+json\" class=\"aioseo-schema\">\n\t\t\t{\"@context\":\"https:\\\/\\\/schema.org\",\"@graph\":[{\"@type\":\"Article\",\"@id\":\"https:\\\/\\\/eldigitaldeasturias.com\\\/magazine365\\\/los-reyes-asistiran-el-sabado-en-lisboa-a-la-final-de-la-liga-de-campeones\\\/#article\",\"name\":\"Los Reyes asistir\\u00e1n el s\\u00e1bado en Lisboa a la final de la Liga de Campeones | El Digital de Asturias\",\"headline\":\"Los Reyes asistir\\u00e1n el s\\u00e1bado en Lisboa a la final de la Liga de Campeones\",\"author\":{\"@id\":\"https:\\\/\\\/eldigitaldeasturias.com\\\/magazine365\\\/author\\\/admin\\\/#author\"},\"publisher\":{\"@id\":\"https:\\\/\\\/eldigitaldeasturias.com\\\/magazine365\\\/#organization\"},\"image\":{\"@type\":\"ImageObject\",\"url\":\"https:\\\/\\\/eldigitaldeasturias.com\\\/magazine365\\\/wp-content\\\/uploads\\\/2014\\\/05\\\/6279067w.jpg\",\"width\":800,\"height\":528},\"datePublished\":\"2014-05-20T20:29:49+02:00\",\"dateModified\":\"2014-05-20T20:29:49+02:00\",\"inLanguage\":\"es-ES\",\"mainEntityOfPage\":{\"@id\":\"https:\\\/\\\/eldigitaldeasturias.com\\\/magazine365\\\/los-reyes-asistiran-el-sabado-en-lisboa-a-la-final-de-la-liga-de-campeones\\\/#webpage\"},\"isPartOf\":{\"@id\":\"https:\\\/\\\/eldigitaldeasturias.com\\\/magazine365\\\/los-reyes-asistiran-el-sabado-en-lisboa-a-la-final-de-la-liga-de-campeones\\\/#webpage\"},\"articleSection\":\"Noticias y Actualidad\"},{\"@type\":\"BreadcrumbList\",\"@id\":\"https:\\\/\\\/eldigitaldeasturias.com\\\/magazine365\\\/los-reyes-asistiran-el-sabado-en-lisboa-a-la-final-de-la-liga-de-campeones\\\/#breadcrumblist\",\"itemListElement\":[{\"@type\":\"ListItem\",\"@id\":\"https:\\\/\\\/eldigitaldeasturias.com\\\/magazine365#listItem\",\"position\":1,\"name\":\"Home\",\"item\":\"https:\\\/\\\/eldigitaldeasturias.com\\\/magazine365\",\"nextItem\":{\"@type\":\"ListItem\",\"@id\":\"https:\\\/\\\/eldigitaldeasturias.com\\\/magazine365\\\/category\\\/noticias-actualidad\\\/#listItem\",\"name\":\"Noticias y Actualidad\"}},{\"@type\":\"ListItem\",\"@id\":\"https:\\\/\\\/eldigitaldeasturias.com\\\/magazine365\\\/category\\\/noticias-actualidad\\\/#listItem\",\"position\":2,\"name\":\"Noticias y Actualidad\",\"item\":\"https:\\\/\\\/eldigitaldeasturias.com\\\/magazine365\\\/category\\\/noticias-actualidad\\\/\",\"nextItem\":{\"@type\":\"ListItem\",\"@id\":\"https:\\\/\\\/eldigitaldeasturias.com\\\/magazine365\\\/los-reyes-asistiran-el-sabado-en-lisboa-a-la-final-de-la-liga-de-campeones\\\/#listItem\",\"name\":\"Los Reyes asistir\\u00e1n el s\\u00e1bado en Lisboa a la final de la Liga de Campeones\"},\"previousItem\":{\"@type\":\"ListItem\",\"@id\":\"https:\\\/\\\/eldigitaldeasturias.com\\\/magazine365#listItem\",\"name\":\"Home\"}},{\"@type\":\"ListItem\",\"@id\":\"https:\\\/\\\/eldigitaldeasturias.com\\\/magazine365\\\/los-reyes-asistiran-el-sabado-en-lisboa-a-la-final-de-la-liga-de-campeones\\\/#listItem\",\"position\":3,\"name\":\"Los Reyes asistir\\u00e1n el s\\u00e1bado en Lisboa a la final de la Liga de Campeones\",\"previousItem\":{\"@type\":\"ListItem\",\"@id\":\"https:\\\/\\\/eldigitaldeasturias.com\\\/magazine365\\\/category\\\/noticias-actualidad\\\/#listItem\",\"name\":\"Noticias y Actualidad\"}}]},{\"@type\":\"Organization\",\"@id\":\"https:\\\/\\\/eldigitaldeasturias.com\\\/magazine365\\\/#organization\",\"name\":\"El digital de Asturias\",\"description\":\"Revista de ocio, turismo y estilo de vida\",\"url\":\"https:\\\/\\\/eldigitaldeasturias.com\\\/magazine365\\\/\",\"logo\":{\"@type\":\"ImageObject\",\"url\":\"https:\\\/\\\/www.eldigitaldeasturias.com\\\/noticias\\\/wp-content\\\/uploads\\\/2020\\\/12\\\/EDA.jpg\",\"@id\":\"https:\\\/\\\/eldigitaldeasturias.com\\\/magazine365\\\/los-reyes-asistiran-el-sabado-en-lisboa-a-la-final-de-la-liga-de-campeones\\\/#organizationLogo\"},\"image\":{\"@id\":\"https:\\\/\\\/eldigitaldeasturias.com\\\/magazine365\\\/los-reyes-asistiran-el-sabado-en-lisboa-a-la-final-de-la-liga-de-campeones\\\/#organizationLogo\"}},{\"@type\":\"Person\",\"@id\":\"https:\\\/\\\/eldigitaldeasturias.com\\\/magazine365\\\/author\\\/admin\\\/#author\",\"url\":\"https:\\\/\\\/eldigitaldeasturias.com\\\/magazine365\\\/author\\\/admin\\\/\",\"name\":\"admin\",\"image\":{\"@type\":\"ImageObject\",\"@id\":\"https:\\\/\\\/eldigitaldeasturias.com\\\/magazine365\\\/los-reyes-asistiran-el-sabado-en-lisboa-a-la-final-de-la-liga-de-campeones\\\/#authorImage\",\"url\":\"https:\\\/\\\/eldigitaldeasturias.com\\\/magazine365\\\/wp-content\\\/litespeed\\\/avatar\\\/e571bcf59a0edd6fa6838245a470f2fe.jpg?ver=1776969259\",\"width\":96,\"height\":96,\"caption\":\"admin\"}},{\"@type\":\"WebPage\",\"@id\":\"https:\\\/\\\/eldigitaldeasturias.com\\\/magazine365\\\/los-reyes-asistiran-el-sabado-en-lisboa-a-la-final-de-la-liga-de-campeones\\\/#webpage\",\"url\":\"https:\\\/\\\/eldigitaldeasturias.com\\\/magazine365\\\/los-reyes-asistiran-el-sabado-en-lisboa-a-la-final-de-la-liga-de-campeones\\\/\",\"name\":\"Los Reyes asistir\\u00e1n el s\\u00e1bado en Lisboa a la final de la Liga de Campeones | El Digital de Asturias\",\"description\":\"Madrid, 19 may (EFE).- Los Reyes viajar\\u00e1n el pr\\u00f3ximo s\\u00e1bado 24 a Lisboa para asistir a la final de la Liga de Campeones que el Real Madrid y el Atl\\u00e9tico de Madrid disputar\\u00e1n ese d\\u00eda en el estadio de La Luz, seg\\u00fan han informado hoy fuentes de la Casa del Rey. A esta final, la\",\"inLanguage\":\"es-ES\",\"isPartOf\":{\"@id\":\"https:\\\/\\\/eldigitaldeasturias.com\\\/magazine365\\\/#website\"},\"breadcrumb\":{\"@id\":\"https:\\\/\\\/eldigitaldeasturias.com\\\/magazine365\\\/los-reyes-asistiran-el-sabado-en-lisboa-a-la-final-de-la-liga-de-campeones\\\/#breadcrumblist\"},\"author\":{\"@id\":\"https:\\\/\\\/eldigitaldeasturias.com\\\/magazine365\\\/author\\\/admin\\\/#author\"},\"creator\":{\"@id\":\"https:\\\/\\\/eldigitaldeasturias.com\\\/magazine365\\\/author\\\/admin\\\/#author\"},\"image\":{\"@type\":\"ImageObject\",\"url\":\"https:\\\/\\\/eldigitaldeasturias.com\\\/magazine365\\\/wp-content\\\/uploads\\\/2014\\\/05\\\/6279067w.jpg\",\"@id\":\"https:\\\/\\\/eldigitaldeasturias.com\\\/magazine365\\\/los-reyes-asistiran-el-sabado-en-lisboa-a-la-final-de-la-liga-de-campeones\\\/#mainImage\",\"width\":800,\"height\":528},\"primaryImageOfPage\":{\"@id\":\"https:\\\/\\\/eldigitaldeasturias.com\\\/magazine365\\\/los-reyes-asistiran-el-sabado-en-lisboa-a-la-final-de-la-liga-de-campeones\\\/#mainImage\"},\"datePublished\":\"2014-05-20T20:29:49+02:00\",\"dateModified\":\"2014-05-20T20:29:49+02:00\"},{\"@type\":\"WebSite\",\"@id\":\"https:\\\/\\\/eldigitaldeasturias.com\\\/magazine365\\\/#website\",\"url\":\"https:\\\/\\\/eldigitaldeasturias.com\\\/magazine365\\\/\",\"name\":\"El Digital de Asturias\",\"description\":\"Revista de ocio, turismo y estilo de vida\",\"inLanguage\":\"es-ES\",\"publisher\":{\"@id\":\"https:\\\/\\\/eldigitaldeasturias.com\\\/magazine365\\\/#organization\"}}]}\n\t\t<\/script>\n\t\t<!-- All in One SEO Pro -->\r\n\t\t<title>Los Reyes asistir\u00e1n el s\u00e1bado en Lisboa a la final de la Liga de Campeones | El Digital de Asturias<\/title>\n\n","aioseo_head_json":{"title":"Los Reyes asistir\u00e1n el s\u00e1bado en Lisboa a la final de la Liga de Campeones | El Digital de Asturias","description":"Madrid, 19 may (EFE).- Los Reyes viajar\u00e1n el pr\u00f3ximo s\u00e1bado 24 a Lisboa para asistir a la final de la Liga de Campeones que el Real Madrid y el Atl\u00e9tico de Madrid disputar\u00e1n ese d\u00eda en el estadio de La Luz, seg\u00fan han informado hoy fuentes de la Casa del Rey. A esta final, la","canonical_url":"https:\/\/eldigitaldeasturias.com\/magazine365\/los-reyes-asistiran-el-sabado-en-lisboa-a-la-final-de-la-liga-de-campeones\/","robots":"max-image-preview:large","keywords":"noticias y actualidad","webmasterTools":{"google-site-verification":"UA-38556648-1","miscellaneous":""},"schema":{"@context":"https:\/\/schema.org","@graph":[{"@type":"Article","@id":"https:\/\/eldigitaldeasturias.com\/magazine365\/los-reyes-asistiran-el-sabado-en-lisboa-a-la-final-de-la-liga-de-campeones\/#article","name":"Los Reyes asistir\u00e1n el s\u00e1bado en Lisboa a la final de la Liga de Campeones | El Digital de Asturias","headline":"Los Reyes asistir\u00e1n el s\u00e1bado en Lisboa a la final de la Liga de Campeones","author":{"@id":"https:\/\/eldigitaldeasturias.com\/magazine365\/author\/admin\/#author"},"publisher":{"@id":"https:\/\/eldigitaldeasturias.com\/magazine365\/#organization"},"image":{"@type":"ImageObject","url":"https:\/\/eldigitaldeasturias.com\/magazine365\/wp-content\/uploads\/2014\/05\/6279067w.jpg","width":800,"height":528},"datePublished":"2014-05-20T20:29:49+02:00","dateModified":"2014-05-20T20:29:49+02:00","inLanguage":"es-ES","mainEntityOfPage":{"@id":"https:\/\/eldigitaldeasturias.com\/magazine365\/los-reyes-asistiran-el-sabado-en-lisboa-a-la-final-de-la-liga-de-campeones\/#webpage"},"isPartOf":{"@id":"https:\/\/eldigitaldeasturias.com\/magazine365\/los-reyes-asistiran-el-sabado-en-lisboa-a-la-final-de-la-liga-de-campeones\/#webpage"},"articleSection":"Noticias y Actualidad"},{"@type":"BreadcrumbList","@id":"https:\/\/eldigitaldeasturias.com\/magazine365\/los-reyes-asistiran-el-sabado-en-lisboa-a-la-final-de-la-liga-de-campeones\/#breadcrumblist","itemListElement":[{"@type":"ListItem","@id":"https:\/\/eldigitaldeasturias.com\/magazine365#listItem","position":1,"name":"Home","item":"https:\/\/eldigitaldeasturias.com\/magazine365","nextItem":{"@type":"ListItem","@id":"https:\/\/eldigitaldeasturias.com\/magazine365\/category\/noticias-actualidad\/#listItem","name":"Noticias y Actualidad"}},{"@type":"ListItem","@id":"https:\/\/eldigitaldeasturias.com\/magazine365\/category\/noticias-actualidad\/#listItem","position":2,"name":"Noticias y Actualidad","item":"https:\/\/eldigitaldeasturias.com\/magazine365\/category\/noticias-actualidad\/","nextItem":{"@type":"ListItem","@id":"https:\/\/eldigitaldeasturias.com\/magazine365\/los-reyes-asistiran-el-sabado-en-lisboa-a-la-final-de-la-liga-de-campeones\/#listItem","name":"Los Reyes asistir\u00e1n el s\u00e1bado en Lisboa a la final de la Liga de Campeones"},"previousItem":{"@type":"ListItem","@id":"https:\/\/eldigitaldeasturias.com\/magazine365#listItem","name":"Home"}},{"@type":"ListItem","@id":"https:\/\/eldigitaldeasturias.com\/magazine365\/los-reyes-asistiran-el-sabado-en-lisboa-a-la-final-de-la-liga-de-campeones\/#listItem","position":3,"name":"Los Reyes asistir\u00e1n el s\u00e1bado en Lisboa a la final de la Liga de Campeones","previousItem":{"@type":"ListItem","@id":"https:\/\/eldigitaldeasturias.com\/magazine365\/category\/noticias-actualidad\/#listItem","name":"Noticias y Actualidad"}}]},{"@type":"Organization","@id":"https:\/\/eldigitaldeasturias.com\/magazine365\/#organization","name":"El digital de Asturias","description":"Revista de ocio, turismo y estilo de vida","url":"https:\/\/eldigitaldeasturias.com\/magazine365\/","logo":{"@type":"ImageObject","url":"https:\/\/www.eldigitaldeasturias.com\/noticias\/wp-content\/uploads\/2020\/12\/EDA.jpg","@id":"https:\/\/eldigitaldeasturias.com\/magazine365\/los-reyes-asistiran-el-sabado-en-lisboa-a-la-final-de-la-liga-de-campeones\/#organizationLogo"},"image":{"@id":"https:\/\/eldigitaldeasturias.com\/magazine365\/los-reyes-asistiran-el-sabado-en-lisboa-a-la-final-de-la-liga-de-campeones\/#organizationLogo"}},{"@type":"Person","@id":"https:\/\/eldigitaldeasturias.com\/magazine365\/author\/admin\/#author","url":"https:\/\/eldigitaldeasturias.com\/magazine365\/author\/admin\/","name":"admin","image":{"@type":"ImageObject","@id":"https:\/\/eldigitaldeasturias.com\/magazine365\/los-reyes-asistiran-el-sabado-en-lisboa-a-la-final-de-la-liga-de-campeones\/#authorImage","url":"https:\/\/eldigitaldeasturias.com\/magazine365\/wp-content\/litespeed\/avatar\/e571bcf59a0edd6fa6838245a470f2fe.jpg?ver=1776969259","width":96,"height":96,"caption":"admin"}},{"@type":"WebPage","@id":"https:\/\/eldigitaldeasturias.com\/magazine365\/los-reyes-asistiran-el-sabado-en-lisboa-a-la-final-de-la-liga-de-campeones\/#webpage","url":"https:\/\/eldigitaldeasturias.com\/magazine365\/los-reyes-asistiran-el-sabado-en-lisboa-a-la-final-de-la-liga-de-campeones\/","name":"Los Reyes asistir\u00e1n el s\u00e1bado en Lisboa a la final de la Liga de Campeones | El Digital de Asturias","description":"Madrid, 19 may (EFE).- Los Reyes viajar\u00e1n el pr\u00f3ximo s\u00e1bado 24 a Lisboa para asistir a la final de la Liga de Campeones que el Real Madrid y el Atl\u00e9tico de Madrid disputar\u00e1n ese d\u00eda en el estadio de La Luz, seg\u00fan han informado hoy fuentes de la Casa del Rey. A esta final, la","inLanguage":"es-ES","isPartOf":{"@id":"https:\/\/eldigitaldeasturias.com\/magazine365\/#website"},"breadcrumb":{"@id":"https:\/\/eldigitaldeasturias.com\/magazine365\/los-reyes-asistiran-el-sabado-en-lisboa-a-la-final-de-la-liga-de-campeones\/#breadcrumblist"},"author":{"@id":"https:\/\/eldigitaldeasturias.com\/magazine365\/author\/admin\/#author"},"creator":{"@id":"https:\/\/eldigitaldeasturias.com\/magazine365\/author\/admin\/#author"},"image":{"@type":"ImageObject","url":"https:\/\/eldigitaldeasturias.com\/magazine365\/wp-content\/uploads\/2014\/05\/6279067w.jpg","@id":"https:\/\/eldigitaldeasturias.com\/magazine365\/los-reyes-asistiran-el-sabado-en-lisboa-a-la-final-de-la-liga-de-campeones\/#mainImage","width":800,"height":528},"primaryImageOfPage":{"@id":"https:\/\/eldigitaldeasturias.com\/magazine365\/los-reyes-asistiran-el-sabado-en-lisboa-a-la-final-de-la-liga-de-campeones\/#mainImage"},"datePublished":"2014-05-20T20:29:49+02:00","dateModified":"2014-05-20T20:29:49+02:00"},{"@type":"WebSite","@id":"https:\/\/eldigitaldeasturias.com\/magazine365\/#website","url":"https:\/\/eldigitaldeasturias.com\/magazine365\/","name":"El Digital de Asturias","description":"Revista de ocio, turismo y estilo de vida","inLanguage":"es-ES","publisher":{"@id":"https:\/\/eldigitaldeasturias.com\/magazine365\/#organization"}}]},"og:locale":"es_ES","og:site_name":"El Digital de Asturias \u2013 Revista de ocio, turismo y estilo de vida","og:type":"article","og:title":"Los Reyes asistir\u00e1n el s\u00e1bado en Lisboa a la final de la Liga de Campeones | El Digital de Asturias","og:description":"Madrid, 19 may (EFE).- Los Reyes viajar\u00e1n el pr\u00f3ximo s\u00e1bado 24 a Lisboa para asistir a la final de la Liga de Campeones que el Real Madrid y el Atl\u00e9tico de Madrid disputar\u00e1n ese d\u00eda en el estadio de La Luz, seg\u00fan han informado hoy fuentes de la Casa del Rey. A esta final, la","og:url":"https:\/\/eldigitaldeasturias.com\/magazine365\/los-reyes-asistiran-el-sabado-en-lisboa-a-la-final-de-la-liga-de-campeones\/","og:image":"https:\/\/eldigitaldeasturias.com\/magazine365\/wp-content\/uploads\/2014\/05\/6279067w.jpg","og:image:secure_url":"https:\/\/eldigitaldeasturias.com\/magazine365\/wp-content\/uploads\/2014\/05\/6279067w.jpg","og:image:width":800,"og:image:height":528,"article:published_time":"2014-05-20T22:29:49+00:00","article:modified_time":"2014-05-20T22:29:49+00:00","twitter:card":"summary_large_image","twitter:title":"Los Reyes asistir\u00e1n el s\u00e1bado en Lisboa a la final de la Liga de Campeones | El Digital de Asturias","twitter:description":"Madrid, 19 may (EFE).- Los Reyes viajar\u00e1n el pr\u00f3ximo s\u00e1bado 24 a Lisboa para asistir a la final de la Liga de Campeones que el Real Madrid y el Atl\u00e9tico de Madrid disputar\u00e1n ese d\u00eda en el estadio de La Luz, seg\u00fan han informado hoy fuentes de la Casa del Rey. A esta final, la","twitter:image":"https:\/\/eldigitaldeasturias.com\/magazine365\/wp-content\/uploads\/2014\/05\/6279067w.jpg"},"aioseo_meta_data":{"post_id":"13339","title":null,"description":null,"keywords":null,"keyphrases":null,"primary_term":null,"canonical_url":null,"og_title":null,"og_description":null,"og_object_type":"default","og_image_type":"default","og_image_url":null,"og_image_width":null,"og_image_height":null,"og_image_custom_url":null,"og_image_custom_fields":null,"og_video":null,"og_custom_url":null,"og_article_section":null,"og_article_tags":null,"twitter_use_og":false,"twitter_card":"default","twitter_image_type":"default","twitter_image_url":null,"twitter_image_custom_url":null,"twitter_image_custom_fields":null,"twitter_title":null,"twitter_description":null,"schema":{"blockGraphs":[],"customGraphs":[],"default":{"data":{"Article":[],"Course":[],"Dataset":[],"FAQPage":[],"Movie":[],"Person":[],"Product":[],"ProductReview":[],"Car":[],"Recipe":[],"Service":[],"SoftwareApplication":[],"WebPage":[]},"graphName":"","isEnabled":true},"graphs":[],"defaultGraph":"","defaultPostTypeGraph":""},"schema_type":null,"schema_type_options":null,"pillar_content":false,"robots_default":true,"robots_noindex":false,"robots_noarchive":false,"robots_nosnippet":false,"robots_nofollow":false,"robots_noimageindex":false,"robots_noodp":false,"robots_notranslate":false,"robots_max_snippet":null,"robots_max_videopreview":null,"robots_max_imagepreview":"large","priority":null,"frequency":null,"location":null,"local_seo":null,"seo_analyzer_scan_date":"2025-09-17 08:05:15","breadcrumb_settings":null,"limit_modified_date":false,"open_ai":null,"ai":null,"created":"2021-03-09 08:29:41","updated":"2025-09-17 08:05:15"},"aioseo_breadcrumb":"<div class=\"aioseo-breadcrumbs\"><span class=\"aioseo-breadcrumb\">\n\t<a href=\"https:\/\/eldigitaldeasturias.com\/magazine365\" title=\"Home\">Home<\/a>\n<\/span><span class=\"aioseo-breadcrumb-separator\">\u2013<\/span><span class=\"aioseo-breadcrumb\">\n\t<a href=\"https:\/\/eldigitaldeasturias.com\/magazine365\/category\/noticias-actualidad\/\" title=\"Noticias y Actualidad\">Noticias y Actualidad<\/a>\n<\/span><span class=\"aioseo-breadcrumb-separator\">\u2013<\/span><span class=\"aioseo-breadcrumb\">\n\t<a href=\"https:\/\/eldigitaldeasturias.com\/magazine365\/los-reyes-asistiran-el-sabado-en-lisboa-a-la-final-de-la-liga-de-campeones\/\" title=\"Los Reyes asistir\u00e1n el s\u00e1bado en Lisboa a la final de la Liga de Campeones\">Los Reyes asistir\u00e1n el s\u00e1bado en Lisboa a la final de la Liga de Campeones<\/a>\n<\/span><\/div>","aioseo_breadcrumb_json":[{"label":"Home","link":"https:\/\/eldigitaldeasturias.com\/magazine365"},{"label":"Noticias y Actualidad","link":"https:\/\/eldigitaldeasturias.com\/magazine365\/category\/noticias-actualidad\/"},{"label":"Los Reyes asistir\u00e1n el s\u00e1bado en Lisboa a la final de la Liga de Campeones","link":"https:\/\/eldigitaldeasturias.com\/magazine365\/los-reyes-asistiran-el-sabado-en-lisboa-a-la-final-de-la-liga-de-campeones\/"}],"_links":{"self":[{"href":"https:\/\/eldigitaldeasturias.com\/magazine365\/wp-json\/wp\/v2\/posts\/13339","targetHints":{"allow":["GET"]}}],"collection":[{"href":"https:\/\/eldigitaldeasturias.com\/magazine365\/wp-json\/wp\/v2\/posts"}],"about":[{"href":"https:\/\/eldigitaldeasturias.com\/magazine365\/wp-json\/wp\/v2\/types\/post"}],"author":[{"embeddable":true,"href":"https:\/\/eldigitaldeasturias.com\/magazine365\/wp-json\/wp\/v2\/users\/1"}],"replies":[{"embeddable":true,"href":"https:\/\/eldigitaldeasturias.com\/magazine365\/wp-json\/wp\/v2\/comments?post=13339"}],"version-history":[{"count":0,"href":"https:\/\/eldigitaldeasturias.com\/magazine365\/wp-json\/wp\/v2\/posts\/13339\/revisions"}],"wp:featuredmedia":[{"embeddable":true,"href":"https:\/\/eldigitaldeasturias.com\/magazine365\/wp-json\/wp\/v2\/media\/13340"}],"wp:attachment":[{"href":"https:\/\/eldigitaldeasturias.com\/magazine365\/wp-json\/wp\/v2\/media?parent=13339"}],"wp:term":[{"taxonomy":"category","embeddable":true,"href":"https:\/\/eldigitaldeasturias.com\/magazine365\/wp-json\/wp\/v2\/categories?post=13339"},{"taxonomy":"post_tag","embeddable":true,"href":"https:\/\/eldigitaldeasturias.com\/magazine365\/wp-json\/wp\/v2\/tags?post=13339"}],"curies":[{"name":"wp","href":"https:\/\/api.w.org\/{rel}","templated":true}]}}