{"id":13336,"date":"2014-05-20T20:28:46","date_gmt":"2014-05-20T22:28:46","guid":{"rendered":"http:\/\/eldigitaldeasturias.com\/magazine365\/?p=13336"},"modified":"2014-05-20T20:28:46","modified_gmt":"2014-05-20T22:28:46","slug":"paul-mccartney-cancela-toda-su-gira-en-japon","status":"publish","type":"post","link":"https:\/\/eldigitaldeasturias.com\/magazine365\/paul-mccartney-cancela-toda-su-gira-en-japon\/","title":{"rendered":"Paul McCartney cancela toda su gira en Jap\u00f3n"},"content":{"rendered":"<p><img fetchpriority=\"high\" decoding=\"async\" class=\"alignleft size-medium wp-image-13337\" alt=\"6278931w\" src=\"https:\/\/eldigitaldeasturias.com\/magazine365\/wp-content\/uploads\/2014\/05\/6278931w-360x246.jpg\" width=\"360\" height=\"246\" \/>Tokio, 20 may (EFE).- El exbeatle Paul McCartney ha cancelado los cuatro conciertos que ten\u00eda previstos dentro de su gira en Jap\u00f3n al no haberse recuperado totalmente de una enfermedad, seg\u00fan anunci\u00f3 hoy la empresa promotora.<\/p>\n<p>El artista brit\u00e1nico ten\u00eda previsto actuar los d\u00edas 17 y 18 en el Estadio Nacional de Tokio, el 21 en el polideportivo Budokan de la capital y el 24 en el Estadio Yanmar Nagai de Osaka (al sur de Tokio).<\/p>\n<p>Los primeros dos conciertos fueron cancelados durante el fin de semana \u00abpor motivos de salud\u00bb, y finalmente McCartney, de 71 a\u00f1os, se ha visto obligado a suprimir toda su gira en Jap\u00f3n al no recuperarse de una infecci\u00f3n v\u00edrica.<\/p>\n<p>El artista \u00abno se encuentra en un estado de salud adecuado para poder dar un concierto, seg\u00fan el diagn\u00f3stico de los m\u00e9dicos, que le recomiendan seguir en reposo total\u00bb, se\u00f1al\u00f3 la promotora de la gira en Jap\u00f3n, Kyodo Tokiom, en un comunicado.<\/p>\n<p>McCartney, por su parte, afirm\u00f3 que \u00abten\u00eda muchas ganas de tocar en Jap\u00f3n tras el concierto incre\u00edble de noviembre\u00bb, en alusi\u00f3n a su actuaci\u00f3n previa en el Estadio Nacional tokiota, y expres\u00f3 su confianza en \u00abvolver a ver pronto\u00bb a sus seguidores japoneses.<\/p>\n<p>\u00abCancelar estas actuaciones es muy decepcionante para m\u00ed tambi\u00e9n\u00bb, se\u00f1al\u00f3 el artista en la nota, donde tambi\u00e9n da las gracias a sus fans japoneses \u00abpor su amor, mensajes de apoyo y comprensi\u00f3n\u00bb.<\/p>\n<p>El concierto del mi\u00e9rcoles en el Budokan ten\u00eda un componente simb\u00f3lico para los beatleman\u00edacos, al tratarse de la primera vez que McCartney volv\u00eda a tocar en ese escenario desde su actuaci\u00f3n con la legendaria banda brit\u00e1nica en 1966.<\/p>\n<p>La siguiente actuaci\u00f3n programada en la gira internacional \u00abOut There\u00bb de McCartney es el d\u00eda 28 en Se\u00fal.<\/p>\n","protected":false},"excerpt":{"rendered":"<p>Tokio, 20 may (EFE).- El exbeatle Paul McCartney ha cancelado los cuatro conciertos que ten\u00eda previstos dentro de su gira en Jap\u00f3n al no haberse recuperado totalmente de una enfermedad, seg\u00fan anunci\u00f3 hoy la empresa promotora. El artista brit\u00e1nico ten\u00eda previsto actuar los d\u00edas 17 y 18 en el Estadio Nacional de Tokio, el 21<\/p>\n","protected":false},"author":1,"featured_media":13337,"comment_status":"open","ping_status":"closed","sticky":false,"template":"","format":"standard","meta":{"footnotes":""},"categories":[224],"tags":[],"class_list":{"0":"post-13336","1":"post","2":"type-post","3":"status-publish","4":"format-standard","5":"has-post-thumbnail","7":"category-noticias-actualidad"},"aioseo_notices":[],"aioseo_head":"\n\t\t<!-- All in One SEO Pro 4.9.6.1 - aioseo.com -->\n\t<meta name=\"description\" content=\"Tokio, 20 may (EFE).- El exbeatle Paul McCartney ha cancelado los cuatro conciertos que ten\u00eda previstos dentro de su gira en Jap\u00f3n al no haberse recuperado totalmente de una enfermedad, seg\u00fan anunci\u00f3 hoy la empresa promotora. El artista brit\u00e1nico ten\u00eda previsto actuar los d\u00edas 17 y 18 en el Estadio Nacional de Tokio, el 21\" \/>\n\t<meta name=\"robots\" content=\"max-image-preview:large\" \/>\n\t<meta name=\"author\" content=\"admin\"\/>\n\t<meta name=\"google-site-verification\" content=\"UA-38556648-1\" \/>\n\t<meta name=\"keywords\" content=\"noticias y actualidad\" \/>\n\t<link rel=\"canonical\" href=\"https:\/\/eldigitaldeasturias.com\/magazine365\/paul-mccartney-cancela-toda-su-gira-en-japon\/\" \/>\n\t<meta name=\"generator\" content=\"All in One SEO Pro (AIOSEO) 4.9.6.1\" \/>\n\t\t<meta property=\"og:locale\" content=\"es_ES\" \/>\n\t\t<meta property=\"og:site_name\" content=\"El Digital de Asturias \u2013 Revista de ocio, turismo y estilo de vida\" \/>\n\t\t<meta property=\"og:type\" content=\"article\" \/>\n\t\t<meta property=\"og:title\" content=\"Paul McCartney cancela toda su gira en Jap\u00f3n | El Digital de Asturias\" \/>\n\t\t<meta property=\"og:description\" content=\"Tokio, 20 may (EFE).- El exbeatle Paul McCartney ha cancelado los cuatro conciertos que ten\u00eda previstos dentro de su gira en Jap\u00f3n al no haberse recuperado totalmente de una enfermedad, seg\u00fan anunci\u00f3 hoy la empresa promotora. El artista brit\u00e1nico ten\u00eda previsto actuar los d\u00edas 17 y 18 en el Estadio Nacional de Tokio, el 21\" \/>\n\t\t<meta property=\"og:url\" content=\"https:\/\/eldigitaldeasturias.com\/magazine365\/paul-mccartney-cancela-toda-su-gira-en-japon\/\" \/>\n\t\t<meta property=\"og:image\" content=\"https:\/\/eldigitaldeasturias.com\/magazine365\/wp-content\/uploads\/2014\/05\/6278931w.jpg\" \/>\n\t\t<meta property=\"og:image:secure_url\" content=\"https:\/\/eldigitaldeasturias.com\/magazine365\/wp-content\/uploads\/2014\/05\/6278931w.jpg\" \/>\n\t\t<meta property=\"og:image:width\" content=\"800\" \/>\n\t\t<meta property=\"og:image:height\" content=\"548\" \/>\n\t\t<meta property=\"article:published_time\" content=\"2014-05-20T22:28:46+00:00\" \/>\n\t\t<meta property=\"article:modified_time\" content=\"2014-05-20T22:28:46+00:00\" \/>\n\t\t<meta name=\"twitter:card\" content=\"summary_large_image\" \/>\n\t\t<meta name=\"twitter:title\" content=\"Paul McCartney cancela toda su gira en Jap\u00f3n | El Digital de Asturias\" \/>\n\t\t<meta name=\"twitter:description\" content=\"Tokio, 20 may (EFE).- El exbeatle Paul McCartney ha cancelado los cuatro conciertos que ten\u00eda previstos dentro de su gira en Jap\u00f3n al no haberse recuperado totalmente de una enfermedad, seg\u00fan anunci\u00f3 hoy la empresa promotora. El artista brit\u00e1nico ten\u00eda previsto actuar los d\u00edas 17 y 18 en el Estadio Nacional de Tokio, el 21\" \/>\n\t\t<meta name=\"twitter:image\" content=\"https:\/\/eldigitaldeasturias.com\/magazine365\/wp-content\/uploads\/2014\/05\/6278931w.jpg\" \/>\n\t\t<script type=\"application\/ld+json\" class=\"aioseo-schema\">\n\t\t\t{\"@context\":\"https:\\\/\\\/schema.org\",\"@graph\":[{\"@type\":\"Article\",\"@id\":\"https:\\\/\\\/eldigitaldeasturias.com\\\/magazine365\\\/paul-mccartney-cancela-toda-su-gira-en-japon\\\/#article\",\"name\":\"Paul McCartney cancela toda su gira en Jap\\u00f3n | El Digital de Asturias\",\"headline\":\"Paul McCartney cancela toda su gira en Jap\\u00f3n\",\"author\":{\"@id\":\"https:\\\/\\\/eldigitaldeasturias.com\\\/magazine365\\\/author\\\/admin\\\/#author\"},\"publisher\":{\"@id\":\"https:\\\/\\\/eldigitaldeasturias.com\\\/magazine365\\\/#organization\"},\"image\":{\"@type\":\"ImageObject\",\"url\":\"https:\\\/\\\/eldigitaldeasturias.com\\\/magazine365\\\/wp-content\\\/uploads\\\/2014\\\/05\\\/6278931w.jpg\",\"width\":800,\"height\":548},\"datePublished\":\"2014-05-20T20:28:46+02:00\",\"dateModified\":\"2014-05-20T20:28:46+02:00\",\"inLanguage\":\"es-ES\",\"mainEntityOfPage\":{\"@id\":\"https:\\\/\\\/eldigitaldeasturias.com\\\/magazine365\\\/paul-mccartney-cancela-toda-su-gira-en-japon\\\/#webpage\"},\"isPartOf\":{\"@id\":\"https:\\\/\\\/eldigitaldeasturias.com\\\/magazine365\\\/paul-mccartney-cancela-toda-su-gira-en-japon\\\/#webpage\"},\"articleSection\":\"Noticias y Actualidad\"},{\"@type\":\"BreadcrumbList\",\"@id\":\"https:\\\/\\\/eldigitaldeasturias.com\\\/magazine365\\\/paul-mccartney-cancela-toda-su-gira-en-japon\\\/#breadcrumblist\",\"itemListElement\":[{\"@type\":\"ListItem\",\"@id\":\"https:\\\/\\\/eldigitaldeasturias.com\\\/magazine365#listItem\",\"position\":1,\"name\":\"Home\",\"item\":\"https:\\\/\\\/eldigitaldeasturias.com\\\/magazine365\",\"nextItem\":{\"@type\":\"ListItem\",\"@id\":\"https:\\\/\\\/eldigitaldeasturias.com\\\/magazine365\\\/category\\\/noticias-actualidad\\\/#listItem\",\"name\":\"Noticias y Actualidad\"}},{\"@type\":\"ListItem\",\"@id\":\"https:\\\/\\\/eldigitaldeasturias.com\\\/magazine365\\\/category\\\/noticias-actualidad\\\/#listItem\",\"position\":2,\"name\":\"Noticias y Actualidad\",\"item\":\"https:\\\/\\\/eldigitaldeasturias.com\\\/magazine365\\\/category\\\/noticias-actualidad\\\/\",\"nextItem\":{\"@type\":\"ListItem\",\"@id\":\"https:\\\/\\\/eldigitaldeasturias.com\\\/magazine365\\\/paul-mccartney-cancela-toda-su-gira-en-japon\\\/#listItem\",\"name\":\"Paul McCartney cancela toda su gira en Jap\\u00f3n\"},\"previousItem\":{\"@type\":\"ListItem\",\"@id\":\"https:\\\/\\\/eldigitaldeasturias.com\\\/magazine365#listItem\",\"name\":\"Home\"}},{\"@type\":\"ListItem\",\"@id\":\"https:\\\/\\\/eldigitaldeasturias.com\\\/magazine365\\\/paul-mccartney-cancela-toda-su-gira-en-japon\\\/#listItem\",\"position\":3,\"name\":\"Paul McCartney cancela toda su gira en Jap\\u00f3n\",\"previousItem\":{\"@type\":\"ListItem\",\"@id\":\"https:\\\/\\\/eldigitaldeasturias.com\\\/magazine365\\\/category\\\/noticias-actualidad\\\/#listItem\",\"name\":\"Noticias y Actualidad\"}}]},{\"@type\":\"Organization\",\"@id\":\"https:\\\/\\\/eldigitaldeasturias.com\\\/magazine365\\\/#organization\",\"name\":\"El digital de Asturias\",\"description\":\"Revista de ocio, turismo y estilo de vida\",\"url\":\"https:\\\/\\\/eldigitaldeasturias.com\\\/magazine365\\\/\",\"logo\":{\"@type\":\"ImageObject\",\"url\":\"https:\\\/\\\/www.eldigitaldeasturias.com\\\/noticias\\\/wp-content\\\/uploads\\\/2020\\\/12\\\/EDA.jpg\",\"@id\":\"https:\\\/\\\/eldigitaldeasturias.com\\\/magazine365\\\/paul-mccartney-cancela-toda-su-gira-en-japon\\\/#organizationLogo\"},\"image\":{\"@id\":\"https:\\\/\\\/eldigitaldeasturias.com\\\/magazine365\\\/paul-mccartney-cancela-toda-su-gira-en-japon\\\/#organizationLogo\"}},{\"@type\":\"Person\",\"@id\":\"https:\\\/\\\/eldigitaldeasturias.com\\\/magazine365\\\/author\\\/admin\\\/#author\",\"url\":\"https:\\\/\\\/eldigitaldeasturias.com\\\/magazine365\\\/author\\\/admin\\\/\",\"name\":\"admin\",\"image\":{\"@type\":\"ImageObject\",\"@id\":\"https:\\\/\\\/eldigitaldeasturias.com\\\/magazine365\\\/paul-mccartney-cancela-toda-su-gira-en-japon\\\/#authorImage\",\"url\":\"https:\\\/\\\/eldigitaldeasturias.com\\\/magazine365\\\/wp-content\\\/litespeed\\\/avatar\\\/e571bcf59a0edd6fa6838245a470f2fe.jpg?ver=1776969259\",\"width\":96,\"height\":96,\"caption\":\"admin\"}},{\"@type\":\"WebPage\",\"@id\":\"https:\\\/\\\/eldigitaldeasturias.com\\\/magazine365\\\/paul-mccartney-cancela-toda-su-gira-en-japon\\\/#webpage\",\"url\":\"https:\\\/\\\/eldigitaldeasturias.com\\\/magazine365\\\/paul-mccartney-cancela-toda-su-gira-en-japon\\\/\",\"name\":\"Paul McCartney cancela toda su gira en Jap\\u00f3n | El Digital de Asturias\",\"description\":\"Tokio, 20 may (EFE).- El exbeatle Paul McCartney ha cancelado los cuatro conciertos que ten\\u00eda previstos dentro de su gira en Jap\\u00f3n al no haberse recuperado totalmente de una enfermedad, seg\\u00fan anunci\\u00f3 hoy la empresa promotora. El artista brit\\u00e1nico ten\\u00eda previsto actuar los d\\u00edas 17 y 18 en el Estadio Nacional de Tokio, el 21\",\"inLanguage\":\"es-ES\",\"isPartOf\":{\"@id\":\"https:\\\/\\\/eldigitaldeasturias.com\\\/magazine365\\\/#website\"},\"breadcrumb\":{\"@id\":\"https:\\\/\\\/eldigitaldeasturias.com\\\/magazine365\\\/paul-mccartney-cancela-toda-su-gira-en-japon\\\/#breadcrumblist\"},\"author\":{\"@id\":\"https:\\\/\\\/eldigitaldeasturias.com\\\/magazine365\\\/author\\\/admin\\\/#author\"},\"creator\":{\"@id\":\"https:\\\/\\\/eldigitaldeasturias.com\\\/magazine365\\\/author\\\/admin\\\/#author\"},\"image\":{\"@type\":\"ImageObject\",\"url\":\"https:\\\/\\\/eldigitaldeasturias.com\\\/magazine365\\\/wp-content\\\/uploads\\\/2014\\\/05\\\/6278931w.jpg\",\"@id\":\"https:\\\/\\\/eldigitaldeasturias.com\\\/magazine365\\\/paul-mccartney-cancela-toda-su-gira-en-japon\\\/#mainImage\",\"width\":800,\"height\":548},\"primaryImageOfPage\":{\"@id\":\"https:\\\/\\\/eldigitaldeasturias.com\\\/magazine365\\\/paul-mccartney-cancela-toda-su-gira-en-japon\\\/#mainImage\"},\"datePublished\":\"2014-05-20T20:28:46+02:00\",\"dateModified\":\"2014-05-20T20:28:46+02:00\"},{\"@type\":\"WebSite\",\"@id\":\"https:\\\/\\\/eldigitaldeasturias.com\\\/magazine365\\\/#website\",\"url\":\"https:\\\/\\\/eldigitaldeasturias.com\\\/magazine365\\\/\",\"name\":\"El Digital de Asturias\",\"description\":\"Revista de ocio, turismo y estilo de vida\",\"inLanguage\":\"es-ES\",\"publisher\":{\"@id\":\"https:\\\/\\\/eldigitaldeasturias.com\\\/magazine365\\\/#organization\"}}]}\n\t\t<\/script>\n\t\t<!-- All in One SEO Pro -->\r\n\t\t<title>Paul McCartney cancela toda su gira en Jap\u00f3n | El Digital de Asturias<\/title>\n\n","aioseo_head_json":{"title":"Paul McCartney cancela toda su gira en Jap\u00f3n | El Digital de Asturias","description":"Tokio, 20 may (EFE).- El exbeatle Paul McCartney ha cancelado los cuatro conciertos que ten\u00eda previstos dentro de su gira en Jap\u00f3n al no haberse recuperado totalmente de una enfermedad, seg\u00fan anunci\u00f3 hoy la empresa promotora. El artista brit\u00e1nico ten\u00eda previsto actuar los d\u00edas 17 y 18 en el Estadio Nacional de Tokio, el 21","canonical_url":"https:\/\/eldigitaldeasturias.com\/magazine365\/paul-mccartney-cancela-toda-su-gira-en-japon\/","robots":"max-image-preview:large","keywords":"noticias y actualidad","webmasterTools":{"google-site-verification":"UA-38556648-1","miscellaneous":""},"schema":{"@context":"https:\/\/schema.org","@graph":[{"@type":"Article","@id":"https:\/\/eldigitaldeasturias.com\/magazine365\/paul-mccartney-cancela-toda-su-gira-en-japon\/#article","name":"Paul McCartney cancela toda su gira en Jap\u00f3n | El Digital de Asturias","headline":"Paul McCartney cancela toda su gira en Jap\u00f3n","author":{"@id":"https:\/\/eldigitaldeasturias.com\/magazine365\/author\/admin\/#author"},"publisher":{"@id":"https:\/\/eldigitaldeasturias.com\/magazine365\/#organization"},"image":{"@type":"ImageObject","url":"https:\/\/eldigitaldeasturias.com\/magazine365\/wp-content\/uploads\/2014\/05\/6278931w.jpg","width":800,"height":548},"datePublished":"2014-05-20T20:28:46+02:00","dateModified":"2014-05-20T20:28:46+02:00","inLanguage":"es-ES","mainEntityOfPage":{"@id":"https:\/\/eldigitaldeasturias.com\/magazine365\/paul-mccartney-cancela-toda-su-gira-en-japon\/#webpage"},"isPartOf":{"@id":"https:\/\/eldigitaldeasturias.com\/magazine365\/paul-mccartney-cancela-toda-su-gira-en-japon\/#webpage"},"articleSection":"Noticias y Actualidad"},{"@type":"BreadcrumbList","@id":"https:\/\/eldigitaldeasturias.com\/magazine365\/paul-mccartney-cancela-toda-su-gira-en-japon\/#breadcrumblist","itemListElement":[{"@type":"ListItem","@id":"https:\/\/eldigitaldeasturias.com\/magazine365#listItem","position":1,"name":"Home","item":"https:\/\/eldigitaldeasturias.com\/magazine365","nextItem":{"@type":"ListItem","@id":"https:\/\/eldigitaldeasturias.com\/magazine365\/category\/noticias-actualidad\/#listItem","name":"Noticias y Actualidad"}},{"@type":"ListItem","@id":"https:\/\/eldigitaldeasturias.com\/magazine365\/category\/noticias-actualidad\/#listItem","position":2,"name":"Noticias y Actualidad","item":"https:\/\/eldigitaldeasturias.com\/magazine365\/category\/noticias-actualidad\/","nextItem":{"@type":"ListItem","@id":"https:\/\/eldigitaldeasturias.com\/magazine365\/paul-mccartney-cancela-toda-su-gira-en-japon\/#listItem","name":"Paul McCartney cancela toda su gira en Jap\u00f3n"},"previousItem":{"@type":"ListItem","@id":"https:\/\/eldigitaldeasturias.com\/magazine365#listItem","name":"Home"}},{"@type":"ListItem","@id":"https:\/\/eldigitaldeasturias.com\/magazine365\/paul-mccartney-cancela-toda-su-gira-en-japon\/#listItem","position":3,"name":"Paul McCartney cancela toda su gira en Jap\u00f3n","previousItem":{"@type":"ListItem","@id":"https:\/\/eldigitaldeasturias.com\/magazine365\/category\/noticias-actualidad\/#listItem","name":"Noticias y Actualidad"}}]},{"@type":"Organization","@id":"https:\/\/eldigitaldeasturias.com\/magazine365\/#organization","name":"El digital de Asturias","description":"Revista de ocio, turismo y estilo de vida","url":"https:\/\/eldigitaldeasturias.com\/magazine365\/","logo":{"@type":"ImageObject","url":"https:\/\/www.eldigitaldeasturias.com\/noticias\/wp-content\/uploads\/2020\/12\/EDA.jpg","@id":"https:\/\/eldigitaldeasturias.com\/magazine365\/paul-mccartney-cancela-toda-su-gira-en-japon\/#organizationLogo"},"image":{"@id":"https:\/\/eldigitaldeasturias.com\/magazine365\/paul-mccartney-cancela-toda-su-gira-en-japon\/#organizationLogo"}},{"@type":"Person","@id":"https:\/\/eldigitaldeasturias.com\/magazine365\/author\/admin\/#author","url":"https:\/\/eldigitaldeasturias.com\/magazine365\/author\/admin\/","name":"admin","image":{"@type":"ImageObject","@id":"https:\/\/eldigitaldeasturias.com\/magazine365\/paul-mccartney-cancela-toda-su-gira-en-japon\/#authorImage","url":"https:\/\/eldigitaldeasturias.com\/magazine365\/wp-content\/litespeed\/avatar\/e571bcf59a0edd6fa6838245a470f2fe.jpg?ver=1776969259","width":96,"height":96,"caption":"admin"}},{"@type":"WebPage","@id":"https:\/\/eldigitaldeasturias.com\/magazine365\/paul-mccartney-cancela-toda-su-gira-en-japon\/#webpage","url":"https:\/\/eldigitaldeasturias.com\/magazine365\/paul-mccartney-cancela-toda-su-gira-en-japon\/","name":"Paul McCartney cancela toda su gira en Jap\u00f3n | El Digital de Asturias","description":"Tokio, 20 may (EFE).- El exbeatle Paul McCartney ha cancelado los cuatro conciertos que ten\u00eda previstos dentro de su gira en Jap\u00f3n al no haberse recuperado totalmente de una enfermedad, seg\u00fan anunci\u00f3 hoy la empresa promotora. El artista brit\u00e1nico ten\u00eda previsto actuar los d\u00edas 17 y 18 en el Estadio Nacional de Tokio, el 21","inLanguage":"es-ES","isPartOf":{"@id":"https:\/\/eldigitaldeasturias.com\/magazine365\/#website"},"breadcrumb":{"@id":"https:\/\/eldigitaldeasturias.com\/magazine365\/paul-mccartney-cancela-toda-su-gira-en-japon\/#breadcrumblist"},"author":{"@id":"https:\/\/eldigitaldeasturias.com\/magazine365\/author\/admin\/#author"},"creator":{"@id":"https:\/\/eldigitaldeasturias.com\/magazine365\/author\/admin\/#author"},"image":{"@type":"ImageObject","url":"https:\/\/eldigitaldeasturias.com\/magazine365\/wp-content\/uploads\/2014\/05\/6278931w.jpg","@id":"https:\/\/eldigitaldeasturias.com\/magazine365\/paul-mccartney-cancela-toda-su-gira-en-japon\/#mainImage","width":800,"height":548},"primaryImageOfPage":{"@id":"https:\/\/eldigitaldeasturias.com\/magazine365\/paul-mccartney-cancela-toda-su-gira-en-japon\/#mainImage"},"datePublished":"2014-05-20T20:28:46+02:00","dateModified":"2014-05-20T20:28:46+02:00"},{"@type":"WebSite","@id":"https:\/\/eldigitaldeasturias.com\/magazine365\/#website","url":"https:\/\/eldigitaldeasturias.com\/magazine365\/","name":"El Digital de Asturias","description":"Revista de ocio, turismo y estilo de vida","inLanguage":"es-ES","publisher":{"@id":"https:\/\/eldigitaldeasturias.com\/magazine365\/#organization"}}]},"og:locale":"es_ES","og:site_name":"El Digital de Asturias \u2013 Revista de ocio, turismo y estilo de vida","og:type":"article","og:title":"Paul McCartney cancela toda su gira en Jap\u00f3n | El Digital de Asturias","og:description":"Tokio, 20 may (EFE).- El exbeatle Paul McCartney ha cancelado los cuatro conciertos que ten\u00eda previstos dentro de su gira en Jap\u00f3n al no haberse recuperado totalmente de una enfermedad, seg\u00fan anunci\u00f3 hoy la empresa promotora. El artista brit\u00e1nico ten\u00eda previsto actuar los d\u00edas 17 y 18 en el Estadio Nacional de Tokio, el 21","og:url":"https:\/\/eldigitaldeasturias.com\/magazine365\/paul-mccartney-cancela-toda-su-gira-en-japon\/","og:image":"https:\/\/eldigitaldeasturias.com\/magazine365\/wp-content\/uploads\/2014\/05\/6278931w.jpg","og:image:secure_url":"https:\/\/eldigitaldeasturias.com\/magazine365\/wp-content\/uploads\/2014\/05\/6278931w.jpg","og:image:width":800,"og:image:height":548,"article:published_time":"2014-05-20T22:28:46+00:00","article:modified_time":"2014-05-20T22:28:46+00:00","twitter:card":"summary_large_image","twitter:title":"Paul McCartney cancela toda su gira en Jap\u00f3n | El Digital de Asturias","twitter:description":"Tokio, 20 may (EFE).- El exbeatle Paul McCartney ha cancelado los cuatro conciertos que ten\u00eda previstos dentro de su gira en Jap\u00f3n al no haberse recuperado totalmente de una enfermedad, seg\u00fan anunci\u00f3 hoy la empresa promotora. El artista brit\u00e1nico ten\u00eda previsto actuar los d\u00edas 17 y 18 en el Estadio Nacional de Tokio, el 21","twitter:image":"https:\/\/eldigitaldeasturias.com\/magazine365\/wp-content\/uploads\/2014\/05\/6278931w.jpg"},"aioseo_meta_data":{"post_id":"13336","title":null,"description":null,"keywords":null,"keyphrases":null,"primary_term":null,"canonical_url":null,"og_title":null,"og_description":null,"og_object_type":"default","og_image_type":"default","og_image_url":null,"og_image_width":null,"og_image_height":null,"og_image_custom_url":null,"og_image_custom_fields":null,"og_video":null,"og_custom_url":null,"og_article_section":null,"og_article_tags":null,"twitter_use_og":false,"twitter_card":"default","twitter_image_type":"default","twitter_image_url":null,"twitter_image_custom_url":null,"twitter_image_custom_fields":null,"twitter_title":null,"twitter_description":null,"schema":{"blockGraphs":[],"customGraphs":[],"default":{"data":{"Article":[],"Course":[],"Dataset":[],"FAQPage":[],"Movie":[],"Person":[],"Product":[],"ProductReview":[],"Car":[],"Recipe":[],"Service":[],"SoftwareApplication":[],"WebPage":[]},"graphName":"","isEnabled":true},"graphs":[],"defaultGraph":"","defaultPostTypeGraph":""},"schema_type":null,"schema_type_options":null,"pillar_content":false,"robots_default":true,"robots_noindex":false,"robots_noarchive":false,"robots_nosnippet":false,"robots_nofollow":false,"robots_noimageindex":false,"robots_noodp":false,"robots_notranslate":false,"robots_max_snippet":null,"robots_max_videopreview":null,"robots_max_imagepreview":"large","priority":null,"frequency":null,"location":null,"local_seo":null,"seo_analyzer_scan_date":"2025-09-17 08:03:13","breadcrumb_settings":null,"limit_modified_date":false,"open_ai":null,"ai":null,"created":"2021-03-09 08:29:41","updated":"2025-09-17 08:03:13"},"aioseo_breadcrumb":"<div class=\"aioseo-breadcrumbs\"><span class=\"aioseo-breadcrumb\">\n\t<a href=\"https:\/\/eldigitaldeasturias.com\/magazine365\" title=\"Home\">Home<\/a>\n<\/span><span class=\"aioseo-breadcrumb-separator\">\u2013<\/span><span class=\"aioseo-breadcrumb\">\n\t<a href=\"https:\/\/eldigitaldeasturias.com\/magazine365\/category\/noticias-actualidad\/\" title=\"Noticias y Actualidad\">Noticias y Actualidad<\/a>\n<\/span><span class=\"aioseo-breadcrumb-separator\">\u2013<\/span><span class=\"aioseo-breadcrumb\">\n\t<a href=\"https:\/\/eldigitaldeasturias.com\/magazine365\/paul-mccartney-cancela-toda-su-gira-en-japon\/\" title=\"Paul McCartney cancela toda su gira en Jap\u00f3n\">Paul McCartney cancela toda su gira en Jap\u00f3n<\/a>\n<\/span><\/div>","aioseo_breadcrumb_json":[{"label":"Home","link":"https:\/\/eldigitaldeasturias.com\/magazine365"},{"label":"Noticias y Actualidad","link":"https:\/\/eldigitaldeasturias.com\/magazine365\/category\/noticias-actualidad\/"},{"label":"Paul McCartney cancela toda su gira en Jap\u00f3n","link":"https:\/\/eldigitaldeasturias.com\/magazine365\/paul-mccartney-cancela-toda-su-gira-en-japon\/"}],"_links":{"self":[{"href":"https:\/\/eldigitaldeasturias.com\/magazine365\/wp-json\/wp\/v2\/posts\/13336","targetHints":{"allow":["GET"]}}],"collection":[{"href":"https:\/\/eldigitaldeasturias.com\/magazine365\/wp-json\/wp\/v2\/posts"}],"about":[{"href":"https:\/\/eldigitaldeasturias.com\/magazine365\/wp-json\/wp\/v2\/types\/post"}],"author":[{"embeddable":true,"href":"https:\/\/eldigitaldeasturias.com\/magazine365\/wp-json\/wp\/v2\/users\/1"}],"replies":[{"embeddable":true,"href":"https:\/\/eldigitaldeasturias.com\/magazine365\/wp-json\/wp\/v2\/comments?post=13336"}],"version-history":[{"count":0,"href":"https:\/\/eldigitaldeasturias.com\/magazine365\/wp-json\/wp\/v2\/posts\/13336\/revisions"}],"wp:featuredmedia":[{"embeddable":true,"href":"https:\/\/eldigitaldeasturias.com\/magazine365\/wp-json\/wp\/v2\/media\/13337"}],"wp:attachment":[{"href":"https:\/\/eldigitaldeasturias.com\/magazine365\/wp-json\/wp\/v2\/media?parent=13336"}],"wp:term":[{"taxonomy":"category","embeddable":true,"href":"https:\/\/eldigitaldeasturias.com\/magazine365\/wp-json\/wp\/v2\/categories?post=13336"},{"taxonomy":"post_tag","embeddable":true,"href":"https:\/\/eldigitaldeasturias.com\/magazine365\/wp-json\/wp\/v2\/tags?post=13336"}],"curies":[{"name":"wp","href":"https:\/\/api.w.org\/{rel}","templated":true}]}}