{"id":13333,"date":"2014-05-20T20:27:16","date_gmt":"2014-05-20T22:27:16","guid":{"rendered":"http:\/\/eldigitaldeasturias.com\/magazine365\/?p=13333"},"modified":"2014-05-20T20:27:16","modified_gmt":"2014-05-20T22:27:16","slug":"el-dia-en-que-manolo-acepto-ser-nino-bravo-y-cambio-su-vida","status":"publish","type":"post","link":"https:\/\/eldigitaldeasturias.com\/magazine365\/el-dia-en-que-manolo-acepto-ser-nino-bravo-y-cambio-su-vida\/","title":{"rendered":"El d\u00eda en que Manolo acept\u00f3 ser Nino Bravo y cambi\u00f3 su vida"},"content":{"rendered":"<p><img fetchpriority=\"high\" decoding=\"async\" class=\"alignleft size-medium wp-image-13334\" alt=\"6278665w\" src=\"https:\/\/eldigitaldeasturias.com\/magazine365\/wp-content\/uploads\/2014\/05\/6278665w-360x265.jpg\" width=\"360\" height=\"265\" srcset=\"https:\/\/eldigitaldeasturias.com\/magazine365\/wp-content\/uploads\/2014\/05\/6278665w-360x265.jpg 360w, https:\/\/eldigitaldeasturias.com\/magazine365\/wp-content\/uploads\/2014\/05\/6278665w-650x479.jpg 650w, https:\/\/eldigitaldeasturias.com\/magazine365\/wp-content\/uploads\/2014\/05\/6278665w-768x565.jpg 768w, https:\/\/eldigitaldeasturias.com\/magazine365\/wp-content\/uploads\/2014\/05\/6278665w-150x110.jpg 150w, https:\/\/eldigitaldeasturias.com\/magazine365\/wp-content\/uploads\/2014\/05\/6278665w-450x331.jpg 450w, https:\/\/eldigitaldeasturias.com\/magazine365\/wp-content\/uploads\/2014\/05\/6278665w-80x60.jpg 80w, https:\/\/eldigitaldeasturias.com\/magazine365\/wp-content\/uploads\/2014\/05\/6278665w-696x512.jpg 696w, https:\/\/eldigitaldeasturias.com\/magazine365\/wp-content\/uploads\/2014\/05\/6278665w-570x420.jpg 570w, https:\/\/eldigitaldeasturias.com\/magazine365\/wp-content\/uploads\/2014\/05\/6278665w-338x250.jpg 338w, https:\/\/eldigitaldeasturias.com\/magazine365\/wp-content\/uploads\/2014\/05\/6278665w-90x67.jpg 90w, https:\/\/eldigitaldeasturias.com\/magazine365\/wp-content\/uploads\/2014\/05\/6278665w-100x75.jpg 100w, https:\/\/eldigitaldeasturias.com\/magazine365\/wp-content\/uploads\/2014\/05\/6278665w.jpg 800w\" sizes=\"(max-width: 360px) 100vw, 360px\" \/>Valencia, 20 may (EFE).- El 10 de septiembre de 1968, Luis Manuel Ferri, hasta entonces Manolo para amigos y familiares, acept\u00f3 a rega\u00f1adientes el nombre art\u00edstico que su descubridor y representante se hab\u00eda propuesto encontrar para encumbrarle en la canci\u00f3n mel\u00f3dica. Hab\u00eda nacido Nino Bravo y con \u00e9l, un mito.<\/p>\n<p>As\u00ed lo desvela, en primera persona, el periodista y promotor musical Miguel Siur\u00e1n en la \u00abbiograf\u00eda definitiva\u00bb de aquel joven de Aielo de Malferit (Valencia) que cantaba en Los Superson tras haber trabajado en una joyer\u00eda, y a quien \u00e9l se propuso pulir para convertirlo en una estrella internacional.<\/p>\n<p>Siur\u00e1n quiso escribir esta obra, que se presenta hoy en la SGAE de Valencia, para acabar con determinadas versiones en torno a la vida y obra de Nino Bravo que han ido sucedi\u00e9ndose desde su muerte, hace ya 41 a\u00f1os en aquel accidente de tr\u00e1fico en Villarrubio (Cuenca) que elev\u00f3 al \u00eddolo a categor\u00eda de mito.<\/p>\n<p>En orden cronol\u00f3gico y para dejar \u00ablas cosas claras\u00bb, desgrana el proceso musical que llev\u00f3 al int\u00e9rprete de \u00abLibre\u00bb, \u00abUn beso y una flor\u00bb o \u00abAm\u00e9rica\u00bb a ser toda una figura dentro y fuera de Espa\u00f1a, entre an\u00e9cdotas, fotograf\u00edas y di\u00e1logos que recupera de su memoria.<\/p>\n<p>As\u00ed, cuenta que le conoci\u00f3 en julio de 1968 a trav\u00e9s de un amigo com\u00fan y con referencias que le emparejaban musicalmente con Tom Jones. Entre sand\u00edas y horchatas, ambos empezaron a tratarse aunque con no demasiada qu\u00edmica al principio.<\/p>\n<p>Le llev\u00f3 entonces a participar en el Festival de Cantantes Noveles de La Vall d&#8217;Uix\u00f2 (Castell\u00f3n) y para el repertorio, Siur\u00e1n narra c\u00f3mo el a\u00fan Manolo le justific\u00f3 haber elegido \u00abCanzone per te\u00bb, de Sergio Endrigo: \u00abMi estilo es mel\u00f3dico, sobre todo. Durante mis primeros a\u00f1os de cantante llev\u00e9 mucho tiempo en mi repertorio el &#8216;Only you&#8217; de los Platters y canciones de Domenico Modugno\u00bb.<\/p>\n<p>Acompa\u00f1ado por una orquesta y compitiendo, entre otros, con dos participantes que hab\u00edan elegido la misma canci\u00f3n que \u00e9l, Luis Manuel Ferri deslumbr\u00f3 con su torrente de voz pero el p\u00fablico, que votaba con sus aplausos las mejores actuaciones, le dej\u00f3 sin premio.<\/p>\n<p>Esa noche veraniega, su representante se prometi\u00f3 a s\u00ed mismo que se desvivir\u00eda para lograr convertir \u00abaquel chico humilde de barrio en una estrella de la canci\u00f3n\u00bb, algo que deb\u00eda empezar hallando un nombre art\u00edstico acorde con el ambicioso futuro que le aventuraba.<\/p>\n<p>\u00abNino\u00bb vino primero. El autor lo justifica tanto en su admiraci\u00f3n por el compositor italiano Nino Rota como en el apodo valenciano a quien gozaba de un cuerpo \u00abbien formado, elegante y guapet\u00f3n\u00bb; al a\u00fan Manolo le sorprendi\u00f3 cuando se lo \u00abimpuso\u00bb y aunque no se opuso, tampoco mostr\u00f3 un gran entusiasmo.<\/p>\n<p>Lo de \u00abBravo\u00bb lleg\u00f3 d\u00edas despu\u00e9s. Su representante se esforzaba por encontrar un apellido sonoro y musical que cuadrara con Nino y, seg\u00fan cuenta en el libro, dio con \u00e9l durante un rifirrafe de taberna entre marineros y una prostituta: uno de ellos sali\u00f3 en defensa de la mujer y Siur\u00e1n exclam\u00f3 \u00ab\u00a1Bravo, Nino!\u00bb, tras lo cual, asegura, supo que estaba por fin ante lo que iba buscando.<\/p>\n<p>\u00abEn principio Nino le puso reparos, de que le sonaba a torero, pero a m\u00ed me sonaba a gloria\u00bb, recuerda orgulloso el autor, quien teatraliz\u00f3 este bautismo envolviendo al artista en un cartel promocional a modo de capa espa\u00f1ola y \u00abalgo irreverente\u00bb le espet\u00f3: \u00abYo te bautizo con el nombre de Nino Bravo\u00bb.<\/p>\n<p>Comenzaron entonces las sesiones de fotos, las entrevistas promocionales y los primeros contratos discogr\u00e1ficos, de conciertos y festivales (15.000 pesetas de \u00abcach\u00e9\u00bb en 1969) y lleg\u00f3 la ruptura entre el ya asentado Nino Bravo y su representante, antes de saltar al mercado latinoamericano.<\/p>\n<p>El autor resume aquella convulsa \u00e9poca en duros t\u00edtulos de cap\u00edtulos (\u00abNino quiso volver con su descubridor pero \u00e9ste se neg\u00f3\u00bb o \u00abComienza a vislumbrarse el lado oscuro de su vanidad\u00bb) y carga contra \u00e9l, entre otras cosas, por mentir \u00abdeliberadamente\u00bb al explicar el origen de su nombre art\u00edstico.<\/p>\n<p>La obra fluye por el \u00e9xito logrado esos tres a\u00f1os y culmina con aquel fat\u00eddico viaje hacia Madrid, no sin antes describir la cita privada que Nino Bravo tuvo esa ma\u00f1ana del 16 de abril de 1973 en una c\u00e9ntrica cafeter\u00eda de Valencia con una \u00abmisteriosa fan de pelo negro como azabache\u00bb. El mito contin\u00faa.<\/p>\n<p>&nbsp;<\/p>\n<p>Por Carlos Bazarra<\/p>\n","protected":false},"excerpt":{"rendered":"<p>Valencia, 20 may (EFE).- El 10 de septiembre de 1968, Luis Manuel Ferri, hasta entonces Manolo para amigos y familiares, acept\u00f3 a rega\u00f1adientes el nombre art\u00edstico que su descubridor y representante se hab\u00eda propuesto encontrar para encumbrarle en la canci\u00f3n mel\u00f3dica. Hab\u00eda nacido Nino Bravo y con \u00e9l, un mito. As\u00ed lo desvela, en primera<\/p>\n","protected":false},"author":1,"featured_media":13334,"comment_status":"open","ping_status":"closed","sticky":false,"template":"","format":"standard","meta":{"footnotes":""},"categories":[224],"tags":[],"class_list":{"0":"post-13333","1":"post","2":"type-post","3":"status-publish","4":"format-standard","5":"has-post-thumbnail","7":"category-noticias-actualidad"},"aioseo_notices":[],"aioseo_head":"\n\t\t<!-- All in One SEO Pro 4.9.6.1 - aioseo.com -->\n\t<meta name=\"description\" content=\"Valencia, 20 may (EFE).- El 10 de septiembre de 1968, Luis Manuel Ferri, hasta entonces Manolo para amigos y familiares, acept\u00f3 a rega\u00f1adientes el nombre art\u00edstico que su descubridor y representante se hab\u00eda propuesto encontrar para encumbrarle en la canci\u00f3n mel\u00f3dica. Hab\u00eda nacido Nino Bravo y con \u00e9l, un mito. As\u00ed lo desvela, en primera\" \/>\n\t<meta name=\"robots\" content=\"max-image-preview:large\" \/>\n\t<meta name=\"author\" content=\"admin\"\/>\n\t<meta name=\"google-site-verification\" content=\"UA-38556648-1\" \/>\n\t<meta name=\"keywords\" content=\"noticias y actualidad\" \/>\n\t<link rel=\"canonical\" href=\"https:\/\/eldigitaldeasturias.com\/magazine365\/el-dia-en-que-manolo-acepto-ser-nino-bravo-y-cambio-su-vida\/\" \/>\n\t<meta name=\"generator\" content=\"All in One SEO Pro (AIOSEO) 4.9.6.1\" \/>\n\t\t<meta property=\"og:locale\" content=\"es_ES\" \/>\n\t\t<meta property=\"og:site_name\" content=\"El Digital de Asturias \u2013 Revista de ocio, turismo y estilo de vida\" \/>\n\t\t<meta property=\"og:type\" content=\"article\" \/>\n\t\t<meta property=\"og:title\" content=\"El d\u00eda en que Manolo acept\u00f3 ser Nino Bravo y cambi\u00f3 su vida | El Digital de Asturias\" \/>\n\t\t<meta property=\"og:description\" content=\"Valencia, 20 may (EFE).- El 10 de septiembre de 1968, Luis Manuel Ferri, hasta entonces Manolo para amigos y familiares, acept\u00f3 a rega\u00f1adientes el nombre art\u00edstico que su descubridor y representante se hab\u00eda propuesto encontrar para encumbrarle en la canci\u00f3n mel\u00f3dica. Hab\u00eda nacido Nino Bravo y con \u00e9l, un mito. As\u00ed lo desvela, en primera\" \/>\n\t\t<meta property=\"og:url\" content=\"https:\/\/eldigitaldeasturias.com\/magazine365\/el-dia-en-que-manolo-acepto-ser-nino-bravo-y-cambio-su-vida\/\" \/>\n\t\t<meta property=\"og:image\" content=\"https:\/\/eldigitaldeasturias.com\/magazine365\/wp-content\/uploads\/2014\/05\/6278665w.jpg\" \/>\n\t\t<meta property=\"og:image:secure_url\" content=\"https:\/\/eldigitaldeasturias.com\/magazine365\/wp-content\/uploads\/2014\/05\/6278665w.jpg\" \/>\n\t\t<meta property=\"og:image:width\" content=\"800\" \/>\n\t\t<meta property=\"og:image:height\" content=\"589\" \/>\n\t\t<meta property=\"article:published_time\" content=\"2014-05-20T22:27:16+00:00\" \/>\n\t\t<meta property=\"article:modified_time\" content=\"2014-05-20T22:27:16+00:00\" \/>\n\t\t<meta name=\"twitter:card\" content=\"summary_large_image\" \/>\n\t\t<meta name=\"twitter:title\" content=\"El d\u00eda en que Manolo acept\u00f3 ser Nino Bravo y cambi\u00f3 su vida | El Digital de Asturias\" \/>\n\t\t<meta name=\"twitter:description\" content=\"Valencia, 20 may (EFE).- El 10 de septiembre de 1968, Luis Manuel Ferri, hasta entonces Manolo para amigos y familiares, acept\u00f3 a rega\u00f1adientes el nombre art\u00edstico que su descubridor y representante se hab\u00eda propuesto encontrar para encumbrarle en la canci\u00f3n mel\u00f3dica. Hab\u00eda nacido Nino Bravo y con \u00e9l, un mito. As\u00ed lo desvela, en primera\" \/>\n\t\t<meta name=\"twitter:image\" content=\"https:\/\/eldigitaldeasturias.com\/magazine365\/wp-content\/uploads\/2014\/05\/6278665w.jpg\" \/>\n\t\t<script type=\"application\/ld+json\" class=\"aioseo-schema\">\n\t\t\t{\"@context\":\"https:\\\/\\\/schema.org\",\"@graph\":[{\"@type\":\"Article\",\"@id\":\"https:\\\/\\\/eldigitaldeasturias.com\\\/magazine365\\\/el-dia-en-que-manolo-acepto-ser-nino-bravo-y-cambio-su-vida\\\/#article\",\"name\":\"El d\\u00eda en que Manolo acept\\u00f3 ser Nino Bravo y cambi\\u00f3 su vida | El Digital de Asturias\",\"headline\":\"El d\\u00eda en que Manolo acept\\u00f3 ser Nino Bravo y cambi\\u00f3 su vida\",\"author\":{\"@id\":\"https:\\\/\\\/eldigitaldeasturias.com\\\/magazine365\\\/author\\\/admin\\\/#author\"},\"publisher\":{\"@id\":\"https:\\\/\\\/eldigitaldeasturias.com\\\/magazine365\\\/#organization\"},\"image\":{\"@type\":\"ImageObject\",\"url\":\"https:\\\/\\\/eldigitaldeasturias.com\\\/magazine365\\\/wp-content\\\/uploads\\\/2014\\\/05\\\/6278665w.jpg\",\"width\":800,\"height\":589},\"datePublished\":\"2014-05-20T20:27:16+02:00\",\"dateModified\":\"2014-05-20T20:27:16+02:00\",\"inLanguage\":\"es-ES\",\"mainEntityOfPage\":{\"@id\":\"https:\\\/\\\/eldigitaldeasturias.com\\\/magazine365\\\/el-dia-en-que-manolo-acepto-ser-nino-bravo-y-cambio-su-vida\\\/#webpage\"},\"isPartOf\":{\"@id\":\"https:\\\/\\\/eldigitaldeasturias.com\\\/magazine365\\\/el-dia-en-que-manolo-acepto-ser-nino-bravo-y-cambio-su-vida\\\/#webpage\"},\"articleSection\":\"Noticias y Actualidad\"},{\"@type\":\"BreadcrumbList\",\"@id\":\"https:\\\/\\\/eldigitaldeasturias.com\\\/magazine365\\\/el-dia-en-que-manolo-acepto-ser-nino-bravo-y-cambio-su-vida\\\/#breadcrumblist\",\"itemListElement\":[{\"@type\":\"ListItem\",\"@id\":\"https:\\\/\\\/eldigitaldeasturias.com\\\/magazine365#listItem\",\"position\":1,\"name\":\"Home\",\"item\":\"https:\\\/\\\/eldigitaldeasturias.com\\\/magazine365\",\"nextItem\":{\"@type\":\"ListItem\",\"@id\":\"https:\\\/\\\/eldigitaldeasturias.com\\\/magazine365\\\/category\\\/noticias-actualidad\\\/#listItem\",\"name\":\"Noticias y Actualidad\"}},{\"@type\":\"ListItem\",\"@id\":\"https:\\\/\\\/eldigitaldeasturias.com\\\/magazine365\\\/category\\\/noticias-actualidad\\\/#listItem\",\"position\":2,\"name\":\"Noticias y Actualidad\",\"item\":\"https:\\\/\\\/eldigitaldeasturias.com\\\/magazine365\\\/category\\\/noticias-actualidad\\\/\",\"nextItem\":{\"@type\":\"ListItem\",\"@id\":\"https:\\\/\\\/eldigitaldeasturias.com\\\/magazine365\\\/el-dia-en-que-manolo-acepto-ser-nino-bravo-y-cambio-su-vida\\\/#listItem\",\"name\":\"El d\\u00eda en que Manolo acept\\u00f3 ser Nino Bravo y cambi\\u00f3 su vida\"},\"previousItem\":{\"@type\":\"ListItem\",\"@id\":\"https:\\\/\\\/eldigitaldeasturias.com\\\/magazine365#listItem\",\"name\":\"Home\"}},{\"@type\":\"ListItem\",\"@id\":\"https:\\\/\\\/eldigitaldeasturias.com\\\/magazine365\\\/el-dia-en-que-manolo-acepto-ser-nino-bravo-y-cambio-su-vida\\\/#listItem\",\"position\":3,\"name\":\"El d\\u00eda en que Manolo acept\\u00f3 ser Nino Bravo y cambi\\u00f3 su vida\",\"previousItem\":{\"@type\":\"ListItem\",\"@id\":\"https:\\\/\\\/eldigitaldeasturias.com\\\/magazine365\\\/category\\\/noticias-actualidad\\\/#listItem\",\"name\":\"Noticias y Actualidad\"}}]},{\"@type\":\"Organization\",\"@id\":\"https:\\\/\\\/eldigitaldeasturias.com\\\/magazine365\\\/#organization\",\"name\":\"El digital de Asturias\",\"description\":\"Revista de ocio, turismo y estilo de vida\",\"url\":\"https:\\\/\\\/eldigitaldeasturias.com\\\/magazine365\\\/\",\"logo\":{\"@type\":\"ImageObject\",\"url\":\"https:\\\/\\\/www.eldigitaldeasturias.com\\\/noticias\\\/wp-content\\\/uploads\\\/2020\\\/12\\\/EDA.jpg\",\"@id\":\"https:\\\/\\\/eldigitaldeasturias.com\\\/magazine365\\\/el-dia-en-que-manolo-acepto-ser-nino-bravo-y-cambio-su-vida\\\/#organizationLogo\"},\"image\":{\"@id\":\"https:\\\/\\\/eldigitaldeasturias.com\\\/magazine365\\\/el-dia-en-que-manolo-acepto-ser-nino-bravo-y-cambio-su-vida\\\/#organizationLogo\"}},{\"@type\":\"Person\",\"@id\":\"https:\\\/\\\/eldigitaldeasturias.com\\\/magazine365\\\/author\\\/admin\\\/#author\",\"url\":\"https:\\\/\\\/eldigitaldeasturias.com\\\/magazine365\\\/author\\\/admin\\\/\",\"name\":\"admin\",\"image\":{\"@type\":\"ImageObject\",\"@id\":\"https:\\\/\\\/eldigitaldeasturias.com\\\/magazine365\\\/el-dia-en-que-manolo-acepto-ser-nino-bravo-y-cambio-su-vida\\\/#authorImage\",\"url\":\"https:\\\/\\\/eldigitaldeasturias.com\\\/magazine365\\\/wp-content\\\/litespeed\\\/avatar\\\/e571bcf59a0edd6fa6838245a470f2fe.jpg?ver=1776969259\",\"width\":96,\"height\":96,\"caption\":\"admin\"}},{\"@type\":\"WebPage\",\"@id\":\"https:\\\/\\\/eldigitaldeasturias.com\\\/magazine365\\\/el-dia-en-que-manolo-acepto-ser-nino-bravo-y-cambio-su-vida\\\/#webpage\",\"url\":\"https:\\\/\\\/eldigitaldeasturias.com\\\/magazine365\\\/el-dia-en-que-manolo-acepto-ser-nino-bravo-y-cambio-su-vida\\\/\",\"name\":\"El d\\u00eda en que Manolo acept\\u00f3 ser Nino Bravo y cambi\\u00f3 su vida | El Digital de Asturias\",\"description\":\"Valencia, 20 may (EFE).- El 10 de septiembre de 1968, Luis Manuel Ferri, hasta entonces Manolo para amigos y familiares, acept\\u00f3 a rega\\u00f1adientes el nombre art\\u00edstico que su descubridor y representante se hab\\u00eda propuesto encontrar para encumbrarle en la canci\\u00f3n mel\\u00f3dica. Hab\\u00eda nacido Nino Bravo y con \\u00e9l, un mito. As\\u00ed lo desvela, en primera\",\"inLanguage\":\"es-ES\",\"isPartOf\":{\"@id\":\"https:\\\/\\\/eldigitaldeasturias.com\\\/magazine365\\\/#website\"},\"breadcrumb\":{\"@id\":\"https:\\\/\\\/eldigitaldeasturias.com\\\/magazine365\\\/el-dia-en-que-manolo-acepto-ser-nino-bravo-y-cambio-su-vida\\\/#breadcrumblist\"},\"author\":{\"@id\":\"https:\\\/\\\/eldigitaldeasturias.com\\\/magazine365\\\/author\\\/admin\\\/#author\"},\"creator\":{\"@id\":\"https:\\\/\\\/eldigitaldeasturias.com\\\/magazine365\\\/author\\\/admin\\\/#author\"},\"image\":{\"@type\":\"ImageObject\",\"url\":\"https:\\\/\\\/eldigitaldeasturias.com\\\/magazine365\\\/wp-content\\\/uploads\\\/2014\\\/05\\\/6278665w.jpg\",\"@id\":\"https:\\\/\\\/eldigitaldeasturias.com\\\/magazine365\\\/el-dia-en-que-manolo-acepto-ser-nino-bravo-y-cambio-su-vida\\\/#mainImage\",\"width\":800,\"height\":589},\"primaryImageOfPage\":{\"@id\":\"https:\\\/\\\/eldigitaldeasturias.com\\\/magazine365\\\/el-dia-en-que-manolo-acepto-ser-nino-bravo-y-cambio-su-vida\\\/#mainImage\"},\"datePublished\":\"2014-05-20T20:27:16+02:00\",\"dateModified\":\"2014-05-20T20:27:16+02:00\"},{\"@type\":\"WebSite\",\"@id\":\"https:\\\/\\\/eldigitaldeasturias.com\\\/magazine365\\\/#website\",\"url\":\"https:\\\/\\\/eldigitaldeasturias.com\\\/magazine365\\\/\",\"name\":\"El Digital de Asturias\",\"description\":\"Revista de ocio, turismo y estilo de vida\",\"inLanguage\":\"es-ES\",\"publisher\":{\"@id\":\"https:\\\/\\\/eldigitaldeasturias.com\\\/magazine365\\\/#organization\"}}]}\n\t\t<\/script>\n\t\t<!-- All in One SEO Pro -->\r\n\t\t<title>El d\u00eda en que Manolo acept\u00f3 ser Nino Bravo y cambi\u00f3 su vida | El Digital de Asturias<\/title>\n\n","aioseo_head_json":{"title":"El d\u00eda en que Manolo acept\u00f3 ser Nino Bravo y cambi\u00f3 su vida | El Digital de Asturias","description":"Valencia, 20 may (EFE).- El 10 de septiembre de 1968, Luis Manuel Ferri, hasta entonces Manolo para amigos y familiares, acept\u00f3 a rega\u00f1adientes el nombre art\u00edstico que su descubridor y representante se hab\u00eda propuesto encontrar para encumbrarle en la canci\u00f3n mel\u00f3dica. Hab\u00eda nacido Nino Bravo y con \u00e9l, un mito. As\u00ed lo desvela, en primera","canonical_url":"https:\/\/eldigitaldeasturias.com\/magazine365\/el-dia-en-que-manolo-acepto-ser-nino-bravo-y-cambio-su-vida\/","robots":"max-image-preview:large","keywords":"noticias y actualidad","webmasterTools":{"google-site-verification":"UA-38556648-1","miscellaneous":""},"schema":{"@context":"https:\/\/schema.org","@graph":[{"@type":"Article","@id":"https:\/\/eldigitaldeasturias.com\/magazine365\/el-dia-en-que-manolo-acepto-ser-nino-bravo-y-cambio-su-vida\/#article","name":"El d\u00eda en que Manolo acept\u00f3 ser Nino Bravo y cambi\u00f3 su vida | El Digital de Asturias","headline":"El d\u00eda en que Manolo acept\u00f3 ser Nino Bravo y cambi\u00f3 su vida","author":{"@id":"https:\/\/eldigitaldeasturias.com\/magazine365\/author\/admin\/#author"},"publisher":{"@id":"https:\/\/eldigitaldeasturias.com\/magazine365\/#organization"},"image":{"@type":"ImageObject","url":"https:\/\/eldigitaldeasturias.com\/magazine365\/wp-content\/uploads\/2014\/05\/6278665w.jpg","width":800,"height":589},"datePublished":"2014-05-20T20:27:16+02:00","dateModified":"2014-05-20T20:27:16+02:00","inLanguage":"es-ES","mainEntityOfPage":{"@id":"https:\/\/eldigitaldeasturias.com\/magazine365\/el-dia-en-que-manolo-acepto-ser-nino-bravo-y-cambio-su-vida\/#webpage"},"isPartOf":{"@id":"https:\/\/eldigitaldeasturias.com\/magazine365\/el-dia-en-que-manolo-acepto-ser-nino-bravo-y-cambio-su-vida\/#webpage"},"articleSection":"Noticias y Actualidad"},{"@type":"BreadcrumbList","@id":"https:\/\/eldigitaldeasturias.com\/magazine365\/el-dia-en-que-manolo-acepto-ser-nino-bravo-y-cambio-su-vida\/#breadcrumblist","itemListElement":[{"@type":"ListItem","@id":"https:\/\/eldigitaldeasturias.com\/magazine365#listItem","position":1,"name":"Home","item":"https:\/\/eldigitaldeasturias.com\/magazine365","nextItem":{"@type":"ListItem","@id":"https:\/\/eldigitaldeasturias.com\/magazine365\/category\/noticias-actualidad\/#listItem","name":"Noticias y Actualidad"}},{"@type":"ListItem","@id":"https:\/\/eldigitaldeasturias.com\/magazine365\/category\/noticias-actualidad\/#listItem","position":2,"name":"Noticias y Actualidad","item":"https:\/\/eldigitaldeasturias.com\/magazine365\/category\/noticias-actualidad\/","nextItem":{"@type":"ListItem","@id":"https:\/\/eldigitaldeasturias.com\/magazine365\/el-dia-en-que-manolo-acepto-ser-nino-bravo-y-cambio-su-vida\/#listItem","name":"El d\u00eda en que Manolo acept\u00f3 ser Nino Bravo y cambi\u00f3 su vida"},"previousItem":{"@type":"ListItem","@id":"https:\/\/eldigitaldeasturias.com\/magazine365#listItem","name":"Home"}},{"@type":"ListItem","@id":"https:\/\/eldigitaldeasturias.com\/magazine365\/el-dia-en-que-manolo-acepto-ser-nino-bravo-y-cambio-su-vida\/#listItem","position":3,"name":"El d\u00eda en que Manolo acept\u00f3 ser Nino Bravo y cambi\u00f3 su vida","previousItem":{"@type":"ListItem","@id":"https:\/\/eldigitaldeasturias.com\/magazine365\/category\/noticias-actualidad\/#listItem","name":"Noticias y Actualidad"}}]},{"@type":"Organization","@id":"https:\/\/eldigitaldeasturias.com\/magazine365\/#organization","name":"El digital de Asturias","description":"Revista de ocio, turismo y estilo de vida","url":"https:\/\/eldigitaldeasturias.com\/magazine365\/","logo":{"@type":"ImageObject","url":"https:\/\/www.eldigitaldeasturias.com\/noticias\/wp-content\/uploads\/2020\/12\/EDA.jpg","@id":"https:\/\/eldigitaldeasturias.com\/magazine365\/el-dia-en-que-manolo-acepto-ser-nino-bravo-y-cambio-su-vida\/#organizationLogo"},"image":{"@id":"https:\/\/eldigitaldeasturias.com\/magazine365\/el-dia-en-que-manolo-acepto-ser-nino-bravo-y-cambio-su-vida\/#organizationLogo"}},{"@type":"Person","@id":"https:\/\/eldigitaldeasturias.com\/magazine365\/author\/admin\/#author","url":"https:\/\/eldigitaldeasturias.com\/magazine365\/author\/admin\/","name":"admin","image":{"@type":"ImageObject","@id":"https:\/\/eldigitaldeasturias.com\/magazine365\/el-dia-en-que-manolo-acepto-ser-nino-bravo-y-cambio-su-vida\/#authorImage","url":"https:\/\/eldigitaldeasturias.com\/magazine365\/wp-content\/litespeed\/avatar\/e571bcf59a0edd6fa6838245a470f2fe.jpg?ver=1776969259","width":96,"height":96,"caption":"admin"}},{"@type":"WebPage","@id":"https:\/\/eldigitaldeasturias.com\/magazine365\/el-dia-en-que-manolo-acepto-ser-nino-bravo-y-cambio-su-vida\/#webpage","url":"https:\/\/eldigitaldeasturias.com\/magazine365\/el-dia-en-que-manolo-acepto-ser-nino-bravo-y-cambio-su-vida\/","name":"El d\u00eda en que Manolo acept\u00f3 ser Nino Bravo y cambi\u00f3 su vida | El Digital de Asturias","description":"Valencia, 20 may (EFE).- El 10 de septiembre de 1968, Luis Manuel Ferri, hasta entonces Manolo para amigos y familiares, acept\u00f3 a rega\u00f1adientes el nombre art\u00edstico que su descubridor y representante se hab\u00eda propuesto encontrar para encumbrarle en la canci\u00f3n mel\u00f3dica. Hab\u00eda nacido Nino Bravo y con \u00e9l, un mito. As\u00ed lo desvela, en primera","inLanguage":"es-ES","isPartOf":{"@id":"https:\/\/eldigitaldeasturias.com\/magazine365\/#website"},"breadcrumb":{"@id":"https:\/\/eldigitaldeasturias.com\/magazine365\/el-dia-en-que-manolo-acepto-ser-nino-bravo-y-cambio-su-vida\/#breadcrumblist"},"author":{"@id":"https:\/\/eldigitaldeasturias.com\/magazine365\/author\/admin\/#author"},"creator":{"@id":"https:\/\/eldigitaldeasturias.com\/magazine365\/author\/admin\/#author"},"image":{"@type":"ImageObject","url":"https:\/\/eldigitaldeasturias.com\/magazine365\/wp-content\/uploads\/2014\/05\/6278665w.jpg","@id":"https:\/\/eldigitaldeasturias.com\/magazine365\/el-dia-en-que-manolo-acepto-ser-nino-bravo-y-cambio-su-vida\/#mainImage","width":800,"height":589},"primaryImageOfPage":{"@id":"https:\/\/eldigitaldeasturias.com\/magazine365\/el-dia-en-que-manolo-acepto-ser-nino-bravo-y-cambio-su-vida\/#mainImage"},"datePublished":"2014-05-20T20:27:16+02:00","dateModified":"2014-05-20T20:27:16+02:00"},{"@type":"WebSite","@id":"https:\/\/eldigitaldeasturias.com\/magazine365\/#website","url":"https:\/\/eldigitaldeasturias.com\/magazine365\/","name":"El Digital de Asturias","description":"Revista de ocio, turismo y estilo de vida","inLanguage":"es-ES","publisher":{"@id":"https:\/\/eldigitaldeasturias.com\/magazine365\/#organization"}}]},"og:locale":"es_ES","og:site_name":"El Digital de Asturias \u2013 Revista de ocio, turismo y estilo de vida","og:type":"article","og:title":"El d\u00eda en que Manolo acept\u00f3 ser Nino Bravo y cambi\u00f3 su vida | El Digital de Asturias","og:description":"Valencia, 20 may (EFE).- El 10 de septiembre de 1968, Luis Manuel Ferri, hasta entonces Manolo para amigos y familiares, acept\u00f3 a rega\u00f1adientes el nombre art\u00edstico que su descubridor y representante se hab\u00eda propuesto encontrar para encumbrarle en la canci\u00f3n mel\u00f3dica. Hab\u00eda nacido Nino Bravo y con \u00e9l, un mito. As\u00ed lo desvela, en primera","og:url":"https:\/\/eldigitaldeasturias.com\/magazine365\/el-dia-en-que-manolo-acepto-ser-nino-bravo-y-cambio-su-vida\/","og:image":"https:\/\/eldigitaldeasturias.com\/magazine365\/wp-content\/uploads\/2014\/05\/6278665w.jpg","og:image:secure_url":"https:\/\/eldigitaldeasturias.com\/magazine365\/wp-content\/uploads\/2014\/05\/6278665w.jpg","og:image:width":800,"og:image:height":589,"article:published_time":"2014-05-20T22:27:16+00:00","article:modified_time":"2014-05-20T22:27:16+00:00","twitter:card":"summary_large_image","twitter:title":"El d\u00eda en que Manolo acept\u00f3 ser Nino Bravo y cambi\u00f3 su vida | El Digital de Asturias","twitter:description":"Valencia, 20 may (EFE).- El 10 de septiembre de 1968, Luis Manuel Ferri, hasta entonces Manolo para amigos y familiares, acept\u00f3 a rega\u00f1adientes el nombre art\u00edstico que su descubridor y representante se hab\u00eda propuesto encontrar para encumbrarle en la canci\u00f3n mel\u00f3dica. Hab\u00eda nacido Nino Bravo y con \u00e9l, un mito. As\u00ed lo desvela, en primera","twitter:image":"https:\/\/eldigitaldeasturias.com\/magazine365\/wp-content\/uploads\/2014\/05\/6278665w.jpg"},"aioseo_meta_data":{"post_id":"13333","title":null,"description":null,"keywords":null,"keyphrases":null,"primary_term":null,"canonical_url":null,"og_title":null,"og_description":null,"og_object_type":"default","og_image_type":"default","og_image_url":null,"og_image_width":null,"og_image_height":null,"og_image_custom_url":null,"og_image_custom_fields":null,"og_video":null,"og_custom_url":null,"og_article_section":null,"og_article_tags":null,"twitter_use_og":false,"twitter_card":"default","twitter_image_type":"default","twitter_image_url":null,"twitter_image_custom_url":null,"twitter_image_custom_fields":null,"twitter_title":null,"twitter_description":null,"schema":{"blockGraphs":[],"customGraphs":[],"default":{"data":{"Article":[],"Course":[],"Dataset":[],"FAQPage":[],"Movie":[],"Person":[],"Product":[],"ProductReview":[],"Car":[],"Recipe":[],"Service":[],"SoftwareApplication":[],"WebPage":[]},"graphName":"","isEnabled":true},"graphs":[],"defaultGraph":"","defaultPostTypeGraph":""},"schema_type":null,"schema_type_options":null,"pillar_content":false,"robots_default":true,"robots_noindex":false,"robots_noarchive":false,"robots_nosnippet":false,"robots_nofollow":false,"robots_noimageindex":false,"robots_noodp":false,"robots_notranslate":false,"robots_max_snippet":null,"robots_max_videopreview":null,"robots_max_imagepreview":"large","priority":null,"frequency":null,"location":null,"local_seo":null,"seo_analyzer_scan_date":"2025-09-17 08:03:11","breadcrumb_settings":null,"limit_modified_date":false,"open_ai":null,"ai":null,"created":"2021-03-09 08:29:41","updated":"2025-09-17 08:03:11"},"aioseo_breadcrumb":"<div class=\"aioseo-breadcrumbs\"><span class=\"aioseo-breadcrumb\">\n\t<a href=\"https:\/\/eldigitaldeasturias.com\/magazine365\" title=\"Home\">Home<\/a>\n<\/span><span class=\"aioseo-breadcrumb-separator\">\u2013<\/span><span class=\"aioseo-breadcrumb\">\n\t<a href=\"https:\/\/eldigitaldeasturias.com\/magazine365\/category\/noticias-actualidad\/\" title=\"Noticias y Actualidad\">Noticias y Actualidad<\/a>\n<\/span><span class=\"aioseo-breadcrumb-separator\">\u2013<\/span><span class=\"aioseo-breadcrumb\">\n\t<a href=\"https:\/\/eldigitaldeasturias.com\/magazine365\/el-dia-en-que-manolo-acepto-ser-nino-bravo-y-cambio-su-vida\/\" title=\"El d\u00eda en que Manolo acept\u00f3 ser Nino Bravo y cambi\u00f3 su vida\">El d\u00eda en que Manolo acept\u00f3 ser Nino Bravo y cambi\u00f3 su vida<\/a>\n<\/span><\/div>","aioseo_breadcrumb_json":[{"label":"Home","link":"https:\/\/eldigitaldeasturias.com\/magazine365"},{"label":"Noticias y Actualidad","link":"https:\/\/eldigitaldeasturias.com\/magazine365\/category\/noticias-actualidad\/"},{"label":"El d\u00eda en que Manolo acept\u00f3 ser Nino Bravo y cambi\u00f3 su vida","link":"https:\/\/eldigitaldeasturias.com\/magazine365\/el-dia-en-que-manolo-acepto-ser-nino-bravo-y-cambio-su-vida\/"}],"_links":{"self":[{"href":"https:\/\/eldigitaldeasturias.com\/magazine365\/wp-json\/wp\/v2\/posts\/13333","targetHints":{"allow":["GET"]}}],"collection":[{"href":"https:\/\/eldigitaldeasturias.com\/magazine365\/wp-json\/wp\/v2\/posts"}],"about":[{"href":"https:\/\/eldigitaldeasturias.com\/magazine365\/wp-json\/wp\/v2\/types\/post"}],"author":[{"embeddable":true,"href":"https:\/\/eldigitaldeasturias.com\/magazine365\/wp-json\/wp\/v2\/users\/1"}],"replies":[{"embeddable":true,"href":"https:\/\/eldigitaldeasturias.com\/magazine365\/wp-json\/wp\/v2\/comments?post=13333"}],"version-history":[{"count":0,"href":"https:\/\/eldigitaldeasturias.com\/magazine365\/wp-json\/wp\/v2\/posts\/13333\/revisions"}],"wp:featuredmedia":[{"embeddable":true,"href":"https:\/\/eldigitaldeasturias.com\/magazine365\/wp-json\/wp\/v2\/media\/13334"}],"wp:attachment":[{"href":"https:\/\/eldigitaldeasturias.com\/magazine365\/wp-json\/wp\/v2\/media?parent=13333"}],"wp:term":[{"taxonomy":"category","embeddable":true,"href":"https:\/\/eldigitaldeasturias.com\/magazine365\/wp-json\/wp\/v2\/categories?post=13333"},{"taxonomy":"post_tag","embeddable":true,"href":"https:\/\/eldigitaldeasturias.com\/magazine365\/wp-json\/wp\/v2\/tags?post=13333"}],"curies":[{"name":"wp","href":"https:\/\/api.w.org\/{rel}","templated":true}]}}