{"id":13327,"date":"2014-05-20T20:24:27","date_gmt":"2014-05-20T22:24:27","guid":{"rendered":"http:\/\/eldigitaldeasturias.com\/magazine365\/?p=13327"},"modified":"2014-05-20T20:24:27","modified_gmt":"2014-05-20T22:24:27","slug":"raquel-sanchez-silva-publica-su-primera-novela-manana-a-las-seis","status":"publish","type":"post","link":"https:\/\/eldigitaldeasturias.com\/magazine365\/raquel-sanchez-silva-publica-su-primera-novela-manana-a-las-seis\/","title":{"rendered":"Raquel S\u00e1nchez Silva publica su primera novela, \u00abMa\u00f1ana, a las seis\u00bb"},"content":{"rendered":"<p><img fetchpriority=\"high\" decoding=\"async\" class=\"alignleft size-medium wp-image-13328\" alt=\"6278446w\" src=\"https:\/\/eldigitaldeasturias.com\/magazine365\/wp-content\/uploads\/2014\/05\/6278446w-176x300.jpg\" width=\"176\" height=\"300\" \/>Madrid, 20 may (EFE).- La presentadora de televisi\u00f3n Raquel S\u00e1nchez Silva publicar\u00e1 el 5 de junio su primera novela, \u00abMa\u00f1ana, a las seis\u00bb, protagonizada por una mujer en crisis que renunciar\u00e1 a todas las comodidades de una vida estable para vivir al l\u00edmite sus pasiones, ha informado hoy la editorial Planeta.<\/p>\n<p>S\u00e1nchez Silva, que presenta desde un archipi\u00e9lago de Honduras la actual edici\u00f3n del concurso de telerrealidad \u00abSupervivientes\u00bb (Telecinco) avanz\u00f3 en su cuenta de Twitter que se encontraba \u00abmuy feliz\u00bb por haber terminado la novela despu\u00e9s de \u00abun trabajo de tres a\u00f1os\u00bb.<\/p>\n<p>\u00abLa he terminado aqu\u00ed, en Honduras. Nunca lo olvidar\u00e9. Ha sido muy duro sacar el programa y el libro adelante a la vez pero ya est\u00e1. Hecho!!\u00bb, escribi\u00f3 en la red social la presentadora, que regres\u00f3 en noviembre pasado a la televisi\u00f3n con \u00abLa incubadora de negocios\u00bb (Cuatro) tras un periodo retirada de los plat\u00f3s tras la muerte de su marido, el c\u00e1mara de televisi\u00f3n Mario Biondo.<\/p>\n<p>Biondo fue encontrado muerto el 30 de mayo sin signos de violencia en el domicilio madrile\u00f1o que compart\u00eda con S\u00e1nchez Silva, quien d\u00edas despu\u00e9s explic\u00f3 en un comunicado que las circunstancias de la muerte de su esposo apuntaban \u00abclaramente a un tr\u00e1gico y desafortunado accidente\u00bb.<\/p>\n<p>S\u00e1nchez Silva (Plasencia, 1973), que tambi\u00e9n ha presentado recientemente en Cuatro el programa \u00abDeja sitio para el postre\u00bb, ha concluido ahora un libro \u00abseductor, lleno de sorpresas y con fuertes emociones vitales\u00bb, apunta Planeta en una nota de prensa.<\/p>\n<p>En \u00abMa\u00f1ana, a las seis\u00bb S\u00e1nchez Silva narra la debilidad de Luc\u00eda, una mujer que en el peor momento de su autoestima, conoce la pasi\u00f3n y el placer sin reservas, sin imaginar que est\u00e1 siendo v\u00edctima de una gran manipulaci\u00f3n.<\/p>\n<p>Alrededor de ella pivotan personajes como su madre, que prepara su gran despedida; una chica m\u00e1gica en busca de sonidos del espacio exterior; un gato entrometido; una vecina sexy; una camarera adivina; un novio rico; y un hombre de sexualidad implacable, un seductor de libro, a\u00f1ade la editorial.<\/p>\n","protected":false},"excerpt":{"rendered":"<p>Madrid, 20 may (EFE).- La presentadora de televisi\u00f3n Raquel S\u00e1nchez Silva publicar\u00e1 el 5 de junio su primera novela, \u00abMa\u00f1ana, a las seis\u00bb, protagonizada por una mujer en crisis que renunciar\u00e1 a todas las comodidades de una vida estable para vivir al l\u00edmite sus pasiones, ha informado hoy la editorial Planeta. S\u00e1nchez Silva, que presenta<\/p>\n","protected":false},"author":1,"featured_media":13328,"comment_status":"open","ping_status":"closed","sticky":false,"template":"","format":"standard","meta":{"footnotes":""},"categories":[224],"tags":[],"class_list":{"0":"post-13327","1":"post","2":"type-post","3":"status-publish","4":"format-standard","5":"has-post-thumbnail","7":"category-noticias-actualidad"},"aioseo_notices":[],"aioseo_head":"\n\t\t<!-- All in One SEO Pro 4.9.6.1 - aioseo.com -->\n\t<meta name=\"description\" content=\"Madrid, 20 may (EFE).- La presentadora de televisi\u00f3n Raquel S\u00e1nchez Silva publicar\u00e1 el 5 de junio su primera novela, &quot;Ma\u00f1ana, a las seis&quot;, protagonizada por una mujer en crisis que renunciar\u00e1 a todas las comodidades de una vida estable para vivir al l\u00edmite sus pasiones, ha informado hoy la editorial Planeta. S\u00e1nchez Silva, que presenta\" \/>\n\t<meta name=\"robots\" content=\"max-image-preview:large\" \/>\n\t<meta name=\"author\" content=\"admin\"\/>\n\t<meta name=\"google-site-verification\" content=\"UA-38556648-1\" \/>\n\t<meta name=\"keywords\" content=\"noticias y actualidad\" \/>\n\t<link rel=\"canonical\" href=\"https:\/\/eldigitaldeasturias.com\/magazine365\/raquel-sanchez-silva-publica-su-primera-novela-manana-a-las-seis\/\" \/>\n\t<meta name=\"generator\" content=\"All in One SEO Pro (AIOSEO) 4.9.6.1\" \/>\n\t\t<meta property=\"og:locale\" content=\"es_ES\" \/>\n\t\t<meta property=\"og:site_name\" content=\"El Digital de Asturias \u2013 Revista de ocio, turismo y estilo de vida\" \/>\n\t\t<meta property=\"og:type\" content=\"article\" \/>\n\t\t<meta property=\"og:title\" content=\"Raquel S\u00e1nchez Silva publica su primera novela, \u00abMa\u00f1ana, a las seis\u00bb | El Digital de Asturias\" \/>\n\t\t<meta property=\"og:description\" content=\"Madrid, 20 may (EFE).- La presentadora de televisi\u00f3n Raquel S\u00e1nchez Silva publicar\u00e1 el 5 de junio su primera novela, &quot;Ma\u00f1ana, a las seis&quot;, protagonizada por una mujer en crisis que renunciar\u00e1 a todas las comodidades de una vida estable para vivir al l\u00edmite sus pasiones, ha informado hoy la editorial Planeta. S\u00e1nchez Silva, que presenta\" \/>\n\t\t<meta property=\"og:url\" content=\"https:\/\/eldigitaldeasturias.com\/magazine365\/raquel-sanchez-silva-publica-su-primera-novela-manana-a-las-seis\/\" \/>\n\t\t<meta property=\"og:image\" content=\"https:\/\/eldigitaldeasturias.com\/magazine365\/wp-content\/uploads\/2014\/05\/6278446w.jpg\" \/>\n\t\t<meta property=\"og:image:secure_url\" content=\"https:\/\/eldigitaldeasturias.com\/magazine365\/wp-content\/uploads\/2014\/05\/6278446w.jpg\" \/>\n\t\t<meta property=\"og:image:width\" content=\"700\" \/>\n\t\t<meta property=\"og:image:height\" content=\"1189\" \/>\n\t\t<meta property=\"article:published_time\" content=\"2014-05-20T22:24:27+00:00\" \/>\n\t\t<meta property=\"article:modified_time\" content=\"2014-05-20T22:24:27+00:00\" \/>\n\t\t<meta name=\"twitter:card\" content=\"summary_large_image\" \/>\n\t\t<meta name=\"twitter:title\" content=\"Raquel S\u00e1nchez Silva publica su primera novela, \u00abMa\u00f1ana, a las seis\u00bb | El Digital de Asturias\" \/>\n\t\t<meta name=\"twitter:description\" content=\"Madrid, 20 may (EFE).- La presentadora de televisi\u00f3n Raquel S\u00e1nchez Silva publicar\u00e1 el 5 de junio su primera novela, &quot;Ma\u00f1ana, a las seis&quot;, protagonizada por una mujer en crisis que renunciar\u00e1 a todas las comodidades de una vida estable para vivir al l\u00edmite sus pasiones, ha informado hoy la editorial Planeta. S\u00e1nchez Silva, que presenta\" \/>\n\t\t<meta name=\"twitter:image\" content=\"https:\/\/eldigitaldeasturias.com\/magazine365\/wp-content\/uploads\/2014\/05\/6278446w.jpg\" \/>\n\t\t<script type=\"application\/ld+json\" class=\"aioseo-schema\">\n\t\t\t{\"@context\":\"https:\\\/\\\/schema.org\",\"@graph\":[{\"@type\":\"Article\",\"@id\":\"https:\\\/\\\/eldigitaldeasturias.com\\\/magazine365\\\/raquel-sanchez-silva-publica-su-primera-novela-manana-a-las-seis\\\/#article\",\"name\":\"Raquel S\\u00e1nchez Silva publica su primera novela, \\u00abMa\\u00f1ana, a las seis\\u00bb | El Digital de Asturias\",\"headline\":\"Raquel S\\u00e1nchez Silva publica su primera novela, \\u00abMa\\u00f1ana, a las seis\\u00bb\",\"author\":{\"@id\":\"https:\\\/\\\/eldigitaldeasturias.com\\\/magazine365\\\/author\\\/admin\\\/#author\"},\"publisher\":{\"@id\":\"https:\\\/\\\/eldigitaldeasturias.com\\\/magazine365\\\/#organization\"},\"image\":{\"@type\":\"ImageObject\",\"url\":\"https:\\\/\\\/eldigitaldeasturias.com\\\/magazine365\\\/wp-content\\\/uploads\\\/2014\\\/05\\\/6278446w.jpg\",\"width\":700,\"height\":1189},\"datePublished\":\"2014-05-20T20:24:27+02:00\",\"dateModified\":\"2014-05-20T20:24:27+02:00\",\"inLanguage\":\"es-ES\",\"mainEntityOfPage\":{\"@id\":\"https:\\\/\\\/eldigitaldeasturias.com\\\/magazine365\\\/raquel-sanchez-silva-publica-su-primera-novela-manana-a-las-seis\\\/#webpage\"},\"isPartOf\":{\"@id\":\"https:\\\/\\\/eldigitaldeasturias.com\\\/magazine365\\\/raquel-sanchez-silva-publica-su-primera-novela-manana-a-las-seis\\\/#webpage\"},\"articleSection\":\"Noticias y Actualidad\"},{\"@type\":\"BreadcrumbList\",\"@id\":\"https:\\\/\\\/eldigitaldeasturias.com\\\/magazine365\\\/raquel-sanchez-silva-publica-su-primera-novela-manana-a-las-seis\\\/#breadcrumblist\",\"itemListElement\":[{\"@type\":\"ListItem\",\"@id\":\"https:\\\/\\\/eldigitaldeasturias.com\\\/magazine365#listItem\",\"position\":1,\"name\":\"Home\",\"item\":\"https:\\\/\\\/eldigitaldeasturias.com\\\/magazine365\",\"nextItem\":{\"@type\":\"ListItem\",\"@id\":\"https:\\\/\\\/eldigitaldeasturias.com\\\/magazine365\\\/category\\\/noticias-actualidad\\\/#listItem\",\"name\":\"Noticias y Actualidad\"}},{\"@type\":\"ListItem\",\"@id\":\"https:\\\/\\\/eldigitaldeasturias.com\\\/magazine365\\\/category\\\/noticias-actualidad\\\/#listItem\",\"position\":2,\"name\":\"Noticias y Actualidad\",\"item\":\"https:\\\/\\\/eldigitaldeasturias.com\\\/magazine365\\\/category\\\/noticias-actualidad\\\/\",\"nextItem\":{\"@type\":\"ListItem\",\"@id\":\"https:\\\/\\\/eldigitaldeasturias.com\\\/magazine365\\\/raquel-sanchez-silva-publica-su-primera-novela-manana-a-las-seis\\\/#listItem\",\"name\":\"Raquel S\\u00e1nchez Silva publica su primera novela, \\u00abMa\\u00f1ana, a las seis\\u00bb\"},\"previousItem\":{\"@type\":\"ListItem\",\"@id\":\"https:\\\/\\\/eldigitaldeasturias.com\\\/magazine365#listItem\",\"name\":\"Home\"}},{\"@type\":\"ListItem\",\"@id\":\"https:\\\/\\\/eldigitaldeasturias.com\\\/magazine365\\\/raquel-sanchez-silva-publica-su-primera-novela-manana-a-las-seis\\\/#listItem\",\"position\":3,\"name\":\"Raquel S\\u00e1nchez Silva publica su primera novela, \\u00abMa\\u00f1ana, a las seis\\u00bb\",\"previousItem\":{\"@type\":\"ListItem\",\"@id\":\"https:\\\/\\\/eldigitaldeasturias.com\\\/magazine365\\\/category\\\/noticias-actualidad\\\/#listItem\",\"name\":\"Noticias y Actualidad\"}}]},{\"@type\":\"Organization\",\"@id\":\"https:\\\/\\\/eldigitaldeasturias.com\\\/magazine365\\\/#organization\",\"name\":\"El digital de Asturias\",\"description\":\"Revista de ocio, turismo y estilo de vida\",\"url\":\"https:\\\/\\\/eldigitaldeasturias.com\\\/magazine365\\\/\",\"logo\":{\"@type\":\"ImageObject\",\"url\":\"https:\\\/\\\/www.eldigitaldeasturias.com\\\/noticias\\\/wp-content\\\/uploads\\\/2020\\\/12\\\/EDA.jpg\",\"@id\":\"https:\\\/\\\/eldigitaldeasturias.com\\\/magazine365\\\/raquel-sanchez-silva-publica-su-primera-novela-manana-a-las-seis\\\/#organizationLogo\"},\"image\":{\"@id\":\"https:\\\/\\\/eldigitaldeasturias.com\\\/magazine365\\\/raquel-sanchez-silva-publica-su-primera-novela-manana-a-las-seis\\\/#organizationLogo\"}},{\"@type\":\"Person\",\"@id\":\"https:\\\/\\\/eldigitaldeasturias.com\\\/magazine365\\\/author\\\/admin\\\/#author\",\"url\":\"https:\\\/\\\/eldigitaldeasturias.com\\\/magazine365\\\/author\\\/admin\\\/\",\"name\":\"admin\",\"image\":{\"@type\":\"ImageObject\",\"@id\":\"https:\\\/\\\/eldigitaldeasturias.com\\\/magazine365\\\/raquel-sanchez-silva-publica-su-primera-novela-manana-a-las-seis\\\/#authorImage\",\"url\":\"https:\\\/\\\/eldigitaldeasturias.com\\\/magazine365\\\/wp-content\\\/litespeed\\\/avatar\\\/e571bcf59a0edd6fa6838245a470f2fe.jpg?ver=1776969259\",\"width\":96,\"height\":96,\"caption\":\"admin\"}},{\"@type\":\"WebPage\",\"@id\":\"https:\\\/\\\/eldigitaldeasturias.com\\\/magazine365\\\/raquel-sanchez-silva-publica-su-primera-novela-manana-a-las-seis\\\/#webpage\",\"url\":\"https:\\\/\\\/eldigitaldeasturias.com\\\/magazine365\\\/raquel-sanchez-silva-publica-su-primera-novela-manana-a-las-seis\\\/\",\"name\":\"Raquel S\\u00e1nchez Silva publica su primera novela, \\u00abMa\\u00f1ana, a las seis\\u00bb | El Digital de Asturias\",\"description\":\"Madrid, 20 may (EFE).- La presentadora de televisi\\u00f3n Raquel S\\u00e1nchez Silva publicar\\u00e1 el 5 de junio su primera novela, \\\"Ma\\u00f1ana, a las seis\\\", protagonizada por una mujer en crisis que renunciar\\u00e1 a todas las comodidades de una vida estable para vivir al l\\u00edmite sus pasiones, ha informado hoy la editorial Planeta. S\\u00e1nchez Silva, que presenta\",\"inLanguage\":\"es-ES\",\"isPartOf\":{\"@id\":\"https:\\\/\\\/eldigitaldeasturias.com\\\/magazine365\\\/#website\"},\"breadcrumb\":{\"@id\":\"https:\\\/\\\/eldigitaldeasturias.com\\\/magazine365\\\/raquel-sanchez-silva-publica-su-primera-novela-manana-a-las-seis\\\/#breadcrumblist\"},\"author\":{\"@id\":\"https:\\\/\\\/eldigitaldeasturias.com\\\/magazine365\\\/author\\\/admin\\\/#author\"},\"creator\":{\"@id\":\"https:\\\/\\\/eldigitaldeasturias.com\\\/magazine365\\\/author\\\/admin\\\/#author\"},\"image\":{\"@type\":\"ImageObject\",\"url\":\"https:\\\/\\\/eldigitaldeasturias.com\\\/magazine365\\\/wp-content\\\/uploads\\\/2014\\\/05\\\/6278446w.jpg\",\"@id\":\"https:\\\/\\\/eldigitaldeasturias.com\\\/magazine365\\\/raquel-sanchez-silva-publica-su-primera-novela-manana-a-las-seis\\\/#mainImage\",\"width\":700,\"height\":1189},\"primaryImageOfPage\":{\"@id\":\"https:\\\/\\\/eldigitaldeasturias.com\\\/magazine365\\\/raquel-sanchez-silva-publica-su-primera-novela-manana-a-las-seis\\\/#mainImage\"},\"datePublished\":\"2014-05-20T20:24:27+02:00\",\"dateModified\":\"2014-05-20T20:24:27+02:00\"},{\"@type\":\"WebSite\",\"@id\":\"https:\\\/\\\/eldigitaldeasturias.com\\\/magazine365\\\/#website\",\"url\":\"https:\\\/\\\/eldigitaldeasturias.com\\\/magazine365\\\/\",\"name\":\"El Digital de Asturias\",\"description\":\"Revista de ocio, turismo y estilo de vida\",\"inLanguage\":\"es-ES\",\"publisher\":{\"@id\":\"https:\\\/\\\/eldigitaldeasturias.com\\\/magazine365\\\/#organization\"}}]}\n\t\t<\/script>\n\t\t<!-- All in One SEO Pro -->\r\n\t\t<title>Raquel S\u00e1nchez Silva publica su primera novela, \u00abMa\u00f1ana, a las seis\u00bb | El Digital de Asturias<\/title>\n\n","aioseo_head_json":{"title":"Raquel S\u00e1nchez Silva publica su primera novela, \u00abMa\u00f1ana, a las seis\u00bb | El Digital de Asturias","description":"Madrid, 20 may (EFE).- La presentadora de televisi\u00f3n Raquel S\u00e1nchez Silva publicar\u00e1 el 5 de junio su primera novela, \"Ma\u00f1ana, a las seis\", protagonizada por una mujer en crisis que renunciar\u00e1 a todas las comodidades de una vida estable para vivir al l\u00edmite sus pasiones, ha informado hoy la editorial Planeta. S\u00e1nchez Silva, que presenta","canonical_url":"https:\/\/eldigitaldeasturias.com\/magazine365\/raquel-sanchez-silva-publica-su-primera-novela-manana-a-las-seis\/","robots":"max-image-preview:large","keywords":"noticias y actualidad","webmasterTools":{"google-site-verification":"UA-38556648-1","miscellaneous":""},"schema":{"@context":"https:\/\/schema.org","@graph":[{"@type":"Article","@id":"https:\/\/eldigitaldeasturias.com\/magazine365\/raquel-sanchez-silva-publica-su-primera-novela-manana-a-las-seis\/#article","name":"Raquel S\u00e1nchez Silva publica su primera novela, \u00abMa\u00f1ana, a las seis\u00bb | El Digital de Asturias","headline":"Raquel S\u00e1nchez Silva publica su primera novela, \u00abMa\u00f1ana, a las seis\u00bb","author":{"@id":"https:\/\/eldigitaldeasturias.com\/magazine365\/author\/admin\/#author"},"publisher":{"@id":"https:\/\/eldigitaldeasturias.com\/magazine365\/#organization"},"image":{"@type":"ImageObject","url":"https:\/\/eldigitaldeasturias.com\/magazine365\/wp-content\/uploads\/2014\/05\/6278446w.jpg","width":700,"height":1189},"datePublished":"2014-05-20T20:24:27+02:00","dateModified":"2014-05-20T20:24:27+02:00","inLanguage":"es-ES","mainEntityOfPage":{"@id":"https:\/\/eldigitaldeasturias.com\/magazine365\/raquel-sanchez-silva-publica-su-primera-novela-manana-a-las-seis\/#webpage"},"isPartOf":{"@id":"https:\/\/eldigitaldeasturias.com\/magazine365\/raquel-sanchez-silva-publica-su-primera-novela-manana-a-las-seis\/#webpage"},"articleSection":"Noticias y Actualidad"},{"@type":"BreadcrumbList","@id":"https:\/\/eldigitaldeasturias.com\/magazine365\/raquel-sanchez-silva-publica-su-primera-novela-manana-a-las-seis\/#breadcrumblist","itemListElement":[{"@type":"ListItem","@id":"https:\/\/eldigitaldeasturias.com\/magazine365#listItem","position":1,"name":"Home","item":"https:\/\/eldigitaldeasturias.com\/magazine365","nextItem":{"@type":"ListItem","@id":"https:\/\/eldigitaldeasturias.com\/magazine365\/category\/noticias-actualidad\/#listItem","name":"Noticias y Actualidad"}},{"@type":"ListItem","@id":"https:\/\/eldigitaldeasturias.com\/magazine365\/category\/noticias-actualidad\/#listItem","position":2,"name":"Noticias y Actualidad","item":"https:\/\/eldigitaldeasturias.com\/magazine365\/category\/noticias-actualidad\/","nextItem":{"@type":"ListItem","@id":"https:\/\/eldigitaldeasturias.com\/magazine365\/raquel-sanchez-silva-publica-su-primera-novela-manana-a-las-seis\/#listItem","name":"Raquel S\u00e1nchez Silva publica su primera novela, \u00abMa\u00f1ana, a las seis\u00bb"},"previousItem":{"@type":"ListItem","@id":"https:\/\/eldigitaldeasturias.com\/magazine365#listItem","name":"Home"}},{"@type":"ListItem","@id":"https:\/\/eldigitaldeasturias.com\/magazine365\/raquel-sanchez-silva-publica-su-primera-novela-manana-a-las-seis\/#listItem","position":3,"name":"Raquel S\u00e1nchez Silva publica su primera novela, \u00abMa\u00f1ana, a las seis\u00bb","previousItem":{"@type":"ListItem","@id":"https:\/\/eldigitaldeasturias.com\/magazine365\/category\/noticias-actualidad\/#listItem","name":"Noticias y Actualidad"}}]},{"@type":"Organization","@id":"https:\/\/eldigitaldeasturias.com\/magazine365\/#organization","name":"El digital de Asturias","description":"Revista de ocio, turismo y estilo de vida","url":"https:\/\/eldigitaldeasturias.com\/magazine365\/","logo":{"@type":"ImageObject","url":"https:\/\/www.eldigitaldeasturias.com\/noticias\/wp-content\/uploads\/2020\/12\/EDA.jpg","@id":"https:\/\/eldigitaldeasturias.com\/magazine365\/raquel-sanchez-silva-publica-su-primera-novela-manana-a-las-seis\/#organizationLogo"},"image":{"@id":"https:\/\/eldigitaldeasturias.com\/magazine365\/raquel-sanchez-silva-publica-su-primera-novela-manana-a-las-seis\/#organizationLogo"}},{"@type":"Person","@id":"https:\/\/eldigitaldeasturias.com\/magazine365\/author\/admin\/#author","url":"https:\/\/eldigitaldeasturias.com\/magazine365\/author\/admin\/","name":"admin","image":{"@type":"ImageObject","@id":"https:\/\/eldigitaldeasturias.com\/magazine365\/raquel-sanchez-silva-publica-su-primera-novela-manana-a-las-seis\/#authorImage","url":"https:\/\/eldigitaldeasturias.com\/magazine365\/wp-content\/litespeed\/avatar\/e571bcf59a0edd6fa6838245a470f2fe.jpg?ver=1776969259","width":96,"height":96,"caption":"admin"}},{"@type":"WebPage","@id":"https:\/\/eldigitaldeasturias.com\/magazine365\/raquel-sanchez-silva-publica-su-primera-novela-manana-a-las-seis\/#webpage","url":"https:\/\/eldigitaldeasturias.com\/magazine365\/raquel-sanchez-silva-publica-su-primera-novela-manana-a-las-seis\/","name":"Raquel S\u00e1nchez Silva publica su primera novela, \u00abMa\u00f1ana, a las seis\u00bb | El Digital de Asturias","description":"Madrid, 20 may (EFE).- La presentadora de televisi\u00f3n Raquel S\u00e1nchez Silva publicar\u00e1 el 5 de junio su primera novela, \"Ma\u00f1ana, a las seis\", protagonizada por una mujer en crisis que renunciar\u00e1 a todas las comodidades de una vida estable para vivir al l\u00edmite sus pasiones, ha informado hoy la editorial Planeta. S\u00e1nchez Silva, que presenta","inLanguage":"es-ES","isPartOf":{"@id":"https:\/\/eldigitaldeasturias.com\/magazine365\/#website"},"breadcrumb":{"@id":"https:\/\/eldigitaldeasturias.com\/magazine365\/raquel-sanchez-silva-publica-su-primera-novela-manana-a-las-seis\/#breadcrumblist"},"author":{"@id":"https:\/\/eldigitaldeasturias.com\/magazine365\/author\/admin\/#author"},"creator":{"@id":"https:\/\/eldigitaldeasturias.com\/magazine365\/author\/admin\/#author"},"image":{"@type":"ImageObject","url":"https:\/\/eldigitaldeasturias.com\/magazine365\/wp-content\/uploads\/2014\/05\/6278446w.jpg","@id":"https:\/\/eldigitaldeasturias.com\/magazine365\/raquel-sanchez-silva-publica-su-primera-novela-manana-a-las-seis\/#mainImage","width":700,"height":1189},"primaryImageOfPage":{"@id":"https:\/\/eldigitaldeasturias.com\/magazine365\/raquel-sanchez-silva-publica-su-primera-novela-manana-a-las-seis\/#mainImage"},"datePublished":"2014-05-20T20:24:27+02:00","dateModified":"2014-05-20T20:24:27+02:00"},{"@type":"WebSite","@id":"https:\/\/eldigitaldeasturias.com\/magazine365\/#website","url":"https:\/\/eldigitaldeasturias.com\/magazine365\/","name":"El Digital de Asturias","description":"Revista de ocio, turismo y estilo de vida","inLanguage":"es-ES","publisher":{"@id":"https:\/\/eldigitaldeasturias.com\/magazine365\/#organization"}}]},"og:locale":"es_ES","og:site_name":"El Digital de Asturias \u2013 Revista de ocio, turismo y estilo de vida","og:type":"article","og:title":"Raquel S\u00e1nchez Silva publica su primera novela, \u00abMa\u00f1ana, a las seis\u00bb | El Digital de Asturias","og:description":"Madrid, 20 may (EFE).- La presentadora de televisi\u00f3n Raquel S\u00e1nchez Silva publicar\u00e1 el 5 de junio su primera novela, &quot;Ma\u00f1ana, a las seis&quot;, protagonizada por una mujer en crisis que renunciar\u00e1 a todas las comodidades de una vida estable para vivir al l\u00edmite sus pasiones, ha informado hoy la editorial Planeta. S\u00e1nchez Silva, que presenta","og:url":"https:\/\/eldigitaldeasturias.com\/magazine365\/raquel-sanchez-silva-publica-su-primera-novela-manana-a-las-seis\/","og:image":"https:\/\/eldigitaldeasturias.com\/magazine365\/wp-content\/uploads\/2014\/05\/6278446w.jpg","og:image:secure_url":"https:\/\/eldigitaldeasturias.com\/magazine365\/wp-content\/uploads\/2014\/05\/6278446w.jpg","og:image:width":700,"og:image:height":1189,"article:published_time":"2014-05-20T22:24:27+00:00","article:modified_time":"2014-05-20T22:24:27+00:00","twitter:card":"summary_large_image","twitter:title":"Raquel S\u00e1nchez Silva publica su primera novela, \u00abMa\u00f1ana, a las seis\u00bb | El Digital de Asturias","twitter:description":"Madrid, 20 may (EFE).- La presentadora de televisi\u00f3n Raquel S\u00e1nchez Silva publicar\u00e1 el 5 de junio su primera novela, &quot;Ma\u00f1ana, a las seis&quot;, protagonizada por una mujer en crisis que renunciar\u00e1 a todas las comodidades de una vida estable para vivir al l\u00edmite sus pasiones, ha informado hoy la editorial Planeta. S\u00e1nchez Silva, que presenta","twitter:image":"https:\/\/eldigitaldeasturias.com\/magazine365\/wp-content\/uploads\/2014\/05\/6278446w.jpg"},"aioseo_meta_data":{"post_id":"13327","title":null,"description":null,"keywords":null,"keyphrases":null,"primary_term":null,"canonical_url":null,"og_title":null,"og_description":null,"og_object_type":"default","og_image_type":"default","og_image_url":null,"og_image_width":null,"og_image_height":null,"og_image_custom_url":null,"og_image_custom_fields":null,"og_video":null,"og_custom_url":null,"og_article_section":null,"og_article_tags":null,"twitter_use_og":false,"twitter_card":"default","twitter_image_type":"default","twitter_image_url":null,"twitter_image_custom_url":null,"twitter_image_custom_fields":null,"twitter_title":null,"twitter_description":null,"schema":{"blockGraphs":[],"customGraphs":[],"default":{"data":{"Article":[],"Course":[],"Dataset":[],"FAQPage":[],"Movie":[],"Person":[],"Product":[],"ProductReview":[],"Car":[],"Recipe":[],"Service":[],"SoftwareApplication":[],"WebPage":[]},"graphName":"","isEnabled":true},"graphs":[],"defaultGraph":"","defaultPostTypeGraph":""},"schema_type":null,"schema_type_options":null,"pillar_content":false,"robots_default":true,"robots_noindex":false,"robots_noarchive":false,"robots_nosnippet":false,"robots_nofollow":false,"robots_noimageindex":false,"robots_noodp":false,"robots_notranslate":false,"robots_max_snippet":null,"robots_max_videopreview":null,"robots_max_imagepreview":"large","priority":null,"frequency":null,"location":null,"local_seo":null,"seo_analyzer_scan_date":"2025-09-17 08:03:09","breadcrumb_settings":null,"limit_modified_date":false,"open_ai":null,"ai":null,"created":"2021-03-09 08:29:41","updated":"2025-09-17 08:03:09"},"aioseo_breadcrumb":"<div class=\"aioseo-breadcrumbs\"><span class=\"aioseo-breadcrumb\">\n\t<a href=\"https:\/\/eldigitaldeasturias.com\/magazine365\" title=\"Home\">Home<\/a>\n<\/span><span class=\"aioseo-breadcrumb-separator\">\u2013<\/span><span class=\"aioseo-breadcrumb\">\n\t<a href=\"https:\/\/eldigitaldeasturias.com\/magazine365\/category\/noticias-actualidad\/\" title=\"Noticias y Actualidad\">Noticias y Actualidad<\/a>\n<\/span><span class=\"aioseo-breadcrumb-separator\">\u2013<\/span><span class=\"aioseo-breadcrumb\">\n\t<a href=\"https:\/\/eldigitaldeasturias.com\/magazine365\/raquel-sanchez-silva-publica-su-primera-novela-manana-a-las-seis\/\" title=\"Raquel S\u00e1nchez Silva publica su primera novela, \u00abMa\u00f1ana, a las seis\u00bb\">Raquel S\u00e1nchez Silva publica su primera novela, \u00abMa\u00f1ana, a las seis\u00bb<\/a>\n<\/span><\/div>","aioseo_breadcrumb_json":[{"label":"Home","link":"https:\/\/eldigitaldeasturias.com\/magazine365"},{"label":"Noticias y Actualidad","link":"https:\/\/eldigitaldeasturias.com\/magazine365\/category\/noticias-actualidad\/"},{"label":"Raquel S\u00e1nchez Silva publica su primera novela, \u00abMa\u00f1ana, a las seis\u00bb","link":"https:\/\/eldigitaldeasturias.com\/magazine365\/raquel-sanchez-silva-publica-su-primera-novela-manana-a-las-seis\/"}],"_links":{"self":[{"href":"https:\/\/eldigitaldeasturias.com\/magazine365\/wp-json\/wp\/v2\/posts\/13327","targetHints":{"allow":["GET"]}}],"collection":[{"href":"https:\/\/eldigitaldeasturias.com\/magazine365\/wp-json\/wp\/v2\/posts"}],"about":[{"href":"https:\/\/eldigitaldeasturias.com\/magazine365\/wp-json\/wp\/v2\/types\/post"}],"author":[{"embeddable":true,"href":"https:\/\/eldigitaldeasturias.com\/magazine365\/wp-json\/wp\/v2\/users\/1"}],"replies":[{"embeddable":true,"href":"https:\/\/eldigitaldeasturias.com\/magazine365\/wp-json\/wp\/v2\/comments?post=13327"}],"version-history":[{"count":0,"href":"https:\/\/eldigitaldeasturias.com\/magazine365\/wp-json\/wp\/v2\/posts\/13327\/revisions"}],"wp:featuredmedia":[{"embeddable":true,"href":"https:\/\/eldigitaldeasturias.com\/magazine365\/wp-json\/wp\/v2\/media\/13328"}],"wp:attachment":[{"href":"https:\/\/eldigitaldeasturias.com\/magazine365\/wp-json\/wp\/v2\/media?parent=13327"}],"wp:term":[{"taxonomy":"category","embeddable":true,"href":"https:\/\/eldigitaldeasturias.com\/magazine365\/wp-json\/wp\/v2\/categories?post=13327"},{"taxonomy":"post_tag","embeddable":true,"href":"https:\/\/eldigitaldeasturias.com\/magazine365\/wp-json\/wp\/v2\/tags?post=13327"}],"curies":[{"name":"wp","href":"https:\/\/api.w.org\/{rel}","templated":true}]}}