{"id":13324,"date":"2014-05-20T20:23:29","date_gmt":"2014-05-20T22:23:29","guid":{"rendered":"http:\/\/eldigitaldeasturias.com\/magazine365\/?p=13324"},"modified":"2014-05-20T20:23:29","modified_gmt":"2014-05-20T22:23:29","slug":"el-saxofonista-kenny-garrett-trae-a-espana-su-jazz-cargado-de-energia","status":"publish","type":"post","link":"https:\/\/eldigitaldeasturias.com\/magazine365\/el-saxofonista-kenny-garrett-trae-a-espana-su-jazz-cargado-de-energia\/","title":{"rendered":"El saxofonista Kenny Garrett trae a Espa\u00f1a su jazz cargado de \u00abenerg\u00eda\u00bb"},"content":{"rendered":"<p><img fetchpriority=\"high\" decoding=\"async\" class=\"alignleft size-medium wp-image-13325\" alt=\"6277987w\" src=\"https:\/\/eldigitaldeasturias.com\/magazine365\/wp-content\/uploads\/2014\/05\/6277987w-360x239.jpg\" width=\"360\" height=\"239\" \/>Madrid, 20 may (EFE).- El saxofonista de jazz Kenny Garrett, alumno aventajado de Miles Davis, regresa a Espa\u00f1a con su grupo para una gira con final en Madrid en la que presentar\u00e1 su \u00faltimo disco, \u00abPushing the world away\u00bb, y para la que promete conciertos con mucha \u00abdiversi\u00f3n\u00bb y \u00abenerg\u00eda\u00bb.<\/p>\n<p>\u00abVenimos simplemente a hacer m\u00fasica. Queremos que la gente se divierta, que es algo que el p\u00fablico espa\u00f1ol puede hacer mejor que en otros lugares y por eso traemos mucha energ\u00eda para ellos\u00bb, ha afirmado el m\u00fasico estadounidense en entrevista telef\u00f3nica con Efe.<\/p>\n<p>En formaci\u00f3n de quinteto, Kenny Garrett ofrecer\u00e1 un concierto hoy en Bilbao y actuar\u00e1 el 22 de mayo en Logro\u00f1o, el 23 en Barcelona, el 25 en Santiago de Compostela para cerrar el 26 su recorrido por Espa\u00f1a con un concierto en Madrid.<\/p>\n<p>M\u00e1s de treinta a\u00f1os de carrera avalan la brillante trayectoria de Garrett (Detroit, 1960), uno de los saxofonistas m\u00e1s reconocidos y exitosos del jazz actual y que a lo largo de su vida se ha codeado con los m\u00e1s grandes, como Miles Davis o Chick Corea, un hecho que en su opini\u00f3n le ha \u00abayudado mucho\u00bb a desarrollar su sonido y su identidad.<\/p>\n<p>\u00abLa influencia de Miles siempre est\u00e1 presente\u00bb, admite Garrett, al tiempo que subraya que ciertas canciones de su \u00faltimo disco \u00abPushing the world away\u00bb, editado en 2013, \u00abreflejan algo de la cultura latina\u00bb.<\/p>\n<p>El ejemplo m\u00e1s evidente es \u00abChucho&#8217;s mambo\u00bb, dedicada a su buen amigo Chucho Vald\u00e9s y con quien ha intentado colaborar en varias ocasiones, de momento sin \u00e9xito.<\/p>\n<p>\u00abMe junt\u00e9 con Chucho y estuvimos hablando sobre hacer un disco, pero no pudo ser\u00bb, dice acerca del pianista cubano, quien no es, sin embargo, el \u00fanico amigo homenajeado en el disco.<\/p>\n<p>Garrett dedica \u00abHey, Chick\u00bb a su colega Chick Corea en un tema que, seg\u00fan el m\u00fasico, tiene un sonido \u00abmuy espa\u00f1ol\u00bb, mientras que \u00abJ&#8217;ouvert\u00bb, compuesta para ser \u00abuna canci\u00f3n feliz de carnaval\u00bb, es un regalo para el tambi\u00e9n saxofonista Sonny Rollins.<\/p>\n<p>\u00abPuedes inspirarte por cualquier cosa, pero tener amigos as\u00ed lo hace m\u00e1s sencillo\u00bb, explica Garrett sobre un disco en el que tambi\u00e9n ha buscado ideas en sus experiencias recorriendo el mundo de escenario en escenario.<\/p>\n<p>\u00abEn mis viajes, conozco gente, aprendo m\u00fasica&#8230; Cuanto m\u00e1s vas a un lugar, m\u00e1s f\u00e1cil es conectar con el sentimiento de ese sitio\u00bb, dice.<\/p>\n<p>Aunque se siente orgulloso de una carrera tan larga y exitosa, Garrett asegura que no da \u00abnada por hecho\u00bb y que sigue \u00abtrabajando duro\u00bb para \u00abhacer la mejor m\u00fasica\u00bb posible.<\/p>\n<p>Adem\u00e1s, se alegra de que el jazz sea en la actualidad mucho m\u00e1s popular que cuando \u00e9l empez\u00f3, una circunstancia que \u00e9l atribuye al mayor inter\u00e9s que hay en universidades y escuelas de m\u00fasica por estudiarlo y a que se trata de una \u00abm\u00fasica universal que emociona a todo el mundo\u00bb.<\/p>\n<p>Preguntado acerca de la dif\u00edcil situaci\u00f3n de Detroit, su ciudad natal y una de las ciudades m\u00e1s afectadas en Estados Unidos por la crisis econ\u00f3mica, Garrett cree que est\u00e1 pasando por una \u00abtransici\u00f3n\u00bb y conf\u00eda en que pronto haya \u00abun punto de cambio\u00bb y \u00abuna remontada\u00bb.<\/p>\n","protected":false},"excerpt":{"rendered":"<p>Madrid, 20 may (EFE).- El saxofonista de jazz Kenny Garrett, alumno aventajado de Miles Davis, regresa a Espa\u00f1a con su grupo para una gira con final en Madrid en la que presentar\u00e1 su \u00faltimo disco, \u00abPushing the world away\u00bb, y para la que promete conciertos con mucha \u00abdiversi\u00f3n\u00bb y \u00abenerg\u00eda\u00bb. \u00abVenimos simplemente a hacer m\u00fasica.<\/p>\n","protected":false},"author":1,"featured_media":13325,"comment_status":"open","ping_status":"closed","sticky":false,"template":"","format":"standard","meta":{"footnotes":""},"categories":[224],"tags":[],"class_list":{"0":"post-13324","1":"post","2":"type-post","3":"status-publish","4":"format-standard","5":"has-post-thumbnail","7":"category-noticias-actualidad"},"aioseo_notices":[],"aioseo_head":"\n\t\t<!-- All in One SEO Pro 4.9.6.1 - aioseo.com -->\n\t<meta name=\"description\" content=\"Madrid, 20 may (EFE).- El saxofonista de jazz Kenny Garrett, alumno aventajado de Miles Davis, regresa a Espa\u00f1a con su grupo para una gira con final en Madrid en la que presentar\u00e1 su \u00faltimo disco, &quot;Pushing the world away&quot;, y para la que promete conciertos con mucha &quot;diversi\u00f3n&quot; y &quot;energ\u00eda&quot;. &quot;Venimos simplemente a hacer m\u00fasica.\" \/>\n\t<meta name=\"robots\" content=\"max-image-preview:large\" \/>\n\t<meta name=\"author\" content=\"admin\"\/>\n\t<meta name=\"google-site-verification\" content=\"UA-38556648-1\" \/>\n\t<meta name=\"keywords\" content=\"noticias y actualidad\" \/>\n\t<link rel=\"canonical\" href=\"https:\/\/eldigitaldeasturias.com\/magazine365\/el-saxofonista-kenny-garrett-trae-a-espana-su-jazz-cargado-de-energia\/\" \/>\n\t<meta name=\"generator\" content=\"All in One SEO Pro (AIOSEO) 4.9.6.1\" \/>\n\t\t<meta property=\"og:locale\" content=\"es_ES\" \/>\n\t\t<meta property=\"og:site_name\" content=\"El Digital de Asturias \u2013 Revista de ocio, turismo y estilo de vida\" \/>\n\t\t<meta property=\"og:type\" content=\"article\" \/>\n\t\t<meta property=\"og:title\" content=\"El saxofonista Kenny Garrett trae a Espa\u00f1a su jazz cargado de \u00abenerg\u00eda\u00bb | El Digital de Asturias\" \/>\n\t\t<meta property=\"og:description\" content=\"Madrid, 20 may (EFE).- El saxofonista de jazz Kenny Garrett, alumno aventajado de Miles Davis, regresa a Espa\u00f1a con su grupo para una gira con final en Madrid en la que presentar\u00e1 su \u00faltimo disco, &quot;Pushing the world away&quot;, y para la que promete conciertos con mucha &quot;diversi\u00f3n&quot; y &quot;energ\u00eda&quot;. &quot;Venimos simplemente a hacer m\u00fasica.\" \/>\n\t\t<meta property=\"og:url\" content=\"https:\/\/eldigitaldeasturias.com\/magazine365\/el-saxofonista-kenny-garrett-trae-a-espana-su-jazz-cargado-de-energia\/\" \/>\n\t\t<meta property=\"og:image\" content=\"https:\/\/eldigitaldeasturias.com\/magazine365\/wp-content\/uploads\/2014\/05\/6277987w.jpg\" \/>\n\t\t<meta property=\"og:image:secure_url\" content=\"https:\/\/eldigitaldeasturias.com\/magazine365\/wp-content\/uploads\/2014\/05\/6277987w.jpg\" \/>\n\t\t<meta property=\"og:image:width\" content=\"800\" \/>\n\t\t<meta property=\"og:image:height\" content=\"533\" \/>\n\t\t<meta property=\"article:published_time\" content=\"2014-05-20T22:23:29+00:00\" \/>\n\t\t<meta property=\"article:modified_time\" content=\"2014-05-20T22:23:29+00:00\" \/>\n\t\t<meta name=\"twitter:card\" content=\"summary_large_image\" \/>\n\t\t<meta name=\"twitter:title\" content=\"El saxofonista Kenny Garrett trae a Espa\u00f1a su jazz cargado de \u00abenerg\u00eda\u00bb | El Digital de Asturias\" \/>\n\t\t<meta name=\"twitter:description\" content=\"Madrid, 20 may (EFE).- El saxofonista de jazz Kenny Garrett, alumno aventajado de Miles Davis, regresa a Espa\u00f1a con su grupo para una gira con final en Madrid en la que presentar\u00e1 su \u00faltimo disco, &quot;Pushing the world away&quot;, y para la que promete conciertos con mucha &quot;diversi\u00f3n&quot; y &quot;energ\u00eda&quot;. &quot;Venimos simplemente a hacer m\u00fasica.\" \/>\n\t\t<meta name=\"twitter:image\" content=\"https:\/\/eldigitaldeasturias.com\/magazine365\/wp-content\/uploads\/2014\/05\/6277987w.jpg\" \/>\n\t\t<script type=\"application\/ld+json\" class=\"aioseo-schema\">\n\t\t\t{\"@context\":\"https:\\\/\\\/schema.org\",\"@graph\":[{\"@type\":\"Article\",\"@id\":\"https:\\\/\\\/eldigitaldeasturias.com\\\/magazine365\\\/el-saxofonista-kenny-garrett-trae-a-espana-su-jazz-cargado-de-energia\\\/#article\",\"name\":\"El saxofonista Kenny Garrett trae a Espa\\u00f1a su jazz cargado de \\u00abenerg\\u00eda\\u00bb | El Digital de Asturias\",\"headline\":\"El saxofonista Kenny Garrett trae a Espa\\u00f1a su jazz cargado de \\u00abenerg\\u00eda\\u00bb\",\"author\":{\"@id\":\"https:\\\/\\\/eldigitaldeasturias.com\\\/magazine365\\\/author\\\/admin\\\/#author\"},\"publisher\":{\"@id\":\"https:\\\/\\\/eldigitaldeasturias.com\\\/magazine365\\\/#organization\"},\"image\":{\"@type\":\"ImageObject\",\"url\":\"https:\\\/\\\/eldigitaldeasturias.com\\\/magazine365\\\/wp-content\\\/uploads\\\/2014\\\/05\\\/6277987w.jpg\",\"width\":800,\"height\":533},\"datePublished\":\"2014-05-20T20:23:29+02:00\",\"dateModified\":\"2014-05-20T20:23:29+02:00\",\"inLanguage\":\"es-ES\",\"mainEntityOfPage\":{\"@id\":\"https:\\\/\\\/eldigitaldeasturias.com\\\/magazine365\\\/el-saxofonista-kenny-garrett-trae-a-espana-su-jazz-cargado-de-energia\\\/#webpage\"},\"isPartOf\":{\"@id\":\"https:\\\/\\\/eldigitaldeasturias.com\\\/magazine365\\\/el-saxofonista-kenny-garrett-trae-a-espana-su-jazz-cargado-de-energia\\\/#webpage\"},\"articleSection\":\"Noticias y Actualidad\"},{\"@type\":\"BreadcrumbList\",\"@id\":\"https:\\\/\\\/eldigitaldeasturias.com\\\/magazine365\\\/el-saxofonista-kenny-garrett-trae-a-espana-su-jazz-cargado-de-energia\\\/#breadcrumblist\",\"itemListElement\":[{\"@type\":\"ListItem\",\"@id\":\"https:\\\/\\\/eldigitaldeasturias.com\\\/magazine365#listItem\",\"position\":1,\"name\":\"Home\",\"item\":\"https:\\\/\\\/eldigitaldeasturias.com\\\/magazine365\",\"nextItem\":{\"@type\":\"ListItem\",\"@id\":\"https:\\\/\\\/eldigitaldeasturias.com\\\/magazine365\\\/category\\\/noticias-actualidad\\\/#listItem\",\"name\":\"Noticias y Actualidad\"}},{\"@type\":\"ListItem\",\"@id\":\"https:\\\/\\\/eldigitaldeasturias.com\\\/magazine365\\\/category\\\/noticias-actualidad\\\/#listItem\",\"position\":2,\"name\":\"Noticias y Actualidad\",\"item\":\"https:\\\/\\\/eldigitaldeasturias.com\\\/magazine365\\\/category\\\/noticias-actualidad\\\/\",\"nextItem\":{\"@type\":\"ListItem\",\"@id\":\"https:\\\/\\\/eldigitaldeasturias.com\\\/magazine365\\\/el-saxofonista-kenny-garrett-trae-a-espana-su-jazz-cargado-de-energia\\\/#listItem\",\"name\":\"El saxofonista Kenny Garrett trae a Espa\\u00f1a su jazz cargado de \\u00abenerg\\u00eda\\u00bb\"},\"previousItem\":{\"@type\":\"ListItem\",\"@id\":\"https:\\\/\\\/eldigitaldeasturias.com\\\/magazine365#listItem\",\"name\":\"Home\"}},{\"@type\":\"ListItem\",\"@id\":\"https:\\\/\\\/eldigitaldeasturias.com\\\/magazine365\\\/el-saxofonista-kenny-garrett-trae-a-espana-su-jazz-cargado-de-energia\\\/#listItem\",\"position\":3,\"name\":\"El saxofonista Kenny Garrett trae a Espa\\u00f1a su jazz cargado de \\u00abenerg\\u00eda\\u00bb\",\"previousItem\":{\"@type\":\"ListItem\",\"@id\":\"https:\\\/\\\/eldigitaldeasturias.com\\\/magazine365\\\/category\\\/noticias-actualidad\\\/#listItem\",\"name\":\"Noticias y Actualidad\"}}]},{\"@type\":\"Organization\",\"@id\":\"https:\\\/\\\/eldigitaldeasturias.com\\\/magazine365\\\/#organization\",\"name\":\"El digital de Asturias\",\"description\":\"Revista de ocio, turismo y estilo de vida\",\"url\":\"https:\\\/\\\/eldigitaldeasturias.com\\\/magazine365\\\/\",\"logo\":{\"@type\":\"ImageObject\",\"url\":\"https:\\\/\\\/www.eldigitaldeasturias.com\\\/noticias\\\/wp-content\\\/uploads\\\/2020\\\/12\\\/EDA.jpg\",\"@id\":\"https:\\\/\\\/eldigitaldeasturias.com\\\/magazine365\\\/el-saxofonista-kenny-garrett-trae-a-espana-su-jazz-cargado-de-energia\\\/#organizationLogo\"},\"image\":{\"@id\":\"https:\\\/\\\/eldigitaldeasturias.com\\\/magazine365\\\/el-saxofonista-kenny-garrett-trae-a-espana-su-jazz-cargado-de-energia\\\/#organizationLogo\"}},{\"@type\":\"Person\",\"@id\":\"https:\\\/\\\/eldigitaldeasturias.com\\\/magazine365\\\/author\\\/admin\\\/#author\",\"url\":\"https:\\\/\\\/eldigitaldeasturias.com\\\/magazine365\\\/author\\\/admin\\\/\",\"name\":\"admin\",\"image\":{\"@type\":\"ImageObject\",\"@id\":\"https:\\\/\\\/eldigitaldeasturias.com\\\/magazine365\\\/el-saxofonista-kenny-garrett-trae-a-espana-su-jazz-cargado-de-energia\\\/#authorImage\",\"url\":\"https:\\\/\\\/eldigitaldeasturias.com\\\/magazine365\\\/wp-content\\\/litespeed\\\/avatar\\\/e571bcf59a0edd6fa6838245a470f2fe.jpg?ver=1776969259\",\"width\":96,\"height\":96,\"caption\":\"admin\"}},{\"@type\":\"WebPage\",\"@id\":\"https:\\\/\\\/eldigitaldeasturias.com\\\/magazine365\\\/el-saxofonista-kenny-garrett-trae-a-espana-su-jazz-cargado-de-energia\\\/#webpage\",\"url\":\"https:\\\/\\\/eldigitaldeasturias.com\\\/magazine365\\\/el-saxofonista-kenny-garrett-trae-a-espana-su-jazz-cargado-de-energia\\\/\",\"name\":\"El saxofonista Kenny Garrett trae a Espa\\u00f1a su jazz cargado de \\u00abenerg\\u00eda\\u00bb | El Digital de Asturias\",\"description\":\"Madrid, 20 may (EFE).- El saxofonista de jazz Kenny Garrett, alumno aventajado de Miles Davis, regresa a Espa\\u00f1a con su grupo para una gira con final en Madrid en la que presentar\\u00e1 su \\u00faltimo disco, \\\"Pushing the world away\\\", y para la que promete conciertos con mucha \\\"diversi\\u00f3n\\\" y \\\"energ\\u00eda\\\". \\\"Venimos simplemente a hacer m\\u00fasica.\",\"inLanguage\":\"es-ES\",\"isPartOf\":{\"@id\":\"https:\\\/\\\/eldigitaldeasturias.com\\\/magazine365\\\/#website\"},\"breadcrumb\":{\"@id\":\"https:\\\/\\\/eldigitaldeasturias.com\\\/magazine365\\\/el-saxofonista-kenny-garrett-trae-a-espana-su-jazz-cargado-de-energia\\\/#breadcrumblist\"},\"author\":{\"@id\":\"https:\\\/\\\/eldigitaldeasturias.com\\\/magazine365\\\/author\\\/admin\\\/#author\"},\"creator\":{\"@id\":\"https:\\\/\\\/eldigitaldeasturias.com\\\/magazine365\\\/author\\\/admin\\\/#author\"},\"image\":{\"@type\":\"ImageObject\",\"url\":\"https:\\\/\\\/eldigitaldeasturias.com\\\/magazine365\\\/wp-content\\\/uploads\\\/2014\\\/05\\\/6277987w.jpg\",\"@id\":\"https:\\\/\\\/eldigitaldeasturias.com\\\/magazine365\\\/el-saxofonista-kenny-garrett-trae-a-espana-su-jazz-cargado-de-energia\\\/#mainImage\",\"width\":800,\"height\":533},\"primaryImageOfPage\":{\"@id\":\"https:\\\/\\\/eldigitaldeasturias.com\\\/magazine365\\\/el-saxofonista-kenny-garrett-trae-a-espana-su-jazz-cargado-de-energia\\\/#mainImage\"},\"datePublished\":\"2014-05-20T20:23:29+02:00\",\"dateModified\":\"2014-05-20T20:23:29+02:00\"},{\"@type\":\"WebSite\",\"@id\":\"https:\\\/\\\/eldigitaldeasturias.com\\\/magazine365\\\/#website\",\"url\":\"https:\\\/\\\/eldigitaldeasturias.com\\\/magazine365\\\/\",\"name\":\"El Digital de Asturias\",\"description\":\"Revista de ocio, turismo y estilo de vida\",\"inLanguage\":\"es-ES\",\"publisher\":{\"@id\":\"https:\\\/\\\/eldigitaldeasturias.com\\\/magazine365\\\/#organization\"}}]}\n\t\t<\/script>\n\t\t<!-- All in One SEO Pro -->\r\n\t\t<title>El saxofonista Kenny Garrett trae a Espa\u00f1a su jazz cargado de \u00abenerg\u00eda\u00bb | El Digital de Asturias<\/title>\n\n","aioseo_head_json":{"title":"El saxofonista Kenny Garrett trae a Espa\u00f1a su jazz cargado de \u00abenerg\u00eda\u00bb | El Digital de Asturias","description":"Madrid, 20 may (EFE).- El saxofonista de jazz Kenny Garrett, alumno aventajado de Miles Davis, regresa a Espa\u00f1a con su grupo para una gira con final en Madrid en la que presentar\u00e1 su \u00faltimo disco, \"Pushing the world away\", y para la que promete conciertos con mucha \"diversi\u00f3n\" y \"energ\u00eda\". \"Venimos simplemente a hacer m\u00fasica.","canonical_url":"https:\/\/eldigitaldeasturias.com\/magazine365\/el-saxofonista-kenny-garrett-trae-a-espana-su-jazz-cargado-de-energia\/","robots":"max-image-preview:large","keywords":"noticias y actualidad","webmasterTools":{"google-site-verification":"UA-38556648-1","miscellaneous":""},"schema":{"@context":"https:\/\/schema.org","@graph":[{"@type":"Article","@id":"https:\/\/eldigitaldeasturias.com\/magazine365\/el-saxofonista-kenny-garrett-trae-a-espana-su-jazz-cargado-de-energia\/#article","name":"El saxofonista Kenny Garrett trae a Espa\u00f1a su jazz cargado de \u00abenerg\u00eda\u00bb | El Digital de Asturias","headline":"El saxofonista Kenny Garrett trae a Espa\u00f1a su jazz cargado de \u00abenerg\u00eda\u00bb","author":{"@id":"https:\/\/eldigitaldeasturias.com\/magazine365\/author\/admin\/#author"},"publisher":{"@id":"https:\/\/eldigitaldeasturias.com\/magazine365\/#organization"},"image":{"@type":"ImageObject","url":"https:\/\/eldigitaldeasturias.com\/magazine365\/wp-content\/uploads\/2014\/05\/6277987w.jpg","width":800,"height":533},"datePublished":"2014-05-20T20:23:29+02:00","dateModified":"2014-05-20T20:23:29+02:00","inLanguage":"es-ES","mainEntityOfPage":{"@id":"https:\/\/eldigitaldeasturias.com\/magazine365\/el-saxofonista-kenny-garrett-trae-a-espana-su-jazz-cargado-de-energia\/#webpage"},"isPartOf":{"@id":"https:\/\/eldigitaldeasturias.com\/magazine365\/el-saxofonista-kenny-garrett-trae-a-espana-su-jazz-cargado-de-energia\/#webpage"},"articleSection":"Noticias y Actualidad"},{"@type":"BreadcrumbList","@id":"https:\/\/eldigitaldeasturias.com\/magazine365\/el-saxofonista-kenny-garrett-trae-a-espana-su-jazz-cargado-de-energia\/#breadcrumblist","itemListElement":[{"@type":"ListItem","@id":"https:\/\/eldigitaldeasturias.com\/magazine365#listItem","position":1,"name":"Home","item":"https:\/\/eldigitaldeasturias.com\/magazine365","nextItem":{"@type":"ListItem","@id":"https:\/\/eldigitaldeasturias.com\/magazine365\/category\/noticias-actualidad\/#listItem","name":"Noticias y Actualidad"}},{"@type":"ListItem","@id":"https:\/\/eldigitaldeasturias.com\/magazine365\/category\/noticias-actualidad\/#listItem","position":2,"name":"Noticias y Actualidad","item":"https:\/\/eldigitaldeasturias.com\/magazine365\/category\/noticias-actualidad\/","nextItem":{"@type":"ListItem","@id":"https:\/\/eldigitaldeasturias.com\/magazine365\/el-saxofonista-kenny-garrett-trae-a-espana-su-jazz-cargado-de-energia\/#listItem","name":"El saxofonista Kenny Garrett trae a Espa\u00f1a su jazz cargado de \u00abenerg\u00eda\u00bb"},"previousItem":{"@type":"ListItem","@id":"https:\/\/eldigitaldeasturias.com\/magazine365#listItem","name":"Home"}},{"@type":"ListItem","@id":"https:\/\/eldigitaldeasturias.com\/magazine365\/el-saxofonista-kenny-garrett-trae-a-espana-su-jazz-cargado-de-energia\/#listItem","position":3,"name":"El saxofonista Kenny Garrett trae a Espa\u00f1a su jazz cargado de \u00abenerg\u00eda\u00bb","previousItem":{"@type":"ListItem","@id":"https:\/\/eldigitaldeasturias.com\/magazine365\/category\/noticias-actualidad\/#listItem","name":"Noticias y Actualidad"}}]},{"@type":"Organization","@id":"https:\/\/eldigitaldeasturias.com\/magazine365\/#organization","name":"El digital de Asturias","description":"Revista de ocio, turismo y estilo de vida","url":"https:\/\/eldigitaldeasturias.com\/magazine365\/","logo":{"@type":"ImageObject","url":"https:\/\/www.eldigitaldeasturias.com\/noticias\/wp-content\/uploads\/2020\/12\/EDA.jpg","@id":"https:\/\/eldigitaldeasturias.com\/magazine365\/el-saxofonista-kenny-garrett-trae-a-espana-su-jazz-cargado-de-energia\/#organizationLogo"},"image":{"@id":"https:\/\/eldigitaldeasturias.com\/magazine365\/el-saxofonista-kenny-garrett-trae-a-espana-su-jazz-cargado-de-energia\/#organizationLogo"}},{"@type":"Person","@id":"https:\/\/eldigitaldeasturias.com\/magazine365\/author\/admin\/#author","url":"https:\/\/eldigitaldeasturias.com\/magazine365\/author\/admin\/","name":"admin","image":{"@type":"ImageObject","@id":"https:\/\/eldigitaldeasturias.com\/magazine365\/el-saxofonista-kenny-garrett-trae-a-espana-su-jazz-cargado-de-energia\/#authorImage","url":"https:\/\/eldigitaldeasturias.com\/magazine365\/wp-content\/litespeed\/avatar\/e571bcf59a0edd6fa6838245a470f2fe.jpg?ver=1776969259","width":96,"height":96,"caption":"admin"}},{"@type":"WebPage","@id":"https:\/\/eldigitaldeasturias.com\/magazine365\/el-saxofonista-kenny-garrett-trae-a-espana-su-jazz-cargado-de-energia\/#webpage","url":"https:\/\/eldigitaldeasturias.com\/magazine365\/el-saxofonista-kenny-garrett-trae-a-espana-su-jazz-cargado-de-energia\/","name":"El saxofonista Kenny Garrett trae a Espa\u00f1a su jazz cargado de \u00abenerg\u00eda\u00bb | El Digital de Asturias","description":"Madrid, 20 may (EFE).- El saxofonista de jazz Kenny Garrett, alumno aventajado de Miles Davis, regresa a Espa\u00f1a con su grupo para una gira con final en Madrid en la que presentar\u00e1 su \u00faltimo disco, \"Pushing the world away\", y para la que promete conciertos con mucha \"diversi\u00f3n\" y \"energ\u00eda\". \"Venimos simplemente a hacer m\u00fasica.","inLanguage":"es-ES","isPartOf":{"@id":"https:\/\/eldigitaldeasturias.com\/magazine365\/#website"},"breadcrumb":{"@id":"https:\/\/eldigitaldeasturias.com\/magazine365\/el-saxofonista-kenny-garrett-trae-a-espana-su-jazz-cargado-de-energia\/#breadcrumblist"},"author":{"@id":"https:\/\/eldigitaldeasturias.com\/magazine365\/author\/admin\/#author"},"creator":{"@id":"https:\/\/eldigitaldeasturias.com\/magazine365\/author\/admin\/#author"},"image":{"@type":"ImageObject","url":"https:\/\/eldigitaldeasturias.com\/magazine365\/wp-content\/uploads\/2014\/05\/6277987w.jpg","@id":"https:\/\/eldigitaldeasturias.com\/magazine365\/el-saxofonista-kenny-garrett-trae-a-espana-su-jazz-cargado-de-energia\/#mainImage","width":800,"height":533},"primaryImageOfPage":{"@id":"https:\/\/eldigitaldeasturias.com\/magazine365\/el-saxofonista-kenny-garrett-trae-a-espana-su-jazz-cargado-de-energia\/#mainImage"},"datePublished":"2014-05-20T20:23:29+02:00","dateModified":"2014-05-20T20:23:29+02:00"},{"@type":"WebSite","@id":"https:\/\/eldigitaldeasturias.com\/magazine365\/#website","url":"https:\/\/eldigitaldeasturias.com\/magazine365\/","name":"El Digital de Asturias","description":"Revista de ocio, turismo y estilo de vida","inLanguage":"es-ES","publisher":{"@id":"https:\/\/eldigitaldeasturias.com\/magazine365\/#organization"}}]},"og:locale":"es_ES","og:site_name":"El Digital de Asturias \u2013 Revista de ocio, turismo y estilo de vida","og:type":"article","og:title":"El saxofonista Kenny Garrett trae a Espa\u00f1a su jazz cargado de \u00abenerg\u00eda\u00bb | El Digital de Asturias","og:description":"Madrid, 20 may (EFE).- El saxofonista de jazz Kenny Garrett, alumno aventajado de Miles Davis, regresa a Espa\u00f1a con su grupo para una gira con final en Madrid en la que presentar\u00e1 su \u00faltimo disco, &quot;Pushing the world away&quot;, y para la que promete conciertos con mucha &quot;diversi\u00f3n&quot; y &quot;energ\u00eda&quot;. &quot;Venimos simplemente a hacer m\u00fasica.","og:url":"https:\/\/eldigitaldeasturias.com\/magazine365\/el-saxofonista-kenny-garrett-trae-a-espana-su-jazz-cargado-de-energia\/","og:image":"https:\/\/eldigitaldeasturias.com\/magazine365\/wp-content\/uploads\/2014\/05\/6277987w.jpg","og:image:secure_url":"https:\/\/eldigitaldeasturias.com\/magazine365\/wp-content\/uploads\/2014\/05\/6277987w.jpg","og:image:width":800,"og:image:height":533,"article:published_time":"2014-05-20T22:23:29+00:00","article:modified_time":"2014-05-20T22:23:29+00:00","twitter:card":"summary_large_image","twitter:title":"El saxofonista Kenny Garrett trae a Espa\u00f1a su jazz cargado de \u00abenerg\u00eda\u00bb | El Digital de Asturias","twitter:description":"Madrid, 20 may (EFE).- El saxofonista de jazz Kenny Garrett, alumno aventajado de Miles Davis, regresa a Espa\u00f1a con su grupo para una gira con final en Madrid en la que presentar\u00e1 su \u00faltimo disco, &quot;Pushing the world away&quot;, y para la que promete conciertos con mucha &quot;diversi\u00f3n&quot; y &quot;energ\u00eda&quot;. &quot;Venimos simplemente a hacer m\u00fasica.","twitter:image":"https:\/\/eldigitaldeasturias.com\/magazine365\/wp-content\/uploads\/2014\/05\/6277987w.jpg"},"aioseo_meta_data":{"post_id":"13324","title":null,"description":null,"keywords":null,"keyphrases":null,"primary_term":null,"canonical_url":null,"og_title":null,"og_description":null,"og_object_type":"default","og_image_type":"default","og_image_url":null,"og_image_width":null,"og_image_height":null,"og_image_custom_url":null,"og_image_custom_fields":null,"og_video":null,"og_custom_url":null,"og_article_section":null,"og_article_tags":null,"twitter_use_og":false,"twitter_card":"default","twitter_image_type":"default","twitter_image_url":null,"twitter_image_custom_url":null,"twitter_image_custom_fields":null,"twitter_title":null,"twitter_description":null,"schema":{"blockGraphs":[],"customGraphs":[],"default":{"data":{"Article":[],"Course":[],"Dataset":[],"FAQPage":[],"Movie":[],"Person":[],"Product":[],"ProductReview":[],"Car":[],"Recipe":[],"Service":[],"SoftwareApplication":[],"WebPage":[]},"graphName":"","isEnabled":true},"graphs":[],"defaultGraph":"","defaultPostTypeGraph":""},"schema_type":null,"schema_type_options":null,"pillar_content":false,"robots_default":true,"robots_noindex":false,"robots_noarchive":false,"robots_nosnippet":false,"robots_nofollow":false,"robots_noimageindex":false,"robots_noodp":false,"robots_notranslate":false,"robots_max_snippet":null,"robots_max_videopreview":null,"robots_max_imagepreview":"large","priority":null,"frequency":null,"location":null,"local_seo":null,"seo_analyzer_scan_date":"2025-09-17 08:03:07","breadcrumb_settings":null,"limit_modified_date":false,"open_ai":null,"ai":null,"created":"2021-03-09 08:29:41","updated":"2025-09-17 08:03:07"},"aioseo_breadcrumb":"<div class=\"aioseo-breadcrumbs\"><span class=\"aioseo-breadcrumb\">\n\t<a href=\"https:\/\/eldigitaldeasturias.com\/magazine365\" title=\"Home\">Home<\/a>\n<\/span><span class=\"aioseo-breadcrumb-separator\">\u2013<\/span><span class=\"aioseo-breadcrumb\">\n\t<a href=\"https:\/\/eldigitaldeasturias.com\/magazine365\/category\/noticias-actualidad\/\" title=\"Noticias y Actualidad\">Noticias y Actualidad<\/a>\n<\/span><span class=\"aioseo-breadcrumb-separator\">\u2013<\/span><span class=\"aioseo-breadcrumb\">\n\t<a href=\"https:\/\/eldigitaldeasturias.com\/magazine365\/el-saxofonista-kenny-garrett-trae-a-espana-su-jazz-cargado-de-energia\/\" title=\"El saxofonista Kenny Garrett trae a Espa\u00f1a su jazz cargado de \u00abenerg\u00eda\u00bb\">El saxofonista Kenny Garrett trae a Espa\u00f1a su jazz cargado de \u00abenerg\u00eda\u00bb<\/a>\n<\/span><\/div>","aioseo_breadcrumb_json":[{"label":"Home","link":"https:\/\/eldigitaldeasturias.com\/magazine365"},{"label":"Noticias y Actualidad","link":"https:\/\/eldigitaldeasturias.com\/magazine365\/category\/noticias-actualidad\/"},{"label":"El saxofonista Kenny Garrett trae a Espa\u00f1a su jazz cargado de \u00abenerg\u00eda\u00bb","link":"https:\/\/eldigitaldeasturias.com\/magazine365\/el-saxofonista-kenny-garrett-trae-a-espana-su-jazz-cargado-de-energia\/"}],"_links":{"self":[{"href":"https:\/\/eldigitaldeasturias.com\/magazine365\/wp-json\/wp\/v2\/posts\/13324","targetHints":{"allow":["GET"]}}],"collection":[{"href":"https:\/\/eldigitaldeasturias.com\/magazine365\/wp-json\/wp\/v2\/posts"}],"about":[{"href":"https:\/\/eldigitaldeasturias.com\/magazine365\/wp-json\/wp\/v2\/types\/post"}],"author":[{"embeddable":true,"href":"https:\/\/eldigitaldeasturias.com\/magazine365\/wp-json\/wp\/v2\/users\/1"}],"replies":[{"embeddable":true,"href":"https:\/\/eldigitaldeasturias.com\/magazine365\/wp-json\/wp\/v2\/comments?post=13324"}],"version-history":[{"count":0,"href":"https:\/\/eldigitaldeasturias.com\/magazine365\/wp-json\/wp\/v2\/posts\/13324\/revisions"}],"wp:featuredmedia":[{"embeddable":true,"href":"https:\/\/eldigitaldeasturias.com\/magazine365\/wp-json\/wp\/v2\/media\/13325"}],"wp:attachment":[{"href":"https:\/\/eldigitaldeasturias.com\/magazine365\/wp-json\/wp\/v2\/media?parent=13324"}],"wp:term":[{"taxonomy":"category","embeddable":true,"href":"https:\/\/eldigitaldeasturias.com\/magazine365\/wp-json\/wp\/v2\/categories?post=13324"},{"taxonomy":"post_tag","embeddable":true,"href":"https:\/\/eldigitaldeasturias.com\/magazine365\/wp-json\/wp\/v2\/tags?post=13324"}],"curies":[{"name":"wp","href":"https:\/\/api.w.org\/{rel}","templated":true}]}}