{"id":13321,"date":"2014-05-20T20:22:25","date_gmt":"2014-05-20T22:22:25","guid":{"rendered":"http:\/\/eldigitaldeasturias.com\/magazine365\/?p=13321"},"modified":"2014-05-20T20:22:25","modified_gmt":"2014-05-20T22:22:25","slug":"subaru-incorpora-al-mercado-la-cuarta-generacion-de-wrx-sti","status":"publish","type":"post","link":"https:\/\/eldigitaldeasturias.com\/magazine365\/subaru-incorpora-al-mercado-la-cuarta-generacion-de-wrx-sti\/","title":{"rendered":"Subaru incorpora al mercado la cuarta generaci\u00f3n de WRX STi"},"content":{"rendered":"<p><img fetchpriority=\"high\" decoding=\"async\" class=\"alignleft size-medium wp-image-13322\" alt=\"6278073w\" src=\"https:\/\/eldigitaldeasturias.com\/magazine365\/wp-content\/uploads\/2014\/05\/6278073w-360x244.jpg\" width=\"360\" height=\"244\" srcset=\"https:\/\/eldigitaldeasturias.com\/magazine365\/wp-content\/uploads\/2014\/05\/6278073w-360x244.jpg 360w, https:\/\/eldigitaldeasturias.com\/magazine365\/wp-content\/uploads\/2014\/05\/6278073w-650x441.jpg 650w, https:\/\/eldigitaldeasturias.com\/magazine365\/wp-content\/uploads\/2014\/05\/6278073w-768x521.jpg 768w, https:\/\/eldigitaldeasturias.com\/magazine365\/wp-content\/uploads\/2014\/05\/6278073w-150x102.jpg 150w, https:\/\/eldigitaldeasturias.com\/magazine365\/wp-content\/uploads\/2014\/05\/6278073w-450x305.jpg 450w, https:\/\/eldigitaldeasturias.com\/magazine365\/wp-content\/uploads\/2014\/05\/6278073w-696x472.jpg 696w, https:\/\/eldigitaldeasturias.com\/magazine365\/wp-content\/uploads\/2014\/05\/6278073w-619x420.jpg 619w, https:\/\/eldigitaldeasturias.com\/magazine365\/wp-content\/uploads\/2014\/05\/6278073w.jpg 800w\" sizes=\"(max-width: 360px) 100vw, 360px\" \/>Segovia, 20 may (EFE).- La importadora de la marca japonesa para el mercado espa\u00f1ol ha incorporado a la gama la cuarta generaci\u00f3n del WRX STi, un coche considerado para entendidos, al tratarse de berlina de altas prestaciones, a un paso de una de competici\u00f3n.<\/p>\n<p>Este modelo de Subaru, creado espec\u00edficamente para ser un deportivo de sensaciones, con un escaso volumen de ventas, pero que muestra la tecnolog\u00eda que la marca japonesa, especializada en motores de cilindros opuestos y tracci\u00f3n integral, incorpora en el resto de los modelos de su gama, en la que prevalecen los veh\u00edculos funcionales tipo crossover.<\/p>\n<p>La previsi\u00f3n de ventas para el mercado espa\u00f1ol de este coche propulsado por el motor de gasolina (b\u00f3xer) de 2.5 litros y 300 caballos de potencia es de un centenar de unidades, por debajo del 10 % de las ventas totales de la marca en Espa\u00f1a.<\/p>\n<p>El pasado a\u00f1o, Subaru cerr\u00f3 el ejercicio con un volumen matriculado de 1.236 unidades, un 17 % m\u00e1s que en el ejercicio precedente, con una previsi\u00f3n de crecimiento este a\u00f1o algo m\u00e1s reducido, en torno al 6 %.<\/p>\n<p>El resto de las ventas de Subaru en el mercado espa\u00f1ol, en el que est\u00e1 presente desde hace 30 a\u00f1os, est\u00e1 concentrado en los modelos crossover XV, Outback y Forester<\/p>\n<p>El nuevo Subaru, que muestra su ADN deportivo compartiendo el 70 % de piezas y componentes con el WRX STi con el que este a\u00f1o la marca japonesa volver\u00e1 a las 24 Horas de N\u00fcrburgring para intentar repetir triunfo en su categor\u00eda, aunque esta ocasi\u00f3n deber\u00e1 enfrentar al TT con el que concurre Audi.<\/p>\n<p>La nueva generaci\u00f3n del WRX STi, despu\u00e9s de 20 a\u00f1os de existencia de Subaru T\u00e9cnica Internacional (STi), la divisi\u00f3n de preparaciones de la marca japonesa, es m\u00e1s deportiva y m\u00e1s \u00e1gil que la generaci\u00f3n predecesora, aunque el lema de ingenier\u00eda del fabricante de Fuji Heavy Industries ha sido el de \u00abpura potencia bajo control\u00bb.<\/p>\n<p>Para configurar un coche con sensaciones y mayor control y seguridad, Subaru ha actuado en varios frentes, entre ellos, el proporcionar una mayor distancia entre ejes, con un incremento de la rigidez torsional en un 40 % y transversal en un 30 %.<\/p>\n<p>Tambi\u00e9n ha actuado sobre la direcci\u00f3n, ahora m\u00e1s r\u00e1pida; el eje trasero, para que se mantenga m\u00e1s firme en las trazadas, y el balanceo, que ha sido reducido un 16 %, hasta extremos similares a los de un porsche 911, asegura la marca.<\/p>\n<p>La suspensi\u00f3n de este nuevo WRX STi es de la firma Bilstein, y la tracci\u00f3n integral est\u00e1 formada por tres diferenciales mec\u00e1nicos autoblocantes y un sistema electr\u00f3nico denominado Active Torque Vectoring, que act\u00faa sobre el sistema de frenado.<\/p>\n<p>Este nuevo STi equipo el sistema DCCD (Driver Controlled Center Diferential) que permite ajustar el reparto de par entre ejes al gusto del conductor en 9 posiciones.<\/p>\n<p>El sistema recibe la potencia del motor b\u00f3xer de distribuci\u00f3n variable de 2.5 Turbo, que ofrece 300 CV de potencia y 407 Nm. de par de manera mucho m\u00e1s lineal e inmediata, con lo que consigue una velocidad 255 km\/h y una aceleraci\u00f3n de cero a 100 km\/h de 5,2 segundos.<\/p>\n<p>El equipo de frenos ventilados Brembo es de 326 mil\u00edmetros los delanteros y de 316 los traseros. la caja de cambios manual de 6 velocidades, mejora su guiado y rapidez.<\/p>\n","protected":false},"excerpt":{"rendered":"<p>Segovia, 20 may (EFE).- La importadora de la marca japonesa para el mercado espa\u00f1ol ha incorporado a la gama la cuarta generaci\u00f3n del WRX STi, un coche considerado para entendidos, al tratarse de berlina de altas prestaciones, a un paso de una de competici\u00f3n. Este modelo de Subaru, creado espec\u00edficamente para ser un deportivo de<\/p>\n","protected":false},"author":1,"featured_media":13322,"comment_status":"open","ping_status":"closed","sticky":false,"template":"","format":"standard","meta":{"footnotes":""},"categories":[224],"tags":[],"class_list":{"0":"post-13321","1":"post","2":"type-post","3":"status-publish","4":"format-standard","5":"has-post-thumbnail","7":"category-noticias-actualidad"},"aioseo_notices":[],"aioseo_head":"\n\t\t<!-- All in One SEO Pro 4.9.6.1 - aioseo.com -->\n\t<meta name=\"description\" content=\"Segovia, 20 may (EFE).- La importadora de la marca japonesa para el mercado espa\u00f1ol ha incorporado a la gama la cuarta generaci\u00f3n del WRX STi, un coche considerado para entendidos, al tratarse de berlina de altas prestaciones, a un paso de una de competici\u00f3n. Este modelo de Subaru, creado espec\u00edficamente para ser un deportivo de\" \/>\n\t<meta name=\"robots\" content=\"max-image-preview:large\" \/>\n\t<meta name=\"author\" content=\"admin\"\/>\n\t<meta name=\"google-site-verification\" content=\"UA-38556648-1\" \/>\n\t<meta name=\"keywords\" content=\"noticias y actualidad\" \/>\n\t<link rel=\"canonical\" href=\"https:\/\/eldigitaldeasturias.com\/magazine365\/subaru-incorpora-al-mercado-la-cuarta-generacion-de-wrx-sti\/\" \/>\n\t<meta name=\"generator\" content=\"All in One SEO Pro (AIOSEO) 4.9.6.1\" \/>\n\t\t<meta property=\"og:locale\" content=\"es_ES\" \/>\n\t\t<meta property=\"og:site_name\" content=\"El Digital de Asturias \u2013 Revista de ocio, turismo y estilo de vida\" \/>\n\t\t<meta property=\"og:type\" content=\"article\" \/>\n\t\t<meta property=\"og:title\" content=\"Subaru incorpora al mercado la cuarta generaci\u00f3n de WRX STi | El Digital de Asturias\" \/>\n\t\t<meta property=\"og:description\" content=\"Segovia, 20 may (EFE).- La importadora de la marca japonesa para el mercado espa\u00f1ol ha incorporado a la gama la cuarta generaci\u00f3n del WRX STi, un coche considerado para entendidos, al tratarse de berlina de altas prestaciones, a un paso de una de competici\u00f3n. Este modelo de Subaru, creado espec\u00edficamente para ser un deportivo de\" \/>\n\t\t<meta property=\"og:url\" content=\"https:\/\/eldigitaldeasturias.com\/magazine365\/subaru-incorpora-al-mercado-la-cuarta-generacion-de-wrx-sti\/\" \/>\n\t\t<meta property=\"og:image\" content=\"https:\/\/eldigitaldeasturias.com\/magazine365\/wp-content\/uploads\/2014\/05\/6278073w.jpg\" \/>\n\t\t<meta property=\"og:image:secure_url\" content=\"https:\/\/eldigitaldeasturias.com\/magazine365\/wp-content\/uploads\/2014\/05\/6278073w.jpg\" \/>\n\t\t<meta property=\"og:image:width\" content=\"800\" \/>\n\t\t<meta property=\"og:image:height\" content=\"543\" \/>\n\t\t<meta property=\"article:published_time\" content=\"2014-05-20T22:22:25+00:00\" \/>\n\t\t<meta property=\"article:modified_time\" content=\"2014-05-20T22:22:25+00:00\" \/>\n\t\t<meta name=\"twitter:card\" content=\"summary_large_image\" \/>\n\t\t<meta name=\"twitter:title\" content=\"Subaru incorpora al mercado la cuarta generaci\u00f3n de WRX STi | El Digital de Asturias\" \/>\n\t\t<meta name=\"twitter:description\" content=\"Segovia, 20 may (EFE).- La importadora de la marca japonesa para el mercado espa\u00f1ol ha incorporado a la gama la cuarta generaci\u00f3n del WRX STi, un coche considerado para entendidos, al tratarse de berlina de altas prestaciones, a un paso de una de competici\u00f3n. Este modelo de Subaru, creado espec\u00edficamente para ser un deportivo de\" \/>\n\t\t<meta name=\"twitter:image\" content=\"https:\/\/eldigitaldeasturias.com\/magazine365\/wp-content\/uploads\/2014\/05\/6278073w.jpg\" \/>\n\t\t<script type=\"application\/ld+json\" class=\"aioseo-schema\">\n\t\t\t{\"@context\":\"https:\\\/\\\/schema.org\",\"@graph\":[{\"@type\":\"Article\",\"@id\":\"https:\\\/\\\/eldigitaldeasturias.com\\\/magazine365\\\/subaru-incorpora-al-mercado-la-cuarta-generacion-de-wrx-sti\\\/#article\",\"name\":\"Subaru incorpora al mercado la cuarta generaci\\u00f3n de WRX STi | El Digital de Asturias\",\"headline\":\"Subaru incorpora al mercado la cuarta generaci\\u00f3n de WRX STi\",\"author\":{\"@id\":\"https:\\\/\\\/eldigitaldeasturias.com\\\/magazine365\\\/author\\\/admin\\\/#author\"},\"publisher\":{\"@id\":\"https:\\\/\\\/eldigitaldeasturias.com\\\/magazine365\\\/#organization\"},\"image\":{\"@type\":\"ImageObject\",\"url\":\"https:\\\/\\\/eldigitaldeasturias.com\\\/magazine365\\\/wp-content\\\/uploads\\\/2014\\\/05\\\/6278073w.jpg\",\"width\":800,\"height\":543},\"datePublished\":\"2014-05-20T20:22:25+02:00\",\"dateModified\":\"2014-05-20T20:22:25+02:00\",\"inLanguage\":\"es-ES\",\"mainEntityOfPage\":{\"@id\":\"https:\\\/\\\/eldigitaldeasturias.com\\\/magazine365\\\/subaru-incorpora-al-mercado-la-cuarta-generacion-de-wrx-sti\\\/#webpage\"},\"isPartOf\":{\"@id\":\"https:\\\/\\\/eldigitaldeasturias.com\\\/magazine365\\\/subaru-incorpora-al-mercado-la-cuarta-generacion-de-wrx-sti\\\/#webpage\"},\"articleSection\":\"Noticias y Actualidad\"},{\"@type\":\"BreadcrumbList\",\"@id\":\"https:\\\/\\\/eldigitaldeasturias.com\\\/magazine365\\\/subaru-incorpora-al-mercado-la-cuarta-generacion-de-wrx-sti\\\/#breadcrumblist\",\"itemListElement\":[{\"@type\":\"ListItem\",\"@id\":\"https:\\\/\\\/eldigitaldeasturias.com\\\/magazine365#listItem\",\"position\":1,\"name\":\"Home\",\"item\":\"https:\\\/\\\/eldigitaldeasturias.com\\\/magazine365\",\"nextItem\":{\"@type\":\"ListItem\",\"@id\":\"https:\\\/\\\/eldigitaldeasturias.com\\\/magazine365\\\/category\\\/noticias-actualidad\\\/#listItem\",\"name\":\"Noticias y Actualidad\"}},{\"@type\":\"ListItem\",\"@id\":\"https:\\\/\\\/eldigitaldeasturias.com\\\/magazine365\\\/category\\\/noticias-actualidad\\\/#listItem\",\"position\":2,\"name\":\"Noticias y Actualidad\",\"item\":\"https:\\\/\\\/eldigitaldeasturias.com\\\/magazine365\\\/category\\\/noticias-actualidad\\\/\",\"nextItem\":{\"@type\":\"ListItem\",\"@id\":\"https:\\\/\\\/eldigitaldeasturias.com\\\/magazine365\\\/subaru-incorpora-al-mercado-la-cuarta-generacion-de-wrx-sti\\\/#listItem\",\"name\":\"Subaru incorpora al mercado la cuarta generaci\\u00f3n de WRX STi\"},\"previousItem\":{\"@type\":\"ListItem\",\"@id\":\"https:\\\/\\\/eldigitaldeasturias.com\\\/magazine365#listItem\",\"name\":\"Home\"}},{\"@type\":\"ListItem\",\"@id\":\"https:\\\/\\\/eldigitaldeasturias.com\\\/magazine365\\\/subaru-incorpora-al-mercado-la-cuarta-generacion-de-wrx-sti\\\/#listItem\",\"position\":3,\"name\":\"Subaru incorpora al mercado la cuarta generaci\\u00f3n de WRX STi\",\"previousItem\":{\"@type\":\"ListItem\",\"@id\":\"https:\\\/\\\/eldigitaldeasturias.com\\\/magazine365\\\/category\\\/noticias-actualidad\\\/#listItem\",\"name\":\"Noticias y Actualidad\"}}]},{\"@type\":\"Organization\",\"@id\":\"https:\\\/\\\/eldigitaldeasturias.com\\\/magazine365\\\/#organization\",\"name\":\"El digital de Asturias\",\"description\":\"Revista de ocio, turismo y estilo de vida\",\"url\":\"https:\\\/\\\/eldigitaldeasturias.com\\\/magazine365\\\/\",\"logo\":{\"@type\":\"ImageObject\",\"url\":\"https:\\\/\\\/www.eldigitaldeasturias.com\\\/noticias\\\/wp-content\\\/uploads\\\/2020\\\/12\\\/EDA.jpg\",\"@id\":\"https:\\\/\\\/eldigitaldeasturias.com\\\/magazine365\\\/subaru-incorpora-al-mercado-la-cuarta-generacion-de-wrx-sti\\\/#organizationLogo\"},\"image\":{\"@id\":\"https:\\\/\\\/eldigitaldeasturias.com\\\/magazine365\\\/subaru-incorpora-al-mercado-la-cuarta-generacion-de-wrx-sti\\\/#organizationLogo\"}},{\"@type\":\"Person\",\"@id\":\"https:\\\/\\\/eldigitaldeasturias.com\\\/magazine365\\\/author\\\/admin\\\/#author\",\"url\":\"https:\\\/\\\/eldigitaldeasturias.com\\\/magazine365\\\/author\\\/admin\\\/\",\"name\":\"admin\",\"image\":{\"@type\":\"ImageObject\",\"@id\":\"https:\\\/\\\/eldigitaldeasturias.com\\\/magazine365\\\/subaru-incorpora-al-mercado-la-cuarta-generacion-de-wrx-sti\\\/#authorImage\",\"url\":\"https:\\\/\\\/eldigitaldeasturias.com\\\/magazine365\\\/wp-content\\\/litespeed\\\/avatar\\\/e571bcf59a0edd6fa6838245a470f2fe.jpg?ver=1776969259\",\"width\":96,\"height\":96,\"caption\":\"admin\"}},{\"@type\":\"WebPage\",\"@id\":\"https:\\\/\\\/eldigitaldeasturias.com\\\/magazine365\\\/subaru-incorpora-al-mercado-la-cuarta-generacion-de-wrx-sti\\\/#webpage\",\"url\":\"https:\\\/\\\/eldigitaldeasturias.com\\\/magazine365\\\/subaru-incorpora-al-mercado-la-cuarta-generacion-de-wrx-sti\\\/\",\"name\":\"Subaru incorpora al mercado la cuarta generaci\\u00f3n de WRX STi | El Digital de Asturias\",\"description\":\"Segovia, 20 may (EFE).- La importadora de la marca japonesa para el mercado espa\\u00f1ol ha incorporado a la gama la cuarta generaci\\u00f3n del WRX STi, un coche considerado para entendidos, al tratarse de berlina de altas prestaciones, a un paso de una de competici\\u00f3n. Este modelo de Subaru, creado espec\\u00edficamente para ser un deportivo de\",\"inLanguage\":\"es-ES\",\"isPartOf\":{\"@id\":\"https:\\\/\\\/eldigitaldeasturias.com\\\/magazine365\\\/#website\"},\"breadcrumb\":{\"@id\":\"https:\\\/\\\/eldigitaldeasturias.com\\\/magazine365\\\/subaru-incorpora-al-mercado-la-cuarta-generacion-de-wrx-sti\\\/#breadcrumblist\"},\"author\":{\"@id\":\"https:\\\/\\\/eldigitaldeasturias.com\\\/magazine365\\\/author\\\/admin\\\/#author\"},\"creator\":{\"@id\":\"https:\\\/\\\/eldigitaldeasturias.com\\\/magazine365\\\/author\\\/admin\\\/#author\"},\"image\":{\"@type\":\"ImageObject\",\"url\":\"https:\\\/\\\/eldigitaldeasturias.com\\\/magazine365\\\/wp-content\\\/uploads\\\/2014\\\/05\\\/6278073w.jpg\",\"@id\":\"https:\\\/\\\/eldigitaldeasturias.com\\\/magazine365\\\/subaru-incorpora-al-mercado-la-cuarta-generacion-de-wrx-sti\\\/#mainImage\",\"width\":800,\"height\":543},\"primaryImageOfPage\":{\"@id\":\"https:\\\/\\\/eldigitaldeasturias.com\\\/magazine365\\\/subaru-incorpora-al-mercado-la-cuarta-generacion-de-wrx-sti\\\/#mainImage\"},\"datePublished\":\"2014-05-20T20:22:25+02:00\",\"dateModified\":\"2014-05-20T20:22:25+02:00\"},{\"@type\":\"WebSite\",\"@id\":\"https:\\\/\\\/eldigitaldeasturias.com\\\/magazine365\\\/#website\",\"url\":\"https:\\\/\\\/eldigitaldeasturias.com\\\/magazine365\\\/\",\"name\":\"El Digital de Asturias\",\"description\":\"Revista de ocio, turismo y estilo de vida\",\"inLanguage\":\"es-ES\",\"publisher\":{\"@id\":\"https:\\\/\\\/eldigitaldeasturias.com\\\/magazine365\\\/#organization\"}}]}\n\t\t<\/script>\n\t\t<!-- All in One SEO Pro -->\r\n\t\t<title>Subaru incorpora al mercado la cuarta generaci\u00f3n de WRX STi | El Digital de Asturias<\/title>\n\n","aioseo_head_json":{"title":"Subaru incorpora al mercado la cuarta generaci\u00f3n de WRX STi | El Digital de Asturias","description":"Segovia, 20 may (EFE).- La importadora de la marca japonesa para el mercado espa\u00f1ol ha incorporado a la gama la cuarta generaci\u00f3n del WRX STi, un coche considerado para entendidos, al tratarse de berlina de altas prestaciones, a un paso de una de competici\u00f3n. Este modelo de Subaru, creado espec\u00edficamente para ser un deportivo de","canonical_url":"https:\/\/eldigitaldeasturias.com\/magazine365\/subaru-incorpora-al-mercado-la-cuarta-generacion-de-wrx-sti\/","robots":"max-image-preview:large","keywords":"noticias y actualidad","webmasterTools":{"google-site-verification":"UA-38556648-1","miscellaneous":""},"schema":{"@context":"https:\/\/schema.org","@graph":[{"@type":"Article","@id":"https:\/\/eldigitaldeasturias.com\/magazine365\/subaru-incorpora-al-mercado-la-cuarta-generacion-de-wrx-sti\/#article","name":"Subaru incorpora al mercado la cuarta generaci\u00f3n de WRX STi | El Digital de Asturias","headline":"Subaru incorpora al mercado la cuarta generaci\u00f3n de WRX STi","author":{"@id":"https:\/\/eldigitaldeasturias.com\/magazine365\/author\/admin\/#author"},"publisher":{"@id":"https:\/\/eldigitaldeasturias.com\/magazine365\/#organization"},"image":{"@type":"ImageObject","url":"https:\/\/eldigitaldeasturias.com\/magazine365\/wp-content\/uploads\/2014\/05\/6278073w.jpg","width":800,"height":543},"datePublished":"2014-05-20T20:22:25+02:00","dateModified":"2014-05-20T20:22:25+02:00","inLanguage":"es-ES","mainEntityOfPage":{"@id":"https:\/\/eldigitaldeasturias.com\/magazine365\/subaru-incorpora-al-mercado-la-cuarta-generacion-de-wrx-sti\/#webpage"},"isPartOf":{"@id":"https:\/\/eldigitaldeasturias.com\/magazine365\/subaru-incorpora-al-mercado-la-cuarta-generacion-de-wrx-sti\/#webpage"},"articleSection":"Noticias y Actualidad"},{"@type":"BreadcrumbList","@id":"https:\/\/eldigitaldeasturias.com\/magazine365\/subaru-incorpora-al-mercado-la-cuarta-generacion-de-wrx-sti\/#breadcrumblist","itemListElement":[{"@type":"ListItem","@id":"https:\/\/eldigitaldeasturias.com\/magazine365#listItem","position":1,"name":"Home","item":"https:\/\/eldigitaldeasturias.com\/magazine365","nextItem":{"@type":"ListItem","@id":"https:\/\/eldigitaldeasturias.com\/magazine365\/category\/noticias-actualidad\/#listItem","name":"Noticias y Actualidad"}},{"@type":"ListItem","@id":"https:\/\/eldigitaldeasturias.com\/magazine365\/category\/noticias-actualidad\/#listItem","position":2,"name":"Noticias y Actualidad","item":"https:\/\/eldigitaldeasturias.com\/magazine365\/category\/noticias-actualidad\/","nextItem":{"@type":"ListItem","@id":"https:\/\/eldigitaldeasturias.com\/magazine365\/subaru-incorpora-al-mercado-la-cuarta-generacion-de-wrx-sti\/#listItem","name":"Subaru incorpora al mercado la cuarta generaci\u00f3n de WRX STi"},"previousItem":{"@type":"ListItem","@id":"https:\/\/eldigitaldeasturias.com\/magazine365#listItem","name":"Home"}},{"@type":"ListItem","@id":"https:\/\/eldigitaldeasturias.com\/magazine365\/subaru-incorpora-al-mercado-la-cuarta-generacion-de-wrx-sti\/#listItem","position":3,"name":"Subaru incorpora al mercado la cuarta generaci\u00f3n de WRX STi","previousItem":{"@type":"ListItem","@id":"https:\/\/eldigitaldeasturias.com\/magazine365\/category\/noticias-actualidad\/#listItem","name":"Noticias y Actualidad"}}]},{"@type":"Organization","@id":"https:\/\/eldigitaldeasturias.com\/magazine365\/#organization","name":"El digital de Asturias","description":"Revista de ocio, turismo y estilo de vida","url":"https:\/\/eldigitaldeasturias.com\/magazine365\/","logo":{"@type":"ImageObject","url":"https:\/\/www.eldigitaldeasturias.com\/noticias\/wp-content\/uploads\/2020\/12\/EDA.jpg","@id":"https:\/\/eldigitaldeasturias.com\/magazine365\/subaru-incorpora-al-mercado-la-cuarta-generacion-de-wrx-sti\/#organizationLogo"},"image":{"@id":"https:\/\/eldigitaldeasturias.com\/magazine365\/subaru-incorpora-al-mercado-la-cuarta-generacion-de-wrx-sti\/#organizationLogo"}},{"@type":"Person","@id":"https:\/\/eldigitaldeasturias.com\/magazine365\/author\/admin\/#author","url":"https:\/\/eldigitaldeasturias.com\/magazine365\/author\/admin\/","name":"admin","image":{"@type":"ImageObject","@id":"https:\/\/eldigitaldeasturias.com\/magazine365\/subaru-incorpora-al-mercado-la-cuarta-generacion-de-wrx-sti\/#authorImage","url":"https:\/\/eldigitaldeasturias.com\/magazine365\/wp-content\/litespeed\/avatar\/e571bcf59a0edd6fa6838245a470f2fe.jpg?ver=1776969259","width":96,"height":96,"caption":"admin"}},{"@type":"WebPage","@id":"https:\/\/eldigitaldeasturias.com\/magazine365\/subaru-incorpora-al-mercado-la-cuarta-generacion-de-wrx-sti\/#webpage","url":"https:\/\/eldigitaldeasturias.com\/magazine365\/subaru-incorpora-al-mercado-la-cuarta-generacion-de-wrx-sti\/","name":"Subaru incorpora al mercado la cuarta generaci\u00f3n de WRX STi | El Digital de Asturias","description":"Segovia, 20 may (EFE).- La importadora de la marca japonesa para el mercado espa\u00f1ol ha incorporado a la gama la cuarta generaci\u00f3n del WRX STi, un coche considerado para entendidos, al tratarse de berlina de altas prestaciones, a un paso de una de competici\u00f3n. Este modelo de Subaru, creado espec\u00edficamente para ser un deportivo de","inLanguage":"es-ES","isPartOf":{"@id":"https:\/\/eldigitaldeasturias.com\/magazine365\/#website"},"breadcrumb":{"@id":"https:\/\/eldigitaldeasturias.com\/magazine365\/subaru-incorpora-al-mercado-la-cuarta-generacion-de-wrx-sti\/#breadcrumblist"},"author":{"@id":"https:\/\/eldigitaldeasturias.com\/magazine365\/author\/admin\/#author"},"creator":{"@id":"https:\/\/eldigitaldeasturias.com\/magazine365\/author\/admin\/#author"},"image":{"@type":"ImageObject","url":"https:\/\/eldigitaldeasturias.com\/magazine365\/wp-content\/uploads\/2014\/05\/6278073w.jpg","@id":"https:\/\/eldigitaldeasturias.com\/magazine365\/subaru-incorpora-al-mercado-la-cuarta-generacion-de-wrx-sti\/#mainImage","width":800,"height":543},"primaryImageOfPage":{"@id":"https:\/\/eldigitaldeasturias.com\/magazine365\/subaru-incorpora-al-mercado-la-cuarta-generacion-de-wrx-sti\/#mainImage"},"datePublished":"2014-05-20T20:22:25+02:00","dateModified":"2014-05-20T20:22:25+02:00"},{"@type":"WebSite","@id":"https:\/\/eldigitaldeasturias.com\/magazine365\/#website","url":"https:\/\/eldigitaldeasturias.com\/magazine365\/","name":"El Digital de Asturias","description":"Revista de ocio, turismo y estilo de vida","inLanguage":"es-ES","publisher":{"@id":"https:\/\/eldigitaldeasturias.com\/magazine365\/#organization"}}]},"og:locale":"es_ES","og:site_name":"El Digital de Asturias \u2013 Revista de ocio, turismo y estilo de vida","og:type":"article","og:title":"Subaru incorpora al mercado la cuarta generaci\u00f3n de WRX STi | El Digital de Asturias","og:description":"Segovia, 20 may (EFE).- La importadora de la marca japonesa para el mercado espa\u00f1ol ha incorporado a la gama la cuarta generaci\u00f3n del WRX STi, un coche considerado para entendidos, al tratarse de berlina de altas prestaciones, a un paso de una de competici\u00f3n. Este modelo de Subaru, creado espec\u00edficamente para ser un deportivo de","og:url":"https:\/\/eldigitaldeasturias.com\/magazine365\/subaru-incorpora-al-mercado-la-cuarta-generacion-de-wrx-sti\/","og:image":"https:\/\/eldigitaldeasturias.com\/magazine365\/wp-content\/uploads\/2014\/05\/6278073w.jpg","og:image:secure_url":"https:\/\/eldigitaldeasturias.com\/magazine365\/wp-content\/uploads\/2014\/05\/6278073w.jpg","og:image:width":800,"og:image:height":543,"article:published_time":"2014-05-20T22:22:25+00:00","article:modified_time":"2014-05-20T22:22:25+00:00","twitter:card":"summary_large_image","twitter:title":"Subaru incorpora al mercado la cuarta generaci\u00f3n de WRX STi | El Digital de Asturias","twitter:description":"Segovia, 20 may (EFE).- La importadora de la marca japonesa para el mercado espa\u00f1ol ha incorporado a la gama la cuarta generaci\u00f3n del WRX STi, un coche considerado para entendidos, al tratarse de berlina de altas prestaciones, a un paso de una de competici\u00f3n. Este modelo de Subaru, creado espec\u00edficamente para ser un deportivo de","twitter:image":"https:\/\/eldigitaldeasturias.com\/magazine365\/wp-content\/uploads\/2014\/05\/6278073w.jpg"},"aioseo_meta_data":{"post_id":"13321","title":null,"description":null,"keywords":null,"keyphrases":null,"primary_term":null,"canonical_url":null,"og_title":null,"og_description":null,"og_object_type":"default","og_image_type":"default","og_image_url":null,"og_image_width":null,"og_image_height":null,"og_image_custom_url":null,"og_image_custom_fields":null,"og_video":null,"og_custom_url":null,"og_article_section":null,"og_article_tags":null,"twitter_use_og":false,"twitter_card":"default","twitter_image_type":"default","twitter_image_url":null,"twitter_image_custom_url":null,"twitter_image_custom_fields":null,"twitter_title":null,"twitter_description":null,"schema":{"blockGraphs":[],"customGraphs":[],"default":{"data":{"Article":[],"Course":[],"Dataset":[],"FAQPage":[],"Movie":[],"Person":[],"Product":[],"ProductReview":[],"Car":[],"Recipe":[],"Service":[],"SoftwareApplication":[],"WebPage":[]},"graphName":"","isEnabled":true},"graphs":[],"defaultGraph":"","defaultPostTypeGraph":""},"schema_type":null,"schema_type_options":null,"pillar_content":false,"robots_default":true,"robots_noindex":false,"robots_noarchive":false,"robots_nosnippet":false,"robots_nofollow":false,"robots_noimageindex":false,"robots_noodp":false,"robots_notranslate":false,"robots_max_snippet":null,"robots_max_videopreview":null,"robots_max_imagepreview":"large","priority":null,"frequency":null,"location":null,"local_seo":null,"seo_analyzer_scan_date":"2025-09-17 08:01:37","breadcrumb_settings":null,"limit_modified_date":false,"open_ai":null,"ai":null,"created":"2021-03-09 08:29:41","updated":"2025-09-17 08:01:37"},"aioseo_breadcrumb":"<div class=\"aioseo-breadcrumbs\"><span class=\"aioseo-breadcrumb\">\n\t<a href=\"https:\/\/eldigitaldeasturias.com\/magazine365\" title=\"Home\">Home<\/a>\n<\/span><span class=\"aioseo-breadcrumb-separator\">\u2013<\/span><span class=\"aioseo-breadcrumb\">\n\t<a href=\"https:\/\/eldigitaldeasturias.com\/magazine365\/category\/noticias-actualidad\/\" title=\"Noticias y Actualidad\">Noticias y Actualidad<\/a>\n<\/span><span class=\"aioseo-breadcrumb-separator\">\u2013<\/span><span class=\"aioseo-breadcrumb\">\n\t<a href=\"https:\/\/eldigitaldeasturias.com\/magazine365\/subaru-incorpora-al-mercado-la-cuarta-generacion-de-wrx-sti\/\" title=\"Subaru incorpora al mercado la cuarta generaci\u00f3n de WRX STi\">Subaru incorpora al mercado la cuarta generaci\u00f3n de WRX STi<\/a>\n<\/span><\/div>","aioseo_breadcrumb_json":[{"label":"Home","link":"https:\/\/eldigitaldeasturias.com\/magazine365"},{"label":"Noticias y Actualidad","link":"https:\/\/eldigitaldeasturias.com\/magazine365\/category\/noticias-actualidad\/"},{"label":"Subaru incorpora al mercado la cuarta generaci\u00f3n de WRX STi","link":"https:\/\/eldigitaldeasturias.com\/magazine365\/subaru-incorpora-al-mercado-la-cuarta-generacion-de-wrx-sti\/"}],"_links":{"self":[{"href":"https:\/\/eldigitaldeasturias.com\/magazine365\/wp-json\/wp\/v2\/posts\/13321","targetHints":{"allow":["GET"]}}],"collection":[{"href":"https:\/\/eldigitaldeasturias.com\/magazine365\/wp-json\/wp\/v2\/posts"}],"about":[{"href":"https:\/\/eldigitaldeasturias.com\/magazine365\/wp-json\/wp\/v2\/types\/post"}],"author":[{"embeddable":true,"href":"https:\/\/eldigitaldeasturias.com\/magazine365\/wp-json\/wp\/v2\/users\/1"}],"replies":[{"embeddable":true,"href":"https:\/\/eldigitaldeasturias.com\/magazine365\/wp-json\/wp\/v2\/comments?post=13321"}],"version-history":[{"count":0,"href":"https:\/\/eldigitaldeasturias.com\/magazine365\/wp-json\/wp\/v2\/posts\/13321\/revisions"}],"wp:featuredmedia":[{"embeddable":true,"href":"https:\/\/eldigitaldeasturias.com\/magazine365\/wp-json\/wp\/v2\/media\/13322"}],"wp:attachment":[{"href":"https:\/\/eldigitaldeasturias.com\/magazine365\/wp-json\/wp\/v2\/media?parent=13321"}],"wp:term":[{"taxonomy":"category","embeddable":true,"href":"https:\/\/eldigitaldeasturias.com\/magazine365\/wp-json\/wp\/v2\/categories?post=13321"},{"taxonomy":"post_tag","embeddable":true,"href":"https:\/\/eldigitaldeasturias.com\/magazine365\/wp-json\/wp\/v2\/tags?post=13321"}],"curies":[{"name":"wp","href":"https:\/\/api.w.org\/{rel}","templated":true}]}}