{"id":13315,"date":"2014-05-20T20:19:01","date_gmt":"2014-05-20T22:19:01","guid":{"rendered":"http:\/\/eldigitaldeasturias.com\/magazine365\/?p=13315"},"modified":"2014-05-20T20:19:01","modified_gmt":"2014-05-20T22:19:01","slug":"diego-lerman-cautiva-en-la-quincena-de-cannes-con-la-road-movie-refugiado","status":"publish","type":"post","link":"https:\/\/eldigitaldeasturias.com\/magazine365\/diego-lerman-cautiva-en-la-quincena-de-cannes-con-la-road-movie-refugiado\/","title":{"rendered":"Diego Lerman cautiva en La Quincena de Cannes con la \u00abroad movie\u00bb \u00abRefugiado\u00bb"},"content":{"rendered":"<p><img fetchpriority=\"high\" decoding=\"async\" class=\"alignleft size-medium wp-image-13316\" alt=\"6278040w\" src=\"https:\/\/eldigitaldeasturias.com\/magazine365\/wp-content\/uploads\/2014\/05\/6278040w-360x254.jpg\" width=\"360\" height=\"254\" \/>Cannes (Francia), 20 may (EFE).- La huida de Laura y su hijo Mat\u00edas para escapar de los golpes de un padre que apalea a su esposa embarazada es la propuesta del argentino Diego Lerman en \u00abRefugiado\u00bb, una cinta \u00edntima y sin violencia expl\u00edcita muy aplaudida en su estreno en La Quincena de Realizadores de Cannes.<\/p>\n<p>\u00abLo que la pel\u00edcula muestra son los rastros o las consecuencias de la violencia\u00bb que provoca un fen\u00f3meno que \u00abes casi como un genocidio diario\u00bb, coment\u00f3 hoy a Efe Lerman (Buenos Aires, 1976) sobre su cuarta cinta con la que compite en esa secci\u00f3n paralela del Festival de Cannes.<\/p>\n<p>Se trata de \u00abuna &#8216;road movie&#8217; donde un hijo (Sebasti\u00e1n Molinaro) y su madre (Julieta D\u00edaz) buscan refugio\u00bb despu\u00e9s de la \u00faltima paliza de un \u00abpsic\u00f3pata capaz de golpear a una embarazada hasta casi matarla y despu\u00e9s decir que la ama\u00bb.<\/p>\n<p>La protagonista, interpretada con delicadeza por Julieta D\u00edaz, inicia una huida intentando escapar de su agresor, f\u00edsica y psicol\u00f3gicamente.<\/p>\n<p>\u00abLa pel\u00edcula me encontr\u00f3 a m\u00ed\u00bb, agreg\u00f3 Lerman, que un d\u00eda vio c\u00f3mo la calle de la productora donde trabaja se hab\u00eda convertido en el escenario de un crimen.<\/p>\n<p>Un hombre disfrazado de anciano hab\u00eda disparado contra su exmujer, delante de sus hijos. Ella sobrevivi\u00f3, \u00e9l est\u00e1 en prisi\u00f3n y Cannes tiene una pel\u00edcula que analiza esa lacra desde la intimidad.<\/p>\n<p>Ni un golpe, ni una amenaza y la \u00abdecisi\u00f3n poderosa\u00bb de dejar al agresor fuera de campo para \u00abno darle un rostro y que aparezca en el imaginario de cada uno\u00bb, es la estructura de una pel\u00edcula que convierte a un ni\u00f1o de 8 a\u00f1os en uno de los ejes de una narraci\u00f3n coescrita con Mar\u00eda Meira.<\/p>\n<p>Lerman solucion\u00f3 ese reto con \u00e9xito rotundo gracias a la \u00abb\u00fasqueda, preparaci\u00f3n, y adaptaci\u00f3n del rodaje\u00bb, planificando sesiones cortas y en orden cronol\u00f3gico, para no fatigar al peque\u00f1o, explic\u00f3.<\/p>\n<p>\u00abHa sido mucho trabajo\u00bb y la receta para que funcione es \u00abque suceda el rodaje, que pase\u00bb, dice el director, formado en la Universidad de Buenos Aires, en Cuba y becado por la Cinefondation de Par\u00eds, donde escribi\u00f3 \u00abMientras Tanto\u00bb.<\/p>\n<p>En \u00abRefugiado\u00bb -con fotograf\u00eda del polaco Wojtec Staron, sonido de Leandro de Loredo, m\u00fasica de Jos\u00e9 Villalobos y montaje de Alejandro Brodersohn- han participado, adem\u00e1s, las productoras argentinas Gale Cine y Sudestada, la colombiana Burning Blue y otras contribuciones de Francia, Polonia y Alemania.<\/p>\n<p>El festival de la Costa Azul francesa se ha fijado especialmente este a\u00f1o en el s\u00e9ptimo arte argentino, con Dami\u00e1n Szifr\u00f3n, Lisando Alonso y Lerman, tres j\u00f3venes cineastas que se licenciaron \u00abm\u00e1s o menos a la vez\u00bb, as\u00ed como en Pablo Fendrik, autor de \u00abEl Ardor\u00bb.<\/p>\n<p>Todos ellos se proyectan en distintas secciones del certamen y muestran -\u00abalgo muy saludable\u00bb, apunta Lerman- un cine muy diferente, entre el humor negro de Szifr\u00f3n (\u00abRelatos Salvajes\u00bb), el paisajismo de Alonso (\u00abJauja\u00bb), el western selv\u00e1tico de Fendrik (\u00abEl ardor\u00bb) y la intimidad de \u00abRefugiado\u00bb.<\/p>\n<p>El pr\u00f3ximo 24 de mayo se conocer\u00e1 la pel\u00edcula que suceder\u00e1 en el palmar\u00e9s de La Quincena de Realizadores a \u00abIlo Ilo\u00bb, \u00f3pera prima del director de Singapur Anthony Chen y ganadora en 2013 en una secci\u00f3n que busca \u00abdescubrir filmes de j\u00f3venes autores y saludar las obras de directores reconocidos\u00bb.<\/p>\n<p>Por all\u00ed han transitado George Lucas, Martin Scorsese, Ken Loach, Jim Jarmusch, Michael Haneke, Spike Lee, los hermanos Dardenne o Sofia Coppola.<\/p>\n<p>Deber\u00e1 ganarse el favor de un jurado que valorar\u00e1 diecisiete propuestas como el humor gay del brit\u00e1nico Matthew Warchus (\u00abPride\u00bb) o el \u00abthriller\u00bb \u00e9tnico sobre la comunidad paquistan\u00ed en Inglaterra \u00abCatch me Daddy\u00bb, de la brit\u00e1nica Daniel Wolfe.<\/p>\n<p>Exhausto tras una \u00abpostproducci\u00f3n salvaje\u00bb en un rodaje muy reciente, Lerman solo tiene en mente disfrutar de estos d\u00edas de su trabajo y prestigio reconocidos a orillas del mediterr\u00e1neo franc\u00e9s y, despu\u00e9s, descansar.<\/p>\n<p>\u00abSi te digo la verdad, solo quiero irme a casa a ver el Mundial\u00bb, confiesa un hincha del Argentinos J\u00fanior que cree que la albiceleste tendr\u00e1 que ganar los partidos 6-5 porque desembarcar\u00e1 en Brasil con \u00abuna delantera muy fiable\u00bb, con Messi, Aguero, Higua\u00edn o Lavezi, pero \u00abuna defensa muy endeble\u00bb.<\/p>\n","protected":false},"excerpt":{"rendered":"<p>Cannes (Francia), 20 may (EFE).- La huida de Laura y su hijo Mat\u00edas para escapar de los golpes de un padre que apalea a su esposa embarazada es la propuesta del argentino Diego Lerman en \u00abRefugiado\u00bb, una cinta \u00edntima y sin violencia expl\u00edcita muy aplaudida en su estreno en La Quincena de Realizadores de Cannes.<\/p>\n","protected":false},"author":1,"featured_media":13316,"comment_status":"open","ping_status":"closed","sticky":false,"template":"","format":"standard","meta":{"footnotes":""},"categories":[224],"tags":[],"class_list":{"0":"post-13315","1":"post","2":"type-post","3":"status-publish","4":"format-standard","5":"has-post-thumbnail","7":"category-noticias-actualidad"},"aioseo_notices":[],"aioseo_head":"\n\t\t<!-- All in One SEO Pro 4.9.6.1 - aioseo.com -->\n\t<meta name=\"description\" content=\"Cannes (Francia), 20 may (EFE).- La huida de Laura y su hijo Mat\u00edas para escapar de los golpes de un padre que apalea a su esposa embarazada es la propuesta del argentino Diego Lerman en &quot;Refugiado&quot;, una cinta \u00edntima y sin violencia expl\u00edcita muy aplaudida en su estreno en La Quincena de Realizadores de Cannes.\" \/>\n\t<meta name=\"robots\" content=\"max-image-preview:large\" \/>\n\t<meta name=\"author\" content=\"admin\"\/>\n\t<meta name=\"google-site-verification\" content=\"UA-38556648-1\" \/>\n\t<meta name=\"keywords\" content=\"noticias y actualidad\" \/>\n\t<link rel=\"canonical\" href=\"https:\/\/eldigitaldeasturias.com\/magazine365\/diego-lerman-cautiva-en-la-quincena-de-cannes-con-la-road-movie-refugiado\/\" \/>\n\t<meta name=\"generator\" content=\"All in One SEO Pro (AIOSEO) 4.9.6.1\" \/>\n\t\t<meta property=\"og:locale\" content=\"es_ES\" \/>\n\t\t<meta property=\"og:site_name\" content=\"El Digital de Asturias \u2013 Revista de ocio, turismo y estilo de vida\" \/>\n\t\t<meta property=\"og:type\" content=\"article\" \/>\n\t\t<meta property=\"og:title\" content=\"Diego Lerman cautiva en La Quincena de Cannes con la \u00abroad movie\u00bb \u00abRefugiado\u00bb | El Digital de Asturias\" \/>\n\t\t<meta property=\"og:description\" content=\"Cannes (Francia), 20 may (EFE).- La huida de Laura y su hijo Mat\u00edas para escapar de los golpes de un padre que apalea a su esposa embarazada es la propuesta del argentino Diego Lerman en &quot;Refugiado&quot;, una cinta \u00edntima y sin violencia expl\u00edcita muy aplaudida en su estreno en La Quincena de Realizadores de Cannes.\" \/>\n\t\t<meta property=\"og:url\" content=\"https:\/\/eldigitaldeasturias.com\/magazine365\/diego-lerman-cautiva-en-la-quincena-de-cannes-con-la-road-movie-refugiado\/\" \/>\n\t\t<meta property=\"og:image\" content=\"https:\/\/eldigitaldeasturias.com\/magazine365\/wp-content\/uploads\/2014\/05\/6278040w.jpg\" \/>\n\t\t<meta property=\"og:image:secure_url\" content=\"https:\/\/eldigitaldeasturias.com\/magazine365\/wp-content\/uploads\/2014\/05\/6278040w.jpg\" \/>\n\t\t<meta property=\"og:image:width\" content=\"800\" \/>\n\t\t<meta property=\"og:image:height\" content=\"566\" \/>\n\t\t<meta property=\"article:published_time\" content=\"2014-05-20T22:19:01+00:00\" \/>\n\t\t<meta property=\"article:modified_time\" content=\"2014-05-20T22:19:01+00:00\" \/>\n\t\t<meta name=\"twitter:card\" content=\"summary_large_image\" \/>\n\t\t<meta name=\"twitter:title\" content=\"Diego Lerman cautiva en La Quincena de Cannes con la \u00abroad movie\u00bb \u00abRefugiado\u00bb | El Digital de Asturias\" \/>\n\t\t<meta name=\"twitter:description\" content=\"Cannes (Francia), 20 may (EFE).- La huida de Laura y su hijo Mat\u00edas para escapar de los golpes de un padre que apalea a su esposa embarazada es la propuesta del argentino Diego Lerman en &quot;Refugiado&quot;, una cinta \u00edntima y sin violencia expl\u00edcita muy aplaudida en su estreno en La Quincena de Realizadores de Cannes.\" \/>\n\t\t<meta name=\"twitter:image\" content=\"https:\/\/eldigitaldeasturias.com\/magazine365\/wp-content\/uploads\/2014\/05\/6278040w.jpg\" \/>\n\t\t<script type=\"application\/ld+json\" class=\"aioseo-schema\">\n\t\t\t{\"@context\":\"https:\\\/\\\/schema.org\",\"@graph\":[{\"@type\":\"Article\",\"@id\":\"https:\\\/\\\/eldigitaldeasturias.com\\\/magazine365\\\/diego-lerman-cautiva-en-la-quincena-de-cannes-con-la-road-movie-refugiado\\\/#article\",\"name\":\"Diego Lerman cautiva en La Quincena de Cannes con la \\u00abroad movie\\u00bb \\u00abRefugiado\\u00bb | El Digital de Asturias\",\"headline\":\"Diego Lerman cautiva en La Quincena de Cannes con la \\u00abroad movie\\u00bb \\u00abRefugiado\\u00bb\",\"author\":{\"@id\":\"https:\\\/\\\/eldigitaldeasturias.com\\\/magazine365\\\/author\\\/admin\\\/#author\"},\"publisher\":{\"@id\":\"https:\\\/\\\/eldigitaldeasturias.com\\\/magazine365\\\/#organization\"},\"image\":{\"@type\":\"ImageObject\",\"url\":\"https:\\\/\\\/eldigitaldeasturias.com\\\/magazine365\\\/wp-content\\\/uploads\\\/2014\\\/05\\\/6278040w.jpg\",\"width\":800,\"height\":566},\"datePublished\":\"2014-05-20T20:19:01+02:00\",\"dateModified\":\"2014-05-20T20:19:01+02:00\",\"inLanguage\":\"es-ES\",\"mainEntityOfPage\":{\"@id\":\"https:\\\/\\\/eldigitaldeasturias.com\\\/magazine365\\\/diego-lerman-cautiva-en-la-quincena-de-cannes-con-la-road-movie-refugiado\\\/#webpage\"},\"isPartOf\":{\"@id\":\"https:\\\/\\\/eldigitaldeasturias.com\\\/magazine365\\\/diego-lerman-cautiva-en-la-quincena-de-cannes-con-la-road-movie-refugiado\\\/#webpage\"},\"articleSection\":\"Noticias y Actualidad\"},{\"@type\":\"BreadcrumbList\",\"@id\":\"https:\\\/\\\/eldigitaldeasturias.com\\\/magazine365\\\/diego-lerman-cautiva-en-la-quincena-de-cannes-con-la-road-movie-refugiado\\\/#breadcrumblist\",\"itemListElement\":[{\"@type\":\"ListItem\",\"@id\":\"https:\\\/\\\/eldigitaldeasturias.com\\\/magazine365#listItem\",\"position\":1,\"name\":\"Home\",\"item\":\"https:\\\/\\\/eldigitaldeasturias.com\\\/magazine365\",\"nextItem\":{\"@type\":\"ListItem\",\"@id\":\"https:\\\/\\\/eldigitaldeasturias.com\\\/magazine365\\\/category\\\/noticias-actualidad\\\/#listItem\",\"name\":\"Noticias y Actualidad\"}},{\"@type\":\"ListItem\",\"@id\":\"https:\\\/\\\/eldigitaldeasturias.com\\\/magazine365\\\/category\\\/noticias-actualidad\\\/#listItem\",\"position\":2,\"name\":\"Noticias y Actualidad\",\"item\":\"https:\\\/\\\/eldigitaldeasturias.com\\\/magazine365\\\/category\\\/noticias-actualidad\\\/\",\"nextItem\":{\"@type\":\"ListItem\",\"@id\":\"https:\\\/\\\/eldigitaldeasturias.com\\\/magazine365\\\/diego-lerman-cautiva-en-la-quincena-de-cannes-con-la-road-movie-refugiado\\\/#listItem\",\"name\":\"Diego Lerman cautiva en La Quincena de Cannes con la \\u00abroad movie\\u00bb \\u00abRefugiado\\u00bb\"},\"previousItem\":{\"@type\":\"ListItem\",\"@id\":\"https:\\\/\\\/eldigitaldeasturias.com\\\/magazine365#listItem\",\"name\":\"Home\"}},{\"@type\":\"ListItem\",\"@id\":\"https:\\\/\\\/eldigitaldeasturias.com\\\/magazine365\\\/diego-lerman-cautiva-en-la-quincena-de-cannes-con-la-road-movie-refugiado\\\/#listItem\",\"position\":3,\"name\":\"Diego Lerman cautiva en La Quincena de Cannes con la \\u00abroad movie\\u00bb \\u00abRefugiado\\u00bb\",\"previousItem\":{\"@type\":\"ListItem\",\"@id\":\"https:\\\/\\\/eldigitaldeasturias.com\\\/magazine365\\\/category\\\/noticias-actualidad\\\/#listItem\",\"name\":\"Noticias y Actualidad\"}}]},{\"@type\":\"Organization\",\"@id\":\"https:\\\/\\\/eldigitaldeasturias.com\\\/magazine365\\\/#organization\",\"name\":\"El digital de Asturias\",\"description\":\"Revista de ocio, turismo y estilo de vida\",\"url\":\"https:\\\/\\\/eldigitaldeasturias.com\\\/magazine365\\\/\",\"logo\":{\"@type\":\"ImageObject\",\"url\":\"https:\\\/\\\/www.eldigitaldeasturias.com\\\/noticias\\\/wp-content\\\/uploads\\\/2020\\\/12\\\/EDA.jpg\",\"@id\":\"https:\\\/\\\/eldigitaldeasturias.com\\\/magazine365\\\/diego-lerman-cautiva-en-la-quincena-de-cannes-con-la-road-movie-refugiado\\\/#organizationLogo\"},\"image\":{\"@id\":\"https:\\\/\\\/eldigitaldeasturias.com\\\/magazine365\\\/diego-lerman-cautiva-en-la-quincena-de-cannes-con-la-road-movie-refugiado\\\/#organizationLogo\"}},{\"@type\":\"Person\",\"@id\":\"https:\\\/\\\/eldigitaldeasturias.com\\\/magazine365\\\/author\\\/admin\\\/#author\",\"url\":\"https:\\\/\\\/eldigitaldeasturias.com\\\/magazine365\\\/author\\\/admin\\\/\",\"name\":\"admin\",\"image\":{\"@type\":\"ImageObject\",\"@id\":\"https:\\\/\\\/eldigitaldeasturias.com\\\/magazine365\\\/diego-lerman-cautiva-en-la-quincena-de-cannes-con-la-road-movie-refugiado\\\/#authorImage\",\"url\":\"https:\\\/\\\/eldigitaldeasturias.com\\\/magazine365\\\/wp-content\\\/litespeed\\\/avatar\\\/e571bcf59a0edd6fa6838245a470f2fe.jpg?ver=1776969259\",\"width\":96,\"height\":96,\"caption\":\"admin\"}},{\"@type\":\"WebPage\",\"@id\":\"https:\\\/\\\/eldigitaldeasturias.com\\\/magazine365\\\/diego-lerman-cautiva-en-la-quincena-de-cannes-con-la-road-movie-refugiado\\\/#webpage\",\"url\":\"https:\\\/\\\/eldigitaldeasturias.com\\\/magazine365\\\/diego-lerman-cautiva-en-la-quincena-de-cannes-con-la-road-movie-refugiado\\\/\",\"name\":\"Diego Lerman cautiva en La Quincena de Cannes con la \\u00abroad movie\\u00bb \\u00abRefugiado\\u00bb | El Digital de Asturias\",\"description\":\"Cannes (Francia), 20 may (EFE).- La huida de Laura y su hijo Mat\\u00edas para escapar de los golpes de un padre que apalea a su esposa embarazada es la propuesta del argentino Diego Lerman en \\\"Refugiado\\\", una cinta \\u00edntima y sin violencia expl\\u00edcita muy aplaudida en su estreno en La Quincena de Realizadores de Cannes.\",\"inLanguage\":\"es-ES\",\"isPartOf\":{\"@id\":\"https:\\\/\\\/eldigitaldeasturias.com\\\/magazine365\\\/#website\"},\"breadcrumb\":{\"@id\":\"https:\\\/\\\/eldigitaldeasturias.com\\\/magazine365\\\/diego-lerman-cautiva-en-la-quincena-de-cannes-con-la-road-movie-refugiado\\\/#breadcrumblist\"},\"author\":{\"@id\":\"https:\\\/\\\/eldigitaldeasturias.com\\\/magazine365\\\/author\\\/admin\\\/#author\"},\"creator\":{\"@id\":\"https:\\\/\\\/eldigitaldeasturias.com\\\/magazine365\\\/author\\\/admin\\\/#author\"},\"image\":{\"@type\":\"ImageObject\",\"url\":\"https:\\\/\\\/eldigitaldeasturias.com\\\/magazine365\\\/wp-content\\\/uploads\\\/2014\\\/05\\\/6278040w.jpg\",\"@id\":\"https:\\\/\\\/eldigitaldeasturias.com\\\/magazine365\\\/diego-lerman-cautiva-en-la-quincena-de-cannes-con-la-road-movie-refugiado\\\/#mainImage\",\"width\":800,\"height\":566},\"primaryImageOfPage\":{\"@id\":\"https:\\\/\\\/eldigitaldeasturias.com\\\/magazine365\\\/diego-lerman-cautiva-en-la-quincena-de-cannes-con-la-road-movie-refugiado\\\/#mainImage\"},\"datePublished\":\"2014-05-20T20:19:01+02:00\",\"dateModified\":\"2014-05-20T20:19:01+02:00\"},{\"@type\":\"WebSite\",\"@id\":\"https:\\\/\\\/eldigitaldeasturias.com\\\/magazine365\\\/#website\",\"url\":\"https:\\\/\\\/eldigitaldeasturias.com\\\/magazine365\\\/\",\"name\":\"El Digital de Asturias\",\"description\":\"Revista de ocio, turismo y estilo de vida\",\"inLanguage\":\"es-ES\",\"publisher\":{\"@id\":\"https:\\\/\\\/eldigitaldeasturias.com\\\/magazine365\\\/#organization\"}}]}\n\t\t<\/script>\n\t\t<!-- All in One SEO Pro -->\r\n\t\t<title>Diego Lerman cautiva en La Quincena de Cannes con la \u00abroad movie\u00bb \u00abRefugiado\u00bb | El Digital de Asturias<\/title>\n\n","aioseo_head_json":{"title":"Diego Lerman cautiva en La Quincena de Cannes con la \u00abroad movie\u00bb \u00abRefugiado\u00bb | El Digital de Asturias","description":"Cannes (Francia), 20 may (EFE).- La huida de Laura y su hijo Mat\u00edas para escapar de los golpes de un padre que apalea a su esposa embarazada es la propuesta del argentino Diego Lerman en \"Refugiado\", una cinta \u00edntima y sin violencia expl\u00edcita muy aplaudida en su estreno en La Quincena de Realizadores de Cannes.","canonical_url":"https:\/\/eldigitaldeasturias.com\/magazine365\/diego-lerman-cautiva-en-la-quincena-de-cannes-con-la-road-movie-refugiado\/","robots":"max-image-preview:large","keywords":"noticias y actualidad","webmasterTools":{"google-site-verification":"UA-38556648-1","miscellaneous":""},"schema":{"@context":"https:\/\/schema.org","@graph":[{"@type":"Article","@id":"https:\/\/eldigitaldeasturias.com\/magazine365\/diego-lerman-cautiva-en-la-quincena-de-cannes-con-la-road-movie-refugiado\/#article","name":"Diego Lerman cautiva en La Quincena de Cannes con la \u00abroad movie\u00bb \u00abRefugiado\u00bb | El Digital de Asturias","headline":"Diego Lerman cautiva en La Quincena de Cannes con la \u00abroad movie\u00bb \u00abRefugiado\u00bb","author":{"@id":"https:\/\/eldigitaldeasturias.com\/magazine365\/author\/admin\/#author"},"publisher":{"@id":"https:\/\/eldigitaldeasturias.com\/magazine365\/#organization"},"image":{"@type":"ImageObject","url":"https:\/\/eldigitaldeasturias.com\/magazine365\/wp-content\/uploads\/2014\/05\/6278040w.jpg","width":800,"height":566},"datePublished":"2014-05-20T20:19:01+02:00","dateModified":"2014-05-20T20:19:01+02:00","inLanguage":"es-ES","mainEntityOfPage":{"@id":"https:\/\/eldigitaldeasturias.com\/magazine365\/diego-lerman-cautiva-en-la-quincena-de-cannes-con-la-road-movie-refugiado\/#webpage"},"isPartOf":{"@id":"https:\/\/eldigitaldeasturias.com\/magazine365\/diego-lerman-cautiva-en-la-quincena-de-cannes-con-la-road-movie-refugiado\/#webpage"},"articleSection":"Noticias y Actualidad"},{"@type":"BreadcrumbList","@id":"https:\/\/eldigitaldeasturias.com\/magazine365\/diego-lerman-cautiva-en-la-quincena-de-cannes-con-la-road-movie-refugiado\/#breadcrumblist","itemListElement":[{"@type":"ListItem","@id":"https:\/\/eldigitaldeasturias.com\/magazine365#listItem","position":1,"name":"Home","item":"https:\/\/eldigitaldeasturias.com\/magazine365","nextItem":{"@type":"ListItem","@id":"https:\/\/eldigitaldeasturias.com\/magazine365\/category\/noticias-actualidad\/#listItem","name":"Noticias y Actualidad"}},{"@type":"ListItem","@id":"https:\/\/eldigitaldeasturias.com\/magazine365\/category\/noticias-actualidad\/#listItem","position":2,"name":"Noticias y Actualidad","item":"https:\/\/eldigitaldeasturias.com\/magazine365\/category\/noticias-actualidad\/","nextItem":{"@type":"ListItem","@id":"https:\/\/eldigitaldeasturias.com\/magazine365\/diego-lerman-cautiva-en-la-quincena-de-cannes-con-la-road-movie-refugiado\/#listItem","name":"Diego Lerman cautiva en La Quincena de Cannes con la \u00abroad movie\u00bb \u00abRefugiado\u00bb"},"previousItem":{"@type":"ListItem","@id":"https:\/\/eldigitaldeasturias.com\/magazine365#listItem","name":"Home"}},{"@type":"ListItem","@id":"https:\/\/eldigitaldeasturias.com\/magazine365\/diego-lerman-cautiva-en-la-quincena-de-cannes-con-la-road-movie-refugiado\/#listItem","position":3,"name":"Diego Lerman cautiva en La Quincena de Cannes con la \u00abroad movie\u00bb \u00abRefugiado\u00bb","previousItem":{"@type":"ListItem","@id":"https:\/\/eldigitaldeasturias.com\/magazine365\/category\/noticias-actualidad\/#listItem","name":"Noticias y Actualidad"}}]},{"@type":"Organization","@id":"https:\/\/eldigitaldeasturias.com\/magazine365\/#organization","name":"El digital de Asturias","description":"Revista de ocio, turismo y estilo de vida","url":"https:\/\/eldigitaldeasturias.com\/magazine365\/","logo":{"@type":"ImageObject","url":"https:\/\/www.eldigitaldeasturias.com\/noticias\/wp-content\/uploads\/2020\/12\/EDA.jpg","@id":"https:\/\/eldigitaldeasturias.com\/magazine365\/diego-lerman-cautiva-en-la-quincena-de-cannes-con-la-road-movie-refugiado\/#organizationLogo"},"image":{"@id":"https:\/\/eldigitaldeasturias.com\/magazine365\/diego-lerman-cautiva-en-la-quincena-de-cannes-con-la-road-movie-refugiado\/#organizationLogo"}},{"@type":"Person","@id":"https:\/\/eldigitaldeasturias.com\/magazine365\/author\/admin\/#author","url":"https:\/\/eldigitaldeasturias.com\/magazine365\/author\/admin\/","name":"admin","image":{"@type":"ImageObject","@id":"https:\/\/eldigitaldeasturias.com\/magazine365\/diego-lerman-cautiva-en-la-quincena-de-cannes-con-la-road-movie-refugiado\/#authorImage","url":"https:\/\/eldigitaldeasturias.com\/magazine365\/wp-content\/litespeed\/avatar\/e571bcf59a0edd6fa6838245a470f2fe.jpg?ver=1776969259","width":96,"height":96,"caption":"admin"}},{"@type":"WebPage","@id":"https:\/\/eldigitaldeasturias.com\/magazine365\/diego-lerman-cautiva-en-la-quincena-de-cannes-con-la-road-movie-refugiado\/#webpage","url":"https:\/\/eldigitaldeasturias.com\/magazine365\/diego-lerman-cautiva-en-la-quincena-de-cannes-con-la-road-movie-refugiado\/","name":"Diego Lerman cautiva en La Quincena de Cannes con la \u00abroad movie\u00bb \u00abRefugiado\u00bb | El Digital de Asturias","description":"Cannes (Francia), 20 may (EFE).- La huida de Laura y su hijo Mat\u00edas para escapar de los golpes de un padre que apalea a su esposa embarazada es la propuesta del argentino Diego Lerman en \"Refugiado\", una cinta \u00edntima y sin violencia expl\u00edcita muy aplaudida en su estreno en La Quincena de Realizadores de Cannes.","inLanguage":"es-ES","isPartOf":{"@id":"https:\/\/eldigitaldeasturias.com\/magazine365\/#website"},"breadcrumb":{"@id":"https:\/\/eldigitaldeasturias.com\/magazine365\/diego-lerman-cautiva-en-la-quincena-de-cannes-con-la-road-movie-refugiado\/#breadcrumblist"},"author":{"@id":"https:\/\/eldigitaldeasturias.com\/magazine365\/author\/admin\/#author"},"creator":{"@id":"https:\/\/eldigitaldeasturias.com\/magazine365\/author\/admin\/#author"},"image":{"@type":"ImageObject","url":"https:\/\/eldigitaldeasturias.com\/magazine365\/wp-content\/uploads\/2014\/05\/6278040w.jpg","@id":"https:\/\/eldigitaldeasturias.com\/magazine365\/diego-lerman-cautiva-en-la-quincena-de-cannes-con-la-road-movie-refugiado\/#mainImage","width":800,"height":566},"primaryImageOfPage":{"@id":"https:\/\/eldigitaldeasturias.com\/magazine365\/diego-lerman-cautiva-en-la-quincena-de-cannes-con-la-road-movie-refugiado\/#mainImage"},"datePublished":"2014-05-20T20:19:01+02:00","dateModified":"2014-05-20T20:19:01+02:00"},{"@type":"WebSite","@id":"https:\/\/eldigitaldeasturias.com\/magazine365\/#website","url":"https:\/\/eldigitaldeasturias.com\/magazine365\/","name":"El Digital de Asturias","description":"Revista de ocio, turismo y estilo de vida","inLanguage":"es-ES","publisher":{"@id":"https:\/\/eldigitaldeasturias.com\/magazine365\/#organization"}}]},"og:locale":"es_ES","og:site_name":"El Digital de Asturias \u2013 Revista de ocio, turismo y estilo de vida","og:type":"article","og:title":"Diego Lerman cautiva en La Quincena de Cannes con la \u00abroad movie\u00bb \u00abRefugiado\u00bb | El Digital de Asturias","og:description":"Cannes (Francia), 20 may (EFE).- La huida de Laura y su hijo Mat\u00edas para escapar de los golpes de un padre que apalea a su esposa embarazada es la propuesta del argentino Diego Lerman en &quot;Refugiado&quot;, una cinta \u00edntima y sin violencia expl\u00edcita muy aplaudida en su estreno en La Quincena de Realizadores de Cannes.","og:url":"https:\/\/eldigitaldeasturias.com\/magazine365\/diego-lerman-cautiva-en-la-quincena-de-cannes-con-la-road-movie-refugiado\/","og:image":"https:\/\/eldigitaldeasturias.com\/magazine365\/wp-content\/uploads\/2014\/05\/6278040w.jpg","og:image:secure_url":"https:\/\/eldigitaldeasturias.com\/magazine365\/wp-content\/uploads\/2014\/05\/6278040w.jpg","og:image:width":800,"og:image:height":566,"article:published_time":"2014-05-20T22:19:01+00:00","article:modified_time":"2014-05-20T22:19:01+00:00","twitter:card":"summary_large_image","twitter:title":"Diego Lerman cautiva en La Quincena de Cannes con la \u00abroad movie\u00bb \u00abRefugiado\u00bb | El Digital de Asturias","twitter:description":"Cannes (Francia), 20 may (EFE).- La huida de Laura y su hijo Mat\u00edas para escapar de los golpes de un padre que apalea a su esposa embarazada es la propuesta del argentino Diego Lerman en &quot;Refugiado&quot;, una cinta \u00edntima y sin violencia expl\u00edcita muy aplaudida en su estreno en La Quincena de Realizadores de Cannes.","twitter:image":"https:\/\/eldigitaldeasturias.com\/magazine365\/wp-content\/uploads\/2014\/05\/6278040w.jpg"},"aioseo_meta_data":{"post_id":"13315","title":null,"description":null,"keywords":null,"keyphrases":null,"primary_term":null,"canonical_url":null,"og_title":null,"og_description":null,"og_object_type":"default","og_image_type":"default","og_image_url":null,"og_image_width":null,"og_image_height":null,"og_image_custom_url":null,"og_image_custom_fields":null,"og_video":null,"og_custom_url":null,"og_article_section":null,"og_article_tags":null,"twitter_use_og":false,"twitter_card":"default","twitter_image_type":"default","twitter_image_url":null,"twitter_image_custom_url":null,"twitter_image_custom_fields":null,"twitter_title":null,"twitter_description":null,"schema":{"blockGraphs":[],"customGraphs":[],"default":{"data":{"Article":[],"Course":[],"Dataset":[],"FAQPage":[],"Movie":[],"Person":[],"Product":[],"ProductReview":[],"Car":[],"Recipe":[],"Service":[],"SoftwareApplication":[],"WebPage":[]},"graphName":"","isEnabled":true},"graphs":[],"defaultGraph":"","defaultPostTypeGraph":""},"schema_type":null,"schema_type_options":null,"pillar_content":false,"robots_default":true,"robots_noindex":false,"robots_noarchive":false,"robots_nosnippet":false,"robots_nofollow":false,"robots_noimageindex":false,"robots_noodp":false,"robots_notranslate":false,"robots_max_snippet":null,"robots_max_videopreview":null,"robots_max_imagepreview":"large","priority":null,"frequency":null,"location":null,"local_seo":null,"seo_analyzer_scan_date":"2025-09-17 08:01:30","breadcrumb_settings":null,"limit_modified_date":false,"open_ai":null,"ai":null,"created":"2021-03-09 08:29:41","updated":"2025-09-17 08:01:30"},"aioseo_breadcrumb":"<div class=\"aioseo-breadcrumbs\"><span class=\"aioseo-breadcrumb\">\n\t<a href=\"https:\/\/eldigitaldeasturias.com\/magazine365\" title=\"Home\">Home<\/a>\n<\/span><span class=\"aioseo-breadcrumb-separator\">\u2013<\/span><span class=\"aioseo-breadcrumb\">\n\t<a href=\"https:\/\/eldigitaldeasturias.com\/magazine365\/category\/noticias-actualidad\/\" title=\"Noticias y Actualidad\">Noticias y Actualidad<\/a>\n<\/span><span class=\"aioseo-breadcrumb-separator\">\u2013<\/span><span class=\"aioseo-breadcrumb\">\n\t<a href=\"https:\/\/eldigitaldeasturias.com\/magazine365\/diego-lerman-cautiva-en-la-quincena-de-cannes-con-la-road-movie-refugiado\/\" title=\"Diego Lerman cautiva en La Quincena de Cannes con la \u00abroad movie\u00bb \u00abRefugiado\u00bb\">Diego Lerman cautiva en La Quincena de Cannes con la \u00abroad movie\u00bb \u00abRefugiado\u00bb<\/a>\n<\/span><\/div>","aioseo_breadcrumb_json":[{"label":"Home","link":"https:\/\/eldigitaldeasturias.com\/magazine365"},{"label":"Noticias y Actualidad","link":"https:\/\/eldigitaldeasturias.com\/magazine365\/category\/noticias-actualidad\/"},{"label":"Diego Lerman cautiva en La Quincena de Cannes con la \u00abroad movie\u00bb \u00abRefugiado\u00bb","link":"https:\/\/eldigitaldeasturias.com\/magazine365\/diego-lerman-cautiva-en-la-quincena-de-cannes-con-la-road-movie-refugiado\/"}],"_links":{"self":[{"href":"https:\/\/eldigitaldeasturias.com\/magazine365\/wp-json\/wp\/v2\/posts\/13315","targetHints":{"allow":["GET"]}}],"collection":[{"href":"https:\/\/eldigitaldeasturias.com\/magazine365\/wp-json\/wp\/v2\/posts"}],"about":[{"href":"https:\/\/eldigitaldeasturias.com\/magazine365\/wp-json\/wp\/v2\/types\/post"}],"author":[{"embeddable":true,"href":"https:\/\/eldigitaldeasturias.com\/magazine365\/wp-json\/wp\/v2\/users\/1"}],"replies":[{"embeddable":true,"href":"https:\/\/eldigitaldeasturias.com\/magazine365\/wp-json\/wp\/v2\/comments?post=13315"}],"version-history":[{"count":0,"href":"https:\/\/eldigitaldeasturias.com\/magazine365\/wp-json\/wp\/v2\/posts\/13315\/revisions"}],"wp:featuredmedia":[{"embeddable":true,"href":"https:\/\/eldigitaldeasturias.com\/magazine365\/wp-json\/wp\/v2\/media\/13316"}],"wp:attachment":[{"href":"https:\/\/eldigitaldeasturias.com\/magazine365\/wp-json\/wp\/v2\/media?parent=13315"}],"wp:term":[{"taxonomy":"category","embeddable":true,"href":"https:\/\/eldigitaldeasturias.com\/magazine365\/wp-json\/wp\/v2\/categories?post=13315"},{"taxonomy":"post_tag","embeddable":true,"href":"https:\/\/eldigitaldeasturias.com\/magazine365\/wp-json\/wp\/v2\/tags?post=13315"}],"curies":[{"name":"wp","href":"https:\/\/api.w.org\/{rel}","templated":true}]}}