{"id":13309,"date":"2014-05-20T20:16:33","date_gmt":"2014-05-20T22:16:33","guid":{"rendered":"http:\/\/eldigitaldeasturias.com\/magazine365\/?p=13309"},"modified":"2014-05-20T20:16:33","modified_gmt":"2014-05-20T22:16:33","slug":"viaje-al-pasado-en-una-carta-de-vinos","status":"publish","type":"post","link":"https:\/\/eldigitaldeasturias.com\/magazine365\/viaje-al-pasado-en-una-carta-de-vinos\/","title":{"rendered":"Viaje al pasado en una carta de vinos"},"content":{"rendered":"<p><img fetchpriority=\"high\" decoding=\"async\" class=\"alignleft size-medium wp-image-13310\" alt=\"6277715w\" src=\"https:\/\/eldigitaldeasturias.com\/magazine365\/wp-content\/uploads\/2014\/05\/6277715w-229x300.jpg\" width=\"229\" height=\"300\" srcset=\"https:\/\/eldigitaldeasturias.com\/magazine365\/wp-content\/uploads\/2014\/05\/6277715w-229x300.jpg 229w, https:\/\/eldigitaldeasturias.com\/magazine365\/wp-content\/uploads\/2014\/05\/6277715w-489x640.jpg 489w, https:\/\/eldigitaldeasturias.com\/magazine365\/wp-content\/uploads\/2014\/05\/6277715w-150x197.jpg 150w, https:\/\/eldigitaldeasturias.com\/magazine365\/wp-content\/uploads\/2014\/05\/6277715w-450x590.jpg 450w, https:\/\/eldigitaldeasturias.com\/magazine365\/wp-content\/uploads\/2014\/05\/6277715w-696x912.jpg 696w, https:\/\/eldigitaldeasturias.com\/magazine365\/wp-content\/uploads\/2014\/05\/6277715w-321x420.jpg 321w, https:\/\/eldigitaldeasturias.com\/magazine365\/wp-content\/uploads\/2014\/05\/6277715w.jpg 700w\" sizes=\"(max-width: 229px) 100vw, 229px\" \/>Madrid,\u00a020 may (EFE).- Hace unos d\u00edas viv\u00ed una experiencia curiosa: un viaje en el tiempo. No hacia el futuro, como en el caso del libro de H.G. Wells; tampoco a un pasado muy remoto, como el yanqui que Mark Twain situ\u00f3 en la corte del Rey Arturo. Fue un viaje a un pasado m\u00e1s pr\u00f3ximo, m\u00e1s parecido al que hacen Martin McFly y &#8216;Doc&#8217; Brown en la trilog\u00eda \u00abRegreso al futuro\u00bb.<\/p>\n<p>Digamos que retroced\u00ed unos cuarenta y tantos a\u00f1os. Y lo m\u00e1s curioso fue el veh\u00edculo empleado. No fue una m\u00e1quina, como en el caso de Wells; tampoco un golpe en la cabeza, como el yanqui de Twain. No me hizo falta modificar un DeLorean, como a &#8216;Doc&#8217; Brown. Ni siquiera us\u00e9 una simple alfombra m\u00e1gica de las de &#8216;Las mil y una noches&#8217;.<\/p>\n<p>No. Fue mucho m\u00e1s sencillo. Mi nave de traslaci\u00f3n temporal fue una sencilla carta de vinos. Como se lo digo.<\/p>\n<p>Hab\u00edamos quedado con otra pareja amiga para cenar en un restaurante de la periferia de Madrid. Un restaurante con prestigio, al menos antes, parte del cual le acompa\u00f1a a\u00fan a modo de aura que, en cualquier caso, no evitaba que fu\u00e9ramos nosotros los \u00fanicos ocupantes de su terraza. Una terraza muy agradable, eso s\u00ed.<\/p>\n<p>Sab\u00edamos, desde luego, que la cocina de esa casa era de las que catalogamos como \u00abcl\u00e1sica\u00bb: buena materia prima y no demasiadas complicaciones culinarias. Bueno, busc\u00e1bamos eso, de modo que hasta ah\u00ed, bien. Un vistazo a la carta confirm\u00f3 las expectativas.<\/p>\n<p>Nuestra elecci\u00f3n, con lenguado para tres como punto fuerte, ped\u00eda claramente un vino blanco. Solicitamos la lista de vinos, con la esperanza de encontrar un godello de las riberas del Sil o el Bibei. No lo hab\u00eda; no es demasiado raro, el auge de la godello es bastante reciente.<\/p>\n<p>El problema es que en toda la carta de vinos, m\u00e1s cl\u00e1sica aun que la de platos, hab\u00eda solo cuatro \u00a1cuatro! vinos blancos: dos verdejos (Rueda) y dos albari\u00f1os (R\u00edas Baixas). Cuatro posibilidades en una carta de varias p\u00e1ginas, tampoco muchas, pero varias.<\/p>\n<p>Yo cre\u00eda que la especie que proclamaba que no hay m\u00e1s vino que el tinto se hab\u00eda extinguido hace a\u00f1os. Pues no. Est\u00e1, o eso espero, en v\u00edas de extinci\u00f3n; pero quedan elementos recalcitrantes, que siguen creyendo que los cada vez mejores vinos blancos espa\u00f1oles (pedir borgo\u00f1as ya ser\u00eda cosa de otro mundo) son algo que solo piden algunos tipos raros.<\/p>\n<p>Me sent\u00ed trasladado a los a\u00f1os 60, o al principio de los 70, cuando en los restaurantes se exhib\u00edan listas de vinos en las que no faltaba ninguno de los grandes tintos (bien es verdad que restringidos a los riojas)&#8230; y aparec\u00eda alg\u00fan blanco, normalmente un viura de la conocida Compa\u00f1\u00eda Vin\u00edcola del Norte de Espa\u00f1a, de Haro: el Monopole. Milagro si hab\u00eda alguno m\u00e1s.<\/p>\n<p>Algo se ha ganado, sin embargo: los blancos ofrecidos en este caso son de Denominaciones de Origen que en su d\u00eda fueron emergentes. Pero, a\u00fan as\u00ed, nadie nos quitar\u00e1 de la cabeza que estaban en la carta por si a alg\u00fan caprichoso se le ocurr\u00eda pedir \u00abun blanquito&#8230;\u00bb<\/p>\n<p>Porque esa es otra: se habla de \u00abun blanquito\u00bb, pero nunca de \u00abun tintito\u00bb. Hay supervivientes del Neol\u00edtico que a\u00fan creen en esa barbaridad que sostiene que \u00abel mejor blanco es un tinto\u00bb, barbaridad que ellos elevan a dogma de fe.<\/p>\n<p>No me meter\u00e9 jam\u00e1s con quienes pidan un tinto con cuerpo para acompa\u00f1ar un lenguado a la parrilla: cada cual es muy due\u00f1o de gastar sus cuartos como prefiera, y para gustos se pintan colores; a m\u00ed me parece un maridaje (no me gusta nada la palabra, pero es la que se usa m\u00e1s) horrendo, pero&#8230; ya digo, all\u00e1 cada cual.<\/p>\n<p>Yo, lo confieso, soy bebedor de blancos. Blancos de albari\u00f1o, de godello, de treixadura, de verdejo, de los nuevos viuras riojanos&#8230; y tambi\u00e9n de los considerables chardonnays de Navarra o de la Conca de Barber\u00e1, por no hablar de los borgo\u00f1ones. Confieso que me encantan combinaciones vino-plato que los ortodoxos juzgan disparatadas; pero me he llevado muchas alegr\u00edas transgrediendo esas normas (blanco con los pescados, tintos con las carnes) que mucha gente reputa inamovibles&#8230;<\/p>\n<p>Me gustan los blancos, y s\u00e9 que cada vez hay m\u00e1s gente a la que le gustan. Carezco de estad\u00edsticas al respecto, pero es lo que veo en los bares de vinos, en los restaurantes&#8230; Los blancos van recuperando el lugar que yo creo que se merecen, porque los hay maravillosos. No voy a ponerme tan fundamentalista como los \u00abultraortodoxos\u00bb, pero hay cartas por ah\u00ed en las que podr\u00edamos decir, sin faltar a la verdad, que \u00abel mejor tinto es un blanco\u00bb.<\/p>\n<p>Ah: el lenguado estaba rico. Pero inevitablemente salimos del restaurante con la sensaci\u00f3n no ya de que hab\u00edamos estado en un \u00abcl\u00e1sico\u00bb, sino de que el restaurante, se mirase por donde se mirase, era claramente una cosa de otro tiempo, al menos de otro siglo: el pasado.<\/p>\n<p>Ya ven que ten\u00eda razones para sentirme un viajero en el tiempo como los que citaba m\u00e1s arriba. Anda, que si don Herberto Jorge Wells llega a saber que para viajar al pasado no hac\u00eda falta m\u00e1s m\u00e1quina del tiempo que una carta de vinos&#8230; qu\u00e9 buena novela, y qu\u00e9 interesantes pel\u00edculas, nos hubi\u00e9ramos perdido.<\/p>\n<p>Caius Apicius<\/p>\n","protected":false},"excerpt":{"rendered":"<p>Madrid,\u00a020 may (EFE).- Hace unos d\u00edas viv\u00ed una experiencia curiosa: un viaje en el tiempo. No hacia el futuro, como en el caso del libro de H.G. Wells; tampoco a un pasado muy remoto, como el yanqui que Mark Twain situ\u00f3 en la corte del Rey Arturo. Fue un viaje a un pasado m\u00e1s pr\u00f3ximo,<\/p>\n","protected":false},"author":1,"featured_media":13310,"comment_status":"open","ping_status":"closed","sticky":false,"template":"","format":"standard","meta":{"footnotes":""},"categories":[224],"tags":[],"class_list":{"0":"post-13309","1":"post","2":"type-post","3":"status-publish","4":"format-standard","5":"has-post-thumbnail","7":"category-noticias-actualidad"},"aioseo_notices":[],"aioseo_head":"\n\t\t<!-- All in One SEO Pro 4.9.6.1 - aioseo.com -->\n\t<meta name=\"description\" content=\"Madrid, 20 may (EFE).- Hace unos d\u00edas viv\u00ed una experiencia curiosa: un viaje en el tiempo. No hacia el futuro, como en el caso del libro de H.G. Wells; tampoco a un pasado muy remoto, como el yanqui que Mark Twain situ\u00f3 en la corte del Rey Arturo. Fue un viaje a un pasado m\u00e1s pr\u00f3ximo,\" \/>\n\t<meta name=\"robots\" content=\"max-image-preview:large\" \/>\n\t<meta name=\"author\" content=\"admin\"\/>\n\t<meta name=\"google-site-verification\" content=\"UA-38556648-1\" \/>\n\t<meta name=\"keywords\" content=\"noticias y actualidad\" \/>\n\t<link rel=\"canonical\" href=\"https:\/\/eldigitaldeasturias.com\/magazine365\/viaje-al-pasado-en-una-carta-de-vinos\/\" \/>\n\t<meta name=\"generator\" content=\"All in One SEO Pro (AIOSEO) 4.9.6.1\" \/>\n\t\t<meta property=\"og:locale\" content=\"es_ES\" \/>\n\t\t<meta property=\"og:site_name\" content=\"El Digital de Asturias \u2013 Revista de ocio, turismo y estilo de vida\" \/>\n\t\t<meta property=\"og:type\" content=\"article\" \/>\n\t\t<meta property=\"og:title\" content=\"Viaje al pasado en una carta de vinos | El Digital de Asturias\" \/>\n\t\t<meta property=\"og:description\" content=\"Madrid, 20 may (EFE).- Hace unos d\u00edas viv\u00ed una experiencia curiosa: un viaje en el tiempo. No hacia el futuro, como en el caso del libro de H.G. Wells; tampoco a un pasado muy remoto, como el yanqui que Mark Twain situ\u00f3 en la corte del Rey Arturo. Fue un viaje a un pasado m\u00e1s pr\u00f3ximo,\" \/>\n\t\t<meta property=\"og:url\" content=\"https:\/\/eldigitaldeasturias.com\/magazine365\/viaje-al-pasado-en-una-carta-de-vinos\/\" \/>\n\t\t<meta property=\"og:image\" content=\"https:\/\/eldigitaldeasturias.com\/magazine365\/wp-content\/uploads\/2014\/05\/6277715w.jpg\" \/>\n\t\t<meta property=\"og:image:secure_url\" content=\"https:\/\/eldigitaldeasturias.com\/magazine365\/wp-content\/uploads\/2014\/05\/6277715w.jpg\" \/>\n\t\t<meta property=\"og:image:width\" content=\"700\" \/>\n\t\t<meta property=\"og:image:height\" content=\"917\" \/>\n\t\t<meta property=\"article:published_time\" content=\"2014-05-20T22:16:33+00:00\" \/>\n\t\t<meta property=\"article:modified_time\" content=\"2014-05-20T22:16:33+00:00\" \/>\n\t\t<meta name=\"twitter:card\" content=\"summary_large_image\" \/>\n\t\t<meta name=\"twitter:title\" content=\"Viaje al pasado en una carta de vinos | El Digital de Asturias\" \/>\n\t\t<meta name=\"twitter:description\" content=\"Madrid, 20 may (EFE).- Hace unos d\u00edas viv\u00ed una experiencia curiosa: un viaje en el tiempo. No hacia el futuro, como en el caso del libro de H.G. Wells; tampoco a un pasado muy remoto, como el yanqui que Mark Twain situ\u00f3 en la corte del Rey Arturo. Fue un viaje a un pasado m\u00e1s pr\u00f3ximo,\" \/>\n\t\t<meta name=\"twitter:image\" content=\"https:\/\/eldigitaldeasturias.com\/magazine365\/wp-content\/uploads\/2014\/05\/6277715w.jpg\" \/>\n\t\t<script type=\"application\/ld+json\" class=\"aioseo-schema\">\n\t\t\t{\"@context\":\"https:\\\/\\\/schema.org\",\"@graph\":[{\"@type\":\"Article\",\"@id\":\"https:\\\/\\\/eldigitaldeasturias.com\\\/magazine365\\\/viaje-al-pasado-en-una-carta-de-vinos\\\/#article\",\"name\":\"Viaje al pasado en una carta de vinos | El Digital de Asturias\",\"headline\":\"Viaje al pasado en una carta de vinos\",\"author\":{\"@id\":\"https:\\\/\\\/eldigitaldeasturias.com\\\/magazine365\\\/author\\\/admin\\\/#author\"},\"publisher\":{\"@id\":\"https:\\\/\\\/eldigitaldeasturias.com\\\/magazine365\\\/#organization\"},\"image\":{\"@type\":\"ImageObject\",\"url\":\"https:\\\/\\\/eldigitaldeasturias.com\\\/magazine365\\\/wp-content\\\/uploads\\\/2014\\\/05\\\/6277715w.jpg\",\"width\":700,\"height\":917},\"datePublished\":\"2014-05-20T20:16:33+02:00\",\"dateModified\":\"2014-05-20T20:16:33+02:00\",\"inLanguage\":\"es-ES\",\"mainEntityOfPage\":{\"@id\":\"https:\\\/\\\/eldigitaldeasturias.com\\\/magazine365\\\/viaje-al-pasado-en-una-carta-de-vinos\\\/#webpage\"},\"isPartOf\":{\"@id\":\"https:\\\/\\\/eldigitaldeasturias.com\\\/magazine365\\\/viaje-al-pasado-en-una-carta-de-vinos\\\/#webpage\"},\"articleSection\":\"Noticias y Actualidad\"},{\"@type\":\"BreadcrumbList\",\"@id\":\"https:\\\/\\\/eldigitaldeasturias.com\\\/magazine365\\\/viaje-al-pasado-en-una-carta-de-vinos\\\/#breadcrumblist\",\"itemListElement\":[{\"@type\":\"ListItem\",\"@id\":\"https:\\\/\\\/eldigitaldeasturias.com\\\/magazine365#listItem\",\"position\":1,\"name\":\"Home\",\"item\":\"https:\\\/\\\/eldigitaldeasturias.com\\\/magazine365\",\"nextItem\":{\"@type\":\"ListItem\",\"@id\":\"https:\\\/\\\/eldigitaldeasturias.com\\\/magazine365\\\/category\\\/noticias-actualidad\\\/#listItem\",\"name\":\"Noticias y Actualidad\"}},{\"@type\":\"ListItem\",\"@id\":\"https:\\\/\\\/eldigitaldeasturias.com\\\/magazine365\\\/category\\\/noticias-actualidad\\\/#listItem\",\"position\":2,\"name\":\"Noticias y Actualidad\",\"item\":\"https:\\\/\\\/eldigitaldeasturias.com\\\/magazine365\\\/category\\\/noticias-actualidad\\\/\",\"nextItem\":{\"@type\":\"ListItem\",\"@id\":\"https:\\\/\\\/eldigitaldeasturias.com\\\/magazine365\\\/viaje-al-pasado-en-una-carta-de-vinos\\\/#listItem\",\"name\":\"Viaje al pasado en una carta de vinos\"},\"previousItem\":{\"@type\":\"ListItem\",\"@id\":\"https:\\\/\\\/eldigitaldeasturias.com\\\/magazine365#listItem\",\"name\":\"Home\"}},{\"@type\":\"ListItem\",\"@id\":\"https:\\\/\\\/eldigitaldeasturias.com\\\/magazine365\\\/viaje-al-pasado-en-una-carta-de-vinos\\\/#listItem\",\"position\":3,\"name\":\"Viaje al pasado en una carta de vinos\",\"previousItem\":{\"@type\":\"ListItem\",\"@id\":\"https:\\\/\\\/eldigitaldeasturias.com\\\/magazine365\\\/category\\\/noticias-actualidad\\\/#listItem\",\"name\":\"Noticias y Actualidad\"}}]},{\"@type\":\"Organization\",\"@id\":\"https:\\\/\\\/eldigitaldeasturias.com\\\/magazine365\\\/#organization\",\"name\":\"El digital de Asturias\",\"description\":\"Revista de ocio, turismo y estilo de vida\",\"url\":\"https:\\\/\\\/eldigitaldeasturias.com\\\/magazine365\\\/\",\"logo\":{\"@type\":\"ImageObject\",\"url\":\"https:\\\/\\\/www.eldigitaldeasturias.com\\\/noticias\\\/wp-content\\\/uploads\\\/2020\\\/12\\\/EDA.jpg\",\"@id\":\"https:\\\/\\\/eldigitaldeasturias.com\\\/magazine365\\\/viaje-al-pasado-en-una-carta-de-vinos\\\/#organizationLogo\"},\"image\":{\"@id\":\"https:\\\/\\\/eldigitaldeasturias.com\\\/magazine365\\\/viaje-al-pasado-en-una-carta-de-vinos\\\/#organizationLogo\"}},{\"@type\":\"Person\",\"@id\":\"https:\\\/\\\/eldigitaldeasturias.com\\\/magazine365\\\/author\\\/admin\\\/#author\",\"url\":\"https:\\\/\\\/eldigitaldeasturias.com\\\/magazine365\\\/author\\\/admin\\\/\",\"name\":\"admin\",\"image\":{\"@type\":\"ImageObject\",\"@id\":\"https:\\\/\\\/eldigitaldeasturias.com\\\/magazine365\\\/viaje-al-pasado-en-una-carta-de-vinos\\\/#authorImage\",\"url\":\"https:\\\/\\\/eldigitaldeasturias.com\\\/magazine365\\\/wp-content\\\/litespeed\\\/avatar\\\/e571bcf59a0edd6fa6838245a470f2fe.jpg?ver=1776969259\",\"width\":96,\"height\":96,\"caption\":\"admin\"}},{\"@type\":\"WebPage\",\"@id\":\"https:\\\/\\\/eldigitaldeasturias.com\\\/magazine365\\\/viaje-al-pasado-en-una-carta-de-vinos\\\/#webpage\",\"url\":\"https:\\\/\\\/eldigitaldeasturias.com\\\/magazine365\\\/viaje-al-pasado-en-una-carta-de-vinos\\\/\",\"name\":\"Viaje al pasado en una carta de vinos | El Digital de Asturias\",\"description\":\"Madrid, 20 may (EFE).- Hace unos d\\u00edas viv\\u00ed una experiencia curiosa: un viaje en el tiempo. No hacia el futuro, como en el caso del libro de H.G. Wells; tampoco a un pasado muy remoto, como el yanqui que Mark Twain situ\\u00f3 en la corte del Rey Arturo. Fue un viaje a un pasado m\\u00e1s pr\\u00f3ximo,\",\"inLanguage\":\"es-ES\",\"isPartOf\":{\"@id\":\"https:\\\/\\\/eldigitaldeasturias.com\\\/magazine365\\\/#website\"},\"breadcrumb\":{\"@id\":\"https:\\\/\\\/eldigitaldeasturias.com\\\/magazine365\\\/viaje-al-pasado-en-una-carta-de-vinos\\\/#breadcrumblist\"},\"author\":{\"@id\":\"https:\\\/\\\/eldigitaldeasturias.com\\\/magazine365\\\/author\\\/admin\\\/#author\"},\"creator\":{\"@id\":\"https:\\\/\\\/eldigitaldeasturias.com\\\/magazine365\\\/author\\\/admin\\\/#author\"},\"image\":{\"@type\":\"ImageObject\",\"url\":\"https:\\\/\\\/eldigitaldeasturias.com\\\/magazine365\\\/wp-content\\\/uploads\\\/2014\\\/05\\\/6277715w.jpg\",\"@id\":\"https:\\\/\\\/eldigitaldeasturias.com\\\/magazine365\\\/viaje-al-pasado-en-una-carta-de-vinos\\\/#mainImage\",\"width\":700,\"height\":917},\"primaryImageOfPage\":{\"@id\":\"https:\\\/\\\/eldigitaldeasturias.com\\\/magazine365\\\/viaje-al-pasado-en-una-carta-de-vinos\\\/#mainImage\"},\"datePublished\":\"2014-05-20T20:16:33+02:00\",\"dateModified\":\"2014-05-20T20:16:33+02:00\"},{\"@type\":\"WebSite\",\"@id\":\"https:\\\/\\\/eldigitaldeasturias.com\\\/magazine365\\\/#website\",\"url\":\"https:\\\/\\\/eldigitaldeasturias.com\\\/magazine365\\\/\",\"name\":\"El Digital de Asturias\",\"description\":\"Revista de ocio, turismo y estilo de vida\",\"inLanguage\":\"es-ES\",\"publisher\":{\"@id\":\"https:\\\/\\\/eldigitaldeasturias.com\\\/magazine365\\\/#organization\"}}]}\n\t\t<\/script>\n\t\t<!-- All in One SEO Pro -->\r\n\t\t<title>Viaje al pasado en una carta de vinos | El Digital de Asturias<\/title>\n\n","aioseo_head_json":{"title":"Viaje al pasado en una carta de vinos | El Digital de Asturias","description":"Madrid, 20 may (EFE).- Hace unos d\u00edas viv\u00ed una experiencia curiosa: un viaje en el tiempo. No hacia el futuro, como en el caso del libro de H.G. Wells; tampoco a un pasado muy remoto, como el yanqui que Mark Twain situ\u00f3 en la corte del Rey Arturo. Fue un viaje a un pasado m\u00e1s pr\u00f3ximo,","canonical_url":"https:\/\/eldigitaldeasturias.com\/magazine365\/viaje-al-pasado-en-una-carta-de-vinos\/","robots":"max-image-preview:large","keywords":"noticias y actualidad","webmasterTools":{"google-site-verification":"UA-38556648-1","miscellaneous":""},"schema":{"@context":"https:\/\/schema.org","@graph":[{"@type":"Article","@id":"https:\/\/eldigitaldeasturias.com\/magazine365\/viaje-al-pasado-en-una-carta-de-vinos\/#article","name":"Viaje al pasado en una carta de vinos | El Digital de Asturias","headline":"Viaje al pasado en una carta de vinos","author":{"@id":"https:\/\/eldigitaldeasturias.com\/magazine365\/author\/admin\/#author"},"publisher":{"@id":"https:\/\/eldigitaldeasturias.com\/magazine365\/#organization"},"image":{"@type":"ImageObject","url":"https:\/\/eldigitaldeasturias.com\/magazine365\/wp-content\/uploads\/2014\/05\/6277715w.jpg","width":700,"height":917},"datePublished":"2014-05-20T20:16:33+02:00","dateModified":"2014-05-20T20:16:33+02:00","inLanguage":"es-ES","mainEntityOfPage":{"@id":"https:\/\/eldigitaldeasturias.com\/magazine365\/viaje-al-pasado-en-una-carta-de-vinos\/#webpage"},"isPartOf":{"@id":"https:\/\/eldigitaldeasturias.com\/magazine365\/viaje-al-pasado-en-una-carta-de-vinos\/#webpage"},"articleSection":"Noticias y Actualidad"},{"@type":"BreadcrumbList","@id":"https:\/\/eldigitaldeasturias.com\/magazine365\/viaje-al-pasado-en-una-carta-de-vinos\/#breadcrumblist","itemListElement":[{"@type":"ListItem","@id":"https:\/\/eldigitaldeasturias.com\/magazine365#listItem","position":1,"name":"Home","item":"https:\/\/eldigitaldeasturias.com\/magazine365","nextItem":{"@type":"ListItem","@id":"https:\/\/eldigitaldeasturias.com\/magazine365\/category\/noticias-actualidad\/#listItem","name":"Noticias y Actualidad"}},{"@type":"ListItem","@id":"https:\/\/eldigitaldeasturias.com\/magazine365\/category\/noticias-actualidad\/#listItem","position":2,"name":"Noticias y Actualidad","item":"https:\/\/eldigitaldeasturias.com\/magazine365\/category\/noticias-actualidad\/","nextItem":{"@type":"ListItem","@id":"https:\/\/eldigitaldeasturias.com\/magazine365\/viaje-al-pasado-en-una-carta-de-vinos\/#listItem","name":"Viaje al pasado en una carta de vinos"},"previousItem":{"@type":"ListItem","@id":"https:\/\/eldigitaldeasturias.com\/magazine365#listItem","name":"Home"}},{"@type":"ListItem","@id":"https:\/\/eldigitaldeasturias.com\/magazine365\/viaje-al-pasado-en-una-carta-de-vinos\/#listItem","position":3,"name":"Viaje al pasado en una carta de vinos","previousItem":{"@type":"ListItem","@id":"https:\/\/eldigitaldeasturias.com\/magazine365\/category\/noticias-actualidad\/#listItem","name":"Noticias y Actualidad"}}]},{"@type":"Organization","@id":"https:\/\/eldigitaldeasturias.com\/magazine365\/#organization","name":"El digital de Asturias","description":"Revista de ocio, turismo y estilo de vida","url":"https:\/\/eldigitaldeasturias.com\/magazine365\/","logo":{"@type":"ImageObject","url":"https:\/\/www.eldigitaldeasturias.com\/noticias\/wp-content\/uploads\/2020\/12\/EDA.jpg","@id":"https:\/\/eldigitaldeasturias.com\/magazine365\/viaje-al-pasado-en-una-carta-de-vinos\/#organizationLogo"},"image":{"@id":"https:\/\/eldigitaldeasturias.com\/magazine365\/viaje-al-pasado-en-una-carta-de-vinos\/#organizationLogo"}},{"@type":"Person","@id":"https:\/\/eldigitaldeasturias.com\/magazine365\/author\/admin\/#author","url":"https:\/\/eldigitaldeasturias.com\/magazine365\/author\/admin\/","name":"admin","image":{"@type":"ImageObject","@id":"https:\/\/eldigitaldeasturias.com\/magazine365\/viaje-al-pasado-en-una-carta-de-vinos\/#authorImage","url":"https:\/\/eldigitaldeasturias.com\/magazine365\/wp-content\/litespeed\/avatar\/e571bcf59a0edd6fa6838245a470f2fe.jpg?ver=1776969259","width":96,"height":96,"caption":"admin"}},{"@type":"WebPage","@id":"https:\/\/eldigitaldeasturias.com\/magazine365\/viaje-al-pasado-en-una-carta-de-vinos\/#webpage","url":"https:\/\/eldigitaldeasturias.com\/magazine365\/viaje-al-pasado-en-una-carta-de-vinos\/","name":"Viaje al pasado en una carta de vinos | El Digital de Asturias","description":"Madrid, 20 may (EFE).- Hace unos d\u00edas viv\u00ed una experiencia curiosa: un viaje en el tiempo. No hacia el futuro, como en el caso del libro de H.G. Wells; tampoco a un pasado muy remoto, como el yanqui que Mark Twain situ\u00f3 en la corte del Rey Arturo. Fue un viaje a un pasado m\u00e1s pr\u00f3ximo,","inLanguage":"es-ES","isPartOf":{"@id":"https:\/\/eldigitaldeasturias.com\/magazine365\/#website"},"breadcrumb":{"@id":"https:\/\/eldigitaldeasturias.com\/magazine365\/viaje-al-pasado-en-una-carta-de-vinos\/#breadcrumblist"},"author":{"@id":"https:\/\/eldigitaldeasturias.com\/magazine365\/author\/admin\/#author"},"creator":{"@id":"https:\/\/eldigitaldeasturias.com\/magazine365\/author\/admin\/#author"},"image":{"@type":"ImageObject","url":"https:\/\/eldigitaldeasturias.com\/magazine365\/wp-content\/uploads\/2014\/05\/6277715w.jpg","@id":"https:\/\/eldigitaldeasturias.com\/magazine365\/viaje-al-pasado-en-una-carta-de-vinos\/#mainImage","width":700,"height":917},"primaryImageOfPage":{"@id":"https:\/\/eldigitaldeasturias.com\/magazine365\/viaje-al-pasado-en-una-carta-de-vinos\/#mainImage"},"datePublished":"2014-05-20T20:16:33+02:00","dateModified":"2014-05-20T20:16:33+02:00"},{"@type":"WebSite","@id":"https:\/\/eldigitaldeasturias.com\/magazine365\/#website","url":"https:\/\/eldigitaldeasturias.com\/magazine365\/","name":"El Digital de Asturias","description":"Revista de ocio, turismo y estilo de vida","inLanguage":"es-ES","publisher":{"@id":"https:\/\/eldigitaldeasturias.com\/magazine365\/#organization"}}]},"og:locale":"es_ES","og:site_name":"El Digital de Asturias \u2013 Revista de ocio, turismo y estilo de vida","og:type":"article","og:title":"Viaje al pasado en una carta de vinos | El Digital de Asturias","og:description":"Madrid, 20 may (EFE).- Hace unos d\u00edas viv\u00ed una experiencia curiosa: un viaje en el tiempo. No hacia el futuro, como en el caso del libro de H.G. Wells; tampoco a un pasado muy remoto, como el yanqui que Mark Twain situ\u00f3 en la corte del Rey Arturo. Fue un viaje a un pasado m\u00e1s pr\u00f3ximo,","og:url":"https:\/\/eldigitaldeasturias.com\/magazine365\/viaje-al-pasado-en-una-carta-de-vinos\/","og:image":"https:\/\/eldigitaldeasturias.com\/magazine365\/wp-content\/uploads\/2014\/05\/6277715w.jpg","og:image:secure_url":"https:\/\/eldigitaldeasturias.com\/magazine365\/wp-content\/uploads\/2014\/05\/6277715w.jpg","og:image:width":700,"og:image:height":917,"article:published_time":"2014-05-20T22:16:33+00:00","article:modified_time":"2014-05-20T22:16:33+00:00","twitter:card":"summary_large_image","twitter:title":"Viaje al pasado en una carta de vinos | El Digital de Asturias","twitter:description":"Madrid, 20 may (EFE).- Hace unos d\u00edas viv\u00ed una experiencia curiosa: un viaje en el tiempo. No hacia el futuro, como en el caso del libro de H.G. Wells; tampoco a un pasado muy remoto, como el yanqui que Mark Twain situ\u00f3 en la corte del Rey Arturo. Fue un viaje a un pasado m\u00e1s pr\u00f3ximo,","twitter:image":"https:\/\/eldigitaldeasturias.com\/magazine365\/wp-content\/uploads\/2014\/05\/6277715w.jpg"},"aioseo_meta_data":{"post_id":"13309","title":null,"description":null,"keywords":null,"keyphrases":null,"primary_term":null,"canonical_url":null,"og_title":null,"og_description":null,"og_object_type":"default","og_image_type":"default","og_image_url":null,"og_image_width":null,"og_image_height":null,"og_image_custom_url":null,"og_image_custom_fields":null,"og_video":null,"og_custom_url":null,"og_article_section":null,"og_article_tags":null,"twitter_use_og":false,"twitter_card":"default","twitter_image_type":"default","twitter_image_url":null,"twitter_image_custom_url":null,"twitter_image_custom_fields":null,"twitter_title":null,"twitter_description":null,"schema":{"blockGraphs":[],"customGraphs":[],"default":{"data":{"Article":[],"Course":[],"Dataset":[],"FAQPage":[],"Movie":[],"Person":[],"Product":[],"ProductReview":[],"Car":[],"Recipe":[],"Service":[],"SoftwareApplication":[],"WebPage":[]},"graphName":"","isEnabled":true},"graphs":[]},"schema_type":null,"schema_type_options":null,"pillar_content":false,"robots_default":true,"robots_noindex":false,"robots_noarchive":false,"robots_nosnippet":false,"robots_nofollow":false,"robots_noimageindex":false,"robots_noodp":false,"robots_notranslate":false,"robots_max_snippet":null,"robots_max_videopreview":null,"robots_max_imagepreview":"large","priority":null,"frequency":null,"location":null,"local_seo":null,"seo_analyzer_scan_date":"2025-09-17 08:01:26","breadcrumb_settings":null,"limit_modified_date":false,"open_ai":null,"ai":null,"created":"2021-03-09 08:29:41","updated":"2025-09-17 08:01:26"},"aioseo_breadcrumb":"<div class=\"aioseo-breadcrumbs\"><span class=\"aioseo-breadcrumb\">\n\t<a href=\"https:\/\/eldigitaldeasturias.com\/magazine365\" title=\"Home\">Home<\/a>\n<\/span><span class=\"aioseo-breadcrumb-separator\">\u2013<\/span><span class=\"aioseo-breadcrumb\">\n\t<a href=\"https:\/\/eldigitaldeasturias.com\/magazine365\/category\/noticias-actualidad\/\" title=\"Noticias y Actualidad\">Noticias y Actualidad<\/a>\n<\/span><span class=\"aioseo-breadcrumb-separator\">\u2013<\/span><span class=\"aioseo-breadcrumb\">\n\t<a href=\"https:\/\/eldigitaldeasturias.com\/magazine365\/viaje-al-pasado-en-una-carta-de-vinos\/\" title=\"Viaje al pasado en una carta de vinos\">Viaje al pasado en una carta de vinos<\/a>\n<\/span><\/div>","aioseo_breadcrumb_json":[{"label":"Home","link":"https:\/\/eldigitaldeasturias.com\/magazine365"},{"label":"Noticias y Actualidad","link":"https:\/\/eldigitaldeasturias.com\/magazine365\/category\/noticias-actualidad\/"},{"label":"Viaje al pasado en una carta de vinos","link":"https:\/\/eldigitaldeasturias.com\/magazine365\/viaje-al-pasado-en-una-carta-de-vinos\/"}],"_links":{"self":[{"href":"https:\/\/eldigitaldeasturias.com\/magazine365\/wp-json\/wp\/v2\/posts\/13309","targetHints":{"allow":["GET"]}}],"collection":[{"href":"https:\/\/eldigitaldeasturias.com\/magazine365\/wp-json\/wp\/v2\/posts"}],"about":[{"href":"https:\/\/eldigitaldeasturias.com\/magazine365\/wp-json\/wp\/v2\/types\/post"}],"author":[{"embeddable":true,"href":"https:\/\/eldigitaldeasturias.com\/magazine365\/wp-json\/wp\/v2\/users\/1"}],"replies":[{"embeddable":true,"href":"https:\/\/eldigitaldeasturias.com\/magazine365\/wp-json\/wp\/v2\/comments?post=13309"}],"version-history":[{"count":0,"href":"https:\/\/eldigitaldeasturias.com\/magazine365\/wp-json\/wp\/v2\/posts\/13309\/revisions"}],"wp:featuredmedia":[{"embeddable":true,"href":"https:\/\/eldigitaldeasturias.com\/magazine365\/wp-json\/wp\/v2\/media\/13310"}],"wp:attachment":[{"href":"https:\/\/eldigitaldeasturias.com\/magazine365\/wp-json\/wp\/v2\/media?parent=13309"}],"wp:term":[{"taxonomy":"category","embeddable":true,"href":"https:\/\/eldigitaldeasturias.com\/magazine365\/wp-json\/wp\/v2\/categories?post=13309"},{"taxonomy":"post_tag","embeddable":true,"href":"https:\/\/eldigitaldeasturias.com\/magazine365\/wp-json\/wp\/v2\/tags?post=13309"}],"curies":[{"name":"wp","href":"https:\/\/api.w.org\/{rel}","templated":true}]}}