{"id":13303,"date":"2014-05-20T04:12:21","date_gmt":"2014-05-20T06:12:21","guid":{"rendered":"http:\/\/eldigitaldeasturias.com\/magazine365\/?p=13303"},"modified":"2014-05-20T04:12:21","modified_gmt":"2014-05-20T06:12:21","slug":"una-chica-en-topless-se-cuela-en-la-alfombra-roja-de-cannes","status":"publish","type":"post","link":"https:\/\/eldigitaldeasturias.com\/magazine365\/una-chica-en-topless-se-cuela-en-la-alfombra-roja-de-cannes\/","title":{"rendered":"Una chica en \u00abtopless\u00bb se cuela en la alfombra roja de Cannes"},"content":{"rendered":"<p><img fetchpriority=\"high\" decoding=\"async\" class=\"alignleft size-medium wp-image-13304\" alt=\"6277306w\" src=\"https:\/\/eldigitaldeasturias.com\/magazine365\/wp-content\/uploads\/2014\/05\/6277306w-360x279.jpg\" width=\"360\" height=\"279\" srcset=\"https:\/\/eldigitaldeasturias.com\/magazine365\/wp-content\/uploads\/2014\/05\/6277306w-360x279.jpg 360w, https:\/\/eldigitaldeasturias.com\/magazine365\/wp-content\/uploads\/2014\/05\/6277306w-650x504.jpg 650w, https:\/\/eldigitaldeasturias.com\/magazine365\/wp-content\/uploads\/2014\/05\/6277306w-768x595.jpg 768w, https:\/\/eldigitaldeasturias.com\/magazine365\/wp-content\/uploads\/2014\/05\/6277306w-150x116.jpg 150w, https:\/\/eldigitaldeasturias.com\/magazine365\/wp-content\/uploads\/2014\/05\/6277306w-450x349.jpg 450w, https:\/\/eldigitaldeasturias.com\/magazine365\/wp-content\/uploads\/2014\/05\/6277306w-696x539.jpg 696w, https:\/\/eldigitaldeasturias.com\/magazine365\/wp-content\/uploads\/2014\/05\/6277306w-542x420.jpg 542w, https:\/\/eldigitaldeasturias.com\/magazine365\/wp-content\/uploads\/2014\/05\/6277306w.jpg 800w\" sizes=\"(max-width: 360px) 100vw, 360px\" \/>Cannes (Francia), 19 may (EFE).- Una chica en \u00abtopless\u00bb, con un body de cinta aislante en la parte inferior del tronco, se col\u00f3 hoy en la alfombra roja del Festival de Cannes y fue inmediatamente evacuada por la organizaci\u00f3n del evento.<\/p>\n<p>Con una larga peluca rubia platino y un pintalabios corrido, la joven camin\u00f3 por delante de las c\u00e1maras con el vientre cubierto por las letras rojas del celof\u00e1n que indicaban \u00abfragile\u00bb, en medio de las personas invitadas a la proyecci\u00f3n de la pel\u00edcula \u00abMaps to the Stars\u00bb, de David Cronenberg.<\/p>\n<p>El incidente sucedi\u00f3 al principio de la velada m\u00e1s fr\u00eda de la presente edici\u00f3n del Festival de Cannes, mientras arreciaba el viento y la lluvia en la noche de la Costa Azul.<\/p>\n<p>Las condiciones meteorol\u00f3gicas no desanimaron al p\u00fablico que esper\u00f3 con su paraguas a que llegara el equipo del filme, y muy especialmente a los actores Robert Pattinson, Julianne Moore, John Cusack o Mia Wasikowska.<\/p>\n<p>Moore subi\u00f3 las escaleras del palacio de festivales con un vestido largo rosa palo engarzado de plumas que bailaron al ritmo del vendaval, mientras que el esperado Pattinson regal\u00f3 sonrisas a sus admiradoras con un look \u00abtotal black\u00bb de traje con corbata.<\/p>\n<p>Wasikowska opt\u00f3 por un modelo azul marino con escote en \u00abV\u00bb y cintura ajustada en grueso negro.<\/p>\n<p>El director del filme que compite por la Palma de Oro, David Cronenberg, camin\u00f3 por la alfombra roja ataviado con unas gafas de sol.<\/p>\n<p>Fue recibido al final de la escalinata por el int\u00e9rprete Viggo Mortensen, con quien hab\u00eda trabajado en \u00abEastern Promises\u00bb (2007), y que protagoniza \u00abJauja\u00bb, pel\u00edcula del argentino Lisandro Alonso, seleccionada en \u00abUna cierta mirada\u00bb del festival.<\/p>\n","protected":false},"excerpt":{"rendered":"<p>Cannes (Francia), 19 may (EFE).- Una chica en \u00abtopless\u00bb, con un body de cinta aislante en la parte inferior del tronco, se col\u00f3 hoy en la alfombra roja del Festival de Cannes y fue inmediatamente evacuada por la organizaci\u00f3n del evento. Con una larga peluca rubia platino y un pintalabios corrido, la joven camin\u00f3 por<\/p>\n","protected":false},"author":1,"featured_media":13304,"comment_status":"open","ping_status":"closed","sticky":false,"template":"","format":"standard","meta":{"footnotes":""},"categories":[224],"tags":[],"class_list":{"0":"post-13303","1":"post","2":"type-post","3":"status-publish","4":"format-standard","5":"has-post-thumbnail","7":"category-noticias-actualidad"},"aioseo_notices":[],"aioseo_head":"\n\t\t<!-- All in One SEO Pro 4.9.6.1 - aioseo.com -->\n\t<meta name=\"description\" content=\"Cannes (Francia), 19 may (EFE).- Una chica en &quot;topless&quot;, con un body de cinta aislante en la parte inferior del tronco, se col\u00f3 hoy en la alfombra roja del Festival de Cannes y fue inmediatamente evacuada por la organizaci\u00f3n del evento. Con una larga peluca rubia platino y un pintalabios corrido, la joven camin\u00f3 por\" \/>\n\t<meta name=\"robots\" content=\"max-image-preview:large\" \/>\n\t<meta name=\"author\" content=\"admin\"\/>\n\t<meta name=\"google-site-verification\" content=\"UA-38556648-1\" \/>\n\t<meta name=\"keywords\" content=\"noticias y actualidad\" \/>\n\t<link rel=\"canonical\" href=\"https:\/\/eldigitaldeasturias.com\/magazine365\/una-chica-en-topless-se-cuela-en-la-alfombra-roja-de-cannes\/\" \/>\n\t<meta name=\"generator\" content=\"All in One SEO Pro (AIOSEO) 4.9.6.1\" \/>\n\t\t<meta property=\"og:locale\" content=\"es_ES\" \/>\n\t\t<meta property=\"og:site_name\" content=\"El Digital de Asturias \u2013 Revista de ocio, turismo y estilo de vida\" \/>\n\t\t<meta property=\"og:type\" content=\"article\" \/>\n\t\t<meta property=\"og:title\" content=\"Una chica en \u00abtopless\u00bb se cuela en la alfombra roja de Cannes | El Digital de Asturias\" \/>\n\t\t<meta property=\"og:description\" content=\"Cannes (Francia), 19 may (EFE).- Una chica en &quot;topless&quot;, con un body de cinta aislante en la parte inferior del tronco, se col\u00f3 hoy en la alfombra roja del Festival de Cannes y fue inmediatamente evacuada por la organizaci\u00f3n del evento. Con una larga peluca rubia platino y un pintalabios corrido, la joven camin\u00f3 por\" \/>\n\t\t<meta property=\"og:url\" content=\"https:\/\/eldigitaldeasturias.com\/magazine365\/una-chica-en-topless-se-cuela-en-la-alfombra-roja-de-cannes\/\" \/>\n\t\t<meta property=\"og:image\" content=\"https:\/\/eldigitaldeasturias.com\/magazine365\/wp-content\/uploads\/2014\/05\/6277306w.jpg\" \/>\n\t\t<meta property=\"og:image:secure_url\" content=\"https:\/\/eldigitaldeasturias.com\/magazine365\/wp-content\/uploads\/2014\/05\/6277306w.jpg\" \/>\n\t\t<meta property=\"og:image:width\" content=\"800\" \/>\n\t\t<meta property=\"og:image:height\" content=\"620\" \/>\n\t\t<meta property=\"article:published_time\" content=\"2014-05-20T06:12:21+00:00\" \/>\n\t\t<meta property=\"article:modified_time\" content=\"2014-05-20T06:12:21+00:00\" \/>\n\t\t<meta name=\"twitter:card\" content=\"summary_large_image\" \/>\n\t\t<meta name=\"twitter:title\" content=\"Una chica en \u00abtopless\u00bb se cuela en la alfombra roja de Cannes | El Digital de Asturias\" \/>\n\t\t<meta name=\"twitter:description\" content=\"Cannes (Francia), 19 may (EFE).- Una chica en &quot;topless&quot;, con un body de cinta aislante en la parte inferior del tronco, se col\u00f3 hoy en la alfombra roja del Festival de Cannes y fue inmediatamente evacuada por la organizaci\u00f3n del evento. Con una larga peluca rubia platino y un pintalabios corrido, la joven camin\u00f3 por\" \/>\n\t\t<meta name=\"twitter:image\" content=\"https:\/\/eldigitaldeasturias.com\/magazine365\/wp-content\/uploads\/2014\/05\/6277306w.jpg\" \/>\n\t\t<script type=\"application\/ld+json\" class=\"aioseo-schema\">\n\t\t\t{\"@context\":\"https:\\\/\\\/schema.org\",\"@graph\":[{\"@type\":\"Article\",\"@id\":\"https:\\\/\\\/eldigitaldeasturias.com\\\/magazine365\\\/una-chica-en-topless-se-cuela-en-la-alfombra-roja-de-cannes\\\/#article\",\"name\":\"Una chica en \\u00abtopless\\u00bb se cuela en la alfombra roja de Cannes | El Digital de Asturias\",\"headline\":\"Una chica en \\u00abtopless\\u00bb se cuela en la alfombra roja de Cannes\",\"author\":{\"@id\":\"https:\\\/\\\/eldigitaldeasturias.com\\\/magazine365\\\/author\\\/admin\\\/#author\"},\"publisher\":{\"@id\":\"https:\\\/\\\/eldigitaldeasturias.com\\\/magazine365\\\/#organization\"},\"image\":{\"@type\":\"ImageObject\",\"url\":\"https:\\\/\\\/eldigitaldeasturias.com\\\/magazine365\\\/wp-content\\\/uploads\\\/2014\\\/05\\\/6277306w.jpg\",\"width\":800,\"height\":620},\"datePublished\":\"2014-05-20T04:12:21+02:00\",\"dateModified\":\"2014-05-20T04:12:21+02:00\",\"inLanguage\":\"es-ES\",\"mainEntityOfPage\":{\"@id\":\"https:\\\/\\\/eldigitaldeasturias.com\\\/magazine365\\\/una-chica-en-topless-se-cuela-en-la-alfombra-roja-de-cannes\\\/#webpage\"},\"isPartOf\":{\"@id\":\"https:\\\/\\\/eldigitaldeasturias.com\\\/magazine365\\\/una-chica-en-topless-se-cuela-en-la-alfombra-roja-de-cannes\\\/#webpage\"},\"articleSection\":\"Noticias y Actualidad\"},{\"@type\":\"BreadcrumbList\",\"@id\":\"https:\\\/\\\/eldigitaldeasturias.com\\\/magazine365\\\/una-chica-en-topless-se-cuela-en-la-alfombra-roja-de-cannes\\\/#breadcrumblist\",\"itemListElement\":[{\"@type\":\"ListItem\",\"@id\":\"https:\\\/\\\/eldigitaldeasturias.com\\\/magazine365#listItem\",\"position\":1,\"name\":\"Home\",\"item\":\"https:\\\/\\\/eldigitaldeasturias.com\\\/magazine365\",\"nextItem\":{\"@type\":\"ListItem\",\"@id\":\"https:\\\/\\\/eldigitaldeasturias.com\\\/magazine365\\\/category\\\/noticias-actualidad\\\/#listItem\",\"name\":\"Noticias y Actualidad\"}},{\"@type\":\"ListItem\",\"@id\":\"https:\\\/\\\/eldigitaldeasturias.com\\\/magazine365\\\/category\\\/noticias-actualidad\\\/#listItem\",\"position\":2,\"name\":\"Noticias y Actualidad\",\"item\":\"https:\\\/\\\/eldigitaldeasturias.com\\\/magazine365\\\/category\\\/noticias-actualidad\\\/\",\"nextItem\":{\"@type\":\"ListItem\",\"@id\":\"https:\\\/\\\/eldigitaldeasturias.com\\\/magazine365\\\/una-chica-en-topless-se-cuela-en-la-alfombra-roja-de-cannes\\\/#listItem\",\"name\":\"Una chica en \\u00abtopless\\u00bb se cuela en la alfombra roja de Cannes\"},\"previousItem\":{\"@type\":\"ListItem\",\"@id\":\"https:\\\/\\\/eldigitaldeasturias.com\\\/magazine365#listItem\",\"name\":\"Home\"}},{\"@type\":\"ListItem\",\"@id\":\"https:\\\/\\\/eldigitaldeasturias.com\\\/magazine365\\\/una-chica-en-topless-se-cuela-en-la-alfombra-roja-de-cannes\\\/#listItem\",\"position\":3,\"name\":\"Una chica en \\u00abtopless\\u00bb se cuela en la alfombra roja de Cannes\",\"previousItem\":{\"@type\":\"ListItem\",\"@id\":\"https:\\\/\\\/eldigitaldeasturias.com\\\/magazine365\\\/category\\\/noticias-actualidad\\\/#listItem\",\"name\":\"Noticias y Actualidad\"}}]},{\"@type\":\"Organization\",\"@id\":\"https:\\\/\\\/eldigitaldeasturias.com\\\/magazine365\\\/#organization\",\"name\":\"El digital de Asturias\",\"description\":\"Revista de ocio, turismo y estilo de vida\",\"url\":\"https:\\\/\\\/eldigitaldeasturias.com\\\/magazine365\\\/\",\"logo\":{\"@type\":\"ImageObject\",\"url\":\"https:\\\/\\\/www.eldigitaldeasturias.com\\\/noticias\\\/wp-content\\\/uploads\\\/2020\\\/12\\\/EDA.jpg\",\"@id\":\"https:\\\/\\\/eldigitaldeasturias.com\\\/magazine365\\\/una-chica-en-topless-se-cuela-en-la-alfombra-roja-de-cannes\\\/#organizationLogo\"},\"image\":{\"@id\":\"https:\\\/\\\/eldigitaldeasturias.com\\\/magazine365\\\/una-chica-en-topless-se-cuela-en-la-alfombra-roja-de-cannes\\\/#organizationLogo\"}},{\"@type\":\"Person\",\"@id\":\"https:\\\/\\\/eldigitaldeasturias.com\\\/magazine365\\\/author\\\/admin\\\/#author\",\"url\":\"https:\\\/\\\/eldigitaldeasturias.com\\\/magazine365\\\/author\\\/admin\\\/\",\"name\":\"admin\",\"image\":{\"@type\":\"ImageObject\",\"@id\":\"https:\\\/\\\/eldigitaldeasturias.com\\\/magazine365\\\/una-chica-en-topless-se-cuela-en-la-alfombra-roja-de-cannes\\\/#authorImage\",\"url\":\"https:\\\/\\\/eldigitaldeasturias.com\\\/magazine365\\\/wp-content\\\/litespeed\\\/avatar\\\/e571bcf59a0edd6fa6838245a470f2fe.jpg?ver=1776969259\",\"width\":96,\"height\":96,\"caption\":\"admin\"}},{\"@type\":\"WebPage\",\"@id\":\"https:\\\/\\\/eldigitaldeasturias.com\\\/magazine365\\\/una-chica-en-topless-se-cuela-en-la-alfombra-roja-de-cannes\\\/#webpage\",\"url\":\"https:\\\/\\\/eldigitaldeasturias.com\\\/magazine365\\\/una-chica-en-topless-se-cuela-en-la-alfombra-roja-de-cannes\\\/\",\"name\":\"Una chica en \\u00abtopless\\u00bb se cuela en la alfombra roja de Cannes | El Digital de Asturias\",\"description\":\"Cannes (Francia), 19 may (EFE).- Una chica en \\\"topless\\\", con un body de cinta aislante en la parte inferior del tronco, se col\\u00f3 hoy en la alfombra roja del Festival de Cannes y fue inmediatamente evacuada por la organizaci\\u00f3n del evento. Con una larga peluca rubia platino y un pintalabios corrido, la joven camin\\u00f3 por\",\"inLanguage\":\"es-ES\",\"isPartOf\":{\"@id\":\"https:\\\/\\\/eldigitaldeasturias.com\\\/magazine365\\\/#website\"},\"breadcrumb\":{\"@id\":\"https:\\\/\\\/eldigitaldeasturias.com\\\/magazine365\\\/una-chica-en-topless-se-cuela-en-la-alfombra-roja-de-cannes\\\/#breadcrumblist\"},\"author\":{\"@id\":\"https:\\\/\\\/eldigitaldeasturias.com\\\/magazine365\\\/author\\\/admin\\\/#author\"},\"creator\":{\"@id\":\"https:\\\/\\\/eldigitaldeasturias.com\\\/magazine365\\\/author\\\/admin\\\/#author\"},\"image\":{\"@type\":\"ImageObject\",\"url\":\"https:\\\/\\\/eldigitaldeasturias.com\\\/magazine365\\\/wp-content\\\/uploads\\\/2014\\\/05\\\/6277306w.jpg\",\"@id\":\"https:\\\/\\\/eldigitaldeasturias.com\\\/magazine365\\\/una-chica-en-topless-se-cuela-en-la-alfombra-roja-de-cannes\\\/#mainImage\",\"width\":800,\"height\":620},\"primaryImageOfPage\":{\"@id\":\"https:\\\/\\\/eldigitaldeasturias.com\\\/magazine365\\\/una-chica-en-topless-se-cuela-en-la-alfombra-roja-de-cannes\\\/#mainImage\"},\"datePublished\":\"2014-05-20T04:12:21+02:00\",\"dateModified\":\"2014-05-20T04:12:21+02:00\"},{\"@type\":\"WebSite\",\"@id\":\"https:\\\/\\\/eldigitaldeasturias.com\\\/magazine365\\\/#website\",\"url\":\"https:\\\/\\\/eldigitaldeasturias.com\\\/magazine365\\\/\",\"name\":\"El Digital de Asturias\",\"description\":\"Revista de ocio, turismo y estilo de vida\",\"inLanguage\":\"es-ES\",\"publisher\":{\"@id\":\"https:\\\/\\\/eldigitaldeasturias.com\\\/magazine365\\\/#organization\"}}]}\n\t\t<\/script>\n\t\t<!-- All in One SEO Pro -->\r\n\t\t<title>Una chica en \u00abtopless\u00bb se cuela en la alfombra roja de Cannes | El Digital de Asturias<\/title>\n\n","aioseo_head_json":{"title":"Una chica en \u00abtopless\u00bb se cuela en la alfombra roja de Cannes | El Digital de Asturias","description":"Cannes (Francia), 19 may (EFE).- Una chica en \"topless\", con un body de cinta aislante en la parte inferior del tronco, se col\u00f3 hoy en la alfombra roja del Festival de Cannes y fue inmediatamente evacuada por la organizaci\u00f3n del evento. Con una larga peluca rubia platino y un pintalabios corrido, la joven camin\u00f3 por","canonical_url":"https:\/\/eldigitaldeasturias.com\/magazine365\/una-chica-en-topless-se-cuela-en-la-alfombra-roja-de-cannes\/","robots":"max-image-preview:large","keywords":"noticias y actualidad","webmasterTools":{"google-site-verification":"UA-38556648-1","miscellaneous":""},"schema":{"@context":"https:\/\/schema.org","@graph":[{"@type":"Article","@id":"https:\/\/eldigitaldeasturias.com\/magazine365\/una-chica-en-topless-se-cuela-en-la-alfombra-roja-de-cannes\/#article","name":"Una chica en \u00abtopless\u00bb se cuela en la alfombra roja de Cannes | El Digital de Asturias","headline":"Una chica en \u00abtopless\u00bb se cuela en la alfombra roja de Cannes","author":{"@id":"https:\/\/eldigitaldeasturias.com\/magazine365\/author\/admin\/#author"},"publisher":{"@id":"https:\/\/eldigitaldeasturias.com\/magazine365\/#organization"},"image":{"@type":"ImageObject","url":"https:\/\/eldigitaldeasturias.com\/magazine365\/wp-content\/uploads\/2014\/05\/6277306w.jpg","width":800,"height":620},"datePublished":"2014-05-20T04:12:21+02:00","dateModified":"2014-05-20T04:12:21+02:00","inLanguage":"es-ES","mainEntityOfPage":{"@id":"https:\/\/eldigitaldeasturias.com\/magazine365\/una-chica-en-topless-se-cuela-en-la-alfombra-roja-de-cannes\/#webpage"},"isPartOf":{"@id":"https:\/\/eldigitaldeasturias.com\/magazine365\/una-chica-en-topless-se-cuela-en-la-alfombra-roja-de-cannes\/#webpage"},"articleSection":"Noticias y Actualidad"},{"@type":"BreadcrumbList","@id":"https:\/\/eldigitaldeasturias.com\/magazine365\/una-chica-en-topless-se-cuela-en-la-alfombra-roja-de-cannes\/#breadcrumblist","itemListElement":[{"@type":"ListItem","@id":"https:\/\/eldigitaldeasturias.com\/magazine365#listItem","position":1,"name":"Home","item":"https:\/\/eldigitaldeasturias.com\/magazine365","nextItem":{"@type":"ListItem","@id":"https:\/\/eldigitaldeasturias.com\/magazine365\/category\/noticias-actualidad\/#listItem","name":"Noticias y Actualidad"}},{"@type":"ListItem","@id":"https:\/\/eldigitaldeasturias.com\/magazine365\/category\/noticias-actualidad\/#listItem","position":2,"name":"Noticias y Actualidad","item":"https:\/\/eldigitaldeasturias.com\/magazine365\/category\/noticias-actualidad\/","nextItem":{"@type":"ListItem","@id":"https:\/\/eldigitaldeasturias.com\/magazine365\/una-chica-en-topless-se-cuela-en-la-alfombra-roja-de-cannes\/#listItem","name":"Una chica en \u00abtopless\u00bb se cuela en la alfombra roja de Cannes"},"previousItem":{"@type":"ListItem","@id":"https:\/\/eldigitaldeasturias.com\/magazine365#listItem","name":"Home"}},{"@type":"ListItem","@id":"https:\/\/eldigitaldeasturias.com\/magazine365\/una-chica-en-topless-se-cuela-en-la-alfombra-roja-de-cannes\/#listItem","position":3,"name":"Una chica en \u00abtopless\u00bb se cuela en la alfombra roja de Cannes","previousItem":{"@type":"ListItem","@id":"https:\/\/eldigitaldeasturias.com\/magazine365\/category\/noticias-actualidad\/#listItem","name":"Noticias y Actualidad"}}]},{"@type":"Organization","@id":"https:\/\/eldigitaldeasturias.com\/magazine365\/#organization","name":"El digital de Asturias","description":"Revista de ocio, turismo y estilo de vida","url":"https:\/\/eldigitaldeasturias.com\/magazine365\/","logo":{"@type":"ImageObject","url":"https:\/\/www.eldigitaldeasturias.com\/noticias\/wp-content\/uploads\/2020\/12\/EDA.jpg","@id":"https:\/\/eldigitaldeasturias.com\/magazine365\/una-chica-en-topless-se-cuela-en-la-alfombra-roja-de-cannes\/#organizationLogo"},"image":{"@id":"https:\/\/eldigitaldeasturias.com\/magazine365\/una-chica-en-topless-se-cuela-en-la-alfombra-roja-de-cannes\/#organizationLogo"}},{"@type":"Person","@id":"https:\/\/eldigitaldeasturias.com\/magazine365\/author\/admin\/#author","url":"https:\/\/eldigitaldeasturias.com\/magazine365\/author\/admin\/","name":"admin","image":{"@type":"ImageObject","@id":"https:\/\/eldigitaldeasturias.com\/magazine365\/una-chica-en-topless-se-cuela-en-la-alfombra-roja-de-cannes\/#authorImage","url":"https:\/\/eldigitaldeasturias.com\/magazine365\/wp-content\/litespeed\/avatar\/e571bcf59a0edd6fa6838245a470f2fe.jpg?ver=1776969259","width":96,"height":96,"caption":"admin"}},{"@type":"WebPage","@id":"https:\/\/eldigitaldeasturias.com\/magazine365\/una-chica-en-topless-se-cuela-en-la-alfombra-roja-de-cannes\/#webpage","url":"https:\/\/eldigitaldeasturias.com\/magazine365\/una-chica-en-topless-se-cuela-en-la-alfombra-roja-de-cannes\/","name":"Una chica en \u00abtopless\u00bb se cuela en la alfombra roja de Cannes | El Digital de Asturias","description":"Cannes (Francia), 19 may (EFE).- Una chica en \"topless\", con un body de cinta aislante en la parte inferior del tronco, se col\u00f3 hoy en la alfombra roja del Festival de Cannes y fue inmediatamente evacuada por la organizaci\u00f3n del evento. Con una larga peluca rubia platino y un pintalabios corrido, la joven camin\u00f3 por","inLanguage":"es-ES","isPartOf":{"@id":"https:\/\/eldigitaldeasturias.com\/magazine365\/#website"},"breadcrumb":{"@id":"https:\/\/eldigitaldeasturias.com\/magazine365\/una-chica-en-topless-se-cuela-en-la-alfombra-roja-de-cannes\/#breadcrumblist"},"author":{"@id":"https:\/\/eldigitaldeasturias.com\/magazine365\/author\/admin\/#author"},"creator":{"@id":"https:\/\/eldigitaldeasturias.com\/magazine365\/author\/admin\/#author"},"image":{"@type":"ImageObject","url":"https:\/\/eldigitaldeasturias.com\/magazine365\/wp-content\/uploads\/2014\/05\/6277306w.jpg","@id":"https:\/\/eldigitaldeasturias.com\/magazine365\/una-chica-en-topless-se-cuela-en-la-alfombra-roja-de-cannes\/#mainImage","width":800,"height":620},"primaryImageOfPage":{"@id":"https:\/\/eldigitaldeasturias.com\/magazine365\/una-chica-en-topless-se-cuela-en-la-alfombra-roja-de-cannes\/#mainImage"},"datePublished":"2014-05-20T04:12:21+02:00","dateModified":"2014-05-20T04:12:21+02:00"},{"@type":"WebSite","@id":"https:\/\/eldigitaldeasturias.com\/magazine365\/#website","url":"https:\/\/eldigitaldeasturias.com\/magazine365\/","name":"El Digital de Asturias","description":"Revista de ocio, turismo y estilo de vida","inLanguage":"es-ES","publisher":{"@id":"https:\/\/eldigitaldeasturias.com\/magazine365\/#organization"}}]},"og:locale":"es_ES","og:site_name":"El Digital de Asturias \u2013 Revista de ocio, turismo y estilo de vida","og:type":"article","og:title":"Una chica en \u00abtopless\u00bb se cuela en la alfombra roja de Cannes | El Digital de Asturias","og:description":"Cannes (Francia), 19 may (EFE).- Una chica en &quot;topless&quot;, con un body de cinta aislante en la parte inferior del tronco, se col\u00f3 hoy en la alfombra roja del Festival de Cannes y fue inmediatamente evacuada por la organizaci\u00f3n del evento. Con una larga peluca rubia platino y un pintalabios corrido, la joven camin\u00f3 por","og:url":"https:\/\/eldigitaldeasturias.com\/magazine365\/una-chica-en-topless-se-cuela-en-la-alfombra-roja-de-cannes\/","og:image":"https:\/\/eldigitaldeasturias.com\/magazine365\/wp-content\/uploads\/2014\/05\/6277306w.jpg","og:image:secure_url":"https:\/\/eldigitaldeasturias.com\/magazine365\/wp-content\/uploads\/2014\/05\/6277306w.jpg","og:image:width":800,"og:image:height":620,"article:published_time":"2014-05-20T06:12:21+00:00","article:modified_time":"2014-05-20T06:12:21+00:00","twitter:card":"summary_large_image","twitter:title":"Una chica en \u00abtopless\u00bb se cuela en la alfombra roja de Cannes | El Digital de Asturias","twitter:description":"Cannes (Francia), 19 may (EFE).- Una chica en &quot;topless&quot;, con un body de cinta aislante en la parte inferior del tronco, se col\u00f3 hoy en la alfombra roja del Festival de Cannes y fue inmediatamente evacuada por la organizaci\u00f3n del evento. Con una larga peluca rubia platino y un pintalabios corrido, la joven camin\u00f3 por","twitter:image":"https:\/\/eldigitaldeasturias.com\/magazine365\/wp-content\/uploads\/2014\/05\/6277306w.jpg"},"aioseo_meta_data":{"post_id":"13303","title":null,"description":null,"keywords":null,"keyphrases":null,"primary_term":null,"canonical_url":null,"og_title":null,"og_description":null,"og_object_type":"default","og_image_type":"default","og_image_url":null,"og_image_width":null,"og_image_height":null,"og_image_custom_url":null,"og_image_custom_fields":null,"og_video":null,"og_custom_url":null,"og_article_section":null,"og_article_tags":null,"twitter_use_og":false,"twitter_card":"default","twitter_image_type":"default","twitter_image_url":null,"twitter_image_custom_url":null,"twitter_image_custom_fields":null,"twitter_title":null,"twitter_description":null,"schema":{"blockGraphs":[],"customGraphs":[],"default":{"data":{"Article":[],"Course":[],"Dataset":[],"FAQPage":[],"Movie":[],"Person":[],"Product":[],"ProductReview":[],"Car":[],"Recipe":[],"Service":[],"SoftwareApplication":[],"WebPage":[]},"graphName":"","isEnabled":true},"graphs":[],"defaultGraph":"","defaultPostTypeGraph":""},"schema_type":null,"schema_type_options":null,"pillar_content":false,"robots_default":true,"robots_noindex":false,"robots_noarchive":false,"robots_nosnippet":false,"robots_nofollow":false,"robots_noimageindex":false,"robots_noodp":false,"robots_notranslate":false,"robots_max_snippet":null,"robots_max_videopreview":null,"robots_max_imagepreview":"large","priority":null,"frequency":null,"location":null,"local_seo":null,"seo_analyzer_scan_date":"2025-09-17 07:59:27","breadcrumb_settings":null,"limit_modified_date":false,"open_ai":null,"ai":null,"created":"2021-03-09 08:29:41","updated":"2025-09-17 07:59:27"},"aioseo_breadcrumb":"<div class=\"aioseo-breadcrumbs\"><span class=\"aioseo-breadcrumb\">\n\t<a href=\"https:\/\/eldigitaldeasturias.com\/magazine365\" title=\"Home\">Home<\/a>\n<\/span><span class=\"aioseo-breadcrumb-separator\">\u2013<\/span><span class=\"aioseo-breadcrumb\">\n\t<a href=\"https:\/\/eldigitaldeasturias.com\/magazine365\/category\/noticias-actualidad\/\" title=\"Noticias y Actualidad\">Noticias y Actualidad<\/a>\n<\/span><span class=\"aioseo-breadcrumb-separator\">\u2013<\/span><span class=\"aioseo-breadcrumb\">\n\t<a href=\"https:\/\/eldigitaldeasturias.com\/magazine365\/una-chica-en-topless-se-cuela-en-la-alfombra-roja-de-cannes\/\" title=\"Una chica en \u00abtopless\u00bb se cuela en la alfombra roja de Cannes\">Una chica en \u00abtopless\u00bb se cuela en la alfombra roja de Cannes<\/a>\n<\/span><\/div>","aioseo_breadcrumb_json":[{"label":"Home","link":"https:\/\/eldigitaldeasturias.com\/magazine365"},{"label":"Noticias y Actualidad","link":"https:\/\/eldigitaldeasturias.com\/magazine365\/category\/noticias-actualidad\/"},{"label":"Una chica en \u00abtopless\u00bb se cuela en la alfombra roja de Cannes","link":"https:\/\/eldigitaldeasturias.com\/magazine365\/una-chica-en-topless-se-cuela-en-la-alfombra-roja-de-cannes\/"}],"_links":{"self":[{"href":"https:\/\/eldigitaldeasturias.com\/magazine365\/wp-json\/wp\/v2\/posts\/13303","targetHints":{"allow":["GET"]}}],"collection":[{"href":"https:\/\/eldigitaldeasturias.com\/magazine365\/wp-json\/wp\/v2\/posts"}],"about":[{"href":"https:\/\/eldigitaldeasturias.com\/magazine365\/wp-json\/wp\/v2\/types\/post"}],"author":[{"embeddable":true,"href":"https:\/\/eldigitaldeasturias.com\/magazine365\/wp-json\/wp\/v2\/users\/1"}],"replies":[{"embeddable":true,"href":"https:\/\/eldigitaldeasturias.com\/magazine365\/wp-json\/wp\/v2\/comments?post=13303"}],"version-history":[{"count":0,"href":"https:\/\/eldigitaldeasturias.com\/magazine365\/wp-json\/wp\/v2\/posts\/13303\/revisions"}],"wp:featuredmedia":[{"embeddable":true,"href":"https:\/\/eldigitaldeasturias.com\/magazine365\/wp-json\/wp\/v2\/media\/13304"}],"wp:attachment":[{"href":"https:\/\/eldigitaldeasturias.com\/magazine365\/wp-json\/wp\/v2\/media?parent=13303"}],"wp:term":[{"taxonomy":"category","embeddable":true,"href":"https:\/\/eldigitaldeasturias.com\/magazine365\/wp-json\/wp\/v2\/categories?post=13303"},{"taxonomy":"post_tag","embeddable":true,"href":"https:\/\/eldigitaldeasturias.com\/magazine365\/wp-json\/wp\/v2\/tags?post=13303"}],"curies":[{"name":"wp","href":"https:\/\/api.w.org\/{rel}","templated":true}]}}