{"id":13300,"date":"2014-05-20T01:36:04","date_gmt":"2014-05-20T03:36:04","guid":{"rendered":"http:\/\/eldigitaldeasturias.com\/magazine365\/?p=13300"},"modified":"2014-05-20T01:36:47","modified_gmt":"2014-05-20T03:36:47","slug":"el-museo-de-arte-contemporaneo-de-niteroi-y-sus-vistas-en-rio","status":"publish","type":"post","link":"https:\/\/eldigitaldeasturias.com\/magazine365\/el-museo-de-arte-contemporaneo-de-niteroi-y-sus-vistas-en-rio\/","title":{"rendered":"El Museo de Arte Contempor\u00e1neo de Niteroi y sus vistas, en R\u00edo"},"content":{"rendered":"<p><img fetchpriority=\"high\" decoding=\"async\" class=\"alignleft size-large wp-image-13301\" alt=\"The Niteroi Contemporary Art Museum in Rio\" src=\"https:\/\/eldigitaldeasturias.com\/magazine365\/wp-content\/uploads\/2014\/05\/The_Niteroi_Contempo_37779224-650x433.jpg\" width=\"640\" height=\"426\" srcset=\"https:\/\/eldigitaldeasturias.com\/magazine365\/wp-content\/uploads\/2014\/05\/The_Niteroi_Contempo_37779224-650x433.jpg 650w, https:\/\/eldigitaldeasturias.com\/magazine365\/wp-content\/uploads\/2014\/05\/The_Niteroi_Contempo_37779224-360x240.jpg 360w, https:\/\/eldigitaldeasturias.com\/magazine365\/wp-content\/uploads\/2014\/05\/The_Niteroi_Contempo_37779224-768x512.jpg 768w, https:\/\/eldigitaldeasturias.com\/magazine365\/wp-content\/uploads\/2014\/05\/The_Niteroi_Contempo_37779224-1536x1024.jpg 1536w, https:\/\/eldigitaldeasturias.com\/magazine365\/wp-content\/uploads\/2014\/05\/The_Niteroi_Contempo_37779224-2048x1365.jpg 2048w, https:\/\/eldigitaldeasturias.com\/magazine365\/wp-content\/uploads\/2014\/05\/The_Niteroi_Contempo_37779224-150x100.jpg 150w, https:\/\/eldigitaldeasturias.com\/magazine365\/wp-content\/uploads\/2014\/05\/The_Niteroi_Contempo_37779224-450x300.jpg 450w, https:\/\/eldigitaldeasturias.com\/magazine365\/wp-content\/uploads\/2014\/05\/The_Niteroi_Contempo_37779224-1200x800.jpg 1200w, https:\/\/eldigitaldeasturias.com\/magazine365\/wp-content\/uploads\/2014\/05\/The_Niteroi_Contempo_37779224-696x464.jpg 696w, https:\/\/eldigitaldeasturias.com\/magazine365\/wp-content\/uploads\/2014\/05\/The_Niteroi_Contempo_37779224-1068x712.jpg 1068w, https:\/\/eldigitaldeasturias.com\/magazine365\/wp-content\/uploads\/2014\/05\/The_Niteroi_Contempo_37779224-630x420.jpg 630w, https:\/\/eldigitaldeasturias.com\/magazine365\/wp-content\/uploads\/2014\/05\/The_Niteroi_Contempo_37779224-84x55.jpg 84w\" sizes=\"(max-width: 640px) 100vw, 640px\" \/>Galer\u00eda365 es una recopilaci\u00f3n de las im\u00e1genes m\u00e1s curiosas y destacadas de la actualidad mundial, junto a una colecci\u00f3n de fotograf\u00edas de nuestro medio, queda prohibida la descarga de las mismas, siendo sus leg\u00edtimos propietarios El Digital de Asturias \u2013 Magazine 365 u la agencia de Noticias DPA<\/p>\n<p>Est\u00e1 permitido compartirlas en redes sociales, pero no su descarga, venta, redistribuci\u00f3n o copia.<\/p>\n<p>Foto DPA \u2013 El digital de Asturias\/ Magazine 365<\/p>\n","protected":false},"excerpt":{"rendered":"<p>Galer\u00eda365 es una recopilaci\u00f3n de las im\u00e1genes m\u00e1s curiosas y destacadas de la actualidad mundial, junto a una colecci\u00f3n de fotograf\u00edas de nuestro medio, queda prohibida la descarga de las mismas, siendo sus leg\u00edtimos propietarios El Digital de Asturias \u2013 Magazine 365 u la agencia de Noticias DPA Est\u00e1 permitido compartirlas en redes sociales, pero<\/p>\n","protected":false},"author":1,"featured_media":13301,"comment_status":"open","ping_status":"closed","sticky":false,"template":"","format":"standard","meta":{"footnotes":""},"categories":[224],"tags":[],"class_list":{"0":"post-13300","1":"post","2":"type-post","3":"status-publish","4":"format-standard","5":"has-post-thumbnail","7":"category-noticias-actualidad"},"aioseo_notices":[],"aioseo_head":"\n\t\t<!-- All in One SEO Pro 4.9.6.1 - aioseo.com -->\n\t<meta name=\"description\" content=\"Galer\u00eda365 es una recopilaci\u00f3n de las im\u00e1genes m\u00e1s curiosas y destacadas de la actualidad mundial, junto a una colecci\u00f3n de fotograf\u00edas de nuestro medio, queda prohibida la descarga de las mismas, siendo sus leg\u00edtimos propietarios El Digital de Asturias \u2013 Magazine 365 u la agencia de Noticias DPA Est\u00e1 permitido compartirlas en redes sociales, pero\" \/>\n\t<meta name=\"robots\" content=\"max-image-preview:large\" \/>\n\t<meta name=\"author\" content=\"admin\"\/>\n\t<meta name=\"google-site-verification\" content=\"UA-38556648-1\" \/>\n\t<meta name=\"keywords\" content=\"noticias y actualidad\" \/>\n\t<link rel=\"canonical\" href=\"https:\/\/eldigitaldeasturias.com\/magazine365\/el-museo-de-arte-contemporaneo-de-niteroi-y-sus-vistas-en-rio\/\" \/>\n\t<meta name=\"generator\" content=\"All in One SEO Pro (AIOSEO) 4.9.6.1\" \/>\n\t\t<meta property=\"og:locale\" content=\"es_ES\" \/>\n\t\t<meta property=\"og:site_name\" content=\"El Digital de Asturias \u2013 Revista de ocio, turismo y estilo de vida\" \/>\n\t\t<meta property=\"og:type\" content=\"article\" \/>\n\t\t<meta property=\"og:title\" content=\"El Museo de Arte Contempor\u00e1neo de Niteroi y sus vistas, en R\u00edo | El Digital de Asturias\" \/>\n\t\t<meta property=\"og:description\" content=\"Galer\u00eda365 es una recopilaci\u00f3n de las im\u00e1genes m\u00e1s curiosas y destacadas de la actualidad mundial, junto a una colecci\u00f3n de fotograf\u00edas de nuestro medio, queda prohibida la descarga de las mismas, siendo sus leg\u00edtimos propietarios El Digital de Asturias \u2013 Magazine 365 u la agencia de Noticias DPA Est\u00e1 permitido compartirlas en redes sociales, pero\" \/>\n\t\t<meta property=\"og:url\" content=\"https:\/\/eldigitaldeasturias.com\/magazine365\/el-museo-de-arte-contemporaneo-de-niteroi-y-sus-vistas-en-rio\/\" \/>\n\t\t<meta property=\"og:image\" content=\"https:\/\/eldigitaldeasturias.com\/magazine365\/wp-content\/uploads\/2014\/05\/The_Niteroi_Contempo_37779224-scaled.jpg\" \/>\n\t\t<meta property=\"og:image:secure_url\" content=\"https:\/\/eldigitaldeasturias.com\/magazine365\/wp-content\/uploads\/2014\/05\/The_Niteroi_Contempo_37779224-scaled.jpg\" \/>\n\t\t<meta property=\"og:image:width\" content=\"2560\" \/>\n\t\t<meta property=\"og:image:height\" content=\"1707\" \/>\n\t\t<meta property=\"article:published_time\" content=\"2014-05-20T03:36:04+00:00\" \/>\n\t\t<meta property=\"article:modified_time\" content=\"2014-05-20T03:36:47+00:00\" \/>\n\t\t<meta name=\"twitter:card\" content=\"summary_large_image\" \/>\n\t\t<meta name=\"twitter:title\" content=\"El Museo de Arte Contempor\u00e1neo de Niteroi y sus vistas, en R\u00edo | El Digital de Asturias\" \/>\n\t\t<meta name=\"twitter:description\" content=\"Galer\u00eda365 es una recopilaci\u00f3n de las im\u00e1genes m\u00e1s curiosas y destacadas de la actualidad mundial, junto a una colecci\u00f3n de fotograf\u00edas de nuestro medio, queda prohibida la descarga de las mismas, siendo sus leg\u00edtimos propietarios El Digital de Asturias \u2013 Magazine 365 u la agencia de Noticias DPA Est\u00e1 permitido compartirlas en redes sociales, pero\" \/>\n\t\t<meta name=\"twitter:image\" content=\"https:\/\/eldigitaldeasturias.com\/magazine365\/wp-content\/uploads\/2014\/05\/The_Niteroi_Contempo_37779224-scaled.jpg\" \/>\n\t\t<script type=\"application\/ld+json\" class=\"aioseo-schema\">\n\t\t\t{\"@context\":\"https:\\\/\\\/schema.org\",\"@graph\":[{\"@type\":\"Article\",\"@id\":\"https:\\\/\\\/eldigitaldeasturias.com\\\/magazine365\\\/el-museo-de-arte-contemporaneo-de-niteroi-y-sus-vistas-en-rio\\\/#article\",\"name\":\"El Museo de Arte Contempor\\u00e1neo de Niteroi y sus vistas, en R\\u00edo | El Digital de Asturias\",\"headline\":\"El Museo de Arte Contempor\\u00e1neo de Niteroi y sus vistas, en R\\u00edo\",\"author\":{\"@id\":\"https:\\\/\\\/eldigitaldeasturias.com\\\/magazine365\\\/author\\\/admin\\\/#author\"},\"publisher\":{\"@id\":\"https:\\\/\\\/eldigitaldeasturias.com\\\/magazine365\\\/#organization\"},\"image\":{\"@type\":\"ImageObject\",\"url\":\"https:\\\/\\\/eldigitaldeasturias.com\\\/magazine365\\\/wp-content\\\/uploads\\\/2014\\\/05\\\/The_Niteroi_Contempo_37779224-scaled.jpg\",\"width\":2560,\"height\":1707},\"datePublished\":\"2014-05-20T01:36:04+02:00\",\"dateModified\":\"2014-05-20T01:36:47+02:00\",\"inLanguage\":\"es-ES\",\"mainEntityOfPage\":{\"@id\":\"https:\\\/\\\/eldigitaldeasturias.com\\\/magazine365\\\/el-museo-de-arte-contemporaneo-de-niteroi-y-sus-vistas-en-rio\\\/#webpage\"},\"isPartOf\":{\"@id\":\"https:\\\/\\\/eldigitaldeasturias.com\\\/magazine365\\\/el-museo-de-arte-contemporaneo-de-niteroi-y-sus-vistas-en-rio\\\/#webpage\"},\"articleSection\":\"Noticias y Actualidad\"},{\"@type\":\"BreadcrumbList\",\"@id\":\"https:\\\/\\\/eldigitaldeasturias.com\\\/magazine365\\\/el-museo-de-arte-contemporaneo-de-niteroi-y-sus-vistas-en-rio\\\/#breadcrumblist\",\"itemListElement\":[{\"@type\":\"ListItem\",\"@id\":\"https:\\\/\\\/eldigitaldeasturias.com\\\/magazine365#listItem\",\"position\":1,\"name\":\"Home\",\"item\":\"https:\\\/\\\/eldigitaldeasturias.com\\\/magazine365\",\"nextItem\":{\"@type\":\"ListItem\",\"@id\":\"https:\\\/\\\/eldigitaldeasturias.com\\\/magazine365\\\/category\\\/noticias-actualidad\\\/#listItem\",\"name\":\"Noticias y Actualidad\"}},{\"@type\":\"ListItem\",\"@id\":\"https:\\\/\\\/eldigitaldeasturias.com\\\/magazine365\\\/category\\\/noticias-actualidad\\\/#listItem\",\"position\":2,\"name\":\"Noticias y Actualidad\",\"item\":\"https:\\\/\\\/eldigitaldeasturias.com\\\/magazine365\\\/category\\\/noticias-actualidad\\\/\",\"nextItem\":{\"@type\":\"ListItem\",\"@id\":\"https:\\\/\\\/eldigitaldeasturias.com\\\/magazine365\\\/el-museo-de-arte-contemporaneo-de-niteroi-y-sus-vistas-en-rio\\\/#listItem\",\"name\":\"El Museo de Arte Contempor\\u00e1neo de Niteroi y sus vistas, en R\\u00edo\"},\"previousItem\":{\"@type\":\"ListItem\",\"@id\":\"https:\\\/\\\/eldigitaldeasturias.com\\\/magazine365#listItem\",\"name\":\"Home\"}},{\"@type\":\"ListItem\",\"@id\":\"https:\\\/\\\/eldigitaldeasturias.com\\\/magazine365\\\/el-museo-de-arte-contemporaneo-de-niteroi-y-sus-vistas-en-rio\\\/#listItem\",\"position\":3,\"name\":\"El Museo de Arte Contempor\\u00e1neo de Niteroi y sus vistas, en R\\u00edo\",\"previousItem\":{\"@type\":\"ListItem\",\"@id\":\"https:\\\/\\\/eldigitaldeasturias.com\\\/magazine365\\\/category\\\/noticias-actualidad\\\/#listItem\",\"name\":\"Noticias y Actualidad\"}}]},{\"@type\":\"Organization\",\"@id\":\"https:\\\/\\\/eldigitaldeasturias.com\\\/magazine365\\\/#organization\",\"name\":\"El digital de Asturias\",\"description\":\"Revista de ocio, turismo y estilo de vida\",\"url\":\"https:\\\/\\\/eldigitaldeasturias.com\\\/magazine365\\\/\",\"logo\":{\"@type\":\"ImageObject\",\"url\":\"https:\\\/\\\/www.eldigitaldeasturias.com\\\/noticias\\\/wp-content\\\/uploads\\\/2020\\\/12\\\/EDA.jpg\",\"@id\":\"https:\\\/\\\/eldigitaldeasturias.com\\\/magazine365\\\/el-museo-de-arte-contemporaneo-de-niteroi-y-sus-vistas-en-rio\\\/#organizationLogo\"},\"image\":{\"@id\":\"https:\\\/\\\/eldigitaldeasturias.com\\\/magazine365\\\/el-museo-de-arte-contemporaneo-de-niteroi-y-sus-vistas-en-rio\\\/#organizationLogo\"}},{\"@type\":\"Person\",\"@id\":\"https:\\\/\\\/eldigitaldeasturias.com\\\/magazine365\\\/author\\\/admin\\\/#author\",\"url\":\"https:\\\/\\\/eldigitaldeasturias.com\\\/magazine365\\\/author\\\/admin\\\/\",\"name\":\"admin\",\"image\":{\"@type\":\"ImageObject\",\"@id\":\"https:\\\/\\\/eldigitaldeasturias.com\\\/magazine365\\\/el-museo-de-arte-contemporaneo-de-niteroi-y-sus-vistas-en-rio\\\/#authorImage\",\"url\":\"https:\\\/\\\/eldigitaldeasturias.com\\\/magazine365\\\/wp-content\\\/litespeed\\\/avatar\\\/e571bcf59a0edd6fa6838245a470f2fe.jpg?ver=1776969259\",\"width\":96,\"height\":96,\"caption\":\"admin\"}},{\"@type\":\"WebPage\",\"@id\":\"https:\\\/\\\/eldigitaldeasturias.com\\\/magazine365\\\/el-museo-de-arte-contemporaneo-de-niteroi-y-sus-vistas-en-rio\\\/#webpage\",\"url\":\"https:\\\/\\\/eldigitaldeasturias.com\\\/magazine365\\\/el-museo-de-arte-contemporaneo-de-niteroi-y-sus-vistas-en-rio\\\/\",\"name\":\"El Museo de Arte Contempor\\u00e1neo de Niteroi y sus vistas, en R\\u00edo | El Digital de Asturias\",\"description\":\"Galer\\u00eda365 es una recopilaci\\u00f3n de las im\\u00e1genes m\\u00e1s curiosas y destacadas de la actualidad mundial, junto a una colecci\\u00f3n de fotograf\\u00edas de nuestro medio, queda prohibida la descarga de las mismas, siendo sus leg\\u00edtimos propietarios El Digital de Asturias \\u2013 Magazine 365 u la agencia de Noticias DPA Est\\u00e1 permitido compartirlas en redes sociales, pero\",\"inLanguage\":\"es-ES\",\"isPartOf\":{\"@id\":\"https:\\\/\\\/eldigitaldeasturias.com\\\/magazine365\\\/#website\"},\"breadcrumb\":{\"@id\":\"https:\\\/\\\/eldigitaldeasturias.com\\\/magazine365\\\/el-museo-de-arte-contemporaneo-de-niteroi-y-sus-vistas-en-rio\\\/#breadcrumblist\"},\"author\":{\"@id\":\"https:\\\/\\\/eldigitaldeasturias.com\\\/magazine365\\\/author\\\/admin\\\/#author\"},\"creator\":{\"@id\":\"https:\\\/\\\/eldigitaldeasturias.com\\\/magazine365\\\/author\\\/admin\\\/#author\"},\"image\":{\"@type\":\"ImageObject\",\"url\":\"https:\\\/\\\/eldigitaldeasturias.com\\\/magazine365\\\/wp-content\\\/uploads\\\/2014\\\/05\\\/The_Niteroi_Contempo_37779224-scaled.jpg\",\"@id\":\"https:\\\/\\\/eldigitaldeasturias.com\\\/magazine365\\\/el-museo-de-arte-contemporaneo-de-niteroi-y-sus-vistas-en-rio\\\/#mainImage\",\"width\":2560,\"height\":1707},\"primaryImageOfPage\":{\"@id\":\"https:\\\/\\\/eldigitaldeasturias.com\\\/magazine365\\\/el-museo-de-arte-contemporaneo-de-niteroi-y-sus-vistas-en-rio\\\/#mainImage\"},\"datePublished\":\"2014-05-20T01:36:04+02:00\",\"dateModified\":\"2014-05-20T01:36:47+02:00\"},{\"@type\":\"WebSite\",\"@id\":\"https:\\\/\\\/eldigitaldeasturias.com\\\/magazine365\\\/#website\",\"url\":\"https:\\\/\\\/eldigitaldeasturias.com\\\/magazine365\\\/\",\"name\":\"El Digital de Asturias\",\"description\":\"Revista de ocio, turismo y estilo de vida\",\"inLanguage\":\"es-ES\",\"publisher\":{\"@id\":\"https:\\\/\\\/eldigitaldeasturias.com\\\/magazine365\\\/#organization\"}}]}\n\t\t<\/script>\n\t\t<!-- All in One SEO Pro -->\r\n\t\t<title>El Museo de Arte Contempor\u00e1neo de Niteroi y sus vistas, en R\u00edo | El Digital de Asturias<\/title>\n\n","aioseo_head_json":{"title":"El Museo de Arte Contempor\u00e1neo de Niteroi y sus vistas, en R\u00edo | El Digital de Asturias","description":"Galer\u00eda365 es una recopilaci\u00f3n de las im\u00e1genes m\u00e1s curiosas y destacadas de la actualidad mundial, junto a una colecci\u00f3n de fotograf\u00edas de nuestro medio, queda prohibida la descarga de las mismas, siendo sus leg\u00edtimos propietarios El Digital de Asturias \u2013 Magazine 365 u la agencia de Noticias DPA Est\u00e1 permitido compartirlas en redes sociales, pero","canonical_url":"https:\/\/eldigitaldeasturias.com\/magazine365\/el-museo-de-arte-contemporaneo-de-niteroi-y-sus-vistas-en-rio\/","robots":"max-image-preview:large","keywords":"noticias y actualidad","webmasterTools":{"google-site-verification":"UA-38556648-1","miscellaneous":""},"schema":{"@context":"https:\/\/schema.org","@graph":[{"@type":"Article","@id":"https:\/\/eldigitaldeasturias.com\/magazine365\/el-museo-de-arte-contemporaneo-de-niteroi-y-sus-vistas-en-rio\/#article","name":"El Museo de Arte Contempor\u00e1neo de Niteroi y sus vistas, en R\u00edo | El Digital de Asturias","headline":"El Museo de Arte Contempor\u00e1neo de Niteroi y sus vistas, en R\u00edo","author":{"@id":"https:\/\/eldigitaldeasturias.com\/magazine365\/author\/admin\/#author"},"publisher":{"@id":"https:\/\/eldigitaldeasturias.com\/magazine365\/#organization"},"image":{"@type":"ImageObject","url":"https:\/\/eldigitaldeasturias.com\/magazine365\/wp-content\/uploads\/2014\/05\/The_Niteroi_Contempo_37779224-scaled.jpg","width":2560,"height":1707},"datePublished":"2014-05-20T01:36:04+02:00","dateModified":"2014-05-20T01:36:47+02:00","inLanguage":"es-ES","mainEntityOfPage":{"@id":"https:\/\/eldigitaldeasturias.com\/magazine365\/el-museo-de-arte-contemporaneo-de-niteroi-y-sus-vistas-en-rio\/#webpage"},"isPartOf":{"@id":"https:\/\/eldigitaldeasturias.com\/magazine365\/el-museo-de-arte-contemporaneo-de-niteroi-y-sus-vistas-en-rio\/#webpage"},"articleSection":"Noticias y Actualidad"},{"@type":"BreadcrumbList","@id":"https:\/\/eldigitaldeasturias.com\/magazine365\/el-museo-de-arte-contemporaneo-de-niteroi-y-sus-vistas-en-rio\/#breadcrumblist","itemListElement":[{"@type":"ListItem","@id":"https:\/\/eldigitaldeasturias.com\/magazine365#listItem","position":1,"name":"Home","item":"https:\/\/eldigitaldeasturias.com\/magazine365","nextItem":{"@type":"ListItem","@id":"https:\/\/eldigitaldeasturias.com\/magazine365\/category\/noticias-actualidad\/#listItem","name":"Noticias y Actualidad"}},{"@type":"ListItem","@id":"https:\/\/eldigitaldeasturias.com\/magazine365\/category\/noticias-actualidad\/#listItem","position":2,"name":"Noticias y Actualidad","item":"https:\/\/eldigitaldeasturias.com\/magazine365\/category\/noticias-actualidad\/","nextItem":{"@type":"ListItem","@id":"https:\/\/eldigitaldeasturias.com\/magazine365\/el-museo-de-arte-contemporaneo-de-niteroi-y-sus-vistas-en-rio\/#listItem","name":"El Museo de Arte Contempor\u00e1neo de Niteroi y sus vistas, en R\u00edo"},"previousItem":{"@type":"ListItem","@id":"https:\/\/eldigitaldeasturias.com\/magazine365#listItem","name":"Home"}},{"@type":"ListItem","@id":"https:\/\/eldigitaldeasturias.com\/magazine365\/el-museo-de-arte-contemporaneo-de-niteroi-y-sus-vistas-en-rio\/#listItem","position":3,"name":"El Museo de Arte Contempor\u00e1neo de Niteroi y sus vistas, en R\u00edo","previousItem":{"@type":"ListItem","@id":"https:\/\/eldigitaldeasturias.com\/magazine365\/category\/noticias-actualidad\/#listItem","name":"Noticias y Actualidad"}}]},{"@type":"Organization","@id":"https:\/\/eldigitaldeasturias.com\/magazine365\/#organization","name":"El digital de Asturias","description":"Revista de ocio, turismo y estilo de vida","url":"https:\/\/eldigitaldeasturias.com\/magazine365\/","logo":{"@type":"ImageObject","url":"https:\/\/www.eldigitaldeasturias.com\/noticias\/wp-content\/uploads\/2020\/12\/EDA.jpg","@id":"https:\/\/eldigitaldeasturias.com\/magazine365\/el-museo-de-arte-contemporaneo-de-niteroi-y-sus-vistas-en-rio\/#organizationLogo"},"image":{"@id":"https:\/\/eldigitaldeasturias.com\/magazine365\/el-museo-de-arte-contemporaneo-de-niteroi-y-sus-vistas-en-rio\/#organizationLogo"}},{"@type":"Person","@id":"https:\/\/eldigitaldeasturias.com\/magazine365\/author\/admin\/#author","url":"https:\/\/eldigitaldeasturias.com\/magazine365\/author\/admin\/","name":"admin","image":{"@type":"ImageObject","@id":"https:\/\/eldigitaldeasturias.com\/magazine365\/el-museo-de-arte-contemporaneo-de-niteroi-y-sus-vistas-en-rio\/#authorImage","url":"https:\/\/eldigitaldeasturias.com\/magazine365\/wp-content\/litespeed\/avatar\/e571bcf59a0edd6fa6838245a470f2fe.jpg?ver=1776969259","width":96,"height":96,"caption":"admin"}},{"@type":"WebPage","@id":"https:\/\/eldigitaldeasturias.com\/magazine365\/el-museo-de-arte-contemporaneo-de-niteroi-y-sus-vistas-en-rio\/#webpage","url":"https:\/\/eldigitaldeasturias.com\/magazine365\/el-museo-de-arte-contemporaneo-de-niteroi-y-sus-vistas-en-rio\/","name":"El Museo de Arte Contempor\u00e1neo de Niteroi y sus vistas, en R\u00edo | El Digital de Asturias","description":"Galer\u00eda365 es una recopilaci\u00f3n de las im\u00e1genes m\u00e1s curiosas y destacadas de la actualidad mundial, junto a una colecci\u00f3n de fotograf\u00edas de nuestro medio, queda prohibida la descarga de las mismas, siendo sus leg\u00edtimos propietarios El Digital de Asturias \u2013 Magazine 365 u la agencia de Noticias DPA Est\u00e1 permitido compartirlas en redes sociales, pero","inLanguage":"es-ES","isPartOf":{"@id":"https:\/\/eldigitaldeasturias.com\/magazine365\/#website"},"breadcrumb":{"@id":"https:\/\/eldigitaldeasturias.com\/magazine365\/el-museo-de-arte-contemporaneo-de-niteroi-y-sus-vistas-en-rio\/#breadcrumblist"},"author":{"@id":"https:\/\/eldigitaldeasturias.com\/magazine365\/author\/admin\/#author"},"creator":{"@id":"https:\/\/eldigitaldeasturias.com\/magazine365\/author\/admin\/#author"},"image":{"@type":"ImageObject","url":"https:\/\/eldigitaldeasturias.com\/magazine365\/wp-content\/uploads\/2014\/05\/The_Niteroi_Contempo_37779224-scaled.jpg","@id":"https:\/\/eldigitaldeasturias.com\/magazine365\/el-museo-de-arte-contemporaneo-de-niteroi-y-sus-vistas-en-rio\/#mainImage","width":2560,"height":1707},"primaryImageOfPage":{"@id":"https:\/\/eldigitaldeasturias.com\/magazine365\/el-museo-de-arte-contemporaneo-de-niteroi-y-sus-vistas-en-rio\/#mainImage"},"datePublished":"2014-05-20T01:36:04+02:00","dateModified":"2014-05-20T01:36:47+02:00"},{"@type":"WebSite","@id":"https:\/\/eldigitaldeasturias.com\/magazine365\/#website","url":"https:\/\/eldigitaldeasturias.com\/magazine365\/","name":"El Digital de Asturias","description":"Revista de ocio, turismo y estilo de vida","inLanguage":"es-ES","publisher":{"@id":"https:\/\/eldigitaldeasturias.com\/magazine365\/#organization"}}]},"og:locale":"es_ES","og:site_name":"El Digital de Asturias \u2013 Revista de ocio, turismo y estilo de vida","og:type":"article","og:title":"El Museo de Arte Contempor\u00e1neo de Niteroi y sus vistas, en R\u00edo | El Digital de Asturias","og:description":"Galer\u00eda365 es una recopilaci\u00f3n de las im\u00e1genes m\u00e1s curiosas y destacadas de la actualidad mundial, junto a una colecci\u00f3n de fotograf\u00edas de nuestro medio, queda prohibida la descarga de las mismas, siendo sus leg\u00edtimos propietarios El Digital de Asturias \u2013 Magazine 365 u la agencia de Noticias DPA Est\u00e1 permitido compartirlas en redes sociales, pero","og:url":"https:\/\/eldigitaldeasturias.com\/magazine365\/el-museo-de-arte-contemporaneo-de-niteroi-y-sus-vistas-en-rio\/","og:image":"https:\/\/eldigitaldeasturias.com\/magazine365\/wp-content\/uploads\/2014\/05\/The_Niteroi_Contempo_37779224-scaled.jpg","og:image:secure_url":"https:\/\/eldigitaldeasturias.com\/magazine365\/wp-content\/uploads\/2014\/05\/The_Niteroi_Contempo_37779224-scaled.jpg","og:image:width":2560,"og:image:height":1707,"article:published_time":"2014-05-20T03:36:04+00:00","article:modified_time":"2014-05-20T03:36:47+00:00","twitter:card":"summary_large_image","twitter:title":"El Museo de Arte Contempor\u00e1neo de Niteroi y sus vistas, en R\u00edo | El Digital de Asturias","twitter:description":"Galer\u00eda365 es una recopilaci\u00f3n de las im\u00e1genes m\u00e1s curiosas y destacadas de la actualidad mundial, junto a una colecci\u00f3n de fotograf\u00edas de nuestro medio, queda prohibida la descarga de las mismas, siendo sus leg\u00edtimos propietarios El Digital de Asturias \u2013 Magazine 365 u la agencia de Noticias DPA Est\u00e1 permitido compartirlas en redes sociales, pero","twitter:image":"https:\/\/eldigitaldeasturias.com\/magazine365\/wp-content\/uploads\/2014\/05\/The_Niteroi_Contempo_37779224-scaled.jpg"},"aioseo_meta_data":{"post_id":"13300","title":null,"description":null,"keywords":null,"keyphrases":null,"primary_term":null,"canonical_url":null,"og_title":null,"og_description":null,"og_object_type":"default","og_image_type":"default","og_image_url":null,"og_image_width":null,"og_image_height":null,"og_image_custom_url":null,"og_image_custom_fields":null,"og_video":null,"og_custom_url":null,"og_article_section":null,"og_article_tags":null,"twitter_use_og":false,"twitter_card":"default","twitter_image_type":"default","twitter_image_url":null,"twitter_image_custom_url":null,"twitter_image_custom_fields":null,"twitter_title":null,"twitter_description":null,"schema":{"blockGraphs":[],"customGraphs":[],"default":{"data":{"Article":[],"Course":[],"Dataset":[],"FAQPage":[],"Movie":[],"Person":[],"Product":[],"ProductReview":[],"Car":[],"Recipe":[],"Service":[],"SoftwareApplication":[],"WebPage":[]},"graphName":"","isEnabled":true},"graphs":[],"defaultGraph":"","defaultPostTypeGraph":""},"schema_type":null,"schema_type_options":null,"pillar_content":false,"robots_default":true,"robots_noindex":false,"robots_noarchive":false,"robots_nosnippet":false,"robots_nofollow":false,"robots_noimageindex":false,"robots_noodp":false,"robots_notranslate":false,"robots_max_snippet":null,"robots_max_videopreview":null,"robots_max_imagepreview":"large","priority":null,"frequency":null,"location":null,"local_seo":null,"seo_analyzer_scan_date":"2025-09-17 07:59:24","breadcrumb_settings":null,"limit_modified_date":false,"open_ai":null,"ai":null,"created":"2020-12-21 13:41:35","updated":"2025-09-17 07:59:24"},"aioseo_breadcrumb":"<div class=\"aioseo-breadcrumbs\"><span class=\"aioseo-breadcrumb\">\n\t<a href=\"https:\/\/eldigitaldeasturias.com\/magazine365\" title=\"Home\">Home<\/a>\n<\/span><span class=\"aioseo-breadcrumb-separator\">\u2013<\/span><span class=\"aioseo-breadcrumb\">\n\t<a href=\"https:\/\/eldigitaldeasturias.com\/magazine365\/category\/noticias-actualidad\/\" title=\"Noticias y Actualidad\">Noticias y Actualidad<\/a>\n<\/span><span class=\"aioseo-breadcrumb-separator\">\u2013<\/span><span class=\"aioseo-breadcrumb\">\n\t<a href=\"https:\/\/eldigitaldeasturias.com\/magazine365\/el-museo-de-arte-contemporaneo-de-niteroi-y-sus-vistas-en-rio\/\" title=\"El Museo de Arte Contempor\u00e1neo de Niteroi y sus vistas, en R\u00edo\">El Museo de Arte Contempor\u00e1neo de Niteroi y sus vistas, en R\u00edo<\/a>\n<\/span><\/div>","aioseo_breadcrumb_json":[{"label":"Home","link":"https:\/\/eldigitaldeasturias.com\/magazine365"},{"label":"Noticias y Actualidad","link":"https:\/\/eldigitaldeasturias.com\/magazine365\/category\/noticias-actualidad\/"},{"label":"El Museo de Arte Contempor\u00e1neo de Niteroi y sus vistas, en R\u00edo","link":"https:\/\/eldigitaldeasturias.com\/magazine365\/el-museo-de-arte-contemporaneo-de-niteroi-y-sus-vistas-en-rio\/"}],"_links":{"self":[{"href":"https:\/\/eldigitaldeasturias.com\/magazine365\/wp-json\/wp\/v2\/posts\/13300","targetHints":{"allow":["GET"]}}],"collection":[{"href":"https:\/\/eldigitaldeasturias.com\/magazine365\/wp-json\/wp\/v2\/posts"}],"about":[{"href":"https:\/\/eldigitaldeasturias.com\/magazine365\/wp-json\/wp\/v2\/types\/post"}],"author":[{"embeddable":true,"href":"https:\/\/eldigitaldeasturias.com\/magazine365\/wp-json\/wp\/v2\/users\/1"}],"replies":[{"embeddable":true,"href":"https:\/\/eldigitaldeasturias.com\/magazine365\/wp-json\/wp\/v2\/comments?post=13300"}],"version-history":[{"count":0,"href":"https:\/\/eldigitaldeasturias.com\/magazine365\/wp-json\/wp\/v2\/posts\/13300\/revisions"}],"wp:featuredmedia":[{"embeddable":true,"href":"https:\/\/eldigitaldeasturias.com\/magazine365\/wp-json\/wp\/v2\/media\/13301"}],"wp:attachment":[{"href":"https:\/\/eldigitaldeasturias.com\/magazine365\/wp-json\/wp\/v2\/media?parent=13300"}],"wp:term":[{"taxonomy":"category","embeddable":true,"href":"https:\/\/eldigitaldeasturias.com\/magazine365\/wp-json\/wp\/v2\/categories?post=13300"},{"taxonomy":"post_tag","embeddable":true,"href":"https:\/\/eldigitaldeasturias.com\/magazine365\/wp-json\/wp\/v2\/tags?post=13300"}],"curies":[{"name":"wp","href":"https:\/\/api.w.org\/{rel}","templated":true}]}}