{"id":13284,"date":"2014-05-19T22:37:45","date_gmt":"2014-05-20T00:37:45","guid":{"rendered":"http:\/\/eldigitaldeasturias.com\/magazine365\/?p=13284"},"modified":"2014-05-19T22:37:45","modified_gmt":"2014-05-20T00:37:45","slug":"fendrik-presenta-en-cannes-el-ardor-un-western-chamanico-con-garcia-bernal","status":"publish","type":"post","link":"https:\/\/eldigitaldeasturias.com\/magazine365\/fendrik-presenta-en-cannes-el-ardor-un-western-chamanico-con-garcia-bernal\/","title":{"rendered":"Fendrik presenta en Cannes \u00abEl ardor\u00bb, un western cham\u00e1nico con Garc\u00eda Bernal"},"content":{"rendered":"<p><img fetchpriority=\"high\" decoding=\"async\" class=\"alignleft size-medium wp-image-13285\" alt=\"6276815w\" src=\"https:\/\/eldigitaldeasturias.com\/magazine365\/wp-content\/uploads\/2014\/05\/6276815w-360x240.jpg\" width=\"360\" height=\"240\" srcset=\"https:\/\/eldigitaldeasturias.com\/magazine365\/wp-content\/uploads\/2014\/05\/6276815w-360x240.jpg 360w, https:\/\/eldigitaldeasturias.com\/magazine365\/wp-content\/uploads\/2014\/05\/6276815w-650x434.jpg 650w, https:\/\/eldigitaldeasturias.com\/magazine365\/wp-content\/uploads\/2014\/05\/6276815w-768x513.jpg 768w, https:\/\/eldigitaldeasturias.com\/magazine365\/wp-content\/uploads\/2014\/05\/6276815w-150x100.jpg 150w, https:\/\/eldigitaldeasturias.com\/magazine365\/wp-content\/uploads\/2014\/05\/6276815w-450x300.jpg 450w, https:\/\/eldigitaldeasturias.com\/magazine365\/wp-content\/uploads\/2014\/05\/6276815w-696x465.jpg 696w, https:\/\/eldigitaldeasturias.com\/magazine365\/wp-content\/uploads\/2014\/05\/6276815w-629x420.jpg 629w, https:\/\/eldigitaldeasturias.com\/magazine365\/wp-content\/uploads\/2014\/05\/6276815w-84x55.jpg 84w, https:\/\/eldigitaldeasturias.com\/magazine365\/wp-content\/uploads\/2014\/05\/6276815w.jpg 800w\" sizes=\"(max-width: 360px) 100vw, 360px\" \/>Cannes (Francia).- El director argentino Pablo Fendrik ha proyectado en el Festival de Cannes \u00abEl ardor\u00bb, un western cham\u00e1nico a orillas del R\u00edo Paran\u00e1 con el mexicano Gael Garc\u00eda Bernal como h\u00e9roe solitario, la brasile\u00f1a Alice Braga de princesa raptada y un jaguar como estrella invitada.<\/p>\n<p>\u00abInicialmente no era un western. Sino m\u00e1s bien la historia de un hombre que se vio obligado a vivir en un entorno que no le era del todo propio y que terminaba integr\u00e1ndose\u00bb, explic\u00f3 hoy en una entrevista con Efe el cineasta, nacido en Buenos Aires en 1973.<\/p>\n<p>Su pel\u00edcula se exhibi\u00f3 fuera de competici\u00f3n y en sesi\u00f3n especial y fue la tercera cinta de ese g\u00e9nero proyectada hasta ahora en la 67 edici\u00f3n del certamen mediterr\u00e1neo, tras \u00abThe Salvation\u00bb, de Kristian Levring, y \u00abThe Homesman\u00bb, de Tommy Lee Jones.<\/p>\n<p>\u00abMientras la empec\u00e9 a escribir me di cuenta de que se parec\u00eda mucho a la clase de conflictos que narraban los westerns\u00bb y que \u00abten\u00edan mucha similitud con las historias de 1800 y de los colonos y la colonizaci\u00f3n, no solo del oeste, sino de muchos otros territorios\u00bb y que pod\u00eda \u00abcontarse con la estructura de un western\u00bb, resume.<\/p>\n<p>Una hora y cuarenta minutos en un territorio inh\u00f3spito y h\u00famedo con pocos di\u00e1logos, mucha tensi\u00f3n y rostros curtidos: los de una banda de mercenarios que asesinan a un granjero para desposeerle de sus tierras y que secuestran a su hija, una Alice Braga que se sent\u00eda como una ni\u00f1a por la jungla, recuerda el director.<\/p>\n<p>\u00abCuando decid\u00ed que algunas escenas transcurrieran en la selva fui ah\u00ed a escribir y a investigar cuando me encontr\u00e9 con historias de violencia que me contaron de primera mano los pobladores del lugar, volv\u00ed como con esa influencia muy presente\u00bb, explica Fendrik.<\/p>\n<p>\u00abEl ardor\u00bb es, tambi\u00e9n, un largometraje de sonidos de la jungla: el crujir de las ramas bajo los pies descalzos de Garc\u00eda Bernal, los p\u00e1jaros e insectos, los disparos de rifle surcando la selva densa y el rugido del jaguar.<\/p>\n<p>\u00abEs un animal de verdad que estuvimos buscando durante mucho tiempo para que fuera lo suficientemente seguro para Gael y para todo el equipo trabajar con un animal salvaje, que no est\u00e1 domesticado o entrenado\u00bb, explica Fndrik.<\/p>\n<p>Tras firmar cintas como \u00abLa sangre brota\u00bb (2008), \u00abEl Asaltante\u00bb o \u00abLas vidas posibles (2007), el director se fue a rodar a Misiones (Argentina), con una pel\u00edcula que apunta especialmente a tres de los mercados latinoamericanos m\u00e1s fecundos: M\u00e9xico, Brasil y Argentina.<\/p>\n<p>Y para ello se sirve de una estructura cl\u00e1sica, de una actriz de trayectoria y de una estrella internacional: un Bernal muy restringido a la prensa por los organizadores del festival por su condici\u00f3n de miembro del jurado en la secci\u00f3n oficial.<\/p>\n<p>\u00abMe ha pasado sentir verg\u00fcenza por pedir un ensayo que cuando lo empez\u00e1bamos dec\u00eda: &#8216;che, esto no es necesario&#8217;. Para ellos esto es un paseo por el parque, lo van a hacer perfectamente. Chicos v\u00e1monos a comer, no ensayemos m\u00e1s, hag\u00e1moslo all\u00e1 en la selva\u00bb, recuerda desde una terraza del Palacio de Festivales de Cannes.<\/p>\n<p>El mexicano interpreta a un justiciero enigm\u00e1tico que perdi\u00f3 su granja y a su familia y aprendi\u00f3 a pertenecer a la selva.<\/p>\n<p>\u00abYa no puedo vivir en otra parte\u00bb, dice durante un filme en el que el actor de \u00abY tu mam\u00e1 tambi\u00e9n\u00bb, de Alfonso Cuar\u00f3n, o \u00abAmores perros\u00bb, de Alejandro Gonz\u00e1lez I\u00f1arritu, regala varias escenas luciendo abdominales y b\u00edceps trabajados.<\/p>\n<p>\u00abQuise poder mostrar a una persona que no tiene m\u00e1s que sus manos para valerse en un ambiente en el que, definitivamente, no est\u00e1 en el tope de la cadena alimenticia. Para m\u00ed era muy importante poder ilustrar todos esos movimientos y esas formas, c\u00f3mo hace un ser humano para convivir en un ambiente en el que \u00e9l no est\u00e1 al mando\u00bb, explic\u00f3 el autor.<\/p>\n<p>El metraje tambi\u00e9n lo sostiene el actor y dramaturgo argentino Claudio Tocachir, muy s\u00f3lido en un papel que requiri\u00f3 \u00abun gran trabajo de caracterizaci\u00f3n\u00bb en el que ofrece una versi\u00f3n \u00ababismalmente opuesta a lo que es Claudio en la vida real\u00bb, resume su director.<\/p>\n<p>Se mete en las carnes de \u00abun malo cansado de ser malo, de hacer demasiado mal a mucha gente y que lo encontramos cerca del final\u00bb y que imparte \u00abuna cierta justicia dentro de lo que son los par\u00e1metros de la maldad\u00bb.<\/p>\n","protected":false},"excerpt":{"rendered":"<p>Cannes (Francia).- El director argentino Pablo Fendrik ha proyectado en el Festival de Cannes \u00abEl ardor\u00bb, un western cham\u00e1nico a orillas del R\u00edo Paran\u00e1 con el mexicano Gael Garc\u00eda Bernal como h\u00e9roe solitario, la brasile\u00f1a Alice Braga de princesa raptada y un jaguar como estrella invitada. \u00abInicialmente no era un western. Sino m\u00e1s bien la<\/p>\n","protected":false},"author":1,"featured_media":13285,"comment_status":"open","ping_status":"closed","sticky":false,"template":"","format":"standard","meta":{"footnotes":""},"categories":[224],"tags":[],"class_list":{"0":"post-13284","1":"post","2":"type-post","3":"status-publish","4":"format-standard","5":"has-post-thumbnail","7":"category-noticias-actualidad"},"aioseo_notices":[],"aioseo_head":"\n\t\t<!-- All in One SEO Pro 4.9.6.1 - aioseo.com -->\n\t<meta name=\"description\" content=\"Cannes (Francia).- El director argentino Pablo Fendrik ha proyectado en el Festival de Cannes &quot;El ardor&quot;, un western cham\u00e1nico a orillas del R\u00edo Paran\u00e1 con el mexicano Gael Garc\u00eda Bernal como h\u00e9roe solitario, la brasile\u00f1a Alice Braga de princesa raptada y un jaguar como estrella invitada. &quot;Inicialmente no era un western. Sino m\u00e1s bien la\" \/>\n\t<meta name=\"robots\" content=\"max-image-preview:large\" \/>\n\t<meta name=\"author\" content=\"admin\"\/>\n\t<meta name=\"google-site-verification\" content=\"UA-38556648-1\" \/>\n\t<meta name=\"keywords\" content=\"noticias y actualidad\" \/>\n\t<link rel=\"canonical\" href=\"https:\/\/eldigitaldeasturias.com\/magazine365\/fendrik-presenta-en-cannes-el-ardor-un-western-chamanico-con-garcia-bernal\/\" \/>\n\t<meta name=\"generator\" content=\"All in One SEO Pro (AIOSEO) 4.9.6.1\" \/>\n\t\t<meta property=\"og:locale\" content=\"es_ES\" \/>\n\t\t<meta property=\"og:site_name\" content=\"El Digital de Asturias \u2013 Revista de ocio, turismo y estilo de vida\" \/>\n\t\t<meta property=\"og:type\" content=\"article\" \/>\n\t\t<meta property=\"og:title\" content=\"Fendrik presenta en Cannes \u00abEl ardor\u00bb, un western cham\u00e1nico con Garc\u00eda Bernal | El Digital de Asturias\" \/>\n\t\t<meta property=\"og:description\" content=\"Cannes (Francia).- El director argentino Pablo Fendrik ha proyectado en el Festival de Cannes &quot;El ardor&quot;, un western cham\u00e1nico a orillas del R\u00edo Paran\u00e1 con el mexicano Gael Garc\u00eda Bernal como h\u00e9roe solitario, la brasile\u00f1a Alice Braga de princesa raptada y un jaguar como estrella invitada. &quot;Inicialmente no era un western. Sino m\u00e1s bien la\" \/>\n\t\t<meta property=\"og:url\" content=\"https:\/\/eldigitaldeasturias.com\/magazine365\/fendrik-presenta-en-cannes-el-ardor-un-western-chamanico-con-garcia-bernal\/\" \/>\n\t\t<meta property=\"og:image\" content=\"https:\/\/eldigitaldeasturias.com\/magazine365\/wp-content\/uploads\/2014\/05\/6276815w.jpg\" \/>\n\t\t<meta property=\"og:image:secure_url\" content=\"https:\/\/eldigitaldeasturias.com\/magazine365\/wp-content\/uploads\/2014\/05\/6276815w.jpg\" \/>\n\t\t<meta property=\"og:image:width\" content=\"800\" \/>\n\t\t<meta property=\"og:image:height\" content=\"534\" \/>\n\t\t<meta property=\"article:published_time\" content=\"2014-05-20T00:37:45+00:00\" \/>\n\t\t<meta property=\"article:modified_time\" content=\"2014-05-20T00:37:45+00:00\" \/>\n\t\t<meta name=\"twitter:card\" content=\"summary_large_image\" \/>\n\t\t<meta name=\"twitter:title\" content=\"Fendrik presenta en Cannes \u00abEl ardor\u00bb, un western cham\u00e1nico con Garc\u00eda Bernal | El Digital de Asturias\" \/>\n\t\t<meta name=\"twitter:description\" content=\"Cannes (Francia).- El director argentino Pablo Fendrik ha proyectado en el Festival de Cannes &quot;El ardor&quot;, un western cham\u00e1nico a orillas del R\u00edo Paran\u00e1 con el mexicano Gael Garc\u00eda Bernal como h\u00e9roe solitario, la brasile\u00f1a Alice Braga de princesa raptada y un jaguar como estrella invitada. &quot;Inicialmente no era un western. Sino m\u00e1s bien la\" \/>\n\t\t<meta name=\"twitter:image\" content=\"https:\/\/eldigitaldeasturias.com\/magazine365\/wp-content\/uploads\/2014\/05\/6276815w.jpg\" \/>\n\t\t<script type=\"application\/ld+json\" class=\"aioseo-schema\">\n\t\t\t{\"@context\":\"https:\\\/\\\/schema.org\",\"@graph\":[{\"@type\":\"Article\",\"@id\":\"https:\\\/\\\/eldigitaldeasturias.com\\\/magazine365\\\/fendrik-presenta-en-cannes-el-ardor-un-western-chamanico-con-garcia-bernal\\\/#article\",\"name\":\"Fendrik presenta en Cannes \\u00abEl ardor\\u00bb, un western cham\\u00e1nico con Garc\\u00eda Bernal | El Digital de Asturias\",\"headline\":\"Fendrik presenta en Cannes \\u00abEl ardor\\u00bb, un western cham\\u00e1nico con Garc\\u00eda Bernal\",\"author\":{\"@id\":\"https:\\\/\\\/eldigitaldeasturias.com\\\/magazine365\\\/author\\\/admin\\\/#author\"},\"publisher\":{\"@id\":\"https:\\\/\\\/eldigitaldeasturias.com\\\/magazine365\\\/#organization\"},\"image\":{\"@type\":\"ImageObject\",\"url\":\"https:\\\/\\\/eldigitaldeasturias.com\\\/magazine365\\\/wp-content\\\/uploads\\\/2014\\\/05\\\/6276815w.jpg\",\"width\":800,\"height\":534},\"datePublished\":\"2014-05-19T22:37:45+02:00\",\"dateModified\":\"2014-05-19T22:37:45+02:00\",\"inLanguage\":\"es-ES\",\"mainEntityOfPage\":{\"@id\":\"https:\\\/\\\/eldigitaldeasturias.com\\\/magazine365\\\/fendrik-presenta-en-cannes-el-ardor-un-western-chamanico-con-garcia-bernal\\\/#webpage\"},\"isPartOf\":{\"@id\":\"https:\\\/\\\/eldigitaldeasturias.com\\\/magazine365\\\/fendrik-presenta-en-cannes-el-ardor-un-western-chamanico-con-garcia-bernal\\\/#webpage\"},\"articleSection\":\"Noticias y Actualidad\"},{\"@type\":\"BreadcrumbList\",\"@id\":\"https:\\\/\\\/eldigitaldeasturias.com\\\/magazine365\\\/fendrik-presenta-en-cannes-el-ardor-un-western-chamanico-con-garcia-bernal\\\/#breadcrumblist\",\"itemListElement\":[{\"@type\":\"ListItem\",\"@id\":\"https:\\\/\\\/eldigitaldeasturias.com\\\/magazine365#listItem\",\"position\":1,\"name\":\"Home\",\"item\":\"https:\\\/\\\/eldigitaldeasturias.com\\\/magazine365\",\"nextItem\":{\"@type\":\"ListItem\",\"@id\":\"https:\\\/\\\/eldigitaldeasturias.com\\\/magazine365\\\/category\\\/noticias-actualidad\\\/#listItem\",\"name\":\"Noticias y Actualidad\"}},{\"@type\":\"ListItem\",\"@id\":\"https:\\\/\\\/eldigitaldeasturias.com\\\/magazine365\\\/category\\\/noticias-actualidad\\\/#listItem\",\"position\":2,\"name\":\"Noticias y Actualidad\",\"item\":\"https:\\\/\\\/eldigitaldeasturias.com\\\/magazine365\\\/category\\\/noticias-actualidad\\\/\",\"nextItem\":{\"@type\":\"ListItem\",\"@id\":\"https:\\\/\\\/eldigitaldeasturias.com\\\/magazine365\\\/fendrik-presenta-en-cannes-el-ardor-un-western-chamanico-con-garcia-bernal\\\/#listItem\",\"name\":\"Fendrik presenta en Cannes \\u00abEl ardor\\u00bb, un western cham\\u00e1nico con Garc\\u00eda Bernal\"},\"previousItem\":{\"@type\":\"ListItem\",\"@id\":\"https:\\\/\\\/eldigitaldeasturias.com\\\/magazine365#listItem\",\"name\":\"Home\"}},{\"@type\":\"ListItem\",\"@id\":\"https:\\\/\\\/eldigitaldeasturias.com\\\/magazine365\\\/fendrik-presenta-en-cannes-el-ardor-un-western-chamanico-con-garcia-bernal\\\/#listItem\",\"position\":3,\"name\":\"Fendrik presenta en Cannes \\u00abEl ardor\\u00bb, un western cham\\u00e1nico con Garc\\u00eda Bernal\",\"previousItem\":{\"@type\":\"ListItem\",\"@id\":\"https:\\\/\\\/eldigitaldeasturias.com\\\/magazine365\\\/category\\\/noticias-actualidad\\\/#listItem\",\"name\":\"Noticias y Actualidad\"}}]},{\"@type\":\"Organization\",\"@id\":\"https:\\\/\\\/eldigitaldeasturias.com\\\/magazine365\\\/#organization\",\"name\":\"El digital de Asturias\",\"description\":\"Revista de ocio, turismo y estilo de vida\",\"url\":\"https:\\\/\\\/eldigitaldeasturias.com\\\/magazine365\\\/\",\"logo\":{\"@type\":\"ImageObject\",\"url\":\"https:\\\/\\\/www.eldigitaldeasturias.com\\\/noticias\\\/wp-content\\\/uploads\\\/2020\\\/12\\\/EDA.jpg\",\"@id\":\"https:\\\/\\\/eldigitaldeasturias.com\\\/magazine365\\\/fendrik-presenta-en-cannes-el-ardor-un-western-chamanico-con-garcia-bernal\\\/#organizationLogo\"},\"image\":{\"@id\":\"https:\\\/\\\/eldigitaldeasturias.com\\\/magazine365\\\/fendrik-presenta-en-cannes-el-ardor-un-western-chamanico-con-garcia-bernal\\\/#organizationLogo\"}},{\"@type\":\"Person\",\"@id\":\"https:\\\/\\\/eldigitaldeasturias.com\\\/magazine365\\\/author\\\/admin\\\/#author\",\"url\":\"https:\\\/\\\/eldigitaldeasturias.com\\\/magazine365\\\/author\\\/admin\\\/\",\"name\":\"admin\",\"image\":{\"@type\":\"ImageObject\",\"@id\":\"https:\\\/\\\/eldigitaldeasturias.com\\\/magazine365\\\/fendrik-presenta-en-cannes-el-ardor-un-western-chamanico-con-garcia-bernal\\\/#authorImage\",\"url\":\"https:\\\/\\\/eldigitaldeasturias.com\\\/magazine365\\\/wp-content\\\/litespeed\\\/avatar\\\/e571bcf59a0edd6fa6838245a470f2fe.jpg?ver=1776969259\",\"width\":96,\"height\":96,\"caption\":\"admin\"}},{\"@type\":\"WebPage\",\"@id\":\"https:\\\/\\\/eldigitaldeasturias.com\\\/magazine365\\\/fendrik-presenta-en-cannes-el-ardor-un-western-chamanico-con-garcia-bernal\\\/#webpage\",\"url\":\"https:\\\/\\\/eldigitaldeasturias.com\\\/magazine365\\\/fendrik-presenta-en-cannes-el-ardor-un-western-chamanico-con-garcia-bernal\\\/\",\"name\":\"Fendrik presenta en Cannes \\u00abEl ardor\\u00bb, un western cham\\u00e1nico con Garc\\u00eda Bernal | El Digital de Asturias\",\"description\":\"Cannes (Francia).- El director argentino Pablo Fendrik ha proyectado en el Festival de Cannes \\\"El ardor\\\", un western cham\\u00e1nico a orillas del R\\u00edo Paran\\u00e1 con el mexicano Gael Garc\\u00eda Bernal como h\\u00e9roe solitario, la brasile\\u00f1a Alice Braga de princesa raptada y un jaguar como estrella invitada. \\\"Inicialmente no era un western. Sino m\\u00e1s bien la\",\"inLanguage\":\"es-ES\",\"isPartOf\":{\"@id\":\"https:\\\/\\\/eldigitaldeasturias.com\\\/magazine365\\\/#website\"},\"breadcrumb\":{\"@id\":\"https:\\\/\\\/eldigitaldeasturias.com\\\/magazine365\\\/fendrik-presenta-en-cannes-el-ardor-un-western-chamanico-con-garcia-bernal\\\/#breadcrumblist\"},\"author\":{\"@id\":\"https:\\\/\\\/eldigitaldeasturias.com\\\/magazine365\\\/author\\\/admin\\\/#author\"},\"creator\":{\"@id\":\"https:\\\/\\\/eldigitaldeasturias.com\\\/magazine365\\\/author\\\/admin\\\/#author\"},\"image\":{\"@type\":\"ImageObject\",\"url\":\"https:\\\/\\\/eldigitaldeasturias.com\\\/magazine365\\\/wp-content\\\/uploads\\\/2014\\\/05\\\/6276815w.jpg\",\"@id\":\"https:\\\/\\\/eldigitaldeasturias.com\\\/magazine365\\\/fendrik-presenta-en-cannes-el-ardor-un-western-chamanico-con-garcia-bernal\\\/#mainImage\",\"width\":800,\"height\":534},\"primaryImageOfPage\":{\"@id\":\"https:\\\/\\\/eldigitaldeasturias.com\\\/magazine365\\\/fendrik-presenta-en-cannes-el-ardor-un-western-chamanico-con-garcia-bernal\\\/#mainImage\"},\"datePublished\":\"2014-05-19T22:37:45+02:00\",\"dateModified\":\"2014-05-19T22:37:45+02:00\"},{\"@type\":\"WebSite\",\"@id\":\"https:\\\/\\\/eldigitaldeasturias.com\\\/magazine365\\\/#website\",\"url\":\"https:\\\/\\\/eldigitaldeasturias.com\\\/magazine365\\\/\",\"name\":\"El Digital de Asturias\",\"description\":\"Revista de ocio, turismo y estilo de vida\",\"inLanguage\":\"es-ES\",\"publisher\":{\"@id\":\"https:\\\/\\\/eldigitaldeasturias.com\\\/magazine365\\\/#organization\"}}]}\n\t\t<\/script>\n\t\t<!-- All in One SEO Pro -->\r\n\t\t<title>Fendrik presenta en Cannes \u00abEl ardor\u00bb, un western cham\u00e1nico con Garc\u00eda Bernal | El Digital de Asturias<\/title>\n\n","aioseo_head_json":{"title":"Fendrik presenta en Cannes \u00abEl ardor\u00bb, un western cham\u00e1nico con Garc\u00eda Bernal | El Digital de Asturias","description":"Cannes (Francia).- El director argentino Pablo Fendrik ha proyectado en el Festival de Cannes \"El ardor\", un western cham\u00e1nico a orillas del R\u00edo Paran\u00e1 con el mexicano Gael Garc\u00eda Bernal como h\u00e9roe solitario, la brasile\u00f1a Alice Braga de princesa raptada y un jaguar como estrella invitada. \"Inicialmente no era un western. Sino m\u00e1s bien la","canonical_url":"https:\/\/eldigitaldeasturias.com\/magazine365\/fendrik-presenta-en-cannes-el-ardor-un-western-chamanico-con-garcia-bernal\/","robots":"max-image-preview:large","keywords":"noticias y actualidad","webmasterTools":{"google-site-verification":"UA-38556648-1","miscellaneous":""},"schema":{"@context":"https:\/\/schema.org","@graph":[{"@type":"Article","@id":"https:\/\/eldigitaldeasturias.com\/magazine365\/fendrik-presenta-en-cannes-el-ardor-un-western-chamanico-con-garcia-bernal\/#article","name":"Fendrik presenta en Cannes \u00abEl ardor\u00bb, un western cham\u00e1nico con Garc\u00eda Bernal | El Digital de Asturias","headline":"Fendrik presenta en Cannes \u00abEl ardor\u00bb, un western cham\u00e1nico con Garc\u00eda Bernal","author":{"@id":"https:\/\/eldigitaldeasturias.com\/magazine365\/author\/admin\/#author"},"publisher":{"@id":"https:\/\/eldigitaldeasturias.com\/magazine365\/#organization"},"image":{"@type":"ImageObject","url":"https:\/\/eldigitaldeasturias.com\/magazine365\/wp-content\/uploads\/2014\/05\/6276815w.jpg","width":800,"height":534},"datePublished":"2014-05-19T22:37:45+02:00","dateModified":"2014-05-19T22:37:45+02:00","inLanguage":"es-ES","mainEntityOfPage":{"@id":"https:\/\/eldigitaldeasturias.com\/magazine365\/fendrik-presenta-en-cannes-el-ardor-un-western-chamanico-con-garcia-bernal\/#webpage"},"isPartOf":{"@id":"https:\/\/eldigitaldeasturias.com\/magazine365\/fendrik-presenta-en-cannes-el-ardor-un-western-chamanico-con-garcia-bernal\/#webpage"},"articleSection":"Noticias y Actualidad"},{"@type":"BreadcrumbList","@id":"https:\/\/eldigitaldeasturias.com\/magazine365\/fendrik-presenta-en-cannes-el-ardor-un-western-chamanico-con-garcia-bernal\/#breadcrumblist","itemListElement":[{"@type":"ListItem","@id":"https:\/\/eldigitaldeasturias.com\/magazine365#listItem","position":1,"name":"Home","item":"https:\/\/eldigitaldeasturias.com\/magazine365","nextItem":{"@type":"ListItem","@id":"https:\/\/eldigitaldeasturias.com\/magazine365\/category\/noticias-actualidad\/#listItem","name":"Noticias y Actualidad"}},{"@type":"ListItem","@id":"https:\/\/eldigitaldeasturias.com\/magazine365\/category\/noticias-actualidad\/#listItem","position":2,"name":"Noticias y Actualidad","item":"https:\/\/eldigitaldeasturias.com\/magazine365\/category\/noticias-actualidad\/","nextItem":{"@type":"ListItem","@id":"https:\/\/eldigitaldeasturias.com\/magazine365\/fendrik-presenta-en-cannes-el-ardor-un-western-chamanico-con-garcia-bernal\/#listItem","name":"Fendrik presenta en Cannes \u00abEl ardor\u00bb, un western cham\u00e1nico con Garc\u00eda Bernal"},"previousItem":{"@type":"ListItem","@id":"https:\/\/eldigitaldeasturias.com\/magazine365#listItem","name":"Home"}},{"@type":"ListItem","@id":"https:\/\/eldigitaldeasturias.com\/magazine365\/fendrik-presenta-en-cannes-el-ardor-un-western-chamanico-con-garcia-bernal\/#listItem","position":3,"name":"Fendrik presenta en Cannes \u00abEl ardor\u00bb, un western cham\u00e1nico con Garc\u00eda Bernal","previousItem":{"@type":"ListItem","@id":"https:\/\/eldigitaldeasturias.com\/magazine365\/category\/noticias-actualidad\/#listItem","name":"Noticias y Actualidad"}}]},{"@type":"Organization","@id":"https:\/\/eldigitaldeasturias.com\/magazine365\/#organization","name":"El digital de Asturias","description":"Revista de ocio, turismo y estilo de vida","url":"https:\/\/eldigitaldeasturias.com\/magazine365\/","logo":{"@type":"ImageObject","url":"https:\/\/www.eldigitaldeasturias.com\/noticias\/wp-content\/uploads\/2020\/12\/EDA.jpg","@id":"https:\/\/eldigitaldeasturias.com\/magazine365\/fendrik-presenta-en-cannes-el-ardor-un-western-chamanico-con-garcia-bernal\/#organizationLogo"},"image":{"@id":"https:\/\/eldigitaldeasturias.com\/magazine365\/fendrik-presenta-en-cannes-el-ardor-un-western-chamanico-con-garcia-bernal\/#organizationLogo"}},{"@type":"Person","@id":"https:\/\/eldigitaldeasturias.com\/magazine365\/author\/admin\/#author","url":"https:\/\/eldigitaldeasturias.com\/magazine365\/author\/admin\/","name":"admin","image":{"@type":"ImageObject","@id":"https:\/\/eldigitaldeasturias.com\/magazine365\/fendrik-presenta-en-cannes-el-ardor-un-western-chamanico-con-garcia-bernal\/#authorImage","url":"https:\/\/eldigitaldeasturias.com\/magazine365\/wp-content\/litespeed\/avatar\/e571bcf59a0edd6fa6838245a470f2fe.jpg?ver=1776969259","width":96,"height":96,"caption":"admin"}},{"@type":"WebPage","@id":"https:\/\/eldigitaldeasturias.com\/magazine365\/fendrik-presenta-en-cannes-el-ardor-un-western-chamanico-con-garcia-bernal\/#webpage","url":"https:\/\/eldigitaldeasturias.com\/magazine365\/fendrik-presenta-en-cannes-el-ardor-un-western-chamanico-con-garcia-bernal\/","name":"Fendrik presenta en Cannes \u00abEl ardor\u00bb, un western cham\u00e1nico con Garc\u00eda Bernal | El Digital de Asturias","description":"Cannes (Francia).- El director argentino Pablo Fendrik ha proyectado en el Festival de Cannes \"El ardor\", un western cham\u00e1nico a orillas del R\u00edo Paran\u00e1 con el mexicano Gael Garc\u00eda Bernal como h\u00e9roe solitario, la brasile\u00f1a Alice Braga de princesa raptada y un jaguar como estrella invitada. \"Inicialmente no era un western. Sino m\u00e1s bien la","inLanguage":"es-ES","isPartOf":{"@id":"https:\/\/eldigitaldeasturias.com\/magazine365\/#website"},"breadcrumb":{"@id":"https:\/\/eldigitaldeasturias.com\/magazine365\/fendrik-presenta-en-cannes-el-ardor-un-western-chamanico-con-garcia-bernal\/#breadcrumblist"},"author":{"@id":"https:\/\/eldigitaldeasturias.com\/magazine365\/author\/admin\/#author"},"creator":{"@id":"https:\/\/eldigitaldeasturias.com\/magazine365\/author\/admin\/#author"},"image":{"@type":"ImageObject","url":"https:\/\/eldigitaldeasturias.com\/magazine365\/wp-content\/uploads\/2014\/05\/6276815w.jpg","@id":"https:\/\/eldigitaldeasturias.com\/magazine365\/fendrik-presenta-en-cannes-el-ardor-un-western-chamanico-con-garcia-bernal\/#mainImage","width":800,"height":534},"primaryImageOfPage":{"@id":"https:\/\/eldigitaldeasturias.com\/magazine365\/fendrik-presenta-en-cannes-el-ardor-un-western-chamanico-con-garcia-bernal\/#mainImage"},"datePublished":"2014-05-19T22:37:45+02:00","dateModified":"2014-05-19T22:37:45+02:00"},{"@type":"WebSite","@id":"https:\/\/eldigitaldeasturias.com\/magazine365\/#website","url":"https:\/\/eldigitaldeasturias.com\/magazine365\/","name":"El Digital de Asturias","description":"Revista de ocio, turismo y estilo de vida","inLanguage":"es-ES","publisher":{"@id":"https:\/\/eldigitaldeasturias.com\/magazine365\/#organization"}}]},"og:locale":"es_ES","og:site_name":"El Digital de Asturias \u2013 Revista de ocio, turismo y estilo de vida","og:type":"article","og:title":"Fendrik presenta en Cannes \u00abEl ardor\u00bb, un western cham\u00e1nico con Garc\u00eda Bernal | El Digital de Asturias","og:description":"Cannes (Francia).- El director argentino Pablo Fendrik ha proyectado en el Festival de Cannes &quot;El ardor&quot;, un western cham\u00e1nico a orillas del R\u00edo Paran\u00e1 con el mexicano Gael Garc\u00eda Bernal como h\u00e9roe solitario, la brasile\u00f1a Alice Braga de princesa raptada y un jaguar como estrella invitada. &quot;Inicialmente no era un western. Sino m\u00e1s bien la","og:url":"https:\/\/eldigitaldeasturias.com\/magazine365\/fendrik-presenta-en-cannes-el-ardor-un-western-chamanico-con-garcia-bernal\/","og:image":"https:\/\/eldigitaldeasturias.com\/magazine365\/wp-content\/uploads\/2014\/05\/6276815w.jpg","og:image:secure_url":"https:\/\/eldigitaldeasturias.com\/magazine365\/wp-content\/uploads\/2014\/05\/6276815w.jpg","og:image:width":800,"og:image:height":534,"article:published_time":"2014-05-20T00:37:45+00:00","article:modified_time":"2014-05-20T00:37:45+00:00","twitter:card":"summary_large_image","twitter:title":"Fendrik presenta en Cannes \u00abEl ardor\u00bb, un western cham\u00e1nico con Garc\u00eda Bernal | El Digital de Asturias","twitter:description":"Cannes (Francia).- El director argentino Pablo Fendrik ha proyectado en el Festival de Cannes &quot;El ardor&quot;, un western cham\u00e1nico a orillas del R\u00edo Paran\u00e1 con el mexicano Gael Garc\u00eda Bernal como h\u00e9roe solitario, la brasile\u00f1a Alice Braga de princesa raptada y un jaguar como estrella invitada. &quot;Inicialmente no era un western. Sino m\u00e1s bien la","twitter:image":"https:\/\/eldigitaldeasturias.com\/magazine365\/wp-content\/uploads\/2014\/05\/6276815w.jpg"},"aioseo_meta_data":{"post_id":"13284","title":null,"description":null,"keywords":null,"keyphrases":null,"primary_term":null,"canonical_url":null,"og_title":null,"og_description":null,"og_object_type":"default","og_image_type":"default","og_image_url":null,"og_image_width":null,"og_image_height":null,"og_image_custom_url":null,"og_image_custom_fields":null,"og_video":null,"og_custom_url":null,"og_article_section":null,"og_article_tags":null,"twitter_use_og":false,"twitter_card":"default","twitter_image_type":"default","twitter_image_url":null,"twitter_image_custom_url":null,"twitter_image_custom_fields":null,"twitter_title":null,"twitter_description":null,"schema":{"blockGraphs":[],"customGraphs":[],"default":{"data":{"Article":[],"Course":[],"Dataset":[],"FAQPage":[],"Movie":[],"Person":[],"Product":[],"ProductReview":[],"Car":[],"Recipe":[],"Service":[],"SoftwareApplication":[],"WebPage":[]},"graphName":"","isEnabled":true},"graphs":[],"defaultGraph":"","defaultPostTypeGraph":""},"schema_type":null,"schema_type_options":null,"pillar_content":false,"robots_default":true,"robots_noindex":false,"robots_noarchive":false,"robots_nosnippet":false,"robots_nofollow":false,"robots_noimageindex":false,"robots_noodp":false,"robots_notranslate":false,"robots_max_snippet":null,"robots_max_videopreview":null,"robots_max_imagepreview":"large","priority":null,"frequency":null,"location":null,"local_seo":null,"seo_analyzer_scan_date":"2025-09-17 07:57:45","breadcrumb_settings":null,"limit_modified_date":false,"open_ai":null,"ai":null,"created":"2021-03-09 08:30:53","updated":"2025-09-17 07:57:45"},"aioseo_breadcrumb":"<div class=\"aioseo-breadcrumbs\"><span class=\"aioseo-breadcrumb\">\n\t<a href=\"https:\/\/eldigitaldeasturias.com\/magazine365\" title=\"Home\">Home<\/a>\n<\/span><span class=\"aioseo-breadcrumb-separator\">\u2013<\/span><span class=\"aioseo-breadcrumb\">\n\t<a href=\"https:\/\/eldigitaldeasturias.com\/magazine365\/category\/noticias-actualidad\/\" title=\"Noticias y Actualidad\">Noticias y Actualidad<\/a>\n<\/span><span class=\"aioseo-breadcrumb-separator\">\u2013<\/span><span class=\"aioseo-breadcrumb\">\n\t<a href=\"https:\/\/eldigitaldeasturias.com\/magazine365\/fendrik-presenta-en-cannes-el-ardor-un-western-chamanico-con-garcia-bernal\/\" title=\"Fendrik presenta en Cannes \u00abEl ardor\u00bb, un western cham\u00e1nico con Garc\u00eda Bernal\">Fendrik presenta en Cannes \u00abEl ardor\u00bb, un western cham\u00e1nico con Garc\u00eda Bernal<\/a>\n<\/span><\/div>","aioseo_breadcrumb_json":[{"label":"Home","link":"https:\/\/eldigitaldeasturias.com\/magazine365"},{"label":"Noticias y Actualidad","link":"https:\/\/eldigitaldeasturias.com\/magazine365\/category\/noticias-actualidad\/"},{"label":"Fendrik presenta en Cannes \u00abEl ardor\u00bb, un western cham\u00e1nico con Garc\u00eda Bernal","link":"https:\/\/eldigitaldeasturias.com\/magazine365\/fendrik-presenta-en-cannes-el-ardor-un-western-chamanico-con-garcia-bernal\/"}],"_links":{"self":[{"href":"https:\/\/eldigitaldeasturias.com\/magazine365\/wp-json\/wp\/v2\/posts\/13284","targetHints":{"allow":["GET"]}}],"collection":[{"href":"https:\/\/eldigitaldeasturias.com\/magazine365\/wp-json\/wp\/v2\/posts"}],"about":[{"href":"https:\/\/eldigitaldeasturias.com\/magazine365\/wp-json\/wp\/v2\/types\/post"}],"author":[{"embeddable":true,"href":"https:\/\/eldigitaldeasturias.com\/magazine365\/wp-json\/wp\/v2\/users\/1"}],"replies":[{"embeddable":true,"href":"https:\/\/eldigitaldeasturias.com\/magazine365\/wp-json\/wp\/v2\/comments?post=13284"}],"version-history":[{"count":0,"href":"https:\/\/eldigitaldeasturias.com\/magazine365\/wp-json\/wp\/v2\/posts\/13284\/revisions"}],"wp:featuredmedia":[{"embeddable":true,"href":"https:\/\/eldigitaldeasturias.com\/magazine365\/wp-json\/wp\/v2\/media\/13285"}],"wp:attachment":[{"href":"https:\/\/eldigitaldeasturias.com\/magazine365\/wp-json\/wp\/v2\/media?parent=13284"}],"wp:term":[{"taxonomy":"category","embeddable":true,"href":"https:\/\/eldigitaldeasturias.com\/magazine365\/wp-json\/wp\/v2\/categories?post=13284"},{"taxonomy":"post_tag","embeddable":true,"href":"https:\/\/eldigitaldeasturias.com\/magazine365\/wp-json\/wp\/v2\/tags?post=13284"}],"curies":[{"name":"wp","href":"https:\/\/api.w.org\/{rel}","templated":true}]}}