{"id":13275,"date":"2014-05-19T22:33:38","date_gmt":"2014-05-20T00:33:38","guid":{"rendered":"http:\/\/eldigitaldeasturias.com\/magazine365\/?p=13275"},"modified":"2014-05-19T22:33:38","modified_gmt":"2014-05-20T00:33:38","slug":"calle-13-estrena-un-tema-junto-a-silvio-rodriguez","status":"publish","type":"post","link":"https:\/\/eldigitaldeasturias.com\/magazine365\/calle-13-estrena-un-tema-junto-a-silvio-rodriguez\/","title":{"rendered":"Calle 13 estrena un tema junto a Silvio Rodr\u00edguez"},"content":{"rendered":"<p><img fetchpriority=\"high\" decoding=\"async\" class=\"alignleft size-medium wp-image-13276\" alt=\"6276629w\" src=\"https:\/\/eldigitaldeasturias.com\/magazine365\/wp-content\/uploads\/2014\/05\/6276629w-360x257.jpg\" width=\"360\" height=\"257\" \/>San Juan, 19 may (EFE).- La banda puertorrique\u00f1a Calle 13 estren\u00f3 hoy oficialmente su tema \u00abOjos color sol\u00bb, un nuevo sencillo de su \u00faltimo disco, \u00abMulti_Viral\u00bb, en el que participa el cantautor cubano Silvio Rodr\u00edguez.<\/p>\n<p>Ren\u00e9 P\u00e9rez, cantante de Calle 13, explica en un comunicado que la letra de la canci\u00f3n, que en gran parte la escribi\u00f3 en Cuba, hace referencia a los ojos de una persona que no necesitan la luz del Sol para brillar \u00abporque la belleza del mundo\u00bb los iluminan.<\/p>\n<p>\u00abA mitad de canci\u00f3n los ojos de esta persona comienzan a iluminar un mundo en donde la belleza conecta desde otra perspectiva, donde las gallinas mugen y las vacas cacarean\u00bb, detalla el cantante, conocido como Residente.<\/p>\n<p>La colaboraci\u00f3n con Silvio Rodr\u00edguez arranc\u00f3 a ra\u00edz de que el artista cubano dijera en una rueda de prensa en M\u00e9xico que ten\u00eda inter\u00e9s de colaborar con P\u00e9rez y su hermano, Eduardo Cabra (conocido como Visitante), porque \u00abten\u00edan un esp\u00edritu creador e inconforme\u00bb, record\u00f3 la banda.<\/p>\n<p>Rodr\u00edguez enfatiz\u00f3 su admiraci\u00f3n por el grupo boricua \u00abno s\u00f3lo por sus posturas ideol\u00f3gicas, sino tambi\u00e9n por la creatividad que demuestran en sus discos\u00bb, con los que han ganado 19 premios Grammy latinos.<\/p>\n<p>El d\u00fao boricua decidi\u00f3 entonces esbozar una canci\u00f3n en la que colaborara el artista cubano. Residente se la cant\u00f3 en persona y este, despu\u00e9s de \u00ableerla y sonre\u00edr\u00bb, decidi\u00f3 grabarla en su estudio en Cuba, que se encuentra a tan s\u00f3lo dos cuadras de donde vive la familia de la esposa de Visitante, Diana Fuentes.<\/p>\n<p>\u00abNo ten\u00edamos nada musical a\u00fan. \u00c9l grab\u00f3 algo simple y r\u00e1pido con su guitarra que nos sirvi\u00f3 como gu\u00eda para componer\u00bb, record\u00f3 Residente.<\/p>\n","protected":false},"excerpt":{"rendered":"<p>San Juan, 19 may (EFE).- La banda puertorrique\u00f1a Calle 13 estren\u00f3 hoy oficialmente su tema \u00abOjos color sol\u00bb, un nuevo sencillo de su \u00faltimo disco, \u00abMulti_Viral\u00bb, en el que participa el cantautor cubano Silvio Rodr\u00edguez. Ren\u00e9 P\u00e9rez, cantante de Calle 13, explica en un comunicado que la letra de la canci\u00f3n, que en gran parte<\/p>\n","protected":false},"author":1,"featured_media":13276,"comment_status":"open","ping_status":"closed","sticky":false,"template":"","format":"standard","meta":{"footnotes":""},"categories":[224],"tags":[],"class_list":{"0":"post-13275","1":"post","2":"type-post","3":"status-publish","4":"format-standard","5":"has-post-thumbnail","7":"category-noticias-actualidad"},"aioseo_notices":[],"aioseo_head":"\n\t\t<!-- All in One SEO Pro 4.9.6.1 - aioseo.com -->\n\t<meta name=\"description\" content=\"San Juan, 19 may (EFE).- La banda puertorrique\u00f1a Calle 13 estren\u00f3 hoy oficialmente su tema &quot;Ojos color sol&quot;, un nuevo sencillo de su \u00faltimo disco, &quot;Multi_Viral&quot;, en el que participa el cantautor cubano Silvio Rodr\u00edguez. Ren\u00e9 P\u00e9rez, cantante de Calle 13, explica en un comunicado que la letra de la canci\u00f3n, que en gran parte\" \/>\n\t<meta name=\"robots\" content=\"max-image-preview:large\" \/>\n\t<meta name=\"author\" content=\"admin\"\/>\n\t<meta name=\"google-site-verification\" content=\"UA-38556648-1\" \/>\n\t<meta name=\"keywords\" content=\"noticias y actualidad\" \/>\n\t<link rel=\"canonical\" href=\"https:\/\/eldigitaldeasturias.com\/magazine365\/calle-13-estrena-un-tema-junto-a-silvio-rodriguez\/\" \/>\n\t<meta name=\"generator\" content=\"All in One SEO Pro (AIOSEO) 4.9.6.1\" \/>\n\t\t<meta property=\"og:locale\" content=\"es_ES\" \/>\n\t\t<meta property=\"og:site_name\" content=\"El Digital de Asturias \u2013 Revista de ocio, turismo y estilo de vida\" \/>\n\t\t<meta property=\"og:type\" content=\"article\" \/>\n\t\t<meta property=\"og:title\" content=\"Calle 13 estrena un tema junto a Silvio Rodr\u00edguez | El Digital de Asturias\" \/>\n\t\t<meta property=\"og:description\" content=\"San Juan, 19 may (EFE).- La banda puertorrique\u00f1a Calle 13 estren\u00f3 hoy oficialmente su tema &quot;Ojos color sol&quot;, un nuevo sencillo de su \u00faltimo disco, &quot;Multi_Viral&quot;, en el que participa el cantautor cubano Silvio Rodr\u00edguez. Ren\u00e9 P\u00e9rez, cantante de Calle 13, explica en un comunicado que la letra de la canci\u00f3n, que en gran parte\" \/>\n\t\t<meta property=\"og:url\" content=\"https:\/\/eldigitaldeasturias.com\/magazine365\/calle-13-estrena-un-tema-junto-a-silvio-rodriguez\/\" \/>\n\t\t<meta property=\"og:image\" content=\"https:\/\/eldigitaldeasturias.com\/magazine365\/wp-content\/uploads\/2014\/05\/6276629w.jpg\" \/>\n\t\t<meta property=\"og:image:secure_url\" content=\"https:\/\/eldigitaldeasturias.com\/magazine365\/wp-content\/uploads\/2014\/05\/6276629w.jpg\" \/>\n\t\t<meta property=\"og:image:width\" content=\"800\" \/>\n\t\t<meta property=\"og:image:height\" content=\"573\" \/>\n\t\t<meta property=\"article:published_time\" content=\"2014-05-20T00:33:38+00:00\" \/>\n\t\t<meta property=\"article:modified_time\" content=\"2014-05-20T00:33:38+00:00\" \/>\n\t\t<meta name=\"twitter:card\" content=\"summary_large_image\" \/>\n\t\t<meta name=\"twitter:title\" content=\"Calle 13 estrena un tema junto a Silvio Rodr\u00edguez | El Digital de Asturias\" \/>\n\t\t<meta name=\"twitter:description\" content=\"San Juan, 19 may (EFE).- La banda puertorrique\u00f1a Calle 13 estren\u00f3 hoy oficialmente su tema &quot;Ojos color sol&quot;, un nuevo sencillo de su \u00faltimo disco, &quot;Multi_Viral&quot;, en el que participa el cantautor cubano Silvio Rodr\u00edguez. Ren\u00e9 P\u00e9rez, cantante de Calle 13, explica en un comunicado que la letra de la canci\u00f3n, que en gran parte\" \/>\n\t\t<meta name=\"twitter:image\" content=\"https:\/\/eldigitaldeasturias.com\/magazine365\/wp-content\/uploads\/2014\/05\/6276629w.jpg\" \/>\n\t\t<script type=\"application\/ld+json\" class=\"aioseo-schema\">\n\t\t\t{\"@context\":\"https:\\\/\\\/schema.org\",\"@graph\":[{\"@type\":\"Article\",\"@id\":\"https:\\\/\\\/eldigitaldeasturias.com\\\/magazine365\\\/calle-13-estrena-un-tema-junto-a-silvio-rodriguez\\\/#article\",\"name\":\"Calle 13 estrena un tema junto a Silvio Rodr\\u00edguez | El Digital de Asturias\",\"headline\":\"Calle 13 estrena un tema junto a Silvio Rodr\\u00edguez\",\"author\":{\"@id\":\"https:\\\/\\\/eldigitaldeasturias.com\\\/magazine365\\\/author\\\/admin\\\/#author\"},\"publisher\":{\"@id\":\"https:\\\/\\\/eldigitaldeasturias.com\\\/magazine365\\\/#organization\"},\"image\":{\"@type\":\"ImageObject\",\"url\":\"https:\\\/\\\/eldigitaldeasturias.com\\\/magazine365\\\/wp-content\\\/uploads\\\/2014\\\/05\\\/6276629w.jpg\",\"width\":800,\"height\":573},\"datePublished\":\"2014-05-19T22:33:38+02:00\",\"dateModified\":\"2014-05-19T22:33:38+02:00\",\"inLanguage\":\"es-ES\",\"mainEntityOfPage\":{\"@id\":\"https:\\\/\\\/eldigitaldeasturias.com\\\/magazine365\\\/calle-13-estrena-un-tema-junto-a-silvio-rodriguez\\\/#webpage\"},\"isPartOf\":{\"@id\":\"https:\\\/\\\/eldigitaldeasturias.com\\\/magazine365\\\/calle-13-estrena-un-tema-junto-a-silvio-rodriguez\\\/#webpage\"},\"articleSection\":\"Noticias y Actualidad\"},{\"@type\":\"BreadcrumbList\",\"@id\":\"https:\\\/\\\/eldigitaldeasturias.com\\\/magazine365\\\/calle-13-estrena-un-tema-junto-a-silvio-rodriguez\\\/#breadcrumblist\",\"itemListElement\":[{\"@type\":\"ListItem\",\"@id\":\"https:\\\/\\\/eldigitaldeasturias.com\\\/magazine365#listItem\",\"position\":1,\"name\":\"Home\",\"item\":\"https:\\\/\\\/eldigitaldeasturias.com\\\/magazine365\",\"nextItem\":{\"@type\":\"ListItem\",\"@id\":\"https:\\\/\\\/eldigitaldeasturias.com\\\/magazine365\\\/category\\\/noticias-actualidad\\\/#listItem\",\"name\":\"Noticias y Actualidad\"}},{\"@type\":\"ListItem\",\"@id\":\"https:\\\/\\\/eldigitaldeasturias.com\\\/magazine365\\\/category\\\/noticias-actualidad\\\/#listItem\",\"position\":2,\"name\":\"Noticias y Actualidad\",\"item\":\"https:\\\/\\\/eldigitaldeasturias.com\\\/magazine365\\\/category\\\/noticias-actualidad\\\/\",\"nextItem\":{\"@type\":\"ListItem\",\"@id\":\"https:\\\/\\\/eldigitaldeasturias.com\\\/magazine365\\\/calle-13-estrena-un-tema-junto-a-silvio-rodriguez\\\/#listItem\",\"name\":\"Calle 13 estrena un tema junto a Silvio Rodr\\u00edguez\"},\"previousItem\":{\"@type\":\"ListItem\",\"@id\":\"https:\\\/\\\/eldigitaldeasturias.com\\\/magazine365#listItem\",\"name\":\"Home\"}},{\"@type\":\"ListItem\",\"@id\":\"https:\\\/\\\/eldigitaldeasturias.com\\\/magazine365\\\/calle-13-estrena-un-tema-junto-a-silvio-rodriguez\\\/#listItem\",\"position\":3,\"name\":\"Calle 13 estrena un tema junto a Silvio Rodr\\u00edguez\",\"previousItem\":{\"@type\":\"ListItem\",\"@id\":\"https:\\\/\\\/eldigitaldeasturias.com\\\/magazine365\\\/category\\\/noticias-actualidad\\\/#listItem\",\"name\":\"Noticias y Actualidad\"}}]},{\"@type\":\"Organization\",\"@id\":\"https:\\\/\\\/eldigitaldeasturias.com\\\/magazine365\\\/#organization\",\"name\":\"El digital de Asturias\",\"description\":\"Revista de ocio, turismo y estilo de vida\",\"url\":\"https:\\\/\\\/eldigitaldeasturias.com\\\/magazine365\\\/\",\"logo\":{\"@type\":\"ImageObject\",\"url\":\"https:\\\/\\\/www.eldigitaldeasturias.com\\\/noticias\\\/wp-content\\\/uploads\\\/2020\\\/12\\\/EDA.jpg\",\"@id\":\"https:\\\/\\\/eldigitaldeasturias.com\\\/magazine365\\\/calle-13-estrena-un-tema-junto-a-silvio-rodriguez\\\/#organizationLogo\"},\"image\":{\"@id\":\"https:\\\/\\\/eldigitaldeasturias.com\\\/magazine365\\\/calle-13-estrena-un-tema-junto-a-silvio-rodriguez\\\/#organizationLogo\"}},{\"@type\":\"Person\",\"@id\":\"https:\\\/\\\/eldigitaldeasturias.com\\\/magazine365\\\/author\\\/admin\\\/#author\",\"url\":\"https:\\\/\\\/eldigitaldeasturias.com\\\/magazine365\\\/author\\\/admin\\\/\",\"name\":\"admin\",\"image\":{\"@type\":\"ImageObject\",\"@id\":\"https:\\\/\\\/eldigitaldeasturias.com\\\/magazine365\\\/calle-13-estrena-un-tema-junto-a-silvio-rodriguez\\\/#authorImage\",\"url\":\"https:\\\/\\\/eldigitaldeasturias.com\\\/magazine365\\\/wp-content\\\/litespeed\\\/avatar\\\/e571bcf59a0edd6fa6838245a470f2fe.jpg?ver=1776969259\",\"width\":96,\"height\":96,\"caption\":\"admin\"}},{\"@type\":\"WebPage\",\"@id\":\"https:\\\/\\\/eldigitaldeasturias.com\\\/magazine365\\\/calle-13-estrena-un-tema-junto-a-silvio-rodriguez\\\/#webpage\",\"url\":\"https:\\\/\\\/eldigitaldeasturias.com\\\/magazine365\\\/calle-13-estrena-un-tema-junto-a-silvio-rodriguez\\\/\",\"name\":\"Calle 13 estrena un tema junto a Silvio Rodr\\u00edguez | El Digital de Asturias\",\"description\":\"San Juan, 19 may (EFE).- La banda puertorrique\\u00f1a Calle 13 estren\\u00f3 hoy oficialmente su tema \\\"Ojos color sol\\\", un nuevo sencillo de su \\u00faltimo disco, \\\"Multi_Viral\\\", en el que participa el cantautor cubano Silvio Rodr\\u00edguez. Ren\\u00e9 P\\u00e9rez, cantante de Calle 13, explica en un comunicado que la letra de la canci\\u00f3n, que en gran parte\",\"inLanguage\":\"es-ES\",\"isPartOf\":{\"@id\":\"https:\\\/\\\/eldigitaldeasturias.com\\\/magazine365\\\/#website\"},\"breadcrumb\":{\"@id\":\"https:\\\/\\\/eldigitaldeasturias.com\\\/magazine365\\\/calle-13-estrena-un-tema-junto-a-silvio-rodriguez\\\/#breadcrumblist\"},\"author\":{\"@id\":\"https:\\\/\\\/eldigitaldeasturias.com\\\/magazine365\\\/author\\\/admin\\\/#author\"},\"creator\":{\"@id\":\"https:\\\/\\\/eldigitaldeasturias.com\\\/magazine365\\\/author\\\/admin\\\/#author\"},\"image\":{\"@type\":\"ImageObject\",\"url\":\"https:\\\/\\\/eldigitaldeasturias.com\\\/magazine365\\\/wp-content\\\/uploads\\\/2014\\\/05\\\/6276629w.jpg\",\"@id\":\"https:\\\/\\\/eldigitaldeasturias.com\\\/magazine365\\\/calle-13-estrena-un-tema-junto-a-silvio-rodriguez\\\/#mainImage\",\"width\":800,\"height\":573},\"primaryImageOfPage\":{\"@id\":\"https:\\\/\\\/eldigitaldeasturias.com\\\/magazine365\\\/calle-13-estrena-un-tema-junto-a-silvio-rodriguez\\\/#mainImage\"},\"datePublished\":\"2014-05-19T22:33:38+02:00\",\"dateModified\":\"2014-05-19T22:33:38+02:00\"},{\"@type\":\"WebSite\",\"@id\":\"https:\\\/\\\/eldigitaldeasturias.com\\\/magazine365\\\/#website\",\"url\":\"https:\\\/\\\/eldigitaldeasturias.com\\\/magazine365\\\/\",\"name\":\"El Digital de Asturias\",\"description\":\"Revista de ocio, turismo y estilo de vida\",\"inLanguage\":\"es-ES\",\"publisher\":{\"@id\":\"https:\\\/\\\/eldigitaldeasturias.com\\\/magazine365\\\/#organization\"}}]}\n\t\t<\/script>\n\t\t<!-- All in One SEO Pro -->\r\n\t\t<title>Calle 13 estrena un tema junto a Silvio Rodr\u00edguez | El Digital de Asturias<\/title>\n\n","aioseo_head_json":{"title":"Calle 13 estrena un tema junto a Silvio Rodr\u00edguez | El Digital de Asturias","description":"San Juan, 19 may (EFE).- La banda puertorrique\u00f1a Calle 13 estren\u00f3 hoy oficialmente su tema \"Ojos color sol\", un nuevo sencillo de su \u00faltimo disco, \"Multi_Viral\", en el que participa el cantautor cubano Silvio Rodr\u00edguez. Ren\u00e9 P\u00e9rez, cantante de Calle 13, explica en un comunicado que la letra de la canci\u00f3n, que en gran parte","canonical_url":"https:\/\/eldigitaldeasturias.com\/magazine365\/calle-13-estrena-un-tema-junto-a-silvio-rodriguez\/","robots":"max-image-preview:large","keywords":"noticias y actualidad","webmasterTools":{"google-site-verification":"UA-38556648-1","miscellaneous":""},"schema":{"@context":"https:\/\/schema.org","@graph":[{"@type":"Article","@id":"https:\/\/eldigitaldeasturias.com\/magazine365\/calle-13-estrena-un-tema-junto-a-silvio-rodriguez\/#article","name":"Calle 13 estrena un tema junto a Silvio Rodr\u00edguez | El Digital de Asturias","headline":"Calle 13 estrena un tema junto a Silvio Rodr\u00edguez","author":{"@id":"https:\/\/eldigitaldeasturias.com\/magazine365\/author\/admin\/#author"},"publisher":{"@id":"https:\/\/eldigitaldeasturias.com\/magazine365\/#organization"},"image":{"@type":"ImageObject","url":"https:\/\/eldigitaldeasturias.com\/magazine365\/wp-content\/uploads\/2014\/05\/6276629w.jpg","width":800,"height":573},"datePublished":"2014-05-19T22:33:38+02:00","dateModified":"2014-05-19T22:33:38+02:00","inLanguage":"es-ES","mainEntityOfPage":{"@id":"https:\/\/eldigitaldeasturias.com\/magazine365\/calle-13-estrena-un-tema-junto-a-silvio-rodriguez\/#webpage"},"isPartOf":{"@id":"https:\/\/eldigitaldeasturias.com\/magazine365\/calle-13-estrena-un-tema-junto-a-silvio-rodriguez\/#webpage"},"articleSection":"Noticias y Actualidad"},{"@type":"BreadcrumbList","@id":"https:\/\/eldigitaldeasturias.com\/magazine365\/calle-13-estrena-un-tema-junto-a-silvio-rodriguez\/#breadcrumblist","itemListElement":[{"@type":"ListItem","@id":"https:\/\/eldigitaldeasturias.com\/magazine365#listItem","position":1,"name":"Home","item":"https:\/\/eldigitaldeasturias.com\/magazine365","nextItem":{"@type":"ListItem","@id":"https:\/\/eldigitaldeasturias.com\/magazine365\/category\/noticias-actualidad\/#listItem","name":"Noticias y Actualidad"}},{"@type":"ListItem","@id":"https:\/\/eldigitaldeasturias.com\/magazine365\/category\/noticias-actualidad\/#listItem","position":2,"name":"Noticias y Actualidad","item":"https:\/\/eldigitaldeasturias.com\/magazine365\/category\/noticias-actualidad\/","nextItem":{"@type":"ListItem","@id":"https:\/\/eldigitaldeasturias.com\/magazine365\/calle-13-estrena-un-tema-junto-a-silvio-rodriguez\/#listItem","name":"Calle 13 estrena un tema junto a Silvio Rodr\u00edguez"},"previousItem":{"@type":"ListItem","@id":"https:\/\/eldigitaldeasturias.com\/magazine365#listItem","name":"Home"}},{"@type":"ListItem","@id":"https:\/\/eldigitaldeasturias.com\/magazine365\/calle-13-estrena-un-tema-junto-a-silvio-rodriguez\/#listItem","position":3,"name":"Calle 13 estrena un tema junto a Silvio Rodr\u00edguez","previousItem":{"@type":"ListItem","@id":"https:\/\/eldigitaldeasturias.com\/magazine365\/category\/noticias-actualidad\/#listItem","name":"Noticias y Actualidad"}}]},{"@type":"Organization","@id":"https:\/\/eldigitaldeasturias.com\/magazine365\/#organization","name":"El digital de Asturias","description":"Revista de ocio, turismo y estilo de vida","url":"https:\/\/eldigitaldeasturias.com\/magazine365\/","logo":{"@type":"ImageObject","url":"https:\/\/www.eldigitaldeasturias.com\/noticias\/wp-content\/uploads\/2020\/12\/EDA.jpg","@id":"https:\/\/eldigitaldeasturias.com\/magazine365\/calle-13-estrena-un-tema-junto-a-silvio-rodriguez\/#organizationLogo"},"image":{"@id":"https:\/\/eldigitaldeasturias.com\/magazine365\/calle-13-estrena-un-tema-junto-a-silvio-rodriguez\/#organizationLogo"}},{"@type":"Person","@id":"https:\/\/eldigitaldeasturias.com\/magazine365\/author\/admin\/#author","url":"https:\/\/eldigitaldeasturias.com\/magazine365\/author\/admin\/","name":"admin","image":{"@type":"ImageObject","@id":"https:\/\/eldigitaldeasturias.com\/magazine365\/calle-13-estrena-un-tema-junto-a-silvio-rodriguez\/#authorImage","url":"https:\/\/eldigitaldeasturias.com\/magazine365\/wp-content\/litespeed\/avatar\/e571bcf59a0edd6fa6838245a470f2fe.jpg?ver=1776969259","width":96,"height":96,"caption":"admin"}},{"@type":"WebPage","@id":"https:\/\/eldigitaldeasturias.com\/magazine365\/calle-13-estrena-un-tema-junto-a-silvio-rodriguez\/#webpage","url":"https:\/\/eldigitaldeasturias.com\/magazine365\/calle-13-estrena-un-tema-junto-a-silvio-rodriguez\/","name":"Calle 13 estrena un tema junto a Silvio Rodr\u00edguez | El Digital de Asturias","description":"San Juan, 19 may (EFE).- La banda puertorrique\u00f1a Calle 13 estren\u00f3 hoy oficialmente su tema \"Ojos color sol\", un nuevo sencillo de su \u00faltimo disco, \"Multi_Viral\", en el que participa el cantautor cubano Silvio Rodr\u00edguez. Ren\u00e9 P\u00e9rez, cantante de Calle 13, explica en un comunicado que la letra de la canci\u00f3n, que en gran parte","inLanguage":"es-ES","isPartOf":{"@id":"https:\/\/eldigitaldeasturias.com\/magazine365\/#website"},"breadcrumb":{"@id":"https:\/\/eldigitaldeasturias.com\/magazine365\/calle-13-estrena-un-tema-junto-a-silvio-rodriguez\/#breadcrumblist"},"author":{"@id":"https:\/\/eldigitaldeasturias.com\/magazine365\/author\/admin\/#author"},"creator":{"@id":"https:\/\/eldigitaldeasturias.com\/magazine365\/author\/admin\/#author"},"image":{"@type":"ImageObject","url":"https:\/\/eldigitaldeasturias.com\/magazine365\/wp-content\/uploads\/2014\/05\/6276629w.jpg","@id":"https:\/\/eldigitaldeasturias.com\/magazine365\/calle-13-estrena-un-tema-junto-a-silvio-rodriguez\/#mainImage","width":800,"height":573},"primaryImageOfPage":{"@id":"https:\/\/eldigitaldeasturias.com\/magazine365\/calle-13-estrena-un-tema-junto-a-silvio-rodriguez\/#mainImage"},"datePublished":"2014-05-19T22:33:38+02:00","dateModified":"2014-05-19T22:33:38+02:00"},{"@type":"WebSite","@id":"https:\/\/eldigitaldeasturias.com\/magazine365\/#website","url":"https:\/\/eldigitaldeasturias.com\/magazine365\/","name":"El Digital de Asturias","description":"Revista de ocio, turismo y estilo de vida","inLanguage":"es-ES","publisher":{"@id":"https:\/\/eldigitaldeasturias.com\/magazine365\/#organization"}}]},"og:locale":"es_ES","og:site_name":"El Digital de Asturias \u2013 Revista de ocio, turismo y estilo de vida","og:type":"article","og:title":"Calle 13 estrena un tema junto a Silvio Rodr\u00edguez | El Digital de Asturias","og:description":"San Juan, 19 may (EFE).- La banda puertorrique\u00f1a Calle 13 estren\u00f3 hoy oficialmente su tema &quot;Ojos color sol&quot;, un nuevo sencillo de su \u00faltimo disco, &quot;Multi_Viral&quot;, en el que participa el cantautor cubano Silvio Rodr\u00edguez. Ren\u00e9 P\u00e9rez, cantante de Calle 13, explica en un comunicado que la letra de la canci\u00f3n, que en gran parte","og:url":"https:\/\/eldigitaldeasturias.com\/magazine365\/calle-13-estrena-un-tema-junto-a-silvio-rodriguez\/","og:image":"https:\/\/eldigitaldeasturias.com\/magazine365\/wp-content\/uploads\/2014\/05\/6276629w.jpg","og:image:secure_url":"https:\/\/eldigitaldeasturias.com\/magazine365\/wp-content\/uploads\/2014\/05\/6276629w.jpg","og:image:width":800,"og:image:height":573,"article:published_time":"2014-05-20T00:33:38+00:00","article:modified_time":"2014-05-20T00:33:38+00:00","twitter:card":"summary_large_image","twitter:title":"Calle 13 estrena un tema junto a Silvio Rodr\u00edguez | El Digital de Asturias","twitter:description":"San Juan, 19 may (EFE).- La banda puertorrique\u00f1a Calle 13 estren\u00f3 hoy oficialmente su tema &quot;Ojos color sol&quot;, un nuevo sencillo de su \u00faltimo disco, &quot;Multi_Viral&quot;, en el que participa el cantautor cubano Silvio Rodr\u00edguez. Ren\u00e9 P\u00e9rez, cantante de Calle 13, explica en un comunicado que la letra de la canci\u00f3n, que en gran parte","twitter:image":"https:\/\/eldigitaldeasturias.com\/magazine365\/wp-content\/uploads\/2014\/05\/6276629w.jpg"},"aioseo_meta_data":{"post_id":"13275","title":null,"description":null,"keywords":null,"keyphrases":null,"primary_term":null,"canonical_url":null,"og_title":null,"og_description":null,"og_object_type":"default","og_image_type":"default","og_image_url":null,"og_image_width":null,"og_image_height":null,"og_image_custom_url":null,"og_image_custom_fields":null,"og_video":null,"og_custom_url":null,"og_article_section":null,"og_article_tags":null,"twitter_use_og":false,"twitter_card":"default","twitter_image_type":"default","twitter_image_url":null,"twitter_image_custom_url":null,"twitter_image_custom_fields":null,"twitter_title":null,"twitter_description":null,"schema":{"blockGraphs":[],"customGraphs":[],"default":{"data":{"Article":[],"Course":[],"Dataset":[],"FAQPage":[],"Movie":[],"Person":[],"Product":[],"ProductReview":[],"Car":[],"Recipe":[],"Service":[],"SoftwareApplication":[],"WebPage":[]},"graphName":"","isEnabled":true},"graphs":[],"defaultGraph":"","defaultPostTypeGraph":""},"schema_type":null,"schema_type_options":null,"pillar_content":false,"robots_default":true,"robots_noindex":false,"robots_noarchive":false,"robots_nosnippet":false,"robots_nofollow":false,"robots_noimageindex":false,"robots_noodp":false,"robots_notranslate":false,"robots_max_snippet":null,"robots_max_videopreview":null,"robots_max_imagepreview":"large","priority":null,"frequency":null,"location":null,"local_seo":null,"seo_analyzer_scan_date":"2025-09-17 07:57:41","breadcrumb_settings":null,"limit_modified_date":false,"open_ai":null,"ai":null,"created":"2021-03-08 16:40:06","updated":"2025-09-17 07:57:41"},"aioseo_breadcrumb":"<div class=\"aioseo-breadcrumbs\"><span class=\"aioseo-breadcrumb\">\n\t<a href=\"https:\/\/eldigitaldeasturias.com\/magazine365\" title=\"Home\">Home<\/a>\n<\/span><span class=\"aioseo-breadcrumb-separator\">\u2013<\/span><span class=\"aioseo-breadcrumb\">\n\t<a href=\"https:\/\/eldigitaldeasturias.com\/magazine365\/category\/noticias-actualidad\/\" title=\"Noticias y Actualidad\">Noticias y Actualidad<\/a>\n<\/span><span class=\"aioseo-breadcrumb-separator\">\u2013<\/span><span class=\"aioseo-breadcrumb\">\n\t<a href=\"https:\/\/eldigitaldeasturias.com\/magazine365\/calle-13-estrena-un-tema-junto-a-silvio-rodriguez\/\" title=\"Calle 13 estrena un tema junto a Silvio Rodr\u00edguez\">Calle 13 estrena un tema junto a Silvio Rodr\u00edguez<\/a>\n<\/span><\/div>","aioseo_breadcrumb_json":[{"label":"Home","link":"https:\/\/eldigitaldeasturias.com\/magazine365"},{"label":"Noticias y Actualidad","link":"https:\/\/eldigitaldeasturias.com\/magazine365\/category\/noticias-actualidad\/"},{"label":"Calle 13 estrena un tema junto a Silvio Rodr\u00edguez","link":"https:\/\/eldigitaldeasturias.com\/magazine365\/calle-13-estrena-un-tema-junto-a-silvio-rodriguez\/"}],"_links":{"self":[{"href":"https:\/\/eldigitaldeasturias.com\/magazine365\/wp-json\/wp\/v2\/posts\/13275","targetHints":{"allow":["GET"]}}],"collection":[{"href":"https:\/\/eldigitaldeasturias.com\/magazine365\/wp-json\/wp\/v2\/posts"}],"about":[{"href":"https:\/\/eldigitaldeasturias.com\/magazine365\/wp-json\/wp\/v2\/types\/post"}],"author":[{"embeddable":true,"href":"https:\/\/eldigitaldeasturias.com\/magazine365\/wp-json\/wp\/v2\/users\/1"}],"replies":[{"embeddable":true,"href":"https:\/\/eldigitaldeasturias.com\/magazine365\/wp-json\/wp\/v2\/comments?post=13275"}],"version-history":[{"count":0,"href":"https:\/\/eldigitaldeasturias.com\/magazine365\/wp-json\/wp\/v2\/posts\/13275\/revisions"}],"wp:featuredmedia":[{"embeddable":true,"href":"https:\/\/eldigitaldeasturias.com\/magazine365\/wp-json\/wp\/v2\/media\/13276"}],"wp:attachment":[{"href":"https:\/\/eldigitaldeasturias.com\/magazine365\/wp-json\/wp\/v2\/media?parent=13275"}],"wp:term":[{"taxonomy":"category","embeddable":true,"href":"https:\/\/eldigitaldeasturias.com\/magazine365\/wp-json\/wp\/v2\/categories?post=13275"},{"taxonomy":"post_tag","embeddable":true,"href":"https:\/\/eldigitaldeasturias.com\/magazine365\/wp-json\/wp\/v2\/tags?post=13275"}],"curies":[{"name":"wp","href":"https:\/\/api.w.org\/{rel}","templated":true}]}}