{"id":13269,"date":"2014-05-19T22:30:42","date_gmt":"2014-05-20T00:30:42","guid":{"rendered":"http:\/\/eldigitaldeasturias.com\/magazine365\/?p=13269"},"modified":"2014-05-19T22:30:42","modified_gmt":"2014-05-20T00:30:42","slug":"mourinho-nuevo-embajador-contra-el-hambre-de-la-onu","status":"publish","type":"post","link":"https:\/\/eldigitaldeasturias.com\/magazine365\/mourinho-nuevo-embajador-contra-el-hambre-de-la-onu\/","title":{"rendered":"Mourinho, nuevo embajador contra el hambre de la ONU"},"content":{"rendered":"<p><img fetchpriority=\"high\" decoding=\"async\" class=\"alignleft size-medium wp-image-13270\" alt=\"6276318w\" src=\"https:\/\/eldigitaldeasturias.com\/magazine365\/wp-content\/uploads\/2014\/05\/6276318w-360x231.jpg\" width=\"360\" height=\"231\" srcset=\"https:\/\/eldigitaldeasturias.com\/magazine365\/wp-content\/uploads\/2014\/05\/6276318w-360x231.jpg 360w, https:\/\/eldigitaldeasturias.com\/magazine365\/wp-content\/uploads\/2014\/05\/6276318w-650x418.jpg 650w, https:\/\/eldigitaldeasturias.com\/magazine365\/wp-content\/uploads\/2014\/05\/6276318w-768x493.jpg 768w, https:\/\/eldigitaldeasturias.com\/magazine365\/wp-content\/uploads\/2014\/05\/6276318w-150x96.jpg 150w, https:\/\/eldigitaldeasturias.com\/magazine365\/wp-content\/uploads\/2014\/05\/6276318w-450x289.jpg 450w, https:\/\/eldigitaldeasturias.com\/magazine365\/wp-content\/uploads\/2014\/05\/6276318w-696x447.jpg 696w, https:\/\/eldigitaldeasturias.com\/magazine365\/wp-content\/uploads\/2014\/05\/6276318w-654x420.jpg 654w, https:\/\/eldigitaldeasturias.com\/magazine365\/wp-content\/uploads\/2014\/05\/6276318w-225x145.jpg 225w, https:\/\/eldigitaldeasturias.com\/magazine365\/wp-content\/uploads\/2014\/05\/6276318w-84x55.jpg 84w, https:\/\/eldigitaldeasturias.com\/magazine365\/wp-content\/uploads\/2014\/05\/6276318w.jpg 800w\" sizes=\"(max-width: 360px) 100vw, 360px\" \/>Londres, 19 may (EFE).- El entrenador portugu\u00e9s del Chelsea, Jos\u00e9 Mourinho, se convirti\u00f3 hoy en Embajador Global contra el Hambre del Programa Mundial de Alimentos promovido por la Organizaci\u00f3n de Naciones Unidas (ONU), inform\u00f3 la agencia internacional.<\/p>\n<p>El t\u00e9cnico luso declar\u00f3 que su apoyo a este organismo desde la \u00abprimera l\u00ednea contra el hambre\u00bb ha sido una decisi\u00f3n \u00abpersonal\u00bb, ya que la causa toca de cerca su \u00abcoraz\u00f3n\u00bb y el de su familia.<\/p>\n<p>\u00abSi somos capaces de aprovechar nuestro esp\u00edritu y voluntad para hacer frente a las necesidades nutricionales de los pobres, entonces tenemos una oportunidad real de acabar con el hambre durante nuestro tiempo de vida\u00bb, a\u00f1adi\u00f3 el portugu\u00e9s en un comunicado.<\/p>\n<p>La organizaci\u00f3n anunci\u00f3 que, tanto Mourinho como Matilde Faria, su mujer y tambi\u00e9n Embajadora especial para los programas de alimentaci\u00f3n escolar, visitar\u00e1n las misiones de esta agencia en el \u00c1frica subsahariana en las pr\u00f3ximas semanas.<\/p>\n<p>El programa de Alimentos es una agencia especializada de las Naciones Unidas que, seg\u00fan sus cifras, alimenta cada a\u00f1o a una media de m\u00e1s de 90 millones de personas en m\u00e1s de 80 pa\u00edses.<\/p>\n<p>El subdirector ejecutivo del programa, Amir Abdulla, apel\u00f3 al \u00e9xito que ha alcanzado el t\u00e9cnico luso en su carrera deportiva para explicar que les ayudar\u00e1 a \u00abalcanzar el reto de lograr el hambre cero\u00bb y combatir la carencia de alimentos que padecen 842 millones de personas en el mundo.<\/p>\n<p>Abdulla apunt\u00f3 que necesitan \u00abcolaboradores fuertes, respetados y comprometidos para ayudar a erradicar el hambre\u00bb, un puesto que, en su opini\u00f3n, Mourinho sabr\u00e1 desempe\u00f1ar \u00absin duda\u00bb.<\/p>\n<p>El entrenador y su mujer se unen a un equipo de embajadores que incluye leyendas deportivas como el atleta keniano Paul Tergat, el futbolista brasile\u00f1o Ricardo Kak\u00e1, la actriz estadounidense Drew Barrymore y la cantante, tambi\u00e9n estadounidense, Christina Aguilera, entre otros.<\/p>\n","protected":false},"excerpt":{"rendered":"<p>Londres, 19 may (EFE).- El entrenador portugu\u00e9s del Chelsea, Jos\u00e9 Mourinho, se convirti\u00f3 hoy en Embajador Global contra el Hambre del Programa Mundial de Alimentos promovido por la Organizaci\u00f3n de Naciones Unidas (ONU), inform\u00f3 la agencia internacional. El t\u00e9cnico luso declar\u00f3 que su apoyo a este organismo desde la \u00abprimera l\u00ednea contra el hambre\u00bb ha<\/p>\n","protected":false},"author":1,"featured_media":13270,"comment_status":"open","ping_status":"closed","sticky":false,"template":"","format":"standard","meta":{"footnotes":""},"categories":[224],"tags":[],"class_list":{"0":"post-13269","1":"post","2":"type-post","3":"status-publish","4":"format-standard","5":"has-post-thumbnail","7":"category-noticias-actualidad"},"aioseo_notices":[],"aioseo_head":"\n\t\t<!-- All in One SEO Pro 4.9.6.1 - aioseo.com -->\n\t<meta name=\"description\" content=\"Londres, 19 may (EFE).- El entrenador portugu\u00e9s del Chelsea, Jos\u00e9 Mourinho, se convirti\u00f3 hoy en Embajador Global contra el Hambre del Programa Mundial de Alimentos promovido por la Organizaci\u00f3n de Naciones Unidas (ONU), inform\u00f3 la agencia internacional. El t\u00e9cnico luso declar\u00f3 que su apoyo a este organismo desde la &quot;primera l\u00ednea contra el hambre&quot; ha\" \/>\n\t<meta name=\"robots\" content=\"max-image-preview:large\" \/>\n\t<meta name=\"author\" content=\"admin\"\/>\n\t<meta name=\"google-site-verification\" content=\"UA-38556648-1\" \/>\n\t<meta name=\"keywords\" content=\"noticias y actualidad\" \/>\n\t<link rel=\"canonical\" href=\"https:\/\/eldigitaldeasturias.com\/magazine365\/mourinho-nuevo-embajador-contra-el-hambre-de-la-onu\/\" \/>\n\t<meta name=\"generator\" content=\"All in One SEO Pro (AIOSEO) 4.9.6.1\" \/>\n\t\t<meta property=\"og:locale\" content=\"es_ES\" \/>\n\t\t<meta property=\"og:site_name\" content=\"El Digital de Asturias \u2013 Revista de ocio, turismo y estilo de vida\" \/>\n\t\t<meta property=\"og:type\" content=\"article\" \/>\n\t\t<meta property=\"og:title\" content=\"Mourinho, nuevo embajador contra el hambre de la ONU | El Digital de Asturias\" \/>\n\t\t<meta property=\"og:description\" content=\"Londres, 19 may (EFE).- El entrenador portugu\u00e9s del Chelsea, Jos\u00e9 Mourinho, se convirti\u00f3 hoy en Embajador Global contra el Hambre del Programa Mundial de Alimentos promovido por la Organizaci\u00f3n de Naciones Unidas (ONU), inform\u00f3 la agencia internacional. El t\u00e9cnico luso declar\u00f3 que su apoyo a este organismo desde la &quot;primera l\u00ednea contra el hambre&quot; ha\" \/>\n\t\t<meta property=\"og:url\" content=\"https:\/\/eldigitaldeasturias.com\/magazine365\/mourinho-nuevo-embajador-contra-el-hambre-de-la-onu\/\" \/>\n\t\t<meta property=\"og:image\" content=\"https:\/\/eldigitaldeasturias.com\/magazine365\/wp-content\/uploads\/2014\/05\/6276318w.jpg\" \/>\n\t\t<meta property=\"og:image:secure_url\" content=\"https:\/\/eldigitaldeasturias.com\/magazine365\/wp-content\/uploads\/2014\/05\/6276318w.jpg\" \/>\n\t\t<meta property=\"og:image:width\" content=\"800\" \/>\n\t\t<meta property=\"og:image:height\" content=\"514\" \/>\n\t\t<meta property=\"article:published_time\" content=\"2014-05-20T00:30:42+00:00\" \/>\n\t\t<meta property=\"article:modified_time\" content=\"2014-05-20T00:30:42+00:00\" \/>\n\t\t<meta name=\"twitter:card\" content=\"summary_large_image\" \/>\n\t\t<meta name=\"twitter:title\" content=\"Mourinho, nuevo embajador contra el hambre de la ONU | El Digital de Asturias\" \/>\n\t\t<meta name=\"twitter:description\" content=\"Londres, 19 may (EFE).- El entrenador portugu\u00e9s del Chelsea, Jos\u00e9 Mourinho, se convirti\u00f3 hoy en Embajador Global contra el Hambre del Programa Mundial de Alimentos promovido por la Organizaci\u00f3n de Naciones Unidas (ONU), inform\u00f3 la agencia internacional. El t\u00e9cnico luso declar\u00f3 que su apoyo a este organismo desde la &quot;primera l\u00ednea contra el hambre&quot; ha\" \/>\n\t\t<meta name=\"twitter:image\" content=\"https:\/\/eldigitaldeasturias.com\/magazine365\/wp-content\/uploads\/2014\/05\/6276318w.jpg\" \/>\n\t\t<script type=\"application\/ld+json\" class=\"aioseo-schema\">\n\t\t\t{\"@context\":\"https:\\\/\\\/schema.org\",\"@graph\":[{\"@type\":\"Article\",\"@id\":\"https:\\\/\\\/eldigitaldeasturias.com\\\/magazine365\\\/mourinho-nuevo-embajador-contra-el-hambre-de-la-onu\\\/#article\",\"name\":\"Mourinho, nuevo embajador contra el hambre de la ONU | El Digital de Asturias\",\"headline\":\"Mourinho, nuevo embajador contra el hambre de la ONU\",\"author\":{\"@id\":\"https:\\\/\\\/eldigitaldeasturias.com\\\/magazine365\\\/author\\\/admin\\\/#author\"},\"publisher\":{\"@id\":\"https:\\\/\\\/eldigitaldeasturias.com\\\/magazine365\\\/#organization\"},\"image\":{\"@type\":\"ImageObject\",\"url\":\"https:\\\/\\\/eldigitaldeasturias.com\\\/magazine365\\\/wp-content\\\/uploads\\\/2014\\\/05\\\/6276318w.jpg\",\"width\":800,\"height\":514},\"datePublished\":\"2014-05-19T22:30:42+02:00\",\"dateModified\":\"2014-05-19T22:30:42+02:00\",\"inLanguage\":\"es-ES\",\"mainEntityOfPage\":{\"@id\":\"https:\\\/\\\/eldigitaldeasturias.com\\\/magazine365\\\/mourinho-nuevo-embajador-contra-el-hambre-de-la-onu\\\/#webpage\"},\"isPartOf\":{\"@id\":\"https:\\\/\\\/eldigitaldeasturias.com\\\/magazine365\\\/mourinho-nuevo-embajador-contra-el-hambre-de-la-onu\\\/#webpage\"},\"articleSection\":\"Noticias y Actualidad\"},{\"@type\":\"BreadcrumbList\",\"@id\":\"https:\\\/\\\/eldigitaldeasturias.com\\\/magazine365\\\/mourinho-nuevo-embajador-contra-el-hambre-de-la-onu\\\/#breadcrumblist\",\"itemListElement\":[{\"@type\":\"ListItem\",\"@id\":\"https:\\\/\\\/eldigitaldeasturias.com\\\/magazine365#listItem\",\"position\":1,\"name\":\"Home\",\"item\":\"https:\\\/\\\/eldigitaldeasturias.com\\\/magazine365\",\"nextItem\":{\"@type\":\"ListItem\",\"@id\":\"https:\\\/\\\/eldigitaldeasturias.com\\\/magazine365\\\/category\\\/noticias-actualidad\\\/#listItem\",\"name\":\"Noticias y Actualidad\"}},{\"@type\":\"ListItem\",\"@id\":\"https:\\\/\\\/eldigitaldeasturias.com\\\/magazine365\\\/category\\\/noticias-actualidad\\\/#listItem\",\"position\":2,\"name\":\"Noticias y Actualidad\",\"item\":\"https:\\\/\\\/eldigitaldeasturias.com\\\/magazine365\\\/category\\\/noticias-actualidad\\\/\",\"nextItem\":{\"@type\":\"ListItem\",\"@id\":\"https:\\\/\\\/eldigitaldeasturias.com\\\/magazine365\\\/mourinho-nuevo-embajador-contra-el-hambre-de-la-onu\\\/#listItem\",\"name\":\"Mourinho, nuevo embajador contra el hambre de la ONU\"},\"previousItem\":{\"@type\":\"ListItem\",\"@id\":\"https:\\\/\\\/eldigitaldeasturias.com\\\/magazine365#listItem\",\"name\":\"Home\"}},{\"@type\":\"ListItem\",\"@id\":\"https:\\\/\\\/eldigitaldeasturias.com\\\/magazine365\\\/mourinho-nuevo-embajador-contra-el-hambre-de-la-onu\\\/#listItem\",\"position\":3,\"name\":\"Mourinho, nuevo embajador contra el hambre de la ONU\",\"previousItem\":{\"@type\":\"ListItem\",\"@id\":\"https:\\\/\\\/eldigitaldeasturias.com\\\/magazine365\\\/category\\\/noticias-actualidad\\\/#listItem\",\"name\":\"Noticias y Actualidad\"}}]},{\"@type\":\"Organization\",\"@id\":\"https:\\\/\\\/eldigitaldeasturias.com\\\/magazine365\\\/#organization\",\"name\":\"El digital de Asturias\",\"description\":\"Revista de ocio, turismo y estilo de vida\",\"url\":\"https:\\\/\\\/eldigitaldeasturias.com\\\/magazine365\\\/\",\"logo\":{\"@type\":\"ImageObject\",\"url\":\"https:\\\/\\\/www.eldigitaldeasturias.com\\\/noticias\\\/wp-content\\\/uploads\\\/2020\\\/12\\\/EDA.jpg\",\"@id\":\"https:\\\/\\\/eldigitaldeasturias.com\\\/magazine365\\\/mourinho-nuevo-embajador-contra-el-hambre-de-la-onu\\\/#organizationLogo\"},\"image\":{\"@id\":\"https:\\\/\\\/eldigitaldeasturias.com\\\/magazine365\\\/mourinho-nuevo-embajador-contra-el-hambre-de-la-onu\\\/#organizationLogo\"}},{\"@type\":\"Person\",\"@id\":\"https:\\\/\\\/eldigitaldeasturias.com\\\/magazine365\\\/author\\\/admin\\\/#author\",\"url\":\"https:\\\/\\\/eldigitaldeasturias.com\\\/magazine365\\\/author\\\/admin\\\/\",\"name\":\"admin\",\"image\":{\"@type\":\"ImageObject\",\"@id\":\"https:\\\/\\\/eldigitaldeasturias.com\\\/magazine365\\\/mourinho-nuevo-embajador-contra-el-hambre-de-la-onu\\\/#authorImage\",\"url\":\"https:\\\/\\\/eldigitaldeasturias.com\\\/magazine365\\\/wp-content\\\/litespeed\\\/avatar\\\/e571bcf59a0edd6fa6838245a470f2fe.jpg?ver=1776969259\",\"width\":96,\"height\":96,\"caption\":\"admin\"}},{\"@type\":\"WebPage\",\"@id\":\"https:\\\/\\\/eldigitaldeasturias.com\\\/magazine365\\\/mourinho-nuevo-embajador-contra-el-hambre-de-la-onu\\\/#webpage\",\"url\":\"https:\\\/\\\/eldigitaldeasturias.com\\\/magazine365\\\/mourinho-nuevo-embajador-contra-el-hambre-de-la-onu\\\/\",\"name\":\"Mourinho, nuevo embajador contra el hambre de la ONU | El Digital de Asturias\",\"description\":\"Londres, 19 may (EFE).- El entrenador portugu\\u00e9s del Chelsea, Jos\\u00e9 Mourinho, se convirti\\u00f3 hoy en Embajador Global contra el Hambre del Programa Mundial de Alimentos promovido por la Organizaci\\u00f3n de Naciones Unidas (ONU), inform\\u00f3 la agencia internacional. El t\\u00e9cnico luso declar\\u00f3 que su apoyo a este organismo desde la \\\"primera l\\u00ednea contra el hambre\\\" ha\",\"inLanguage\":\"es-ES\",\"isPartOf\":{\"@id\":\"https:\\\/\\\/eldigitaldeasturias.com\\\/magazine365\\\/#website\"},\"breadcrumb\":{\"@id\":\"https:\\\/\\\/eldigitaldeasturias.com\\\/magazine365\\\/mourinho-nuevo-embajador-contra-el-hambre-de-la-onu\\\/#breadcrumblist\"},\"author\":{\"@id\":\"https:\\\/\\\/eldigitaldeasturias.com\\\/magazine365\\\/author\\\/admin\\\/#author\"},\"creator\":{\"@id\":\"https:\\\/\\\/eldigitaldeasturias.com\\\/magazine365\\\/author\\\/admin\\\/#author\"},\"image\":{\"@type\":\"ImageObject\",\"url\":\"https:\\\/\\\/eldigitaldeasturias.com\\\/magazine365\\\/wp-content\\\/uploads\\\/2014\\\/05\\\/6276318w.jpg\",\"@id\":\"https:\\\/\\\/eldigitaldeasturias.com\\\/magazine365\\\/mourinho-nuevo-embajador-contra-el-hambre-de-la-onu\\\/#mainImage\",\"width\":800,\"height\":514},\"primaryImageOfPage\":{\"@id\":\"https:\\\/\\\/eldigitaldeasturias.com\\\/magazine365\\\/mourinho-nuevo-embajador-contra-el-hambre-de-la-onu\\\/#mainImage\"},\"datePublished\":\"2014-05-19T22:30:42+02:00\",\"dateModified\":\"2014-05-19T22:30:42+02:00\"},{\"@type\":\"WebSite\",\"@id\":\"https:\\\/\\\/eldigitaldeasturias.com\\\/magazine365\\\/#website\",\"url\":\"https:\\\/\\\/eldigitaldeasturias.com\\\/magazine365\\\/\",\"name\":\"El Digital de Asturias\",\"description\":\"Revista de ocio, turismo y estilo de vida\",\"inLanguage\":\"es-ES\",\"publisher\":{\"@id\":\"https:\\\/\\\/eldigitaldeasturias.com\\\/magazine365\\\/#organization\"}}]}\n\t\t<\/script>\n\t\t<!-- All in One SEO Pro -->\r\n\t\t<title>Mourinho, nuevo embajador contra el hambre de la ONU | El Digital de Asturias<\/title>\n\n","aioseo_head_json":{"title":"Mourinho, nuevo embajador contra el hambre de la ONU | El Digital de Asturias","description":"Londres, 19 may (EFE).- El entrenador portugu\u00e9s del Chelsea, Jos\u00e9 Mourinho, se convirti\u00f3 hoy en Embajador Global contra el Hambre del Programa Mundial de Alimentos promovido por la Organizaci\u00f3n de Naciones Unidas (ONU), inform\u00f3 la agencia internacional. El t\u00e9cnico luso declar\u00f3 que su apoyo a este organismo desde la \"primera l\u00ednea contra el hambre\" ha","canonical_url":"https:\/\/eldigitaldeasturias.com\/magazine365\/mourinho-nuevo-embajador-contra-el-hambre-de-la-onu\/","robots":"max-image-preview:large","keywords":"noticias y actualidad","webmasterTools":{"google-site-verification":"UA-38556648-1","miscellaneous":""},"schema":{"@context":"https:\/\/schema.org","@graph":[{"@type":"Article","@id":"https:\/\/eldigitaldeasturias.com\/magazine365\/mourinho-nuevo-embajador-contra-el-hambre-de-la-onu\/#article","name":"Mourinho, nuevo embajador contra el hambre de la ONU | El Digital de Asturias","headline":"Mourinho, nuevo embajador contra el hambre de la ONU","author":{"@id":"https:\/\/eldigitaldeasturias.com\/magazine365\/author\/admin\/#author"},"publisher":{"@id":"https:\/\/eldigitaldeasturias.com\/magazine365\/#organization"},"image":{"@type":"ImageObject","url":"https:\/\/eldigitaldeasturias.com\/magazine365\/wp-content\/uploads\/2014\/05\/6276318w.jpg","width":800,"height":514},"datePublished":"2014-05-19T22:30:42+02:00","dateModified":"2014-05-19T22:30:42+02:00","inLanguage":"es-ES","mainEntityOfPage":{"@id":"https:\/\/eldigitaldeasturias.com\/magazine365\/mourinho-nuevo-embajador-contra-el-hambre-de-la-onu\/#webpage"},"isPartOf":{"@id":"https:\/\/eldigitaldeasturias.com\/magazine365\/mourinho-nuevo-embajador-contra-el-hambre-de-la-onu\/#webpage"},"articleSection":"Noticias y Actualidad"},{"@type":"BreadcrumbList","@id":"https:\/\/eldigitaldeasturias.com\/magazine365\/mourinho-nuevo-embajador-contra-el-hambre-de-la-onu\/#breadcrumblist","itemListElement":[{"@type":"ListItem","@id":"https:\/\/eldigitaldeasturias.com\/magazine365#listItem","position":1,"name":"Home","item":"https:\/\/eldigitaldeasturias.com\/magazine365","nextItem":{"@type":"ListItem","@id":"https:\/\/eldigitaldeasturias.com\/magazine365\/category\/noticias-actualidad\/#listItem","name":"Noticias y Actualidad"}},{"@type":"ListItem","@id":"https:\/\/eldigitaldeasturias.com\/magazine365\/category\/noticias-actualidad\/#listItem","position":2,"name":"Noticias y Actualidad","item":"https:\/\/eldigitaldeasturias.com\/magazine365\/category\/noticias-actualidad\/","nextItem":{"@type":"ListItem","@id":"https:\/\/eldigitaldeasturias.com\/magazine365\/mourinho-nuevo-embajador-contra-el-hambre-de-la-onu\/#listItem","name":"Mourinho, nuevo embajador contra el hambre de la ONU"},"previousItem":{"@type":"ListItem","@id":"https:\/\/eldigitaldeasturias.com\/magazine365#listItem","name":"Home"}},{"@type":"ListItem","@id":"https:\/\/eldigitaldeasturias.com\/magazine365\/mourinho-nuevo-embajador-contra-el-hambre-de-la-onu\/#listItem","position":3,"name":"Mourinho, nuevo embajador contra el hambre de la ONU","previousItem":{"@type":"ListItem","@id":"https:\/\/eldigitaldeasturias.com\/magazine365\/category\/noticias-actualidad\/#listItem","name":"Noticias y Actualidad"}}]},{"@type":"Organization","@id":"https:\/\/eldigitaldeasturias.com\/magazine365\/#organization","name":"El digital de Asturias","description":"Revista de ocio, turismo y estilo de vida","url":"https:\/\/eldigitaldeasturias.com\/magazine365\/","logo":{"@type":"ImageObject","url":"https:\/\/www.eldigitaldeasturias.com\/noticias\/wp-content\/uploads\/2020\/12\/EDA.jpg","@id":"https:\/\/eldigitaldeasturias.com\/magazine365\/mourinho-nuevo-embajador-contra-el-hambre-de-la-onu\/#organizationLogo"},"image":{"@id":"https:\/\/eldigitaldeasturias.com\/magazine365\/mourinho-nuevo-embajador-contra-el-hambre-de-la-onu\/#organizationLogo"}},{"@type":"Person","@id":"https:\/\/eldigitaldeasturias.com\/magazine365\/author\/admin\/#author","url":"https:\/\/eldigitaldeasturias.com\/magazine365\/author\/admin\/","name":"admin","image":{"@type":"ImageObject","@id":"https:\/\/eldigitaldeasturias.com\/magazine365\/mourinho-nuevo-embajador-contra-el-hambre-de-la-onu\/#authorImage","url":"https:\/\/eldigitaldeasturias.com\/magazine365\/wp-content\/litespeed\/avatar\/e571bcf59a0edd6fa6838245a470f2fe.jpg?ver=1776969259","width":96,"height":96,"caption":"admin"}},{"@type":"WebPage","@id":"https:\/\/eldigitaldeasturias.com\/magazine365\/mourinho-nuevo-embajador-contra-el-hambre-de-la-onu\/#webpage","url":"https:\/\/eldigitaldeasturias.com\/magazine365\/mourinho-nuevo-embajador-contra-el-hambre-de-la-onu\/","name":"Mourinho, nuevo embajador contra el hambre de la ONU | El Digital de Asturias","description":"Londres, 19 may (EFE).- El entrenador portugu\u00e9s del Chelsea, Jos\u00e9 Mourinho, se convirti\u00f3 hoy en Embajador Global contra el Hambre del Programa Mundial de Alimentos promovido por la Organizaci\u00f3n de Naciones Unidas (ONU), inform\u00f3 la agencia internacional. El t\u00e9cnico luso declar\u00f3 que su apoyo a este organismo desde la \"primera l\u00ednea contra el hambre\" ha","inLanguage":"es-ES","isPartOf":{"@id":"https:\/\/eldigitaldeasturias.com\/magazine365\/#website"},"breadcrumb":{"@id":"https:\/\/eldigitaldeasturias.com\/magazine365\/mourinho-nuevo-embajador-contra-el-hambre-de-la-onu\/#breadcrumblist"},"author":{"@id":"https:\/\/eldigitaldeasturias.com\/magazine365\/author\/admin\/#author"},"creator":{"@id":"https:\/\/eldigitaldeasturias.com\/magazine365\/author\/admin\/#author"},"image":{"@type":"ImageObject","url":"https:\/\/eldigitaldeasturias.com\/magazine365\/wp-content\/uploads\/2014\/05\/6276318w.jpg","@id":"https:\/\/eldigitaldeasturias.com\/magazine365\/mourinho-nuevo-embajador-contra-el-hambre-de-la-onu\/#mainImage","width":800,"height":514},"primaryImageOfPage":{"@id":"https:\/\/eldigitaldeasturias.com\/magazine365\/mourinho-nuevo-embajador-contra-el-hambre-de-la-onu\/#mainImage"},"datePublished":"2014-05-19T22:30:42+02:00","dateModified":"2014-05-19T22:30:42+02:00"},{"@type":"WebSite","@id":"https:\/\/eldigitaldeasturias.com\/magazine365\/#website","url":"https:\/\/eldigitaldeasturias.com\/magazine365\/","name":"El Digital de Asturias","description":"Revista de ocio, turismo y estilo de vida","inLanguage":"es-ES","publisher":{"@id":"https:\/\/eldigitaldeasturias.com\/magazine365\/#organization"}}]},"og:locale":"es_ES","og:site_name":"El Digital de Asturias \u2013 Revista de ocio, turismo y estilo de vida","og:type":"article","og:title":"Mourinho, nuevo embajador contra el hambre de la ONU | El Digital de Asturias","og:description":"Londres, 19 may (EFE).- El entrenador portugu\u00e9s del Chelsea, Jos\u00e9 Mourinho, se convirti\u00f3 hoy en Embajador Global contra el Hambre del Programa Mundial de Alimentos promovido por la Organizaci\u00f3n de Naciones Unidas (ONU), inform\u00f3 la agencia internacional. El t\u00e9cnico luso declar\u00f3 que su apoyo a este organismo desde la &quot;primera l\u00ednea contra el hambre&quot; ha","og:url":"https:\/\/eldigitaldeasturias.com\/magazine365\/mourinho-nuevo-embajador-contra-el-hambre-de-la-onu\/","og:image":"https:\/\/eldigitaldeasturias.com\/magazine365\/wp-content\/uploads\/2014\/05\/6276318w.jpg","og:image:secure_url":"https:\/\/eldigitaldeasturias.com\/magazine365\/wp-content\/uploads\/2014\/05\/6276318w.jpg","og:image:width":800,"og:image:height":514,"article:published_time":"2014-05-20T00:30:42+00:00","article:modified_time":"2014-05-20T00:30:42+00:00","twitter:card":"summary_large_image","twitter:title":"Mourinho, nuevo embajador contra el hambre de la ONU | El Digital de Asturias","twitter:description":"Londres, 19 may (EFE).- El entrenador portugu\u00e9s del Chelsea, Jos\u00e9 Mourinho, se convirti\u00f3 hoy en Embajador Global contra el Hambre del Programa Mundial de Alimentos promovido por la Organizaci\u00f3n de Naciones Unidas (ONU), inform\u00f3 la agencia internacional. El t\u00e9cnico luso declar\u00f3 que su apoyo a este organismo desde la &quot;primera l\u00ednea contra el hambre&quot; ha","twitter:image":"https:\/\/eldigitaldeasturias.com\/magazine365\/wp-content\/uploads\/2014\/05\/6276318w.jpg"},"aioseo_meta_data":{"post_id":"13269","title":null,"description":null,"keywords":null,"keyphrases":null,"primary_term":null,"canonical_url":null,"og_title":null,"og_description":null,"og_object_type":"default","og_image_type":"default","og_image_url":null,"og_image_width":null,"og_image_height":null,"og_image_custom_url":null,"og_image_custom_fields":null,"og_video":null,"og_custom_url":null,"og_article_section":null,"og_article_tags":null,"twitter_use_og":false,"twitter_card":"default","twitter_image_type":"default","twitter_image_url":null,"twitter_image_custom_url":null,"twitter_image_custom_fields":null,"twitter_title":null,"twitter_description":null,"schema":{"blockGraphs":[],"customGraphs":[],"default":{"data":{"Article":[],"Course":[],"Dataset":[],"FAQPage":[],"Movie":[],"Person":[],"Product":[],"ProductReview":[],"Car":[],"Recipe":[],"Service":[],"SoftwareApplication":[],"WebPage":[]},"graphName":"","isEnabled":true},"graphs":[],"defaultGraph":"","defaultPostTypeGraph":""},"schema_type":null,"schema_type_options":null,"pillar_content":false,"robots_default":true,"robots_noindex":false,"robots_noarchive":false,"robots_nosnippet":false,"robots_nofollow":false,"robots_noimageindex":false,"robots_noodp":false,"robots_notranslate":false,"robots_max_snippet":null,"robots_max_videopreview":null,"robots_max_imagepreview":"large","priority":null,"frequency":null,"location":null,"local_seo":null,"seo_analyzer_scan_date":"2025-09-17 07:55:17","breadcrumb_settings":null,"limit_modified_date":false,"open_ai":null,"ai":null,"created":"2021-03-09 08:30:53","updated":"2025-09-17 07:55:17"},"aioseo_breadcrumb":"<div class=\"aioseo-breadcrumbs\"><span class=\"aioseo-breadcrumb\">\n\t<a href=\"https:\/\/eldigitaldeasturias.com\/magazine365\" title=\"Home\">Home<\/a>\n<\/span><span class=\"aioseo-breadcrumb-separator\">\u2013<\/span><span class=\"aioseo-breadcrumb\">\n\t<a href=\"https:\/\/eldigitaldeasturias.com\/magazine365\/category\/noticias-actualidad\/\" title=\"Noticias y Actualidad\">Noticias y Actualidad<\/a>\n<\/span><span class=\"aioseo-breadcrumb-separator\">\u2013<\/span><span class=\"aioseo-breadcrumb\">\n\t<a href=\"https:\/\/eldigitaldeasturias.com\/magazine365\/mourinho-nuevo-embajador-contra-el-hambre-de-la-onu\/\" title=\"Mourinho, nuevo embajador contra el hambre de la ONU\">Mourinho, nuevo embajador contra el hambre de la ONU<\/a>\n<\/span><\/div>","aioseo_breadcrumb_json":[{"label":"Home","link":"https:\/\/eldigitaldeasturias.com\/magazine365"},{"label":"Noticias y Actualidad","link":"https:\/\/eldigitaldeasturias.com\/magazine365\/category\/noticias-actualidad\/"},{"label":"Mourinho, nuevo embajador contra el hambre de la ONU","link":"https:\/\/eldigitaldeasturias.com\/magazine365\/mourinho-nuevo-embajador-contra-el-hambre-de-la-onu\/"}],"_links":{"self":[{"href":"https:\/\/eldigitaldeasturias.com\/magazine365\/wp-json\/wp\/v2\/posts\/13269","targetHints":{"allow":["GET"]}}],"collection":[{"href":"https:\/\/eldigitaldeasturias.com\/magazine365\/wp-json\/wp\/v2\/posts"}],"about":[{"href":"https:\/\/eldigitaldeasturias.com\/magazine365\/wp-json\/wp\/v2\/types\/post"}],"author":[{"embeddable":true,"href":"https:\/\/eldigitaldeasturias.com\/magazine365\/wp-json\/wp\/v2\/users\/1"}],"replies":[{"embeddable":true,"href":"https:\/\/eldigitaldeasturias.com\/magazine365\/wp-json\/wp\/v2\/comments?post=13269"}],"version-history":[{"count":0,"href":"https:\/\/eldigitaldeasturias.com\/magazine365\/wp-json\/wp\/v2\/posts\/13269\/revisions"}],"wp:featuredmedia":[{"embeddable":true,"href":"https:\/\/eldigitaldeasturias.com\/magazine365\/wp-json\/wp\/v2\/media\/13270"}],"wp:attachment":[{"href":"https:\/\/eldigitaldeasturias.com\/magazine365\/wp-json\/wp\/v2\/media?parent=13269"}],"wp:term":[{"taxonomy":"category","embeddable":true,"href":"https:\/\/eldigitaldeasturias.com\/magazine365\/wp-json\/wp\/v2\/categories?post=13269"},{"taxonomy":"post_tag","embeddable":true,"href":"https:\/\/eldigitaldeasturias.com\/magazine365\/wp-json\/wp\/v2\/tags?post=13269"}],"curies":[{"name":"wp","href":"https:\/\/api.w.org\/{rel}","templated":true}]}}