{"id":13263,"date":"2014-05-19T22:27:37","date_gmt":"2014-05-20T00:27:37","guid":{"rendered":"http:\/\/eldigitaldeasturias.com\/magazine365\/?p=13263"},"modified":"2014-05-19T22:27:37","modified_gmt":"2014-05-20T00:27:37","slug":"ocho-apellidos-vascos-y-relatos-salvajes-dejan-huella-en-el-mercado","status":"publish","type":"post","link":"https:\/\/eldigitaldeasturias.com\/magazine365\/ocho-apellidos-vascos-y-relatos-salvajes-dejan-huella-en-el-mercado\/","title":{"rendered":"\u00abOcho apellidos vascos\u00bb y \u00abRelatos salvajes\u00bb dejan huella en el mercado"},"content":{"rendered":"<p><img fetchpriority=\"high\" decoding=\"async\" class=\"alignleft size-medium wp-image-13264\" alt=\"6276312w\" src=\"https:\/\/eldigitaldeasturias.com\/magazine365\/wp-content\/uploads\/2014\/05\/6276312w-360x239.jpg\" width=\"360\" height=\"239\" \/>Cannes (Francia), 19 may (EFE).- El cine espa\u00f1ol es \u00abuno de los grandes protagonistas\u00bb del mercado en Cannes, con pel\u00edculas como \u00abOcho apellidos vascos\u00bb, que se estrenar\u00e1 en Europa y en toda Latinoam\u00e9rica, y a \u00abRelatos salvajes\u00bb, una coproducci\u00f3n con Argentina que ha sido vendida \u00aba todo el mundo\u00bb.<\/p>\n<p>El hist\u00f3rico \u00e9xito de taquilla de la comedia de Emilio Mart\u00ednez L\u00e1zaro y la buena acogida del filme del argentino Dami\u00e1n Szifr\u00f3n en el Festival de Cannes \u00abest\u00e1n dejando huella en el mercado\u00bb, como asegur\u00f3 a Efe, Vicente Canales, gerente de Film Factory Entertainment, empresa encargada de sus ventas internacionales.<\/p>\n<p>La comedia sobre los t\u00f3picos vascos y andaluces lleg\u00f3 a Cannes con m\u00e1s de 52 millones de euros de recaudaci\u00f3n en Espa\u00f1a, una carta de presentaci\u00f3n que hab\u00eda generado en los distribuidores \u00abuna expectaci\u00f3n tremenda\u00bb.<\/p>\n<p>\u00abEl primer d\u00eda, ten\u00edamos una proyecci\u00f3n en la que se quedaron cincuenta compradores fuera\u00bb, explic\u00f3 Canales, quien a\u00f1adi\u00f3 que el segundo pase tambi\u00e9n complet\u00f3 el aforo de cien butacas, por lo que se tuvo que organizar una proyecci\u00f3n extra con doscientas plazas.<\/p>\n<p>\u00abSe va a estrenar en cine en Alemania, en Grecia, en Portugal, estamos negociando con Francia y Benelux. Latinoam\u00e9rica la hemos vendido entera\u00bb, anunci\u00f3 el agente de ventas, quien tambi\u00e9n adelant\u00f3 que quedan por cerrar \u00ablos pa\u00edses de habla inglesa y los asi\u00e1ticos\u00bb.<\/p>\n<p>En Cannes, los distribuidores pod\u00edan comprobar si esta comedia que busca la risa en los t\u00f3picos locales era \u00abtrasladable a su territorio y puede llevar a la gente al cine\u00bb.<\/p>\n<p>A pesar de que el mercado de Cannes ha despejado las dudas sobre la posibilidad de que \u00abOcho apellidos vascos\u00bb llegue a p\u00fablicos que no est\u00e9n familiarizados con el contexto que representa, su distribuci\u00f3n internacional ser\u00e1 en el circuito reducido del cine independiente.<\/p>\n<p>\u00abEn el resto de pa\u00edses no se va a estrenar de la forma tan masiva como se ha estrenado en Espa\u00f1a\u00bb, especific\u00f3 Canales, que tuvo que renunciar a su idea de superar las 300 pantallas por territorio porque los compradores no consideraban que la pel\u00edcula pudiera llenar tanta salas.<\/p>\n<p>Seg\u00fan ha explicado, en un principio la cinta se va a adaptar y doblar en la mayor\u00eda de territorios, salvo en Latinoam\u00e9rica, donde est\u00e1 previsto que se vea en versi\u00f3n original.<\/p>\n<p>Por otro lado, la coproducci\u00f3n hispano-argentina \u00abRelatos salvajes\u00bb, que compite por la Palma de Oro en este Festival de Cannes, ha tenido una acogida \u00abimpresionante\u00bb lo que se ha traducido en fuertes ventas internacionales.<\/p>\n<p>Adem\u00e1s de en Estados Unidos, se podr\u00e1 ver \u00aben Inglaterra, Alemania, Escandinavia, Italia, Benelux, Francia, Jap\u00f3n, pa\u00edses del este de Europa, Latinoam\u00e9rica, absolutamente en todo el mundo\u00bb, declar\u00f3 el responsable de Film Factory.<\/p>\n<p>\u00abHa gustado y todo el mundo dice que es una de las pel\u00edculas de Cannes\u00bb, explic\u00f3 Canales sobre la reacci\u00f3n del mercado a esta producci\u00f3n en la que participan la argentina Kramer &amp; Sigman Films y El Deseo, de Pedro Almod\u00f3var, y que todav\u00eda podr\u00eda llevarse un premio el pr\u00f3ximo s\u00e1bado cuando el jurado desvele el palmar\u00e9s.<\/p>\n<p>La animaci\u00f3n espa\u00f1ola tambi\u00e9n se ha podido ver en esta ciudad de la Costa Azul donde se est\u00e1n negociando las preventas de \u00abMortadelo y Filem\u00f3n contra Jimmy el Cachondo\u00bb, dirigida por Javier Fesser, y que se estrenar\u00e1 en Espa\u00f1a en noviembre.<\/p>\n<p>De momento, se ha cerrado un acuerdo con China y est\u00e1 pendiente la distribuci\u00f3n en Alemania, uno de los pocos pa\u00edses, junto con los de Latinoam\u00e9rica, donde los esp\u00edas de la TIA son conocidos.<\/p>\n<p>En esta edici\u00f3n del mercado del cine de Cannes participan m\u00e1s de 5.000 compa\u00f1\u00edas de 108 pa\u00edses, lo que lo convierte en la cita m\u00e1s importante de la industria.<\/p>\n<p>Cada a\u00f1o re\u00fane a 20.000 profesionales del sector, entre los que se encuentran 3.200 productores, 2.300 distribuidores o 1.500 agentes de ventas, seg\u00fan los \u00faltimos datos disponibles.<\/p>\n<p>&nbsp;<\/p>\n<p>Mercedes \u00c1lvarez<\/p>\n","protected":false},"excerpt":{"rendered":"<p>Cannes (Francia), 19 may (EFE).- El cine espa\u00f1ol es \u00abuno de los grandes protagonistas\u00bb del mercado en Cannes, con pel\u00edculas como \u00abOcho apellidos vascos\u00bb, que se estrenar\u00e1 en Europa y en toda Latinoam\u00e9rica, y a \u00abRelatos salvajes\u00bb, una coproducci\u00f3n con Argentina que ha sido vendida \u00aba todo el mundo\u00bb. El hist\u00f3rico \u00e9xito de taquilla de<\/p>\n","protected":false},"author":1,"featured_media":13264,"comment_status":"open","ping_status":"closed","sticky":false,"template":"","format":"standard","meta":{"footnotes":""},"categories":[224],"tags":[],"class_list":{"0":"post-13263","1":"post","2":"type-post","3":"status-publish","4":"format-standard","5":"has-post-thumbnail","7":"category-noticias-actualidad"},"aioseo_notices":[],"aioseo_head":"\n\t\t<!-- All in One SEO Pro 4.9.6.1 - aioseo.com -->\n\t<meta name=\"description\" content=\"Cannes (Francia), 19 may (EFE).- El cine espa\u00f1ol es &quot;uno de los grandes protagonistas&quot; del mercado en Cannes, con pel\u00edculas como &quot;Ocho apellidos vascos&quot;, que se estrenar\u00e1 en Europa y en toda Latinoam\u00e9rica, y a &quot;Relatos salvajes&quot;, una coproducci\u00f3n con Argentina que ha sido vendida &quot;a todo el mundo&quot;. El hist\u00f3rico \u00e9xito de taquilla de\" \/>\n\t<meta name=\"robots\" content=\"max-image-preview:large\" \/>\n\t<meta name=\"author\" content=\"admin\"\/>\n\t<meta name=\"google-site-verification\" content=\"UA-38556648-1\" \/>\n\t<meta name=\"keywords\" content=\"noticias y actualidad\" \/>\n\t<link rel=\"canonical\" href=\"https:\/\/eldigitaldeasturias.com\/magazine365\/ocho-apellidos-vascos-y-relatos-salvajes-dejan-huella-en-el-mercado\/\" \/>\n\t<meta name=\"generator\" content=\"All in One SEO Pro (AIOSEO) 4.9.6.1\" \/>\n\t\t<meta property=\"og:locale\" content=\"es_ES\" \/>\n\t\t<meta property=\"og:site_name\" content=\"El Digital de Asturias \u2013 Revista de ocio, turismo y estilo de vida\" \/>\n\t\t<meta property=\"og:type\" content=\"article\" \/>\n\t\t<meta property=\"og:title\" content=\"\u00abOcho apellidos vascos\u00bb y \u00abRelatos salvajes\u00bb dejan huella en el mercado | El Digital de Asturias\" \/>\n\t\t<meta property=\"og:description\" content=\"Cannes (Francia), 19 may (EFE).- El cine espa\u00f1ol es &quot;uno de los grandes protagonistas&quot; del mercado en Cannes, con pel\u00edculas como &quot;Ocho apellidos vascos&quot;, que se estrenar\u00e1 en Europa y en toda Latinoam\u00e9rica, y a &quot;Relatos salvajes&quot;, una coproducci\u00f3n con Argentina que ha sido vendida &quot;a todo el mundo&quot;. El hist\u00f3rico \u00e9xito de taquilla de\" \/>\n\t\t<meta property=\"og:url\" content=\"https:\/\/eldigitaldeasturias.com\/magazine365\/ocho-apellidos-vascos-y-relatos-salvajes-dejan-huella-en-el-mercado\/\" \/>\n\t\t<meta property=\"og:image\" content=\"https:\/\/eldigitaldeasturias.com\/magazine365\/wp-content\/uploads\/2014\/05\/6276312w.jpg\" \/>\n\t\t<meta property=\"og:image:secure_url\" content=\"https:\/\/eldigitaldeasturias.com\/magazine365\/wp-content\/uploads\/2014\/05\/6276312w.jpg\" \/>\n\t\t<meta property=\"og:image:width\" content=\"800\" \/>\n\t\t<meta property=\"og:image:height\" content=\"533\" \/>\n\t\t<meta property=\"article:published_time\" content=\"2014-05-20T00:27:37+00:00\" \/>\n\t\t<meta property=\"article:modified_time\" content=\"2014-05-20T00:27:37+00:00\" \/>\n\t\t<meta name=\"twitter:card\" content=\"summary_large_image\" \/>\n\t\t<meta name=\"twitter:title\" content=\"\u00abOcho apellidos vascos\u00bb y \u00abRelatos salvajes\u00bb dejan huella en el mercado | El Digital de Asturias\" \/>\n\t\t<meta name=\"twitter:description\" content=\"Cannes (Francia), 19 may (EFE).- El cine espa\u00f1ol es &quot;uno de los grandes protagonistas&quot; del mercado en Cannes, con pel\u00edculas como &quot;Ocho apellidos vascos&quot;, que se estrenar\u00e1 en Europa y en toda Latinoam\u00e9rica, y a &quot;Relatos salvajes&quot;, una coproducci\u00f3n con Argentina que ha sido vendida &quot;a todo el mundo&quot;. El hist\u00f3rico \u00e9xito de taquilla de\" \/>\n\t\t<meta name=\"twitter:image\" content=\"https:\/\/eldigitaldeasturias.com\/magazine365\/wp-content\/uploads\/2014\/05\/6276312w.jpg\" \/>\n\t\t<script type=\"application\/ld+json\" class=\"aioseo-schema\">\n\t\t\t{\"@context\":\"https:\\\/\\\/schema.org\",\"@graph\":[{\"@type\":\"Article\",\"@id\":\"https:\\\/\\\/eldigitaldeasturias.com\\\/magazine365\\\/ocho-apellidos-vascos-y-relatos-salvajes-dejan-huella-en-el-mercado\\\/#article\",\"name\":\"\\u00abOcho apellidos vascos\\u00bb y \\u00abRelatos salvajes\\u00bb dejan huella en el mercado | El Digital de Asturias\",\"headline\":\"\\u00abOcho apellidos vascos\\u00bb y \\u00abRelatos salvajes\\u00bb dejan huella en el mercado\",\"author\":{\"@id\":\"https:\\\/\\\/eldigitaldeasturias.com\\\/magazine365\\\/author\\\/admin\\\/#author\"},\"publisher\":{\"@id\":\"https:\\\/\\\/eldigitaldeasturias.com\\\/magazine365\\\/#organization\"},\"image\":{\"@type\":\"ImageObject\",\"url\":\"https:\\\/\\\/eldigitaldeasturias.com\\\/magazine365\\\/wp-content\\\/uploads\\\/2014\\\/05\\\/6276312w.jpg\",\"width\":800,\"height\":533},\"datePublished\":\"2014-05-19T22:27:37+02:00\",\"dateModified\":\"2014-05-19T22:27:37+02:00\",\"inLanguage\":\"es-ES\",\"mainEntityOfPage\":{\"@id\":\"https:\\\/\\\/eldigitaldeasturias.com\\\/magazine365\\\/ocho-apellidos-vascos-y-relatos-salvajes-dejan-huella-en-el-mercado\\\/#webpage\"},\"isPartOf\":{\"@id\":\"https:\\\/\\\/eldigitaldeasturias.com\\\/magazine365\\\/ocho-apellidos-vascos-y-relatos-salvajes-dejan-huella-en-el-mercado\\\/#webpage\"},\"articleSection\":\"Noticias y Actualidad\"},{\"@type\":\"BreadcrumbList\",\"@id\":\"https:\\\/\\\/eldigitaldeasturias.com\\\/magazine365\\\/ocho-apellidos-vascos-y-relatos-salvajes-dejan-huella-en-el-mercado\\\/#breadcrumblist\",\"itemListElement\":[{\"@type\":\"ListItem\",\"@id\":\"https:\\\/\\\/eldigitaldeasturias.com\\\/magazine365#listItem\",\"position\":1,\"name\":\"Home\",\"item\":\"https:\\\/\\\/eldigitaldeasturias.com\\\/magazine365\",\"nextItem\":{\"@type\":\"ListItem\",\"@id\":\"https:\\\/\\\/eldigitaldeasturias.com\\\/magazine365\\\/category\\\/noticias-actualidad\\\/#listItem\",\"name\":\"Noticias y Actualidad\"}},{\"@type\":\"ListItem\",\"@id\":\"https:\\\/\\\/eldigitaldeasturias.com\\\/magazine365\\\/category\\\/noticias-actualidad\\\/#listItem\",\"position\":2,\"name\":\"Noticias y Actualidad\",\"item\":\"https:\\\/\\\/eldigitaldeasturias.com\\\/magazine365\\\/category\\\/noticias-actualidad\\\/\",\"nextItem\":{\"@type\":\"ListItem\",\"@id\":\"https:\\\/\\\/eldigitaldeasturias.com\\\/magazine365\\\/ocho-apellidos-vascos-y-relatos-salvajes-dejan-huella-en-el-mercado\\\/#listItem\",\"name\":\"\\u00abOcho apellidos vascos\\u00bb y \\u00abRelatos salvajes\\u00bb dejan huella en el mercado\"},\"previousItem\":{\"@type\":\"ListItem\",\"@id\":\"https:\\\/\\\/eldigitaldeasturias.com\\\/magazine365#listItem\",\"name\":\"Home\"}},{\"@type\":\"ListItem\",\"@id\":\"https:\\\/\\\/eldigitaldeasturias.com\\\/magazine365\\\/ocho-apellidos-vascos-y-relatos-salvajes-dejan-huella-en-el-mercado\\\/#listItem\",\"position\":3,\"name\":\"\\u00abOcho apellidos vascos\\u00bb y \\u00abRelatos salvajes\\u00bb dejan huella en el mercado\",\"previousItem\":{\"@type\":\"ListItem\",\"@id\":\"https:\\\/\\\/eldigitaldeasturias.com\\\/magazine365\\\/category\\\/noticias-actualidad\\\/#listItem\",\"name\":\"Noticias y Actualidad\"}}]},{\"@type\":\"Organization\",\"@id\":\"https:\\\/\\\/eldigitaldeasturias.com\\\/magazine365\\\/#organization\",\"name\":\"El digital de Asturias\",\"description\":\"Revista de ocio, turismo y estilo de vida\",\"url\":\"https:\\\/\\\/eldigitaldeasturias.com\\\/magazine365\\\/\",\"logo\":{\"@type\":\"ImageObject\",\"url\":\"https:\\\/\\\/www.eldigitaldeasturias.com\\\/noticias\\\/wp-content\\\/uploads\\\/2020\\\/12\\\/EDA.jpg\",\"@id\":\"https:\\\/\\\/eldigitaldeasturias.com\\\/magazine365\\\/ocho-apellidos-vascos-y-relatos-salvajes-dejan-huella-en-el-mercado\\\/#organizationLogo\"},\"image\":{\"@id\":\"https:\\\/\\\/eldigitaldeasturias.com\\\/magazine365\\\/ocho-apellidos-vascos-y-relatos-salvajes-dejan-huella-en-el-mercado\\\/#organizationLogo\"}},{\"@type\":\"Person\",\"@id\":\"https:\\\/\\\/eldigitaldeasturias.com\\\/magazine365\\\/author\\\/admin\\\/#author\",\"url\":\"https:\\\/\\\/eldigitaldeasturias.com\\\/magazine365\\\/author\\\/admin\\\/\",\"name\":\"admin\",\"image\":{\"@type\":\"ImageObject\",\"@id\":\"https:\\\/\\\/eldigitaldeasturias.com\\\/magazine365\\\/ocho-apellidos-vascos-y-relatos-salvajes-dejan-huella-en-el-mercado\\\/#authorImage\",\"url\":\"https:\\\/\\\/eldigitaldeasturias.com\\\/magazine365\\\/wp-content\\\/litespeed\\\/avatar\\\/e571bcf59a0edd6fa6838245a470f2fe.jpg?ver=1776969259\",\"width\":96,\"height\":96,\"caption\":\"admin\"}},{\"@type\":\"WebPage\",\"@id\":\"https:\\\/\\\/eldigitaldeasturias.com\\\/magazine365\\\/ocho-apellidos-vascos-y-relatos-salvajes-dejan-huella-en-el-mercado\\\/#webpage\",\"url\":\"https:\\\/\\\/eldigitaldeasturias.com\\\/magazine365\\\/ocho-apellidos-vascos-y-relatos-salvajes-dejan-huella-en-el-mercado\\\/\",\"name\":\"\\u00abOcho apellidos vascos\\u00bb y \\u00abRelatos salvajes\\u00bb dejan huella en el mercado | El Digital de Asturias\",\"description\":\"Cannes (Francia), 19 may (EFE).- El cine espa\\u00f1ol es \\\"uno de los grandes protagonistas\\\" del mercado en Cannes, con pel\\u00edculas como \\\"Ocho apellidos vascos\\\", que se estrenar\\u00e1 en Europa y en toda Latinoam\\u00e9rica, y a \\\"Relatos salvajes\\\", una coproducci\\u00f3n con Argentina que ha sido vendida \\\"a todo el mundo\\\". El hist\\u00f3rico \\u00e9xito de taquilla de\",\"inLanguage\":\"es-ES\",\"isPartOf\":{\"@id\":\"https:\\\/\\\/eldigitaldeasturias.com\\\/magazine365\\\/#website\"},\"breadcrumb\":{\"@id\":\"https:\\\/\\\/eldigitaldeasturias.com\\\/magazine365\\\/ocho-apellidos-vascos-y-relatos-salvajes-dejan-huella-en-el-mercado\\\/#breadcrumblist\"},\"author\":{\"@id\":\"https:\\\/\\\/eldigitaldeasturias.com\\\/magazine365\\\/author\\\/admin\\\/#author\"},\"creator\":{\"@id\":\"https:\\\/\\\/eldigitaldeasturias.com\\\/magazine365\\\/author\\\/admin\\\/#author\"},\"image\":{\"@type\":\"ImageObject\",\"url\":\"https:\\\/\\\/eldigitaldeasturias.com\\\/magazine365\\\/wp-content\\\/uploads\\\/2014\\\/05\\\/6276312w.jpg\",\"@id\":\"https:\\\/\\\/eldigitaldeasturias.com\\\/magazine365\\\/ocho-apellidos-vascos-y-relatos-salvajes-dejan-huella-en-el-mercado\\\/#mainImage\",\"width\":800,\"height\":533},\"primaryImageOfPage\":{\"@id\":\"https:\\\/\\\/eldigitaldeasturias.com\\\/magazine365\\\/ocho-apellidos-vascos-y-relatos-salvajes-dejan-huella-en-el-mercado\\\/#mainImage\"},\"datePublished\":\"2014-05-19T22:27:37+02:00\",\"dateModified\":\"2014-05-19T22:27:37+02:00\"},{\"@type\":\"WebSite\",\"@id\":\"https:\\\/\\\/eldigitaldeasturias.com\\\/magazine365\\\/#website\",\"url\":\"https:\\\/\\\/eldigitaldeasturias.com\\\/magazine365\\\/\",\"name\":\"El Digital de Asturias\",\"description\":\"Revista de ocio, turismo y estilo de vida\",\"inLanguage\":\"es-ES\",\"publisher\":{\"@id\":\"https:\\\/\\\/eldigitaldeasturias.com\\\/magazine365\\\/#organization\"}}]}\n\t\t<\/script>\n\t\t<!-- All in One SEO Pro -->\r\n\t\t<title>\u00abOcho apellidos vascos\u00bb y \u00abRelatos salvajes\u00bb dejan huella en el mercado | El Digital de Asturias<\/title>\n\n","aioseo_head_json":{"title":"\u00abOcho apellidos vascos\u00bb y \u00abRelatos salvajes\u00bb dejan huella en el mercado | El Digital de Asturias","description":"Cannes (Francia), 19 may (EFE).- El cine espa\u00f1ol es \"uno de los grandes protagonistas\" del mercado en Cannes, con pel\u00edculas como \"Ocho apellidos vascos\", que se estrenar\u00e1 en Europa y en toda Latinoam\u00e9rica, y a \"Relatos salvajes\", una coproducci\u00f3n con Argentina que ha sido vendida \"a todo el mundo\". El hist\u00f3rico \u00e9xito de taquilla de","canonical_url":"https:\/\/eldigitaldeasturias.com\/magazine365\/ocho-apellidos-vascos-y-relatos-salvajes-dejan-huella-en-el-mercado\/","robots":"max-image-preview:large","keywords":"noticias y actualidad","webmasterTools":{"google-site-verification":"UA-38556648-1","miscellaneous":""},"schema":{"@context":"https:\/\/schema.org","@graph":[{"@type":"Article","@id":"https:\/\/eldigitaldeasturias.com\/magazine365\/ocho-apellidos-vascos-y-relatos-salvajes-dejan-huella-en-el-mercado\/#article","name":"\u00abOcho apellidos vascos\u00bb y \u00abRelatos salvajes\u00bb dejan huella en el mercado | El Digital de Asturias","headline":"\u00abOcho apellidos vascos\u00bb y \u00abRelatos salvajes\u00bb dejan huella en el mercado","author":{"@id":"https:\/\/eldigitaldeasturias.com\/magazine365\/author\/admin\/#author"},"publisher":{"@id":"https:\/\/eldigitaldeasturias.com\/magazine365\/#organization"},"image":{"@type":"ImageObject","url":"https:\/\/eldigitaldeasturias.com\/magazine365\/wp-content\/uploads\/2014\/05\/6276312w.jpg","width":800,"height":533},"datePublished":"2014-05-19T22:27:37+02:00","dateModified":"2014-05-19T22:27:37+02:00","inLanguage":"es-ES","mainEntityOfPage":{"@id":"https:\/\/eldigitaldeasturias.com\/magazine365\/ocho-apellidos-vascos-y-relatos-salvajes-dejan-huella-en-el-mercado\/#webpage"},"isPartOf":{"@id":"https:\/\/eldigitaldeasturias.com\/magazine365\/ocho-apellidos-vascos-y-relatos-salvajes-dejan-huella-en-el-mercado\/#webpage"},"articleSection":"Noticias y Actualidad"},{"@type":"BreadcrumbList","@id":"https:\/\/eldigitaldeasturias.com\/magazine365\/ocho-apellidos-vascos-y-relatos-salvajes-dejan-huella-en-el-mercado\/#breadcrumblist","itemListElement":[{"@type":"ListItem","@id":"https:\/\/eldigitaldeasturias.com\/magazine365#listItem","position":1,"name":"Home","item":"https:\/\/eldigitaldeasturias.com\/magazine365","nextItem":{"@type":"ListItem","@id":"https:\/\/eldigitaldeasturias.com\/magazine365\/category\/noticias-actualidad\/#listItem","name":"Noticias y Actualidad"}},{"@type":"ListItem","@id":"https:\/\/eldigitaldeasturias.com\/magazine365\/category\/noticias-actualidad\/#listItem","position":2,"name":"Noticias y Actualidad","item":"https:\/\/eldigitaldeasturias.com\/magazine365\/category\/noticias-actualidad\/","nextItem":{"@type":"ListItem","@id":"https:\/\/eldigitaldeasturias.com\/magazine365\/ocho-apellidos-vascos-y-relatos-salvajes-dejan-huella-en-el-mercado\/#listItem","name":"\u00abOcho apellidos vascos\u00bb y \u00abRelatos salvajes\u00bb dejan huella en el mercado"},"previousItem":{"@type":"ListItem","@id":"https:\/\/eldigitaldeasturias.com\/magazine365#listItem","name":"Home"}},{"@type":"ListItem","@id":"https:\/\/eldigitaldeasturias.com\/magazine365\/ocho-apellidos-vascos-y-relatos-salvajes-dejan-huella-en-el-mercado\/#listItem","position":3,"name":"\u00abOcho apellidos vascos\u00bb y \u00abRelatos salvajes\u00bb dejan huella en el mercado","previousItem":{"@type":"ListItem","@id":"https:\/\/eldigitaldeasturias.com\/magazine365\/category\/noticias-actualidad\/#listItem","name":"Noticias y Actualidad"}}]},{"@type":"Organization","@id":"https:\/\/eldigitaldeasturias.com\/magazine365\/#organization","name":"El digital de Asturias","description":"Revista de ocio, turismo y estilo de vida","url":"https:\/\/eldigitaldeasturias.com\/magazine365\/","logo":{"@type":"ImageObject","url":"https:\/\/www.eldigitaldeasturias.com\/noticias\/wp-content\/uploads\/2020\/12\/EDA.jpg","@id":"https:\/\/eldigitaldeasturias.com\/magazine365\/ocho-apellidos-vascos-y-relatos-salvajes-dejan-huella-en-el-mercado\/#organizationLogo"},"image":{"@id":"https:\/\/eldigitaldeasturias.com\/magazine365\/ocho-apellidos-vascos-y-relatos-salvajes-dejan-huella-en-el-mercado\/#organizationLogo"}},{"@type":"Person","@id":"https:\/\/eldigitaldeasturias.com\/magazine365\/author\/admin\/#author","url":"https:\/\/eldigitaldeasturias.com\/magazine365\/author\/admin\/","name":"admin","image":{"@type":"ImageObject","@id":"https:\/\/eldigitaldeasturias.com\/magazine365\/ocho-apellidos-vascos-y-relatos-salvajes-dejan-huella-en-el-mercado\/#authorImage","url":"https:\/\/eldigitaldeasturias.com\/magazine365\/wp-content\/litespeed\/avatar\/e571bcf59a0edd6fa6838245a470f2fe.jpg?ver=1776969259","width":96,"height":96,"caption":"admin"}},{"@type":"WebPage","@id":"https:\/\/eldigitaldeasturias.com\/magazine365\/ocho-apellidos-vascos-y-relatos-salvajes-dejan-huella-en-el-mercado\/#webpage","url":"https:\/\/eldigitaldeasturias.com\/magazine365\/ocho-apellidos-vascos-y-relatos-salvajes-dejan-huella-en-el-mercado\/","name":"\u00abOcho apellidos vascos\u00bb y \u00abRelatos salvajes\u00bb dejan huella en el mercado | El Digital de Asturias","description":"Cannes (Francia), 19 may (EFE).- El cine espa\u00f1ol es \"uno de los grandes protagonistas\" del mercado en Cannes, con pel\u00edculas como \"Ocho apellidos vascos\", que se estrenar\u00e1 en Europa y en toda Latinoam\u00e9rica, y a \"Relatos salvajes\", una coproducci\u00f3n con Argentina que ha sido vendida \"a todo el mundo\". El hist\u00f3rico \u00e9xito de taquilla de","inLanguage":"es-ES","isPartOf":{"@id":"https:\/\/eldigitaldeasturias.com\/magazine365\/#website"},"breadcrumb":{"@id":"https:\/\/eldigitaldeasturias.com\/magazine365\/ocho-apellidos-vascos-y-relatos-salvajes-dejan-huella-en-el-mercado\/#breadcrumblist"},"author":{"@id":"https:\/\/eldigitaldeasturias.com\/magazine365\/author\/admin\/#author"},"creator":{"@id":"https:\/\/eldigitaldeasturias.com\/magazine365\/author\/admin\/#author"},"image":{"@type":"ImageObject","url":"https:\/\/eldigitaldeasturias.com\/magazine365\/wp-content\/uploads\/2014\/05\/6276312w.jpg","@id":"https:\/\/eldigitaldeasturias.com\/magazine365\/ocho-apellidos-vascos-y-relatos-salvajes-dejan-huella-en-el-mercado\/#mainImage","width":800,"height":533},"primaryImageOfPage":{"@id":"https:\/\/eldigitaldeasturias.com\/magazine365\/ocho-apellidos-vascos-y-relatos-salvajes-dejan-huella-en-el-mercado\/#mainImage"},"datePublished":"2014-05-19T22:27:37+02:00","dateModified":"2014-05-19T22:27:37+02:00"},{"@type":"WebSite","@id":"https:\/\/eldigitaldeasturias.com\/magazine365\/#website","url":"https:\/\/eldigitaldeasturias.com\/magazine365\/","name":"El Digital de Asturias","description":"Revista de ocio, turismo y estilo de vida","inLanguage":"es-ES","publisher":{"@id":"https:\/\/eldigitaldeasturias.com\/magazine365\/#organization"}}]},"og:locale":"es_ES","og:site_name":"El Digital de Asturias \u2013 Revista de ocio, turismo y estilo de vida","og:type":"article","og:title":"\u00abOcho apellidos vascos\u00bb y \u00abRelatos salvajes\u00bb dejan huella en el mercado | El Digital de Asturias","og:description":"Cannes (Francia), 19 may (EFE).- El cine espa\u00f1ol es &quot;uno de los grandes protagonistas&quot; del mercado en Cannes, con pel\u00edculas como &quot;Ocho apellidos vascos&quot;, que se estrenar\u00e1 en Europa y en toda Latinoam\u00e9rica, y a &quot;Relatos salvajes&quot;, una coproducci\u00f3n con Argentina que ha sido vendida &quot;a todo el mundo&quot;. El hist\u00f3rico \u00e9xito de taquilla de","og:url":"https:\/\/eldigitaldeasturias.com\/magazine365\/ocho-apellidos-vascos-y-relatos-salvajes-dejan-huella-en-el-mercado\/","og:image":"https:\/\/eldigitaldeasturias.com\/magazine365\/wp-content\/uploads\/2014\/05\/6276312w.jpg","og:image:secure_url":"https:\/\/eldigitaldeasturias.com\/magazine365\/wp-content\/uploads\/2014\/05\/6276312w.jpg","og:image:width":800,"og:image:height":533,"article:published_time":"2014-05-20T00:27:37+00:00","article:modified_time":"2014-05-20T00:27:37+00:00","twitter:card":"summary_large_image","twitter:title":"\u00abOcho apellidos vascos\u00bb y \u00abRelatos salvajes\u00bb dejan huella en el mercado | El Digital de Asturias","twitter:description":"Cannes (Francia), 19 may (EFE).- El cine espa\u00f1ol es &quot;uno de los grandes protagonistas&quot; del mercado en Cannes, con pel\u00edculas como &quot;Ocho apellidos vascos&quot;, que se estrenar\u00e1 en Europa y en toda Latinoam\u00e9rica, y a &quot;Relatos salvajes&quot;, una coproducci\u00f3n con Argentina que ha sido vendida &quot;a todo el mundo&quot;. El hist\u00f3rico \u00e9xito de taquilla de","twitter:image":"https:\/\/eldigitaldeasturias.com\/magazine365\/wp-content\/uploads\/2014\/05\/6276312w.jpg"},"aioseo_meta_data":{"post_id":"13263","title":null,"description":null,"keywords":null,"keyphrases":null,"primary_term":null,"canonical_url":null,"og_title":null,"og_description":null,"og_object_type":"default","og_image_type":"default","og_image_url":null,"og_image_width":null,"og_image_height":null,"og_image_custom_url":null,"og_image_custom_fields":null,"og_video":null,"og_custom_url":null,"og_article_section":null,"og_article_tags":null,"twitter_use_og":false,"twitter_card":"default","twitter_image_type":"default","twitter_image_url":null,"twitter_image_custom_url":null,"twitter_image_custom_fields":null,"twitter_title":null,"twitter_description":null,"schema":{"blockGraphs":[],"customGraphs":[],"default":{"data":{"Article":[],"Course":[],"Dataset":[],"FAQPage":[],"Movie":[],"Person":[],"Product":[],"ProductReview":[],"Car":[],"Recipe":[],"Service":[],"SoftwareApplication":[],"WebPage":[]},"graphName":"","isEnabled":true},"graphs":[],"defaultGraph":"","defaultPostTypeGraph":""},"schema_type":null,"schema_type_options":null,"pillar_content":false,"robots_default":true,"robots_noindex":false,"robots_noarchive":false,"robots_nosnippet":false,"robots_nofollow":false,"robots_noimageindex":false,"robots_noodp":false,"robots_notranslate":false,"robots_max_snippet":null,"robots_max_videopreview":null,"robots_max_imagepreview":"large","priority":null,"frequency":null,"location":null,"local_seo":null,"seo_analyzer_scan_date":"2025-09-17 07:55:13","breadcrumb_settings":null,"limit_modified_date":false,"open_ai":null,"ai":null,"created":"2021-03-09 02:33:12","updated":"2025-09-17 07:55:13"},"aioseo_breadcrumb":"<div class=\"aioseo-breadcrumbs\"><span class=\"aioseo-breadcrumb\">\n\t<a href=\"https:\/\/eldigitaldeasturias.com\/magazine365\" title=\"Home\">Home<\/a>\n<\/span><span class=\"aioseo-breadcrumb-separator\">\u2013<\/span><span class=\"aioseo-breadcrumb\">\n\t<a href=\"https:\/\/eldigitaldeasturias.com\/magazine365\/category\/noticias-actualidad\/\" title=\"Noticias y Actualidad\">Noticias y Actualidad<\/a>\n<\/span><span class=\"aioseo-breadcrumb-separator\">\u2013<\/span><span class=\"aioseo-breadcrumb\">\n\t<a href=\"https:\/\/eldigitaldeasturias.com\/magazine365\/ocho-apellidos-vascos-y-relatos-salvajes-dejan-huella-en-el-mercado\/\" title=\"\u00abOcho apellidos vascos\u00bb y \u00abRelatos salvajes\u00bb dejan huella en el mercado\">\u00abOcho apellidos vascos\u00bb y \u00abRelatos salvajes\u00bb dejan huella en el mercado<\/a>\n<\/span><\/div>","aioseo_breadcrumb_json":[{"label":"Home","link":"https:\/\/eldigitaldeasturias.com\/magazine365"},{"label":"Noticias y Actualidad","link":"https:\/\/eldigitaldeasturias.com\/magazine365\/category\/noticias-actualidad\/"},{"label":"\u00abOcho apellidos vascos\u00bb y \u00abRelatos salvajes\u00bb dejan huella en el mercado","link":"https:\/\/eldigitaldeasturias.com\/magazine365\/ocho-apellidos-vascos-y-relatos-salvajes-dejan-huella-en-el-mercado\/"}],"_links":{"self":[{"href":"https:\/\/eldigitaldeasturias.com\/magazine365\/wp-json\/wp\/v2\/posts\/13263","targetHints":{"allow":["GET"]}}],"collection":[{"href":"https:\/\/eldigitaldeasturias.com\/magazine365\/wp-json\/wp\/v2\/posts"}],"about":[{"href":"https:\/\/eldigitaldeasturias.com\/magazine365\/wp-json\/wp\/v2\/types\/post"}],"author":[{"embeddable":true,"href":"https:\/\/eldigitaldeasturias.com\/magazine365\/wp-json\/wp\/v2\/users\/1"}],"replies":[{"embeddable":true,"href":"https:\/\/eldigitaldeasturias.com\/magazine365\/wp-json\/wp\/v2\/comments?post=13263"}],"version-history":[{"count":0,"href":"https:\/\/eldigitaldeasturias.com\/magazine365\/wp-json\/wp\/v2\/posts\/13263\/revisions"}],"wp:featuredmedia":[{"embeddable":true,"href":"https:\/\/eldigitaldeasturias.com\/magazine365\/wp-json\/wp\/v2\/media\/13264"}],"wp:attachment":[{"href":"https:\/\/eldigitaldeasturias.com\/magazine365\/wp-json\/wp\/v2\/media?parent=13263"}],"wp:term":[{"taxonomy":"category","embeddable":true,"href":"https:\/\/eldigitaldeasturias.com\/magazine365\/wp-json\/wp\/v2\/categories?post=13263"},{"taxonomy":"post_tag","embeddable":true,"href":"https:\/\/eldigitaldeasturias.com\/magazine365\/wp-json\/wp\/v2\/tags?post=13263"}],"curies":[{"name":"wp","href":"https:\/\/api.w.org\/{rel}","templated":true}]}}