{"id":13260,"date":"2014-05-19T22:26:22","date_gmt":"2014-05-20T00:26:22","guid":{"rendered":"http:\/\/eldigitaldeasturias.com\/magazine365\/?p=13260"},"modified":"2014-05-19T22:26:22","modified_gmt":"2014-05-20T00:26:22","slug":"abel-ferrara-dice-que-no-esta-hablando-de-la-biblia-ni-del-puto-julio-cesar","status":"publish","type":"post","link":"https:\/\/eldigitaldeasturias.com\/magazine365\/abel-ferrara-dice-que-no-esta-hablando-de-la-biblia-ni-del-puto-julio-cesar\/","title":{"rendered":"Abel Ferrara dice que no est\u00e1 \u00abhablando de la Biblia ni del puto Julio C\u00e9sar\u00bb"},"content":{"rendered":"<p><img fetchpriority=\"high\" decoding=\"async\" class=\"alignleft size-medium wp-image-13261\" alt=\"6276372w\" src=\"https:\/\/eldigitaldeasturias.com\/magazine365\/wp-content\/uploads\/2014\/05\/6276372w-360x243.jpg\" width=\"360\" height=\"243\" srcset=\"https:\/\/eldigitaldeasturias.com\/magazine365\/wp-content\/uploads\/2014\/05\/6276372w-360x243.jpg 360w, https:\/\/eldigitaldeasturias.com\/magazine365\/wp-content\/uploads\/2014\/05\/6276372w-650x439.jpg 650w, https:\/\/eldigitaldeasturias.com\/magazine365\/wp-content\/uploads\/2014\/05\/6276372w-768x518.jpg 768w, https:\/\/eldigitaldeasturias.com\/magazine365\/wp-content\/uploads\/2014\/05\/6276372w-150x101.jpg 150w, https:\/\/eldigitaldeasturias.com\/magazine365\/wp-content\/uploads\/2014\/05\/6276372w-450x304.jpg 450w, https:\/\/eldigitaldeasturias.com\/magazine365\/wp-content\/uploads\/2014\/05\/6276372w-696x470.jpg 696w, https:\/\/eldigitaldeasturias.com\/magazine365\/wp-content\/uploads\/2014\/05\/6276372w-622x420.jpg 622w, https:\/\/eldigitaldeasturias.com\/magazine365\/wp-content\/uploads\/2014\/05\/6276372w.jpg 800w\" sizes=\"(max-width: 360px) 100vw, 360px\" \/>Cannes (Francia), 19 may (EFE).- Abel Ferrara es directo como un pu\u00f1etazo en el est\u00f3mago, igual que su cine. Responde a cualquier pregunta a borbotones, con acento neoyorquino, muchos tacos y con la la misma franqueza que ha vertido en \u00abWelcome to New York\u00bb, el viaje a la oscuridad del sexo y el poder de Dominique Strauss-Kahn (DSK).<\/p>\n<p>\u00abNo estoy hablando de la Biblia ni del puto Julio C\u00e9sar, dame un respiro\u00bb, dice tras estrenar en Cannes -al margen del festival- su pol\u00e9mica pel\u00edcula, que el exdirector gerente del Fondo Monetario Internacional (FMI) llevar\u00e1 a los tribunales por difamaci\u00f3n y que su exmujer, Anne Sinclair, ha tildado de antisemita tras sentirse \u00abasqueada\u00bb.<\/p>\n<p>\u00abSi no te gusta el calor, no entres en la cocina, t\u00edo\u00bb dice Ferrara (Nueva York, 1951) para referirse al ruido que ha causado la cinta antes, durante y despu\u00e9s de su estreno -sin alfombra roja- en el Mercado de Pel\u00edculas del Festival de Cannes.<\/p>\n<p>En ella coloca delante de la c\u00e1mara al franc\u00e9s G\u00e9rad Depardieu, otro artista lib\u00e9rrimo y excesivo que, guiado por su \u00abinstinto\u00bb, aparece retratado con desenfreno, grotescamente obeso y desnudo, en un filme que imagina el viaje psicol\u00f3gico que llev\u00f3 a Strauss-Kahn a una vida de lujuria y autodestrucci\u00f3n.<\/p>\n<p>\u00abDepardieu Conoce a (Vladimir) Putin, a Fidel Castro y luego sale con chicos de barrio. Es un tipo muy especial. Tiene un problema de impuestos, rompe su pasaporte y se lo tira a la cara al puto presidente de Francia \u00bfQui\u00e9n m\u00e1s hace eso?\u00bb, dice Ferrara en un encuentro con varios medios de comunicaci\u00f3n.<\/p>\n<p>A Depardieu \u00abno tienes que decirle nada\u00bb para dirigirle, solo \u00abechar la c\u00e1mara hacia atr\u00e1s\u00bb para que su panza entre en el plano, bromea el autor del filme, que en su carrera ha dirigido a Hervy Keitel, Willem Dafoe, Melanie Griffith, Dennis Hopper, Vincent Gallo, Benicio del Toro, Claudia Schiffer, Forest Whitaker o Madonna.<\/p>\n<p>El franc\u00e9s encarna a un DSK pornogr\u00e1fico y brutal que se refugia en las org\u00edas para evitar enfrentarse a sus problemas, \u00abcomo un vampiro bebiendo de la sangre de las j\u00f3venes a las que se folla\u00bb, arroja Ferrara.<\/p>\n<p>Durante la entrevista, el director de \u00abBody Snatchers\u00bb -una pel\u00edcula de culto- o \u00abBad Liutenant\u00bb -su marca de la casa- atiende el tel\u00e9fono, grita en argot para que alguien venga a por el m\u00f3vil, se r\u00ede efusivamente, se levanta para d\u00e1rselo a un asistente de su equipo y al rato vuelve a buscar el aparato para ense\u00f1ar unas fotos de su pr\u00f3xima pel\u00edcula.<\/p>\n<p>En una de esas ausencias, una veterana periodista comenta que est\u00e1 mucho mejor. Antes, dice la se\u00f1ora, se iba al ba\u00f1o varias veces y cada vez volv\u00eda peor.<\/p>\n<p>\u00ab\u00bfLa diferencia entre la adicci\u00f3n y la liberaci\u00f3n? No lo s\u00e9, estoy en ello\u00bb, dice sonriendo un autor que ha rodado Nueva York a la sombra del \u00abestablishment\u00bb cinematogr\u00e1fico de la ciudad, encarnado por Woody Allen, Martin Scorsese o incluso John Cassavetes y Spike Lee.<\/p>\n<p>Ya no consume nada porque \u00abun adicto no puede drogarse ni beber\u00bb, dice con una mand\u00edbula ancha que aloja una boca salpicada de dientes descolocados en una cara curtida, tras 62 a\u00f1os bien vividos.<\/p>\n<p>\u00abPregunta lo que quieras. Somos libres, podemos hablar de lo que queramos\u00bb, repite varias veces en un encuentro en el que interpela a los periodistas sobre las mismas cuestiones que se le preguntan a \u00e9l: \u00ab\u00bfOs ha parecido antisemita? \u00bfCu\u00e1n poderosos son\u00bb DSK y Sinclair?.<\/p>\n<p>En la charla defiende su trabajo, pero sobre todo su libertad art\u00edstica. \u00abNo voy a poner barreras a mi imaginaci\u00f3n\u00bb, dice.<\/p>\n<p>\u00abEst\u00e1 terminada. Est\u00e1 hecho. He puesto mucha energ\u00eda en ella. Estoy contento\u00bb y creo que \u00abreirse es una gran reacci\u00f3n a la pel\u00edcula. Esa gente no tiene sentido del humor\u00bb, juzga.<\/p>\n<p>\u00abEstos tipos est\u00e1n llenos de dolor. Quiero hacer pel\u00edculas que me permitan no estar ah\u00ed. Lo conozco y no es agradable\u00bb, remata.<\/p>\n<p>Ferrara, con el cuentakil\u00f3metros rodado en una selva italoamericana de gangsters y polis malos en el filo de Nueva York, prepara ahora una pel\u00edcula que probablemente llevar\u00e1 a la Mostra de Venecia y que relata la vida del cineasta y escritor italiano Pier Paolo Pasolini, al que su novela \u00abRagazzi di vita\u00bb le acarre\u00f3 un juicio por pornograf\u00eda.<\/p>\n<p>\u00abA Pasolini le llevaron a los tribunales, intentaron destrozarlo en todos los sentidos. \u00bfY qu\u00e9? (&#8230;) es un genio, un poeta, un artista (&#8230;). Tienes que ser t\u00fa mismo\u00bb, concluye.<\/p>\n<p>&nbsp;<\/p>\n<p>Javier Albisu<\/p>\n","protected":false},"excerpt":{"rendered":"<p>Cannes (Francia), 19 may (EFE).- Abel Ferrara es directo como un pu\u00f1etazo en el est\u00f3mago, igual que su cine. Responde a cualquier pregunta a borbotones, con acento neoyorquino, muchos tacos y con la la misma franqueza que ha vertido en \u00abWelcome to New York\u00bb, el viaje a la oscuridad del sexo y el poder de<\/p>\n","protected":false},"author":1,"featured_media":13261,"comment_status":"open","ping_status":"closed","sticky":false,"template":"","format":"standard","meta":{"footnotes":""},"categories":[224],"tags":[],"class_list":{"0":"post-13260","1":"post","2":"type-post","3":"status-publish","4":"format-standard","5":"has-post-thumbnail","7":"category-noticias-actualidad"},"aioseo_notices":[],"aioseo_head":"\n\t\t<!-- All in One SEO Pro 4.9.6.1 - aioseo.com -->\n\t<meta name=\"description\" content=\"Cannes (Francia), 19 may (EFE).- Abel Ferrara es directo como un pu\u00f1etazo en el est\u00f3mago, igual que su cine. Responde a cualquier pregunta a borbotones, con acento neoyorquino, muchos tacos y con la la misma franqueza que ha vertido en &quot;Welcome to New York&quot;, el viaje a la oscuridad del sexo y el poder de\" \/>\n\t<meta name=\"robots\" content=\"max-image-preview:large\" \/>\n\t<meta name=\"author\" content=\"admin\"\/>\n\t<meta name=\"google-site-verification\" content=\"UA-38556648-1\" \/>\n\t<meta name=\"keywords\" content=\"noticias y actualidad\" \/>\n\t<link rel=\"canonical\" href=\"https:\/\/eldigitaldeasturias.com\/magazine365\/abel-ferrara-dice-que-no-esta-hablando-de-la-biblia-ni-del-puto-julio-cesar\/\" \/>\n\t<meta name=\"generator\" content=\"All in One SEO Pro (AIOSEO) 4.9.6.1\" \/>\n\t\t<meta property=\"og:locale\" content=\"es_ES\" \/>\n\t\t<meta property=\"og:site_name\" content=\"El Digital de Asturias \u2013 Revista de ocio, turismo y estilo de vida\" \/>\n\t\t<meta property=\"og:type\" content=\"article\" \/>\n\t\t<meta property=\"og:title\" content=\"Abel Ferrara dice que no est\u00e1 \u00abhablando de la Biblia ni del puto Julio C\u00e9sar\u00bb | El Digital de Asturias\" \/>\n\t\t<meta property=\"og:description\" content=\"Cannes (Francia), 19 may (EFE).- Abel Ferrara es directo como un pu\u00f1etazo en el est\u00f3mago, igual que su cine. Responde a cualquier pregunta a borbotones, con acento neoyorquino, muchos tacos y con la la misma franqueza que ha vertido en &quot;Welcome to New York&quot;, el viaje a la oscuridad del sexo y el poder de\" \/>\n\t\t<meta property=\"og:url\" content=\"https:\/\/eldigitaldeasturias.com\/magazine365\/abel-ferrara-dice-que-no-esta-hablando-de-la-biblia-ni-del-puto-julio-cesar\/\" \/>\n\t\t<meta property=\"og:image\" content=\"https:\/\/eldigitaldeasturias.com\/magazine365\/wp-content\/uploads\/2014\/05\/6276372w.jpg\" \/>\n\t\t<meta property=\"og:image:secure_url\" content=\"https:\/\/eldigitaldeasturias.com\/magazine365\/wp-content\/uploads\/2014\/05\/6276372w.jpg\" \/>\n\t\t<meta property=\"og:image:width\" content=\"800\" \/>\n\t\t<meta property=\"og:image:height\" content=\"540\" \/>\n\t\t<meta property=\"article:published_time\" content=\"2014-05-20T00:26:22+00:00\" \/>\n\t\t<meta property=\"article:modified_time\" content=\"2014-05-20T00:26:22+00:00\" \/>\n\t\t<meta name=\"twitter:card\" content=\"summary_large_image\" \/>\n\t\t<meta name=\"twitter:title\" content=\"Abel Ferrara dice que no est\u00e1 \u00abhablando de la Biblia ni del puto Julio C\u00e9sar\u00bb | El Digital de Asturias\" \/>\n\t\t<meta name=\"twitter:description\" content=\"Cannes (Francia), 19 may (EFE).- Abel Ferrara es directo como un pu\u00f1etazo en el est\u00f3mago, igual que su cine. Responde a cualquier pregunta a borbotones, con acento neoyorquino, muchos tacos y con la la misma franqueza que ha vertido en &quot;Welcome to New York&quot;, el viaje a la oscuridad del sexo y el poder de\" \/>\n\t\t<meta name=\"twitter:image\" content=\"https:\/\/eldigitaldeasturias.com\/magazine365\/wp-content\/uploads\/2014\/05\/6276372w.jpg\" \/>\n\t\t<script type=\"application\/ld+json\" class=\"aioseo-schema\">\n\t\t\t{\"@context\":\"https:\\\/\\\/schema.org\",\"@graph\":[{\"@type\":\"Article\",\"@id\":\"https:\\\/\\\/eldigitaldeasturias.com\\\/magazine365\\\/abel-ferrara-dice-que-no-esta-hablando-de-la-biblia-ni-del-puto-julio-cesar\\\/#article\",\"name\":\"Abel Ferrara dice que no est\\u00e1 \\u00abhablando de la Biblia ni del puto Julio C\\u00e9sar\\u00bb | El Digital de Asturias\",\"headline\":\"Abel Ferrara dice que no est\\u00e1 \\u00abhablando de la Biblia ni del puto Julio C\\u00e9sar\\u00bb\",\"author\":{\"@id\":\"https:\\\/\\\/eldigitaldeasturias.com\\\/magazine365\\\/author\\\/admin\\\/#author\"},\"publisher\":{\"@id\":\"https:\\\/\\\/eldigitaldeasturias.com\\\/magazine365\\\/#organization\"},\"image\":{\"@type\":\"ImageObject\",\"url\":\"https:\\\/\\\/eldigitaldeasturias.com\\\/magazine365\\\/wp-content\\\/uploads\\\/2014\\\/05\\\/6276372w.jpg\",\"width\":800,\"height\":540},\"datePublished\":\"2014-05-19T22:26:22+02:00\",\"dateModified\":\"2014-05-19T22:26:22+02:00\",\"inLanguage\":\"es-ES\",\"mainEntityOfPage\":{\"@id\":\"https:\\\/\\\/eldigitaldeasturias.com\\\/magazine365\\\/abel-ferrara-dice-que-no-esta-hablando-de-la-biblia-ni-del-puto-julio-cesar\\\/#webpage\"},\"isPartOf\":{\"@id\":\"https:\\\/\\\/eldigitaldeasturias.com\\\/magazine365\\\/abel-ferrara-dice-que-no-esta-hablando-de-la-biblia-ni-del-puto-julio-cesar\\\/#webpage\"},\"articleSection\":\"Noticias y Actualidad\"},{\"@type\":\"BreadcrumbList\",\"@id\":\"https:\\\/\\\/eldigitaldeasturias.com\\\/magazine365\\\/abel-ferrara-dice-que-no-esta-hablando-de-la-biblia-ni-del-puto-julio-cesar\\\/#breadcrumblist\",\"itemListElement\":[{\"@type\":\"ListItem\",\"@id\":\"https:\\\/\\\/eldigitaldeasturias.com\\\/magazine365#listItem\",\"position\":1,\"name\":\"Home\",\"item\":\"https:\\\/\\\/eldigitaldeasturias.com\\\/magazine365\",\"nextItem\":{\"@type\":\"ListItem\",\"@id\":\"https:\\\/\\\/eldigitaldeasturias.com\\\/magazine365\\\/category\\\/noticias-actualidad\\\/#listItem\",\"name\":\"Noticias y Actualidad\"}},{\"@type\":\"ListItem\",\"@id\":\"https:\\\/\\\/eldigitaldeasturias.com\\\/magazine365\\\/category\\\/noticias-actualidad\\\/#listItem\",\"position\":2,\"name\":\"Noticias y Actualidad\",\"item\":\"https:\\\/\\\/eldigitaldeasturias.com\\\/magazine365\\\/category\\\/noticias-actualidad\\\/\",\"nextItem\":{\"@type\":\"ListItem\",\"@id\":\"https:\\\/\\\/eldigitaldeasturias.com\\\/magazine365\\\/abel-ferrara-dice-que-no-esta-hablando-de-la-biblia-ni-del-puto-julio-cesar\\\/#listItem\",\"name\":\"Abel Ferrara dice que no est\\u00e1 \\u00abhablando de la Biblia ni del puto Julio C\\u00e9sar\\u00bb\"},\"previousItem\":{\"@type\":\"ListItem\",\"@id\":\"https:\\\/\\\/eldigitaldeasturias.com\\\/magazine365#listItem\",\"name\":\"Home\"}},{\"@type\":\"ListItem\",\"@id\":\"https:\\\/\\\/eldigitaldeasturias.com\\\/magazine365\\\/abel-ferrara-dice-que-no-esta-hablando-de-la-biblia-ni-del-puto-julio-cesar\\\/#listItem\",\"position\":3,\"name\":\"Abel Ferrara dice que no est\\u00e1 \\u00abhablando de la Biblia ni del puto Julio C\\u00e9sar\\u00bb\",\"previousItem\":{\"@type\":\"ListItem\",\"@id\":\"https:\\\/\\\/eldigitaldeasturias.com\\\/magazine365\\\/category\\\/noticias-actualidad\\\/#listItem\",\"name\":\"Noticias y Actualidad\"}}]},{\"@type\":\"Organization\",\"@id\":\"https:\\\/\\\/eldigitaldeasturias.com\\\/magazine365\\\/#organization\",\"name\":\"El digital de Asturias\",\"description\":\"Revista de ocio, turismo y estilo de vida\",\"url\":\"https:\\\/\\\/eldigitaldeasturias.com\\\/magazine365\\\/\",\"logo\":{\"@type\":\"ImageObject\",\"url\":\"https:\\\/\\\/www.eldigitaldeasturias.com\\\/noticias\\\/wp-content\\\/uploads\\\/2020\\\/12\\\/EDA.jpg\",\"@id\":\"https:\\\/\\\/eldigitaldeasturias.com\\\/magazine365\\\/abel-ferrara-dice-que-no-esta-hablando-de-la-biblia-ni-del-puto-julio-cesar\\\/#organizationLogo\"},\"image\":{\"@id\":\"https:\\\/\\\/eldigitaldeasturias.com\\\/magazine365\\\/abel-ferrara-dice-que-no-esta-hablando-de-la-biblia-ni-del-puto-julio-cesar\\\/#organizationLogo\"}},{\"@type\":\"Person\",\"@id\":\"https:\\\/\\\/eldigitaldeasturias.com\\\/magazine365\\\/author\\\/admin\\\/#author\",\"url\":\"https:\\\/\\\/eldigitaldeasturias.com\\\/magazine365\\\/author\\\/admin\\\/\",\"name\":\"admin\",\"image\":{\"@type\":\"ImageObject\",\"@id\":\"https:\\\/\\\/eldigitaldeasturias.com\\\/magazine365\\\/abel-ferrara-dice-que-no-esta-hablando-de-la-biblia-ni-del-puto-julio-cesar\\\/#authorImage\",\"url\":\"https:\\\/\\\/eldigitaldeasturias.com\\\/magazine365\\\/wp-content\\\/litespeed\\\/avatar\\\/e571bcf59a0edd6fa6838245a470f2fe.jpg?ver=1776969259\",\"width\":96,\"height\":96,\"caption\":\"admin\"}},{\"@type\":\"WebPage\",\"@id\":\"https:\\\/\\\/eldigitaldeasturias.com\\\/magazine365\\\/abel-ferrara-dice-que-no-esta-hablando-de-la-biblia-ni-del-puto-julio-cesar\\\/#webpage\",\"url\":\"https:\\\/\\\/eldigitaldeasturias.com\\\/magazine365\\\/abel-ferrara-dice-que-no-esta-hablando-de-la-biblia-ni-del-puto-julio-cesar\\\/\",\"name\":\"Abel Ferrara dice que no est\\u00e1 \\u00abhablando de la Biblia ni del puto Julio C\\u00e9sar\\u00bb | El Digital de Asturias\",\"description\":\"Cannes (Francia), 19 may (EFE).- Abel Ferrara es directo como un pu\\u00f1etazo en el est\\u00f3mago, igual que su cine. Responde a cualquier pregunta a borbotones, con acento neoyorquino, muchos tacos y con la la misma franqueza que ha vertido en \\\"Welcome to New York\\\", el viaje a la oscuridad del sexo y el poder de\",\"inLanguage\":\"es-ES\",\"isPartOf\":{\"@id\":\"https:\\\/\\\/eldigitaldeasturias.com\\\/magazine365\\\/#website\"},\"breadcrumb\":{\"@id\":\"https:\\\/\\\/eldigitaldeasturias.com\\\/magazine365\\\/abel-ferrara-dice-que-no-esta-hablando-de-la-biblia-ni-del-puto-julio-cesar\\\/#breadcrumblist\"},\"author\":{\"@id\":\"https:\\\/\\\/eldigitaldeasturias.com\\\/magazine365\\\/author\\\/admin\\\/#author\"},\"creator\":{\"@id\":\"https:\\\/\\\/eldigitaldeasturias.com\\\/magazine365\\\/author\\\/admin\\\/#author\"},\"image\":{\"@type\":\"ImageObject\",\"url\":\"https:\\\/\\\/eldigitaldeasturias.com\\\/magazine365\\\/wp-content\\\/uploads\\\/2014\\\/05\\\/6276372w.jpg\",\"@id\":\"https:\\\/\\\/eldigitaldeasturias.com\\\/magazine365\\\/abel-ferrara-dice-que-no-esta-hablando-de-la-biblia-ni-del-puto-julio-cesar\\\/#mainImage\",\"width\":800,\"height\":540},\"primaryImageOfPage\":{\"@id\":\"https:\\\/\\\/eldigitaldeasturias.com\\\/magazine365\\\/abel-ferrara-dice-que-no-esta-hablando-de-la-biblia-ni-del-puto-julio-cesar\\\/#mainImage\"},\"datePublished\":\"2014-05-19T22:26:22+02:00\",\"dateModified\":\"2014-05-19T22:26:22+02:00\"},{\"@type\":\"WebSite\",\"@id\":\"https:\\\/\\\/eldigitaldeasturias.com\\\/magazine365\\\/#website\",\"url\":\"https:\\\/\\\/eldigitaldeasturias.com\\\/magazine365\\\/\",\"name\":\"El Digital de Asturias\",\"description\":\"Revista de ocio, turismo y estilo de vida\",\"inLanguage\":\"es-ES\",\"publisher\":{\"@id\":\"https:\\\/\\\/eldigitaldeasturias.com\\\/magazine365\\\/#organization\"}}]}\n\t\t<\/script>\n\t\t<!-- All in One SEO Pro -->\r\n\t\t<title>Abel Ferrara dice que no est\u00e1 \u00abhablando de la Biblia ni del puto Julio C\u00e9sar\u00bb | El Digital de Asturias<\/title>\n\n","aioseo_head_json":{"title":"Abel Ferrara dice que no est\u00e1 \u00abhablando de la Biblia ni del puto Julio C\u00e9sar\u00bb | El Digital de Asturias","description":"Cannes (Francia), 19 may (EFE).- Abel Ferrara es directo como un pu\u00f1etazo en el est\u00f3mago, igual que su cine. Responde a cualquier pregunta a borbotones, con acento neoyorquino, muchos tacos y con la la misma franqueza que ha vertido en \"Welcome to New York\", el viaje a la oscuridad del sexo y el poder de","canonical_url":"https:\/\/eldigitaldeasturias.com\/magazine365\/abel-ferrara-dice-que-no-esta-hablando-de-la-biblia-ni-del-puto-julio-cesar\/","robots":"max-image-preview:large","keywords":"noticias y actualidad","webmasterTools":{"google-site-verification":"UA-38556648-1","miscellaneous":""},"schema":{"@context":"https:\/\/schema.org","@graph":[{"@type":"Article","@id":"https:\/\/eldigitaldeasturias.com\/magazine365\/abel-ferrara-dice-que-no-esta-hablando-de-la-biblia-ni-del-puto-julio-cesar\/#article","name":"Abel Ferrara dice que no est\u00e1 \u00abhablando de la Biblia ni del puto Julio C\u00e9sar\u00bb | El Digital de Asturias","headline":"Abel Ferrara dice que no est\u00e1 \u00abhablando de la Biblia ni del puto Julio C\u00e9sar\u00bb","author":{"@id":"https:\/\/eldigitaldeasturias.com\/magazine365\/author\/admin\/#author"},"publisher":{"@id":"https:\/\/eldigitaldeasturias.com\/magazine365\/#organization"},"image":{"@type":"ImageObject","url":"https:\/\/eldigitaldeasturias.com\/magazine365\/wp-content\/uploads\/2014\/05\/6276372w.jpg","width":800,"height":540},"datePublished":"2014-05-19T22:26:22+02:00","dateModified":"2014-05-19T22:26:22+02:00","inLanguage":"es-ES","mainEntityOfPage":{"@id":"https:\/\/eldigitaldeasturias.com\/magazine365\/abel-ferrara-dice-que-no-esta-hablando-de-la-biblia-ni-del-puto-julio-cesar\/#webpage"},"isPartOf":{"@id":"https:\/\/eldigitaldeasturias.com\/magazine365\/abel-ferrara-dice-que-no-esta-hablando-de-la-biblia-ni-del-puto-julio-cesar\/#webpage"},"articleSection":"Noticias y Actualidad"},{"@type":"BreadcrumbList","@id":"https:\/\/eldigitaldeasturias.com\/magazine365\/abel-ferrara-dice-que-no-esta-hablando-de-la-biblia-ni-del-puto-julio-cesar\/#breadcrumblist","itemListElement":[{"@type":"ListItem","@id":"https:\/\/eldigitaldeasturias.com\/magazine365#listItem","position":1,"name":"Home","item":"https:\/\/eldigitaldeasturias.com\/magazine365","nextItem":{"@type":"ListItem","@id":"https:\/\/eldigitaldeasturias.com\/magazine365\/category\/noticias-actualidad\/#listItem","name":"Noticias y Actualidad"}},{"@type":"ListItem","@id":"https:\/\/eldigitaldeasturias.com\/magazine365\/category\/noticias-actualidad\/#listItem","position":2,"name":"Noticias y Actualidad","item":"https:\/\/eldigitaldeasturias.com\/magazine365\/category\/noticias-actualidad\/","nextItem":{"@type":"ListItem","@id":"https:\/\/eldigitaldeasturias.com\/magazine365\/abel-ferrara-dice-que-no-esta-hablando-de-la-biblia-ni-del-puto-julio-cesar\/#listItem","name":"Abel Ferrara dice que no est\u00e1 \u00abhablando de la Biblia ni del puto Julio C\u00e9sar\u00bb"},"previousItem":{"@type":"ListItem","@id":"https:\/\/eldigitaldeasturias.com\/magazine365#listItem","name":"Home"}},{"@type":"ListItem","@id":"https:\/\/eldigitaldeasturias.com\/magazine365\/abel-ferrara-dice-que-no-esta-hablando-de-la-biblia-ni-del-puto-julio-cesar\/#listItem","position":3,"name":"Abel Ferrara dice que no est\u00e1 \u00abhablando de la Biblia ni del puto Julio C\u00e9sar\u00bb","previousItem":{"@type":"ListItem","@id":"https:\/\/eldigitaldeasturias.com\/magazine365\/category\/noticias-actualidad\/#listItem","name":"Noticias y Actualidad"}}]},{"@type":"Organization","@id":"https:\/\/eldigitaldeasturias.com\/magazine365\/#organization","name":"El digital de Asturias","description":"Revista de ocio, turismo y estilo de vida","url":"https:\/\/eldigitaldeasturias.com\/magazine365\/","logo":{"@type":"ImageObject","url":"https:\/\/www.eldigitaldeasturias.com\/noticias\/wp-content\/uploads\/2020\/12\/EDA.jpg","@id":"https:\/\/eldigitaldeasturias.com\/magazine365\/abel-ferrara-dice-que-no-esta-hablando-de-la-biblia-ni-del-puto-julio-cesar\/#organizationLogo"},"image":{"@id":"https:\/\/eldigitaldeasturias.com\/magazine365\/abel-ferrara-dice-que-no-esta-hablando-de-la-biblia-ni-del-puto-julio-cesar\/#organizationLogo"}},{"@type":"Person","@id":"https:\/\/eldigitaldeasturias.com\/magazine365\/author\/admin\/#author","url":"https:\/\/eldigitaldeasturias.com\/magazine365\/author\/admin\/","name":"admin","image":{"@type":"ImageObject","@id":"https:\/\/eldigitaldeasturias.com\/magazine365\/abel-ferrara-dice-que-no-esta-hablando-de-la-biblia-ni-del-puto-julio-cesar\/#authorImage","url":"https:\/\/eldigitaldeasturias.com\/magazine365\/wp-content\/litespeed\/avatar\/e571bcf59a0edd6fa6838245a470f2fe.jpg?ver=1776969259","width":96,"height":96,"caption":"admin"}},{"@type":"WebPage","@id":"https:\/\/eldigitaldeasturias.com\/magazine365\/abel-ferrara-dice-que-no-esta-hablando-de-la-biblia-ni-del-puto-julio-cesar\/#webpage","url":"https:\/\/eldigitaldeasturias.com\/magazine365\/abel-ferrara-dice-que-no-esta-hablando-de-la-biblia-ni-del-puto-julio-cesar\/","name":"Abel Ferrara dice que no est\u00e1 \u00abhablando de la Biblia ni del puto Julio C\u00e9sar\u00bb | El Digital de Asturias","description":"Cannes (Francia), 19 may (EFE).- Abel Ferrara es directo como un pu\u00f1etazo en el est\u00f3mago, igual que su cine. Responde a cualquier pregunta a borbotones, con acento neoyorquino, muchos tacos y con la la misma franqueza que ha vertido en \"Welcome to New York\", el viaje a la oscuridad del sexo y el poder de","inLanguage":"es-ES","isPartOf":{"@id":"https:\/\/eldigitaldeasturias.com\/magazine365\/#website"},"breadcrumb":{"@id":"https:\/\/eldigitaldeasturias.com\/magazine365\/abel-ferrara-dice-que-no-esta-hablando-de-la-biblia-ni-del-puto-julio-cesar\/#breadcrumblist"},"author":{"@id":"https:\/\/eldigitaldeasturias.com\/magazine365\/author\/admin\/#author"},"creator":{"@id":"https:\/\/eldigitaldeasturias.com\/magazine365\/author\/admin\/#author"},"image":{"@type":"ImageObject","url":"https:\/\/eldigitaldeasturias.com\/magazine365\/wp-content\/uploads\/2014\/05\/6276372w.jpg","@id":"https:\/\/eldigitaldeasturias.com\/magazine365\/abel-ferrara-dice-que-no-esta-hablando-de-la-biblia-ni-del-puto-julio-cesar\/#mainImage","width":800,"height":540},"primaryImageOfPage":{"@id":"https:\/\/eldigitaldeasturias.com\/magazine365\/abel-ferrara-dice-que-no-esta-hablando-de-la-biblia-ni-del-puto-julio-cesar\/#mainImage"},"datePublished":"2014-05-19T22:26:22+02:00","dateModified":"2014-05-19T22:26:22+02:00"},{"@type":"WebSite","@id":"https:\/\/eldigitaldeasturias.com\/magazine365\/#website","url":"https:\/\/eldigitaldeasturias.com\/magazine365\/","name":"El Digital de Asturias","description":"Revista de ocio, turismo y estilo de vida","inLanguage":"es-ES","publisher":{"@id":"https:\/\/eldigitaldeasturias.com\/magazine365\/#organization"}}]},"og:locale":"es_ES","og:site_name":"El Digital de Asturias \u2013 Revista de ocio, turismo y estilo de vida","og:type":"article","og:title":"Abel Ferrara dice que no est\u00e1 \u00abhablando de la Biblia ni del puto Julio C\u00e9sar\u00bb | El Digital de Asturias","og:description":"Cannes (Francia), 19 may (EFE).- Abel Ferrara es directo como un pu\u00f1etazo en el est\u00f3mago, igual que su cine. Responde a cualquier pregunta a borbotones, con acento neoyorquino, muchos tacos y con la la misma franqueza que ha vertido en &quot;Welcome to New York&quot;, el viaje a la oscuridad del sexo y el poder de","og:url":"https:\/\/eldigitaldeasturias.com\/magazine365\/abel-ferrara-dice-que-no-esta-hablando-de-la-biblia-ni-del-puto-julio-cesar\/","og:image":"https:\/\/eldigitaldeasturias.com\/magazine365\/wp-content\/uploads\/2014\/05\/6276372w.jpg","og:image:secure_url":"https:\/\/eldigitaldeasturias.com\/magazine365\/wp-content\/uploads\/2014\/05\/6276372w.jpg","og:image:width":800,"og:image:height":540,"article:published_time":"2014-05-20T00:26:22+00:00","article:modified_time":"2014-05-20T00:26:22+00:00","twitter:card":"summary_large_image","twitter:title":"Abel Ferrara dice que no est\u00e1 \u00abhablando de la Biblia ni del puto Julio C\u00e9sar\u00bb | El Digital de Asturias","twitter:description":"Cannes (Francia), 19 may (EFE).- Abel Ferrara es directo como un pu\u00f1etazo en el est\u00f3mago, igual que su cine. Responde a cualquier pregunta a borbotones, con acento neoyorquino, muchos tacos y con la la misma franqueza que ha vertido en &quot;Welcome to New York&quot;, el viaje a la oscuridad del sexo y el poder de","twitter:image":"https:\/\/eldigitaldeasturias.com\/magazine365\/wp-content\/uploads\/2014\/05\/6276372w.jpg"},"aioseo_meta_data":{"post_id":"13260","title":null,"description":null,"keywords":null,"keyphrases":null,"primary_term":null,"canonical_url":null,"og_title":null,"og_description":null,"og_object_type":"default","og_image_type":"default","og_image_url":null,"og_image_width":null,"og_image_height":null,"og_image_custom_url":null,"og_image_custom_fields":null,"og_video":null,"og_custom_url":null,"og_article_section":null,"og_article_tags":null,"twitter_use_og":false,"twitter_card":"default","twitter_image_type":"default","twitter_image_url":null,"twitter_image_custom_url":null,"twitter_image_custom_fields":null,"twitter_title":null,"twitter_description":null,"schema":{"blockGraphs":[],"customGraphs":[],"default":{"data":{"Article":[],"Course":[],"Dataset":[],"FAQPage":[],"Movie":[],"Person":[],"Product":[],"ProductReview":[],"Car":[],"Recipe":[],"Service":[],"SoftwareApplication":[],"WebPage":[]},"graphName":"","isEnabled":true},"graphs":[],"defaultGraph":"","defaultPostTypeGraph":""},"schema_type":null,"schema_type_options":null,"pillar_content":false,"robots_default":true,"robots_noindex":false,"robots_noarchive":false,"robots_nosnippet":false,"robots_nofollow":false,"robots_noimageindex":false,"robots_noodp":false,"robots_notranslate":false,"robots_max_snippet":null,"robots_max_videopreview":null,"robots_max_imagepreview":"large","priority":null,"frequency":null,"location":null,"local_seo":null,"seo_analyzer_scan_date":"2025-09-17 07:55:12","breadcrumb_settings":null,"limit_modified_date":false,"open_ai":null,"ai":null,"created":"2021-03-09 08:30:53","updated":"2025-09-17 07:55:12"},"aioseo_breadcrumb":"<div class=\"aioseo-breadcrumbs\"><span class=\"aioseo-breadcrumb\">\n\t<a href=\"https:\/\/eldigitaldeasturias.com\/magazine365\" title=\"Home\">Home<\/a>\n<\/span><span class=\"aioseo-breadcrumb-separator\">\u2013<\/span><span class=\"aioseo-breadcrumb\">\n\t<a href=\"https:\/\/eldigitaldeasturias.com\/magazine365\/category\/noticias-actualidad\/\" title=\"Noticias y Actualidad\">Noticias y Actualidad<\/a>\n<\/span><span class=\"aioseo-breadcrumb-separator\">\u2013<\/span><span class=\"aioseo-breadcrumb\">\n\t<a href=\"https:\/\/eldigitaldeasturias.com\/magazine365\/abel-ferrara-dice-que-no-esta-hablando-de-la-biblia-ni-del-puto-julio-cesar\/\" title=\"Abel Ferrara dice que no est\u00e1 \u00abhablando de la Biblia ni del puto Julio C\u00e9sar\u00bb\">Abel Ferrara dice que no est\u00e1 \u00abhablando de la Biblia ni del puto Julio C\u00e9sar\u00bb<\/a>\n<\/span><\/div>","aioseo_breadcrumb_json":[{"label":"Home","link":"https:\/\/eldigitaldeasturias.com\/magazine365"},{"label":"Noticias y Actualidad","link":"https:\/\/eldigitaldeasturias.com\/magazine365\/category\/noticias-actualidad\/"},{"label":"Abel Ferrara dice que no est\u00e1 \u00abhablando de la Biblia ni del puto Julio C\u00e9sar\u00bb","link":"https:\/\/eldigitaldeasturias.com\/magazine365\/abel-ferrara-dice-que-no-esta-hablando-de-la-biblia-ni-del-puto-julio-cesar\/"}],"_links":{"self":[{"href":"https:\/\/eldigitaldeasturias.com\/magazine365\/wp-json\/wp\/v2\/posts\/13260","targetHints":{"allow":["GET"]}}],"collection":[{"href":"https:\/\/eldigitaldeasturias.com\/magazine365\/wp-json\/wp\/v2\/posts"}],"about":[{"href":"https:\/\/eldigitaldeasturias.com\/magazine365\/wp-json\/wp\/v2\/types\/post"}],"author":[{"embeddable":true,"href":"https:\/\/eldigitaldeasturias.com\/magazine365\/wp-json\/wp\/v2\/users\/1"}],"replies":[{"embeddable":true,"href":"https:\/\/eldigitaldeasturias.com\/magazine365\/wp-json\/wp\/v2\/comments?post=13260"}],"version-history":[{"count":0,"href":"https:\/\/eldigitaldeasturias.com\/magazine365\/wp-json\/wp\/v2\/posts\/13260\/revisions"}],"wp:featuredmedia":[{"embeddable":true,"href":"https:\/\/eldigitaldeasturias.com\/magazine365\/wp-json\/wp\/v2\/media\/13261"}],"wp:attachment":[{"href":"https:\/\/eldigitaldeasturias.com\/magazine365\/wp-json\/wp\/v2\/media?parent=13260"}],"wp:term":[{"taxonomy":"category","embeddable":true,"href":"https:\/\/eldigitaldeasturias.com\/magazine365\/wp-json\/wp\/v2\/categories?post=13260"},{"taxonomy":"post_tag","embeddable":true,"href":"https:\/\/eldigitaldeasturias.com\/magazine365\/wp-json\/wp\/v2\/tags?post=13260"}],"curies":[{"name":"wp","href":"https:\/\/api.w.org\/{rel}","templated":true}]}}