{"id":13239,"date":"2014-05-19T22:13:42","date_gmt":"2014-05-20T00:13:42","guid":{"rendered":"http:\/\/eldigitaldeasturias.com\/magazine365\/?p=13239"},"modified":"2014-05-19T22:13:42","modified_gmt":"2014-05-20T00:13:42","slug":"berlin-acoge-al-david-bowie-mas-polifacetico-incluida-su-etapa-alemana","status":"publish","type":"post","link":"https:\/\/eldigitaldeasturias.com\/magazine365\/berlin-acoge-al-david-bowie-mas-polifacetico-incluida-su-etapa-alemana\/","title":{"rendered":"Berl\u00edn acoge al David Bowie m\u00e1s polifac\u00e9tico, incluida su etapa \u00abalemana\u00bb"},"content":{"rendered":"<p><img fetchpriority=\"high\" decoding=\"async\" class=\"alignleft size-medium wp-image-13240\" alt=\"6275814w\" src=\"https:\/\/eldigitaldeasturias.com\/magazine365\/wp-content\/uploads\/2014\/05\/6275814w-360x236.jpg\" width=\"360\" height=\"236\" srcset=\"https:\/\/eldigitaldeasturias.com\/magazine365\/wp-content\/uploads\/2014\/05\/6275814w-360x236.jpg 360w, https:\/\/eldigitaldeasturias.com\/magazine365\/wp-content\/uploads\/2014\/05\/6275814w-650x427.jpg 650w, https:\/\/eldigitaldeasturias.com\/magazine365\/wp-content\/uploads\/2014\/05\/6275814w-768x504.jpg 768w, https:\/\/eldigitaldeasturias.com\/magazine365\/wp-content\/uploads\/2014\/05\/6275814w-150x98.jpg 150w, https:\/\/eldigitaldeasturias.com\/magazine365\/wp-content\/uploads\/2014\/05\/6275814w-450x295.jpg 450w, https:\/\/eldigitaldeasturias.com\/magazine365\/wp-content\/uploads\/2014\/05\/6275814w-696x457.jpg 696w, https:\/\/eldigitaldeasturias.com\/magazine365\/wp-content\/uploads\/2014\/05\/6275814w-741x486.jpg 741w, https:\/\/eldigitaldeasturias.com\/magazine365\/wp-content\/uploads\/2014\/05\/6275814w-640x420.jpg 640w, https:\/\/eldigitaldeasturias.com\/magazine365\/wp-content\/uploads\/2014\/05\/6275814w-84x55.jpg 84w, https:\/\/eldigitaldeasturias.com\/magazine365\/wp-content\/uploads\/2014\/05\/6275814w.jpg 800w\" sizes=\"(max-width: 360px) 100vw, 360px\" \/>Berl\u00edn, 19 may (EFE).- La vida del polifac\u00e9tico cantante David Bowie llega ahora al museo Martin-Gropius-Bau de Berl\u00edn, a trav\u00e9s de una muestra llena de piezas \u00fanicas, que ampl\u00eda la exitosa exposici\u00f3n presentada un a\u00f1o atr\u00e1s en Londres con material procedente de la etapa que pas\u00f3 en la capital alemana el artista londinense.<\/p>\n<p>En total 300 objetos, cuidadosamente seleccionados entre un total de 75.000 piezas relacionadas con la trayectoria del camale\u00f3nico artista, forman un recorrido multimedia que refleja todas las facetas del autor de \u00abSpace Oddity\u00bb durante m\u00e1s de cinco d\u00e9cadas.<\/p>\n<p>Una fotograf\u00eda del cantante junto a la bater\u00eda de su primer grupo \u00abThe Kon-rads\u00bb, manuscritos de sus canciones, un autorretrato simulando la portada de su \u00e1lbum \u00abHeroes\u00bb o la guitarra ac\u00fastica con la que toc\u00f3 \u00abSpace Oddity\u00bb son algunos de los objetos que har\u00e1n las delicias de los aficionados al transgresor artista.<\/p>\n<p>Los m\u00e1s fetichistas disfrutar\u00e1n tambi\u00e9n 60 atuendos que en alg\u00fan momento luci\u00f3 en los escenarios y que est\u00e1n presentes en la exhibici\u00f3n, como el traje futurista con el que grab\u00f3 \u00abAshes to Ashes\u00bb en los ochenta o el vestuario con el que encarn\u00f3 a su alter ego, \u00abZiggy Stardust\u00bb.<\/p>\n<p>La muestra cuenta adem\u00e1s con una secci\u00f3n especial dedicada a Berl\u00edn, ciudad donde el artista pas\u00f3 una temporada a finales de los setenta para desintoxicarse y sumergirse en la escena musical de la capital alemana, la que inspir\u00f3 su \u00e1lbum \u00abHeroes\u00bb, uno de los m\u00e1s famosos del artista.<\/p>\n<p>As\u00ed lo atestiguan las llaves de su apartamento en la calle Hauptstrasse, que compart\u00eda en ese periodo con el tambi\u00e9n m\u00fasico y compa\u00f1ero de andanzas Iggy Pop, y que se exhiben en la muestra.<\/p>\n<p>Ya el a\u00f1o pasado esta misma exposici\u00f3n vendi\u00f3 50.000 entradas anticipadas en su inauguraci\u00f3n en Londres en el museo Victoria &amp; Alberto, un r\u00e9cord en la historia del museo.<\/p>\n<p>\u00abDavid Bowie es algo as\u00ed como la banda sonora de nuestras vidas, que se mantiene en este mundo cambiante\u00bb, asegur\u00f3 hoy el director del museo de Londres Martin Roth, presente en la inauguraci\u00f3n berlinesa.<\/p>\n<p>Y es que la faz andr\u00f3gena cruzada por un rayo desaf\u00eda el tiempo y las modas, a pesar de los diez a\u00f1os de silencio que llevaba el artista y que se interrumpieron en marzo del a\u00f1o pasado, cuando sorprendi\u00f3 a p\u00fablico y cr\u00edtica con \u00abThe Next Day\u00bb, su \u00faltimo trabajo hasta la fecha.<\/p>\n<p>La exposici\u00f3n qued\u00f3 inaugurada por el ministro de Asuntos Exteriores, Frank-Walter Steinmeier, y estar\u00e1 abierta al p\u00fablico desde ma\u00f1ana y hasta el pr\u00f3ximo 10 de agosto.<\/p>\n<p>Mar\u00eda Zuil<\/p>\n","protected":false},"excerpt":{"rendered":"<p>Berl\u00edn, 19 may (EFE).- La vida del polifac\u00e9tico cantante David Bowie llega ahora al museo Martin-Gropius-Bau de Berl\u00edn, a trav\u00e9s de una muestra llena de piezas \u00fanicas, que ampl\u00eda la exitosa exposici\u00f3n presentada un a\u00f1o atr\u00e1s en Londres con material procedente de la etapa que pas\u00f3 en la capital alemana el artista londinense. En total<\/p>\n","protected":false},"author":1,"featured_media":13240,"comment_status":"open","ping_status":"closed","sticky":false,"template":"","format":"standard","meta":{"footnotes":""},"categories":[224],"tags":[],"class_list":{"0":"post-13239","1":"post","2":"type-post","3":"status-publish","4":"format-standard","5":"has-post-thumbnail","7":"category-noticias-actualidad"},"aioseo_notices":[],"aioseo_head":"\n\t\t<!-- All in One SEO Pro 4.9.6.1 - aioseo.com -->\n\t<meta name=\"description\" content=\"Berl\u00edn, 19 may (EFE).- La vida del polifac\u00e9tico cantante David Bowie llega ahora al museo Martin-Gropius-Bau de Berl\u00edn, a trav\u00e9s de una muestra llena de piezas \u00fanicas, que ampl\u00eda la exitosa exposici\u00f3n presentada un a\u00f1o atr\u00e1s en Londres con material procedente de la etapa que pas\u00f3 en la capital alemana el artista londinense. En total\" \/>\n\t<meta name=\"robots\" content=\"max-image-preview:large\" \/>\n\t<meta name=\"author\" content=\"admin\"\/>\n\t<meta name=\"google-site-verification\" content=\"UA-38556648-1\" \/>\n\t<meta name=\"keywords\" content=\"noticias y actualidad\" \/>\n\t<link rel=\"canonical\" href=\"https:\/\/eldigitaldeasturias.com\/magazine365\/berlin-acoge-al-david-bowie-mas-polifacetico-incluida-su-etapa-alemana\/\" \/>\n\t<meta name=\"generator\" content=\"All in One SEO Pro (AIOSEO) 4.9.6.1\" \/>\n\t\t<meta property=\"og:locale\" content=\"es_ES\" \/>\n\t\t<meta property=\"og:site_name\" content=\"El Digital de Asturias \u2013 Revista de ocio, turismo y estilo de vida\" \/>\n\t\t<meta property=\"og:type\" content=\"article\" \/>\n\t\t<meta property=\"og:title\" content=\"Berl\u00edn acoge al David Bowie m\u00e1s polifac\u00e9tico, incluida su etapa \u00abalemana\u00bb | El Digital de Asturias\" \/>\n\t\t<meta property=\"og:description\" content=\"Berl\u00edn, 19 may (EFE).- La vida del polifac\u00e9tico cantante David Bowie llega ahora al museo Martin-Gropius-Bau de Berl\u00edn, a trav\u00e9s de una muestra llena de piezas \u00fanicas, que ampl\u00eda la exitosa exposici\u00f3n presentada un a\u00f1o atr\u00e1s en Londres con material procedente de la etapa que pas\u00f3 en la capital alemana el artista londinense. En total\" \/>\n\t\t<meta property=\"og:url\" content=\"https:\/\/eldigitaldeasturias.com\/magazine365\/berlin-acoge-al-david-bowie-mas-polifacetico-incluida-su-etapa-alemana\/\" \/>\n\t\t<meta property=\"og:image\" content=\"https:\/\/eldigitaldeasturias.com\/magazine365\/wp-content\/uploads\/2014\/05\/6275814w.jpg\" \/>\n\t\t<meta property=\"og:image:secure_url\" content=\"https:\/\/eldigitaldeasturias.com\/magazine365\/wp-content\/uploads\/2014\/05\/6275814w.jpg\" \/>\n\t\t<meta property=\"og:image:width\" content=\"800\" \/>\n\t\t<meta property=\"og:image:height\" content=\"525\" \/>\n\t\t<meta property=\"article:published_time\" content=\"2014-05-20T00:13:42+00:00\" \/>\n\t\t<meta property=\"article:modified_time\" content=\"2014-05-20T00:13:42+00:00\" \/>\n\t\t<meta name=\"twitter:card\" content=\"summary_large_image\" \/>\n\t\t<meta name=\"twitter:title\" content=\"Berl\u00edn acoge al David Bowie m\u00e1s polifac\u00e9tico, incluida su etapa \u00abalemana\u00bb | El Digital de Asturias\" \/>\n\t\t<meta name=\"twitter:description\" content=\"Berl\u00edn, 19 may (EFE).- La vida del polifac\u00e9tico cantante David Bowie llega ahora al museo Martin-Gropius-Bau de Berl\u00edn, a trav\u00e9s de una muestra llena de piezas \u00fanicas, que ampl\u00eda la exitosa exposici\u00f3n presentada un a\u00f1o atr\u00e1s en Londres con material procedente de la etapa que pas\u00f3 en la capital alemana el artista londinense. En total\" \/>\n\t\t<meta name=\"twitter:image\" content=\"https:\/\/eldigitaldeasturias.com\/magazine365\/wp-content\/uploads\/2014\/05\/6275814w.jpg\" \/>\n\t\t<script type=\"application\/ld+json\" class=\"aioseo-schema\">\n\t\t\t{\"@context\":\"https:\\\/\\\/schema.org\",\"@graph\":[{\"@type\":\"Article\",\"@id\":\"https:\\\/\\\/eldigitaldeasturias.com\\\/magazine365\\\/berlin-acoge-al-david-bowie-mas-polifacetico-incluida-su-etapa-alemana\\\/#article\",\"name\":\"Berl\\u00edn acoge al David Bowie m\\u00e1s polifac\\u00e9tico, incluida su etapa \\u00abalemana\\u00bb | El Digital de Asturias\",\"headline\":\"Berl\\u00edn acoge al David Bowie m\\u00e1s polifac\\u00e9tico, incluida su etapa \\u00abalemana\\u00bb\",\"author\":{\"@id\":\"https:\\\/\\\/eldigitaldeasturias.com\\\/magazine365\\\/author\\\/admin\\\/#author\"},\"publisher\":{\"@id\":\"https:\\\/\\\/eldigitaldeasturias.com\\\/magazine365\\\/#organization\"},\"image\":{\"@type\":\"ImageObject\",\"url\":\"https:\\\/\\\/eldigitaldeasturias.com\\\/magazine365\\\/wp-content\\\/uploads\\\/2014\\\/05\\\/6275814w.jpg\",\"width\":800,\"height\":525},\"datePublished\":\"2014-05-19T22:13:42+02:00\",\"dateModified\":\"2014-05-19T22:13:42+02:00\",\"inLanguage\":\"es-ES\",\"mainEntityOfPage\":{\"@id\":\"https:\\\/\\\/eldigitaldeasturias.com\\\/magazine365\\\/berlin-acoge-al-david-bowie-mas-polifacetico-incluida-su-etapa-alemana\\\/#webpage\"},\"isPartOf\":{\"@id\":\"https:\\\/\\\/eldigitaldeasturias.com\\\/magazine365\\\/berlin-acoge-al-david-bowie-mas-polifacetico-incluida-su-etapa-alemana\\\/#webpage\"},\"articleSection\":\"Noticias y Actualidad\"},{\"@type\":\"BreadcrumbList\",\"@id\":\"https:\\\/\\\/eldigitaldeasturias.com\\\/magazine365\\\/berlin-acoge-al-david-bowie-mas-polifacetico-incluida-su-etapa-alemana\\\/#breadcrumblist\",\"itemListElement\":[{\"@type\":\"ListItem\",\"@id\":\"https:\\\/\\\/eldigitaldeasturias.com\\\/magazine365#listItem\",\"position\":1,\"name\":\"Home\",\"item\":\"https:\\\/\\\/eldigitaldeasturias.com\\\/magazine365\",\"nextItem\":{\"@type\":\"ListItem\",\"@id\":\"https:\\\/\\\/eldigitaldeasturias.com\\\/magazine365\\\/category\\\/noticias-actualidad\\\/#listItem\",\"name\":\"Noticias y Actualidad\"}},{\"@type\":\"ListItem\",\"@id\":\"https:\\\/\\\/eldigitaldeasturias.com\\\/magazine365\\\/category\\\/noticias-actualidad\\\/#listItem\",\"position\":2,\"name\":\"Noticias y Actualidad\",\"item\":\"https:\\\/\\\/eldigitaldeasturias.com\\\/magazine365\\\/category\\\/noticias-actualidad\\\/\",\"nextItem\":{\"@type\":\"ListItem\",\"@id\":\"https:\\\/\\\/eldigitaldeasturias.com\\\/magazine365\\\/berlin-acoge-al-david-bowie-mas-polifacetico-incluida-su-etapa-alemana\\\/#listItem\",\"name\":\"Berl\\u00edn acoge al David Bowie m\\u00e1s polifac\\u00e9tico, incluida su etapa \\u00abalemana\\u00bb\"},\"previousItem\":{\"@type\":\"ListItem\",\"@id\":\"https:\\\/\\\/eldigitaldeasturias.com\\\/magazine365#listItem\",\"name\":\"Home\"}},{\"@type\":\"ListItem\",\"@id\":\"https:\\\/\\\/eldigitaldeasturias.com\\\/magazine365\\\/berlin-acoge-al-david-bowie-mas-polifacetico-incluida-su-etapa-alemana\\\/#listItem\",\"position\":3,\"name\":\"Berl\\u00edn acoge al David Bowie m\\u00e1s polifac\\u00e9tico, incluida su etapa \\u00abalemana\\u00bb\",\"previousItem\":{\"@type\":\"ListItem\",\"@id\":\"https:\\\/\\\/eldigitaldeasturias.com\\\/magazine365\\\/category\\\/noticias-actualidad\\\/#listItem\",\"name\":\"Noticias y Actualidad\"}}]},{\"@type\":\"Organization\",\"@id\":\"https:\\\/\\\/eldigitaldeasturias.com\\\/magazine365\\\/#organization\",\"name\":\"El digital de Asturias\",\"description\":\"Revista de ocio, turismo y estilo de vida\",\"url\":\"https:\\\/\\\/eldigitaldeasturias.com\\\/magazine365\\\/\",\"logo\":{\"@type\":\"ImageObject\",\"url\":\"https:\\\/\\\/www.eldigitaldeasturias.com\\\/noticias\\\/wp-content\\\/uploads\\\/2020\\\/12\\\/EDA.jpg\",\"@id\":\"https:\\\/\\\/eldigitaldeasturias.com\\\/magazine365\\\/berlin-acoge-al-david-bowie-mas-polifacetico-incluida-su-etapa-alemana\\\/#organizationLogo\"},\"image\":{\"@id\":\"https:\\\/\\\/eldigitaldeasturias.com\\\/magazine365\\\/berlin-acoge-al-david-bowie-mas-polifacetico-incluida-su-etapa-alemana\\\/#organizationLogo\"}},{\"@type\":\"Person\",\"@id\":\"https:\\\/\\\/eldigitaldeasturias.com\\\/magazine365\\\/author\\\/admin\\\/#author\",\"url\":\"https:\\\/\\\/eldigitaldeasturias.com\\\/magazine365\\\/author\\\/admin\\\/\",\"name\":\"admin\",\"image\":{\"@type\":\"ImageObject\",\"@id\":\"https:\\\/\\\/eldigitaldeasturias.com\\\/magazine365\\\/berlin-acoge-al-david-bowie-mas-polifacetico-incluida-su-etapa-alemana\\\/#authorImage\",\"url\":\"https:\\\/\\\/eldigitaldeasturias.com\\\/magazine365\\\/wp-content\\\/litespeed\\\/avatar\\\/e571bcf59a0edd6fa6838245a470f2fe.jpg?ver=1776969259\",\"width\":96,\"height\":96,\"caption\":\"admin\"}},{\"@type\":\"WebPage\",\"@id\":\"https:\\\/\\\/eldigitaldeasturias.com\\\/magazine365\\\/berlin-acoge-al-david-bowie-mas-polifacetico-incluida-su-etapa-alemana\\\/#webpage\",\"url\":\"https:\\\/\\\/eldigitaldeasturias.com\\\/magazine365\\\/berlin-acoge-al-david-bowie-mas-polifacetico-incluida-su-etapa-alemana\\\/\",\"name\":\"Berl\\u00edn acoge al David Bowie m\\u00e1s polifac\\u00e9tico, incluida su etapa \\u00abalemana\\u00bb | El Digital de Asturias\",\"description\":\"Berl\\u00edn, 19 may (EFE).- La vida del polifac\\u00e9tico cantante David Bowie llega ahora al museo Martin-Gropius-Bau de Berl\\u00edn, a trav\\u00e9s de una muestra llena de piezas \\u00fanicas, que ampl\\u00eda la exitosa exposici\\u00f3n presentada un a\\u00f1o atr\\u00e1s en Londres con material procedente de la etapa que pas\\u00f3 en la capital alemana el artista londinense. En total\",\"inLanguage\":\"es-ES\",\"isPartOf\":{\"@id\":\"https:\\\/\\\/eldigitaldeasturias.com\\\/magazine365\\\/#website\"},\"breadcrumb\":{\"@id\":\"https:\\\/\\\/eldigitaldeasturias.com\\\/magazine365\\\/berlin-acoge-al-david-bowie-mas-polifacetico-incluida-su-etapa-alemana\\\/#breadcrumblist\"},\"author\":{\"@id\":\"https:\\\/\\\/eldigitaldeasturias.com\\\/magazine365\\\/author\\\/admin\\\/#author\"},\"creator\":{\"@id\":\"https:\\\/\\\/eldigitaldeasturias.com\\\/magazine365\\\/author\\\/admin\\\/#author\"},\"image\":{\"@type\":\"ImageObject\",\"url\":\"https:\\\/\\\/eldigitaldeasturias.com\\\/magazine365\\\/wp-content\\\/uploads\\\/2014\\\/05\\\/6275814w.jpg\",\"@id\":\"https:\\\/\\\/eldigitaldeasturias.com\\\/magazine365\\\/berlin-acoge-al-david-bowie-mas-polifacetico-incluida-su-etapa-alemana\\\/#mainImage\",\"width\":800,\"height\":525},\"primaryImageOfPage\":{\"@id\":\"https:\\\/\\\/eldigitaldeasturias.com\\\/magazine365\\\/berlin-acoge-al-david-bowie-mas-polifacetico-incluida-su-etapa-alemana\\\/#mainImage\"},\"datePublished\":\"2014-05-19T22:13:42+02:00\",\"dateModified\":\"2014-05-19T22:13:42+02:00\"},{\"@type\":\"WebSite\",\"@id\":\"https:\\\/\\\/eldigitaldeasturias.com\\\/magazine365\\\/#website\",\"url\":\"https:\\\/\\\/eldigitaldeasturias.com\\\/magazine365\\\/\",\"name\":\"El Digital de Asturias\",\"description\":\"Revista de ocio, turismo y estilo de vida\",\"inLanguage\":\"es-ES\",\"publisher\":{\"@id\":\"https:\\\/\\\/eldigitaldeasturias.com\\\/magazine365\\\/#organization\"}}]}\n\t\t<\/script>\n\t\t<!-- All in One SEO Pro -->\r\n\t\t<title>Berl\u00edn acoge al David Bowie m\u00e1s polifac\u00e9tico, incluida su etapa \u00abalemana\u00bb | El Digital de Asturias<\/title>\n\n","aioseo_head_json":{"title":"Berl\u00edn acoge al David Bowie m\u00e1s polifac\u00e9tico, incluida su etapa \u00abalemana\u00bb | El Digital de Asturias","description":"Berl\u00edn, 19 may (EFE).- La vida del polifac\u00e9tico cantante David Bowie llega ahora al museo Martin-Gropius-Bau de Berl\u00edn, a trav\u00e9s de una muestra llena de piezas \u00fanicas, que ampl\u00eda la exitosa exposici\u00f3n presentada un a\u00f1o atr\u00e1s en Londres con material procedente de la etapa que pas\u00f3 en la capital alemana el artista londinense. En total","canonical_url":"https:\/\/eldigitaldeasturias.com\/magazine365\/berlin-acoge-al-david-bowie-mas-polifacetico-incluida-su-etapa-alemana\/","robots":"max-image-preview:large","keywords":"noticias y actualidad","webmasterTools":{"google-site-verification":"UA-38556648-1","miscellaneous":""},"schema":{"@context":"https:\/\/schema.org","@graph":[{"@type":"Article","@id":"https:\/\/eldigitaldeasturias.com\/magazine365\/berlin-acoge-al-david-bowie-mas-polifacetico-incluida-su-etapa-alemana\/#article","name":"Berl\u00edn acoge al David Bowie m\u00e1s polifac\u00e9tico, incluida su etapa \u00abalemana\u00bb | El Digital de Asturias","headline":"Berl\u00edn acoge al David Bowie m\u00e1s polifac\u00e9tico, incluida su etapa \u00abalemana\u00bb","author":{"@id":"https:\/\/eldigitaldeasturias.com\/magazine365\/author\/admin\/#author"},"publisher":{"@id":"https:\/\/eldigitaldeasturias.com\/magazine365\/#organization"},"image":{"@type":"ImageObject","url":"https:\/\/eldigitaldeasturias.com\/magazine365\/wp-content\/uploads\/2014\/05\/6275814w.jpg","width":800,"height":525},"datePublished":"2014-05-19T22:13:42+02:00","dateModified":"2014-05-19T22:13:42+02:00","inLanguage":"es-ES","mainEntityOfPage":{"@id":"https:\/\/eldigitaldeasturias.com\/magazine365\/berlin-acoge-al-david-bowie-mas-polifacetico-incluida-su-etapa-alemana\/#webpage"},"isPartOf":{"@id":"https:\/\/eldigitaldeasturias.com\/magazine365\/berlin-acoge-al-david-bowie-mas-polifacetico-incluida-su-etapa-alemana\/#webpage"},"articleSection":"Noticias y Actualidad"},{"@type":"BreadcrumbList","@id":"https:\/\/eldigitaldeasturias.com\/magazine365\/berlin-acoge-al-david-bowie-mas-polifacetico-incluida-su-etapa-alemana\/#breadcrumblist","itemListElement":[{"@type":"ListItem","@id":"https:\/\/eldigitaldeasturias.com\/magazine365#listItem","position":1,"name":"Home","item":"https:\/\/eldigitaldeasturias.com\/magazine365","nextItem":{"@type":"ListItem","@id":"https:\/\/eldigitaldeasturias.com\/magazine365\/category\/noticias-actualidad\/#listItem","name":"Noticias y Actualidad"}},{"@type":"ListItem","@id":"https:\/\/eldigitaldeasturias.com\/magazine365\/category\/noticias-actualidad\/#listItem","position":2,"name":"Noticias y Actualidad","item":"https:\/\/eldigitaldeasturias.com\/magazine365\/category\/noticias-actualidad\/","nextItem":{"@type":"ListItem","@id":"https:\/\/eldigitaldeasturias.com\/magazine365\/berlin-acoge-al-david-bowie-mas-polifacetico-incluida-su-etapa-alemana\/#listItem","name":"Berl\u00edn acoge al David Bowie m\u00e1s polifac\u00e9tico, incluida su etapa \u00abalemana\u00bb"},"previousItem":{"@type":"ListItem","@id":"https:\/\/eldigitaldeasturias.com\/magazine365#listItem","name":"Home"}},{"@type":"ListItem","@id":"https:\/\/eldigitaldeasturias.com\/magazine365\/berlin-acoge-al-david-bowie-mas-polifacetico-incluida-su-etapa-alemana\/#listItem","position":3,"name":"Berl\u00edn acoge al David Bowie m\u00e1s polifac\u00e9tico, incluida su etapa \u00abalemana\u00bb","previousItem":{"@type":"ListItem","@id":"https:\/\/eldigitaldeasturias.com\/magazine365\/category\/noticias-actualidad\/#listItem","name":"Noticias y Actualidad"}}]},{"@type":"Organization","@id":"https:\/\/eldigitaldeasturias.com\/magazine365\/#organization","name":"El digital de Asturias","description":"Revista de ocio, turismo y estilo de vida","url":"https:\/\/eldigitaldeasturias.com\/magazine365\/","logo":{"@type":"ImageObject","url":"https:\/\/www.eldigitaldeasturias.com\/noticias\/wp-content\/uploads\/2020\/12\/EDA.jpg","@id":"https:\/\/eldigitaldeasturias.com\/magazine365\/berlin-acoge-al-david-bowie-mas-polifacetico-incluida-su-etapa-alemana\/#organizationLogo"},"image":{"@id":"https:\/\/eldigitaldeasturias.com\/magazine365\/berlin-acoge-al-david-bowie-mas-polifacetico-incluida-su-etapa-alemana\/#organizationLogo"}},{"@type":"Person","@id":"https:\/\/eldigitaldeasturias.com\/magazine365\/author\/admin\/#author","url":"https:\/\/eldigitaldeasturias.com\/magazine365\/author\/admin\/","name":"admin","image":{"@type":"ImageObject","@id":"https:\/\/eldigitaldeasturias.com\/magazine365\/berlin-acoge-al-david-bowie-mas-polifacetico-incluida-su-etapa-alemana\/#authorImage","url":"https:\/\/eldigitaldeasturias.com\/magazine365\/wp-content\/litespeed\/avatar\/e571bcf59a0edd6fa6838245a470f2fe.jpg?ver=1776969259","width":96,"height":96,"caption":"admin"}},{"@type":"WebPage","@id":"https:\/\/eldigitaldeasturias.com\/magazine365\/berlin-acoge-al-david-bowie-mas-polifacetico-incluida-su-etapa-alemana\/#webpage","url":"https:\/\/eldigitaldeasturias.com\/magazine365\/berlin-acoge-al-david-bowie-mas-polifacetico-incluida-su-etapa-alemana\/","name":"Berl\u00edn acoge al David Bowie m\u00e1s polifac\u00e9tico, incluida su etapa \u00abalemana\u00bb | El Digital de Asturias","description":"Berl\u00edn, 19 may (EFE).- La vida del polifac\u00e9tico cantante David Bowie llega ahora al museo Martin-Gropius-Bau de Berl\u00edn, a trav\u00e9s de una muestra llena de piezas \u00fanicas, que ampl\u00eda la exitosa exposici\u00f3n presentada un a\u00f1o atr\u00e1s en Londres con material procedente de la etapa que pas\u00f3 en la capital alemana el artista londinense. En total","inLanguage":"es-ES","isPartOf":{"@id":"https:\/\/eldigitaldeasturias.com\/magazine365\/#website"},"breadcrumb":{"@id":"https:\/\/eldigitaldeasturias.com\/magazine365\/berlin-acoge-al-david-bowie-mas-polifacetico-incluida-su-etapa-alemana\/#breadcrumblist"},"author":{"@id":"https:\/\/eldigitaldeasturias.com\/magazine365\/author\/admin\/#author"},"creator":{"@id":"https:\/\/eldigitaldeasturias.com\/magazine365\/author\/admin\/#author"},"image":{"@type":"ImageObject","url":"https:\/\/eldigitaldeasturias.com\/magazine365\/wp-content\/uploads\/2014\/05\/6275814w.jpg","@id":"https:\/\/eldigitaldeasturias.com\/magazine365\/berlin-acoge-al-david-bowie-mas-polifacetico-incluida-su-etapa-alemana\/#mainImage","width":800,"height":525},"primaryImageOfPage":{"@id":"https:\/\/eldigitaldeasturias.com\/magazine365\/berlin-acoge-al-david-bowie-mas-polifacetico-incluida-su-etapa-alemana\/#mainImage"},"datePublished":"2014-05-19T22:13:42+02:00","dateModified":"2014-05-19T22:13:42+02:00"},{"@type":"WebSite","@id":"https:\/\/eldigitaldeasturias.com\/magazine365\/#website","url":"https:\/\/eldigitaldeasturias.com\/magazine365\/","name":"El Digital de Asturias","description":"Revista de ocio, turismo y estilo de vida","inLanguage":"es-ES","publisher":{"@id":"https:\/\/eldigitaldeasturias.com\/magazine365\/#organization"}}]},"og:locale":"es_ES","og:site_name":"El Digital de Asturias \u2013 Revista de ocio, turismo y estilo de vida","og:type":"article","og:title":"Berl\u00edn acoge al David Bowie m\u00e1s polifac\u00e9tico, incluida su etapa \u00abalemana\u00bb | El Digital de Asturias","og:description":"Berl\u00edn, 19 may (EFE).- La vida del polifac\u00e9tico cantante David Bowie llega ahora al museo Martin-Gropius-Bau de Berl\u00edn, a trav\u00e9s de una muestra llena de piezas \u00fanicas, que ampl\u00eda la exitosa exposici\u00f3n presentada un a\u00f1o atr\u00e1s en Londres con material procedente de la etapa que pas\u00f3 en la capital alemana el artista londinense. En total","og:url":"https:\/\/eldigitaldeasturias.com\/magazine365\/berlin-acoge-al-david-bowie-mas-polifacetico-incluida-su-etapa-alemana\/","og:image":"https:\/\/eldigitaldeasturias.com\/magazine365\/wp-content\/uploads\/2014\/05\/6275814w.jpg","og:image:secure_url":"https:\/\/eldigitaldeasturias.com\/magazine365\/wp-content\/uploads\/2014\/05\/6275814w.jpg","og:image:width":800,"og:image:height":525,"article:published_time":"2014-05-20T00:13:42+00:00","article:modified_time":"2014-05-20T00:13:42+00:00","twitter:card":"summary_large_image","twitter:title":"Berl\u00edn acoge al David Bowie m\u00e1s polifac\u00e9tico, incluida su etapa \u00abalemana\u00bb | El Digital de Asturias","twitter:description":"Berl\u00edn, 19 may (EFE).- La vida del polifac\u00e9tico cantante David Bowie llega ahora al museo Martin-Gropius-Bau de Berl\u00edn, a trav\u00e9s de una muestra llena de piezas \u00fanicas, que ampl\u00eda la exitosa exposici\u00f3n presentada un a\u00f1o atr\u00e1s en Londres con material procedente de la etapa que pas\u00f3 en la capital alemana el artista londinense. En total","twitter:image":"https:\/\/eldigitaldeasturias.com\/magazine365\/wp-content\/uploads\/2014\/05\/6275814w.jpg"},"aioseo_meta_data":{"post_id":"13239","title":null,"description":null,"keywords":null,"keyphrases":null,"primary_term":null,"canonical_url":null,"og_title":null,"og_description":null,"og_object_type":"default","og_image_type":"default","og_image_url":null,"og_image_width":null,"og_image_height":null,"og_image_custom_url":null,"og_image_custom_fields":null,"og_video":null,"og_custom_url":null,"og_article_section":null,"og_article_tags":null,"twitter_use_og":false,"twitter_card":"default","twitter_image_type":"default","twitter_image_url":null,"twitter_image_custom_url":null,"twitter_image_custom_fields":null,"twitter_title":null,"twitter_description":null,"schema":{"blockGraphs":[],"customGraphs":[],"default":{"data":{"Article":[],"Course":[],"Dataset":[],"FAQPage":[],"Movie":[],"Person":[],"Product":[],"ProductReview":[],"Car":[],"Recipe":[],"Service":[],"SoftwareApplication":[],"WebPage":[]},"graphName":"","isEnabled":true},"graphs":[],"defaultGraph":"","defaultPostTypeGraph":""},"schema_type":null,"schema_type_options":null,"pillar_content":false,"robots_default":true,"robots_noindex":false,"robots_noarchive":false,"robots_nosnippet":false,"robots_nofollow":false,"robots_noimageindex":false,"robots_noodp":false,"robots_notranslate":false,"robots_max_snippet":null,"robots_max_videopreview":null,"robots_max_imagepreview":"large","priority":null,"frequency":null,"location":null,"local_seo":null,"seo_analyzer_scan_date":"2025-09-17 07:51:14","breadcrumb_settings":null,"limit_modified_date":false,"open_ai":null,"ai":null,"created":"2021-03-09 08:30:53","updated":"2025-09-17 07:51:14"},"aioseo_breadcrumb":"<div class=\"aioseo-breadcrumbs\"><span class=\"aioseo-breadcrumb\">\n\t<a href=\"https:\/\/eldigitaldeasturias.com\/magazine365\" title=\"Home\">Home<\/a>\n<\/span><span class=\"aioseo-breadcrumb-separator\">\u2013<\/span><span class=\"aioseo-breadcrumb\">\n\t<a href=\"https:\/\/eldigitaldeasturias.com\/magazine365\/category\/noticias-actualidad\/\" title=\"Noticias y Actualidad\">Noticias y Actualidad<\/a>\n<\/span><span class=\"aioseo-breadcrumb-separator\">\u2013<\/span><span class=\"aioseo-breadcrumb\">\n\t<a href=\"https:\/\/eldigitaldeasturias.com\/magazine365\/berlin-acoge-al-david-bowie-mas-polifacetico-incluida-su-etapa-alemana\/\" title=\"Berl\u00edn acoge al David Bowie m\u00e1s polifac\u00e9tico, incluida su etapa \u00abalemana\u00bb\">Berl\u00edn acoge al David Bowie m\u00e1s polifac\u00e9tico, incluida su etapa \u00abalemana\u00bb<\/a>\n<\/span><\/div>","aioseo_breadcrumb_json":[{"label":"Home","link":"https:\/\/eldigitaldeasturias.com\/magazine365"},{"label":"Noticias y Actualidad","link":"https:\/\/eldigitaldeasturias.com\/magazine365\/category\/noticias-actualidad\/"},{"label":"Berl\u00edn acoge al David Bowie m\u00e1s polifac\u00e9tico, incluida su etapa \u00abalemana\u00bb","link":"https:\/\/eldigitaldeasturias.com\/magazine365\/berlin-acoge-al-david-bowie-mas-polifacetico-incluida-su-etapa-alemana\/"}],"_links":{"self":[{"href":"https:\/\/eldigitaldeasturias.com\/magazine365\/wp-json\/wp\/v2\/posts\/13239","targetHints":{"allow":["GET"]}}],"collection":[{"href":"https:\/\/eldigitaldeasturias.com\/magazine365\/wp-json\/wp\/v2\/posts"}],"about":[{"href":"https:\/\/eldigitaldeasturias.com\/magazine365\/wp-json\/wp\/v2\/types\/post"}],"author":[{"embeddable":true,"href":"https:\/\/eldigitaldeasturias.com\/magazine365\/wp-json\/wp\/v2\/users\/1"}],"replies":[{"embeddable":true,"href":"https:\/\/eldigitaldeasturias.com\/magazine365\/wp-json\/wp\/v2\/comments?post=13239"}],"version-history":[{"count":0,"href":"https:\/\/eldigitaldeasturias.com\/magazine365\/wp-json\/wp\/v2\/posts\/13239\/revisions"}],"wp:featuredmedia":[{"embeddable":true,"href":"https:\/\/eldigitaldeasturias.com\/magazine365\/wp-json\/wp\/v2\/media\/13240"}],"wp:attachment":[{"href":"https:\/\/eldigitaldeasturias.com\/magazine365\/wp-json\/wp\/v2\/media?parent=13239"}],"wp:term":[{"taxonomy":"category","embeddable":true,"href":"https:\/\/eldigitaldeasturias.com\/magazine365\/wp-json\/wp\/v2\/categories?post=13239"},{"taxonomy":"post_tag","embeddable":true,"href":"https:\/\/eldigitaldeasturias.com\/magazine365\/wp-json\/wp\/v2\/tags?post=13239"}],"curies":[{"name":"wp","href":"https:\/\/api.w.org\/{rel}","templated":true}]}}