{"id":13236,"date":"2014-05-19T22:12:08","date_gmt":"2014-05-20T00:12:08","guid":{"rendered":"http:\/\/eldigitaldeasturias.com\/magazine365\/?p=13236"},"modified":"2014-05-19T22:29:43","modified_gmt":"2014-05-20T00:29:43","slug":"elena-anaya-protagoniza-la-nueva-pelicula-del-chileno-matias-bize","status":"publish","type":"post","link":"https:\/\/eldigitaldeasturias.com\/magazine365\/elena-anaya-protagoniza-la-nueva-pelicula-del-chileno-matias-bize\/","title":{"rendered":"Elena Anaya protagoniza la nueva pel\u00edcula del chileno Mat\u00edas Biz\u00e9"},"content":{"rendered":"<p><img fetchpriority=\"high\" decoding=\"async\" class=\"alignleft size-medium wp-image-13237\" alt=\"6275880w\" src=\"https:\/\/eldigitaldeasturias.com\/magazine365\/wp-content\/uploads\/2014\/05\/6275880w-360x235.jpg\" width=\"360\" height=\"235\" srcset=\"https:\/\/eldigitaldeasturias.com\/magazine365\/wp-content\/uploads\/2014\/05\/6275880w-360x235.jpg 360w, https:\/\/eldigitaldeasturias.com\/magazine365\/wp-content\/uploads\/2014\/05\/6275880w-650x425.jpg 650w, https:\/\/eldigitaldeasturias.com\/magazine365\/wp-content\/uploads\/2014\/05\/6275880w-768x502.jpg 768w, https:\/\/eldigitaldeasturias.com\/magazine365\/wp-content\/uploads\/2014\/05\/6275880w-150x98.jpg 150w, https:\/\/eldigitaldeasturias.com\/magazine365\/wp-content\/uploads\/2014\/05\/6275880w-450x294.jpg 450w, https:\/\/eldigitaldeasturias.com\/magazine365\/wp-content\/uploads\/2014\/05\/6275880w-696x455.jpg 696w, https:\/\/eldigitaldeasturias.com\/magazine365\/wp-content\/uploads\/2014\/05\/6275880w-741x486.jpg 741w, https:\/\/eldigitaldeasturias.com\/magazine365\/wp-content\/uploads\/2014\/05\/6275880w-642x420.jpg 642w, https:\/\/eldigitaldeasturias.com\/magazine365\/wp-content\/uploads\/2014\/05\/6275880w-84x55.jpg 84w, https:\/\/eldigitaldeasturias.com\/magazine365\/wp-content\/uploads\/2014\/05\/6275880w.jpg 800w\" sizes=\"(max-width: 360px) 100vw, 360px\" \/>Madrid, may (EFE).- Elena Anaya protagonizar\u00e1 \u00abLa memoria del agua\u00bb, el nuevo largometraje del chileno Mat\u00edas Bize, ganador del Goya a la Mejor Pel\u00edcula Hispanoamericana con \u00abLa Vida de los Peces\u00bb (2010), que se rodar\u00e1 del 14 de julio al 31 de agosto en localizaciones naturales del sur de Chile, y en Santiago.<\/p>\n<p>Este es el quinto filme de este director, una coproducci\u00f3n entre Chile, Espa\u00f1a, Argentina y Alemania, que tendr\u00e1 como coprotagonista al actor tambi\u00e9n chileno Benjam\u00edn Vicu\u00f1a.<\/p>\n<p>\u00abLa memoria del agua\u00bb es una reflexi\u00f3n sobre las dificultades de un matrimonio frente a una crisis extrema y la dura lucha que tienen por reconstruir su relaci\u00f3n; un reflejo de c\u00f3mo una pareja que se ama, se disuelve lentamente despu\u00e9s de una dolorosa p\u00e9rdida.<\/p>\n<p>Seg\u00fan ha explicado el director en una nota facilitada a Efe, al igual que en sus pel\u00edculas anteriores \u00abEn la Cama\u00bb (2005) o \u00abLa vida de los peces\u00bb, \u00e9sta se mete de lleno en una historia de amor.<\/p>\n<p>\u00abLa pel\u00edcula nos plantea la b\u00fasqueda de los personajes por encontrar el amor como, quiz\u00e1s, la \u00fanica manera de lograr la superaci\u00f3n de la culpa, la redenci\u00f3n y la trascendencia. &#8216;La memoria del agua&#8217; es una reflexi\u00f3n sobre la memoria, y la relaci\u00f3n entre el amor y la p\u00e9rdida\u00bb, ha dicho el cineasta chileno.<\/p>\n<p>Biz\u00e9 ha estado trabajando en el guion los \u00faltimos tres a\u00f1os, junto a Julio Rojas, hasta llegar a la versi\u00f3n final que se termin\u00f3 en la Residencia del Festival Internacional de Cine de Berl\u00edn.<\/p>\n<p>La actriz espa\u00f1ola ha comentado que el proyecto le lleg\u00f3 \u00abcomo una flecha desde el otro lado del oc\u00e9ano\u00bb, y la atraves\u00f3. \u00abLeerlo me conmovi\u00f3 profundamente\u00bb, ha afirmado la protagonista de \u00abLa piel que habito\u00bb y \u00abHabitaci\u00f3n en Roma\u00bb.<\/p>\n<p>En su opini\u00f3n, es \u00abuna historia de un amor precioso e imposible, tratado desde su lado m\u00e1s rocoso y abrupto, pero, a la vez, lleno de luz y de emoci\u00f3n. Y de amor, de mucho amor\u00bb, puntualiza Anaya, poseedora tambi\u00e9n de un Goya a la Mejor Interpretaci\u00f3n Femenina por \u00abLa piel que habito\u00bb (2011).<\/p>\n","protected":false},"excerpt":{"rendered":"<p>Madrid, may (EFE).- Elena Anaya protagonizar\u00e1 \u00abLa memoria del agua\u00bb, el nuevo largometraje del chileno Mat\u00edas Bize, ganador del Goya a la Mejor Pel\u00edcula Hispanoamericana con \u00abLa Vida de los Peces\u00bb (2010), que se rodar\u00e1 del 14 de julio al 31 de agosto en localizaciones naturales del sur de Chile, y en Santiago. Este es<\/p>\n","protected":false},"author":1,"featured_media":13237,"comment_status":"open","ping_status":"closed","sticky":false,"template":"","format":"standard","meta":{"footnotes":""},"categories":[224],"tags":[],"class_list":{"0":"post-13236","1":"post","2":"type-post","3":"status-publish","4":"format-standard","5":"has-post-thumbnail","7":"category-noticias-actualidad"},"aioseo_notices":[],"aioseo_head":"\n\t\t<!-- All in One SEO Pro 4.9.6.1 - aioseo.com -->\n\t<meta name=\"description\" content=\"Madrid, may (EFE).- Elena Anaya protagonizar\u00e1 &quot;La memoria del agua&quot;, el nuevo largometraje del chileno Mat\u00edas Bize, ganador del Goya a la Mejor Pel\u00edcula Hispanoamericana con &quot;La Vida de los Peces&quot; (2010), que se rodar\u00e1 del 14 de julio al 31 de agosto en localizaciones naturales del sur de Chile, y en Santiago. Este es\" \/>\n\t<meta name=\"robots\" content=\"max-image-preview:large\" \/>\n\t<meta name=\"author\" content=\"admin\"\/>\n\t<meta name=\"google-site-verification\" content=\"UA-38556648-1\" \/>\n\t<meta name=\"keywords\" content=\"noticias y actualidad\" \/>\n\t<link rel=\"canonical\" href=\"https:\/\/eldigitaldeasturias.com\/magazine365\/elena-anaya-protagoniza-la-nueva-pelicula-del-chileno-matias-bize\/\" \/>\n\t<meta name=\"generator\" content=\"All in One SEO Pro (AIOSEO) 4.9.6.1\" \/>\n\t\t<meta property=\"og:locale\" content=\"es_ES\" \/>\n\t\t<meta property=\"og:site_name\" content=\"El Digital de Asturias \u2013 Revista de ocio, turismo y estilo de vida\" \/>\n\t\t<meta property=\"og:type\" content=\"article\" \/>\n\t\t<meta property=\"og:title\" content=\"Elena Anaya protagoniza la nueva pel\u00edcula del chileno Mat\u00edas Biz\u00e9 | El Digital de Asturias\" \/>\n\t\t<meta property=\"og:description\" content=\"Madrid, may (EFE).- Elena Anaya protagonizar\u00e1 &quot;La memoria del agua&quot;, el nuevo largometraje del chileno Mat\u00edas Bize, ganador del Goya a la Mejor Pel\u00edcula Hispanoamericana con &quot;La Vida de los Peces&quot; (2010), que se rodar\u00e1 del 14 de julio al 31 de agosto en localizaciones naturales del sur de Chile, y en Santiago. Este es\" \/>\n\t\t<meta property=\"og:url\" content=\"https:\/\/eldigitaldeasturias.com\/magazine365\/elena-anaya-protagoniza-la-nueva-pelicula-del-chileno-matias-bize\/\" \/>\n\t\t<meta property=\"og:image\" content=\"https:\/\/eldigitaldeasturias.com\/magazine365\/wp-content\/uploads\/2014\/05\/6275880w.jpg\" \/>\n\t\t<meta property=\"og:image:secure_url\" content=\"https:\/\/eldigitaldeasturias.com\/magazine365\/wp-content\/uploads\/2014\/05\/6275880w.jpg\" \/>\n\t\t<meta property=\"og:image:width\" content=\"800\" \/>\n\t\t<meta property=\"og:image:height\" content=\"523\" \/>\n\t\t<meta property=\"article:published_time\" content=\"2014-05-20T00:12:08+00:00\" \/>\n\t\t<meta property=\"article:modified_time\" content=\"2014-05-20T00:29:43+00:00\" \/>\n\t\t<meta name=\"twitter:card\" content=\"summary_large_image\" \/>\n\t\t<meta name=\"twitter:title\" content=\"Elena Anaya protagoniza la nueva pel\u00edcula del chileno Mat\u00edas Biz\u00e9 | El Digital de Asturias\" \/>\n\t\t<meta name=\"twitter:description\" content=\"Madrid, may (EFE).- Elena Anaya protagonizar\u00e1 &quot;La memoria del agua&quot;, el nuevo largometraje del chileno Mat\u00edas Bize, ganador del Goya a la Mejor Pel\u00edcula Hispanoamericana con &quot;La Vida de los Peces&quot; (2010), que se rodar\u00e1 del 14 de julio al 31 de agosto en localizaciones naturales del sur de Chile, y en Santiago. Este es\" \/>\n\t\t<meta name=\"twitter:image\" content=\"https:\/\/eldigitaldeasturias.com\/magazine365\/wp-content\/uploads\/2014\/05\/6275880w.jpg\" \/>\n\t\t<script type=\"application\/ld+json\" class=\"aioseo-schema\">\n\t\t\t{\"@context\":\"https:\\\/\\\/schema.org\",\"@graph\":[{\"@type\":\"Article\",\"@id\":\"https:\\\/\\\/eldigitaldeasturias.com\\\/magazine365\\\/elena-anaya-protagoniza-la-nueva-pelicula-del-chileno-matias-bize\\\/#article\",\"name\":\"Elena Anaya protagoniza la nueva pel\\u00edcula del chileno Mat\\u00edas Biz\\u00e9 | El Digital de Asturias\",\"headline\":\"Elena Anaya protagoniza la nueva pel\\u00edcula del chileno Mat\\u00edas Biz\\u00e9\",\"author\":{\"@id\":\"https:\\\/\\\/eldigitaldeasturias.com\\\/magazine365\\\/author\\\/admin\\\/#author\"},\"publisher\":{\"@id\":\"https:\\\/\\\/eldigitaldeasturias.com\\\/magazine365\\\/#organization\"},\"image\":{\"@type\":\"ImageObject\",\"url\":\"https:\\\/\\\/eldigitaldeasturias.com\\\/magazine365\\\/wp-content\\\/uploads\\\/2014\\\/05\\\/6275880w.jpg\",\"width\":800,\"height\":523},\"datePublished\":\"2014-05-19T22:12:08+02:00\",\"dateModified\":\"2014-05-19T22:29:43+02:00\",\"inLanguage\":\"es-ES\",\"mainEntityOfPage\":{\"@id\":\"https:\\\/\\\/eldigitaldeasturias.com\\\/magazine365\\\/elena-anaya-protagoniza-la-nueva-pelicula-del-chileno-matias-bize\\\/#webpage\"},\"isPartOf\":{\"@id\":\"https:\\\/\\\/eldigitaldeasturias.com\\\/magazine365\\\/elena-anaya-protagoniza-la-nueva-pelicula-del-chileno-matias-bize\\\/#webpage\"},\"articleSection\":\"Noticias y Actualidad\"},{\"@type\":\"BreadcrumbList\",\"@id\":\"https:\\\/\\\/eldigitaldeasturias.com\\\/magazine365\\\/elena-anaya-protagoniza-la-nueva-pelicula-del-chileno-matias-bize\\\/#breadcrumblist\",\"itemListElement\":[{\"@type\":\"ListItem\",\"@id\":\"https:\\\/\\\/eldigitaldeasturias.com\\\/magazine365#listItem\",\"position\":1,\"name\":\"Home\",\"item\":\"https:\\\/\\\/eldigitaldeasturias.com\\\/magazine365\",\"nextItem\":{\"@type\":\"ListItem\",\"@id\":\"https:\\\/\\\/eldigitaldeasturias.com\\\/magazine365\\\/category\\\/noticias-actualidad\\\/#listItem\",\"name\":\"Noticias y Actualidad\"}},{\"@type\":\"ListItem\",\"@id\":\"https:\\\/\\\/eldigitaldeasturias.com\\\/magazine365\\\/category\\\/noticias-actualidad\\\/#listItem\",\"position\":2,\"name\":\"Noticias y Actualidad\",\"item\":\"https:\\\/\\\/eldigitaldeasturias.com\\\/magazine365\\\/category\\\/noticias-actualidad\\\/\",\"nextItem\":{\"@type\":\"ListItem\",\"@id\":\"https:\\\/\\\/eldigitaldeasturias.com\\\/magazine365\\\/elena-anaya-protagoniza-la-nueva-pelicula-del-chileno-matias-bize\\\/#listItem\",\"name\":\"Elena Anaya protagoniza la nueva pel\\u00edcula del chileno Mat\\u00edas Biz\\u00e9\"},\"previousItem\":{\"@type\":\"ListItem\",\"@id\":\"https:\\\/\\\/eldigitaldeasturias.com\\\/magazine365#listItem\",\"name\":\"Home\"}},{\"@type\":\"ListItem\",\"@id\":\"https:\\\/\\\/eldigitaldeasturias.com\\\/magazine365\\\/elena-anaya-protagoniza-la-nueva-pelicula-del-chileno-matias-bize\\\/#listItem\",\"position\":3,\"name\":\"Elena Anaya protagoniza la nueva pel\\u00edcula del chileno Mat\\u00edas Biz\\u00e9\",\"previousItem\":{\"@type\":\"ListItem\",\"@id\":\"https:\\\/\\\/eldigitaldeasturias.com\\\/magazine365\\\/category\\\/noticias-actualidad\\\/#listItem\",\"name\":\"Noticias y Actualidad\"}}]},{\"@type\":\"Organization\",\"@id\":\"https:\\\/\\\/eldigitaldeasturias.com\\\/magazine365\\\/#organization\",\"name\":\"El digital de Asturias\",\"description\":\"Revista de ocio, turismo y estilo de vida\",\"url\":\"https:\\\/\\\/eldigitaldeasturias.com\\\/magazine365\\\/\",\"logo\":{\"@type\":\"ImageObject\",\"url\":\"https:\\\/\\\/www.eldigitaldeasturias.com\\\/noticias\\\/wp-content\\\/uploads\\\/2020\\\/12\\\/EDA.jpg\",\"@id\":\"https:\\\/\\\/eldigitaldeasturias.com\\\/magazine365\\\/elena-anaya-protagoniza-la-nueva-pelicula-del-chileno-matias-bize\\\/#organizationLogo\"},\"image\":{\"@id\":\"https:\\\/\\\/eldigitaldeasturias.com\\\/magazine365\\\/elena-anaya-protagoniza-la-nueva-pelicula-del-chileno-matias-bize\\\/#organizationLogo\"}},{\"@type\":\"Person\",\"@id\":\"https:\\\/\\\/eldigitaldeasturias.com\\\/magazine365\\\/author\\\/admin\\\/#author\",\"url\":\"https:\\\/\\\/eldigitaldeasturias.com\\\/magazine365\\\/author\\\/admin\\\/\",\"name\":\"admin\",\"image\":{\"@type\":\"ImageObject\",\"@id\":\"https:\\\/\\\/eldigitaldeasturias.com\\\/magazine365\\\/elena-anaya-protagoniza-la-nueva-pelicula-del-chileno-matias-bize\\\/#authorImage\",\"url\":\"https:\\\/\\\/eldigitaldeasturias.com\\\/magazine365\\\/wp-content\\\/litespeed\\\/avatar\\\/e571bcf59a0edd6fa6838245a470f2fe.jpg?ver=1776969259\",\"width\":96,\"height\":96,\"caption\":\"admin\"}},{\"@type\":\"WebPage\",\"@id\":\"https:\\\/\\\/eldigitaldeasturias.com\\\/magazine365\\\/elena-anaya-protagoniza-la-nueva-pelicula-del-chileno-matias-bize\\\/#webpage\",\"url\":\"https:\\\/\\\/eldigitaldeasturias.com\\\/magazine365\\\/elena-anaya-protagoniza-la-nueva-pelicula-del-chileno-matias-bize\\\/\",\"name\":\"Elena Anaya protagoniza la nueva pel\\u00edcula del chileno Mat\\u00edas Biz\\u00e9 | El Digital de Asturias\",\"description\":\"Madrid, may (EFE).- Elena Anaya protagonizar\\u00e1 \\\"La memoria del agua\\\", el nuevo largometraje del chileno Mat\\u00edas Bize, ganador del Goya a la Mejor Pel\\u00edcula Hispanoamericana con \\\"La Vida de los Peces\\\" (2010), que se rodar\\u00e1 del 14 de julio al 31 de agosto en localizaciones naturales del sur de Chile, y en Santiago. Este es\",\"inLanguage\":\"es-ES\",\"isPartOf\":{\"@id\":\"https:\\\/\\\/eldigitaldeasturias.com\\\/magazine365\\\/#website\"},\"breadcrumb\":{\"@id\":\"https:\\\/\\\/eldigitaldeasturias.com\\\/magazine365\\\/elena-anaya-protagoniza-la-nueva-pelicula-del-chileno-matias-bize\\\/#breadcrumblist\"},\"author\":{\"@id\":\"https:\\\/\\\/eldigitaldeasturias.com\\\/magazine365\\\/author\\\/admin\\\/#author\"},\"creator\":{\"@id\":\"https:\\\/\\\/eldigitaldeasturias.com\\\/magazine365\\\/author\\\/admin\\\/#author\"},\"image\":{\"@type\":\"ImageObject\",\"url\":\"https:\\\/\\\/eldigitaldeasturias.com\\\/magazine365\\\/wp-content\\\/uploads\\\/2014\\\/05\\\/6275880w.jpg\",\"@id\":\"https:\\\/\\\/eldigitaldeasturias.com\\\/magazine365\\\/elena-anaya-protagoniza-la-nueva-pelicula-del-chileno-matias-bize\\\/#mainImage\",\"width\":800,\"height\":523},\"primaryImageOfPage\":{\"@id\":\"https:\\\/\\\/eldigitaldeasturias.com\\\/magazine365\\\/elena-anaya-protagoniza-la-nueva-pelicula-del-chileno-matias-bize\\\/#mainImage\"},\"datePublished\":\"2014-05-19T22:12:08+02:00\",\"dateModified\":\"2014-05-19T22:29:43+02:00\"},{\"@type\":\"WebSite\",\"@id\":\"https:\\\/\\\/eldigitaldeasturias.com\\\/magazine365\\\/#website\",\"url\":\"https:\\\/\\\/eldigitaldeasturias.com\\\/magazine365\\\/\",\"name\":\"El Digital de Asturias\",\"description\":\"Revista de ocio, turismo y estilo de vida\",\"inLanguage\":\"es-ES\",\"publisher\":{\"@id\":\"https:\\\/\\\/eldigitaldeasturias.com\\\/magazine365\\\/#organization\"}}]}\n\t\t<\/script>\n\t\t<!-- All in One SEO Pro -->\r\n\t\t<title>Elena Anaya protagoniza la nueva pel\u00edcula del chileno Mat\u00edas Biz\u00e9 | El Digital de Asturias<\/title>\n\n","aioseo_head_json":{"title":"Elena Anaya protagoniza la nueva pel\u00edcula del chileno Mat\u00edas Biz\u00e9 | El Digital de Asturias","description":"Madrid, may (EFE).- Elena Anaya protagonizar\u00e1 \"La memoria del agua\", el nuevo largometraje del chileno Mat\u00edas Bize, ganador del Goya a la Mejor Pel\u00edcula Hispanoamericana con \"La Vida de los Peces\" (2010), que se rodar\u00e1 del 14 de julio al 31 de agosto en localizaciones naturales del sur de Chile, y en Santiago. Este es","canonical_url":"https:\/\/eldigitaldeasturias.com\/magazine365\/elena-anaya-protagoniza-la-nueva-pelicula-del-chileno-matias-bize\/","robots":"max-image-preview:large","keywords":"noticias y actualidad","webmasterTools":{"google-site-verification":"UA-38556648-1","miscellaneous":""},"schema":{"@context":"https:\/\/schema.org","@graph":[{"@type":"Article","@id":"https:\/\/eldigitaldeasturias.com\/magazine365\/elena-anaya-protagoniza-la-nueva-pelicula-del-chileno-matias-bize\/#article","name":"Elena Anaya protagoniza la nueva pel\u00edcula del chileno Mat\u00edas Biz\u00e9 | El Digital de Asturias","headline":"Elena Anaya protagoniza la nueva pel\u00edcula del chileno Mat\u00edas Biz\u00e9","author":{"@id":"https:\/\/eldigitaldeasturias.com\/magazine365\/author\/admin\/#author"},"publisher":{"@id":"https:\/\/eldigitaldeasturias.com\/magazine365\/#organization"},"image":{"@type":"ImageObject","url":"https:\/\/eldigitaldeasturias.com\/magazine365\/wp-content\/uploads\/2014\/05\/6275880w.jpg","width":800,"height":523},"datePublished":"2014-05-19T22:12:08+02:00","dateModified":"2014-05-19T22:29:43+02:00","inLanguage":"es-ES","mainEntityOfPage":{"@id":"https:\/\/eldigitaldeasturias.com\/magazine365\/elena-anaya-protagoniza-la-nueva-pelicula-del-chileno-matias-bize\/#webpage"},"isPartOf":{"@id":"https:\/\/eldigitaldeasturias.com\/magazine365\/elena-anaya-protagoniza-la-nueva-pelicula-del-chileno-matias-bize\/#webpage"},"articleSection":"Noticias y Actualidad"},{"@type":"BreadcrumbList","@id":"https:\/\/eldigitaldeasturias.com\/magazine365\/elena-anaya-protagoniza-la-nueva-pelicula-del-chileno-matias-bize\/#breadcrumblist","itemListElement":[{"@type":"ListItem","@id":"https:\/\/eldigitaldeasturias.com\/magazine365#listItem","position":1,"name":"Home","item":"https:\/\/eldigitaldeasturias.com\/magazine365","nextItem":{"@type":"ListItem","@id":"https:\/\/eldigitaldeasturias.com\/magazine365\/category\/noticias-actualidad\/#listItem","name":"Noticias y Actualidad"}},{"@type":"ListItem","@id":"https:\/\/eldigitaldeasturias.com\/magazine365\/category\/noticias-actualidad\/#listItem","position":2,"name":"Noticias y Actualidad","item":"https:\/\/eldigitaldeasturias.com\/magazine365\/category\/noticias-actualidad\/","nextItem":{"@type":"ListItem","@id":"https:\/\/eldigitaldeasturias.com\/magazine365\/elena-anaya-protagoniza-la-nueva-pelicula-del-chileno-matias-bize\/#listItem","name":"Elena Anaya protagoniza la nueva pel\u00edcula del chileno Mat\u00edas Biz\u00e9"},"previousItem":{"@type":"ListItem","@id":"https:\/\/eldigitaldeasturias.com\/magazine365#listItem","name":"Home"}},{"@type":"ListItem","@id":"https:\/\/eldigitaldeasturias.com\/magazine365\/elena-anaya-protagoniza-la-nueva-pelicula-del-chileno-matias-bize\/#listItem","position":3,"name":"Elena Anaya protagoniza la nueva pel\u00edcula del chileno Mat\u00edas Biz\u00e9","previousItem":{"@type":"ListItem","@id":"https:\/\/eldigitaldeasturias.com\/magazine365\/category\/noticias-actualidad\/#listItem","name":"Noticias y Actualidad"}}]},{"@type":"Organization","@id":"https:\/\/eldigitaldeasturias.com\/magazine365\/#organization","name":"El digital de Asturias","description":"Revista de ocio, turismo y estilo de vida","url":"https:\/\/eldigitaldeasturias.com\/magazine365\/","logo":{"@type":"ImageObject","url":"https:\/\/www.eldigitaldeasturias.com\/noticias\/wp-content\/uploads\/2020\/12\/EDA.jpg","@id":"https:\/\/eldigitaldeasturias.com\/magazine365\/elena-anaya-protagoniza-la-nueva-pelicula-del-chileno-matias-bize\/#organizationLogo"},"image":{"@id":"https:\/\/eldigitaldeasturias.com\/magazine365\/elena-anaya-protagoniza-la-nueva-pelicula-del-chileno-matias-bize\/#organizationLogo"}},{"@type":"Person","@id":"https:\/\/eldigitaldeasturias.com\/magazine365\/author\/admin\/#author","url":"https:\/\/eldigitaldeasturias.com\/magazine365\/author\/admin\/","name":"admin","image":{"@type":"ImageObject","@id":"https:\/\/eldigitaldeasturias.com\/magazine365\/elena-anaya-protagoniza-la-nueva-pelicula-del-chileno-matias-bize\/#authorImage","url":"https:\/\/eldigitaldeasturias.com\/magazine365\/wp-content\/litespeed\/avatar\/e571bcf59a0edd6fa6838245a470f2fe.jpg?ver=1776969259","width":96,"height":96,"caption":"admin"}},{"@type":"WebPage","@id":"https:\/\/eldigitaldeasturias.com\/magazine365\/elena-anaya-protagoniza-la-nueva-pelicula-del-chileno-matias-bize\/#webpage","url":"https:\/\/eldigitaldeasturias.com\/magazine365\/elena-anaya-protagoniza-la-nueva-pelicula-del-chileno-matias-bize\/","name":"Elena Anaya protagoniza la nueva pel\u00edcula del chileno Mat\u00edas Biz\u00e9 | El Digital de Asturias","description":"Madrid, may (EFE).- Elena Anaya protagonizar\u00e1 \"La memoria del agua\", el nuevo largometraje del chileno Mat\u00edas Bize, ganador del Goya a la Mejor Pel\u00edcula Hispanoamericana con \"La Vida de los Peces\" (2010), que se rodar\u00e1 del 14 de julio al 31 de agosto en localizaciones naturales del sur de Chile, y en Santiago. Este es","inLanguage":"es-ES","isPartOf":{"@id":"https:\/\/eldigitaldeasturias.com\/magazine365\/#website"},"breadcrumb":{"@id":"https:\/\/eldigitaldeasturias.com\/magazine365\/elena-anaya-protagoniza-la-nueva-pelicula-del-chileno-matias-bize\/#breadcrumblist"},"author":{"@id":"https:\/\/eldigitaldeasturias.com\/magazine365\/author\/admin\/#author"},"creator":{"@id":"https:\/\/eldigitaldeasturias.com\/magazine365\/author\/admin\/#author"},"image":{"@type":"ImageObject","url":"https:\/\/eldigitaldeasturias.com\/magazine365\/wp-content\/uploads\/2014\/05\/6275880w.jpg","@id":"https:\/\/eldigitaldeasturias.com\/magazine365\/elena-anaya-protagoniza-la-nueva-pelicula-del-chileno-matias-bize\/#mainImage","width":800,"height":523},"primaryImageOfPage":{"@id":"https:\/\/eldigitaldeasturias.com\/magazine365\/elena-anaya-protagoniza-la-nueva-pelicula-del-chileno-matias-bize\/#mainImage"},"datePublished":"2014-05-19T22:12:08+02:00","dateModified":"2014-05-19T22:29:43+02:00"},{"@type":"WebSite","@id":"https:\/\/eldigitaldeasturias.com\/magazine365\/#website","url":"https:\/\/eldigitaldeasturias.com\/magazine365\/","name":"El Digital de Asturias","description":"Revista de ocio, turismo y estilo de vida","inLanguage":"es-ES","publisher":{"@id":"https:\/\/eldigitaldeasturias.com\/magazine365\/#organization"}}]},"og:locale":"es_ES","og:site_name":"El Digital de Asturias \u2013 Revista de ocio, turismo y estilo de vida","og:type":"article","og:title":"Elena Anaya protagoniza la nueva pel\u00edcula del chileno Mat\u00edas Biz\u00e9 | El Digital de Asturias","og:description":"Madrid, may (EFE).- Elena Anaya protagonizar\u00e1 &quot;La memoria del agua&quot;, el nuevo largometraje del chileno Mat\u00edas Bize, ganador del Goya a la Mejor Pel\u00edcula Hispanoamericana con &quot;La Vida de los Peces&quot; (2010), que se rodar\u00e1 del 14 de julio al 31 de agosto en localizaciones naturales del sur de Chile, y en Santiago. Este es","og:url":"https:\/\/eldigitaldeasturias.com\/magazine365\/elena-anaya-protagoniza-la-nueva-pelicula-del-chileno-matias-bize\/","og:image":"https:\/\/eldigitaldeasturias.com\/magazine365\/wp-content\/uploads\/2014\/05\/6275880w.jpg","og:image:secure_url":"https:\/\/eldigitaldeasturias.com\/magazine365\/wp-content\/uploads\/2014\/05\/6275880w.jpg","og:image:width":800,"og:image:height":523,"article:published_time":"2014-05-20T00:12:08+00:00","article:modified_time":"2014-05-20T00:29:43+00:00","twitter:card":"summary_large_image","twitter:title":"Elena Anaya protagoniza la nueva pel\u00edcula del chileno Mat\u00edas Biz\u00e9 | El Digital de Asturias","twitter:description":"Madrid, may (EFE).- Elena Anaya protagonizar\u00e1 &quot;La memoria del agua&quot;, el nuevo largometraje del chileno Mat\u00edas Bize, ganador del Goya a la Mejor Pel\u00edcula Hispanoamericana con &quot;La Vida de los Peces&quot; (2010), que se rodar\u00e1 del 14 de julio al 31 de agosto en localizaciones naturales del sur de Chile, y en Santiago. Este es","twitter:image":"https:\/\/eldigitaldeasturias.com\/magazine365\/wp-content\/uploads\/2014\/05\/6275880w.jpg"},"aioseo_meta_data":{"post_id":"13236","title":null,"description":null,"keywords":null,"keyphrases":null,"primary_term":null,"canonical_url":null,"og_title":null,"og_description":null,"og_object_type":"default","og_image_type":"default","og_image_url":null,"og_image_width":null,"og_image_height":null,"og_image_custom_url":null,"og_image_custom_fields":null,"og_video":null,"og_custom_url":null,"og_article_section":null,"og_article_tags":null,"twitter_use_og":false,"twitter_card":"default","twitter_image_type":"default","twitter_image_url":null,"twitter_image_custom_url":null,"twitter_image_custom_fields":null,"twitter_title":null,"twitter_description":null,"schema":{"blockGraphs":[],"customGraphs":[],"default":{"data":{"Article":[],"Course":[],"Dataset":[],"FAQPage":[],"Movie":[],"Person":[],"Product":[],"ProductReview":[],"Car":[],"Recipe":[],"Service":[],"SoftwareApplication":[],"WebPage":[]},"graphName":"","isEnabled":true},"graphs":[],"defaultGraph":"","defaultPostTypeGraph":""},"schema_type":null,"schema_type_options":null,"pillar_content":false,"robots_default":true,"robots_noindex":false,"robots_noarchive":false,"robots_nosnippet":false,"robots_nofollow":false,"robots_noimageindex":false,"robots_noodp":false,"robots_notranslate":false,"robots_max_snippet":null,"robots_max_videopreview":null,"robots_max_imagepreview":"large","priority":null,"frequency":null,"location":null,"local_seo":null,"seo_analyzer_scan_date":"2025-09-17 07:51:13","breadcrumb_settings":null,"limit_modified_date":false,"open_ai":null,"ai":null,"created":"2021-03-09 08:30:53","updated":"2025-09-17 07:51:13"},"aioseo_breadcrumb":"<div class=\"aioseo-breadcrumbs\"><span class=\"aioseo-breadcrumb\">\n\t<a href=\"https:\/\/eldigitaldeasturias.com\/magazine365\" title=\"Home\">Home<\/a>\n<\/span><span class=\"aioseo-breadcrumb-separator\">\u2013<\/span><span class=\"aioseo-breadcrumb\">\n\t<a href=\"https:\/\/eldigitaldeasturias.com\/magazine365\/category\/noticias-actualidad\/\" title=\"Noticias y Actualidad\">Noticias y Actualidad<\/a>\n<\/span><span class=\"aioseo-breadcrumb-separator\">\u2013<\/span><span class=\"aioseo-breadcrumb\">\n\t<a href=\"https:\/\/eldigitaldeasturias.com\/magazine365\/elena-anaya-protagoniza-la-nueva-pelicula-del-chileno-matias-bize\/\" title=\"Elena Anaya protagoniza la nueva pel\u00edcula del chileno Mat\u00edas Biz\u00e9\">Elena Anaya protagoniza la nueva pel\u00edcula del chileno Mat\u00edas Biz\u00e9<\/a>\n<\/span><\/div>","aioseo_breadcrumb_json":[{"label":"Home","link":"https:\/\/eldigitaldeasturias.com\/magazine365"},{"label":"Noticias y Actualidad","link":"https:\/\/eldigitaldeasturias.com\/magazine365\/category\/noticias-actualidad\/"},{"label":"Elena Anaya protagoniza la nueva pel\u00edcula del chileno Mat\u00edas Biz\u00e9","link":"https:\/\/eldigitaldeasturias.com\/magazine365\/elena-anaya-protagoniza-la-nueva-pelicula-del-chileno-matias-bize\/"}],"_links":{"self":[{"href":"https:\/\/eldigitaldeasturias.com\/magazine365\/wp-json\/wp\/v2\/posts\/13236","targetHints":{"allow":["GET"]}}],"collection":[{"href":"https:\/\/eldigitaldeasturias.com\/magazine365\/wp-json\/wp\/v2\/posts"}],"about":[{"href":"https:\/\/eldigitaldeasturias.com\/magazine365\/wp-json\/wp\/v2\/types\/post"}],"author":[{"embeddable":true,"href":"https:\/\/eldigitaldeasturias.com\/magazine365\/wp-json\/wp\/v2\/users\/1"}],"replies":[{"embeddable":true,"href":"https:\/\/eldigitaldeasturias.com\/magazine365\/wp-json\/wp\/v2\/comments?post=13236"}],"version-history":[{"count":0,"href":"https:\/\/eldigitaldeasturias.com\/magazine365\/wp-json\/wp\/v2\/posts\/13236\/revisions"}],"wp:featuredmedia":[{"embeddable":true,"href":"https:\/\/eldigitaldeasturias.com\/magazine365\/wp-json\/wp\/v2\/media\/13237"}],"wp:attachment":[{"href":"https:\/\/eldigitaldeasturias.com\/magazine365\/wp-json\/wp\/v2\/media?parent=13236"}],"wp:term":[{"taxonomy":"category","embeddable":true,"href":"https:\/\/eldigitaldeasturias.com\/magazine365\/wp-json\/wp\/v2\/categories?post=13236"},{"taxonomy":"post_tag","embeddable":true,"href":"https:\/\/eldigitaldeasturias.com\/magazine365\/wp-json\/wp\/v2\/tags?post=13236"}],"curies":[{"name":"wp","href":"https:\/\/api.w.org\/{rel}","templated":true}]}}