{"id":13233,"date":"2014-05-19T22:10:37","date_gmt":"2014-05-20T00:10:37","guid":{"rendered":"http:\/\/eldigitaldeasturias.com\/magazine365\/?p=13233"},"modified":"2014-05-19T22:10:37","modified_gmt":"2014-05-20T00:10:37","slug":"mercenarios-estrellas-politica-y-algo-de-buen-cine-a-la-mitad-de-cannes","status":"publish","type":"post","link":"https:\/\/eldigitaldeasturias.com\/magazine365\/mercenarios-estrellas-politica-y-algo-de-buen-cine-a-la-mitad-de-cannes\/","title":{"rendered":"Mercenarios, estrellas, pol\u00edtica y algo de buen cine a la mitad de Cannes"},"content":{"rendered":"<p><img fetchpriority=\"high\" decoding=\"async\" class=\"alignleft size-medium wp-image-13234\" alt=\"6275853w\" src=\"https:\/\/eldigitaldeasturias.com\/magazine365\/wp-content\/uploads\/2014\/05\/6275853w-360x237.jpg\" width=\"360\" height=\"237\" \/>Cannes (Francia), 19 may (EFE).- La 67 edici\u00f3n de Cannes pasa hoy su ecuador y en su primera parte ha habido sitio para casi todo. Para el cine comercial de \u00abLos Mercenarios\u00bb, el paseo de estrellas por su alfombra roja, la petici\u00f3n de libertad de las 200 ni\u00f1as secuestradas en Nigeria y, por supuesto, para un poco de buen cine.<\/p>\n<p>En un festival que mezcla como ning\u00fan otro el cine de autor y comprometido con el lado m\u00e1s glamuroso y comercial del s\u00e9ptimo arte, esta edici\u00f3n est\u00e1 siendo la de los carteles.<\/p>\n<p>Empezaron la mexicana Salma Hayek y Julie Gayet y le siguieron el reparto al completo de \u00abLos Mercenarios 3\u00bb: Harrison Ford, Sylvester Stallone, Arnold Schwarzenegger, Mel Gibson, Antonio Banderas, Jason Statham, Dolph Lundgren, Wesley Snipes o Kelsey Grammer.<\/p>\n<p>Todos ellos aprovecharon su paso por la alfombra roja del festival para mostrar un cartel en el que estaba escrito \u00abBring back our girls\u00bb (\u00abDevolvednos a nuestras ni\u00f1as\u00bb), el lema que naci\u00f3 en Twitter para hacer presi\u00f3n y lograr la liberaci\u00f3n de las ni\u00f1as secuestradas a mediados de abril en Nigeria por una milicia radical isl\u00e1mica.<\/p>\n<p>Menos pol\u00edtico se mostr\u00f3 Viggo Mortensen, que lleg\u00f3 a la alfombra roja por la presentaci\u00f3n en la secci\u00f3n \u00abUna cierta mirada\u00bb de \u00abJauja\u00bb, del argentino Lisandro Alonso, con un cartel que dec\u00eda \u00abQueremos la copa\u00bb, en referencia a la semifinal de la Copa Libertadores que disputar\u00e1n el San Lorenzo de Almagro y el Bol\u00edvar boliviano.<\/p>\n<p>Pero m\u00e1s all\u00e1 de las reclamaciones, la alfombra roja de Cannes volvi\u00f3 a ser un desfile de estrellas vestidas con sus mejores galas.<\/p>\n<p>Desde Nicole Kidman, que present\u00f3 fuera de competici\u00f3n su pel\u00edcula sobre Grace de M\u00f3naco, a Monica Bellucci, en el reparto de \u00abLe meraviglie\u00bb, en la competici\u00f3n oficial.<\/p>\n<p>Cate Blanchett, Hilary Swank, Julianne Moore, Mia Wasikowska, Rosario Dawson, Jessica Chastain o Eva Green, todas ellas con pel\u00edculas en competici\u00f3n, aunque tambi\u00e9n desfilaron otras estrellas como Naomi Watts, Eva Longoria, M\u00e9lanie Laurent, Zoye Saldana y Blake Lively -que acompa\u00f1aba a su marido, Ryan Reynolds-.<\/p>\n<p>Y entre los hombres, destac\u00f3 Gerard Depardieu, que da vida a Dominique Strauss-Kahn en la pol\u00e9mica \u00abWelcome to New York\u00bb, del director Abel Ferrara, al que el exdirector del Fondo Monetario Internacional ya ha anunciado que denunciar\u00e1 por difamaci\u00f3n.<\/p>\n<p>O Robert Pattinson, con un filme de David Cronenberg, as\u00ed como Ricardo Dar\u00edn y Leonardo Sbaraglia, con \u00abRelatos Salvajes\u00bb, de Dami\u00e1n Szifr\u00f3n; James McAvoy; Channing Tatum o Mark Ruffalo.<\/p>\n<p>Pero m\u00e1s all\u00e1 de an\u00e9cdotas y glamour, la esencia de Cannes es el cine y hasta ahora se han visto nueve de las dieciocho pel\u00edculas que optan a la Palma de Oro.<\/p>\n<p>La favorita a decir de los cr\u00edticos es \u00abWinter Sleep\u00bb, del turco Nuri Bilge Ceylan, una intensa, bella y largu\u00edsima historia (195 minutos) sobre la relaci\u00f3n de una pareja y su aislada vida en la Capadocia.<\/p>\n<p>Tambi\u00e9n han gustado mucho el preciosista retrato que del pintor William Turner ha presentado el brit\u00e1nico Mike Leigh, con una brillante interpretaci\u00f3n de Timothy Spall, y la mauritana \u00abTimbuktu\u00bb, de Abderrahmane Sissako, una emocionante y dura historia sobre el \u00abcombate silencioso\u00bb de la poblaci\u00f3n de esa ciudad maliense contra los islamistas.<\/p>\n<p>\u00abFoxcatcher\u00bb, de Bennet Miller, y \u00abThe Homesman\u00bb, de Tommy Lee Jones, han gustado por su clasicismo y su solidez, y la argentina \u00abRelatos salvajes\u00bb, su frescura, su humor negro y sus buenas interpretaciones.<\/p>\n<p>Las que parecen descartadas son las canadienses \u00abThe captive\u00bb, de Atom Egoyan, y \u00abMaps to the stars\u00bb, de David Cronenberg, mientras que \u00abLe meraviglie\u00bb, de la italiana Alice Rohrwacher, podr\u00eda encontrar un hueco en el palmar\u00e9s con un jurado presidido por Jane Campion y con mucho inter\u00e9s por defender el cine de mujeres.<\/p>\n<p>Pero a\u00fan quedan algunos de los platos fuertes de la competici\u00f3n de este a\u00f1o, como los hermanos Dardenne, con \u00abDeux jours, une nuit\u00bb; Ken Loach con \u00abJimmy&#8217;s Hall\u00bb o Michel Hazanavicius con \u00abThe Search\u00bb,<\/p>\n<p>Eso en competici\u00f3n por la Palma de Oro, que se entregar\u00e1 el s\u00e1bado, porque en otras secciones ya ha habido pel\u00edculas destacadas.<\/p>\n<p>Como \u00abThe Disappearance of Eleanor Rigby\u00bb, de Ned Benson y protagonizada por Jessica Chastain y James McAvoy, en \u00abUna cierta mirada\u00bb, secci\u00f3n en la que tambi\u00e9n se ha proyectado \u00abHermosa juventud\u00bb, de Jaime Rosales, el \u00fanico largometraje de un espa\u00f1ol en una de las competiciones de Cannes.<\/p>\n<p>&nbsp;<\/p>\n<p>Alicia Garc\u00eda de Francisco<\/p>\n","protected":false},"excerpt":{"rendered":"<p>Cannes (Francia), 19 may (EFE).- La 67 edici\u00f3n de Cannes pasa hoy su ecuador y en su primera parte ha habido sitio para casi todo. Para el cine comercial de \u00abLos Mercenarios\u00bb, el paseo de estrellas por su alfombra roja, la petici\u00f3n de libertad de las 200 ni\u00f1as secuestradas en Nigeria y, por supuesto, para<\/p>\n","protected":false},"author":1,"featured_media":13234,"comment_status":"open","ping_status":"closed","sticky":false,"template":"","format":"standard","meta":{"footnotes":""},"categories":[224],"tags":[],"class_list":{"0":"post-13233","1":"post","2":"type-post","3":"status-publish","4":"format-standard","5":"has-post-thumbnail","7":"category-noticias-actualidad"},"aioseo_notices":[],"aioseo_head":"\n\t\t<!-- All in One SEO Pro 4.9.6.1 - aioseo.com -->\n\t<meta name=\"description\" content=\"Cannes (Francia), 19 may (EFE).- La 67 edici\u00f3n de Cannes pasa hoy su ecuador y en su primera parte ha habido sitio para casi todo. Para el cine comercial de &quot;Los Mercenarios&quot;, el paseo de estrellas por su alfombra roja, la petici\u00f3n de libertad de las 200 ni\u00f1as secuestradas en Nigeria y, por supuesto, para\" \/>\n\t<meta name=\"robots\" content=\"max-image-preview:large\" \/>\n\t<meta name=\"author\" content=\"admin\"\/>\n\t<meta name=\"google-site-verification\" content=\"UA-38556648-1\" \/>\n\t<meta name=\"keywords\" content=\"noticias y actualidad\" \/>\n\t<link rel=\"canonical\" href=\"https:\/\/eldigitaldeasturias.com\/magazine365\/mercenarios-estrellas-politica-y-algo-de-buen-cine-a-la-mitad-de-cannes\/\" \/>\n\t<meta name=\"generator\" content=\"All in One SEO Pro (AIOSEO) 4.9.6.1\" \/>\n\t\t<meta property=\"og:locale\" content=\"es_ES\" \/>\n\t\t<meta property=\"og:site_name\" content=\"El Digital de Asturias \u2013 Revista de ocio, turismo y estilo de vida\" \/>\n\t\t<meta property=\"og:type\" content=\"article\" \/>\n\t\t<meta property=\"og:title\" content=\"Mercenarios, estrellas, pol\u00edtica y algo de buen cine a la mitad de Cannes | El Digital de Asturias\" \/>\n\t\t<meta property=\"og:description\" content=\"Cannes (Francia), 19 may (EFE).- La 67 edici\u00f3n de Cannes pasa hoy su ecuador y en su primera parte ha habido sitio para casi todo. Para el cine comercial de &quot;Los Mercenarios&quot;, el paseo de estrellas por su alfombra roja, la petici\u00f3n de libertad de las 200 ni\u00f1as secuestradas en Nigeria y, por supuesto, para\" \/>\n\t\t<meta property=\"og:url\" content=\"https:\/\/eldigitaldeasturias.com\/magazine365\/mercenarios-estrellas-politica-y-algo-de-buen-cine-a-la-mitad-de-cannes\/\" \/>\n\t\t<meta property=\"og:image\" content=\"https:\/\/eldigitaldeasturias.com\/magazine365\/wp-content\/uploads\/2014\/05\/6275853w.jpg\" \/>\n\t\t<meta property=\"og:image:secure_url\" content=\"https:\/\/eldigitaldeasturias.com\/magazine365\/wp-content\/uploads\/2014\/05\/6275853w.jpg\" \/>\n\t\t<meta property=\"og:image:width\" content=\"800\" \/>\n\t\t<meta property=\"og:image:height\" content=\"528\" \/>\n\t\t<meta property=\"article:published_time\" content=\"2014-05-20T00:10:37+00:00\" \/>\n\t\t<meta property=\"article:modified_time\" content=\"2014-05-20T00:10:37+00:00\" \/>\n\t\t<meta name=\"twitter:card\" content=\"summary_large_image\" \/>\n\t\t<meta name=\"twitter:title\" content=\"Mercenarios, estrellas, pol\u00edtica y algo de buen cine a la mitad de Cannes | El Digital de Asturias\" \/>\n\t\t<meta name=\"twitter:description\" content=\"Cannes (Francia), 19 may (EFE).- La 67 edici\u00f3n de Cannes pasa hoy su ecuador y en su primera parte ha habido sitio para casi todo. Para el cine comercial de &quot;Los Mercenarios&quot;, el paseo de estrellas por su alfombra roja, la petici\u00f3n de libertad de las 200 ni\u00f1as secuestradas en Nigeria y, por supuesto, para\" \/>\n\t\t<meta name=\"twitter:image\" content=\"https:\/\/eldigitaldeasturias.com\/magazine365\/wp-content\/uploads\/2014\/05\/6275853w.jpg\" \/>\n\t\t<script type=\"application\/ld+json\" class=\"aioseo-schema\">\n\t\t\t{\"@context\":\"https:\\\/\\\/schema.org\",\"@graph\":[{\"@type\":\"Article\",\"@id\":\"https:\\\/\\\/eldigitaldeasturias.com\\\/magazine365\\\/mercenarios-estrellas-politica-y-algo-de-buen-cine-a-la-mitad-de-cannes\\\/#article\",\"name\":\"Mercenarios, estrellas, pol\\u00edtica y algo de buen cine a la mitad de Cannes | El Digital de Asturias\",\"headline\":\"Mercenarios, estrellas, pol\\u00edtica y algo de buen cine a la mitad de Cannes\",\"author\":{\"@id\":\"https:\\\/\\\/eldigitaldeasturias.com\\\/magazine365\\\/author\\\/admin\\\/#author\"},\"publisher\":{\"@id\":\"https:\\\/\\\/eldigitaldeasturias.com\\\/magazine365\\\/#organization\"},\"image\":{\"@type\":\"ImageObject\",\"url\":\"https:\\\/\\\/eldigitaldeasturias.com\\\/magazine365\\\/wp-content\\\/uploads\\\/2014\\\/05\\\/6275853w.jpg\",\"width\":800,\"height\":528},\"datePublished\":\"2014-05-19T22:10:37+02:00\",\"dateModified\":\"2014-05-19T22:10:37+02:00\",\"inLanguage\":\"es-ES\",\"mainEntityOfPage\":{\"@id\":\"https:\\\/\\\/eldigitaldeasturias.com\\\/magazine365\\\/mercenarios-estrellas-politica-y-algo-de-buen-cine-a-la-mitad-de-cannes\\\/#webpage\"},\"isPartOf\":{\"@id\":\"https:\\\/\\\/eldigitaldeasturias.com\\\/magazine365\\\/mercenarios-estrellas-politica-y-algo-de-buen-cine-a-la-mitad-de-cannes\\\/#webpage\"},\"articleSection\":\"Noticias y Actualidad\"},{\"@type\":\"BreadcrumbList\",\"@id\":\"https:\\\/\\\/eldigitaldeasturias.com\\\/magazine365\\\/mercenarios-estrellas-politica-y-algo-de-buen-cine-a-la-mitad-de-cannes\\\/#breadcrumblist\",\"itemListElement\":[{\"@type\":\"ListItem\",\"@id\":\"https:\\\/\\\/eldigitaldeasturias.com\\\/magazine365#listItem\",\"position\":1,\"name\":\"Home\",\"item\":\"https:\\\/\\\/eldigitaldeasturias.com\\\/magazine365\",\"nextItem\":{\"@type\":\"ListItem\",\"@id\":\"https:\\\/\\\/eldigitaldeasturias.com\\\/magazine365\\\/category\\\/noticias-actualidad\\\/#listItem\",\"name\":\"Noticias y Actualidad\"}},{\"@type\":\"ListItem\",\"@id\":\"https:\\\/\\\/eldigitaldeasturias.com\\\/magazine365\\\/category\\\/noticias-actualidad\\\/#listItem\",\"position\":2,\"name\":\"Noticias y Actualidad\",\"item\":\"https:\\\/\\\/eldigitaldeasturias.com\\\/magazine365\\\/category\\\/noticias-actualidad\\\/\",\"nextItem\":{\"@type\":\"ListItem\",\"@id\":\"https:\\\/\\\/eldigitaldeasturias.com\\\/magazine365\\\/mercenarios-estrellas-politica-y-algo-de-buen-cine-a-la-mitad-de-cannes\\\/#listItem\",\"name\":\"Mercenarios, estrellas, pol\\u00edtica y algo de buen cine a la mitad de Cannes\"},\"previousItem\":{\"@type\":\"ListItem\",\"@id\":\"https:\\\/\\\/eldigitaldeasturias.com\\\/magazine365#listItem\",\"name\":\"Home\"}},{\"@type\":\"ListItem\",\"@id\":\"https:\\\/\\\/eldigitaldeasturias.com\\\/magazine365\\\/mercenarios-estrellas-politica-y-algo-de-buen-cine-a-la-mitad-de-cannes\\\/#listItem\",\"position\":3,\"name\":\"Mercenarios, estrellas, pol\\u00edtica y algo de buen cine a la mitad de Cannes\",\"previousItem\":{\"@type\":\"ListItem\",\"@id\":\"https:\\\/\\\/eldigitaldeasturias.com\\\/magazine365\\\/category\\\/noticias-actualidad\\\/#listItem\",\"name\":\"Noticias y Actualidad\"}}]},{\"@type\":\"Organization\",\"@id\":\"https:\\\/\\\/eldigitaldeasturias.com\\\/magazine365\\\/#organization\",\"name\":\"El digital de Asturias\",\"description\":\"Revista de ocio, turismo y estilo de vida\",\"url\":\"https:\\\/\\\/eldigitaldeasturias.com\\\/magazine365\\\/\",\"logo\":{\"@type\":\"ImageObject\",\"url\":\"https:\\\/\\\/www.eldigitaldeasturias.com\\\/noticias\\\/wp-content\\\/uploads\\\/2020\\\/12\\\/EDA.jpg\",\"@id\":\"https:\\\/\\\/eldigitaldeasturias.com\\\/magazine365\\\/mercenarios-estrellas-politica-y-algo-de-buen-cine-a-la-mitad-de-cannes\\\/#organizationLogo\"},\"image\":{\"@id\":\"https:\\\/\\\/eldigitaldeasturias.com\\\/magazine365\\\/mercenarios-estrellas-politica-y-algo-de-buen-cine-a-la-mitad-de-cannes\\\/#organizationLogo\"}},{\"@type\":\"Person\",\"@id\":\"https:\\\/\\\/eldigitaldeasturias.com\\\/magazine365\\\/author\\\/admin\\\/#author\",\"url\":\"https:\\\/\\\/eldigitaldeasturias.com\\\/magazine365\\\/author\\\/admin\\\/\",\"name\":\"admin\",\"image\":{\"@type\":\"ImageObject\",\"@id\":\"https:\\\/\\\/eldigitaldeasturias.com\\\/magazine365\\\/mercenarios-estrellas-politica-y-algo-de-buen-cine-a-la-mitad-de-cannes\\\/#authorImage\",\"url\":\"https:\\\/\\\/eldigitaldeasturias.com\\\/magazine365\\\/wp-content\\\/litespeed\\\/avatar\\\/e571bcf59a0edd6fa6838245a470f2fe.jpg?ver=1776969259\",\"width\":96,\"height\":96,\"caption\":\"admin\"}},{\"@type\":\"WebPage\",\"@id\":\"https:\\\/\\\/eldigitaldeasturias.com\\\/magazine365\\\/mercenarios-estrellas-politica-y-algo-de-buen-cine-a-la-mitad-de-cannes\\\/#webpage\",\"url\":\"https:\\\/\\\/eldigitaldeasturias.com\\\/magazine365\\\/mercenarios-estrellas-politica-y-algo-de-buen-cine-a-la-mitad-de-cannes\\\/\",\"name\":\"Mercenarios, estrellas, pol\\u00edtica y algo de buen cine a la mitad de Cannes | El Digital de Asturias\",\"description\":\"Cannes (Francia), 19 may (EFE).- La 67 edici\\u00f3n de Cannes pasa hoy su ecuador y en su primera parte ha habido sitio para casi todo. Para el cine comercial de \\\"Los Mercenarios\\\", el paseo de estrellas por su alfombra roja, la petici\\u00f3n de libertad de las 200 ni\\u00f1as secuestradas en Nigeria y, por supuesto, para\",\"inLanguage\":\"es-ES\",\"isPartOf\":{\"@id\":\"https:\\\/\\\/eldigitaldeasturias.com\\\/magazine365\\\/#website\"},\"breadcrumb\":{\"@id\":\"https:\\\/\\\/eldigitaldeasturias.com\\\/magazine365\\\/mercenarios-estrellas-politica-y-algo-de-buen-cine-a-la-mitad-de-cannes\\\/#breadcrumblist\"},\"author\":{\"@id\":\"https:\\\/\\\/eldigitaldeasturias.com\\\/magazine365\\\/author\\\/admin\\\/#author\"},\"creator\":{\"@id\":\"https:\\\/\\\/eldigitaldeasturias.com\\\/magazine365\\\/author\\\/admin\\\/#author\"},\"image\":{\"@type\":\"ImageObject\",\"url\":\"https:\\\/\\\/eldigitaldeasturias.com\\\/magazine365\\\/wp-content\\\/uploads\\\/2014\\\/05\\\/6275853w.jpg\",\"@id\":\"https:\\\/\\\/eldigitaldeasturias.com\\\/magazine365\\\/mercenarios-estrellas-politica-y-algo-de-buen-cine-a-la-mitad-de-cannes\\\/#mainImage\",\"width\":800,\"height\":528},\"primaryImageOfPage\":{\"@id\":\"https:\\\/\\\/eldigitaldeasturias.com\\\/magazine365\\\/mercenarios-estrellas-politica-y-algo-de-buen-cine-a-la-mitad-de-cannes\\\/#mainImage\"},\"datePublished\":\"2014-05-19T22:10:37+02:00\",\"dateModified\":\"2014-05-19T22:10:37+02:00\"},{\"@type\":\"WebSite\",\"@id\":\"https:\\\/\\\/eldigitaldeasturias.com\\\/magazine365\\\/#website\",\"url\":\"https:\\\/\\\/eldigitaldeasturias.com\\\/magazine365\\\/\",\"name\":\"El Digital de Asturias\",\"description\":\"Revista de ocio, turismo y estilo de vida\",\"inLanguage\":\"es-ES\",\"publisher\":{\"@id\":\"https:\\\/\\\/eldigitaldeasturias.com\\\/magazine365\\\/#organization\"}}]}\n\t\t<\/script>\n\t\t<!-- All in One SEO Pro -->\r\n\t\t<title>Mercenarios, estrellas, pol\u00edtica y algo de buen cine a la mitad de Cannes | El Digital de Asturias<\/title>\n\n","aioseo_head_json":{"title":"Mercenarios, estrellas, pol\u00edtica y algo de buen cine a la mitad de Cannes | El Digital de Asturias","description":"Cannes (Francia), 19 may (EFE).- La 67 edici\u00f3n de Cannes pasa hoy su ecuador y en su primera parte ha habido sitio para casi todo. Para el cine comercial de \"Los Mercenarios\", el paseo de estrellas por su alfombra roja, la petici\u00f3n de libertad de las 200 ni\u00f1as secuestradas en Nigeria y, por supuesto, para","canonical_url":"https:\/\/eldigitaldeasturias.com\/magazine365\/mercenarios-estrellas-politica-y-algo-de-buen-cine-a-la-mitad-de-cannes\/","robots":"max-image-preview:large","keywords":"noticias y actualidad","webmasterTools":{"google-site-verification":"UA-38556648-1","miscellaneous":""},"schema":{"@context":"https:\/\/schema.org","@graph":[{"@type":"Article","@id":"https:\/\/eldigitaldeasturias.com\/magazine365\/mercenarios-estrellas-politica-y-algo-de-buen-cine-a-la-mitad-de-cannes\/#article","name":"Mercenarios, estrellas, pol\u00edtica y algo de buen cine a la mitad de Cannes | El Digital de Asturias","headline":"Mercenarios, estrellas, pol\u00edtica y algo de buen cine a la mitad de Cannes","author":{"@id":"https:\/\/eldigitaldeasturias.com\/magazine365\/author\/admin\/#author"},"publisher":{"@id":"https:\/\/eldigitaldeasturias.com\/magazine365\/#organization"},"image":{"@type":"ImageObject","url":"https:\/\/eldigitaldeasturias.com\/magazine365\/wp-content\/uploads\/2014\/05\/6275853w.jpg","width":800,"height":528},"datePublished":"2014-05-19T22:10:37+02:00","dateModified":"2014-05-19T22:10:37+02:00","inLanguage":"es-ES","mainEntityOfPage":{"@id":"https:\/\/eldigitaldeasturias.com\/magazine365\/mercenarios-estrellas-politica-y-algo-de-buen-cine-a-la-mitad-de-cannes\/#webpage"},"isPartOf":{"@id":"https:\/\/eldigitaldeasturias.com\/magazine365\/mercenarios-estrellas-politica-y-algo-de-buen-cine-a-la-mitad-de-cannes\/#webpage"},"articleSection":"Noticias y Actualidad"},{"@type":"BreadcrumbList","@id":"https:\/\/eldigitaldeasturias.com\/magazine365\/mercenarios-estrellas-politica-y-algo-de-buen-cine-a-la-mitad-de-cannes\/#breadcrumblist","itemListElement":[{"@type":"ListItem","@id":"https:\/\/eldigitaldeasturias.com\/magazine365#listItem","position":1,"name":"Home","item":"https:\/\/eldigitaldeasturias.com\/magazine365","nextItem":{"@type":"ListItem","@id":"https:\/\/eldigitaldeasturias.com\/magazine365\/category\/noticias-actualidad\/#listItem","name":"Noticias y Actualidad"}},{"@type":"ListItem","@id":"https:\/\/eldigitaldeasturias.com\/magazine365\/category\/noticias-actualidad\/#listItem","position":2,"name":"Noticias y Actualidad","item":"https:\/\/eldigitaldeasturias.com\/magazine365\/category\/noticias-actualidad\/","nextItem":{"@type":"ListItem","@id":"https:\/\/eldigitaldeasturias.com\/magazine365\/mercenarios-estrellas-politica-y-algo-de-buen-cine-a-la-mitad-de-cannes\/#listItem","name":"Mercenarios, estrellas, pol\u00edtica y algo de buen cine a la mitad de Cannes"},"previousItem":{"@type":"ListItem","@id":"https:\/\/eldigitaldeasturias.com\/magazine365#listItem","name":"Home"}},{"@type":"ListItem","@id":"https:\/\/eldigitaldeasturias.com\/magazine365\/mercenarios-estrellas-politica-y-algo-de-buen-cine-a-la-mitad-de-cannes\/#listItem","position":3,"name":"Mercenarios, estrellas, pol\u00edtica y algo de buen cine a la mitad de Cannes","previousItem":{"@type":"ListItem","@id":"https:\/\/eldigitaldeasturias.com\/magazine365\/category\/noticias-actualidad\/#listItem","name":"Noticias y Actualidad"}}]},{"@type":"Organization","@id":"https:\/\/eldigitaldeasturias.com\/magazine365\/#organization","name":"El digital de Asturias","description":"Revista de ocio, turismo y estilo de vida","url":"https:\/\/eldigitaldeasturias.com\/magazine365\/","logo":{"@type":"ImageObject","url":"https:\/\/www.eldigitaldeasturias.com\/noticias\/wp-content\/uploads\/2020\/12\/EDA.jpg","@id":"https:\/\/eldigitaldeasturias.com\/magazine365\/mercenarios-estrellas-politica-y-algo-de-buen-cine-a-la-mitad-de-cannes\/#organizationLogo"},"image":{"@id":"https:\/\/eldigitaldeasturias.com\/magazine365\/mercenarios-estrellas-politica-y-algo-de-buen-cine-a-la-mitad-de-cannes\/#organizationLogo"}},{"@type":"Person","@id":"https:\/\/eldigitaldeasturias.com\/magazine365\/author\/admin\/#author","url":"https:\/\/eldigitaldeasturias.com\/magazine365\/author\/admin\/","name":"admin","image":{"@type":"ImageObject","@id":"https:\/\/eldigitaldeasturias.com\/magazine365\/mercenarios-estrellas-politica-y-algo-de-buen-cine-a-la-mitad-de-cannes\/#authorImage","url":"https:\/\/eldigitaldeasturias.com\/magazine365\/wp-content\/litespeed\/avatar\/e571bcf59a0edd6fa6838245a470f2fe.jpg?ver=1776969259","width":96,"height":96,"caption":"admin"}},{"@type":"WebPage","@id":"https:\/\/eldigitaldeasturias.com\/magazine365\/mercenarios-estrellas-politica-y-algo-de-buen-cine-a-la-mitad-de-cannes\/#webpage","url":"https:\/\/eldigitaldeasturias.com\/magazine365\/mercenarios-estrellas-politica-y-algo-de-buen-cine-a-la-mitad-de-cannes\/","name":"Mercenarios, estrellas, pol\u00edtica y algo de buen cine a la mitad de Cannes | El Digital de Asturias","description":"Cannes (Francia), 19 may (EFE).- La 67 edici\u00f3n de Cannes pasa hoy su ecuador y en su primera parte ha habido sitio para casi todo. Para el cine comercial de \"Los Mercenarios\", el paseo de estrellas por su alfombra roja, la petici\u00f3n de libertad de las 200 ni\u00f1as secuestradas en Nigeria y, por supuesto, para","inLanguage":"es-ES","isPartOf":{"@id":"https:\/\/eldigitaldeasturias.com\/magazine365\/#website"},"breadcrumb":{"@id":"https:\/\/eldigitaldeasturias.com\/magazine365\/mercenarios-estrellas-politica-y-algo-de-buen-cine-a-la-mitad-de-cannes\/#breadcrumblist"},"author":{"@id":"https:\/\/eldigitaldeasturias.com\/magazine365\/author\/admin\/#author"},"creator":{"@id":"https:\/\/eldigitaldeasturias.com\/magazine365\/author\/admin\/#author"},"image":{"@type":"ImageObject","url":"https:\/\/eldigitaldeasturias.com\/magazine365\/wp-content\/uploads\/2014\/05\/6275853w.jpg","@id":"https:\/\/eldigitaldeasturias.com\/magazine365\/mercenarios-estrellas-politica-y-algo-de-buen-cine-a-la-mitad-de-cannes\/#mainImage","width":800,"height":528},"primaryImageOfPage":{"@id":"https:\/\/eldigitaldeasturias.com\/magazine365\/mercenarios-estrellas-politica-y-algo-de-buen-cine-a-la-mitad-de-cannes\/#mainImage"},"datePublished":"2014-05-19T22:10:37+02:00","dateModified":"2014-05-19T22:10:37+02:00"},{"@type":"WebSite","@id":"https:\/\/eldigitaldeasturias.com\/magazine365\/#website","url":"https:\/\/eldigitaldeasturias.com\/magazine365\/","name":"El Digital de Asturias","description":"Revista de ocio, turismo y estilo de vida","inLanguage":"es-ES","publisher":{"@id":"https:\/\/eldigitaldeasturias.com\/magazine365\/#organization"}}]},"og:locale":"es_ES","og:site_name":"El Digital de Asturias \u2013 Revista de ocio, turismo y estilo de vida","og:type":"article","og:title":"Mercenarios, estrellas, pol\u00edtica y algo de buen cine a la mitad de Cannes | El Digital de Asturias","og:description":"Cannes (Francia), 19 may (EFE).- La 67 edici\u00f3n de Cannes pasa hoy su ecuador y en su primera parte ha habido sitio para casi todo. Para el cine comercial de &quot;Los Mercenarios&quot;, el paseo de estrellas por su alfombra roja, la petici\u00f3n de libertad de las 200 ni\u00f1as secuestradas en Nigeria y, por supuesto, para","og:url":"https:\/\/eldigitaldeasturias.com\/magazine365\/mercenarios-estrellas-politica-y-algo-de-buen-cine-a-la-mitad-de-cannes\/","og:image":"https:\/\/eldigitaldeasturias.com\/magazine365\/wp-content\/uploads\/2014\/05\/6275853w.jpg","og:image:secure_url":"https:\/\/eldigitaldeasturias.com\/magazine365\/wp-content\/uploads\/2014\/05\/6275853w.jpg","og:image:width":800,"og:image:height":528,"article:published_time":"2014-05-20T00:10:37+00:00","article:modified_time":"2014-05-20T00:10:37+00:00","twitter:card":"summary_large_image","twitter:title":"Mercenarios, estrellas, pol\u00edtica y algo de buen cine a la mitad de Cannes | El Digital de Asturias","twitter:description":"Cannes (Francia), 19 may (EFE).- La 67 edici\u00f3n de Cannes pasa hoy su ecuador y en su primera parte ha habido sitio para casi todo. Para el cine comercial de &quot;Los Mercenarios&quot;, el paseo de estrellas por su alfombra roja, la petici\u00f3n de libertad de las 200 ni\u00f1as secuestradas en Nigeria y, por supuesto, para","twitter:image":"https:\/\/eldigitaldeasturias.com\/magazine365\/wp-content\/uploads\/2014\/05\/6275853w.jpg"},"aioseo_meta_data":{"post_id":"13233","title":null,"description":null,"keywords":null,"keyphrases":null,"primary_term":null,"canonical_url":null,"og_title":null,"og_description":null,"og_object_type":"default","og_image_type":"default","og_image_url":null,"og_image_width":null,"og_image_height":null,"og_image_custom_url":null,"og_image_custom_fields":null,"og_video":null,"og_custom_url":null,"og_article_section":null,"og_article_tags":null,"twitter_use_og":false,"twitter_card":"default","twitter_image_type":"default","twitter_image_url":null,"twitter_image_custom_url":null,"twitter_image_custom_fields":null,"twitter_title":null,"twitter_description":null,"schema":{"blockGraphs":[],"customGraphs":[],"default":{"data":{"Article":[],"Course":[],"Dataset":[],"FAQPage":[],"Movie":[],"Person":[],"Product":[],"ProductReview":[],"Car":[],"Recipe":[],"Service":[],"SoftwareApplication":[],"WebPage":[]},"graphName":"","isEnabled":true},"graphs":[],"defaultGraph":"","defaultPostTypeGraph":""},"schema_type":null,"schema_type_options":null,"pillar_content":false,"robots_default":true,"robots_noindex":false,"robots_noarchive":false,"robots_nosnippet":false,"robots_nofollow":false,"robots_noimageindex":false,"robots_noodp":false,"robots_notranslate":false,"robots_max_snippet":null,"robots_max_videopreview":null,"robots_max_imagepreview":"large","priority":null,"frequency":null,"location":null,"local_seo":null,"seo_analyzer_scan_date":"2025-09-17 07:51:12","breadcrumb_settings":null,"limit_modified_date":false,"open_ai":null,"ai":null,"created":"2021-03-09 08:30:53","updated":"2025-09-17 07:51:12"},"aioseo_breadcrumb":"<div class=\"aioseo-breadcrumbs\"><span class=\"aioseo-breadcrumb\">\n\t<a href=\"https:\/\/eldigitaldeasturias.com\/magazine365\" title=\"Home\">Home<\/a>\n<\/span><span class=\"aioseo-breadcrumb-separator\">\u2013<\/span><span class=\"aioseo-breadcrumb\">\n\t<a href=\"https:\/\/eldigitaldeasturias.com\/magazine365\/category\/noticias-actualidad\/\" title=\"Noticias y Actualidad\">Noticias y Actualidad<\/a>\n<\/span><span class=\"aioseo-breadcrumb-separator\">\u2013<\/span><span class=\"aioseo-breadcrumb\">\n\t<a href=\"https:\/\/eldigitaldeasturias.com\/magazine365\/mercenarios-estrellas-politica-y-algo-de-buen-cine-a-la-mitad-de-cannes\/\" title=\"Mercenarios, estrellas, pol\u00edtica y algo de buen cine a la mitad de Cannes\">Mercenarios, estrellas, pol\u00edtica y algo de buen cine a la mitad de Cannes<\/a>\n<\/span><\/div>","aioseo_breadcrumb_json":[{"label":"Home","link":"https:\/\/eldigitaldeasturias.com\/magazine365"},{"label":"Noticias y Actualidad","link":"https:\/\/eldigitaldeasturias.com\/magazine365\/category\/noticias-actualidad\/"},{"label":"Mercenarios, estrellas, pol\u00edtica y algo de buen cine a la mitad de Cannes","link":"https:\/\/eldigitaldeasturias.com\/magazine365\/mercenarios-estrellas-politica-y-algo-de-buen-cine-a-la-mitad-de-cannes\/"}],"_links":{"self":[{"href":"https:\/\/eldigitaldeasturias.com\/magazine365\/wp-json\/wp\/v2\/posts\/13233","targetHints":{"allow":["GET"]}}],"collection":[{"href":"https:\/\/eldigitaldeasturias.com\/magazine365\/wp-json\/wp\/v2\/posts"}],"about":[{"href":"https:\/\/eldigitaldeasturias.com\/magazine365\/wp-json\/wp\/v2\/types\/post"}],"author":[{"embeddable":true,"href":"https:\/\/eldigitaldeasturias.com\/magazine365\/wp-json\/wp\/v2\/users\/1"}],"replies":[{"embeddable":true,"href":"https:\/\/eldigitaldeasturias.com\/magazine365\/wp-json\/wp\/v2\/comments?post=13233"}],"version-history":[{"count":0,"href":"https:\/\/eldigitaldeasturias.com\/magazine365\/wp-json\/wp\/v2\/posts\/13233\/revisions"}],"wp:featuredmedia":[{"embeddable":true,"href":"https:\/\/eldigitaldeasturias.com\/magazine365\/wp-json\/wp\/v2\/media\/13234"}],"wp:attachment":[{"href":"https:\/\/eldigitaldeasturias.com\/magazine365\/wp-json\/wp\/v2\/media?parent=13233"}],"wp:term":[{"taxonomy":"category","embeddable":true,"href":"https:\/\/eldigitaldeasturias.com\/magazine365\/wp-json\/wp\/v2\/categories?post=13233"},{"taxonomy":"post_tag","embeddable":true,"href":"https:\/\/eldigitaldeasturias.com\/magazine365\/wp-json\/wp\/v2\/tags?post=13233"}],"curies":[{"name":"wp","href":"https:\/\/api.w.org\/{rel}","templated":true}]}}