{"id":13221,"date":"2014-05-19T21:55:51","date_gmt":"2014-05-19T23:55:51","guid":{"rendered":"http:\/\/eldigitaldeasturias.com\/magazine365\/?p=13221"},"modified":"2014-05-19T21:55:51","modified_gmt":"2014-05-19T23:55:51","slug":"savall-estrenara-su-espectaculo-musical-guerra-y-paz-el-dia-24-en-barcelona","status":"publish","type":"post","link":"https:\/\/eldigitaldeasturias.com\/magazine365\/savall-estrenara-su-espectaculo-musical-guerra-y-paz-el-dia-24-en-barcelona\/","title":{"rendered":"Savall estrenar\u00e1 su espect\u00e1culo musical \u00abGuerra y paz\u00bb el d\u00eda 24 en Barcelona"},"content":{"rendered":"<p><img fetchpriority=\"high\" decoding=\"async\" class=\"alignleft size-medium wp-image-13222\" alt=\"6275358w\" src=\"https:\/\/eldigitaldeasturias.com\/magazine365\/wp-content\/uploads\/2014\/05\/6275358w-360x249.jpg\" width=\"360\" height=\"249\" \/>Barcelona, 19 may (EFE).- El maestro Jordi Savall, para quien \u00abla m\u00fasica es la verdadera historia de la humanidad\u00bb, estrena el pr\u00f3ximo d\u00eda 24 en el Gran Teatro del Liceo, en Barcelona, su espect\u00e1culo \u00abGuerra y Paz\u00bb, un recorrido por las m\u00fasicas de la Europa en guerra entre 1640 y 1748, que despu\u00e9s girar\u00e1 por cinco pa\u00edses europeos.<\/p>\n<p>El proyecto \u00abGuerra y paz\u00bb presenta un friso hist\u00f3rico de la \u00e9poca barroca, una muestra de las m\u00fasicas que han protagonizado tanto momentos de enfrentamientos b\u00e9licos como treguas y paces en la historia europea.<\/p>\n<p>El programa escogido por Savall quiere constatar c\u00f3mo, a lo largo de los siglos y hasta hoy, la humanidad ha vivido inmersa en una \u00abcultura de la guerra\u00bb para intentar resolver sus diferencias y esa forma de ser le ha impedido vivir definitivamente en paz, poder extender el respeto a los derechos humanos y hacer imperar una verdadera \u00abcultura de la paz\u00bb.<\/p>\n<p>Sin embargo, ha precisado hoy Savall en la presentaci\u00f3n, \u00abno es un canto de guerra, sino un canto de paz, porque la causa de los conflictos siempre tiene su origen en la ignorancia y en la falta de respeto\u00bb<\/p>\n<p>\u00abGuerra y paz\u00bb cubre el coraz\u00f3n del barroco europeo a trav\u00e9s de una treintena de compositores, entre el final de la Guerra de los 30 a\u00f1os, que incluye la Guerra dels Segadors (1640) hasta la Paz de Aquisgr\u00e1n de 1748 con especial \u00e9nfasis en el Tratado de Utrecht de 1713, que puso punto y final a la Guerra de Sucesi\u00f3n espa\u00f1ola y, un a\u00f1o despu\u00e9s, supuso el fin de las instituciones catalanas.<\/p>\n<p>En opini\u00f3n de Savall, \u00abla m\u00fasica aporta ante estos momentos hist\u00f3ricos una situaci\u00f3n excepcional, porque la m\u00fasica es la verdadera historia de la humanidad\u00bb.<\/p>\n<p>El programa de \u00abGuerra y paz\u00bb combina, ha explicado Savall, las m\u00fasicas consideradas cultas, de compositores como Philidor, Charpentier, Dumanoir, Lully, John Blow, Antonio Caldara, Joan Cabanilles, Titov o Haendel, con las canciones que se cantaban en aquel momento, \u00abm\u00fasicas tradicionales que no desmerecen en nada en comparaci\u00f3n con las otras\u00bb.<\/p>\n<p>Estos temas populares, entre los que figuran la canci\u00f3n patri\u00f3tica del \u00abCant dels Aucells quant arribaren los Vaixells\u00bb, transmiten, a decir de Savall, \u00abel sentimiento sincero del pueblo\u00bb.<\/p>\n<p>La m\u00fasica, contin\u00faa el violagambista catal\u00e1n, permite conocer detalles de la Historia que a menudo son desconocidos por la mayor\u00eda, como que en 1640 se proclam\u00f3 una Rep\u00fablica catalana que acabar\u00eda bajo la protecci\u00f3n de Francia con Luis XIII y Luis XIV, hasta 1652&#8243;.<\/p>\n<p>Cada per\u00edodo hist\u00f3rico ser\u00e1 introducido brevemente en el concierto por poeta y fil\u00f3logo, adem\u00e1s de colaborador de Savall, Manuel Forcano.<\/p>\n<p>A trav\u00e9s de la colaboraci\u00f3n del Instituto Ramon Llull y de la celebraci\u00f3n del Tricentenario, \u00abGuerra y paz\u00bb ser\u00e1 interpretado en junio en Halle (Alemania), ciudad natal de Haendel, en agosto en el Festival de Edimburgo (Reino Unido), en octubre en Par\u00eds, y en noviembre en Bruselas y Lodz (Polonia).<\/p>\n<p>Savall ha anunciado que esta gira continuar\u00e1 el pr\u00f3ximo a\u00f1o en Bruselas y en Hamburgo y culminar\u00e1 en noviembre con la edici\u00f3n de un libro-disco, que se distribuir\u00e1 en 45 pa\u00edses de todo el mundo.<\/p>\n<p>En los conciertos intervendr\u00e1n La Capella Reial de Catalu\u00f1a con diez int\u00e9rpretes vocales y la formaci\u00f3n orquestal Le Concert des Nations, formada por treinta m\u00fasicos.<\/p>\n<p>Este grupo tan numeroso imposibilita, seg\u00fan Savall, poder llevar \u00abGuerra y paz\u00bb a otros puntos de Espa\u00f1a, donde, por otra parte, \u00abno se producen en estos momentos las condiciones para que haya inter\u00e9s por este tipo de espect\u00e1culos\u00bb.<\/p>\n<p>En el mismo acto, el conseller de Cultura, Ferran Mascarell, ha elogiado a Savall por \u00abhaber conseguido que la m\u00fasica antigua sea contempor\u00e1nea\u00bb.<\/p>\n","protected":false},"excerpt":{"rendered":"<p>Barcelona, 19 may (EFE).- El maestro Jordi Savall, para quien \u00abla m\u00fasica es la verdadera historia de la humanidad\u00bb, estrena el pr\u00f3ximo d\u00eda 24 en el Gran Teatro del Liceo, en Barcelona, su espect\u00e1culo \u00abGuerra y Paz\u00bb, un recorrido por las m\u00fasicas de la Europa en guerra entre 1640 y 1748, que despu\u00e9s girar\u00e1 por<\/p>\n","protected":false},"author":1,"featured_media":13222,"comment_status":"open","ping_status":"closed","sticky":false,"template":"","format":"standard","meta":{"footnotes":""},"categories":[224],"tags":[],"class_list":{"0":"post-13221","1":"post","2":"type-post","3":"status-publish","4":"format-standard","5":"has-post-thumbnail","7":"category-noticias-actualidad"},"aioseo_notices":[],"aioseo_head":"\n\t\t<!-- All in One SEO Pro 4.9.6.1 - aioseo.com -->\n\t<meta name=\"description\" content=\"Barcelona, 19 may (EFE).- El maestro Jordi Savall, para quien &quot;la m\u00fasica es la verdadera historia de la humanidad&quot;, estrena el pr\u00f3ximo d\u00eda 24 en el Gran Teatro del Liceo, en Barcelona, su espect\u00e1culo &quot;Guerra y Paz&quot;, un recorrido por las m\u00fasicas de la Europa en guerra entre 1640 y 1748, que despu\u00e9s girar\u00e1 por\" \/>\n\t<meta name=\"robots\" content=\"max-image-preview:large\" \/>\n\t<meta name=\"author\" content=\"admin\"\/>\n\t<meta name=\"google-site-verification\" content=\"UA-38556648-1\" \/>\n\t<meta name=\"keywords\" content=\"noticias y actualidad\" \/>\n\t<link rel=\"canonical\" href=\"https:\/\/eldigitaldeasturias.com\/magazine365\/savall-estrenara-su-espectaculo-musical-guerra-y-paz-el-dia-24-en-barcelona\/\" \/>\n\t<meta name=\"generator\" content=\"All in One SEO Pro (AIOSEO) 4.9.6.1\" \/>\n\t\t<meta property=\"og:locale\" content=\"es_ES\" \/>\n\t\t<meta property=\"og:site_name\" content=\"El Digital de Asturias \u2013 Revista de ocio, turismo y estilo de vida\" \/>\n\t\t<meta property=\"og:type\" content=\"article\" \/>\n\t\t<meta property=\"og:title\" content=\"Savall estrenar\u00e1 su espect\u00e1culo musical \u00abGuerra y paz\u00bb el d\u00eda 24 en Barcelona | El Digital de Asturias\" \/>\n\t\t<meta property=\"og:description\" content=\"Barcelona, 19 may (EFE).- El maestro Jordi Savall, para quien &quot;la m\u00fasica es la verdadera historia de la humanidad&quot;, estrena el pr\u00f3ximo d\u00eda 24 en el Gran Teatro del Liceo, en Barcelona, su espect\u00e1culo &quot;Guerra y Paz&quot;, un recorrido por las m\u00fasicas de la Europa en guerra entre 1640 y 1748, que despu\u00e9s girar\u00e1 por\" \/>\n\t\t<meta property=\"og:url\" content=\"https:\/\/eldigitaldeasturias.com\/magazine365\/savall-estrenara-su-espectaculo-musical-guerra-y-paz-el-dia-24-en-barcelona\/\" \/>\n\t\t<meta property=\"og:image\" content=\"https:\/\/eldigitaldeasturias.com\/magazine365\/wp-content\/uploads\/2014\/05\/6275358w.jpg\" \/>\n\t\t<meta property=\"og:image:secure_url\" content=\"https:\/\/eldigitaldeasturias.com\/magazine365\/wp-content\/uploads\/2014\/05\/6275358w.jpg\" \/>\n\t\t<meta property=\"og:image:width\" content=\"800\" \/>\n\t\t<meta property=\"og:image:height\" content=\"555\" \/>\n\t\t<meta property=\"article:published_time\" content=\"2014-05-19T23:55:51+00:00\" \/>\n\t\t<meta property=\"article:modified_time\" content=\"2014-05-19T23:55:51+00:00\" \/>\n\t\t<meta name=\"twitter:card\" content=\"summary_large_image\" \/>\n\t\t<meta name=\"twitter:title\" content=\"Savall estrenar\u00e1 su espect\u00e1culo musical \u00abGuerra y paz\u00bb el d\u00eda 24 en Barcelona | El Digital de Asturias\" \/>\n\t\t<meta name=\"twitter:description\" content=\"Barcelona, 19 may (EFE).- El maestro Jordi Savall, para quien &quot;la m\u00fasica es la verdadera historia de la humanidad&quot;, estrena el pr\u00f3ximo d\u00eda 24 en el Gran Teatro del Liceo, en Barcelona, su espect\u00e1culo &quot;Guerra y Paz&quot;, un recorrido por las m\u00fasicas de la Europa en guerra entre 1640 y 1748, que despu\u00e9s girar\u00e1 por\" \/>\n\t\t<meta name=\"twitter:image\" content=\"https:\/\/eldigitaldeasturias.com\/magazine365\/wp-content\/uploads\/2014\/05\/6275358w.jpg\" \/>\n\t\t<script type=\"application\/ld+json\" class=\"aioseo-schema\">\n\t\t\t{\"@context\":\"https:\\\/\\\/schema.org\",\"@graph\":[{\"@type\":\"Article\",\"@id\":\"https:\\\/\\\/eldigitaldeasturias.com\\\/magazine365\\\/savall-estrenara-su-espectaculo-musical-guerra-y-paz-el-dia-24-en-barcelona\\\/#article\",\"name\":\"Savall estrenar\\u00e1 su espect\\u00e1culo musical \\u00abGuerra y paz\\u00bb el d\\u00eda 24 en Barcelona | El Digital de Asturias\",\"headline\":\"Savall estrenar\\u00e1 su espect\\u00e1culo musical \\u00abGuerra y paz\\u00bb el d\\u00eda 24 en Barcelona\",\"author\":{\"@id\":\"https:\\\/\\\/eldigitaldeasturias.com\\\/magazine365\\\/author\\\/admin\\\/#author\"},\"publisher\":{\"@id\":\"https:\\\/\\\/eldigitaldeasturias.com\\\/magazine365\\\/#organization\"},\"image\":{\"@type\":\"ImageObject\",\"url\":\"https:\\\/\\\/eldigitaldeasturias.com\\\/magazine365\\\/wp-content\\\/uploads\\\/2014\\\/05\\\/6275358w.jpg\",\"width\":800,\"height\":555},\"datePublished\":\"2014-05-19T21:55:51+02:00\",\"dateModified\":\"2014-05-19T21:55:51+02:00\",\"inLanguage\":\"es-ES\",\"mainEntityOfPage\":{\"@id\":\"https:\\\/\\\/eldigitaldeasturias.com\\\/magazine365\\\/savall-estrenara-su-espectaculo-musical-guerra-y-paz-el-dia-24-en-barcelona\\\/#webpage\"},\"isPartOf\":{\"@id\":\"https:\\\/\\\/eldigitaldeasturias.com\\\/magazine365\\\/savall-estrenara-su-espectaculo-musical-guerra-y-paz-el-dia-24-en-barcelona\\\/#webpage\"},\"articleSection\":\"Noticias y Actualidad\"},{\"@type\":\"BreadcrumbList\",\"@id\":\"https:\\\/\\\/eldigitaldeasturias.com\\\/magazine365\\\/savall-estrenara-su-espectaculo-musical-guerra-y-paz-el-dia-24-en-barcelona\\\/#breadcrumblist\",\"itemListElement\":[{\"@type\":\"ListItem\",\"@id\":\"https:\\\/\\\/eldigitaldeasturias.com\\\/magazine365#listItem\",\"position\":1,\"name\":\"Home\",\"item\":\"https:\\\/\\\/eldigitaldeasturias.com\\\/magazine365\",\"nextItem\":{\"@type\":\"ListItem\",\"@id\":\"https:\\\/\\\/eldigitaldeasturias.com\\\/magazine365\\\/category\\\/noticias-actualidad\\\/#listItem\",\"name\":\"Noticias y Actualidad\"}},{\"@type\":\"ListItem\",\"@id\":\"https:\\\/\\\/eldigitaldeasturias.com\\\/magazine365\\\/category\\\/noticias-actualidad\\\/#listItem\",\"position\":2,\"name\":\"Noticias y Actualidad\",\"item\":\"https:\\\/\\\/eldigitaldeasturias.com\\\/magazine365\\\/category\\\/noticias-actualidad\\\/\",\"nextItem\":{\"@type\":\"ListItem\",\"@id\":\"https:\\\/\\\/eldigitaldeasturias.com\\\/magazine365\\\/savall-estrenara-su-espectaculo-musical-guerra-y-paz-el-dia-24-en-barcelona\\\/#listItem\",\"name\":\"Savall estrenar\\u00e1 su espect\\u00e1culo musical \\u00abGuerra y paz\\u00bb el d\\u00eda 24 en Barcelona\"},\"previousItem\":{\"@type\":\"ListItem\",\"@id\":\"https:\\\/\\\/eldigitaldeasturias.com\\\/magazine365#listItem\",\"name\":\"Home\"}},{\"@type\":\"ListItem\",\"@id\":\"https:\\\/\\\/eldigitaldeasturias.com\\\/magazine365\\\/savall-estrenara-su-espectaculo-musical-guerra-y-paz-el-dia-24-en-barcelona\\\/#listItem\",\"position\":3,\"name\":\"Savall estrenar\\u00e1 su espect\\u00e1culo musical \\u00abGuerra y paz\\u00bb el d\\u00eda 24 en Barcelona\",\"previousItem\":{\"@type\":\"ListItem\",\"@id\":\"https:\\\/\\\/eldigitaldeasturias.com\\\/magazine365\\\/category\\\/noticias-actualidad\\\/#listItem\",\"name\":\"Noticias y Actualidad\"}}]},{\"@type\":\"Organization\",\"@id\":\"https:\\\/\\\/eldigitaldeasturias.com\\\/magazine365\\\/#organization\",\"name\":\"El digital de Asturias\",\"description\":\"Revista de ocio, turismo y estilo de vida\",\"url\":\"https:\\\/\\\/eldigitaldeasturias.com\\\/magazine365\\\/\",\"logo\":{\"@type\":\"ImageObject\",\"url\":\"https:\\\/\\\/www.eldigitaldeasturias.com\\\/noticias\\\/wp-content\\\/uploads\\\/2020\\\/12\\\/EDA.jpg\",\"@id\":\"https:\\\/\\\/eldigitaldeasturias.com\\\/magazine365\\\/savall-estrenara-su-espectaculo-musical-guerra-y-paz-el-dia-24-en-barcelona\\\/#organizationLogo\"},\"image\":{\"@id\":\"https:\\\/\\\/eldigitaldeasturias.com\\\/magazine365\\\/savall-estrenara-su-espectaculo-musical-guerra-y-paz-el-dia-24-en-barcelona\\\/#organizationLogo\"}},{\"@type\":\"Person\",\"@id\":\"https:\\\/\\\/eldigitaldeasturias.com\\\/magazine365\\\/author\\\/admin\\\/#author\",\"url\":\"https:\\\/\\\/eldigitaldeasturias.com\\\/magazine365\\\/author\\\/admin\\\/\",\"name\":\"admin\",\"image\":{\"@type\":\"ImageObject\",\"@id\":\"https:\\\/\\\/eldigitaldeasturias.com\\\/magazine365\\\/savall-estrenara-su-espectaculo-musical-guerra-y-paz-el-dia-24-en-barcelona\\\/#authorImage\",\"url\":\"https:\\\/\\\/eldigitaldeasturias.com\\\/magazine365\\\/wp-content\\\/litespeed\\\/avatar\\\/e571bcf59a0edd6fa6838245a470f2fe.jpg?ver=1776969259\",\"width\":96,\"height\":96,\"caption\":\"admin\"}},{\"@type\":\"WebPage\",\"@id\":\"https:\\\/\\\/eldigitaldeasturias.com\\\/magazine365\\\/savall-estrenara-su-espectaculo-musical-guerra-y-paz-el-dia-24-en-barcelona\\\/#webpage\",\"url\":\"https:\\\/\\\/eldigitaldeasturias.com\\\/magazine365\\\/savall-estrenara-su-espectaculo-musical-guerra-y-paz-el-dia-24-en-barcelona\\\/\",\"name\":\"Savall estrenar\\u00e1 su espect\\u00e1culo musical \\u00abGuerra y paz\\u00bb el d\\u00eda 24 en Barcelona | El Digital de Asturias\",\"description\":\"Barcelona, 19 may (EFE).- El maestro Jordi Savall, para quien \\\"la m\\u00fasica es la verdadera historia de la humanidad\\\", estrena el pr\\u00f3ximo d\\u00eda 24 en el Gran Teatro del Liceo, en Barcelona, su espect\\u00e1culo \\\"Guerra y Paz\\\", un recorrido por las m\\u00fasicas de la Europa en guerra entre 1640 y 1748, que despu\\u00e9s girar\\u00e1 por\",\"inLanguage\":\"es-ES\",\"isPartOf\":{\"@id\":\"https:\\\/\\\/eldigitaldeasturias.com\\\/magazine365\\\/#website\"},\"breadcrumb\":{\"@id\":\"https:\\\/\\\/eldigitaldeasturias.com\\\/magazine365\\\/savall-estrenara-su-espectaculo-musical-guerra-y-paz-el-dia-24-en-barcelona\\\/#breadcrumblist\"},\"author\":{\"@id\":\"https:\\\/\\\/eldigitaldeasturias.com\\\/magazine365\\\/author\\\/admin\\\/#author\"},\"creator\":{\"@id\":\"https:\\\/\\\/eldigitaldeasturias.com\\\/magazine365\\\/author\\\/admin\\\/#author\"},\"image\":{\"@type\":\"ImageObject\",\"url\":\"https:\\\/\\\/eldigitaldeasturias.com\\\/magazine365\\\/wp-content\\\/uploads\\\/2014\\\/05\\\/6275358w.jpg\",\"@id\":\"https:\\\/\\\/eldigitaldeasturias.com\\\/magazine365\\\/savall-estrenara-su-espectaculo-musical-guerra-y-paz-el-dia-24-en-barcelona\\\/#mainImage\",\"width\":800,\"height\":555},\"primaryImageOfPage\":{\"@id\":\"https:\\\/\\\/eldigitaldeasturias.com\\\/magazine365\\\/savall-estrenara-su-espectaculo-musical-guerra-y-paz-el-dia-24-en-barcelona\\\/#mainImage\"},\"datePublished\":\"2014-05-19T21:55:51+02:00\",\"dateModified\":\"2014-05-19T21:55:51+02:00\"},{\"@type\":\"WebSite\",\"@id\":\"https:\\\/\\\/eldigitaldeasturias.com\\\/magazine365\\\/#website\",\"url\":\"https:\\\/\\\/eldigitaldeasturias.com\\\/magazine365\\\/\",\"name\":\"El Digital de Asturias\",\"description\":\"Revista de ocio, turismo y estilo de vida\",\"inLanguage\":\"es-ES\",\"publisher\":{\"@id\":\"https:\\\/\\\/eldigitaldeasturias.com\\\/magazine365\\\/#organization\"}}]}\n\t\t<\/script>\n\t\t<!-- All in One SEO Pro -->\r\n\t\t<title>Savall estrenar\u00e1 su espect\u00e1culo musical \u00abGuerra y paz\u00bb el d\u00eda 24 en Barcelona | El Digital de Asturias<\/title>\n\n","aioseo_head_json":{"title":"Savall estrenar\u00e1 su espect\u00e1culo musical \u00abGuerra y paz\u00bb el d\u00eda 24 en Barcelona | El Digital de Asturias","description":"Barcelona, 19 may (EFE).- El maestro Jordi Savall, para quien \"la m\u00fasica es la verdadera historia de la humanidad\", estrena el pr\u00f3ximo d\u00eda 24 en el Gran Teatro del Liceo, en Barcelona, su espect\u00e1culo \"Guerra y Paz\", un recorrido por las m\u00fasicas de la Europa en guerra entre 1640 y 1748, que despu\u00e9s girar\u00e1 por","canonical_url":"https:\/\/eldigitaldeasturias.com\/magazine365\/savall-estrenara-su-espectaculo-musical-guerra-y-paz-el-dia-24-en-barcelona\/","robots":"max-image-preview:large","keywords":"noticias y actualidad","webmasterTools":{"google-site-verification":"UA-38556648-1","miscellaneous":""},"schema":{"@context":"https:\/\/schema.org","@graph":[{"@type":"Article","@id":"https:\/\/eldigitaldeasturias.com\/magazine365\/savall-estrenara-su-espectaculo-musical-guerra-y-paz-el-dia-24-en-barcelona\/#article","name":"Savall estrenar\u00e1 su espect\u00e1culo musical \u00abGuerra y paz\u00bb el d\u00eda 24 en Barcelona | El Digital de Asturias","headline":"Savall estrenar\u00e1 su espect\u00e1culo musical \u00abGuerra y paz\u00bb el d\u00eda 24 en Barcelona","author":{"@id":"https:\/\/eldigitaldeasturias.com\/magazine365\/author\/admin\/#author"},"publisher":{"@id":"https:\/\/eldigitaldeasturias.com\/magazine365\/#organization"},"image":{"@type":"ImageObject","url":"https:\/\/eldigitaldeasturias.com\/magazine365\/wp-content\/uploads\/2014\/05\/6275358w.jpg","width":800,"height":555},"datePublished":"2014-05-19T21:55:51+02:00","dateModified":"2014-05-19T21:55:51+02:00","inLanguage":"es-ES","mainEntityOfPage":{"@id":"https:\/\/eldigitaldeasturias.com\/magazine365\/savall-estrenara-su-espectaculo-musical-guerra-y-paz-el-dia-24-en-barcelona\/#webpage"},"isPartOf":{"@id":"https:\/\/eldigitaldeasturias.com\/magazine365\/savall-estrenara-su-espectaculo-musical-guerra-y-paz-el-dia-24-en-barcelona\/#webpage"},"articleSection":"Noticias y Actualidad"},{"@type":"BreadcrumbList","@id":"https:\/\/eldigitaldeasturias.com\/magazine365\/savall-estrenara-su-espectaculo-musical-guerra-y-paz-el-dia-24-en-barcelona\/#breadcrumblist","itemListElement":[{"@type":"ListItem","@id":"https:\/\/eldigitaldeasturias.com\/magazine365#listItem","position":1,"name":"Home","item":"https:\/\/eldigitaldeasturias.com\/magazine365","nextItem":{"@type":"ListItem","@id":"https:\/\/eldigitaldeasturias.com\/magazine365\/category\/noticias-actualidad\/#listItem","name":"Noticias y Actualidad"}},{"@type":"ListItem","@id":"https:\/\/eldigitaldeasturias.com\/magazine365\/category\/noticias-actualidad\/#listItem","position":2,"name":"Noticias y Actualidad","item":"https:\/\/eldigitaldeasturias.com\/magazine365\/category\/noticias-actualidad\/","nextItem":{"@type":"ListItem","@id":"https:\/\/eldigitaldeasturias.com\/magazine365\/savall-estrenara-su-espectaculo-musical-guerra-y-paz-el-dia-24-en-barcelona\/#listItem","name":"Savall estrenar\u00e1 su espect\u00e1culo musical \u00abGuerra y paz\u00bb el d\u00eda 24 en Barcelona"},"previousItem":{"@type":"ListItem","@id":"https:\/\/eldigitaldeasturias.com\/magazine365#listItem","name":"Home"}},{"@type":"ListItem","@id":"https:\/\/eldigitaldeasturias.com\/magazine365\/savall-estrenara-su-espectaculo-musical-guerra-y-paz-el-dia-24-en-barcelona\/#listItem","position":3,"name":"Savall estrenar\u00e1 su espect\u00e1culo musical \u00abGuerra y paz\u00bb el d\u00eda 24 en Barcelona","previousItem":{"@type":"ListItem","@id":"https:\/\/eldigitaldeasturias.com\/magazine365\/category\/noticias-actualidad\/#listItem","name":"Noticias y Actualidad"}}]},{"@type":"Organization","@id":"https:\/\/eldigitaldeasturias.com\/magazine365\/#organization","name":"El digital de Asturias","description":"Revista de ocio, turismo y estilo de vida","url":"https:\/\/eldigitaldeasturias.com\/magazine365\/","logo":{"@type":"ImageObject","url":"https:\/\/www.eldigitaldeasturias.com\/noticias\/wp-content\/uploads\/2020\/12\/EDA.jpg","@id":"https:\/\/eldigitaldeasturias.com\/magazine365\/savall-estrenara-su-espectaculo-musical-guerra-y-paz-el-dia-24-en-barcelona\/#organizationLogo"},"image":{"@id":"https:\/\/eldigitaldeasturias.com\/magazine365\/savall-estrenara-su-espectaculo-musical-guerra-y-paz-el-dia-24-en-barcelona\/#organizationLogo"}},{"@type":"Person","@id":"https:\/\/eldigitaldeasturias.com\/magazine365\/author\/admin\/#author","url":"https:\/\/eldigitaldeasturias.com\/magazine365\/author\/admin\/","name":"admin","image":{"@type":"ImageObject","@id":"https:\/\/eldigitaldeasturias.com\/magazine365\/savall-estrenara-su-espectaculo-musical-guerra-y-paz-el-dia-24-en-barcelona\/#authorImage","url":"https:\/\/eldigitaldeasturias.com\/magazine365\/wp-content\/litespeed\/avatar\/e571bcf59a0edd6fa6838245a470f2fe.jpg?ver=1776969259","width":96,"height":96,"caption":"admin"}},{"@type":"WebPage","@id":"https:\/\/eldigitaldeasturias.com\/magazine365\/savall-estrenara-su-espectaculo-musical-guerra-y-paz-el-dia-24-en-barcelona\/#webpage","url":"https:\/\/eldigitaldeasturias.com\/magazine365\/savall-estrenara-su-espectaculo-musical-guerra-y-paz-el-dia-24-en-barcelona\/","name":"Savall estrenar\u00e1 su espect\u00e1culo musical \u00abGuerra y paz\u00bb el d\u00eda 24 en Barcelona | El Digital de Asturias","description":"Barcelona, 19 may (EFE).- El maestro Jordi Savall, para quien \"la m\u00fasica es la verdadera historia de la humanidad\", estrena el pr\u00f3ximo d\u00eda 24 en el Gran Teatro del Liceo, en Barcelona, su espect\u00e1culo \"Guerra y Paz\", un recorrido por las m\u00fasicas de la Europa en guerra entre 1640 y 1748, que despu\u00e9s girar\u00e1 por","inLanguage":"es-ES","isPartOf":{"@id":"https:\/\/eldigitaldeasturias.com\/magazine365\/#website"},"breadcrumb":{"@id":"https:\/\/eldigitaldeasturias.com\/magazine365\/savall-estrenara-su-espectaculo-musical-guerra-y-paz-el-dia-24-en-barcelona\/#breadcrumblist"},"author":{"@id":"https:\/\/eldigitaldeasturias.com\/magazine365\/author\/admin\/#author"},"creator":{"@id":"https:\/\/eldigitaldeasturias.com\/magazine365\/author\/admin\/#author"},"image":{"@type":"ImageObject","url":"https:\/\/eldigitaldeasturias.com\/magazine365\/wp-content\/uploads\/2014\/05\/6275358w.jpg","@id":"https:\/\/eldigitaldeasturias.com\/magazine365\/savall-estrenara-su-espectaculo-musical-guerra-y-paz-el-dia-24-en-barcelona\/#mainImage","width":800,"height":555},"primaryImageOfPage":{"@id":"https:\/\/eldigitaldeasturias.com\/magazine365\/savall-estrenara-su-espectaculo-musical-guerra-y-paz-el-dia-24-en-barcelona\/#mainImage"},"datePublished":"2014-05-19T21:55:51+02:00","dateModified":"2014-05-19T21:55:51+02:00"},{"@type":"WebSite","@id":"https:\/\/eldigitaldeasturias.com\/magazine365\/#website","url":"https:\/\/eldigitaldeasturias.com\/magazine365\/","name":"El Digital de Asturias","description":"Revista de ocio, turismo y estilo de vida","inLanguage":"es-ES","publisher":{"@id":"https:\/\/eldigitaldeasturias.com\/magazine365\/#organization"}}]},"og:locale":"es_ES","og:site_name":"El Digital de Asturias \u2013 Revista de ocio, turismo y estilo de vida","og:type":"article","og:title":"Savall estrenar\u00e1 su espect\u00e1culo musical \u00abGuerra y paz\u00bb el d\u00eda 24 en Barcelona | El Digital de Asturias","og:description":"Barcelona, 19 may (EFE).- El maestro Jordi Savall, para quien &quot;la m\u00fasica es la verdadera historia de la humanidad&quot;, estrena el pr\u00f3ximo d\u00eda 24 en el Gran Teatro del Liceo, en Barcelona, su espect\u00e1culo &quot;Guerra y Paz&quot;, un recorrido por las m\u00fasicas de la Europa en guerra entre 1640 y 1748, que despu\u00e9s girar\u00e1 por","og:url":"https:\/\/eldigitaldeasturias.com\/magazine365\/savall-estrenara-su-espectaculo-musical-guerra-y-paz-el-dia-24-en-barcelona\/","og:image":"https:\/\/eldigitaldeasturias.com\/magazine365\/wp-content\/uploads\/2014\/05\/6275358w.jpg","og:image:secure_url":"https:\/\/eldigitaldeasturias.com\/magazine365\/wp-content\/uploads\/2014\/05\/6275358w.jpg","og:image:width":800,"og:image:height":555,"article:published_time":"2014-05-19T23:55:51+00:00","article:modified_time":"2014-05-19T23:55:51+00:00","twitter:card":"summary_large_image","twitter:title":"Savall estrenar\u00e1 su espect\u00e1culo musical \u00abGuerra y paz\u00bb el d\u00eda 24 en Barcelona | El Digital de Asturias","twitter:description":"Barcelona, 19 may (EFE).- El maestro Jordi Savall, para quien &quot;la m\u00fasica es la verdadera historia de la humanidad&quot;, estrena el pr\u00f3ximo d\u00eda 24 en el Gran Teatro del Liceo, en Barcelona, su espect\u00e1culo &quot;Guerra y Paz&quot;, un recorrido por las m\u00fasicas de la Europa en guerra entre 1640 y 1748, que despu\u00e9s girar\u00e1 por","twitter:image":"https:\/\/eldigitaldeasturias.com\/magazine365\/wp-content\/uploads\/2014\/05\/6275358w.jpg"},"aioseo_meta_data":{"post_id":"13221","title":null,"description":null,"keywords":null,"keyphrases":null,"primary_term":null,"canonical_url":null,"og_title":null,"og_description":null,"og_object_type":"default","og_image_type":"default","og_image_url":null,"og_image_width":null,"og_image_height":null,"og_image_custom_url":null,"og_image_custom_fields":null,"og_video":null,"og_custom_url":null,"og_article_section":null,"og_article_tags":null,"twitter_use_og":false,"twitter_card":"default","twitter_image_type":"default","twitter_image_url":null,"twitter_image_custom_url":null,"twitter_image_custom_fields":null,"twitter_title":null,"twitter_description":null,"schema":{"blockGraphs":[],"customGraphs":[],"default":{"data":{"Article":[],"Course":[],"Dataset":[],"FAQPage":[],"Movie":[],"Person":[],"Product":[],"ProductReview":[],"Car":[],"Recipe":[],"Service":[],"SoftwareApplication":[],"WebPage":[]},"graphName":"","isEnabled":true},"graphs":[],"defaultGraph":"","defaultPostTypeGraph":""},"schema_type":null,"schema_type_options":null,"pillar_content":false,"robots_default":true,"robots_noindex":false,"robots_noarchive":false,"robots_nosnippet":false,"robots_nofollow":false,"robots_noimageindex":false,"robots_noodp":false,"robots_notranslate":false,"robots_max_snippet":null,"robots_max_videopreview":null,"robots_max_imagepreview":"large","priority":null,"frequency":null,"location":null,"local_seo":null,"seo_analyzer_scan_date":"2025-09-17 07:49:30","breadcrumb_settings":null,"limit_modified_date":false,"open_ai":null,"ai":null,"created":"2021-03-09 08:30:53","updated":"2025-09-17 07:49:30"},"aioseo_breadcrumb":"<div class=\"aioseo-breadcrumbs\"><span class=\"aioseo-breadcrumb\">\n\t<a href=\"https:\/\/eldigitaldeasturias.com\/magazine365\" title=\"Home\">Home<\/a>\n<\/span><span class=\"aioseo-breadcrumb-separator\">\u2013<\/span><span class=\"aioseo-breadcrumb\">\n\t<a href=\"https:\/\/eldigitaldeasturias.com\/magazine365\/category\/noticias-actualidad\/\" title=\"Noticias y Actualidad\">Noticias y Actualidad<\/a>\n<\/span><span class=\"aioseo-breadcrumb-separator\">\u2013<\/span><span class=\"aioseo-breadcrumb\">\n\t<a href=\"https:\/\/eldigitaldeasturias.com\/magazine365\/savall-estrenara-su-espectaculo-musical-guerra-y-paz-el-dia-24-en-barcelona\/\" title=\"Savall estrenar\u00e1 su espect\u00e1culo musical \u00abGuerra y paz\u00bb el d\u00eda 24 en Barcelona\">Savall estrenar\u00e1 su espect\u00e1culo musical \u00abGuerra y paz\u00bb el d\u00eda 24 en Barcelona<\/a>\n<\/span><\/div>","aioseo_breadcrumb_json":[{"label":"Home","link":"https:\/\/eldigitaldeasturias.com\/magazine365"},{"label":"Noticias y Actualidad","link":"https:\/\/eldigitaldeasturias.com\/magazine365\/category\/noticias-actualidad\/"},{"label":"Savall estrenar\u00e1 su espect\u00e1culo musical \u00abGuerra y paz\u00bb el d\u00eda 24 en Barcelona","link":"https:\/\/eldigitaldeasturias.com\/magazine365\/savall-estrenara-su-espectaculo-musical-guerra-y-paz-el-dia-24-en-barcelona\/"}],"_links":{"self":[{"href":"https:\/\/eldigitaldeasturias.com\/magazine365\/wp-json\/wp\/v2\/posts\/13221","targetHints":{"allow":["GET"]}}],"collection":[{"href":"https:\/\/eldigitaldeasturias.com\/magazine365\/wp-json\/wp\/v2\/posts"}],"about":[{"href":"https:\/\/eldigitaldeasturias.com\/magazine365\/wp-json\/wp\/v2\/types\/post"}],"author":[{"embeddable":true,"href":"https:\/\/eldigitaldeasturias.com\/magazine365\/wp-json\/wp\/v2\/users\/1"}],"replies":[{"embeddable":true,"href":"https:\/\/eldigitaldeasturias.com\/magazine365\/wp-json\/wp\/v2\/comments?post=13221"}],"version-history":[{"count":0,"href":"https:\/\/eldigitaldeasturias.com\/magazine365\/wp-json\/wp\/v2\/posts\/13221\/revisions"}],"wp:featuredmedia":[{"embeddable":true,"href":"https:\/\/eldigitaldeasturias.com\/magazine365\/wp-json\/wp\/v2\/media\/13222"}],"wp:attachment":[{"href":"https:\/\/eldigitaldeasturias.com\/magazine365\/wp-json\/wp\/v2\/media?parent=13221"}],"wp:term":[{"taxonomy":"category","embeddable":true,"href":"https:\/\/eldigitaldeasturias.com\/magazine365\/wp-json\/wp\/v2\/categories?post=13221"},{"taxonomy":"post_tag","embeddable":true,"href":"https:\/\/eldigitaldeasturias.com\/magazine365\/wp-json\/wp\/v2\/tags?post=13221"}],"curies":[{"name":"wp","href":"https:\/\/api.w.org\/{rel}","templated":true}]}}