{"id":13218,"date":"2014-05-19T21:52:41","date_gmt":"2014-05-19T23:52:41","guid":{"rendered":"http:\/\/eldigitaldeasturias.com\/magazine365\/?p=13218"},"modified":"2014-05-19T21:52:41","modified_gmt":"2014-05-19T23:52:41","slug":"el-chef-jordi-cruz-habla-de-presente-y-futuro","status":"publish","type":"post","link":"https:\/\/eldigitaldeasturias.com\/magazine365\/el-chef-jordi-cruz-habla-de-presente-y-futuro\/","title":{"rendered":"El chef Jordi Cruz habla de presente y futuro."},"content":{"rendered":"<p><img fetchpriority=\"high\" decoding=\"async\" class=\"alignleft size-medium wp-image-13219\" alt=\"6275115w\" src=\"https:\/\/eldigitaldeasturias.com\/magazine365\/wp-content\/uploads\/2014\/05\/6275115w-320x300.jpg\" width=\"320\" height=\"300\" srcset=\"https:\/\/eldigitaldeasturias.com\/magazine365\/wp-content\/uploads\/2014\/05\/6275115w-320x300.jpg 320w, https:\/\/eldigitaldeasturias.com\/magazine365\/wp-content\/uploads\/2014\/05\/6275115w-650x609.jpg 650w, https:\/\/eldigitaldeasturias.com\/magazine365\/wp-content\/uploads\/2014\/05\/6275115w-768x719.jpg 768w, https:\/\/eldigitaldeasturias.com\/magazine365\/wp-content\/uploads\/2014\/05\/6275115w-150x140.jpg 150w, https:\/\/eldigitaldeasturias.com\/magazine365\/wp-content\/uploads\/2014\/05\/6275115w-450x421.jpg 450w, https:\/\/eldigitaldeasturias.com\/magazine365\/wp-content\/uploads\/2014\/05\/6275115w-696x652.jpg 696w, https:\/\/eldigitaldeasturias.com\/magazine365\/wp-content\/uploads\/2014\/05\/6275115w-449x420.jpg 449w, https:\/\/eldigitaldeasturias.com\/magazine365\/wp-content\/uploads\/2014\/05\/6275115w.jpg 800w\" sizes=\"(max-width: 320px) 100vw, 320px\" \/>Madrid, 19 may (EFE).- El chef Jordi Cruz se pasa \u00abla vida entre fogones\u00bb, los suyos del restaurante ABaC de Barcelona, para el que ans\u00eda la tercera estrella Michel\u00edn, y los del plat\u00f3 de \u00abMasterChef\u00bb, el programa de TVE en el que a veces se indigna y olvida que \u00abes m\u00e1s efectiva una mirada de decepci\u00f3n que un grito\u00bb.<\/p>\n<p>Cruz, que lleva adem\u00e1s otros dos restaurantes -\u00abAngle\u00bb y \u00abT&#8217;ens\u00bb- y la asesor\u00eda gastron\u00f3mica de cuatro hoteles, ha explicado hoy durante la presentaci\u00f3n de un robot de cocina, que siente que est\u00e1 en \u00absu limite\u00bb de energ\u00eda, aunque saca tiempo para preparar tambi\u00e9n el que ser\u00e1 su segundo libro de recetas.<\/p>\n<p>Despu\u00e9s de preparar un gazpacho con tomate, cebolla, fresas, melocot\u00f3n y aceite y un \u00absteak tartar\u00bb, el cocinero ha relatado que con 17 a\u00f1os era jefe de cocina y cu\u00e1l fue la clave de su \u00e9xito: \u00abcon esa edad no sab\u00eda cocinar pero ten\u00eda un morro que me lo pisaba. Mi virtud ha sido dedicar todos los d\u00edas y las noches a la cocina\u00bb.<\/p>\n<p>Cruz ha asegurado que su paso por el programa de televisi\u00f3n, del que se est\u00e1 emitiendo su segunda temporada, no le est\u00e1 afectando especialmente porque \u00abapenas\u00bb sale a la calle y \u00abse pasa la vida\u00bb en la cocina y el plat\u00f3.<\/p>\n<p>En esta segunda edici\u00f3n, ha afirmado, se encuentra m\u00e1s suelto y tranquilo, aunque en ocasiones pierda los nervios.<\/p>\n<p>\u00abEn el casting cocinaban muy bien, pero en los cinco primeros episodios, igual que sucedi\u00f3 el a\u00f1o pasado, han bajado el nivel. Es verdad que hay que vivirlo porque es complicado, pero veo que pueden hacer mucho m\u00e1s y me indigno\u00bb, revela.<\/p>\n<p>Cruz reconoce que \u00aben el momento\u00bb no es consciente de su car\u00e1cter pero que en ocasiones, cuando lo ve por la televisi\u00f3n, se da cuenta de que se ha \u00abcalentado\u00bb con alg\u00fan participante y le ha dado \u00abdemasiada ca\u00f1a\u00bb.<\/p>\n<p>En casa, asegura, saca menos \u00abel genio\u00bb porque cree que \u00abes m\u00e1s efectiva una mirada de decepci\u00f3n que un grito\u00bb y en su cocina son \u00abuna unidad\u00bb.<\/p>\n<p>\u00abCuando alguien mete la pata debe entender que la virtud est\u00e1 en poder solucionar el error de una manera \u00e1gil sin que lo perciba el cliente\u00bb, revela.<\/p>\n<p>El cocinero \u00abm\u00e1s atractivo del pa\u00eds\u00bb, seg\u00fan ha asegurado esgrimiendo unas \u00abencuestas\u00bb uno de los periodistas asistentes, ha adelgazado \u00abmetiendo horas en el gimnasio\u00bb y, sobre todo, aprendiendo a cuidarse, aunque reconoce que \u00ablas pilas\u00bb se las puso cuando acept\u00f3 el desaf\u00edo de una revista masculina para posar sin ropa.<\/p>\n<p>\u00abEso de que soy el m\u00e1s sexy es una tonter\u00eda. No me creo nada, sigo siendo un t\u00edo normal, pero me pillan el lado bueno. Dar\u00edo Barrio -due\u00f1o del restaurante Dassa Bassa- es m\u00e1s guapo, aunque es verdad que yo tengo voz y eso no se estropea con la edad\u00bb, dice entre risas.<\/p>\n<p>Ni su popularidad, ni su atractivo le ayudan a \u00abligar\u00bb: \u00abla \u00fanica carne que veo est\u00e1 en la nevera\u00bb, ha asegurado el presentador y chef.<\/p>\n<p>El catal\u00e1n ha echado balones fuera cuando le han preguntado por su vida privada, de la que no quiere que se hable porque \u00abno tiene ninguna importancia\u00bb y porque de lo \u00fanico que \u00e9l entiende es de cocina.<\/p>\n<p>Tampoco ha querido dar su opini\u00f3n sobre el refer\u00e9ndum sobre la soberan\u00eda catalana. \u00abSoy cocinero y apol\u00edtico -ha dicho-, aunque me preocupa que la gente se equivoque y se enfaden unos con otros, es cuesti\u00f3n de que los que mandan se pongan de acuerdo y dejen de tocar la pera\u00bb.<\/p>\n<p>Como objetivos de futuro en su vida profesional tiene claro que es conseguir la tercera estrella Michel\u00edn aunque, ha precisado, si Joan Roca ha estado 10 a\u00f1os esperando y \u00e9l est\u00e1 15 \u00abtampoco pasa nada\u00bb.<\/p>\n","protected":false},"excerpt":{"rendered":"<p>Madrid, 19 may (EFE).- El chef Jordi Cruz se pasa \u00abla vida entre fogones\u00bb, los suyos del restaurante ABaC de Barcelona, para el que ans\u00eda la tercera estrella Michel\u00edn, y los del plat\u00f3 de \u00abMasterChef\u00bb, el programa de TVE en el que a veces se indigna y olvida que \u00abes m\u00e1s efectiva una mirada de<\/p>\n","protected":false},"author":1,"featured_media":13219,"comment_status":"open","ping_status":"closed","sticky":false,"template":"","format":"standard","meta":{"footnotes":""},"categories":[224],"tags":[],"class_list":{"0":"post-13218","1":"post","2":"type-post","3":"status-publish","4":"format-standard","5":"has-post-thumbnail","7":"category-noticias-actualidad"},"aioseo_notices":[],"aioseo_head":"\n\t\t<!-- All in One SEO Pro 4.9.6.1 - aioseo.com -->\n\t<meta name=\"description\" content=\"Madrid, 19 may (EFE).- El chef Jordi Cruz se pasa &quot;la vida entre fogones&quot;, los suyos del restaurante ABaC de Barcelona, para el que ans\u00eda la tercera estrella Michel\u00edn, y los del plat\u00f3 de &quot;MasterChef&quot;, el programa de TVE en el que a veces se indigna y olvida que &quot;es m\u00e1s efectiva una mirada de\" \/>\n\t<meta name=\"robots\" content=\"max-image-preview:large\" \/>\n\t<meta name=\"author\" content=\"admin\"\/>\n\t<meta name=\"google-site-verification\" content=\"UA-38556648-1\" \/>\n\t<meta name=\"keywords\" content=\"noticias y actualidad\" \/>\n\t<link rel=\"canonical\" href=\"https:\/\/eldigitaldeasturias.com\/magazine365\/el-chef-jordi-cruz-habla-de-presente-y-futuro\/\" \/>\n\t<meta name=\"generator\" content=\"All in One SEO Pro (AIOSEO) 4.9.6.1\" \/>\n\t\t<meta property=\"og:locale\" content=\"es_ES\" \/>\n\t\t<meta property=\"og:site_name\" content=\"El Digital de Asturias \u2013 Revista de ocio, turismo y estilo de vida\" \/>\n\t\t<meta property=\"og:type\" content=\"article\" \/>\n\t\t<meta property=\"og:title\" content=\"El chef Jordi Cruz habla de presente y futuro. | El Digital de Asturias\" \/>\n\t\t<meta property=\"og:description\" content=\"Madrid, 19 may (EFE).- El chef Jordi Cruz se pasa &quot;la vida entre fogones&quot;, los suyos del restaurante ABaC de Barcelona, para el que ans\u00eda la tercera estrella Michel\u00edn, y los del plat\u00f3 de &quot;MasterChef&quot;, el programa de TVE en el que a veces se indigna y olvida que &quot;es m\u00e1s efectiva una mirada de\" \/>\n\t\t<meta property=\"og:url\" content=\"https:\/\/eldigitaldeasturias.com\/magazine365\/el-chef-jordi-cruz-habla-de-presente-y-futuro\/\" \/>\n\t\t<meta property=\"og:image\" content=\"https:\/\/eldigitaldeasturias.com\/magazine365\/wp-content\/uploads\/2014\/05\/6275115w.jpg\" \/>\n\t\t<meta property=\"og:image:secure_url\" content=\"https:\/\/eldigitaldeasturias.com\/magazine365\/wp-content\/uploads\/2014\/05\/6275115w.jpg\" \/>\n\t\t<meta property=\"og:image:width\" content=\"800\" \/>\n\t\t<meta property=\"og:image:height\" content=\"749\" \/>\n\t\t<meta property=\"article:published_time\" content=\"2014-05-19T23:52:41+00:00\" \/>\n\t\t<meta property=\"article:modified_time\" content=\"2014-05-19T23:52:41+00:00\" \/>\n\t\t<meta name=\"twitter:card\" content=\"summary_large_image\" \/>\n\t\t<meta name=\"twitter:title\" content=\"El chef Jordi Cruz habla de presente y futuro. | El Digital de Asturias\" \/>\n\t\t<meta name=\"twitter:description\" content=\"Madrid, 19 may (EFE).- El chef Jordi Cruz se pasa &quot;la vida entre fogones&quot;, los suyos del restaurante ABaC de Barcelona, para el que ans\u00eda la tercera estrella Michel\u00edn, y los del plat\u00f3 de &quot;MasterChef&quot;, el programa de TVE en el que a veces se indigna y olvida que &quot;es m\u00e1s efectiva una mirada de\" \/>\n\t\t<meta name=\"twitter:image\" content=\"https:\/\/eldigitaldeasturias.com\/magazine365\/wp-content\/uploads\/2014\/05\/6275115w.jpg\" \/>\n\t\t<script type=\"application\/ld+json\" class=\"aioseo-schema\">\n\t\t\t{\"@context\":\"https:\\\/\\\/schema.org\",\"@graph\":[{\"@type\":\"Article\",\"@id\":\"https:\\\/\\\/eldigitaldeasturias.com\\\/magazine365\\\/el-chef-jordi-cruz-habla-de-presente-y-futuro\\\/#article\",\"name\":\"El chef Jordi Cruz habla de presente y futuro. | El Digital de Asturias\",\"headline\":\"El chef Jordi Cruz habla de presente y futuro.\",\"author\":{\"@id\":\"https:\\\/\\\/eldigitaldeasturias.com\\\/magazine365\\\/author\\\/admin\\\/#author\"},\"publisher\":{\"@id\":\"https:\\\/\\\/eldigitaldeasturias.com\\\/magazine365\\\/#organization\"},\"image\":{\"@type\":\"ImageObject\",\"url\":\"https:\\\/\\\/eldigitaldeasturias.com\\\/magazine365\\\/wp-content\\\/uploads\\\/2014\\\/05\\\/6275115w.jpg\",\"width\":800,\"height\":749},\"datePublished\":\"2014-05-19T21:52:41+02:00\",\"dateModified\":\"2014-05-19T21:52:41+02:00\",\"inLanguage\":\"es-ES\",\"mainEntityOfPage\":{\"@id\":\"https:\\\/\\\/eldigitaldeasturias.com\\\/magazine365\\\/el-chef-jordi-cruz-habla-de-presente-y-futuro\\\/#webpage\"},\"isPartOf\":{\"@id\":\"https:\\\/\\\/eldigitaldeasturias.com\\\/magazine365\\\/el-chef-jordi-cruz-habla-de-presente-y-futuro\\\/#webpage\"},\"articleSection\":\"Noticias y Actualidad\"},{\"@type\":\"BreadcrumbList\",\"@id\":\"https:\\\/\\\/eldigitaldeasturias.com\\\/magazine365\\\/el-chef-jordi-cruz-habla-de-presente-y-futuro\\\/#breadcrumblist\",\"itemListElement\":[{\"@type\":\"ListItem\",\"@id\":\"https:\\\/\\\/eldigitaldeasturias.com\\\/magazine365#listItem\",\"position\":1,\"name\":\"Home\",\"item\":\"https:\\\/\\\/eldigitaldeasturias.com\\\/magazine365\",\"nextItem\":{\"@type\":\"ListItem\",\"@id\":\"https:\\\/\\\/eldigitaldeasturias.com\\\/magazine365\\\/category\\\/noticias-actualidad\\\/#listItem\",\"name\":\"Noticias y Actualidad\"}},{\"@type\":\"ListItem\",\"@id\":\"https:\\\/\\\/eldigitaldeasturias.com\\\/magazine365\\\/category\\\/noticias-actualidad\\\/#listItem\",\"position\":2,\"name\":\"Noticias y Actualidad\",\"item\":\"https:\\\/\\\/eldigitaldeasturias.com\\\/magazine365\\\/category\\\/noticias-actualidad\\\/\",\"nextItem\":{\"@type\":\"ListItem\",\"@id\":\"https:\\\/\\\/eldigitaldeasturias.com\\\/magazine365\\\/el-chef-jordi-cruz-habla-de-presente-y-futuro\\\/#listItem\",\"name\":\"El chef Jordi Cruz habla de presente y futuro.\"},\"previousItem\":{\"@type\":\"ListItem\",\"@id\":\"https:\\\/\\\/eldigitaldeasturias.com\\\/magazine365#listItem\",\"name\":\"Home\"}},{\"@type\":\"ListItem\",\"@id\":\"https:\\\/\\\/eldigitaldeasturias.com\\\/magazine365\\\/el-chef-jordi-cruz-habla-de-presente-y-futuro\\\/#listItem\",\"position\":3,\"name\":\"El chef Jordi Cruz habla de presente y futuro.\",\"previousItem\":{\"@type\":\"ListItem\",\"@id\":\"https:\\\/\\\/eldigitaldeasturias.com\\\/magazine365\\\/category\\\/noticias-actualidad\\\/#listItem\",\"name\":\"Noticias y Actualidad\"}}]},{\"@type\":\"Organization\",\"@id\":\"https:\\\/\\\/eldigitaldeasturias.com\\\/magazine365\\\/#organization\",\"name\":\"El digital de Asturias\",\"description\":\"Revista de ocio, turismo y estilo de vida\",\"url\":\"https:\\\/\\\/eldigitaldeasturias.com\\\/magazine365\\\/\",\"logo\":{\"@type\":\"ImageObject\",\"url\":\"https:\\\/\\\/www.eldigitaldeasturias.com\\\/noticias\\\/wp-content\\\/uploads\\\/2020\\\/12\\\/EDA.jpg\",\"@id\":\"https:\\\/\\\/eldigitaldeasturias.com\\\/magazine365\\\/el-chef-jordi-cruz-habla-de-presente-y-futuro\\\/#organizationLogo\"},\"image\":{\"@id\":\"https:\\\/\\\/eldigitaldeasturias.com\\\/magazine365\\\/el-chef-jordi-cruz-habla-de-presente-y-futuro\\\/#organizationLogo\"}},{\"@type\":\"Person\",\"@id\":\"https:\\\/\\\/eldigitaldeasturias.com\\\/magazine365\\\/author\\\/admin\\\/#author\",\"url\":\"https:\\\/\\\/eldigitaldeasturias.com\\\/magazine365\\\/author\\\/admin\\\/\",\"name\":\"admin\",\"image\":{\"@type\":\"ImageObject\",\"@id\":\"https:\\\/\\\/eldigitaldeasturias.com\\\/magazine365\\\/el-chef-jordi-cruz-habla-de-presente-y-futuro\\\/#authorImage\",\"url\":\"https:\\\/\\\/eldigitaldeasturias.com\\\/magazine365\\\/wp-content\\\/litespeed\\\/avatar\\\/e571bcf59a0edd6fa6838245a470f2fe.jpg?ver=1776969259\",\"width\":96,\"height\":96,\"caption\":\"admin\"}},{\"@type\":\"WebPage\",\"@id\":\"https:\\\/\\\/eldigitaldeasturias.com\\\/magazine365\\\/el-chef-jordi-cruz-habla-de-presente-y-futuro\\\/#webpage\",\"url\":\"https:\\\/\\\/eldigitaldeasturias.com\\\/magazine365\\\/el-chef-jordi-cruz-habla-de-presente-y-futuro\\\/\",\"name\":\"El chef Jordi Cruz habla de presente y futuro. | El Digital de Asturias\",\"description\":\"Madrid, 19 may (EFE).- El chef Jordi Cruz se pasa \\\"la vida entre fogones\\\", los suyos del restaurante ABaC de Barcelona, para el que ans\\u00eda la tercera estrella Michel\\u00edn, y los del plat\\u00f3 de \\\"MasterChef\\\", el programa de TVE en el que a veces se indigna y olvida que \\\"es m\\u00e1s efectiva una mirada de\",\"inLanguage\":\"es-ES\",\"isPartOf\":{\"@id\":\"https:\\\/\\\/eldigitaldeasturias.com\\\/magazine365\\\/#website\"},\"breadcrumb\":{\"@id\":\"https:\\\/\\\/eldigitaldeasturias.com\\\/magazine365\\\/el-chef-jordi-cruz-habla-de-presente-y-futuro\\\/#breadcrumblist\"},\"author\":{\"@id\":\"https:\\\/\\\/eldigitaldeasturias.com\\\/magazine365\\\/author\\\/admin\\\/#author\"},\"creator\":{\"@id\":\"https:\\\/\\\/eldigitaldeasturias.com\\\/magazine365\\\/author\\\/admin\\\/#author\"},\"image\":{\"@type\":\"ImageObject\",\"url\":\"https:\\\/\\\/eldigitaldeasturias.com\\\/magazine365\\\/wp-content\\\/uploads\\\/2014\\\/05\\\/6275115w.jpg\",\"@id\":\"https:\\\/\\\/eldigitaldeasturias.com\\\/magazine365\\\/el-chef-jordi-cruz-habla-de-presente-y-futuro\\\/#mainImage\",\"width\":800,\"height\":749},\"primaryImageOfPage\":{\"@id\":\"https:\\\/\\\/eldigitaldeasturias.com\\\/magazine365\\\/el-chef-jordi-cruz-habla-de-presente-y-futuro\\\/#mainImage\"},\"datePublished\":\"2014-05-19T21:52:41+02:00\",\"dateModified\":\"2014-05-19T21:52:41+02:00\"},{\"@type\":\"WebSite\",\"@id\":\"https:\\\/\\\/eldigitaldeasturias.com\\\/magazine365\\\/#website\",\"url\":\"https:\\\/\\\/eldigitaldeasturias.com\\\/magazine365\\\/\",\"name\":\"El Digital de Asturias\",\"description\":\"Revista de ocio, turismo y estilo de vida\",\"inLanguage\":\"es-ES\",\"publisher\":{\"@id\":\"https:\\\/\\\/eldigitaldeasturias.com\\\/magazine365\\\/#organization\"}}]}\n\t\t<\/script>\n\t\t<!-- All in One SEO Pro -->\r\n\t\t<title>El chef Jordi Cruz habla de presente y futuro. | El Digital de Asturias<\/title>\n\n","aioseo_head_json":{"title":"El chef Jordi Cruz habla de presente y futuro. | El Digital de Asturias","description":"Madrid, 19 may (EFE).- El chef Jordi Cruz se pasa \"la vida entre fogones\", los suyos del restaurante ABaC de Barcelona, para el que ans\u00eda la tercera estrella Michel\u00edn, y los del plat\u00f3 de \"MasterChef\", el programa de TVE en el que a veces se indigna y olvida que \"es m\u00e1s efectiva una mirada de","canonical_url":"https:\/\/eldigitaldeasturias.com\/magazine365\/el-chef-jordi-cruz-habla-de-presente-y-futuro\/","robots":"max-image-preview:large","keywords":"noticias y actualidad","webmasterTools":{"google-site-verification":"UA-38556648-1","miscellaneous":""},"schema":{"@context":"https:\/\/schema.org","@graph":[{"@type":"Article","@id":"https:\/\/eldigitaldeasturias.com\/magazine365\/el-chef-jordi-cruz-habla-de-presente-y-futuro\/#article","name":"El chef Jordi Cruz habla de presente y futuro. | El Digital de Asturias","headline":"El chef Jordi Cruz habla de presente y futuro.","author":{"@id":"https:\/\/eldigitaldeasturias.com\/magazine365\/author\/admin\/#author"},"publisher":{"@id":"https:\/\/eldigitaldeasturias.com\/magazine365\/#organization"},"image":{"@type":"ImageObject","url":"https:\/\/eldigitaldeasturias.com\/magazine365\/wp-content\/uploads\/2014\/05\/6275115w.jpg","width":800,"height":749},"datePublished":"2014-05-19T21:52:41+02:00","dateModified":"2014-05-19T21:52:41+02:00","inLanguage":"es-ES","mainEntityOfPage":{"@id":"https:\/\/eldigitaldeasturias.com\/magazine365\/el-chef-jordi-cruz-habla-de-presente-y-futuro\/#webpage"},"isPartOf":{"@id":"https:\/\/eldigitaldeasturias.com\/magazine365\/el-chef-jordi-cruz-habla-de-presente-y-futuro\/#webpage"},"articleSection":"Noticias y Actualidad"},{"@type":"BreadcrumbList","@id":"https:\/\/eldigitaldeasturias.com\/magazine365\/el-chef-jordi-cruz-habla-de-presente-y-futuro\/#breadcrumblist","itemListElement":[{"@type":"ListItem","@id":"https:\/\/eldigitaldeasturias.com\/magazine365#listItem","position":1,"name":"Home","item":"https:\/\/eldigitaldeasturias.com\/magazine365","nextItem":{"@type":"ListItem","@id":"https:\/\/eldigitaldeasturias.com\/magazine365\/category\/noticias-actualidad\/#listItem","name":"Noticias y Actualidad"}},{"@type":"ListItem","@id":"https:\/\/eldigitaldeasturias.com\/magazine365\/category\/noticias-actualidad\/#listItem","position":2,"name":"Noticias y Actualidad","item":"https:\/\/eldigitaldeasturias.com\/magazine365\/category\/noticias-actualidad\/","nextItem":{"@type":"ListItem","@id":"https:\/\/eldigitaldeasturias.com\/magazine365\/el-chef-jordi-cruz-habla-de-presente-y-futuro\/#listItem","name":"El chef Jordi Cruz habla de presente y futuro."},"previousItem":{"@type":"ListItem","@id":"https:\/\/eldigitaldeasturias.com\/magazine365#listItem","name":"Home"}},{"@type":"ListItem","@id":"https:\/\/eldigitaldeasturias.com\/magazine365\/el-chef-jordi-cruz-habla-de-presente-y-futuro\/#listItem","position":3,"name":"El chef Jordi Cruz habla de presente y futuro.","previousItem":{"@type":"ListItem","@id":"https:\/\/eldigitaldeasturias.com\/magazine365\/category\/noticias-actualidad\/#listItem","name":"Noticias y Actualidad"}}]},{"@type":"Organization","@id":"https:\/\/eldigitaldeasturias.com\/magazine365\/#organization","name":"El digital de Asturias","description":"Revista de ocio, turismo y estilo de vida","url":"https:\/\/eldigitaldeasturias.com\/magazine365\/","logo":{"@type":"ImageObject","url":"https:\/\/www.eldigitaldeasturias.com\/noticias\/wp-content\/uploads\/2020\/12\/EDA.jpg","@id":"https:\/\/eldigitaldeasturias.com\/magazine365\/el-chef-jordi-cruz-habla-de-presente-y-futuro\/#organizationLogo"},"image":{"@id":"https:\/\/eldigitaldeasturias.com\/magazine365\/el-chef-jordi-cruz-habla-de-presente-y-futuro\/#organizationLogo"}},{"@type":"Person","@id":"https:\/\/eldigitaldeasturias.com\/magazine365\/author\/admin\/#author","url":"https:\/\/eldigitaldeasturias.com\/magazine365\/author\/admin\/","name":"admin","image":{"@type":"ImageObject","@id":"https:\/\/eldigitaldeasturias.com\/magazine365\/el-chef-jordi-cruz-habla-de-presente-y-futuro\/#authorImage","url":"https:\/\/eldigitaldeasturias.com\/magazine365\/wp-content\/litespeed\/avatar\/e571bcf59a0edd6fa6838245a470f2fe.jpg?ver=1776969259","width":96,"height":96,"caption":"admin"}},{"@type":"WebPage","@id":"https:\/\/eldigitaldeasturias.com\/magazine365\/el-chef-jordi-cruz-habla-de-presente-y-futuro\/#webpage","url":"https:\/\/eldigitaldeasturias.com\/magazine365\/el-chef-jordi-cruz-habla-de-presente-y-futuro\/","name":"El chef Jordi Cruz habla de presente y futuro. | El Digital de Asturias","description":"Madrid, 19 may (EFE).- El chef Jordi Cruz se pasa \"la vida entre fogones\", los suyos del restaurante ABaC de Barcelona, para el que ans\u00eda la tercera estrella Michel\u00edn, y los del plat\u00f3 de \"MasterChef\", el programa de TVE en el que a veces se indigna y olvida que \"es m\u00e1s efectiva una mirada de","inLanguage":"es-ES","isPartOf":{"@id":"https:\/\/eldigitaldeasturias.com\/magazine365\/#website"},"breadcrumb":{"@id":"https:\/\/eldigitaldeasturias.com\/magazine365\/el-chef-jordi-cruz-habla-de-presente-y-futuro\/#breadcrumblist"},"author":{"@id":"https:\/\/eldigitaldeasturias.com\/magazine365\/author\/admin\/#author"},"creator":{"@id":"https:\/\/eldigitaldeasturias.com\/magazine365\/author\/admin\/#author"},"image":{"@type":"ImageObject","url":"https:\/\/eldigitaldeasturias.com\/magazine365\/wp-content\/uploads\/2014\/05\/6275115w.jpg","@id":"https:\/\/eldigitaldeasturias.com\/magazine365\/el-chef-jordi-cruz-habla-de-presente-y-futuro\/#mainImage","width":800,"height":749},"primaryImageOfPage":{"@id":"https:\/\/eldigitaldeasturias.com\/magazine365\/el-chef-jordi-cruz-habla-de-presente-y-futuro\/#mainImage"},"datePublished":"2014-05-19T21:52:41+02:00","dateModified":"2014-05-19T21:52:41+02:00"},{"@type":"WebSite","@id":"https:\/\/eldigitaldeasturias.com\/magazine365\/#website","url":"https:\/\/eldigitaldeasturias.com\/magazine365\/","name":"El Digital de Asturias","description":"Revista de ocio, turismo y estilo de vida","inLanguage":"es-ES","publisher":{"@id":"https:\/\/eldigitaldeasturias.com\/magazine365\/#organization"}}]},"og:locale":"es_ES","og:site_name":"El Digital de Asturias \u2013 Revista de ocio, turismo y estilo de vida","og:type":"article","og:title":"El chef Jordi Cruz habla de presente y futuro. | El Digital de Asturias","og:description":"Madrid, 19 may (EFE).- El chef Jordi Cruz se pasa &quot;la vida entre fogones&quot;, los suyos del restaurante ABaC de Barcelona, para el que ans\u00eda la tercera estrella Michel\u00edn, y los del plat\u00f3 de &quot;MasterChef&quot;, el programa de TVE en el que a veces se indigna y olvida que &quot;es m\u00e1s efectiva una mirada de","og:url":"https:\/\/eldigitaldeasturias.com\/magazine365\/el-chef-jordi-cruz-habla-de-presente-y-futuro\/","og:image":"https:\/\/eldigitaldeasturias.com\/magazine365\/wp-content\/uploads\/2014\/05\/6275115w.jpg","og:image:secure_url":"https:\/\/eldigitaldeasturias.com\/magazine365\/wp-content\/uploads\/2014\/05\/6275115w.jpg","og:image:width":800,"og:image:height":749,"article:published_time":"2014-05-19T23:52:41+00:00","article:modified_time":"2014-05-19T23:52:41+00:00","twitter:card":"summary_large_image","twitter:title":"El chef Jordi Cruz habla de presente y futuro. | El Digital de Asturias","twitter:description":"Madrid, 19 may (EFE).- El chef Jordi Cruz se pasa &quot;la vida entre fogones&quot;, los suyos del restaurante ABaC de Barcelona, para el que ans\u00eda la tercera estrella Michel\u00edn, y los del plat\u00f3 de &quot;MasterChef&quot;, el programa de TVE en el que a veces se indigna y olvida que &quot;es m\u00e1s efectiva una mirada de","twitter:image":"https:\/\/eldigitaldeasturias.com\/magazine365\/wp-content\/uploads\/2014\/05\/6275115w.jpg"},"aioseo_meta_data":{"post_id":"13218","title":null,"description":null,"keywords":null,"keyphrases":null,"primary_term":null,"canonical_url":null,"og_title":null,"og_description":null,"og_object_type":"default","og_image_type":"default","og_image_url":null,"og_image_width":null,"og_image_height":null,"og_image_custom_url":null,"og_image_custom_fields":null,"og_video":null,"og_custom_url":null,"og_article_section":null,"og_article_tags":null,"twitter_use_og":false,"twitter_card":"default","twitter_image_type":"default","twitter_image_url":null,"twitter_image_custom_url":null,"twitter_image_custom_fields":null,"twitter_title":null,"twitter_description":null,"schema":{"blockGraphs":[],"customGraphs":[],"default":{"data":{"Article":[],"Course":[],"Dataset":[],"FAQPage":[],"Movie":[],"Person":[],"Product":[],"ProductReview":[],"Car":[],"Recipe":[],"Service":[],"SoftwareApplication":[],"WebPage":[]},"graphName":"","isEnabled":true},"graphs":[],"defaultGraph":"","defaultPostTypeGraph":""},"schema_type":null,"schema_type_options":null,"pillar_content":false,"robots_default":true,"robots_noindex":false,"robots_noarchive":false,"robots_nosnippet":false,"robots_nofollow":false,"robots_noimageindex":false,"robots_noodp":false,"robots_notranslate":false,"robots_max_snippet":null,"robots_max_videopreview":null,"robots_max_imagepreview":"large","priority":null,"frequency":null,"location":null,"local_seo":null,"seo_analyzer_scan_date":"2025-09-17 07:49:28","breadcrumb_settings":null,"limit_modified_date":false,"open_ai":null,"ai":null,"created":"2021-03-09 08:30:53","updated":"2025-09-17 07:49:28"},"aioseo_breadcrumb":"<div class=\"aioseo-breadcrumbs\"><span class=\"aioseo-breadcrumb\">\n\t<a href=\"https:\/\/eldigitaldeasturias.com\/magazine365\" title=\"Home\">Home<\/a>\n<\/span><span class=\"aioseo-breadcrumb-separator\">\u2013<\/span><span class=\"aioseo-breadcrumb\">\n\t<a href=\"https:\/\/eldigitaldeasturias.com\/magazine365\/category\/noticias-actualidad\/\" title=\"Noticias y Actualidad\">Noticias y Actualidad<\/a>\n<\/span><span class=\"aioseo-breadcrumb-separator\">\u2013<\/span><span class=\"aioseo-breadcrumb\">\n\t<a href=\"https:\/\/eldigitaldeasturias.com\/magazine365\/el-chef-jordi-cruz-habla-de-presente-y-futuro\/\" title=\"El chef Jordi Cruz habla de presente y futuro.\">El chef Jordi Cruz habla de presente y futuro.<\/a>\n<\/span><\/div>","aioseo_breadcrumb_json":[{"label":"Home","link":"https:\/\/eldigitaldeasturias.com\/magazine365"},{"label":"Noticias y Actualidad","link":"https:\/\/eldigitaldeasturias.com\/magazine365\/category\/noticias-actualidad\/"},{"label":"El chef Jordi Cruz habla de presente y futuro.","link":"https:\/\/eldigitaldeasturias.com\/magazine365\/el-chef-jordi-cruz-habla-de-presente-y-futuro\/"}],"_links":{"self":[{"href":"https:\/\/eldigitaldeasturias.com\/magazine365\/wp-json\/wp\/v2\/posts\/13218","targetHints":{"allow":["GET"]}}],"collection":[{"href":"https:\/\/eldigitaldeasturias.com\/magazine365\/wp-json\/wp\/v2\/posts"}],"about":[{"href":"https:\/\/eldigitaldeasturias.com\/magazine365\/wp-json\/wp\/v2\/types\/post"}],"author":[{"embeddable":true,"href":"https:\/\/eldigitaldeasturias.com\/magazine365\/wp-json\/wp\/v2\/users\/1"}],"replies":[{"embeddable":true,"href":"https:\/\/eldigitaldeasturias.com\/magazine365\/wp-json\/wp\/v2\/comments?post=13218"}],"version-history":[{"count":0,"href":"https:\/\/eldigitaldeasturias.com\/magazine365\/wp-json\/wp\/v2\/posts\/13218\/revisions"}],"wp:featuredmedia":[{"embeddable":true,"href":"https:\/\/eldigitaldeasturias.com\/magazine365\/wp-json\/wp\/v2\/media\/13219"}],"wp:attachment":[{"href":"https:\/\/eldigitaldeasturias.com\/magazine365\/wp-json\/wp\/v2\/media?parent=13218"}],"wp:term":[{"taxonomy":"category","embeddable":true,"href":"https:\/\/eldigitaldeasturias.com\/magazine365\/wp-json\/wp\/v2\/categories?post=13218"},{"taxonomy":"post_tag","embeddable":true,"href":"https:\/\/eldigitaldeasturias.com\/magazine365\/wp-json\/wp\/v2\/tags?post=13218"}],"curies":[{"name":"wp","href":"https:\/\/api.w.org\/{rel}","templated":true}]}}