{"id":13163,"date":"2014-05-19T19:35:13","date_gmt":"2014-05-19T21:35:13","guid":{"rendered":"http:\/\/eldigitaldeasturias.com\/magazine365\/?p=13163"},"modified":"2014-05-19T19:35:13","modified_gmt":"2014-05-19T21:35:13","slug":"expertos-estiman-que-hay-poco-riesgo-de-contraer-dengue-en-las-sedes-del-mundial","status":"publish","type":"post","link":"https:\/\/eldigitaldeasturias.com\/magazine365\/expertos-estiman-que-hay-poco-riesgo-de-contraer-dengue-en-las-sedes-del-mundial\/","title":{"rendered":"Expertos estiman que hay poco riesgo de contraer dengue en las sedes del Mundial"},"content":{"rendered":"<p><img fetchpriority=\"high\" decoding=\"async\" class=\"alignleft size-medium wp-image-13164\" alt=\"6273915w\" src=\"https:\/\/eldigitaldeasturias.com\/magazine365\/wp-content\/uploads\/2014\/05\/6273915w-360x240.jpg\" width=\"360\" height=\"240\" srcset=\"https:\/\/eldigitaldeasturias.com\/magazine365\/wp-content\/uploads\/2014\/05\/6273915w-360x240.jpg 360w, https:\/\/eldigitaldeasturias.com\/magazine365\/wp-content\/uploads\/2014\/05\/6273915w-650x434.jpg 650w, https:\/\/eldigitaldeasturias.com\/magazine365\/wp-content\/uploads\/2014\/05\/6273915w-768x513.jpg 768w, https:\/\/eldigitaldeasturias.com\/magazine365\/wp-content\/uploads\/2014\/05\/6273915w-150x100.jpg 150w, https:\/\/eldigitaldeasturias.com\/magazine365\/wp-content\/uploads\/2014\/05\/6273915w-450x300.jpg 450w, https:\/\/eldigitaldeasturias.com\/magazine365\/wp-content\/uploads\/2014\/05\/6273915w-696x465.jpg 696w, https:\/\/eldigitaldeasturias.com\/magazine365\/wp-content\/uploads\/2014\/05\/6273915w-629x420.jpg 629w, https:\/\/eldigitaldeasturias.com\/magazine365\/wp-content\/uploads\/2014\/05\/6273915w-84x55.jpg 84w, https:\/\/eldigitaldeasturias.com\/magazine365\/wp-content\/uploads\/2014\/05\/6273915w.jpg 800w\" sizes=\"(max-width: 360px) 100vw, 360px\" \/>Barcelona, 19 may (EFE).- Los cient\u00edficos estiman un riesgo bajo de contraer dengue durante la pr\u00f3xima Copa del Mundo en Brasil en las ciudades de Brasilia, Cuiab\u00e1, Curitiba, Porto Alegre y S\u00e3o Paulo, en el sur y en la parte central del pa\u00eds, pero predicen alg\u00fan riesgo que sobrepasa los niveles medios en R\u00edo de Janeiro, Belo Horizonte, Salvador y Manaus.<\/p>\n<p>Seg\u00fan un sistema de alerta temprana que investiga la posibilidad de dengue desarrollado por el Instituto Catal\u00e1n de Ciencias del Clima (IC3) de Barcelona, las ciudades con mayor riesgo de dengue son Natal, Belo Horizonte y Recife, aunque el riesgo sigue siendo relativamente bajo.<\/p>\n<p>Seg\u00fan ha informado el IC3, los cient\u00edficos han desarrollado, por primera vez, un sistema de alerta temprana para predecir el riesgo de dengue para 553 microrregiones de Brasil durante la Copa Mundial de f\u00fatbol 2014.<\/p>\n<p>Las estimaciones, publicadas en la revista &#8216;The Lancet Infectious Diseases&#8217;, indican que es probable que el riesgo sea bajo en las doce ciudades anfitrionas.<\/p>\n<p>Sin embargo, el riesgo de brotes de dengue es lo suficientemente alto como para justificar una previsi\u00f3n de alerta m\u00e1xima en tres localidades en el noreste del pa\u00eds (Natal, Fortaleza y Recife).<\/p>\n<p>El dengue es una infecci\u00f3n viral que se transmite entre humanos a trav\u00e9s del mosquito de la especie &#8216;Aedes aegypti&#8217; y en algunos casos el desarrollo de la enfermedad puede ser fatal, entre otras cosas porque no hay vacunas autorizadas ni tratamientos contra esta enfermedad, que tiene a Brasil como el pa\u00eds que m\u00e1s casos de dengue registrados, con m\u00e1s de 7 millones entre el 2000 y el 2013.<\/p>\n<p>\u00abRecientemente ha habido una preocupaci\u00f3n sobre la incidencia de dengue en Brasil durante la Copa Mundial de F\u00fatbol que ha provocado titulares dram\u00e1ticos sobre el riesgo de infecci\u00f3n, pero esas estimaciones se han basado \u00fanicamente en promedios de casos de dengue del pasado\u00bb, ha explicado la autora principal del estudio, la doctora Rachel Lowe, del IC3.<\/p>\n<p>\u00abLa posibilidad de un brote de dengue considerable durante la Copa del Mundo, que sea capaz de infectar a visitantes que puedan llevar y propagar el dengue de vuelta en su pa\u00edses, depende de la combinaci\u00f3n de muchos factores como un gran n\u00famero de mosquitos, una poblaci\u00f3n susceptible, y un tasa alta de contacto entre mosquitos y humanos\u00bb, ha a\u00f1adido Lowe.<\/p>\n<p>Seg\u00fan esta cient\u00edfica, el clima tiene un efecto particularmente importante en la transmisi\u00f3n de dengue en \u00e1reas propensas a epidemias donde la temperatura y las lluvias promueven la din\u00e1mica de transmisi\u00f3n tanto en mosquitos como en virus.<\/p>\n<p>\u00abNuestro objetivo -ha dicho Lowe- ha sido tomar la evidencia disponible en las predicciones a tiempo real sobre la lluvia y temperaturas, la din\u00e1mica de transmisi\u00f3n, y de las variables sociales y ambientales (como por ejemplo urbanismos), y combinarlos con lo \u00faltimo en mapas y modelos matem\u00e1ticos para producir estimaciones robustas para las 12 ciudades anfitrionas\u00bb del Mundial.<\/p>\n<p>Seg\u00fan Lowe, \u00abla capacidad de producir alertas tempranas, con tres meses de antelaci\u00f3n, de epidemias de dengue al nivel de microrregiones es importante para reducir o contener una epidemia y poder proveer a las autoridades locales de tiempo para combatir las poblaciones de mosquito en aquellas ciudades con un mayor riesgo de sufrir epidemias\u00bb.<\/p>\n<p>La investigaci\u00f3n la ha llevado a cabo por un equipo internacional multidisciplinar de climat\u00f3logos, especialistas en salud p\u00fablica y modeladores matem\u00e1ticos de Espa\u00f1a (Instituto Catal\u00e1n de Ciencias del Clima &#8211; IC3), del Reino Unido (Met Office, Universidad de Exeter) y de Brasil (CPTEC\/INPE, Fiocruz, Ministerio de Sanidad, Universidad de Brasilia).<\/p>\n","protected":false},"excerpt":{"rendered":"<p>Barcelona, 19 may (EFE).- Los cient\u00edficos estiman un riesgo bajo de contraer dengue durante la pr\u00f3xima Copa del Mundo en Brasil en las ciudades de Brasilia, Cuiab\u00e1, Curitiba, Porto Alegre y S\u00e3o Paulo, en el sur y en la parte central del pa\u00eds, pero predicen alg\u00fan riesgo que sobrepasa los niveles medios en R\u00edo de<\/p>\n","protected":false},"author":1,"featured_media":13164,"comment_status":"open","ping_status":"closed","sticky":false,"template":"","format":"standard","meta":{"footnotes":""},"categories":[224],"tags":[],"class_list":{"0":"post-13163","1":"post","2":"type-post","3":"status-publish","4":"format-standard","5":"has-post-thumbnail","7":"category-noticias-actualidad"},"aioseo_notices":[],"aioseo_head":"\n\t\t<!-- All in One SEO Pro 4.9.6.1 - aioseo.com -->\n\t<meta name=\"description\" content=\"Barcelona, 19 may (EFE).- Los cient\u00edficos estiman un riesgo bajo de contraer dengue durante la pr\u00f3xima Copa del Mundo en Brasil en las ciudades de Brasilia, Cuiab\u00e1, Curitiba, Porto Alegre y S\u00e3o Paulo, en el sur y en la parte central del pa\u00eds, pero predicen alg\u00fan riesgo que sobrepasa los niveles medios en R\u00edo de\" \/>\n\t<meta name=\"robots\" content=\"max-image-preview:large\" \/>\n\t<meta name=\"author\" content=\"admin\"\/>\n\t<meta name=\"google-site-verification\" content=\"UA-38556648-1\" \/>\n\t<meta name=\"keywords\" content=\"noticias y actualidad\" \/>\n\t<link rel=\"canonical\" href=\"https:\/\/eldigitaldeasturias.com\/magazine365\/expertos-estiman-que-hay-poco-riesgo-de-contraer-dengue-en-las-sedes-del-mundial\/\" \/>\n\t<meta name=\"generator\" content=\"All in One SEO Pro (AIOSEO) 4.9.6.1\" \/>\n\t\t<meta property=\"og:locale\" content=\"es_ES\" \/>\n\t\t<meta property=\"og:site_name\" content=\"El Digital de Asturias \u2013 Revista de ocio, turismo y estilo de vida\" \/>\n\t\t<meta property=\"og:type\" content=\"article\" \/>\n\t\t<meta property=\"og:title\" content=\"Expertos estiman que hay poco riesgo de contraer dengue en las sedes del Mundial | El Digital de Asturias\" \/>\n\t\t<meta property=\"og:description\" content=\"Barcelona, 19 may (EFE).- Los cient\u00edficos estiman un riesgo bajo de contraer dengue durante la pr\u00f3xima Copa del Mundo en Brasil en las ciudades de Brasilia, Cuiab\u00e1, Curitiba, Porto Alegre y S\u00e3o Paulo, en el sur y en la parte central del pa\u00eds, pero predicen alg\u00fan riesgo que sobrepasa los niveles medios en R\u00edo de\" \/>\n\t\t<meta property=\"og:url\" content=\"https:\/\/eldigitaldeasturias.com\/magazine365\/expertos-estiman-que-hay-poco-riesgo-de-contraer-dengue-en-las-sedes-del-mundial\/\" \/>\n\t\t<meta property=\"og:image\" content=\"https:\/\/eldigitaldeasturias.com\/magazine365\/wp-content\/uploads\/2014\/05\/6273915w.jpg\" \/>\n\t\t<meta property=\"og:image:secure_url\" content=\"https:\/\/eldigitaldeasturias.com\/magazine365\/wp-content\/uploads\/2014\/05\/6273915w.jpg\" \/>\n\t\t<meta property=\"og:image:width\" content=\"800\" \/>\n\t\t<meta property=\"og:image:height\" content=\"534\" \/>\n\t\t<meta property=\"article:published_time\" content=\"2014-05-19T21:35:13+00:00\" \/>\n\t\t<meta property=\"article:modified_time\" content=\"2014-05-19T21:35:13+00:00\" \/>\n\t\t<meta name=\"twitter:card\" content=\"summary_large_image\" \/>\n\t\t<meta name=\"twitter:title\" content=\"Expertos estiman que hay poco riesgo de contraer dengue en las sedes del Mundial | El Digital de Asturias\" \/>\n\t\t<meta name=\"twitter:description\" content=\"Barcelona, 19 may (EFE).- Los cient\u00edficos estiman un riesgo bajo de contraer dengue durante la pr\u00f3xima Copa del Mundo en Brasil en las ciudades de Brasilia, Cuiab\u00e1, Curitiba, Porto Alegre y S\u00e3o Paulo, en el sur y en la parte central del pa\u00eds, pero predicen alg\u00fan riesgo que sobrepasa los niveles medios en R\u00edo de\" \/>\n\t\t<meta name=\"twitter:image\" content=\"https:\/\/eldigitaldeasturias.com\/magazine365\/wp-content\/uploads\/2014\/05\/6273915w.jpg\" \/>\n\t\t<script type=\"application\/ld+json\" class=\"aioseo-schema\">\n\t\t\t{\"@context\":\"https:\\\/\\\/schema.org\",\"@graph\":[{\"@type\":\"Article\",\"@id\":\"https:\\\/\\\/eldigitaldeasturias.com\\\/magazine365\\\/expertos-estiman-que-hay-poco-riesgo-de-contraer-dengue-en-las-sedes-del-mundial\\\/#article\",\"name\":\"Expertos estiman que hay poco riesgo de contraer dengue en las sedes del Mundial | El Digital de Asturias\",\"headline\":\"Expertos estiman que hay poco riesgo de contraer dengue en las sedes del Mundial\",\"author\":{\"@id\":\"https:\\\/\\\/eldigitaldeasturias.com\\\/magazine365\\\/author\\\/admin\\\/#author\"},\"publisher\":{\"@id\":\"https:\\\/\\\/eldigitaldeasturias.com\\\/magazine365\\\/#organization\"},\"image\":{\"@type\":\"ImageObject\",\"url\":\"https:\\\/\\\/eldigitaldeasturias.com\\\/magazine365\\\/wp-content\\\/uploads\\\/2014\\\/05\\\/6273915w.jpg\",\"width\":800,\"height\":534},\"datePublished\":\"2014-05-19T19:35:13+02:00\",\"dateModified\":\"2014-05-19T19:35:13+02:00\",\"inLanguage\":\"es-ES\",\"mainEntityOfPage\":{\"@id\":\"https:\\\/\\\/eldigitaldeasturias.com\\\/magazine365\\\/expertos-estiman-que-hay-poco-riesgo-de-contraer-dengue-en-las-sedes-del-mundial\\\/#webpage\"},\"isPartOf\":{\"@id\":\"https:\\\/\\\/eldigitaldeasturias.com\\\/magazine365\\\/expertos-estiman-que-hay-poco-riesgo-de-contraer-dengue-en-las-sedes-del-mundial\\\/#webpage\"},\"articleSection\":\"Noticias y Actualidad\"},{\"@type\":\"BreadcrumbList\",\"@id\":\"https:\\\/\\\/eldigitaldeasturias.com\\\/magazine365\\\/expertos-estiman-que-hay-poco-riesgo-de-contraer-dengue-en-las-sedes-del-mundial\\\/#breadcrumblist\",\"itemListElement\":[{\"@type\":\"ListItem\",\"@id\":\"https:\\\/\\\/eldigitaldeasturias.com\\\/magazine365#listItem\",\"position\":1,\"name\":\"Home\",\"item\":\"https:\\\/\\\/eldigitaldeasturias.com\\\/magazine365\",\"nextItem\":{\"@type\":\"ListItem\",\"@id\":\"https:\\\/\\\/eldigitaldeasturias.com\\\/magazine365\\\/category\\\/noticias-actualidad\\\/#listItem\",\"name\":\"Noticias y Actualidad\"}},{\"@type\":\"ListItem\",\"@id\":\"https:\\\/\\\/eldigitaldeasturias.com\\\/magazine365\\\/category\\\/noticias-actualidad\\\/#listItem\",\"position\":2,\"name\":\"Noticias y Actualidad\",\"item\":\"https:\\\/\\\/eldigitaldeasturias.com\\\/magazine365\\\/category\\\/noticias-actualidad\\\/\",\"nextItem\":{\"@type\":\"ListItem\",\"@id\":\"https:\\\/\\\/eldigitaldeasturias.com\\\/magazine365\\\/expertos-estiman-que-hay-poco-riesgo-de-contraer-dengue-en-las-sedes-del-mundial\\\/#listItem\",\"name\":\"Expertos estiman que hay poco riesgo de contraer dengue en las sedes del Mundial\"},\"previousItem\":{\"@type\":\"ListItem\",\"@id\":\"https:\\\/\\\/eldigitaldeasturias.com\\\/magazine365#listItem\",\"name\":\"Home\"}},{\"@type\":\"ListItem\",\"@id\":\"https:\\\/\\\/eldigitaldeasturias.com\\\/magazine365\\\/expertos-estiman-que-hay-poco-riesgo-de-contraer-dengue-en-las-sedes-del-mundial\\\/#listItem\",\"position\":3,\"name\":\"Expertos estiman que hay poco riesgo de contraer dengue en las sedes del Mundial\",\"previousItem\":{\"@type\":\"ListItem\",\"@id\":\"https:\\\/\\\/eldigitaldeasturias.com\\\/magazine365\\\/category\\\/noticias-actualidad\\\/#listItem\",\"name\":\"Noticias y Actualidad\"}}]},{\"@type\":\"Organization\",\"@id\":\"https:\\\/\\\/eldigitaldeasturias.com\\\/magazine365\\\/#organization\",\"name\":\"El digital de Asturias\",\"description\":\"Revista de ocio, turismo y estilo de vida\",\"url\":\"https:\\\/\\\/eldigitaldeasturias.com\\\/magazine365\\\/\",\"logo\":{\"@type\":\"ImageObject\",\"url\":\"https:\\\/\\\/www.eldigitaldeasturias.com\\\/noticias\\\/wp-content\\\/uploads\\\/2020\\\/12\\\/EDA.jpg\",\"@id\":\"https:\\\/\\\/eldigitaldeasturias.com\\\/magazine365\\\/expertos-estiman-que-hay-poco-riesgo-de-contraer-dengue-en-las-sedes-del-mundial\\\/#organizationLogo\"},\"image\":{\"@id\":\"https:\\\/\\\/eldigitaldeasturias.com\\\/magazine365\\\/expertos-estiman-que-hay-poco-riesgo-de-contraer-dengue-en-las-sedes-del-mundial\\\/#organizationLogo\"}},{\"@type\":\"Person\",\"@id\":\"https:\\\/\\\/eldigitaldeasturias.com\\\/magazine365\\\/author\\\/admin\\\/#author\",\"url\":\"https:\\\/\\\/eldigitaldeasturias.com\\\/magazine365\\\/author\\\/admin\\\/\",\"name\":\"admin\",\"image\":{\"@type\":\"ImageObject\",\"@id\":\"https:\\\/\\\/eldigitaldeasturias.com\\\/magazine365\\\/expertos-estiman-que-hay-poco-riesgo-de-contraer-dengue-en-las-sedes-del-mundial\\\/#authorImage\",\"url\":\"https:\\\/\\\/eldigitaldeasturias.com\\\/magazine365\\\/wp-content\\\/litespeed\\\/avatar\\\/e571bcf59a0edd6fa6838245a470f2fe.jpg?ver=1776969259\",\"width\":96,\"height\":96,\"caption\":\"admin\"}},{\"@type\":\"WebPage\",\"@id\":\"https:\\\/\\\/eldigitaldeasturias.com\\\/magazine365\\\/expertos-estiman-que-hay-poco-riesgo-de-contraer-dengue-en-las-sedes-del-mundial\\\/#webpage\",\"url\":\"https:\\\/\\\/eldigitaldeasturias.com\\\/magazine365\\\/expertos-estiman-que-hay-poco-riesgo-de-contraer-dengue-en-las-sedes-del-mundial\\\/\",\"name\":\"Expertos estiman que hay poco riesgo de contraer dengue en las sedes del Mundial | El Digital de Asturias\",\"description\":\"Barcelona, 19 may (EFE).- Los cient\\u00edficos estiman un riesgo bajo de contraer dengue durante la pr\\u00f3xima Copa del Mundo en Brasil en las ciudades de Brasilia, Cuiab\\u00e1, Curitiba, Porto Alegre y S\\u00e3o Paulo, en el sur y en la parte central del pa\\u00eds, pero predicen alg\\u00fan riesgo que sobrepasa los niveles medios en R\\u00edo de\",\"inLanguage\":\"es-ES\",\"isPartOf\":{\"@id\":\"https:\\\/\\\/eldigitaldeasturias.com\\\/magazine365\\\/#website\"},\"breadcrumb\":{\"@id\":\"https:\\\/\\\/eldigitaldeasturias.com\\\/magazine365\\\/expertos-estiman-que-hay-poco-riesgo-de-contraer-dengue-en-las-sedes-del-mundial\\\/#breadcrumblist\"},\"author\":{\"@id\":\"https:\\\/\\\/eldigitaldeasturias.com\\\/magazine365\\\/author\\\/admin\\\/#author\"},\"creator\":{\"@id\":\"https:\\\/\\\/eldigitaldeasturias.com\\\/magazine365\\\/author\\\/admin\\\/#author\"},\"image\":{\"@type\":\"ImageObject\",\"url\":\"https:\\\/\\\/eldigitaldeasturias.com\\\/magazine365\\\/wp-content\\\/uploads\\\/2014\\\/05\\\/6273915w.jpg\",\"@id\":\"https:\\\/\\\/eldigitaldeasturias.com\\\/magazine365\\\/expertos-estiman-que-hay-poco-riesgo-de-contraer-dengue-en-las-sedes-del-mundial\\\/#mainImage\",\"width\":800,\"height\":534},\"primaryImageOfPage\":{\"@id\":\"https:\\\/\\\/eldigitaldeasturias.com\\\/magazine365\\\/expertos-estiman-que-hay-poco-riesgo-de-contraer-dengue-en-las-sedes-del-mundial\\\/#mainImage\"},\"datePublished\":\"2014-05-19T19:35:13+02:00\",\"dateModified\":\"2014-05-19T19:35:13+02:00\"},{\"@type\":\"WebSite\",\"@id\":\"https:\\\/\\\/eldigitaldeasturias.com\\\/magazine365\\\/#website\",\"url\":\"https:\\\/\\\/eldigitaldeasturias.com\\\/magazine365\\\/\",\"name\":\"El Digital de Asturias\",\"description\":\"Revista de ocio, turismo y estilo de vida\",\"inLanguage\":\"es-ES\",\"publisher\":{\"@id\":\"https:\\\/\\\/eldigitaldeasturias.com\\\/magazine365\\\/#organization\"}}]}\n\t\t<\/script>\n\t\t<!-- All in One SEO Pro -->\r\n\t\t<title>Expertos estiman que hay poco riesgo de contraer dengue en las sedes del Mundial | El Digital de Asturias<\/title>\n\n","aioseo_head_json":{"title":"Expertos estiman que hay poco riesgo de contraer dengue en las sedes del Mundial | El Digital de Asturias","description":"Barcelona, 19 may (EFE).- Los cient\u00edficos estiman un riesgo bajo de contraer dengue durante la pr\u00f3xima Copa del Mundo en Brasil en las ciudades de Brasilia, Cuiab\u00e1, Curitiba, Porto Alegre y S\u00e3o Paulo, en el sur y en la parte central del pa\u00eds, pero predicen alg\u00fan riesgo que sobrepasa los niveles medios en R\u00edo de","canonical_url":"https:\/\/eldigitaldeasturias.com\/magazine365\/expertos-estiman-que-hay-poco-riesgo-de-contraer-dengue-en-las-sedes-del-mundial\/","robots":"max-image-preview:large","keywords":"noticias y actualidad","webmasterTools":{"google-site-verification":"UA-38556648-1","miscellaneous":""},"schema":{"@context":"https:\/\/schema.org","@graph":[{"@type":"Article","@id":"https:\/\/eldigitaldeasturias.com\/magazine365\/expertos-estiman-que-hay-poco-riesgo-de-contraer-dengue-en-las-sedes-del-mundial\/#article","name":"Expertos estiman que hay poco riesgo de contraer dengue en las sedes del Mundial | El Digital de Asturias","headline":"Expertos estiman que hay poco riesgo de contraer dengue en las sedes del Mundial","author":{"@id":"https:\/\/eldigitaldeasturias.com\/magazine365\/author\/admin\/#author"},"publisher":{"@id":"https:\/\/eldigitaldeasturias.com\/magazine365\/#organization"},"image":{"@type":"ImageObject","url":"https:\/\/eldigitaldeasturias.com\/magazine365\/wp-content\/uploads\/2014\/05\/6273915w.jpg","width":800,"height":534},"datePublished":"2014-05-19T19:35:13+02:00","dateModified":"2014-05-19T19:35:13+02:00","inLanguage":"es-ES","mainEntityOfPage":{"@id":"https:\/\/eldigitaldeasturias.com\/magazine365\/expertos-estiman-que-hay-poco-riesgo-de-contraer-dengue-en-las-sedes-del-mundial\/#webpage"},"isPartOf":{"@id":"https:\/\/eldigitaldeasturias.com\/magazine365\/expertos-estiman-que-hay-poco-riesgo-de-contraer-dengue-en-las-sedes-del-mundial\/#webpage"},"articleSection":"Noticias y Actualidad"},{"@type":"BreadcrumbList","@id":"https:\/\/eldigitaldeasturias.com\/magazine365\/expertos-estiman-que-hay-poco-riesgo-de-contraer-dengue-en-las-sedes-del-mundial\/#breadcrumblist","itemListElement":[{"@type":"ListItem","@id":"https:\/\/eldigitaldeasturias.com\/magazine365#listItem","position":1,"name":"Home","item":"https:\/\/eldigitaldeasturias.com\/magazine365","nextItem":{"@type":"ListItem","@id":"https:\/\/eldigitaldeasturias.com\/magazine365\/category\/noticias-actualidad\/#listItem","name":"Noticias y Actualidad"}},{"@type":"ListItem","@id":"https:\/\/eldigitaldeasturias.com\/magazine365\/category\/noticias-actualidad\/#listItem","position":2,"name":"Noticias y Actualidad","item":"https:\/\/eldigitaldeasturias.com\/magazine365\/category\/noticias-actualidad\/","nextItem":{"@type":"ListItem","@id":"https:\/\/eldigitaldeasturias.com\/magazine365\/expertos-estiman-que-hay-poco-riesgo-de-contraer-dengue-en-las-sedes-del-mundial\/#listItem","name":"Expertos estiman que hay poco riesgo de contraer dengue en las sedes del Mundial"},"previousItem":{"@type":"ListItem","@id":"https:\/\/eldigitaldeasturias.com\/magazine365#listItem","name":"Home"}},{"@type":"ListItem","@id":"https:\/\/eldigitaldeasturias.com\/magazine365\/expertos-estiman-que-hay-poco-riesgo-de-contraer-dengue-en-las-sedes-del-mundial\/#listItem","position":3,"name":"Expertos estiman que hay poco riesgo de contraer dengue en las sedes del Mundial","previousItem":{"@type":"ListItem","@id":"https:\/\/eldigitaldeasturias.com\/magazine365\/category\/noticias-actualidad\/#listItem","name":"Noticias y Actualidad"}}]},{"@type":"Organization","@id":"https:\/\/eldigitaldeasturias.com\/magazine365\/#organization","name":"El digital de Asturias","description":"Revista de ocio, turismo y estilo de vida","url":"https:\/\/eldigitaldeasturias.com\/magazine365\/","logo":{"@type":"ImageObject","url":"https:\/\/www.eldigitaldeasturias.com\/noticias\/wp-content\/uploads\/2020\/12\/EDA.jpg","@id":"https:\/\/eldigitaldeasturias.com\/magazine365\/expertos-estiman-que-hay-poco-riesgo-de-contraer-dengue-en-las-sedes-del-mundial\/#organizationLogo"},"image":{"@id":"https:\/\/eldigitaldeasturias.com\/magazine365\/expertos-estiman-que-hay-poco-riesgo-de-contraer-dengue-en-las-sedes-del-mundial\/#organizationLogo"}},{"@type":"Person","@id":"https:\/\/eldigitaldeasturias.com\/magazine365\/author\/admin\/#author","url":"https:\/\/eldigitaldeasturias.com\/magazine365\/author\/admin\/","name":"admin","image":{"@type":"ImageObject","@id":"https:\/\/eldigitaldeasturias.com\/magazine365\/expertos-estiman-que-hay-poco-riesgo-de-contraer-dengue-en-las-sedes-del-mundial\/#authorImage","url":"https:\/\/eldigitaldeasturias.com\/magazine365\/wp-content\/litespeed\/avatar\/e571bcf59a0edd6fa6838245a470f2fe.jpg?ver=1776969259","width":96,"height":96,"caption":"admin"}},{"@type":"WebPage","@id":"https:\/\/eldigitaldeasturias.com\/magazine365\/expertos-estiman-que-hay-poco-riesgo-de-contraer-dengue-en-las-sedes-del-mundial\/#webpage","url":"https:\/\/eldigitaldeasturias.com\/magazine365\/expertos-estiman-que-hay-poco-riesgo-de-contraer-dengue-en-las-sedes-del-mundial\/","name":"Expertos estiman que hay poco riesgo de contraer dengue en las sedes del Mundial | El Digital de Asturias","description":"Barcelona, 19 may (EFE).- Los cient\u00edficos estiman un riesgo bajo de contraer dengue durante la pr\u00f3xima Copa del Mundo en Brasil en las ciudades de Brasilia, Cuiab\u00e1, Curitiba, Porto Alegre y S\u00e3o Paulo, en el sur y en la parte central del pa\u00eds, pero predicen alg\u00fan riesgo que sobrepasa los niveles medios en R\u00edo de","inLanguage":"es-ES","isPartOf":{"@id":"https:\/\/eldigitaldeasturias.com\/magazine365\/#website"},"breadcrumb":{"@id":"https:\/\/eldigitaldeasturias.com\/magazine365\/expertos-estiman-que-hay-poco-riesgo-de-contraer-dengue-en-las-sedes-del-mundial\/#breadcrumblist"},"author":{"@id":"https:\/\/eldigitaldeasturias.com\/magazine365\/author\/admin\/#author"},"creator":{"@id":"https:\/\/eldigitaldeasturias.com\/magazine365\/author\/admin\/#author"},"image":{"@type":"ImageObject","url":"https:\/\/eldigitaldeasturias.com\/magazine365\/wp-content\/uploads\/2014\/05\/6273915w.jpg","@id":"https:\/\/eldigitaldeasturias.com\/magazine365\/expertos-estiman-que-hay-poco-riesgo-de-contraer-dengue-en-las-sedes-del-mundial\/#mainImage","width":800,"height":534},"primaryImageOfPage":{"@id":"https:\/\/eldigitaldeasturias.com\/magazine365\/expertos-estiman-que-hay-poco-riesgo-de-contraer-dengue-en-las-sedes-del-mundial\/#mainImage"},"datePublished":"2014-05-19T19:35:13+02:00","dateModified":"2014-05-19T19:35:13+02:00"},{"@type":"WebSite","@id":"https:\/\/eldigitaldeasturias.com\/magazine365\/#website","url":"https:\/\/eldigitaldeasturias.com\/magazine365\/","name":"El Digital de Asturias","description":"Revista de ocio, turismo y estilo de vida","inLanguage":"es-ES","publisher":{"@id":"https:\/\/eldigitaldeasturias.com\/magazine365\/#organization"}}]},"og:locale":"es_ES","og:site_name":"El Digital de Asturias \u2013 Revista de ocio, turismo y estilo de vida","og:type":"article","og:title":"Expertos estiman que hay poco riesgo de contraer dengue en las sedes del Mundial | El Digital de Asturias","og:description":"Barcelona, 19 may (EFE).- Los cient\u00edficos estiman un riesgo bajo de contraer dengue durante la pr\u00f3xima Copa del Mundo en Brasil en las ciudades de Brasilia, Cuiab\u00e1, Curitiba, Porto Alegre y S\u00e3o Paulo, en el sur y en la parte central del pa\u00eds, pero predicen alg\u00fan riesgo que sobrepasa los niveles medios en R\u00edo de","og:url":"https:\/\/eldigitaldeasturias.com\/magazine365\/expertos-estiman-que-hay-poco-riesgo-de-contraer-dengue-en-las-sedes-del-mundial\/","og:image":"https:\/\/eldigitaldeasturias.com\/magazine365\/wp-content\/uploads\/2014\/05\/6273915w.jpg","og:image:secure_url":"https:\/\/eldigitaldeasturias.com\/magazine365\/wp-content\/uploads\/2014\/05\/6273915w.jpg","og:image:width":800,"og:image:height":534,"article:published_time":"2014-05-19T21:35:13+00:00","article:modified_time":"2014-05-19T21:35:13+00:00","twitter:card":"summary_large_image","twitter:title":"Expertos estiman que hay poco riesgo de contraer dengue en las sedes del Mundial | El Digital de Asturias","twitter:description":"Barcelona, 19 may (EFE).- Los cient\u00edficos estiman un riesgo bajo de contraer dengue durante la pr\u00f3xima Copa del Mundo en Brasil en las ciudades de Brasilia, Cuiab\u00e1, Curitiba, Porto Alegre y S\u00e3o Paulo, en el sur y en la parte central del pa\u00eds, pero predicen alg\u00fan riesgo que sobrepasa los niveles medios en R\u00edo de","twitter:image":"https:\/\/eldigitaldeasturias.com\/magazine365\/wp-content\/uploads\/2014\/05\/6273915w.jpg"},"aioseo_meta_data":{"post_id":"13163","title":null,"description":null,"keywords":null,"keyphrases":null,"primary_term":null,"canonical_url":null,"og_title":null,"og_description":null,"og_object_type":"default","og_image_type":"default","og_image_url":null,"og_image_width":null,"og_image_height":null,"og_image_custom_url":null,"og_image_custom_fields":null,"og_video":null,"og_custom_url":null,"og_article_section":null,"og_article_tags":null,"twitter_use_og":false,"twitter_card":"default","twitter_image_type":"default","twitter_image_url":null,"twitter_image_custom_url":null,"twitter_image_custom_fields":null,"twitter_title":null,"twitter_description":null,"schema":{"blockGraphs":[],"customGraphs":[],"default":{"data":{"Article":[],"Course":[],"Dataset":[],"FAQPage":[],"Movie":[],"Person":[],"Product":[],"ProductReview":[],"Car":[],"Recipe":[],"Service":[],"SoftwareApplication":[],"WebPage":[]},"graphName":"","isEnabled":true},"graphs":[],"defaultGraph":"","defaultPostTypeGraph":""},"schema_type":null,"schema_type_options":null,"pillar_content":false,"robots_default":true,"robots_noindex":false,"robots_noarchive":false,"robots_nosnippet":false,"robots_nofollow":false,"robots_noimageindex":false,"robots_noodp":false,"robots_notranslate":false,"robots_max_snippet":null,"robots_max_videopreview":null,"robots_max_imagepreview":"large","priority":null,"frequency":null,"location":null,"local_seo":null,"seo_analyzer_scan_date":"2025-09-17 07:42:12","breadcrumb_settings":null,"limit_modified_date":false,"open_ai":null,"ai":null,"created":"2021-03-09 08:31:40","updated":"2025-09-17 07:42:12"},"aioseo_breadcrumb":"<div class=\"aioseo-breadcrumbs\"><span class=\"aioseo-breadcrumb\">\n\t<a href=\"https:\/\/eldigitaldeasturias.com\/magazine365\" title=\"Home\">Home<\/a>\n<\/span><span class=\"aioseo-breadcrumb-separator\">\u2013<\/span><span class=\"aioseo-breadcrumb\">\n\t<a href=\"https:\/\/eldigitaldeasturias.com\/magazine365\/category\/noticias-actualidad\/\" title=\"Noticias y Actualidad\">Noticias y Actualidad<\/a>\n<\/span><span class=\"aioseo-breadcrumb-separator\">\u2013<\/span><span class=\"aioseo-breadcrumb\">\n\t<a href=\"https:\/\/eldigitaldeasturias.com\/magazine365\/expertos-estiman-que-hay-poco-riesgo-de-contraer-dengue-en-las-sedes-del-mundial\/\" title=\"Expertos estiman que hay poco riesgo de contraer dengue en las sedes del Mundial\">Expertos estiman que hay poco riesgo de contraer dengue en las sedes del Mundial<\/a>\n<\/span><\/div>","aioseo_breadcrumb_json":[{"label":"Home","link":"https:\/\/eldigitaldeasturias.com\/magazine365"},{"label":"Noticias y Actualidad","link":"https:\/\/eldigitaldeasturias.com\/magazine365\/category\/noticias-actualidad\/"},{"label":"Expertos estiman que hay poco riesgo de contraer dengue en las sedes del Mundial","link":"https:\/\/eldigitaldeasturias.com\/magazine365\/expertos-estiman-que-hay-poco-riesgo-de-contraer-dengue-en-las-sedes-del-mundial\/"}],"_links":{"self":[{"href":"https:\/\/eldigitaldeasturias.com\/magazine365\/wp-json\/wp\/v2\/posts\/13163","targetHints":{"allow":["GET"]}}],"collection":[{"href":"https:\/\/eldigitaldeasturias.com\/magazine365\/wp-json\/wp\/v2\/posts"}],"about":[{"href":"https:\/\/eldigitaldeasturias.com\/magazine365\/wp-json\/wp\/v2\/types\/post"}],"author":[{"embeddable":true,"href":"https:\/\/eldigitaldeasturias.com\/magazine365\/wp-json\/wp\/v2\/users\/1"}],"replies":[{"embeddable":true,"href":"https:\/\/eldigitaldeasturias.com\/magazine365\/wp-json\/wp\/v2\/comments?post=13163"}],"version-history":[{"count":0,"href":"https:\/\/eldigitaldeasturias.com\/magazine365\/wp-json\/wp\/v2\/posts\/13163\/revisions"}],"wp:featuredmedia":[{"embeddable":true,"href":"https:\/\/eldigitaldeasturias.com\/magazine365\/wp-json\/wp\/v2\/media\/13164"}],"wp:attachment":[{"href":"https:\/\/eldigitaldeasturias.com\/magazine365\/wp-json\/wp\/v2\/media?parent=13163"}],"wp:term":[{"taxonomy":"category","embeddable":true,"href":"https:\/\/eldigitaldeasturias.com\/magazine365\/wp-json\/wp\/v2\/categories?post=13163"},{"taxonomy":"post_tag","embeddable":true,"href":"https:\/\/eldigitaldeasturias.com\/magazine365\/wp-json\/wp\/v2\/tags?post=13163"}],"curies":[{"name":"wp","href":"https:\/\/api.w.org\/{rel}","templated":true}]}}