{"id":13160,"date":"2014-05-19T19:33:54","date_gmt":"2014-05-19T21:33:54","guid":{"rendered":"http:\/\/eldigitaldeasturias.com\/magazine365\/?p=13160"},"modified":"2014-05-19T19:33:54","modified_gmt":"2014-05-19T21:33:54","slug":"strauss-kahn-denunciara-por-difamacion-a-abel-ferrara-por-la-pelicula-sobre-su-detencion","status":"publish","type":"post","link":"https:\/\/eldigitaldeasturias.com\/magazine365\/strauss-kahn-denunciara-por-difamacion-a-abel-ferrara-por-la-pelicula-sobre-su-detencion\/","title":{"rendered":"Strauss-Kahn denunciar\u00e1 por difamaci\u00f3n a Abel Ferrara por la pel\u00edcula sobre su detenci\u00f3n"},"content":{"rendered":"<p><img fetchpriority=\"high\" decoding=\"async\" class=\"alignleft size-medium wp-image-13161\" alt=\"6273722w\" src=\"https:\/\/eldigitaldeasturias.com\/magazine365\/wp-content\/uploads\/2014\/05\/6273722w-360x244.jpg\" width=\"360\" height=\"244\" \/>Par\u00eds, 19 may (EFE).- El exdirector del Fondo Monetario Internacional (FMI) Dominique Strauss-Kahn presentar\u00e1 en los pr\u00f3ximos d\u00edas una denuncia por difamaci\u00f3n contra el director de cine Abel Ferrara, por la pel\u00edcula sobre su detenci\u00f3n en Nueva York, afirm\u00f3 hoy su abogado.<\/p>\n<p>En declaraciones a la radio Europe 1, el letrado Jean Veil afirm\u00f3 que Strauss-Kahn no ha visto el film \u00abWelcome to New York\u00bb, pero que est\u00e1 \u00abasustado y asqueado\u00bb por la repercusi\u00f3n que tuvo su lanzamiento el pasado s\u00e1bado al margen del Festival de Cannes.<\/p>\n<p>A diferencia de su exmujer Anne Sinclair que asegur\u00f3 que no dar\u00e1 a los responsables de la pel\u00edcula \u00abel placer\u00bb de llevarlos ante los tribunales, Strauss-Kahn dio instrucciones a sus abogados de presentar una denuncia, se\u00f1al\u00f3 Veil.<\/p>\n<p>El letrado indic\u00f3 que el film deja entrever que el exdirector del FMI viol\u00f3 a una empleada del hotel Sofitel de Nueva York el 14 de mayo de 2011, una acusaci\u00f3n que la justicia estadounidense acab\u00f3 por rechazar.<\/p>\n<p>\u00abEl fundamento de la denuncia ser\u00e1 la difamaci\u00f3n y se basar\u00e1 en el conjunto de los extractos sobre la violaci\u00f3n y la manera en que Dominique Strauss-Kahn es tratado\u00bb, se\u00f1al\u00f3 el abogado.<\/p>\n<p>Veil indic\u00f3 que \u00abno hay duda\u00bb de que la pel\u00edcula est\u00e1 basada en la vida de su cliente, como lo demuestran tambi\u00e9n las entrevistas concedidas por sus responsables.<\/p>\n<p>El abogado indic\u00f3 que su cliente no ha visto el film \u00aby no lo ver\u00e1\u00bb porque as\u00ed se lo han aconsejado allegados que lo han visto y que lo consideran \u00ababominable\u00bb.<\/p>\n<p>El exresponsable del FMI no pedir\u00e1, sin embargo, la prohibici\u00f3n de la pel\u00edcula, porque los procedimientos son demasiado largos.<\/p>\n<p>Veil consider\u00f3 normal que la pel\u00edcula no sea distribuida en cines, pero no por la supuesta censura que alegan sus responsables, sino porque \u00abes una mierda\u00bb.<\/p>\n<p>\u00abCreo que es porque el film es muy malo y por eso lo han rechazado los dirigentes de Cannes\u00bb, dijo.<\/p>\n<p>Afirm\u00f3 que su productor, Vincent Maraval, \u00abse ha presentado como un cornudo cinematogr\u00e1fico para tratar de aprovechar el Festival de Cannes haciendo creer que era una pel\u00edcula maldita, pero en realidad es como una caca de perro, todo el mundo la rodea para que no se te pegue a la suela\u00bb.<\/p>\n<p>Veil coincidi\u00f3 con Sinclair en el car\u00e1cter antisemita de la pel\u00edcula.<\/p>\n<p>\u00abEs una pel\u00edcula antisemita y los actores, e incluso el productor, han tratado de disculparse (&#8230;) Pero los que han participado en los di\u00e1logos, los que han filmado, los que la han producido y los que la difunden, tienen responsabilidad en el antisemitismo\u00bb, dijo.<\/p>\n<p>La reacci\u00f3n del abogado de Strauss-Kahn se produce un d\u00eda despu\u00e9s de que Anne Sinclair, en la edici\u00f3n francesa del \u00abHuffington Post\u00bb que dirige, mostrara su \u00abasqueo\u00bb por la pel\u00edcula y criticara duramente a sus responsables.<\/p>\n<p>\u00abWelcome to New York\u00bb, con G\u00e9rard Depardieu en el papel de Strauss-Kahn y Jacqueline Bisset en el de Sinclair, fue estrenada el pasado s\u00e1bado en Cannes, al margen del Festival de Cine que se celebra estos d\u00edas en la ciudad mediterr\u00e1nea francesa.<\/p>\n","protected":false},"excerpt":{"rendered":"<p>Par\u00eds, 19 may (EFE).- El exdirector del Fondo Monetario Internacional (FMI) Dominique Strauss-Kahn presentar\u00e1 en los pr\u00f3ximos d\u00edas una denuncia por difamaci\u00f3n contra el director de cine Abel Ferrara, por la pel\u00edcula sobre su detenci\u00f3n en Nueva York, afirm\u00f3 hoy su abogado. En declaraciones a la radio Europe 1, el letrado Jean Veil afirm\u00f3 que<\/p>\n","protected":false},"author":1,"featured_media":13161,"comment_status":"open","ping_status":"closed","sticky":false,"template":"","format":"standard","meta":{"footnotes":""},"categories":[224],"tags":[],"class_list":{"0":"post-13160","1":"post","2":"type-post","3":"status-publish","4":"format-standard","5":"has-post-thumbnail","7":"category-noticias-actualidad"},"aioseo_notices":[],"aioseo_head":"\n\t\t<!-- All in One SEO Pro 4.9.6.1 - aioseo.com -->\n\t<meta name=\"description\" content=\"Par\u00eds, 19 may (EFE).- El exdirector del Fondo Monetario Internacional (FMI) Dominique Strauss-Kahn presentar\u00e1 en los pr\u00f3ximos d\u00edas una denuncia por difamaci\u00f3n contra el director de cine Abel Ferrara, por la pel\u00edcula sobre su detenci\u00f3n en Nueva York, afirm\u00f3 hoy su abogado. En declaraciones a la radio Europe 1, el letrado Jean Veil afirm\u00f3 que\" \/>\n\t<meta name=\"robots\" content=\"max-image-preview:large\" \/>\n\t<meta name=\"author\" content=\"admin\"\/>\n\t<meta name=\"google-site-verification\" content=\"UA-38556648-1\" \/>\n\t<meta name=\"keywords\" content=\"noticias y actualidad\" \/>\n\t<link rel=\"canonical\" href=\"https:\/\/eldigitaldeasturias.com\/magazine365\/strauss-kahn-denunciara-por-difamacion-a-abel-ferrara-por-la-pelicula-sobre-su-detencion\/\" \/>\n\t<meta name=\"generator\" content=\"All in One SEO Pro (AIOSEO) 4.9.6.1\" \/>\n\t\t<meta property=\"og:locale\" content=\"es_ES\" \/>\n\t\t<meta property=\"og:site_name\" content=\"El Digital de Asturias \u2013 Revista de ocio, turismo y estilo de vida\" \/>\n\t\t<meta property=\"og:type\" content=\"article\" \/>\n\t\t<meta property=\"og:title\" content=\"Strauss-Kahn denunciar\u00e1 por difamaci\u00f3n a Abel Ferrara por la pel\u00edcula sobre su detenci\u00f3n | El Digital de Asturias\" \/>\n\t\t<meta property=\"og:description\" content=\"Par\u00eds, 19 may (EFE).- El exdirector del Fondo Monetario Internacional (FMI) Dominique Strauss-Kahn presentar\u00e1 en los pr\u00f3ximos d\u00edas una denuncia por difamaci\u00f3n contra el director de cine Abel Ferrara, por la pel\u00edcula sobre su detenci\u00f3n en Nueva York, afirm\u00f3 hoy su abogado. En declaraciones a la radio Europe 1, el letrado Jean Veil afirm\u00f3 que\" \/>\n\t\t<meta property=\"og:url\" content=\"https:\/\/eldigitaldeasturias.com\/magazine365\/strauss-kahn-denunciara-por-difamacion-a-abel-ferrara-por-la-pelicula-sobre-su-detencion\/\" \/>\n\t\t<meta property=\"og:image\" content=\"https:\/\/eldigitaldeasturias.com\/magazine365\/wp-content\/uploads\/2014\/05\/6273722w.jpg\" \/>\n\t\t<meta property=\"og:image:secure_url\" content=\"https:\/\/eldigitaldeasturias.com\/magazine365\/wp-content\/uploads\/2014\/05\/6273722w.jpg\" \/>\n\t\t<meta property=\"og:image:width\" content=\"800\" \/>\n\t\t<meta property=\"og:image:height\" content=\"544\" \/>\n\t\t<meta property=\"article:published_time\" content=\"2014-05-19T21:33:54+00:00\" \/>\n\t\t<meta property=\"article:modified_time\" content=\"2014-05-19T21:33:54+00:00\" \/>\n\t\t<meta name=\"twitter:card\" content=\"summary_large_image\" \/>\n\t\t<meta name=\"twitter:title\" content=\"Strauss-Kahn denunciar\u00e1 por difamaci\u00f3n a Abel Ferrara por la pel\u00edcula sobre su detenci\u00f3n | El Digital de Asturias\" \/>\n\t\t<meta name=\"twitter:description\" content=\"Par\u00eds, 19 may (EFE).- El exdirector del Fondo Monetario Internacional (FMI) Dominique Strauss-Kahn presentar\u00e1 en los pr\u00f3ximos d\u00edas una denuncia por difamaci\u00f3n contra el director de cine Abel Ferrara, por la pel\u00edcula sobre su detenci\u00f3n en Nueva York, afirm\u00f3 hoy su abogado. En declaraciones a la radio Europe 1, el letrado Jean Veil afirm\u00f3 que\" \/>\n\t\t<meta name=\"twitter:image\" content=\"https:\/\/eldigitaldeasturias.com\/magazine365\/wp-content\/uploads\/2014\/05\/6273722w.jpg\" \/>\n\t\t<script type=\"application\/ld+json\" class=\"aioseo-schema\">\n\t\t\t{\"@context\":\"https:\\\/\\\/schema.org\",\"@graph\":[{\"@type\":\"Article\",\"@id\":\"https:\\\/\\\/eldigitaldeasturias.com\\\/magazine365\\\/strauss-kahn-denunciara-por-difamacion-a-abel-ferrara-por-la-pelicula-sobre-su-detencion\\\/#article\",\"name\":\"Strauss-Kahn denunciar\\u00e1 por difamaci\\u00f3n a Abel Ferrara por la pel\\u00edcula sobre su detenci\\u00f3n | El Digital de Asturias\",\"headline\":\"Strauss-Kahn denunciar\\u00e1 por difamaci\\u00f3n a Abel Ferrara por la pel\\u00edcula sobre su detenci\\u00f3n\",\"author\":{\"@id\":\"https:\\\/\\\/eldigitaldeasturias.com\\\/magazine365\\\/author\\\/admin\\\/#author\"},\"publisher\":{\"@id\":\"https:\\\/\\\/eldigitaldeasturias.com\\\/magazine365\\\/#organization\"},\"image\":{\"@type\":\"ImageObject\",\"url\":\"https:\\\/\\\/eldigitaldeasturias.com\\\/magazine365\\\/wp-content\\\/uploads\\\/2014\\\/05\\\/6273722w.jpg\",\"width\":800,\"height\":544},\"datePublished\":\"2014-05-19T19:33:54+02:00\",\"dateModified\":\"2014-05-19T19:33:54+02:00\",\"inLanguage\":\"es-ES\",\"mainEntityOfPage\":{\"@id\":\"https:\\\/\\\/eldigitaldeasturias.com\\\/magazine365\\\/strauss-kahn-denunciara-por-difamacion-a-abel-ferrara-por-la-pelicula-sobre-su-detencion\\\/#webpage\"},\"isPartOf\":{\"@id\":\"https:\\\/\\\/eldigitaldeasturias.com\\\/magazine365\\\/strauss-kahn-denunciara-por-difamacion-a-abel-ferrara-por-la-pelicula-sobre-su-detencion\\\/#webpage\"},\"articleSection\":\"Noticias y Actualidad\"},{\"@type\":\"BreadcrumbList\",\"@id\":\"https:\\\/\\\/eldigitaldeasturias.com\\\/magazine365\\\/strauss-kahn-denunciara-por-difamacion-a-abel-ferrara-por-la-pelicula-sobre-su-detencion\\\/#breadcrumblist\",\"itemListElement\":[{\"@type\":\"ListItem\",\"@id\":\"https:\\\/\\\/eldigitaldeasturias.com\\\/magazine365#listItem\",\"position\":1,\"name\":\"Home\",\"item\":\"https:\\\/\\\/eldigitaldeasturias.com\\\/magazine365\",\"nextItem\":{\"@type\":\"ListItem\",\"@id\":\"https:\\\/\\\/eldigitaldeasturias.com\\\/magazine365\\\/category\\\/noticias-actualidad\\\/#listItem\",\"name\":\"Noticias y Actualidad\"}},{\"@type\":\"ListItem\",\"@id\":\"https:\\\/\\\/eldigitaldeasturias.com\\\/magazine365\\\/category\\\/noticias-actualidad\\\/#listItem\",\"position\":2,\"name\":\"Noticias y Actualidad\",\"item\":\"https:\\\/\\\/eldigitaldeasturias.com\\\/magazine365\\\/category\\\/noticias-actualidad\\\/\",\"nextItem\":{\"@type\":\"ListItem\",\"@id\":\"https:\\\/\\\/eldigitaldeasturias.com\\\/magazine365\\\/strauss-kahn-denunciara-por-difamacion-a-abel-ferrara-por-la-pelicula-sobre-su-detencion\\\/#listItem\",\"name\":\"Strauss-Kahn denunciar\\u00e1 por difamaci\\u00f3n a Abel Ferrara por la pel\\u00edcula sobre su detenci\\u00f3n\"},\"previousItem\":{\"@type\":\"ListItem\",\"@id\":\"https:\\\/\\\/eldigitaldeasturias.com\\\/magazine365#listItem\",\"name\":\"Home\"}},{\"@type\":\"ListItem\",\"@id\":\"https:\\\/\\\/eldigitaldeasturias.com\\\/magazine365\\\/strauss-kahn-denunciara-por-difamacion-a-abel-ferrara-por-la-pelicula-sobre-su-detencion\\\/#listItem\",\"position\":3,\"name\":\"Strauss-Kahn denunciar\\u00e1 por difamaci\\u00f3n a Abel Ferrara por la pel\\u00edcula sobre su detenci\\u00f3n\",\"previousItem\":{\"@type\":\"ListItem\",\"@id\":\"https:\\\/\\\/eldigitaldeasturias.com\\\/magazine365\\\/category\\\/noticias-actualidad\\\/#listItem\",\"name\":\"Noticias y Actualidad\"}}]},{\"@type\":\"Organization\",\"@id\":\"https:\\\/\\\/eldigitaldeasturias.com\\\/magazine365\\\/#organization\",\"name\":\"El digital de Asturias\",\"description\":\"Revista de ocio, turismo y estilo de vida\",\"url\":\"https:\\\/\\\/eldigitaldeasturias.com\\\/magazine365\\\/\",\"logo\":{\"@type\":\"ImageObject\",\"url\":\"https:\\\/\\\/www.eldigitaldeasturias.com\\\/noticias\\\/wp-content\\\/uploads\\\/2020\\\/12\\\/EDA.jpg\",\"@id\":\"https:\\\/\\\/eldigitaldeasturias.com\\\/magazine365\\\/strauss-kahn-denunciara-por-difamacion-a-abel-ferrara-por-la-pelicula-sobre-su-detencion\\\/#organizationLogo\"},\"image\":{\"@id\":\"https:\\\/\\\/eldigitaldeasturias.com\\\/magazine365\\\/strauss-kahn-denunciara-por-difamacion-a-abel-ferrara-por-la-pelicula-sobre-su-detencion\\\/#organizationLogo\"}},{\"@type\":\"Person\",\"@id\":\"https:\\\/\\\/eldigitaldeasturias.com\\\/magazine365\\\/author\\\/admin\\\/#author\",\"url\":\"https:\\\/\\\/eldigitaldeasturias.com\\\/magazine365\\\/author\\\/admin\\\/\",\"name\":\"admin\",\"image\":{\"@type\":\"ImageObject\",\"@id\":\"https:\\\/\\\/eldigitaldeasturias.com\\\/magazine365\\\/strauss-kahn-denunciara-por-difamacion-a-abel-ferrara-por-la-pelicula-sobre-su-detencion\\\/#authorImage\",\"url\":\"https:\\\/\\\/eldigitaldeasturias.com\\\/magazine365\\\/wp-content\\\/litespeed\\\/avatar\\\/e571bcf59a0edd6fa6838245a470f2fe.jpg?ver=1776969259\",\"width\":96,\"height\":96,\"caption\":\"admin\"}},{\"@type\":\"WebPage\",\"@id\":\"https:\\\/\\\/eldigitaldeasturias.com\\\/magazine365\\\/strauss-kahn-denunciara-por-difamacion-a-abel-ferrara-por-la-pelicula-sobre-su-detencion\\\/#webpage\",\"url\":\"https:\\\/\\\/eldigitaldeasturias.com\\\/magazine365\\\/strauss-kahn-denunciara-por-difamacion-a-abel-ferrara-por-la-pelicula-sobre-su-detencion\\\/\",\"name\":\"Strauss-Kahn denunciar\\u00e1 por difamaci\\u00f3n a Abel Ferrara por la pel\\u00edcula sobre su detenci\\u00f3n | El Digital de Asturias\",\"description\":\"Par\\u00eds, 19 may (EFE).- El exdirector del Fondo Monetario Internacional (FMI) Dominique Strauss-Kahn presentar\\u00e1 en los pr\\u00f3ximos d\\u00edas una denuncia por difamaci\\u00f3n contra el director de cine Abel Ferrara, por la pel\\u00edcula sobre su detenci\\u00f3n en Nueva York, afirm\\u00f3 hoy su abogado. En declaraciones a la radio Europe 1, el letrado Jean Veil afirm\\u00f3 que\",\"inLanguage\":\"es-ES\",\"isPartOf\":{\"@id\":\"https:\\\/\\\/eldigitaldeasturias.com\\\/magazine365\\\/#website\"},\"breadcrumb\":{\"@id\":\"https:\\\/\\\/eldigitaldeasturias.com\\\/magazine365\\\/strauss-kahn-denunciara-por-difamacion-a-abel-ferrara-por-la-pelicula-sobre-su-detencion\\\/#breadcrumblist\"},\"author\":{\"@id\":\"https:\\\/\\\/eldigitaldeasturias.com\\\/magazine365\\\/author\\\/admin\\\/#author\"},\"creator\":{\"@id\":\"https:\\\/\\\/eldigitaldeasturias.com\\\/magazine365\\\/author\\\/admin\\\/#author\"},\"image\":{\"@type\":\"ImageObject\",\"url\":\"https:\\\/\\\/eldigitaldeasturias.com\\\/magazine365\\\/wp-content\\\/uploads\\\/2014\\\/05\\\/6273722w.jpg\",\"@id\":\"https:\\\/\\\/eldigitaldeasturias.com\\\/magazine365\\\/strauss-kahn-denunciara-por-difamacion-a-abel-ferrara-por-la-pelicula-sobre-su-detencion\\\/#mainImage\",\"width\":800,\"height\":544},\"primaryImageOfPage\":{\"@id\":\"https:\\\/\\\/eldigitaldeasturias.com\\\/magazine365\\\/strauss-kahn-denunciara-por-difamacion-a-abel-ferrara-por-la-pelicula-sobre-su-detencion\\\/#mainImage\"},\"datePublished\":\"2014-05-19T19:33:54+02:00\",\"dateModified\":\"2014-05-19T19:33:54+02:00\"},{\"@type\":\"WebSite\",\"@id\":\"https:\\\/\\\/eldigitaldeasturias.com\\\/magazine365\\\/#website\",\"url\":\"https:\\\/\\\/eldigitaldeasturias.com\\\/magazine365\\\/\",\"name\":\"El Digital de Asturias\",\"description\":\"Revista de ocio, turismo y estilo de vida\",\"inLanguage\":\"es-ES\",\"publisher\":{\"@id\":\"https:\\\/\\\/eldigitaldeasturias.com\\\/magazine365\\\/#organization\"}}]}\n\t\t<\/script>\n\t\t<!-- All in One SEO Pro -->\r\n\t\t<title>Strauss-Kahn denunciar\u00e1 por difamaci\u00f3n a Abel Ferrara por la pel\u00edcula sobre su detenci\u00f3n | El Digital de Asturias<\/title>\n\n","aioseo_head_json":{"title":"Strauss-Kahn denunciar\u00e1 por difamaci\u00f3n a Abel Ferrara por la pel\u00edcula sobre su detenci\u00f3n | El Digital de Asturias","description":"Par\u00eds, 19 may (EFE).- El exdirector del Fondo Monetario Internacional (FMI) Dominique Strauss-Kahn presentar\u00e1 en los pr\u00f3ximos d\u00edas una denuncia por difamaci\u00f3n contra el director de cine Abel Ferrara, por la pel\u00edcula sobre su detenci\u00f3n en Nueva York, afirm\u00f3 hoy su abogado. En declaraciones a la radio Europe 1, el letrado Jean Veil afirm\u00f3 que","canonical_url":"https:\/\/eldigitaldeasturias.com\/magazine365\/strauss-kahn-denunciara-por-difamacion-a-abel-ferrara-por-la-pelicula-sobre-su-detencion\/","robots":"max-image-preview:large","keywords":"noticias y actualidad","webmasterTools":{"google-site-verification":"UA-38556648-1","miscellaneous":""},"schema":{"@context":"https:\/\/schema.org","@graph":[{"@type":"Article","@id":"https:\/\/eldigitaldeasturias.com\/magazine365\/strauss-kahn-denunciara-por-difamacion-a-abel-ferrara-por-la-pelicula-sobre-su-detencion\/#article","name":"Strauss-Kahn denunciar\u00e1 por difamaci\u00f3n a Abel Ferrara por la pel\u00edcula sobre su detenci\u00f3n | El Digital de Asturias","headline":"Strauss-Kahn denunciar\u00e1 por difamaci\u00f3n a Abel Ferrara por la pel\u00edcula sobre su detenci\u00f3n","author":{"@id":"https:\/\/eldigitaldeasturias.com\/magazine365\/author\/admin\/#author"},"publisher":{"@id":"https:\/\/eldigitaldeasturias.com\/magazine365\/#organization"},"image":{"@type":"ImageObject","url":"https:\/\/eldigitaldeasturias.com\/magazine365\/wp-content\/uploads\/2014\/05\/6273722w.jpg","width":800,"height":544},"datePublished":"2014-05-19T19:33:54+02:00","dateModified":"2014-05-19T19:33:54+02:00","inLanguage":"es-ES","mainEntityOfPage":{"@id":"https:\/\/eldigitaldeasturias.com\/magazine365\/strauss-kahn-denunciara-por-difamacion-a-abel-ferrara-por-la-pelicula-sobre-su-detencion\/#webpage"},"isPartOf":{"@id":"https:\/\/eldigitaldeasturias.com\/magazine365\/strauss-kahn-denunciara-por-difamacion-a-abel-ferrara-por-la-pelicula-sobre-su-detencion\/#webpage"},"articleSection":"Noticias y Actualidad"},{"@type":"BreadcrumbList","@id":"https:\/\/eldigitaldeasturias.com\/magazine365\/strauss-kahn-denunciara-por-difamacion-a-abel-ferrara-por-la-pelicula-sobre-su-detencion\/#breadcrumblist","itemListElement":[{"@type":"ListItem","@id":"https:\/\/eldigitaldeasturias.com\/magazine365#listItem","position":1,"name":"Home","item":"https:\/\/eldigitaldeasturias.com\/magazine365","nextItem":{"@type":"ListItem","@id":"https:\/\/eldigitaldeasturias.com\/magazine365\/category\/noticias-actualidad\/#listItem","name":"Noticias y Actualidad"}},{"@type":"ListItem","@id":"https:\/\/eldigitaldeasturias.com\/magazine365\/category\/noticias-actualidad\/#listItem","position":2,"name":"Noticias y Actualidad","item":"https:\/\/eldigitaldeasturias.com\/magazine365\/category\/noticias-actualidad\/","nextItem":{"@type":"ListItem","@id":"https:\/\/eldigitaldeasturias.com\/magazine365\/strauss-kahn-denunciara-por-difamacion-a-abel-ferrara-por-la-pelicula-sobre-su-detencion\/#listItem","name":"Strauss-Kahn denunciar\u00e1 por difamaci\u00f3n a Abel Ferrara por la pel\u00edcula sobre su detenci\u00f3n"},"previousItem":{"@type":"ListItem","@id":"https:\/\/eldigitaldeasturias.com\/magazine365#listItem","name":"Home"}},{"@type":"ListItem","@id":"https:\/\/eldigitaldeasturias.com\/magazine365\/strauss-kahn-denunciara-por-difamacion-a-abel-ferrara-por-la-pelicula-sobre-su-detencion\/#listItem","position":3,"name":"Strauss-Kahn denunciar\u00e1 por difamaci\u00f3n a Abel Ferrara por la pel\u00edcula sobre su detenci\u00f3n","previousItem":{"@type":"ListItem","@id":"https:\/\/eldigitaldeasturias.com\/magazine365\/category\/noticias-actualidad\/#listItem","name":"Noticias y Actualidad"}}]},{"@type":"Organization","@id":"https:\/\/eldigitaldeasturias.com\/magazine365\/#organization","name":"El digital de Asturias","description":"Revista de ocio, turismo y estilo de vida","url":"https:\/\/eldigitaldeasturias.com\/magazine365\/","logo":{"@type":"ImageObject","url":"https:\/\/www.eldigitaldeasturias.com\/noticias\/wp-content\/uploads\/2020\/12\/EDA.jpg","@id":"https:\/\/eldigitaldeasturias.com\/magazine365\/strauss-kahn-denunciara-por-difamacion-a-abel-ferrara-por-la-pelicula-sobre-su-detencion\/#organizationLogo"},"image":{"@id":"https:\/\/eldigitaldeasturias.com\/magazine365\/strauss-kahn-denunciara-por-difamacion-a-abel-ferrara-por-la-pelicula-sobre-su-detencion\/#organizationLogo"}},{"@type":"Person","@id":"https:\/\/eldigitaldeasturias.com\/magazine365\/author\/admin\/#author","url":"https:\/\/eldigitaldeasturias.com\/magazine365\/author\/admin\/","name":"admin","image":{"@type":"ImageObject","@id":"https:\/\/eldigitaldeasturias.com\/magazine365\/strauss-kahn-denunciara-por-difamacion-a-abel-ferrara-por-la-pelicula-sobre-su-detencion\/#authorImage","url":"https:\/\/eldigitaldeasturias.com\/magazine365\/wp-content\/litespeed\/avatar\/e571bcf59a0edd6fa6838245a470f2fe.jpg?ver=1776969259","width":96,"height":96,"caption":"admin"}},{"@type":"WebPage","@id":"https:\/\/eldigitaldeasturias.com\/magazine365\/strauss-kahn-denunciara-por-difamacion-a-abel-ferrara-por-la-pelicula-sobre-su-detencion\/#webpage","url":"https:\/\/eldigitaldeasturias.com\/magazine365\/strauss-kahn-denunciara-por-difamacion-a-abel-ferrara-por-la-pelicula-sobre-su-detencion\/","name":"Strauss-Kahn denunciar\u00e1 por difamaci\u00f3n a Abel Ferrara por la pel\u00edcula sobre su detenci\u00f3n | El Digital de Asturias","description":"Par\u00eds, 19 may (EFE).- El exdirector del Fondo Monetario Internacional (FMI) Dominique Strauss-Kahn presentar\u00e1 en los pr\u00f3ximos d\u00edas una denuncia por difamaci\u00f3n contra el director de cine Abel Ferrara, por la pel\u00edcula sobre su detenci\u00f3n en Nueva York, afirm\u00f3 hoy su abogado. En declaraciones a la radio Europe 1, el letrado Jean Veil afirm\u00f3 que","inLanguage":"es-ES","isPartOf":{"@id":"https:\/\/eldigitaldeasturias.com\/magazine365\/#website"},"breadcrumb":{"@id":"https:\/\/eldigitaldeasturias.com\/magazine365\/strauss-kahn-denunciara-por-difamacion-a-abel-ferrara-por-la-pelicula-sobre-su-detencion\/#breadcrumblist"},"author":{"@id":"https:\/\/eldigitaldeasturias.com\/magazine365\/author\/admin\/#author"},"creator":{"@id":"https:\/\/eldigitaldeasturias.com\/magazine365\/author\/admin\/#author"},"image":{"@type":"ImageObject","url":"https:\/\/eldigitaldeasturias.com\/magazine365\/wp-content\/uploads\/2014\/05\/6273722w.jpg","@id":"https:\/\/eldigitaldeasturias.com\/magazine365\/strauss-kahn-denunciara-por-difamacion-a-abel-ferrara-por-la-pelicula-sobre-su-detencion\/#mainImage","width":800,"height":544},"primaryImageOfPage":{"@id":"https:\/\/eldigitaldeasturias.com\/magazine365\/strauss-kahn-denunciara-por-difamacion-a-abel-ferrara-por-la-pelicula-sobre-su-detencion\/#mainImage"},"datePublished":"2014-05-19T19:33:54+02:00","dateModified":"2014-05-19T19:33:54+02:00"},{"@type":"WebSite","@id":"https:\/\/eldigitaldeasturias.com\/magazine365\/#website","url":"https:\/\/eldigitaldeasturias.com\/magazine365\/","name":"El Digital de Asturias","description":"Revista de ocio, turismo y estilo de vida","inLanguage":"es-ES","publisher":{"@id":"https:\/\/eldigitaldeasturias.com\/magazine365\/#organization"}}]},"og:locale":"es_ES","og:site_name":"El Digital de Asturias \u2013 Revista de ocio, turismo y estilo de vida","og:type":"article","og:title":"Strauss-Kahn denunciar\u00e1 por difamaci\u00f3n a Abel Ferrara por la pel\u00edcula sobre su detenci\u00f3n | El Digital de Asturias","og:description":"Par\u00eds, 19 may (EFE).- El exdirector del Fondo Monetario Internacional (FMI) Dominique Strauss-Kahn presentar\u00e1 en los pr\u00f3ximos d\u00edas una denuncia por difamaci\u00f3n contra el director de cine Abel Ferrara, por la pel\u00edcula sobre su detenci\u00f3n en Nueva York, afirm\u00f3 hoy su abogado. En declaraciones a la radio Europe 1, el letrado Jean Veil afirm\u00f3 que","og:url":"https:\/\/eldigitaldeasturias.com\/magazine365\/strauss-kahn-denunciara-por-difamacion-a-abel-ferrara-por-la-pelicula-sobre-su-detencion\/","og:image":"https:\/\/eldigitaldeasturias.com\/magazine365\/wp-content\/uploads\/2014\/05\/6273722w.jpg","og:image:secure_url":"https:\/\/eldigitaldeasturias.com\/magazine365\/wp-content\/uploads\/2014\/05\/6273722w.jpg","og:image:width":800,"og:image:height":544,"article:published_time":"2014-05-19T21:33:54+00:00","article:modified_time":"2014-05-19T21:33:54+00:00","twitter:card":"summary_large_image","twitter:title":"Strauss-Kahn denunciar\u00e1 por difamaci\u00f3n a Abel Ferrara por la pel\u00edcula sobre su detenci\u00f3n | El Digital de Asturias","twitter:description":"Par\u00eds, 19 may (EFE).- El exdirector del Fondo Monetario Internacional (FMI) Dominique Strauss-Kahn presentar\u00e1 en los pr\u00f3ximos d\u00edas una denuncia por difamaci\u00f3n contra el director de cine Abel Ferrara, por la pel\u00edcula sobre su detenci\u00f3n en Nueva York, afirm\u00f3 hoy su abogado. En declaraciones a la radio Europe 1, el letrado Jean Veil afirm\u00f3 que","twitter:image":"https:\/\/eldigitaldeasturias.com\/magazine365\/wp-content\/uploads\/2014\/05\/6273722w.jpg"},"aioseo_meta_data":{"post_id":"13160","title":null,"description":null,"keywords":null,"keyphrases":null,"primary_term":null,"canonical_url":null,"og_title":null,"og_description":null,"og_object_type":"default","og_image_type":"default","og_image_url":null,"og_image_width":null,"og_image_height":null,"og_image_custom_url":null,"og_image_custom_fields":null,"og_video":null,"og_custom_url":null,"og_article_section":null,"og_article_tags":null,"twitter_use_og":false,"twitter_card":"default","twitter_image_type":"default","twitter_image_url":null,"twitter_image_custom_url":null,"twitter_image_custom_fields":null,"twitter_title":null,"twitter_description":null,"schema":{"blockGraphs":[],"customGraphs":[],"default":{"data":{"Article":[],"Course":[],"Dataset":[],"FAQPage":[],"Movie":[],"Person":[],"Product":[],"ProductReview":[],"Car":[],"Recipe":[],"Service":[],"SoftwareApplication":[],"WebPage":[]},"graphName":"","isEnabled":true},"graphs":[],"defaultGraph":"","defaultPostTypeGraph":""},"schema_type":null,"schema_type_options":null,"pillar_content":false,"robots_default":true,"robots_noindex":false,"robots_noarchive":false,"robots_nosnippet":false,"robots_nofollow":false,"robots_noimageindex":false,"robots_noodp":false,"robots_notranslate":false,"robots_max_snippet":null,"robots_max_videopreview":null,"robots_max_imagepreview":"large","priority":null,"frequency":null,"location":null,"local_seo":null,"seo_analyzer_scan_date":"2025-09-17 07:42:11","breadcrumb_settings":null,"limit_modified_date":false,"open_ai":null,"ai":null,"created":"2021-03-09 08:31:40","updated":"2025-09-17 07:42:11"},"aioseo_breadcrumb":"<div class=\"aioseo-breadcrumbs\"><span class=\"aioseo-breadcrumb\">\n\t<a href=\"https:\/\/eldigitaldeasturias.com\/magazine365\" title=\"Home\">Home<\/a>\n<\/span><span class=\"aioseo-breadcrumb-separator\">\u2013<\/span><span class=\"aioseo-breadcrumb\">\n\t<a href=\"https:\/\/eldigitaldeasturias.com\/magazine365\/category\/noticias-actualidad\/\" title=\"Noticias y Actualidad\">Noticias y Actualidad<\/a>\n<\/span><span class=\"aioseo-breadcrumb-separator\">\u2013<\/span><span class=\"aioseo-breadcrumb\">\n\t<a href=\"https:\/\/eldigitaldeasturias.com\/magazine365\/strauss-kahn-denunciara-por-difamacion-a-abel-ferrara-por-la-pelicula-sobre-su-detencion\/\" title=\"Strauss-Kahn denunciar\u00e1 por difamaci\u00f3n a Abel Ferrara por la pel\u00edcula sobre su detenci\u00f3n\">Strauss-Kahn denunciar\u00e1 por difamaci\u00f3n a Abel Ferrara por la pel\u00edcula sobre su detenci\u00f3n<\/a>\n<\/span><\/div>","aioseo_breadcrumb_json":[{"label":"Home","link":"https:\/\/eldigitaldeasturias.com\/magazine365"},{"label":"Noticias y Actualidad","link":"https:\/\/eldigitaldeasturias.com\/magazine365\/category\/noticias-actualidad\/"},{"label":"Strauss-Kahn denunciar\u00e1 por difamaci\u00f3n a Abel Ferrara por la pel\u00edcula sobre su detenci\u00f3n","link":"https:\/\/eldigitaldeasturias.com\/magazine365\/strauss-kahn-denunciara-por-difamacion-a-abel-ferrara-por-la-pelicula-sobre-su-detencion\/"}],"_links":{"self":[{"href":"https:\/\/eldigitaldeasturias.com\/magazine365\/wp-json\/wp\/v2\/posts\/13160","targetHints":{"allow":["GET"]}}],"collection":[{"href":"https:\/\/eldigitaldeasturias.com\/magazine365\/wp-json\/wp\/v2\/posts"}],"about":[{"href":"https:\/\/eldigitaldeasturias.com\/magazine365\/wp-json\/wp\/v2\/types\/post"}],"author":[{"embeddable":true,"href":"https:\/\/eldigitaldeasturias.com\/magazine365\/wp-json\/wp\/v2\/users\/1"}],"replies":[{"embeddable":true,"href":"https:\/\/eldigitaldeasturias.com\/magazine365\/wp-json\/wp\/v2\/comments?post=13160"}],"version-history":[{"count":0,"href":"https:\/\/eldigitaldeasturias.com\/magazine365\/wp-json\/wp\/v2\/posts\/13160\/revisions"}],"wp:featuredmedia":[{"embeddable":true,"href":"https:\/\/eldigitaldeasturias.com\/magazine365\/wp-json\/wp\/v2\/media\/13161"}],"wp:attachment":[{"href":"https:\/\/eldigitaldeasturias.com\/magazine365\/wp-json\/wp\/v2\/media?parent=13160"}],"wp:term":[{"taxonomy":"category","embeddable":true,"href":"https:\/\/eldigitaldeasturias.com\/magazine365\/wp-json\/wp\/v2\/categories?post=13160"},{"taxonomy":"post_tag","embeddable":true,"href":"https:\/\/eldigitaldeasturias.com\/magazine365\/wp-json\/wp\/v2\/tags?post=13160"}],"curies":[{"name":"wp","href":"https:\/\/api.w.org\/{rel}","templated":true}]}}