{"id":13154,"date":"2014-05-18T23:59:18","date_gmt":"2014-05-19T01:59:18","guid":{"rendered":"http:\/\/eldigitaldeasturias.com\/magazine365\/?p=13154"},"modified":"2014-05-18T23:59:18","modified_gmt":"2014-05-19T01:59:18","slug":"ricardo-darin-compite-por-la-palma-de-oro-de-cannes","status":"publish","type":"post","link":"https:\/\/eldigitaldeasturias.com\/magazine365\/ricardo-darin-compite-por-la-palma-de-oro-de-cannes\/","title":{"rendered":"Ricardo Dar\u00edn compite por la Palma de Oro de Cannes"},"content":{"rendered":"<p><img fetchpriority=\"high\" decoding=\"async\" class=\"alignleft size-medium wp-image-13155\" alt=\"6272652w\" src=\"https:\/\/eldigitaldeasturias.com\/magazine365\/wp-content\/uploads\/2014\/05\/6272652w-360x270.jpg\" width=\"360\" height=\"270\" srcset=\"https:\/\/eldigitaldeasturias.com\/magazine365\/wp-content\/uploads\/2014\/05\/6272652w-360x270.jpg 360w, https:\/\/eldigitaldeasturias.com\/magazine365\/wp-content\/uploads\/2014\/05\/6272652w-650x488.jpg 650w, https:\/\/eldigitaldeasturias.com\/magazine365\/wp-content\/uploads\/2014\/05\/6272652w-768x576.jpg 768w, https:\/\/eldigitaldeasturias.com\/magazine365\/wp-content\/uploads\/2014\/05\/6272652w-150x113.jpg 150w, https:\/\/eldigitaldeasturias.com\/magazine365\/wp-content\/uploads\/2014\/05\/6272652w-450x338.jpg 450w, https:\/\/eldigitaldeasturias.com\/magazine365\/wp-content\/uploads\/2014\/05\/6272652w-80x60.jpg 80w, https:\/\/eldigitaldeasturias.com\/magazine365\/wp-content\/uploads\/2014\/05\/6272652w-265x198.jpg 265w, https:\/\/eldigitaldeasturias.com\/magazine365\/wp-content\/uploads\/2014\/05\/6272652w-696x522.jpg 696w, https:\/\/eldigitaldeasturias.com\/magazine365\/wp-content\/uploads\/2014\/05\/6272652w-560x420.jpg 560w, https:\/\/eldigitaldeasturias.com\/magazine365\/wp-content\/uploads\/2014\/05\/6272652w-90x67.jpg 90w, https:\/\/eldigitaldeasturias.com\/magazine365\/wp-content\/uploads\/2014\/05\/6272652w-100x75.jpg 100w, https:\/\/eldigitaldeasturias.com\/magazine365\/wp-content\/uploads\/2014\/05\/6272652w.jpg 800w\" sizes=\"(max-width: 360px) 100vw, 360px\" \/>Cannes (Francia), 18 may (EFE).- Ricardo Dar\u00edn irradia simpat\u00eda y optimismo pero en \u00abRelatos Salvajes\u00bb, que compite por la Palma de Oro de Cannes, se muestra violento y explosivo, un comportamiento en el cine que espera no trasladar a la realidad. \u00abNo hay nada a lo que le tenga m\u00e1s miedo que a mi propia violencia interna\u00bb, afirma a Efe.<\/p>\n<p>Aparece contento tras la buena recepci\u00f3n en Cannes de la pel\u00edcula dirigida por Dami\u00e1n Szifr\u00f3n, un retrato coral que a trav\u00e9s de seis historias cuenta la reacci\u00f3n de ciudadanos normales ante la opresi\u00f3n social que vivimos, y que cuenta con actores como Oscar Mart\u00ednez, Dario Grandinetti o Leonardo Sbaraglia.<\/p>\n<p>Con este \u00faltimo se encuentra en la terraza del Palacio de Festivales en la que se desarrolla la entrevista y se abrazan entre risas como si se encontraran por primera vez. \u00ab\u00a1Leonardo Sbaraglia, me he visto todas tus pel\u00edculas!\u00bb, exclama Dar\u00edn.<\/p>\n<p>Y de la risa a la reflexi\u00f3n, que es justo el camino al que lleva \u00abRelatos Salvajes\u00bb.<\/p>\n<p>Porque Dar\u00edn asegura tener miedo a estallar y hacer salir la \u00abviolencia que es resultado de la acumulaci\u00f3n de humillaciones, maltratos, desconsideraciones, injusticias&#8230;\u00bb.<\/p>\n<p>Algo que de pronto \u00abpuede encontrar una v\u00e1lvula de escape en el momento menos indicado y m\u00e1s inoportuno\u00bb, que es justo lo que le ocurre a su personaje.<\/p>\n<p>\u00abDesde muy chico le tuve mucho miedo a mi violencia\u00bb, se\u00f1ala el actor argentino, que resalta que la ni\u00f1ez, la \u00e9poca que se supone m\u00e1s feliz, tambi\u00e9n es complicada por la violencia psicol\u00f3gica y f\u00edsica que hay entre los ni\u00f1os y que \u00abpuede ser muy perversa porque esta desprovista de medida\u00bb.<\/p>\n<p>En esa \u00e9poca, \u00e9l sinti\u00f3 mucha violencia externa. \u00abYo era un ni\u00f1o muy delgado, muy fr\u00e1gil, muy sensible a todo lo que me pudieran decir y recuerdo que en el colegio, en la primaria, en los primeros a\u00f1os, me sent\u00eda claramente agredido por el funcionamiento y la din\u00e1mica grupal\u00bb.<\/p>\n<p>De ah\u00ed ese respeto por su violencia interna. \u00abMe digo: a ver, tengamos un poco de cuidado, que no me busquen, porque me van a encontrar. Y siempre trato de estar atento a eso, para que mi educaci\u00f3n, mi sensibilidad y mi respeto me permita mantenerme m\u00ednimamente protegido\u00bb.<\/p>\n<p>Reflexiones al hilo de la tem\u00e1tica de la pel\u00edcula, que narra episodios muy violentos desde una perspectiva c\u00f3mica pero tambi\u00e9n ir\u00f3nica.<\/p>\n<p>\u00abSon unas historias que pueden ser posibles, est\u00e1n a un paso, yo creo que lo que nos frena para no llegar hasta esos puntos es nuestra educaci\u00f3n, nuestra sensibilidad, tratar de no salirnos de nuestro eje y no olvidar qui\u00e9nes somos y c\u00f3mo funcionamos\u00bb.<\/p>\n<p>Pero esa retenci\u00f3n provoca abusos. \u00abCuentan con nuestra sensibilidad y educaci\u00f3n. Si no, no abusar\u00edan de nosotros tan f\u00e1cilmente, tendr\u00edan m\u00e1s cuidado\u00bb, dice<\/p>\n<p>Dar\u00edn se refiere a la ira, el descontrol, las \u00abposibles reacciones de los ciudadanos frente a las injusticias en el mundo, frente en definitiva a un sistema que dice que nos considera pero que no nos considera\u00bb.<\/p>\n<p>\u00abSomos muy buenos en un punto los ciudadanos, soportamos tanto, somos tan comprensivos\u00bb, afirma el actor, que considera que el filme de Szifr\u00f3n obliga a reflexionar \u00absobre la violencia circundante a nuestro alrededor\u00bb.<\/p>\n<p>Y, agrega, \u00abnos recuerda nuestros derechos, que tenemos que cumplir con las leyes pero que tambi\u00e9n nos recuerden nuestros derechos, muy pocos nos hablan de cu\u00e1les son nuestros derechos\u00bb.<\/p>\n<p>El peque\u00f1o papel al ser Darin solo el protagonista de una de las seis historias que forman la pel\u00edcula no preocupa para nada al protagonista de pel\u00edculas como \u00abEl secreto de sus ojos\u00bb.<\/p>\n<p>\u00abNo hay peque\u00f1os papeles ni grandes papeles, hay buenas historias\u00bb, sentencia Dar\u00edn que cree que los personajes protagonistas a veces alejan a los actores de lo mejor, de formar parte de algo grupal como es \u00abRelatos Salvajes\u00bb.<\/p>\n<p>Algo en lo que coincide su compa\u00f1ero y amigo Sbaraglia, que considera \u00abfant\u00e1stico hacer pel\u00edculas y poder reflexionar de todas estas cosas\u00bb.<\/p>\n<p>\u00abEs una pel\u00edcula que tiene mucha s\u00e1tira y humor negro pero que golpea porque a trav\u00e9s del humor, la s\u00e1tira y cierto distanciamiento, que es un poco el lenguaje que maneja Dami\u00e1n, yo creo que habla de cosas que son bien complejas, y que tiene que ver con ese choque de ser humano a ser humano, como si fuera un choque entre nosotros\u00bb, explica Sbaraglia a Efe.<\/p>\n<p>Un filme que nos pone \u00abfrente al espejo\u00bb porque \u00abdesgraciadamente hay much\u00edsimas personas que reaccionan as\u00ed y hay much\u00edsimos actos de barbarie, de ferocidad horrible\u00bb, se\u00f1ala.<\/p>\n<p>Alicia Garc\u00eda de Francisco<\/p>\n","protected":false},"excerpt":{"rendered":"<p>Cannes (Francia), 18 may (EFE).- Ricardo Dar\u00edn irradia simpat\u00eda y optimismo pero en \u00abRelatos Salvajes\u00bb, que compite por la Palma de Oro de Cannes, se muestra violento y explosivo, un comportamiento en el cine que espera no trasladar a la realidad. \u00abNo hay nada a lo que le tenga m\u00e1s miedo que a mi propia<\/p>\n","protected":false},"author":1,"featured_media":13155,"comment_status":"open","ping_status":"closed","sticky":false,"template":"","format":"standard","meta":{"footnotes":""},"categories":[224],"tags":[],"class_list":{"0":"post-13154","1":"post","2":"type-post","3":"status-publish","4":"format-standard","5":"has-post-thumbnail","7":"category-noticias-actualidad"},"aioseo_notices":[],"aioseo_head":"\n\t\t<!-- All in One SEO Pro 4.9.6.1 - aioseo.com -->\n\t<meta name=\"description\" content=\"Cannes (Francia), 18 may (EFE).- Ricardo Dar\u00edn irradia simpat\u00eda y optimismo pero en &quot;Relatos Salvajes&quot;, que compite por la Palma de Oro de Cannes, se muestra violento y explosivo, un comportamiento en el cine que espera no trasladar a la realidad. &quot;No hay nada a lo que le tenga m\u00e1s miedo que a mi propia\" \/>\n\t<meta name=\"robots\" content=\"max-image-preview:large\" \/>\n\t<meta name=\"author\" content=\"admin\"\/>\n\t<meta name=\"google-site-verification\" content=\"UA-38556648-1\" \/>\n\t<meta name=\"keywords\" content=\"noticias y actualidad\" \/>\n\t<link rel=\"canonical\" href=\"https:\/\/eldigitaldeasturias.com\/magazine365\/ricardo-darin-compite-por-la-palma-de-oro-de-cannes\/\" \/>\n\t<meta name=\"generator\" content=\"All in One SEO Pro (AIOSEO) 4.9.6.1\" \/>\n\t\t<meta property=\"og:locale\" content=\"es_ES\" \/>\n\t\t<meta property=\"og:site_name\" content=\"El Digital de Asturias \u2013 Revista de ocio, turismo y estilo de vida\" \/>\n\t\t<meta property=\"og:type\" content=\"article\" \/>\n\t\t<meta property=\"og:title\" content=\"Ricardo Dar\u00edn compite por la Palma de Oro de Cannes | El Digital de Asturias\" \/>\n\t\t<meta property=\"og:description\" content=\"Cannes (Francia), 18 may (EFE).- Ricardo Dar\u00edn irradia simpat\u00eda y optimismo pero en &quot;Relatos Salvajes&quot;, que compite por la Palma de Oro de Cannes, se muestra violento y explosivo, un comportamiento en el cine que espera no trasladar a la realidad. &quot;No hay nada a lo que le tenga m\u00e1s miedo que a mi propia\" \/>\n\t\t<meta property=\"og:url\" content=\"https:\/\/eldigitaldeasturias.com\/magazine365\/ricardo-darin-compite-por-la-palma-de-oro-de-cannes\/\" \/>\n\t\t<meta property=\"og:image\" content=\"https:\/\/eldigitaldeasturias.com\/magazine365\/wp-content\/uploads\/2014\/05\/6272652w.jpg\" \/>\n\t\t<meta property=\"og:image:secure_url\" content=\"https:\/\/eldigitaldeasturias.com\/magazine365\/wp-content\/uploads\/2014\/05\/6272652w.jpg\" \/>\n\t\t<meta property=\"og:image:width\" content=\"800\" \/>\n\t\t<meta property=\"og:image:height\" content=\"600\" \/>\n\t\t<meta property=\"article:published_time\" content=\"2014-05-19T01:59:18+00:00\" \/>\n\t\t<meta property=\"article:modified_time\" content=\"2014-05-19T01:59:18+00:00\" \/>\n\t\t<meta name=\"twitter:card\" content=\"summary_large_image\" \/>\n\t\t<meta name=\"twitter:title\" content=\"Ricardo Dar\u00edn compite por la Palma de Oro de Cannes | El Digital de Asturias\" \/>\n\t\t<meta name=\"twitter:description\" content=\"Cannes (Francia), 18 may (EFE).- Ricardo Dar\u00edn irradia simpat\u00eda y optimismo pero en &quot;Relatos Salvajes&quot;, que compite por la Palma de Oro de Cannes, se muestra violento y explosivo, un comportamiento en el cine que espera no trasladar a la realidad. &quot;No hay nada a lo que le tenga m\u00e1s miedo que a mi propia\" \/>\n\t\t<meta name=\"twitter:image\" content=\"https:\/\/eldigitaldeasturias.com\/magazine365\/wp-content\/uploads\/2014\/05\/6272652w.jpg\" \/>\n\t\t<script type=\"application\/ld+json\" class=\"aioseo-schema\">\n\t\t\t{\"@context\":\"https:\\\/\\\/schema.org\",\"@graph\":[{\"@type\":\"Article\",\"@id\":\"https:\\\/\\\/eldigitaldeasturias.com\\\/magazine365\\\/ricardo-darin-compite-por-la-palma-de-oro-de-cannes\\\/#article\",\"name\":\"Ricardo Dar\\u00edn compite por la Palma de Oro de Cannes | El Digital de Asturias\",\"headline\":\"Ricardo Dar\\u00edn compite por la Palma de Oro de Cannes\",\"author\":{\"@id\":\"https:\\\/\\\/eldigitaldeasturias.com\\\/magazine365\\\/author\\\/admin\\\/#author\"},\"publisher\":{\"@id\":\"https:\\\/\\\/eldigitaldeasturias.com\\\/magazine365\\\/#organization\"},\"image\":{\"@type\":\"ImageObject\",\"url\":\"https:\\\/\\\/eldigitaldeasturias.com\\\/magazine365\\\/wp-content\\\/uploads\\\/2014\\\/05\\\/6272652w.jpg\",\"width\":800,\"height\":600},\"datePublished\":\"2014-05-18T23:59:18+02:00\",\"dateModified\":\"2014-05-18T23:59:18+02:00\",\"inLanguage\":\"es-ES\",\"mainEntityOfPage\":{\"@id\":\"https:\\\/\\\/eldigitaldeasturias.com\\\/magazine365\\\/ricardo-darin-compite-por-la-palma-de-oro-de-cannes\\\/#webpage\"},\"isPartOf\":{\"@id\":\"https:\\\/\\\/eldigitaldeasturias.com\\\/magazine365\\\/ricardo-darin-compite-por-la-palma-de-oro-de-cannes\\\/#webpage\"},\"articleSection\":\"Noticias y Actualidad\"},{\"@type\":\"BreadcrumbList\",\"@id\":\"https:\\\/\\\/eldigitaldeasturias.com\\\/magazine365\\\/ricardo-darin-compite-por-la-palma-de-oro-de-cannes\\\/#breadcrumblist\",\"itemListElement\":[{\"@type\":\"ListItem\",\"@id\":\"https:\\\/\\\/eldigitaldeasturias.com\\\/magazine365#listItem\",\"position\":1,\"name\":\"Home\",\"item\":\"https:\\\/\\\/eldigitaldeasturias.com\\\/magazine365\",\"nextItem\":{\"@type\":\"ListItem\",\"@id\":\"https:\\\/\\\/eldigitaldeasturias.com\\\/magazine365\\\/category\\\/noticias-actualidad\\\/#listItem\",\"name\":\"Noticias y Actualidad\"}},{\"@type\":\"ListItem\",\"@id\":\"https:\\\/\\\/eldigitaldeasturias.com\\\/magazine365\\\/category\\\/noticias-actualidad\\\/#listItem\",\"position\":2,\"name\":\"Noticias y Actualidad\",\"item\":\"https:\\\/\\\/eldigitaldeasturias.com\\\/magazine365\\\/category\\\/noticias-actualidad\\\/\",\"nextItem\":{\"@type\":\"ListItem\",\"@id\":\"https:\\\/\\\/eldigitaldeasturias.com\\\/magazine365\\\/ricardo-darin-compite-por-la-palma-de-oro-de-cannes\\\/#listItem\",\"name\":\"Ricardo Dar\\u00edn compite por la Palma de Oro de Cannes\"},\"previousItem\":{\"@type\":\"ListItem\",\"@id\":\"https:\\\/\\\/eldigitaldeasturias.com\\\/magazine365#listItem\",\"name\":\"Home\"}},{\"@type\":\"ListItem\",\"@id\":\"https:\\\/\\\/eldigitaldeasturias.com\\\/magazine365\\\/ricardo-darin-compite-por-la-palma-de-oro-de-cannes\\\/#listItem\",\"position\":3,\"name\":\"Ricardo Dar\\u00edn compite por la Palma de Oro de Cannes\",\"previousItem\":{\"@type\":\"ListItem\",\"@id\":\"https:\\\/\\\/eldigitaldeasturias.com\\\/magazine365\\\/category\\\/noticias-actualidad\\\/#listItem\",\"name\":\"Noticias y Actualidad\"}}]},{\"@type\":\"Organization\",\"@id\":\"https:\\\/\\\/eldigitaldeasturias.com\\\/magazine365\\\/#organization\",\"name\":\"El digital de Asturias\",\"description\":\"Revista de ocio, turismo y estilo de vida\",\"url\":\"https:\\\/\\\/eldigitaldeasturias.com\\\/magazine365\\\/\",\"logo\":{\"@type\":\"ImageObject\",\"url\":\"https:\\\/\\\/www.eldigitaldeasturias.com\\\/noticias\\\/wp-content\\\/uploads\\\/2020\\\/12\\\/EDA.jpg\",\"@id\":\"https:\\\/\\\/eldigitaldeasturias.com\\\/magazine365\\\/ricardo-darin-compite-por-la-palma-de-oro-de-cannes\\\/#organizationLogo\"},\"image\":{\"@id\":\"https:\\\/\\\/eldigitaldeasturias.com\\\/magazine365\\\/ricardo-darin-compite-por-la-palma-de-oro-de-cannes\\\/#organizationLogo\"}},{\"@type\":\"Person\",\"@id\":\"https:\\\/\\\/eldigitaldeasturias.com\\\/magazine365\\\/author\\\/admin\\\/#author\",\"url\":\"https:\\\/\\\/eldigitaldeasturias.com\\\/magazine365\\\/author\\\/admin\\\/\",\"name\":\"admin\",\"image\":{\"@type\":\"ImageObject\",\"@id\":\"https:\\\/\\\/eldigitaldeasturias.com\\\/magazine365\\\/ricardo-darin-compite-por-la-palma-de-oro-de-cannes\\\/#authorImage\",\"url\":\"https:\\\/\\\/eldigitaldeasturias.com\\\/magazine365\\\/wp-content\\\/litespeed\\\/avatar\\\/e571bcf59a0edd6fa6838245a470f2fe.jpg?ver=1776969259\",\"width\":96,\"height\":96,\"caption\":\"admin\"}},{\"@type\":\"WebPage\",\"@id\":\"https:\\\/\\\/eldigitaldeasturias.com\\\/magazine365\\\/ricardo-darin-compite-por-la-palma-de-oro-de-cannes\\\/#webpage\",\"url\":\"https:\\\/\\\/eldigitaldeasturias.com\\\/magazine365\\\/ricardo-darin-compite-por-la-palma-de-oro-de-cannes\\\/\",\"name\":\"Ricardo Dar\\u00edn compite por la Palma de Oro de Cannes | El Digital de Asturias\",\"description\":\"Cannes (Francia), 18 may (EFE).- Ricardo Dar\\u00edn irradia simpat\\u00eda y optimismo pero en \\\"Relatos Salvajes\\\", que compite por la Palma de Oro de Cannes, se muestra violento y explosivo, un comportamiento en el cine que espera no trasladar a la realidad. \\\"No hay nada a lo que le tenga m\\u00e1s miedo que a mi propia\",\"inLanguage\":\"es-ES\",\"isPartOf\":{\"@id\":\"https:\\\/\\\/eldigitaldeasturias.com\\\/magazine365\\\/#website\"},\"breadcrumb\":{\"@id\":\"https:\\\/\\\/eldigitaldeasturias.com\\\/magazine365\\\/ricardo-darin-compite-por-la-palma-de-oro-de-cannes\\\/#breadcrumblist\"},\"author\":{\"@id\":\"https:\\\/\\\/eldigitaldeasturias.com\\\/magazine365\\\/author\\\/admin\\\/#author\"},\"creator\":{\"@id\":\"https:\\\/\\\/eldigitaldeasturias.com\\\/magazine365\\\/author\\\/admin\\\/#author\"},\"image\":{\"@type\":\"ImageObject\",\"url\":\"https:\\\/\\\/eldigitaldeasturias.com\\\/magazine365\\\/wp-content\\\/uploads\\\/2014\\\/05\\\/6272652w.jpg\",\"@id\":\"https:\\\/\\\/eldigitaldeasturias.com\\\/magazine365\\\/ricardo-darin-compite-por-la-palma-de-oro-de-cannes\\\/#mainImage\",\"width\":800,\"height\":600},\"primaryImageOfPage\":{\"@id\":\"https:\\\/\\\/eldigitaldeasturias.com\\\/magazine365\\\/ricardo-darin-compite-por-la-palma-de-oro-de-cannes\\\/#mainImage\"},\"datePublished\":\"2014-05-18T23:59:18+02:00\",\"dateModified\":\"2014-05-18T23:59:18+02:00\"},{\"@type\":\"WebSite\",\"@id\":\"https:\\\/\\\/eldigitaldeasturias.com\\\/magazine365\\\/#website\",\"url\":\"https:\\\/\\\/eldigitaldeasturias.com\\\/magazine365\\\/\",\"name\":\"El Digital de Asturias\",\"description\":\"Revista de ocio, turismo y estilo de vida\",\"inLanguage\":\"es-ES\",\"publisher\":{\"@id\":\"https:\\\/\\\/eldigitaldeasturias.com\\\/magazine365\\\/#organization\"}}]}\n\t\t<\/script>\n\t\t<!-- All in One SEO Pro -->\r\n\t\t<title>Ricardo Dar\u00edn compite por la Palma de Oro de Cannes | El Digital de Asturias<\/title>\n\n","aioseo_head_json":{"title":"Ricardo Dar\u00edn compite por la Palma de Oro de Cannes | El Digital de Asturias","description":"Cannes (Francia), 18 may (EFE).- Ricardo Dar\u00edn irradia simpat\u00eda y optimismo pero en \"Relatos Salvajes\", que compite por la Palma de Oro de Cannes, se muestra violento y explosivo, un comportamiento en el cine que espera no trasladar a la realidad. \"No hay nada a lo que le tenga m\u00e1s miedo que a mi propia","canonical_url":"https:\/\/eldigitaldeasturias.com\/magazine365\/ricardo-darin-compite-por-la-palma-de-oro-de-cannes\/","robots":"max-image-preview:large","keywords":"noticias y actualidad","webmasterTools":{"google-site-verification":"UA-38556648-1","miscellaneous":""},"schema":{"@context":"https:\/\/schema.org","@graph":[{"@type":"Article","@id":"https:\/\/eldigitaldeasturias.com\/magazine365\/ricardo-darin-compite-por-la-palma-de-oro-de-cannes\/#article","name":"Ricardo Dar\u00edn compite por la Palma de Oro de Cannes | El Digital de Asturias","headline":"Ricardo Dar\u00edn compite por la Palma de Oro de Cannes","author":{"@id":"https:\/\/eldigitaldeasturias.com\/magazine365\/author\/admin\/#author"},"publisher":{"@id":"https:\/\/eldigitaldeasturias.com\/magazine365\/#organization"},"image":{"@type":"ImageObject","url":"https:\/\/eldigitaldeasturias.com\/magazine365\/wp-content\/uploads\/2014\/05\/6272652w.jpg","width":800,"height":600},"datePublished":"2014-05-18T23:59:18+02:00","dateModified":"2014-05-18T23:59:18+02:00","inLanguage":"es-ES","mainEntityOfPage":{"@id":"https:\/\/eldigitaldeasturias.com\/magazine365\/ricardo-darin-compite-por-la-palma-de-oro-de-cannes\/#webpage"},"isPartOf":{"@id":"https:\/\/eldigitaldeasturias.com\/magazine365\/ricardo-darin-compite-por-la-palma-de-oro-de-cannes\/#webpage"},"articleSection":"Noticias y Actualidad"},{"@type":"BreadcrumbList","@id":"https:\/\/eldigitaldeasturias.com\/magazine365\/ricardo-darin-compite-por-la-palma-de-oro-de-cannes\/#breadcrumblist","itemListElement":[{"@type":"ListItem","@id":"https:\/\/eldigitaldeasturias.com\/magazine365#listItem","position":1,"name":"Home","item":"https:\/\/eldigitaldeasturias.com\/magazine365","nextItem":{"@type":"ListItem","@id":"https:\/\/eldigitaldeasturias.com\/magazine365\/category\/noticias-actualidad\/#listItem","name":"Noticias y Actualidad"}},{"@type":"ListItem","@id":"https:\/\/eldigitaldeasturias.com\/magazine365\/category\/noticias-actualidad\/#listItem","position":2,"name":"Noticias y Actualidad","item":"https:\/\/eldigitaldeasturias.com\/magazine365\/category\/noticias-actualidad\/","nextItem":{"@type":"ListItem","@id":"https:\/\/eldigitaldeasturias.com\/magazine365\/ricardo-darin-compite-por-la-palma-de-oro-de-cannes\/#listItem","name":"Ricardo Dar\u00edn compite por la Palma de Oro de Cannes"},"previousItem":{"@type":"ListItem","@id":"https:\/\/eldigitaldeasturias.com\/magazine365#listItem","name":"Home"}},{"@type":"ListItem","@id":"https:\/\/eldigitaldeasturias.com\/magazine365\/ricardo-darin-compite-por-la-palma-de-oro-de-cannes\/#listItem","position":3,"name":"Ricardo Dar\u00edn compite por la Palma de Oro de Cannes","previousItem":{"@type":"ListItem","@id":"https:\/\/eldigitaldeasturias.com\/magazine365\/category\/noticias-actualidad\/#listItem","name":"Noticias y Actualidad"}}]},{"@type":"Organization","@id":"https:\/\/eldigitaldeasturias.com\/magazine365\/#organization","name":"El digital de Asturias","description":"Revista de ocio, turismo y estilo de vida","url":"https:\/\/eldigitaldeasturias.com\/magazine365\/","logo":{"@type":"ImageObject","url":"https:\/\/www.eldigitaldeasturias.com\/noticias\/wp-content\/uploads\/2020\/12\/EDA.jpg","@id":"https:\/\/eldigitaldeasturias.com\/magazine365\/ricardo-darin-compite-por-la-palma-de-oro-de-cannes\/#organizationLogo"},"image":{"@id":"https:\/\/eldigitaldeasturias.com\/magazine365\/ricardo-darin-compite-por-la-palma-de-oro-de-cannes\/#organizationLogo"}},{"@type":"Person","@id":"https:\/\/eldigitaldeasturias.com\/magazine365\/author\/admin\/#author","url":"https:\/\/eldigitaldeasturias.com\/magazine365\/author\/admin\/","name":"admin","image":{"@type":"ImageObject","@id":"https:\/\/eldigitaldeasturias.com\/magazine365\/ricardo-darin-compite-por-la-palma-de-oro-de-cannes\/#authorImage","url":"https:\/\/eldigitaldeasturias.com\/magazine365\/wp-content\/litespeed\/avatar\/e571bcf59a0edd6fa6838245a470f2fe.jpg?ver=1776969259","width":96,"height":96,"caption":"admin"}},{"@type":"WebPage","@id":"https:\/\/eldigitaldeasturias.com\/magazine365\/ricardo-darin-compite-por-la-palma-de-oro-de-cannes\/#webpage","url":"https:\/\/eldigitaldeasturias.com\/magazine365\/ricardo-darin-compite-por-la-palma-de-oro-de-cannes\/","name":"Ricardo Dar\u00edn compite por la Palma de Oro de Cannes | El Digital de Asturias","description":"Cannes (Francia), 18 may (EFE).- Ricardo Dar\u00edn irradia simpat\u00eda y optimismo pero en \"Relatos Salvajes\", que compite por la Palma de Oro de Cannes, se muestra violento y explosivo, un comportamiento en el cine que espera no trasladar a la realidad. \"No hay nada a lo que le tenga m\u00e1s miedo que a mi propia","inLanguage":"es-ES","isPartOf":{"@id":"https:\/\/eldigitaldeasturias.com\/magazine365\/#website"},"breadcrumb":{"@id":"https:\/\/eldigitaldeasturias.com\/magazine365\/ricardo-darin-compite-por-la-palma-de-oro-de-cannes\/#breadcrumblist"},"author":{"@id":"https:\/\/eldigitaldeasturias.com\/magazine365\/author\/admin\/#author"},"creator":{"@id":"https:\/\/eldigitaldeasturias.com\/magazine365\/author\/admin\/#author"},"image":{"@type":"ImageObject","url":"https:\/\/eldigitaldeasturias.com\/magazine365\/wp-content\/uploads\/2014\/05\/6272652w.jpg","@id":"https:\/\/eldigitaldeasturias.com\/magazine365\/ricardo-darin-compite-por-la-palma-de-oro-de-cannes\/#mainImage","width":800,"height":600},"primaryImageOfPage":{"@id":"https:\/\/eldigitaldeasturias.com\/magazine365\/ricardo-darin-compite-por-la-palma-de-oro-de-cannes\/#mainImage"},"datePublished":"2014-05-18T23:59:18+02:00","dateModified":"2014-05-18T23:59:18+02:00"},{"@type":"WebSite","@id":"https:\/\/eldigitaldeasturias.com\/magazine365\/#website","url":"https:\/\/eldigitaldeasturias.com\/magazine365\/","name":"El Digital de Asturias","description":"Revista de ocio, turismo y estilo de vida","inLanguage":"es-ES","publisher":{"@id":"https:\/\/eldigitaldeasturias.com\/magazine365\/#organization"}}]},"og:locale":"es_ES","og:site_name":"El Digital de Asturias \u2013 Revista de ocio, turismo y estilo de vida","og:type":"article","og:title":"Ricardo Dar\u00edn compite por la Palma de Oro de Cannes | El Digital de Asturias","og:description":"Cannes (Francia), 18 may (EFE).- Ricardo Dar\u00edn irradia simpat\u00eda y optimismo pero en &quot;Relatos Salvajes&quot;, que compite por la Palma de Oro de Cannes, se muestra violento y explosivo, un comportamiento en el cine que espera no trasladar a la realidad. &quot;No hay nada a lo que le tenga m\u00e1s miedo que a mi propia","og:url":"https:\/\/eldigitaldeasturias.com\/magazine365\/ricardo-darin-compite-por-la-palma-de-oro-de-cannes\/","og:image":"https:\/\/eldigitaldeasturias.com\/magazine365\/wp-content\/uploads\/2014\/05\/6272652w.jpg","og:image:secure_url":"https:\/\/eldigitaldeasturias.com\/magazine365\/wp-content\/uploads\/2014\/05\/6272652w.jpg","og:image:width":800,"og:image:height":600,"article:published_time":"2014-05-19T01:59:18+00:00","article:modified_time":"2014-05-19T01:59:18+00:00","twitter:card":"summary_large_image","twitter:title":"Ricardo Dar\u00edn compite por la Palma de Oro de Cannes | El Digital de Asturias","twitter:description":"Cannes (Francia), 18 may (EFE).- Ricardo Dar\u00edn irradia simpat\u00eda y optimismo pero en &quot;Relatos Salvajes&quot;, que compite por la Palma de Oro de Cannes, se muestra violento y explosivo, un comportamiento en el cine que espera no trasladar a la realidad. &quot;No hay nada a lo que le tenga m\u00e1s miedo que a mi propia","twitter:image":"https:\/\/eldigitaldeasturias.com\/magazine365\/wp-content\/uploads\/2014\/05\/6272652w.jpg"},"aioseo_meta_data":{"post_id":"13154","title":null,"description":null,"keywords":null,"keyphrases":null,"primary_term":null,"canonical_url":null,"og_title":null,"og_description":null,"og_object_type":"default","og_image_type":"default","og_image_url":null,"og_image_width":null,"og_image_height":null,"og_image_custom_url":null,"og_image_custom_fields":null,"og_video":null,"og_custom_url":null,"og_article_section":null,"og_article_tags":null,"twitter_use_og":false,"twitter_card":"default","twitter_image_type":"default","twitter_image_url":null,"twitter_image_custom_url":null,"twitter_image_custom_fields":null,"twitter_title":null,"twitter_description":null,"schema":{"blockGraphs":[],"customGraphs":[],"default":{"data":{"Article":[],"Course":[],"Dataset":[],"FAQPage":[],"Movie":[],"Person":[],"Product":[],"ProductReview":[],"Car":[],"Recipe":[],"Service":[],"SoftwareApplication":[],"WebPage":[]},"graphName":"","isEnabled":true},"graphs":[],"defaultGraph":"","defaultPostTypeGraph":""},"schema_type":null,"schema_type_options":null,"pillar_content":false,"robots_default":true,"robots_noindex":false,"robots_noarchive":false,"robots_nosnippet":false,"robots_nofollow":false,"robots_noimageindex":false,"robots_noodp":false,"robots_notranslate":false,"robots_max_snippet":null,"robots_max_videopreview":null,"robots_max_imagepreview":"large","priority":null,"frequency":null,"location":null,"local_seo":null,"seo_analyzer_scan_date":"2025-09-17 07:42:10","breadcrumb_settings":null,"limit_modified_date":false,"open_ai":null,"ai":null,"created":"2021-03-09 08:31:40","updated":"2025-09-17 07:42:10"},"aioseo_breadcrumb":"<div class=\"aioseo-breadcrumbs\"><span class=\"aioseo-breadcrumb\">\n\t<a href=\"https:\/\/eldigitaldeasturias.com\/magazine365\" title=\"Home\">Home<\/a>\n<\/span><span class=\"aioseo-breadcrumb-separator\">\u2013<\/span><span class=\"aioseo-breadcrumb\">\n\t<a href=\"https:\/\/eldigitaldeasturias.com\/magazine365\/category\/noticias-actualidad\/\" title=\"Noticias y Actualidad\">Noticias y Actualidad<\/a>\n<\/span><span class=\"aioseo-breadcrumb-separator\">\u2013<\/span><span class=\"aioseo-breadcrumb\">\n\t<a href=\"https:\/\/eldigitaldeasturias.com\/magazine365\/ricardo-darin-compite-por-la-palma-de-oro-de-cannes\/\" title=\"Ricardo Dar\u00edn compite por la Palma de Oro de Cannes\">Ricardo Dar\u00edn compite por la Palma de Oro de Cannes<\/a>\n<\/span><\/div>","aioseo_breadcrumb_json":[{"label":"Home","link":"https:\/\/eldigitaldeasturias.com\/magazine365"},{"label":"Noticias y Actualidad","link":"https:\/\/eldigitaldeasturias.com\/magazine365\/category\/noticias-actualidad\/"},{"label":"Ricardo Dar\u00edn compite por la Palma de Oro de Cannes","link":"https:\/\/eldigitaldeasturias.com\/magazine365\/ricardo-darin-compite-por-la-palma-de-oro-de-cannes\/"}],"_links":{"self":[{"href":"https:\/\/eldigitaldeasturias.com\/magazine365\/wp-json\/wp\/v2\/posts\/13154","targetHints":{"allow":["GET"]}}],"collection":[{"href":"https:\/\/eldigitaldeasturias.com\/magazine365\/wp-json\/wp\/v2\/posts"}],"about":[{"href":"https:\/\/eldigitaldeasturias.com\/magazine365\/wp-json\/wp\/v2\/types\/post"}],"author":[{"embeddable":true,"href":"https:\/\/eldigitaldeasturias.com\/magazine365\/wp-json\/wp\/v2\/users\/1"}],"replies":[{"embeddable":true,"href":"https:\/\/eldigitaldeasturias.com\/magazine365\/wp-json\/wp\/v2\/comments?post=13154"}],"version-history":[{"count":0,"href":"https:\/\/eldigitaldeasturias.com\/magazine365\/wp-json\/wp\/v2\/posts\/13154\/revisions"}],"wp:featuredmedia":[{"embeddable":true,"href":"https:\/\/eldigitaldeasturias.com\/magazine365\/wp-json\/wp\/v2\/media\/13155"}],"wp:attachment":[{"href":"https:\/\/eldigitaldeasturias.com\/magazine365\/wp-json\/wp\/v2\/media?parent=13154"}],"wp:term":[{"taxonomy":"category","embeddable":true,"href":"https:\/\/eldigitaldeasturias.com\/magazine365\/wp-json\/wp\/v2\/categories?post=13154"},{"taxonomy":"post_tag","embeddable":true,"href":"https:\/\/eldigitaldeasturias.com\/magazine365\/wp-json\/wp\/v2\/tags?post=13154"}],"curies":[{"name":"wp","href":"https:\/\/api.w.org\/{rel}","templated":true}]}}