{"id":13150,"date":"2014-05-18T19:49:28","date_gmt":"2014-05-18T21:49:28","guid":{"rendered":"http:\/\/eldigitaldeasturias.com\/magazine365\/?p=13150"},"modified":"2014-05-18T19:49:28","modified_gmt":"2014-05-18T21:49:28","slug":"conchita-wurst-celebra-su-victoria-en-eurovision-con-un-concierto-en-viena","status":"publish","type":"post","link":"https:\/\/eldigitaldeasturias.com\/magazine365\/conchita-wurst-celebra-su-victoria-en-eurovision-con-un-concierto-en-viena\/","title":{"rendered":"Conchita Wurst celebra su victoria en Eurovisi\u00f3n con un concierto en Viena"},"content":{"rendered":"<p><img fetchpriority=\"high\" decoding=\"async\" class=\"alignleft size-medium wp-image-13151\" alt=\"6272496w\" src=\"https:\/\/eldigitaldeasturias.com\/magazine365\/wp-content\/uploads\/2014\/05\/6272496w-360x222.jpg\" width=\"360\" height=\"222\" srcset=\"https:\/\/eldigitaldeasturias.com\/magazine365\/wp-content\/uploads\/2014\/05\/6272496w-360x222.jpg 360w, https:\/\/eldigitaldeasturias.com\/magazine365\/wp-content\/uploads\/2014\/05\/6272496w-650x401.jpg 650w, https:\/\/eldigitaldeasturias.com\/magazine365\/wp-content\/uploads\/2014\/05\/6272496w-768x474.jpg 768w, https:\/\/eldigitaldeasturias.com\/magazine365\/wp-content\/uploads\/2014\/05\/6272496w-150x93.jpg 150w, https:\/\/eldigitaldeasturias.com\/magazine365\/wp-content\/uploads\/2014\/05\/6272496w-450x278.jpg 450w, https:\/\/eldigitaldeasturias.com\/magazine365\/wp-content\/uploads\/2014\/05\/6272496w-356x220.jpg 356w, https:\/\/eldigitaldeasturias.com\/magazine365\/wp-content\/uploads\/2014\/05\/6272496w-696x430.jpg 696w, https:\/\/eldigitaldeasturias.com\/magazine365\/wp-content\/uploads\/2014\/05\/6272496w-680x420.jpg 680w, https:\/\/eldigitaldeasturias.com\/magazine365\/wp-content\/uploads\/2014\/05\/6272496w-279x173.jpg 279w, https:\/\/eldigitaldeasturias.com\/magazine365\/wp-content\/uploads\/2014\/05\/6272496w.jpg 800w\" sizes=\"(max-width: 360px) 100vw, 360px\" \/>Viena, 18 may (EFE).- Una semana despu\u00e9s de su hist\u00f3rico triunfo en el festival de Eurovisi\u00f3n, la \u00abdrag queen\u00bb barbuda Conchita Wurst ofreci\u00f3 hoy en el centro de Viena ante miles de personas un breve concierto al aire libre.<\/p>\n<p>Justo antes del breve recital, la denominada \u00abReina de Austria\u00bb fue recibida con honores por el canciller federal austr\u00edaco, Werner Faymann, quien destac\u00f3 el mensaje de tolerancia de la artista.<\/p>\n<p>\u00abUn mensaje que dice: tolerancia. Un mensaje que dice: amor y ganas de vivir. Le agradezco por esta imagen, este carisma y estas palabras\u00bb, manifest\u00f3 el l\u00edder socialdem\u00f3crata.<\/p>\n<p>Conchita Wurst, por su parte, dedic\u00f3 sus cuatro canciones de hoy, entre ellas \u00abRise like a Phoenix\u00bb, con la que gan\u00f3 Eurosivi\u00f3n, a todas aquellas personas que creen en un futuro con progreso.<\/p>\n<p>\u00abEstoy convencida de que Austria es uno de esos pa\u00edses. Por eso me siento honrada de haber tra\u00eddo ese triunfo a casa\u00bb, dijo Tom Neuwirth, el joven artista homosexual, que encarna a Conchita.<\/p>\n<p>Al concierto, celebrado ante la Canciller\u00eda federal, en el centro de Viena, acudieron unas 10.000 personas de todas edades y estratos sociales, incluidas muchas familias con hijos, seg\u00fan constat\u00f3 Efe.<\/p>\n<p>El evento fue criticado por el partido conservador \u00d6VP, que asegur\u00f3 que su socio de coalici\u00f3n, el SP\u00d6 socialdem\u00f3crata, se est\u00e1 aprovechando pol\u00edticamente de la figura de Conchita Wurst.<\/p>\n<p>De hecho, desde el triunfo austr\u00edaco en Eurovisi\u00f3n, el partido del canciller Faymann est\u00e1 impulsando con m\u00e1s \u00edmpetu reformas en materia de legislaci\u00f3n para los derechos de los homosexuales.<\/p>\n<p>Ante la enorme euforia y presi\u00f3n medi\u00e1tica en Austria tras la victoria de Conchita Wurst, el \u00d6VP ha accedido a debatir unas iniciativas que viene bloqueando desde hace a\u00f1os.<\/p>\n<p>Se trata de la adopci\u00f3n de hijos por parejas homosexuales, de equiparar por completo los derechos de las uniones homosexuales con el matrimonio convencional o acceder a que mujeres lesbianas puedan concebir un hijo mediante una inseminaci\u00f3n artificial.<\/p>\n","protected":false},"excerpt":{"rendered":"<p>Viena, 18 may (EFE).- Una semana despu\u00e9s de su hist\u00f3rico triunfo en el festival de Eurovisi\u00f3n, la \u00abdrag queen\u00bb barbuda Conchita Wurst ofreci\u00f3 hoy en el centro de Viena ante miles de personas un breve concierto al aire libre. Justo antes del breve recital, la denominada \u00abReina de Austria\u00bb fue recibida con honores por el<\/p>\n","protected":false},"author":1,"featured_media":13151,"comment_status":"open","ping_status":"closed","sticky":false,"template":"","format":"standard","meta":{"footnotes":""},"categories":[224],"tags":[],"class_list":{"0":"post-13150","1":"post","2":"type-post","3":"status-publish","4":"format-standard","5":"has-post-thumbnail","7":"category-noticias-actualidad"},"aioseo_notices":[],"aioseo_head":"\n\t\t<!-- All in One SEO Pro 4.9.6.1 - aioseo.com -->\n\t<meta name=\"description\" content=\"Viena, 18 may (EFE).- Una semana despu\u00e9s de su hist\u00f3rico triunfo en el festival de Eurovisi\u00f3n, la &quot;drag queen&quot; barbuda Conchita Wurst ofreci\u00f3 hoy en el centro de Viena ante miles de personas un breve concierto al aire libre. Justo antes del breve recital, la denominada &quot;Reina de Austria&quot; fue recibida con honores por el\" \/>\n\t<meta name=\"robots\" content=\"max-image-preview:large\" \/>\n\t<meta name=\"author\" content=\"admin\"\/>\n\t<meta name=\"google-site-verification\" content=\"UA-38556648-1\" \/>\n\t<meta name=\"keywords\" content=\"noticias y actualidad\" \/>\n\t<link rel=\"canonical\" href=\"https:\/\/eldigitaldeasturias.com\/magazine365\/conchita-wurst-celebra-su-victoria-en-eurovision-con-un-concierto-en-viena\/\" \/>\n\t<meta name=\"generator\" content=\"All in One SEO Pro (AIOSEO) 4.9.6.1\" \/>\n\t\t<meta property=\"og:locale\" content=\"es_ES\" \/>\n\t\t<meta property=\"og:site_name\" content=\"El Digital de Asturias \u2013 Revista de ocio, turismo y estilo de vida\" \/>\n\t\t<meta property=\"og:type\" content=\"article\" \/>\n\t\t<meta property=\"og:title\" content=\"Conchita Wurst celebra su victoria en Eurovisi\u00f3n con un concierto en Viena | El Digital de Asturias\" \/>\n\t\t<meta property=\"og:description\" content=\"Viena, 18 may (EFE).- Una semana despu\u00e9s de su hist\u00f3rico triunfo en el festival de Eurovisi\u00f3n, la &quot;drag queen&quot; barbuda Conchita Wurst ofreci\u00f3 hoy en el centro de Viena ante miles de personas un breve concierto al aire libre. Justo antes del breve recital, la denominada &quot;Reina de Austria&quot; fue recibida con honores por el\" \/>\n\t\t<meta property=\"og:url\" content=\"https:\/\/eldigitaldeasturias.com\/magazine365\/conchita-wurst-celebra-su-victoria-en-eurovision-con-un-concierto-en-viena\/\" \/>\n\t\t<meta property=\"og:image\" content=\"https:\/\/eldigitaldeasturias.com\/magazine365\/wp-content\/uploads\/2014\/05\/6272496w.jpg\" \/>\n\t\t<meta property=\"og:image:secure_url\" content=\"https:\/\/eldigitaldeasturias.com\/magazine365\/wp-content\/uploads\/2014\/05\/6272496w.jpg\" \/>\n\t\t<meta property=\"og:image:width\" content=\"800\" \/>\n\t\t<meta property=\"og:image:height\" content=\"494\" \/>\n\t\t<meta property=\"article:published_time\" content=\"2014-05-18T21:49:28+00:00\" \/>\n\t\t<meta property=\"article:modified_time\" content=\"2014-05-18T21:49:28+00:00\" \/>\n\t\t<meta name=\"twitter:card\" content=\"summary_large_image\" \/>\n\t\t<meta name=\"twitter:title\" content=\"Conchita Wurst celebra su victoria en Eurovisi\u00f3n con un concierto en Viena | El Digital de Asturias\" \/>\n\t\t<meta name=\"twitter:description\" content=\"Viena, 18 may (EFE).- Una semana despu\u00e9s de su hist\u00f3rico triunfo en el festival de Eurovisi\u00f3n, la &quot;drag queen&quot; barbuda Conchita Wurst ofreci\u00f3 hoy en el centro de Viena ante miles de personas un breve concierto al aire libre. Justo antes del breve recital, la denominada &quot;Reina de Austria&quot; fue recibida con honores por el\" \/>\n\t\t<meta name=\"twitter:image\" content=\"https:\/\/eldigitaldeasturias.com\/magazine365\/wp-content\/uploads\/2014\/05\/6272496w.jpg\" \/>\n\t\t<script type=\"application\/ld+json\" class=\"aioseo-schema\">\n\t\t\t{\"@context\":\"https:\\\/\\\/schema.org\",\"@graph\":[{\"@type\":\"Article\",\"@id\":\"https:\\\/\\\/eldigitaldeasturias.com\\\/magazine365\\\/conchita-wurst-celebra-su-victoria-en-eurovision-con-un-concierto-en-viena\\\/#article\",\"name\":\"Conchita Wurst celebra su victoria en Eurovisi\\u00f3n con un concierto en Viena | El Digital de Asturias\",\"headline\":\"Conchita Wurst celebra su victoria en Eurovisi\\u00f3n con un concierto en Viena\",\"author\":{\"@id\":\"https:\\\/\\\/eldigitaldeasturias.com\\\/magazine365\\\/author\\\/admin\\\/#author\"},\"publisher\":{\"@id\":\"https:\\\/\\\/eldigitaldeasturias.com\\\/magazine365\\\/#organization\"},\"image\":{\"@type\":\"ImageObject\",\"url\":\"https:\\\/\\\/eldigitaldeasturias.com\\\/magazine365\\\/wp-content\\\/uploads\\\/2014\\\/05\\\/6272496w.jpg\",\"width\":800,\"height\":494},\"datePublished\":\"2014-05-18T19:49:28+02:00\",\"dateModified\":\"2014-05-18T19:49:28+02:00\",\"inLanguage\":\"es-ES\",\"mainEntityOfPage\":{\"@id\":\"https:\\\/\\\/eldigitaldeasturias.com\\\/magazine365\\\/conchita-wurst-celebra-su-victoria-en-eurovision-con-un-concierto-en-viena\\\/#webpage\"},\"isPartOf\":{\"@id\":\"https:\\\/\\\/eldigitaldeasturias.com\\\/magazine365\\\/conchita-wurst-celebra-su-victoria-en-eurovision-con-un-concierto-en-viena\\\/#webpage\"},\"articleSection\":\"Noticias y Actualidad\"},{\"@type\":\"BreadcrumbList\",\"@id\":\"https:\\\/\\\/eldigitaldeasturias.com\\\/magazine365\\\/conchita-wurst-celebra-su-victoria-en-eurovision-con-un-concierto-en-viena\\\/#breadcrumblist\",\"itemListElement\":[{\"@type\":\"ListItem\",\"@id\":\"https:\\\/\\\/eldigitaldeasturias.com\\\/magazine365#listItem\",\"position\":1,\"name\":\"Home\",\"item\":\"https:\\\/\\\/eldigitaldeasturias.com\\\/magazine365\",\"nextItem\":{\"@type\":\"ListItem\",\"@id\":\"https:\\\/\\\/eldigitaldeasturias.com\\\/magazine365\\\/category\\\/noticias-actualidad\\\/#listItem\",\"name\":\"Noticias y Actualidad\"}},{\"@type\":\"ListItem\",\"@id\":\"https:\\\/\\\/eldigitaldeasturias.com\\\/magazine365\\\/category\\\/noticias-actualidad\\\/#listItem\",\"position\":2,\"name\":\"Noticias y Actualidad\",\"item\":\"https:\\\/\\\/eldigitaldeasturias.com\\\/magazine365\\\/category\\\/noticias-actualidad\\\/\",\"nextItem\":{\"@type\":\"ListItem\",\"@id\":\"https:\\\/\\\/eldigitaldeasturias.com\\\/magazine365\\\/conchita-wurst-celebra-su-victoria-en-eurovision-con-un-concierto-en-viena\\\/#listItem\",\"name\":\"Conchita Wurst celebra su victoria en Eurovisi\\u00f3n con un concierto en Viena\"},\"previousItem\":{\"@type\":\"ListItem\",\"@id\":\"https:\\\/\\\/eldigitaldeasturias.com\\\/magazine365#listItem\",\"name\":\"Home\"}},{\"@type\":\"ListItem\",\"@id\":\"https:\\\/\\\/eldigitaldeasturias.com\\\/magazine365\\\/conchita-wurst-celebra-su-victoria-en-eurovision-con-un-concierto-en-viena\\\/#listItem\",\"position\":3,\"name\":\"Conchita Wurst celebra su victoria en Eurovisi\\u00f3n con un concierto en Viena\",\"previousItem\":{\"@type\":\"ListItem\",\"@id\":\"https:\\\/\\\/eldigitaldeasturias.com\\\/magazine365\\\/category\\\/noticias-actualidad\\\/#listItem\",\"name\":\"Noticias y Actualidad\"}}]},{\"@type\":\"Organization\",\"@id\":\"https:\\\/\\\/eldigitaldeasturias.com\\\/magazine365\\\/#organization\",\"name\":\"El digital de Asturias\",\"description\":\"Revista de ocio, turismo y estilo de vida\",\"url\":\"https:\\\/\\\/eldigitaldeasturias.com\\\/magazine365\\\/\",\"logo\":{\"@type\":\"ImageObject\",\"url\":\"https:\\\/\\\/www.eldigitaldeasturias.com\\\/noticias\\\/wp-content\\\/uploads\\\/2020\\\/12\\\/EDA.jpg\",\"@id\":\"https:\\\/\\\/eldigitaldeasturias.com\\\/magazine365\\\/conchita-wurst-celebra-su-victoria-en-eurovision-con-un-concierto-en-viena\\\/#organizationLogo\"},\"image\":{\"@id\":\"https:\\\/\\\/eldigitaldeasturias.com\\\/magazine365\\\/conchita-wurst-celebra-su-victoria-en-eurovision-con-un-concierto-en-viena\\\/#organizationLogo\"}},{\"@type\":\"Person\",\"@id\":\"https:\\\/\\\/eldigitaldeasturias.com\\\/magazine365\\\/author\\\/admin\\\/#author\",\"url\":\"https:\\\/\\\/eldigitaldeasturias.com\\\/magazine365\\\/author\\\/admin\\\/\",\"name\":\"admin\",\"image\":{\"@type\":\"ImageObject\",\"@id\":\"https:\\\/\\\/eldigitaldeasturias.com\\\/magazine365\\\/conchita-wurst-celebra-su-victoria-en-eurovision-con-un-concierto-en-viena\\\/#authorImage\",\"url\":\"https:\\\/\\\/eldigitaldeasturias.com\\\/magazine365\\\/wp-content\\\/litespeed\\\/avatar\\\/e571bcf59a0edd6fa6838245a470f2fe.jpg?ver=1776969259\",\"width\":96,\"height\":96,\"caption\":\"admin\"}},{\"@type\":\"WebPage\",\"@id\":\"https:\\\/\\\/eldigitaldeasturias.com\\\/magazine365\\\/conchita-wurst-celebra-su-victoria-en-eurovision-con-un-concierto-en-viena\\\/#webpage\",\"url\":\"https:\\\/\\\/eldigitaldeasturias.com\\\/magazine365\\\/conchita-wurst-celebra-su-victoria-en-eurovision-con-un-concierto-en-viena\\\/\",\"name\":\"Conchita Wurst celebra su victoria en Eurovisi\\u00f3n con un concierto en Viena | El Digital de Asturias\",\"description\":\"Viena, 18 may (EFE).- Una semana despu\\u00e9s de su hist\\u00f3rico triunfo en el festival de Eurovisi\\u00f3n, la \\\"drag queen\\\" barbuda Conchita Wurst ofreci\\u00f3 hoy en el centro de Viena ante miles de personas un breve concierto al aire libre. Justo antes del breve recital, la denominada \\\"Reina de Austria\\\" fue recibida con honores por el\",\"inLanguage\":\"es-ES\",\"isPartOf\":{\"@id\":\"https:\\\/\\\/eldigitaldeasturias.com\\\/magazine365\\\/#website\"},\"breadcrumb\":{\"@id\":\"https:\\\/\\\/eldigitaldeasturias.com\\\/magazine365\\\/conchita-wurst-celebra-su-victoria-en-eurovision-con-un-concierto-en-viena\\\/#breadcrumblist\"},\"author\":{\"@id\":\"https:\\\/\\\/eldigitaldeasturias.com\\\/magazine365\\\/author\\\/admin\\\/#author\"},\"creator\":{\"@id\":\"https:\\\/\\\/eldigitaldeasturias.com\\\/magazine365\\\/author\\\/admin\\\/#author\"},\"image\":{\"@type\":\"ImageObject\",\"url\":\"https:\\\/\\\/eldigitaldeasturias.com\\\/magazine365\\\/wp-content\\\/uploads\\\/2014\\\/05\\\/6272496w.jpg\",\"@id\":\"https:\\\/\\\/eldigitaldeasturias.com\\\/magazine365\\\/conchita-wurst-celebra-su-victoria-en-eurovision-con-un-concierto-en-viena\\\/#mainImage\",\"width\":800,\"height\":494},\"primaryImageOfPage\":{\"@id\":\"https:\\\/\\\/eldigitaldeasturias.com\\\/magazine365\\\/conchita-wurst-celebra-su-victoria-en-eurovision-con-un-concierto-en-viena\\\/#mainImage\"},\"datePublished\":\"2014-05-18T19:49:28+02:00\",\"dateModified\":\"2014-05-18T19:49:28+02:00\"},{\"@type\":\"WebSite\",\"@id\":\"https:\\\/\\\/eldigitaldeasturias.com\\\/magazine365\\\/#website\",\"url\":\"https:\\\/\\\/eldigitaldeasturias.com\\\/magazine365\\\/\",\"name\":\"El Digital de Asturias\",\"description\":\"Revista de ocio, turismo y estilo de vida\",\"inLanguage\":\"es-ES\",\"publisher\":{\"@id\":\"https:\\\/\\\/eldigitaldeasturias.com\\\/magazine365\\\/#organization\"}}]}\n\t\t<\/script>\n\t\t<!-- All in One SEO Pro -->\r\n\t\t<title>Conchita Wurst celebra su victoria en Eurovisi\u00f3n con un concierto en Viena | El Digital de Asturias<\/title>\n\n","aioseo_head_json":{"title":"Conchita Wurst celebra su victoria en Eurovisi\u00f3n con un concierto en Viena | El Digital de Asturias","description":"Viena, 18 may (EFE).- Una semana despu\u00e9s de su hist\u00f3rico triunfo en el festival de Eurovisi\u00f3n, la \"drag queen\" barbuda Conchita Wurst ofreci\u00f3 hoy en el centro de Viena ante miles de personas un breve concierto al aire libre. Justo antes del breve recital, la denominada \"Reina de Austria\" fue recibida con honores por el","canonical_url":"https:\/\/eldigitaldeasturias.com\/magazine365\/conchita-wurst-celebra-su-victoria-en-eurovision-con-un-concierto-en-viena\/","robots":"max-image-preview:large","keywords":"noticias y actualidad","webmasterTools":{"google-site-verification":"UA-38556648-1","miscellaneous":""},"schema":{"@context":"https:\/\/schema.org","@graph":[{"@type":"Article","@id":"https:\/\/eldigitaldeasturias.com\/magazine365\/conchita-wurst-celebra-su-victoria-en-eurovision-con-un-concierto-en-viena\/#article","name":"Conchita Wurst celebra su victoria en Eurovisi\u00f3n con un concierto en Viena | El Digital de Asturias","headline":"Conchita Wurst celebra su victoria en Eurovisi\u00f3n con un concierto en Viena","author":{"@id":"https:\/\/eldigitaldeasturias.com\/magazine365\/author\/admin\/#author"},"publisher":{"@id":"https:\/\/eldigitaldeasturias.com\/magazine365\/#organization"},"image":{"@type":"ImageObject","url":"https:\/\/eldigitaldeasturias.com\/magazine365\/wp-content\/uploads\/2014\/05\/6272496w.jpg","width":800,"height":494},"datePublished":"2014-05-18T19:49:28+02:00","dateModified":"2014-05-18T19:49:28+02:00","inLanguage":"es-ES","mainEntityOfPage":{"@id":"https:\/\/eldigitaldeasturias.com\/magazine365\/conchita-wurst-celebra-su-victoria-en-eurovision-con-un-concierto-en-viena\/#webpage"},"isPartOf":{"@id":"https:\/\/eldigitaldeasturias.com\/magazine365\/conchita-wurst-celebra-su-victoria-en-eurovision-con-un-concierto-en-viena\/#webpage"},"articleSection":"Noticias y Actualidad"},{"@type":"BreadcrumbList","@id":"https:\/\/eldigitaldeasturias.com\/magazine365\/conchita-wurst-celebra-su-victoria-en-eurovision-con-un-concierto-en-viena\/#breadcrumblist","itemListElement":[{"@type":"ListItem","@id":"https:\/\/eldigitaldeasturias.com\/magazine365#listItem","position":1,"name":"Home","item":"https:\/\/eldigitaldeasturias.com\/magazine365","nextItem":{"@type":"ListItem","@id":"https:\/\/eldigitaldeasturias.com\/magazine365\/category\/noticias-actualidad\/#listItem","name":"Noticias y Actualidad"}},{"@type":"ListItem","@id":"https:\/\/eldigitaldeasturias.com\/magazine365\/category\/noticias-actualidad\/#listItem","position":2,"name":"Noticias y Actualidad","item":"https:\/\/eldigitaldeasturias.com\/magazine365\/category\/noticias-actualidad\/","nextItem":{"@type":"ListItem","@id":"https:\/\/eldigitaldeasturias.com\/magazine365\/conchita-wurst-celebra-su-victoria-en-eurovision-con-un-concierto-en-viena\/#listItem","name":"Conchita Wurst celebra su victoria en Eurovisi\u00f3n con un concierto en Viena"},"previousItem":{"@type":"ListItem","@id":"https:\/\/eldigitaldeasturias.com\/magazine365#listItem","name":"Home"}},{"@type":"ListItem","@id":"https:\/\/eldigitaldeasturias.com\/magazine365\/conchita-wurst-celebra-su-victoria-en-eurovision-con-un-concierto-en-viena\/#listItem","position":3,"name":"Conchita Wurst celebra su victoria en Eurovisi\u00f3n con un concierto en Viena","previousItem":{"@type":"ListItem","@id":"https:\/\/eldigitaldeasturias.com\/magazine365\/category\/noticias-actualidad\/#listItem","name":"Noticias y Actualidad"}}]},{"@type":"Organization","@id":"https:\/\/eldigitaldeasturias.com\/magazine365\/#organization","name":"El digital de Asturias","description":"Revista de ocio, turismo y estilo de vida","url":"https:\/\/eldigitaldeasturias.com\/magazine365\/","logo":{"@type":"ImageObject","url":"https:\/\/www.eldigitaldeasturias.com\/noticias\/wp-content\/uploads\/2020\/12\/EDA.jpg","@id":"https:\/\/eldigitaldeasturias.com\/magazine365\/conchita-wurst-celebra-su-victoria-en-eurovision-con-un-concierto-en-viena\/#organizationLogo"},"image":{"@id":"https:\/\/eldigitaldeasturias.com\/magazine365\/conchita-wurst-celebra-su-victoria-en-eurovision-con-un-concierto-en-viena\/#organizationLogo"}},{"@type":"Person","@id":"https:\/\/eldigitaldeasturias.com\/magazine365\/author\/admin\/#author","url":"https:\/\/eldigitaldeasturias.com\/magazine365\/author\/admin\/","name":"admin","image":{"@type":"ImageObject","@id":"https:\/\/eldigitaldeasturias.com\/magazine365\/conchita-wurst-celebra-su-victoria-en-eurovision-con-un-concierto-en-viena\/#authorImage","url":"https:\/\/eldigitaldeasturias.com\/magazine365\/wp-content\/litespeed\/avatar\/e571bcf59a0edd6fa6838245a470f2fe.jpg?ver=1776969259","width":96,"height":96,"caption":"admin"}},{"@type":"WebPage","@id":"https:\/\/eldigitaldeasturias.com\/magazine365\/conchita-wurst-celebra-su-victoria-en-eurovision-con-un-concierto-en-viena\/#webpage","url":"https:\/\/eldigitaldeasturias.com\/magazine365\/conchita-wurst-celebra-su-victoria-en-eurovision-con-un-concierto-en-viena\/","name":"Conchita Wurst celebra su victoria en Eurovisi\u00f3n con un concierto en Viena | El Digital de Asturias","description":"Viena, 18 may (EFE).- Una semana despu\u00e9s de su hist\u00f3rico triunfo en el festival de Eurovisi\u00f3n, la \"drag queen\" barbuda Conchita Wurst ofreci\u00f3 hoy en el centro de Viena ante miles de personas un breve concierto al aire libre. Justo antes del breve recital, la denominada \"Reina de Austria\" fue recibida con honores por el","inLanguage":"es-ES","isPartOf":{"@id":"https:\/\/eldigitaldeasturias.com\/magazine365\/#website"},"breadcrumb":{"@id":"https:\/\/eldigitaldeasturias.com\/magazine365\/conchita-wurst-celebra-su-victoria-en-eurovision-con-un-concierto-en-viena\/#breadcrumblist"},"author":{"@id":"https:\/\/eldigitaldeasturias.com\/magazine365\/author\/admin\/#author"},"creator":{"@id":"https:\/\/eldigitaldeasturias.com\/magazine365\/author\/admin\/#author"},"image":{"@type":"ImageObject","url":"https:\/\/eldigitaldeasturias.com\/magazine365\/wp-content\/uploads\/2014\/05\/6272496w.jpg","@id":"https:\/\/eldigitaldeasturias.com\/magazine365\/conchita-wurst-celebra-su-victoria-en-eurovision-con-un-concierto-en-viena\/#mainImage","width":800,"height":494},"primaryImageOfPage":{"@id":"https:\/\/eldigitaldeasturias.com\/magazine365\/conchita-wurst-celebra-su-victoria-en-eurovision-con-un-concierto-en-viena\/#mainImage"},"datePublished":"2014-05-18T19:49:28+02:00","dateModified":"2014-05-18T19:49:28+02:00"},{"@type":"WebSite","@id":"https:\/\/eldigitaldeasturias.com\/magazine365\/#website","url":"https:\/\/eldigitaldeasturias.com\/magazine365\/","name":"El Digital de Asturias","description":"Revista de ocio, turismo y estilo de vida","inLanguage":"es-ES","publisher":{"@id":"https:\/\/eldigitaldeasturias.com\/magazine365\/#organization"}}]},"og:locale":"es_ES","og:site_name":"El Digital de Asturias \u2013 Revista de ocio, turismo y estilo de vida","og:type":"article","og:title":"Conchita Wurst celebra su victoria en Eurovisi\u00f3n con un concierto en Viena | El Digital de Asturias","og:description":"Viena, 18 may (EFE).- Una semana despu\u00e9s de su hist\u00f3rico triunfo en el festival de Eurovisi\u00f3n, la &quot;drag queen&quot; barbuda Conchita Wurst ofreci\u00f3 hoy en el centro de Viena ante miles de personas un breve concierto al aire libre. Justo antes del breve recital, la denominada &quot;Reina de Austria&quot; fue recibida con honores por el","og:url":"https:\/\/eldigitaldeasturias.com\/magazine365\/conchita-wurst-celebra-su-victoria-en-eurovision-con-un-concierto-en-viena\/","og:image":"https:\/\/eldigitaldeasturias.com\/magazine365\/wp-content\/uploads\/2014\/05\/6272496w.jpg","og:image:secure_url":"https:\/\/eldigitaldeasturias.com\/magazine365\/wp-content\/uploads\/2014\/05\/6272496w.jpg","og:image:width":800,"og:image:height":494,"article:published_time":"2014-05-18T21:49:28+00:00","article:modified_time":"2014-05-18T21:49:28+00:00","twitter:card":"summary_large_image","twitter:title":"Conchita Wurst celebra su victoria en Eurovisi\u00f3n con un concierto en Viena | El Digital de Asturias","twitter:description":"Viena, 18 may (EFE).- Una semana despu\u00e9s de su hist\u00f3rico triunfo en el festival de Eurovisi\u00f3n, la &quot;drag queen&quot; barbuda Conchita Wurst ofreci\u00f3 hoy en el centro de Viena ante miles de personas un breve concierto al aire libre. Justo antes del breve recital, la denominada &quot;Reina de Austria&quot; fue recibida con honores por el","twitter:image":"https:\/\/eldigitaldeasturias.com\/magazine365\/wp-content\/uploads\/2014\/05\/6272496w.jpg"},"aioseo_meta_data":{"post_id":"13150","title":null,"description":null,"keywords":null,"keyphrases":null,"primary_term":null,"canonical_url":null,"og_title":null,"og_description":null,"og_object_type":"default","og_image_type":"default","og_image_url":null,"og_image_width":null,"og_image_height":null,"og_image_custom_url":null,"og_image_custom_fields":null,"og_video":null,"og_custom_url":null,"og_article_section":null,"og_article_tags":null,"twitter_use_og":false,"twitter_card":"default","twitter_image_type":"default","twitter_image_url":null,"twitter_image_custom_url":null,"twitter_image_custom_fields":null,"twitter_title":null,"twitter_description":null,"schema":{"blockGraphs":[],"customGraphs":[],"default":{"data":{"Article":[],"Course":[],"Dataset":[],"FAQPage":[],"Movie":[],"Person":[],"Product":[],"ProductReview":[],"Car":[],"Recipe":[],"Service":[],"SoftwareApplication":[],"WebPage":[]},"graphName":"","isEnabled":true},"graphs":[],"defaultGraph":"","defaultPostTypeGraph":""},"schema_type":null,"schema_type_options":null,"pillar_content":false,"robots_default":true,"robots_noindex":false,"robots_noarchive":false,"robots_nosnippet":false,"robots_nofollow":false,"robots_noimageindex":false,"robots_noodp":false,"robots_notranslate":false,"robots_max_snippet":null,"robots_max_videopreview":null,"robots_max_imagepreview":"large","priority":null,"frequency":null,"location":null,"local_seo":null,"seo_analyzer_scan_date":"2025-09-17 07:42:09","breadcrumb_settings":null,"limit_modified_date":false,"open_ai":null,"ai":null,"created":"2021-03-09 08:31:40","updated":"2025-09-17 07:42:09"},"aioseo_breadcrumb":"<div class=\"aioseo-breadcrumbs\"><span class=\"aioseo-breadcrumb\">\n\t<a href=\"https:\/\/eldigitaldeasturias.com\/magazine365\" title=\"Home\">Home<\/a>\n<\/span><span class=\"aioseo-breadcrumb-separator\">\u2013<\/span><span class=\"aioseo-breadcrumb\">\n\t<a href=\"https:\/\/eldigitaldeasturias.com\/magazine365\/category\/noticias-actualidad\/\" title=\"Noticias y Actualidad\">Noticias y Actualidad<\/a>\n<\/span><span class=\"aioseo-breadcrumb-separator\">\u2013<\/span><span class=\"aioseo-breadcrumb\">\n\t<a href=\"https:\/\/eldigitaldeasturias.com\/magazine365\/conchita-wurst-celebra-su-victoria-en-eurovision-con-un-concierto-en-viena\/\" title=\"Conchita Wurst celebra su victoria en Eurovisi\u00f3n con un concierto en Viena\">Conchita Wurst celebra su victoria en Eurovisi\u00f3n con un concierto en Viena<\/a>\n<\/span><\/div>","aioseo_breadcrumb_json":[{"label":"Home","link":"https:\/\/eldigitaldeasturias.com\/magazine365"},{"label":"Noticias y Actualidad","link":"https:\/\/eldigitaldeasturias.com\/magazine365\/category\/noticias-actualidad\/"},{"label":"Conchita Wurst celebra su victoria en Eurovisi\u00f3n con un concierto en Viena","link":"https:\/\/eldigitaldeasturias.com\/magazine365\/conchita-wurst-celebra-su-victoria-en-eurovision-con-un-concierto-en-viena\/"}],"_links":{"self":[{"href":"https:\/\/eldigitaldeasturias.com\/magazine365\/wp-json\/wp\/v2\/posts\/13150","targetHints":{"allow":["GET"]}}],"collection":[{"href":"https:\/\/eldigitaldeasturias.com\/magazine365\/wp-json\/wp\/v2\/posts"}],"about":[{"href":"https:\/\/eldigitaldeasturias.com\/magazine365\/wp-json\/wp\/v2\/types\/post"}],"author":[{"embeddable":true,"href":"https:\/\/eldigitaldeasturias.com\/magazine365\/wp-json\/wp\/v2\/users\/1"}],"replies":[{"embeddable":true,"href":"https:\/\/eldigitaldeasturias.com\/magazine365\/wp-json\/wp\/v2\/comments?post=13150"}],"version-history":[{"count":0,"href":"https:\/\/eldigitaldeasturias.com\/magazine365\/wp-json\/wp\/v2\/posts\/13150\/revisions"}],"wp:featuredmedia":[{"embeddable":true,"href":"https:\/\/eldigitaldeasturias.com\/magazine365\/wp-json\/wp\/v2\/media\/13151"}],"wp:attachment":[{"href":"https:\/\/eldigitaldeasturias.com\/magazine365\/wp-json\/wp\/v2\/media?parent=13150"}],"wp:term":[{"taxonomy":"category","embeddable":true,"href":"https:\/\/eldigitaldeasturias.com\/magazine365\/wp-json\/wp\/v2\/categories?post=13150"},{"taxonomy":"post_tag","embeddable":true,"href":"https:\/\/eldigitaldeasturias.com\/magazine365\/wp-json\/wp\/v2\/tags?post=13150"}],"curies":[{"name":"wp","href":"https:\/\/api.w.org\/{rel}","templated":true}]}}