{"id":13147,"date":"2014-05-18T19:48:00","date_gmt":"2014-05-18T21:48:00","guid":{"rendered":"http:\/\/eldigitaldeasturias.com\/magazine365\/?p=13147"},"modified":"2014-05-18T19:48:00","modified_gmt":"2014-05-18T21:48:00","slug":"monica-bellucci-no-me-gustaria-cambiar-nada-en-mi-vida","status":"publish","type":"post","link":"https:\/\/eldigitaldeasturias.com\/magazine365\/monica-bellucci-no-me-gustaria-cambiar-nada-en-mi-vida\/","title":{"rendered":"Monica Bellucci \u00abno me gustar\u00eda cambiar nada en mi vida\u00bb."},"content":{"rendered":"<p><img fetchpriority=\"high\" decoding=\"async\" class=\"alignleft size-medium wp-image-13148\" alt=\"6272489w\" src=\"https:\/\/eldigitaldeasturias.com\/magazine365\/wp-content\/uploads\/2014\/05\/6272489w-360x218.jpg\" width=\"360\" height=\"218\" \/>Cannes (Francia), 18 may (EFE).- A punto de cumplir 50 a\u00f1os, el pr\u00f3ximo septiembre, la italiana Monica Bellucci se encuentra feliz de su situaci\u00f3n y del momento que vive y asegura: \u00abno me gustar\u00eda cambiar nada en mi vida\u00bb.<\/p>\n<p>Separada el a\u00f1o pasado del actor franc\u00e9s Vincent Cassel tras 14 a\u00f1os juntos y dos hijas, la actriz se mostr\u00f3 hoy espl\u00e9ndida en el Festival de Cannes, con un ajustado vestido rojo con lunares negros, donde present\u00f3 el filme \u00abLe meraviglie\u00bb, de la italiana Alice Rohrwacher, en el que realiza un peque\u00f1o papel.<\/p>\n<p>\u00abEstoy ya contenta de estar viva y de haber llegado a esta edad\u00bb, dijo ante la pregunta de c\u00f3mo se enfrenta a los 50 a\u00f1os. Y agreg\u00f3: \u00abespero poder continuar as\u00ed porque tengo mucho que aprender a\u00fan y soy madre de dos ni\u00f1as peque\u00f1as que me necesitan\u00bb.<\/p>\n<p>E insisti\u00f3: \u00absoy muy feliz, me siento mucho mejor, s\u00e9 que todo el mundo dice esto, pero yo me siento ahora mejor y no me gustar\u00eda cambiar nada en mi vida\u00bb.<\/p>\n<p>Una vida en la que tiene un espacio muy importante su trabajo, el de actriz, que le permite vivir \u00abexperiencias humanas\u00bb, conocer a otras gentes y otras culturas<\/p>\n<p>Por eso, asegur\u00f3 que para ella no es importante si su papel es el protagonista o un secundario, como en el caso del filme de Rohrwacher.<\/p>\n<p>\u00abCada papel tiene su propia intensidad y en pocos minutos puedes tener la oportunidad de transmitir algo intenso\u00bb.<\/p>\n<p>Eso es lo que ocurre con su papel de \u00abLe meraviglie\u00bb, en el que da vida a una presentadora de televisi\u00f3n con aire inaccesible de diva, que es una pura fachada.<\/p>\n<p>\u00abCuando Alice me habl\u00f3 de este papel sab\u00eda que iba a permitirme transmitir algo muy potente\u00bb, dijo la italiana, que considera que \u00ablos actores no hacen nunca papeles al azar\u00bb.<\/p>\n<p>\u00abMe encontraba en un momento de mi vida en el que este papel me era necesario\u00bb, el de una mujer \u00abcon una fuerza sincera\u00bb, una peque\u00f1a participaci\u00f3n que no pod\u00eda rechazar. \u00abNo se puede renunciar a un papel como \u00e9ste, es como la cereza en el pastel\u00bb.<\/p>\n","protected":false},"excerpt":{"rendered":"<p>Cannes (Francia), 18 may (EFE).- A punto de cumplir 50 a\u00f1os, el pr\u00f3ximo septiembre, la italiana Monica Bellucci se encuentra feliz de su situaci\u00f3n y del momento que vive y asegura: \u00abno me gustar\u00eda cambiar nada en mi vida\u00bb. Separada el a\u00f1o pasado del actor franc\u00e9s Vincent Cassel tras 14 a\u00f1os juntos y dos hijas,<\/p>\n","protected":false},"author":1,"featured_media":13148,"comment_status":"open","ping_status":"closed","sticky":false,"template":"","format":"standard","meta":{"footnotes":""},"categories":[224],"tags":[],"class_list":{"0":"post-13147","1":"post","2":"type-post","3":"status-publish","4":"format-standard","5":"has-post-thumbnail","7":"category-noticias-actualidad"},"aioseo_notices":[],"aioseo_head":"\n\t\t<!-- All in One SEO Pro 4.9.6.1 - aioseo.com -->\n\t<meta name=\"description\" content=\"Cannes (Francia), 18 may (EFE).- A punto de cumplir 50 a\u00f1os, el pr\u00f3ximo septiembre, la italiana Monica Bellucci se encuentra feliz de su situaci\u00f3n y del momento que vive y asegura: &quot;no me gustar\u00eda cambiar nada en mi vida&quot;. Separada el a\u00f1o pasado del actor franc\u00e9s Vincent Cassel tras 14 a\u00f1os juntos y dos hijas,\" \/>\n\t<meta name=\"robots\" content=\"max-image-preview:large\" \/>\n\t<meta name=\"author\" content=\"admin\"\/>\n\t<meta name=\"google-site-verification\" content=\"UA-38556648-1\" \/>\n\t<meta name=\"keywords\" content=\"noticias y actualidad\" \/>\n\t<link rel=\"canonical\" href=\"https:\/\/eldigitaldeasturias.com\/magazine365\/monica-bellucci-no-me-gustaria-cambiar-nada-en-mi-vida\/\" \/>\n\t<meta name=\"generator\" content=\"All in One SEO Pro (AIOSEO) 4.9.6.1\" \/>\n\t\t<meta property=\"og:locale\" content=\"es_ES\" \/>\n\t\t<meta property=\"og:site_name\" content=\"El Digital de Asturias \u2013 Revista de ocio, turismo y estilo de vida\" \/>\n\t\t<meta property=\"og:type\" content=\"article\" \/>\n\t\t<meta property=\"og:title\" content=\"Monica Bellucci \u00abno me gustar\u00eda cambiar nada en mi vida\u00bb. | El Digital de Asturias\" \/>\n\t\t<meta property=\"og:description\" content=\"Cannes (Francia), 18 may (EFE).- A punto de cumplir 50 a\u00f1os, el pr\u00f3ximo septiembre, la italiana Monica Bellucci se encuentra feliz de su situaci\u00f3n y del momento que vive y asegura: &quot;no me gustar\u00eda cambiar nada en mi vida&quot;. Separada el a\u00f1o pasado del actor franc\u00e9s Vincent Cassel tras 14 a\u00f1os juntos y dos hijas,\" \/>\n\t\t<meta property=\"og:url\" content=\"https:\/\/eldigitaldeasturias.com\/magazine365\/monica-bellucci-no-me-gustaria-cambiar-nada-en-mi-vida\/\" \/>\n\t\t<meta property=\"og:image\" content=\"https:\/\/eldigitaldeasturias.com\/magazine365\/wp-content\/uploads\/2014\/05\/6272489w.jpg\" \/>\n\t\t<meta property=\"og:image:secure_url\" content=\"https:\/\/eldigitaldeasturias.com\/magazine365\/wp-content\/uploads\/2014\/05\/6272489w.jpg\" \/>\n\t\t<meta property=\"og:image:width\" content=\"800\" \/>\n\t\t<meta property=\"og:image:height\" content=\"486\" \/>\n\t\t<meta property=\"article:published_time\" content=\"2014-05-18T21:48:00+00:00\" \/>\n\t\t<meta property=\"article:modified_time\" content=\"2014-05-18T21:48:00+00:00\" \/>\n\t\t<meta name=\"twitter:card\" content=\"summary_large_image\" \/>\n\t\t<meta name=\"twitter:title\" content=\"Monica Bellucci \u00abno me gustar\u00eda cambiar nada en mi vida\u00bb. | El Digital de Asturias\" \/>\n\t\t<meta name=\"twitter:description\" content=\"Cannes (Francia), 18 may (EFE).- A punto de cumplir 50 a\u00f1os, el pr\u00f3ximo septiembre, la italiana Monica Bellucci se encuentra feliz de su situaci\u00f3n y del momento que vive y asegura: &quot;no me gustar\u00eda cambiar nada en mi vida&quot;. Separada el a\u00f1o pasado del actor franc\u00e9s Vincent Cassel tras 14 a\u00f1os juntos y dos hijas,\" \/>\n\t\t<meta name=\"twitter:image\" content=\"https:\/\/eldigitaldeasturias.com\/magazine365\/wp-content\/uploads\/2014\/05\/6272489w.jpg\" \/>\n\t\t<script type=\"application\/ld+json\" class=\"aioseo-schema\">\n\t\t\t{\"@context\":\"https:\\\/\\\/schema.org\",\"@graph\":[{\"@type\":\"Article\",\"@id\":\"https:\\\/\\\/eldigitaldeasturias.com\\\/magazine365\\\/monica-bellucci-no-me-gustaria-cambiar-nada-en-mi-vida\\\/#article\",\"name\":\"Monica Bellucci \\u00abno me gustar\\u00eda cambiar nada en mi vida\\u00bb. | El Digital de Asturias\",\"headline\":\"Monica Bellucci \\u00abno me gustar\\u00eda cambiar nada en mi vida\\u00bb.\",\"author\":{\"@id\":\"https:\\\/\\\/eldigitaldeasturias.com\\\/magazine365\\\/author\\\/admin\\\/#author\"},\"publisher\":{\"@id\":\"https:\\\/\\\/eldigitaldeasturias.com\\\/magazine365\\\/#organization\"},\"image\":{\"@type\":\"ImageObject\",\"url\":\"https:\\\/\\\/eldigitaldeasturias.com\\\/magazine365\\\/wp-content\\\/uploads\\\/2014\\\/05\\\/6272489w.jpg\",\"width\":800,\"height\":486},\"datePublished\":\"2014-05-18T19:48:00+02:00\",\"dateModified\":\"2014-05-18T19:48:00+02:00\",\"inLanguage\":\"es-ES\",\"mainEntityOfPage\":{\"@id\":\"https:\\\/\\\/eldigitaldeasturias.com\\\/magazine365\\\/monica-bellucci-no-me-gustaria-cambiar-nada-en-mi-vida\\\/#webpage\"},\"isPartOf\":{\"@id\":\"https:\\\/\\\/eldigitaldeasturias.com\\\/magazine365\\\/monica-bellucci-no-me-gustaria-cambiar-nada-en-mi-vida\\\/#webpage\"},\"articleSection\":\"Noticias y Actualidad\"},{\"@type\":\"BreadcrumbList\",\"@id\":\"https:\\\/\\\/eldigitaldeasturias.com\\\/magazine365\\\/monica-bellucci-no-me-gustaria-cambiar-nada-en-mi-vida\\\/#breadcrumblist\",\"itemListElement\":[{\"@type\":\"ListItem\",\"@id\":\"https:\\\/\\\/eldigitaldeasturias.com\\\/magazine365#listItem\",\"position\":1,\"name\":\"Home\",\"item\":\"https:\\\/\\\/eldigitaldeasturias.com\\\/magazine365\",\"nextItem\":{\"@type\":\"ListItem\",\"@id\":\"https:\\\/\\\/eldigitaldeasturias.com\\\/magazine365\\\/category\\\/noticias-actualidad\\\/#listItem\",\"name\":\"Noticias y Actualidad\"}},{\"@type\":\"ListItem\",\"@id\":\"https:\\\/\\\/eldigitaldeasturias.com\\\/magazine365\\\/category\\\/noticias-actualidad\\\/#listItem\",\"position\":2,\"name\":\"Noticias y Actualidad\",\"item\":\"https:\\\/\\\/eldigitaldeasturias.com\\\/magazine365\\\/category\\\/noticias-actualidad\\\/\",\"nextItem\":{\"@type\":\"ListItem\",\"@id\":\"https:\\\/\\\/eldigitaldeasturias.com\\\/magazine365\\\/monica-bellucci-no-me-gustaria-cambiar-nada-en-mi-vida\\\/#listItem\",\"name\":\"Monica Bellucci \\u00abno me gustar\\u00eda cambiar nada en mi vida\\u00bb.\"},\"previousItem\":{\"@type\":\"ListItem\",\"@id\":\"https:\\\/\\\/eldigitaldeasturias.com\\\/magazine365#listItem\",\"name\":\"Home\"}},{\"@type\":\"ListItem\",\"@id\":\"https:\\\/\\\/eldigitaldeasturias.com\\\/magazine365\\\/monica-bellucci-no-me-gustaria-cambiar-nada-en-mi-vida\\\/#listItem\",\"position\":3,\"name\":\"Monica Bellucci \\u00abno me gustar\\u00eda cambiar nada en mi vida\\u00bb.\",\"previousItem\":{\"@type\":\"ListItem\",\"@id\":\"https:\\\/\\\/eldigitaldeasturias.com\\\/magazine365\\\/category\\\/noticias-actualidad\\\/#listItem\",\"name\":\"Noticias y Actualidad\"}}]},{\"@type\":\"Organization\",\"@id\":\"https:\\\/\\\/eldigitaldeasturias.com\\\/magazine365\\\/#organization\",\"name\":\"El digital de Asturias\",\"description\":\"Revista de ocio, turismo y estilo de vida\",\"url\":\"https:\\\/\\\/eldigitaldeasturias.com\\\/magazine365\\\/\",\"logo\":{\"@type\":\"ImageObject\",\"url\":\"https:\\\/\\\/www.eldigitaldeasturias.com\\\/noticias\\\/wp-content\\\/uploads\\\/2020\\\/12\\\/EDA.jpg\",\"@id\":\"https:\\\/\\\/eldigitaldeasturias.com\\\/magazine365\\\/monica-bellucci-no-me-gustaria-cambiar-nada-en-mi-vida\\\/#organizationLogo\"},\"image\":{\"@id\":\"https:\\\/\\\/eldigitaldeasturias.com\\\/magazine365\\\/monica-bellucci-no-me-gustaria-cambiar-nada-en-mi-vida\\\/#organizationLogo\"}},{\"@type\":\"Person\",\"@id\":\"https:\\\/\\\/eldigitaldeasturias.com\\\/magazine365\\\/author\\\/admin\\\/#author\",\"url\":\"https:\\\/\\\/eldigitaldeasturias.com\\\/magazine365\\\/author\\\/admin\\\/\",\"name\":\"admin\",\"image\":{\"@type\":\"ImageObject\",\"@id\":\"https:\\\/\\\/eldigitaldeasturias.com\\\/magazine365\\\/monica-bellucci-no-me-gustaria-cambiar-nada-en-mi-vida\\\/#authorImage\",\"url\":\"https:\\\/\\\/eldigitaldeasturias.com\\\/magazine365\\\/wp-content\\\/litespeed\\\/avatar\\\/e571bcf59a0edd6fa6838245a470f2fe.jpg?ver=1776969259\",\"width\":96,\"height\":96,\"caption\":\"admin\"}},{\"@type\":\"WebPage\",\"@id\":\"https:\\\/\\\/eldigitaldeasturias.com\\\/magazine365\\\/monica-bellucci-no-me-gustaria-cambiar-nada-en-mi-vida\\\/#webpage\",\"url\":\"https:\\\/\\\/eldigitaldeasturias.com\\\/magazine365\\\/monica-bellucci-no-me-gustaria-cambiar-nada-en-mi-vida\\\/\",\"name\":\"Monica Bellucci \\u00abno me gustar\\u00eda cambiar nada en mi vida\\u00bb. | El Digital de Asturias\",\"description\":\"Cannes (Francia), 18 may (EFE).- A punto de cumplir 50 a\\u00f1os, el pr\\u00f3ximo septiembre, la italiana Monica Bellucci se encuentra feliz de su situaci\\u00f3n y del momento que vive y asegura: \\\"no me gustar\\u00eda cambiar nada en mi vida\\\". Separada el a\\u00f1o pasado del actor franc\\u00e9s Vincent Cassel tras 14 a\\u00f1os juntos y dos hijas,\",\"inLanguage\":\"es-ES\",\"isPartOf\":{\"@id\":\"https:\\\/\\\/eldigitaldeasturias.com\\\/magazine365\\\/#website\"},\"breadcrumb\":{\"@id\":\"https:\\\/\\\/eldigitaldeasturias.com\\\/magazine365\\\/monica-bellucci-no-me-gustaria-cambiar-nada-en-mi-vida\\\/#breadcrumblist\"},\"author\":{\"@id\":\"https:\\\/\\\/eldigitaldeasturias.com\\\/magazine365\\\/author\\\/admin\\\/#author\"},\"creator\":{\"@id\":\"https:\\\/\\\/eldigitaldeasturias.com\\\/magazine365\\\/author\\\/admin\\\/#author\"},\"image\":{\"@type\":\"ImageObject\",\"url\":\"https:\\\/\\\/eldigitaldeasturias.com\\\/magazine365\\\/wp-content\\\/uploads\\\/2014\\\/05\\\/6272489w.jpg\",\"@id\":\"https:\\\/\\\/eldigitaldeasturias.com\\\/magazine365\\\/monica-bellucci-no-me-gustaria-cambiar-nada-en-mi-vida\\\/#mainImage\",\"width\":800,\"height\":486},\"primaryImageOfPage\":{\"@id\":\"https:\\\/\\\/eldigitaldeasturias.com\\\/magazine365\\\/monica-bellucci-no-me-gustaria-cambiar-nada-en-mi-vida\\\/#mainImage\"},\"datePublished\":\"2014-05-18T19:48:00+02:00\",\"dateModified\":\"2014-05-18T19:48:00+02:00\"},{\"@type\":\"WebSite\",\"@id\":\"https:\\\/\\\/eldigitaldeasturias.com\\\/magazine365\\\/#website\",\"url\":\"https:\\\/\\\/eldigitaldeasturias.com\\\/magazine365\\\/\",\"name\":\"El Digital de Asturias\",\"description\":\"Revista de ocio, turismo y estilo de vida\",\"inLanguage\":\"es-ES\",\"publisher\":{\"@id\":\"https:\\\/\\\/eldigitaldeasturias.com\\\/magazine365\\\/#organization\"}}]}\n\t\t<\/script>\n\t\t<!-- All in One SEO Pro -->\r\n\t\t<title>Monica Bellucci \u00abno me gustar\u00eda cambiar nada en mi vida\u00bb. | El Digital de Asturias<\/title>\n\n","aioseo_head_json":{"title":"Monica Bellucci \u00abno me gustar\u00eda cambiar nada en mi vida\u00bb. | El Digital de Asturias","description":"Cannes (Francia), 18 may (EFE).- A punto de cumplir 50 a\u00f1os, el pr\u00f3ximo septiembre, la italiana Monica Bellucci se encuentra feliz de su situaci\u00f3n y del momento que vive y asegura: \"no me gustar\u00eda cambiar nada en mi vida\". Separada el a\u00f1o pasado del actor franc\u00e9s Vincent Cassel tras 14 a\u00f1os juntos y dos hijas,","canonical_url":"https:\/\/eldigitaldeasturias.com\/magazine365\/monica-bellucci-no-me-gustaria-cambiar-nada-en-mi-vida\/","robots":"max-image-preview:large","keywords":"noticias y actualidad","webmasterTools":{"google-site-verification":"UA-38556648-1","miscellaneous":""},"schema":{"@context":"https:\/\/schema.org","@graph":[{"@type":"Article","@id":"https:\/\/eldigitaldeasturias.com\/magazine365\/monica-bellucci-no-me-gustaria-cambiar-nada-en-mi-vida\/#article","name":"Monica Bellucci \u00abno me gustar\u00eda cambiar nada en mi vida\u00bb. | El Digital de Asturias","headline":"Monica Bellucci \u00abno me gustar\u00eda cambiar nada en mi vida\u00bb.","author":{"@id":"https:\/\/eldigitaldeasturias.com\/magazine365\/author\/admin\/#author"},"publisher":{"@id":"https:\/\/eldigitaldeasturias.com\/magazine365\/#organization"},"image":{"@type":"ImageObject","url":"https:\/\/eldigitaldeasturias.com\/magazine365\/wp-content\/uploads\/2014\/05\/6272489w.jpg","width":800,"height":486},"datePublished":"2014-05-18T19:48:00+02:00","dateModified":"2014-05-18T19:48:00+02:00","inLanguage":"es-ES","mainEntityOfPage":{"@id":"https:\/\/eldigitaldeasturias.com\/magazine365\/monica-bellucci-no-me-gustaria-cambiar-nada-en-mi-vida\/#webpage"},"isPartOf":{"@id":"https:\/\/eldigitaldeasturias.com\/magazine365\/monica-bellucci-no-me-gustaria-cambiar-nada-en-mi-vida\/#webpage"},"articleSection":"Noticias y Actualidad"},{"@type":"BreadcrumbList","@id":"https:\/\/eldigitaldeasturias.com\/magazine365\/monica-bellucci-no-me-gustaria-cambiar-nada-en-mi-vida\/#breadcrumblist","itemListElement":[{"@type":"ListItem","@id":"https:\/\/eldigitaldeasturias.com\/magazine365#listItem","position":1,"name":"Home","item":"https:\/\/eldigitaldeasturias.com\/magazine365","nextItem":{"@type":"ListItem","@id":"https:\/\/eldigitaldeasturias.com\/magazine365\/category\/noticias-actualidad\/#listItem","name":"Noticias y Actualidad"}},{"@type":"ListItem","@id":"https:\/\/eldigitaldeasturias.com\/magazine365\/category\/noticias-actualidad\/#listItem","position":2,"name":"Noticias y Actualidad","item":"https:\/\/eldigitaldeasturias.com\/magazine365\/category\/noticias-actualidad\/","nextItem":{"@type":"ListItem","@id":"https:\/\/eldigitaldeasturias.com\/magazine365\/monica-bellucci-no-me-gustaria-cambiar-nada-en-mi-vida\/#listItem","name":"Monica Bellucci \u00abno me gustar\u00eda cambiar nada en mi vida\u00bb."},"previousItem":{"@type":"ListItem","@id":"https:\/\/eldigitaldeasturias.com\/magazine365#listItem","name":"Home"}},{"@type":"ListItem","@id":"https:\/\/eldigitaldeasturias.com\/magazine365\/monica-bellucci-no-me-gustaria-cambiar-nada-en-mi-vida\/#listItem","position":3,"name":"Monica Bellucci \u00abno me gustar\u00eda cambiar nada en mi vida\u00bb.","previousItem":{"@type":"ListItem","@id":"https:\/\/eldigitaldeasturias.com\/magazine365\/category\/noticias-actualidad\/#listItem","name":"Noticias y Actualidad"}}]},{"@type":"Organization","@id":"https:\/\/eldigitaldeasturias.com\/magazine365\/#organization","name":"El digital de Asturias","description":"Revista de ocio, turismo y estilo de vida","url":"https:\/\/eldigitaldeasturias.com\/magazine365\/","logo":{"@type":"ImageObject","url":"https:\/\/www.eldigitaldeasturias.com\/noticias\/wp-content\/uploads\/2020\/12\/EDA.jpg","@id":"https:\/\/eldigitaldeasturias.com\/magazine365\/monica-bellucci-no-me-gustaria-cambiar-nada-en-mi-vida\/#organizationLogo"},"image":{"@id":"https:\/\/eldigitaldeasturias.com\/magazine365\/monica-bellucci-no-me-gustaria-cambiar-nada-en-mi-vida\/#organizationLogo"}},{"@type":"Person","@id":"https:\/\/eldigitaldeasturias.com\/magazine365\/author\/admin\/#author","url":"https:\/\/eldigitaldeasturias.com\/magazine365\/author\/admin\/","name":"admin","image":{"@type":"ImageObject","@id":"https:\/\/eldigitaldeasturias.com\/magazine365\/monica-bellucci-no-me-gustaria-cambiar-nada-en-mi-vida\/#authorImage","url":"https:\/\/eldigitaldeasturias.com\/magazine365\/wp-content\/litespeed\/avatar\/e571bcf59a0edd6fa6838245a470f2fe.jpg?ver=1776969259","width":96,"height":96,"caption":"admin"}},{"@type":"WebPage","@id":"https:\/\/eldigitaldeasturias.com\/magazine365\/monica-bellucci-no-me-gustaria-cambiar-nada-en-mi-vida\/#webpage","url":"https:\/\/eldigitaldeasturias.com\/magazine365\/monica-bellucci-no-me-gustaria-cambiar-nada-en-mi-vida\/","name":"Monica Bellucci \u00abno me gustar\u00eda cambiar nada en mi vida\u00bb. | El Digital de Asturias","description":"Cannes (Francia), 18 may (EFE).- A punto de cumplir 50 a\u00f1os, el pr\u00f3ximo septiembre, la italiana Monica Bellucci se encuentra feliz de su situaci\u00f3n y del momento que vive y asegura: \"no me gustar\u00eda cambiar nada en mi vida\". Separada el a\u00f1o pasado del actor franc\u00e9s Vincent Cassel tras 14 a\u00f1os juntos y dos hijas,","inLanguage":"es-ES","isPartOf":{"@id":"https:\/\/eldigitaldeasturias.com\/magazine365\/#website"},"breadcrumb":{"@id":"https:\/\/eldigitaldeasturias.com\/magazine365\/monica-bellucci-no-me-gustaria-cambiar-nada-en-mi-vida\/#breadcrumblist"},"author":{"@id":"https:\/\/eldigitaldeasturias.com\/magazine365\/author\/admin\/#author"},"creator":{"@id":"https:\/\/eldigitaldeasturias.com\/magazine365\/author\/admin\/#author"},"image":{"@type":"ImageObject","url":"https:\/\/eldigitaldeasturias.com\/magazine365\/wp-content\/uploads\/2014\/05\/6272489w.jpg","@id":"https:\/\/eldigitaldeasturias.com\/magazine365\/monica-bellucci-no-me-gustaria-cambiar-nada-en-mi-vida\/#mainImage","width":800,"height":486},"primaryImageOfPage":{"@id":"https:\/\/eldigitaldeasturias.com\/magazine365\/monica-bellucci-no-me-gustaria-cambiar-nada-en-mi-vida\/#mainImage"},"datePublished":"2014-05-18T19:48:00+02:00","dateModified":"2014-05-18T19:48:00+02:00"},{"@type":"WebSite","@id":"https:\/\/eldigitaldeasturias.com\/magazine365\/#website","url":"https:\/\/eldigitaldeasturias.com\/magazine365\/","name":"El Digital de Asturias","description":"Revista de ocio, turismo y estilo de vida","inLanguage":"es-ES","publisher":{"@id":"https:\/\/eldigitaldeasturias.com\/magazine365\/#organization"}}]},"og:locale":"es_ES","og:site_name":"El Digital de Asturias \u2013 Revista de ocio, turismo y estilo de vida","og:type":"article","og:title":"Monica Bellucci \u00abno me gustar\u00eda cambiar nada en mi vida\u00bb. | El Digital de Asturias","og:description":"Cannes (Francia), 18 may (EFE).- A punto de cumplir 50 a\u00f1os, el pr\u00f3ximo septiembre, la italiana Monica Bellucci se encuentra feliz de su situaci\u00f3n y del momento que vive y asegura: &quot;no me gustar\u00eda cambiar nada en mi vida&quot;. Separada el a\u00f1o pasado del actor franc\u00e9s Vincent Cassel tras 14 a\u00f1os juntos y dos hijas,","og:url":"https:\/\/eldigitaldeasturias.com\/magazine365\/monica-bellucci-no-me-gustaria-cambiar-nada-en-mi-vida\/","og:image":"https:\/\/eldigitaldeasturias.com\/magazine365\/wp-content\/uploads\/2014\/05\/6272489w.jpg","og:image:secure_url":"https:\/\/eldigitaldeasturias.com\/magazine365\/wp-content\/uploads\/2014\/05\/6272489w.jpg","og:image:width":800,"og:image:height":486,"article:published_time":"2014-05-18T21:48:00+00:00","article:modified_time":"2014-05-18T21:48:00+00:00","twitter:card":"summary_large_image","twitter:title":"Monica Bellucci \u00abno me gustar\u00eda cambiar nada en mi vida\u00bb. | El Digital de Asturias","twitter:description":"Cannes (Francia), 18 may (EFE).- A punto de cumplir 50 a\u00f1os, el pr\u00f3ximo septiembre, la italiana Monica Bellucci se encuentra feliz de su situaci\u00f3n y del momento que vive y asegura: &quot;no me gustar\u00eda cambiar nada en mi vida&quot;. Separada el a\u00f1o pasado del actor franc\u00e9s Vincent Cassel tras 14 a\u00f1os juntos y dos hijas,","twitter:image":"https:\/\/eldigitaldeasturias.com\/magazine365\/wp-content\/uploads\/2014\/05\/6272489w.jpg"},"aioseo_meta_data":{"post_id":"13147","title":null,"description":null,"keywords":null,"keyphrases":null,"primary_term":null,"canonical_url":null,"og_title":null,"og_description":null,"og_object_type":"default","og_image_type":"default","og_image_url":null,"og_image_width":null,"og_image_height":null,"og_image_custom_url":null,"og_image_custom_fields":null,"og_video":null,"og_custom_url":null,"og_article_section":null,"og_article_tags":null,"twitter_use_og":false,"twitter_card":"default","twitter_image_type":"default","twitter_image_url":null,"twitter_image_custom_url":null,"twitter_image_custom_fields":null,"twitter_title":null,"twitter_description":null,"schema":{"blockGraphs":[],"customGraphs":[],"default":{"data":{"Article":[],"Course":[],"Dataset":[],"FAQPage":[],"Movie":[],"Person":[],"Product":[],"ProductReview":[],"Car":[],"Recipe":[],"Service":[],"SoftwareApplication":[],"WebPage":[]},"graphName":"","isEnabled":true},"graphs":[],"defaultGraph":"","defaultPostTypeGraph":""},"schema_type":null,"schema_type_options":null,"pillar_content":false,"robots_default":true,"robots_noindex":false,"robots_noarchive":false,"robots_nosnippet":false,"robots_nofollow":false,"robots_noimageindex":false,"robots_noodp":false,"robots_notranslate":false,"robots_max_snippet":null,"robots_max_videopreview":null,"robots_max_imagepreview":"large","priority":null,"frequency":null,"location":null,"local_seo":null,"seo_analyzer_scan_date":"2025-09-17 07:40:30","breadcrumb_settings":null,"limit_modified_date":false,"open_ai":null,"ai":null,"created":"2021-03-09 08:31:40","updated":"2025-09-17 07:40:30"},"aioseo_breadcrumb":"<div class=\"aioseo-breadcrumbs\"><span class=\"aioseo-breadcrumb\">\n\t<a href=\"https:\/\/eldigitaldeasturias.com\/magazine365\" title=\"Home\">Home<\/a>\n<\/span><span class=\"aioseo-breadcrumb-separator\">\u2013<\/span><span class=\"aioseo-breadcrumb\">\n\t<a href=\"https:\/\/eldigitaldeasturias.com\/magazine365\/category\/noticias-actualidad\/\" title=\"Noticias y Actualidad\">Noticias y Actualidad<\/a>\n<\/span><span class=\"aioseo-breadcrumb-separator\">\u2013<\/span><span class=\"aioseo-breadcrumb\">\n\t<a href=\"https:\/\/eldigitaldeasturias.com\/magazine365\/monica-bellucci-no-me-gustaria-cambiar-nada-en-mi-vida\/\" title=\"Monica Bellucci \u00abno me gustar\u00eda cambiar nada en mi vida\u00bb.\">Monica Bellucci \u00abno me gustar\u00eda cambiar nada en mi vida\u00bb.<\/a>\n<\/span><\/div>","aioseo_breadcrumb_json":[{"label":"Home","link":"https:\/\/eldigitaldeasturias.com\/magazine365"},{"label":"Noticias y Actualidad","link":"https:\/\/eldigitaldeasturias.com\/magazine365\/category\/noticias-actualidad\/"},{"label":"Monica Bellucci \u00abno me gustar\u00eda cambiar nada en mi vida\u00bb.","link":"https:\/\/eldigitaldeasturias.com\/magazine365\/monica-bellucci-no-me-gustaria-cambiar-nada-en-mi-vida\/"}],"_links":{"self":[{"href":"https:\/\/eldigitaldeasturias.com\/magazine365\/wp-json\/wp\/v2\/posts\/13147","targetHints":{"allow":["GET"]}}],"collection":[{"href":"https:\/\/eldigitaldeasturias.com\/magazine365\/wp-json\/wp\/v2\/posts"}],"about":[{"href":"https:\/\/eldigitaldeasturias.com\/magazine365\/wp-json\/wp\/v2\/types\/post"}],"author":[{"embeddable":true,"href":"https:\/\/eldigitaldeasturias.com\/magazine365\/wp-json\/wp\/v2\/users\/1"}],"replies":[{"embeddable":true,"href":"https:\/\/eldigitaldeasturias.com\/magazine365\/wp-json\/wp\/v2\/comments?post=13147"}],"version-history":[{"count":0,"href":"https:\/\/eldigitaldeasturias.com\/magazine365\/wp-json\/wp\/v2\/posts\/13147\/revisions"}],"wp:featuredmedia":[{"embeddable":true,"href":"https:\/\/eldigitaldeasturias.com\/magazine365\/wp-json\/wp\/v2\/media\/13148"}],"wp:attachment":[{"href":"https:\/\/eldigitaldeasturias.com\/magazine365\/wp-json\/wp\/v2\/media?parent=13147"}],"wp:term":[{"taxonomy":"category","embeddable":true,"href":"https:\/\/eldigitaldeasturias.com\/magazine365\/wp-json\/wp\/v2\/categories?post=13147"},{"taxonomy":"post_tag","embeddable":true,"href":"https:\/\/eldigitaldeasturias.com\/magazine365\/wp-json\/wp\/v2\/tags?post=13147"}],"curies":[{"name":"wp","href":"https:\/\/api.w.org\/{rel}","templated":true}]}}