{"id":13141,"date":"2014-05-18T19:43:49","date_gmt":"2014-05-18T21:43:49","guid":{"rendered":"http:\/\/eldigitaldeasturias.com\/magazine365\/?p=13141"},"modified":"2014-05-18T19:43:49","modified_gmt":"2014-05-18T21:43:49","slug":"un-abogado-un-guardia-civil-dos-medicos-los-hijos-del-sabroson","status":"publish","type":"post","link":"https:\/\/eldigitaldeasturias.com\/magazine365\/un-abogado-un-guardia-civil-dos-medicos-los-hijos-del-sabroson\/","title":{"rendered":"Un abogado, un guardia civil, dos m\u00e9dicos&#8230; \u00abLos Hijos del Sabros\u00f3n\u00bb"},"content":{"rendered":"<p><img fetchpriority=\"high\" decoding=\"async\" class=\"alignleft size-medium wp-image-13142\" alt=\"6272320w\" src=\"https:\/\/eldigitaldeasturias.com\/magazine365\/wp-content\/uploads\/2014\/05\/6272320w-360x248.jpg\" width=\"360\" height=\"248\" \/>Alicante, 18 may (EFE).- Lo que la m\u00fasica une, que no lo separe el hombre&#8230; y mucho menos sus profesiones. Esta ser\u00eda la tarjeta de presentaci\u00f3n de un grupo alicantino de m\u00fasicos aficionados en el que pla\u00f1en y cantan un guardia civil, un abogado, un par de m\u00e9dicos, otros tantos consultores y varios docentes, entre otras maestr\u00edas.<\/p>\n<p>\u00abLos Hijos del Sabros\u00f3n\u00bb, como as\u00ed se denominan, ensayan los martes y act\u00faan viernes o s\u00e1bado en locales de ocio y auditorios, pero todos los d\u00edas, incluidos los fines de semana, responden como los primeros a sus obligaciones profesionales.<\/p>\n<p>Frank, \u00abhermano\u00bb del timple, trabaja en el Hospital General de Alicante; V\u00edctor, que acaba de ser padre, es guardia civil en un cuartel de Alicante; Joaqu\u00edn, con la toga de abogado en su cartera, \u00abpelea\u00bb en los juzgados, y Manuel trabaja en una empresa de servicios aeroportuarios. \u00abD\u00edcese, maletero\u00bb, comenta con humor.<\/p>\n<p>A ellos se unen Mariano, \u00abun m\u00e9dico de los dientes\u00bb; Gonzalo, creativo en una agencia de comunicaci\u00f3n y la persona que m\u00e1s carga en el grupo (toca el contrabajo); Marcos, bi\u00f3grafo y guitarra de punteo; Alfredo, experto en &#8216;empleHabilidad&#8217;, los docentes Otilio y Enrique, y Lucas, un consultor que no tuvo necesidad de consultar si era apto para la m\u00fasica. \u00abS\u00ed, claro que s\u00ed, me dije\u00bb, apunta sin dudarlo.<\/p>\n<p>Este batiburrillo de profesionales han decidido juntarse para crear \u00abLos Hijos del Sabros\u00f3n\u00bb, un grupo de m\u00fasica cuya horquilla de estilos abarca desde el bolero al chachach\u00e1, del mambo a la cumbia, aunque sin pasar por el vodevil ni el rap.<\/p>\n<p>Lo curioso es que estudiaron en facultades diferentes. Lo incre\u00edble es que en sus \u00e1mbitos laborales ni se ven. Pero lo m\u00e1s ins\u00f3lito es que cuando se juntan son capaces de armonizar sus inquietudes con instrumentaci\u00f3n y armon\u00eda.<\/p>\n<p>Son capaces de cantarle a \u00abla c\u00e1ndida ni\u00f1a de la sociedad\u00bb y a cualquier mujer que se precie, de encender amores entre quienes les escuchan aunque luego haya que \u00abapagar el cuarto\u00bb que haya cogido \u00abcandela\u00bb y de sacar una sonrisa merced a sus ritmos alegres.<\/p>\n<p>La m\u00fasica les ha unido y \u00abeso no hay Dios que lo deshaga\u00bb, ha afirmado a EFE Joaqu\u00edn, cuya guitarra, que no entiende de leyes, sabe \u00abm\u00e1s por vieja que por diabla\u00bb.<\/p>\n<p>Amores y desamores, alegr\u00edas y desenga\u00f1os son excusas -o no- para juntar en sus guitarras \u00abla armon\u00eda y la percusi\u00f3n\u00bb. \u00abPor el amor de una mujer\u00bb uno se desvive, sostiene Alfredo, quien ha hallado en este grupo \u00abuna forma de sentir y hablar\u00bb.<\/p>\n<p>Sus vidas, \u00ablas controlan las leyes\u00bb, pero en su coraz\u00f3n, \u00abque es el que siente amor\u00bb, tan solo mandan ellos. \u00abEs el amor por la m\u00fasica lo que nos ha unido\u00bb, afirma Mariano, cuya casa sirve de lugar de ensayo y de \u00abviandas\u00bb.<\/p>\n<p>Quien asiste a uno de sus conciertos puede pensar que ensayan todos los d\u00edas y que se dedican a la m\u00fasica, pero la verdad, lo cierto, es que no.<\/p>\n<p>Cada uno tiene un horario ajustado a su vida laboral y personal, sus econom\u00edas son bien distintas, sus aspiraciones cabalgan por separado&#8230; pero la m\u00fasica, \u00abque es lo que nos gusta\u00bb, apunta Otilio, es \u00abnuestro rasero\u00bb.<\/p>\n<p>Alberto Santacruz<\/p>\n","protected":false},"excerpt":{"rendered":"<p>Alicante, 18 may (EFE).- Lo que la m\u00fasica une, que no lo separe el hombre&#8230; y mucho menos sus profesiones. Esta ser\u00eda la tarjeta de presentaci\u00f3n de un grupo alicantino de m\u00fasicos aficionados en el que pla\u00f1en y cantan un guardia civil, un abogado, un par de m\u00e9dicos, otros tantos consultores y varios docentes, entre<\/p>\n","protected":false},"author":1,"featured_media":13142,"comment_status":"open","ping_status":"closed","sticky":false,"template":"","format":"standard","meta":{"footnotes":""},"categories":[224],"tags":[],"class_list":{"0":"post-13141","1":"post","2":"type-post","3":"status-publish","4":"format-standard","5":"has-post-thumbnail","7":"category-noticias-actualidad"},"aioseo_notices":[],"aioseo_head":"\n\t\t<!-- All in One SEO Pro 4.9.6.1 - aioseo.com -->\n\t<meta name=\"description\" content=\"Alicante, 18 may (EFE).- Lo que la m\u00fasica une, que no lo separe el hombre... y mucho menos sus profesiones. Esta ser\u00eda la tarjeta de presentaci\u00f3n de un grupo alicantino de m\u00fasicos aficionados en el que pla\u00f1en y cantan un guardia civil, un abogado, un par de m\u00e9dicos, otros tantos consultores y varios docentes, entre\" \/>\n\t<meta name=\"robots\" content=\"max-image-preview:large\" \/>\n\t<meta name=\"author\" content=\"admin\"\/>\n\t<meta name=\"google-site-verification\" content=\"UA-38556648-1\" \/>\n\t<meta name=\"keywords\" content=\"noticias y actualidad\" \/>\n\t<link rel=\"canonical\" href=\"https:\/\/eldigitaldeasturias.com\/magazine365\/un-abogado-un-guardia-civil-dos-medicos-los-hijos-del-sabroson\/\" \/>\n\t<meta name=\"generator\" content=\"All in One SEO Pro (AIOSEO) 4.9.6.1\" \/>\n\t\t<meta property=\"og:locale\" content=\"es_ES\" \/>\n\t\t<meta property=\"og:site_name\" content=\"El Digital de Asturias \u2013 Revista de ocio, turismo y estilo de vida\" \/>\n\t\t<meta property=\"og:type\" content=\"article\" \/>\n\t\t<meta property=\"og:title\" content=\"Un abogado, un guardia civil, dos m\u00e9dicos\u2026 \u00abLos Hijos del Sabros\u00f3n\u00bb | El Digital de Asturias\" \/>\n\t\t<meta property=\"og:description\" content=\"Alicante, 18 may (EFE).- Lo que la m\u00fasica une, que no lo separe el hombre... y mucho menos sus profesiones. Esta ser\u00eda la tarjeta de presentaci\u00f3n de un grupo alicantino de m\u00fasicos aficionados en el que pla\u00f1en y cantan un guardia civil, un abogado, un par de m\u00e9dicos, otros tantos consultores y varios docentes, entre\" \/>\n\t\t<meta property=\"og:url\" content=\"https:\/\/eldigitaldeasturias.com\/magazine365\/un-abogado-un-guardia-civil-dos-medicos-los-hijos-del-sabroson\/\" \/>\n\t\t<meta property=\"og:image\" content=\"https:\/\/eldigitaldeasturias.com\/magazine365\/wp-content\/uploads\/2014\/05\/6272320w.jpg\" \/>\n\t\t<meta property=\"og:image:secure_url\" content=\"https:\/\/eldigitaldeasturias.com\/magazine365\/wp-content\/uploads\/2014\/05\/6272320w.jpg\" \/>\n\t\t<meta property=\"og:image:width\" content=\"800\" \/>\n\t\t<meta property=\"og:image:height\" content=\"553\" \/>\n\t\t<meta property=\"article:published_time\" content=\"2014-05-18T21:43:49+00:00\" \/>\n\t\t<meta property=\"article:modified_time\" content=\"2014-05-18T21:43:49+00:00\" \/>\n\t\t<meta name=\"twitter:card\" content=\"summary_large_image\" \/>\n\t\t<meta name=\"twitter:title\" content=\"Un abogado, un guardia civil, dos m\u00e9dicos\u2026 \u00abLos Hijos del Sabros\u00f3n\u00bb | El Digital de Asturias\" \/>\n\t\t<meta name=\"twitter:description\" content=\"Alicante, 18 may (EFE).- Lo que la m\u00fasica une, que no lo separe el hombre... y mucho menos sus profesiones. Esta ser\u00eda la tarjeta de presentaci\u00f3n de un grupo alicantino de m\u00fasicos aficionados en el que pla\u00f1en y cantan un guardia civil, un abogado, un par de m\u00e9dicos, otros tantos consultores y varios docentes, entre\" \/>\n\t\t<meta name=\"twitter:image\" content=\"https:\/\/eldigitaldeasturias.com\/magazine365\/wp-content\/uploads\/2014\/05\/6272320w.jpg\" \/>\n\t\t<script type=\"application\/ld+json\" class=\"aioseo-schema\">\n\t\t\t{\"@context\":\"https:\\\/\\\/schema.org\",\"@graph\":[{\"@type\":\"Article\",\"@id\":\"https:\\\/\\\/eldigitaldeasturias.com\\\/magazine365\\\/un-abogado-un-guardia-civil-dos-medicos-los-hijos-del-sabroson\\\/#article\",\"name\":\"Un abogado, un guardia civil, dos m\\u00e9dicos\\u2026 \\u00abLos Hijos del Sabros\\u00f3n\\u00bb | El Digital de Asturias\",\"headline\":\"Un abogado, un guardia civil, dos m\\u00e9dicos&#8230; \\u00abLos Hijos del Sabros\\u00f3n\\u00bb\",\"author\":{\"@id\":\"https:\\\/\\\/eldigitaldeasturias.com\\\/magazine365\\\/author\\\/admin\\\/#author\"},\"publisher\":{\"@id\":\"https:\\\/\\\/eldigitaldeasturias.com\\\/magazine365\\\/#organization\"},\"image\":{\"@type\":\"ImageObject\",\"url\":\"https:\\\/\\\/eldigitaldeasturias.com\\\/magazine365\\\/wp-content\\\/uploads\\\/2014\\\/05\\\/6272320w.jpg\",\"width\":800,\"height\":553},\"datePublished\":\"2014-05-18T19:43:49+02:00\",\"dateModified\":\"2014-05-18T19:43:49+02:00\",\"inLanguage\":\"es-ES\",\"mainEntityOfPage\":{\"@id\":\"https:\\\/\\\/eldigitaldeasturias.com\\\/magazine365\\\/un-abogado-un-guardia-civil-dos-medicos-los-hijos-del-sabroson\\\/#webpage\"},\"isPartOf\":{\"@id\":\"https:\\\/\\\/eldigitaldeasturias.com\\\/magazine365\\\/un-abogado-un-guardia-civil-dos-medicos-los-hijos-del-sabroson\\\/#webpage\"},\"articleSection\":\"Noticias y Actualidad\"},{\"@type\":\"BreadcrumbList\",\"@id\":\"https:\\\/\\\/eldigitaldeasturias.com\\\/magazine365\\\/un-abogado-un-guardia-civil-dos-medicos-los-hijos-del-sabroson\\\/#breadcrumblist\",\"itemListElement\":[{\"@type\":\"ListItem\",\"@id\":\"https:\\\/\\\/eldigitaldeasturias.com\\\/magazine365#listItem\",\"position\":1,\"name\":\"Home\",\"item\":\"https:\\\/\\\/eldigitaldeasturias.com\\\/magazine365\",\"nextItem\":{\"@type\":\"ListItem\",\"@id\":\"https:\\\/\\\/eldigitaldeasturias.com\\\/magazine365\\\/category\\\/noticias-actualidad\\\/#listItem\",\"name\":\"Noticias y Actualidad\"}},{\"@type\":\"ListItem\",\"@id\":\"https:\\\/\\\/eldigitaldeasturias.com\\\/magazine365\\\/category\\\/noticias-actualidad\\\/#listItem\",\"position\":2,\"name\":\"Noticias y Actualidad\",\"item\":\"https:\\\/\\\/eldigitaldeasturias.com\\\/magazine365\\\/category\\\/noticias-actualidad\\\/\",\"nextItem\":{\"@type\":\"ListItem\",\"@id\":\"https:\\\/\\\/eldigitaldeasturias.com\\\/magazine365\\\/un-abogado-un-guardia-civil-dos-medicos-los-hijos-del-sabroson\\\/#listItem\",\"name\":\"Un abogado, un guardia civil, dos m\\u00e9dicos&#8230; \\u00abLos Hijos del Sabros\\u00f3n\\u00bb\"},\"previousItem\":{\"@type\":\"ListItem\",\"@id\":\"https:\\\/\\\/eldigitaldeasturias.com\\\/magazine365#listItem\",\"name\":\"Home\"}},{\"@type\":\"ListItem\",\"@id\":\"https:\\\/\\\/eldigitaldeasturias.com\\\/magazine365\\\/un-abogado-un-guardia-civil-dos-medicos-los-hijos-del-sabroson\\\/#listItem\",\"position\":3,\"name\":\"Un abogado, un guardia civil, dos m\\u00e9dicos&#8230; \\u00abLos Hijos del Sabros\\u00f3n\\u00bb\",\"previousItem\":{\"@type\":\"ListItem\",\"@id\":\"https:\\\/\\\/eldigitaldeasturias.com\\\/magazine365\\\/category\\\/noticias-actualidad\\\/#listItem\",\"name\":\"Noticias y Actualidad\"}}]},{\"@type\":\"Organization\",\"@id\":\"https:\\\/\\\/eldigitaldeasturias.com\\\/magazine365\\\/#organization\",\"name\":\"El digital de Asturias\",\"description\":\"Revista de ocio, turismo y estilo de vida\",\"url\":\"https:\\\/\\\/eldigitaldeasturias.com\\\/magazine365\\\/\",\"logo\":{\"@type\":\"ImageObject\",\"url\":\"https:\\\/\\\/www.eldigitaldeasturias.com\\\/noticias\\\/wp-content\\\/uploads\\\/2020\\\/12\\\/EDA.jpg\",\"@id\":\"https:\\\/\\\/eldigitaldeasturias.com\\\/magazine365\\\/un-abogado-un-guardia-civil-dos-medicos-los-hijos-del-sabroson\\\/#organizationLogo\"},\"image\":{\"@id\":\"https:\\\/\\\/eldigitaldeasturias.com\\\/magazine365\\\/un-abogado-un-guardia-civil-dos-medicos-los-hijos-del-sabroson\\\/#organizationLogo\"}},{\"@type\":\"Person\",\"@id\":\"https:\\\/\\\/eldigitaldeasturias.com\\\/magazine365\\\/author\\\/admin\\\/#author\",\"url\":\"https:\\\/\\\/eldigitaldeasturias.com\\\/magazine365\\\/author\\\/admin\\\/\",\"name\":\"admin\",\"image\":{\"@type\":\"ImageObject\",\"@id\":\"https:\\\/\\\/eldigitaldeasturias.com\\\/magazine365\\\/un-abogado-un-guardia-civil-dos-medicos-los-hijos-del-sabroson\\\/#authorImage\",\"url\":\"https:\\\/\\\/eldigitaldeasturias.com\\\/magazine365\\\/wp-content\\\/litespeed\\\/avatar\\\/e571bcf59a0edd6fa6838245a470f2fe.jpg?ver=1776969259\",\"width\":96,\"height\":96,\"caption\":\"admin\"}},{\"@type\":\"WebPage\",\"@id\":\"https:\\\/\\\/eldigitaldeasturias.com\\\/magazine365\\\/un-abogado-un-guardia-civil-dos-medicos-los-hijos-del-sabroson\\\/#webpage\",\"url\":\"https:\\\/\\\/eldigitaldeasturias.com\\\/magazine365\\\/un-abogado-un-guardia-civil-dos-medicos-los-hijos-del-sabroson\\\/\",\"name\":\"Un abogado, un guardia civil, dos m\\u00e9dicos\\u2026 \\u00abLos Hijos del Sabros\\u00f3n\\u00bb | El Digital de Asturias\",\"description\":\"Alicante, 18 may (EFE).- Lo que la m\\u00fasica une, que no lo separe el hombre... y mucho menos sus profesiones. Esta ser\\u00eda la tarjeta de presentaci\\u00f3n de un grupo alicantino de m\\u00fasicos aficionados en el que pla\\u00f1en y cantan un guardia civil, un abogado, un par de m\\u00e9dicos, otros tantos consultores y varios docentes, entre\",\"inLanguage\":\"es-ES\",\"isPartOf\":{\"@id\":\"https:\\\/\\\/eldigitaldeasturias.com\\\/magazine365\\\/#website\"},\"breadcrumb\":{\"@id\":\"https:\\\/\\\/eldigitaldeasturias.com\\\/magazine365\\\/un-abogado-un-guardia-civil-dos-medicos-los-hijos-del-sabroson\\\/#breadcrumblist\"},\"author\":{\"@id\":\"https:\\\/\\\/eldigitaldeasturias.com\\\/magazine365\\\/author\\\/admin\\\/#author\"},\"creator\":{\"@id\":\"https:\\\/\\\/eldigitaldeasturias.com\\\/magazine365\\\/author\\\/admin\\\/#author\"},\"image\":{\"@type\":\"ImageObject\",\"url\":\"https:\\\/\\\/eldigitaldeasturias.com\\\/magazine365\\\/wp-content\\\/uploads\\\/2014\\\/05\\\/6272320w.jpg\",\"@id\":\"https:\\\/\\\/eldigitaldeasturias.com\\\/magazine365\\\/un-abogado-un-guardia-civil-dos-medicos-los-hijos-del-sabroson\\\/#mainImage\",\"width\":800,\"height\":553},\"primaryImageOfPage\":{\"@id\":\"https:\\\/\\\/eldigitaldeasturias.com\\\/magazine365\\\/un-abogado-un-guardia-civil-dos-medicos-los-hijos-del-sabroson\\\/#mainImage\"},\"datePublished\":\"2014-05-18T19:43:49+02:00\",\"dateModified\":\"2014-05-18T19:43:49+02:00\"},{\"@type\":\"WebSite\",\"@id\":\"https:\\\/\\\/eldigitaldeasturias.com\\\/magazine365\\\/#website\",\"url\":\"https:\\\/\\\/eldigitaldeasturias.com\\\/magazine365\\\/\",\"name\":\"El Digital de Asturias\",\"description\":\"Revista de ocio, turismo y estilo de vida\",\"inLanguage\":\"es-ES\",\"publisher\":{\"@id\":\"https:\\\/\\\/eldigitaldeasturias.com\\\/magazine365\\\/#organization\"}}]}\n\t\t<\/script>\n\t\t<!-- All in One SEO Pro -->\r\n\t\t<title>Un abogado, un guardia civil, dos m\u00e9dicos\u2026 \u00abLos Hijos del Sabros\u00f3n\u00bb | El Digital de Asturias<\/title>\n\n","aioseo_head_json":{"title":"Un abogado, un guardia civil, dos m\u00e9dicos\u2026 \u00abLos Hijos del Sabros\u00f3n\u00bb | El Digital de Asturias","description":"Alicante, 18 may (EFE).- Lo que la m\u00fasica une, que no lo separe el hombre... y mucho menos sus profesiones. Esta ser\u00eda la tarjeta de presentaci\u00f3n de un grupo alicantino de m\u00fasicos aficionados en el que pla\u00f1en y cantan un guardia civil, un abogado, un par de m\u00e9dicos, otros tantos consultores y varios docentes, entre","canonical_url":"https:\/\/eldigitaldeasturias.com\/magazine365\/un-abogado-un-guardia-civil-dos-medicos-los-hijos-del-sabroson\/","robots":"max-image-preview:large","keywords":"noticias y actualidad","webmasterTools":{"google-site-verification":"UA-38556648-1","miscellaneous":""},"schema":{"@context":"https:\/\/schema.org","@graph":[{"@type":"Article","@id":"https:\/\/eldigitaldeasturias.com\/magazine365\/un-abogado-un-guardia-civil-dos-medicos-los-hijos-del-sabroson\/#article","name":"Un abogado, un guardia civil, dos m\u00e9dicos\u2026 \u00abLos Hijos del Sabros\u00f3n\u00bb | El Digital de Asturias","headline":"Un abogado, un guardia civil, dos m\u00e9dicos&#8230; \u00abLos Hijos del Sabros\u00f3n\u00bb","author":{"@id":"https:\/\/eldigitaldeasturias.com\/magazine365\/author\/admin\/#author"},"publisher":{"@id":"https:\/\/eldigitaldeasturias.com\/magazine365\/#organization"},"image":{"@type":"ImageObject","url":"https:\/\/eldigitaldeasturias.com\/magazine365\/wp-content\/uploads\/2014\/05\/6272320w.jpg","width":800,"height":553},"datePublished":"2014-05-18T19:43:49+02:00","dateModified":"2014-05-18T19:43:49+02:00","inLanguage":"es-ES","mainEntityOfPage":{"@id":"https:\/\/eldigitaldeasturias.com\/magazine365\/un-abogado-un-guardia-civil-dos-medicos-los-hijos-del-sabroson\/#webpage"},"isPartOf":{"@id":"https:\/\/eldigitaldeasturias.com\/magazine365\/un-abogado-un-guardia-civil-dos-medicos-los-hijos-del-sabroson\/#webpage"},"articleSection":"Noticias y Actualidad"},{"@type":"BreadcrumbList","@id":"https:\/\/eldigitaldeasturias.com\/magazine365\/un-abogado-un-guardia-civil-dos-medicos-los-hijos-del-sabroson\/#breadcrumblist","itemListElement":[{"@type":"ListItem","@id":"https:\/\/eldigitaldeasturias.com\/magazine365#listItem","position":1,"name":"Home","item":"https:\/\/eldigitaldeasturias.com\/magazine365","nextItem":{"@type":"ListItem","@id":"https:\/\/eldigitaldeasturias.com\/magazine365\/category\/noticias-actualidad\/#listItem","name":"Noticias y Actualidad"}},{"@type":"ListItem","@id":"https:\/\/eldigitaldeasturias.com\/magazine365\/category\/noticias-actualidad\/#listItem","position":2,"name":"Noticias y Actualidad","item":"https:\/\/eldigitaldeasturias.com\/magazine365\/category\/noticias-actualidad\/","nextItem":{"@type":"ListItem","@id":"https:\/\/eldigitaldeasturias.com\/magazine365\/un-abogado-un-guardia-civil-dos-medicos-los-hijos-del-sabroson\/#listItem","name":"Un abogado, un guardia civil, dos m\u00e9dicos&#8230; \u00abLos Hijos del Sabros\u00f3n\u00bb"},"previousItem":{"@type":"ListItem","@id":"https:\/\/eldigitaldeasturias.com\/magazine365#listItem","name":"Home"}},{"@type":"ListItem","@id":"https:\/\/eldigitaldeasturias.com\/magazine365\/un-abogado-un-guardia-civil-dos-medicos-los-hijos-del-sabroson\/#listItem","position":3,"name":"Un abogado, un guardia civil, dos m\u00e9dicos&#8230; \u00abLos Hijos del Sabros\u00f3n\u00bb","previousItem":{"@type":"ListItem","@id":"https:\/\/eldigitaldeasturias.com\/magazine365\/category\/noticias-actualidad\/#listItem","name":"Noticias y Actualidad"}}]},{"@type":"Organization","@id":"https:\/\/eldigitaldeasturias.com\/magazine365\/#organization","name":"El digital de Asturias","description":"Revista de ocio, turismo y estilo de vida","url":"https:\/\/eldigitaldeasturias.com\/magazine365\/","logo":{"@type":"ImageObject","url":"https:\/\/www.eldigitaldeasturias.com\/noticias\/wp-content\/uploads\/2020\/12\/EDA.jpg","@id":"https:\/\/eldigitaldeasturias.com\/magazine365\/un-abogado-un-guardia-civil-dos-medicos-los-hijos-del-sabroson\/#organizationLogo"},"image":{"@id":"https:\/\/eldigitaldeasturias.com\/magazine365\/un-abogado-un-guardia-civil-dos-medicos-los-hijos-del-sabroson\/#organizationLogo"}},{"@type":"Person","@id":"https:\/\/eldigitaldeasturias.com\/magazine365\/author\/admin\/#author","url":"https:\/\/eldigitaldeasturias.com\/magazine365\/author\/admin\/","name":"admin","image":{"@type":"ImageObject","@id":"https:\/\/eldigitaldeasturias.com\/magazine365\/un-abogado-un-guardia-civil-dos-medicos-los-hijos-del-sabroson\/#authorImage","url":"https:\/\/eldigitaldeasturias.com\/magazine365\/wp-content\/litespeed\/avatar\/e571bcf59a0edd6fa6838245a470f2fe.jpg?ver=1776969259","width":96,"height":96,"caption":"admin"}},{"@type":"WebPage","@id":"https:\/\/eldigitaldeasturias.com\/magazine365\/un-abogado-un-guardia-civil-dos-medicos-los-hijos-del-sabroson\/#webpage","url":"https:\/\/eldigitaldeasturias.com\/magazine365\/un-abogado-un-guardia-civil-dos-medicos-los-hijos-del-sabroson\/","name":"Un abogado, un guardia civil, dos m\u00e9dicos\u2026 \u00abLos Hijos del Sabros\u00f3n\u00bb | El Digital de Asturias","description":"Alicante, 18 may (EFE).- Lo que la m\u00fasica une, que no lo separe el hombre... y mucho menos sus profesiones. Esta ser\u00eda la tarjeta de presentaci\u00f3n de un grupo alicantino de m\u00fasicos aficionados en el que pla\u00f1en y cantan un guardia civil, un abogado, un par de m\u00e9dicos, otros tantos consultores y varios docentes, entre","inLanguage":"es-ES","isPartOf":{"@id":"https:\/\/eldigitaldeasturias.com\/magazine365\/#website"},"breadcrumb":{"@id":"https:\/\/eldigitaldeasturias.com\/magazine365\/un-abogado-un-guardia-civil-dos-medicos-los-hijos-del-sabroson\/#breadcrumblist"},"author":{"@id":"https:\/\/eldigitaldeasturias.com\/magazine365\/author\/admin\/#author"},"creator":{"@id":"https:\/\/eldigitaldeasturias.com\/magazine365\/author\/admin\/#author"},"image":{"@type":"ImageObject","url":"https:\/\/eldigitaldeasturias.com\/magazine365\/wp-content\/uploads\/2014\/05\/6272320w.jpg","@id":"https:\/\/eldigitaldeasturias.com\/magazine365\/un-abogado-un-guardia-civil-dos-medicos-los-hijos-del-sabroson\/#mainImage","width":800,"height":553},"primaryImageOfPage":{"@id":"https:\/\/eldigitaldeasturias.com\/magazine365\/un-abogado-un-guardia-civil-dos-medicos-los-hijos-del-sabroson\/#mainImage"},"datePublished":"2014-05-18T19:43:49+02:00","dateModified":"2014-05-18T19:43:49+02:00"},{"@type":"WebSite","@id":"https:\/\/eldigitaldeasturias.com\/magazine365\/#website","url":"https:\/\/eldigitaldeasturias.com\/magazine365\/","name":"El Digital de Asturias","description":"Revista de ocio, turismo y estilo de vida","inLanguage":"es-ES","publisher":{"@id":"https:\/\/eldigitaldeasturias.com\/magazine365\/#organization"}}]},"og:locale":"es_ES","og:site_name":"El Digital de Asturias \u2013 Revista de ocio, turismo y estilo de vida","og:type":"article","og:title":"Un abogado, un guardia civil, dos m\u00e9dicos\u2026 \u00abLos Hijos del Sabros\u00f3n\u00bb | El Digital de Asturias","og:description":"Alicante, 18 may (EFE).- Lo que la m\u00fasica une, que no lo separe el hombre... y mucho menos sus profesiones. Esta ser\u00eda la tarjeta de presentaci\u00f3n de un grupo alicantino de m\u00fasicos aficionados en el que pla\u00f1en y cantan un guardia civil, un abogado, un par de m\u00e9dicos, otros tantos consultores y varios docentes, entre","og:url":"https:\/\/eldigitaldeasturias.com\/magazine365\/un-abogado-un-guardia-civil-dos-medicos-los-hijos-del-sabroson\/","og:image":"https:\/\/eldigitaldeasturias.com\/magazine365\/wp-content\/uploads\/2014\/05\/6272320w.jpg","og:image:secure_url":"https:\/\/eldigitaldeasturias.com\/magazine365\/wp-content\/uploads\/2014\/05\/6272320w.jpg","og:image:width":800,"og:image:height":553,"article:published_time":"2014-05-18T21:43:49+00:00","article:modified_time":"2014-05-18T21:43:49+00:00","twitter:card":"summary_large_image","twitter:title":"Un abogado, un guardia civil, dos m\u00e9dicos\u2026 \u00abLos Hijos del Sabros\u00f3n\u00bb | El Digital de Asturias","twitter:description":"Alicante, 18 may (EFE).- Lo que la m\u00fasica une, que no lo separe el hombre... y mucho menos sus profesiones. Esta ser\u00eda la tarjeta de presentaci\u00f3n de un grupo alicantino de m\u00fasicos aficionados en el que pla\u00f1en y cantan un guardia civil, un abogado, un par de m\u00e9dicos, otros tantos consultores y varios docentes, entre","twitter:image":"https:\/\/eldigitaldeasturias.com\/magazine365\/wp-content\/uploads\/2014\/05\/6272320w.jpg"},"aioseo_meta_data":{"post_id":"13141","title":null,"description":null,"keywords":null,"keyphrases":null,"primary_term":null,"canonical_url":null,"og_title":null,"og_description":null,"og_object_type":"default","og_image_type":"default","og_image_url":null,"og_image_width":null,"og_image_height":null,"og_image_custom_url":null,"og_image_custom_fields":null,"og_video":null,"og_custom_url":null,"og_article_section":null,"og_article_tags":null,"twitter_use_og":false,"twitter_card":"default","twitter_image_type":"default","twitter_image_url":null,"twitter_image_custom_url":null,"twitter_image_custom_fields":null,"twitter_title":null,"twitter_description":null,"schema":{"blockGraphs":[],"customGraphs":[],"default":{"data":{"Article":[],"Course":[],"Dataset":[],"FAQPage":[],"Movie":[],"Person":[],"Product":[],"ProductReview":[],"Car":[],"Recipe":[],"Service":[],"SoftwareApplication":[],"WebPage":[]},"graphName":"","isEnabled":true},"graphs":[],"defaultGraph":"","defaultPostTypeGraph":""},"schema_type":null,"schema_type_options":null,"pillar_content":false,"robots_default":true,"robots_noindex":false,"robots_noarchive":false,"robots_nosnippet":false,"robots_nofollow":false,"robots_noimageindex":false,"robots_noodp":false,"robots_notranslate":false,"robots_max_snippet":null,"robots_max_videopreview":null,"robots_max_imagepreview":"large","priority":null,"frequency":null,"location":null,"local_seo":null,"seo_analyzer_scan_date":"2025-09-17 07:40:28","breadcrumb_settings":null,"limit_modified_date":false,"open_ai":null,"ai":null,"created":"2021-03-09 08:31:40","updated":"2025-09-17 07:40:28"},"aioseo_breadcrumb":"<div class=\"aioseo-breadcrumbs\"><span class=\"aioseo-breadcrumb\">\n\t<a href=\"https:\/\/eldigitaldeasturias.com\/magazine365\" title=\"Home\">Home<\/a>\n<\/span><span class=\"aioseo-breadcrumb-separator\">\u2013<\/span><span class=\"aioseo-breadcrumb\">\n\t<a href=\"https:\/\/eldigitaldeasturias.com\/magazine365\/category\/noticias-actualidad\/\" title=\"Noticias y Actualidad\">Noticias y Actualidad<\/a>\n<\/span><span class=\"aioseo-breadcrumb-separator\">\u2013<\/span><span class=\"aioseo-breadcrumb\">\n\t<a href=\"https:\/\/eldigitaldeasturias.com\/magazine365\/un-abogado-un-guardia-civil-dos-medicos-los-hijos-del-sabroson\/\" title=\"Un abogado, un guardia civil, dos m\u00e9dicos\u2026 \u00abLos Hijos del Sabros\u00f3n\u00bb\">Un abogado, un guardia civil, dos m\u00e9dicos\u2026 \u00abLos Hijos del Sabros\u00f3n\u00bb<\/a>\n<\/span><\/div>","aioseo_breadcrumb_json":[{"label":"Home","link":"https:\/\/eldigitaldeasturias.com\/magazine365"},{"label":"Noticias y Actualidad","link":"https:\/\/eldigitaldeasturias.com\/magazine365\/category\/noticias-actualidad\/"},{"label":"Un abogado, un guardia civil, dos m\u00e9dicos&#8230; \u00abLos Hijos del Sabros\u00f3n\u00bb","link":"https:\/\/eldigitaldeasturias.com\/magazine365\/un-abogado-un-guardia-civil-dos-medicos-los-hijos-del-sabroson\/"}],"_links":{"self":[{"href":"https:\/\/eldigitaldeasturias.com\/magazine365\/wp-json\/wp\/v2\/posts\/13141","targetHints":{"allow":["GET"]}}],"collection":[{"href":"https:\/\/eldigitaldeasturias.com\/magazine365\/wp-json\/wp\/v2\/posts"}],"about":[{"href":"https:\/\/eldigitaldeasturias.com\/magazine365\/wp-json\/wp\/v2\/types\/post"}],"author":[{"embeddable":true,"href":"https:\/\/eldigitaldeasturias.com\/magazine365\/wp-json\/wp\/v2\/users\/1"}],"replies":[{"embeddable":true,"href":"https:\/\/eldigitaldeasturias.com\/magazine365\/wp-json\/wp\/v2\/comments?post=13141"}],"version-history":[{"count":0,"href":"https:\/\/eldigitaldeasturias.com\/magazine365\/wp-json\/wp\/v2\/posts\/13141\/revisions"}],"wp:featuredmedia":[{"embeddable":true,"href":"https:\/\/eldigitaldeasturias.com\/magazine365\/wp-json\/wp\/v2\/media\/13142"}],"wp:attachment":[{"href":"https:\/\/eldigitaldeasturias.com\/magazine365\/wp-json\/wp\/v2\/media?parent=13141"}],"wp:term":[{"taxonomy":"category","embeddable":true,"href":"https:\/\/eldigitaldeasturias.com\/magazine365\/wp-json\/wp\/v2\/categories?post=13141"},{"taxonomy":"post_tag","embeddable":true,"href":"https:\/\/eldigitaldeasturias.com\/magazine365\/wp-json\/wp\/v2\/tags?post=13141"}],"curies":[{"name":"wp","href":"https:\/\/api.w.org\/{rel}","templated":true}]}}