{"id":13138,"date":"2014-05-18T19:42:40","date_gmt":"2014-05-18T21:42:40","guid":{"rendered":"http:\/\/eldigitaldeasturias.com\/magazine365\/?p=13138"},"modified":"2014-05-18T19:42:40","modified_gmt":"2014-05-18T21:42:40","slug":"enrique-de-inglaterra-visita-italia-para-conmemorar-a-los-caidos-de-montecassino","status":"publish","type":"post","link":"https:\/\/eldigitaldeasturias.com\/magazine365\/enrique-de-inglaterra-visita-italia-para-conmemorar-a-los-caidos-de-montecassino\/","title":{"rendered":"Enrique de Inglaterra visita Italia para conmemorar a los ca\u00eddos de Montecassino"},"content":{"rendered":"<p><img fetchpriority=\"high\" decoding=\"async\" class=\"alignleft size-medium wp-image-13139\" alt=\"6272280w\" src=\"https:\/\/eldigitaldeasturias.com\/magazine365\/wp-content\/uploads\/2014\/05\/6272280w-360x240.jpg\" width=\"360\" height=\"240\" srcset=\"https:\/\/eldigitaldeasturias.com\/magazine365\/wp-content\/uploads\/2014\/05\/6272280w-360x240.jpg 360w, https:\/\/eldigitaldeasturias.com\/magazine365\/wp-content\/uploads\/2014\/05\/6272280w-650x434.jpg 650w, https:\/\/eldigitaldeasturias.com\/magazine365\/wp-content\/uploads\/2014\/05\/6272280w-768x513.jpg 768w, https:\/\/eldigitaldeasturias.com\/magazine365\/wp-content\/uploads\/2014\/05\/6272280w-150x100.jpg 150w, https:\/\/eldigitaldeasturias.com\/magazine365\/wp-content\/uploads\/2014\/05\/6272280w-450x300.jpg 450w, https:\/\/eldigitaldeasturias.com\/magazine365\/wp-content\/uploads\/2014\/05\/6272280w-696x465.jpg 696w, https:\/\/eldigitaldeasturias.com\/magazine365\/wp-content\/uploads\/2014\/05\/6272280w-629x420.jpg 629w, https:\/\/eldigitaldeasturias.com\/magazine365\/wp-content\/uploads\/2014\/05\/6272280w-84x55.jpg 84w, https:\/\/eldigitaldeasturias.com\/magazine365\/wp-content\/uploads\/2014\/05\/6272280w.jpg 800w\" sizes=\"(max-width: 360px) 100vw, 360px\" \/>Roma, 18 may (EFE).- El pr\u00edncipe Enrique de Inglaterra asisti\u00f3 hoy al sur de la capital italiana a la ceremonia de conmemoraci\u00f3n del 70 aniversario de la batalla de Montecassino, que fue clave para la toma aliada de Roma durante la II Guerra Mundial.<\/p>\n<p>Enrique lleg\u00f3 a \u00faltima hora de la tarde de ayer a Roma para asistir al homenaje, al que acudi\u00f3 en representaci\u00f3n de su abuela paterna, la reina Isabel II quien el pasado 3 de abril a su vez visit\u00f3 Italia para entrevistarse con el presidente de la Rep\u00fablica, Giorgio Napolitano, y con el papa Francisco.<\/p>\n<p>El pr\u00edncipe particip\u00f3 hoy en la ceremonia que recuerda las cuatro batallas de Montecassino en las que resultaron vencedoras las tropas Aliadas.<\/p>\n<p>Cassino es una localidad italiana a 130 kil\u00f3metros aproximadamente al sur de la capital y en 1944 fue el escenario de cuatro batallas entre las tropas fascistas y los Aliados para romper la f\u00e9rrea l\u00ednea Gustav y facilitar as\u00ed el paso a Roma, esencial en el desenlace de la guerra.<\/p>\n<p>El pr\u00edncipe de Gales lleg\u00f3 a Cassino en torno a las 10.00 hora local (08.00 GMT) ataviado con su uniforme blanco de capit\u00e1n del Ej\u00e9rcito brit\u00e1nico.<\/p>\n<p>All\u00ed visit\u00f3 el cementerio de guerra polaco, acompa\u00f1ado por el primer ministro de Polonia, Donald Tusk.<\/p>\n<p>Despu\u00e9s de asistir a una misa, deposit\u00f3 una corona de flores en el Sagrario militar en nombre de la reina Isabel II y conoci\u00f3 a algunos supervivientes de la batalla y veteranos de guerra.<\/p>\n<p>Acto seguido, el hijo menor del pr\u00edncipe Carlos y de Diana de Gales visit\u00f3 la bas\u00edlica benedictina de Montecassino, destruida por los bombardeos durante la guerra y actualmente restaurada.<\/p>\n<p>Tras su visita al municipio, Enrique regres\u00f3 a Roma donde esta tarde asistir\u00e1, en el Museo de Arte Contempor\u00e1neo de la capital, el MAXXI, a la presentaci\u00f3n del pabell\u00f3n de Reino Unido en la Exposici\u00f3n Universal de Mil\u00e1n (norte de Italia) del pr\u00f3ximo a\u00f1o.<\/p>\n<p>El viaje a Italia del cuarto en la l\u00ednea de sucesi\u00f3n al trono brit\u00e1nico est\u00e1 previsto que finalice esta misma tarde.<\/p>\n","protected":false},"excerpt":{"rendered":"<p>Roma, 18 may (EFE).- El pr\u00edncipe Enrique de Inglaterra asisti\u00f3 hoy al sur de la capital italiana a la ceremonia de conmemoraci\u00f3n del 70 aniversario de la batalla de Montecassino, que fue clave para la toma aliada de Roma durante la II Guerra Mundial. Enrique lleg\u00f3 a \u00faltima hora de la tarde de ayer a<\/p>\n","protected":false},"author":1,"featured_media":13139,"comment_status":"open","ping_status":"closed","sticky":false,"template":"","format":"standard","meta":{"footnotes":""},"categories":[224],"tags":[],"class_list":{"0":"post-13138","1":"post","2":"type-post","3":"status-publish","4":"format-standard","5":"has-post-thumbnail","7":"category-noticias-actualidad"},"aioseo_notices":[],"aioseo_head":"\n\t\t<!-- All in One SEO Pro 4.9.6.1 - aioseo.com -->\n\t<meta name=\"description\" content=\"Roma, 18 may (EFE).- El pr\u00edncipe Enrique de Inglaterra asisti\u00f3 hoy al sur de la capital italiana a la ceremonia de conmemoraci\u00f3n del 70 aniversario de la batalla de Montecassino, que fue clave para la toma aliada de Roma durante la II Guerra Mundial. Enrique lleg\u00f3 a \u00faltima hora de la tarde de ayer a\" \/>\n\t<meta name=\"robots\" content=\"max-image-preview:large\" \/>\n\t<meta name=\"author\" content=\"admin\"\/>\n\t<meta name=\"google-site-verification\" content=\"UA-38556648-1\" \/>\n\t<meta name=\"keywords\" content=\"noticias y actualidad\" \/>\n\t<link rel=\"canonical\" href=\"https:\/\/eldigitaldeasturias.com\/magazine365\/enrique-de-inglaterra-visita-italia-para-conmemorar-a-los-caidos-de-montecassino\/\" \/>\n\t<meta name=\"generator\" content=\"All in One SEO Pro (AIOSEO) 4.9.6.1\" \/>\n\t\t<meta property=\"og:locale\" content=\"es_ES\" \/>\n\t\t<meta property=\"og:site_name\" content=\"El Digital de Asturias \u2013 Revista de ocio, turismo y estilo de vida\" \/>\n\t\t<meta property=\"og:type\" content=\"article\" \/>\n\t\t<meta property=\"og:title\" content=\"Enrique de Inglaterra visita Italia para conmemorar a los ca\u00eddos de Montecassino | El Digital de Asturias\" \/>\n\t\t<meta property=\"og:description\" content=\"Roma, 18 may (EFE).- El pr\u00edncipe Enrique de Inglaterra asisti\u00f3 hoy al sur de la capital italiana a la ceremonia de conmemoraci\u00f3n del 70 aniversario de la batalla de Montecassino, que fue clave para la toma aliada de Roma durante la II Guerra Mundial. Enrique lleg\u00f3 a \u00faltima hora de la tarde de ayer a\" \/>\n\t\t<meta property=\"og:url\" content=\"https:\/\/eldigitaldeasturias.com\/magazine365\/enrique-de-inglaterra-visita-italia-para-conmemorar-a-los-caidos-de-montecassino\/\" \/>\n\t\t<meta property=\"og:image\" content=\"https:\/\/eldigitaldeasturias.com\/magazine365\/wp-content\/uploads\/2014\/05\/6272280w.jpg\" \/>\n\t\t<meta property=\"og:image:secure_url\" content=\"https:\/\/eldigitaldeasturias.com\/magazine365\/wp-content\/uploads\/2014\/05\/6272280w.jpg\" \/>\n\t\t<meta property=\"og:image:width\" content=\"800\" \/>\n\t\t<meta property=\"og:image:height\" content=\"534\" \/>\n\t\t<meta property=\"article:published_time\" content=\"2014-05-18T21:42:40+00:00\" \/>\n\t\t<meta property=\"article:modified_time\" content=\"2014-05-18T21:42:40+00:00\" \/>\n\t\t<meta name=\"twitter:card\" content=\"summary_large_image\" \/>\n\t\t<meta name=\"twitter:title\" content=\"Enrique de Inglaterra visita Italia para conmemorar a los ca\u00eddos de Montecassino | El Digital de Asturias\" \/>\n\t\t<meta name=\"twitter:description\" content=\"Roma, 18 may (EFE).- El pr\u00edncipe Enrique de Inglaterra asisti\u00f3 hoy al sur de la capital italiana a la ceremonia de conmemoraci\u00f3n del 70 aniversario de la batalla de Montecassino, que fue clave para la toma aliada de Roma durante la II Guerra Mundial. Enrique lleg\u00f3 a \u00faltima hora de la tarde de ayer a\" \/>\n\t\t<meta name=\"twitter:image\" content=\"https:\/\/eldigitaldeasturias.com\/magazine365\/wp-content\/uploads\/2014\/05\/6272280w.jpg\" \/>\n\t\t<script type=\"application\/ld+json\" class=\"aioseo-schema\">\n\t\t\t{\"@context\":\"https:\\\/\\\/schema.org\",\"@graph\":[{\"@type\":\"Article\",\"@id\":\"https:\\\/\\\/eldigitaldeasturias.com\\\/magazine365\\\/enrique-de-inglaterra-visita-italia-para-conmemorar-a-los-caidos-de-montecassino\\\/#article\",\"name\":\"Enrique de Inglaterra visita Italia para conmemorar a los ca\\u00eddos de Montecassino | El Digital de Asturias\",\"headline\":\"Enrique de Inglaterra visita Italia para conmemorar a los ca\\u00eddos de Montecassino\",\"author\":{\"@id\":\"https:\\\/\\\/eldigitaldeasturias.com\\\/magazine365\\\/author\\\/admin\\\/#author\"},\"publisher\":{\"@id\":\"https:\\\/\\\/eldigitaldeasturias.com\\\/magazine365\\\/#organization\"},\"image\":{\"@type\":\"ImageObject\",\"url\":\"https:\\\/\\\/eldigitaldeasturias.com\\\/magazine365\\\/wp-content\\\/uploads\\\/2014\\\/05\\\/6272280w.jpg\",\"width\":800,\"height\":534},\"datePublished\":\"2014-05-18T19:42:40+02:00\",\"dateModified\":\"2014-05-18T19:42:40+02:00\",\"inLanguage\":\"es-ES\",\"mainEntityOfPage\":{\"@id\":\"https:\\\/\\\/eldigitaldeasturias.com\\\/magazine365\\\/enrique-de-inglaterra-visita-italia-para-conmemorar-a-los-caidos-de-montecassino\\\/#webpage\"},\"isPartOf\":{\"@id\":\"https:\\\/\\\/eldigitaldeasturias.com\\\/magazine365\\\/enrique-de-inglaterra-visita-italia-para-conmemorar-a-los-caidos-de-montecassino\\\/#webpage\"},\"articleSection\":\"Noticias y Actualidad\"},{\"@type\":\"BreadcrumbList\",\"@id\":\"https:\\\/\\\/eldigitaldeasturias.com\\\/magazine365\\\/enrique-de-inglaterra-visita-italia-para-conmemorar-a-los-caidos-de-montecassino\\\/#breadcrumblist\",\"itemListElement\":[{\"@type\":\"ListItem\",\"@id\":\"https:\\\/\\\/eldigitaldeasturias.com\\\/magazine365#listItem\",\"position\":1,\"name\":\"Home\",\"item\":\"https:\\\/\\\/eldigitaldeasturias.com\\\/magazine365\",\"nextItem\":{\"@type\":\"ListItem\",\"@id\":\"https:\\\/\\\/eldigitaldeasturias.com\\\/magazine365\\\/category\\\/noticias-actualidad\\\/#listItem\",\"name\":\"Noticias y Actualidad\"}},{\"@type\":\"ListItem\",\"@id\":\"https:\\\/\\\/eldigitaldeasturias.com\\\/magazine365\\\/category\\\/noticias-actualidad\\\/#listItem\",\"position\":2,\"name\":\"Noticias y Actualidad\",\"item\":\"https:\\\/\\\/eldigitaldeasturias.com\\\/magazine365\\\/category\\\/noticias-actualidad\\\/\",\"nextItem\":{\"@type\":\"ListItem\",\"@id\":\"https:\\\/\\\/eldigitaldeasturias.com\\\/magazine365\\\/enrique-de-inglaterra-visita-italia-para-conmemorar-a-los-caidos-de-montecassino\\\/#listItem\",\"name\":\"Enrique de Inglaterra visita Italia para conmemorar a los ca\\u00eddos de Montecassino\"},\"previousItem\":{\"@type\":\"ListItem\",\"@id\":\"https:\\\/\\\/eldigitaldeasturias.com\\\/magazine365#listItem\",\"name\":\"Home\"}},{\"@type\":\"ListItem\",\"@id\":\"https:\\\/\\\/eldigitaldeasturias.com\\\/magazine365\\\/enrique-de-inglaterra-visita-italia-para-conmemorar-a-los-caidos-de-montecassino\\\/#listItem\",\"position\":3,\"name\":\"Enrique de Inglaterra visita Italia para conmemorar a los ca\\u00eddos de Montecassino\",\"previousItem\":{\"@type\":\"ListItem\",\"@id\":\"https:\\\/\\\/eldigitaldeasturias.com\\\/magazine365\\\/category\\\/noticias-actualidad\\\/#listItem\",\"name\":\"Noticias y Actualidad\"}}]},{\"@type\":\"Organization\",\"@id\":\"https:\\\/\\\/eldigitaldeasturias.com\\\/magazine365\\\/#organization\",\"name\":\"El digital de Asturias\",\"description\":\"Revista de ocio, turismo y estilo de vida\",\"url\":\"https:\\\/\\\/eldigitaldeasturias.com\\\/magazine365\\\/\",\"logo\":{\"@type\":\"ImageObject\",\"url\":\"https:\\\/\\\/www.eldigitaldeasturias.com\\\/noticias\\\/wp-content\\\/uploads\\\/2020\\\/12\\\/EDA.jpg\",\"@id\":\"https:\\\/\\\/eldigitaldeasturias.com\\\/magazine365\\\/enrique-de-inglaterra-visita-italia-para-conmemorar-a-los-caidos-de-montecassino\\\/#organizationLogo\"},\"image\":{\"@id\":\"https:\\\/\\\/eldigitaldeasturias.com\\\/magazine365\\\/enrique-de-inglaterra-visita-italia-para-conmemorar-a-los-caidos-de-montecassino\\\/#organizationLogo\"}},{\"@type\":\"Person\",\"@id\":\"https:\\\/\\\/eldigitaldeasturias.com\\\/magazine365\\\/author\\\/admin\\\/#author\",\"url\":\"https:\\\/\\\/eldigitaldeasturias.com\\\/magazine365\\\/author\\\/admin\\\/\",\"name\":\"admin\",\"image\":{\"@type\":\"ImageObject\",\"@id\":\"https:\\\/\\\/eldigitaldeasturias.com\\\/magazine365\\\/enrique-de-inglaterra-visita-italia-para-conmemorar-a-los-caidos-de-montecassino\\\/#authorImage\",\"url\":\"https:\\\/\\\/eldigitaldeasturias.com\\\/magazine365\\\/wp-content\\\/litespeed\\\/avatar\\\/e571bcf59a0edd6fa6838245a470f2fe.jpg?ver=1776969259\",\"width\":96,\"height\":96,\"caption\":\"admin\"}},{\"@type\":\"WebPage\",\"@id\":\"https:\\\/\\\/eldigitaldeasturias.com\\\/magazine365\\\/enrique-de-inglaterra-visita-italia-para-conmemorar-a-los-caidos-de-montecassino\\\/#webpage\",\"url\":\"https:\\\/\\\/eldigitaldeasturias.com\\\/magazine365\\\/enrique-de-inglaterra-visita-italia-para-conmemorar-a-los-caidos-de-montecassino\\\/\",\"name\":\"Enrique de Inglaterra visita Italia para conmemorar a los ca\\u00eddos de Montecassino | El Digital de Asturias\",\"description\":\"Roma, 18 may (EFE).- El pr\\u00edncipe Enrique de Inglaterra asisti\\u00f3 hoy al sur de la capital italiana a la ceremonia de conmemoraci\\u00f3n del 70 aniversario de la batalla de Montecassino, que fue clave para la toma aliada de Roma durante la II Guerra Mundial. Enrique lleg\\u00f3 a \\u00faltima hora de la tarde de ayer a\",\"inLanguage\":\"es-ES\",\"isPartOf\":{\"@id\":\"https:\\\/\\\/eldigitaldeasturias.com\\\/magazine365\\\/#website\"},\"breadcrumb\":{\"@id\":\"https:\\\/\\\/eldigitaldeasturias.com\\\/magazine365\\\/enrique-de-inglaterra-visita-italia-para-conmemorar-a-los-caidos-de-montecassino\\\/#breadcrumblist\"},\"author\":{\"@id\":\"https:\\\/\\\/eldigitaldeasturias.com\\\/magazine365\\\/author\\\/admin\\\/#author\"},\"creator\":{\"@id\":\"https:\\\/\\\/eldigitaldeasturias.com\\\/magazine365\\\/author\\\/admin\\\/#author\"},\"image\":{\"@type\":\"ImageObject\",\"url\":\"https:\\\/\\\/eldigitaldeasturias.com\\\/magazine365\\\/wp-content\\\/uploads\\\/2014\\\/05\\\/6272280w.jpg\",\"@id\":\"https:\\\/\\\/eldigitaldeasturias.com\\\/magazine365\\\/enrique-de-inglaterra-visita-italia-para-conmemorar-a-los-caidos-de-montecassino\\\/#mainImage\",\"width\":800,\"height\":534},\"primaryImageOfPage\":{\"@id\":\"https:\\\/\\\/eldigitaldeasturias.com\\\/magazine365\\\/enrique-de-inglaterra-visita-italia-para-conmemorar-a-los-caidos-de-montecassino\\\/#mainImage\"},\"datePublished\":\"2014-05-18T19:42:40+02:00\",\"dateModified\":\"2014-05-18T19:42:40+02:00\"},{\"@type\":\"WebSite\",\"@id\":\"https:\\\/\\\/eldigitaldeasturias.com\\\/magazine365\\\/#website\",\"url\":\"https:\\\/\\\/eldigitaldeasturias.com\\\/magazine365\\\/\",\"name\":\"El Digital de Asturias\",\"description\":\"Revista de ocio, turismo y estilo de vida\",\"inLanguage\":\"es-ES\",\"publisher\":{\"@id\":\"https:\\\/\\\/eldigitaldeasturias.com\\\/magazine365\\\/#organization\"}}]}\n\t\t<\/script>\n\t\t<!-- All in One SEO Pro -->\r\n\t\t<title>Enrique de Inglaterra visita Italia para conmemorar a los ca\u00eddos de Montecassino | El Digital de Asturias<\/title>\n\n","aioseo_head_json":{"title":"Enrique de Inglaterra visita Italia para conmemorar a los ca\u00eddos de Montecassino | El Digital de Asturias","description":"Roma, 18 may (EFE).- El pr\u00edncipe Enrique de Inglaterra asisti\u00f3 hoy al sur de la capital italiana a la ceremonia de conmemoraci\u00f3n del 70 aniversario de la batalla de Montecassino, que fue clave para la toma aliada de Roma durante la II Guerra Mundial. Enrique lleg\u00f3 a \u00faltima hora de la tarde de ayer a","canonical_url":"https:\/\/eldigitaldeasturias.com\/magazine365\/enrique-de-inglaterra-visita-italia-para-conmemorar-a-los-caidos-de-montecassino\/","robots":"max-image-preview:large","keywords":"noticias y actualidad","webmasterTools":{"google-site-verification":"UA-38556648-1","miscellaneous":""},"schema":{"@context":"https:\/\/schema.org","@graph":[{"@type":"Article","@id":"https:\/\/eldigitaldeasturias.com\/magazine365\/enrique-de-inglaterra-visita-italia-para-conmemorar-a-los-caidos-de-montecassino\/#article","name":"Enrique de Inglaterra visita Italia para conmemorar a los ca\u00eddos de Montecassino | El Digital de Asturias","headline":"Enrique de Inglaterra visita Italia para conmemorar a los ca\u00eddos de Montecassino","author":{"@id":"https:\/\/eldigitaldeasturias.com\/magazine365\/author\/admin\/#author"},"publisher":{"@id":"https:\/\/eldigitaldeasturias.com\/magazine365\/#organization"},"image":{"@type":"ImageObject","url":"https:\/\/eldigitaldeasturias.com\/magazine365\/wp-content\/uploads\/2014\/05\/6272280w.jpg","width":800,"height":534},"datePublished":"2014-05-18T19:42:40+02:00","dateModified":"2014-05-18T19:42:40+02:00","inLanguage":"es-ES","mainEntityOfPage":{"@id":"https:\/\/eldigitaldeasturias.com\/magazine365\/enrique-de-inglaterra-visita-italia-para-conmemorar-a-los-caidos-de-montecassino\/#webpage"},"isPartOf":{"@id":"https:\/\/eldigitaldeasturias.com\/magazine365\/enrique-de-inglaterra-visita-italia-para-conmemorar-a-los-caidos-de-montecassino\/#webpage"},"articleSection":"Noticias y Actualidad"},{"@type":"BreadcrumbList","@id":"https:\/\/eldigitaldeasturias.com\/magazine365\/enrique-de-inglaterra-visita-italia-para-conmemorar-a-los-caidos-de-montecassino\/#breadcrumblist","itemListElement":[{"@type":"ListItem","@id":"https:\/\/eldigitaldeasturias.com\/magazine365#listItem","position":1,"name":"Home","item":"https:\/\/eldigitaldeasturias.com\/magazine365","nextItem":{"@type":"ListItem","@id":"https:\/\/eldigitaldeasturias.com\/magazine365\/category\/noticias-actualidad\/#listItem","name":"Noticias y Actualidad"}},{"@type":"ListItem","@id":"https:\/\/eldigitaldeasturias.com\/magazine365\/category\/noticias-actualidad\/#listItem","position":2,"name":"Noticias y Actualidad","item":"https:\/\/eldigitaldeasturias.com\/magazine365\/category\/noticias-actualidad\/","nextItem":{"@type":"ListItem","@id":"https:\/\/eldigitaldeasturias.com\/magazine365\/enrique-de-inglaterra-visita-italia-para-conmemorar-a-los-caidos-de-montecassino\/#listItem","name":"Enrique de Inglaterra visita Italia para conmemorar a los ca\u00eddos de Montecassino"},"previousItem":{"@type":"ListItem","@id":"https:\/\/eldigitaldeasturias.com\/magazine365#listItem","name":"Home"}},{"@type":"ListItem","@id":"https:\/\/eldigitaldeasturias.com\/magazine365\/enrique-de-inglaterra-visita-italia-para-conmemorar-a-los-caidos-de-montecassino\/#listItem","position":3,"name":"Enrique de Inglaterra visita Italia para conmemorar a los ca\u00eddos de Montecassino","previousItem":{"@type":"ListItem","@id":"https:\/\/eldigitaldeasturias.com\/magazine365\/category\/noticias-actualidad\/#listItem","name":"Noticias y Actualidad"}}]},{"@type":"Organization","@id":"https:\/\/eldigitaldeasturias.com\/magazine365\/#organization","name":"El digital de Asturias","description":"Revista de ocio, turismo y estilo de vida","url":"https:\/\/eldigitaldeasturias.com\/magazine365\/","logo":{"@type":"ImageObject","url":"https:\/\/www.eldigitaldeasturias.com\/noticias\/wp-content\/uploads\/2020\/12\/EDA.jpg","@id":"https:\/\/eldigitaldeasturias.com\/magazine365\/enrique-de-inglaterra-visita-italia-para-conmemorar-a-los-caidos-de-montecassino\/#organizationLogo"},"image":{"@id":"https:\/\/eldigitaldeasturias.com\/magazine365\/enrique-de-inglaterra-visita-italia-para-conmemorar-a-los-caidos-de-montecassino\/#organizationLogo"}},{"@type":"Person","@id":"https:\/\/eldigitaldeasturias.com\/magazine365\/author\/admin\/#author","url":"https:\/\/eldigitaldeasturias.com\/magazine365\/author\/admin\/","name":"admin","image":{"@type":"ImageObject","@id":"https:\/\/eldigitaldeasturias.com\/magazine365\/enrique-de-inglaterra-visita-italia-para-conmemorar-a-los-caidos-de-montecassino\/#authorImage","url":"https:\/\/eldigitaldeasturias.com\/magazine365\/wp-content\/litespeed\/avatar\/e571bcf59a0edd6fa6838245a470f2fe.jpg?ver=1776969259","width":96,"height":96,"caption":"admin"}},{"@type":"WebPage","@id":"https:\/\/eldigitaldeasturias.com\/magazine365\/enrique-de-inglaterra-visita-italia-para-conmemorar-a-los-caidos-de-montecassino\/#webpage","url":"https:\/\/eldigitaldeasturias.com\/magazine365\/enrique-de-inglaterra-visita-italia-para-conmemorar-a-los-caidos-de-montecassino\/","name":"Enrique de Inglaterra visita Italia para conmemorar a los ca\u00eddos de Montecassino | El Digital de Asturias","description":"Roma, 18 may (EFE).- El pr\u00edncipe Enrique de Inglaterra asisti\u00f3 hoy al sur de la capital italiana a la ceremonia de conmemoraci\u00f3n del 70 aniversario de la batalla de Montecassino, que fue clave para la toma aliada de Roma durante la II Guerra Mundial. Enrique lleg\u00f3 a \u00faltima hora de la tarde de ayer a","inLanguage":"es-ES","isPartOf":{"@id":"https:\/\/eldigitaldeasturias.com\/magazine365\/#website"},"breadcrumb":{"@id":"https:\/\/eldigitaldeasturias.com\/magazine365\/enrique-de-inglaterra-visita-italia-para-conmemorar-a-los-caidos-de-montecassino\/#breadcrumblist"},"author":{"@id":"https:\/\/eldigitaldeasturias.com\/magazine365\/author\/admin\/#author"},"creator":{"@id":"https:\/\/eldigitaldeasturias.com\/magazine365\/author\/admin\/#author"},"image":{"@type":"ImageObject","url":"https:\/\/eldigitaldeasturias.com\/magazine365\/wp-content\/uploads\/2014\/05\/6272280w.jpg","@id":"https:\/\/eldigitaldeasturias.com\/magazine365\/enrique-de-inglaterra-visita-italia-para-conmemorar-a-los-caidos-de-montecassino\/#mainImage","width":800,"height":534},"primaryImageOfPage":{"@id":"https:\/\/eldigitaldeasturias.com\/magazine365\/enrique-de-inglaterra-visita-italia-para-conmemorar-a-los-caidos-de-montecassino\/#mainImage"},"datePublished":"2014-05-18T19:42:40+02:00","dateModified":"2014-05-18T19:42:40+02:00"},{"@type":"WebSite","@id":"https:\/\/eldigitaldeasturias.com\/magazine365\/#website","url":"https:\/\/eldigitaldeasturias.com\/magazine365\/","name":"El Digital de Asturias","description":"Revista de ocio, turismo y estilo de vida","inLanguage":"es-ES","publisher":{"@id":"https:\/\/eldigitaldeasturias.com\/magazine365\/#organization"}}]},"og:locale":"es_ES","og:site_name":"El Digital de Asturias \u2013 Revista de ocio, turismo y estilo de vida","og:type":"article","og:title":"Enrique de Inglaterra visita Italia para conmemorar a los ca\u00eddos de Montecassino | El Digital de Asturias","og:description":"Roma, 18 may (EFE).- El pr\u00edncipe Enrique de Inglaterra asisti\u00f3 hoy al sur de la capital italiana a la ceremonia de conmemoraci\u00f3n del 70 aniversario de la batalla de Montecassino, que fue clave para la toma aliada de Roma durante la II Guerra Mundial. Enrique lleg\u00f3 a \u00faltima hora de la tarde de ayer a","og:url":"https:\/\/eldigitaldeasturias.com\/magazine365\/enrique-de-inglaterra-visita-italia-para-conmemorar-a-los-caidos-de-montecassino\/","og:image":"https:\/\/eldigitaldeasturias.com\/magazine365\/wp-content\/uploads\/2014\/05\/6272280w.jpg","og:image:secure_url":"https:\/\/eldigitaldeasturias.com\/magazine365\/wp-content\/uploads\/2014\/05\/6272280w.jpg","og:image:width":800,"og:image:height":534,"article:published_time":"2014-05-18T21:42:40+00:00","article:modified_time":"2014-05-18T21:42:40+00:00","twitter:card":"summary_large_image","twitter:title":"Enrique de Inglaterra visita Italia para conmemorar a los ca\u00eddos de Montecassino | El Digital de Asturias","twitter:description":"Roma, 18 may (EFE).- El pr\u00edncipe Enrique de Inglaterra asisti\u00f3 hoy al sur de la capital italiana a la ceremonia de conmemoraci\u00f3n del 70 aniversario de la batalla de Montecassino, que fue clave para la toma aliada de Roma durante la II Guerra Mundial. Enrique lleg\u00f3 a \u00faltima hora de la tarde de ayer a","twitter:image":"https:\/\/eldigitaldeasturias.com\/magazine365\/wp-content\/uploads\/2014\/05\/6272280w.jpg"},"aioseo_meta_data":{"post_id":"13138","title":null,"description":null,"keywords":null,"keyphrases":null,"primary_term":null,"canonical_url":null,"og_title":null,"og_description":null,"og_object_type":"default","og_image_type":"default","og_image_url":null,"og_image_width":null,"og_image_height":null,"og_image_custom_url":null,"og_image_custom_fields":null,"og_video":null,"og_custom_url":null,"og_article_section":null,"og_article_tags":null,"twitter_use_og":false,"twitter_card":"default","twitter_image_type":"default","twitter_image_url":null,"twitter_image_custom_url":null,"twitter_image_custom_fields":null,"twitter_title":null,"twitter_description":null,"schema":{"blockGraphs":[],"customGraphs":[],"default":{"data":{"Article":[],"Course":[],"Dataset":[],"FAQPage":[],"Movie":[],"Person":[],"Product":[],"ProductReview":[],"Car":[],"Recipe":[],"Service":[],"SoftwareApplication":[],"WebPage":[]},"graphName":"","isEnabled":true},"graphs":[],"defaultGraph":"","defaultPostTypeGraph":""},"schema_type":null,"schema_type_options":null,"pillar_content":false,"robots_default":true,"robots_noindex":false,"robots_noarchive":false,"robots_nosnippet":false,"robots_nofollow":false,"robots_noimageindex":false,"robots_noodp":false,"robots_notranslate":false,"robots_max_snippet":null,"robots_max_videopreview":null,"robots_max_imagepreview":"large","priority":null,"frequency":null,"location":null,"local_seo":null,"seo_analyzer_scan_date":"2025-09-17 07:40:27","breadcrumb_settings":null,"limit_modified_date":false,"open_ai":null,"ai":null,"created":"2021-03-09 08:31:40","updated":"2025-09-17 07:40:27"},"aioseo_breadcrumb":"<div class=\"aioseo-breadcrumbs\"><span class=\"aioseo-breadcrumb\">\n\t<a href=\"https:\/\/eldigitaldeasturias.com\/magazine365\" title=\"Home\">Home<\/a>\n<\/span><span class=\"aioseo-breadcrumb-separator\">\u2013<\/span><span class=\"aioseo-breadcrumb\">\n\t<a href=\"https:\/\/eldigitaldeasturias.com\/magazine365\/category\/noticias-actualidad\/\" title=\"Noticias y Actualidad\">Noticias y Actualidad<\/a>\n<\/span><span class=\"aioseo-breadcrumb-separator\">\u2013<\/span><span class=\"aioseo-breadcrumb\">\n\t<a href=\"https:\/\/eldigitaldeasturias.com\/magazine365\/enrique-de-inglaterra-visita-italia-para-conmemorar-a-los-caidos-de-montecassino\/\" title=\"Enrique de Inglaterra visita Italia para conmemorar a los ca\u00eddos de Montecassino\">Enrique de Inglaterra visita Italia para conmemorar a los ca\u00eddos de Montecassino<\/a>\n<\/span><\/div>","aioseo_breadcrumb_json":[{"label":"Home","link":"https:\/\/eldigitaldeasturias.com\/magazine365"},{"label":"Noticias y Actualidad","link":"https:\/\/eldigitaldeasturias.com\/magazine365\/category\/noticias-actualidad\/"},{"label":"Enrique de Inglaterra visita Italia para conmemorar a los ca\u00eddos de Montecassino","link":"https:\/\/eldigitaldeasturias.com\/magazine365\/enrique-de-inglaterra-visita-italia-para-conmemorar-a-los-caidos-de-montecassino\/"}],"_links":{"self":[{"href":"https:\/\/eldigitaldeasturias.com\/magazine365\/wp-json\/wp\/v2\/posts\/13138","targetHints":{"allow":["GET"]}}],"collection":[{"href":"https:\/\/eldigitaldeasturias.com\/magazine365\/wp-json\/wp\/v2\/posts"}],"about":[{"href":"https:\/\/eldigitaldeasturias.com\/magazine365\/wp-json\/wp\/v2\/types\/post"}],"author":[{"embeddable":true,"href":"https:\/\/eldigitaldeasturias.com\/magazine365\/wp-json\/wp\/v2\/users\/1"}],"replies":[{"embeddable":true,"href":"https:\/\/eldigitaldeasturias.com\/magazine365\/wp-json\/wp\/v2\/comments?post=13138"}],"version-history":[{"count":0,"href":"https:\/\/eldigitaldeasturias.com\/magazine365\/wp-json\/wp\/v2\/posts\/13138\/revisions"}],"wp:featuredmedia":[{"embeddable":true,"href":"https:\/\/eldigitaldeasturias.com\/magazine365\/wp-json\/wp\/v2\/media\/13139"}],"wp:attachment":[{"href":"https:\/\/eldigitaldeasturias.com\/magazine365\/wp-json\/wp\/v2\/media?parent=13138"}],"wp:term":[{"taxonomy":"category","embeddable":true,"href":"https:\/\/eldigitaldeasturias.com\/magazine365\/wp-json\/wp\/v2\/categories?post=13138"},{"taxonomy":"post_tag","embeddable":true,"href":"https:\/\/eldigitaldeasturias.com\/magazine365\/wp-json\/wp\/v2\/tags?post=13138"}],"curies":[{"name":"wp","href":"https:\/\/api.w.org\/{rel}","templated":true}]}}