{"id":13135,"date":"2014-05-18T19:40:37","date_gmt":"2014-05-18T21:40:37","guid":{"rendered":"http:\/\/eldigitaldeasturias.com\/magazine365\/?p=13135"},"modified":"2014-05-18T19:40:37","modified_gmt":"2014-05-18T21:40:37","slug":"harrison-ford-dice-que-esta-deseando-comenzar-el-rodaje-de-star-wars","status":"publish","type":"post","link":"https:\/\/eldigitaldeasturias.com\/magazine365\/harrison-ford-dice-que-esta-deseando-comenzar-el-rodaje-de-star-wars\/","title":{"rendered":"Harrison Ford dice que est\u00e1 deseando comenzar el rodaje de \u00abStar Wars\u00bb"},"content":{"rendered":"<p><img fetchpriority=\"high\" decoding=\"async\" class=\"alignleft size-medium wp-image-13136\" alt=\"6272232w\" src=\"https:\/\/eldigitaldeasturias.com\/magazine365\/wp-content\/uploads\/2014\/05\/6272232w-360x245.jpg\" width=\"360\" height=\"245\" srcset=\"https:\/\/eldigitaldeasturias.com\/magazine365\/wp-content\/uploads\/2014\/05\/6272232w-360x245.jpg 360w, https:\/\/eldigitaldeasturias.com\/magazine365\/wp-content\/uploads\/2014\/05\/6272232w-650x443.jpg 650w, https:\/\/eldigitaldeasturias.com\/magazine365\/wp-content\/uploads\/2014\/05\/6272232w-768x523.jpg 768w, https:\/\/eldigitaldeasturias.com\/magazine365\/wp-content\/uploads\/2014\/05\/6272232w-150x102.jpg 150w, https:\/\/eldigitaldeasturias.com\/magazine365\/wp-content\/uploads\/2014\/05\/6272232w-450x307.jpg 450w, https:\/\/eldigitaldeasturias.com\/magazine365\/wp-content\/uploads\/2014\/05\/6272232w-696x474.jpg 696w, https:\/\/eldigitaldeasturias.com\/magazine365\/wp-content\/uploads\/2014\/05\/6272232w-617x420.jpg 617w, https:\/\/eldigitaldeasturias.com\/magazine365\/wp-content\/uploads\/2014\/05\/6272232w.jpg 800w\" sizes=\"(max-width: 360px) 100vw, 360px\" \/>Cannes (Francia), 18 may (EFE).- Harrison Ford asegur\u00f3 hoy que est\u00e1 \u00abdeseando comenzar el rodaje\u00bb de la nueva entrega de \u00abStar Wars\u00bb (\u00abLa Guerra de las Galaxias\u00bb), que ser\u00e1 la s\u00e9ptima y en la que volver\u00e1 a encarnar a Hans Solo en una historia de la que poco se sabe.<\/p>\n<p>\u00abNo hemos empezado el rodaje todav\u00eda\u00bb, afirm\u00f3 Ford en Cannes, ciudad en la que hoy present\u00f3 \u00abLos Mercenarios 3\u00bb, al margen del festival de cine que se celebra estos d\u00edas.<\/p>\n<p>Muy parco en palabras, el actor se limit\u00f3 a se\u00f1alar sobre la saga gal\u00e1ctica, que cuenta con \u00abun gran gui\u00f3n\u00bb, un \u00abmaravilloso reparto\u00bb y al frente de todo J.J.Abrams.<\/p>\n<p>\u00abEstoy deseando hacerlo. Ser\u00e1 divertido\u00bb, dijo Ford, que agreg\u00f3 que \u00abhacer pel\u00edculas es realmente un gran trabajo y divertido\u00bb, tanto como lo ha sido el rodaje de \u00abLos Mercenarios 3\u00bb.<\/p>\n<p>El rodaje de \u00abStar Wars\u00bb empezar\u00e1 este mes en Londres y supone el regreso del tr\u00edo protagonista de la trilog\u00eda original: Ford, Carrie Fisher (la princesa Leia) y Mark Hamill (Luke Skywalker).<\/p>\n<p>Junto a ellos, se incorporan John Boyega, Daisy Ridley, Adam Driver, Andy Serkis, Domhnall Gleeson, el veterano Max von Sydow y el estadounidense de origen guatemalteco \u00d3scar Isaac (\u00abInside Llewyn Davis\u00bb).<\/p>\n<p>Este nuevo episodio, que llegar\u00e1 a las salas de cine en diciembre de 2015, ser\u00e1 la primera cinta producida por Disney desde que adquiri\u00f3, en octubre de 2012, los derechos de la empresa Lucasfilm, propietaria de la franquicia \u00abStar Wars\u00bb, entre otras.<\/p>\n<p>El gui\u00f3n de la nueva entrega est\u00e1 firmado por Lawrence Kasdan -que ya se encarg\u00f3 de las historias de \u00abEl imperio contraataca\u00bb y \u00abEl retorno del Jedi\u00bb- y el propio Abrams.<\/p>\n<p>Lo \u00fanico que se ha dicho oficialmente es que se desarrollar\u00e1 30 a\u00f1os despu\u00e9s de los sucesos acontecidos en \u00abEl retorno del jedi\u00bb.<\/p>\n","protected":false},"excerpt":{"rendered":"<p>Cannes (Francia), 18 may (EFE).- Harrison Ford asegur\u00f3 hoy que est\u00e1 \u00abdeseando comenzar el rodaje\u00bb de la nueva entrega de \u00abStar Wars\u00bb (\u00abLa Guerra de las Galaxias\u00bb), que ser\u00e1 la s\u00e9ptima y en la que volver\u00e1 a encarnar a Hans Solo en una historia de la que poco se sabe. \u00abNo hemos empezado el rodaje<\/p>\n","protected":false},"author":1,"featured_media":13136,"comment_status":"open","ping_status":"closed","sticky":false,"template":"","format":"standard","meta":{"footnotes":""},"categories":[224],"tags":[],"class_list":{"0":"post-13135","1":"post","2":"type-post","3":"status-publish","4":"format-standard","5":"has-post-thumbnail","7":"category-noticias-actualidad"},"aioseo_notices":[],"aioseo_head":"\n\t\t<!-- All in One SEO Pro 4.9.6.1 - aioseo.com -->\n\t<meta name=\"description\" content=\"Cannes (Francia), 18 may (EFE).- Harrison Ford asegur\u00f3 hoy que est\u00e1 &quot;deseando comenzar el rodaje&quot; de la nueva entrega de &quot;Star Wars&quot; (&quot;La Guerra de las Galaxias&quot;), que ser\u00e1 la s\u00e9ptima y en la que volver\u00e1 a encarnar a Hans Solo en una historia de la que poco se sabe. &quot;No hemos empezado el rodaje\" \/>\n\t<meta name=\"robots\" content=\"max-image-preview:large\" \/>\n\t<meta name=\"author\" content=\"admin\"\/>\n\t<meta name=\"google-site-verification\" content=\"UA-38556648-1\" \/>\n\t<meta name=\"keywords\" content=\"noticias y actualidad\" \/>\n\t<link rel=\"canonical\" href=\"https:\/\/eldigitaldeasturias.com\/magazine365\/harrison-ford-dice-que-esta-deseando-comenzar-el-rodaje-de-star-wars\/\" \/>\n\t<meta name=\"generator\" content=\"All in One SEO Pro (AIOSEO) 4.9.6.1\" \/>\n\t\t<meta property=\"og:locale\" content=\"es_ES\" \/>\n\t\t<meta property=\"og:site_name\" content=\"El Digital de Asturias \u2013 Revista de ocio, turismo y estilo de vida\" \/>\n\t\t<meta property=\"og:type\" content=\"article\" \/>\n\t\t<meta property=\"og:title\" content=\"Harrison Ford dice que est\u00e1 deseando comenzar el rodaje de \u00abStar Wars\u00bb | El Digital de Asturias\" \/>\n\t\t<meta property=\"og:description\" content=\"Cannes (Francia), 18 may (EFE).- Harrison Ford asegur\u00f3 hoy que est\u00e1 &quot;deseando comenzar el rodaje&quot; de la nueva entrega de &quot;Star Wars&quot; (&quot;La Guerra de las Galaxias&quot;), que ser\u00e1 la s\u00e9ptima y en la que volver\u00e1 a encarnar a Hans Solo en una historia de la que poco se sabe. &quot;No hemos empezado el rodaje\" \/>\n\t\t<meta property=\"og:url\" content=\"https:\/\/eldigitaldeasturias.com\/magazine365\/harrison-ford-dice-que-esta-deseando-comenzar-el-rodaje-de-star-wars\/\" \/>\n\t\t<meta property=\"og:image\" content=\"https:\/\/eldigitaldeasturias.com\/magazine365\/wp-content\/uploads\/2014\/05\/6272232w.jpg\" \/>\n\t\t<meta property=\"og:image:secure_url\" content=\"https:\/\/eldigitaldeasturias.com\/magazine365\/wp-content\/uploads\/2014\/05\/6272232w.jpg\" \/>\n\t\t<meta property=\"og:image:width\" content=\"800\" \/>\n\t\t<meta property=\"og:image:height\" content=\"545\" \/>\n\t\t<meta property=\"article:published_time\" content=\"2014-05-18T21:40:37+00:00\" \/>\n\t\t<meta property=\"article:modified_time\" content=\"2014-05-18T21:40:37+00:00\" \/>\n\t\t<meta name=\"twitter:card\" content=\"summary_large_image\" \/>\n\t\t<meta name=\"twitter:title\" content=\"Harrison Ford dice que est\u00e1 deseando comenzar el rodaje de \u00abStar Wars\u00bb | El Digital de Asturias\" \/>\n\t\t<meta name=\"twitter:description\" content=\"Cannes (Francia), 18 may (EFE).- Harrison Ford asegur\u00f3 hoy que est\u00e1 &quot;deseando comenzar el rodaje&quot; de la nueva entrega de &quot;Star Wars&quot; (&quot;La Guerra de las Galaxias&quot;), que ser\u00e1 la s\u00e9ptima y en la que volver\u00e1 a encarnar a Hans Solo en una historia de la que poco se sabe. &quot;No hemos empezado el rodaje\" \/>\n\t\t<meta name=\"twitter:image\" content=\"https:\/\/eldigitaldeasturias.com\/magazine365\/wp-content\/uploads\/2014\/05\/6272232w.jpg\" \/>\n\t\t<script type=\"application\/ld+json\" class=\"aioseo-schema\">\n\t\t\t{\"@context\":\"https:\\\/\\\/schema.org\",\"@graph\":[{\"@type\":\"Article\",\"@id\":\"https:\\\/\\\/eldigitaldeasturias.com\\\/magazine365\\\/harrison-ford-dice-que-esta-deseando-comenzar-el-rodaje-de-star-wars\\\/#article\",\"name\":\"Harrison Ford dice que est\\u00e1 deseando comenzar el rodaje de \\u00abStar Wars\\u00bb | El Digital de Asturias\",\"headline\":\"Harrison Ford dice que est\\u00e1 deseando comenzar el rodaje de \\u00abStar Wars\\u00bb\",\"author\":{\"@id\":\"https:\\\/\\\/eldigitaldeasturias.com\\\/magazine365\\\/author\\\/admin\\\/#author\"},\"publisher\":{\"@id\":\"https:\\\/\\\/eldigitaldeasturias.com\\\/magazine365\\\/#organization\"},\"image\":{\"@type\":\"ImageObject\",\"url\":\"https:\\\/\\\/eldigitaldeasturias.com\\\/magazine365\\\/wp-content\\\/uploads\\\/2014\\\/05\\\/6272232w.jpg\",\"width\":800,\"height\":545},\"datePublished\":\"2014-05-18T19:40:37+02:00\",\"dateModified\":\"2014-05-18T19:40:37+02:00\",\"inLanguage\":\"es-ES\",\"mainEntityOfPage\":{\"@id\":\"https:\\\/\\\/eldigitaldeasturias.com\\\/magazine365\\\/harrison-ford-dice-que-esta-deseando-comenzar-el-rodaje-de-star-wars\\\/#webpage\"},\"isPartOf\":{\"@id\":\"https:\\\/\\\/eldigitaldeasturias.com\\\/magazine365\\\/harrison-ford-dice-que-esta-deseando-comenzar-el-rodaje-de-star-wars\\\/#webpage\"},\"articleSection\":\"Noticias y Actualidad\"},{\"@type\":\"BreadcrumbList\",\"@id\":\"https:\\\/\\\/eldigitaldeasturias.com\\\/magazine365\\\/harrison-ford-dice-que-esta-deseando-comenzar-el-rodaje-de-star-wars\\\/#breadcrumblist\",\"itemListElement\":[{\"@type\":\"ListItem\",\"@id\":\"https:\\\/\\\/eldigitaldeasturias.com\\\/magazine365#listItem\",\"position\":1,\"name\":\"Home\",\"item\":\"https:\\\/\\\/eldigitaldeasturias.com\\\/magazine365\",\"nextItem\":{\"@type\":\"ListItem\",\"@id\":\"https:\\\/\\\/eldigitaldeasturias.com\\\/magazine365\\\/category\\\/noticias-actualidad\\\/#listItem\",\"name\":\"Noticias y Actualidad\"}},{\"@type\":\"ListItem\",\"@id\":\"https:\\\/\\\/eldigitaldeasturias.com\\\/magazine365\\\/category\\\/noticias-actualidad\\\/#listItem\",\"position\":2,\"name\":\"Noticias y Actualidad\",\"item\":\"https:\\\/\\\/eldigitaldeasturias.com\\\/magazine365\\\/category\\\/noticias-actualidad\\\/\",\"nextItem\":{\"@type\":\"ListItem\",\"@id\":\"https:\\\/\\\/eldigitaldeasturias.com\\\/magazine365\\\/harrison-ford-dice-que-esta-deseando-comenzar-el-rodaje-de-star-wars\\\/#listItem\",\"name\":\"Harrison Ford dice que est\\u00e1 deseando comenzar el rodaje de \\u00abStar Wars\\u00bb\"},\"previousItem\":{\"@type\":\"ListItem\",\"@id\":\"https:\\\/\\\/eldigitaldeasturias.com\\\/magazine365#listItem\",\"name\":\"Home\"}},{\"@type\":\"ListItem\",\"@id\":\"https:\\\/\\\/eldigitaldeasturias.com\\\/magazine365\\\/harrison-ford-dice-que-esta-deseando-comenzar-el-rodaje-de-star-wars\\\/#listItem\",\"position\":3,\"name\":\"Harrison Ford dice que est\\u00e1 deseando comenzar el rodaje de \\u00abStar Wars\\u00bb\",\"previousItem\":{\"@type\":\"ListItem\",\"@id\":\"https:\\\/\\\/eldigitaldeasturias.com\\\/magazine365\\\/category\\\/noticias-actualidad\\\/#listItem\",\"name\":\"Noticias y Actualidad\"}}]},{\"@type\":\"Organization\",\"@id\":\"https:\\\/\\\/eldigitaldeasturias.com\\\/magazine365\\\/#organization\",\"name\":\"El digital de Asturias\",\"description\":\"Revista de ocio, turismo y estilo de vida\",\"url\":\"https:\\\/\\\/eldigitaldeasturias.com\\\/magazine365\\\/\",\"logo\":{\"@type\":\"ImageObject\",\"url\":\"https:\\\/\\\/www.eldigitaldeasturias.com\\\/noticias\\\/wp-content\\\/uploads\\\/2020\\\/12\\\/EDA.jpg\",\"@id\":\"https:\\\/\\\/eldigitaldeasturias.com\\\/magazine365\\\/harrison-ford-dice-que-esta-deseando-comenzar-el-rodaje-de-star-wars\\\/#organizationLogo\"},\"image\":{\"@id\":\"https:\\\/\\\/eldigitaldeasturias.com\\\/magazine365\\\/harrison-ford-dice-que-esta-deseando-comenzar-el-rodaje-de-star-wars\\\/#organizationLogo\"}},{\"@type\":\"Person\",\"@id\":\"https:\\\/\\\/eldigitaldeasturias.com\\\/magazine365\\\/author\\\/admin\\\/#author\",\"url\":\"https:\\\/\\\/eldigitaldeasturias.com\\\/magazine365\\\/author\\\/admin\\\/\",\"name\":\"admin\",\"image\":{\"@type\":\"ImageObject\",\"@id\":\"https:\\\/\\\/eldigitaldeasturias.com\\\/magazine365\\\/harrison-ford-dice-que-esta-deseando-comenzar-el-rodaje-de-star-wars\\\/#authorImage\",\"url\":\"https:\\\/\\\/eldigitaldeasturias.com\\\/magazine365\\\/wp-content\\\/litespeed\\\/avatar\\\/e571bcf59a0edd6fa6838245a470f2fe.jpg?ver=1776969259\",\"width\":96,\"height\":96,\"caption\":\"admin\"}},{\"@type\":\"WebPage\",\"@id\":\"https:\\\/\\\/eldigitaldeasturias.com\\\/magazine365\\\/harrison-ford-dice-que-esta-deseando-comenzar-el-rodaje-de-star-wars\\\/#webpage\",\"url\":\"https:\\\/\\\/eldigitaldeasturias.com\\\/magazine365\\\/harrison-ford-dice-que-esta-deseando-comenzar-el-rodaje-de-star-wars\\\/\",\"name\":\"Harrison Ford dice que est\\u00e1 deseando comenzar el rodaje de \\u00abStar Wars\\u00bb | El Digital de Asturias\",\"description\":\"Cannes (Francia), 18 may (EFE).- Harrison Ford asegur\\u00f3 hoy que est\\u00e1 \\\"deseando comenzar el rodaje\\\" de la nueva entrega de \\\"Star Wars\\\" (\\\"La Guerra de las Galaxias\\\"), que ser\\u00e1 la s\\u00e9ptima y en la que volver\\u00e1 a encarnar a Hans Solo en una historia de la que poco se sabe. \\\"No hemos empezado el rodaje\",\"inLanguage\":\"es-ES\",\"isPartOf\":{\"@id\":\"https:\\\/\\\/eldigitaldeasturias.com\\\/magazine365\\\/#website\"},\"breadcrumb\":{\"@id\":\"https:\\\/\\\/eldigitaldeasturias.com\\\/magazine365\\\/harrison-ford-dice-que-esta-deseando-comenzar-el-rodaje-de-star-wars\\\/#breadcrumblist\"},\"author\":{\"@id\":\"https:\\\/\\\/eldigitaldeasturias.com\\\/magazine365\\\/author\\\/admin\\\/#author\"},\"creator\":{\"@id\":\"https:\\\/\\\/eldigitaldeasturias.com\\\/magazine365\\\/author\\\/admin\\\/#author\"},\"image\":{\"@type\":\"ImageObject\",\"url\":\"https:\\\/\\\/eldigitaldeasturias.com\\\/magazine365\\\/wp-content\\\/uploads\\\/2014\\\/05\\\/6272232w.jpg\",\"@id\":\"https:\\\/\\\/eldigitaldeasturias.com\\\/magazine365\\\/harrison-ford-dice-que-esta-deseando-comenzar-el-rodaje-de-star-wars\\\/#mainImage\",\"width\":800,\"height\":545},\"primaryImageOfPage\":{\"@id\":\"https:\\\/\\\/eldigitaldeasturias.com\\\/magazine365\\\/harrison-ford-dice-que-esta-deseando-comenzar-el-rodaje-de-star-wars\\\/#mainImage\"},\"datePublished\":\"2014-05-18T19:40:37+02:00\",\"dateModified\":\"2014-05-18T19:40:37+02:00\"},{\"@type\":\"WebSite\",\"@id\":\"https:\\\/\\\/eldigitaldeasturias.com\\\/magazine365\\\/#website\",\"url\":\"https:\\\/\\\/eldigitaldeasturias.com\\\/magazine365\\\/\",\"name\":\"El Digital de Asturias\",\"description\":\"Revista de ocio, turismo y estilo de vida\",\"inLanguage\":\"es-ES\",\"publisher\":{\"@id\":\"https:\\\/\\\/eldigitaldeasturias.com\\\/magazine365\\\/#organization\"}}]}\n\t\t<\/script>\n\t\t<!-- All in One SEO Pro -->\r\n\t\t<title>Harrison Ford dice que est\u00e1 deseando comenzar el rodaje de \u00abStar Wars\u00bb | El Digital de Asturias<\/title>\n\n","aioseo_head_json":{"title":"Harrison Ford dice que est\u00e1 deseando comenzar el rodaje de \u00abStar Wars\u00bb | El Digital de Asturias","description":"Cannes (Francia), 18 may (EFE).- Harrison Ford asegur\u00f3 hoy que est\u00e1 \"deseando comenzar el rodaje\" de la nueva entrega de \"Star Wars\" (\"La Guerra de las Galaxias\"), que ser\u00e1 la s\u00e9ptima y en la que volver\u00e1 a encarnar a Hans Solo en una historia de la que poco se sabe. \"No hemos empezado el rodaje","canonical_url":"https:\/\/eldigitaldeasturias.com\/magazine365\/harrison-ford-dice-que-esta-deseando-comenzar-el-rodaje-de-star-wars\/","robots":"max-image-preview:large","keywords":"noticias y actualidad","webmasterTools":{"google-site-verification":"UA-38556648-1","miscellaneous":""},"schema":{"@context":"https:\/\/schema.org","@graph":[{"@type":"Article","@id":"https:\/\/eldigitaldeasturias.com\/magazine365\/harrison-ford-dice-que-esta-deseando-comenzar-el-rodaje-de-star-wars\/#article","name":"Harrison Ford dice que est\u00e1 deseando comenzar el rodaje de \u00abStar Wars\u00bb | El Digital de Asturias","headline":"Harrison Ford dice que est\u00e1 deseando comenzar el rodaje de \u00abStar Wars\u00bb","author":{"@id":"https:\/\/eldigitaldeasturias.com\/magazine365\/author\/admin\/#author"},"publisher":{"@id":"https:\/\/eldigitaldeasturias.com\/magazine365\/#organization"},"image":{"@type":"ImageObject","url":"https:\/\/eldigitaldeasturias.com\/magazine365\/wp-content\/uploads\/2014\/05\/6272232w.jpg","width":800,"height":545},"datePublished":"2014-05-18T19:40:37+02:00","dateModified":"2014-05-18T19:40:37+02:00","inLanguage":"es-ES","mainEntityOfPage":{"@id":"https:\/\/eldigitaldeasturias.com\/magazine365\/harrison-ford-dice-que-esta-deseando-comenzar-el-rodaje-de-star-wars\/#webpage"},"isPartOf":{"@id":"https:\/\/eldigitaldeasturias.com\/magazine365\/harrison-ford-dice-que-esta-deseando-comenzar-el-rodaje-de-star-wars\/#webpage"},"articleSection":"Noticias y Actualidad"},{"@type":"BreadcrumbList","@id":"https:\/\/eldigitaldeasturias.com\/magazine365\/harrison-ford-dice-que-esta-deseando-comenzar-el-rodaje-de-star-wars\/#breadcrumblist","itemListElement":[{"@type":"ListItem","@id":"https:\/\/eldigitaldeasturias.com\/magazine365#listItem","position":1,"name":"Home","item":"https:\/\/eldigitaldeasturias.com\/magazine365","nextItem":{"@type":"ListItem","@id":"https:\/\/eldigitaldeasturias.com\/magazine365\/category\/noticias-actualidad\/#listItem","name":"Noticias y Actualidad"}},{"@type":"ListItem","@id":"https:\/\/eldigitaldeasturias.com\/magazine365\/category\/noticias-actualidad\/#listItem","position":2,"name":"Noticias y Actualidad","item":"https:\/\/eldigitaldeasturias.com\/magazine365\/category\/noticias-actualidad\/","nextItem":{"@type":"ListItem","@id":"https:\/\/eldigitaldeasturias.com\/magazine365\/harrison-ford-dice-que-esta-deseando-comenzar-el-rodaje-de-star-wars\/#listItem","name":"Harrison Ford dice que est\u00e1 deseando comenzar el rodaje de \u00abStar Wars\u00bb"},"previousItem":{"@type":"ListItem","@id":"https:\/\/eldigitaldeasturias.com\/magazine365#listItem","name":"Home"}},{"@type":"ListItem","@id":"https:\/\/eldigitaldeasturias.com\/magazine365\/harrison-ford-dice-que-esta-deseando-comenzar-el-rodaje-de-star-wars\/#listItem","position":3,"name":"Harrison Ford dice que est\u00e1 deseando comenzar el rodaje de \u00abStar Wars\u00bb","previousItem":{"@type":"ListItem","@id":"https:\/\/eldigitaldeasturias.com\/magazine365\/category\/noticias-actualidad\/#listItem","name":"Noticias y Actualidad"}}]},{"@type":"Organization","@id":"https:\/\/eldigitaldeasturias.com\/magazine365\/#organization","name":"El digital de Asturias","description":"Revista de ocio, turismo y estilo de vida","url":"https:\/\/eldigitaldeasturias.com\/magazine365\/","logo":{"@type":"ImageObject","url":"https:\/\/www.eldigitaldeasturias.com\/noticias\/wp-content\/uploads\/2020\/12\/EDA.jpg","@id":"https:\/\/eldigitaldeasturias.com\/magazine365\/harrison-ford-dice-que-esta-deseando-comenzar-el-rodaje-de-star-wars\/#organizationLogo"},"image":{"@id":"https:\/\/eldigitaldeasturias.com\/magazine365\/harrison-ford-dice-que-esta-deseando-comenzar-el-rodaje-de-star-wars\/#organizationLogo"}},{"@type":"Person","@id":"https:\/\/eldigitaldeasturias.com\/magazine365\/author\/admin\/#author","url":"https:\/\/eldigitaldeasturias.com\/magazine365\/author\/admin\/","name":"admin","image":{"@type":"ImageObject","@id":"https:\/\/eldigitaldeasturias.com\/magazine365\/harrison-ford-dice-que-esta-deseando-comenzar-el-rodaje-de-star-wars\/#authorImage","url":"https:\/\/eldigitaldeasturias.com\/magazine365\/wp-content\/litespeed\/avatar\/e571bcf59a0edd6fa6838245a470f2fe.jpg?ver=1776969259","width":96,"height":96,"caption":"admin"}},{"@type":"WebPage","@id":"https:\/\/eldigitaldeasturias.com\/magazine365\/harrison-ford-dice-que-esta-deseando-comenzar-el-rodaje-de-star-wars\/#webpage","url":"https:\/\/eldigitaldeasturias.com\/magazine365\/harrison-ford-dice-que-esta-deseando-comenzar-el-rodaje-de-star-wars\/","name":"Harrison Ford dice que est\u00e1 deseando comenzar el rodaje de \u00abStar Wars\u00bb | El Digital de Asturias","description":"Cannes (Francia), 18 may (EFE).- Harrison Ford asegur\u00f3 hoy que est\u00e1 \"deseando comenzar el rodaje\" de la nueva entrega de \"Star Wars\" (\"La Guerra de las Galaxias\"), que ser\u00e1 la s\u00e9ptima y en la que volver\u00e1 a encarnar a Hans Solo en una historia de la que poco se sabe. \"No hemos empezado el rodaje","inLanguage":"es-ES","isPartOf":{"@id":"https:\/\/eldigitaldeasturias.com\/magazine365\/#website"},"breadcrumb":{"@id":"https:\/\/eldigitaldeasturias.com\/magazine365\/harrison-ford-dice-que-esta-deseando-comenzar-el-rodaje-de-star-wars\/#breadcrumblist"},"author":{"@id":"https:\/\/eldigitaldeasturias.com\/magazine365\/author\/admin\/#author"},"creator":{"@id":"https:\/\/eldigitaldeasturias.com\/magazine365\/author\/admin\/#author"},"image":{"@type":"ImageObject","url":"https:\/\/eldigitaldeasturias.com\/magazine365\/wp-content\/uploads\/2014\/05\/6272232w.jpg","@id":"https:\/\/eldigitaldeasturias.com\/magazine365\/harrison-ford-dice-que-esta-deseando-comenzar-el-rodaje-de-star-wars\/#mainImage","width":800,"height":545},"primaryImageOfPage":{"@id":"https:\/\/eldigitaldeasturias.com\/magazine365\/harrison-ford-dice-que-esta-deseando-comenzar-el-rodaje-de-star-wars\/#mainImage"},"datePublished":"2014-05-18T19:40:37+02:00","dateModified":"2014-05-18T19:40:37+02:00"},{"@type":"WebSite","@id":"https:\/\/eldigitaldeasturias.com\/magazine365\/#website","url":"https:\/\/eldigitaldeasturias.com\/magazine365\/","name":"El Digital de Asturias","description":"Revista de ocio, turismo y estilo de vida","inLanguage":"es-ES","publisher":{"@id":"https:\/\/eldigitaldeasturias.com\/magazine365\/#organization"}}]},"og:locale":"es_ES","og:site_name":"El Digital de Asturias \u2013 Revista de ocio, turismo y estilo de vida","og:type":"article","og:title":"Harrison Ford dice que est\u00e1 deseando comenzar el rodaje de \u00abStar Wars\u00bb | El Digital de Asturias","og:description":"Cannes (Francia), 18 may (EFE).- Harrison Ford asegur\u00f3 hoy que est\u00e1 &quot;deseando comenzar el rodaje&quot; de la nueva entrega de &quot;Star Wars&quot; (&quot;La Guerra de las Galaxias&quot;), que ser\u00e1 la s\u00e9ptima y en la que volver\u00e1 a encarnar a Hans Solo en una historia de la que poco se sabe. &quot;No hemos empezado el rodaje","og:url":"https:\/\/eldigitaldeasturias.com\/magazine365\/harrison-ford-dice-que-esta-deseando-comenzar-el-rodaje-de-star-wars\/","og:image":"https:\/\/eldigitaldeasturias.com\/magazine365\/wp-content\/uploads\/2014\/05\/6272232w.jpg","og:image:secure_url":"https:\/\/eldigitaldeasturias.com\/magazine365\/wp-content\/uploads\/2014\/05\/6272232w.jpg","og:image:width":800,"og:image:height":545,"article:published_time":"2014-05-18T21:40:37+00:00","article:modified_time":"2014-05-18T21:40:37+00:00","twitter:card":"summary_large_image","twitter:title":"Harrison Ford dice que est\u00e1 deseando comenzar el rodaje de \u00abStar Wars\u00bb | El Digital de Asturias","twitter:description":"Cannes (Francia), 18 may (EFE).- Harrison Ford asegur\u00f3 hoy que est\u00e1 &quot;deseando comenzar el rodaje&quot; de la nueva entrega de &quot;Star Wars&quot; (&quot;La Guerra de las Galaxias&quot;), que ser\u00e1 la s\u00e9ptima y en la que volver\u00e1 a encarnar a Hans Solo en una historia de la que poco se sabe. &quot;No hemos empezado el rodaje","twitter:image":"https:\/\/eldigitaldeasturias.com\/magazine365\/wp-content\/uploads\/2014\/05\/6272232w.jpg"},"aioseo_meta_data":{"post_id":"13135","title":null,"description":null,"keywords":null,"keyphrases":null,"primary_term":null,"canonical_url":null,"og_title":null,"og_description":null,"og_object_type":"default","og_image_type":"default","og_image_url":null,"og_image_width":null,"og_image_height":null,"og_image_custom_url":null,"og_image_custom_fields":null,"og_video":null,"og_custom_url":null,"og_article_section":null,"og_article_tags":null,"twitter_use_og":false,"twitter_card":"default","twitter_image_type":"default","twitter_image_url":null,"twitter_image_custom_url":null,"twitter_image_custom_fields":null,"twitter_title":null,"twitter_description":null,"schema":{"blockGraphs":[],"customGraphs":[],"default":{"data":{"Article":[],"Course":[],"Dataset":[],"FAQPage":[],"Movie":[],"Person":[],"Product":[],"ProductReview":[],"Car":[],"Recipe":[],"Service":[],"SoftwareApplication":[],"WebPage":[]},"graphName":"","isEnabled":true},"graphs":[],"defaultGraph":"","defaultPostTypeGraph":""},"schema_type":null,"schema_type_options":null,"pillar_content":false,"robots_default":true,"robots_noindex":false,"robots_noarchive":false,"robots_nosnippet":false,"robots_nofollow":false,"robots_noimageindex":false,"robots_noodp":false,"robots_notranslate":false,"robots_max_snippet":null,"robots_max_videopreview":null,"robots_max_imagepreview":"large","priority":null,"frequency":null,"location":null,"local_seo":null,"seo_analyzer_scan_date":"2025-09-17 07:40:24","breadcrumb_settings":null,"limit_modified_date":false,"open_ai":null,"ai":null,"created":"2021-03-09 08:31:40","updated":"2025-09-17 07:40:24"},"aioseo_breadcrumb":"<div class=\"aioseo-breadcrumbs\"><span class=\"aioseo-breadcrumb\">\n\t<a href=\"https:\/\/eldigitaldeasturias.com\/magazine365\" title=\"Home\">Home<\/a>\n<\/span><span class=\"aioseo-breadcrumb-separator\">\u2013<\/span><span class=\"aioseo-breadcrumb\">\n\t<a href=\"https:\/\/eldigitaldeasturias.com\/magazine365\/category\/noticias-actualidad\/\" title=\"Noticias y Actualidad\">Noticias y Actualidad<\/a>\n<\/span><span class=\"aioseo-breadcrumb-separator\">\u2013<\/span><span class=\"aioseo-breadcrumb\">\n\t<a href=\"https:\/\/eldigitaldeasturias.com\/magazine365\/harrison-ford-dice-que-esta-deseando-comenzar-el-rodaje-de-star-wars\/\" title=\"Harrison Ford dice que est\u00e1 deseando comenzar el rodaje de \u00abStar Wars\u00bb\">Harrison Ford dice que est\u00e1 deseando comenzar el rodaje de \u00abStar Wars\u00bb<\/a>\n<\/span><\/div>","aioseo_breadcrumb_json":[{"label":"Home","link":"https:\/\/eldigitaldeasturias.com\/magazine365"},{"label":"Noticias y Actualidad","link":"https:\/\/eldigitaldeasturias.com\/magazine365\/category\/noticias-actualidad\/"},{"label":"Harrison Ford dice que est\u00e1 deseando comenzar el rodaje de \u00abStar Wars\u00bb","link":"https:\/\/eldigitaldeasturias.com\/magazine365\/harrison-ford-dice-que-esta-deseando-comenzar-el-rodaje-de-star-wars\/"}],"_links":{"self":[{"href":"https:\/\/eldigitaldeasturias.com\/magazine365\/wp-json\/wp\/v2\/posts\/13135","targetHints":{"allow":["GET"]}}],"collection":[{"href":"https:\/\/eldigitaldeasturias.com\/magazine365\/wp-json\/wp\/v2\/posts"}],"about":[{"href":"https:\/\/eldigitaldeasturias.com\/magazine365\/wp-json\/wp\/v2\/types\/post"}],"author":[{"embeddable":true,"href":"https:\/\/eldigitaldeasturias.com\/magazine365\/wp-json\/wp\/v2\/users\/1"}],"replies":[{"embeddable":true,"href":"https:\/\/eldigitaldeasturias.com\/magazine365\/wp-json\/wp\/v2\/comments?post=13135"}],"version-history":[{"count":0,"href":"https:\/\/eldigitaldeasturias.com\/magazine365\/wp-json\/wp\/v2\/posts\/13135\/revisions"}],"wp:featuredmedia":[{"embeddable":true,"href":"https:\/\/eldigitaldeasturias.com\/magazine365\/wp-json\/wp\/v2\/media\/13136"}],"wp:attachment":[{"href":"https:\/\/eldigitaldeasturias.com\/magazine365\/wp-json\/wp\/v2\/media?parent=13135"}],"wp:term":[{"taxonomy":"category","embeddable":true,"href":"https:\/\/eldigitaldeasturias.com\/magazine365\/wp-json\/wp\/v2\/categories?post=13135"},{"taxonomy":"post_tag","embeddable":true,"href":"https:\/\/eldigitaldeasturias.com\/magazine365\/wp-json\/wp\/v2\/tags?post=13135"}],"curies":[{"name":"wp","href":"https:\/\/api.w.org\/{rel}","templated":true}]}}