{"id":115,"date":"2013-12-29T00:15:43","date_gmt":"2013-12-29T01:15:43","guid":{"rendered":"http:\/\/eldigitaldeasturias.com\/magazine365\/?p=115"},"modified":"2016-11-10T21:42:13","modified_gmt":"2016-11-10T20:42:13","slug":"una-charla-con-silberius-de-ura-sobre-su-proyecto-musical","status":"publish","type":"post","link":"https:\/\/eldigitaldeasturias.com\/magazine365\/una-charla-con-silberius-de-ura-sobre-su-proyecto-musical\/","title":{"rendered":"Una charla con Silberius de Ura sobre su proyecto musical."},"content":{"rendered":"<p><img fetchpriority=\"high\" decoding=\"async\" class=\"alignleft size-medium wp-image-116\" src=\"https:\/\/eldigitaldeasturias.com\/magazine365\/wp-content\/uploads\/2013\/12\/Foto_Oficial_2000-300x225.jpg\" alt=\"Sergio Villaquir\u00e1n\" width=\"300\" height=\"225\" \/>Cuando cre\u00eda que nada podr\u00eda sorprenderme en cuanto a cuestiones musicales se refiere, \u201ccasualmente\u201d hace poco llego a m\u00ed un video de Ne\u00f8nymus, las sensaciones que me invadieron mientras escuchaba ese concierto en una mina de hierro en la Sierra de Atapuerca fueron tan m\u00e1gicas y agradables que tuve el irresistible de deseo de compartirlo con todos vosotros .<\/p>\n<p>A continuaci\u00f3n os ir\u00e9 presentando poco a poco a Silberius de Ura y su proyecto musical.<\/p>\n<p><strong><em>\u00bfQui\u00e9n es Ne\u00f8nymus? \u00bfQu\u00e9 significa el nombre?<\/em><\/strong><\/p>\n<p>Silberius: Yo definir\u00eda Ne\u00f8nymus como un singular proyecto de m\u00fasica vocal de Silberius de Ura, pero a d\u00eda de hoy, no s\u00e9 d\u00f3nde acaba Ne\u00f8nymus y donde empiezo yo.<\/p>\n<blockquote><p><strong><em>Creo que Ne\u00f8nymus es un escaparate de lo que llevo dentro, a nivel musical y espiritual.<\/em><\/strong><\/p><\/blockquote>\n<p>El nombre es una transformaci\u00f3n de \u201cne\u00f3nimo\u201d, que es un vocablo que usan los ling\u00fcistas para referirse a toda palabra que se ha creado con la intenci\u00f3n de parecer nueva. Y como yo quer\u00eda hacer un proyecto singular y novedoso, la us\u00e9, pero dot\u00e1ndola de la declinaci\u00f3n latina \u201c-us\u201d para conferirle un aspecto m\u00e1s antiguo, y la \u00f8 barrada que se usa en las lenguas escandinavas. Algo que sonase nuevo y antiguo, al mismo tiempo.<\/p>\n<p><strong><em>\u00bfDesde cu\u00e1ndo realizas tu m\u00fasica?<\/em><\/strong><\/p>\n<p>Silberius:\u00a0Llevo toda la vida tocando instrumentos y haciendo m\u00fasica de alg\u00fan tipo, pero fue hace tres a\u00f1os cuando decid\u00ed hacer m\u00fasica en solitario, de una forma m\u00e1s intensa. El primer a\u00f1o lo dediqu\u00e9 exclusivamente a pensar en c\u00f3mo quer\u00eda que fuese el proyecto, qu\u00e9 tipo de espect\u00e1culo, qu\u00e9 nombre, qu\u00e9 imagen y con qu\u00e9 expresiones o \u00e1nimo me gustar\u00eda que saliese el p\u00fablico al abandonar el auditorio. El segundo a\u00f1o lo dediqu\u00e9 a estudiar canto l\u00edrico, experimentar y componer, y este \u00faltimo a\u00f1o lo he pasado dando conciertos y conferencias.<\/p>\n<p><strong><em>\u00bfQu\u00e9 estilo de m\u00fasica\u00a0haces?<\/em><\/strong><\/p>\n<p>Silberius: Yo lo llamo \u201cpolifon\u00eda inefable\u201d, jajaja, porque realmente es canto polif\u00f3nico, pero dif\u00edcil de etiquetar. Uso la voz y algunos peque\u00f1os instrumentos, y mediante un pedal de loops, construyo en directo melod\u00edas y contrapuntos vocales, que tienden a evocar o trasladar al oyente a \u00e9pocas antiguas, desde una propuesta imaginativa. No se trata de una interpretaci\u00f3n de piezas musicales hist\u00f3ricas, sino de composiciones nuevas que pretenden despertar algunas emociones especiales en el oyente. Casi como la banda sonora de una pel\u00edcula.<\/p>\n<p><strong><em>\u00bfPor qu\u00e9 la m\u00fasica de Neonymus te lleva al paleol\u00edtico?<\/em><\/strong><\/p>\n<p>Silberius: Es cierto que algunos de los temas que interpreto tienen una gran capacidad de evocaci\u00f3n de lo Paleol\u00edtico, y a m\u00ed me gusta pensar que es porque el cerebro humano sigue teniendo almacenados en alg\u00fan rinc\u00f3n, aquellos sonidos de huesos golpeando, determinadas secuencias de notas y el timbre de las flautas hechas con huesos de animales&#8230; Al fin y al cabo, nuestros cuerpos y nuestros cerebros siguen siendo como los de aquellos ancestros nuestros, y aunque cada vez sabemos m\u00e1s sobre el cerebro, sigue teniendo muchos misterios para nosotros, especialmente en lo que se refiere a la m\u00fasica.<\/p>\n<p><strong><em>\u00bfQu\u00e9 instrumentos utilizas?<\/em><\/strong><\/p>\n<p>Silberius: Adem\u00e1s de la voz y del cuerpo como instrumento de percusi\u00f3n, uso una flauta de ala buitre, dos grandes huesos de b\u00f3vidos, silex y cuarcitas, bramaderas, una mel\u00f3dica, tubos de pl\u00e1stico, una flauta dulce, un peine, y otros peque\u00f1os objetos e instrumentos. Y tambi\u00e9n aparatos electr\u00f3nicos que me permiten manipular mi voz, e ir creando en directo distintas capas con melod\u00edas que canto o toco.<\/p>\n<p><strong><em>\u00bfCual es tu instrumento favorito?<\/em><\/strong><\/p>\n<p>Silberius: \u00a1El \u00f3rgano de tubos!, pero esto no puedo llevarlo a los conciertos, jajaja. De los instrumentos que uso en los conciertos, dir\u00e9 que la flauta de buitre, por lo que representa, y por su sonido.<\/p>\n<p><strong><em>\u00bfEn qu\u00e9 idiomas cantas?<\/em><\/strong><\/p>\n<p>Silberius: Exceptuando una canci\u00f3n que est\u00e1 en castellano, y otra que est\u00e1 en visigodo, el resto de los temas son palabras inventadas. Esto tiene una justificaci\u00f3n: si yo cantase en castellano, por ejemplo, el oyente (su cerebro) prestar\u00eda atenci\u00f3n al mensaje que estoy contando, e ignorar\u00eda gran parte de los detalles arm\u00f3nicos de la m\u00fasica que hago. El cerebro est\u00e1 programado para interceptar palabras que entiende, y cuando entiende una, focaliza su atenci\u00f3n en entender su significado y contexto, pero yo pretendo que con la m\u00fasica de Ne\u00f8nymus no sea necesario que el oyente comprenda el significado de las palabras, para que comprenda el significado de la canci\u00f3n.<\/p>\n<p><strong><em>\u00bfDonde sueles hacer tus conciertos?<\/em><\/strong><\/p>\n<p>Silberius: Principalmente, en lugares especiales: en cuevas, ermitas rom\u00e1nicas o visig\u00f3ticas, monasterios, iglesias&#8230; pero tambi\u00e9n en teatros y auditorios donde el p\u00fablico asistente pueda estar en un ambiente de recogimiento y sin elementos que puedan distraer su atenci\u00f3n del viaje sonoro y emocional en el que se va a sumergir. Si el lugar suena bien, que los lugares antiguos suenan siempre bien, si el cantor no ve afectada su concentraci\u00f3n y si el p\u00fablico se siente c\u00f3modo y relajado, la experiencia suele ser incre\u00edble.<\/p>\n<p><strong><em>\u00bfCu\u00e1l es el sitio m\u00e1s m\u00e1gico donde has tocado?<\/em><\/strong><\/p>\n<p>Silberius: Dir\u00e9 dos: la antigua sala capitular rom\u00e1nica, octogonal, del monasterio de Santo Domingo de Silos, que llevaba cientos de a\u00f1os sin ser utilizada, y la Bas\u00edlica Visig\u00f3tica de San Juan de Ba\u00f1os, en Palencia. \u00c9ste \u00faltimo, fue un concierto con una enorme energ\u00eda. \u00bfLa m\u00fasica puede influir en la percepci\u00f3n de los lugares? Sin duda. \u00bfY puede afectar a los propios lugares? Pues tambi\u00e9n lo creo, aunque no s\u00e9 dar una explicaci\u00f3n.<\/p>\n<p><strong><em>En el caso de la Bas\u00edlica Visig\u00f3tica de San Juan de Ba\u00f1os en Palencia, puedo dar fe de la calidad de la ac\u00fastica del lugar, por el a\u00f1o 2007 tuve la suerte de asistir all\u00ed a un concierto de arpa.<\/em><\/strong><br \/>\n<strong><em>Cu\u00e9ntanos entonces que tal fue la experiencia de grabar en el Monasterio de Silos.<\/em><\/strong><\/p>\n<p>Silberius: Verdaderamente impactante, y ya no s\u00f3lo por el hecho de estar una semana conviviendo con aquellos nobles monjes en tan singular monasterio y grabando de noche, sino tambi\u00e9n por la incre\u00edble ac\u00fastica de su iglesia. Cantar una peque\u00f1a frase, y que el sonido retorne envolvi\u00e9ndote desde todos los lugares, con todos los arm\u00f3nicos amplificados, es una experiencia que todo cantor o instrumentista ac\u00fastico desear\u00eda experimentar. Silos es uno de los lugares donde not\u00e9 esa sensaci\u00f3n de que la m\u00fasica puede afectar a los propios espacios o edificios.<\/p>\n<p>En unas semanas lanzaremos un documental donde se ve todo el proceso de grabaci\u00f3n en el propio monasterio, y en las cuevas prehist\u00f3ricas y bosques que lo rodean.<\/p>\n<p><strong><em>Pues estaremos expectantes a ese documental, tambi\u00e9n me gustar\u00eda que me nos contaras cual es el tema que has compuesto que m\u00e1s te llena.<\/em><\/strong><\/p>\n<p>Silberius: Posiblemente los tres movimientos del Funeral Visigodo. La carga emocional que tienen esas armon\u00edas, especialmente las del primer movimiento, creo que lo convierten en una pieza muy especial. Pero no puedo dejar de mencionar \u00abel fin del neandertal\u00bb, por la intenci\u00f3n que tiene, sus texturas y frases, y \u00abel lamento de Kristina H\u00e5konsdatter\u00bb.<\/p>\n<p><strong><em>Uno de tus temas \u00abEl Lamento de Cristina de Noruega\u201d&#8230;.cu\u00e9ntanos que une a Noruega y Covarrubias&#8230;y que inspiro el tema.<\/em><\/strong><\/p>\n<p>Yo vivo en un peque\u00f1o pueblo de Burgos, llamado Covarrubias. Y ah\u00ed est\u00e1 enterrada Kristina H\u00e5konsdatter, que fue hija del rey noruego Haakon Haakons\u00f8n, y vino a Castilla en el siglo XIII para casarse con un hermano del rey Alfonso X el Sabio. Muri\u00f3 a los tres a\u00f1os de su llegada, no se sabe si de pena, de una enfermedad o envenenada. Kristina es un formidable nexo de uni\u00f3n entre Noruega y Espa\u00f1a, y todos los a\u00f1os, la embajada de noruega trae a Covarrubias durante un fin de semana, a algunos de los mejores m\u00fasicos de aquel pa\u00eds. Ellos fueron una inspiraci\u00f3n para mi, a la hora de pensar en el proyecto ne\u00f8nymus (por eso la \u00ab\u00f8\u00bb barrada en el nombre, a modo de homenaje). Y Kristina, que siempre ha sido importante para m\u00ed, merec\u00eda una canci\u00f3n que expresase los m\u00e1s que probables miedos e incertidumbres que la atenazar\u00edan al iniciar aquel viaje desde T\u00f6nsberg.<\/p>\n<p><strong><em>Hablamos de tu cd\u00a0 , \u00bf d\u00f3nde y\u00a0 c\u00f3mo podemos encontrarlo?<\/em><\/strong><\/p>\n<p>Silberius: El CD es una pieza muy especial, y muy honesta. M\u00e1s que ser una recopilaci\u00f3n de 16 temas independientes, todos tienen una uni\u00f3n, y un relato que se inicia en lo profundo del ser humano, en la prehistoria y acaba con un mensaje&#8230; \u00abquedan diez segundos para despertar\u00bb. Es un poco lo que dec\u00eda al principio&#8230; yo no s\u00e9 d\u00f3nde acaba Ne\u00f8nymus y d\u00f3nde empiezo yo, porque el CD contiene mi propia filosof\u00eda de vida y mis reflexiones personales. De hecho, es la primera vez que siento que la m\u00fasica que estoy haciendo no tiene ning\u00fan otro fin, que el de convertir mis emociones \u00edntimas, en sonidos y armon\u00edas, para que otras personas puedan reconvertirlas en emociones. Quiz\u00e1 la m\u00fasica sea el mayor transmisor emocional que tenemos y nuestro paleocerebro, la parte m\u00e1s antigua de nuestro cerebro, tiene mucho que ver en esto.<br \/>\nTengo una web www.neonymus.com\u00a0 donde se cuentan algunas an\u00e9cdotas sobre el CD, y se explica d\u00f3nde conseguirlo. Est\u00e1 en iTunes, Amazon, Google Play y Spotify, pero si alguien quiere el CD f\u00edsico, en digipack, puede hacerme el pedido desde www.madeincova.com y se lo env\u00edo dedicado.<\/p>\n<p>Xanina, much\u00edsimas gracias por haberme dedicado este espacio en vuestro diario, y a los lectores por su atenci\u00f3n, y seguro que pronto estar\u00e9 por Asturias haciendo esta m\u00fasica en alg\u00fan lugar singular, que en vuestra maravillosa tierra hay muchos.<\/p>\n<p>Muchas gracias a ti Silberius por concedernos esta entrevista y sinceramente esperamos tenerte pronto por Asturias y disfrutar de un concierto tuyo en alg\u00fan lugar m\u00e1gico, te deseo grandes \u00e9xitos.<\/p>\n<p><strong><em>Y a nuestros lectores les animo a descubrir a Silberius y su m\u00fasica porque estoy segur\u00edsima de que os va a sorprender tanto como a m\u00ed.<\/em><\/strong><\/p>\n<p>Xanina.<\/p>\n","protected":false},"excerpt":{"rendered":"<p>Cuando cre\u00eda que nada podr\u00eda sorprenderme en cuanto a cuestiones musicales se refiere, \u201ccasualmente\u201d hace poco llego a m\u00ed un video de Ne\u00f8nymus, las sensaciones que me invadieron mientras escuchaba ese concierto en una mina de hierro en la Sierra de Atapuerca fueron tan m\u00e1gicas y agradables que tuve el irresistible de deseo de compartirlo<\/p>\n","protected":false},"author":1,"featured_media":116,"comment_status":"open","ping_status":"open","sticky":false,"template":"","format":"standard","meta":{"footnotes":""},"categories":[224],"tags":[],"class_list":{"0":"post-115","1":"post","2":"type-post","3":"status-publish","4":"format-standard","5":"has-post-thumbnail","7":"category-noticias-actualidad"},"aioseo_notices":[],"aioseo_head":"\n\t\t<!-- All in One SEO Pro 4.9.6.1 - aioseo.com -->\n\t<meta name=\"description\" content=\"Cuando cre\u00eda que nada podr\u00eda sorprenderme en cuanto a cuestiones musicales se refiere, \u201ccasualmente\u201d hace poco llego a m\u00ed un video de Ne\u00f8nymus, las sensaciones que me invadieron mientras escuchaba ese concierto en una mina de hierro en la Sierra de Atapuerca fueron tan m\u00e1gicas y agradables que tuve el irresistible de deseo de compartirlo\" \/>\n\t<meta name=\"robots\" content=\"max-image-preview:large\" \/>\n\t<meta name=\"author\" content=\"admin\"\/>\n\t<meta name=\"google-site-verification\" content=\"UA-38556648-1\" \/>\n\t<meta name=\"keywords\" content=\"noticias y actualidad\" \/>\n\t<link rel=\"canonical\" href=\"https:\/\/eldigitaldeasturias.com\/magazine365\/una-charla-con-silberius-de-ura-sobre-su-proyecto-musical\/\" \/>\n\t<meta name=\"generator\" content=\"All in One SEO Pro (AIOSEO) 4.9.6.1\" \/>\n\t\t<meta property=\"og:locale\" content=\"es_ES\" \/>\n\t\t<meta property=\"og:site_name\" content=\"El Digital de Asturias \u2013 Revista de ocio, turismo y estilo de vida\" \/>\n\t\t<meta property=\"og:type\" content=\"article\" \/>\n\t\t<meta property=\"og:title\" content=\"Una charla con Silberius de Ura sobre su proyecto musical. | El Digital de Asturias\" \/>\n\t\t<meta property=\"og:description\" content=\"Cuando cre\u00eda que nada podr\u00eda sorprenderme en cuanto a cuestiones musicales se refiere, \u201ccasualmente\u201d hace poco llego a m\u00ed un video de Ne\u00f8nymus, las sensaciones que me invadieron mientras escuchaba ese concierto en una mina de hierro en la Sierra de Atapuerca fueron tan m\u00e1gicas y agradables que tuve el irresistible de deseo de compartirlo\" \/>\n\t\t<meta property=\"og:url\" content=\"https:\/\/eldigitaldeasturias.com\/magazine365\/una-charla-con-silberius-de-ura-sobre-su-proyecto-musical\/\" \/>\n\t\t<meta property=\"og:image\" content=\"https:\/\/eldigitaldeasturias.com\/magazine365\/wp-content\/uploads\/2013\/12\/Foto_Oficial_2000.jpg\" \/>\n\t\t<meta property=\"og:image:secure_url\" content=\"https:\/\/eldigitaldeasturias.com\/magazine365\/wp-content\/uploads\/2013\/12\/Foto_Oficial_2000.jpg\" \/>\n\t\t<meta property=\"og:image:width\" content=\"2000\" \/>\n\t\t<meta property=\"og:image:height\" content=\"1500\" \/>\n\t\t<meta property=\"article:published_time\" content=\"2013-12-29T01:15:43+00:00\" \/>\n\t\t<meta property=\"article:modified_time\" content=\"2016-11-10T20:42:13+00:00\" \/>\n\t\t<meta name=\"twitter:card\" content=\"summary_large_image\" \/>\n\t\t<meta name=\"twitter:title\" content=\"Una charla con Silberius de Ura sobre su proyecto musical. | El Digital de Asturias\" \/>\n\t\t<meta name=\"twitter:description\" content=\"Cuando cre\u00eda que nada podr\u00eda sorprenderme en cuanto a cuestiones musicales se refiere, \u201ccasualmente\u201d hace poco llego a m\u00ed un video de Ne\u00f8nymus, las sensaciones que me invadieron mientras escuchaba ese concierto en una mina de hierro en la Sierra de Atapuerca fueron tan m\u00e1gicas y agradables que tuve el irresistible de deseo de compartirlo\" \/>\n\t\t<meta name=\"twitter:image\" content=\"https:\/\/eldigitaldeasturias.com\/magazine365\/wp-content\/uploads\/2013\/12\/Foto_Oficial_2000.jpg\" \/>\n\t\t<script type=\"application\/ld+json\" class=\"aioseo-schema\">\n\t\t\t{\"@context\":\"https:\\\/\\\/schema.org\",\"@graph\":[{\"@type\":\"Article\",\"@id\":\"https:\\\/\\\/eldigitaldeasturias.com\\\/magazine365\\\/una-charla-con-silberius-de-ura-sobre-su-proyecto-musical\\\/#article\",\"name\":\"Una charla con Silberius de Ura sobre su proyecto musical. | El Digital de Asturias\",\"headline\":\"Una charla con Silberius de Ura sobre su proyecto musical.\",\"author\":{\"@id\":\"https:\\\/\\\/eldigitaldeasturias.com\\\/magazine365\\\/author\\\/admin\\\/#author\"},\"publisher\":{\"@id\":\"https:\\\/\\\/eldigitaldeasturias.com\\\/magazine365\\\/#organization\"},\"image\":{\"@type\":\"ImageObject\",\"url\":\"https:\\\/\\\/eldigitaldeasturias.com\\\/magazine365\\\/wp-content\\\/uploads\\\/2013\\\/12\\\/Foto_Oficial_2000.jpg\",\"width\":2000,\"height\":1500},\"datePublished\":\"2013-12-29T00:15:43+01:00\",\"dateModified\":\"2016-11-10T21:42:13+01:00\",\"inLanguage\":\"es-ES\",\"mainEntityOfPage\":{\"@id\":\"https:\\\/\\\/eldigitaldeasturias.com\\\/magazine365\\\/una-charla-con-silberius-de-ura-sobre-su-proyecto-musical\\\/#webpage\"},\"isPartOf\":{\"@id\":\"https:\\\/\\\/eldigitaldeasturias.com\\\/magazine365\\\/una-charla-con-silberius-de-ura-sobre-su-proyecto-musical\\\/#webpage\"},\"articleSection\":\"Noticias y Actualidad\"},{\"@type\":\"BreadcrumbList\",\"@id\":\"https:\\\/\\\/eldigitaldeasturias.com\\\/magazine365\\\/una-charla-con-silberius-de-ura-sobre-su-proyecto-musical\\\/#breadcrumblist\",\"itemListElement\":[{\"@type\":\"ListItem\",\"@id\":\"https:\\\/\\\/eldigitaldeasturias.com\\\/magazine365#listItem\",\"position\":1,\"name\":\"Home\",\"item\":\"https:\\\/\\\/eldigitaldeasturias.com\\\/magazine365\",\"nextItem\":{\"@type\":\"ListItem\",\"@id\":\"https:\\\/\\\/eldigitaldeasturias.com\\\/magazine365\\\/category\\\/noticias-actualidad\\\/#listItem\",\"name\":\"Noticias y Actualidad\"}},{\"@type\":\"ListItem\",\"@id\":\"https:\\\/\\\/eldigitaldeasturias.com\\\/magazine365\\\/category\\\/noticias-actualidad\\\/#listItem\",\"position\":2,\"name\":\"Noticias y Actualidad\",\"item\":\"https:\\\/\\\/eldigitaldeasturias.com\\\/magazine365\\\/category\\\/noticias-actualidad\\\/\",\"nextItem\":{\"@type\":\"ListItem\",\"@id\":\"https:\\\/\\\/eldigitaldeasturias.com\\\/magazine365\\\/una-charla-con-silberius-de-ura-sobre-su-proyecto-musical\\\/#listItem\",\"name\":\"Una charla con Silberius de Ura sobre su proyecto musical.\"},\"previousItem\":{\"@type\":\"ListItem\",\"@id\":\"https:\\\/\\\/eldigitaldeasturias.com\\\/magazine365#listItem\",\"name\":\"Home\"}},{\"@type\":\"ListItem\",\"@id\":\"https:\\\/\\\/eldigitaldeasturias.com\\\/magazine365\\\/una-charla-con-silberius-de-ura-sobre-su-proyecto-musical\\\/#listItem\",\"position\":3,\"name\":\"Una charla con Silberius de Ura sobre su proyecto musical.\",\"previousItem\":{\"@type\":\"ListItem\",\"@id\":\"https:\\\/\\\/eldigitaldeasturias.com\\\/magazine365\\\/category\\\/noticias-actualidad\\\/#listItem\",\"name\":\"Noticias y Actualidad\"}}]},{\"@type\":\"Organization\",\"@id\":\"https:\\\/\\\/eldigitaldeasturias.com\\\/magazine365\\\/#organization\",\"name\":\"El digital de Asturias\",\"description\":\"Revista de ocio, turismo y estilo de vida\",\"url\":\"https:\\\/\\\/eldigitaldeasturias.com\\\/magazine365\\\/\",\"logo\":{\"@type\":\"ImageObject\",\"url\":\"https:\\\/\\\/www.eldigitaldeasturias.com\\\/noticias\\\/wp-content\\\/uploads\\\/2020\\\/12\\\/EDA.jpg\",\"@id\":\"https:\\\/\\\/eldigitaldeasturias.com\\\/magazine365\\\/una-charla-con-silberius-de-ura-sobre-su-proyecto-musical\\\/#organizationLogo\"},\"image\":{\"@id\":\"https:\\\/\\\/eldigitaldeasturias.com\\\/magazine365\\\/una-charla-con-silberius-de-ura-sobre-su-proyecto-musical\\\/#organizationLogo\"}},{\"@type\":\"Person\",\"@id\":\"https:\\\/\\\/eldigitaldeasturias.com\\\/magazine365\\\/author\\\/admin\\\/#author\",\"url\":\"https:\\\/\\\/eldigitaldeasturias.com\\\/magazine365\\\/author\\\/admin\\\/\",\"name\":\"admin\",\"image\":{\"@type\":\"ImageObject\",\"@id\":\"https:\\\/\\\/eldigitaldeasturias.com\\\/magazine365\\\/una-charla-con-silberius-de-ura-sobre-su-proyecto-musical\\\/#authorImage\",\"url\":\"https:\\\/\\\/eldigitaldeasturias.com\\\/magazine365\\\/wp-content\\\/litespeed\\\/avatar\\\/e571bcf59a0edd6fa6838245a470f2fe.jpg?ver=1776969259\",\"width\":96,\"height\":96,\"caption\":\"admin\"}},{\"@type\":\"WebPage\",\"@id\":\"https:\\\/\\\/eldigitaldeasturias.com\\\/magazine365\\\/una-charla-con-silberius-de-ura-sobre-su-proyecto-musical\\\/#webpage\",\"url\":\"https:\\\/\\\/eldigitaldeasturias.com\\\/magazine365\\\/una-charla-con-silberius-de-ura-sobre-su-proyecto-musical\\\/\",\"name\":\"Una charla con Silberius de Ura sobre su proyecto musical. | El Digital de Asturias\",\"description\":\"Cuando cre\\u00eda que nada podr\\u00eda sorprenderme en cuanto a cuestiones musicales se refiere, \\u201ccasualmente\\u201d hace poco llego a m\\u00ed un video de Ne\\u00f8nymus, las sensaciones que me invadieron mientras escuchaba ese concierto en una mina de hierro en la Sierra de Atapuerca fueron tan m\\u00e1gicas y agradables que tuve el irresistible de deseo de compartirlo\",\"inLanguage\":\"es-ES\",\"isPartOf\":{\"@id\":\"https:\\\/\\\/eldigitaldeasturias.com\\\/magazine365\\\/#website\"},\"breadcrumb\":{\"@id\":\"https:\\\/\\\/eldigitaldeasturias.com\\\/magazine365\\\/una-charla-con-silberius-de-ura-sobre-su-proyecto-musical\\\/#breadcrumblist\"},\"author\":{\"@id\":\"https:\\\/\\\/eldigitaldeasturias.com\\\/magazine365\\\/author\\\/admin\\\/#author\"},\"creator\":{\"@id\":\"https:\\\/\\\/eldigitaldeasturias.com\\\/magazine365\\\/author\\\/admin\\\/#author\"},\"image\":{\"@type\":\"ImageObject\",\"url\":\"https:\\\/\\\/eldigitaldeasturias.com\\\/magazine365\\\/wp-content\\\/uploads\\\/2013\\\/12\\\/Foto_Oficial_2000.jpg\",\"@id\":\"https:\\\/\\\/eldigitaldeasturias.com\\\/magazine365\\\/una-charla-con-silberius-de-ura-sobre-su-proyecto-musical\\\/#mainImage\",\"width\":2000,\"height\":1500},\"primaryImageOfPage\":{\"@id\":\"https:\\\/\\\/eldigitaldeasturias.com\\\/magazine365\\\/una-charla-con-silberius-de-ura-sobre-su-proyecto-musical\\\/#mainImage\"},\"datePublished\":\"2013-12-29T00:15:43+01:00\",\"dateModified\":\"2016-11-10T21:42:13+01:00\"},{\"@type\":\"WebSite\",\"@id\":\"https:\\\/\\\/eldigitaldeasturias.com\\\/magazine365\\\/#website\",\"url\":\"https:\\\/\\\/eldigitaldeasturias.com\\\/magazine365\\\/\",\"name\":\"El Digital de Asturias\",\"description\":\"Revista de ocio, turismo y estilo de vida\",\"inLanguage\":\"es-ES\",\"publisher\":{\"@id\":\"https:\\\/\\\/eldigitaldeasturias.com\\\/magazine365\\\/#organization\"}}]}\n\t\t<\/script>\n\t\t<!-- All in One SEO Pro -->\r\n\t\t<title>Una charla con Silberius de Ura sobre su proyecto musical. | El Digital de Asturias<\/title>\n\n","aioseo_head_json":{"title":"Una charla con Silberius de Ura sobre su proyecto musical. | El Digital de Asturias","description":"Cuando cre\u00eda que nada podr\u00eda sorprenderme en cuanto a cuestiones musicales se refiere, \u201ccasualmente\u201d hace poco llego a m\u00ed un video de Ne\u00f8nymus, las sensaciones que me invadieron mientras escuchaba ese concierto en una mina de hierro en la Sierra de Atapuerca fueron tan m\u00e1gicas y agradables que tuve el irresistible de deseo de compartirlo","canonical_url":"https:\/\/eldigitaldeasturias.com\/magazine365\/una-charla-con-silberius-de-ura-sobre-su-proyecto-musical\/","robots":"max-image-preview:large","keywords":"noticias y actualidad","webmasterTools":{"google-site-verification":"UA-38556648-1","miscellaneous":""},"schema":{"@context":"https:\/\/schema.org","@graph":[{"@type":"Article","@id":"https:\/\/eldigitaldeasturias.com\/magazine365\/una-charla-con-silberius-de-ura-sobre-su-proyecto-musical\/#article","name":"Una charla con Silberius de Ura sobre su proyecto musical. | El Digital de Asturias","headline":"Una charla con Silberius de Ura sobre su proyecto musical.","author":{"@id":"https:\/\/eldigitaldeasturias.com\/magazine365\/author\/admin\/#author"},"publisher":{"@id":"https:\/\/eldigitaldeasturias.com\/magazine365\/#organization"},"image":{"@type":"ImageObject","url":"https:\/\/eldigitaldeasturias.com\/magazine365\/wp-content\/uploads\/2013\/12\/Foto_Oficial_2000.jpg","width":2000,"height":1500},"datePublished":"2013-12-29T00:15:43+01:00","dateModified":"2016-11-10T21:42:13+01:00","inLanguage":"es-ES","mainEntityOfPage":{"@id":"https:\/\/eldigitaldeasturias.com\/magazine365\/una-charla-con-silberius-de-ura-sobre-su-proyecto-musical\/#webpage"},"isPartOf":{"@id":"https:\/\/eldigitaldeasturias.com\/magazine365\/una-charla-con-silberius-de-ura-sobre-su-proyecto-musical\/#webpage"},"articleSection":"Noticias y Actualidad"},{"@type":"BreadcrumbList","@id":"https:\/\/eldigitaldeasturias.com\/magazine365\/una-charla-con-silberius-de-ura-sobre-su-proyecto-musical\/#breadcrumblist","itemListElement":[{"@type":"ListItem","@id":"https:\/\/eldigitaldeasturias.com\/magazine365#listItem","position":1,"name":"Home","item":"https:\/\/eldigitaldeasturias.com\/magazine365","nextItem":{"@type":"ListItem","@id":"https:\/\/eldigitaldeasturias.com\/magazine365\/category\/noticias-actualidad\/#listItem","name":"Noticias y Actualidad"}},{"@type":"ListItem","@id":"https:\/\/eldigitaldeasturias.com\/magazine365\/category\/noticias-actualidad\/#listItem","position":2,"name":"Noticias y Actualidad","item":"https:\/\/eldigitaldeasturias.com\/magazine365\/category\/noticias-actualidad\/","nextItem":{"@type":"ListItem","@id":"https:\/\/eldigitaldeasturias.com\/magazine365\/una-charla-con-silberius-de-ura-sobre-su-proyecto-musical\/#listItem","name":"Una charla con Silberius de Ura sobre su proyecto musical."},"previousItem":{"@type":"ListItem","@id":"https:\/\/eldigitaldeasturias.com\/magazine365#listItem","name":"Home"}},{"@type":"ListItem","@id":"https:\/\/eldigitaldeasturias.com\/magazine365\/una-charla-con-silberius-de-ura-sobre-su-proyecto-musical\/#listItem","position":3,"name":"Una charla con Silberius de Ura sobre su proyecto musical.","previousItem":{"@type":"ListItem","@id":"https:\/\/eldigitaldeasturias.com\/magazine365\/category\/noticias-actualidad\/#listItem","name":"Noticias y Actualidad"}}]},{"@type":"Organization","@id":"https:\/\/eldigitaldeasturias.com\/magazine365\/#organization","name":"El digital de Asturias","description":"Revista de ocio, turismo y estilo de vida","url":"https:\/\/eldigitaldeasturias.com\/magazine365\/","logo":{"@type":"ImageObject","url":"https:\/\/www.eldigitaldeasturias.com\/noticias\/wp-content\/uploads\/2020\/12\/EDA.jpg","@id":"https:\/\/eldigitaldeasturias.com\/magazine365\/una-charla-con-silberius-de-ura-sobre-su-proyecto-musical\/#organizationLogo"},"image":{"@id":"https:\/\/eldigitaldeasturias.com\/magazine365\/una-charla-con-silberius-de-ura-sobre-su-proyecto-musical\/#organizationLogo"}},{"@type":"Person","@id":"https:\/\/eldigitaldeasturias.com\/magazine365\/author\/admin\/#author","url":"https:\/\/eldigitaldeasturias.com\/magazine365\/author\/admin\/","name":"admin","image":{"@type":"ImageObject","@id":"https:\/\/eldigitaldeasturias.com\/magazine365\/una-charla-con-silberius-de-ura-sobre-su-proyecto-musical\/#authorImage","url":"https:\/\/eldigitaldeasturias.com\/magazine365\/wp-content\/litespeed\/avatar\/e571bcf59a0edd6fa6838245a470f2fe.jpg?ver=1776969259","width":96,"height":96,"caption":"admin"}},{"@type":"WebPage","@id":"https:\/\/eldigitaldeasturias.com\/magazine365\/una-charla-con-silberius-de-ura-sobre-su-proyecto-musical\/#webpage","url":"https:\/\/eldigitaldeasturias.com\/magazine365\/una-charla-con-silberius-de-ura-sobre-su-proyecto-musical\/","name":"Una charla con Silberius de Ura sobre su proyecto musical. | El Digital de Asturias","description":"Cuando cre\u00eda que nada podr\u00eda sorprenderme en cuanto a cuestiones musicales se refiere, \u201ccasualmente\u201d hace poco llego a m\u00ed un video de Ne\u00f8nymus, las sensaciones que me invadieron mientras escuchaba ese concierto en una mina de hierro en la Sierra de Atapuerca fueron tan m\u00e1gicas y agradables que tuve el irresistible de deseo de compartirlo","inLanguage":"es-ES","isPartOf":{"@id":"https:\/\/eldigitaldeasturias.com\/magazine365\/#website"},"breadcrumb":{"@id":"https:\/\/eldigitaldeasturias.com\/magazine365\/una-charla-con-silberius-de-ura-sobre-su-proyecto-musical\/#breadcrumblist"},"author":{"@id":"https:\/\/eldigitaldeasturias.com\/magazine365\/author\/admin\/#author"},"creator":{"@id":"https:\/\/eldigitaldeasturias.com\/magazine365\/author\/admin\/#author"},"image":{"@type":"ImageObject","url":"https:\/\/eldigitaldeasturias.com\/magazine365\/wp-content\/uploads\/2013\/12\/Foto_Oficial_2000.jpg","@id":"https:\/\/eldigitaldeasturias.com\/magazine365\/una-charla-con-silberius-de-ura-sobre-su-proyecto-musical\/#mainImage","width":2000,"height":1500},"primaryImageOfPage":{"@id":"https:\/\/eldigitaldeasturias.com\/magazine365\/una-charla-con-silberius-de-ura-sobre-su-proyecto-musical\/#mainImage"},"datePublished":"2013-12-29T00:15:43+01:00","dateModified":"2016-11-10T21:42:13+01:00"},{"@type":"WebSite","@id":"https:\/\/eldigitaldeasturias.com\/magazine365\/#website","url":"https:\/\/eldigitaldeasturias.com\/magazine365\/","name":"El Digital de Asturias","description":"Revista de ocio, turismo y estilo de vida","inLanguage":"es-ES","publisher":{"@id":"https:\/\/eldigitaldeasturias.com\/magazine365\/#organization"}}]},"og:locale":"es_ES","og:site_name":"El Digital de Asturias \u2013 Revista de ocio, turismo y estilo de vida","og:type":"article","og:title":"Una charla con Silberius de Ura sobre su proyecto musical. | El Digital de Asturias","og:description":"Cuando cre\u00eda que nada podr\u00eda sorprenderme en cuanto a cuestiones musicales se refiere, \u201ccasualmente\u201d hace poco llego a m\u00ed un video de Ne\u00f8nymus, las sensaciones que me invadieron mientras escuchaba ese concierto en una mina de hierro en la Sierra de Atapuerca fueron tan m\u00e1gicas y agradables que tuve el irresistible de deseo de compartirlo","og:url":"https:\/\/eldigitaldeasturias.com\/magazine365\/una-charla-con-silberius-de-ura-sobre-su-proyecto-musical\/","og:image":"https:\/\/eldigitaldeasturias.com\/magazine365\/wp-content\/uploads\/2013\/12\/Foto_Oficial_2000.jpg","og:image:secure_url":"https:\/\/eldigitaldeasturias.com\/magazine365\/wp-content\/uploads\/2013\/12\/Foto_Oficial_2000.jpg","og:image:width":2000,"og:image:height":1500,"article:published_time":"2013-12-29T01:15:43+00:00","article:modified_time":"2016-11-10T20:42:13+00:00","twitter:card":"summary_large_image","twitter:title":"Una charla con Silberius de Ura sobre su proyecto musical. | El Digital de Asturias","twitter:description":"Cuando cre\u00eda que nada podr\u00eda sorprenderme en cuanto a cuestiones musicales se refiere, \u201ccasualmente\u201d hace poco llego a m\u00ed un video de Ne\u00f8nymus, las sensaciones que me invadieron mientras escuchaba ese concierto en una mina de hierro en la Sierra de Atapuerca fueron tan m\u00e1gicas y agradables que tuve el irresistible de deseo de compartirlo","twitter:image":"https:\/\/eldigitaldeasturias.com\/magazine365\/wp-content\/uploads\/2013\/12\/Foto_Oficial_2000.jpg"},"aioseo_meta_data":{"post_id":"115","title":null,"description":null,"keywords":null,"keyphrases":null,"primary_term":null,"canonical_url":null,"og_title":null,"og_description":null,"og_object_type":"default","og_image_type":"default","og_image_url":null,"og_image_width":null,"og_image_height":null,"og_image_custom_url":null,"og_image_custom_fields":null,"og_video":null,"og_custom_url":null,"og_article_section":null,"og_article_tags":null,"twitter_use_og":false,"twitter_card":"default","twitter_image_type":"default","twitter_image_url":null,"twitter_image_custom_url":null,"twitter_image_custom_fields":null,"twitter_title":null,"twitter_description":null,"schema":{"blockGraphs":[],"customGraphs":[],"default":{"data":{"Article":[],"Course":[],"Dataset":[],"FAQPage":[],"Movie":[],"Person":[],"Product":[],"ProductReview":[],"Car":[],"Recipe":[],"Service":[],"SoftwareApplication":[],"WebPage":[]},"graphName":"","isEnabled":true},"graphs":[],"defaultGraph":"","defaultPostTypeGraph":""},"schema_type":null,"schema_type_options":null,"pillar_content":false,"robots_default":true,"robots_noindex":false,"robots_noarchive":false,"robots_nosnippet":false,"robots_nofollow":false,"robots_noimageindex":false,"robots_noodp":false,"robots_notranslate":false,"robots_max_snippet":null,"robots_max_videopreview":null,"robots_max_imagepreview":"large","priority":null,"frequency":null,"location":null,"local_seo":null,"seo_analyzer_scan_date":"2025-09-16 07:08:00","breadcrumb_settings":null,"limit_modified_date":false,"open_ai":null,"ai":null,"created":"2020-12-21 13:32:36","updated":"2025-09-16 07:08:00"},"aioseo_breadcrumb":"<div class=\"aioseo-breadcrumbs\"><span class=\"aioseo-breadcrumb\">\n\t<a href=\"https:\/\/eldigitaldeasturias.com\/magazine365\" title=\"Home\">Home<\/a>\n<\/span><span class=\"aioseo-breadcrumb-separator\">\u2013<\/span><span class=\"aioseo-breadcrumb\">\n\t<a href=\"https:\/\/eldigitaldeasturias.com\/magazine365\/category\/noticias-actualidad\/\" title=\"Noticias y Actualidad\">Noticias y Actualidad<\/a>\n<\/span><span class=\"aioseo-breadcrumb-separator\">\u2013<\/span><span class=\"aioseo-breadcrumb\">\n\t<a href=\"https:\/\/eldigitaldeasturias.com\/magazine365\/una-charla-con-silberius-de-ura-sobre-su-proyecto-musical\/\" title=\"Una charla con Silberius de Ura sobre su proyecto musical.\">Una charla con Silberius de Ura sobre su proyecto musical.<\/a>\n<\/span><\/div>","aioseo_breadcrumb_json":[{"label":"Home","link":"https:\/\/eldigitaldeasturias.com\/magazine365"},{"label":"Noticias y Actualidad","link":"https:\/\/eldigitaldeasturias.com\/magazine365\/category\/noticias-actualidad\/"},{"label":"Una charla con Silberius de Ura sobre su proyecto musical.","link":"https:\/\/eldigitaldeasturias.com\/magazine365\/una-charla-con-silberius-de-ura-sobre-su-proyecto-musical\/"}],"_links":{"self":[{"href":"https:\/\/eldigitaldeasturias.com\/magazine365\/wp-json\/wp\/v2\/posts\/115","targetHints":{"allow":["GET"]}}],"collection":[{"href":"https:\/\/eldigitaldeasturias.com\/magazine365\/wp-json\/wp\/v2\/posts"}],"about":[{"href":"https:\/\/eldigitaldeasturias.com\/magazine365\/wp-json\/wp\/v2\/types\/post"}],"author":[{"embeddable":true,"href":"https:\/\/eldigitaldeasturias.com\/magazine365\/wp-json\/wp\/v2\/users\/1"}],"replies":[{"embeddable":true,"href":"https:\/\/eldigitaldeasturias.com\/magazine365\/wp-json\/wp\/v2\/comments?post=115"}],"version-history":[{"count":0,"href":"https:\/\/eldigitaldeasturias.com\/magazine365\/wp-json\/wp\/v2\/posts\/115\/revisions"}],"wp:featuredmedia":[{"embeddable":true,"href":"https:\/\/eldigitaldeasturias.com\/magazine365\/wp-json\/wp\/v2\/media\/116"}],"wp:attachment":[{"href":"https:\/\/eldigitaldeasturias.com\/magazine365\/wp-json\/wp\/v2\/media?parent=115"}],"wp:term":[{"taxonomy":"category","embeddable":true,"href":"https:\/\/eldigitaldeasturias.com\/magazine365\/wp-json\/wp\/v2\/categories?post=115"},{"taxonomy":"post_tag","embeddable":true,"href":"https:\/\/eldigitaldeasturias.com\/magazine365\/wp-json\/wp\/v2\/tags?post=115"}],"curies":[{"name":"wp","href":"https:\/\/api.w.org\/{rel}","templated":true}]}}